{"id":40609,"date":"2021-01-02T19:00:47","date_gmt":"2021-01-02T18:00:47","guid":{"rendered":"https:\/\/wobronietradycjiiwiary.com\/?p=40609"},"modified":"2025-02-07T16:00:09","modified_gmt":"2025-02-07T15:00:09","slug":"proprium-missae-najswietszego-imienia-jezus-sanctissimi-nominis-jesu-4","status":"publish","type":"post","link":"https:\/\/wobronietradycjiiwiary.com\/pl\/proprium-missae-najswietszego-imienia-jezus-sanctissimi-nominis-jesu-4\/","title":{"rendered":"Proprium missae &#8211; Naj\u015bwi\u0119tszego Imienia Jezus &#8211; Sanctissimi Nominis Jesu"},"content":{"rendered":"<div id=\"bsf_rt_marker\"><\/div><hr \/>\n<pre style=\"text-align: center;\"><span style=\"text-decoration: underline; color: #0000ff;\"><strong><a style=\"color: #0000ff; text-decoration: underline;\" href=\"http:\/\/divinumofficium.com\/cgi-bin\/missa\/missa.pl?date=01-02-2019&amp;lang2=Polski\">Divinum Officium - Sancta Missa<\/a>\n<a href=\"http:\/\/www.albert.pulawy.pl\/calendarium\/\"><span style=\"color: #0000ff; text-decoration: underline;\">Kalendarz Liturgiczny Zwyczajnej i Nadzwyczajnej Formy Rytu Rzymskiego<\/span><\/a><\/strong><\/span><\/pre>\n<hr \/>\n<p><\/p>\n<p><span class=\"embed-youtube\" style=\"text-align:center; display: block;\"><iframe class=\"youtube-player\" width=\"580\" height=\"327\" src=\"https:\/\/www.youtube.com\/embed\/0tcg8K3g4PA?version=3&#038;rel=1&#038;showsearch=0&#038;showinfo=1&#038;iv_load_policy=1&#038;fs=1&#038;hl=pl-PL&#038;autohide=2&#038;wmode=transparent\" allowfullscreen=\"true\" style=\"border:0;\" sandbox=\"allow-scripts allow-same-origin allow-popups allow-presentation allow-popups-to-escape-sandbox\"><\/iframe><\/span><\/p>\n<table>\n<tbody>\n<tr>\n<td colspan=\"2\" width=\"614\"><strong><em>INTROITUS<\/em><\/strong><\/td>\n<\/tr>\n<tr>\n<td width=\"307\"><em>Phil 2:10-11<\/em><br \/><strong><em>I<\/em><\/strong>n n\u00f3mine Iesu omne genu flect\u00e1tur, coel\u00e9stium, terr\u00e9strium et infern\u00f3rum: et omnis lingua confite\u00e1tur, quia D\u00f3minus Iesus Christus in gl\u00f3ria est Dei Patris<em>Ps 8:2.<\/em><br \/>D\u00f3mine, D\u00f3minus noster, quam admir\u00e1bile est nomen tuum in univ\u00e9rsa terra!<br \/><em>V.<\/em> Gl\u00f3ria Patri, et F\u00edlio, et Spir\u00edtui Sancto.<br \/><em>R.<\/em> Sicut erat in princ\u00edpio, et nunc, et semper, et in saecula saecul\u00f3rum. Amen\n<p>\u00a0<\/p>\n<p><em>Phil 2:10-11<\/em><br \/><strong><em>I<\/em><\/strong>n n\u00f3mine Iesu omne genu flect\u00e1tur, coel\u00e9stium, terr\u00e9strium et infern\u00f3rum: et omnis lingua confite\u00e1tur, quia D\u00f3minus Iesus Christus in gl\u00f3ria est Dei Patris<\/p>\n<\/td>\n<td width=\"307\"><em>Flp 2:10-11<\/em><br \/><strong><em>N<\/em><\/strong>a imi\u0119 Jezusa niechaj si\u0119 zgina wszelkie kolano mieszka\u0144c\u00f3w nieba, ziemi i podziemia: i wszelki j\u0119zyk niech wyznaje, \u017ce Jezus Chrystus jest Panem w chwale Boga Ojca.<em>Ps 8:2<\/em><br \/>O Panie, Panie nasz, jak przedziwne Twe imi\u0119 po wszystkiej ziemi.<br \/><em>V.<\/em> Chwa\u0142a Ojcu, i Synowi i Duchowi \u015awi\u0119temu.<br \/><em>R.<\/em> Jak by\u0142a na pocz\u0105tku, teraz i zawsze i na wieki wiek\u00f3w. Amen.\n<p>\u00a0<\/p>\n<p><em>Flp 2:10-11<\/em><br \/><strong><em>N<\/em><\/strong>a imi\u0119 Jezusa niechaj si\u0119 zgina wszelkie kolano mieszka\u0144c\u00f3w nieba, ziemi i podziemia: i wszelki j\u0119zyk niech wyznaje, \u017ce Jezus Chrystus jest Panem w chwale Boga Ojca.<\/p>\n<\/td>\n<\/tr>\n<\/tbody>\n<\/table>\n<p><\/p>\n<p><span class=\"embed-youtube\" style=\"text-align:center; display: block;\"><iframe class=\"youtube-player\" width=\"580\" height=\"327\" src=\"https:\/\/www.youtube.com\/embed\/NFAYtdlcSb8?version=3&#038;rel=1&#038;showsearch=0&#038;showinfo=1&#038;iv_load_policy=1&#038;fs=1&#038;hl=pl-PL&#038;autohide=2&#038;wmode=transparent\" allowfullscreen=\"true\" style=\"border:0;\" sandbox=\"allow-scripts allow-same-origin allow-popups allow-presentation allow-popups-to-escape-sandbox\"><\/iframe><\/span><\/p>\n<table>\n<tbody>\n<tr>\n<td colspan=\"2\" width=\"614\"><strong><em>GRADUALE<\/em><\/strong><\/td>\n<\/tr>\n<tr>\n<td width=\"307\"><em>Ps 105:47<\/em><br \/>Salvos fac nos, D\u00f3mine, Deus noster, et c\u00f3ngrega nos de nati\u00f3nibus: ut confite\u00e1mur n\u00f3mini sancto tuo, et glori\u00e9mur in gl\u00f3ria tua.<em>Isa 63:16<\/em><br \/>Tu, D\u00f3mine, Pater noster et Red\u00e9mptor noster: a saeculo nomen tuum.<\/td>\n<td width=\"307\"><em>Ps 105:47<\/em><br \/>Ratuj nas Panie nasz Bo\u017ce, zgromad\u017a nas z kraj\u00f3w poga\u0144skich, aby\u015bmy wielbili \u015bwi\u0119te imi\u0119 Twoje i dumni byli z Twej chwa\u0142y.<em>Iz 63:16<\/em><br \/>Ty, Panie jeste\u015b Ojcem naszym i Odkupicielem naszym, od wiek\u00f3w imi\u0119 Twoje.<\/td>\n<\/tr>\n<\/tbody>\n<\/table>\n<p><\/p>\n<p><span class=\"embed-youtube\" style=\"text-align:center; display: block;\"><iframe class=\"youtube-player\" width=\"580\" height=\"327\" src=\"https:\/\/www.youtube.com\/embed\/lSvIj-7Hksw?version=3&#038;rel=1&#038;showsearch=0&#038;showinfo=1&#038;iv_load_policy=1&#038;fs=1&#038;hl=pl-PL&#038;autohide=2&#038;wmode=transparent\" allowfullscreen=\"true\" style=\"border:0;\" sandbox=\"allow-scripts allow-same-origin allow-popups allow-presentation allow-popups-to-escape-sandbox\"><\/iframe><\/span><\/p>\n<table>\n<tbody>\n<tr>\n<td colspan=\"2\" width=\"614\"><strong><em>ALLELUIA<\/em><\/strong><\/td>\n<\/tr>\n<tr>\n<td width=\"307\">Allel\u00faia, allel\u00faia<br \/><em>Ps 144:21<\/em><br \/>Laudem D\u00f3mini loqu\u00e9tur os meum, et bened\u00edcat omnis caro nomen sanctum eius. Allel\u00faia.<\/td>\n<td width=\"307\">Alleluja, alleluja.<br \/><em>Ps 144:21<\/em><br \/>Chwa\u0142\u0119 Pa\u0144sk\u0105 niech g\u0142osz\u0105 me usta, a wszelkie cia\u0142o niech b\u0142ogos\u0142awi Jego \u015bwi\u0119te imi\u0119. Alleluja.<\/td>\n<\/tr>\n<\/tbody>\n<\/table>\n<p><\/p>\n<p><span class=\"embed-youtube\" style=\"text-align:center; display: block;\"><iframe class=\"youtube-player\" width=\"580\" height=\"327\" src=\"https:\/\/www.youtube.com\/embed\/ItUzqluEAa0?version=3&#038;rel=1&#038;showsearch=0&#038;showinfo=1&#038;iv_load_policy=1&#038;fs=1&#038;hl=pl-PL&#038;autohide=2&#038;wmode=transparent\" allowfullscreen=\"true\" style=\"border:0;\" sandbox=\"allow-scripts allow-same-origin allow-popups allow-presentation allow-popups-to-escape-sandbox\"><\/iframe><\/span><\/p>\n<table>\n<tbody>\n<tr>\n<td colspan=\"2\" width=\"614\"><strong><em>OFFERTORIUM<\/em><\/strong><\/td>\n<\/tr>\n<tr>\n<td width=\"307\"><em>Ps 85:1; 85:5<\/em><br \/>Confit\u00e9bor tibi, D\u00f3mine, Deus meus, in toto corde meo, et glorific\u00e1bo nomen tuum in \u00e6t\u00e9rnum: qu\u00f3niam tu, D\u00f3mine, su\u00e1vis et mitis es: et mult\u00e6 miseric\u00f3rdi\u00e6 \u00f3mnibus invoc\u00e1ntibus te. Allel\u00faia.<\/td>\n<td width=\"307\"><em>Ps 85:1; 85:5<\/em><br \/>Panie, m\u00f3j Bo\u017ce, b\u0119d\u0119 Ci\u0119 chwali\u0142 z ca\u0142ego serca mojego i na wieczno\u015b\u0107 b\u0119d\u0119 g\u0142osi\u0142 imi\u0119 Twoje. Ty bowiem Panie jeste\u015b dobry i \u0142askawy i pe\u0142en mi\u0142osierdzia dla wszystkich, kt\u00f3rzy Ci\u0119 wzywaj\u0105. Alleluja.<\/td>\n<\/tr>\n<\/tbody>\n<\/table>\n<p><\/p>\n<p><span class=\"embed-youtube\" style=\"text-align:center; display: block;\"><iframe class=\"youtube-player\" width=\"580\" height=\"327\" src=\"https:\/\/www.youtube.com\/embed\/7sD3gRPn_wQ?version=3&#038;rel=1&#038;showsearch=0&#038;showinfo=1&#038;iv_load_policy=1&#038;fs=1&#038;hl=pl-PL&#038;autohide=2&#038;wmode=transparent\" allowfullscreen=\"true\" style=\"border:0;\" sandbox=\"allow-scripts allow-same-origin allow-popups allow-presentation allow-popups-to-escape-sandbox\"><\/iframe><\/span><\/p>\n<table>\n<tbody>\n<tr>\n<td colspan=\"2\" width=\"614\"><strong><em>COMMUNIO<\/em><\/strong><\/td>\n<\/tr>\n<tr>\n<td width=\"307\"><em>Ps 85:9-10<\/em><br \/>Omnes gentes, quasc\u00famque fec\u00edsti, v\u00e9nient et ador\u00e1bunt coram te, D\u00f3mine, et glorific\u00e1bunt nomen tuum: qu\u00f3niam magnus es tu et f\u00e1ciens mirab\u00edlia: tu es Deus solus. Allel\u00faia.<\/td>\n<td width=\"307\"><em>Ps 85:9-10<\/em><br \/>Przyjd\u0105 wszystkie ludy, kt\u00f3re uczyni\u0142e\u015b i b\u0119d\u0105 Ci\u0119 Panie wielbi\u0142y, i b\u0119d\u0105 g\u0142osi\u0107 Twe imi\u0119: bo\u015b Ty jest wielki i cuda dzia\u0142asz, Ty sam jeste\u015b Bogiem. Alleluja.<\/td>\n<\/tr>\n<\/tbody>\n<\/table>\n\n\n<div style=\"height:100px\" aria-hidden=\"true\" class=\"wp-block-spacer\"><\/div>\n\n\n","protected":false},"excerpt":{"rendered":"<p>Chrystus otrzyma\u0142 imi\u0119 Jezus poprzez obrzezanie. Sta\u0142 si\u0119 poddany Prawu, by wykupi\u0107 wszystkich spod Prawa.<\/p>\n","protected":false},"author":60508433,"featured_media":26048,"comment_status":"open","ping_status":"closed","sticky":false,"template":"","format":"standard","meta":{"_bbp_topic_count":0,"_bbp_reply_count":0,"_bbp_total_topic_count":0,"_bbp_total_reply_count":0,"_bbp_voice_count":0,"_bbp_anonymous_reply_count":0,"_bbp_topic_count_hidden":0,"_bbp_reply_count_hidden":0,"_bbp_forum_subforum_count":0,"_editorskit_title_hidden":false,"_editorskit_reading_time":0,"_editorskit_is_block_options_detached":false,"_editorskit_block_options_position":"{}","_coblocks_attr":"","_coblocks_dimensions":"","_coblocks_responsive_height":"","_coblocks_accordion_ie_support":"","_exactmetrics_skip_tracking":false,"_jetpack_newsletter_access":"","_jetpack_dont_email_post_to_subs":false,"_jetpack_newsletter_tier_id":0,"_jetpack_memberships_contains_paywalled_content":false,"_wpcom_ai_launchpad_first_post":false,"_jetpack_feature_clip_id":0,"_jetpack_memberships_contains_paid_content":false,"footnotes":"","jetpack_publicize_message":"{title}\n\n{excerpt}\n\n{url}","jetpack_publicize_feature_enabled":true,"jetpack_social_post_already_shared":true,"jetpack_social_options":{"image_generator_settings":{"template":"highway","default_image_id":0,"font":"","enabled":false},"version":2},"_wpas_customize_per_network":false,"jetpack_post_was_ever_published":false},"categories":[610131184,336375535,5647912,610133975,20472889],"tags":[1053804,527077037],"class_list":["post-40609","post","type-post","status-publish","format-standard","has-post-thumbnail","hentry","category-duchowosc","category-liturgia-i-liturgika","category-msza-trydencka","category-czas-bozego-narodzenia","category-proprium","tag-missa-tridentina","tag-proprium-missae"],"yoast_head":"<!-- This site is optimized with the Yoast SEO plugin v28.3 - https:\/\/yoast.com\/product\/yoast-seo-wordpress\/ -->\n<title>Proprium missae - Naj\u015bwi\u0119tszego Imienia Jezus - Sanctissimi Nominis Jesu - Tradycja i Wiara<\/title>\n<meta name=\"description\" content=\"Proprium missae - Naj\u015bwi\u0119tszego Imienia Jezus - Sanctissimi Nominis Jesu Imienia Jezus Obrzezania Pana Jezusa Proprium Chora\u0142 gregoria\u0144ski\" \/>\n<meta name=\"robots\" content=\"index, follow, max-snippet:-1, max-image-preview:large, max-video-preview:-1\" \/>\n<link rel=\"canonical\" href=\"https:\/\/wobronietradycjiiwiary.com\/pl\/proprium-missae-najswietszego-imienia-jezus-sanctissimi-nominis-jesu-4\/\" \/>\n<meta property=\"og:locale\" content=\"pl_PL\" \/>\n<meta property=\"og:type\" content=\"article\" \/>\n<meta property=\"og:title\" content=\"Proprium missae - Naj\u015bwi\u0119tszego Imienia Jezus - Sanctissimi Nominis Jesu - Tradycja i Wiara\" \/>\n<meta property=\"og:description\" content=\"Proprium missae - Naj\u015bwi\u0119tszego Imienia Jezus - Sanctissimi Nominis Jesu Imienia Jezus Obrzezania Pana Jezusa Proprium Chora\u0142 gregoria\u0144ski\" \/>\n<meta property=\"og:url\" content=\"https:\/\/wobronietradycjiiwiary.com\/pl\/proprium-missae-najswietszego-imienia-jezus-sanctissimi-nominis-jesu-4\/\" \/>\n<meta property=\"og:site_name\" content=\"Tradycja i Wiara\" \/>\n<meta property=\"article:publisher\" content=\"https:\/\/www.facebook.com\/Tradycja-i-Wiara-108813920592249\" \/>\n<meta property=\"article:published_time\" content=\"2021-01-02T18:00:47+00:00\" \/>\n<meta property=\"article:modified_time\" content=\"2025-02-07T15:00:09+00:00\" \/>\n<meta property=\"og:image\" content=\"https:\/\/wobronietradycjiiwiary.com\/wp-content\/uploads\/2019\/12\/Michael_Pacher_-_St_Wolfgang_Altarpiece_-_Circumcision_-_WGA16822.jpg\" \/>\n\t<meta property=\"og:image:width\" content=\"220\" \/>\n\t<meta property=\"og:image:height\" content=\"320\" \/>\n\t<meta property=\"og:image:type\" content=\"image\/jpeg\" \/>\n<meta name=\"author\" content=\"Traditio et Fides\" \/>\n<meta name=\"twitter:card\" content=\"summary_large_image\" \/>\n<meta name=\"twitter:label1\" content=\"Napisane przez\" \/>\n\t<meta name=\"twitter:data1\" content=\"Traditio et Fides\" \/>\n\t<meta name=\"twitter:label2\" content=\"Szacowany czas czytania\" \/>\n\t<meta name=\"twitter:data2\" content=\"3 minuty\" \/>\n<script type=\"application\/ld+json\" class=\"yoast-schema-graph\">{\"@context\":\"https:\\\/\\\/schema.org\",\"@graph\":[{\"@type\":\"Article\",\"@id\":\"https:\\\/\\\/wobronietradycjiiwiary.com\\\/proprium-missae-najswietszego-imienia-jezus-sanctissimi-nominis-jesu-4\\\/#article\",\"isPartOf\":{\"@id\":\"https:\\\/\\\/wobronietradycjiiwiary.com\\\/proprium-missae-najswietszego-imienia-jezus-sanctissimi-nominis-jesu-4\\\/\"},\"author\":{\"name\":\"Traditio et Fides\",\"@id\":\"https:\\\/\\\/wobronietradycjiiwiary.com\\\/pl\\\/#\\\/schema\\\/person\\\/2d6180ce6abcb681fef0daab7816e8f3\"},\"headline\":\"Proprium missae &#8211; Naj\u015bwi\u0119tszego Imienia Jezus &#8211; Sanctissimi Nominis Jesu\",\"datePublished\":\"2021-01-02T18:00:47+00:00\",\"dateModified\":\"2025-02-07T15:00:09+00:00\",\"mainEntityOfPage\":{\"@id\":\"https:\\\/\\\/wobronietradycjiiwiary.com\\\/proprium-missae-najswietszego-imienia-jezus-sanctissimi-nominis-jesu-4\\\/\"},\"wordCount\":575,\"commentCount\":0,\"publisher\":{\"@id\":\"https:\\\/\\\/wobronietradycjiiwiary.com\\\/pl\\\/#organization\"},\"image\":{\"@id\":\"https:\\\/\\\/wobronietradycjiiwiary.com\\\/proprium-missae-najswietszego-imienia-jezus-sanctissimi-nominis-jesu-4\\\/#primaryimage\"},\"thumbnailUrl\":\"https:\\\/\\\/wobronietradycjiiwiary.com\\\/wp-content\\\/uploads\\\/2019\\\/12\\\/Michael_Pacher_-_St_Wolfgang_Altarpiece_-_Circumcision_-_WGA16822.jpg\",\"keywords\":[\"Missa Tridentina\",\"Proprium missae\"],\"articleSection\":[\"Duchowo\u015b\u0107\",\"Liturgia i liturgika\",\"Msza Trydencka\",\"Okres Bo\u017cego Narodzenia\",\"Proprium\"],\"inLanguage\":\"pl-PL\",\"potentialAction\":[{\"@type\":\"CommentAction\",\"name\":\"Comment\",\"target\":[\"https:\\\/\\\/wobronietradycjiiwiary.com\\\/proprium-missae-najswietszego-imienia-jezus-sanctissimi-nominis-jesu-4\\\/#respond\"]}]},{\"@type\":\"WebPage\",\"@id\":\"https:\\\/\\\/wobronietradycjiiwiary.com\\\/proprium-missae-najswietszego-imienia-jezus-sanctissimi-nominis-jesu-4\\\/\",\"url\":\"https:\\\/\\\/wobronietradycjiiwiary.com\\\/proprium-missae-najswietszego-imienia-jezus-sanctissimi-nominis-jesu-4\\\/\",\"name\":\"Proprium missae - Naj\u015bwi\u0119tszego Imienia Jezus - Sanctissimi Nominis Jesu - Tradycja i Wiara\",\"isPartOf\":{\"@id\":\"https:\\\/\\\/wobronietradycjiiwiary.com\\\/pl\\\/#website\"},\"primaryImageOfPage\":{\"@id\":\"https:\\\/\\\/wobronietradycjiiwiary.com\\\/proprium-missae-najswietszego-imienia-jezus-sanctissimi-nominis-jesu-4\\\/#primaryimage\"},\"image\":{\"@id\":\"https:\\\/\\\/wobronietradycjiiwiary.com\\\/proprium-missae-najswietszego-imienia-jezus-sanctissimi-nominis-jesu-4\\\/#primaryimage\"},\"thumbnailUrl\":\"https:\\\/\\\/wobronietradycjiiwiary.com\\\/wp-content\\\/uploads\\\/2019\\\/12\\\/Michael_Pacher_-_St_Wolfgang_Altarpiece_-_Circumcision_-_WGA16822.jpg\",\"datePublished\":\"2021-01-02T18:00:47+00:00\",\"dateModified\":\"2025-02-07T15:00:09+00:00\",\"description\":\"Proprium missae - Naj\u015bwi\u0119tszego Imienia Jezus - Sanctissimi Nominis Jesu Imienia Jezus Obrzezania Pana Jezusa Proprium Chora\u0142 gregoria\u0144ski\",\"breadcrumb\":{\"@id\":\"https:\\\/\\\/wobronietradycjiiwiary.com\\\/proprium-missae-najswietszego-imienia-jezus-sanctissimi-nominis-jesu-4\\\/#breadcrumb\"},\"inLanguage\":\"pl-PL\",\"potentialAction\":[{\"@type\":\"ReadAction\",\"target\":[\"https:\\\/\\\/wobronietradycjiiwiary.com\\\/proprium-missae-najswietszego-imienia-jezus-sanctissimi-nominis-jesu-4\\\/\"]}]},{\"@type\":\"ImageObject\",\"inLanguage\":\"pl-PL\",\"@id\":\"https:\\\/\\\/wobronietradycjiiwiary.com\\\/proprium-missae-najswietszego-imienia-jezus-sanctissimi-nominis-jesu-4\\\/#primaryimage\",\"url\":\"https:\\\/\\\/wobronietradycjiiwiary.com\\\/wp-content\\\/uploads\\\/2019\\\/12\\\/Michael_Pacher_-_St_Wolfgang_Altarpiece_-_Circumcision_-_WGA16822.jpg\",\"contentUrl\":\"https:\\\/\\\/wobronietradycjiiwiary.com\\\/wp-content\\\/uploads\\\/2019\\\/12\\\/Michael_Pacher_-_St_Wolfgang_Altarpiece_-_Circumcision_-_WGA16822.jpg\",\"width\":220,\"height\":320},{\"@type\":\"BreadcrumbList\",\"@id\":\"https:\\\/\\\/wobronietradycjiiwiary.com\\\/proprium-missae-najswietszego-imienia-jezus-sanctissimi-nominis-jesu-4\\\/#breadcrumb\",\"itemListElement\":[{\"@type\":\"ListItem\",\"position\":1,\"name\":\"Strona g\u0142\u00f3wna\",\"item\":\"https:\\\/\\\/wobronietradycjiiwiary.com\\\/\"},{\"@type\":\"ListItem\",\"position\":2,\"name\":\"Proprium missae &#8211; Naj\u015bwi\u0119tszego Imienia Jezus &#8211; Sanctissimi Nominis Jesu\"}]},{\"@type\":\"WebSite\",\"@id\":\"https:\\\/\\\/wobronietradycjiiwiary.com\\\/pl\\\/#website\",\"url\":\"https:\\\/\\\/wobronietradycjiiwiary.com\\\/pl\\\/\",\"name\":\"Tradycja i Wiara\",\"description\":\"Portal dla katolik\u00f3w.\",\"publisher\":{\"@id\":\"https:\\\/\\\/wobronietradycjiiwiary.com\\\/pl\\\/#organization\"},\"potentialAction\":[{\"@type\":\"SearchAction\",\"target\":{\"@type\":\"EntryPoint\",\"urlTemplate\":\"https:\\\/\\\/wobronietradycjiiwiary.com\\\/pl\\\/?s={search_term_string}\"},\"query-input\":{\"@type\":\"PropertyValueSpecification\",\"valueRequired\":true,\"valueName\":\"search_term_string\"}}],\"inLanguage\":\"pl-PL\"},{\"@type\":\"Organization\",\"@id\":\"https:\\\/\\\/wobronietradycjiiwiary.com\\\/pl\\\/#organization\",\"name\":\"Tradycja i Wiara\",\"url\":\"https:\\\/\\\/wobronietradycjiiwiary.com\\\/pl\\\/\",\"logo\":{\"@type\":\"ImageObject\",\"inLanguage\":\"pl-PL\",\"@id\":\"https:\\\/\\\/wobronietradycjiiwiary.com\\\/pl\\\/#\\\/schema\\\/logo\\\/image\\\/\",\"url\":\"https:\\\/\\\/i0.wp.com\\\/wobronietradycjiiwiary.com\\\/wp-content\\\/uploads\\\/2015\\\/10\\\/cropped-st-peters-dome-vatican.jpg?fit=940%2C198&ssl=1\",\"contentUrl\":\"https:\\\/\\\/i0.wp.com\\\/wobronietradycjiiwiary.com\\\/wp-content\\\/uploads\\\/2015\\\/10\\\/cropped-st-peters-dome-vatican.jpg?fit=940%2C198&ssl=1\",\"width\":940,\"height\":198,\"caption\":\"Tradycja i Wiara\"},\"image\":{\"@id\":\"https:\\\/\\\/wobronietradycjiiwiary.com\\\/pl\\\/#\\\/schema\\\/logo\\\/image\\\/\"},\"sameAs\":[\"https:\\\/\\\/www.facebook.com\\\/Tradycja-i-Wiara-108813920592249\"]},{\"@type\":\"Person\",\"@id\":\"https:\\\/\\\/wobronietradycjiiwiary.com\\\/pl\\\/#\\\/schema\\\/person\\\/2d6180ce6abcb681fef0daab7816e8f3\",\"name\":\"Traditio et Fides\",\"sameAs\":[\"https:\\\/\\\/traditionundglauben.com\"],\"url\":\"https:\\\/\\\/wobronietradycjiiwiary.com\\\/pl\\\/author\\\/wobronietradycjiiwiary\\\/\"}]}<\/script>\n<!-- \/ Yoast SEO plugin. -->","yoast_head_json":{"title":"Proprium missae - Naj\u015bwi\u0119tszego Imienia Jezus - Sanctissimi Nominis Jesu - Tradycja i Wiara","description":"Proprium missae - Naj\u015bwi\u0119tszego Imienia Jezus - Sanctissimi Nominis Jesu Imienia Jezus Obrzezania Pana Jezusa Proprium Chora\u0142 gregoria\u0144ski","robots":{"index":"index","follow":"follow","max-snippet":"max-snippet:-1","max-image-preview":"max-image-preview:large","max-video-preview":"max-video-preview:-1"},"canonical":"https:\/\/wobronietradycjiiwiary.com\/pl\/proprium-missae-najswietszego-imienia-jezus-sanctissimi-nominis-jesu-4\/","og_locale":"pl_PL","og_type":"article","og_title":"Proprium missae - Naj\u015bwi\u0119tszego Imienia Jezus - Sanctissimi Nominis Jesu - Tradycja i Wiara","og_description":"Proprium missae - Naj\u015bwi\u0119tszego Imienia Jezus - Sanctissimi Nominis Jesu Imienia Jezus Obrzezania Pana Jezusa Proprium Chora\u0142 gregoria\u0144ski","og_url":"https:\/\/wobronietradycjiiwiary.com\/pl\/proprium-missae-najswietszego-imienia-jezus-sanctissimi-nominis-jesu-4\/","og_site_name":"Tradycja i Wiara","article_publisher":"https:\/\/www.facebook.com\/Tradycja-i-Wiara-108813920592249","article_published_time":"2021-01-02T18:00:47+00:00","article_modified_time":"2025-02-07T15:00:09+00:00","og_image":[{"width":220,"height":320,"url":"https:\/\/wobronietradycjiiwiary.com\/wp-content\/uploads\/2019\/12\/Michael_Pacher_-_St_Wolfgang_Altarpiece_-_Circumcision_-_WGA16822.jpg","type":"image\/jpeg"}],"author":"Traditio et Fides","twitter_card":"summary_large_image","twitter_misc":{"Napisane przez":"Traditio et Fides","Szacowany czas czytania":"3 minuty"},"schema":{"@context":"https:\/\/schema.org","@graph":[{"@type":"Article","@id":"https:\/\/wobronietradycjiiwiary.com\/proprium-missae-najswietszego-imienia-jezus-sanctissimi-nominis-jesu-4\/#article","isPartOf":{"@id":"https:\/\/wobronietradycjiiwiary.com\/proprium-missae-najswietszego-imienia-jezus-sanctissimi-nominis-jesu-4\/"},"author":{"name":"Traditio et Fides","@id":"https:\/\/wobronietradycjiiwiary.com\/pl\/#\/schema\/person\/2d6180ce6abcb681fef0daab7816e8f3"},"headline":"Proprium missae &#8211; Naj\u015bwi\u0119tszego Imienia Jezus &#8211; Sanctissimi Nominis Jesu","datePublished":"2021-01-02T18:00:47+00:00","dateModified":"2025-02-07T15:00:09+00:00","mainEntityOfPage":{"@id":"https:\/\/wobronietradycjiiwiary.com\/proprium-missae-najswietszego-imienia-jezus-sanctissimi-nominis-jesu-4\/"},"wordCount":575,"commentCount":0,"publisher":{"@id":"https:\/\/wobronietradycjiiwiary.com\/pl\/#organization"},"image":{"@id":"https:\/\/wobronietradycjiiwiary.com\/proprium-missae-najswietszego-imienia-jezus-sanctissimi-nominis-jesu-4\/#primaryimage"},"thumbnailUrl":"https:\/\/wobronietradycjiiwiary.com\/wp-content\/uploads\/2019\/12\/Michael_Pacher_-_St_Wolfgang_Altarpiece_-_Circumcision_-_WGA16822.jpg","keywords":["Missa Tridentina","Proprium missae"],"articleSection":["Duchowo\u015b\u0107","Liturgia i liturgika","Msza Trydencka","Okres Bo\u017cego Narodzenia","Proprium"],"inLanguage":"pl-PL","potentialAction":[{"@type":"CommentAction","name":"Comment","target":["https:\/\/wobronietradycjiiwiary.com\/proprium-missae-najswietszego-imienia-jezus-sanctissimi-nominis-jesu-4\/#respond"]}]},{"@type":"WebPage","@id":"https:\/\/wobronietradycjiiwiary.com\/proprium-missae-najswietszego-imienia-jezus-sanctissimi-nominis-jesu-4\/","url":"https:\/\/wobronietradycjiiwiary.com\/proprium-missae-najswietszego-imienia-jezus-sanctissimi-nominis-jesu-4\/","name":"Proprium missae - Naj\u015bwi\u0119tszego Imienia Jezus - Sanctissimi Nominis Jesu - Tradycja i Wiara","isPartOf":{"@id":"https:\/\/wobronietradycjiiwiary.com\/pl\/#website"},"primaryImageOfPage":{"@id":"https:\/\/wobronietradycjiiwiary.com\/proprium-missae-najswietszego-imienia-jezus-sanctissimi-nominis-jesu-4\/#primaryimage"},"image":{"@id":"https:\/\/wobronietradycjiiwiary.com\/proprium-missae-najswietszego-imienia-jezus-sanctissimi-nominis-jesu-4\/#primaryimage"},"thumbnailUrl":"https:\/\/wobronietradycjiiwiary.com\/wp-content\/uploads\/2019\/12\/Michael_Pacher_-_St_Wolfgang_Altarpiece_-_Circumcision_-_WGA16822.jpg","datePublished":"2021-01-02T18:00:47+00:00","dateModified":"2025-02-07T15:00:09+00:00","description":"Proprium missae - Naj\u015bwi\u0119tszego Imienia Jezus - Sanctissimi Nominis Jesu Imienia Jezus Obrzezania Pana Jezusa Proprium Chora\u0142 gregoria\u0144ski","breadcrumb":{"@id":"https:\/\/wobronietradycjiiwiary.com\/proprium-missae-najswietszego-imienia-jezus-sanctissimi-nominis-jesu-4\/#breadcrumb"},"inLanguage":"pl-PL","potentialAction":[{"@type":"ReadAction","target":["https:\/\/wobronietradycjiiwiary.com\/proprium-missae-najswietszego-imienia-jezus-sanctissimi-nominis-jesu-4\/"]}]},{"@type":"ImageObject","inLanguage":"pl-PL","@id":"https:\/\/wobronietradycjiiwiary.com\/proprium-missae-najswietszego-imienia-jezus-sanctissimi-nominis-jesu-4\/#primaryimage","url":"https:\/\/wobronietradycjiiwiary.com\/wp-content\/uploads\/2019\/12\/Michael_Pacher_-_St_Wolfgang_Altarpiece_-_Circumcision_-_WGA16822.jpg","contentUrl":"https:\/\/wobronietradycjiiwiary.com\/wp-content\/uploads\/2019\/12\/Michael_Pacher_-_St_Wolfgang_Altarpiece_-_Circumcision_-_WGA16822.jpg","width":220,"height":320},{"@type":"BreadcrumbList","@id":"https:\/\/wobronietradycjiiwiary.com\/proprium-missae-najswietszego-imienia-jezus-sanctissimi-nominis-jesu-4\/#breadcrumb","itemListElement":[{"@type":"ListItem","position":1,"name":"Strona g\u0142\u00f3wna","item":"https:\/\/wobronietradycjiiwiary.com\/"},{"@type":"ListItem","position":2,"name":"Proprium missae &#8211; Naj\u015bwi\u0119tszego Imienia Jezus &#8211; Sanctissimi Nominis Jesu"}]},{"@type":"WebSite","@id":"https:\/\/wobronietradycjiiwiary.com\/pl\/#website","url":"https:\/\/wobronietradycjiiwiary.com\/pl\/","name":"Tradycja i Wiara","description":"Portal dla katolik\u00f3w.","publisher":{"@id":"https:\/\/wobronietradycjiiwiary.com\/pl\/#organization"},"potentialAction":[{"@type":"SearchAction","target":{"@type":"EntryPoint","urlTemplate":"https:\/\/wobronietradycjiiwiary.com\/pl\/?s={search_term_string}"},"query-input":{"@type":"PropertyValueSpecification","valueRequired":true,"valueName":"search_term_string"}}],"inLanguage":"pl-PL"},{"@type":"Organization","@id":"https:\/\/wobronietradycjiiwiary.com\/pl\/#organization","name":"Tradycja i Wiara","url":"https:\/\/wobronietradycjiiwiary.com\/pl\/","logo":{"@type":"ImageObject","inLanguage":"pl-PL","@id":"https:\/\/wobronietradycjiiwiary.com\/pl\/#\/schema\/logo\/image\/","url":"https:\/\/i0.wp.com\/wobronietradycjiiwiary.com\/wp-content\/uploads\/2015\/10\/cropped-st-peters-dome-vatican.jpg?fit=940%2C198&ssl=1","contentUrl":"https:\/\/i0.wp.com\/wobronietradycjiiwiary.com\/wp-content\/uploads\/2015\/10\/cropped-st-peters-dome-vatican.jpg?fit=940%2C198&ssl=1","width":940,"height":198,"caption":"Tradycja i Wiara"},"image":{"@id":"https:\/\/wobronietradycjiiwiary.com\/pl\/#\/schema\/logo\/image\/"},"sameAs":["https:\/\/www.facebook.com\/Tradycja-i-Wiara-108813920592249"]},{"@type":"Person","@id":"https:\/\/wobronietradycjiiwiary.com\/pl\/#\/schema\/person\/2d6180ce6abcb681fef0daab7816e8f3","name":"Traditio et Fides","sameAs":["https:\/\/traditionundglauben.com"],"url":"https:\/\/wobronietradycjiiwiary.com\/pl\/author\/wobronietradycjiiwiary\/"}]}},"jetpack_publicize_connections":[],"jetpack_sharing_enabled":true,"jetpack_likes_enabled":true,"jetpack_shortlink":"https:\/\/wp.me\/pc04Sd-ayZ","jetpack-related-posts":[{"id":109901,"url":"https:\/\/wobronietradycjiiwiary.com\/pl\/proprium-missae-najswietszego-imienia-jezus-sanctissimi-nominis-jesu-5-2\/","url_meta":{"origin":40609,"position":0},"title":"Proprium missae &#8211; Naj\u015bwi\u0119tszego Imienia Jezus &#8211; Sanctissimi Nominis Jesu","author":"Traditio et Fides","date":"31 grudnia 2023","format":false,"excerpt":"Chrystus otrzyma\u0142 imi\u0119 Jezus poprzez obrzezanie. Sta\u0142 si\u0119 poddany Prawu, by wykupi\u0107 wszystkich spod Prawa.","rel":"","context":"W \u201eDuchowo\u015b\u0107&quot;","block_context":{"text":"Duchowo\u015b\u0107","link":"https:\/\/wobronietradycjiiwiary.com\/pl\/category\/duchowosc\/"},"img":{"alt_text":"","src":"https:\/\/i0.wp.com\/wobronietradycjiiwiary.com\/wp-content\/uploads\/2019\/12\/Michael_Pacher_-_St_Wolfgang_Altarpiece_-_Circumcision_-_WGA16822.jpg?resize=350%2C200&ssl=1","width":350,"height":200},"classes":[]},{"id":127212,"url":"https:\/\/wobronietradycjiiwiary.com\/pl\/proprium-missae-najswietszego-imienia-jezus-sanctissimi-nominis-jesu-4-2\/","url_meta":{"origin":40609,"position":1},"title":"Proprium missae &#8211; Naj\u015bwi\u0119tszego Imienia Jezus &#8211; Sanctissimi Nominis Jesu","author":"Traditio et Fides","date":"31 grudnia 2024","format":false,"excerpt":"Chrystus otrzyma\u0142 imi\u0119 Jezus poprzez obrzezanie. Sta\u0142 si\u0119 poddany Prawu, by wykupi\u0107 wszystkich spod Prawa.","rel":"","context":"W \u201eDuchowo\u015b\u0107&quot;","block_context":{"text":"Duchowo\u015b\u0107","link":"https:\/\/wobronietradycjiiwiary.com\/pl\/category\/duchowosc\/"},"img":{"alt_text":"","src":"https:\/\/i0.wp.com\/wobronietradycjiiwiary.com\/wp-content\/uploads\/2019\/12\/Michael_Pacher_-_St_Wolfgang_Altarpiece_-_Circumcision_-_WGA16822.jpg?resize=350%2C200&ssl=1","width":350,"height":200},"classes":[]},{"id":126616,"url":"https:\/\/wobronietradycjiiwiary.com\/pl\/proprium-missae-najswietszego-imienia-jezus-sanctissimi-nominis-jesu-6\/","url_meta":{"origin":40609,"position":2},"title":"Proprium missae &#8211; Naj\u015bwi\u0119tszego Imienia Jezus &#8211; Sanctissimi Nominis Jesu","author":"mariuszjerzy","date":"3 stycznia 2026","format":false,"excerpt":"Divinum Officium - Sancta Missa https:\/\/www.youtube.com\/watch?v=0tcg8K3g4PA INTROITUS Phil 2:10-11 In n\u00f3mine Iesu omne genu flect\u00e1tur, coel\u00e9stium, terr\u00e9strium et infern\u00f3rum: et omnis lingua confite\u00e1tur, quia D\u00f3minus Iesus Christus in gl\u00f3ria est Dei Patris Ps 8:2. D\u00f3mine, D\u00f3minus noster, quam admir\u00e1bile est nomen tuum in univ\u00e9rsa terra! V. Gl\u00f3ria Patri, et F\u00edlio,\u2026","rel":"","context":"W \u201eDuchowo\u015b\u0107&quot;","block_context":{"text":"Duchowo\u015b\u0107","link":"https:\/\/wobronietradycjiiwiary.com\/pl\/category\/duchowosc\/"},"img":{"alt_text":"","src":"https:\/\/i0.wp.com\/wobronietradycjiiwiary.com\/wp-content\/uploads\/2019\/12\/Michael_Pacher_-_St_Wolfgang_Altarpiece_-_Circumcision_-_WGA16822.jpg?resize=350%2C200&ssl=1","width":350,"height":200},"classes":[]},{"id":163579,"url":"https:\/\/wobronietradycjiiwiary.com\/pl\/proprium-missae-niedziela-biala-dominica-in-albis-in-octava-paschae-4-2-2-2-2-2-2\/","url_meta":{"origin":40609,"position":3},"title":"Proprium missae &#8211; Niedziela Bia\u0142a &#8211; Dominica in Albis in Octava Paschae","author":"Traditio et Fides","date":"11 kwietnia 2026","format":false,"excerpt":"https:\/\/www.youtube.com\/watch?v=QFKyGbWETtQ INTROITUS 1 Pet 2, 2. Quasi modo g\u00e9niti inf\u00e1ntes, allel\u00faia: rationabiles, sine dolo lac concup\u00edscite, allel\u00faia, allel\u00faia, allel\u00faia. Ps 80:2. Exsult\u00e1te Deo, adiut\u00f3ri nostro: iubil\u00e1te Deo Iacob. V. Gl\u00f3ria Patri, et F\u00edlio, et Spir\u00edtui Sancto. R. Sicut erat in princ\u00edpio, et nunc, et semper, et in saecula saecul\u00f3rum. Amen1\u2026","rel":"","context":"W \u201eDuchowo\u015b\u0107&quot;","block_context":{"text":"Duchowo\u015b\u0107","link":"https:\/\/wobronietradycjiiwiary.com\/pl\/category\/duchowosc\/"},"img":{"alt_text":"","src":"https:\/\/i0.wp.com\/wobronietradycjiiwiary.com\/wp-content\/uploads\/2019\/12\/In-Albis.jpg?resize=350%2C200&ssl=1","width":350,"height":200,"srcset":"https:\/\/i0.wp.com\/wobronietradycjiiwiary.com\/wp-content\/uploads\/2019\/12\/In-Albis.jpg?resize=350%2C200&ssl=1 1x, https:\/\/i0.wp.com\/wobronietradycjiiwiary.com\/wp-content\/uploads\/2019\/12\/In-Albis.jpg?resize=525%2C300&ssl=1 1.5x, https:\/\/i0.wp.com\/wobronietradycjiiwiary.com\/wp-content\/uploads\/2019\/12\/In-Albis.jpg?resize=700%2C400&ssl=1 2x"},"classes":[]},{"id":138946,"url":"https:\/\/wobronietradycjiiwiary.com\/pl\/proprium-missae-niedziela-biala-dominica-in-albis-in-octava-paschae-4-2-2-2-2-2\/","url_meta":{"origin":40609,"position":4},"title":"Proprium missae &#8211; Niedziela Bia\u0142a &#8211; Dominica in Albis in Octava Paschae","author":"Traditio et Fides","date":"26 kwietnia 2025","format":false,"excerpt":"https:\/\/www.youtube.com\/watch?v=QFKyGbWETtQ INTROITUS 1 Pet 2, 2. Quasi modo g\u00e9niti inf\u00e1ntes, allel\u00faia: rationabiles, sine dolo lac concup\u00edscite, allel\u00faia, allel\u00faia, allel\u00faia. Ps 80:2. Exsult\u00e1te Deo, adiut\u00f3ri nostro: iubil\u00e1te Deo Iacob. V. Gl\u00f3ria Patri, et F\u00edlio, et Spir\u00edtui Sancto. R. Sicut erat in princ\u00edpio, et nunc, et semper, et in saecula saecul\u00f3rum. Amen1\u2026","rel":"","context":"W \u201eDuchowo\u015b\u0107&quot;","block_context":{"text":"Duchowo\u015b\u0107","link":"https:\/\/wobronietradycjiiwiary.com\/pl\/category\/duchowosc\/"},"img":{"alt_text":"","src":"https:\/\/i0.wp.com\/wobronietradycjiiwiary.com\/wp-content\/uploads\/2019\/12\/In-Albis.jpg?resize=350%2C200&ssl=1","width":350,"height":200,"srcset":"https:\/\/i0.wp.com\/wobronietradycjiiwiary.com\/wp-content\/uploads\/2019\/12\/In-Albis.jpg?resize=350%2C200&ssl=1 1x, https:\/\/i0.wp.com\/wobronietradycjiiwiary.com\/wp-content\/uploads\/2019\/12\/In-Albis.jpg?resize=525%2C300&ssl=1 1.5x, https:\/\/i0.wp.com\/wobronietradycjiiwiary.com\/wp-content\/uploads\/2019\/12\/In-Albis.jpg?resize=700%2C400&ssl=1 2x"},"classes":[]},{"id":115606,"url":"https:\/\/wobronietradycjiiwiary.com\/pl\/proprium-missae-niedziela-biala-dominica-in-albis-in-octava-paschae-4-2-2-2-2\/","url_meta":{"origin":40609,"position":5},"title":"Proprium missae &#8211; Niedziela Bia\u0142a &#8211; Dominica in Albis in Octava Paschae","author":"Traditio et Fides","date":"6 kwietnia 2024","format":false,"excerpt":"https:\/\/www.youtube.com\/watch?v=QFKyGbWETtQ INTROITUS 1 Pet 2, 2. Quasi modo g\u00e9niti inf\u00e1ntes, allel\u00faia: rationabiles, sine dolo lac concup\u00edscite, allel\u00faia, allel\u00faia, allel\u00faia. Ps 80:2. Exsult\u00e1te Deo, adiut\u00f3ri nostro: iubil\u00e1te Deo Iacob. V. Gl\u00f3ria Patri, et F\u00edlio, et Spir\u00edtui Sancto. R. Sicut erat in princ\u00edpio, et nunc, et semper, et in saecula saecul\u00f3rum. Amen1\u2026","rel":"","context":"W \u201eDuchowo\u015b\u0107&quot;","block_context":{"text":"Duchowo\u015b\u0107","link":"https:\/\/wobronietradycjiiwiary.com\/pl\/category\/duchowosc\/"},"img":{"alt_text":"","src":"https:\/\/i0.wp.com\/wobronietradycjiiwiary.com\/wp-content\/uploads\/2019\/12\/In-Albis.jpg?resize=350%2C200&ssl=1","width":350,"height":200,"srcset":"https:\/\/i0.wp.com\/wobronietradycjiiwiary.com\/wp-content\/uploads\/2019\/12\/In-Albis.jpg?resize=350%2C200&ssl=1 1x, https:\/\/i0.wp.com\/wobronietradycjiiwiary.com\/wp-content\/uploads\/2019\/12\/In-Albis.jpg?resize=525%2C300&ssl=1 1.5x, https:\/\/i0.wp.com\/wobronietradycjiiwiary.com\/wp-content\/uploads\/2019\/12\/In-Albis.jpg?resize=700%2C400&ssl=1 2x"},"classes":[]}],"amp_enabled":true,"jetpack_featured_media_url":"https:\/\/wobronietradycjiiwiary.com\/wp-content\/uploads\/2019\/12\/Michael_Pacher_-_St_Wolfgang_Altarpiece_-_Circumcision_-_WGA16822.jpg","_links":{"self":[{"href":"https:\/\/wobronietradycjiiwiary.com\/pl\/wp-json\/wp\/v2\/posts\/40609","targetHints":{"allow":["GET"]}}],"collection":[{"href":"https:\/\/wobronietradycjiiwiary.com\/pl\/wp-json\/wp\/v2\/posts"}],"about":[{"href":"https:\/\/wobronietradycjiiwiary.com\/pl\/wp-json\/wp\/v2\/types\/post"}],"author":[{"embeddable":true,"href":"https:\/\/wobronietradycjiiwiary.com\/pl\/wp-json\/wp\/v2\/users\/60508433"}],"replies":[{"embeddable":true,"href":"https:\/\/wobronietradycjiiwiary.com\/pl\/wp-json\/wp\/v2\/comments?post=40609"}],"version-history":[{"count":1,"href":"https:\/\/wobronietradycjiiwiary.com\/pl\/wp-json\/wp\/v2\/posts\/40609\/revisions"}],"predecessor-version":[{"id":100422,"href":"https:\/\/wobronietradycjiiwiary.com\/pl\/wp-json\/wp\/v2\/posts\/40609\/revisions\/100422"}],"wp:featuredmedia":[{"embeddable":true,"href":"https:\/\/wobronietradycjiiwiary.com\/pl\/wp-json\/wp\/v2\/media\/26048"}],"wp:attachment":[{"href":"https:\/\/wobronietradycjiiwiary.com\/pl\/wp-json\/wp\/v2\/media?parent=40609"}],"wp:term":[{"taxonomy":"category","embeddable":true,"href":"https:\/\/wobronietradycjiiwiary.com\/pl\/wp-json\/wp\/v2\/categories?post=40609"},{"taxonomy":"post_tag","embeddable":true,"href":"https:\/\/wobronietradycjiiwiary.com\/pl\/wp-json\/wp\/v2\/tags?post=40609"}],"curies":[{"name":"wp","href":"https:\/\/api.w.org\/{rel}","templated":true}]}}