{"id":4020,"date":"2015-02-24T12:00:05","date_gmt":"2015-02-24T11:00:05","guid":{"rendered":"https:\/\/wobronietradycjiiwiary.com\/?p=4020"},"modified":"2025-12-23T17:52:23","modified_gmt":"2025-12-23T16:52:23","slug":"przed-nim-krocza-majestat-i-piekno-wizualne-wprowadzenie-do-mszy-trydenckiej-cz-8-z-16","status":"publish","type":"post","link":"https:\/\/wobronietradycjiiwiary.com\/pl\/przed-nim-krocza-majestat-i-piekno-wizualne-wprowadzenie-do-mszy-trydenckiej-cz-8-z-16\/","title":{"rendered":"\u201ePrzed Nim krocz\u0105 majestat i pi\u0119kno\u201d. Wizualne wprowadzenie do Mszy Trydenckiej. (cz. 8 z 16). Offertorium. Deus, qui &#8211; Veni, sanctificator."},"content":{"rendered":"<div id=\"bsf_rt_marker\"><\/div>\n<p class=\"wp-block-paragraph\"><\/p>\n\n\n\n<p class=\"wp-block-paragraph\"><strong><em><span style=\"color: #800080;\"><span style=\"font-family: verdana, geneva, sans-serif;\">Poni\u017cej przedstawiony fragment filmu ukazuje Offertorium czyli ofiarowanie Bogu przygotowanego wina i wody, kt\u00f3re po Przeistoczeniu stan\u0105 si\u0119 najdoskonalsz\u0105 Ofiar\u0105 z Cia\u0142a i Krwi Jego Syna. S\u0142owa kap\u0142ana oddaj\u0105 ogromny szacunek, cze\u015b\u0107 i wyra\u017caj\u0105 doskonale obecnie zapomnian\u0105 prawd\u0119: O\u0142tarz symbolizuj\u0105cy Chrystusa, na kt\u00f3rym dokonuje si\u0119 konsekracja chleba i wina w Cia\u0142o i Krew Chrystusa, jest miejscem sk\u0142adania prawdziwej, substancjalnej i rzeczywistej (vere, substantialiter et realiter) bezkrwawej Ofiary, b\u0119d\u0105cej urzeczywistnieniem Ofiary na Golgocie. To, co si\u0119 odbywa na O\u0142tarzu, nie jest jedynie wspomnieniem lub pami\u0105tk\u0105, czy narracj\u0105, lecz prawdziw\u0105 Ofiar\u0105 obecnego Boga Jezusa Chrystusa na przeb\u0142aganie i wynagrodzenie za nas Sprawiedliwemu Ojcu, kt\u00f3rego mi\u0142osierdzie pozwoli\u0142o Syno<\/span>wi zap\u0142aci\u0107 za nasze \u017cycie. Ws\u0142uchajmy si\u0119 ze zrozumieniem w tekst ofiarowania odnajduj\u0105c tam prawd\u0119 o istocie Mszy \u015awi\u0119tej.<\/span> <\/em><\/strong><\/p>\n\n\n\n<p class=\"has-text-align-center wp-block-paragraph\"><span class=\"embed-youtube\" style=\"text-align:center; display: block;\"><iframe class=\"youtube-player\" width=\"420\" height=\"315\" src=\"https:\/\/www.youtube.com\/embed\/ZWyk1bveff4?version=3&#038;rel=1&#038;showsearch=0&#038;showinfo=1&#038;iv_load_policy=1&#038;fs=1&#038;hl=pl-PL&#038;autohide=2&#038;wmode=transparent\" allowfullscreen=\"true\" style=\"border:0;\" sandbox=\"allow-scripts allow-same-origin allow-popups allow-presentation allow-popups-to-escape-sandbox\"><\/iframe><\/span>\n\n\n\n<figure class=\"wp-block-table\"><table class=\"has-fixed-layout\"><tbody><tr><td>Deus, qui humanae substantiae dignitatem mirabiliter condidisti, et mirabilius reformasti: da nobis per huius aquae et vini mysterium, eius divinitatis esse consortes, qui humanitatis nostrae fieri dignatus est particeps, Jesus Christus, Filius tuus, Dominus noster: Qui tecum vivit et regnat in unitate Spiritus Sancti Deus; per omnia saecula saeculorum. Amen.<\/td><td>Bo\u017ce, kt\u00f3ry\u015b godno\u015b\u0107 natury ludzkiej, przedziwnie stworzy\u0142 i jeszcze przedziwnej naprawi\u0142, spraw przez t\u0119 tajemnic\u0119 wody i wina, aby\u015bmy mieli uczestnictwo w B\u00f3stwie Tego, kt\u00f3ry raczy\u0142 sta\u0107 si\u0119 uczestnikiem cz\u0142owiecze\u0144stwa naszego, Iezus Chrystus, Syn Tw\u00f3j, Pan nasz, kt\u00f3ry z Tob\u0105 \u017cyje i kr\u00f3luje w jedno\u015bci Ducha \u015awi\u0119tego B\u00f3g: przez wszystkie wieki wiek\u00f3w. Amen.<\/td><\/tr><\/tbody><\/table><\/figure>\n\n\n\n<figure class=\"wp-block-table\"><table class=\"has-fixed-layout\"><tbody><tr><td>Offerimus tibi, Domine, calicem salutaris, tuam deprecantes clementiam: ut in conspectu divinae majestatis tuae, pro nostra et totius mundi salute, cum odore suavitatis<\/td><td>Ofiarujemy Ci, Panie, kielich zbawienia, Twojej \u017cebrz\u0105c \u0142askawo\u015bci, aby jako wonno\u015b\u0107 wdzi\u0119czn\u0105 wzni\u00f3s\u0142 si\u0119 przed oblicze Twego Boskiego Majestatu za nasze i ca\u0142ego \u015bwiata zbawienie. Amen.<\/td><\/tr><\/tbody><\/table><\/figure>\n\n\n\n<figure class=\"wp-block-table\"><table class=\"has-fixed-layout\"><tbody><tr><td>In spiritu humilitatis, et in animo contrito suscipiamur a te, Domine: et sic fiat sacrificium nostrum in conspectu tuo hodie, ut placeat tibi, Domine Deus.<\/td><td>W duchu pokornych i w sercu skruszonych, przyjm nas, o Panie, i niech ofiara nasza tak si\u0119 dzi\u015b przed obliczem Twoim dokona, aby si\u0119 podoba\u0142a Tobie, Panie Bo\u017ce.<\/td><\/tr><\/tbody><\/table><\/figure>\n\n\n\n<figure class=\"wp-block-table\"><table class=\"has-fixed-layout\"><tbody><tr><td>Veni, sanctificator omnipotens aeterne Deus, et (+) benedic hoc sacrificium, tuo sancto nomini praeparatum.<\/td><td>Przyjd\u017a, Dawco \u015bwi\u0119to\u015bci, wszechmog\u0105cy wiekuisty Bo\u017ce, i pob\u0142ogos\u0142aw (+) t\u0119 ofiar\u0119 przygotowan\u0105 dla chwa\u0142y \u015bwi\u0119tego Imienia Twojego.<\/td><\/tr><\/tbody><\/table><\/figure>\n\n\n\n<p class=\"wp-block-paragraph\">&nbsp;<\/p>\n\n\n<style>\r\n        .wpedon-container .wpedon-select,\r\n        .wpedon-container .wpedon-input {\r\n            width: 107px;\r\n            min-width: 107px;\r\n            max-width: 107px;\r\n        }\r\n    <\/style><div class='wpedon-container wpedon-align-left'><form target='' action='https:\/\/www.paypal.com\/cgi-bin\/webscr' method='post' class='wpedon-form'><input type='hidden' name='cmd' value='_donations' \/><input type='hidden' name='business' value='traditionandfaith2015@gmail.com' \/><input type='hidden' name='currency_code' value='PLN' \/><input type='hidden' name='notify_url' value='https:\/\/wobronietradycjiiwiary.com\/wp-admin\/admin-post.php?action=add_wpedon_button_ipn'><input type='hidden' name='lc' value='pl_PL'><input type='hidden' name='bn' value='WPPlugin_SP'><input type='hidden' name='return' value='https:\/\/wobronietradycjiiwiary.com\/' \/><input type='hidden' name='cancel_return' value='https:\/\/wobronietradycjiiwiary.com\/' \/><input class='wpedon_paypalbuttonimage' type='image' src='https:\/\/www.paypal.com\/pl_PL\/PL\/i\/btn\/btn_donate_LG.gif' border='0' name='submit' alt='Make your payments with PayPal. It is free, secure, effective.' style='border: none;'><img alt='' border='0' style='border:none;display:none;' src='https:\/\/www.paypal.com\/pl_PL\/i\/scr\/pixel.gif' width='1' height='1'><input type='hidden' name='amount' id='amount_4fa9f7472bc62651eb9ac96f1f57902c' value='' \/><input type='hidden' name='price' id='price_4fa9f7472bc62651eb9ac96f1f57902c' value='' \/><input type='hidden' name='item_number' value='' \/><input type='hidden' name='item_name' value='Wsparcie projektu' \/><input type='hidden' name='name' value='Wsparcie projektu' \/><input type='hidden' name='custom' value='24285'><input type='hidden' name='no_shipping' value='1'><input type='hidden' name='no_note' value='0'><input type='hidden' name='currency_code' value='PLN'><\/form><\/div>\n","protected":false},"excerpt":{"rendered":"<p>Poni\u017cej przedstawiony fragment filmu ukazuje Offertorium czyli ofiarowanie Bogu przygotowanego wina i wody, kt\u00f3re po Przeistoczeniu stan\u0105 si\u0119 najdoskonalsz\u0105 Ofiar\u0105 z Cia\u0142a i Krwi Jego Syna. S\u0142owa kap\u0142ana oddaj\u0105 ogromny szacunek, cze\u015b\u0107 i wyra\u017caj\u0105 doskonale obecnie zapomnian\u0105 prawd\u0119: O\u0142tarz symbolizuj\u0105cy Chrystusa, na kt\u00f3rym dokonuje si\u0119 konsekracja chleba i wina w Cia\u0142o i Krew Chrystusa, jest [&hellip;]<\/p>\n","protected":false},"author":60508433,"featured_media":27891,"comment_status":"closed","ping_status":"closed","sticky":false,"template":"","format":"standard","meta":{"_bbp_topic_count":0,"_bbp_reply_count":0,"_bbp_total_topic_count":0,"_bbp_total_reply_count":0,"_bbp_voice_count":0,"_bbp_anonymous_reply_count":0,"_bbp_topic_count_hidden":0,"_bbp_reply_count_hidden":0,"_bbp_forum_subforum_count":0,"_editorskit_title_hidden":false,"_editorskit_reading_time":0,"_editorskit_is_block_options_detached":false,"_editorskit_block_options_position":"{}","_coblocks_attr":"","_coblocks_dimensions":"","_coblocks_responsive_height":"","_coblocks_accordion_ie_support":"","_exactmetrics_skip_tracking":false,"_jetpack_newsletter_access":"","_jetpack_dont_email_post_to_subs":false,"_jetpack_newsletter_tier_id":0,"_jetpack_memberships_contains_paywalled_content":false,"_wpcom_ai_launchpad_first_post":false,"_jetpack_feature_clip_id":0,"_jetpack_memberships_contains_paid_content":false,"footnotes":"","jetpack_publicize_message":"{title}\n\n{excerpt}\n\n{url}","jetpack_publicize_feature_enabled":true,"jetpack_social_post_already_shared":true,"jetpack_social_options":{"image_generator_settings":{"template":"highway","default_image_id":0,"font":"","enabled":false},"version":2},"_wpas_customize_per_network":false,"jetpack_post_was_ever_published":false},"categories":[543409776],"tags":[345758063,1181,302487833,1053804,610130673,26248122,345758042,7099852,345758035,345758057,594965,292396809],"class_list":["post-4020","post","type-post","status-publish","format-standard","has-post-thumbnail","hentry","category-tridentina-visualis","tag-deus-qui-humanae-substantiae","tag-dvd","tag-jak-odprawiac-msze-swieta-trydencka","tag-missa-tridentina","tag-msza-trydencka","tag-msza-wszechczasow","tag-offerimus-tibi","tag-offertorium","tag-qui-humanae-substantiae","tag-sanctificator","tag-veni","tag-wizualne-wprowadzenie-do-mszy-trydenckiej"],"yoast_head":"<!-- This site is optimized with the Yoast SEO plugin v28.4 - https:\/\/yoast.com\/product\/yoast-seo-wordpress\/ -->\n<title>\u201ePrzed Nim krocz\u0105 majestat i pi\u0119kno\u201d. Wizualne wprowadzenie do Mszy Trydenckiej. (cz. 8 z 16). Offertorium. Deus, qui - Veni, sanctificator. - Tradycja i Wiara<\/title>\n<meta name=\"robots\" content=\"index, follow, max-snippet:-1, max-image-preview:large, max-video-preview:-1\" \/>\n<link rel=\"canonical\" href=\"https:\/\/wobronietradycjiiwiary.com\/pl\/przed-nim-krocza-majestat-i-piekno-wizualne-wprowadzenie-do-mszy-trydenckiej-cz-8-z-16\/\" \/>\n<meta property=\"og:locale\" content=\"pl_PL\" \/>\n<meta property=\"og:type\" content=\"article\" \/>\n<meta property=\"og:title\" content=\"\u201ePrzed Nim krocz\u0105 majestat i pi\u0119kno\u201d. Wizualne wprowadzenie do Mszy Trydenckiej. (cz. 8 z 16). Offertorium. Deus, qui - Veni, sanctificator. - Tradycja i Wiara\" \/>\n<meta property=\"og:description\" content=\"Poni\u017cej przedstawiony fragment filmu ukazuje Offertorium czyli ofiarowanie Bogu przygotowanego wina i wody, kt\u00f3re po Przeistoczeniu stan\u0105 si\u0119 najdoskonalsz\u0105 Ofiar\u0105 z Cia\u0142a i Krwi Jego Syna. S\u0142owa kap\u0142ana oddaj\u0105 ogromny szacunek, cze\u015b\u0107 i wyra\u017caj\u0105 doskonale obecnie zapomnian\u0105 prawd\u0119: O\u0142tarz symbolizuj\u0105cy Chrystusa, na kt\u00f3rym dokonuje si\u0119 konsekracja chleba i wina w Cia\u0142o i Krew Chrystusa, jest [&hellip;]\" \/>\n<meta property=\"og:url\" content=\"https:\/\/wobronietradycjiiwiary.com\/pl\/przed-nim-krocza-majestat-i-piekno-wizualne-wprowadzenie-do-mszy-trydenckiej-cz-8-z-16\/\" \/>\n<meta property=\"og:site_name\" content=\"Tradycja i Wiara\" \/>\n<meta property=\"article:publisher\" content=\"https:\/\/www.facebook.com\/Tradycja-i-Wiara-108813920592249\" \/>\n<meta property=\"article:published_time\" content=\"2015-02-24T11:00:05+00:00\" \/>\n<meta property=\"article:modified_time\" content=\"2025-12-23T16:52:23+00:00\" \/>\n<meta property=\"og:image\" content=\"https:\/\/i2.wp.com\/wobronietradycjiiwiary.com\/wp-content\/uploads\/2020\/04\/a66b8eb860630f3502c97fb29fc5de6e.jpg?fit=919%2C1280&ssl=1\" \/>\n\t<meta property=\"og:image:width\" content=\"919\" \/>\n\t<meta property=\"og:image:height\" content=\"1280\" \/>\n\t<meta property=\"og:image:type\" content=\"image\/jpeg\" \/>\n<meta name=\"author\" content=\"Traditio et Fides\" \/>\n<meta name=\"twitter:card\" content=\"summary_large_image\" \/>\n<meta name=\"twitter:label1\" content=\"Napisane przez\" \/>\n\t<meta name=\"twitter:data1\" content=\"Traditio et Fides\" \/>\n\t<meta name=\"twitter:label2\" content=\"Szacowany czas czytania\" \/>\n\t<meta name=\"twitter:data2\" content=\"2 minuty\" \/>\n<script type=\"application\/ld+json\" class=\"yoast-schema-graph\">{\"@context\":\"https:\\\/\\\/schema.org\",\"@graph\":[{\"@type\":\"Article\",\"@id\":\"https:\\\/\\\/wobronietradycjiiwiary.com\\\/przed-nim-krocza-majestat-i-piekno-wizualne-wprowadzenie-do-mszy-trydenckiej-cz-8-z-16\\\/#article\",\"isPartOf\":{\"@id\":\"https:\\\/\\\/wobronietradycjiiwiary.com\\\/przed-nim-krocza-majestat-i-piekno-wizualne-wprowadzenie-do-mszy-trydenckiej-cz-8-z-16\\\/\"},\"author\":{\"name\":\"Traditio et Fides\",\"@id\":\"https:\\\/\\\/wobronietradycjiiwiary.com\\\/pl\\\/#\\\/schema\\\/person\\\/2d6180ce6abcb681fef0daab7816e8f3\"},\"headline\":\"\u201ePrzed Nim krocz\u0105 majestat i pi\u0119kno\u201d. Wizualne wprowadzenie do Mszy Trydenckiej. (cz. 8 z 16). Offertorium. Deus, qui &#8211; Veni, sanctificator.\",\"datePublished\":\"2015-02-24T11:00:05+00:00\",\"dateModified\":\"2025-12-23T16:52:23+00:00\",\"mainEntityOfPage\":{\"@id\":\"https:\\\/\\\/wobronietradycjiiwiary.com\\\/przed-nim-krocza-majestat-i-piekno-wizualne-wprowadzenie-do-mszy-trydenckiej-cz-8-z-16\\\/\"},\"wordCount\":447,\"publisher\":{\"@id\":\"https:\\\/\\\/wobronietradycjiiwiary.com\\\/pl\\\/#organization\"},\"image\":{\"@id\":\"https:\\\/\\\/wobronietradycjiiwiary.com\\\/przed-nim-krocza-majestat-i-piekno-wizualne-wprowadzenie-do-mszy-trydenckiej-cz-8-z-16\\\/#primaryimage\"},\"thumbnailUrl\":\"https:\\\/\\\/wobronietradycjiiwiary.com\\\/wp-content\\\/uploads\\\/2020\\\/04\\\/a66b8eb860630f3502c97fb29fc5de6e.jpg\",\"keywords\":[\"Deus qui humanae substantiae\",\"DVD\",\"jak odprawia\u0107 Msz\u0119 \u015awi\u0119t\u0105 Trydenck\u0105\",\"Missa Tridentina\",\"Msza Trydencka\",\"Msza Wszechczas\u00f3w\",\"Offerimus tibi\",\"offertorium\",\"qui humanae substantiae\",\"sanctificator\",\"Veni\",\"Wizualne wprowadzenie do Mszy Trydenckiej\"],\"articleSection\":[\"Tridentina visualis\"],\"inLanguage\":\"pl-PL\"},{\"@type\":\"WebPage\",\"@id\":\"https:\\\/\\\/wobronietradycjiiwiary.com\\\/przed-nim-krocza-majestat-i-piekno-wizualne-wprowadzenie-do-mszy-trydenckiej-cz-8-z-16\\\/\",\"url\":\"https:\\\/\\\/wobronietradycjiiwiary.com\\\/przed-nim-krocza-majestat-i-piekno-wizualne-wprowadzenie-do-mszy-trydenckiej-cz-8-z-16\\\/\",\"name\":\"\u201ePrzed Nim krocz\u0105 majestat i pi\u0119kno\u201d. Wizualne wprowadzenie do Mszy Trydenckiej. (cz. 8 z 16). Offertorium. Deus, qui - Veni, sanctificator. - Tradycja i Wiara\",\"isPartOf\":{\"@id\":\"https:\\\/\\\/wobronietradycjiiwiary.com\\\/pl\\\/#website\"},\"primaryImageOfPage\":{\"@id\":\"https:\\\/\\\/wobronietradycjiiwiary.com\\\/przed-nim-krocza-majestat-i-piekno-wizualne-wprowadzenie-do-mszy-trydenckiej-cz-8-z-16\\\/#primaryimage\"},\"image\":{\"@id\":\"https:\\\/\\\/wobronietradycjiiwiary.com\\\/przed-nim-krocza-majestat-i-piekno-wizualne-wprowadzenie-do-mszy-trydenckiej-cz-8-z-16\\\/#primaryimage\"},\"thumbnailUrl\":\"https:\\\/\\\/wobronietradycjiiwiary.com\\\/wp-content\\\/uploads\\\/2020\\\/04\\\/a66b8eb860630f3502c97fb29fc5de6e.jpg\",\"datePublished\":\"2015-02-24T11:00:05+00:00\",\"dateModified\":\"2025-12-23T16:52:23+00:00\",\"breadcrumb\":{\"@id\":\"https:\\\/\\\/wobronietradycjiiwiary.com\\\/przed-nim-krocza-majestat-i-piekno-wizualne-wprowadzenie-do-mszy-trydenckiej-cz-8-z-16\\\/#breadcrumb\"},\"inLanguage\":\"pl-PL\",\"potentialAction\":[{\"@type\":\"ReadAction\",\"target\":[\"https:\\\/\\\/wobronietradycjiiwiary.com\\\/przed-nim-krocza-majestat-i-piekno-wizualne-wprowadzenie-do-mszy-trydenckiej-cz-8-z-16\\\/\"]}]},{\"@type\":\"ImageObject\",\"inLanguage\":\"pl-PL\",\"@id\":\"https:\\\/\\\/wobronietradycjiiwiary.com\\\/przed-nim-krocza-majestat-i-piekno-wizualne-wprowadzenie-do-mszy-trydenckiej-cz-8-z-16\\\/#primaryimage\",\"url\":\"https:\\\/\\\/wobronietradycjiiwiary.com\\\/wp-content\\\/uploads\\\/2020\\\/04\\\/a66b8eb860630f3502c97fb29fc5de6e.jpg\",\"contentUrl\":\"https:\\\/\\\/wobronietradycjiiwiary.com\\\/wp-content\\\/uploads\\\/2020\\\/04\\\/a66b8eb860630f3502c97fb29fc5de6e.jpg\",\"width\":919,\"height\":1280,\"caption\":\"\u201ePrzed Nim krocz\u0105 majestat i pi\u0119kno\u201d. Wizualne wprowadzenie do Mszy Trydenckiej. (cz. 12 z 16)\"},{\"@type\":\"BreadcrumbList\",\"@id\":\"https:\\\/\\\/wobronietradycjiiwiary.com\\\/przed-nim-krocza-majestat-i-piekno-wizualne-wprowadzenie-do-mszy-trydenckiej-cz-8-z-16\\\/#breadcrumb\",\"itemListElement\":[{\"@type\":\"ListItem\",\"position\":1,\"name\":\"Strona g\u0142\u00f3wna\",\"item\":\"https:\\\/\\\/wobronietradycjiiwiary.com\\\/\"},{\"@type\":\"ListItem\",\"position\":2,\"name\":\"\u201ePrzed Nim krocz\u0105 majestat i pi\u0119kno\u201d. Wizualne wprowadzenie do Mszy Trydenckiej. (cz. 8 z 16)\"}]},{\"@type\":\"WebSite\",\"@id\":\"https:\\\/\\\/wobronietradycjiiwiary.com\\\/pl\\\/#website\",\"url\":\"https:\\\/\\\/wobronietradycjiiwiary.com\\\/pl\\\/\",\"name\":\"Tradycja i Wiara\",\"description\":\"Portal dla katolik\u00f3w.\",\"publisher\":{\"@id\":\"https:\\\/\\\/wobronietradycjiiwiary.com\\\/pl\\\/#organization\"},\"potentialAction\":[{\"@type\":\"SearchAction\",\"target\":{\"@type\":\"EntryPoint\",\"urlTemplate\":\"https:\\\/\\\/wobronietradycjiiwiary.com\\\/pl\\\/?s={search_term_string}\"},\"query-input\":{\"@type\":\"PropertyValueSpecification\",\"valueRequired\":true,\"valueName\":\"search_term_string\"}}],\"inLanguage\":\"pl-PL\"},{\"@type\":\"Organization\",\"@id\":\"https:\\\/\\\/wobronietradycjiiwiary.com\\\/pl\\\/#organization\",\"name\":\"Tradycja i Wiara\",\"url\":\"https:\\\/\\\/wobronietradycjiiwiary.com\\\/pl\\\/\",\"logo\":{\"@type\":\"ImageObject\",\"inLanguage\":\"pl-PL\",\"@id\":\"https:\\\/\\\/wobronietradycjiiwiary.com\\\/pl\\\/#\\\/schema\\\/logo\\\/image\\\/\",\"url\":\"https:\\\/\\\/i0.wp.com\\\/wobronietradycjiiwiary.com\\\/wp-content\\\/uploads\\\/2015\\\/10\\\/cropped-st-peters-dome-vatican.jpg?fit=940%2C198&ssl=1\",\"contentUrl\":\"https:\\\/\\\/i0.wp.com\\\/wobronietradycjiiwiary.com\\\/wp-content\\\/uploads\\\/2015\\\/10\\\/cropped-st-peters-dome-vatican.jpg?fit=940%2C198&ssl=1\",\"width\":940,\"height\":198,\"caption\":\"Tradycja i Wiara\"},\"image\":{\"@id\":\"https:\\\/\\\/wobronietradycjiiwiary.com\\\/pl\\\/#\\\/schema\\\/logo\\\/image\\\/\"},\"sameAs\":[\"https:\\\/\\\/www.facebook.com\\\/Tradycja-i-Wiara-108813920592249\"]},{\"@type\":\"Person\",\"@id\":\"https:\\\/\\\/wobronietradycjiiwiary.com\\\/pl\\\/#\\\/schema\\\/person\\\/2d6180ce6abcb681fef0daab7816e8f3\",\"name\":\"Traditio et Fides\",\"sameAs\":[\"https:\\\/\\\/traditionundglauben.com\"],\"url\":\"https:\\\/\\\/wobronietradycjiiwiary.com\\\/pl\\\/author\\\/wobronietradycjiiwiary\\\/\"}]}<\/script>\n<!-- \/ Yoast SEO plugin. -->","yoast_head_json":{"title":"\u201ePrzed Nim krocz\u0105 majestat i pi\u0119kno\u201d. Wizualne wprowadzenie do Mszy Trydenckiej. (cz. 8 z 16). Offertorium. Deus, qui - Veni, sanctificator. - Tradycja i Wiara","robots":{"index":"index","follow":"follow","max-snippet":"max-snippet:-1","max-image-preview":"max-image-preview:large","max-video-preview":"max-video-preview:-1"},"canonical":"https:\/\/wobronietradycjiiwiary.com\/pl\/przed-nim-krocza-majestat-i-piekno-wizualne-wprowadzenie-do-mszy-trydenckiej-cz-8-z-16\/","og_locale":"pl_PL","og_type":"article","og_title":"\u201ePrzed Nim krocz\u0105 majestat i pi\u0119kno\u201d. Wizualne wprowadzenie do Mszy Trydenckiej. (cz. 8 z 16). Offertorium. Deus, qui - Veni, sanctificator. - Tradycja i Wiara","og_description":"Poni\u017cej przedstawiony fragment filmu ukazuje Offertorium czyli ofiarowanie Bogu przygotowanego wina i wody, kt\u00f3re po Przeistoczeniu stan\u0105 si\u0119 najdoskonalsz\u0105 Ofiar\u0105 z Cia\u0142a i Krwi Jego Syna. S\u0142owa kap\u0142ana oddaj\u0105 ogromny szacunek, cze\u015b\u0107 i wyra\u017caj\u0105 doskonale obecnie zapomnian\u0105 prawd\u0119: O\u0142tarz symbolizuj\u0105cy Chrystusa, na kt\u00f3rym dokonuje si\u0119 konsekracja chleba i wina w Cia\u0142o i Krew Chrystusa, jest [&hellip;]","og_url":"https:\/\/wobronietradycjiiwiary.com\/pl\/przed-nim-krocza-majestat-i-piekno-wizualne-wprowadzenie-do-mszy-trydenckiej-cz-8-z-16\/","og_site_name":"Tradycja i Wiara","article_publisher":"https:\/\/www.facebook.com\/Tradycja-i-Wiara-108813920592249","article_published_time":"2015-02-24T11:00:05+00:00","article_modified_time":"2025-12-23T16:52:23+00:00","og_image":[{"width":919,"height":1280,"url":"https:\/\/i2.wp.com\/wobronietradycjiiwiary.com\/wp-content\/uploads\/2020\/04\/a66b8eb860630f3502c97fb29fc5de6e.jpg?fit=919%2C1280&ssl=1","type":"image\/jpeg"}],"author":"Traditio et Fides","twitter_card":"summary_large_image","twitter_misc":{"Napisane przez":"Traditio et Fides","Szacowany czas czytania":"2 minuty"},"schema":{"@context":"https:\/\/schema.org","@graph":[{"@type":"Article","@id":"https:\/\/wobronietradycjiiwiary.com\/przed-nim-krocza-majestat-i-piekno-wizualne-wprowadzenie-do-mszy-trydenckiej-cz-8-z-16\/#article","isPartOf":{"@id":"https:\/\/wobronietradycjiiwiary.com\/przed-nim-krocza-majestat-i-piekno-wizualne-wprowadzenie-do-mszy-trydenckiej-cz-8-z-16\/"},"author":{"name":"Traditio et Fides","@id":"https:\/\/wobronietradycjiiwiary.com\/pl\/#\/schema\/person\/2d6180ce6abcb681fef0daab7816e8f3"},"headline":"\u201ePrzed Nim krocz\u0105 majestat i pi\u0119kno\u201d. Wizualne wprowadzenie do Mszy Trydenckiej. (cz. 8 z 16). Offertorium. Deus, qui &#8211; Veni, sanctificator.","datePublished":"2015-02-24T11:00:05+00:00","dateModified":"2025-12-23T16:52:23+00:00","mainEntityOfPage":{"@id":"https:\/\/wobronietradycjiiwiary.com\/przed-nim-krocza-majestat-i-piekno-wizualne-wprowadzenie-do-mszy-trydenckiej-cz-8-z-16\/"},"wordCount":447,"publisher":{"@id":"https:\/\/wobronietradycjiiwiary.com\/pl\/#organization"},"image":{"@id":"https:\/\/wobronietradycjiiwiary.com\/przed-nim-krocza-majestat-i-piekno-wizualne-wprowadzenie-do-mszy-trydenckiej-cz-8-z-16\/#primaryimage"},"thumbnailUrl":"https:\/\/wobronietradycjiiwiary.com\/wp-content\/uploads\/2020\/04\/a66b8eb860630f3502c97fb29fc5de6e.jpg","keywords":["Deus qui humanae substantiae","DVD","jak odprawia\u0107 Msz\u0119 \u015awi\u0119t\u0105 Trydenck\u0105","Missa Tridentina","Msza Trydencka","Msza Wszechczas\u00f3w","Offerimus tibi","offertorium","qui humanae substantiae","sanctificator","Veni","Wizualne wprowadzenie do Mszy Trydenckiej"],"articleSection":["Tridentina visualis"],"inLanguage":"pl-PL"},{"@type":"WebPage","@id":"https:\/\/wobronietradycjiiwiary.com\/przed-nim-krocza-majestat-i-piekno-wizualne-wprowadzenie-do-mszy-trydenckiej-cz-8-z-16\/","url":"https:\/\/wobronietradycjiiwiary.com\/przed-nim-krocza-majestat-i-piekno-wizualne-wprowadzenie-do-mszy-trydenckiej-cz-8-z-16\/","name":"\u201ePrzed Nim krocz\u0105 majestat i pi\u0119kno\u201d. Wizualne wprowadzenie do Mszy Trydenckiej. (cz. 8 z 16). Offertorium. Deus, qui - Veni, sanctificator. - Tradycja i Wiara","isPartOf":{"@id":"https:\/\/wobronietradycjiiwiary.com\/pl\/#website"},"primaryImageOfPage":{"@id":"https:\/\/wobronietradycjiiwiary.com\/przed-nim-krocza-majestat-i-piekno-wizualne-wprowadzenie-do-mszy-trydenckiej-cz-8-z-16\/#primaryimage"},"image":{"@id":"https:\/\/wobronietradycjiiwiary.com\/przed-nim-krocza-majestat-i-piekno-wizualne-wprowadzenie-do-mszy-trydenckiej-cz-8-z-16\/#primaryimage"},"thumbnailUrl":"https:\/\/wobronietradycjiiwiary.com\/wp-content\/uploads\/2020\/04\/a66b8eb860630f3502c97fb29fc5de6e.jpg","datePublished":"2015-02-24T11:00:05+00:00","dateModified":"2025-12-23T16:52:23+00:00","breadcrumb":{"@id":"https:\/\/wobronietradycjiiwiary.com\/przed-nim-krocza-majestat-i-piekno-wizualne-wprowadzenie-do-mszy-trydenckiej-cz-8-z-16\/#breadcrumb"},"inLanguage":"pl-PL","potentialAction":[{"@type":"ReadAction","target":["https:\/\/wobronietradycjiiwiary.com\/przed-nim-krocza-majestat-i-piekno-wizualne-wprowadzenie-do-mszy-trydenckiej-cz-8-z-16\/"]}]},{"@type":"ImageObject","inLanguage":"pl-PL","@id":"https:\/\/wobronietradycjiiwiary.com\/przed-nim-krocza-majestat-i-piekno-wizualne-wprowadzenie-do-mszy-trydenckiej-cz-8-z-16\/#primaryimage","url":"https:\/\/wobronietradycjiiwiary.com\/wp-content\/uploads\/2020\/04\/a66b8eb860630f3502c97fb29fc5de6e.jpg","contentUrl":"https:\/\/wobronietradycjiiwiary.com\/wp-content\/uploads\/2020\/04\/a66b8eb860630f3502c97fb29fc5de6e.jpg","width":919,"height":1280,"caption":"\u201ePrzed Nim krocz\u0105 majestat i pi\u0119kno\u201d. Wizualne wprowadzenie do Mszy Trydenckiej. (cz. 12 z 16)"},{"@type":"BreadcrumbList","@id":"https:\/\/wobronietradycjiiwiary.com\/przed-nim-krocza-majestat-i-piekno-wizualne-wprowadzenie-do-mszy-trydenckiej-cz-8-z-16\/#breadcrumb","itemListElement":[{"@type":"ListItem","position":1,"name":"Strona g\u0142\u00f3wna","item":"https:\/\/wobronietradycjiiwiary.com\/"},{"@type":"ListItem","position":2,"name":"\u201ePrzed Nim krocz\u0105 majestat i pi\u0119kno\u201d. Wizualne wprowadzenie do Mszy Trydenckiej. (cz. 8 z 16)"}]},{"@type":"WebSite","@id":"https:\/\/wobronietradycjiiwiary.com\/pl\/#website","url":"https:\/\/wobronietradycjiiwiary.com\/pl\/","name":"Tradycja i Wiara","description":"Portal dla katolik\u00f3w.","publisher":{"@id":"https:\/\/wobronietradycjiiwiary.com\/pl\/#organization"},"potentialAction":[{"@type":"SearchAction","target":{"@type":"EntryPoint","urlTemplate":"https:\/\/wobronietradycjiiwiary.com\/pl\/?s={search_term_string}"},"query-input":{"@type":"PropertyValueSpecification","valueRequired":true,"valueName":"search_term_string"}}],"inLanguage":"pl-PL"},{"@type":"Organization","@id":"https:\/\/wobronietradycjiiwiary.com\/pl\/#organization","name":"Tradycja i Wiara","url":"https:\/\/wobronietradycjiiwiary.com\/pl\/","logo":{"@type":"ImageObject","inLanguage":"pl-PL","@id":"https:\/\/wobronietradycjiiwiary.com\/pl\/#\/schema\/logo\/image\/","url":"https:\/\/i0.wp.com\/wobronietradycjiiwiary.com\/wp-content\/uploads\/2015\/10\/cropped-st-peters-dome-vatican.jpg?fit=940%2C198&ssl=1","contentUrl":"https:\/\/i0.wp.com\/wobronietradycjiiwiary.com\/wp-content\/uploads\/2015\/10\/cropped-st-peters-dome-vatican.jpg?fit=940%2C198&ssl=1","width":940,"height":198,"caption":"Tradycja i Wiara"},"image":{"@id":"https:\/\/wobronietradycjiiwiary.com\/pl\/#\/schema\/logo\/image\/"},"sameAs":["https:\/\/www.facebook.com\/Tradycja-i-Wiara-108813920592249"]},{"@type":"Person","@id":"https:\/\/wobronietradycjiiwiary.com\/pl\/#\/schema\/person\/2d6180ce6abcb681fef0daab7816e8f3","name":"Traditio et Fides","sameAs":["https:\/\/traditionundglauben.com"],"url":"https:\/\/wobronietradycjiiwiary.com\/pl\/author\/wobronietradycjiiwiary\/"}]}},"jetpack_publicize_connections":[],"jetpack_sharing_enabled":true,"jetpack_likes_enabled":true,"jetpack_shortlink":"https:\/\/wp.me\/pc04Sd-12Q","jetpack-related-posts":[{"id":3459,"url":"https:\/\/wobronietradycjiiwiary.com\/pl\/przed-nim-krocza-majestat-i-piekno-wizualne-wprowadzenie-do-mszy-trydenckiej-cz-7-z-16\/","url_meta":{"origin":4020,"position":0},"title":"\u201ePrzed Nim krocz\u0105 majestat i pi\u0119kno\u201d. Wizualne wprowadzenie do Mszy Trydenckiej. (cz. 7 z 16). Offertorium. Suscipe.","author":"Traditio et Fides","date":"4 lutego 2015","format":false,"excerpt":"Przedstawiony film ukazuje pierwsze momenty Offertorium czyli Ofiarowania.\u00a0\u00a0 Jak\u017ce bogata jest symbolika oddaj\u0105ca szacunek i tajemnice tej Ofiary, kt\u00f3ra ma nast\u0105pi\u0107. Po Offertorium nast\u0119puje Kanon, kt\u00f3ry jest najwa\u017cniejszym momentem Mszy \u015awi\u0119tej, gdzie dokonuje si\u0119 Przeistoczenie. Ju\u017c teraz w s\u0142owach, gestach kap\u0142a\u0144skich widoczna si\u0119 blisko\u015b\u0107 tego momentu, wprowadzenie w\u00a0 tajemnic\u0119 ofiary\u2026","rel":"","context":"W \u201eTridentina visualis&quot;","block_context":{"text":"Tridentina visualis","link":"https:\/\/wobronietradycjiiwiary.com\/pl\/category\/duchowosc\/liturgia-i-liturgika\/msza-trydencka\/tridentina-visualis\/"},"img":{"alt_text":"","src":"https:\/\/i0.wp.com\/wobronietradycjiiwiary.com\/wp-content\/uploads\/2020\/04\/a66b8eb860630f3502c97fb29fc5de6e.jpg?resize=350%2C200&ssl=1","width":350,"height":200,"srcset":"https:\/\/i0.wp.com\/wobronietradycjiiwiary.com\/wp-content\/uploads\/2020\/04\/a66b8eb860630f3502c97fb29fc5de6e.jpg?resize=350%2C200&ssl=1 1x, https:\/\/i0.wp.com\/wobronietradycjiiwiary.com\/wp-content\/uploads\/2020\/04\/a66b8eb860630f3502c97fb29fc5de6e.jpg?resize=525%2C300&ssl=1 1.5x, https:\/\/i0.wp.com\/wobronietradycjiiwiary.com\/wp-content\/uploads\/2020\/04\/a66b8eb860630f3502c97fb29fc5de6e.jpg?resize=700%2C400&ssl=1 2x"},"classes":[]},{"id":2531,"url":"https:\/\/wobronietradycjiiwiary.com\/pl\/przed-nim-krocza-majestat-i-piekno-wizualne-wprowadzenie-do-mszy-trydenckiej-cz-2-z-16\/","url_meta":{"origin":4020,"position":1},"title":"\u201ePrzed Nim krocz\u0105 majestat i pi\u0119kno\u201d. Wizualne wprowadzenie do Mszy Trydenckiej. (cz. 2 z 16). Wst\u0119p (2). Przygotowania w zakrystii.","author":"Traditio et Fides","date":"29 pa\u017adziernika 2014","format":false,"excerpt":"Cykl ukazuj\u0105cy tre\u015b\u0107, form\u0119 i wizualne pi\u0119kno celebry Mszy Trydenckiej.","rel":"","context":"W \u201eTridentina visualis&quot;","block_context":{"text":"Tridentina visualis","link":"https:\/\/wobronietradycjiiwiary.com\/pl\/category\/duchowosc\/liturgia-i-liturgika\/msza-trydencka\/tridentina-visualis\/"},"img":{"alt_text":"","src":"https:\/\/i0.wp.com\/wobronietradycjiiwiary.com\/wp-content\/uploads\/2020\/04\/a66b8eb860630f3502c97fb29fc5de6e.jpg?resize=350%2C200&ssl=1","width":350,"height":200,"srcset":"https:\/\/i0.wp.com\/wobronietradycjiiwiary.com\/wp-content\/uploads\/2020\/04\/a66b8eb860630f3502c97fb29fc5de6e.jpg?resize=350%2C200&ssl=1 1x, https:\/\/i0.wp.com\/wobronietradycjiiwiary.com\/wp-content\/uploads\/2020\/04\/a66b8eb860630f3502c97fb29fc5de6e.jpg?resize=525%2C300&ssl=1 1.5x, https:\/\/i0.wp.com\/wobronietradycjiiwiary.com\/wp-content\/uploads\/2020\/04\/a66b8eb860630f3502c97fb29fc5de6e.jpg?resize=700%2C400&ssl=1 2x"},"classes":[]},{"id":2667,"url":"https:\/\/wobronietradycjiiwiary.com\/pl\/przed-nim-krocza-majestat-i-piekno-wizualne-wprowadzenie-do-mszy-trydenckiej-cz-3-z-16\/","url_meta":{"origin":4020,"position":2},"title":"\u201ePrzed Nim krocz\u0105 majestat i pi\u0119kno\u201d. Wizualne wprowadzenie do Mszy Trydenckiej. (3 z 16). Gesty przy o\u0142tarzu","author":"Traditio et Fides","date":"12 listopada 2014","format":false,"excerpt":"Poni\u017cszy film ukazuje pieczo\u0142owito\u015b\u0107, z kt\u00f3r\u0105 wszelkie detale przed rozpocz\u0119ciem Mszy \u015awi\u0119tej s\u0105 przygotowywane. Ka\u017cdy gest i przedmiot maj\u0105 w\u0142a\u015bciwe miejsce oraz podkre\u015blaj\u0105 godno\u015b\u0107 i wielko\u015b\u0107 tajemnic, kt\u00f3rych celebracja rozpocznie si\u0119 za moment. \/wotiw\/","rel":"","context":"W \u201eTridentina visualis&quot;","block_context":{"text":"Tridentina visualis","link":"https:\/\/wobronietradycjiiwiary.com\/pl\/category\/duchowosc\/liturgia-i-liturgika\/msza-trydencka\/tridentina-visualis\/"},"img":{"alt_text":"","src":"https:\/\/i0.wp.com\/wobronietradycjiiwiary.com\/wp-content\/uploads\/2020\/04\/a66b8eb860630f3502c97fb29fc5de6e.jpg?resize=350%2C200&ssl=1","width":350,"height":200,"srcset":"https:\/\/i0.wp.com\/wobronietradycjiiwiary.com\/wp-content\/uploads\/2020\/04\/a66b8eb860630f3502c97fb29fc5de6e.jpg?resize=350%2C200&ssl=1 1x, https:\/\/i0.wp.com\/wobronietradycjiiwiary.com\/wp-content\/uploads\/2020\/04\/a66b8eb860630f3502c97fb29fc5de6e.jpg?resize=525%2C300&ssl=1 1.5x, https:\/\/i0.wp.com\/wobronietradycjiiwiary.com\/wp-content\/uploads\/2020\/04\/a66b8eb860630f3502c97fb29fc5de6e.jpg?resize=700%2C400&ssl=1 2x"},"classes":[]},{"id":2797,"url":"https:\/\/wobronietradycjiiwiary.com\/pl\/przed-nim-krocza-majestat-i-piekno-wizualne-wprowadzenie-do-mszy-trydenckiej-cz-4-z-16\/","url_meta":{"origin":4020,"position":3},"title":"\u201ePrzed Nim krocz\u0105 majestat i pi\u0119kno\u201d. Wizualne wprowadzenie do Mszy Trydenckiej. (cz. 4 z 16). Modlitwy u stopni o\u0142tarza. Confiteor","author":"Traditio et Fides","date":"26 listopada 2014","format":false,"excerpt":"Kolejny fragment ukazuje ruchy, gesty i s\u0142owa modlitwy u st\u00f3p o\u0142tarza b\u0119d\u0105cej pierwsz\u0105, wprowadzaj\u0105c\u0105 cz\u0119\u015bci\u0105 tzw. Mszy Katechumen\u00f3w. Zwr\u00f3\u0107my uwag\u0119 na precyzj\u0119 i choreografi\u0119 ruch\u00f3w zar\u00f3wno kap\u0142ana jak i ministranta, kt\u00f3re oddaj\u0105 w ka\u017cdym szczeg\u00f3le cze\u015b\u0107 nale\u017cn\u0105 naj\u015bwi\u0119tszym tajemnicom naszej wiary. J\u0119zyk cia\u0142a staje si\u0119 j\u0119zykiem liturgii, a ta wyra\u017ca\u2026","rel":"","context":"W \u201eMsza Trydencka&quot;","block_context":{"text":"Msza Trydencka","link":"https:\/\/wobronietradycjiiwiary.com\/pl\/category\/duchowosc\/liturgia-i-liturgika\/msza-trydencka\/"},"img":{"alt_text":"","src":"https:\/\/i0.wp.com\/wobronietradycjiiwiary.com\/wp-content\/uploads\/2020\/04\/a66b8eb860630f3502c97fb29fc5de6e.jpg?resize=350%2C200&ssl=1","width":350,"height":200,"srcset":"https:\/\/i0.wp.com\/wobronietradycjiiwiary.com\/wp-content\/uploads\/2020\/04\/a66b8eb860630f3502c97fb29fc5de6e.jpg?resize=350%2C200&ssl=1 1x, https:\/\/i0.wp.com\/wobronietradycjiiwiary.com\/wp-content\/uploads\/2020\/04\/a66b8eb860630f3502c97fb29fc5de6e.jpg?resize=525%2C300&ssl=1 1.5x, https:\/\/i0.wp.com\/wobronietradycjiiwiary.com\/wp-content\/uploads\/2020\/04\/a66b8eb860630f3502c97fb29fc5de6e.jpg?resize=700%2C400&ssl=1 2x"},"classes":[]},{"id":2931,"url":"https:\/\/wobronietradycjiiwiary.com\/pl\/przed-nim-krocza-majestat-i-piekno-wizualne-wprowadzenie-do-mszy-trydenckiej-cz-5-z-16\/","url_meta":{"origin":4020,"position":4},"title":"\u201ePrzed Nim krocz\u0105 majestat i pi\u0119kno\u201d. Wizualne wprowadzenie do Mszy Trydenckiej. (cz. 5 z 16). Gloria.","author":"Traditio et Fides","date":"10 grudnia 2014","format":false,"excerpt":"Ukazany w poni\u017cszym\u00a0 filmie fragment Mszy \u015awi\u0119tej zawiera moment dzi\u0119kczynienia Bogu za wszystkie dary, jakie otrzymujemy od Przenaj\u015bwi\u0119tszej Tr\u00f3jcy. Zwr\u00f3\u0107my po raz kolejny uwag\u0119 na to, jak ka\u017cdy gest cia\u0142a oddaje jedno\u015b\u0107 \u015bwiata duchowego i materialnego. Cia\u0142o celebransa jest elementem duchowego porz\u0105dku, gdy poprzez ka\u017cd\u0105 czynno\u015b\u0107, bior\u0105c udzia\u0142 w prze\u017cywaniu\u2026","rel":"","context":"W \u201eMsza Trydencka&quot;","block_context":{"text":"Msza Trydencka","link":"https:\/\/wobronietradycjiiwiary.com\/pl\/category\/duchowosc\/liturgia-i-liturgika\/msza-trydencka\/"},"img":{"alt_text":"","src":"https:\/\/i0.wp.com\/wobronietradycjiiwiary.com\/wp-content\/uploads\/2020\/04\/a66b8eb860630f3502c97fb29fc5de6e.jpg?resize=350%2C200&ssl=1","width":350,"height":200,"srcset":"https:\/\/i0.wp.com\/wobronietradycjiiwiary.com\/wp-content\/uploads\/2020\/04\/a66b8eb860630f3502c97fb29fc5de6e.jpg?resize=350%2C200&ssl=1 1x, https:\/\/i0.wp.com\/wobronietradycjiiwiary.com\/wp-content\/uploads\/2020\/04\/a66b8eb860630f3502c97fb29fc5de6e.jpg?resize=525%2C300&ssl=1 1.5x, https:\/\/i0.wp.com\/wobronietradycjiiwiary.com\/wp-content\/uploads\/2020\/04\/a66b8eb860630f3502c97fb29fc5de6e.jpg?resize=700%2C400&ssl=1 2x"},"classes":[]},{"id":10505,"url":"https:\/\/wobronietradycjiiwiary.com\/pl\/przed-nim-krocza-majestat-i-piekno-wizualne-wprowadzenie-do-mszy-trydenckiej-cz-15-z-16\/","url_meta":{"origin":4020,"position":5},"title":"Przed Nim krocz\u0105 majestat i pi\u0119kno\u201d. Wizualne wprowadzenie do Mszy Trydenckiej. (cz. 15 z 16). Quod ore &#8211; Postcommunio.","author":"Traditio et Fides","date":"17 pa\u017adziernika 2016","format":false,"excerpt":"Po komunii ludu kap\u0142an dokonuje puryfikacji pateny oraz kielicha, po czym nast\u0119puje modlitwa Postcommunio, inna podczas ka\u017cdej mszy. Tak\u017ce w tej cz\u0119\u015bci wida\u0107 wymagan\u0105 precyzj\u0119 ruch\u00f3w i gest\u00f3w. Kolejny balet r\u0105k i palc\u00f3w. Dzi\u0119kczynienie Po czym ministrant bierze ampu\u0142ki i nalewa wina do kielicha. Kap\u0142an modli si\u0119: Quod ore sumpsimus\u2026","rel":"","context":"W \u201eTridentina visualis&quot;","block_context":{"text":"Tridentina visualis","link":"https:\/\/wobronietradycjiiwiary.com\/pl\/category\/duchowosc\/liturgia-i-liturgika\/msza-trydencka\/tridentina-visualis\/"},"img":{"alt_text":"","src":"https:\/\/i0.wp.com\/wobronietradycjiiwiary.com\/wp-content\/uploads\/2020\/04\/a66b8eb860630f3502c97fb29fc5de6e.jpg?resize=350%2C200&ssl=1","width":350,"height":200,"srcset":"https:\/\/i0.wp.com\/wobronietradycjiiwiary.com\/wp-content\/uploads\/2020\/04\/a66b8eb860630f3502c97fb29fc5de6e.jpg?resize=350%2C200&ssl=1 1x, https:\/\/i0.wp.com\/wobronietradycjiiwiary.com\/wp-content\/uploads\/2020\/04\/a66b8eb860630f3502c97fb29fc5de6e.jpg?resize=525%2C300&ssl=1 1.5x, https:\/\/i0.wp.com\/wobronietradycjiiwiary.com\/wp-content\/uploads\/2020\/04\/a66b8eb860630f3502c97fb29fc5de6e.jpg?resize=700%2C400&ssl=1 2x"},"classes":[]}],"amp_enabled":true,"jetpack_featured_media_url":"https:\/\/wobronietradycjiiwiary.com\/wp-content\/uploads\/2020\/04\/a66b8eb860630f3502c97fb29fc5de6e.jpg","_links":{"self":[{"href":"https:\/\/wobronietradycjiiwiary.com\/pl\/wp-json\/wp\/v2\/posts\/4020","targetHints":{"allow":["GET"]}}],"collection":[{"href":"https:\/\/wobronietradycjiiwiary.com\/pl\/wp-json\/wp\/v2\/posts"}],"about":[{"href":"https:\/\/wobronietradycjiiwiary.com\/pl\/wp-json\/wp\/v2\/types\/post"}],"author":[{"embeddable":true,"href":"https:\/\/wobronietradycjiiwiary.com\/pl\/wp-json\/wp\/v2\/users\/60508433"}],"replies":[{"embeddable":true,"href":"https:\/\/wobronietradycjiiwiary.com\/pl\/wp-json\/wp\/v2\/comments?post=4020"}],"version-history":[{"count":1,"href":"https:\/\/wobronietradycjiiwiary.com\/pl\/wp-json\/wp\/v2\/posts\/4020\/revisions"}],"predecessor-version":[{"id":157980,"href":"https:\/\/wobronietradycjiiwiary.com\/pl\/wp-json\/wp\/v2\/posts\/4020\/revisions\/157980"}],"wp:featuredmedia":[{"embeddable":true,"href":"https:\/\/wobronietradycjiiwiary.com\/pl\/wp-json\/wp\/v2\/media\/27891"}],"wp:attachment":[{"href":"https:\/\/wobronietradycjiiwiary.com\/pl\/wp-json\/wp\/v2\/media?parent=4020"}],"wp:term":[{"taxonomy":"category","embeddable":true,"href":"https:\/\/wobronietradycjiiwiary.com\/pl\/wp-json\/wp\/v2\/categories?post=4020"},{"taxonomy":"post_tag","embeddable":true,"href":"https:\/\/wobronietradycjiiwiary.com\/pl\/wp-json\/wp\/v2\/tags?post=4020"}],"curies":[{"name":"wp","href":"https:\/\/api.w.org\/{rel}","templated":true}]}}