{"id":40040,"date":"2020-12-07T19:00:27","date_gmt":"2020-12-07T18:00:27","guid":{"rendered":"https:\/\/wobronietradycjiiwiary.com\/?p=40040"},"modified":"2025-02-07T16:00:21","modified_gmt":"2025-02-07T15:00:21","slug":"proprium-missae-na-8-grudnia-niepokalane-poczecie-3","status":"publish","type":"post","link":"https:\/\/wobronietradycjiiwiary.com\/pl\/proprium-missae-na-8-grudnia-niepokalane-poczecie-3\/","title":{"rendered":"Proprium missae na 8 grudnia &#8211; Niepokalane Pocz\u0119cie"},"content":{"rendered":"<div id=\"bsf_rt_marker\"><\/div><p><span class=\"embed-youtube\" style=\"text-align:center; display: block;\"><iframe class=\"youtube-player\" width=\"580\" height=\"327\" src=\"https:\/\/www.youtube.com\/embed\/DBqdDUuX4ZY?version=3&#038;rel=1&#038;showsearch=0&#038;showinfo=1&#038;iv_load_policy=1&#038;fs=1&#038;hl=pl-PL&#038;autohide=2&#038;wmode=transparent\" allowfullscreen=\"true\" style=\"border:0;\" sandbox=\"allow-scripts allow-same-origin allow-popups allow-presentation allow-popups-to-escape-sandbox\"><\/iframe><\/span><\/p>\n<table>\n<tbody>\n<tr>\n<td colspan=\"2\" width=\"631\">\n<h3><strong><u>Introit<\/u><\/strong><u>: Iz 61, 10<\/u><\/h3>\n<\/td>\n<\/tr>\n<tr>\n<td width=\"314\">Gaudens gaudebo in Domino, et exsultabit anima mea in Deo meo : quia induit me vestimentis salutis. : et in-dumento justitiae circumdedit me, quasi sponsam ornatam monilibus suis.<\/p>\n<p>Exaltabo te, Domine, quoniam suscepisti me : nec delectasti inimicos meos super me. Gloria Patri&#8230;<\/td>\n<td width=\"317\">Wesel\u0119 si\u0119 wielce w Panu i raduje si\u0119 duch m\u00f3j w Bogu moim : gdy\u017c obl\u00f3k\u0142 mnie w szaty zbawienia i odzia\u0142 p\u0142aszczem sprawiedliwo\u015bci, jako oblubienic\u0119 ubran\u0105 klejnotami swymi.<\/p>\n<p><em>Ps. 29, 2. <\/em>Wys\u0142awiam Ci\u0119, Panie, \u017ce\u015b mnie ocali\u0142, i nie da\u0142e\u015b mym wrogom cieszy\u0107 si\u0119 z mej zguby. Chwa\u0142a Ojcu&#8230;<\/td>\n<\/tr>\n<\/tbody>\n<\/table>\n<p><span class=\"embed-youtube\" style=\"text-align:center; display: block;\"><iframe class=\"youtube-player\" width=\"580\" height=\"327\" src=\"https:\/\/www.youtube.com\/embed\/Amja3MKXZFo?version=3&#038;rel=1&#038;showsearch=0&#038;showinfo=1&#038;iv_load_policy=1&#038;fs=1&#038;hl=pl-PL&#038;autohide=2&#038;wmode=transparent\" allowfullscreen=\"true\" style=\"border:0;\" sandbox=\"allow-scripts allow-same-origin allow-popups allow-presentation allow-popups-to-escape-sandbox\"><\/iframe><\/span><\/p>\n<table>\n<tbody>\n<tr>\n<td colspan=\"2\" width=\"631\">\n<h3><strong><u>Gradua\u0142<\/u><\/strong><u> Jdt 13, 23<\/u><\/h3>\n<\/td>\n<\/tr>\n<tr>\n<td width=\"314\">Benedicta es tu, Virgo Maria, a Domino, Deo excelso, prae omnibus mulieribus super terram. Tu gloria Jerusalem, tu laetitia Israel, tu honorificentia populi nostri.<\/td>\n<td width=\"317\">B\u0142ogos\u0142awiona jeste\u015b, Panno Maryjo, od Pana, Boga wysokiego, ponad wszystkie niewiasty na ziemi. Ty\u015b chwa\u0142\u0105 Jeruzalem, Ty\u015b weselem Izraela, Ty\u015b chlub\u0105 ludu naszego.<strong><br \/>\n<\/strong><\/td>\n<\/tr>\n<\/tbody>\n<\/table>\n<p><span class=\"embed-youtube\" style=\"text-align:center; display: block;\"><iframe class=\"youtube-player\" width=\"580\" height=\"327\" src=\"https:\/\/www.youtube.com\/embed\/fBRQSSdIOaM?version=3&#038;rel=1&#038;showsearch=0&#038;showinfo=1&#038;iv_load_policy=1&#038;fs=1&#038;hl=pl-PL&#038;autohide=2&#038;wmode=transparent\" allowfullscreen=\"true\" style=\"border:0;\" sandbox=\"allow-scripts allow-same-origin allow-popups allow-presentation allow-popups-to-escape-sandbox\"><\/iframe><\/span><\/p>\n<table>\n<tbody>\n<tr>\n<td colspan=\"2\" width=\"631\">\n<h3><strong><u>Alleluja<\/u><\/strong><\/h3>\n<\/td>\n<\/tr>\n<tr>\n<td width=\"314\">Tota pulchra es, Maria: et macula originalis non est in te. Alleluia.<\/td>\n<td width=\"317\">Wszystka jeste\u015b pi\u0119kna, o Maryjo, a zmazy pierworodnej nie masz w Tobie. Alleluja.<strong><br \/>\n<\/strong><\/td>\n<\/tr>\n<\/tbody>\n<\/table>\n<p><span class=\"embed-youtube\" style=\"text-align:center; display: block;\"><iframe class=\"youtube-player\" width=\"580\" height=\"327\" src=\"https:\/\/www.youtube.com\/embed\/XBb_mLOMsUA?version=3&#038;rel=1&#038;showsearch=0&#038;showinfo=1&#038;iv_load_policy=1&#038;fs=1&#038;hl=pl-PL&#038;autohide=2&#038;wmode=transparent\" allowfullscreen=\"true\" style=\"border:0;\" sandbox=\"allow-scripts allow-same-origin allow-popups allow-presentation allow-popups-to-escape-sandbox\"><\/iframe><\/span><\/p>\n<table>\n<tbody>\n<tr>\n<td colspan=\"2\" width=\"631\">\n<h3><u>Offertorium<\/u><u> \u0141k 1, 28<\/u><\/h3>\n<\/td>\n<\/tr>\n<tr>\n<td width=\"314\">Ave, Maria, gratia plena ; Dominus tecum : benedicta tu in mulieribus, alleluia.<\/td>\n<td width=\"317\">Zdrowa\u015b, Maryjo, \u0142aski pe\u0142na, Pan z Tob\u0105 ; b\u0142ogos\u0142awiona\u015b Ty mi\u0119dzy niewiastami. Alleluja.<\/td>\n<\/tr>\n<\/tbody>\n<\/table>\n<p><span class=\"embed-youtube\" style=\"text-align:center; display: block;\"><iframe class=\"youtube-player\" width=\"580\" height=\"327\" src=\"https:\/\/www.youtube.com\/embed\/vGOqs6KAGIA?version=3&#038;rel=1&#038;showsearch=0&#038;showinfo=1&#038;iv_load_policy=1&#038;fs=1&#038;hl=pl-PL&#038;autohide=2&#038;wmode=transparent\" allowfullscreen=\"true\" style=\"border:0;\" sandbox=\"allow-scripts allow-same-origin allow-popups allow-presentation allow-popups-to-escape-sandbox\"><\/iframe><\/span><\/p>\n<table>\n<tbody>\n<tr>\n<td colspan=\"2\" width=\"631\">\n<h3><u>Communio<\/u><\/h3>\n<\/td>\n<\/tr>\n<tr>\n<td width=\"314\">Gloriosa dicta sunt de te, Maria : quia fecit tibi magna qui potens est.<\/td>\n<td width=\"317\">Chwalebne rzeczy przepowiedziano o Tobie, Maryjo, albowiem wielkich rzeczy dokona\u0142 dla Ciebie Wszechmocny.<strong><br \/>\n<\/strong><\/td>\n<\/tr>\n<\/tbody>\n<\/table>\n","protected":false},"excerpt":{"rendered":"<p>Pan B\u00f3g przyodzia\u0142 Maryj\u0119 ca\u0142kowicie w szat\u0119 zbawienia, bo by\u0142a ona w przeciwie\u0144stwie do nas &#8220;\u0142aski pe\u0142na&#8221;, gdy\u017c wyj\u0119ta spod jarzma grzechu pierworodnego.<\/p>\n","protected":false},"author":60508433,"featured_media":40042,"comment_status":"closed","ping_status":"closed","sticky":false,"template":"","format":"standard","meta":{"_bbp_topic_count":0,"_bbp_reply_count":0,"_bbp_total_topic_count":0,"_bbp_total_reply_count":0,"_bbp_voice_count":0,"_bbp_anonymous_reply_count":0,"_bbp_topic_count_hidden":0,"_bbp_reply_count_hidden":0,"_bbp_forum_subforum_count":0,"_editorskit_title_hidden":false,"_editorskit_reading_time":0,"_editorskit_is_block_options_detached":false,"_editorskit_block_options_position":"{}","_coblocks_attr":"","_coblocks_dimensions":"","_coblocks_responsive_height":"","_coblocks_accordion_ie_support":"","_exactmetrics_skip_tracking":false,"_jetpack_newsletter_access":"","_jetpack_dont_email_post_to_subs":false,"_jetpack_newsletter_tier_id":0,"_jetpack_memberships_contains_paywalled_content":false,"_wpcom_ai_launchpad_first_post":false,"_jetpack_feature_clip_id":0,"_jetpack_memberships_contains_paid_content":false,"footnotes":"","jetpack_publicize_message":"{title}\n\n{excerpt}\n\n{url}","jetpack_publicize_feature_enabled":true,"jetpack_social_post_already_shared":true,"jetpack_social_options":{"image_generator_settings":{"template":"highway","default_image_id":0,"font":"","enabled":false},"version":2},"_wpas_customize_per_network":false,"jetpack_post_was_ever_published":false},"categories":[20472889],"tags":[47340293,610130679,1166945,610130680],"class_list":["post-40040","post","type-post","status-publish","format-standard","has-post-thumbnail","hentry","category-proprium","tag-8-grudnia","tag-choral-gregorianski","tag-niepokalane-poczecie","tag-proprium"],"yoast_head":"<!-- This site is optimized with the Yoast SEO plugin v28.3 - https:\/\/yoast.com\/product\/yoast-seo-wordpress\/ -->\n<title>Proprium missae na 8 grudnia - Niepokalane Pocz\u0119cie - Tradycja i Wiara<\/title>\n<meta name=\"robots\" content=\"index, follow, max-snippet:-1, max-image-preview:large, max-video-preview:-1\" \/>\n<link rel=\"canonical\" href=\"https:\/\/wobronietradycjiiwiary.com\/pl\/proprium-missae-na-8-grudnia-niepokalane-poczecie-3\/\" \/>\n<meta property=\"og:locale\" content=\"pl_PL\" \/>\n<meta property=\"og:type\" content=\"article\" \/>\n<meta property=\"og:title\" content=\"Proprium missae na 8 grudnia - Niepokalane Pocz\u0119cie - Tradycja i Wiara\" \/>\n<meta property=\"og:description\" content=\"Pan B\u00f3g przyodzia\u0142 Maryj\u0119 ca\u0142kowicie w szat\u0119 zbawienia, bo by\u0142a ona w przeciwie\u0144stwie do nas &quot;\u0142aski pe\u0142na&quot;, gdy\u017c wyj\u0119ta spod jarzma grzechu pierworodnego.\" \/>\n<meta property=\"og:url\" content=\"https:\/\/wobronietradycjiiwiary.com\/pl\/proprium-missae-na-8-grudnia-niepokalane-poczecie-3\/\" \/>\n<meta property=\"og:site_name\" content=\"Tradycja i Wiara\" \/>\n<meta property=\"article:publisher\" content=\"https:\/\/www.facebook.com\/Tradycja-i-Wiara-108813920592249\" \/>\n<meta property=\"article:published_time\" content=\"2020-12-07T18:00:27+00:00\" \/>\n<meta property=\"article:modified_time\" content=\"2025-02-07T15:00:21+00:00\" \/>\n<meta property=\"og:image\" content=\"https:\/\/wobronietradycjiiwiary.com\/wp-content\/uploads\/2020\/12\/3-immaculata-scaled.jpg\" \/>\n\t<meta property=\"og:image:width\" content=\"1320\" \/>\n\t<meta property=\"og:image:height\" content=\"1920\" \/>\n\t<meta property=\"og:image:type\" content=\"image\/jpeg\" \/>\n<meta name=\"author\" content=\"Traditio et Fides\" \/>\n<meta name=\"twitter:card\" content=\"summary_large_image\" \/>\n<meta name=\"twitter:label1\" content=\"Napisane przez\" \/>\n\t<meta name=\"twitter:data1\" content=\"Traditio et Fides\" \/>\n\t<meta name=\"twitter:label2\" content=\"Szacowany czas czytania\" \/>\n\t<meta name=\"twitter:data2\" content=\"1 minuta\" \/>\n<script type=\"application\/ld+json\" class=\"yoast-schema-graph\">{\"@context\":\"https:\\\/\\\/schema.org\",\"@graph\":[{\"@type\":\"Article\",\"@id\":\"https:\\\/\\\/wobronietradycjiiwiary.com\\\/proprium-missae-na-8-grudnia-niepokalane-poczecie-3\\\/#article\",\"isPartOf\":{\"@id\":\"https:\\\/\\\/wobronietradycjiiwiary.com\\\/proprium-missae-na-8-grudnia-niepokalane-poczecie-3\\\/\"},\"author\":{\"name\":\"Traditio et Fides\",\"@id\":\"https:\\\/\\\/wobronietradycjiiwiary.com\\\/pl\\\/#\\\/schema\\\/person\\\/2d6180ce6abcb681fef0daab7816e8f3\"},\"headline\":\"Proprium missae na 8 grudnia &#8211; Niepokalane Pocz\u0119cie\",\"datePublished\":\"2020-12-07T18:00:27+00:00\",\"dateModified\":\"2025-02-07T15:00:21+00:00\",\"mainEntityOfPage\":{\"@id\":\"https:\\\/\\\/wobronietradycjiiwiary.com\\\/proprium-missae-na-8-grudnia-niepokalane-poczecie-3\\\/\"},\"wordCount\":277,\"publisher\":{\"@id\":\"https:\\\/\\\/wobronietradycjiiwiary.com\\\/pl\\\/#organization\"},\"image\":{\"@id\":\"https:\\\/\\\/wobronietradycjiiwiary.com\\\/proprium-missae-na-8-grudnia-niepokalane-poczecie-3\\\/#primaryimage\"},\"thumbnailUrl\":\"https:\\\/\\\/wobronietradycjiiwiary.com\\\/wp-content\\\/uploads\\\/2020\\\/12\\\/3-immaculata-scaled.jpg\",\"keywords\":[\"8 grudnia\",\"Chora\u0142 gregoria\u0144ski\",\"Niepokalane Pocz\u0119cie\",\"Proprium\"],\"articleSection\":[\"Proprium\"],\"inLanguage\":\"pl-PL\"},{\"@type\":\"WebPage\",\"@id\":\"https:\\\/\\\/wobronietradycjiiwiary.com\\\/proprium-missae-na-8-grudnia-niepokalane-poczecie-3\\\/\",\"url\":\"https:\\\/\\\/wobronietradycjiiwiary.com\\\/proprium-missae-na-8-grudnia-niepokalane-poczecie-3\\\/\",\"name\":\"Proprium missae na 8 grudnia - Niepokalane Pocz\u0119cie - Tradycja i Wiara\",\"isPartOf\":{\"@id\":\"https:\\\/\\\/wobronietradycjiiwiary.com\\\/pl\\\/#website\"},\"primaryImageOfPage\":{\"@id\":\"https:\\\/\\\/wobronietradycjiiwiary.com\\\/proprium-missae-na-8-grudnia-niepokalane-poczecie-3\\\/#primaryimage\"},\"image\":{\"@id\":\"https:\\\/\\\/wobronietradycjiiwiary.com\\\/proprium-missae-na-8-grudnia-niepokalane-poczecie-3\\\/#primaryimage\"},\"thumbnailUrl\":\"https:\\\/\\\/wobronietradycjiiwiary.com\\\/wp-content\\\/uploads\\\/2020\\\/12\\\/3-immaculata-scaled.jpg\",\"datePublished\":\"2020-12-07T18:00:27+00:00\",\"dateModified\":\"2025-02-07T15:00:21+00:00\",\"breadcrumb\":{\"@id\":\"https:\\\/\\\/wobronietradycjiiwiary.com\\\/proprium-missae-na-8-grudnia-niepokalane-poczecie-3\\\/#breadcrumb\"},\"inLanguage\":\"pl-PL\",\"potentialAction\":[{\"@type\":\"ReadAction\",\"target\":[\"https:\\\/\\\/wobronietradycjiiwiary.com\\\/proprium-missae-na-8-grudnia-niepokalane-poczecie-3\\\/\"]}]},{\"@type\":\"ImageObject\",\"inLanguage\":\"pl-PL\",\"@id\":\"https:\\\/\\\/wobronietradycjiiwiary.com\\\/proprium-missae-na-8-grudnia-niepokalane-poczecie-3\\\/#primaryimage\",\"url\":\"https:\\\/\\\/wobronietradycjiiwiary.com\\\/wp-content\\\/uploads\\\/2020\\\/12\\\/3-immaculata-scaled.jpg\",\"contentUrl\":\"https:\\\/\\\/wobronietradycjiiwiary.com\\\/wp-content\\\/uploads\\\/2020\\\/12\\\/3-immaculata-scaled.jpg\",\"width\":1320,\"height\":1920,\"caption\":\"\u00abL'Immacul\u00e9e Conception\u00bb, huile sur toile (Hauteur. 198 cm ; largeur. 124 cm) de Pierre Paul Rubens. \u2013 \u0152vre execut\u00e9e vers 1628-1629, appartenant au mus\u00e9e du Prado. - Ref. N\u00ba Cat. P1627, photographi\u00e9e lors de l\u2019exposition temporaire \u00ab Rubens et son Temps \u00bb au mus\u00e9e du Louvre-Lens.\"},{\"@type\":\"BreadcrumbList\",\"@id\":\"https:\\\/\\\/wobronietradycjiiwiary.com\\\/proprium-missae-na-8-grudnia-niepokalane-poczecie-3\\\/#breadcrumb\",\"itemListElement\":[{\"@type\":\"ListItem\",\"position\":1,\"name\":\"Strona g\u0142\u00f3wna\",\"item\":\"https:\\\/\\\/wobronietradycjiiwiary.com\\\/\"},{\"@type\":\"ListItem\",\"position\":2,\"name\":\"Proprium missae na 8 grudnia &#8211; Niepokalane Pocz\u0119cie\"}]},{\"@type\":\"WebSite\",\"@id\":\"https:\\\/\\\/wobronietradycjiiwiary.com\\\/pl\\\/#website\",\"url\":\"https:\\\/\\\/wobronietradycjiiwiary.com\\\/pl\\\/\",\"name\":\"Tradycja i Wiara\",\"description\":\"Portal dla katolik\u00f3w.\",\"publisher\":{\"@id\":\"https:\\\/\\\/wobronietradycjiiwiary.com\\\/pl\\\/#organization\"},\"potentialAction\":[{\"@type\":\"SearchAction\",\"target\":{\"@type\":\"EntryPoint\",\"urlTemplate\":\"https:\\\/\\\/wobronietradycjiiwiary.com\\\/pl\\\/?s={search_term_string}\"},\"query-input\":{\"@type\":\"PropertyValueSpecification\",\"valueRequired\":true,\"valueName\":\"search_term_string\"}}],\"inLanguage\":\"pl-PL\"},{\"@type\":\"Organization\",\"@id\":\"https:\\\/\\\/wobronietradycjiiwiary.com\\\/pl\\\/#organization\",\"name\":\"Tradycja i Wiara\",\"url\":\"https:\\\/\\\/wobronietradycjiiwiary.com\\\/pl\\\/\",\"logo\":{\"@type\":\"ImageObject\",\"inLanguage\":\"pl-PL\",\"@id\":\"https:\\\/\\\/wobronietradycjiiwiary.com\\\/pl\\\/#\\\/schema\\\/logo\\\/image\\\/\",\"url\":\"https:\\\/\\\/i0.wp.com\\\/wobronietradycjiiwiary.com\\\/wp-content\\\/uploads\\\/2015\\\/10\\\/cropped-st-peters-dome-vatican.jpg?fit=940%2C198&ssl=1\",\"contentUrl\":\"https:\\\/\\\/i0.wp.com\\\/wobronietradycjiiwiary.com\\\/wp-content\\\/uploads\\\/2015\\\/10\\\/cropped-st-peters-dome-vatican.jpg?fit=940%2C198&ssl=1\",\"width\":940,\"height\":198,\"caption\":\"Tradycja i Wiara\"},\"image\":{\"@id\":\"https:\\\/\\\/wobronietradycjiiwiary.com\\\/pl\\\/#\\\/schema\\\/logo\\\/image\\\/\"},\"sameAs\":[\"https:\\\/\\\/www.facebook.com\\\/Tradycja-i-Wiara-108813920592249\"]},{\"@type\":\"Person\",\"@id\":\"https:\\\/\\\/wobronietradycjiiwiary.com\\\/pl\\\/#\\\/schema\\\/person\\\/2d6180ce6abcb681fef0daab7816e8f3\",\"name\":\"Traditio et Fides\",\"sameAs\":[\"https:\\\/\\\/traditionundglauben.com\"],\"url\":\"https:\\\/\\\/wobronietradycjiiwiary.com\\\/pl\\\/author\\\/wobronietradycjiiwiary\\\/\"}]}<\/script>\n<!-- \/ Yoast SEO plugin. -->","yoast_head_json":{"title":"Proprium missae na 8 grudnia - Niepokalane Pocz\u0119cie - Tradycja i Wiara","robots":{"index":"index","follow":"follow","max-snippet":"max-snippet:-1","max-image-preview":"max-image-preview:large","max-video-preview":"max-video-preview:-1"},"canonical":"https:\/\/wobronietradycjiiwiary.com\/pl\/proprium-missae-na-8-grudnia-niepokalane-poczecie-3\/","og_locale":"pl_PL","og_type":"article","og_title":"Proprium missae na 8 grudnia - Niepokalane Pocz\u0119cie - Tradycja i Wiara","og_description":"Pan B\u00f3g przyodzia\u0142 Maryj\u0119 ca\u0142kowicie w szat\u0119 zbawienia, bo by\u0142a ona w przeciwie\u0144stwie do nas \"\u0142aski pe\u0142na\", gdy\u017c wyj\u0119ta spod jarzma grzechu pierworodnego.","og_url":"https:\/\/wobronietradycjiiwiary.com\/pl\/proprium-missae-na-8-grudnia-niepokalane-poczecie-3\/","og_site_name":"Tradycja i Wiara","article_publisher":"https:\/\/www.facebook.com\/Tradycja-i-Wiara-108813920592249","article_published_time":"2020-12-07T18:00:27+00:00","article_modified_time":"2025-02-07T15:00:21+00:00","og_image":[{"width":1320,"height":1920,"url":"https:\/\/wobronietradycjiiwiary.com\/wp-content\/uploads\/2020\/12\/3-immaculata-scaled.jpg","type":"image\/jpeg"}],"author":"Traditio et Fides","twitter_card":"summary_large_image","twitter_misc":{"Napisane przez":"Traditio et Fides","Szacowany czas czytania":"1 minuta"},"schema":{"@context":"https:\/\/schema.org","@graph":[{"@type":"Article","@id":"https:\/\/wobronietradycjiiwiary.com\/proprium-missae-na-8-grudnia-niepokalane-poczecie-3\/#article","isPartOf":{"@id":"https:\/\/wobronietradycjiiwiary.com\/proprium-missae-na-8-grudnia-niepokalane-poczecie-3\/"},"author":{"name":"Traditio et Fides","@id":"https:\/\/wobronietradycjiiwiary.com\/pl\/#\/schema\/person\/2d6180ce6abcb681fef0daab7816e8f3"},"headline":"Proprium missae na 8 grudnia &#8211; Niepokalane Pocz\u0119cie","datePublished":"2020-12-07T18:00:27+00:00","dateModified":"2025-02-07T15:00:21+00:00","mainEntityOfPage":{"@id":"https:\/\/wobronietradycjiiwiary.com\/proprium-missae-na-8-grudnia-niepokalane-poczecie-3\/"},"wordCount":277,"publisher":{"@id":"https:\/\/wobronietradycjiiwiary.com\/pl\/#organization"},"image":{"@id":"https:\/\/wobronietradycjiiwiary.com\/proprium-missae-na-8-grudnia-niepokalane-poczecie-3\/#primaryimage"},"thumbnailUrl":"https:\/\/wobronietradycjiiwiary.com\/wp-content\/uploads\/2020\/12\/3-immaculata-scaled.jpg","keywords":["8 grudnia","Chora\u0142 gregoria\u0144ski","Niepokalane Pocz\u0119cie","Proprium"],"articleSection":["Proprium"],"inLanguage":"pl-PL"},{"@type":"WebPage","@id":"https:\/\/wobronietradycjiiwiary.com\/proprium-missae-na-8-grudnia-niepokalane-poczecie-3\/","url":"https:\/\/wobronietradycjiiwiary.com\/proprium-missae-na-8-grudnia-niepokalane-poczecie-3\/","name":"Proprium missae na 8 grudnia - Niepokalane Pocz\u0119cie - Tradycja i Wiara","isPartOf":{"@id":"https:\/\/wobronietradycjiiwiary.com\/pl\/#website"},"primaryImageOfPage":{"@id":"https:\/\/wobronietradycjiiwiary.com\/proprium-missae-na-8-grudnia-niepokalane-poczecie-3\/#primaryimage"},"image":{"@id":"https:\/\/wobronietradycjiiwiary.com\/proprium-missae-na-8-grudnia-niepokalane-poczecie-3\/#primaryimage"},"thumbnailUrl":"https:\/\/wobronietradycjiiwiary.com\/wp-content\/uploads\/2020\/12\/3-immaculata-scaled.jpg","datePublished":"2020-12-07T18:00:27+00:00","dateModified":"2025-02-07T15:00:21+00:00","breadcrumb":{"@id":"https:\/\/wobronietradycjiiwiary.com\/proprium-missae-na-8-grudnia-niepokalane-poczecie-3\/#breadcrumb"},"inLanguage":"pl-PL","potentialAction":[{"@type":"ReadAction","target":["https:\/\/wobronietradycjiiwiary.com\/proprium-missae-na-8-grudnia-niepokalane-poczecie-3\/"]}]},{"@type":"ImageObject","inLanguage":"pl-PL","@id":"https:\/\/wobronietradycjiiwiary.com\/proprium-missae-na-8-grudnia-niepokalane-poczecie-3\/#primaryimage","url":"https:\/\/wobronietradycjiiwiary.com\/wp-content\/uploads\/2020\/12\/3-immaculata-scaled.jpg","contentUrl":"https:\/\/wobronietradycjiiwiary.com\/wp-content\/uploads\/2020\/12\/3-immaculata-scaled.jpg","width":1320,"height":1920,"caption":"\u00abL'Immacul\u00e9e Conception\u00bb, huile sur toile (Hauteur. 198 cm ; largeur. 124 cm) de Pierre Paul Rubens. \u2013 \u0152vre execut\u00e9e vers 1628-1629, appartenant au mus\u00e9e du Prado. - Ref. N\u00ba Cat. P1627, photographi\u00e9e lors de l\u2019exposition temporaire \u00ab Rubens et son Temps \u00bb au mus\u00e9e du Louvre-Lens."},{"@type":"BreadcrumbList","@id":"https:\/\/wobronietradycjiiwiary.com\/proprium-missae-na-8-grudnia-niepokalane-poczecie-3\/#breadcrumb","itemListElement":[{"@type":"ListItem","position":1,"name":"Strona g\u0142\u00f3wna","item":"https:\/\/wobronietradycjiiwiary.com\/"},{"@type":"ListItem","position":2,"name":"Proprium missae na 8 grudnia &#8211; Niepokalane Pocz\u0119cie"}]},{"@type":"WebSite","@id":"https:\/\/wobronietradycjiiwiary.com\/pl\/#website","url":"https:\/\/wobronietradycjiiwiary.com\/pl\/","name":"Tradycja i Wiara","description":"Portal dla katolik\u00f3w.","publisher":{"@id":"https:\/\/wobronietradycjiiwiary.com\/pl\/#organization"},"potentialAction":[{"@type":"SearchAction","target":{"@type":"EntryPoint","urlTemplate":"https:\/\/wobronietradycjiiwiary.com\/pl\/?s={search_term_string}"},"query-input":{"@type":"PropertyValueSpecification","valueRequired":true,"valueName":"search_term_string"}}],"inLanguage":"pl-PL"},{"@type":"Organization","@id":"https:\/\/wobronietradycjiiwiary.com\/pl\/#organization","name":"Tradycja i Wiara","url":"https:\/\/wobronietradycjiiwiary.com\/pl\/","logo":{"@type":"ImageObject","inLanguage":"pl-PL","@id":"https:\/\/wobronietradycjiiwiary.com\/pl\/#\/schema\/logo\/image\/","url":"https:\/\/i0.wp.com\/wobronietradycjiiwiary.com\/wp-content\/uploads\/2015\/10\/cropped-st-peters-dome-vatican.jpg?fit=940%2C198&ssl=1","contentUrl":"https:\/\/i0.wp.com\/wobronietradycjiiwiary.com\/wp-content\/uploads\/2015\/10\/cropped-st-peters-dome-vatican.jpg?fit=940%2C198&ssl=1","width":940,"height":198,"caption":"Tradycja i Wiara"},"image":{"@id":"https:\/\/wobronietradycjiiwiary.com\/pl\/#\/schema\/logo\/image\/"},"sameAs":["https:\/\/www.facebook.com\/Tradycja-i-Wiara-108813920592249"]},{"@type":"Person","@id":"https:\/\/wobronietradycjiiwiary.com\/pl\/#\/schema\/person\/2d6180ce6abcb681fef0daab7816e8f3","name":"Traditio et Fides","sameAs":["https:\/\/traditionundglauben.com"],"url":"https:\/\/wobronietradycjiiwiary.com\/pl\/author\/wobronietradycjiiwiary\/"}]}},"jetpack_publicize_connections":[],"jetpack_sharing_enabled":true,"jetpack_likes_enabled":true,"jetpack_shortlink":"https:\/\/wp.me\/pc04Sd-apO","jetpack-related-posts":[{"id":10870,"url":"https:\/\/wobronietradycjiiwiary.com\/pl\/proprium-missae-na-8-grudnia-niepokalane-poczecie\/","url_meta":{"origin":40040,"position":0},"title":"Proprium missae na 8 grudnia &#8211; Niepokalane Pocz\u0119cie","author":"Traditio et Fides","date":"8 grudnia 2016","format":false,"excerpt":"https:\/\/www.youtube.com\/watch?v=DBqdDUuX4ZY Introit: Iz 61, 10 Gaudens gaudebo in Domino, et exsultabit anima mea in Deo meo : quia induit me vestimentis salutis. : et in-dumento justitiae circumdedit me, quasi sponsam ornatam monilibus suis. Exaltabo te, Domine, quoniam suscepisti me : nec delectasti inimicos meos super me. Gloria Patri... Wesel\u0119 si\u0119\u2026","rel":"","context":"W \u201eDuchowo\u015b\u0107&quot;","block_context":{"text":"Duchowo\u015b\u0107","link":"https:\/\/wobronietradycjiiwiary.com\/pl\/category\/duchowosc\/"},"img":{"alt_text":"","src":"https:\/\/i0.wp.com\/wobronietradycjiiwiary.com\/wp-content\/uploads\/2023\/08\/3-immaculata.jpg?resize=350%2C200&ssl=1","width":350,"height":200,"srcset":"https:\/\/i0.wp.com\/wobronietradycjiiwiary.com\/wp-content\/uploads\/2023\/08\/3-immaculata.jpg?resize=350%2C200&ssl=1 1x, https:\/\/i0.wp.com\/wobronietradycjiiwiary.com\/wp-content\/uploads\/2023\/08\/3-immaculata.jpg?resize=525%2C300&ssl=1 1.5x, https:\/\/i0.wp.com\/wobronietradycjiiwiary.com\/wp-content\/uploads\/2023\/08\/3-immaculata.jpg?resize=700%2C400&ssl=1 2x, https:\/\/i0.wp.com\/wobronietradycjiiwiary.com\/wp-content\/uploads\/2023\/08\/3-immaculata.jpg?resize=1050%2C600&ssl=1 3x"},"classes":[]},{"id":22141,"url":"https:\/\/wobronietradycjiiwiary.com\/pl\/proprium-missae-na-8-grudnia-niepokalane-poczecie-2\/","url_meta":{"origin":40040,"position":1},"title":"Proprium missae na 8 grudnia &#8211; Niepokalane Pocz\u0119cie","author":"mariuszjerzy","date":"8 grudnia 2017","format":false,"excerpt":"https:\/\/www.youtube.com\/watch?v=DBqdDUuX4ZY Introit: Iz 61, 10 Gaudens gaudebo in Domino, et exsultabit anima mea in Deo meo : quia induit me vestimentis salutis. : et in-dumento justitiae circumdedit me, quasi sponsam ornatam monilibus suis. Exaltabo te, Domine, quoniam suscepisti me : nec delectasti inimicos meos super me. Gloria Patri... Wesel\u0119 si\u0119\u2026","rel":"","context":"W \u201eDuchowo\u015b\u0107&quot;","block_context":{"text":"Duchowo\u015b\u0107","link":"https:\/\/wobronietradycjiiwiary.com\/pl\/category\/duchowosc\/"},"img":{"alt_text":"","src":"https:\/\/i0.wp.com\/wobronietradycjiiwiary.com\/wp-content\/uploads\/2023\/08\/3-immaculata.jpg?resize=350%2C200&ssl=1","width":350,"height":200,"srcset":"https:\/\/i0.wp.com\/wobronietradycjiiwiary.com\/wp-content\/uploads\/2023\/08\/3-immaculata.jpg?resize=350%2C200&ssl=1 1x, https:\/\/i0.wp.com\/wobronietradycjiiwiary.com\/wp-content\/uploads\/2023\/08\/3-immaculata.jpg?resize=525%2C300&ssl=1 1.5x, https:\/\/i0.wp.com\/wobronietradycjiiwiary.com\/wp-content\/uploads\/2023\/08\/3-immaculata.jpg?resize=700%2C400&ssl=1 2x, https:\/\/i0.wp.com\/wobronietradycjiiwiary.com\/wp-content\/uploads\/2023\/08\/3-immaculata.jpg?resize=1050%2C600&ssl=1 3x"},"classes":[]},{"id":55658,"url":"https:\/\/wobronietradycjiiwiary.com\/pl\/proprium-missae-na-8-grudnia-niepokalane-poczecie-3-2\/","url_meta":{"origin":40040,"position":2},"title":"Proprium missae na 8 grudnia &#8211; Niepokalane Pocz\u0119cie","author":"Traditio et Fides","date":"7 grudnia 2021","format":false,"excerpt":"Pan B\u00f3g przyodzia\u0142 Maryj\u0119 ca\u0142kowicie w szat\u0119 zbawienia, bo by\u0142a ona w przeciwie\u0144stwie do nas \"\u0142aski pe\u0142na\", gdy\u017c wyj\u0119ta spod jarzma grzechu pierworodnego.","rel":"","context":"W \u201eProprium&quot;","block_context":{"text":"Proprium","link":"https:\/\/wobronietradycjiiwiary.com\/pl\/category\/duchowosc\/liturgia-i-liturgika\/msza-trydencka\/proprium\/"},"img":{"alt_text":"","src":"https:\/\/i0.wp.com\/wobronietradycjiiwiary.com\/wp-content\/uploads\/2020\/12\/3-immaculata-scaled.jpg?resize=350%2C200&ssl=1","width":350,"height":200,"srcset":"https:\/\/i0.wp.com\/wobronietradycjiiwiary.com\/wp-content\/uploads\/2020\/12\/3-immaculata-scaled.jpg?resize=350%2C200&ssl=1 1x, https:\/\/i0.wp.com\/wobronietradycjiiwiary.com\/wp-content\/uploads\/2020\/12\/3-immaculata-scaled.jpg?resize=525%2C300&ssl=1 1.5x, https:\/\/i0.wp.com\/wobronietradycjiiwiary.com\/wp-content\/uploads\/2020\/12\/3-immaculata-scaled.jpg?resize=700%2C400&ssl=1 2x, https:\/\/i0.wp.com\/wobronietradycjiiwiary.com\/wp-content\/uploads\/2020\/12\/3-immaculata-scaled.jpg?resize=1050%2C600&ssl=1 3x"},"classes":[]},{"id":124470,"url":"https:\/\/wobronietradycjiiwiary.com\/pl\/proprium-missae-na-8-grudnia-niepokalane-poczecie-2-2\/","url_meta":{"origin":40040,"position":3},"title":"Proprium missae na 8 grudnia &#8211; Niepokalane Pocz\u0119cie","author":"mariuszjerzy","date":"7 grudnia 2024","format":false,"excerpt":"https:\/\/www.youtube.com\/watch?v=DBqdDUuX4ZY Introit: Iz 61, 10 Gaudens gaudebo in Domino, et exsultabit anima mea in Deo meo : quia induit me vestimentis salutis. : et in-dumento justitiae circumdedit me, quasi sponsam ornatam monilibus suis. Exaltabo te, Domine, quoniam suscepisti me : nec delectasti inimicos meos super me. Gloria Patri... Wesel\u0119 si\u0119\u2026","rel":"","context":"W \u201eDuchowo\u015b\u0107&quot;","block_context":{"text":"Duchowo\u015b\u0107","link":"https:\/\/wobronietradycjiiwiary.com\/pl\/category\/duchowosc\/"},"img":{"alt_text":"","src":"https:\/\/i0.wp.com\/wobronietradycjiiwiary.com\/wp-content\/uploads\/2023\/08\/3-immaculata.jpg?resize=350%2C200&ssl=1","width":350,"height":200,"srcset":"https:\/\/i0.wp.com\/wobronietradycjiiwiary.com\/wp-content\/uploads\/2023\/08\/3-immaculata.jpg?resize=350%2C200&ssl=1 1x, https:\/\/i0.wp.com\/wobronietradycjiiwiary.com\/wp-content\/uploads\/2023\/08\/3-immaculata.jpg?resize=525%2C300&ssl=1 1.5x, https:\/\/i0.wp.com\/wobronietradycjiiwiary.com\/wp-content\/uploads\/2023\/08\/3-immaculata.jpg?resize=700%2C400&ssl=1 2x, https:\/\/i0.wp.com\/wobronietradycjiiwiary.com\/wp-content\/uploads\/2023\/08\/3-immaculata.jpg?resize=1050%2C600&ssl=1 3x"},"classes":[]},{"id":18780,"url":"https:\/\/wobronietradycjiiwiary.com\/pl\/proprium-missae-uroczystosc-niepokalanego-poczecia-nmp-in-conceptione-immaculata-beatae-mariae-virginis-2\/","url_meta":{"origin":40040,"position":4},"title":"Proprium missae &#8211; Uroczysto\u015b\u0107 Niepokalanego Pocz\u0119cia NMP &#8211; In Conceptione Immaculata Beatae Mariae Virginis","author":"mariuszjerzy","date":"7 grudnia 2018","format":false,"excerpt":"\u00a0 Divinum Officium - Sancta Missa https:\/\/www.youtube.com\/watch?v=QDlvTOtkJnQ INTROITUS Is 61:10 Gaudens gaud\u00e9bo in D\u00f3mino, et exsult\u00e1bit \u00e1nima mea in Deo meo: quia \u00ednduit me vestim\u00e9ntis sal\u00fatis: et indum\u00e9nto iust\u00edti\u00e6 circ\u00famdedit me, quasi sponsam orn\u00e1tam mon\u00edlibus suis. Ps 29:2 Exalt\u00e1bo te, D\u00f3mine, qu\u00f3niam suscep\u00edsti me: nec delect\u00e1sti inim\u00edcos meos super me.\u2026","rel":"","context":"W \u201eMsza Trydencka&quot;","block_context":{"text":"Msza Trydencka","link":"https:\/\/wobronietradycjiiwiary.com\/pl\/category\/duchowosc\/liturgia-i-liturgika\/msza-trydencka\/"},"img":{"alt_text":"","src":"https:\/\/i0.wp.com\/img.youtube.com\/vi\/QDlvTOtkJnQ\/0.jpg?resize=350%2C200","width":350,"height":200},"classes":[]},{"id":17379,"url":"https:\/\/wobronietradycjiiwiary.com\/pl\/proprium-missae-uroczystosc-niepokalanego-poczecia-nmp-in-conceptione-immaculata-beatae-mariae-virginis\/","url_meta":{"origin":40040,"position":5},"title":"Proprium missae &#8211; Uroczysto\u015b\u0107 Niepokalanego Pocz\u0119cia NMP &#8211; In Conceptione Immaculata Beatae Mariae Virginis","author":"mariuszjerzy","date":"7 grudnia 2018","format":false,"excerpt":"Divinum Officium - Sancta Missa https:\/\/www.youtube.com\/watch?v=QDlvTOtkJnQ INTROITUS Is 61:10 Gaudens gaud\u00e9bo in D\u00f3mino, et exsult\u00e1bit \u00e1nima mea in Deo meo: quia \u00ednduit me vestim\u00e9ntis sal\u00fatis: et indum\u00e9nto iust\u00edti\u00e6 circ\u00famdedit me, quasi sponsam orn\u00e1tam mon\u00edlibus suis. Ps 29:2 Exalt\u00e1bo te, D\u00f3mine, qu\u00f3niam suscep\u00edsti me: nec delect\u00e1sti inim\u00edcos meos super me. V.\u2026","rel":"","context":"W \u201eMsza Trydencka&quot;","block_context":{"text":"Msza Trydencka","link":"https:\/\/wobronietradycjiiwiary.com\/pl\/category\/duchowosc\/liturgia-i-liturgika\/msza-trydencka\/"},"img":{"alt_text":"","src":"https:\/\/i0.wp.com\/img.youtube.com\/vi\/QDlvTOtkJnQ\/0.jpg?resize=350%2C200","width":350,"height":200},"classes":[]}],"amp_enabled":true,"jetpack_featured_media_url":"https:\/\/wobronietradycjiiwiary.com\/wp-content\/uploads\/2020\/12\/3-immaculata-scaled.jpg","_links":{"self":[{"href":"https:\/\/wobronietradycjiiwiary.com\/pl\/wp-json\/wp\/v2\/posts\/40040","targetHints":{"allow":["GET"]}}],"collection":[{"href":"https:\/\/wobronietradycjiiwiary.com\/pl\/wp-json\/wp\/v2\/posts"}],"about":[{"href":"https:\/\/wobronietradycjiiwiary.com\/pl\/wp-json\/wp\/v2\/types\/post"}],"author":[{"embeddable":true,"href":"https:\/\/wobronietradycjiiwiary.com\/pl\/wp-json\/wp\/v2\/users\/60508433"}],"replies":[{"embeddable":true,"href":"https:\/\/wobronietradycjiiwiary.com\/pl\/wp-json\/wp\/v2\/comments?post=40040"}],"version-history":[{"count":0,"href":"https:\/\/wobronietradycjiiwiary.com\/pl\/wp-json\/wp\/v2\/posts\/40040\/revisions"}],"wp:featuredmedia":[{"embeddable":true,"href":"https:\/\/wobronietradycjiiwiary.com\/pl\/wp-json\/wp\/v2\/media\/40042"}],"wp:attachment":[{"href":"https:\/\/wobronietradycjiiwiary.com\/pl\/wp-json\/wp\/v2\/media?parent=40040"}],"wp:term":[{"taxonomy":"category","embeddable":true,"href":"https:\/\/wobronietradycjiiwiary.com\/pl\/wp-json\/wp\/v2\/categories?post=40040"},{"taxonomy":"post_tag","embeddable":true,"href":"https:\/\/wobronietradycjiiwiary.com\/pl\/wp-json\/wp\/v2\/tags?post=40040"}],"curies":[{"name":"wp","href":"https:\/\/api.w.org\/{rel}","templated":true}]}}