{"id":37122,"date":"2023-09-28T08:15:59","date_gmt":"2023-09-28T06:15:59","guid":{"rendered":"https:\/\/wobronietradycjiiwiary.com\/?p=37122"},"modified":"2025-02-10T11:16:45","modified_gmt":"2025-02-10T10:16:45","slug":"28-go-wrzesnia-zywot-swietego-waclawa-krola-czeskiego-i-meczennika-2","status":"publish","type":"post","link":"https:\/\/wobronietradycjiiwiary.com\/pl\/28-go-wrzesnia-zywot-swietego-waclawa-krola-czeskiego-i-meczennika-2\/","title":{"rendered":"28-go Wrze\u015bnia. \u017bywot \u015bwi\u0119tego Wac\u0142awa, Kr\u00f3la Czeskiego i M\u0119czennika."},"content":{"rendered":"<div id=\"bsf_rt_marker\"><\/div>\n<p class=\"has-text-align-justify wp-block-paragraph\"><span style=\"background-color:rgba(0, 0, 0, 0)\" class=\"has-inline-color has-vivid-purple-color\">\u015aw. Wac\u0142aw, kt\u00f3rego \u017cycie to jednak wielka szekspirowska tragedia mo\u017ce by\u0107 zdecydowanie patronem tych, kt\u00f3rzy maj\u0105 problemy z w\u0142asn\u0105 bli\u017csz\u0105 lub dalsz\u0105 rodzin\u0105. W jego \u017cyciu wyst\u0119puj\u0105 bowiem babkob\u00f3jstwo, bratob\u00f3jstwo, zawi\u015b\u0107, intrygi, polityka oraz \u015bwi\u0119to\u015b\u0107. Je\u015bli racjonali\u015bci i ateusze uwa\u017caj\u0105, \u017ce \u017cywoty \u015bwi\u0119tych s\u0105 u\u0142adzone, to najwyra\u017aniej ich nie czytali. What a life!<\/span><\/p>\n\n\n\n<p class=\"has-text-align-center wp-block-paragraph\">(\u017by\u0142 oko\u0142o roku Pa\u0144skiego 920).<\/p>\n\n\n\n<figure class=\"wp-block-image\"><a href=\"https:\/\/pl.wikisource.org\/wiki\/Plik:%C5%BBywoty_%C5%9Bw._Pa%C5%84skich_na_wszystkie_dnie_roku-Inicja%C5%82-K.png\"><img decoding=\"async\" src=\"https:\/\/upload.wikimedia.org\/wikipedia\/commons\/thumb\/a\/ab\/%C5%BBywoty_%C5%9Bw._Pa%C5%84skich_na_wszystkie_dnie_roku-Inicja%C5%82-K.png\/55px-%C5%BBywoty_%C5%9Bw._Pa%C5%84skich_na_wszystkie_dnie_roku-Inicja%C5%82-K.png\" alt=\"K\"\/><\/a><\/figure>\n\n\n\n<p class=\"has-text-align-justify wp-block-paragraph\">Kto przybywa do Pragi, stolicy kr\u00f3lestwa Czeskiego, niech nie zaniecha obejrze\u0107 wspania\u0142ej Katedry, w kt\u00f3rej spoczywaj\u0105 zw\u0142oki \u015bwi\u0119tego Jana Nepomucena, z\u0142o\u017cone w srebrnej trumnie, jako te\u017c bocznej kaplicy, po\u015bwi\u0119conej czci \u015bw. Wac\u0142awa, kr\u00f3la. Przesz\u0142o dziewi\u0119\u0107set lat min\u0119\u0142o ju\u017c od czasu, w kt\u00f3rym \u017cy\u0142 ten \u015bwi\u0119tobliwy monarcha, a jeszcze pami\u0119\u0107 jego nie wygas\u0142a, jeszcze dzisiaj b\u0142agaj\u0105 go synowie ziemi czeskiej o wstawienie si\u0119 do Boga.<\/p>\n\n\n\n<p class=\"has-text-align-justify wp-block-paragraph\">\u2009Ojciec Wac\u0142awa, Wr\u00f3cis\u0142aw, by\u0142 m\u0119\u017cnym i pobo\u017cnym bohaterem, a nadto wiernym zwolennikiem chrze\u015bcija\u0144stwa, kt\u00f3re w podleg\u0142ych mu ziemiach, gdzie \u017cy\u0142o mn\u00f3stwo pogan, jak najgorliwiej krzewi\u0142. Natomiast matka jego, Drogomira, by\u0142a jeszcze pogank\u0105 i ca\u0142kowicie pogr\u0105\u017con\u0105 w ba\u0142wochwalstwie. Babk\u0105 za\u015b jego by\u0142a Ludmi\u0142a, za kt\u00f3rej staraniem chrze\u015bcija\u0144stwo w kraju coraz g\u0142\u0119bsze zapuszcza\u0142o korzenie, a brat jego Boles\u0142aw by\u0142 ulubie\u0144cem matki.<\/p>\n\n\n\n<p class=\"has-text-align-justify wp-block-paragraph\">\u2009Poczciwa i bogobojna Ludmi\u0142a mi\u0142owa\u0142a m\u0142odziuchnego Wac\u0142awa, ch\u0142opczyka o niebieskich oczach i k\u0119dzierzawych w\u0142osach i stara\u0142a si\u0119 wychowa\u0107 go po chrze\u015bcija\u0144sku jako przysz\u0142ego nast\u0119pc\u0119 tronu. Nie sprzeciwili si\u0119 temu ani ojciec, ani matka pachol\u0119cia, i powierzyli je Ludmile, kt\u00f3ra wraz z pobo\u017cnym i rozumnym kap\u0142anem Paw\u0142em obezna\u0142a Wac\u0142awa z \u015bwi\u0119temi Tajemnicami wiary Chrystusowej i pocz\u0105tkami nauk. Mi\u0119kkie i dla wszego dobrego przyst\u0119pne serce Wac\u0142awa by\u0142o \u017cyzn\u0105 rol\u0105, wydaj\u0105c\u0105 obfity plon, a Ludmi\u0142a doczeka\u0142a si\u0119 niezad\u0142ugo pociechy, \u017ce m\u0142ody Wac\u0142aw wyr\u00f3s\u0142 na m\u0142odziana wed\u0142ug serca i woli Bo\u017cej.<\/p>\n\n\n\n<p class=\"has-text-align-justify wp-block-paragraph\">\u2009Nie doszed\u0142 jeszcze Wac\u0142aw m\u0119skiego wieku, gdy go ojciec odumar\u0142. Wr\u00f3cis\u0142aw mianowa\u0142 go swym nast\u0119pc\u0105, a Ludmi\u0142\u0119 zawiadowczyni\u0105 pa\u0144stwa. Chciwa rz\u0105d\u00f3w Drogomira, za\u015blepiona w drugim synu Boles\u0142awie, kt\u00f3rego wychowa\u0142a na bezbo\u017cnika, przyw\u0142aszczy\u0142a sobie przemoc\u0105 zarz\u0105d kraju, aby p\u00f3\u017aniej osadzi\u0107 na tronie Boles\u0142awa. Dop\u00f3ki \u017cy\u0142 m\u0105\u017c, musia\u0142a si\u0119 tai\u0107 ze swym wstr\u0119tem do chrze\u015bcija\u0144stwa, ale po \u015bmierci Wr\u00f3cis\u0142awa pu\u015bci\u0142a cugle swej nienawi\u015bci. Z jej rozkazu zburzono wszystkie ko\u015bcio\u0142y, a kap\u0142an\u00f3w porozp\u0119dzano na cztery wiatry. Nabo\u017ce\u0144stwa nie wolno by\u0142o odprawia\u0107 i nie wolno by\u0142o uczy\u0107 dzieci prawd Wiary \u015bwi\u0119tej. Prawa wydane na korzy\u015b\u0107 chrze\u015bcijan poznoszono, chrze\u015bcija\u0144scy urz\u0119dnicy musieli ust\u0105pi\u0107 swych posad poga\u0144skim, oddanym dusz\u0105 i cia\u0142em Drogomirze, a wielu wiernych, obstaj\u0105cych m\u0119\u017cnie przy wierze Chrystusowej, ponios\u0142o \u015bmier\u0107 m\u0119cze\u0144sk\u0105.<\/p>\n\n\n\n<p class=\"has-text-align-justify wp-block-paragraph\">\u2009Ze \u0142z\u0105 w oku patrza\u0142a bogobojna Ludmi\u0142a na te bezprawia. Aby im wi\u0119c zapobiedz, nam\u00f3wi\u0142a m\u0142odego Wac\u0142awa, aby pochwyci\u0142 ster rz\u0105d\u00f3w. Skoro o\u015bwiadczy\u0142, i\u017c got\u00f3w jest przychyli\u0107 si\u0119 do jej \u017c\u0105dania, o\u015bwiadczy\u0142y si\u0119 za nim stany krajowe, a nar\u00f3d cieszy\u0142 si\u0119, i\u017c si\u0119 wydob\u0119dzie z pod jarzma Drogomiry.<\/p>\n\n\n\n<p class=\"has-text-align-justify wp-block-paragraph\">\u2009Zawrza\u0142a w Drogomirze niepohamowana nienawi\u015b\u0107 i \u017c\u0105dza zemsty przeciw Ludmile i Wac\u0142awowi. Pierwsz\u0105 ofiar\u0105 jej m\u015bciwo\u015bci pa\u015b\u0107 mia\u0142a Ludmi\u0142a, jako filar wiary chrze\u015bcija\u0144skiej i wierna doradczyni Wac\u0142awa. Przewidywa\u0142a te\u017c Ludmi\u0142a \u015bmier\u0107 sobie gro\u017c\u0105c\u0105 i mia\u0142a o niej jak najdok\u0142adniejsz\u0105 wiadomo\u015b\u0107. Przysposobi\u0142a si\u0119 wi\u0119c na ni\u0105, rozdzieli\u0142a sw\u00f3j maj\u0105tek mi\u0119dzy ub\u00f3stwo, pop\u0142aci\u0142a s\u0142u\u017cbie zas\u0142ugi, a napomniawszy Wac\u0142awa, aby broni\u0142 wiary chrze\u015bcija\u0144skiej przeciw wrogom, przyj\u0119\u0142a Sakramenta \u015bwi\u0119te. Zdawszy si\u0119 na wol\u0119 Boga i ufaj\u0105c w Jego pomoc, spokojnie na \u015bmier\u0107 czeka\u0142a.<br><\/p>\n\n\n\n<p class=\"has-text-align-justify wp-block-paragraph\">\u2009Pewnego dnia stan\u0119\u0142o w zamieszkanym przez ni\u0105 pa\u0142acu dw\u00f3ch poga\u0144skich magnat\u00f3w, wys\u0142anych przez Drogomir\u0119 z rozkazem zamordowania Ludmi\u0142y. Ta przyj\u0119\u0142a ich go\u015bcinnie, lubo wiedzia\u0142a, po co przyszli. Gdy noc zapad\u0142a i wszyscy byli pogr\u0105\u017ceni we \u015bnie, w\u015blizn\u0119li si\u0119 skrytob\u00f3jcy do sypialni Ludmi\u0142y, aby rozkaz wykona\u0107, lecz nie zastali jej, gdy\u017c wysz\u0142a by\u0142a na modlitw\u0119 do kaplicy pa\u0142acowej. Dostawszy si\u0119 tam, natychmiast powalili staruszk\u0119 o ziemi\u0119 i zad\u0142awili j\u0105 u st\u00f3p o\u0142tarza, skr\u0119con\u0105 na powr\u00f3z zas\u0142on\u0105. Sta\u0142o si\u0119 to roku Pa\u0144skiego 927, a Czesi czcz\u0105 j\u0105 dotychczas jako \u015awi\u0119t\u0105.<\/p>\n\n\n\n<p class=\"has-text-align-justify wp-block-paragraph\"><br>\u2009Wac\u0142awa ogarn\u0119\u0142o przera\u017cenie, gdy go dosz\u0142a wiadomo\u015b\u0107 o zamordowaniu babki, a bole\u015b\u0107 jego by\u0142a tem wi\u0119ksz\u0105, gdy si\u0119 dowiedzia\u0142, \u017ce w\u0142asna jego matka jest sprawczyni\u0105 skrytob\u00f3jstwa. Przyjaciele namawiali go do zemsty i wydania wojny matce i bratu, kt\u00f3rzy dzier\u017cyli cz\u0119\u015b\u0107 kraju. Wac\u0142aw jednak pozostawi\u0142 odwet Panu Bogu i modli\u0142 si\u0119 bezustannie o nawr\u00f3cenie matki, kt\u00f3r\u0105 szatan uwik\u0142a\u0142 w swe sid\u0142a.<\/p>\n\n\n\n<p class=\"has-text-align-justify wp-block-paragraph\">\u2009Serce jego pa\u0142a\u0142o mi\u0142o\u015bci\u0105 Boga i bli\u017anich. Wzorem jego by\u0142 Zbawiciel, w Jego przeto \u015blady wst\u0119powa\u0142, Jego wielbi\u0142 w Sakramencie O\u0142tarza, Jemu te\u017c oddawa\u0142 cze\u015b\u0107 podczas Ofiary Mszy \u015bw. W\u0142asnemi r\u0119koma sia\u0142 on pszenic\u0119, z kt\u00f3rej wyrabiano m\u0105k\u0119 potrzebn\u0105 do Hostyi Przenaj\u015bwi\u0119tszej. W\u0142asn\u0105 r\u0119k\u0105 zbiera\u0142 podczas \u017cniw pok\u0142osy&nbsp;i grona z winoro\u015bli, wyrabiaj\u0105c ze\u0144 chleb i wino u\u017cywane do Ofiary Mszy \u015bwi\u0119tej. O p\u00f3\u0142nocy, cz\u0119sto w\u015br\u00f3d najsro\u017cszych mroz\u00f3w, wstawa\u0142 z \u0142o\u017ca i chadza\u0142 do ko\u015bcio\u0142\u00f3w, w kt\u00f3rych przechowywano w cyborium Przenaj\u015bwi\u0119tszy Sakrament, aby si\u0119 pomodli\u0107 za siebie i za swych poddanych. Dusza jego p\u0142on\u0119\u0142a tak mocno mi\u0142o\u015bci\u0105 Boga, \u017ce \u017car ten udziela\u0142 si\u0119 jego cia\u0142u. Pewnej nocy szed\u0142 boso w towarzystwie s\u0142ugi w\u015br\u00f3d ostrego mrozu do ko\u015bcio\u0142a, a grube warstwy \u015bniegu i lodu pokrywa\u0142y ziemi\u0119. Wac\u0142aw szed\u0142 szybkim krokiem, za nim post\u0119powa\u0142 s\u0142uga dr\u017c\u0105cy z przezi\u0119bienia i \u017cali\u0142 si\u0119 na b\u00f3l w nogach, nie mog\u0105c pod\u0105\u017cy\u0107 za panem z powodu g\u0142\u0119bokiego \u015bniegu. Monarcha radzi\u0142 mu, a\u017ceby wst\u0119powa\u0142 w jego \u015blady. S\u0142uga us\u0142ucha\u0142 namowy, a natychmiast stopy jego uczu\u0142y przyjemne ciep\u0142o i \u017cwawo i ch\u0119tnie pocz\u0105\u0142 kroczy\u0107 za swym panem. Cze\u015b\u0107 oddawana codziennie \u015bw. Sakramentowi natchn\u0119\u0142a Wac\u0142awa mi\u0142o\u015bci\u0105 biednych i chorych; ona te\u017c jest w wie\u0144cu zas\u0142ug jego najpi\u0119kniejszym listkiem. Sam wyszukiwa\u0142, odwiedza\u0142 i wspiera\u0142 niemoc\u0105 z\u0142o\u017conych. Pewnej nocy zimow\u0105 por\u0105 ni\u00f3s\u0142 na plecach wi\u0105zk\u0119 drew do chaty chorego. Noc by\u0142a ciemna, zimno przejmuj\u0105ce, \u0142atwo by\u0142o zab\u0142\u0105dzi\u0107. Towarzysz\u0105cy ksi\u0119ciu s\u0142uga ba\u0142 si\u0119, wtem zaja\u015bnia\u0142a cudownie posta\u0107 \u015awi\u0119tego, a przy jej \u015bwietle doszli do chaty.<br><\/p>\n\n\n\n<p class=\"has-text-align-justify wp-block-paragraph\">\u2009W\u015br\u00f3d takich dzie\u0142 mi\u0142osierdzia nie zapomina\u0142 o rz\u0105dach. Przestrzega\u0142 prawa i sprawiedliwo\u015bci, mia\u0142 kap\u0142an\u00f3w w poszanowaniu, broni\u0142 poddanych od ucisku i gorliwie si\u0119 stara\u0142 o krzewienie mi\u0119dzy nimi cnoty i boja\u017ani Bo\u017cej. Pobo\u017cno\u015b\u0107 monarchy by\u0142a wielu magnatom sol\u0105 w oku i kamieniem obrazy. S\u0105siaduj\u0105cy z nim ksi\u0105\u017c\u0119 Radzis\u0142aw uwa\u017ca\u0142 go za niedo\u0142\u0119g\u0119, powzi\u0105\u0142 zamiar pozbawienia go korony i rz\u0105d\u00f3w i z licznem wojskiem wtargn\u0105\u0142 do Czech. Wac\u0142aw zami\u0142owany w pokoju, wyprawi\u0142 do niego pos\u0142a i o\u015bwiadczy\u0142, \u017ce got\u00f3w mu da\u0107 zadosy\u0107uczynienie, je\u015bli go w czem obrazi\u0142. Radzis\u0142aw za\u017c\u0105da\u0142, aby si\u0119 na jego korzy\u015b\u0107 zrzek\u0142 rz\u0105d\u00f3w. Wtedy dopiero pochwyci\u0142 Wac\u0142aw za or\u0119\u017c, got\u00f3w si\u0142\u0119 odeprze\u0107 si\u0142\u0105. Nie chc\u0105c atoli wylewu krwi swych poddanych, zaproponowa\u0142 Radzis\u0142awowi rozstrzygn\u0105\u0107 spraw\u0119 pojedynkiem. Radzis\u0142aw pojedynek przyj\u0105\u0142, mniemaj\u0105c, \u017ce s\u0142abego ksi\u0119cia \u0142atwo pokona. W oznaczonej przeto godzinie stan\u0119li obaj na placu boju. Radzis\u0142aw od st\u00f3p do g\u0142owy okuty w \u017celazo z \u015bwietnym dzirytem w r\u0119ku. Wac\u0142aw tylko z pancerzem, przys\u0142aniaj\u0105cym pier\u015b i plecy, aby przykry\u0107 w\u0142osienic\u0119, kt\u00f3r\u0105 nosi\u0142 na go\u0142em ciele; w d\u0142oni za\u015b dzier\u017cy\u0142 tylko kr\u00f3tki miecz. Ufno\u015b\u0107, jak\u0105 pok\u0142ada\u0142 w Bogu, starczy\u0142a mu na tarcz i pancerz i nie zawiod\u0142a go. Oba wojska by\u0142y niemymi \u015bwiadkami spotkania. Gdy Radzis\u0142aw z dzirytem w r\u0119ku natar\u0142 ca\u0142ym p\u0119dem na swego przeciwnika, ten si\u0119 prze\u017cegna\u0142, a z Niebios pad\u0142 g\u0142os: \u201eSt\u00f3j!\u201c Obok Wac\u0142awa stan\u0119\u0142o dw\u00f3ch Anio\u0142\u00f3w, a Radzis\u0142aw run\u0105\u0142 w przestrachu na ziemi\u0119 i b\u0142aga\u0142 o darowanie \u017cycia. Wac\u0142aw poda\u0142 mu d\u0142o\u0144 na znak zgody, podni\u00f3s\u0142 go, wybaczy\u0142 mu, nie pozbawiaj\u0105c go ziemi i poddanych. Tak&nbsp;wynagrodzi\u0142 Wac\u0142awowi B\u00f3g jego zami\u0142owanie pokoju, a niezad\u0142ugo potem jego pobo\u017cno\u015b\u0107.<\/p>\n\n\n\n<p class=\"has-text-align-justify wp-block-paragraph\">\u2009Cesarz Otton I zwo\u0142a\u0142 ksi\u0105\u017c\u0105t rzeszy do Wormacyi; wszyscy si\u0119 stawili pr\u00f3cz Wac\u0142awa, przeto z niecierpliwo\u015bci\u0105 czekano na niego. Gdy si\u0119 nie pokazywa\u0142, powsta\u0142 szmer niezadowolenia i odezwa\u0142y si\u0119 g\u0142osy, aby go nie powita\u0107, gdy przyjdzie i nie dopu\u015bci\u0107 do przynale\u017cnego mu miejsca. Wac\u0142aw tymczasem poszed\u0142 by\u0142 do ko\u015bcio\u0142a na Msz\u0119 i modli\u0142 si\u0119 gor\u0105co, a po Mszy \u015bwi\u0119tej uda\u0142 si\u0119 do sali sejmowej. Zamiast mu wzi\u0105\u0107 za z\u0142e jego niepunktualno\u015b\u0107 i czyni\u0107 wyrzuty, powsta\u0142 cesarz, wyszed\u0142 na jego spotkanie i przyrzek\u0142 spe\u0142ni\u0107 wszystkie jego \u017c\u0105dania. Wac\u0142aw za\u017c\u0105da\u0142 tylko ramienia \u015bwi\u0119tego Wita, kt\u00f3rego zw\u0142oki sprowadzono niedawno do Saksonii i kilka kosteczek \u015bw. Zygmunta, kr\u00f3la Burgund\u00f3w. Zdziwiony skromno\u015bci\u0105 jego cesarz, rzek\u0142: \u201e\u015awi\u0119to\u015bci, kt\u00f3rych \u017c\u0105dasz, otrzymasz ode mnie po mym powrocie z Saksonii, ale pr\u00f3cz tego daj\u0119 ci tytu\u0142 kr\u00f3lewski, zwalniam ci\u0119 od daniny, jak\u0105 dotychczas sk\u0142ada\u0142e\u015b i pozwalam ci umie\u015bci\u0107 na chor\u0105gwi or\u0142a cesarskiego.\u201c<\/p>\n\n\n\n<p class=\"has-text-align-justify wp-block-paragraph\">\u2009Zadowolony relikwiami Wac\u0142aw nie przyj\u0105\u0142 tytu\u0142u kr\u00f3lewskiego i kaza\u0142 si\u0119 nazywa\u0107 tylko ksi\u0119ciem. Do przyznania Wac\u0142awowi tych zaszczyt\u00f3w spowodowali cesarza dwaj Anio\u0142owie, kt\u00f3rzy razem z Wac\u0142awem weszli do sali i zar\u0119czenie Biskupa Mogunckiego, kt\u00f3ry zezna\u0142, \u017ce przy wej\u015bciu Wac\u0142awa uczu\u0142 w sobie dreszcze rado\u015bci, jakby patrza\u0142 na \u015awi\u0119tego.<\/p>\n\n\n\n<p class=\"has-text-align-justify wp-block-paragraph\"><br>\u2009Wr\u00f3ciwszy Wac\u0142aw do Czech, kaza\u0142 wybudowa\u0107 okaza\u0142y ko\u015bci\u00f3\u0142 i z\u0142o\u017cy\u0107 w nim relikwie \u015bwi\u0119tego Wita i Zygmunta, jako te\u017c spu\u015bci\u0107 do grobu w ko\u015bciele \u015bwi\u0119tego Jerzego nieska\u017cone cia\u0142o \u015bwi\u0119tej Ludmi\u0142y.<\/p>\n\n\n\n<p class=\"has-text-align-justify wp-block-paragraph\"><br>\u2009Poniewa\u017c w ca\u0142em cesarstwie panowa\u0142 og\u00f3lny spok\u00f3j, odda\u0142 si\u0119 Wac\u0142aw ca\u0142kowicie modlitwie, rozpami\u0119tywaniom i pokucie. W\u0142osienicy nigdy nie sk\u0142ada\u0142, aby uchroni\u0107 cia\u0142o od pokus nieczystych; w celu tym zachowywa\u0142 te\u017c \u015bcis\u0142e posty. Im wi\u0119cej ros\u0142a jego bogobojno\u015b\u0107, tem wi\u0119ksza ogarn\u0119\u0142a go wzgarda \u015bwiata. Ju\u017c nawet my\u015bla\u0142 o z\u0142o\u017ceniu korony i wst\u0105pieniu do Zakonu Benedyktyn\u00f3w, gdy wtem zaszed\u0142 straszny wypadek, kt\u00f3ry uwie\u0144czy\u0142 skronie jego koron\u0105 niebiesk\u0105.<br><\/p>\n\n\n\n<p class=\"has-text-align-justify wp-block-paragraph\">\u2009\u017byj\u0105ca przy bezbo\u017cnym synie Boles\u0142awie Drogomira, czyha\u0142a na sposobno\u015b\u0107, aby popu\u015bci\u0107 cugle swej nienawi\u015bci przeciw Wac\u0142awowi. Sposobno\u015b\u0107 ta nastr\u0119czy\u0142a si\u0119 jej, gdy Wac\u0142aw uj\u0105\u0142 si\u0119 za kilku poddanymi, doznaj\u0105cymi strasznego ucisku od swych pan\u00f3w. Magnaci owi, ura\u017ceni jego po\u015brednictwem, spikn\u0119li si\u0119 z Drogomir\u0105 i Boles\u0142awem na jego \u017cycie. Gdy tedy Boles\u0142awowi urodzi\u0142 si\u0119 syn, zaprosi\u0142 Wac\u0142awa do siebie, aby go pod pozorem przyja\u017ani zwabi\u0107 i zg\u0142adzi\u0107. Domy\u015bla\u0142 si\u0119 wprawdzie \u015awi\u0119ty gro\u017c\u0105cego mu niebezpiecze\u0144stwa, stoj\u0105c bowiem pewnego dnia z kilku przyjacio\u0142mi przy oknie i patrz\u0105c na blizki dom, przeznaczony na przytu\u0142ek dla ksi\u0119\u017cy, odezwa\u0142 si\u0119, \u017ce dom ten po jego odje\u017adzie sta\u0107 b\u0119dzie pustkami, szacunek jednak powinny bratu i matce spowodowa\u0142 go do przyj\u0119cia zaproszenia i wybrania si\u0119 w drog\u0119. Przed wyjazdem wyspowiada\u0142 si\u0119 i przyj\u0105\u0142 Komuni\u0119 \u015bwi\u0119t\u0105. Stan\u0105wszy w domu brata zosta\u0142 przyj\u0119ty z rado\u015bci\u0105; zastawiono wieczerz\u0119, kt\u00f3ra przeci\u0105gn\u0119\u0142a si\u0119 p\u00f3\u017ano w noc. Wac\u0142aw, nie maj\u0105cy upodobania w takich biesiadach, wybra\u0142 si\u0119 do poblizkiego ko\u015bcio\u0142a na modlitw\u0119. Spostrzeg\u0142szy to Drogomira, da\u0142a Boles\u0142awowi znak, \u017ce ju\u017c czas wykona\u0107 krwawy zamiar. Boles\u0142aw pobieg\u0142 z kilku siepaczami do \u015bwi\u0105tyni, napad\u0142 na bezbronnego brata, przeszy\u0142 go na wskro\u015b dzid\u0105, \u017ce krew obryzga\u0142a \u015bciany, a Wac\u0142aw pad\u0142 nie\u017cywy. Sta\u0142o si\u0119 to dnia 28 wrze\u015bnia roku Pa\u0144skiego 938.<\/p>\n\n\n\n<p class=\"has-text-align-justify wp-block-paragraph\">\u2009Teraz mia\u0142a Drogomira wolne pole do wywarcia zemsty na wyznawcach chrze\u015bcija\u0144stwa i przyjacio\u0142ach Wac\u0142awa. Kap\u0142an\u00f3w cz\u0119\u015bci\u0105 wygnano, cz\u0119\u015bci\u0105 wymordowano, a podobny los spotka\u0142 wiele os\u00f3b \u015bwieckich. Boles\u0142aw sprawi\u0142 wielk\u0105 rze\u017a mi\u0119dzy przyjacio\u0142mi brata i zakaza\u0142 ich nawet chowa\u0107. Mimo jednak srogo\u015bci okrutnych zab\u00f3jc\u00f3w wytrwa\u0142a garstka wyznawc\u00f3w Chrystusa przy wierze. Jednego z pobo\u017cnych kap\u0142an\u00f3w powieszono na szubienicy. Wisia\u0142 na niej przesz\u0142o dwa lata i zachowa\u0142 twarz \u015bwie\u017c\u0105, jakby by\u0142 \u017cywym. Za to wszyscy mordercy Ludmi\u0142y i Wac\u0142awa zgin\u0119li n\u0119dzn\u0105 \u015bmierci\u0105, cz\u0119\u015bci\u0105 sami si\u0119 \u017cycia pozbawiaj\u0105c, cz\u0119\u015bci\u0105 pomarli w szale\u0144stwie. Pewnego razu przeje\u017cd\u017ca\u0142a Drogomira obok szubienicy, na kt\u00f3rej wisia\u0142 powy\u017cej wspomniany ksi\u0105dz. Wtem&nbsp;w poblizkiej kaplicy odezwa\u0142 si\u0119 dzwonek zwiastuj\u0105cy Podniesienie. Jeden ze s\u0142ug, chrze\u015bcijanin, zeskoczy\u0142 przeto z powozu i ukl\u0105k\u0142, co widz\u0105c Drogomira, zacz\u0119\u0142a kl\u0105\u0107 i miota\u0107 blu\u017anierstwa przeciw Bogu. Wtem rozwar\u0142a si\u0119 pod ni\u0105 ziemia i poch\u0142on\u0119\u0142a j\u0105 wraz z powozem i ko\u0144mi, a s\u0142u\u017c\u0105cy ocala\u0142. I Boles\u0142awa nie min\u0119\u0142a zas\u0142u\u017cona kara; Otton bowiem zala\u0142 swem wojskiem Czechy, aby pom\u015bci\u0107 \u015bmier\u0107 Wac\u0142awa. Pokonawszy Boles\u0142awa, zmusi\u0142 go do p\u0142acenia rocznego haraczu i przywr\u00f3cenia chrze\u015bcija\u0144stwa w Czechach. Cuda, dziej\u0105ce si\u0119 dotychczas przy grobie Wac\u0142awa, zmusi\u0142y Boles\u0142awa do umieszczenia zw\u0142ok brata w ko\u015bciele \u015bw. Wita w Pradze. Chcia\u0142 to uczyni\u0107 pokryjomu i w nocy, tymczasem konie pop\u0119dzi\u0142y na samopas do stolicy czeskiej, a cia\u0142o \u015awi\u0119tego, \u015bwie\u017ce i nietkni\u0119te, w\u015br\u00f3d ogromnego zbiegu ludu, spuszczone zosta\u0142o do grobu. Mimo widocznych kar nie chcia\u0142 Boles\u0142aw si\u0119 nawr\u00f3ci\u0107, za to syn jego, Boles\u0142aw II, by\u0142 pobo\u017cnym i wiernym na\u015bladowc\u0105 swego stryja.<\/p>\n\n\n\n<h3 class=\"wp-block-heading\"><br><strong>Nauka moralna.<\/strong><\/h3>\n\n\n\n<p class=\"has-text-align-justify wp-block-paragraph\">\u2009Ucz\u0119szczanie na Msz\u0119 \u015bwi\u0119t\u0105 jest jedn\u0105 z najcelniejszych ozd\u00f3b \u017cycia i charakteru \u015bwi\u0119tego Wac\u0142awa. Je\u015bli ten dostojny ksi\u0105\u017c\u0119 i monarcha przy swych tak licznych i wa\u017cnych zaj\u0119ciach m\u00f3g\u0142 sobie da\u0107 tyle czasu, aby p\u00f3j\u015b\u0107 na Msz\u0119, a czasem nawet s\u0142u\u017cy\u0142 ksi\u0119dzu do niej, jak\u017ce si\u0119 wstydzi\u0107 powinni ci, co to pod ladajak\u0105 wym\u00f3wk\u0105 albo wcale na niej w dzie\u0144 powszedni nie bywaj\u0105, albo te\u017c oboj\u0119tnie i z roztargnieniem jej s\u0142uchaj\u0105. Gdyby\u015bmy cho\u0107 w cz\u0119\u015bci przej\u0119ci byli tym duchem pobo\u017cno\u015bci, jak\u0105 czu\u0142 w sobie \u015bwi\u0119ty Wac\u0142aw, to wcale inaczej powinniby\u015bmy si\u0119 zachowa\u0107 wobec tego naj\u015bwi\u0119tszego obrz\u0119du Ko\u015bcio\u0142a katolickiego i nie po\u017ca\u0142owaliby\u015bmy tej p\u00f3\u0142 godziny czasu, aby by\u0107 przytomnymi bezkrwawej Ofierze, kt\u00f3r\u0105 Ko\u015bci\u00f3\u0142 \u015bwi\u0119ty odprawia na chwa\u0142\u0119 Boga, na podzi\u0119kowanie Mu i na przejednanie Go za nasze nieprawo\u015bci i grzechy. Strata tej p\u00f3\u0142 godziny niczem nie jest wobec niezmiennych i niezliczonych korzy\u015bci i b\u0142ogos\u0142awie\u0144stw, jakie na nas B\u00f3g zlewa.<\/p>\n\n\n\n<p class=\"has-text-align-justify wp-block-paragraph\"><br>\u2009C\u00f3\u017c powodowa\u0142o \u015bwi\u0119tego Wac\u0142awa do ucz\u0119szczania na Msze? Powodowa\u0142a go do tego:<br>\u20091) \u017cywa wiara w obecno\u015b\u0107 Boga w Sakramencie O\u0142tarza \u015bwi\u0119tego;<br>\u20092) mi\u0142o\u015b\u0107 Boga, kt\u00f3ry zes\u0142a\u0142 Syna z Nieba, aby za nas cierpia\u0142 i umar\u0142 dla dobra naszego;<br>\u20093) niez\u0142omne przekonanie, \u017ce B\u00f3g wys\u0142ucha mod\u0142\u00f3w i pro\u015bb jego;<br>\u20094) wdzi\u0119czno\u015b\u0107 za \u0142aski i hojne dary, kt\u00f3rymi B\u00f3g nas obsypuje.<br>\u2009Na\u015bladujmy go w tym wzgl\u0119dzie i nie zaniechajmy z tych czterech powod\u00f3w jak najcz\u0119\u015bciej by\u0107 przytomni Ofierze bezkrwawej.<\/p>\n\n\n\n<h3 class=\"wp-block-heading\"><br><strong>Modlitwa.<\/strong><\/h3>\n\n\n\n<blockquote class=\"wp-block-quote is-layout-flow wp-block-quote-is-layout-flow\">\n<p class=\"wp-block-paragraph\">\u2009Bo\u017ce, kt\u00f3ry\u015b \u015bwi\u0119tego Wac\u0142awa przez palm\u0119 m\u0119cze\u0144sk\u0105 przeni\u00f3s\u0142 z ziemskiego tronu do chwa\u0142y niebieskiej, racz nas mi\u0142o\u015bciwie za jego wstawieniem si\u0119 od wszelkich przeciwno\u015bci wybawi\u0107 i w Niebie daj nam w jego spo\u0142eczno\u015bci wiecznego zbawienia za\u017cywa\u0107. Przez Pana naszego Jezusa Chrystusa, kt\u00f3ry kr\u00f3luje w Niebie i na ziemi. Amen.<\/p>\n<\/blockquote>\n\n\n\n<p class=\"has-text-align-justify wp-block-paragraph\"><em>Opr\u00f3cz tego obchodzi Ko\u015bci\u00f3\u0142 \u015bwi\u0119ty pami\u0105tk\u0119 nast\u0119puj\u0105cych \u015awi\u0119tych Pa\u0144skich, zamieszczonych w rzymskiem martyrologium:<\/em><\/p>\n\n\n\n<p class=\"has-text-align-justify wp-block-paragraph\">\u2009<strong>Dnia 28-go wrze\u015bnia<\/strong>&nbsp;w Czechach uroczysto\u015b\u0107 \u015bw.&nbsp;Wac\u0142awa, Ksi\u0119cia i M\u0119czennika, kt\u00f3ry po \u017cyciu pe\u0142nem \u015bwi\u0119tobliwo\u015bci i cud\u00f3w zamordowany zosta\u0142 w domu brata swego i tak dost\u0105pi\u0142 korony zwyci\u0119stwa. \u2014 W Rzymie m\u0119cze\u0144stwo \u015bw.&nbsp;Prywata; okryty wrzodami, uzdrowiony zosta\u0142 przez Papie\u017ca Kallistusa i uwierzy\u0142 w Chrystusa. Za to kaza\u0142 go cesarz Aleksander biczowa\u0107 na \u015bmier\u0107 kulkami o\u0142owianemi. \u2014 Tam\u017ce uroczysto\u015b\u0107 \u015bw.&nbsp;Stakteusa, M\u0119czennika. \u2014 W Afryce \u015bmier\u0107 m\u0119cze\u0144ska \u015bw.&nbsp;Marcyalisa, Wawrzy\u0144ca i&nbsp;20&nbsp;ich towarzysz\u00f3w. \u2014 W Antyochii w Pirydyi m\u0119cze\u0144stwo \u015bw.&nbsp;Marka, Pasterza, braci jego&nbsp;Alfiusza, Aleksandra i Zozyma, potem \u015bw.&nbsp;Nikona, Neona, Heliodora i&nbsp;30&nbsp;\u017co\u0142nierzy, kt\u00f3rzy wszyscy zawdzi\u0119czaj\u0105 nawr\u00f3cenie swe cudom \u015bw. Marka i m\u0119czeni zostali na r\u00f3\u017cny spos\u00f3b. \u2014 Tego samego dnia \u015bmier\u0107 m\u0119cze\u0144ska \u015bw.&nbsp;Maksyma za cesarza Decyusza. \u2014 W Tuluzie uroczysto\u015b\u0107 \u015bw.&nbsp;Exuperyusza, Biskupa i Wyznawcy, m\u0119\u017ca niezwykle sk\u0105pego dla&nbsp;siebie, ale bardzo szczodrobliwego dla innych, jak donosi \u015bw. Hieronim w pami\u0105tkowem sprawozdaniu. \u2014 W Genewie uroczysto\u015b\u0107 \u015bw.&nbsp;Salomona, Biskupa i Wyznawcy. \u2014 W Brescyi uroczysto\u015b\u0107 \u015bw.&nbsp;Sylwina, Biskupa. \u2014 Tego\u017c dnia uroczysto\u015b\u0107 \u015bw.&nbsp;Eustochii, Dziewicy, c\u00f3rki \u015bwi\u0119tej Pauli, kt\u00f3ra wychowana z innemi Dziewicami przy \u017c\u0142\u00f3bku Zbawiciela w boja\u017ani Bo\u017cej, zesz\u0142a wreszcie bogata w zas\u0142ugi z tego \u015bwiata. \u2014 W Niemczech uroczysto\u015b\u0107 \u015bwi\u0119tej&nbsp;Lioby, Dziewicy.<br><\/p>\n","protected":false},"excerpt":{"rendered":"<p>\u015aw. Wac\u0142aw, kt\u00f3rego \u017cycie to jednak wielka szekspirowska tragedia mo\u017ce by\u0107 zdecydowanie patronem tych, kt\u00f3rzy maj\u0105 problemy z w\u0142asn\u0105 bli\u017csz\u0105 lub dalsz\u0105 rodzin\u0105. W jego \u017cyciu wyst\u0119puj\u0105 bowiem babkob\u00f3jstwo, bratob\u00f3jstwo, zawi\u015b\u0107, intrygi, polityka oraz \u015bwi\u0119to\u015b\u0107. Je\u015bli racjonali\u015bci i ateusze uwa\u017caj\u0105, \u017ce \u017cywoty \u015bwi\u0119tych s\u0105 u\u0142adzone, to najwyra\u017aniej ich nie czytali. What a life! (\u017by\u0142 oko\u0142o [&hellip;]<\/p>\n","protected":false},"author":60508433,"featured_media":37119,"comment_status":"open","ping_status":"open","sticky":false,"template":"","format":"standard","meta":{"_bbp_topic_count":0,"_bbp_reply_count":0,"_bbp_total_topic_count":0,"_bbp_total_reply_count":0,"_bbp_voice_count":0,"_bbp_anonymous_reply_count":0,"_bbp_topic_count_hidden":0,"_bbp_reply_count_hidden":0,"_bbp_forum_subforum_count":0,"_editorskit_title_hidden":false,"_editorskit_reading_time":0,"_editorskit_is_block_options_detached":false,"_editorskit_block_options_position":"{}","_coblocks_attr":"","_coblocks_dimensions":"","_coblocks_responsive_height":"","_coblocks_accordion_ie_support":"","_exactmetrics_skip_tracking":false,"_jetpack_newsletter_access":"","_jetpack_dont_email_post_to_subs":false,"_jetpack_newsletter_tier_id":0,"_jetpack_memberships_contains_paywalled_content":false,"_wpcom_ai_launchpad_first_post":false,"_jetpack_feature_clip_id":0,"_jetpack_memberships_contains_paid_content":false,"footnotes":"","jetpack_publicize_message":"{title}\n\n{excerpt}\n\n{url}","jetpack_publicize_feature_enabled":true,"jetpack_social_post_already_shared":true,"jetpack_social_options":{"image_generator_settings":{"template":"highway","default_image_id":0,"font":"","enabled":false},"version":2},"_wpas_customize_per_network":false,"jetpack_post_was_ever_published":false},"categories":[610131824,610131184,336375535,610134932,610132042],"tags":[610133352,610131990],"class_list":["post-37122","post","type-post","status-publish","format-standard","has-post-thumbnail","hentry","category-swieta-we-wrzesniu","category-duchowosc","category-liturgia-i-liturgika","category-mescy-swieci","category-zywoty-swietych","tag-mescy-swieci","tag-sw-waclaw"],"yoast_head":"<!-- This site is optimized with the Yoast SEO plugin v28.3 - https:\/\/yoast.com\/product\/yoast-seo-wordpress\/ -->\n<title>28-go Wrze\u015bnia. \u017bywot \u015bwi\u0119tego Wac\u0142awa, Kr\u00f3la Czeskiego i M\u0119czennika. - Tradycja i Wiara<\/title>\n<meta name=\"robots\" content=\"index, follow, max-snippet:-1, max-image-preview:large, max-video-preview:-1\" \/>\n<link rel=\"canonical\" href=\"https:\/\/wobronietradycjiiwiary.com\/pl\/28-go-wrzesnia-zywot-swietego-waclawa-krola-czeskiego-i-meczennika-2\/\" \/>\n<meta property=\"og:locale\" content=\"pl_PL\" \/>\n<meta property=\"og:type\" content=\"article\" \/>\n<meta property=\"og:title\" content=\"28-go Wrze\u015bnia. \u017bywot \u015bwi\u0119tego Wac\u0142awa, Kr\u00f3la Czeskiego i M\u0119czennika. - Tradycja i Wiara\" \/>\n<meta property=\"og:description\" content=\"\u015aw. Wac\u0142aw, kt\u00f3rego \u017cycie to jednak wielka szekspirowska tragedia mo\u017ce by\u0107 zdecydowanie patronem tych, kt\u00f3rzy maj\u0105 problemy z w\u0142asn\u0105 bli\u017csz\u0105 lub dalsz\u0105 rodzin\u0105. W jego \u017cyciu wyst\u0119puj\u0105 bowiem babkob\u00f3jstwo, bratob\u00f3jstwo, zawi\u015b\u0107, intrygi, polityka oraz \u015bwi\u0119to\u015b\u0107. Je\u015bli racjonali\u015bci i ateusze uwa\u017caj\u0105, \u017ce \u017cywoty \u015bwi\u0119tych s\u0105 u\u0142adzone, to najwyra\u017aniej ich nie czytali. What a life! (\u017by\u0142 oko\u0142o [&hellip;]\" \/>\n<meta property=\"og:url\" content=\"https:\/\/wobronietradycjiiwiary.com\/pl\/28-go-wrzesnia-zywot-swietego-waclawa-krola-czeskiego-i-meczennika-2\/\" \/>\n<meta property=\"og:site_name\" content=\"Tradycja i Wiara\" \/>\n<meta property=\"article:publisher\" content=\"https:\/\/www.facebook.com\/Tradycja-i-Wiara-108813920592249\" \/>\n<meta property=\"article:published_time\" content=\"2023-09-28T06:15:59+00:00\" \/>\n<meta property=\"article:modified_time\" content=\"2025-02-10T10:16:45+00:00\" \/>\n<meta property=\"og:image\" content=\"https:\/\/wobronietradycjiiwiary.com\/wp-content\/uploads\/2020\/09\/Waclaw.jpg\" \/>\n\t<meta property=\"og:image:width\" content=\"250\" \/>\n\t<meta property=\"og:image:height\" content=\"435\" \/>\n\t<meta property=\"og:image:type\" content=\"image\/jpeg\" \/>\n<meta name=\"author\" content=\"Traditio et Fides\" \/>\n<meta name=\"twitter:card\" content=\"summary_large_image\" \/>\n<meta name=\"twitter:label1\" content=\"Napisane przez\" \/>\n\t<meta name=\"twitter:data1\" content=\"Traditio et Fides\" \/>\n\t<meta name=\"twitter:label2\" content=\"Szacowany czas czytania\" \/>\n\t<meta name=\"twitter:data2\" content=\"15 minut\" \/>\n<script type=\"application\/ld+json\" class=\"yoast-schema-graph\">{\"@context\":\"https:\\\/\\\/schema.org\",\"@graph\":[{\"@type\":\"Article\",\"@id\":\"https:\\\/\\\/wobronietradycjiiwiary.com\\\/28-go-wrzesnia-zywot-swietego-waclawa-krola-czeskiego-i-meczennika-2\\\/#article\",\"isPartOf\":{\"@id\":\"https:\\\/\\\/wobronietradycjiiwiary.com\\\/28-go-wrzesnia-zywot-swietego-waclawa-krola-czeskiego-i-meczennika-2\\\/\"},\"author\":{\"name\":\"Traditio et Fides\",\"@id\":\"https:\\\/\\\/wobronietradycjiiwiary.com\\\/pl\\\/#\\\/schema\\\/person\\\/2d6180ce6abcb681fef0daab7816e8f3\"},\"headline\":\"28-go Wrze\u015bnia. \u017bywot \u015bwi\u0119tego Wac\u0142awa, Kr\u00f3la Czeskiego i M\u0119czennika.\",\"datePublished\":\"2023-09-28T06:15:59+00:00\",\"dateModified\":\"2025-02-10T10:16:45+00:00\",\"mainEntityOfPage\":{\"@id\":\"https:\\\/\\\/wobronietradycjiiwiary.com\\\/28-go-wrzesnia-zywot-swietego-waclawa-krola-czeskiego-i-meczennika-2\\\/\"},\"wordCount\":3146,\"commentCount\":0,\"publisher\":{\"@id\":\"https:\\\/\\\/wobronietradycjiiwiary.com\\\/pl\\\/#organization\"},\"image\":{\"@id\":\"https:\\\/\\\/wobronietradycjiiwiary.com\\\/28-go-wrzesnia-zywot-swietego-waclawa-krola-czeskiego-i-meczennika-2\\\/#primaryimage\"},\"thumbnailUrl\":\"https:\\\/\\\/wobronietradycjiiwiary.com\\\/wp-content\\\/uploads\\\/2020\\\/09\\\/Waclaw.jpg\",\"keywords\":[\"m\u0119scy \u015bwi\u0119ci\",\"\u015bw. Wac\u0142aw\"],\"articleSection\":[\"09. \u015awi\u0119ta we wrze\u015bniu\",\"Duchowo\u015b\u0107\",\"Liturgia i liturgika\",\"M\u0119scy \u015bwi\u0119ci\",\"\u017bywoty \u015awi\u0119tych\"],\"inLanguage\":\"pl-PL\",\"potentialAction\":[{\"@type\":\"CommentAction\",\"name\":\"Comment\",\"target\":[\"https:\\\/\\\/wobronietradycjiiwiary.com\\\/28-go-wrzesnia-zywot-swietego-waclawa-krola-czeskiego-i-meczennika-2\\\/#respond\"]}]},{\"@type\":\"WebPage\",\"@id\":\"https:\\\/\\\/wobronietradycjiiwiary.com\\\/28-go-wrzesnia-zywot-swietego-waclawa-krola-czeskiego-i-meczennika-2\\\/\",\"url\":\"https:\\\/\\\/wobronietradycjiiwiary.com\\\/28-go-wrzesnia-zywot-swietego-waclawa-krola-czeskiego-i-meczennika-2\\\/\",\"name\":\"28-go Wrze\u015bnia. \u017bywot \u015bwi\u0119tego Wac\u0142awa, Kr\u00f3la Czeskiego i M\u0119czennika. - Tradycja i Wiara\",\"isPartOf\":{\"@id\":\"https:\\\/\\\/wobronietradycjiiwiary.com\\\/pl\\\/#website\"},\"primaryImageOfPage\":{\"@id\":\"https:\\\/\\\/wobronietradycjiiwiary.com\\\/28-go-wrzesnia-zywot-swietego-waclawa-krola-czeskiego-i-meczennika-2\\\/#primaryimage\"},\"image\":{\"@id\":\"https:\\\/\\\/wobronietradycjiiwiary.com\\\/28-go-wrzesnia-zywot-swietego-waclawa-krola-czeskiego-i-meczennika-2\\\/#primaryimage\"},\"thumbnailUrl\":\"https:\\\/\\\/wobronietradycjiiwiary.com\\\/wp-content\\\/uploads\\\/2020\\\/09\\\/Waclaw.jpg\",\"datePublished\":\"2023-09-28T06:15:59+00:00\",\"dateModified\":\"2025-02-10T10:16:45+00:00\",\"breadcrumb\":{\"@id\":\"https:\\\/\\\/wobronietradycjiiwiary.com\\\/28-go-wrzesnia-zywot-swietego-waclawa-krola-czeskiego-i-meczennika-2\\\/#breadcrumb\"},\"inLanguage\":\"pl-PL\",\"potentialAction\":[{\"@type\":\"ReadAction\",\"target\":[\"https:\\\/\\\/wobronietradycjiiwiary.com\\\/28-go-wrzesnia-zywot-swietego-waclawa-krola-czeskiego-i-meczennika-2\\\/\"]}]},{\"@type\":\"ImageObject\",\"inLanguage\":\"pl-PL\",\"@id\":\"https:\\\/\\\/wobronietradycjiiwiary.com\\\/28-go-wrzesnia-zywot-swietego-waclawa-krola-czeskiego-i-meczennika-2\\\/#primaryimage\",\"url\":\"https:\\\/\\\/wobronietradycjiiwiary.com\\\/wp-content\\\/uploads\\\/2020\\\/09\\\/Waclaw.jpg\",\"contentUrl\":\"https:\\\/\\\/wobronietradycjiiwiary.com\\\/wp-content\\\/uploads\\\/2020\\\/09\\\/Waclaw.jpg\",\"width\":250,\"height\":435},{\"@type\":\"BreadcrumbList\",\"@id\":\"https:\\\/\\\/wobronietradycjiiwiary.com\\\/28-go-wrzesnia-zywot-swietego-waclawa-krola-czeskiego-i-meczennika-2\\\/#breadcrumb\",\"itemListElement\":[{\"@type\":\"ListItem\",\"position\":1,\"name\":\"Strona g\u0142\u00f3wna\",\"item\":\"https:\\\/\\\/wobronietradycjiiwiary.com\\\/\"},{\"@type\":\"ListItem\",\"position\":2,\"name\":\"28-go Wrze\u015bnia. \u017bywot \u015bwi\u0119tego Wac\u0142awa, Kr\u00f3la Czeskiego i M\u0119czennika.\"}]},{\"@type\":\"WebSite\",\"@id\":\"https:\\\/\\\/wobronietradycjiiwiary.com\\\/pl\\\/#website\",\"url\":\"https:\\\/\\\/wobronietradycjiiwiary.com\\\/pl\\\/\",\"name\":\"Tradycja i Wiara\",\"description\":\"Portal dla katolik\u00f3w.\",\"publisher\":{\"@id\":\"https:\\\/\\\/wobronietradycjiiwiary.com\\\/pl\\\/#organization\"},\"potentialAction\":[{\"@type\":\"SearchAction\",\"target\":{\"@type\":\"EntryPoint\",\"urlTemplate\":\"https:\\\/\\\/wobronietradycjiiwiary.com\\\/pl\\\/?s={search_term_string}\"},\"query-input\":{\"@type\":\"PropertyValueSpecification\",\"valueRequired\":true,\"valueName\":\"search_term_string\"}}],\"inLanguage\":\"pl-PL\"},{\"@type\":\"Organization\",\"@id\":\"https:\\\/\\\/wobronietradycjiiwiary.com\\\/pl\\\/#organization\",\"name\":\"Tradycja i Wiara\",\"url\":\"https:\\\/\\\/wobronietradycjiiwiary.com\\\/pl\\\/\",\"logo\":{\"@type\":\"ImageObject\",\"inLanguage\":\"pl-PL\",\"@id\":\"https:\\\/\\\/wobronietradycjiiwiary.com\\\/pl\\\/#\\\/schema\\\/logo\\\/image\\\/\",\"url\":\"https:\\\/\\\/i0.wp.com\\\/wobronietradycjiiwiary.com\\\/wp-content\\\/uploads\\\/2015\\\/10\\\/cropped-st-peters-dome-vatican.jpg?fit=940%2C198&ssl=1\",\"contentUrl\":\"https:\\\/\\\/i0.wp.com\\\/wobronietradycjiiwiary.com\\\/wp-content\\\/uploads\\\/2015\\\/10\\\/cropped-st-peters-dome-vatican.jpg?fit=940%2C198&ssl=1\",\"width\":940,\"height\":198,\"caption\":\"Tradycja i Wiara\"},\"image\":{\"@id\":\"https:\\\/\\\/wobronietradycjiiwiary.com\\\/pl\\\/#\\\/schema\\\/logo\\\/image\\\/\"},\"sameAs\":[\"https:\\\/\\\/www.facebook.com\\\/Tradycja-i-Wiara-108813920592249\"]},{\"@type\":\"Person\",\"@id\":\"https:\\\/\\\/wobronietradycjiiwiary.com\\\/pl\\\/#\\\/schema\\\/person\\\/2d6180ce6abcb681fef0daab7816e8f3\",\"name\":\"Traditio et Fides\",\"sameAs\":[\"https:\\\/\\\/traditionundglauben.com\"],\"url\":\"https:\\\/\\\/wobronietradycjiiwiary.com\\\/pl\\\/author\\\/wobronietradycjiiwiary\\\/\"}]}<\/script>\n<!-- \/ Yoast SEO plugin. -->","yoast_head_json":{"title":"28-go Wrze\u015bnia. \u017bywot \u015bwi\u0119tego Wac\u0142awa, Kr\u00f3la Czeskiego i M\u0119czennika. - Tradycja i Wiara","robots":{"index":"index","follow":"follow","max-snippet":"max-snippet:-1","max-image-preview":"max-image-preview:large","max-video-preview":"max-video-preview:-1"},"canonical":"https:\/\/wobronietradycjiiwiary.com\/pl\/28-go-wrzesnia-zywot-swietego-waclawa-krola-czeskiego-i-meczennika-2\/","og_locale":"pl_PL","og_type":"article","og_title":"28-go Wrze\u015bnia. \u017bywot \u015bwi\u0119tego Wac\u0142awa, Kr\u00f3la Czeskiego i M\u0119czennika. - Tradycja i Wiara","og_description":"\u015aw. Wac\u0142aw, kt\u00f3rego \u017cycie to jednak wielka szekspirowska tragedia mo\u017ce by\u0107 zdecydowanie patronem tych, kt\u00f3rzy maj\u0105 problemy z w\u0142asn\u0105 bli\u017csz\u0105 lub dalsz\u0105 rodzin\u0105. W jego \u017cyciu wyst\u0119puj\u0105 bowiem babkob\u00f3jstwo, bratob\u00f3jstwo, zawi\u015b\u0107, intrygi, polityka oraz \u015bwi\u0119to\u015b\u0107. Je\u015bli racjonali\u015bci i ateusze uwa\u017caj\u0105, \u017ce \u017cywoty \u015bwi\u0119tych s\u0105 u\u0142adzone, to najwyra\u017aniej ich nie czytali. What a life! (\u017by\u0142 oko\u0142o [&hellip;]","og_url":"https:\/\/wobronietradycjiiwiary.com\/pl\/28-go-wrzesnia-zywot-swietego-waclawa-krola-czeskiego-i-meczennika-2\/","og_site_name":"Tradycja i Wiara","article_publisher":"https:\/\/www.facebook.com\/Tradycja-i-Wiara-108813920592249","article_published_time":"2023-09-28T06:15:59+00:00","article_modified_time":"2025-02-10T10:16:45+00:00","og_image":[{"width":250,"height":435,"url":"https:\/\/wobronietradycjiiwiary.com\/wp-content\/uploads\/2020\/09\/Waclaw.jpg","type":"image\/jpeg"}],"author":"Traditio et Fides","twitter_card":"summary_large_image","twitter_misc":{"Napisane przez":"Traditio et Fides","Szacowany czas czytania":"15 minut"},"schema":{"@context":"https:\/\/schema.org","@graph":[{"@type":"Article","@id":"https:\/\/wobronietradycjiiwiary.com\/28-go-wrzesnia-zywot-swietego-waclawa-krola-czeskiego-i-meczennika-2\/#article","isPartOf":{"@id":"https:\/\/wobronietradycjiiwiary.com\/28-go-wrzesnia-zywot-swietego-waclawa-krola-czeskiego-i-meczennika-2\/"},"author":{"name":"Traditio et Fides","@id":"https:\/\/wobronietradycjiiwiary.com\/pl\/#\/schema\/person\/2d6180ce6abcb681fef0daab7816e8f3"},"headline":"28-go Wrze\u015bnia. \u017bywot \u015bwi\u0119tego Wac\u0142awa, Kr\u00f3la Czeskiego i M\u0119czennika.","datePublished":"2023-09-28T06:15:59+00:00","dateModified":"2025-02-10T10:16:45+00:00","mainEntityOfPage":{"@id":"https:\/\/wobronietradycjiiwiary.com\/28-go-wrzesnia-zywot-swietego-waclawa-krola-czeskiego-i-meczennika-2\/"},"wordCount":3146,"commentCount":0,"publisher":{"@id":"https:\/\/wobronietradycjiiwiary.com\/pl\/#organization"},"image":{"@id":"https:\/\/wobronietradycjiiwiary.com\/28-go-wrzesnia-zywot-swietego-waclawa-krola-czeskiego-i-meczennika-2\/#primaryimage"},"thumbnailUrl":"https:\/\/wobronietradycjiiwiary.com\/wp-content\/uploads\/2020\/09\/Waclaw.jpg","keywords":["m\u0119scy \u015bwi\u0119ci","\u015bw. Wac\u0142aw"],"articleSection":["09. \u015awi\u0119ta we wrze\u015bniu","Duchowo\u015b\u0107","Liturgia i liturgika","M\u0119scy \u015bwi\u0119ci","\u017bywoty \u015awi\u0119tych"],"inLanguage":"pl-PL","potentialAction":[{"@type":"CommentAction","name":"Comment","target":["https:\/\/wobronietradycjiiwiary.com\/28-go-wrzesnia-zywot-swietego-waclawa-krola-czeskiego-i-meczennika-2\/#respond"]}]},{"@type":"WebPage","@id":"https:\/\/wobronietradycjiiwiary.com\/28-go-wrzesnia-zywot-swietego-waclawa-krola-czeskiego-i-meczennika-2\/","url":"https:\/\/wobronietradycjiiwiary.com\/28-go-wrzesnia-zywot-swietego-waclawa-krola-czeskiego-i-meczennika-2\/","name":"28-go Wrze\u015bnia. \u017bywot \u015bwi\u0119tego Wac\u0142awa, Kr\u00f3la Czeskiego i M\u0119czennika. - Tradycja i Wiara","isPartOf":{"@id":"https:\/\/wobronietradycjiiwiary.com\/pl\/#website"},"primaryImageOfPage":{"@id":"https:\/\/wobronietradycjiiwiary.com\/28-go-wrzesnia-zywot-swietego-waclawa-krola-czeskiego-i-meczennika-2\/#primaryimage"},"image":{"@id":"https:\/\/wobronietradycjiiwiary.com\/28-go-wrzesnia-zywot-swietego-waclawa-krola-czeskiego-i-meczennika-2\/#primaryimage"},"thumbnailUrl":"https:\/\/wobronietradycjiiwiary.com\/wp-content\/uploads\/2020\/09\/Waclaw.jpg","datePublished":"2023-09-28T06:15:59+00:00","dateModified":"2025-02-10T10:16:45+00:00","breadcrumb":{"@id":"https:\/\/wobronietradycjiiwiary.com\/28-go-wrzesnia-zywot-swietego-waclawa-krola-czeskiego-i-meczennika-2\/#breadcrumb"},"inLanguage":"pl-PL","potentialAction":[{"@type":"ReadAction","target":["https:\/\/wobronietradycjiiwiary.com\/28-go-wrzesnia-zywot-swietego-waclawa-krola-czeskiego-i-meczennika-2\/"]}]},{"@type":"ImageObject","inLanguage":"pl-PL","@id":"https:\/\/wobronietradycjiiwiary.com\/28-go-wrzesnia-zywot-swietego-waclawa-krola-czeskiego-i-meczennika-2\/#primaryimage","url":"https:\/\/wobronietradycjiiwiary.com\/wp-content\/uploads\/2020\/09\/Waclaw.jpg","contentUrl":"https:\/\/wobronietradycjiiwiary.com\/wp-content\/uploads\/2020\/09\/Waclaw.jpg","width":250,"height":435},{"@type":"BreadcrumbList","@id":"https:\/\/wobronietradycjiiwiary.com\/28-go-wrzesnia-zywot-swietego-waclawa-krola-czeskiego-i-meczennika-2\/#breadcrumb","itemListElement":[{"@type":"ListItem","position":1,"name":"Strona g\u0142\u00f3wna","item":"https:\/\/wobronietradycjiiwiary.com\/"},{"@type":"ListItem","position":2,"name":"28-go Wrze\u015bnia. \u017bywot \u015bwi\u0119tego Wac\u0142awa, Kr\u00f3la Czeskiego i M\u0119czennika."}]},{"@type":"WebSite","@id":"https:\/\/wobronietradycjiiwiary.com\/pl\/#website","url":"https:\/\/wobronietradycjiiwiary.com\/pl\/","name":"Tradycja i Wiara","description":"Portal dla katolik\u00f3w.","publisher":{"@id":"https:\/\/wobronietradycjiiwiary.com\/pl\/#organization"},"potentialAction":[{"@type":"SearchAction","target":{"@type":"EntryPoint","urlTemplate":"https:\/\/wobronietradycjiiwiary.com\/pl\/?s={search_term_string}"},"query-input":{"@type":"PropertyValueSpecification","valueRequired":true,"valueName":"search_term_string"}}],"inLanguage":"pl-PL"},{"@type":"Organization","@id":"https:\/\/wobronietradycjiiwiary.com\/pl\/#organization","name":"Tradycja i Wiara","url":"https:\/\/wobronietradycjiiwiary.com\/pl\/","logo":{"@type":"ImageObject","inLanguage":"pl-PL","@id":"https:\/\/wobronietradycjiiwiary.com\/pl\/#\/schema\/logo\/image\/","url":"https:\/\/i0.wp.com\/wobronietradycjiiwiary.com\/wp-content\/uploads\/2015\/10\/cropped-st-peters-dome-vatican.jpg?fit=940%2C198&ssl=1","contentUrl":"https:\/\/i0.wp.com\/wobronietradycjiiwiary.com\/wp-content\/uploads\/2015\/10\/cropped-st-peters-dome-vatican.jpg?fit=940%2C198&ssl=1","width":940,"height":198,"caption":"Tradycja i Wiara"},"image":{"@id":"https:\/\/wobronietradycjiiwiary.com\/pl\/#\/schema\/logo\/image\/"},"sameAs":["https:\/\/www.facebook.com\/Tradycja-i-Wiara-108813920592249"]},{"@type":"Person","@id":"https:\/\/wobronietradycjiiwiary.com\/pl\/#\/schema\/person\/2d6180ce6abcb681fef0daab7816e8f3","name":"Traditio et Fides","sameAs":["https:\/\/traditionundglauben.com"],"url":"https:\/\/wobronietradycjiiwiary.com\/pl\/author\/wobronietradycjiiwiary\/"}]}},"jetpack_publicize_connections":[],"jetpack_sharing_enabled":true,"jetpack_likes_enabled":true,"jetpack_shortlink":"https:\/\/wp.me\/pc04Sd-9EK","jetpack-related-posts":[{"id":120458,"url":"https:\/\/wobronietradycjiiwiary.com\/pl\/animacja-7-go-wrzesnia-sw-piotra-clavera-2\/","url_meta":{"origin":37122,"position":0},"title":"Animacja: 7-go wrze\u015bnia. \u015aw. Piotra Clavera","author":"Traditio et Fides","date":"7 wrze\u015bnia 2024","format":false,"excerpt":"Animowany \u017bywot \u015bw. Piotra Clavera.","rel":"","context":"W \u201e09. Animacje wrze\u015bniowe&quot;","block_context":{"text":"09. Animacje wrze\u015bniowe","link":"https:\/\/wobronietradycjiiwiary.com\/pl\/category\/duchowosc\/liturgia-i-liturgika\/rozwazania\/zywoty-swietych\/animowane-zywoty-swietych\/animacje-wrzesniowe\/"},"img":{"alt_text":"","src":"https:\/\/i0.wp.com\/wobronietradycjiiwiary.com\/wp-content\/uploads\/2023\/10\/Unbenannt-1.jpg?resize=350%2C200&ssl=1","width":350,"height":200,"srcset":"https:\/\/i0.wp.com\/wobronietradycjiiwiary.com\/wp-content\/uploads\/2023\/10\/Unbenannt-1.jpg?resize=350%2C200&ssl=1 1x, https:\/\/i0.wp.com\/wobronietradycjiiwiary.com\/wp-content\/uploads\/2023\/10\/Unbenannt-1.jpg?resize=525%2C300&ssl=1 1.5x, https:\/\/i0.wp.com\/wobronietradycjiiwiary.com\/wp-content\/uploads\/2023\/10\/Unbenannt-1.jpg?resize=700%2C400&ssl=1 2x, https:\/\/i0.wp.com\/wobronietradycjiiwiary.com\/wp-content\/uploads\/2023\/10\/Unbenannt-1.jpg?resize=1050%2C600&ssl=1 3x"},"classes":[]},{"id":120460,"url":"https:\/\/wobronietradycjiiwiary.com\/pl\/animacja-5-go-wrzesnia-sw-wawrzynca-justiniani-2\/","url_meta":{"origin":37122,"position":1},"title":"Animacja: 5-go wrze\u015bnia. \u015aw. Wawrzy\u0144ca Justiniani","author":"Traditio et Fides","date":"5 wrze\u015bnia 2024","format":false,"excerpt":"Animowany \u017bywot \u015bw. Wawrzy\u0144ca Justiniani","rel":"","context":"W \u201e09. Animacje wrze\u015bniowe&quot;","block_context":{"text":"09. Animacje wrze\u015bniowe","link":"https:\/\/wobronietradycjiiwiary.com\/pl\/category\/duchowosc\/liturgia-i-liturgika\/rozwazania\/zywoty-swietych\/animowane-zywoty-swietych\/animacje-wrzesniowe\/"},"img":{"alt_text":"","src":"https:\/\/i0.wp.com\/wobronietradycjiiwiary.com\/wp-content\/uploads\/2023\/10\/Miniatura-8.jpg?resize=350%2C200&ssl=1","width":350,"height":200,"srcset":"https:\/\/i0.wp.com\/wobronietradycjiiwiary.com\/wp-content\/uploads\/2023\/10\/Miniatura-8.jpg?resize=350%2C200&ssl=1 1x, https:\/\/i0.wp.com\/wobronietradycjiiwiary.com\/wp-content\/uploads\/2023\/10\/Miniatura-8.jpg?resize=525%2C300&ssl=1 1.5x, https:\/\/i0.wp.com\/wobronietradycjiiwiary.com\/wp-content\/uploads\/2023\/10\/Miniatura-8.jpg?resize=700%2C400&ssl=1 2x, https:\/\/i0.wp.com\/wobronietradycjiiwiary.com\/wp-content\/uploads\/2023\/10\/Miniatura-8.jpg?resize=1050%2C600&ssl=1 3x"},"classes":[]},{"id":104530,"url":"https:\/\/wobronietradycjiiwiary.com\/pl\/animacja-30-go-wrzesnia-sw-hieronima-doktora-kosciola-3\/","url_meta":{"origin":37122,"position":2},"title":"Animacja: 30-go wrze\u015bnia. \u015aw. Hieronima, Doktora Ko\u015bcio\u0142a","author":"Traditio et Fides","date":"1 pa\u017adziernika 2023","format":false,"excerpt":"Animowany \u017bywot \u015bw. Hieronima, Doktora Ko\u015bcio\u0142a.","rel":"","context":"W \u201e09. Animacje wrze\u015bniowe&quot;","block_context":{"text":"09. Animacje wrze\u015bniowe","link":"https:\/\/wobronietradycjiiwiary.com\/pl\/category\/duchowosc\/liturgia-i-liturgika\/rozwazania\/zywoty-swietych\/animowane-zywoty-swietych\/animacje-wrzesniowe\/"},"img":{"alt_text":"","src":"https:\/\/i0.wp.com\/wobronietradycjiiwiary.com\/wp-content\/uploads\/2023\/10\/Miniatura-5.jpg?resize=350%2C200&ssl=1","width":350,"height":200,"srcset":"https:\/\/i0.wp.com\/wobronietradycjiiwiary.com\/wp-content\/uploads\/2023\/10\/Miniatura-5.jpg?resize=350%2C200&ssl=1 1x, https:\/\/i0.wp.com\/wobronietradycjiiwiary.com\/wp-content\/uploads\/2023\/10\/Miniatura-5.jpg?resize=525%2C300&ssl=1 1.5x, https:\/\/i0.wp.com\/wobronietradycjiiwiary.com\/wp-content\/uploads\/2023\/10\/Miniatura-5.jpg?resize=700%2C400&ssl=1 2x, https:\/\/i0.wp.com\/wobronietradycjiiwiary.com\/wp-content\/uploads\/2023\/10\/Miniatura-5.jpg?resize=1050%2C600&ssl=1 3x"},"classes":[]},{"id":152168,"url":"https:\/\/wobronietradycjiiwiary.com\/pl\/animacja-5-go-wrzesnia-sw-wawrzynca-justiniani-2-2\/","url_meta":{"origin":37122,"position":3},"title":"Animacja: 5-go wrze\u015bnia. \u015aw. Wawrzy\u0144ca Justiniani","author":"Traditio et Fides","date":"5 wrze\u015bnia 2025","format":false,"excerpt":"Animowany \u017bywot \u015bw. Wawrzy\u0144ca Justiniani","rel":"","context":"W \u201e09. Animacje wrze\u015bniowe&quot;","block_context":{"text":"09. Animacje wrze\u015bniowe","link":"https:\/\/wobronietradycjiiwiary.com\/pl\/category\/duchowosc\/liturgia-i-liturgika\/rozwazania\/zywoty-swietych\/animowane-zywoty-swietych\/animacje-wrzesniowe\/"},"img":{"alt_text":"","src":"https:\/\/i0.wp.com\/wobronietradycjiiwiary.com\/wp-content\/uploads\/2023\/10\/Miniatura-8.jpg?resize=350%2C200&ssl=1","width":350,"height":200,"srcset":"https:\/\/i0.wp.com\/wobronietradycjiiwiary.com\/wp-content\/uploads\/2023\/10\/Miniatura-8.jpg?resize=350%2C200&ssl=1 1x, https:\/\/i0.wp.com\/wobronietradycjiiwiary.com\/wp-content\/uploads\/2023\/10\/Miniatura-8.jpg?resize=525%2C300&ssl=1 1.5x, https:\/\/i0.wp.com\/wobronietradycjiiwiary.com\/wp-content\/uploads\/2023\/10\/Miniatura-8.jpg?resize=700%2C400&ssl=1 2x, https:\/\/i0.wp.com\/wobronietradycjiiwiary.com\/wp-content\/uploads\/2023\/10\/Miniatura-8.jpg?resize=1050%2C600&ssl=1 3x"},"classes":[]},{"id":152169,"url":"https:\/\/wobronietradycjiiwiary.com\/pl\/animacja-6-go-wrzesnia-sw-magnusa-opata-2-2\/","url_meta":{"origin":37122,"position":4},"title":"Animacja: 6-go wrze\u015bnia. \u015aw. Magnusa Opata","author":"Traditio et Fides","date":"6 wrze\u015bnia 2025","format":false,"excerpt":"Animowana wersja \u017bywotu \u015bw. Magnusa Opata.","rel":"","context":"W \u201e09. Animacje wrze\u015bniowe&quot;","block_context":{"text":"09. Animacje wrze\u015bniowe","link":"https:\/\/wobronietradycjiiwiary.com\/pl\/category\/duchowosc\/liturgia-i-liturgika\/rozwazania\/zywoty-swietych\/animowane-zywoty-swietych\/animacje-wrzesniowe\/"},"img":{"alt_text":"","src":"https:\/\/i0.wp.com\/wobronietradycjiiwiary.com\/wp-content\/uploads\/2023\/10\/Miniatura-7.jpg?resize=350%2C200&ssl=1","width":350,"height":200,"srcset":"https:\/\/i0.wp.com\/wobronietradycjiiwiary.com\/wp-content\/uploads\/2023\/10\/Miniatura-7.jpg?resize=350%2C200&ssl=1 1x, https:\/\/i0.wp.com\/wobronietradycjiiwiary.com\/wp-content\/uploads\/2023\/10\/Miniatura-7.jpg?resize=525%2C300&ssl=1 1.5x, https:\/\/i0.wp.com\/wobronietradycjiiwiary.com\/wp-content\/uploads\/2023\/10\/Miniatura-7.jpg?resize=700%2C400&ssl=1 2x, https:\/\/i0.wp.com\/wobronietradycjiiwiary.com\/wp-content\/uploads\/2023\/10\/Miniatura-7.jpg?resize=1050%2C600&ssl=1 3x"},"classes":[]},{"id":120459,"url":"https:\/\/wobronietradycjiiwiary.com\/pl\/animacja-6-go-wrzesnia-sw-magnusa-opata-2\/","url_meta":{"origin":37122,"position":5},"title":"Animacja: 6-go wrze\u015bnia. \u015aw. Magnusa Opata","author":"Traditio et Fides","date":"6 wrze\u015bnia 2024","format":false,"excerpt":"Animowana wersja \u017bywotu \u015bw. Magnusa Opata.","rel":"","context":"W \u201e09. Animacje wrze\u015bniowe&quot;","block_context":{"text":"09. Animacje wrze\u015bniowe","link":"https:\/\/wobronietradycjiiwiary.com\/pl\/category\/duchowosc\/liturgia-i-liturgika\/rozwazania\/zywoty-swietych\/animowane-zywoty-swietych\/animacje-wrzesniowe\/"},"img":{"alt_text":"","src":"https:\/\/i0.wp.com\/wobronietradycjiiwiary.com\/wp-content\/uploads\/2023\/10\/Miniatura-7.jpg?resize=350%2C200&ssl=1","width":350,"height":200,"srcset":"https:\/\/i0.wp.com\/wobronietradycjiiwiary.com\/wp-content\/uploads\/2023\/10\/Miniatura-7.jpg?resize=350%2C200&ssl=1 1x, https:\/\/i0.wp.com\/wobronietradycjiiwiary.com\/wp-content\/uploads\/2023\/10\/Miniatura-7.jpg?resize=525%2C300&ssl=1 1.5x, https:\/\/i0.wp.com\/wobronietradycjiiwiary.com\/wp-content\/uploads\/2023\/10\/Miniatura-7.jpg?resize=700%2C400&ssl=1 2x, https:\/\/i0.wp.com\/wobronietradycjiiwiary.com\/wp-content\/uploads\/2023\/10\/Miniatura-7.jpg?resize=1050%2C600&ssl=1 3x"},"classes":[]}],"amp_enabled":true,"jetpack_featured_media_url":"https:\/\/wobronietradycjiiwiary.com\/wp-content\/uploads\/2020\/09\/Waclaw.jpg","_links":{"self":[{"href":"https:\/\/wobronietradycjiiwiary.com\/pl\/wp-json\/wp\/v2\/posts\/37122","targetHints":{"allow":["GET"]}}],"collection":[{"href":"https:\/\/wobronietradycjiiwiary.com\/pl\/wp-json\/wp\/v2\/posts"}],"about":[{"href":"https:\/\/wobronietradycjiiwiary.com\/pl\/wp-json\/wp\/v2\/types\/post"}],"author":[{"embeddable":true,"href":"https:\/\/wobronietradycjiiwiary.com\/pl\/wp-json\/wp\/v2\/users\/60508433"}],"replies":[{"embeddable":true,"href":"https:\/\/wobronietradycjiiwiary.com\/pl\/wp-json\/wp\/v2\/comments?post=37122"}],"version-history":[{"count":3,"href":"https:\/\/wobronietradycjiiwiary.com\/pl\/wp-json\/wp\/v2\/posts\/37122\/revisions"}],"predecessor-version":[{"id":123054,"href":"https:\/\/wobronietradycjiiwiary.com\/pl\/wp-json\/wp\/v2\/posts\/37122\/revisions\/123054"}],"wp:featuredmedia":[{"embeddable":true,"href":"https:\/\/wobronietradycjiiwiary.com\/pl\/wp-json\/wp\/v2\/media\/37119"}],"wp:attachment":[{"href":"https:\/\/wobronietradycjiiwiary.com\/pl\/wp-json\/wp\/v2\/media?parent=37122"}],"wp:term":[{"taxonomy":"category","embeddable":true,"href":"https:\/\/wobronietradycjiiwiary.com\/pl\/wp-json\/wp\/v2\/categories?post=37122"},{"taxonomy":"post_tag","embeddable":true,"href":"https:\/\/wobronietradycjiiwiary.com\/pl\/wp-json\/wp\/v2\/tags?post=37122"}],"curies":[{"name":"wp","href":"https:\/\/api.w.org\/{rel}","templated":true}]}}