{"id":35973,"date":"2021-09-13T19:00:39","date_gmt":"2021-09-13T17:00:39","guid":{"rendered":"https:\/\/wobronietradycjiiwiary.com\/?p=35973"},"modified":"2025-02-10T11:16:55","modified_gmt":"2025-02-10T10:16:55","slug":"proprium-missae-podwyzszenia-krzyza-swietego-in-exaltatione-sanctae-crucis-3","status":"publish","type":"post","link":"https:\/\/wobronietradycjiiwiary.com\/pl\/proprium-missae-podwyzszenia-krzyza-swietego-in-exaltatione-sanctae-crucis-3\/","title":{"rendered":"Proprium missae &#8211; Podwy\u017cszenia Krzy\u017ca \u015awi\u0119tego &#8211; In Exaltatione Sanctae crucis"},"content":{"rendered":"<div id=\"bsf_rt_marker\"><\/div><p><span class=\"embed-youtube\" style=\"text-align:center; display: block;\"><iframe class=\"youtube-player\" width=\"580\" height=\"327\" src=\"https:\/\/www.youtube.com\/embed\/1yhv3ZaLjPg?version=3&#038;rel=1&#038;showsearch=0&#038;showinfo=1&#038;iv_load_policy=1&#038;fs=1&#038;hl=pl-PL&#038;autohide=2&#038;wmode=transparent\" allowfullscreen=\"true\" style=\"border:0;\" sandbox=\"allow-scripts allow-same-origin allow-popups allow-presentation allow-popups-to-escape-sandbox\"><\/iframe><\/span><\/p>\n<table>\n<tbody>\n<tr>\n<td colspan=\"2\" width=\"614\"><strong><em>INTROITUS<\/em><\/strong><\/td>\n<\/tr>\n<tr>\n<td width=\"307\"><em>Gal 6:14<\/em><br \/>\n<strong><em>N<\/em><\/strong>os autem glori\u00e1ri op\u00f3rtet in Cruce D\u00f3mini nostri Iesu Christi: in quo est salus, vita et resurr\u00e9ctio nostra: per quem salv\u00e1ti et liber\u00e1ti sumus<br \/>\n<em>Ps 66:2<\/em><br \/>\nDeus misere\u00e1tur nostri, et bened\u00edcat nobis: ill\u00faminet vultum suum super nos, et misere\u00e1tur nostri.<br \/>\n<em>V.<\/em> Gl\u00f3ria Patri, et F\u00edlio, et Spir\u00edtui Sancto.<br \/>\n<em>R.<\/em> Sicut erat in princ\u00edpio, et nunc, et semper, et in saecula saecul\u00f3rum. Amen<em>Gal 6:14<\/em><br \/>\n<strong><em>N<\/em><\/strong>os autem glori\u00e1ri op\u00f3rtet in Cruce D\u00f3mini nostri Iesu Christi: in quo est salus, vita et resurr\u00e9ctio nostra: per quem salv\u00e1ti et liber\u00e1ti sumus.<\/td>\n<td width=\"307\"><em>Ga 6:14<\/em><br \/>\n<strong><em>A<\/em><\/strong> my\u015bmy si\u0119 chlubi\u0107 powinni Krzy\u017cem Pana naszego Jezusa Chrystusa; w Nim jest zbawienie, \u017cycie i zmartwychwstanie nasze; przez Niego jeste\u015bmy zbawieni i oswobodzeni.<br \/>\n<em>Ps 66:2<\/em><br \/>\nNiech B\u00f3g si\u0119 zmi\u0142uje nad nami i nam b\u0142ogos\u0142awi: niech nam uka\u017ce pogodne oblicze i zmi\u0142uje si\u0119 nad nami.<br \/>\n<em>V.<\/em> Chwa\u0142a Ojcu, i Synowi i Duchowi \u015awi\u0119temu.<br \/>\n<em>R.<\/em> Jak by\u0142a na pocz\u0105tku, teraz i zawsze i na wieki wiek\u00f3w. Amen.<br \/>\n<em>Ga 6:14<\/em><br \/>\n<strong><em>A<\/em><\/strong> my\u015bmy si\u0119 chlubi\u0107 powinni Krzy\u017cem Pana naszego Jezusa Chrystusa; w Nim jest zbawienie, \u017cycie i zmartwychwstanie nasze; przez Niego jeste\u015bmy zbawieni i oswobodzeni.<\/td>\n<\/tr>\n<\/tbody>\n<\/table>\n<p><span class=\"embed-youtube\" style=\"text-align:center; display: block;\"><iframe class=\"youtube-player\" width=\"580\" height=\"327\" src=\"https:\/\/www.youtube.com\/embed\/giQVzOXdHhU?version=3&#038;rel=1&#038;showsearch=0&#038;showinfo=1&#038;iv_load_policy=1&#038;fs=1&#038;hl=pl-PL&#038;autohide=2&#038;wmode=transparent\" allowfullscreen=\"true\" style=\"border:0;\" sandbox=\"allow-scripts allow-same-origin allow-popups allow-presentation allow-popups-to-escape-sandbox\"><\/iframe><\/span><\/p>\n<table>\n<tbody>\n<tr>\n<td colspan=\"2\" width=\"614\"><strong><em>GRADUALE<\/em><\/strong><\/td>\n<\/tr>\n<tr>\n<td width=\"307\"><em>Phil 2:8-9<\/em><br \/>\nChristus factus est pro nobis oboediens usque ad mortem, mortem autem crucis.<br \/>\n<em>V.<\/em> Propter quod et Deus exalt\u00e1vit illum, et dedit illi nomen, quod est super omne nomen.<\/td>\n<td width=\"307\"><em>Flp 2:8-9<\/em><br \/>\nChrystus sta\u0142 si\u0119 dla nas pos\u0142uszny a\u017c do \u015bmierci, a by\u0142a to \u015bmier\u0107 krzy\u017cowa.<br \/>\n<em>V.<\/em> Dlatego i B\u00f3g wywy\u017cszy\u0142 Go: i nada\u0142 Mu imi\u0119, przewy\u017cszaj\u0105ce wszelkie imi\u0119.<\/td>\n<\/tr>\n<\/tbody>\n<\/table>\n<p><span class=\"embed-youtube\" style=\"text-align:center; display: block;\"><iframe class=\"youtube-player\" width=\"580\" height=\"327\" src=\"https:\/\/www.youtube.com\/embed\/Hi4ldmQDaXo?version=3&#038;rel=1&#038;showsearch=0&#038;showinfo=1&#038;iv_load_policy=1&#038;fs=1&#038;hl=pl-PL&#038;autohide=2&#038;wmode=transparent\" allowfullscreen=\"true\" style=\"border:0;\" sandbox=\"allow-scripts allow-same-origin allow-popups allow-presentation allow-popups-to-escape-sandbox\"><\/iframe><\/span><\/p>\n<table>\n<tbody>\n<tr>\n<td colspan=\"2\" width=\"614\"><strong><em>ALLELUIA<\/em><\/strong><\/td>\n<\/tr>\n<tr>\n<td width=\"307\">Allel\u00faia, allel\u00faia.<br \/>\n<em>V.<\/em> Dulce lignum, dulces clavos, d\u00falcia ferens p\u00f3ndera: qu\u00e6 sola fu\u00edsti digna sustin\u00e9re Regem coel\u00f3rum et D\u00f3minum. Allel\u00faia.<\/td>\n<td width=\"307\">Alleluja, alleluja.<br \/>\n<em>V.<\/em> S\u0142odkie drzewo, s\u0142odkie gwo\u017adzie, s\u0142odki na nich spocz\u0105\u0142 ci\u0119\u017car; samo\u015b tylko by\u0142o godne nosi\u0107 Kr\u00f3la niebios i Pana. Alleluja.<\/td>\n<\/tr>\n<\/tbody>\n<\/table>\n<p><span class=\"embed-youtube\" style=\"text-align:center; display: block;\"><iframe class=\"youtube-player\" width=\"580\" height=\"327\" src=\"https:\/\/www.youtube.com\/embed\/ZN4F_I41VkM?version=3&#038;rel=1&#038;showsearch=0&#038;showinfo=1&#038;iv_load_policy=1&#038;fs=1&#038;hl=pl-PL&#038;autohide=2&#038;wmode=transparent\" allowfullscreen=\"true\" style=\"border:0;\" sandbox=\"allow-scripts allow-same-origin allow-popups allow-presentation allow-popups-to-escape-sandbox\"><\/iframe><\/span><\/p>\n<table>\n<tbody>\n<tr>\n<td colspan=\"2\" width=\"614\"><strong><em>OFFERTORIUM<\/em><\/strong><\/td>\n<\/tr>\n<tr>\n<td width=\"307\">Pr\u00f3tege, D\u00f3mine, plebem tuam per signum sanct\u00e6 Crucis ab \u00f3mnibus ins\u00eddiis inimic\u00f3rum \u00f3mnium: ut tibi gratam exhibe\u00e1mus servit\u00fatem, et accept\u00e1bile fiat sacrif\u00edcium nostrum, allel\u00faia.<\/td>\n<td width=\"307\">Os\u0142aniaj, Panie, lud sw\u00f3j znakiem Krzy\u017ca \u015bwi\u0119tego od wszelkich zasadzek wszystkich nieprzyjaci\u00f3\u0142, aby\u015bmy mi\u0142e Tobie ho\u0142dy sk\u0142adali i ofiara nasza sta\u0142a si\u0119 godna przyj\u0119cia, alleluja.<\/td>\n<\/tr>\n<\/tbody>\n<\/table>\n<p><span class=\"embed-youtube\" style=\"text-align:center; display: block;\"><iframe class=\"youtube-player\" width=\"580\" height=\"327\" src=\"https:\/\/www.youtube.com\/embed\/SjRl6A3yUbQ?version=3&#038;rel=1&#038;showsearch=0&#038;showinfo=1&#038;iv_load_policy=1&#038;fs=1&#038;hl=pl-PL&#038;autohide=2&#038;wmode=transparent\" allowfullscreen=\"true\" style=\"border:0;\" sandbox=\"allow-scripts allow-same-origin allow-popups allow-presentation allow-popups-to-escape-sandbox\"><\/iframe><\/span><\/p>\n<table>\n<tbody>\n<tr>\n<td colspan=\"2\" width=\"614\"><strong><em>COMMUNIO<\/em><\/strong><\/td>\n<\/tr>\n<tr>\n<td width=\"307\">Per signum Crucis de inim\u00edcis nostris l\u00edbera nos, Deus noster.<\/td>\n<td width=\"307\">Bo\u017ce nasz, przez znak \u015bwi\u0119tego Krzy\u017ca wyzw\u00f3l nas od naszych nieprzyjaci\u00f3\u0142.<\/td>\n<\/tr>\n<\/tbody>\n<\/table>\n","protected":false},"excerpt":{"rendered":"<p>INTROITUS Gal 6:14 Nos autem glori\u00e1ri op\u00f3rtet in Cruce D\u00f3mini nostri Iesu Christi: in quo est salus, vita et resurr\u00e9ctio nostra: per quem salv\u00e1ti et liber\u00e1ti sumus Ps 66:2 Deus misere\u00e1tur nostri, et bened\u00edcat nobis: ill\u00faminet vultum suum super nos, et misere\u00e1tur nostri. V. Gl\u00f3ria Patri, et F\u00edlio, et Spir\u00edtui Sancto. R. Sicut erat in [&hellip;]<\/p>\n","protected":false},"author":60508433,"featured_media":45136,"comment_status":"closed","ping_status":"closed","sticky":false,"template":"","format":"standard","meta":{"_bbp_topic_count":0,"_bbp_reply_count":0,"_bbp_total_topic_count":0,"_bbp_total_reply_count":0,"_bbp_voice_count":0,"_bbp_anonymous_reply_count":0,"_bbp_topic_count_hidden":0,"_bbp_reply_count_hidden":0,"_bbp_forum_subforum_count":0,"_editorskit_title_hidden":false,"_editorskit_reading_time":1,"_editorskit_is_block_options_detached":false,"_editorskit_block_options_position":"{}","_coblocks_attr":"","_coblocks_dimensions":"","_coblocks_responsive_height":"","_coblocks_accordion_ie_support":"","_exactmetrics_skip_tracking":false,"_jetpack_newsletter_access":"","_jetpack_dont_email_post_to_subs":false,"_jetpack_newsletter_tier_id":0,"_jetpack_memberships_contains_paywalled_content":false,"_wpcom_ai_launchpad_first_post":false,"_jetpack_feature_clip_id":0,"_jetpack_memberships_contains_paid_content":false,"footnotes":"","jetpack_publicize_message":"{title}\n\n{excerpt}\n\n{url}","jetpack_publicize_feature_enabled":true,"jetpack_social_post_already_shared":true,"jetpack_social_options":{"image_generator_settings":{"template":"highway","default_image_id":0,"font":"","enabled":false},"version":2},"_wpas_customize_per_network":false,"jetpack_post_was_ever_published":false},"categories":[610131824,336375535,5647912,20472889],"tags":[1053804,527077037],"class_list":["post-35973","post","type-post","status-publish","format-standard","has-post-thumbnail","hentry","category-swieta-we-wrzesniu","category-liturgia-i-liturgika","category-msza-trydencka","category-proprium","tag-missa-tridentina","tag-proprium-missae"],"yoast_head":"<!-- This site is optimized with the Yoast SEO plugin v28.4 - https:\/\/yoast.com\/product\/yoast-seo-wordpress\/ -->\n<title>Proprium missae - Podwy\u017cszenia Krzy\u017ca \u015awi\u0119tego - In Exaltatione Sanctae crucis - Tradycja i Wiara<\/title>\n<meta name=\"robots\" content=\"index, follow, max-snippet:-1, max-image-preview:large, max-video-preview:-1\" \/>\n<link rel=\"canonical\" href=\"https:\/\/wobronietradycjiiwiary.com\/pl\/proprium-missae-podwyzszenia-krzyza-swietego-in-exaltatione-sanctae-crucis-3\/\" \/>\n<meta property=\"og:locale\" content=\"pl_PL\" \/>\n<meta property=\"og:type\" content=\"article\" \/>\n<meta property=\"og:title\" content=\"Proprium missae - Podwy\u017cszenia Krzy\u017ca \u015awi\u0119tego - In Exaltatione Sanctae crucis - Tradycja i Wiara\" \/>\n<meta property=\"og:description\" content=\"INTROITUS Gal 6:14 Nos autem glori\u00e1ri op\u00f3rtet in Cruce D\u00f3mini nostri Iesu Christi: in quo est salus, vita et resurr\u00e9ctio nostra: per quem salv\u00e1ti et liber\u00e1ti sumus Ps 66:2 Deus misere\u00e1tur nostri, et bened\u00edcat nobis: ill\u00faminet vultum suum super nos, et misere\u00e1tur nostri. V. Gl\u00f3ria Patri, et F\u00edlio, et Spir\u00edtui Sancto. R. Sicut erat in [&hellip;]\" \/>\n<meta property=\"og:url\" content=\"https:\/\/wobronietradycjiiwiary.com\/pl\/proprium-missae-podwyzszenia-krzyza-swietego-in-exaltatione-sanctae-crucis-3\/\" \/>\n<meta property=\"og:site_name\" content=\"Tradycja i Wiara\" \/>\n<meta property=\"article:publisher\" content=\"https:\/\/www.facebook.com\/Tradycja-i-Wiara-108813920592249\" \/>\n<meta property=\"article:published_time\" content=\"2021-09-13T17:00:39+00:00\" \/>\n<meta property=\"article:modified_time\" content=\"2025-02-10T10:16:55+00:00\" \/>\n<meta property=\"og:image\" content=\"https:\/\/i0.wp.com\/wobronietradycjiiwiary.com\/wp-content\/uploads\/2021\/09\/ExaltCross.jpg?fit=300%2C405&ssl=1\" \/>\n\t<meta property=\"og:image:width\" content=\"300\" \/>\n\t<meta property=\"og:image:height\" content=\"405\" \/>\n\t<meta property=\"og:image:type\" content=\"image\/jpeg\" \/>\n<meta name=\"author\" content=\"Traditio et Fides\" \/>\n<meta name=\"twitter:card\" content=\"summary_large_image\" \/>\n<meta name=\"twitter:label1\" content=\"Napisane przez\" \/>\n\t<meta name=\"twitter:data1\" content=\"Traditio et Fides\" \/>\n\t<meta name=\"twitter:label2\" content=\"Szacowany czas czytania\" \/>\n\t<meta name=\"twitter:data2\" content=\"2 minuty\" \/>\n<script type=\"application\/ld+json\" class=\"yoast-schema-graph\">{\"@context\":\"https:\\\/\\\/schema.org\",\"@graph\":[{\"@type\":\"Article\",\"@id\":\"https:\\\/\\\/wobronietradycjiiwiary.com\\\/proprium-missae-podwyzszenia-krzyza-swietego-in-exaltatione-sanctae-crucis-3\\\/#article\",\"isPartOf\":{\"@id\":\"https:\\\/\\\/wobronietradycjiiwiary.com\\\/proprium-missae-podwyzszenia-krzyza-swietego-in-exaltatione-sanctae-crucis-3\\\/\"},\"author\":{\"name\":\"Traditio et Fides\",\"@id\":\"https:\\\/\\\/wobronietradycjiiwiary.com\\\/pl\\\/#\\\/schema\\\/person\\\/2d6180ce6abcb681fef0daab7816e8f3\"},\"headline\":\"Proprium missae &#8211; Podwy\u017cszenia Krzy\u017ca \u015awi\u0119tego &#8211; In Exaltatione Sanctae crucis\",\"datePublished\":\"2021-09-13T17:00:39+00:00\",\"dateModified\":\"2025-02-10T10:16:55+00:00\",\"mainEntityOfPage\":{\"@id\":\"https:\\\/\\\/wobronietradycjiiwiary.com\\\/proprium-missae-podwyzszenia-krzyza-swietego-in-exaltatione-sanctae-crucis-3\\\/\"},\"wordCount\":513,\"publisher\":{\"@id\":\"https:\\\/\\\/wobronietradycjiiwiary.com\\\/pl\\\/#organization\"},\"image\":{\"@id\":\"https:\\\/\\\/wobronietradycjiiwiary.com\\\/proprium-missae-podwyzszenia-krzyza-swietego-in-exaltatione-sanctae-crucis-3\\\/#primaryimage\"},\"thumbnailUrl\":\"https:\\\/\\\/wobronietradycjiiwiary.com\\\/wp-content\\\/uploads\\\/2021\\\/09\\\/ExaltCross.jpg\",\"keywords\":[\"Missa Tridentina\",\"Proprium missae\"],\"articleSection\":[\"09. \u015awi\u0119ta we wrze\u015bniu\",\"Liturgia i liturgika\",\"Msza Trydencka\",\"Proprium\"],\"inLanguage\":\"pl-PL\"},{\"@type\":\"WebPage\",\"@id\":\"https:\\\/\\\/wobronietradycjiiwiary.com\\\/proprium-missae-podwyzszenia-krzyza-swietego-in-exaltatione-sanctae-crucis-3\\\/\",\"url\":\"https:\\\/\\\/wobronietradycjiiwiary.com\\\/proprium-missae-podwyzszenia-krzyza-swietego-in-exaltatione-sanctae-crucis-3\\\/\",\"name\":\"Proprium missae - Podwy\u017cszenia Krzy\u017ca \u015awi\u0119tego - In Exaltatione Sanctae crucis - Tradycja i Wiara\",\"isPartOf\":{\"@id\":\"https:\\\/\\\/wobronietradycjiiwiary.com\\\/pl\\\/#website\"},\"primaryImageOfPage\":{\"@id\":\"https:\\\/\\\/wobronietradycjiiwiary.com\\\/proprium-missae-podwyzszenia-krzyza-swietego-in-exaltatione-sanctae-crucis-3\\\/#primaryimage\"},\"image\":{\"@id\":\"https:\\\/\\\/wobronietradycjiiwiary.com\\\/proprium-missae-podwyzszenia-krzyza-swietego-in-exaltatione-sanctae-crucis-3\\\/#primaryimage\"},\"thumbnailUrl\":\"https:\\\/\\\/wobronietradycjiiwiary.com\\\/wp-content\\\/uploads\\\/2021\\\/09\\\/ExaltCross.jpg\",\"datePublished\":\"2021-09-13T17:00:39+00:00\",\"dateModified\":\"2025-02-10T10:16:55+00:00\",\"breadcrumb\":{\"@id\":\"https:\\\/\\\/wobronietradycjiiwiary.com\\\/proprium-missae-podwyzszenia-krzyza-swietego-in-exaltatione-sanctae-crucis-3\\\/#breadcrumb\"},\"inLanguage\":\"pl-PL\",\"potentialAction\":[{\"@type\":\"ReadAction\",\"target\":[\"https:\\\/\\\/wobronietradycjiiwiary.com\\\/proprium-missae-podwyzszenia-krzyza-swietego-in-exaltatione-sanctae-crucis-3\\\/\"]}]},{\"@type\":\"ImageObject\",\"inLanguage\":\"pl-PL\",\"@id\":\"https:\\\/\\\/wobronietradycjiiwiary.com\\\/proprium-missae-podwyzszenia-krzyza-swietego-in-exaltatione-sanctae-crucis-3\\\/#primaryimage\",\"url\":\"https:\\\/\\\/wobronietradycjiiwiary.com\\\/wp-content\\\/uploads\\\/2021\\\/09\\\/ExaltCross.jpg\",\"contentUrl\":\"https:\\\/\\\/wobronietradycjiiwiary.com\\\/wp-content\\\/uploads\\\/2021\\\/09\\\/ExaltCross.jpg\",\"width\":300,\"height\":405},{\"@type\":\"BreadcrumbList\",\"@id\":\"https:\\\/\\\/wobronietradycjiiwiary.com\\\/proprium-missae-podwyzszenia-krzyza-swietego-in-exaltatione-sanctae-crucis-3\\\/#breadcrumb\",\"itemListElement\":[{\"@type\":\"ListItem\",\"position\":1,\"name\":\"Strona g\u0142\u00f3wna\",\"item\":\"https:\\\/\\\/wobronietradycjiiwiary.com\\\/\"},{\"@type\":\"ListItem\",\"position\":2,\"name\":\"Proprium missae &#8211; Podwy\u017cszenia Krzy\u017ca \u015awi\u0119tego &#8211; In Exaltatione Sanctae crucis\"}]},{\"@type\":\"WebSite\",\"@id\":\"https:\\\/\\\/wobronietradycjiiwiary.com\\\/pl\\\/#website\",\"url\":\"https:\\\/\\\/wobronietradycjiiwiary.com\\\/pl\\\/\",\"name\":\"Tradycja i Wiara\",\"description\":\"Portal dla katolik\u00f3w.\",\"publisher\":{\"@id\":\"https:\\\/\\\/wobronietradycjiiwiary.com\\\/pl\\\/#organization\"},\"potentialAction\":[{\"@type\":\"SearchAction\",\"target\":{\"@type\":\"EntryPoint\",\"urlTemplate\":\"https:\\\/\\\/wobronietradycjiiwiary.com\\\/pl\\\/?s={search_term_string}\"},\"query-input\":{\"@type\":\"PropertyValueSpecification\",\"valueRequired\":true,\"valueName\":\"search_term_string\"}}],\"inLanguage\":\"pl-PL\"},{\"@type\":\"Organization\",\"@id\":\"https:\\\/\\\/wobronietradycjiiwiary.com\\\/pl\\\/#organization\",\"name\":\"Tradycja i Wiara\",\"url\":\"https:\\\/\\\/wobronietradycjiiwiary.com\\\/pl\\\/\",\"logo\":{\"@type\":\"ImageObject\",\"inLanguage\":\"pl-PL\",\"@id\":\"https:\\\/\\\/wobronietradycjiiwiary.com\\\/pl\\\/#\\\/schema\\\/logo\\\/image\\\/\",\"url\":\"https:\\\/\\\/i0.wp.com\\\/wobronietradycjiiwiary.com\\\/wp-content\\\/uploads\\\/2015\\\/10\\\/cropped-st-peters-dome-vatican.jpg?fit=940%2C198&ssl=1\",\"contentUrl\":\"https:\\\/\\\/i0.wp.com\\\/wobronietradycjiiwiary.com\\\/wp-content\\\/uploads\\\/2015\\\/10\\\/cropped-st-peters-dome-vatican.jpg?fit=940%2C198&ssl=1\",\"width\":940,\"height\":198,\"caption\":\"Tradycja i Wiara\"},\"image\":{\"@id\":\"https:\\\/\\\/wobronietradycjiiwiary.com\\\/pl\\\/#\\\/schema\\\/logo\\\/image\\\/\"},\"sameAs\":[\"https:\\\/\\\/www.facebook.com\\\/Tradycja-i-Wiara-108813920592249\"]},{\"@type\":\"Person\",\"@id\":\"https:\\\/\\\/wobronietradycjiiwiary.com\\\/pl\\\/#\\\/schema\\\/person\\\/2d6180ce6abcb681fef0daab7816e8f3\",\"name\":\"Traditio et Fides\",\"sameAs\":[\"https:\\\/\\\/traditionundglauben.com\"],\"url\":\"https:\\\/\\\/wobronietradycjiiwiary.com\\\/pl\\\/author\\\/wobronietradycjiiwiary\\\/\"}]}<\/script>\n<!-- \/ Yoast SEO plugin. -->","yoast_head_json":{"title":"Proprium missae - Podwy\u017cszenia Krzy\u017ca \u015awi\u0119tego - In Exaltatione Sanctae crucis - Tradycja i Wiara","robots":{"index":"index","follow":"follow","max-snippet":"max-snippet:-1","max-image-preview":"max-image-preview:large","max-video-preview":"max-video-preview:-1"},"canonical":"https:\/\/wobronietradycjiiwiary.com\/pl\/proprium-missae-podwyzszenia-krzyza-swietego-in-exaltatione-sanctae-crucis-3\/","og_locale":"pl_PL","og_type":"article","og_title":"Proprium missae - Podwy\u017cszenia Krzy\u017ca \u015awi\u0119tego - In Exaltatione Sanctae crucis - Tradycja i Wiara","og_description":"INTROITUS Gal 6:14 Nos autem glori\u00e1ri op\u00f3rtet in Cruce D\u00f3mini nostri Iesu Christi: in quo est salus, vita et resurr\u00e9ctio nostra: per quem salv\u00e1ti et liber\u00e1ti sumus Ps 66:2 Deus misere\u00e1tur nostri, et bened\u00edcat nobis: ill\u00faminet vultum suum super nos, et misere\u00e1tur nostri. V. Gl\u00f3ria Patri, et F\u00edlio, et Spir\u00edtui Sancto. R. Sicut erat in [&hellip;]","og_url":"https:\/\/wobronietradycjiiwiary.com\/pl\/proprium-missae-podwyzszenia-krzyza-swietego-in-exaltatione-sanctae-crucis-3\/","og_site_name":"Tradycja i Wiara","article_publisher":"https:\/\/www.facebook.com\/Tradycja-i-Wiara-108813920592249","article_published_time":"2021-09-13T17:00:39+00:00","article_modified_time":"2025-02-10T10:16:55+00:00","og_image":[{"width":300,"height":405,"url":"https:\/\/i0.wp.com\/wobronietradycjiiwiary.com\/wp-content\/uploads\/2021\/09\/ExaltCross.jpg?fit=300%2C405&ssl=1","type":"image\/jpeg"}],"author":"Traditio et Fides","twitter_card":"summary_large_image","twitter_misc":{"Napisane przez":"Traditio et Fides","Szacowany czas czytania":"2 minuty"},"schema":{"@context":"https:\/\/schema.org","@graph":[{"@type":"Article","@id":"https:\/\/wobronietradycjiiwiary.com\/proprium-missae-podwyzszenia-krzyza-swietego-in-exaltatione-sanctae-crucis-3\/#article","isPartOf":{"@id":"https:\/\/wobronietradycjiiwiary.com\/proprium-missae-podwyzszenia-krzyza-swietego-in-exaltatione-sanctae-crucis-3\/"},"author":{"name":"Traditio et Fides","@id":"https:\/\/wobronietradycjiiwiary.com\/pl\/#\/schema\/person\/2d6180ce6abcb681fef0daab7816e8f3"},"headline":"Proprium missae &#8211; Podwy\u017cszenia Krzy\u017ca \u015awi\u0119tego &#8211; In Exaltatione Sanctae crucis","datePublished":"2021-09-13T17:00:39+00:00","dateModified":"2025-02-10T10:16:55+00:00","mainEntityOfPage":{"@id":"https:\/\/wobronietradycjiiwiary.com\/proprium-missae-podwyzszenia-krzyza-swietego-in-exaltatione-sanctae-crucis-3\/"},"wordCount":513,"publisher":{"@id":"https:\/\/wobronietradycjiiwiary.com\/pl\/#organization"},"image":{"@id":"https:\/\/wobronietradycjiiwiary.com\/proprium-missae-podwyzszenia-krzyza-swietego-in-exaltatione-sanctae-crucis-3\/#primaryimage"},"thumbnailUrl":"https:\/\/wobronietradycjiiwiary.com\/wp-content\/uploads\/2021\/09\/ExaltCross.jpg","keywords":["Missa Tridentina","Proprium missae"],"articleSection":["09. \u015awi\u0119ta we wrze\u015bniu","Liturgia i liturgika","Msza Trydencka","Proprium"],"inLanguage":"pl-PL"},{"@type":"WebPage","@id":"https:\/\/wobronietradycjiiwiary.com\/proprium-missae-podwyzszenia-krzyza-swietego-in-exaltatione-sanctae-crucis-3\/","url":"https:\/\/wobronietradycjiiwiary.com\/proprium-missae-podwyzszenia-krzyza-swietego-in-exaltatione-sanctae-crucis-3\/","name":"Proprium missae - Podwy\u017cszenia Krzy\u017ca \u015awi\u0119tego - In Exaltatione Sanctae crucis - Tradycja i Wiara","isPartOf":{"@id":"https:\/\/wobronietradycjiiwiary.com\/pl\/#website"},"primaryImageOfPage":{"@id":"https:\/\/wobronietradycjiiwiary.com\/proprium-missae-podwyzszenia-krzyza-swietego-in-exaltatione-sanctae-crucis-3\/#primaryimage"},"image":{"@id":"https:\/\/wobronietradycjiiwiary.com\/proprium-missae-podwyzszenia-krzyza-swietego-in-exaltatione-sanctae-crucis-3\/#primaryimage"},"thumbnailUrl":"https:\/\/wobronietradycjiiwiary.com\/wp-content\/uploads\/2021\/09\/ExaltCross.jpg","datePublished":"2021-09-13T17:00:39+00:00","dateModified":"2025-02-10T10:16:55+00:00","breadcrumb":{"@id":"https:\/\/wobronietradycjiiwiary.com\/proprium-missae-podwyzszenia-krzyza-swietego-in-exaltatione-sanctae-crucis-3\/#breadcrumb"},"inLanguage":"pl-PL","potentialAction":[{"@type":"ReadAction","target":["https:\/\/wobronietradycjiiwiary.com\/proprium-missae-podwyzszenia-krzyza-swietego-in-exaltatione-sanctae-crucis-3\/"]}]},{"@type":"ImageObject","inLanguage":"pl-PL","@id":"https:\/\/wobronietradycjiiwiary.com\/proprium-missae-podwyzszenia-krzyza-swietego-in-exaltatione-sanctae-crucis-3\/#primaryimage","url":"https:\/\/wobronietradycjiiwiary.com\/wp-content\/uploads\/2021\/09\/ExaltCross.jpg","contentUrl":"https:\/\/wobronietradycjiiwiary.com\/wp-content\/uploads\/2021\/09\/ExaltCross.jpg","width":300,"height":405},{"@type":"BreadcrumbList","@id":"https:\/\/wobronietradycjiiwiary.com\/proprium-missae-podwyzszenia-krzyza-swietego-in-exaltatione-sanctae-crucis-3\/#breadcrumb","itemListElement":[{"@type":"ListItem","position":1,"name":"Strona g\u0142\u00f3wna","item":"https:\/\/wobronietradycjiiwiary.com\/"},{"@type":"ListItem","position":2,"name":"Proprium missae &#8211; Podwy\u017cszenia Krzy\u017ca \u015awi\u0119tego &#8211; In Exaltatione Sanctae crucis"}]},{"@type":"WebSite","@id":"https:\/\/wobronietradycjiiwiary.com\/pl\/#website","url":"https:\/\/wobronietradycjiiwiary.com\/pl\/","name":"Tradycja i Wiara","description":"Portal dla katolik\u00f3w.","publisher":{"@id":"https:\/\/wobronietradycjiiwiary.com\/pl\/#organization"},"potentialAction":[{"@type":"SearchAction","target":{"@type":"EntryPoint","urlTemplate":"https:\/\/wobronietradycjiiwiary.com\/pl\/?s={search_term_string}"},"query-input":{"@type":"PropertyValueSpecification","valueRequired":true,"valueName":"search_term_string"}}],"inLanguage":"pl-PL"},{"@type":"Organization","@id":"https:\/\/wobronietradycjiiwiary.com\/pl\/#organization","name":"Tradycja i Wiara","url":"https:\/\/wobronietradycjiiwiary.com\/pl\/","logo":{"@type":"ImageObject","inLanguage":"pl-PL","@id":"https:\/\/wobronietradycjiiwiary.com\/pl\/#\/schema\/logo\/image\/","url":"https:\/\/i0.wp.com\/wobronietradycjiiwiary.com\/wp-content\/uploads\/2015\/10\/cropped-st-peters-dome-vatican.jpg?fit=940%2C198&ssl=1","contentUrl":"https:\/\/i0.wp.com\/wobronietradycjiiwiary.com\/wp-content\/uploads\/2015\/10\/cropped-st-peters-dome-vatican.jpg?fit=940%2C198&ssl=1","width":940,"height":198,"caption":"Tradycja i Wiara"},"image":{"@id":"https:\/\/wobronietradycjiiwiary.com\/pl\/#\/schema\/logo\/image\/"},"sameAs":["https:\/\/www.facebook.com\/Tradycja-i-Wiara-108813920592249"]},{"@type":"Person","@id":"https:\/\/wobronietradycjiiwiary.com\/pl\/#\/schema\/person\/2d6180ce6abcb681fef0daab7816e8f3","name":"Traditio et Fides","sameAs":["https:\/\/traditionundglauben.com"],"url":"https:\/\/wobronietradycjiiwiary.com\/pl\/author\/wobronietradycjiiwiary\/"}]}},"jetpack_publicize_connections":[],"jetpack_sharing_enabled":true,"jetpack_likes_enabled":true,"jetpack_shortlink":"https:\/\/wp.me\/pc04Sd-9md","jetpack-related-posts":[{"id":120506,"url":"https:\/\/wobronietradycjiiwiary.com\/pl\/proprium-missae-podwyzszenia-krzyza-swietego-in-exaltatione-sanctae-crucis-4-2-2-2\/","url_meta":{"origin":35973,"position":0},"title":"Proprium missae &#8211; Podwy\u017cszenia Krzy\u017ca \u015awi\u0119tego &#8211; In Exaltatione Sanctae crucis","author":"Traditio et Fides","date":"13 wrze\u015bnia 2024","format":false,"excerpt":"https:\/\/www.youtube.com\/watch?v=1yhv3ZaLjPg INTROITUS Gal 6:14 Nos autem glori\u00e1ri op\u00f3rtet in Cruce D\u00f3mini nostri Iesu Christi: in quo est salus, vita et resurr\u00e9ctio nostra: per quem salv\u00e1ti et liber\u00e1ti sumus Ps 66:2 Deus misere\u00e1tur nostri, et bened\u00edcat nobis: ill\u00faminet vultum suum super nos, et misere\u00e1tur nostri. V. Gl\u00f3ria Patri, et F\u00edlio, et\u2026","rel":"","context":"W \u201e09. \u015awi\u0119ta we wrze\u015bniu&quot;","block_context":{"text":"09. \u015awi\u0119ta we wrze\u015bniu","link":"https:\/\/wobronietradycjiiwiary.com\/pl\/category\/duchowosc\/liturgia-i-liturgika\/rozwazania\/rok-liturgiczny\/swieta-we-wrzesniu\/"},"img":{"alt_text":"","src":"https:\/\/i0.wp.com\/wobronietradycjiiwiary.com\/wp-content\/uploads\/2021\/09\/ExaltCross.jpg?resize=350%2C200&ssl=1","width":350,"height":200},"classes":[]},{"id":100738,"url":"https:\/\/wobronietradycjiiwiary.com\/pl\/proprium-missae-podwyzszenia-krzyza-swietego-in-exaltatione-sanctae-crucis-4-2-2\/","url_meta":{"origin":35973,"position":1},"title":"Proprium missae &#8211; Podwy\u017cszenia Krzy\u017ca \u015awi\u0119tego &#8211; In Exaltatione Sanctae crucis","author":"Traditio et Fides","date":"13 wrze\u015bnia 2023","format":false,"excerpt":"https:\/\/www.youtube.com\/watch?v=1yhv3ZaLjPg INTROITUS Gal 6:14 Nos autem glori\u00e1ri op\u00f3rtet in Cruce D\u00f3mini nostri Iesu Christi: in quo est salus, vita et resurr\u00e9ctio nostra: per quem salv\u00e1ti et liber\u00e1ti sumus Ps 66:2 Deus misere\u00e1tur nostri, et bened\u00edcat nobis: ill\u00faminet vultum suum super nos, et misere\u00e1tur nostri. V. Gl\u00f3ria Patri, et F\u00edlio, et\u2026","rel":"","context":"W \u201e09. \u015awi\u0119ta we wrze\u015bniu&quot;","block_context":{"text":"09. \u015awi\u0119ta we wrze\u015bniu","link":"https:\/\/wobronietradycjiiwiary.com\/pl\/category\/duchowosc\/liturgia-i-liturgika\/rozwazania\/rok-liturgiczny\/swieta-we-wrzesniu\/"},"img":{"alt_text":"","src":"https:\/\/i0.wp.com\/wobronietradycjiiwiary.com\/wp-content\/uploads\/2021\/09\/ExaltCross.jpg?resize=350%2C200&ssl=1","width":350,"height":200},"classes":[]},{"id":35975,"url":"https:\/\/wobronietradycjiiwiary.com\/pl\/proprium-missae-podwyzszenia-krzyza-swietego-in-exaltatione-sanctae-crucis-4\/","url_meta":{"origin":35973,"position":2},"title":"Proprium missae &#8211; Podwy\u017cszenia Krzy\u017ca \u015awi\u0119tego &#8211; In Exaltatione Sanctae crucis","author":"Traditio et Fides","date":"13 wrze\u015bnia 2020","format":false,"excerpt":"https:\/\/www.youtube.com\/watch?v=1yhv3ZaLjPg INTROITUS Gal 6:14 Nos autem glori\u00e1ri op\u00f3rtet in Cruce D\u00f3mini nostri Iesu Christi: in quo est salus, vita et resurr\u00e9ctio nostra: per quem salv\u00e1ti et liber\u00e1ti sumus Ps 66:2 Deus misere\u00e1tur nostri, et bened\u00edcat nobis: ill\u00faminet vultum suum super nos, et misere\u00e1tur nostri. V. Gl\u00f3ria Patri, et F\u00edlio, et\u2026","rel":"","context":"W \u201e09. \u015awi\u0119ta we wrze\u015bniu&quot;","block_context":{"text":"09. \u015awi\u0119ta we wrze\u015bniu","link":"https:\/\/wobronietradycjiiwiary.com\/pl\/category\/duchowosc\/liturgia-i-liturgika\/rozwazania\/rok-liturgiczny\/swieta-we-wrzesniu\/"},"img":{"alt_text":"","src":"https:\/\/i0.wp.com\/img.youtube.com\/vi\/1yhv3ZaLjPg\/0.jpg?resize=350%2C200","width":350,"height":200},"classes":[]},{"id":17338,"url":"https:\/\/wobronietradycjiiwiary.com\/pl\/proprium-missae-podwyzszenia-krzyza-swietego-in-exaltatione-sanctae-crucis\/","url_meta":{"origin":35973,"position":3},"title":"Proprium missae &#8211; Podwy\u017cszenia Krzy\u017ca \u015awi\u0119tego &#8211; In Exaltatione Sanctae crucis","author":"mariuszjerzy","date":"13 wrze\u015bnia 2018","format":false,"excerpt":"https:\/\/www.youtube.com\/watch?v=1yhv3ZaLjPg INTROITUS Gal 6:14 Nos autem glori\u00e1ri op\u00f3rtet in Cruce D\u00f3mini nostri Iesu Christi: in quo est salus, vita et resurr\u00e9ctio nostra: per quem salv\u00e1ti et liber\u00e1ti sumus Ps 66:2 Deus misere\u00e1tur nostri, et bened\u00edcat nobis: ill\u00faminet vultum suum super nos, et misere\u00e1tur nostri. V. Gl\u00f3ria Patri, et F\u00edlio, et\u2026","rel":"","context":"W \u201eMsza Trydencka&quot;","block_context":{"text":"Msza Trydencka","link":"https:\/\/wobronietradycjiiwiary.com\/pl\/category\/duchowosc\/liturgia-i-liturgika\/msza-trydencka\/"},"img":{"alt_text":"","src":"https:\/\/i0.wp.com\/img.youtube.com\/vi\/1yhv3ZaLjPg\/0.jpg?resize=350%2C200","width":350,"height":200},"classes":[]},{"id":152194,"url":"https:\/\/wobronietradycjiiwiary.com\/pl\/proprium-missae-podwyzszenia-krzyza-swietego-in-exaltatione-sanctae-crucis-4-2-2-2-2\/","url_meta":{"origin":35973,"position":4},"title":"Proprium missae &#8211; Podwy\u017cszenia Krzy\u017ca \u015awi\u0119tego &#8211; In Exaltatione Sanctae crucis","author":"Traditio et Fides","date":"13 wrze\u015bnia 2025","format":false,"excerpt":"https:\/\/www.youtube.com\/watch?v=1yhv3ZaLjPg INTROITUS Gal 6:14 Nos autem glori\u00e1ri op\u00f3rtet in Cruce D\u00f3mini nostri Iesu Christi: in quo est salus, vita et resurr\u00e9ctio nostra: per quem salv\u00e1ti et liber\u00e1ti sumus Ps 66:2 Deus misere\u00e1tur nostri, et bened\u00edcat nobis: ill\u00faminet vultum suum super nos, et misere\u00e1tur nostri. V. Gl\u00f3ria Patri, et F\u00edlio, et\u2026","rel":"","context":"W \u201e09. \u015awi\u0119ta we wrze\u015bniu&quot;","block_context":{"text":"09. \u015awi\u0119ta we wrze\u015bniu","link":"https:\/\/wobronietradycjiiwiary.com\/pl\/category\/duchowosc\/liturgia-i-liturgika\/rozwazania\/rok-liturgiczny\/swieta-we-wrzesniu\/"},"img":{"alt_text":"","src":"https:\/\/i0.wp.com\/wobronietradycjiiwiary.com\/wp-content\/uploads\/2021\/09\/ExaltCross.jpg?resize=350%2C200&ssl=1","width":350,"height":200},"classes":[]},{"id":45050,"url":"https:\/\/wobronietradycjiiwiary.com\/pl\/proprium-missae-podwyzszenia-krzyza-swietego-in-exaltatione-sanctae-crucis-4-2\/","url_meta":{"origin":35973,"position":5},"title":"Proprium missae &#8211; Podwy\u017cszenia Krzy\u017ca \u015awi\u0119tego &#8211; In Exaltatione Sanctae crucis","author":"Traditio et Fides","date":"13 wrze\u015bnia 2022","format":false,"excerpt":"https:\/\/www.youtube.com\/watch?v=1yhv3ZaLjPg INTROITUS Gal 6:14 Nos autem glori\u00e1ri op\u00f3rtet in Cruce D\u00f3mini nostri Iesu Christi: in quo est salus, vita et resurr\u00e9ctio nostra: per quem salv\u00e1ti et liber\u00e1ti sumus Ps 66:2 Deus misere\u00e1tur nostri, et bened\u00edcat nobis: ill\u00faminet vultum suum super nos, et misere\u00e1tur nostri. V. Gl\u00f3ria Patri, et F\u00edlio, et\u2026","rel":"","context":"W \u201e09. \u015awi\u0119ta we wrze\u015bniu&quot;","block_context":{"text":"09. \u015awi\u0119ta we wrze\u015bniu","link":"https:\/\/wobronietradycjiiwiary.com\/pl\/category\/duchowosc\/liturgia-i-liturgika\/rozwazania\/rok-liturgiczny\/swieta-we-wrzesniu\/"},"img":{"alt_text":"","src":"https:\/\/i0.wp.com\/wobronietradycjiiwiary.com\/wp-content\/uploads\/2021\/09\/ExaltCross.jpg?resize=350%2C200&ssl=1","width":350,"height":200},"classes":[]}],"amp_enabled":true,"jetpack_featured_media_url":"https:\/\/wobronietradycjiiwiary.com\/wp-content\/uploads\/2021\/09\/ExaltCross.jpg","_links":{"self":[{"href":"https:\/\/wobronietradycjiiwiary.com\/pl\/wp-json\/wp\/v2\/posts\/35973","targetHints":{"allow":["GET"]}}],"collection":[{"href":"https:\/\/wobronietradycjiiwiary.com\/pl\/wp-json\/wp\/v2\/posts"}],"about":[{"href":"https:\/\/wobronietradycjiiwiary.com\/pl\/wp-json\/wp\/v2\/types\/post"}],"author":[{"embeddable":true,"href":"https:\/\/wobronietradycjiiwiary.com\/pl\/wp-json\/wp\/v2\/users\/60508433"}],"replies":[{"embeddable":true,"href":"https:\/\/wobronietradycjiiwiary.com\/pl\/wp-json\/wp\/v2\/comments?post=35973"}],"version-history":[{"count":0,"href":"https:\/\/wobronietradycjiiwiary.com\/pl\/wp-json\/wp\/v2\/posts\/35973\/revisions"}],"wp:featuredmedia":[{"embeddable":true,"href":"https:\/\/wobronietradycjiiwiary.com\/pl\/wp-json\/wp\/v2\/media\/45136"}],"wp:attachment":[{"href":"https:\/\/wobronietradycjiiwiary.com\/pl\/wp-json\/wp\/v2\/media?parent=35973"}],"wp:term":[{"taxonomy":"category","embeddable":true,"href":"https:\/\/wobronietradycjiiwiary.com\/pl\/wp-json\/wp\/v2\/categories?post=35973"},{"taxonomy":"post_tag","embeddable":true,"href":"https:\/\/wobronietradycjiiwiary.com\/pl\/wp-json\/wp\/v2\/tags?post=35973"}],"curies":[{"name":"wp","href":"https:\/\/api.w.org\/{rel}","templated":true}]}}