{"id":3534,"date":"2015-02-11T12:10:49","date_gmt":"2015-02-11T11:10:49","guid":{"rendered":"https:\/\/wobronietradycjiiwiary.com\/?p=3534"},"modified":"2025-02-07T15:52:36","modified_gmt":"2025-02-07T14:52:36","slug":"wiara-fides-a-ufnosc-fiducia-w-ujeciu-teologii-katolickiej-cz-7","status":"publish","type":"post","link":"https:\/\/wobronietradycjiiwiary.com\/pl\/wiara-fides-a-ufnosc-fiducia-w-ujeciu-teologii-katolickiej-cz-7\/","title":{"rendered":"Wiara (fides) a ufno\u015b\u0107 (fiducia) w uj\u0119ciu teologii katolickiej. Pot\u0119pienie fideizmu przez Ko\u015bci\u00f3\u0142 (cz. 7 z 7)"},"content":{"rendered":"<div id=\"bsf_rt_marker\"><\/div><p>Pot\u0119pienie fideizmu przez Ko\u015bci\u00f3\u0142 Pomimo bardzo stanowczego pot\u0119pienia Lutra i innych b\u0142\u0119d\u00f3w reformacji przez Ko\u015bci\u00f3\u0142 wp\u0142ywy protestantyzmu dzia\u0142a\u0142y nadal w&hellip;<\/p>\n<div style=\"text-align: center\">\n<p>&nbsp;<\/p>\n<\/div>\n<h2 style=\"border: 5px solid #0000A0;padding: 1em;text-align: center\"><span style=\"color: #000000\">Pe\u0142en dost\u0119p dla <span style=\"color: #00ccff\"><a style=\"color: #00ccff\" href=\"https:\/\/wobronietradycjiiwiary.com\/subskrypcje-2\/\" target=\"_blank\" rel=\"noopener\">subskrybent\u00f3w<\/a><\/span>.<\/span><br \/>\n<span style=\"color: #3366ff\"><a style=\"color: #3366ff\" href=\"https:\/\/wobronietradycjiiwiary.com\/account\/login\/\" target=\"_blank\" rel=\"noopener\"><span style=\"color: #00ccff\">Zaloguj<\/span><\/a> <\/span>si\u0119 lub przejd\u017a do <a href=\"https:\/\/wobronietradycjiiwiary.com\/register\/\"><span style=\"color: #3366ff\">Rejestracji<\/span><\/a>.<\/h2>\n<div>\n<p style=\"text-align: center\"><a href=\"https:\/\/wobronietradycjiiwiary.com\/pl\/subskrypcje-2\/cennik\/\" target=\"_blank\" rel=\"noopener\"><span style=\"color: #000080;font-size: 24pt\"><strong>Nowe ni\u017csze ceny<\/strong><\/span><\/a><\/p>\n<p style=\"text-align: center\"><strong><span style=\"font-size: 18pt;color: #000080\">P\u0142atno\u015b\u0107 kart\u0105<\/span><\/strong><\/p>\n<\/div>\n<h3 style=\"text-align: center\"><a href=\"https:\/\/wobronietradycjiiwiary.com\/pl\/subskrypcje-2\/automatyczne\/indywidualne\/\" target=\"_blank\" rel=\"noopener\"><img fetchpriority=\"high\" decoding=\"async\" class=\"alignnone size-medium wp-image-80433\" src=\"https:\/\/wobronietradycjiiwiary.com\/wp-content\/uploads\/2022\/11\/Unbenannt-1-Online-1-300x202.jpg\" alt=\"\" width=\"300\" height=\"202\" srcset=\"https:\/\/wobronietradycjiiwiary.com\/wp-content\/uploads\/2022\/11\/Unbenannt-1-Online-1-300x202.jpg 300w, https:\/\/wobronietradycjiiwiary.com\/wp-content\/uploads\/2022\/11\/Unbenannt-1-Online-1-150x101.jpg 150w, https:\/\/wobronietradycjiiwiary.com\/wp-content\/uploads\/2022\/11\/Unbenannt-1-Online-1-18x12.jpg 18w, https:\/\/wobronietradycjiiwiary.com\/wp-content\/uploads\/2022\/11\/Unbenannt-1-Online-1.jpg 446w\" sizes=\"(max-width: 300px) 100vw, 300px\" \/><\/a><\/h3>\n<p style=\"text-align: center\"><strong><span style=\"font-size: 18pt;color: #000080\">P\u0142atno\u015b\u0107 przelewem<\/span><\/strong><\/p>\n<p><a href=\"https:\/\/wobronietradycjiiwiary.com\/pl\/subskrypcje-2\/automatyczne\/indywidualne\/\" target=\"_blank\" rel=\"noopener\"><img decoding=\"async\" class=\"size-medium wp-image-80434 aligncenter\" src=\"https:\/\/wobronietradycjiiwiary.com\/wp-content\/uploads\/2022\/11\/Unbenannt-1-Przelewem-300x137.jpg\" alt=\"\" width=\"300\" height=\"137\" srcset=\"https:\/\/wobronietradycjiiwiary.com\/wp-content\/uploads\/2022\/11\/Unbenannt-1-Przelewem-300x137.jpg 300w, https:\/\/wobronietradycjiiwiary.com\/wp-content\/uploads\/2022\/11\/Unbenannt-1-Przelewem-450x206.jpg 450w, https:\/\/wobronietradycjiiwiary.com\/wp-content\/uploads\/2022\/11\/Unbenannt-1-Przelewem-600x274.jpg 600w, https:\/\/wobronietradycjiiwiary.com\/wp-content\/uploads\/2022\/11\/Unbenannt-1-Przelewem-150x69.jpg 150w, https:\/\/wobronietradycjiiwiary.com\/wp-content\/uploads\/2022\/11\/Unbenannt-1-Przelewem-18x8.jpg 18w, https:\/\/wobronietradycjiiwiary.com\/wp-content\/uploads\/2022\/11\/Unbenannt-1-Przelewem.jpg 676w\" sizes=\"(max-width: 300px) 100vw, 300px\" \/><\/a><\/p>\n<p style=\"text-align: center\"><strong><span style=\"font-size: 18pt;color: #000080\">P\u0142atno\u015b\u0107 kart\u0105 do 6 os\u00f3b<\/span><\/strong><\/p>\n<p><a href=\"https:\/\/wobronietradycjiiwiary.com\/pl\/rodzinne\/\" target=\"_blank\" rel=\"noopener\"><img decoding=\"async\" class=\"size-medium wp-image-80435 aligncenter\" src=\"https:\/\/wobronietradycjiiwiary.com\/wp-content\/uploads\/2022\/11\/Unbenannt-1-Rodzinna-300x208.jpg\" alt=\"\" width=\"300\" height=\"208\" srcset=\"https:\/\/wobronietradycjiiwiary.com\/wp-content\/uploads\/2022\/11\/Unbenannt-1-Rodzinna-300x208.jpg 300w, https:\/\/wobronietradycjiiwiary.com\/wp-content\/uploads\/2022\/11\/Unbenannt-1-Rodzinna-150x104.jpg 150w, https:\/\/wobronietradycjiiwiary.com\/wp-content\/uploads\/2022\/11\/Unbenannt-1-Rodzinna-18x12.jpg 18w, https:\/\/wobronietradycjiiwiary.com\/wp-content\/uploads\/2022\/11\/Unbenannt-1-Rodzinna.jpg 448w\" sizes=\"(max-width: 300px) 100vw, 300px\" \/><\/a><\/p>\n<h3 style=\"text-align: center\"><\/h3>\n<h1 style=\"text-align: center\"><\/h1>\n","protected":false},"excerpt":{"rendered":"<p>W katolickim rozumieniu wiara jest aktem intelektu, nie uczu\u0107, gdy\u017c jedynie za trwa\u0142ym aktem poznania mo\u017ce p\u00f3j\u015b\u0107 wola.<\/p>\n","protected":false},"author":60508433,"featured_media":38198,"comment_status":"closed","ping_status":"closed","sticky":false,"template":"","format":"standard","meta":{"_bbp_topic_count":0,"_bbp_reply_count":0,"_bbp_total_topic_count":0,"_bbp_total_reply_count":0,"_bbp_voice_count":0,"_bbp_anonymous_reply_count":0,"_bbp_topic_count_hidden":0,"_bbp_reply_count_hidden":0,"_bbp_forum_subforum_count":0,"_editorskit_title_hidden":false,"_editorskit_reading_time":0,"_editorskit_is_block_options_detached":false,"_editorskit_block_options_position":"{}","_coblocks_attr":"","_coblocks_dimensions":"","_coblocks_responsive_height":"","_coblocks_accordion_ie_support":"","_exactmetrics_skip_tracking":false,"_jetpack_newsletter_access":"","_jetpack_dont_email_post_to_subs":false,"_jetpack_newsletter_tier_id":0,"_jetpack_memberships_contains_paywalled_content":false,"_wpcom_ai_launchpad_first_post":false,"_jetpack_feature_clip_id":0,"_jetpack_memberships_contains_paid_content":false,"footnotes":"","jetpack_publicize_message":"{title}\n\n{excerpt}\n\n{url}","jetpack_publicize_feature_enabled":true,"jetpack_social_post_already_shared":true,"jetpack_social_options":{"image_generator_settings":{"template":"highway","default_image_id":0,"font":"","enabled":false},"version":2},"_wpas_customize_per_network":false,"jetpack_post_was_ever_published":false},"categories":[972006,610132729,67698743],"tags":[35294900,60102,854718,42916080,326353379,326353378,610132562,610132133,3058254,3326351,140550,317810565],"class_list":["post-3534","post","type-post","status-publish","format-standard","has-post-thumbnail","hentry","category-protestantyzm","category-wiara-a-ufnosc","category-wiara-i-rozum","tag-fideizm","tag-fides","tag-fiducia","tag-formacja-kaplanska","tag-kosciol-psuje-zla-teologia","tag-potepienie-fideizmu-przez-kosciol","tag-premium","tag-restricted","tag-rozum","tag-ufnosc","tag-wiara","tag-wiara-fides-a-ufnosc-fiducia-w-ujeciu-teologii-katolickiej"],"yoast_head":"<!-- This site is optimized with the Yoast SEO plugin v28.3 - https:\/\/yoast.com\/product\/yoast-seo-wordpress\/ -->\n<title>Wiara (fides) a ufno\u015b\u0107 (fiducia) w uj\u0119ciu teologii katolickiej. Pot\u0119pienie fideizmu przez Ko\u015bci\u00f3\u0142 (cz. 7 z 7) - Tradycja i Wiara<\/title>\n<meta name=\"description\" content=\"Wiara (fides) a ufno\u015b\u0107 (fiducia) w uj\u0119ciu teologii katolickiej. Pot\u0119pienie fideizmu przez Ko\u015bci\u00f3\u0142 (cz. 7 z 7) fideizm wiara teologia\" \/>\n<meta name=\"robots\" content=\"index, follow, max-snippet:-1, max-image-preview:large, max-video-preview:-1\" \/>\n<link rel=\"canonical\" href=\"https:\/\/wobronietradycjiiwiary.com\/pl\/wiara-fides-a-ufnosc-fiducia-w-ujeciu-teologii-katolickiej-cz-7\/\" \/>\n<meta property=\"og:locale\" content=\"pl_PL\" \/>\n<meta property=\"og:type\" content=\"article\" \/>\n<meta property=\"og:title\" content=\"Wiara (fides) a ufno\u015b\u0107 (fiducia) w uj\u0119ciu teologii katolickiej. Pot\u0119pienie fideizmu przez Ko\u015bci\u00f3\u0142 (cz. 7 z 7) - Tradycja i Wiara\" \/>\n<meta property=\"og:description\" content=\"Wiara (fides) a ufno\u015b\u0107 (fiducia) w uj\u0119ciu teologii katolickiej. Pot\u0119pienie fideizmu przez Ko\u015bci\u00f3\u0142 (cz. 7 z 7) fideizm wiara teologia\" \/>\n<meta property=\"og:url\" content=\"https:\/\/wobronietradycjiiwiary.com\/pl\/wiara-fides-a-ufnosc-fiducia-w-ujeciu-teologii-katolickiej-cz-7\/\" \/>\n<meta property=\"og:site_name\" content=\"Tradycja i Wiara\" \/>\n<meta property=\"article:publisher\" content=\"https:\/\/www.facebook.com\/Tradycja-i-Wiara-108813920592249\" \/>\n<meta property=\"article:published_time\" content=\"2015-02-11T11:10:49+00:00\" \/>\n<meta property=\"article:modified_time\" content=\"2025-02-07T14:52:36+00:00\" \/>\n<meta property=\"og:image\" content=\"https:\/\/wobronietradycjiiwiary.com\/wp-content\/uploads\/2015\/01\/fides-monk.jpg\" \/>\n\t<meta property=\"og:image:width\" content=\"692\" \/>\n\t<meta property=\"og:image:height\" content=\"535\" \/>\n\t<meta property=\"og:image:type\" content=\"image\/jpeg\" \/>\n<meta name=\"author\" content=\"Traditio et Fides\" \/>\n<meta name=\"twitter:card\" content=\"summary_large_image\" \/>\n<meta name=\"twitter:label1\" content=\"Napisane przez\" \/>\n\t<meta name=\"twitter:data1\" content=\"Traditio et Fides\" \/>\n\t<meta name=\"twitter:label2\" content=\"Szacowany czas czytania\" \/>\n\t<meta name=\"twitter:data2\" content=\"5 minut\" \/>\n<script type=\"application\/ld+json\" class=\"yoast-schema-graph\">{\"@context\":\"https:\\\/\\\/schema.org\",\"@graph\":[{\"@type\":\"Article\",\"@id\":\"https:\\\/\\\/wobronietradycjiiwiary.com\\\/wiara-fides-a-ufnosc-fiducia-w-ujeciu-teologii-katolickiej-cz-7\\\/#article\",\"isPartOf\":{\"@id\":\"https:\\\/\\\/wobronietradycjiiwiary.com\\\/wiara-fides-a-ufnosc-fiducia-w-ujeciu-teologii-katolickiej-cz-7\\\/\"},\"author\":{\"name\":\"Traditio et Fides\",\"@id\":\"https:\\\/\\\/wobronietradycjiiwiary.com\\\/pl\\\/#\\\/schema\\\/person\\\/2d6180ce6abcb681fef0daab7816e8f3\"},\"headline\":\"Wiara (fides) a ufno\u015b\u0107 (fiducia) w uj\u0119ciu teologii katolickiej. Pot\u0119pienie fideizmu przez Ko\u015bci\u00f3\u0142 (cz. 7 z 7)\",\"datePublished\":\"2015-02-11T11:10:49+00:00\",\"dateModified\":\"2025-02-07T14:52:36+00:00\",\"mainEntityOfPage\":{\"@id\":\"https:\\\/\\\/wobronietradycjiiwiary.com\\\/wiara-fides-a-ufnosc-fiducia-w-ujeciu-teologii-katolickiej-cz-7\\\/\"},\"wordCount\":1099,\"publisher\":{\"@id\":\"https:\\\/\\\/wobronietradycjiiwiary.com\\\/pl\\\/#organization\"},\"image\":{\"@id\":\"https:\\\/\\\/wobronietradycjiiwiary.com\\\/wiara-fides-a-ufnosc-fiducia-w-ujeciu-teologii-katolickiej-cz-7\\\/#primaryimage\"},\"thumbnailUrl\":\"https:\\\/\\\/wobronietradycjiiwiary.com\\\/wp-content\\\/uploads\\\/2015\\\/01\\\/fides-monk.jpg\",\"keywords\":[\"fideizm\",\"fides\",\"fiducia\",\"formacja kap\u0142a\u0144ska\",\"Ko\u015bci\u00f3\u0142 psuje z\u0142a teologia\",\"potepienie fideizmu przez Ko\u015bci\u00f3\u0142\",\"Premium\",\"Restricted\",\"rozum\",\"ufno\u015b\u0107\",\"wiara\",\"Wiara (fides) a ufno\u015b\u0107 (fiducia) w uj\u0119ciu teologii katolickiej\"],\"articleSection\":[\"Protestantyzm\",\"Wiara a ufno\u015b\u0107\",\"Wiara i Rozum\"],\"inLanguage\":\"pl-PL\"},{\"@type\":\"WebPage\",\"@id\":\"https:\\\/\\\/wobronietradycjiiwiary.com\\\/wiara-fides-a-ufnosc-fiducia-w-ujeciu-teologii-katolickiej-cz-7\\\/\",\"url\":\"https:\\\/\\\/wobronietradycjiiwiary.com\\\/wiara-fides-a-ufnosc-fiducia-w-ujeciu-teologii-katolickiej-cz-7\\\/\",\"name\":\"Wiara (fides) a ufno\u015b\u0107 (fiducia) w uj\u0119ciu teologii katolickiej. Pot\u0119pienie fideizmu przez Ko\u015bci\u00f3\u0142 (cz. 7 z 7) - Tradycja i Wiara\",\"isPartOf\":{\"@id\":\"https:\\\/\\\/wobronietradycjiiwiary.com\\\/pl\\\/#website\"},\"primaryImageOfPage\":{\"@id\":\"https:\\\/\\\/wobronietradycjiiwiary.com\\\/wiara-fides-a-ufnosc-fiducia-w-ujeciu-teologii-katolickiej-cz-7\\\/#primaryimage\"},\"image\":{\"@id\":\"https:\\\/\\\/wobronietradycjiiwiary.com\\\/wiara-fides-a-ufnosc-fiducia-w-ujeciu-teologii-katolickiej-cz-7\\\/#primaryimage\"},\"thumbnailUrl\":\"https:\\\/\\\/wobronietradycjiiwiary.com\\\/wp-content\\\/uploads\\\/2015\\\/01\\\/fides-monk.jpg\",\"datePublished\":\"2015-02-11T11:10:49+00:00\",\"dateModified\":\"2025-02-07T14:52:36+00:00\",\"description\":\"Wiara (fides) a ufno\u015b\u0107 (fiducia) w uj\u0119ciu teologii katolickiej. Pot\u0119pienie fideizmu przez Ko\u015bci\u00f3\u0142 (cz. 7 z 7) fideizm wiara teologia\",\"breadcrumb\":{\"@id\":\"https:\\\/\\\/wobronietradycjiiwiary.com\\\/wiara-fides-a-ufnosc-fiducia-w-ujeciu-teologii-katolickiej-cz-7\\\/#breadcrumb\"},\"inLanguage\":\"pl-PL\",\"potentialAction\":[{\"@type\":\"ReadAction\",\"target\":[\"https:\\\/\\\/wobronietradycjiiwiary.com\\\/wiara-fides-a-ufnosc-fiducia-w-ujeciu-teologii-katolickiej-cz-7\\\/\"]}]},{\"@type\":\"ImageObject\",\"inLanguage\":\"pl-PL\",\"@id\":\"https:\\\/\\\/wobronietradycjiiwiary.com\\\/wiara-fides-a-ufnosc-fiducia-w-ujeciu-teologii-katolickiej-cz-7\\\/#primaryimage\",\"url\":\"https:\\\/\\\/wobronietradycjiiwiary.com\\\/wp-content\\\/uploads\\\/2015\\\/01\\\/fides-monk.jpg\",\"contentUrl\":\"https:\\\/\\\/wobronietradycjiiwiary.com\\\/wp-content\\\/uploads\\\/2015\\\/01\\\/fides-monk.jpg\",\"width\":692,\"height\":535},{\"@type\":\"BreadcrumbList\",\"@id\":\"https:\\\/\\\/wobronietradycjiiwiary.com\\\/wiara-fides-a-ufnosc-fiducia-w-ujeciu-teologii-katolickiej-cz-7\\\/#breadcrumb\",\"itemListElement\":[{\"@type\":\"ListItem\",\"position\":1,\"name\":\"Strona g\u0142\u00f3wna\",\"item\":\"https:\\\/\\\/wobronietradycjiiwiary.com\\\/\"},{\"@type\":\"ListItem\",\"position\":2,\"name\":\"Wiara (fides) a ufno\u015b\u0107 (fiducia) w uj\u0119ciu teologii katolickiej. Pot\u0119pienie fideizmu przez Ko\u015bci\u00f3\u0142 (cz. 7 z 7)\"}]},{\"@type\":\"WebSite\",\"@id\":\"https:\\\/\\\/wobronietradycjiiwiary.com\\\/pl\\\/#website\",\"url\":\"https:\\\/\\\/wobronietradycjiiwiary.com\\\/pl\\\/\",\"name\":\"Tradycja i Wiara\",\"description\":\"Portal dla katolik\u00f3w.\",\"publisher\":{\"@id\":\"https:\\\/\\\/wobronietradycjiiwiary.com\\\/pl\\\/#organization\"},\"potentialAction\":[{\"@type\":\"SearchAction\",\"target\":{\"@type\":\"EntryPoint\",\"urlTemplate\":\"https:\\\/\\\/wobronietradycjiiwiary.com\\\/pl\\\/?s={search_term_string}\"},\"query-input\":{\"@type\":\"PropertyValueSpecification\",\"valueRequired\":true,\"valueName\":\"search_term_string\"}}],\"inLanguage\":\"pl-PL\"},{\"@type\":\"Organization\",\"@id\":\"https:\\\/\\\/wobronietradycjiiwiary.com\\\/pl\\\/#organization\",\"name\":\"Tradycja i Wiara\",\"url\":\"https:\\\/\\\/wobronietradycjiiwiary.com\\\/pl\\\/\",\"logo\":{\"@type\":\"ImageObject\",\"inLanguage\":\"pl-PL\",\"@id\":\"https:\\\/\\\/wobronietradycjiiwiary.com\\\/pl\\\/#\\\/schema\\\/logo\\\/image\\\/\",\"url\":\"https:\\\/\\\/i0.wp.com\\\/wobronietradycjiiwiary.com\\\/wp-content\\\/uploads\\\/2015\\\/10\\\/cropped-st-peters-dome-vatican.jpg?fit=940%2C198&ssl=1\",\"contentUrl\":\"https:\\\/\\\/i0.wp.com\\\/wobronietradycjiiwiary.com\\\/wp-content\\\/uploads\\\/2015\\\/10\\\/cropped-st-peters-dome-vatican.jpg?fit=940%2C198&ssl=1\",\"width\":940,\"height\":198,\"caption\":\"Tradycja i Wiara\"},\"image\":{\"@id\":\"https:\\\/\\\/wobronietradycjiiwiary.com\\\/pl\\\/#\\\/schema\\\/logo\\\/image\\\/\"},\"sameAs\":[\"https:\\\/\\\/www.facebook.com\\\/Tradycja-i-Wiara-108813920592249\"]},{\"@type\":\"Person\",\"@id\":\"https:\\\/\\\/wobronietradycjiiwiary.com\\\/pl\\\/#\\\/schema\\\/person\\\/2d6180ce6abcb681fef0daab7816e8f3\",\"name\":\"Traditio et Fides\",\"sameAs\":[\"https:\\\/\\\/traditionundglauben.com\"],\"url\":\"https:\\\/\\\/wobronietradycjiiwiary.com\\\/pl\\\/author\\\/wobronietradycjiiwiary\\\/\"}]}<\/script>\n<!-- \/ Yoast SEO plugin. -->","yoast_head_json":{"title":"Wiara (fides) a ufno\u015b\u0107 (fiducia) w uj\u0119ciu teologii katolickiej. Pot\u0119pienie fideizmu przez Ko\u015bci\u00f3\u0142 (cz. 7 z 7) - Tradycja i Wiara","description":"Wiara (fides) a ufno\u015b\u0107 (fiducia) w uj\u0119ciu teologii katolickiej. Pot\u0119pienie fideizmu przez Ko\u015bci\u00f3\u0142 (cz. 7 z 7) fideizm wiara teologia","robots":{"index":"index","follow":"follow","max-snippet":"max-snippet:-1","max-image-preview":"max-image-preview:large","max-video-preview":"max-video-preview:-1"},"canonical":"https:\/\/wobronietradycjiiwiary.com\/pl\/wiara-fides-a-ufnosc-fiducia-w-ujeciu-teologii-katolickiej-cz-7\/","og_locale":"pl_PL","og_type":"article","og_title":"Wiara (fides) a ufno\u015b\u0107 (fiducia) w uj\u0119ciu teologii katolickiej. Pot\u0119pienie fideizmu przez Ko\u015bci\u00f3\u0142 (cz. 7 z 7) - Tradycja i Wiara","og_description":"Wiara (fides) a ufno\u015b\u0107 (fiducia) w uj\u0119ciu teologii katolickiej. Pot\u0119pienie fideizmu przez Ko\u015bci\u00f3\u0142 (cz. 7 z 7) fideizm wiara teologia","og_url":"https:\/\/wobronietradycjiiwiary.com\/pl\/wiara-fides-a-ufnosc-fiducia-w-ujeciu-teologii-katolickiej-cz-7\/","og_site_name":"Tradycja i Wiara","article_publisher":"https:\/\/www.facebook.com\/Tradycja-i-Wiara-108813920592249","article_published_time":"2015-02-11T11:10:49+00:00","article_modified_time":"2025-02-07T14:52:36+00:00","og_image":[{"width":692,"height":535,"url":"https:\/\/wobronietradycjiiwiary.com\/wp-content\/uploads\/2015\/01\/fides-monk.jpg","type":"image\/jpeg"}],"author":"Traditio et Fides","twitter_card":"summary_large_image","twitter_misc":{"Napisane przez":"Traditio et Fides","Szacowany czas czytania":"5 minut"},"schema":{"@context":"https:\/\/schema.org","@graph":[{"@type":"Article","@id":"https:\/\/wobronietradycjiiwiary.com\/wiara-fides-a-ufnosc-fiducia-w-ujeciu-teologii-katolickiej-cz-7\/#article","isPartOf":{"@id":"https:\/\/wobronietradycjiiwiary.com\/wiara-fides-a-ufnosc-fiducia-w-ujeciu-teologii-katolickiej-cz-7\/"},"author":{"name":"Traditio et Fides","@id":"https:\/\/wobronietradycjiiwiary.com\/pl\/#\/schema\/person\/2d6180ce6abcb681fef0daab7816e8f3"},"headline":"Wiara (fides) a ufno\u015b\u0107 (fiducia) w uj\u0119ciu teologii katolickiej. Pot\u0119pienie fideizmu przez Ko\u015bci\u00f3\u0142 (cz. 7 z 7)","datePublished":"2015-02-11T11:10:49+00:00","dateModified":"2025-02-07T14:52:36+00:00","mainEntityOfPage":{"@id":"https:\/\/wobronietradycjiiwiary.com\/wiara-fides-a-ufnosc-fiducia-w-ujeciu-teologii-katolickiej-cz-7\/"},"wordCount":1099,"publisher":{"@id":"https:\/\/wobronietradycjiiwiary.com\/pl\/#organization"},"image":{"@id":"https:\/\/wobronietradycjiiwiary.com\/wiara-fides-a-ufnosc-fiducia-w-ujeciu-teologii-katolickiej-cz-7\/#primaryimage"},"thumbnailUrl":"https:\/\/wobronietradycjiiwiary.com\/wp-content\/uploads\/2015\/01\/fides-monk.jpg","keywords":["fideizm","fides","fiducia","formacja kap\u0142a\u0144ska","Ko\u015bci\u00f3\u0142 psuje z\u0142a teologia","potepienie fideizmu przez Ko\u015bci\u00f3\u0142","Premium","Restricted","rozum","ufno\u015b\u0107","wiara","Wiara (fides) a ufno\u015b\u0107 (fiducia) w uj\u0119ciu teologii katolickiej"],"articleSection":["Protestantyzm","Wiara a ufno\u015b\u0107","Wiara i Rozum"],"inLanguage":"pl-PL"},{"@type":"WebPage","@id":"https:\/\/wobronietradycjiiwiary.com\/wiara-fides-a-ufnosc-fiducia-w-ujeciu-teologii-katolickiej-cz-7\/","url":"https:\/\/wobronietradycjiiwiary.com\/wiara-fides-a-ufnosc-fiducia-w-ujeciu-teologii-katolickiej-cz-7\/","name":"Wiara (fides) a ufno\u015b\u0107 (fiducia) w uj\u0119ciu teologii katolickiej. Pot\u0119pienie fideizmu przez Ko\u015bci\u00f3\u0142 (cz. 7 z 7) - Tradycja i Wiara","isPartOf":{"@id":"https:\/\/wobronietradycjiiwiary.com\/pl\/#website"},"primaryImageOfPage":{"@id":"https:\/\/wobronietradycjiiwiary.com\/wiara-fides-a-ufnosc-fiducia-w-ujeciu-teologii-katolickiej-cz-7\/#primaryimage"},"image":{"@id":"https:\/\/wobronietradycjiiwiary.com\/wiara-fides-a-ufnosc-fiducia-w-ujeciu-teologii-katolickiej-cz-7\/#primaryimage"},"thumbnailUrl":"https:\/\/wobronietradycjiiwiary.com\/wp-content\/uploads\/2015\/01\/fides-monk.jpg","datePublished":"2015-02-11T11:10:49+00:00","dateModified":"2025-02-07T14:52:36+00:00","description":"Wiara (fides) a ufno\u015b\u0107 (fiducia) w uj\u0119ciu teologii katolickiej. Pot\u0119pienie fideizmu przez Ko\u015bci\u00f3\u0142 (cz. 7 z 7) fideizm wiara teologia","breadcrumb":{"@id":"https:\/\/wobronietradycjiiwiary.com\/wiara-fides-a-ufnosc-fiducia-w-ujeciu-teologii-katolickiej-cz-7\/#breadcrumb"},"inLanguage":"pl-PL","potentialAction":[{"@type":"ReadAction","target":["https:\/\/wobronietradycjiiwiary.com\/wiara-fides-a-ufnosc-fiducia-w-ujeciu-teologii-katolickiej-cz-7\/"]}]},{"@type":"ImageObject","inLanguage":"pl-PL","@id":"https:\/\/wobronietradycjiiwiary.com\/wiara-fides-a-ufnosc-fiducia-w-ujeciu-teologii-katolickiej-cz-7\/#primaryimage","url":"https:\/\/wobronietradycjiiwiary.com\/wp-content\/uploads\/2015\/01\/fides-monk.jpg","contentUrl":"https:\/\/wobronietradycjiiwiary.com\/wp-content\/uploads\/2015\/01\/fides-monk.jpg","width":692,"height":535},{"@type":"BreadcrumbList","@id":"https:\/\/wobronietradycjiiwiary.com\/wiara-fides-a-ufnosc-fiducia-w-ujeciu-teologii-katolickiej-cz-7\/#breadcrumb","itemListElement":[{"@type":"ListItem","position":1,"name":"Strona g\u0142\u00f3wna","item":"https:\/\/wobronietradycjiiwiary.com\/"},{"@type":"ListItem","position":2,"name":"Wiara (fides) a ufno\u015b\u0107 (fiducia) w uj\u0119ciu teologii katolickiej. Pot\u0119pienie fideizmu przez Ko\u015bci\u00f3\u0142 (cz. 7 z 7)"}]},{"@type":"WebSite","@id":"https:\/\/wobronietradycjiiwiary.com\/pl\/#website","url":"https:\/\/wobronietradycjiiwiary.com\/pl\/","name":"Tradycja i Wiara","description":"Portal dla katolik\u00f3w.","publisher":{"@id":"https:\/\/wobronietradycjiiwiary.com\/pl\/#organization"},"potentialAction":[{"@type":"SearchAction","target":{"@type":"EntryPoint","urlTemplate":"https:\/\/wobronietradycjiiwiary.com\/pl\/?s={search_term_string}"},"query-input":{"@type":"PropertyValueSpecification","valueRequired":true,"valueName":"search_term_string"}}],"inLanguage":"pl-PL"},{"@type":"Organization","@id":"https:\/\/wobronietradycjiiwiary.com\/pl\/#organization","name":"Tradycja i Wiara","url":"https:\/\/wobronietradycjiiwiary.com\/pl\/","logo":{"@type":"ImageObject","inLanguage":"pl-PL","@id":"https:\/\/wobronietradycjiiwiary.com\/pl\/#\/schema\/logo\/image\/","url":"https:\/\/i0.wp.com\/wobronietradycjiiwiary.com\/wp-content\/uploads\/2015\/10\/cropped-st-peters-dome-vatican.jpg?fit=940%2C198&ssl=1","contentUrl":"https:\/\/i0.wp.com\/wobronietradycjiiwiary.com\/wp-content\/uploads\/2015\/10\/cropped-st-peters-dome-vatican.jpg?fit=940%2C198&ssl=1","width":940,"height":198,"caption":"Tradycja i Wiara"},"image":{"@id":"https:\/\/wobronietradycjiiwiary.com\/pl\/#\/schema\/logo\/image\/"},"sameAs":["https:\/\/www.facebook.com\/Tradycja-i-Wiara-108813920592249"]},{"@type":"Person","@id":"https:\/\/wobronietradycjiiwiary.com\/pl\/#\/schema\/person\/2d6180ce6abcb681fef0daab7816e8f3","name":"Traditio et Fides","sameAs":["https:\/\/traditionundglauben.com"],"url":"https:\/\/wobronietradycjiiwiary.com\/pl\/author\/wobronietradycjiiwiary\/"}]}},"jetpack_publicize_connections":[],"jetpack_sharing_enabled":true,"jetpack_likes_enabled":true,"jetpack_shortlink":"https:\/\/wp.me\/pc04Sd-V0","jetpack-related-posts":[{"id":3480,"url":"https:\/\/wobronietradycjiiwiary.com\/pl\/wiara-fides-a-ufnosc-fiducia-w-ujeciu-teologii-katolickiej-cz-6\/","url_meta":{"origin":3534,"position":0},"title":"Wiara (fides) a ufno\u015b\u0107 (fiducia) w uj\u0119ciu teologii katolickiej. Wiara jako fiducia w my\u015bli Lutra (cz. 6 z 7)","author":"Traditio et Fides","date":"9 lutego 2015","format":false,"excerpt":"W katolickim rozumieniu wiara jest aktem intelektu, nie uczu\u0107, gdy\u017c jedynie za trwa\u0142ym aktem poznania mo\u017ce p\u00f3j\u015b\u0107 wola.","rel":"","context":"W \u201eProtestantyzm&quot;","block_context":{"text":"Protestantyzm","link":"https:\/\/wobronietradycjiiwiary.com\/pl\/category\/polemika\/protestantyzm\/"},"img":{"alt_text":"","src":"https:\/\/i0.wp.com\/wobronietradycjiiwiary.com\/wp-content\/uploads\/2015\/01\/fides-monk.jpg?resize=350%2C200&ssl=1","width":350,"height":200,"srcset":"https:\/\/i0.wp.com\/wobronietradycjiiwiary.com\/wp-content\/uploads\/2015\/01\/fides-monk.jpg?resize=350%2C200&ssl=1 1x, https:\/\/i0.wp.com\/wobronietradycjiiwiary.com\/wp-content\/uploads\/2015\/01\/fides-monk.jpg?resize=525%2C300&ssl=1 1.5x"},"classes":[]},{"id":3263,"url":"https:\/\/wobronietradycjiiwiary.com\/pl\/wiara-fides-a-ufnosc-fiducia-w-ujeciu-teologii-katolickiej-cz-2\/","url_meta":{"origin":3534,"position":1},"title":"Wiara (fides) a ufno\u015b\u0107 (fiducia) w uj\u0119ciu teologii katolickiej. Ufno\u015b\u0107 (fiducia) aktem emocjonalnego zawierzenia a Luter (cz.2 z 7)","author":"Traditio et Fides","date":"15 stycznia 2015","format":false,"excerpt":"W katolickim rozumieniu wiara jest aktem intelektu, nie uczu\u0107, gdy\u017c jedynie za trwa\u0142ym aktem poznania mo\u017ce p\u00f3j\u015b\u0107 wola.","rel":"","context":"W \u201eProtestantyzm&quot;","block_context":{"text":"Protestantyzm","link":"https:\/\/wobronietradycjiiwiary.com\/pl\/category\/polemika\/protestantyzm\/"},"img":{"alt_text":"","src":"https:\/\/i0.wp.com\/wobronietradycjiiwiary.com\/wp-content\/uploads\/2015\/01\/fides-monk.jpg?resize=350%2C200&ssl=1","width":350,"height":200,"srcset":"https:\/\/i0.wp.com\/wobronietradycjiiwiary.com\/wp-content\/uploads\/2015\/01\/fides-monk.jpg?resize=350%2C200&ssl=1 1x, https:\/\/i0.wp.com\/wobronietradycjiiwiary.com\/wp-content\/uploads\/2015\/01\/fides-monk.jpg?resize=525%2C300&ssl=1 1.5x"},"classes":[]},{"id":3147,"url":"https:\/\/wobronietradycjiiwiary.com\/pl\/wiara-fides-a-ufnosc-fiducia-w-ujeciu-teologii-katolickiej\/","url_meta":{"origin":3534,"position":2},"title":"Wiara (fides) a ufno\u015b\u0107 (fiducia) w uj\u0119ciu teologii katolickiej. Wiara (fides) aktem intelektu (cz. 1 z 7)","author":"Traditio et Fides","date":"9 stycznia 2015","format":false,"excerpt":"W katolickim rozumieniu wiara jest aktem intelektu, nie uczu\u0107, gdy\u017c jedynie za trwa\u0142ym aktem poznania mo\u017ce p\u00f3j\u015b\u0107 wola.","rel":"","context":"W \u201eProtestantyzm&quot;","block_context":{"text":"Protestantyzm","link":"https:\/\/wobronietradycjiiwiary.com\/pl\/category\/polemika\/protestantyzm\/"},"img":{"alt_text":"","src":"https:\/\/i0.wp.com\/wobronietradycjiiwiary.com\/wp-content\/uploads\/2015\/01\/fides-monk.jpg?resize=350%2C200&ssl=1","width":350,"height":200,"srcset":"https:\/\/i0.wp.com\/wobronietradycjiiwiary.com\/wp-content\/uploads\/2015\/01\/fides-monk.jpg?resize=350%2C200&ssl=1 1x, https:\/\/i0.wp.com\/wobronietradycjiiwiary.com\/wp-content\/uploads\/2015\/01\/fides-monk.jpg?resize=525%2C300&ssl=1 1.5x"},"classes":[]},{"id":3320,"url":"https:\/\/wobronietradycjiiwiary.com\/pl\/wiara-fides-a-ufnosc-fiducia-w-ujeciu-teologii-katolickiej-cz-3\/","url_meta":{"origin":3534,"position":3},"title":"Wiara (fides) a ufno\u015b\u0107 (fiducia) w uj\u0119ciu teologii katolickiej.  Pochwa\u0142a tomizmu (cz. 3 z 7)","author":"Traditio et Fides","date":"20 stycznia 2015","format":false,"excerpt":"W katolickim rozumieniu wiara jest aktem intelektu, nie uczu\u0107, gdy\u017c jedynie za trwa\u0142ym aktem poznania mo\u017ce p\u00f3j\u015b\u0107 wola.","rel":"","context":"W \u201eObjawienia Faustyny Kowalskiej&quot;","block_context":{"text":"Objawienia Faustyny Kowalskiej","link":"https:\/\/wobronietradycjiiwiary.com\/pl\/category\/duchowosc\/mistyka-i-pseudomistyka\/faustyna-kowalska\/objawienia-faustyny-kowalskiej\/"},"img":{"alt_text":"","src":"https:\/\/i0.wp.com\/wobronietradycjiiwiary.com\/wp-content\/uploads\/2015\/01\/fides-monk.jpg?resize=350%2C200&ssl=1","width":350,"height":200,"srcset":"https:\/\/i0.wp.com\/wobronietradycjiiwiary.com\/wp-content\/uploads\/2015\/01\/fides-monk.jpg?resize=350%2C200&ssl=1 1x, https:\/\/i0.wp.com\/wobronietradycjiiwiary.com\/wp-content\/uploads\/2015\/01\/fides-monk.jpg?resize=525%2C300&ssl=1 1.5x"},"classes":[]},{"id":9461,"url":"https:\/\/wobronietradycjiiwiary.com\/pl\/stopnie-pewnosci-teologicznej-lub-notae-theologicae-1-czym-jest-integryzm\/","url_meta":{"origin":3534,"position":4},"title":"Stopnie pewno\u015bci teologicznej lub notae theologicae. (1 z 4) Czym jest integryzm?","author":"Traditio et Fides","date":"25 czerwca 2016","format":false,"excerpt":"Wst\u0119p \u00a0Aby ukaza\u0107 w naszych dalszych wpisach jak bardzo nie tylko Amoris laetitia, ale i r\u00f3wnie\u017c cz\u0119\u015b\u0107 nauczania posoborowego odesz\u0142y od Tradycji i wiecznego Magisterium musimy przedstawi\u0107 naszym czytelnikom terminologi\u0119 teologiczn\u0105, kt\u00f3r\u0105 b\u0119dziemy si\u0119 pos\u0142ugiwa\u0107. Jest to w sumie rozwini\u0119cie poni\u017cszej tabelki prezentowanej w artykule Nieomylno\u015b\u0107 papieska a obecny pontyfikat,[1]\u2026","rel":"","context":"W \u201eNotae theologicae&quot;","block_context":{"text":"Notae theologicae","link":"https:\/\/wobronietradycjiiwiary.com\/pl\/category\/doktryna\/teologia-jako-nauka\/notae-theologicae\/"},"img":{"alt_text":"","src":"https:\/\/i0.wp.com\/wobronietradycjiiwiary.com\/wp-content\/uploads\/2016\/06\/friedrich_overbeck_001-scaled.jpg?resize=350%2C200&ssl=1","width":350,"height":200,"srcset":"https:\/\/i0.wp.com\/wobronietradycjiiwiary.com\/wp-content\/uploads\/2016\/06\/friedrich_overbeck_001-scaled.jpg?resize=350%2C200&ssl=1 1x, https:\/\/i0.wp.com\/wobronietradycjiiwiary.com\/wp-content\/uploads\/2016\/06\/friedrich_overbeck_001-scaled.jpg?resize=525%2C300&ssl=1 1.5x, https:\/\/i0.wp.com\/wobronietradycjiiwiary.com\/wp-content\/uploads\/2016\/06\/friedrich_overbeck_001-scaled.jpg?resize=700%2C400&ssl=1 2x, https:\/\/i0.wp.com\/wobronietradycjiiwiary.com\/wp-content\/uploads\/2016\/06\/friedrich_overbeck_001-scaled.jpg?resize=1050%2C600&ssl=1 3x, https:\/\/i0.wp.com\/wobronietradycjiiwiary.com\/wp-content\/uploads\/2016\/06\/friedrich_overbeck_001-scaled.jpg?resize=1400%2C800&ssl=1 4x"},"classes":[]},{"id":3414,"url":"https:\/\/wobronietradycjiiwiary.com\/pl\/wiara-fides-a-ufnosc-fiducia-w-ujeciu-teologii-katolickiej-cz-5\/","url_meta":{"origin":3534,"position":5},"title":"Wiara (fides) a ufno\u015b\u0107 (fiducia) w uj\u0119ciu teologii katolickiej. Wp\u0142yw nominalizmu na poj\u0119cie fiducii (cz. 5 z 7)","author":"Traditio et Fides","date":"30 stycznia 2015","format":false,"excerpt":"W katolickim rozumieniu wiara jest aktem intelektu, nie uczu\u0107, gdy\u017c jedynie za trwa\u0142ym aktem poznania mo\u017ce p\u00f3j\u015b\u0107 wola.","rel":"","context":"W \u201eProtestantyzm&quot;","block_context":{"text":"Protestantyzm","link":"https:\/\/wobronietradycjiiwiary.com\/pl\/category\/polemika\/protestantyzm\/"},"img":{"alt_text":"","src":"https:\/\/i0.wp.com\/wobronietradycjiiwiary.com\/wp-content\/uploads\/2015\/01\/fides-monk.jpg?resize=350%2C200&ssl=1","width":350,"height":200,"srcset":"https:\/\/i0.wp.com\/wobronietradycjiiwiary.com\/wp-content\/uploads\/2015\/01\/fides-monk.jpg?resize=350%2C200&ssl=1 1x, https:\/\/i0.wp.com\/wobronietradycjiiwiary.com\/wp-content\/uploads\/2015\/01\/fides-monk.jpg?resize=525%2C300&ssl=1 1.5x"},"classes":[]}],"amp_enabled":true,"jetpack_featured_media_url":"https:\/\/wobronietradycjiiwiary.com\/wp-content\/uploads\/2015\/01\/fides-monk.jpg","_links":{"self":[{"href":"https:\/\/wobronietradycjiiwiary.com\/pl\/wp-json\/wp\/v2\/posts\/3534","targetHints":{"allow":["GET"]}}],"collection":[{"href":"https:\/\/wobronietradycjiiwiary.com\/pl\/wp-json\/wp\/v2\/posts"}],"about":[{"href":"https:\/\/wobronietradycjiiwiary.com\/pl\/wp-json\/wp\/v2\/types\/post"}],"author":[{"embeddable":true,"href":"https:\/\/wobronietradycjiiwiary.com\/pl\/wp-json\/wp\/v2\/users\/60508433"}],"replies":[{"embeddable":true,"href":"https:\/\/wobronietradycjiiwiary.com\/pl\/wp-json\/wp\/v2\/comments?post=3534"}],"version-history":[{"count":1,"href":"https:\/\/wobronietradycjiiwiary.com\/pl\/wp-json\/wp\/v2\/posts\/3534\/revisions"}],"predecessor-version":[{"id":55184,"href":"https:\/\/wobronietradycjiiwiary.com\/pl\/wp-json\/wp\/v2\/posts\/3534\/revisions\/55184"}],"wp:featuredmedia":[{"embeddable":true,"href":"https:\/\/wobronietradycjiiwiary.com\/pl\/wp-json\/wp\/v2\/media\/38198"}],"wp:attachment":[{"href":"https:\/\/wobronietradycjiiwiary.com\/pl\/wp-json\/wp\/v2\/media?parent=3534"}],"wp:term":[{"taxonomy":"category","embeddable":true,"href":"https:\/\/wobronietradycjiiwiary.com\/pl\/wp-json\/wp\/v2\/categories?post=3534"},{"taxonomy":"post_tag","embeddable":true,"href":"https:\/\/wobronietradycjiiwiary.com\/pl\/wp-json\/wp\/v2\/tags?post=3534"}],"curies":[{"name":"wp","href":"https:\/\/api.w.org\/{rel}","templated":true}]}}