{"id":27198,"date":"2020-04-03T08:00:53","date_gmt":"2020-04-03T06:00:53","guid":{"rendered":"https:\/\/wobronietradycjiiwiary.com\/?p=27198"},"modified":"2025-02-07T15:48:15","modified_gmt":"2025-02-07T14:48:15","slug":"poulain-sj-rozdzial-xxii-objawienia-i-wizje-32-%c2%a7-2-siedem-rodzajow-wiadomosci-jakie-zdobyc-nalezy-o-osobie-ktora-przypisuje-sobie-tego-rodzaju-laski","status":"publish","type":"post","link":"https:\/\/wobronietradycjiiwiary.com\/pl\/poulain-sj-rozdzial-xxii-objawienia-i-wizje-32-%c2%a7-2-siedem-rodzajow-wiadomosci-jakie-zdobyc-nalezy-o-osobie-ktora-przypisuje-sobie-tego-rodzaju-laski\/","title":{"rendered":"Poulain SJ: Rozdzia\u0142 XXII. Objawienia i wizje (32). \u00a7 2. Siedem rodzaj\u00f3w wiadomo\u015bci, jakie zdoby\u0107 nale\u017cy o osobie, kt\u00f3ra przypisuje sobie tego rodzaju \u0142aski."},"content":{"rendered":"<div id=\"bsf_rt_marker\"><\/div><p>26. Czy dana osoba zastosowa\u0142a trzy \u015brodki konieczne dla unikni\u0119cia iluzji: a) l\u0119k przed oszukaniem, b) szczero\u015b\u0107 wobec kierownika, c)&hellip;<\/p>\n<div style=\"text-align: center\">\n<p>&nbsp;<\/p>\n<\/div>\n<h2 style=\"border: 5px solid #0000A0;padding: 1em;text-align: center\"><span style=\"color: #000000\">Pe\u0142en dost\u0119p dla <span style=\"color: #00ccff\"><a style=\"color: #00ccff\" href=\"https:\/\/wobronietradycjiiwiary.com\/subskrypcje-2\/\" target=\"_blank\" rel=\"noopener\">subskrybent\u00f3w<\/a><\/span>.<\/span><br \/>\n<span style=\"color: #3366ff\"><a style=\"color: #3366ff\" href=\"https:\/\/wobronietradycjiiwiary.com\/account\/login\/\" target=\"_blank\" rel=\"noopener\"><span style=\"color: #00ccff\">Zaloguj<\/span><\/a> <\/span>si\u0119 lub przejd\u017a do <a href=\"https:\/\/wobronietradycjiiwiary.com\/register\/\"><span style=\"color: #3366ff\">Rejestracji<\/span><\/a>.<\/h2>\n<div>\n<p style=\"text-align: center\"><a href=\"https:\/\/wobronietradycjiiwiary.com\/pl\/subskrypcje-2\/cennik\/\" target=\"_blank\" rel=\"noopener\"><span style=\"color: #000080;font-size: 24pt\"><strong>Nowe ni\u017csze ceny<\/strong><\/span><\/a><\/p>\n<p style=\"text-align: center\"><strong><span style=\"font-size: 18pt;color: #000080\">P\u0142atno\u015b\u0107 kart\u0105<\/span><\/strong><\/p>\n<\/div>\n<h3 style=\"text-align: center\"><a href=\"https:\/\/wobronietradycjiiwiary.com\/pl\/subskrypcje-2\/automatyczne\/indywidualne\/\" target=\"_blank\" rel=\"noopener\"><img fetchpriority=\"high\" decoding=\"async\" class=\"alignnone size-medium wp-image-80433\" src=\"https:\/\/wobronietradycjiiwiary.com\/wp-content\/uploads\/2022\/11\/Unbenannt-1-Online-1-300x202.jpg\" alt=\"\" width=\"300\" height=\"202\" srcset=\"https:\/\/wobronietradycjiiwiary.com\/wp-content\/uploads\/2022\/11\/Unbenannt-1-Online-1-300x202.jpg 300w, https:\/\/wobronietradycjiiwiary.com\/wp-content\/uploads\/2022\/11\/Unbenannt-1-Online-1-150x101.jpg 150w, https:\/\/wobronietradycjiiwiary.com\/wp-content\/uploads\/2022\/11\/Unbenannt-1-Online-1-18x12.jpg 18w, https:\/\/wobronietradycjiiwiary.com\/wp-content\/uploads\/2022\/11\/Unbenannt-1-Online-1.jpg 446w\" sizes=\"(max-width: 300px) 100vw, 300px\" \/><\/a><\/h3>\n<p style=\"text-align: center\"><strong><span style=\"font-size: 18pt;color: #000080\">P\u0142atno\u015b\u0107 przelewem<\/span><\/strong><\/p>\n<p><a href=\"https:\/\/wobronietradycjiiwiary.com\/pl\/subskrypcje-2\/automatyczne\/indywidualne\/\" target=\"_blank\" rel=\"noopener\"><img decoding=\"async\" class=\"size-medium wp-image-80434 aligncenter\" src=\"https:\/\/wobronietradycjiiwiary.com\/wp-content\/uploads\/2022\/11\/Unbenannt-1-Przelewem-300x137.jpg\" alt=\"\" width=\"300\" height=\"137\" srcset=\"https:\/\/wobronietradycjiiwiary.com\/wp-content\/uploads\/2022\/11\/Unbenannt-1-Przelewem-300x137.jpg 300w, https:\/\/wobronietradycjiiwiary.com\/wp-content\/uploads\/2022\/11\/Unbenannt-1-Przelewem-450x206.jpg 450w, https:\/\/wobronietradycjiiwiary.com\/wp-content\/uploads\/2022\/11\/Unbenannt-1-Przelewem-600x274.jpg 600w, https:\/\/wobronietradycjiiwiary.com\/wp-content\/uploads\/2022\/11\/Unbenannt-1-Przelewem-150x69.jpg 150w, https:\/\/wobronietradycjiiwiary.com\/wp-content\/uploads\/2022\/11\/Unbenannt-1-Przelewem-18x8.jpg 18w, https:\/\/wobronietradycjiiwiary.com\/wp-content\/uploads\/2022\/11\/Unbenannt-1-Przelewem.jpg 676w\" sizes=\"(max-width: 300px) 100vw, 300px\" \/><\/a><\/p>\n<p style=\"text-align: center\"><strong><span style=\"font-size: 18pt;color: #000080\">P\u0142atno\u015b\u0107 kart\u0105 do 6 os\u00f3b<\/span><\/strong><\/p>\n<p><a href=\"https:\/\/wobronietradycjiiwiary.com\/pl\/rodzinne\/\" target=\"_blank\" rel=\"noopener\"><img decoding=\"async\" class=\"size-medium wp-image-80435 aligncenter\" src=\"https:\/\/wobronietradycjiiwiary.com\/wp-content\/uploads\/2022\/11\/Unbenannt-1-Rodzinna-300x208.jpg\" alt=\"\" width=\"300\" height=\"208\" srcset=\"https:\/\/wobronietradycjiiwiary.com\/wp-content\/uploads\/2022\/11\/Unbenannt-1-Rodzinna-300x208.jpg 300w, https:\/\/wobronietradycjiiwiary.com\/wp-content\/uploads\/2022\/11\/Unbenannt-1-Rodzinna-150x104.jpg 150w, https:\/\/wobronietradycjiiwiary.com\/wp-content\/uploads\/2022\/11\/Unbenannt-1-Rodzinna-18x12.jpg 18w, https:\/\/wobronietradycjiiwiary.com\/wp-content\/uploads\/2022\/11\/Unbenannt-1-Rodzinna.jpg 448w\" sizes=\"(max-width: 300px) 100vw, 300px\" \/><\/a><\/p>\n<h3 style=\"text-align: center\"><\/h3>\n<h1 style=\"text-align: center\"><\/h1>\n","protected":false},"excerpt":{"rendered":"<p>26. Czy dana osoba zastosowa\u0142a trzy \u015brodki konieczne dla unikni\u0119cia iluzji: a) l\u0119k przed oszukaniem, b) szczero\u015b\u0107 wobec kierownika, c)&hellip; &nbsp; Pe\u0142en dost\u0119p dla subskrybent\u00f3w. Zaloguj si\u0119 lub przejd\u017a do Rejestracji. Nowe ni\u017csze ceny P\u0142atno\u015b\u0107 kart\u0105 P\u0142atno\u015b\u0107 przelewem P\u0142atno\u015b\u0107 kart\u0105 do 6 os\u00f3b<\/p>\n","protected":false},"author":60508433,"featured_media":23108,"comment_status":"closed","ping_status":"closed","sticky":false,"template":"","format":"standard","meta":{"_bbp_topic_count":0,"_bbp_reply_count":0,"_bbp_total_topic_count":0,"_bbp_total_reply_count":0,"_bbp_voice_count":0,"_bbp_anonymous_reply_count":0,"_bbp_topic_count_hidden":0,"_bbp_reply_count_hidden":0,"_bbp_forum_subforum_count":0,"_editorskit_title_hidden":false,"_editorskit_reading_time":0,"_editorskit_is_block_options_detached":false,"_editorskit_block_options_position":"{}","_coblocks_attr":"","_coblocks_dimensions":"","_coblocks_responsive_height":"","_coblocks_accordion_ie_support":"","_exactmetrics_skip_tracking":false,"_jetpack_newsletter_access":"","_jetpack_dont_email_post_to_subs":false,"_jetpack_newsletter_tier_id":0,"_jetpack_memberships_contains_paywalled_content":false,"_wpcom_ai_launchpad_first_post":false,"_jetpack_feature_clip_id":0,"_jetpack_memberships_contains_paid_content":false,"footnotes":"","jetpack_publicize_message":"{title}\n\n{excerpt}\n\n{url}","jetpack_publicize_feature_enabled":true,"jetpack_social_post_already_shared":true,"jetpack_social_options":{"image_generator_settings":{"template":"highway","default_image_id":0,"font":"","enabled":false},"version":2},"_wpas_customize_per_network":false,"jetpack_post_was_ever_published":false},"categories":[610131214,610131184,610131751,610130850,578310521,610135001,610135005],"tags":[610131752,610131366,610131459,610131375,610131634,610132133],"class_list":["post-27198","post","type-post","status-publish","format-standard","has-post-thumbnail","hentry","category-autorzy","category-duchowosc","category-kryteria-ogolne","category-augustin-poulain-sj","category-augustin-poulain-sj-pdf","category-poulain-objawienia-i-wizje","category-poulain-osoba-wizjonera","tag-kryteria-objawien-prywatnych","tag-o-poulain-sj","tag-o-poulain-sj-objawienia-i-wizje","tag-objawienia-i-wizje","tag-oszukanie-przez-zlego-ducha","tag-restricted"],"yoast_head":"<!-- This site is optimized with the Yoast SEO plugin v28.4 - https:\/\/yoast.com\/product\/yoast-seo-wordpress\/ -->\n<title>Poulain SJ: Rozdzia\u0142 XXII. Objawienia i wizje (32). \u00a7 2. Siedem rodzaj\u00f3w wiadomo\u015bci, jakie zdoby\u0107 nale\u017cy o osobie, kt\u00f3ra przypisuje sobie tego rodzaju \u0142aski. - Tradycja i Wiara<\/title>\n<meta name=\"description\" content=\"Poulain SJ: Rozdzia\u0142 XXII. Objawienia i wizje (32). \u00a7 2. Siedem rodzaj\u00f3w wiadomo\u015bci, jakie zdoby\u0107 nale\u017cy o osobie, kt\u00f3ra przypisuje sobie tego rodzaju \u0142aski. oszustwo z\u0142y duch pseudomistyka\" \/>\n<meta name=\"robots\" content=\"index, follow, max-snippet:-1, max-image-preview:large, max-video-preview:-1\" \/>\n<link rel=\"canonical\" href=\"https:\/\/wobronietradycjiiwiary.com\/pl\/poulain-sj-rozdzial-xxii-objawienia-i-wizje-32-\u00a7-2-siedem-rodzajow-wiadomosci-jakie-zdobyc-nalezy-o-osobie-ktora-przypisuje-sobie-tego-rodzaju-laski\/\" \/>\n<meta property=\"og:locale\" content=\"pl_PL\" \/>\n<meta property=\"og:type\" content=\"article\" \/>\n<meta property=\"og:title\" content=\"Poulain SJ: Rozdzia\u0142 XXII. Objawienia i wizje (32). \u00a7 2. Siedem rodzaj\u00f3w wiadomo\u015bci, jakie zdoby\u0107 nale\u017cy o osobie, kt\u00f3ra przypisuje sobie tego rodzaju \u0142aski. - Tradycja i Wiara\" \/>\n<meta property=\"og:description\" content=\"Poulain SJ: Rozdzia\u0142 XXII. Objawienia i wizje (32). \u00a7 2. Siedem rodzaj\u00f3w wiadomo\u015bci, jakie zdoby\u0107 nale\u017cy o osobie, kt\u00f3ra przypisuje sobie tego rodzaju \u0142aski. oszustwo z\u0142y duch pseudomistyka\" \/>\n<meta property=\"og:url\" content=\"https:\/\/wobronietradycjiiwiary.com\/pl\/poulain-sj-rozdzial-xxii-objawienia-i-wizje-32-\u00a7-2-siedem-rodzajow-wiadomosci-jakie-zdobyc-nalezy-o-osobie-ktora-przypisuje-sobie-tego-rodzaju-laski\/\" \/>\n<meta property=\"og:site_name\" content=\"Tradycja i Wiara\" \/>\n<meta property=\"article:publisher\" content=\"https:\/\/www.facebook.com\/Tradycja-i-Wiara-108813920592249\" \/>\n<meta property=\"article:published_time\" content=\"2020-04-03T06:00:53+00:00\" \/>\n<meta property=\"article:modified_time\" content=\"2025-02-07T14:48:15+00:00\" \/>\n<meta property=\"og:image\" content=\"https:\/\/wobronietradycjiiwiary.com\/wp-content\/uploads\/2019\/10\/peter-paul-rubens-die-wunder-des-hl-ignatius-von-loyola.jpg\" \/>\n\t<meta property=\"og:image:width\" content=\"1139\" \/>\n\t<meta property=\"og:image:height\" content=\"1539\" \/>\n\t<meta property=\"og:image:type\" content=\"image\/jpeg\" \/>\n<meta name=\"author\" content=\"Traditio et Fides\" \/>\n<meta name=\"twitter:card\" content=\"summary_large_image\" \/>\n<meta name=\"twitter:label1\" content=\"Napisane przez\" \/>\n\t<meta name=\"twitter:data1\" content=\"Traditio et Fides\" \/>\n\t<meta name=\"twitter:label2\" content=\"Szacowany czas czytania\" \/>\n\t<meta name=\"twitter:data2\" content=\"3 minuty\" \/>\n<script type=\"application\/ld+json\" class=\"yoast-schema-graph\">{\"@context\":\"https:\\\/\\\/schema.org\",\"@graph\":[{\"@type\":\"Article\",\"@id\":\"https:\\\/\\\/wobronietradycjiiwiary.com\\\/poulain-sj-rozdzial-xxii-objawienia-i-wizje-32-%c2%a7-2-siedem-rodzajow-wiadomosci-jakie-zdobyc-nalezy-o-osobie-ktora-przypisuje-sobie-tego-rodzaju-laski\\\/#article\",\"isPartOf\":{\"@id\":\"https:\\\/\\\/wobronietradycjiiwiary.com\\\/poulain-sj-rozdzial-xxii-objawienia-i-wizje-32-%c2%a7-2-siedem-rodzajow-wiadomosci-jakie-zdobyc-nalezy-o-osobie-ktora-przypisuje-sobie-tego-rodzaju-laski\\\/\"},\"author\":{\"name\":\"Traditio et Fides\",\"@id\":\"https:\\\/\\\/wobronietradycjiiwiary.com\\\/pl\\\/#\\\/schema\\\/person\\\/2d6180ce6abcb681fef0daab7816e8f3\"},\"headline\":\"Poulain SJ: Rozdzia\u0142 XXII. Objawienia i wizje (32). \u00a7 2. Siedem rodzaj\u00f3w wiadomo\u015bci, jakie zdoby\u0107 nale\u017cy o osobie, kt\u00f3ra przypisuje sobie tego rodzaju \u0142aski.\",\"datePublished\":\"2020-04-03T06:00:53+00:00\",\"dateModified\":\"2025-02-07T14:48:15+00:00\",\"mainEntityOfPage\":{\"@id\":\"https:\\\/\\\/wobronietradycjiiwiary.com\\\/poulain-sj-rozdzial-xxii-objawienia-i-wizje-32-%c2%a7-2-siedem-rodzajow-wiadomosci-jakie-zdobyc-nalezy-o-osobie-ktora-przypisuje-sobie-tego-rodzaju-laski\\\/\"},\"wordCount\":622,\"publisher\":{\"@id\":\"https:\\\/\\\/wobronietradycjiiwiary.com\\\/pl\\\/#organization\"},\"image\":{\"@id\":\"https:\\\/\\\/wobronietradycjiiwiary.com\\\/poulain-sj-rozdzial-xxii-objawienia-i-wizje-32-%c2%a7-2-siedem-rodzajow-wiadomosci-jakie-zdobyc-nalezy-o-osobie-ktora-przypisuje-sobie-tego-rodzaju-laski\\\/#primaryimage\"},\"thumbnailUrl\":\"https:\\\/\\\/wobronietradycjiiwiary.com\\\/wp-content\\\/uploads\\\/2019\\\/10\\\/peter-paul-rubens-die-wunder-des-hl-ignatius-von-loyola.jpg\",\"keywords\":[\"Kryteria objawie\u0144 prywatnych\",\"o. Poulain SJ\",\"o. Poulain SJ objawienia i wizje\",\"objawienia i wizje\",\"oszukanie przez z\u0142ego ducha\",\"Restricted\"],\"articleSection\":[\"Autorzy \u017cycia duchowego\",\"Duchowo\u015b\u0107\",\"Kryteria og\u00f3lne\",\"o. Augustin Poulain SJ - \\\"\u0141aski modlitwy w Chrystusie Odkupicielu\\\"\",\"o. Augustin Poulain SJ pdf\",\"Poulain - Objawienia i wizje\",\"Poulain - Osoba wizjonera\"],\"inLanguage\":\"pl-PL\"},{\"@type\":\"WebPage\",\"@id\":\"https:\\\/\\\/wobronietradycjiiwiary.com\\\/poulain-sj-rozdzial-xxii-objawienia-i-wizje-32-%c2%a7-2-siedem-rodzajow-wiadomosci-jakie-zdobyc-nalezy-o-osobie-ktora-przypisuje-sobie-tego-rodzaju-laski\\\/\",\"url\":\"https:\\\/\\\/wobronietradycjiiwiary.com\\\/poulain-sj-rozdzial-xxii-objawienia-i-wizje-32-%c2%a7-2-siedem-rodzajow-wiadomosci-jakie-zdobyc-nalezy-o-osobie-ktora-przypisuje-sobie-tego-rodzaju-laski\\\/\",\"name\":\"Poulain SJ: Rozdzia\u0142 XXII. Objawienia i wizje (32). \u00a7 2. Siedem rodzaj\u00f3w wiadomo\u015bci, jakie zdoby\u0107 nale\u017cy o osobie, kt\u00f3ra przypisuje sobie tego rodzaju \u0142aski. - Tradycja i Wiara\",\"isPartOf\":{\"@id\":\"https:\\\/\\\/wobronietradycjiiwiary.com\\\/pl\\\/#website\"},\"primaryImageOfPage\":{\"@id\":\"https:\\\/\\\/wobronietradycjiiwiary.com\\\/poulain-sj-rozdzial-xxii-objawienia-i-wizje-32-%c2%a7-2-siedem-rodzajow-wiadomosci-jakie-zdobyc-nalezy-o-osobie-ktora-przypisuje-sobie-tego-rodzaju-laski\\\/#primaryimage\"},\"image\":{\"@id\":\"https:\\\/\\\/wobronietradycjiiwiary.com\\\/poulain-sj-rozdzial-xxii-objawienia-i-wizje-32-%c2%a7-2-siedem-rodzajow-wiadomosci-jakie-zdobyc-nalezy-o-osobie-ktora-przypisuje-sobie-tego-rodzaju-laski\\\/#primaryimage\"},\"thumbnailUrl\":\"https:\\\/\\\/wobronietradycjiiwiary.com\\\/wp-content\\\/uploads\\\/2019\\\/10\\\/peter-paul-rubens-die-wunder-des-hl-ignatius-von-loyola.jpg\",\"datePublished\":\"2020-04-03T06:00:53+00:00\",\"dateModified\":\"2025-02-07T14:48:15+00:00\",\"description\":\"Poulain SJ: Rozdzia\u0142 XXII. Objawienia i wizje (32). \u00a7 2. Siedem rodzaj\u00f3w wiadomo\u015bci, jakie zdoby\u0107 nale\u017cy o osobie, kt\u00f3ra przypisuje sobie tego rodzaju \u0142aski. oszustwo z\u0142y duch pseudomistyka\",\"breadcrumb\":{\"@id\":\"https:\\\/\\\/wobronietradycjiiwiary.com\\\/poulain-sj-rozdzial-xxii-objawienia-i-wizje-32-%c2%a7-2-siedem-rodzajow-wiadomosci-jakie-zdobyc-nalezy-o-osobie-ktora-przypisuje-sobie-tego-rodzaju-laski\\\/#breadcrumb\"},\"inLanguage\":\"pl-PL\",\"potentialAction\":[{\"@type\":\"ReadAction\",\"target\":[\"https:\\\/\\\/wobronietradycjiiwiary.com\\\/poulain-sj-rozdzial-xxii-objawienia-i-wizje-32-%c2%a7-2-siedem-rodzajow-wiadomosci-jakie-zdobyc-nalezy-o-osobie-ktora-przypisuje-sobie-tego-rodzaju-laski\\\/\"]}]},{\"@type\":\"ImageObject\",\"inLanguage\":\"pl-PL\",\"@id\":\"https:\\\/\\\/wobronietradycjiiwiary.com\\\/poulain-sj-rozdzial-xxii-objawienia-i-wizje-32-%c2%a7-2-siedem-rodzajow-wiadomosci-jakie-zdobyc-nalezy-o-osobie-ktora-przypisuje-sobie-tego-rodzaju-laski\\\/#primaryimage\",\"url\":\"https:\\\/\\\/wobronietradycjiiwiary.com\\\/wp-content\\\/uploads\\\/2019\\\/10\\\/peter-paul-rubens-die-wunder-des-hl-ignatius-von-loyola.jpg\",\"contentUrl\":\"https:\\\/\\\/wobronietradycjiiwiary.com\\\/wp-content\\\/uploads\\\/2019\\\/10\\\/peter-paul-rubens-die-wunder-des-hl-ignatius-von-loyola.jpg\",\"width\":1139,\"height\":1539},{\"@type\":\"BreadcrumbList\",\"@id\":\"https:\\\/\\\/wobronietradycjiiwiary.com\\\/poulain-sj-rozdzial-xxii-objawienia-i-wizje-32-%c2%a7-2-siedem-rodzajow-wiadomosci-jakie-zdobyc-nalezy-o-osobie-ktora-przypisuje-sobie-tego-rodzaju-laski\\\/#breadcrumb\",\"itemListElement\":[{\"@type\":\"ListItem\",\"position\":1,\"name\":\"Strona g\u0142\u00f3wna\",\"item\":\"https:\\\/\\\/wobronietradycjiiwiary.com\\\/\"},{\"@type\":\"ListItem\",\"position\":2,\"name\":\"Poulain SJ: Rozdzia\u0142 XXII. Objawienia i wizje (32). \u00a7 2. Siedem rodzaj\u00f3w wiadomo\u015bci, jakie zdoby\u0107 nale\u017cy o osobie, kt\u00f3ra przypisuje sobie tego rodzaju \u0142aski.\"}]},{\"@type\":\"WebSite\",\"@id\":\"https:\\\/\\\/wobronietradycjiiwiary.com\\\/pl\\\/#website\",\"url\":\"https:\\\/\\\/wobronietradycjiiwiary.com\\\/pl\\\/\",\"name\":\"Tradycja i Wiara\",\"description\":\"Portal dla katolik\u00f3w.\",\"publisher\":{\"@id\":\"https:\\\/\\\/wobronietradycjiiwiary.com\\\/pl\\\/#organization\"},\"potentialAction\":[{\"@type\":\"SearchAction\",\"target\":{\"@type\":\"EntryPoint\",\"urlTemplate\":\"https:\\\/\\\/wobronietradycjiiwiary.com\\\/pl\\\/?s={search_term_string}\"},\"query-input\":{\"@type\":\"PropertyValueSpecification\",\"valueRequired\":true,\"valueName\":\"search_term_string\"}}],\"inLanguage\":\"pl-PL\"},{\"@type\":\"Organization\",\"@id\":\"https:\\\/\\\/wobronietradycjiiwiary.com\\\/pl\\\/#organization\",\"name\":\"Tradycja i Wiara\",\"url\":\"https:\\\/\\\/wobronietradycjiiwiary.com\\\/pl\\\/\",\"logo\":{\"@type\":\"ImageObject\",\"inLanguage\":\"pl-PL\",\"@id\":\"https:\\\/\\\/wobronietradycjiiwiary.com\\\/pl\\\/#\\\/schema\\\/logo\\\/image\\\/\",\"url\":\"https:\\\/\\\/i0.wp.com\\\/wobronietradycjiiwiary.com\\\/wp-content\\\/uploads\\\/2015\\\/10\\\/cropped-st-peters-dome-vatican.jpg?fit=940%2C198&ssl=1\",\"contentUrl\":\"https:\\\/\\\/i0.wp.com\\\/wobronietradycjiiwiary.com\\\/wp-content\\\/uploads\\\/2015\\\/10\\\/cropped-st-peters-dome-vatican.jpg?fit=940%2C198&ssl=1\",\"width\":940,\"height\":198,\"caption\":\"Tradycja i Wiara\"},\"image\":{\"@id\":\"https:\\\/\\\/wobronietradycjiiwiary.com\\\/pl\\\/#\\\/schema\\\/logo\\\/image\\\/\"},\"sameAs\":[\"https:\\\/\\\/www.facebook.com\\\/Tradycja-i-Wiara-108813920592249\"]},{\"@type\":\"Person\",\"@id\":\"https:\\\/\\\/wobronietradycjiiwiary.com\\\/pl\\\/#\\\/schema\\\/person\\\/2d6180ce6abcb681fef0daab7816e8f3\",\"name\":\"Traditio et Fides\",\"sameAs\":[\"https:\\\/\\\/traditionundglauben.com\"],\"url\":\"https:\\\/\\\/wobronietradycjiiwiary.com\\\/pl\\\/author\\\/wobronietradycjiiwiary\\\/\"}]}<\/script>\n<!-- \/ Yoast SEO plugin. -->","yoast_head_json":{"title":"Poulain SJ: Rozdzia\u0142 XXII. Objawienia i wizje (32). \u00a7 2. Siedem rodzaj\u00f3w wiadomo\u015bci, jakie zdoby\u0107 nale\u017cy o osobie, kt\u00f3ra przypisuje sobie tego rodzaju \u0142aski. - Tradycja i Wiara","description":"Poulain SJ: Rozdzia\u0142 XXII. Objawienia i wizje (32). \u00a7 2. Siedem rodzaj\u00f3w wiadomo\u015bci, jakie zdoby\u0107 nale\u017cy o osobie, kt\u00f3ra przypisuje sobie tego rodzaju \u0142aski. oszustwo z\u0142y duch pseudomistyka","robots":{"index":"index","follow":"follow","max-snippet":"max-snippet:-1","max-image-preview":"max-image-preview:large","max-video-preview":"max-video-preview:-1"},"canonical":"https:\/\/wobronietradycjiiwiary.com\/pl\/poulain-sj-rozdzial-xxii-objawienia-i-wizje-32-\u00a7-2-siedem-rodzajow-wiadomosci-jakie-zdobyc-nalezy-o-osobie-ktora-przypisuje-sobie-tego-rodzaju-laski\/","og_locale":"pl_PL","og_type":"article","og_title":"Poulain SJ: Rozdzia\u0142 XXII. Objawienia i wizje (32). \u00a7 2. Siedem rodzaj\u00f3w wiadomo\u015bci, jakie zdoby\u0107 nale\u017cy o osobie, kt\u00f3ra przypisuje sobie tego rodzaju \u0142aski. - Tradycja i Wiara","og_description":"Poulain SJ: Rozdzia\u0142 XXII. Objawienia i wizje (32). \u00a7 2. Siedem rodzaj\u00f3w wiadomo\u015bci, jakie zdoby\u0107 nale\u017cy o osobie, kt\u00f3ra przypisuje sobie tego rodzaju \u0142aski. oszustwo z\u0142y duch pseudomistyka","og_url":"https:\/\/wobronietradycjiiwiary.com\/pl\/poulain-sj-rozdzial-xxii-objawienia-i-wizje-32-\u00a7-2-siedem-rodzajow-wiadomosci-jakie-zdobyc-nalezy-o-osobie-ktora-przypisuje-sobie-tego-rodzaju-laski\/","og_site_name":"Tradycja i Wiara","article_publisher":"https:\/\/www.facebook.com\/Tradycja-i-Wiara-108813920592249","article_published_time":"2020-04-03T06:00:53+00:00","article_modified_time":"2025-02-07T14:48:15+00:00","og_image":[{"width":1139,"height":1539,"url":"https:\/\/wobronietradycjiiwiary.com\/wp-content\/uploads\/2019\/10\/peter-paul-rubens-die-wunder-des-hl-ignatius-von-loyola.jpg","type":"image\/jpeg"}],"author":"Traditio et Fides","twitter_card":"summary_large_image","twitter_misc":{"Napisane przez":"Traditio et Fides","Szacowany czas czytania":"3 minuty"},"schema":{"@context":"https:\/\/schema.org","@graph":[{"@type":"Article","@id":"https:\/\/wobronietradycjiiwiary.com\/poulain-sj-rozdzial-xxii-objawienia-i-wizje-32-%c2%a7-2-siedem-rodzajow-wiadomosci-jakie-zdobyc-nalezy-o-osobie-ktora-przypisuje-sobie-tego-rodzaju-laski\/#article","isPartOf":{"@id":"https:\/\/wobronietradycjiiwiary.com\/poulain-sj-rozdzial-xxii-objawienia-i-wizje-32-%c2%a7-2-siedem-rodzajow-wiadomosci-jakie-zdobyc-nalezy-o-osobie-ktora-przypisuje-sobie-tego-rodzaju-laski\/"},"author":{"name":"Traditio et Fides","@id":"https:\/\/wobronietradycjiiwiary.com\/pl\/#\/schema\/person\/2d6180ce6abcb681fef0daab7816e8f3"},"headline":"Poulain SJ: Rozdzia\u0142 XXII. Objawienia i wizje (32). \u00a7 2. Siedem rodzaj\u00f3w wiadomo\u015bci, jakie zdoby\u0107 nale\u017cy o osobie, kt\u00f3ra przypisuje sobie tego rodzaju \u0142aski.","datePublished":"2020-04-03T06:00:53+00:00","dateModified":"2025-02-07T14:48:15+00:00","mainEntityOfPage":{"@id":"https:\/\/wobronietradycjiiwiary.com\/poulain-sj-rozdzial-xxii-objawienia-i-wizje-32-%c2%a7-2-siedem-rodzajow-wiadomosci-jakie-zdobyc-nalezy-o-osobie-ktora-przypisuje-sobie-tego-rodzaju-laski\/"},"wordCount":622,"publisher":{"@id":"https:\/\/wobronietradycjiiwiary.com\/pl\/#organization"},"image":{"@id":"https:\/\/wobronietradycjiiwiary.com\/poulain-sj-rozdzial-xxii-objawienia-i-wizje-32-%c2%a7-2-siedem-rodzajow-wiadomosci-jakie-zdobyc-nalezy-o-osobie-ktora-przypisuje-sobie-tego-rodzaju-laski\/#primaryimage"},"thumbnailUrl":"https:\/\/wobronietradycjiiwiary.com\/wp-content\/uploads\/2019\/10\/peter-paul-rubens-die-wunder-des-hl-ignatius-von-loyola.jpg","keywords":["Kryteria objawie\u0144 prywatnych","o. Poulain SJ","o. Poulain SJ objawienia i wizje","objawienia i wizje","oszukanie przez z\u0142ego ducha","Restricted"],"articleSection":["Autorzy \u017cycia duchowego","Duchowo\u015b\u0107","Kryteria og\u00f3lne","o. Augustin Poulain SJ - \"\u0141aski modlitwy w Chrystusie Odkupicielu\"","o. Augustin Poulain SJ pdf","Poulain - Objawienia i wizje","Poulain - Osoba wizjonera"],"inLanguage":"pl-PL"},{"@type":"WebPage","@id":"https:\/\/wobronietradycjiiwiary.com\/poulain-sj-rozdzial-xxii-objawienia-i-wizje-32-%c2%a7-2-siedem-rodzajow-wiadomosci-jakie-zdobyc-nalezy-o-osobie-ktora-przypisuje-sobie-tego-rodzaju-laski\/","url":"https:\/\/wobronietradycjiiwiary.com\/poulain-sj-rozdzial-xxii-objawienia-i-wizje-32-%c2%a7-2-siedem-rodzajow-wiadomosci-jakie-zdobyc-nalezy-o-osobie-ktora-przypisuje-sobie-tego-rodzaju-laski\/","name":"Poulain SJ: Rozdzia\u0142 XXII. Objawienia i wizje (32). \u00a7 2. Siedem rodzaj\u00f3w wiadomo\u015bci, jakie zdoby\u0107 nale\u017cy o osobie, kt\u00f3ra przypisuje sobie tego rodzaju \u0142aski. - Tradycja i Wiara","isPartOf":{"@id":"https:\/\/wobronietradycjiiwiary.com\/pl\/#website"},"primaryImageOfPage":{"@id":"https:\/\/wobronietradycjiiwiary.com\/poulain-sj-rozdzial-xxii-objawienia-i-wizje-32-%c2%a7-2-siedem-rodzajow-wiadomosci-jakie-zdobyc-nalezy-o-osobie-ktora-przypisuje-sobie-tego-rodzaju-laski\/#primaryimage"},"image":{"@id":"https:\/\/wobronietradycjiiwiary.com\/poulain-sj-rozdzial-xxii-objawienia-i-wizje-32-%c2%a7-2-siedem-rodzajow-wiadomosci-jakie-zdobyc-nalezy-o-osobie-ktora-przypisuje-sobie-tego-rodzaju-laski\/#primaryimage"},"thumbnailUrl":"https:\/\/wobronietradycjiiwiary.com\/wp-content\/uploads\/2019\/10\/peter-paul-rubens-die-wunder-des-hl-ignatius-von-loyola.jpg","datePublished":"2020-04-03T06:00:53+00:00","dateModified":"2025-02-07T14:48:15+00:00","description":"Poulain SJ: Rozdzia\u0142 XXII. Objawienia i wizje (32). \u00a7 2. Siedem rodzaj\u00f3w wiadomo\u015bci, jakie zdoby\u0107 nale\u017cy o osobie, kt\u00f3ra przypisuje sobie tego rodzaju \u0142aski. oszustwo z\u0142y duch pseudomistyka","breadcrumb":{"@id":"https:\/\/wobronietradycjiiwiary.com\/poulain-sj-rozdzial-xxii-objawienia-i-wizje-32-%c2%a7-2-siedem-rodzajow-wiadomosci-jakie-zdobyc-nalezy-o-osobie-ktora-przypisuje-sobie-tego-rodzaju-laski\/#breadcrumb"},"inLanguage":"pl-PL","potentialAction":[{"@type":"ReadAction","target":["https:\/\/wobronietradycjiiwiary.com\/poulain-sj-rozdzial-xxii-objawienia-i-wizje-32-%c2%a7-2-siedem-rodzajow-wiadomosci-jakie-zdobyc-nalezy-o-osobie-ktora-przypisuje-sobie-tego-rodzaju-laski\/"]}]},{"@type":"ImageObject","inLanguage":"pl-PL","@id":"https:\/\/wobronietradycjiiwiary.com\/poulain-sj-rozdzial-xxii-objawienia-i-wizje-32-%c2%a7-2-siedem-rodzajow-wiadomosci-jakie-zdobyc-nalezy-o-osobie-ktora-przypisuje-sobie-tego-rodzaju-laski\/#primaryimage","url":"https:\/\/wobronietradycjiiwiary.com\/wp-content\/uploads\/2019\/10\/peter-paul-rubens-die-wunder-des-hl-ignatius-von-loyola.jpg","contentUrl":"https:\/\/wobronietradycjiiwiary.com\/wp-content\/uploads\/2019\/10\/peter-paul-rubens-die-wunder-des-hl-ignatius-von-loyola.jpg","width":1139,"height":1539},{"@type":"BreadcrumbList","@id":"https:\/\/wobronietradycjiiwiary.com\/poulain-sj-rozdzial-xxii-objawienia-i-wizje-32-%c2%a7-2-siedem-rodzajow-wiadomosci-jakie-zdobyc-nalezy-o-osobie-ktora-przypisuje-sobie-tego-rodzaju-laski\/#breadcrumb","itemListElement":[{"@type":"ListItem","position":1,"name":"Strona g\u0142\u00f3wna","item":"https:\/\/wobronietradycjiiwiary.com\/"},{"@type":"ListItem","position":2,"name":"Poulain SJ: Rozdzia\u0142 XXII. Objawienia i wizje (32). \u00a7 2. Siedem rodzaj\u00f3w wiadomo\u015bci, jakie zdoby\u0107 nale\u017cy o osobie, kt\u00f3ra przypisuje sobie tego rodzaju \u0142aski."}]},{"@type":"WebSite","@id":"https:\/\/wobronietradycjiiwiary.com\/pl\/#website","url":"https:\/\/wobronietradycjiiwiary.com\/pl\/","name":"Tradycja i Wiara","description":"Portal dla katolik\u00f3w.","publisher":{"@id":"https:\/\/wobronietradycjiiwiary.com\/pl\/#organization"},"potentialAction":[{"@type":"SearchAction","target":{"@type":"EntryPoint","urlTemplate":"https:\/\/wobronietradycjiiwiary.com\/pl\/?s={search_term_string}"},"query-input":{"@type":"PropertyValueSpecification","valueRequired":true,"valueName":"search_term_string"}}],"inLanguage":"pl-PL"},{"@type":"Organization","@id":"https:\/\/wobronietradycjiiwiary.com\/pl\/#organization","name":"Tradycja i Wiara","url":"https:\/\/wobronietradycjiiwiary.com\/pl\/","logo":{"@type":"ImageObject","inLanguage":"pl-PL","@id":"https:\/\/wobronietradycjiiwiary.com\/pl\/#\/schema\/logo\/image\/","url":"https:\/\/i0.wp.com\/wobronietradycjiiwiary.com\/wp-content\/uploads\/2015\/10\/cropped-st-peters-dome-vatican.jpg?fit=940%2C198&ssl=1","contentUrl":"https:\/\/i0.wp.com\/wobronietradycjiiwiary.com\/wp-content\/uploads\/2015\/10\/cropped-st-peters-dome-vatican.jpg?fit=940%2C198&ssl=1","width":940,"height":198,"caption":"Tradycja i Wiara"},"image":{"@id":"https:\/\/wobronietradycjiiwiary.com\/pl\/#\/schema\/logo\/image\/"},"sameAs":["https:\/\/www.facebook.com\/Tradycja-i-Wiara-108813920592249"]},{"@type":"Person","@id":"https:\/\/wobronietradycjiiwiary.com\/pl\/#\/schema\/person\/2d6180ce6abcb681fef0daab7816e8f3","name":"Traditio et Fides","sameAs":["https:\/\/traditionundglauben.com"],"url":"https:\/\/wobronietradycjiiwiary.com\/pl\/author\/wobronietradycjiiwiary\/"}]}},"jetpack_publicize_connections":[],"jetpack_sharing_enabled":true,"jetpack_likes_enabled":true,"jetpack_shortlink":"https:\/\/wp.me\/pc04Sd-74G","jetpack-related-posts":[{"id":26486,"url":"https:\/\/wobronietradycjiiwiary.com\/pl\/poulain-sj-rozdzial-xxii-objawienia-i-wizje-25-%c2%a7-1-cechy-prawdziwych-i-falszywych-objawien-proces-dowodowy\/","url_meta":{"origin":27198,"position":0},"title":"Poulain SJ: Rozdzia\u0142 XXII. Objawienia i wizje (25). \u00a7 1. Cechy prawdziwych i fa\u0142szywych objawie\u0144. Proces dowodowy.","author":"Traditio et Fides","date":"14 lutego 2020","format":false,"excerpt":"6. Ca\u0142y proces os\u0105dzania objawie\u0144 i wizji zamyka si\u0119 w tych trzech czynno\u015bciach, kt\u00f3re b\u0119dziemy rozpatrywa\u0107 osobno: zebranie szczeg\u00f3\u0142owych informacji o osobie, kt\u00f3ra mia\u0142a otrzyma\u0107 te \u0142aski; zebranie dok\u0142adnych wiadomo\u015bci o samym fakcie objawienia; wyci\u0105gni\u0119cie w\u0142a\u015bciwych wniosk\u00f3w z powy\u017cszych danych. Niekiedy dla udowodnienia, \u017ce jakie\u015b objawienie jest Bo\u017ce, u\u017cywa si\u0119\u2026","rel":"","context":"W \u201eAutorzy \u017cycia duchowego&quot;","block_context":{"text":"Autorzy \u017cycia duchowego","link":"https:\/\/wobronietradycjiiwiary.com\/pl\/category\/duchowosc\/autorzy\/"},"img":{"alt_text":"","src":"https:\/\/i0.wp.com\/wobronietradycjiiwiary.com\/wp-content\/uploads\/2019\/10\/peter-paul-rubens-die-wunder-des-hl-ignatius-von-loyola.jpg?resize=350%2C200&ssl=1","width":350,"height":200,"srcset":"https:\/\/i0.wp.com\/wobronietradycjiiwiary.com\/wp-content\/uploads\/2019\/10\/peter-paul-rubens-die-wunder-des-hl-ignatius-von-loyola.jpg?resize=350%2C200&ssl=1 1x, https:\/\/i0.wp.com\/wobronietradycjiiwiary.com\/wp-content\/uploads\/2019\/10\/peter-paul-rubens-die-wunder-des-hl-ignatius-von-loyola.jpg?resize=525%2C300&ssl=1 1.5x, https:\/\/i0.wp.com\/wobronietradycjiiwiary.com\/wp-content\/uploads\/2019\/10\/peter-paul-rubens-die-wunder-des-hl-ignatius-von-loyola.jpg?resize=700%2C400&ssl=1 2x, https:\/\/i0.wp.com\/wobronietradycjiiwiary.com\/wp-content\/uploads\/2019\/10\/peter-paul-rubens-die-wunder-des-hl-ignatius-von-loyola.jpg?resize=1050%2C600&ssl=1 3x"},"classes":[]},{"id":26516,"url":"https:\/\/wobronietradycjiiwiary.com\/pl\/objawienia-a-predyspozycje-naturalne\/","url_meta":{"origin":27198,"position":1},"title":"Objawienia a predyspozycje naturalne","author":"Traditio et Fides","date":"28 lutego 2020","format":false,"excerpt":"Zwykle jest tak, \u017ce kto\u015b ma swoje ulubione objawienia prywatne, na kt\u00f3rych si\u0119 jej lub jego katolicyzm zasadza, a zakwestionowanie ich boskiego pochodzenia r\u00f3wna si\u0119 zniszczeniu czyjej\u015b wiary. Nie w Boga, ale w objawienia prywatne co prawda, czego niestety nie ka\u017cdy rozr\u00f3\u017cnia. Dlatego tak wa\u017cne jest rozr\u00f3\u017cnienie, czy dana osoba\u2026","rel":"","context":"W \u201eAutorzy \u017cycia duchowego&quot;","block_context":{"text":"Autorzy \u017cycia duchowego","link":"https:\/\/wobronietradycjiiwiary.com\/pl\/category\/duchowosc\/autorzy\/"},"img":{"alt_text":"","src":"","width":0,"height":0},"classes":[]},{"id":26282,"url":"https:\/\/wobronietradycjiiwiary.com\/pl\/poulain-przepowiednie-polityczne\/","url_meta":{"origin":27198,"position":2},"title":"Poulain &#8211; Przepowiednie polityczne","author":"Traditio et Fides","date":"24 stycznia 2020","format":false,"excerpt":"Jak podaje o. Poulain SJ przepowiednie polityczne zawieraj\u0105 sta\u0142e elementy jak: zapowied\u017a wielkiego nieszcz\u0119\u015bcia lub nadzwyczajnych \u0142ask bierno\u015b\u0107 oczekiwania cudu Zatem wszystko to, co znamy z objawie\u0144 prywatnych np. Marii od Mi\u0142osierdzia czy innych. Tak\u017ce oczekiwanie zwolennik\u00f3w Fatimy na \"Triumf Niepokalanego Serca\", kt\u00f3ry zmiecie Bergoglio z powierzchni ziemi wydaje nam\u2026","rel":"","context":"W \u201eAutorzy \u017cycia duchowego&quot;","block_context":{"text":"Autorzy \u017cycia duchowego","link":"https:\/\/wobronietradycjiiwiary.com\/pl\/category\/duchowosc\/autorzy\/"},"img":{"alt_text":"","src":"https:\/\/i0.wp.com\/wobronietradycjiiwiary.com\/wp-content\/uploads\/2020\/01\/Bastille1-BM-Berlin-Rom-jpg.jpg?resize=350%2C200&ssl=1","width":350,"height":200,"srcset":"https:\/\/i0.wp.com\/wobronietradycjiiwiary.com\/wp-content\/uploads\/2020\/01\/Bastille1-BM-Berlin-Rom-jpg.jpg?resize=350%2C200&ssl=1 1x, https:\/\/i0.wp.com\/wobronietradycjiiwiary.com\/wp-content\/uploads\/2020\/01\/Bastille1-BM-Berlin-Rom-jpg.jpg?resize=525%2C300&ssl=1 1.5x, https:\/\/i0.wp.com\/wobronietradycjiiwiary.com\/wp-content\/uploads\/2020\/01\/Bastille1-BM-Berlin-Rom-jpg.jpg?resize=700%2C400&ssl=1 2x"},"classes":[]},{"id":26266,"url":"https:\/\/wobronietradycjiiwiary.com\/pl\/poulain-sj-rozdzial-xxii-objawienia-i-wizje-23-%c2%a7-1-cechy-prawdziwych-i-falszywych-objawien\/","url_meta":{"origin":27198,"position":3},"title":"Poulain SJ: Rozdzia\u0142 XXII. Objawienia i wizje (23). \u00a7 1. Cechy prawdziwych i fa\u0142szywych objawie\u0144.","author":"Traditio et Fides","date":"31 stycznia 2020","format":false,"excerpt":"1. Zbadajmy najpierw t\u0119 kwestie: czy mo\u017cna kiedykolwiek mie\u0107 moraln\u0105 pewno\u015b\u0107, \u017ce jakie\u015b objawienie jest wy\u0142\u0105cznie Bo\u017ce? Trzeba tu odpowiedzie\u0107 twierdz\u0105co, mimo wielu \u017ar\u00f3de\u0142 b\u0142\u0119du, o kt\u00f3rych m\u00f3wili\u015bmy poprzednio. 2. Bo najpierw B\u00f3g mo\u017ce, je\u017celi zechce, da\u0107 zupe\u0142n\u0105 pewno\u015b\u0107 samej osobie, kt\u00f3ra objawienie otrzymuje, przynajmniej w czasie jego trwania. Daje\u2026","rel":"","context":"W \u201eAutorzy \u017cycia duchowego&quot;","block_context":{"text":"Autorzy \u017cycia duchowego","link":"https:\/\/wobronietradycjiiwiary.com\/pl\/category\/duchowosc\/autorzy\/"},"img":{"alt_text":"","src":"https:\/\/i0.wp.com\/wobronietradycjiiwiary.com\/wp-content\/uploads\/2019\/10\/peter-paul-rubens-die-wunder-des-hl-ignatius-von-loyola.jpg?resize=350%2C200&ssl=1","width":350,"height":200,"srcset":"https:\/\/i0.wp.com\/wobronietradycjiiwiary.com\/wp-content\/uploads\/2019\/10\/peter-paul-rubens-die-wunder-des-hl-ignatius-von-loyola.jpg?resize=350%2C200&ssl=1 1x, https:\/\/i0.wp.com\/wobronietradycjiiwiary.com\/wp-content\/uploads\/2019\/10\/peter-paul-rubens-die-wunder-des-hl-ignatius-von-loyola.jpg?resize=525%2C300&ssl=1 1.5x, https:\/\/i0.wp.com\/wobronietradycjiiwiary.com\/wp-content\/uploads\/2019\/10\/peter-paul-rubens-die-wunder-des-hl-ignatius-von-loyola.jpg?resize=700%2C400&ssl=1 2x, https:\/\/i0.wp.com\/wobronietradycjiiwiary.com\/wp-content\/uploads\/2019\/10\/peter-paul-rubens-die-wunder-des-hl-ignatius-von-loyola.jpg?resize=1050%2C600&ssl=1 3x"},"classes":[]},{"id":25581,"url":"https:\/\/wobronietradycjiiwiary.com\/pl\/poulain-sj-rozdzial-xx-objawienia-i-wizje-19-2-piec-przyczyn-objawien-calkiem-falszywych-czwarta-przyczyna-falszu-zly-duch\/","url_meta":{"origin":27198,"position":4},"title":"Poulain SJ: Rozdzia\u0142 XX. Objawienia i wizje (19). \u00a7 2. Pi\u0119\u0107 przyczyn objawie\u0144 ca\u0142kiem fa\u0142szywych. Czwarta przyczyna fa\u0142szu. Z\u0142y duch.","author":"Prospector Veritatis","date":"3 stycznia 2020","format":false,"excerpt":"40. Czwarta przyczyna fa\u0142szu: Z\u0142y duch mo\u017ce stwarza\u0107 fa\u0142szywe objawienia czy wizje. Jego dzia\u0142anie da si\u0119 niekiedy stwierdzi\u0107 z samych okoliczno\u015bci wizji (zob. rozdzia\u0142 nast\u0119pny) Mo\u017ce on te\u017c wywo\u0142a\u0107 odej\u015bcie od zmys\u0142\u00f3w, maj\u0105ce pozorowa\u0107 ekstaz\u0119. Musi to by\u0107 jednak bardzo rzadki, wypadek, skoro nie przytacza si\u0119 tu \u017cadnych pewnych przyk\u0142ad\u00f3w.\u2026","rel":"","context":"W \u201eAutorzy \u017cycia duchowego&quot;","block_context":{"text":"Autorzy \u017cycia duchowego","link":"https:\/\/wobronietradycjiiwiary.com\/pl\/category\/duchowosc\/autorzy\/"},"img":{"alt_text":"","src":"https:\/\/i0.wp.com\/wobronietradycjiiwiary.com\/wp-content\/uploads\/2019\/10\/peter-paul-rubens-die-wunder-des-hl-ignatius-von-loyola.jpg?resize=350%2C200&ssl=1","width":350,"height":200,"srcset":"https:\/\/i0.wp.com\/wobronietradycjiiwiary.com\/wp-content\/uploads\/2019\/10\/peter-paul-rubens-die-wunder-des-hl-ignatius-von-loyola.jpg?resize=350%2C200&ssl=1 1x, https:\/\/i0.wp.com\/wobronietradycjiiwiary.com\/wp-content\/uploads\/2019\/10\/peter-paul-rubens-die-wunder-des-hl-ignatius-von-loyola.jpg?resize=525%2C300&ssl=1 1.5x, https:\/\/i0.wp.com\/wobronietradycjiiwiary.com\/wp-content\/uploads\/2019\/10\/peter-paul-rubens-die-wunder-des-hl-ignatius-von-loyola.jpg?resize=700%2C400&ssl=1 2x, https:\/\/i0.wp.com\/wobronietradycjiiwiary.com\/wp-content\/uploads\/2019\/10\/peter-paul-rubens-die-wunder-des-hl-ignatius-von-loyola.jpg?resize=1050%2C600&ssl=1 3x"},"classes":[]},{"id":26473,"url":"https:\/\/wobronietradycjiiwiary.com\/pl\/poulain-sj-rozdzial-xxii-objawienia-i-wizje-24-%c2%a7-1-cechy-prawdziwych-i-falszywych-objawien\/","url_meta":{"origin":27198,"position":5},"title":"Poulain SJ: Rozdzia\u0142 XXII. Objawienia i wizje (24). \u00a7 1. Cechy prawdziwych i fa\u0142szywych objawie\u0144. Cud","author":"Traditio et Fides","date":"7 lutego 2020","format":false,"excerpt":"4. Dowodem niezbitym Boskiego objawienia b\u0119dzie cud [1], je\u017celi dokonany jest w tej intencji. \u017ceby je potwierdzi\u0107, albo gdy okoliczno\u015bci za tym przemawiaj\u0105. R\u00f3wnie\u017c proroctwo faktycznie spe\u0142nione mo\u017ce odegra\u0107 tak\u0105 sam\u0105 rol\u0119 jak cud, byleby by\u0142o z g\u00f3ry og\u0142oszone i wykluczony by\u0142 przypadek czy podst\u0119p diabelski. Poza tymi dwoma, do\u015b\u0107\u2026","rel":"","context":"W \u201eAutorzy \u017cycia duchowego&quot;","block_context":{"text":"Autorzy \u017cycia duchowego","link":"https:\/\/wobronietradycjiiwiary.com\/pl\/category\/duchowosc\/autorzy\/"},"img":{"alt_text":"","src":"https:\/\/i0.wp.com\/wobronietradycjiiwiary.com\/wp-content\/uploads\/2019\/10\/peter-paul-rubens-die-wunder-des-hl-ignatius-von-loyola.jpg?resize=350%2C200&ssl=1","width":350,"height":200,"srcset":"https:\/\/i0.wp.com\/wobronietradycjiiwiary.com\/wp-content\/uploads\/2019\/10\/peter-paul-rubens-die-wunder-des-hl-ignatius-von-loyola.jpg?resize=350%2C200&ssl=1 1x, https:\/\/i0.wp.com\/wobronietradycjiiwiary.com\/wp-content\/uploads\/2019\/10\/peter-paul-rubens-die-wunder-des-hl-ignatius-von-loyola.jpg?resize=525%2C300&ssl=1 1.5x, https:\/\/i0.wp.com\/wobronietradycjiiwiary.com\/wp-content\/uploads\/2019\/10\/peter-paul-rubens-die-wunder-des-hl-ignatius-von-loyola.jpg?resize=700%2C400&ssl=1 2x, https:\/\/i0.wp.com\/wobronietradycjiiwiary.com\/wp-content\/uploads\/2019\/10\/peter-paul-rubens-die-wunder-des-hl-ignatius-von-loyola.jpg?resize=1050%2C600&ssl=1 3x"},"classes":[]}],"amp_enabled":true,"jetpack_featured_media_url":"https:\/\/wobronietradycjiiwiary.com\/wp-content\/uploads\/2019\/10\/peter-paul-rubens-die-wunder-des-hl-ignatius-von-loyola.jpg","_links":{"self":[{"href":"https:\/\/wobronietradycjiiwiary.com\/pl\/wp-json\/wp\/v2\/posts\/27198","targetHints":{"allow":["GET"]}}],"collection":[{"href":"https:\/\/wobronietradycjiiwiary.com\/pl\/wp-json\/wp\/v2\/posts"}],"about":[{"href":"https:\/\/wobronietradycjiiwiary.com\/pl\/wp-json\/wp\/v2\/types\/post"}],"author":[{"embeddable":true,"href":"https:\/\/wobronietradycjiiwiary.com\/pl\/wp-json\/wp\/v2\/users\/60508433"}],"replies":[{"embeddable":true,"href":"https:\/\/wobronietradycjiiwiary.com\/pl\/wp-json\/wp\/v2\/comments?post=27198"}],"version-history":[{"count":1,"href":"https:\/\/wobronietradycjiiwiary.com\/pl\/wp-json\/wp\/v2\/posts\/27198\/revisions"}],"predecessor-version":[{"id":57400,"href":"https:\/\/wobronietradycjiiwiary.com\/pl\/wp-json\/wp\/v2\/posts\/27198\/revisions\/57400"}],"wp:featuredmedia":[{"embeddable":true,"href":"https:\/\/wobronietradycjiiwiary.com\/pl\/wp-json\/wp\/v2\/media\/23108"}],"wp:attachment":[{"href":"https:\/\/wobronietradycjiiwiary.com\/pl\/wp-json\/wp\/v2\/media?parent=27198"}],"wp:term":[{"taxonomy":"category","embeddable":true,"href":"https:\/\/wobronietradycjiiwiary.com\/pl\/wp-json\/wp\/v2\/categories?post=27198"},{"taxonomy":"post_tag","embeddable":true,"href":"https:\/\/wobronietradycjiiwiary.com\/pl\/wp-json\/wp\/v2\/tags?post=27198"}],"curies":[{"name":"wp","href":"https:\/\/api.w.org\/{rel}","templated":true}]}}