{"id":26718,"date":"2020-03-16T08:10:08","date_gmt":"2020-03-16T07:10:08","guid":{"rendered":"https:\/\/wobronietradycjiiwiary.com\/?p=26718"},"modified":"2025-02-07T15:39:45","modified_gmt":"2025-02-07T14:39:45","slug":"tomasz-z-akwinu-czy-aniol-wyzszy-oswieca-nizszego-o-wszystkim-co-sam-zna","status":"publish","type":"post","link":"https:\/\/wobronietradycjiiwiary.com\/pl\/tomasz-z-akwinu-czy-aniol-wyzszy-oswieca-nizszego-o-wszystkim-co-sam-zna\/","title":{"rendered":"Tomasz z Akwinu, Czy anio\u0142 wy\u017cszy o\u015bwieca ni\u017cszego o wszystkim, co sam zna?"},"content":{"rendered":"<div id=\"bsf_rt_marker\"><\/div><p>Anio\u0142owie wy\u017csi co prawda wszystko przekazuj\u0105, ale anio\u0142owie ni\u017csi wszystkiego nie rozumiej\u0105, wi\u0119c spora cz\u0119\u015b\u0107 przekazywanej im wiedzy pozostaje nieznana.&hellip;<\/p>\n<div style=\"text-align: center\">\n<p>&nbsp;<\/p>\n<\/div>\n<h2 style=\"border: 5px solid #0000A0;padding: 1em;text-align: center\"><span style=\"color: #000000\">Pe\u0142en dost\u0119p dla <span style=\"color: #00ccff\"><a style=\"color: #00ccff\" href=\"https:\/\/wobronietradycjiiwiary.com\/subskrypcje-2\/\" target=\"_blank\" rel=\"noopener\">subskrybent\u00f3w<\/a><\/span>.<\/span><br \/>\n<span style=\"color: #3366ff\"><a style=\"color: #3366ff\" href=\"https:\/\/wobronietradycjiiwiary.com\/account\/login\/\" target=\"_blank\" rel=\"noopener\"><span style=\"color: #00ccff\">Zaloguj<\/span><\/a> <\/span>si\u0119 lub przejd\u017a do <a href=\"https:\/\/wobronietradycjiiwiary.com\/register\/\"><span style=\"color: #3366ff\">Rejestracji<\/span><\/a>.<\/h2>\n<div>\n<p style=\"text-align: center\"><a href=\"https:\/\/wobronietradycjiiwiary.com\/pl\/subskrypcje-2\/cennik\/\" target=\"_blank\" rel=\"noopener\"><span style=\"color: #000080;font-size: 24pt\"><strong>Nowe ni\u017csze ceny<\/strong><\/span><\/a><\/p>\n<p style=\"text-align: center\"><strong><span style=\"font-size: 18pt;color: #000080\">P\u0142atno\u015b\u0107 kart\u0105<\/span><\/strong><\/p>\n<\/div>\n<h3 style=\"text-align: center\"><a href=\"https:\/\/wobronietradycjiiwiary.com\/pl\/subskrypcje-2\/automatyczne\/indywidualne\/\" target=\"_blank\" rel=\"noopener\"><img fetchpriority=\"high\" decoding=\"async\" class=\"alignnone size-medium wp-image-80433\" src=\"https:\/\/wobronietradycjiiwiary.com\/wp-content\/uploads\/2022\/11\/Unbenannt-1-Online-1-300x202.jpg\" alt=\"\" width=\"300\" height=\"202\" srcset=\"https:\/\/wobronietradycjiiwiary.com\/wp-content\/uploads\/2022\/11\/Unbenannt-1-Online-1-300x202.jpg 300w, https:\/\/wobronietradycjiiwiary.com\/wp-content\/uploads\/2022\/11\/Unbenannt-1-Online-1-150x101.jpg 150w, https:\/\/wobronietradycjiiwiary.com\/wp-content\/uploads\/2022\/11\/Unbenannt-1-Online-1-18x12.jpg 18w, https:\/\/wobronietradycjiiwiary.com\/wp-content\/uploads\/2022\/11\/Unbenannt-1-Online-1.jpg 446w\" sizes=\"(max-width: 300px) 100vw, 300px\" \/><\/a><\/h3>\n<p style=\"text-align: center\"><strong><span style=\"font-size: 18pt;color: #000080\">P\u0142atno\u015b\u0107 przelewem<\/span><\/strong><\/p>\n<p><a href=\"https:\/\/wobronietradycjiiwiary.com\/pl\/subskrypcje-2\/automatyczne\/indywidualne\/\" target=\"_blank\" rel=\"noopener\"><img decoding=\"async\" class=\"size-medium wp-image-80434 aligncenter\" src=\"https:\/\/wobronietradycjiiwiary.com\/wp-content\/uploads\/2022\/11\/Unbenannt-1-Przelewem-300x137.jpg\" alt=\"\" width=\"300\" height=\"137\" srcset=\"https:\/\/wobronietradycjiiwiary.com\/wp-content\/uploads\/2022\/11\/Unbenannt-1-Przelewem-300x137.jpg 300w, https:\/\/wobronietradycjiiwiary.com\/wp-content\/uploads\/2022\/11\/Unbenannt-1-Przelewem-450x206.jpg 450w, https:\/\/wobronietradycjiiwiary.com\/wp-content\/uploads\/2022\/11\/Unbenannt-1-Przelewem-600x274.jpg 600w, https:\/\/wobronietradycjiiwiary.com\/wp-content\/uploads\/2022\/11\/Unbenannt-1-Przelewem-150x69.jpg 150w, https:\/\/wobronietradycjiiwiary.com\/wp-content\/uploads\/2022\/11\/Unbenannt-1-Przelewem-18x8.jpg 18w, https:\/\/wobronietradycjiiwiary.com\/wp-content\/uploads\/2022\/11\/Unbenannt-1-Przelewem.jpg 676w\" sizes=\"(max-width: 300px) 100vw, 300px\" \/><\/a><\/p>\n<p style=\"text-align: center\"><strong><span style=\"font-size: 18pt;color: #000080\">P\u0142atno\u015b\u0107 kart\u0105 do 6 os\u00f3b<\/span><\/strong><\/p>\n<p><a href=\"https:\/\/wobronietradycjiiwiary.com\/pl\/rodzinne\/\" target=\"_blank\" rel=\"noopener\"><img decoding=\"async\" class=\"size-medium wp-image-80435 aligncenter\" src=\"https:\/\/wobronietradycjiiwiary.com\/wp-content\/uploads\/2022\/11\/Unbenannt-1-Rodzinna-300x208.jpg\" alt=\"\" width=\"300\" height=\"208\" srcset=\"https:\/\/wobronietradycjiiwiary.com\/wp-content\/uploads\/2022\/11\/Unbenannt-1-Rodzinna-300x208.jpg 300w, https:\/\/wobronietradycjiiwiary.com\/wp-content\/uploads\/2022\/11\/Unbenannt-1-Rodzinna-150x104.jpg 150w, https:\/\/wobronietradycjiiwiary.com\/wp-content\/uploads\/2022\/11\/Unbenannt-1-Rodzinna-18x12.jpg 18w, https:\/\/wobronietradycjiiwiary.com\/wp-content\/uploads\/2022\/11\/Unbenannt-1-Rodzinna.jpg 448w\" sizes=\"(max-width: 300px) 100vw, 300px\" \/><\/a><\/p>\n<h3 style=\"text-align: center\"><\/h3>\n<h1 style=\"text-align: center\"><\/h1>\n","protected":false},"excerpt":{"rendered":"<p>Anio\u0142owie wy\u017csi co prawda wszystko przekazuj\u0105, ale anio\u0142owie ni\u017csi wszystkiego nie rozumiej\u0105, wi\u0119c spora cz\u0119\u015b\u0107 przekazywanej im wiedzy pozostaje nieznana.&hellip; &nbsp; Pe\u0142en dost\u0119p dla subskrybent\u00f3w. Zaloguj si\u0119 lub przejd\u017a do Rejestracji. Nowe ni\u017csze ceny P\u0142atno\u015b\u0107 kart\u0105 P\u0142atno\u015b\u0107 przelewem P\u0142atno\u015b\u0107 kart\u0105 do 6 os\u00f3b<\/p>\n","protected":false},"author":60508433,"featured_media":26695,"comment_status":"closed","ping_status":"closed","sticky":false,"template":"","format":"standard","meta":{"_bbp_topic_count":0,"_bbp_reply_count":0,"_bbp_total_topic_count":0,"_bbp_total_reply_count":0,"_bbp_voice_count":0,"_bbp_anonymous_reply_count":0,"_bbp_topic_count_hidden":0,"_bbp_reply_count_hidden":0,"_bbp_forum_subforum_count":0,"_editorskit_title_hidden":false,"_editorskit_reading_time":0,"_editorskit_is_block_options_detached":false,"_editorskit_block_options_position":"{}","_coblocks_attr":"","_coblocks_dimensions":"","_coblocks_responsive_height":"","_coblocks_accordion_ie_support":"","_exactmetrics_skip_tracking":false,"_jetpack_newsletter_access":"","_jetpack_dont_email_post_to_subs":false,"_jetpack_newsletter_tier_id":0,"_jetpack_memberships_contains_paywalled_content":false,"_wpcom_ai_launchpad_first_post":false,"_jetpack_feature_clip_id":0,"_jetpack_memberships_contains_paid_content":false,"footnotes":"","jetpack_publicize_message":"{title}\n\n{excerpt}\n\n{url}","jetpack_publicize_feature_enabled":true,"jetpack_social_post_already_shared":true,"jetpack_social_options":{"image_generator_settings":{"template":"highway","default_image_id":0,"font":"","enabled":false},"version":2},"_wpas_customize_per_network":false,"jetpack_post_was_ever_published":false},"categories":[1467178,610132782],"tags":[310865171,610131508,610130858,610132133,610131562],"class_list":["post-26718","post","type-post","status-publish","format-standard","has-post-thumbnail","hentry","category-angelologia","category-sw-tomasz-o-aniolach","tag-hierarchia-anielska","tag-komunikacja-dobrych-aniolow","tag-oswiecenie","tag-restricted","tag-teoria-illuminacji"],"yoast_head":"<!-- This site is optimized with the Yoast SEO plugin v28.4 - https:\/\/yoast.com\/product\/yoast-seo-wordpress\/ -->\n<title>Tomasz z Akwinu, Czy anio\u0142 wy\u017cszy o\u015bwieca ni\u017cszego o wszystkim, co sam zna? - Tradycja i Wiara<\/title>\n<meta name=\"description\" content=\"Tomasz z Akwinu, Czy anio\u0142 wy\u017cszy o\u015bwieca ni\u017cszego o wszystkim, co sam zna? hierarchia anielska o\u015bwiecenie anio\u0142\u00f3w anio\u0142owie\" \/>\n<meta name=\"robots\" content=\"index, follow, max-snippet:-1, max-image-preview:large, max-video-preview:-1\" \/>\n<link rel=\"canonical\" href=\"https:\/\/wobronietradycjiiwiary.com\/pl\/tomasz-z-akwinu-czy-aniol-wyzszy-oswieca-nizszego-o-wszystkim-co-sam-zna\/\" \/>\n<meta property=\"og:locale\" content=\"pl_PL\" \/>\n<meta property=\"og:type\" content=\"article\" \/>\n<meta property=\"og:title\" content=\"Tomasz z Akwinu, Czy anio\u0142 wy\u017cszy o\u015bwieca ni\u017cszego o wszystkim, co sam zna? - Tradycja i Wiara\" \/>\n<meta property=\"og:description\" content=\"Tomasz z Akwinu, Czy anio\u0142 wy\u017cszy o\u015bwieca ni\u017cszego o wszystkim, co sam zna? hierarchia anielska o\u015bwiecenie anio\u0142\u00f3w anio\u0142owie\" \/>\n<meta property=\"og:url\" content=\"https:\/\/wobronietradycjiiwiary.com\/pl\/tomasz-z-akwinu-czy-aniol-wyzszy-oswieca-nizszego-o-wszystkim-co-sam-zna\/\" \/>\n<meta property=\"og:site_name\" content=\"Tradycja i Wiara\" \/>\n<meta property=\"article:publisher\" content=\"https:\/\/www.facebook.com\/Tradycja-i-Wiara-108813920592249\" \/>\n<meta property=\"article:published_time\" content=\"2020-03-16T07:10:08+00:00\" \/>\n<meta property=\"article:modified_time\" content=\"2025-02-07T14:39:45+00:00\" \/>\n<meta property=\"og:image\" content=\"https:\/\/wobronietradycjiiwiary.com\/wp-content\/uploads\/2020\/02\/2716.jpg\" \/>\n\t<meta property=\"og:image:width\" content=\"578\" \/>\n\t<meta property=\"og:image:height\" content=\"407\" \/>\n\t<meta property=\"og:image:type\" content=\"image\/jpeg\" \/>\n<meta name=\"author\" content=\"Traditio et Fides\" \/>\n<meta name=\"twitter:card\" content=\"summary_large_image\" \/>\n<meta name=\"twitter:label1\" content=\"Napisane przez\" \/>\n\t<meta name=\"twitter:data1\" content=\"Traditio et Fides\" \/>\n\t<meta name=\"twitter:label2\" content=\"Szacowany czas czytania\" \/>\n\t<meta name=\"twitter:data2\" content=\"1 minuta\" \/>\n<script type=\"application\/ld+json\" class=\"yoast-schema-graph\">{\"@context\":\"https:\\\/\\\/schema.org\",\"@graph\":[{\"@type\":\"Article\",\"@id\":\"https:\\\/\\\/wobronietradycjiiwiary.com\\\/tomasz-z-akwinu-czy-aniol-wyzszy-oswieca-nizszego-o-wszystkim-co-sam-zna\\\/#article\",\"isPartOf\":{\"@id\":\"https:\\\/\\\/wobronietradycjiiwiary.com\\\/tomasz-z-akwinu-czy-aniol-wyzszy-oswieca-nizszego-o-wszystkim-co-sam-zna\\\/\"},\"author\":{\"name\":\"Traditio et Fides\",\"@id\":\"https:\\\/\\\/wobronietradycjiiwiary.com\\\/pl\\\/#\\\/schema\\\/person\\\/2d6180ce6abcb681fef0daab7816e8f3\"},\"headline\":\"Tomasz z Akwinu, Czy anio\u0142 wy\u017cszy o\u015bwieca ni\u017cszego o wszystkim, co sam zna?\",\"datePublished\":\"2020-03-16T07:10:08+00:00\",\"dateModified\":\"2025-02-07T14:39:45+00:00\",\"mainEntityOfPage\":{\"@id\":\"https:\\\/\\\/wobronietradycjiiwiary.com\\\/tomasz-z-akwinu-czy-aniol-wyzszy-oswieca-nizszego-o-wszystkim-co-sam-zna\\\/\"},\"wordCount\":130,\"publisher\":{\"@id\":\"https:\\\/\\\/wobronietradycjiiwiary.com\\\/pl\\\/#organization\"},\"image\":{\"@id\":\"https:\\\/\\\/wobronietradycjiiwiary.com\\\/tomasz-z-akwinu-czy-aniol-wyzszy-oswieca-nizszego-o-wszystkim-co-sam-zna\\\/#primaryimage\"},\"thumbnailUrl\":\"https:\\\/\\\/wobronietradycjiiwiary.com\\\/wp-content\\\/uploads\\\/2020\\\/02\\\/2716.jpg\",\"keywords\":[\"hierarchia anielska\",\"komunikacja dobrych anio\u0142\u00f3w\",\"o\u015bwiecenie\",\"Restricted\",\"teoria illuminacji\"],\"articleSection\":[\"Angelologia\",\"\u015bw. Tomasz o anio\u0142ach\"],\"inLanguage\":\"pl-PL\"},{\"@type\":\"WebPage\",\"@id\":\"https:\\\/\\\/wobronietradycjiiwiary.com\\\/tomasz-z-akwinu-czy-aniol-wyzszy-oswieca-nizszego-o-wszystkim-co-sam-zna\\\/\",\"url\":\"https:\\\/\\\/wobronietradycjiiwiary.com\\\/tomasz-z-akwinu-czy-aniol-wyzszy-oswieca-nizszego-o-wszystkim-co-sam-zna\\\/\",\"name\":\"Tomasz z Akwinu, Czy anio\u0142 wy\u017cszy o\u015bwieca ni\u017cszego o wszystkim, co sam zna? - Tradycja i Wiara\",\"isPartOf\":{\"@id\":\"https:\\\/\\\/wobronietradycjiiwiary.com\\\/pl\\\/#website\"},\"primaryImageOfPage\":{\"@id\":\"https:\\\/\\\/wobronietradycjiiwiary.com\\\/tomasz-z-akwinu-czy-aniol-wyzszy-oswieca-nizszego-o-wszystkim-co-sam-zna\\\/#primaryimage\"},\"image\":{\"@id\":\"https:\\\/\\\/wobronietradycjiiwiary.com\\\/tomasz-z-akwinu-czy-aniol-wyzszy-oswieca-nizszego-o-wszystkim-co-sam-zna\\\/#primaryimage\"},\"thumbnailUrl\":\"https:\\\/\\\/wobronietradycjiiwiary.com\\\/wp-content\\\/uploads\\\/2020\\\/02\\\/2716.jpg\",\"datePublished\":\"2020-03-16T07:10:08+00:00\",\"dateModified\":\"2025-02-07T14:39:45+00:00\",\"description\":\"Tomasz z Akwinu, Czy anio\u0142 wy\u017cszy o\u015bwieca ni\u017cszego o wszystkim, co sam zna? hierarchia anielska o\u015bwiecenie anio\u0142\u00f3w anio\u0142owie\",\"breadcrumb\":{\"@id\":\"https:\\\/\\\/wobronietradycjiiwiary.com\\\/tomasz-z-akwinu-czy-aniol-wyzszy-oswieca-nizszego-o-wszystkim-co-sam-zna\\\/#breadcrumb\"},\"inLanguage\":\"pl-PL\",\"potentialAction\":[{\"@type\":\"ReadAction\",\"target\":[\"https:\\\/\\\/wobronietradycjiiwiary.com\\\/tomasz-z-akwinu-czy-aniol-wyzszy-oswieca-nizszego-o-wszystkim-co-sam-zna\\\/\"]}]},{\"@type\":\"ImageObject\",\"inLanguage\":\"pl-PL\",\"@id\":\"https:\\\/\\\/wobronietradycjiiwiary.com\\\/tomasz-z-akwinu-czy-aniol-wyzszy-oswieca-nizszego-o-wszystkim-co-sam-zna\\\/#primaryimage\",\"url\":\"https:\\\/\\\/wobronietradycjiiwiary.com\\\/wp-content\\\/uploads\\\/2020\\\/02\\\/2716.jpg\",\"contentUrl\":\"https:\\\/\\\/wobronietradycjiiwiary.com\\\/wp-content\\\/uploads\\\/2020\\\/02\\\/2716.jpg\",\"width\":578,\"height\":407},{\"@type\":\"BreadcrumbList\",\"@id\":\"https:\\\/\\\/wobronietradycjiiwiary.com\\\/tomasz-z-akwinu-czy-aniol-wyzszy-oswieca-nizszego-o-wszystkim-co-sam-zna\\\/#breadcrumb\",\"itemListElement\":[{\"@type\":\"ListItem\",\"position\":1,\"name\":\"Strona g\u0142\u00f3wna\",\"item\":\"https:\\\/\\\/wobronietradycjiiwiary.com\\\/\"},{\"@type\":\"ListItem\",\"position\":2,\"name\":\"Tomasz z Akwinu, Czy anio\u0142 wy\u017cszy o\u015bwieca ni\u017cszego o wszystkim, co sam zna?\"}]},{\"@type\":\"WebSite\",\"@id\":\"https:\\\/\\\/wobronietradycjiiwiary.com\\\/pl\\\/#website\",\"url\":\"https:\\\/\\\/wobronietradycjiiwiary.com\\\/pl\\\/\",\"name\":\"Tradycja i Wiara\",\"description\":\"Portal dla katolik\u00f3w.\",\"publisher\":{\"@id\":\"https:\\\/\\\/wobronietradycjiiwiary.com\\\/pl\\\/#organization\"},\"potentialAction\":[{\"@type\":\"SearchAction\",\"target\":{\"@type\":\"EntryPoint\",\"urlTemplate\":\"https:\\\/\\\/wobronietradycjiiwiary.com\\\/pl\\\/?s={search_term_string}\"},\"query-input\":{\"@type\":\"PropertyValueSpecification\",\"valueRequired\":true,\"valueName\":\"search_term_string\"}}],\"inLanguage\":\"pl-PL\"},{\"@type\":\"Organization\",\"@id\":\"https:\\\/\\\/wobronietradycjiiwiary.com\\\/pl\\\/#organization\",\"name\":\"Tradycja i Wiara\",\"url\":\"https:\\\/\\\/wobronietradycjiiwiary.com\\\/pl\\\/\",\"logo\":{\"@type\":\"ImageObject\",\"inLanguage\":\"pl-PL\",\"@id\":\"https:\\\/\\\/wobronietradycjiiwiary.com\\\/pl\\\/#\\\/schema\\\/logo\\\/image\\\/\",\"url\":\"https:\\\/\\\/i0.wp.com\\\/wobronietradycjiiwiary.com\\\/wp-content\\\/uploads\\\/2015\\\/10\\\/cropped-st-peters-dome-vatican.jpg?fit=940%2C198&ssl=1\",\"contentUrl\":\"https:\\\/\\\/i0.wp.com\\\/wobronietradycjiiwiary.com\\\/wp-content\\\/uploads\\\/2015\\\/10\\\/cropped-st-peters-dome-vatican.jpg?fit=940%2C198&ssl=1\",\"width\":940,\"height\":198,\"caption\":\"Tradycja i Wiara\"},\"image\":{\"@id\":\"https:\\\/\\\/wobronietradycjiiwiary.com\\\/pl\\\/#\\\/schema\\\/logo\\\/image\\\/\"},\"sameAs\":[\"https:\\\/\\\/www.facebook.com\\\/Tradycja-i-Wiara-108813920592249\"]},{\"@type\":\"Person\",\"@id\":\"https:\\\/\\\/wobronietradycjiiwiary.com\\\/pl\\\/#\\\/schema\\\/person\\\/2d6180ce6abcb681fef0daab7816e8f3\",\"name\":\"Traditio et Fides\",\"sameAs\":[\"https:\\\/\\\/traditionundglauben.com\"],\"url\":\"https:\\\/\\\/wobronietradycjiiwiary.com\\\/pl\\\/author\\\/wobronietradycjiiwiary\\\/\"}]}<\/script>\n<!-- \/ Yoast SEO plugin. -->","yoast_head_json":{"title":"Tomasz z Akwinu, Czy anio\u0142 wy\u017cszy o\u015bwieca ni\u017cszego o wszystkim, co sam zna? - Tradycja i Wiara","description":"Tomasz z Akwinu, Czy anio\u0142 wy\u017cszy o\u015bwieca ni\u017cszego o wszystkim, co sam zna? hierarchia anielska o\u015bwiecenie anio\u0142\u00f3w anio\u0142owie","robots":{"index":"index","follow":"follow","max-snippet":"max-snippet:-1","max-image-preview":"max-image-preview:large","max-video-preview":"max-video-preview:-1"},"canonical":"https:\/\/wobronietradycjiiwiary.com\/pl\/tomasz-z-akwinu-czy-aniol-wyzszy-oswieca-nizszego-o-wszystkim-co-sam-zna\/","og_locale":"pl_PL","og_type":"article","og_title":"Tomasz z Akwinu, Czy anio\u0142 wy\u017cszy o\u015bwieca ni\u017cszego o wszystkim, co sam zna? - Tradycja i Wiara","og_description":"Tomasz z Akwinu, Czy anio\u0142 wy\u017cszy o\u015bwieca ni\u017cszego o wszystkim, co sam zna? hierarchia anielska o\u015bwiecenie anio\u0142\u00f3w anio\u0142owie","og_url":"https:\/\/wobronietradycjiiwiary.com\/pl\/tomasz-z-akwinu-czy-aniol-wyzszy-oswieca-nizszego-o-wszystkim-co-sam-zna\/","og_site_name":"Tradycja i Wiara","article_publisher":"https:\/\/www.facebook.com\/Tradycja-i-Wiara-108813920592249","article_published_time":"2020-03-16T07:10:08+00:00","article_modified_time":"2025-02-07T14:39:45+00:00","og_image":[{"width":578,"height":407,"url":"https:\/\/wobronietradycjiiwiary.com\/wp-content\/uploads\/2020\/02\/2716.jpg","type":"image\/jpeg"}],"author":"Traditio et Fides","twitter_card":"summary_large_image","twitter_misc":{"Napisane przez":"Traditio et Fides","Szacowany czas czytania":"1 minuta"},"schema":{"@context":"https:\/\/schema.org","@graph":[{"@type":"Article","@id":"https:\/\/wobronietradycjiiwiary.com\/tomasz-z-akwinu-czy-aniol-wyzszy-oswieca-nizszego-o-wszystkim-co-sam-zna\/#article","isPartOf":{"@id":"https:\/\/wobronietradycjiiwiary.com\/tomasz-z-akwinu-czy-aniol-wyzszy-oswieca-nizszego-o-wszystkim-co-sam-zna\/"},"author":{"name":"Traditio et Fides","@id":"https:\/\/wobronietradycjiiwiary.com\/pl\/#\/schema\/person\/2d6180ce6abcb681fef0daab7816e8f3"},"headline":"Tomasz z Akwinu, Czy anio\u0142 wy\u017cszy o\u015bwieca ni\u017cszego o wszystkim, co sam zna?","datePublished":"2020-03-16T07:10:08+00:00","dateModified":"2025-02-07T14:39:45+00:00","mainEntityOfPage":{"@id":"https:\/\/wobronietradycjiiwiary.com\/tomasz-z-akwinu-czy-aniol-wyzszy-oswieca-nizszego-o-wszystkim-co-sam-zna\/"},"wordCount":130,"publisher":{"@id":"https:\/\/wobronietradycjiiwiary.com\/pl\/#organization"},"image":{"@id":"https:\/\/wobronietradycjiiwiary.com\/tomasz-z-akwinu-czy-aniol-wyzszy-oswieca-nizszego-o-wszystkim-co-sam-zna\/#primaryimage"},"thumbnailUrl":"https:\/\/wobronietradycjiiwiary.com\/wp-content\/uploads\/2020\/02\/2716.jpg","keywords":["hierarchia anielska","komunikacja dobrych anio\u0142\u00f3w","o\u015bwiecenie","Restricted","teoria illuminacji"],"articleSection":["Angelologia","\u015bw. Tomasz o anio\u0142ach"],"inLanguage":"pl-PL"},{"@type":"WebPage","@id":"https:\/\/wobronietradycjiiwiary.com\/tomasz-z-akwinu-czy-aniol-wyzszy-oswieca-nizszego-o-wszystkim-co-sam-zna\/","url":"https:\/\/wobronietradycjiiwiary.com\/tomasz-z-akwinu-czy-aniol-wyzszy-oswieca-nizszego-o-wszystkim-co-sam-zna\/","name":"Tomasz z Akwinu, Czy anio\u0142 wy\u017cszy o\u015bwieca ni\u017cszego o wszystkim, co sam zna? - Tradycja i Wiara","isPartOf":{"@id":"https:\/\/wobronietradycjiiwiary.com\/pl\/#website"},"primaryImageOfPage":{"@id":"https:\/\/wobronietradycjiiwiary.com\/tomasz-z-akwinu-czy-aniol-wyzszy-oswieca-nizszego-o-wszystkim-co-sam-zna\/#primaryimage"},"image":{"@id":"https:\/\/wobronietradycjiiwiary.com\/tomasz-z-akwinu-czy-aniol-wyzszy-oswieca-nizszego-o-wszystkim-co-sam-zna\/#primaryimage"},"thumbnailUrl":"https:\/\/wobronietradycjiiwiary.com\/wp-content\/uploads\/2020\/02\/2716.jpg","datePublished":"2020-03-16T07:10:08+00:00","dateModified":"2025-02-07T14:39:45+00:00","description":"Tomasz z Akwinu, Czy anio\u0142 wy\u017cszy o\u015bwieca ni\u017cszego o wszystkim, co sam zna? hierarchia anielska o\u015bwiecenie anio\u0142\u00f3w anio\u0142owie","breadcrumb":{"@id":"https:\/\/wobronietradycjiiwiary.com\/tomasz-z-akwinu-czy-aniol-wyzszy-oswieca-nizszego-o-wszystkim-co-sam-zna\/#breadcrumb"},"inLanguage":"pl-PL","potentialAction":[{"@type":"ReadAction","target":["https:\/\/wobronietradycjiiwiary.com\/tomasz-z-akwinu-czy-aniol-wyzszy-oswieca-nizszego-o-wszystkim-co-sam-zna\/"]}]},{"@type":"ImageObject","inLanguage":"pl-PL","@id":"https:\/\/wobronietradycjiiwiary.com\/tomasz-z-akwinu-czy-aniol-wyzszy-oswieca-nizszego-o-wszystkim-co-sam-zna\/#primaryimage","url":"https:\/\/wobronietradycjiiwiary.com\/wp-content\/uploads\/2020\/02\/2716.jpg","contentUrl":"https:\/\/wobronietradycjiiwiary.com\/wp-content\/uploads\/2020\/02\/2716.jpg","width":578,"height":407},{"@type":"BreadcrumbList","@id":"https:\/\/wobronietradycjiiwiary.com\/tomasz-z-akwinu-czy-aniol-wyzszy-oswieca-nizszego-o-wszystkim-co-sam-zna\/#breadcrumb","itemListElement":[{"@type":"ListItem","position":1,"name":"Strona g\u0142\u00f3wna","item":"https:\/\/wobronietradycjiiwiary.com\/"},{"@type":"ListItem","position":2,"name":"Tomasz z Akwinu, Czy anio\u0142 wy\u017cszy o\u015bwieca ni\u017cszego o wszystkim, co sam zna?"}]},{"@type":"WebSite","@id":"https:\/\/wobronietradycjiiwiary.com\/pl\/#website","url":"https:\/\/wobronietradycjiiwiary.com\/pl\/","name":"Tradycja i Wiara","description":"Portal dla katolik\u00f3w.","publisher":{"@id":"https:\/\/wobronietradycjiiwiary.com\/pl\/#organization"},"potentialAction":[{"@type":"SearchAction","target":{"@type":"EntryPoint","urlTemplate":"https:\/\/wobronietradycjiiwiary.com\/pl\/?s={search_term_string}"},"query-input":{"@type":"PropertyValueSpecification","valueRequired":true,"valueName":"search_term_string"}}],"inLanguage":"pl-PL"},{"@type":"Organization","@id":"https:\/\/wobronietradycjiiwiary.com\/pl\/#organization","name":"Tradycja i Wiara","url":"https:\/\/wobronietradycjiiwiary.com\/pl\/","logo":{"@type":"ImageObject","inLanguage":"pl-PL","@id":"https:\/\/wobronietradycjiiwiary.com\/pl\/#\/schema\/logo\/image\/","url":"https:\/\/i0.wp.com\/wobronietradycjiiwiary.com\/wp-content\/uploads\/2015\/10\/cropped-st-peters-dome-vatican.jpg?fit=940%2C198&ssl=1","contentUrl":"https:\/\/i0.wp.com\/wobronietradycjiiwiary.com\/wp-content\/uploads\/2015\/10\/cropped-st-peters-dome-vatican.jpg?fit=940%2C198&ssl=1","width":940,"height":198,"caption":"Tradycja i Wiara"},"image":{"@id":"https:\/\/wobronietradycjiiwiary.com\/pl\/#\/schema\/logo\/image\/"},"sameAs":["https:\/\/www.facebook.com\/Tradycja-i-Wiara-108813920592249"]},{"@type":"Person","@id":"https:\/\/wobronietradycjiiwiary.com\/pl\/#\/schema\/person\/2d6180ce6abcb681fef0daab7816e8f3","name":"Traditio et Fides","sameAs":["https:\/\/traditionundglauben.com"],"url":"https:\/\/wobronietradycjiiwiary.com\/pl\/author\/wobronietradycjiiwiary\/"}]}},"jetpack_publicize_connections":[],"jetpack_sharing_enabled":true,"jetpack_likes_enabled":true,"jetpack_shortlink":"https:\/\/wp.me\/pc04Sd-6WW","jetpack-related-posts":[{"id":168786,"url":"https:\/\/wobronietradycjiiwiary.com\/pl\/tomasz-z-akwinu-suppl-q-96-9-z-13-aureole-9-czy-aniolom-nalezy-sie-aureola\/","url_meta":{"origin":26718,"position":0},"title":"Tomasz z Akwinu, Suppl. Q. 96. (9 z 13). Aureole. (9) Czy anio\u0142om nale\u017cy si\u0119 aureola?","author":"Traditio et Fides","date":"17 lipca 2026","format":false,"excerpt":"O tym, dlaczego anio\u0142om si\u0119 aureola nie nale\u017cy.","rel":"","context":"W \u201eDoktryna&quot;","block_context":{"text":"Doktryna","link":"https:\/\/wobronietradycjiiwiary.com\/pl\/category\/doktryna\/"},"img":{"alt_text":"","src":"https:\/\/i0.wp.com\/wobronietradycjiiwiary.com\/wp-content\/uploads\/2025\/07\/wiki_Giotto___Scrovegni____38____Ascension_jpg-wiki_Giotto___Scrovegni____38____Ascension.jpg?resize=350%2C200&ssl=1","width":350,"height":200},"classes":[]},{"id":162838,"url":"https:\/\/wobronietradycjiiwiary.com\/pl\/tomasz-z-akwinu-suppl-q-95-4-z-5-wiano-swietych-w-niebie-4-czy-aniolowie-maja-posag\/","url_meta":{"origin":26718,"position":1},"title":"Tomasz z Akwinu, Suppl. Q. 95. (4 z 5). Wiano \u015bwi\u0119tych w niebie. (4) Czy anio\u0142owie maj\u0105 posag?","author":"Traditio et Fides","date":"10 kwietnia 2026","format":false,"excerpt":"Artyku\u0142 4 CZY ANIO\u0141OWIE MAJ\u0104 POSAG? Zdaje si\u0119, \u017ce anio\u0142owie maj\u0105 posag, bo: 1. S\u0142owa Pie\u015bni nad Pie\u015bniami[1]: \u201eJedyna jest moja go\u0142\u0105bka\" tak glosa wyja\u015bnia[2]: \u201eJeden jest Ko\u015bci\u00f3\u0142 w ludziach i w anio\u0142ach\". Lecz Ko\u015bci\u00f3\u0142 jest oblubienic\u0105; i z tego tytu\u0142u cz\u0142onkom Ko\u015bcio\u0142a przys\u0142uguje mie\u0107 posag. A wi\u0119c i anio\u0142owie\u2026","rel":"","context":"W \u201eDoktryna&quot;","block_context":{"text":"Doktryna","link":"https:\/\/wobronietradycjiiwiary.com\/pl\/category\/doktryna\/"},"img":{"alt_text":"","src":"https:\/\/i0.wp.com\/wobronietradycjiiwiary.com\/wp-content\/uploads\/2025\/07\/wiki_Giotto___Scrovegni____38____Ascension_jpg-wiki_Giotto___Scrovegni____38____Ascension.jpg?resize=350%2C200&ssl=1","width":350,"height":200},"classes":[]},{"id":129859,"url":"https:\/\/wobronietradycjiiwiary.com\/pl\/tomasz-z-akwinu-q-89-4-z-8-sadzacy-i-sadzeni-na-sadzie-powszechnym-4-czy-zle-duchy-wykonywac-beda-wyrok\/","url_meta":{"origin":26718,"position":2},"title":"Tomasz z Akwinu, Q. 89. (4 z 8). S\u0105dz\u0105cy i s\u0105dzeni na S\u0105dzie Powszechnym. (4) Czy z\u0142e duchy wykonywa\u0107 b\u0119d\u0105 wyrok?","author":"Traditio et Fides","date":"14 lutego 2025","format":false,"excerpt":"Z\u0142e duchy b\u0119d\u0105 wykonywa\u0107 wyrok nad pot\u0119pionymi.","rel":"","context":"W \u201eDoktryna&quot;","block_context":{"text":"Doktryna","link":"https:\/\/wobronietradycjiiwiary.com\/pl\/category\/doktryna\/"},"img":{"alt_text":"","src":"https:\/\/i0.wp.com\/wobronietradycjiiwiary.com\/wp-content\/uploads\/2023\/10\/Auferstehung.jpg?resize=350%2C200&ssl=1","width":350,"height":200,"srcset":"https:\/\/i0.wp.com\/wobronietradycjiiwiary.com\/wp-content\/uploads\/2023\/10\/Auferstehung.jpg?resize=350%2C200&ssl=1 1x, https:\/\/i0.wp.com\/wobronietradycjiiwiary.com\/wp-content\/uploads\/2023\/10\/Auferstehung.jpg?resize=525%2C300&ssl=1 1.5x"},"classes":[]},{"id":10172,"url":"https:\/\/wobronietradycjiiwiary.com\/pl\/zarys-angelologii-10-poznanie-aniolow-ii\/","url_meta":{"origin":26718,"position":3},"title":"Zarys angelologii. (9 z 23). Poznanie anio\u0142\u00f3w (ii).","author":"Traditio et Fides","date":"5 listopada 2016","format":false,"excerpt":"2. Poznanie anio\u0142\u00f3w jest czysto duchowe. Poznanie anio\u0142\u00f3w odpowiada ich naturze i dlatego jest czysto duchowe. \u201eAnio\u0142owie poznaj\u0105 samych siebie, jak podaje \u015bw. Tomasz, poprzez w\u0142asn\u0105 substancj\u0119, kt\u00f3ra udziela im obrazu poznania (IaIae q. 56 a. 1)\u201d, skoro anio\u0142owie poznaj\u0105 poprzez same formy, jak uczy scholastyka. Co to znaczy? Ja\u2026","rel":"","context":"W \u201eAngelologia&quot;","block_context":{"text":"Angelologia","link":"https:\/\/wobronietradycjiiwiary.com\/pl\/category\/doktryna\/teologia-dogmatyczna\/angelologia\/"},"img":{"alt_text":"","src":"https:\/\/i0.wp.com\/wobronietradycjiiwiary.com\/wp-content\/uploads\/2016\/09\/angels.jpg?resize=350%2C200&ssl=1","width":350,"height":200},"classes":[]},{"id":10193,"url":"https:\/\/wobronietradycjiiwiary.com\/pl\/zarys-angelologii-10-wola-aniolow\/","url_meta":{"origin":26718,"position":4},"title":"Zarys angelologii. (10 z 23). Wola anio\u0142\u00f3w.","author":"Traditio et Fides","date":"13 listopada 2016","format":false,"excerpt":"IV. Wola anio\u0142\u00f3w 1. Anio\u0142owie maj\u0105 woln\u0105 wol\u0119 (sententia certa). Wolno\u015b\u0107 woli jest koniecznym nast\u0119pstwem duchowego poznania, jak pisze \u015bw. Tomasz (Ia\u00a0 Iae, q. 59 a. 1 et 3). Jest ona r\u00f3wnie\u017c warunkiem koniecznym dogmatu o upadku z\u0142ych duch\u00f3w i o ich karze (Augustyn, De civ. Dei XXII, 1).\u00a0 Pismo\u2026","rel":"","context":"W \u201eAngelologia&quot;","block_context":{"text":"Angelologia","link":"https:\/\/wobronietradycjiiwiary.com\/pl\/category\/doktryna\/teologia-dogmatyczna\/angelologia\/"},"img":{"alt_text":"","src":"https:\/\/i0.wp.com\/wobronietradycjiiwiary.com\/wp-content\/uploads\/2016\/09\/angels.jpg?resize=350%2C200&ssl=1","width":350,"height":200},"classes":[]},{"id":122096,"url":"https:\/\/wobronietradycjiiwiary.com\/pl\/sw-tomasz-o-niesprawiedliwosci-w-slowach-q-76-o-zlorzeczeniu-i-przeklenstwie-2-z-4-czy-wolno-przeklinac-nierozumne-stworzenie\/","url_meta":{"origin":26718,"position":5},"title":"\u015aw. Tomasz, O niesprawiedliwo\u015bci w s\u0142owach, Q. 76 O z\u0142orzeczeniu i przekle\u0144stwie. (2 z 4) Czy wolno przeklina\u0107 nierozumne stworzenie?","author":"Traditio et Fides","date":"2 pa\u017adziernika 2024","format":false,"excerpt":"O z\u0142orzeczeniu istotom nierozumnym, tak\u017ce nieo\u017cywionym.","rel":"","context":"W \u201eGrzechy j\u0119zyka&quot;","block_context":{"text":"Grzechy j\u0119zyka","link":"https:\/\/wobronietradycjiiwiary.com\/pl\/category\/doktryna\/teologia-moralna\/swiety-tomasz-z-akwinu\/grzechy-jezyka\/"},"img":{"alt_text":"","src":"https:\/\/i0.wp.com\/wobronietradycjiiwiary.com\/wp-content\/uploads\/2024\/05\/tumblr_o4b75r46mM1s9qddbo10_500.jpg?resize=350%2C200&ssl=1","width":350,"height":200},"classes":[]}],"amp_enabled":true,"jetpack_featured_media_url":"https:\/\/wobronietradycjiiwiary.com\/wp-content\/uploads\/2020\/02\/2716.jpg","_links":{"self":[{"href":"https:\/\/wobronietradycjiiwiary.com\/pl\/wp-json\/wp\/v2\/posts\/26718","targetHints":{"allow":["GET"]}}],"collection":[{"href":"https:\/\/wobronietradycjiiwiary.com\/pl\/wp-json\/wp\/v2\/posts"}],"about":[{"href":"https:\/\/wobronietradycjiiwiary.com\/pl\/wp-json\/wp\/v2\/types\/post"}],"author":[{"embeddable":true,"href":"https:\/\/wobronietradycjiiwiary.com\/pl\/wp-json\/wp\/v2\/users\/60508433"}],"replies":[{"embeddable":true,"href":"https:\/\/wobronietradycjiiwiary.com\/pl\/wp-json\/wp\/v2\/comments?post=26718"}],"version-history":[{"count":1,"href":"https:\/\/wobronietradycjiiwiary.com\/pl\/wp-json\/wp\/v2\/posts\/26718\/revisions"}],"predecessor-version":[{"id":55191,"href":"https:\/\/wobronietradycjiiwiary.com\/pl\/wp-json\/wp\/v2\/posts\/26718\/revisions\/55191"}],"wp:featuredmedia":[{"embeddable":true,"href":"https:\/\/wobronietradycjiiwiary.com\/pl\/wp-json\/wp\/v2\/media\/26695"}],"wp:attachment":[{"href":"https:\/\/wobronietradycjiiwiary.com\/pl\/wp-json\/wp\/v2\/media?parent=26718"}],"wp:term":[{"taxonomy":"category","embeddable":true,"href":"https:\/\/wobronietradycjiiwiary.com\/pl\/wp-json\/wp\/v2\/categories?post=26718"},{"taxonomy":"post_tag","embeddable":true,"href":"https:\/\/wobronietradycjiiwiary.com\/pl\/wp-json\/wp\/v2\/tags?post=26718"}],"curies":[{"name":"wp","href":"https:\/\/api.w.org\/{rel}","templated":true}]}}