{"id":26516,"date":"2020-02-28T08:10:07","date_gmt":"2020-02-28T07:10:07","guid":{"rendered":"https:\/\/wobronietradycjiiwiary.com\/?p=26516"},"modified":"2025-02-07T15:48:27","modified_gmt":"2025-02-07T14:48:27","slug":"objawienia-a-predyspozycje-naturalne","status":"publish","type":"post","link":"https:\/\/wobronietradycjiiwiary.com\/pl\/objawienia-a-predyspozycje-naturalne\/","title":{"rendered":"Objawienia a predyspozycje naturalne"},"content":{"rendered":"<div id=\"bsf_rt_marker\"><\/div><p>Zwykle jest tak, \u017ce kto\u015b ma swoje ulubione objawienia prywatne, na kt\u00f3rych si\u0119 jej lub jego katolicyzm zasadza, a zakwestionowanie&hellip;<\/p>\n<div style=\"text-align: center\">\n<p>&nbsp;<\/p>\n<\/div>\n<h2 style=\"border: 5px solid #0000A0;padding: 1em;text-align: center\"><span style=\"color: #000000\">Pe\u0142en dost\u0119p dla <span style=\"color: #00ccff\"><a style=\"color: #00ccff\" href=\"https:\/\/wobronietradycjiiwiary.com\/subskrypcje-2\/\" target=\"_blank\" rel=\"noopener\">subskrybent\u00f3w<\/a><\/span>.<\/span><br \/>\n<span style=\"color: #3366ff\"><a style=\"color: #3366ff\" href=\"https:\/\/wobronietradycjiiwiary.com\/account\/login\/\" target=\"_blank\" rel=\"noopener\"><span style=\"color: #00ccff\">Zaloguj<\/span><\/a> <\/span>si\u0119 lub przejd\u017a do <a href=\"https:\/\/wobronietradycjiiwiary.com\/register\/\"><span style=\"color: #3366ff\">Rejestracji<\/span><\/a>.<\/h2>\n<div>\n<p style=\"text-align: center\"><a href=\"https:\/\/wobronietradycjiiwiary.com\/pl\/subskrypcje-2\/cennik\/\" target=\"_blank\" rel=\"noopener\"><span style=\"color: #000080;font-size: 24pt\"><strong>Nowe ni\u017csze ceny<\/strong><\/span><\/a><\/p>\n<p style=\"text-align: center\"><strong><span style=\"font-size: 18pt;color: #000080\">P\u0142atno\u015b\u0107 kart\u0105<\/span><\/strong><\/p>\n<\/div>\n<h3 style=\"text-align: center\"><a href=\"https:\/\/wobronietradycjiiwiary.com\/pl\/subskrypcje-2\/automatyczne\/indywidualne\/\" target=\"_blank\" rel=\"noopener\"><img fetchpriority=\"high\" decoding=\"async\" class=\"alignnone size-medium wp-image-80433\" src=\"https:\/\/wobronietradycjiiwiary.com\/wp-content\/uploads\/2022\/11\/Unbenannt-1-Online-1-300x202.jpg\" alt=\"\" width=\"300\" height=\"202\" srcset=\"https:\/\/wobronietradycjiiwiary.com\/wp-content\/uploads\/2022\/11\/Unbenannt-1-Online-1-300x202.jpg 300w, https:\/\/wobronietradycjiiwiary.com\/wp-content\/uploads\/2022\/11\/Unbenannt-1-Online-1-150x101.jpg 150w, https:\/\/wobronietradycjiiwiary.com\/wp-content\/uploads\/2022\/11\/Unbenannt-1-Online-1-18x12.jpg 18w, https:\/\/wobronietradycjiiwiary.com\/wp-content\/uploads\/2022\/11\/Unbenannt-1-Online-1.jpg 446w\" sizes=\"(max-width: 300px) 100vw, 300px\" \/><\/a><\/h3>\n<p style=\"text-align: center\"><strong><span style=\"font-size: 18pt;color: #000080\">P\u0142atno\u015b\u0107 przelewem<\/span><\/strong><\/p>\n<p><a href=\"https:\/\/wobronietradycjiiwiary.com\/pl\/subskrypcje-2\/automatyczne\/indywidualne\/\" target=\"_blank\" rel=\"noopener\"><img decoding=\"async\" class=\"size-medium wp-image-80434 aligncenter\" src=\"https:\/\/wobronietradycjiiwiary.com\/wp-content\/uploads\/2022\/11\/Unbenannt-1-Przelewem-300x137.jpg\" alt=\"\" width=\"300\" height=\"137\" srcset=\"https:\/\/wobronietradycjiiwiary.com\/wp-content\/uploads\/2022\/11\/Unbenannt-1-Przelewem-300x137.jpg 300w, https:\/\/wobronietradycjiiwiary.com\/wp-content\/uploads\/2022\/11\/Unbenannt-1-Przelewem-450x206.jpg 450w, https:\/\/wobronietradycjiiwiary.com\/wp-content\/uploads\/2022\/11\/Unbenannt-1-Przelewem-600x274.jpg 600w, https:\/\/wobronietradycjiiwiary.com\/wp-content\/uploads\/2022\/11\/Unbenannt-1-Przelewem-150x69.jpg 150w, https:\/\/wobronietradycjiiwiary.com\/wp-content\/uploads\/2022\/11\/Unbenannt-1-Przelewem-18x8.jpg 18w, https:\/\/wobronietradycjiiwiary.com\/wp-content\/uploads\/2022\/11\/Unbenannt-1-Przelewem.jpg 676w\" sizes=\"(max-width: 300px) 100vw, 300px\" \/><\/a><\/p>\n<p style=\"text-align: center\"><strong><span style=\"font-size: 18pt;color: #000080\">P\u0142atno\u015b\u0107 kart\u0105 do 6 os\u00f3b<\/span><\/strong><\/p>\n<p><a href=\"https:\/\/wobronietradycjiiwiary.com\/pl\/rodzinne\/\" target=\"_blank\" rel=\"noopener\"><img decoding=\"async\" class=\"size-medium wp-image-80435 aligncenter\" src=\"https:\/\/wobronietradycjiiwiary.com\/wp-content\/uploads\/2022\/11\/Unbenannt-1-Rodzinna-300x208.jpg\" alt=\"\" width=\"300\" height=\"208\" srcset=\"https:\/\/wobronietradycjiiwiary.com\/wp-content\/uploads\/2022\/11\/Unbenannt-1-Rodzinna-300x208.jpg 300w, https:\/\/wobronietradycjiiwiary.com\/wp-content\/uploads\/2022\/11\/Unbenannt-1-Rodzinna-150x104.jpg 150w, https:\/\/wobronietradycjiiwiary.com\/wp-content\/uploads\/2022\/11\/Unbenannt-1-Rodzinna-18x12.jpg 18w, https:\/\/wobronietradycjiiwiary.com\/wp-content\/uploads\/2022\/11\/Unbenannt-1-Rodzinna.jpg 448w\" sizes=\"(max-width: 300px) 100vw, 300px\" \/><\/a><\/p>\n<h3 style=\"text-align: center\"><\/h3>\n<h1 style=\"text-align: center\"><\/h1>\n","protected":false},"excerpt":{"rendered":"<p>Zwykle jest tak, \u017ce kto\u015b ma swoje ulubione objawienia prywatne, na kt\u00f3rych si\u0119 jej lub jego katolicyzm zasadza, a zakwestionowanie&hellip; &nbsp; Pe\u0142en dost\u0119p dla subskrybent\u00f3w. Zaloguj si\u0119 lub przejd\u017a do Rejestracji. Nowe ni\u017csze ceny P\u0142atno\u015b\u0107 kart\u0105 P\u0142atno\u015b\u0107 przelewem P\u0142atno\u015b\u0107 kart\u0105 do 6 os\u00f3b<\/p>\n","protected":false},"author":60508433,"featured_media":0,"comment_status":"closed","ping_status":"closed","sticky":false,"template":"","format":"standard","meta":{"_bbp_topic_count":0,"_bbp_reply_count":0,"_bbp_total_topic_count":0,"_bbp_total_reply_count":0,"_bbp_voice_count":0,"_bbp_anonymous_reply_count":0,"_bbp_topic_count_hidden":0,"_bbp_reply_count_hidden":0,"_bbp_forum_subforum_count":0,"_editorskit_title_hidden":false,"_editorskit_reading_time":0,"_editorskit_is_block_options_detached":false,"_editorskit_block_options_position":"{}","_coblocks_attr":"","_coblocks_dimensions":"","_coblocks_responsive_height":"","_coblocks_accordion_ie_support":"","_exactmetrics_skip_tracking":false,"_jetpack_newsletter_access":"","_jetpack_dont_email_post_to_subs":false,"_jetpack_newsletter_tier_id":0,"_jetpack_memberships_contains_paywalled_content":false,"_wpcom_ai_launchpad_first_post":false,"_jetpack_feature_clip_id":0,"_jetpack_memberships_contains_paid_content":false,"footnotes":"","jetpack_publicize_message":"{title}\n\n{excerpt}\n\n{url}","jetpack_publicize_feature_enabled":true,"jetpack_social_post_already_shared":true,"jetpack_social_options":{"image_generator_settings":{"template":"highway","default_image_id":0,"font":"","enabled":false},"version":2},"_wpas_customize_per_network":false,"jetpack_post_was_ever_published":false},"categories":[610131214,610131184,610130850,578310521,610135001,610135005],"tags":[610131527,610131374,610131529,610132133],"class_list":["post-26516","post","type-post","status-publish","format-standard","hentry","category-autorzy","category-duchowosc","category-augustin-poulain-sj","category-augustin-poulain-sj-pdf","category-poulain-objawienia-i-wizje","category-poulain-osoba-wizjonera","tag-maria-agreda","tag-o-poulain-sj-objawienia-i-wizje-bledy-przy-objawieniach","tag-prawdziwosc-objawien","tag-restricted"],"yoast_head":"<!-- This site is optimized with the Yoast SEO plugin v28.3 - https:\/\/yoast.com\/product\/yoast-seo-wordpress\/ -->\n<title>Objawienia a predyspozycje naturalne - Tradycja i Wiara<\/title>\n<meta name=\"description\" content=\"Objawienia a predyspozycje naturalne Maria Agreda prawdziwo\u015b\u0107 objawie\u0144\" \/>\n<meta name=\"robots\" content=\"index, follow, max-snippet:-1, max-image-preview:large, max-video-preview:-1\" \/>\n<link rel=\"canonical\" href=\"https:\/\/wobronietradycjiiwiary.com\/pl\/objawienia-a-predyspozycje-naturalne\/\" \/>\n<meta property=\"og:locale\" content=\"pl_PL\" \/>\n<meta property=\"og:type\" content=\"article\" \/>\n<meta property=\"og:title\" content=\"Objawienia a predyspozycje naturalne - Tradycja i Wiara\" \/>\n<meta property=\"og:description\" content=\"Objawienia a predyspozycje naturalne Maria Agreda prawdziwo\u015b\u0107 objawie\u0144\" \/>\n<meta property=\"og:url\" content=\"https:\/\/wobronietradycjiiwiary.com\/pl\/objawienia-a-predyspozycje-naturalne\/\" \/>\n<meta property=\"og:site_name\" content=\"Tradycja i Wiara\" \/>\n<meta property=\"article:publisher\" content=\"https:\/\/www.facebook.com\/Tradycja-i-Wiara-108813920592249\" \/>\n<meta property=\"article:published_time\" content=\"2020-02-28T07:10:07+00:00\" \/>\n<meta property=\"article:modified_time\" content=\"2025-02-07T14:48:27+00:00\" \/>\n<meta name=\"author\" content=\"Traditio et Fides\" \/>\n<meta name=\"twitter:card\" content=\"summary_large_image\" \/>\n<meta name=\"twitter:label1\" content=\"Napisane przez\" \/>\n\t<meta name=\"twitter:data1\" content=\"Traditio et Fides\" \/>\n<script type=\"application\/ld+json\" class=\"yoast-schema-graph\">{\"@context\":\"https:\\\/\\\/schema.org\",\"@graph\":[{\"@type\":\"Article\",\"@id\":\"https:\\\/\\\/wobronietradycjiiwiary.com\\\/objawienia-a-predyspozycje-naturalne\\\/#article\",\"isPartOf\":{\"@id\":\"https:\\\/\\\/wobronietradycjiiwiary.com\\\/objawienia-a-predyspozycje-naturalne\\\/\"},\"author\":{\"name\":\"Traditio et Fides\",\"@id\":\"https:\\\/\\\/wobronietradycjiiwiary.com\\\/pl\\\/#\\\/schema\\\/person\\\/2d6180ce6abcb681fef0daab7816e8f3\"},\"headline\":\"Objawienia a predyspozycje naturalne\",\"datePublished\":\"2020-02-28T07:10:07+00:00\",\"dateModified\":\"2025-02-07T14:48:27+00:00\",\"mainEntityOfPage\":{\"@id\":\"https:\\\/\\\/wobronietradycjiiwiary.com\\\/objawienia-a-predyspozycje-naturalne\\\/\"},\"wordCount\":102,\"publisher\":{\"@id\":\"https:\\\/\\\/wobronietradycjiiwiary.com\\\/pl\\\/#organization\"},\"keywords\":[\"Maria Agreda\",\"o. Poulain SJ objawienia i wizje b\u0142\u0119dy przy objawieniach\",\"prawdziwo\u015b\u0107 objawie\u0144\",\"Restricted\"],\"articleSection\":[\"Autorzy \u017cycia duchowego\",\"Duchowo\u015b\u0107\",\"o. Augustin Poulain SJ - \\\"\u0141aski modlitwy w Chrystusie Odkupicielu\\\"\",\"o. Augustin Poulain SJ pdf\",\"Poulain - Objawienia i wizje\",\"Poulain - Osoba wizjonera\"],\"inLanguage\":\"pl-PL\"},{\"@type\":\"WebPage\",\"@id\":\"https:\\\/\\\/wobronietradycjiiwiary.com\\\/objawienia-a-predyspozycje-naturalne\\\/\",\"url\":\"https:\\\/\\\/wobronietradycjiiwiary.com\\\/objawienia-a-predyspozycje-naturalne\\\/\",\"name\":\"Objawienia a predyspozycje naturalne - Tradycja i Wiara\",\"isPartOf\":{\"@id\":\"https:\\\/\\\/wobronietradycjiiwiary.com\\\/pl\\\/#website\"},\"datePublished\":\"2020-02-28T07:10:07+00:00\",\"dateModified\":\"2025-02-07T14:48:27+00:00\",\"description\":\"Objawienia a predyspozycje naturalne Maria Agreda prawdziwo\u015b\u0107 objawie\u0144\",\"breadcrumb\":{\"@id\":\"https:\\\/\\\/wobronietradycjiiwiary.com\\\/objawienia-a-predyspozycje-naturalne\\\/#breadcrumb\"},\"inLanguage\":\"pl-PL\",\"potentialAction\":[{\"@type\":\"ReadAction\",\"target\":[\"https:\\\/\\\/wobronietradycjiiwiary.com\\\/objawienia-a-predyspozycje-naturalne\\\/\"]}]},{\"@type\":\"BreadcrumbList\",\"@id\":\"https:\\\/\\\/wobronietradycjiiwiary.com\\\/objawienia-a-predyspozycje-naturalne\\\/#breadcrumb\",\"itemListElement\":[{\"@type\":\"ListItem\",\"position\":1,\"name\":\"Strona g\u0142\u00f3wna\",\"item\":\"https:\\\/\\\/wobronietradycjiiwiary.com\\\/\"},{\"@type\":\"ListItem\",\"position\":2,\"name\":\"Objawienia a predyspozycje naturalne\"}]},{\"@type\":\"WebSite\",\"@id\":\"https:\\\/\\\/wobronietradycjiiwiary.com\\\/pl\\\/#website\",\"url\":\"https:\\\/\\\/wobronietradycjiiwiary.com\\\/pl\\\/\",\"name\":\"Tradycja i Wiara\",\"description\":\"Portal dla katolik\u00f3w.\",\"publisher\":{\"@id\":\"https:\\\/\\\/wobronietradycjiiwiary.com\\\/pl\\\/#organization\"},\"potentialAction\":[{\"@type\":\"SearchAction\",\"target\":{\"@type\":\"EntryPoint\",\"urlTemplate\":\"https:\\\/\\\/wobronietradycjiiwiary.com\\\/pl\\\/?s={search_term_string}\"},\"query-input\":{\"@type\":\"PropertyValueSpecification\",\"valueRequired\":true,\"valueName\":\"search_term_string\"}}],\"inLanguage\":\"pl-PL\"},{\"@type\":\"Organization\",\"@id\":\"https:\\\/\\\/wobronietradycjiiwiary.com\\\/pl\\\/#organization\",\"name\":\"Tradycja i Wiara\",\"url\":\"https:\\\/\\\/wobronietradycjiiwiary.com\\\/pl\\\/\",\"logo\":{\"@type\":\"ImageObject\",\"inLanguage\":\"pl-PL\",\"@id\":\"https:\\\/\\\/wobronietradycjiiwiary.com\\\/pl\\\/#\\\/schema\\\/logo\\\/image\\\/\",\"url\":\"https:\\\/\\\/i0.wp.com\\\/wobronietradycjiiwiary.com\\\/wp-content\\\/uploads\\\/2015\\\/10\\\/cropped-st-peters-dome-vatican.jpg?fit=940%2C198&ssl=1\",\"contentUrl\":\"https:\\\/\\\/i0.wp.com\\\/wobronietradycjiiwiary.com\\\/wp-content\\\/uploads\\\/2015\\\/10\\\/cropped-st-peters-dome-vatican.jpg?fit=940%2C198&ssl=1\",\"width\":940,\"height\":198,\"caption\":\"Tradycja i Wiara\"},\"image\":{\"@id\":\"https:\\\/\\\/wobronietradycjiiwiary.com\\\/pl\\\/#\\\/schema\\\/logo\\\/image\\\/\"},\"sameAs\":[\"https:\\\/\\\/www.facebook.com\\\/Tradycja-i-Wiara-108813920592249\"]},{\"@type\":\"Person\",\"@id\":\"https:\\\/\\\/wobronietradycjiiwiary.com\\\/pl\\\/#\\\/schema\\\/person\\\/2d6180ce6abcb681fef0daab7816e8f3\",\"name\":\"Traditio et Fides\",\"sameAs\":[\"https:\\\/\\\/traditionundglauben.com\"],\"url\":\"https:\\\/\\\/wobronietradycjiiwiary.com\\\/pl\\\/author\\\/wobronietradycjiiwiary\\\/\"}]}<\/script>\n<!-- \/ Yoast SEO plugin. -->","yoast_head_json":{"title":"Objawienia a predyspozycje naturalne - Tradycja i Wiara","description":"Objawienia a predyspozycje naturalne Maria Agreda prawdziwo\u015b\u0107 objawie\u0144","robots":{"index":"index","follow":"follow","max-snippet":"max-snippet:-1","max-image-preview":"max-image-preview:large","max-video-preview":"max-video-preview:-1"},"canonical":"https:\/\/wobronietradycjiiwiary.com\/pl\/objawienia-a-predyspozycje-naturalne\/","og_locale":"pl_PL","og_type":"article","og_title":"Objawienia a predyspozycje naturalne - Tradycja i Wiara","og_description":"Objawienia a predyspozycje naturalne Maria Agreda prawdziwo\u015b\u0107 objawie\u0144","og_url":"https:\/\/wobronietradycjiiwiary.com\/pl\/objawienia-a-predyspozycje-naturalne\/","og_site_name":"Tradycja i Wiara","article_publisher":"https:\/\/www.facebook.com\/Tradycja-i-Wiara-108813920592249","article_published_time":"2020-02-28T07:10:07+00:00","article_modified_time":"2025-02-07T14:48:27+00:00","author":"Traditio et Fides","twitter_card":"summary_large_image","twitter_misc":{"Napisane przez":"Traditio et Fides"},"schema":{"@context":"https:\/\/schema.org","@graph":[{"@type":"Article","@id":"https:\/\/wobronietradycjiiwiary.com\/objawienia-a-predyspozycje-naturalne\/#article","isPartOf":{"@id":"https:\/\/wobronietradycjiiwiary.com\/objawienia-a-predyspozycje-naturalne\/"},"author":{"name":"Traditio et Fides","@id":"https:\/\/wobronietradycjiiwiary.com\/pl\/#\/schema\/person\/2d6180ce6abcb681fef0daab7816e8f3"},"headline":"Objawienia a predyspozycje naturalne","datePublished":"2020-02-28T07:10:07+00:00","dateModified":"2025-02-07T14:48:27+00:00","mainEntityOfPage":{"@id":"https:\/\/wobronietradycjiiwiary.com\/objawienia-a-predyspozycje-naturalne\/"},"wordCount":102,"publisher":{"@id":"https:\/\/wobronietradycjiiwiary.com\/pl\/#organization"},"keywords":["Maria Agreda","o. Poulain SJ objawienia i wizje b\u0142\u0119dy przy objawieniach","prawdziwo\u015b\u0107 objawie\u0144","Restricted"],"articleSection":["Autorzy \u017cycia duchowego","Duchowo\u015b\u0107","o. Augustin Poulain SJ - \"\u0141aski modlitwy w Chrystusie Odkupicielu\"","o. Augustin Poulain SJ pdf","Poulain - Objawienia i wizje","Poulain - Osoba wizjonera"],"inLanguage":"pl-PL"},{"@type":"WebPage","@id":"https:\/\/wobronietradycjiiwiary.com\/objawienia-a-predyspozycje-naturalne\/","url":"https:\/\/wobronietradycjiiwiary.com\/objawienia-a-predyspozycje-naturalne\/","name":"Objawienia a predyspozycje naturalne - Tradycja i Wiara","isPartOf":{"@id":"https:\/\/wobronietradycjiiwiary.com\/pl\/#website"},"datePublished":"2020-02-28T07:10:07+00:00","dateModified":"2025-02-07T14:48:27+00:00","description":"Objawienia a predyspozycje naturalne Maria Agreda prawdziwo\u015b\u0107 objawie\u0144","breadcrumb":{"@id":"https:\/\/wobronietradycjiiwiary.com\/objawienia-a-predyspozycje-naturalne\/#breadcrumb"},"inLanguage":"pl-PL","potentialAction":[{"@type":"ReadAction","target":["https:\/\/wobronietradycjiiwiary.com\/objawienia-a-predyspozycje-naturalne\/"]}]},{"@type":"BreadcrumbList","@id":"https:\/\/wobronietradycjiiwiary.com\/objawienia-a-predyspozycje-naturalne\/#breadcrumb","itemListElement":[{"@type":"ListItem","position":1,"name":"Strona g\u0142\u00f3wna","item":"https:\/\/wobronietradycjiiwiary.com\/"},{"@type":"ListItem","position":2,"name":"Objawienia a predyspozycje naturalne"}]},{"@type":"WebSite","@id":"https:\/\/wobronietradycjiiwiary.com\/pl\/#website","url":"https:\/\/wobronietradycjiiwiary.com\/pl\/","name":"Tradycja i Wiara","description":"Portal dla katolik\u00f3w.","publisher":{"@id":"https:\/\/wobronietradycjiiwiary.com\/pl\/#organization"},"potentialAction":[{"@type":"SearchAction","target":{"@type":"EntryPoint","urlTemplate":"https:\/\/wobronietradycjiiwiary.com\/pl\/?s={search_term_string}"},"query-input":{"@type":"PropertyValueSpecification","valueRequired":true,"valueName":"search_term_string"}}],"inLanguage":"pl-PL"},{"@type":"Organization","@id":"https:\/\/wobronietradycjiiwiary.com\/pl\/#organization","name":"Tradycja i Wiara","url":"https:\/\/wobronietradycjiiwiary.com\/pl\/","logo":{"@type":"ImageObject","inLanguage":"pl-PL","@id":"https:\/\/wobronietradycjiiwiary.com\/pl\/#\/schema\/logo\/image\/","url":"https:\/\/i0.wp.com\/wobronietradycjiiwiary.com\/wp-content\/uploads\/2015\/10\/cropped-st-peters-dome-vatican.jpg?fit=940%2C198&ssl=1","contentUrl":"https:\/\/i0.wp.com\/wobronietradycjiiwiary.com\/wp-content\/uploads\/2015\/10\/cropped-st-peters-dome-vatican.jpg?fit=940%2C198&ssl=1","width":940,"height":198,"caption":"Tradycja i Wiara"},"image":{"@id":"https:\/\/wobronietradycjiiwiary.com\/pl\/#\/schema\/logo\/image\/"},"sameAs":["https:\/\/www.facebook.com\/Tradycja-i-Wiara-108813920592249"]},{"@type":"Person","@id":"https:\/\/wobronietradycjiiwiary.com\/pl\/#\/schema\/person\/2d6180ce6abcb681fef0daab7816e8f3","name":"Traditio et Fides","sameAs":["https:\/\/traditionundglauben.com"],"url":"https:\/\/wobronietradycjiiwiary.com\/pl\/author\/wobronietradycjiiwiary\/"}]}},"jetpack_publicize_connections":[],"jetpack_sharing_enabled":true,"jetpack_likes_enabled":true,"jetpack_shortlink":"https:\/\/wp.me\/pc04Sd-6TG","jetpack-related-posts":[{"id":27198,"url":"https:\/\/wobronietradycjiiwiary.com\/pl\/poulain-sj-rozdzial-xxii-objawienia-i-wizje-32-%c2%a7-2-siedem-rodzajow-wiadomosci-jakie-zdobyc-nalezy-o-osobie-ktora-przypisuje-sobie-tego-rodzaju-laski\/","url_meta":{"origin":26516,"position":0},"title":"Poulain SJ: Rozdzia\u0142 XXII. Objawienia i wizje (32). \u00a7 2. Siedem rodzaj\u00f3w wiadomo\u015bci, jakie zdoby\u0107 nale\u017cy o osobie, kt\u00f3ra przypisuje sobie tego rodzaju \u0142aski.","author":"Traditio et Fides","date":"3 kwietnia 2020","format":false,"excerpt":"26. Czy dana osoba zastosowa\u0142a trzy \u015brodki konieczne dla unikni\u0119cia iluzji: a) l\u0119k przed oszukaniem, b) szczero\u015b\u0107 wobec kierownika, c) wyzucie si\u0119 z pragnienia objawie\u0144? 27. a) Jasne jest przede wszystkim, \u017ce kto czuje si\u0119 zabezpieczony od z\u0142udze\u0144, jest najlepiej przysposobiony, \u017ceby w nie popada\u0107. Dusza staje si\u0119 wtedy jakby\u2026","rel":"","context":"W \u201eAutorzy \u017cycia duchowego&quot;","block_context":{"text":"Autorzy \u017cycia duchowego","link":"https:\/\/wobronietradycjiiwiary.com\/pl\/category\/duchowosc\/autorzy\/"},"img":{"alt_text":"","src":"https:\/\/i0.wp.com\/wobronietradycjiiwiary.com\/wp-content\/uploads\/2019\/10\/peter-paul-rubens-die-wunder-des-hl-ignatius-von-loyola.jpg?resize=350%2C200&ssl=1","width":350,"height":200,"srcset":"https:\/\/i0.wp.com\/wobronietradycjiiwiary.com\/wp-content\/uploads\/2019\/10\/peter-paul-rubens-die-wunder-des-hl-ignatius-von-loyola.jpg?resize=350%2C200&ssl=1 1x, https:\/\/i0.wp.com\/wobronietradycjiiwiary.com\/wp-content\/uploads\/2019\/10\/peter-paul-rubens-die-wunder-des-hl-ignatius-von-loyola.jpg?resize=525%2C300&ssl=1 1.5x, https:\/\/i0.wp.com\/wobronietradycjiiwiary.com\/wp-content\/uploads\/2019\/10\/peter-paul-rubens-die-wunder-des-hl-ignatius-von-loyola.jpg?resize=700%2C400&ssl=1 2x, https:\/\/i0.wp.com\/wobronietradycjiiwiary.com\/wp-content\/uploads\/2019\/10\/peter-paul-rubens-die-wunder-des-hl-ignatius-von-loyola.jpg?resize=1050%2C600&ssl=1 3x"},"classes":[]},{"id":26486,"url":"https:\/\/wobronietradycjiiwiary.com\/pl\/poulain-sj-rozdzial-xxii-objawienia-i-wizje-25-%c2%a7-1-cechy-prawdziwych-i-falszywych-objawien-proces-dowodowy\/","url_meta":{"origin":26516,"position":1},"title":"Poulain SJ: Rozdzia\u0142 XXII. Objawienia i wizje (25). \u00a7 1. Cechy prawdziwych i fa\u0142szywych objawie\u0144. Proces dowodowy.","author":"Traditio et Fides","date":"14 lutego 2020","format":false,"excerpt":"6. Ca\u0142y proces os\u0105dzania objawie\u0144 i wizji zamyka si\u0119 w tych trzech czynno\u015bciach, kt\u00f3re b\u0119dziemy rozpatrywa\u0107 osobno: zebranie szczeg\u00f3\u0142owych informacji o osobie, kt\u00f3ra mia\u0142a otrzyma\u0107 te \u0142aski; zebranie dok\u0142adnych wiadomo\u015bci o samym fakcie objawienia; wyci\u0105gni\u0119cie w\u0142a\u015bciwych wniosk\u00f3w z powy\u017cszych danych. Niekiedy dla udowodnienia, \u017ce jakie\u015b objawienie jest Bo\u017ce, u\u017cywa si\u0119\u2026","rel":"","context":"W \u201eAutorzy \u017cycia duchowego&quot;","block_context":{"text":"Autorzy \u017cycia duchowego","link":"https:\/\/wobronietradycjiiwiary.com\/pl\/category\/duchowosc\/autorzy\/"},"img":{"alt_text":"","src":"https:\/\/i0.wp.com\/wobronietradycjiiwiary.com\/wp-content\/uploads\/2019\/10\/peter-paul-rubens-die-wunder-des-hl-ignatius-von-loyola.jpg?resize=350%2C200&ssl=1","width":350,"height":200,"srcset":"https:\/\/i0.wp.com\/wobronietradycjiiwiary.com\/wp-content\/uploads\/2019\/10\/peter-paul-rubens-die-wunder-des-hl-ignatius-von-loyola.jpg?resize=350%2C200&ssl=1 1x, https:\/\/i0.wp.com\/wobronietradycjiiwiary.com\/wp-content\/uploads\/2019\/10\/peter-paul-rubens-die-wunder-des-hl-ignatius-von-loyola.jpg?resize=525%2C300&ssl=1 1.5x, https:\/\/i0.wp.com\/wobronietradycjiiwiary.com\/wp-content\/uploads\/2019\/10\/peter-paul-rubens-die-wunder-des-hl-ignatius-von-loyola.jpg?resize=700%2C400&ssl=1 2x, https:\/\/i0.wp.com\/wobronietradycjiiwiary.com\/wp-content\/uploads\/2019\/10\/peter-paul-rubens-die-wunder-des-hl-ignatius-von-loyola.jpg?resize=1050%2C600&ssl=1 3x"},"classes":[]},{"id":26266,"url":"https:\/\/wobronietradycjiiwiary.com\/pl\/poulain-sj-rozdzial-xxii-objawienia-i-wizje-23-%c2%a7-1-cechy-prawdziwych-i-falszywych-objawien\/","url_meta":{"origin":26516,"position":2},"title":"Poulain SJ: Rozdzia\u0142 XXII. Objawienia i wizje (23). \u00a7 1. Cechy prawdziwych i fa\u0142szywych objawie\u0144.","author":"Traditio et Fides","date":"31 stycznia 2020","format":false,"excerpt":"1. Zbadajmy najpierw t\u0119 kwestie: czy mo\u017cna kiedykolwiek mie\u0107 moraln\u0105 pewno\u015b\u0107, \u017ce jakie\u015b objawienie jest wy\u0142\u0105cznie Bo\u017ce? Trzeba tu odpowiedzie\u0107 twierdz\u0105co, mimo wielu \u017ar\u00f3de\u0142 b\u0142\u0119du, o kt\u00f3rych m\u00f3wili\u015bmy poprzednio. 2. Bo najpierw B\u00f3g mo\u017ce, je\u017celi zechce, da\u0107 zupe\u0142n\u0105 pewno\u015b\u0107 samej osobie, kt\u00f3ra objawienie otrzymuje, przynajmniej w czasie jego trwania. Daje\u2026","rel":"","context":"W \u201eAutorzy \u017cycia duchowego&quot;","block_context":{"text":"Autorzy \u017cycia duchowego","link":"https:\/\/wobronietradycjiiwiary.com\/pl\/category\/duchowosc\/autorzy\/"},"img":{"alt_text":"","src":"https:\/\/i0.wp.com\/wobronietradycjiiwiary.com\/wp-content\/uploads\/2019\/10\/peter-paul-rubens-die-wunder-des-hl-ignatius-von-loyola.jpg?resize=350%2C200&ssl=1","width":350,"height":200,"srcset":"https:\/\/i0.wp.com\/wobronietradycjiiwiary.com\/wp-content\/uploads\/2019\/10\/peter-paul-rubens-die-wunder-des-hl-ignatius-von-loyola.jpg?resize=350%2C200&ssl=1 1x, https:\/\/i0.wp.com\/wobronietradycjiiwiary.com\/wp-content\/uploads\/2019\/10\/peter-paul-rubens-die-wunder-des-hl-ignatius-von-loyola.jpg?resize=525%2C300&ssl=1 1.5x, https:\/\/i0.wp.com\/wobronietradycjiiwiary.com\/wp-content\/uploads\/2019\/10\/peter-paul-rubens-die-wunder-des-hl-ignatius-von-loyola.jpg?resize=700%2C400&ssl=1 2x, https:\/\/i0.wp.com\/wobronietradycjiiwiary.com\/wp-content\/uploads\/2019\/10\/peter-paul-rubens-die-wunder-des-hl-ignatius-von-loyola.jpg?resize=1050%2C600&ssl=1 3x"},"classes":[]},{"id":27165,"url":"https:\/\/wobronietradycjiiwiary.com\/pl\/poulain-sj-rozdzial-xxii-objawienia-i-wizje-30-%c2%a7-2-siedem-rodzajow-wiadomosci-jakie-zdobyc-nalezy-o-osobie-ktora-przypisuje-sobie-tego-rodzaju-laski\/","url_meta":{"origin":26516,"position":3},"title":"Poulain SJ: Rozdzia\u0142 XXII. Objawienia i wizje (30). \u00a7 2. Siedem rodzaj\u00f3w wiadomo\u015bci, jakie zdoby\u0107 nale\u017cy o osobie, kt\u00f3ra przypisuje sobie tego rodzaju \u0142aski.","author":"Traditio et Fides","date":"20 marca 2020","format":false,"excerpt":"17. 4. Jakie \u0142aski nadzwyczajne zjednoczenia z Bogiem osoba ta, jak s\u0105dzi, otrzyma\u0142a ju\u017c poprzednio i jaki s\u0105d o nich wydano? Je\u017celi mia\u0142a tylko wielkie uczucia mi\u0142o\u015bci Bo\u017cej albo i ukojenie, trzeba zachowa\u0107 rezerw\u0119 co do jej objawie\u0144 i widze\u0144, zw\u0142aszcza je\u017celi powtarza\u0142y si\u0119 cz\u0119sto. Poza wyj\u0105tkami te wy\u017csze \u0142aski\u2026","rel":"","context":"W \u201eAutorzy \u017cycia duchowego&quot;","block_context":{"text":"Autorzy \u017cycia duchowego","link":"https:\/\/wobronietradycjiiwiary.com\/pl\/category\/duchowosc\/autorzy\/"},"img":{"alt_text":"","src":"https:\/\/i0.wp.com\/wobronietradycjiiwiary.com\/wp-content\/uploads\/2019\/10\/peter-paul-rubens-die-wunder-des-hl-ignatius-von-loyola.jpg?resize=350%2C200&ssl=1","width":350,"height":200,"srcset":"https:\/\/i0.wp.com\/wobronietradycjiiwiary.com\/wp-content\/uploads\/2019\/10\/peter-paul-rubens-die-wunder-des-hl-ignatius-von-loyola.jpg?resize=350%2C200&ssl=1 1x, https:\/\/i0.wp.com\/wobronietradycjiiwiary.com\/wp-content\/uploads\/2019\/10\/peter-paul-rubens-die-wunder-des-hl-ignatius-von-loyola.jpg?resize=525%2C300&ssl=1 1.5x, https:\/\/i0.wp.com\/wobronietradycjiiwiary.com\/wp-content\/uploads\/2019\/10\/peter-paul-rubens-die-wunder-des-hl-ignatius-von-loyola.jpg?resize=700%2C400&ssl=1 2x, https:\/\/i0.wp.com\/wobronietradycjiiwiary.com\/wp-content\/uploads\/2019\/10\/peter-paul-rubens-die-wunder-des-hl-ignatius-von-loyola.jpg?resize=1050%2C600&ssl=1 3x"},"classes":[]},{"id":27201,"url":"https:\/\/wobronietradycjiiwiary.com\/pl\/poulain-sj-rozdzial-xxii-objawienia-i-wizje-33-%c2%a7-3-dziewiec-srodkow-do-zdobycia-informacji-o-objawieniu-rozwazanym-czy-to-w-sobie-czy-w-towarzyszacych-mu-okolicznosciach\/","url_meta":{"origin":26516,"position":4},"title":"Poulain SJ: Rozdzia\u0142 XXII. Objawienia i wizje (33). \u00a7 3. Dziewi\u0119\u0107 \u015brodk\u00f3w do zdobycia informacji o objawieniu rozwa\u017canym czy to w sobie, czy w towarzysz\u0105cych mu okoliczno\u015bciach.","author":"Traditio et Fides","date":"17 kwietnia 2020","format":false,"excerpt":"32. 1. Czy istnieje tekst objawienia bezwzgl\u0119dnie autentyczny? Czy nie uleg\u0142y w nim poprawkom pewne wyra\u017cenia jako niedok\u0142adne lub niejasne? Czy nie usuni\u0119to ze\u0144 ca\u0142kiem pewnych ust\u0119p\u00f3w? By\u0142oby to mniej wa\u017cne, gdyby chodzi\u0142o tylko o wiernych. Gorzej jednak, gdy chodzi o s\u0105d nad samym faktem. Przez takie kaleczenie oryginalnego tekstu\u2026","rel":"","context":"W \u201eAutorzy \u017cycia duchowego&quot;","block_context":{"text":"Autorzy \u017cycia duchowego","link":"https:\/\/wobronietradycjiiwiary.com\/pl\/category\/duchowosc\/autorzy\/"},"img":{"alt_text":"","src":"https:\/\/i0.wp.com\/wobronietradycjiiwiary.com\/wp-content\/uploads\/2019\/10\/peter-paul-rubens-die-wunder-des-hl-ignatius-von-loyola.jpg?resize=350%2C200&ssl=1","width":350,"height":200,"srcset":"https:\/\/i0.wp.com\/wobronietradycjiiwiary.com\/wp-content\/uploads\/2019\/10\/peter-paul-rubens-die-wunder-des-hl-ignatius-von-loyola.jpg?resize=350%2C200&ssl=1 1x, https:\/\/i0.wp.com\/wobronietradycjiiwiary.com\/wp-content\/uploads\/2019\/10\/peter-paul-rubens-die-wunder-des-hl-ignatius-von-loyola.jpg?resize=525%2C300&ssl=1 1.5x, https:\/\/i0.wp.com\/wobronietradycjiiwiary.com\/wp-content\/uploads\/2019\/10\/peter-paul-rubens-die-wunder-des-hl-ignatius-von-loyola.jpg?resize=700%2C400&ssl=1 2x, https:\/\/i0.wp.com\/wobronietradycjiiwiary.com\/wp-content\/uploads\/2019\/10\/peter-paul-rubens-die-wunder-des-hl-ignatius-von-loyola.jpg?resize=1050%2C600&ssl=1 3x"},"classes":[]},{"id":26500,"url":"https:\/\/wobronietradycjiiwiary.com\/pl\/poulain-sj-rozdzial-xxii-objawienia-i-wizje-26-%c2%a7-2-siedem-rodzajow-wiadomosci-jakie-zdobyc-nalezy-o-osobie-ktora-przypisuje-sobie-tego-rodzaju-laski\/","url_meta":{"origin":26516,"position":5},"title":"Poulain SJ: Rozdzia\u0142 XXII. Objawienia i wizje (26). \u00a7 2. Siedem rodzaj\u00f3w wiadomo\u015bci, jakie zdoby\u0107 nale\u017cy o osobie, kt\u00f3ra przypisuje sobie tego rodzaju \u0142aski.","author":"Traditio et Fides","date":"21 lutego 2020","format":false,"excerpt":"7. Zanim zaczniemy bada\u0107 tre\u015b\u0107 i okoliczno\u015bci zjawiska, trzeba dowiedzie\u0107 si\u0119, z kim si\u0119 ma do czynienia. Wchodzi tu ca\u0142a seria spraw, kt\u00f3re kolejno wylicz\u0119. Doprowadz\u0105 one do poznania danej osoby pod trojakim k\u0105tem widzenia: przyrodzonym, ascetycznym i mistycznym. Je\u015bli chodzi o osob\u0119 kanonizowan\u0105, ta ankieta zosta\u0142a z g\u00f3ry przeprowadzona\u2026","rel":"","context":"W \u201eAutorzy \u017cycia duchowego&quot;","block_context":{"text":"Autorzy \u017cycia duchowego","link":"https:\/\/wobronietradycjiiwiary.com\/pl\/category\/duchowosc\/autorzy\/"},"img":{"alt_text":"","src":"https:\/\/i0.wp.com\/wobronietradycjiiwiary.com\/wp-content\/uploads\/2019\/10\/peter-paul-rubens-die-wunder-des-hl-ignatius-von-loyola.jpg?resize=350%2C200&ssl=1","width":350,"height":200,"srcset":"https:\/\/i0.wp.com\/wobronietradycjiiwiary.com\/wp-content\/uploads\/2019\/10\/peter-paul-rubens-die-wunder-des-hl-ignatius-von-loyola.jpg?resize=350%2C200&ssl=1 1x, https:\/\/i0.wp.com\/wobronietradycjiiwiary.com\/wp-content\/uploads\/2019\/10\/peter-paul-rubens-die-wunder-des-hl-ignatius-von-loyola.jpg?resize=525%2C300&ssl=1 1.5x, https:\/\/i0.wp.com\/wobronietradycjiiwiary.com\/wp-content\/uploads\/2019\/10\/peter-paul-rubens-die-wunder-des-hl-ignatius-von-loyola.jpg?resize=700%2C400&ssl=1 2x, https:\/\/i0.wp.com\/wobronietradycjiiwiary.com\/wp-content\/uploads\/2019\/10\/peter-paul-rubens-die-wunder-des-hl-ignatius-von-loyola.jpg?resize=1050%2C600&ssl=1 3x"},"classes":[]}],"amp_enabled":true,"jetpack_featured_media_url":"","_links":{"self":[{"href":"https:\/\/wobronietradycjiiwiary.com\/pl\/wp-json\/wp\/v2\/posts\/26516","targetHints":{"allow":["GET"]}}],"collection":[{"href":"https:\/\/wobronietradycjiiwiary.com\/pl\/wp-json\/wp\/v2\/posts"}],"about":[{"href":"https:\/\/wobronietradycjiiwiary.com\/pl\/wp-json\/wp\/v2\/types\/post"}],"author":[{"embeddable":true,"href":"https:\/\/wobronietradycjiiwiary.com\/pl\/wp-json\/wp\/v2\/users\/60508433"}],"replies":[{"embeddable":true,"href":"https:\/\/wobronietradycjiiwiary.com\/pl\/wp-json\/wp\/v2\/comments?post=26516"}],"version-history":[{"count":1,"href":"https:\/\/wobronietradycjiiwiary.com\/pl\/wp-json\/wp\/v2\/posts\/26516\/revisions"}],"predecessor-version":[{"id":125045,"href":"https:\/\/wobronietradycjiiwiary.com\/pl\/wp-json\/wp\/v2\/posts\/26516\/revisions\/125045"}],"wp:attachment":[{"href":"https:\/\/wobronietradycjiiwiary.com\/pl\/wp-json\/wp\/v2\/media?parent=26516"}],"wp:term":[{"taxonomy":"category","embeddable":true,"href":"https:\/\/wobronietradycjiiwiary.com\/pl\/wp-json\/wp\/v2\/categories?post=26516"},{"taxonomy":"post_tag","embeddable":true,"href":"https:\/\/wobronietradycjiiwiary.com\/pl\/wp-json\/wp\/v2\/tags?post=26516"}],"curies":[{"name":"wp","href":"https:\/\/api.w.org\/{rel}","templated":true}]}}