{"id":26331,"date":"2020-02-11T08:10:52","date_gmt":"2020-02-11T07:10:52","guid":{"rendered":"https:\/\/wobronietradycjiiwiary.com\/?p=26331"},"modified":"2025-02-07T15:39:45","modified_gmt":"2025-02-07T14:39:45","slug":"najgorszy-w-papiezy-lub-o-prymacie-4","status":"publish","type":"post","link":"https:\/\/wobronietradycjiiwiary.com\/pl\/najgorszy-w-papiezy-lub-o-prymacie-4\/","title":{"rendered":"Najgorszy z papie\u017cy lub o prymacie 4"},"content":{"rendered":"<div id=\"bsf_rt_marker\"><\/div><p>Prymat papieski zwi\u0105zany jest z nauk\u0105 o niezniszczalno\u015bci (indefectibilitas) i widzialno\u015bci Ko\u015bcio\u0142a. Aby Ko\u015bci\u00f3\u0142 by\u0142 widzialny, musi mie\u0107 widzialn\u0105 hierarchi\u0119,&hellip;<\/p>\n<div style=\"text-align: center\">\n<p>&nbsp;<\/p>\n<\/div>\n<h2 style=\"border: 5px solid #0000A0;padding: 1em;text-align: center\"><span style=\"color: #000000\">Pe\u0142en dost\u0119p dla <span style=\"color: #00ccff\"><a style=\"color: #00ccff\" href=\"https:\/\/wobronietradycjiiwiary.com\/subskrypcje-2\/\" target=\"_blank\" rel=\"noopener\">subskrybent\u00f3w<\/a><\/span>.<\/span><br \/>\n<span style=\"color: #3366ff\"><a style=\"color: #3366ff\" href=\"https:\/\/wobronietradycjiiwiary.com\/account\/login\/\" target=\"_blank\" rel=\"noopener\"><span style=\"color: #00ccff\">Zaloguj<\/span><\/a> <\/span>si\u0119 lub przejd\u017a do <a href=\"https:\/\/wobronietradycjiiwiary.com\/register\/\"><span style=\"color: #3366ff\">Rejestracji<\/span><\/a>.<\/h2>\n<div>\n<p style=\"text-align: center\"><a href=\"https:\/\/wobronietradycjiiwiary.com\/pl\/subskrypcje-2\/cennik\/\" target=\"_blank\" rel=\"noopener\"><span style=\"color: #000080;font-size: 24pt\"><strong>Nowe ni\u017csze ceny<\/strong><\/span><\/a><\/p>\n<p style=\"text-align: center\"><strong><span style=\"font-size: 18pt;color: #000080\">P\u0142atno\u015b\u0107 kart\u0105<\/span><\/strong><\/p>\n<\/div>\n<h3 style=\"text-align: center\"><a href=\"https:\/\/wobronietradycjiiwiary.com\/pl\/subskrypcje-2\/automatyczne\/indywidualne\/\" target=\"_blank\" rel=\"noopener\"><img fetchpriority=\"high\" decoding=\"async\" class=\"alignnone size-medium wp-image-80433\" src=\"https:\/\/wobronietradycjiiwiary.com\/wp-content\/uploads\/2022\/11\/Unbenannt-1-Online-1-300x202.jpg\" alt=\"\" width=\"300\" height=\"202\" srcset=\"https:\/\/wobronietradycjiiwiary.com\/wp-content\/uploads\/2022\/11\/Unbenannt-1-Online-1-300x202.jpg 300w, https:\/\/wobronietradycjiiwiary.com\/wp-content\/uploads\/2022\/11\/Unbenannt-1-Online-1-150x101.jpg 150w, https:\/\/wobronietradycjiiwiary.com\/wp-content\/uploads\/2022\/11\/Unbenannt-1-Online-1-18x12.jpg 18w, https:\/\/wobronietradycjiiwiary.com\/wp-content\/uploads\/2022\/11\/Unbenannt-1-Online-1.jpg 446w\" sizes=\"(max-width: 300px) 100vw, 300px\" \/><\/a><\/h3>\n<p style=\"text-align: center\"><strong><span style=\"font-size: 18pt;color: #000080\">P\u0142atno\u015b\u0107 przelewem<\/span><\/strong><\/p>\n<p><a href=\"https:\/\/wobronietradycjiiwiary.com\/pl\/subskrypcje-2\/automatyczne\/indywidualne\/\" target=\"_blank\" rel=\"noopener\"><img decoding=\"async\" class=\"size-medium wp-image-80434 aligncenter\" src=\"https:\/\/wobronietradycjiiwiary.com\/wp-content\/uploads\/2022\/11\/Unbenannt-1-Przelewem-300x137.jpg\" alt=\"\" width=\"300\" height=\"137\" srcset=\"https:\/\/wobronietradycjiiwiary.com\/wp-content\/uploads\/2022\/11\/Unbenannt-1-Przelewem-300x137.jpg 300w, https:\/\/wobronietradycjiiwiary.com\/wp-content\/uploads\/2022\/11\/Unbenannt-1-Przelewem-450x206.jpg 450w, https:\/\/wobronietradycjiiwiary.com\/wp-content\/uploads\/2022\/11\/Unbenannt-1-Przelewem-600x274.jpg 600w, https:\/\/wobronietradycjiiwiary.com\/wp-content\/uploads\/2022\/11\/Unbenannt-1-Przelewem-150x69.jpg 150w, https:\/\/wobronietradycjiiwiary.com\/wp-content\/uploads\/2022\/11\/Unbenannt-1-Przelewem-18x8.jpg 18w, https:\/\/wobronietradycjiiwiary.com\/wp-content\/uploads\/2022\/11\/Unbenannt-1-Przelewem.jpg 676w\" sizes=\"(max-width: 300px) 100vw, 300px\" \/><\/a><\/p>\n<p style=\"text-align: center\"><strong><span style=\"font-size: 18pt;color: #000080\">P\u0142atno\u015b\u0107 kart\u0105 do 6 os\u00f3b<\/span><\/strong><\/p>\n<p><a href=\"https:\/\/wobronietradycjiiwiary.com\/pl\/rodzinne\/\" target=\"_blank\" rel=\"noopener\"><img decoding=\"async\" class=\"size-medium wp-image-80435 aligncenter\" src=\"https:\/\/wobronietradycjiiwiary.com\/wp-content\/uploads\/2022\/11\/Unbenannt-1-Rodzinna-300x208.jpg\" alt=\"\" width=\"300\" height=\"208\" srcset=\"https:\/\/wobronietradycjiiwiary.com\/wp-content\/uploads\/2022\/11\/Unbenannt-1-Rodzinna-300x208.jpg 300w, https:\/\/wobronietradycjiiwiary.com\/wp-content\/uploads\/2022\/11\/Unbenannt-1-Rodzinna-150x104.jpg 150w, https:\/\/wobronietradycjiiwiary.com\/wp-content\/uploads\/2022\/11\/Unbenannt-1-Rodzinna-18x12.jpg 18w, https:\/\/wobronietradycjiiwiary.com\/wp-content\/uploads\/2022\/11\/Unbenannt-1-Rodzinna.jpg 448w\" sizes=\"(max-width: 300px) 100vw, 300px\" \/><\/a><\/p>\n<h3 style=\"text-align: center\"><\/h3>\n<h1 style=\"text-align: center\"><\/h1>\n","protected":false},"excerpt":{"rendered":"<p>Prymat papieski zwi\u0105zany jest z nauk\u0105 o niezniszczalno\u015bci (indefectibilitas) i widzialno\u015bci Ko\u015bcio\u0142a. Aby Ko\u015bci\u00f3\u0142 by\u0142 widzialny, musi mie\u0107 widzialn\u0105 hierarchi\u0119,&hellip; &nbsp; Pe\u0142en dost\u0119p dla subskrybent\u00f3w. Zaloguj si\u0119 lub przejd\u017a do Rejestracji. Nowe ni\u017csze ceny P\u0142atno\u015b\u0107 kart\u0105 P\u0142atno\u015b\u0107 przelewem P\u0142atno\u015b\u0107 kart\u0105 do 6 os\u00f3b<\/p>\n","protected":false},"author":60508433,"featured_media":57223,"comment_status":"closed","ping_status":"closed","sticky":false,"template":"","format":"standard","meta":{"_coblocks_attr":"","_coblocks_dimensions":"","_coblocks_responsive_height":"","_coblocks_accordion_ie_support":"","_exactmetrics_skip_tracking":false,"_jetpack_newsletter_access":"","_jetpack_dont_email_post_to_subs":false,"_jetpack_newsletter_tier_id":0,"_jetpack_memberships_contains_paywalled_content":false,"_wpcom_ai_launchpad_first_post":false,"_jetpack_feature_clip_id":0,"_jetpack_memberships_contains_paid_content":false,"footnotes":"","jetpack_publicize_message":"{title}\n\n{excerpt}\n\n{url}","jetpack_publicize_feature_enabled":true,"jetpack_social_post_already_shared":true,"jetpack_social_options":{"image_generator_settings":{"template":"highway","default_image_id":0,"font":"","enabled":false},"version":2},"_wpas_customize_per_network":false,"jetpack_post_was_ever_published":false},"categories":[610131483],"tags":[610131499,610131500,610131485,359282,610131476,610132133,610132043],"class_list":["post-26331","post","type-post","status-publish","format-standard","has-post-thumbnail","hentry","category-charyzmat-nieomylnosci","tag-hierarchiczny-ustroj-kosciola","tag-indefectibilitas","tag-niezniszczalnosc-kosciola","tag-papiez","tag-prymat","tag-restricted","tag-zywoty-swietych"],"yoast_head":"<!-- This site is optimized with the Yoast SEO plugin v28.3 - https:\/\/yoast.com\/product\/yoast-seo-wordpress\/ -->\n<title>Najgorszy z papie\u017cy lub o prymacie 4 - Tradycja i Wiara<\/title>\n<meta name=\"description\" content=\"Najgorszy z papie\u017cy lub o prymacie 4 niezniszczalno\u015b\u0107 indefectibilitas\" \/>\n<meta name=\"robots\" content=\"index, follow, max-snippet:-1, max-image-preview:large, max-video-preview:-1\" \/>\n<link rel=\"canonical\" href=\"https:\/\/wobronietradycjiiwiary.com\/pl\/najgorszy-w-papiezy-lub-o-prymacie-4\/\" \/>\n<meta property=\"og:locale\" content=\"pl_PL\" \/>\n<meta property=\"og:type\" content=\"article\" \/>\n<meta property=\"og:title\" content=\"Najgorszy z papie\u017cy lub o prymacie 4 - Tradycja i Wiara\" \/>\n<meta property=\"og:description\" content=\"Najgorszy z papie\u017cy lub o prymacie 4 niezniszczalno\u015b\u0107 indefectibilitas\" \/>\n<meta property=\"og:url\" content=\"https:\/\/wobronietradycjiiwiary.com\/pl\/najgorszy-w-papiezy-lub-o-prymacie-4\/\" \/>\n<meta property=\"og:site_name\" content=\"Tradycja i Wiara\" \/>\n<meta property=\"article:publisher\" content=\"https:\/\/www.facebook.com\/Tradycja-i-Wiara-108813920592249\" \/>\n<meta property=\"article:published_time\" content=\"2020-02-11T07:10:52+00:00\" \/>\n<meta property=\"article:modified_time\" content=\"2025-02-07T14:39:45+00:00\" \/>\n<meta name=\"author\" content=\"Traditio et Fides\" \/>\n<meta name=\"twitter:card\" content=\"summary_large_image\" \/>\n<meta name=\"twitter:label1\" content=\"Napisane przez\" \/>\n\t<meta name=\"twitter:data1\" content=\"Traditio et Fides\" \/>\n\t<meta name=\"twitter:label2\" content=\"Szacowany czas czytania\" \/>\n\t<meta name=\"twitter:data2\" content=\"1 minuta\" \/>\n<script type=\"application\/ld+json\" class=\"yoast-schema-graph\">{\"@context\":\"https:\\\/\\\/schema.org\",\"@graph\":[{\"@type\":\"Article\",\"@id\":\"https:\\\/\\\/wobronietradycjiiwiary.com\\\/najgorszy-w-papiezy-lub-o-prymacie-4\\\/#article\",\"isPartOf\":{\"@id\":\"https:\\\/\\\/wobronietradycjiiwiary.com\\\/najgorszy-w-papiezy-lub-o-prymacie-4\\\/\"},\"author\":{\"name\":\"Traditio et Fides\",\"@id\":\"https:\\\/\\\/wobronietradycjiiwiary.com\\\/pl\\\/#\\\/schema\\\/person\\\/2d6180ce6abcb681fef0daab7816e8f3\"},\"headline\":\"Najgorszy z papie\u017cy lub o prymacie 4\",\"datePublished\":\"2020-02-11T07:10:52+00:00\",\"dateModified\":\"2025-02-07T14:39:45+00:00\",\"mainEntityOfPage\":{\"@id\":\"https:\\\/\\\/wobronietradycjiiwiary.com\\\/najgorszy-w-papiezy-lub-o-prymacie-4\\\/\"},\"wordCount\":122,\"publisher\":{\"@id\":\"https:\\\/\\\/wobronietradycjiiwiary.com\\\/pl\\\/#organization\"},\"image\":{\"@id\":\"https:\\\/\\\/wobronietradycjiiwiary.com\\\/najgorszy-w-papiezy-lub-o-prymacie-4\\\/#primaryimage\"},\"thumbnailUrl\":\"https:\\\/\\\/wobronietradycjiiwiary.com\\\/wp-content\\\/uploads\\\/2021\\\/11\\\/Medieval-Pope.jpg\",\"keywords\":[\"hierarchiczny ustr\u00f3j Ko\u015bcio\u0142a\",\"indefectibilitas\",\"niezniszczalno\u015b\u0107 Ko\u015bcio\u0142a\",\"Papie\u017c\",\"prymat\",\"Restricted\",\"\u017bywoty \u015awi\u0119tych\"],\"articleSection\":[\"Nieomylno\u015bci charyzmat\"],\"inLanguage\":\"pl-PL\"},{\"@type\":\"WebPage\",\"@id\":\"https:\\\/\\\/wobronietradycjiiwiary.com\\\/najgorszy-w-papiezy-lub-o-prymacie-4\\\/\",\"url\":\"https:\\\/\\\/wobronietradycjiiwiary.com\\\/najgorszy-w-papiezy-lub-o-prymacie-4\\\/\",\"name\":\"Najgorszy z papie\u017cy lub o prymacie 4 - Tradycja i Wiara\",\"isPartOf\":{\"@id\":\"https:\\\/\\\/wobronietradycjiiwiary.com\\\/pl\\\/#website\"},\"primaryImageOfPage\":{\"@id\":\"https:\\\/\\\/wobronietradycjiiwiary.com\\\/najgorszy-w-papiezy-lub-o-prymacie-4\\\/#primaryimage\"},\"image\":{\"@id\":\"https:\\\/\\\/wobronietradycjiiwiary.com\\\/najgorszy-w-papiezy-lub-o-prymacie-4\\\/#primaryimage\"},\"thumbnailUrl\":\"https:\\\/\\\/wobronietradycjiiwiary.com\\\/wp-content\\\/uploads\\\/2021\\\/11\\\/Medieval-Pope.jpg\",\"datePublished\":\"2020-02-11T07:10:52+00:00\",\"dateModified\":\"2025-02-07T14:39:45+00:00\",\"description\":\"Najgorszy z papie\u017cy lub o prymacie 4 niezniszczalno\u015b\u0107 indefectibilitas\",\"breadcrumb\":{\"@id\":\"https:\\\/\\\/wobronietradycjiiwiary.com\\\/najgorszy-w-papiezy-lub-o-prymacie-4\\\/#breadcrumb\"},\"inLanguage\":\"pl-PL\",\"potentialAction\":[{\"@type\":\"ReadAction\",\"target\":[\"https:\\\/\\\/wobronietradycjiiwiary.com\\\/najgorszy-w-papiezy-lub-o-prymacie-4\\\/\"]}]},{\"@type\":\"ImageObject\",\"inLanguage\":\"pl-PL\",\"@id\":\"https:\\\/\\\/wobronietradycjiiwiary.com\\\/najgorszy-w-papiezy-lub-o-prymacie-4\\\/#primaryimage\",\"url\":\"https:\\\/\\\/wobronietradycjiiwiary.com\\\/wp-content\\\/uploads\\\/2021\\\/11\\\/Medieval-Pope.jpg\",\"contentUrl\":\"https:\\\/\\\/wobronietradycjiiwiary.com\\\/wp-content\\\/uploads\\\/2021\\\/11\\\/Medieval-Pope.jpg\",\"width\":960,\"height\":640},{\"@type\":\"BreadcrumbList\",\"@id\":\"https:\\\/\\\/wobronietradycjiiwiary.com\\\/najgorszy-w-papiezy-lub-o-prymacie-4\\\/#breadcrumb\",\"itemListElement\":[{\"@type\":\"ListItem\",\"position\":1,\"name\":\"Strona g\u0142\u00f3wna\",\"item\":\"https:\\\/\\\/wobronietradycjiiwiary.com\\\/\"},{\"@type\":\"ListItem\",\"position\":2,\"name\":\"Najgorszy z papie\u017cy lub o prymacie 4\"}]},{\"@type\":\"WebSite\",\"@id\":\"https:\\\/\\\/wobronietradycjiiwiary.com\\\/pl\\\/#website\",\"url\":\"https:\\\/\\\/wobronietradycjiiwiary.com\\\/pl\\\/\",\"name\":\"Tradycja i Wiara\",\"description\":\"Portal dla katolik\u00f3w.\",\"publisher\":{\"@id\":\"https:\\\/\\\/wobronietradycjiiwiary.com\\\/pl\\\/#organization\"},\"potentialAction\":[{\"@type\":\"SearchAction\",\"target\":{\"@type\":\"EntryPoint\",\"urlTemplate\":\"https:\\\/\\\/wobronietradycjiiwiary.com\\\/pl\\\/?s={search_term_string}\"},\"query-input\":{\"@type\":\"PropertyValueSpecification\",\"valueRequired\":true,\"valueName\":\"search_term_string\"}}],\"inLanguage\":\"pl-PL\"},{\"@type\":\"Organization\",\"@id\":\"https:\\\/\\\/wobronietradycjiiwiary.com\\\/pl\\\/#organization\",\"name\":\"Tradycja i Wiara\",\"url\":\"https:\\\/\\\/wobronietradycjiiwiary.com\\\/pl\\\/\",\"logo\":{\"@type\":\"ImageObject\",\"inLanguage\":\"pl-PL\",\"@id\":\"https:\\\/\\\/wobronietradycjiiwiary.com\\\/pl\\\/#\\\/schema\\\/logo\\\/image\\\/\",\"url\":\"https:\\\/\\\/i0.wp.com\\\/wobronietradycjiiwiary.com\\\/wp-content\\\/uploads\\\/2015\\\/10\\\/cropped-st-peters-dome-vatican.jpg?fit=940%2C198&ssl=1\",\"contentUrl\":\"https:\\\/\\\/i0.wp.com\\\/wobronietradycjiiwiary.com\\\/wp-content\\\/uploads\\\/2015\\\/10\\\/cropped-st-peters-dome-vatican.jpg?fit=940%2C198&ssl=1\",\"width\":940,\"height\":198,\"caption\":\"Tradycja i Wiara\"},\"image\":{\"@id\":\"https:\\\/\\\/wobronietradycjiiwiary.com\\\/pl\\\/#\\\/schema\\\/logo\\\/image\\\/\"},\"sameAs\":[\"https:\\\/\\\/www.facebook.com\\\/Tradycja-i-Wiara-108813920592249\"]},{\"@type\":\"Person\",\"@id\":\"https:\\\/\\\/wobronietradycjiiwiary.com\\\/pl\\\/#\\\/schema\\\/person\\\/2d6180ce6abcb681fef0daab7816e8f3\",\"name\":\"Traditio et Fides\",\"sameAs\":[\"https:\\\/\\\/traditionundglauben.com\"],\"url\":\"https:\\\/\\\/wobronietradycjiiwiary.com\\\/pl\\\/author\\\/wobronietradycjiiwiary\\\/\"}]}<\/script>\n<!-- \/ Yoast SEO plugin. -->","yoast_head_json":{"title":"Najgorszy z papie\u017cy lub o prymacie 4 - Tradycja i Wiara","description":"Najgorszy z papie\u017cy lub o prymacie 4 niezniszczalno\u015b\u0107 indefectibilitas","robots":{"index":"index","follow":"follow","max-snippet":"max-snippet:-1","max-image-preview":"max-image-preview:large","max-video-preview":"max-video-preview:-1"},"canonical":"https:\/\/wobronietradycjiiwiary.com\/pl\/najgorszy-w-papiezy-lub-o-prymacie-4\/","og_locale":"pl_PL","og_type":"article","og_title":"Najgorszy z papie\u017cy lub o prymacie 4 - Tradycja i Wiara","og_description":"Najgorszy z papie\u017cy lub o prymacie 4 niezniszczalno\u015b\u0107 indefectibilitas","og_url":"https:\/\/wobronietradycjiiwiary.com\/pl\/najgorszy-w-papiezy-lub-o-prymacie-4\/","og_site_name":"Tradycja i Wiara","article_publisher":"https:\/\/www.facebook.com\/Tradycja-i-Wiara-108813920592249","article_published_time":"2020-02-11T07:10:52+00:00","article_modified_time":"2025-02-07T14:39:45+00:00","author":"Traditio et Fides","twitter_card":"summary_large_image","twitter_misc":{"Napisane przez":"Traditio et Fides","Szacowany czas czytania":"1 minuta"},"schema":{"@context":"https:\/\/schema.org","@graph":[{"@type":"Article","@id":"https:\/\/wobronietradycjiiwiary.com\/najgorszy-w-papiezy-lub-o-prymacie-4\/#article","isPartOf":{"@id":"https:\/\/wobronietradycjiiwiary.com\/najgorszy-w-papiezy-lub-o-prymacie-4\/"},"author":{"name":"Traditio et Fides","@id":"https:\/\/wobronietradycjiiwiary.com\/pl\/#\/schema\/person\/2d6180ce6abcb681fef0daab7816e8f3"},"headline":"Najgorszy z papie\u017cy lub o prymacie 4","datePublished":"2020-02-11T07:10:52+00:00","dateModified":"2025-02-07T14:39:45+00:00","mainEntityOfPage":{"@id":"https:\/\/wobronietradycjiiwiary.com\/najgorszy-w-papiezy-lub-o-prymacie-4\/"},"wordCount":122,"publisher":{"@id":"https:\/\/wobronietradycjiiwiary.com\/pl\/#organization"},"image":{"@id":"https:\/\/wobronietradycjiiwiary.com\/najgorszy-w-papiezy-lub-o-prymacie-4\/#primaryimage"},"thumbnailUrl":"https:\/\/wobronietradycjiiwiary.com\/wp-content\/uploads\/2021\/11\/Medieval-Pope.jpg","keywords":["hierarchiczny ustr\u00f3j Ko\u015bcio\u0142a","indefectibilitas","niezniszczalno\u015b\u0107 Ko\u015bcio\u0142a","Papie\u017c","prymat","Restricted","\u017bywoty \u015awi\u0119tych"],"articleSection":["Nieomylno\u015bci charyzmat"],"inLanguage":"pl-PL"},{"@type":"WebPage","@id":"https:\/\/wobronietradycjiiwiary.com\/najgorszy-w-papiezy-lub-o-prymacie-4\/","url":"https:\/\/wobronietradycjiiwiary.com\/najgorszy-w-papiezy-lub-o-prymacie-4\/","name":"Najgorszy z papie\u017cy lub o prymacie 4 - Tradycja i Wiara","isPartOf":{"@id":"https:\/\/wobronietradycjiiwiary.com\/pl\/#website"},"primaryImageOfPage":{"@id":"https:\/\/wobronietradycjiiwiary.com\/najgorszy-w-papiezy-lub-o-prymacie-4\/#primaryimage"},"image":{"@id":"https:\/\/wobronietradycjiiwiary.com\/najgorszy-w-papiezy-lub-o-prymacie-4\/#primaryimage"},"thumbnailUrl":"https:\/\/wobronietradycjiiwiary.com\/wp-content\/uploads\/2021\/11\/Medieval-Pope.jpg","datePublished":"2020-02-11T07:10:52+00:00","dateModified":"2025-02-07T14:39:45+00:00","description":"Najgorszy z papie\u017cy lub o prymacie 4 niezniszczalno\u015b\u0107 indefectibilitas","breadcrumb":{"@id":"https:\/\/wobronietradycjiiwiary.com\/najgorszy-w-papiezy-lub-o-prymacie-4\/#breadcrumb"},"inLanguage":"pl-PL","potentialAction":[{"@type":"ReadAction","target":["https:\/\/wobronietradycjiiwiary.com\/najgorszy-w-papiezy-lub-o-prymacie-4\/"]}]},{"@type":"ImageObject","inLanguage":"pl-PL","@id":"https:\/\/wobronietradycjiiwiary.com\/najgorszy-w-papiezy-lub-o-prymacie-4\/#primaryimage","url":"https:\/\/wobronietradycjiiwiary.com\/wp-content\/uploads\/2021\/11\/Medieval-Pope.jpg","contentUrl":"https:\/\/wobronietradycjiiwiary.com\/wp-content\/uploads\/2021\/11\/Medieval-Pope.jpg","width":960,"height":640},{"@type":"BreadcrumbList","@id":"https:\/\/wobronietradycjiiwiary.com\/najgorszy-w-papiezy-lub-o-prymacie-4\/#breadcrumb","itemListElement":[{"@type":"ListItem","position":1,"name":"Strona g\u0142\u00f3wna","item":"https:\/\/wobronietradycjiiwiary.com\/"},{"@type":"ListItem","position":2,"name":"Najgorszy z papie\u017cy lub o prymacie 4"}]},{"@type":"WebSite","@id":"https:\/\/wobronietradycjiiwiary.com\/pl\/#website","url":"https:\/\/wobronietradycjiiwiary.com\/pl\/","name":"Tradycja i Wiara","description":"Portal dla katolik\u00f3w.","publisher":{"@id":"https:\/\/wobronietradycjiiwiary.com\/pl\/#organization"},"potentialAction":[{"@type":"SearchAction","target":{"@type":"EntryPoint","urlTemplate":"https:\/\/wobronietradycjiiwiary.com\/pl\/?s={search_term_string}"},"query-input":{"@type":"PropertyValueSpecification","valueRequired":true,"valueName":"search_term_string"}}],"inLanguage":"pl-PL"},{"@type":"Organization","@id":"https:\/\/wobronietradycjiiwiary.com\/pl\/#organization","name":"Tradycja i Wiara","url":"https:\/\/wobronietradycjiiwiary.com\/pl\/","logo":{"@type":"ImageObject","inLanguage":"pl-PL","@id":"https:\/\/wobronietradycjiiwiary.com\/pl\/#\/schema\/logo\/image\/","url":"https:\/\/i0.wp.com\/wobronietradycjiiwiary.com\/wp-content\/uploads\/2015\/10\/cropped-st-peters-dome-vatican.jpg?fit=940%2C198&ssl=1","contentUrl":"https:\/\/i0.wp.com\/wobronietradycjiiwiary.com\/wp-content\/uploads\/2015\/10\/cropped-st-peters-dome-vatican.jpg?fit=940%2C198&ssl=1","width":940,"height":198,"caption":"Tradycja i Wiara"},"image":{"@id":"https:\/\/wobronietradycjiiwiary.com\/pl\/#\/schema\/logo\/image\/"},"sameAs":["https:\/\/www.facebook.com\/Tradycja-i-Wiara-108813920592249"]},{"@type":"Person","@id":"https:\/\/wobronietradycjiiwiary.com\/pl\/#\/schema\/person\/2d6180ce6abcb681fef0daab7816e8f3","name":"Traditio et Fides","sameAs":["https:\/\/traditionundglauben.com"],"url":"https:\/\/wobronietradycjiiwiary.com\/pl\/author\/wobronietradycjiiwiary\/"}]}},"jetpack_publicize_connections":[],"jetpack_sharing_enabled":true,"jetpack_likes_enabled":true,"jetpack_shortlink":"https:\/\/wp.me\/pc04Sd-6QH","jetpack-related-posts":[{"id":26304,"url":"https:\/\/wobronietradycjiiwiary.com\/pl\/kto-byl-najgorszym-z-papiezy-lub-o-prymacie-papieskim-4-z-7\/","url_meta":{"origin":26331,"position":0},"title":"Kto by\u0142 najgorszym z papie\u017cy lub o prymacie papieskim (4 z 7)","author":"Traditio et Fides","date":"11 lutego 2020","format":false,"excerpt":"Prymat papieski Zanim przejdziemy do prymatu papieskiego warto zastanowi\u0107 si\u0119 nad teologicznym znaczeniem biskup\u00f3w, skoro ka\u017cdy papie\u017c jest najpierw biskupem. Prawd\u0105 wiary jest stwierdzenie: W\u0142adze hierarchiczne przekazane Aposto\u0142om przesz\u0142y na biskup\u00f3w. De fide Stwierdza to tak\u017ce Sob\u00f3r Trydencki (DH 1767 sq.), natomiast Sob\u00f3r Watyka\u0144ski I podkre\u015bla teologiczn\u0105 zasad\u0119 misji (missio)\u2026","rel":"","context":"W \u201eNieomylno\u015bci charyzmat&quot;","block_context":{"text":"Nieomylno\u015bci charyzmat","link":"https:\/\/wobronietradycjiiwiary.com\/pl\/category\/doktryna\/teologia-dogmatyczna\/papiestwo\/nieomylnosc-papieska\/charyzmat-nieomylnosci\/"},"img":{"alt_text":"","src":"https:\/\/i0.wp.com\/wobronietradycjiiwiary.com\/wp-content\/uploads\/2020\/01\/pope-gregory-ix.jpg?resize=350%2C200&ssl=1","width":350,"height":200,"srcset":"https:\/\/i0.wp.com\/wobronietradycjiiwiary.com\/wp-content\/uploads\/2020\/01\/pope-gregory-ix.jpg?resize=350%2C200&ssl=1 1x, https:\/\/i0.wp.com\/wobronietradycjiiwiary.com\/wp-content\/uploads\/2020\/01\/pope-gregory-ix.jpg?resize=525%2C300&ssl=1 1.5x, https:\/\/i0.wp.com\/wobronietradycjiiwiary.com\/wp-content\/uploads\/2020\/01\/pope-gregory-ix.jpg?resize=700%2C400&ssl=1 2x"},"classes":[]},{"id":26308,"url":"https:\/\/wobronietradycjiiwiary.com\/pl\/kto-byl-najgorszym-z-papiezy-lub-o-prymacie-papieskim-5-z-7\/","url_meta":{"origin":26331,"position":1},"title":"Kto by\u0142 najgorszym z papie\u017cy lub o prymacie papieskim (5 z 7)","author":"Traditio et Fides","date":"18 lutego 2020","format":false,"excerpt":"Papie\u017c jako Nast\u0119pca \u015bw. Piotra jest nie tylko szczytem hierarchii Ko\u015bcio\u0142a, ale r\u00f3wnie\u017c jej fundamentem, gdy\u017c od niego, jak ju\u017c podano powy\u017cej, hierarchia biskup\u00f3w si\u0119 wywodzi. Dlatego te\u017c znaczenie papie\u017ca dla Ko\u015bcio\u0142a jest nie do przecenienia, a pogl\u0105dy niekt\u00f3rych konserwatyst\u00f3w, \u017ce papie\u017c nie jest a\u017c taki wa\u017cny i by\u0142o mn\u00f3stwo\u2026","rel":"","context":"W \u201eNieomylno\u015bci charyzmat&quot;","block_context":{"text":"Nieomylno\u015bci charyzmat","link":"https:\/\/wobronietradycjiiwiary.com\/pl\/category\/doktryna\/teologia-dogmatyczna\/papiestwo\/nieomylnosc-papieska\/charyzmat-nieomylnosci\/"},"img":{"alt_text":"","src":"https:\/\/i0.wp.com\/wobronietradycjiiwiary.com\/wp-content\/uploads\/2020\/01\/pope-gregory-ix.jpg?resize=350%2C200&ssl=1","width":350,"height":200,"srcset":"https:\/\/i0.wp.com\/wobronietradycjiiwiary.com\/wp-content\/uploads\/2020\/01\/pope-gregory-ix.jpg?resize=350%2C200&ssl=1 1x, https:\/\/i0.wp.com\/wobronietradycjiiwiary.com\/wp-content\/uploads\/2020\/01\/pope-gregory-ix.jpg?resize=525%2C300&ssl=1 1.5x, https:\/\/i0.wp.com\/wobronietradycjiiwiary.com\/wp-content\/uploads\/2020\/01\/pope-gregory-ix.jpg?resize=700%2C400&ssl=1 2x"},"classes":[]},{"id":26340,"url":"https:\/\/wobronietradycjiiwiary.com\/pl\/najgorszy-z-papiezy-lub-o-prymacie-6\/","url_meta":{"origin":26331,"position":2},"title":"Najgorszy z papie\u017cy lub o prymacie 6","author":"Traditio et Fides","date":"25 lutego 2020","format":false,"excerpt":"Zadaniem papie\u017ca jest bycie fundamentem, pasterzowanie i umacniania braci. Jak na tle tych zada\u0144 wypada Bergoglio? \u017baden ze z\u0142ych papie\u017cy nie niszczy\u0142 tak systematycznie organizacyjnie i doktrynalnie Ko\u015bcio\u0142a jak Franciszek. O ile w przypadku z\u0142ych papie\u017cy szkody by\u0142y raczej kolateralne, to w przypadku Bergoglio maj\u0105 by\u0107 trwa\u0142e i celowe. Dotyczas\u2026","rel":"","context":"W \u201eNieomylno\u015bci charyzmat&quot;","block_context":{"text":"Nieomylno\u015bci charyzmat","link":"https:\/\/wobronietradycjiiwiary.com\/pl\/category\/doktryna\/teologia-dogmatyczna\/papiestwo\/nieomylnosc-papieska\/charyzmat-nieomylnosci\/"},"img":{"alt_text":"","src":"https:\/\/i0.wp.com\/wobronietradycjiiwiary.com\/wp-content\/uploads\/2021\/11\/Medieval-Pope.jpg?resize=350%2C200&ssl=1","width":350,"height":200,"srcset":"https:\/\/i0.wp.com\/wobronietradycjiiwiary.com\/wp-content\/uploads\/2021\/11\/Medieval-Pope.jpg?resize=350%2C200&ssl=1 1x, https:\/\/i0.wp.com\/wobronietradycjiiwiary.com\/wp-content\/uploads\/2021\/11\/Medieval-Pope.jpg?resize=525%2C300&ssl=1 1.5x, https:\/\/i0.wp.com\/wobronietradycjiiwiary.com\/wp-content\/uploads\/2021\/11\/Medieval-Pope.jpg?resize=700%2C400&ssl=1 2x"},"classes":[]},{"id":26313,"url":"https:\/\/wobronietradycjiiwiary.com\/pl\/kto-byl-najgorszym-z-papiezy-lub-o-prymacie-papieskim-6-z-7\/","url_meta":{"origin":26331,"position":3},"title":"Kto by\u0142 najgorszym z papie\u017cy lub o prymacie papieskim (6 z 7)","author":"Traditio et Fides","date":"25 lutego 2020","format":false,"excerpt":"Prymat papieski okre\u015blany jest jako: Potestas suprema et plena docendi et regendi universalem Ecclesiam.[1] Najwy\u017csza i pe\u0142na w\u0142adza nauczania i rz\u0105dzenia ca\u0142ym Ko\u015bcio\u0142em. Nie zamierzamy podawa\u0107 w tym miejscu ca\u0142ej nauki o prymacie papieskim, gdy\u017c uczynili\u015bmy to ju\u017c cz\u0119\u015bciowo w innych miejscach. Skupimy si\u0119 obecnie jedynie na prymacie jako na\u2026","rel":"","context":"W \u201eNieomylno\u015bci charyzmat&quot;","block_context":{"text":"Nieomylno\u015bci charyzmat","link":"https:\/\/wobronietradycjiiwiary.com\/pl\/category\/doktryna\/teologia-dogmatyczna\/papiestwo\/nieomylnosc-papieska\/charyzmat-nieomylnosci\/"},"img":{"alt_text":"","src":"https:\/\/i0.wp.com\/wobronietradycjiiwiary.com\/wp-content\/uploads\/2020\/01\/pope-gregory-ix.jpg?resize=350%2C200&ssl=1","width":350,"height":200,"srcset":"https:\/\/i0.wp.com\/wobronietradycjiiwiary.com\/wp-content\/uploads\/2020\/01\/pope-gregory-ix.jpg?resize=350%2C200&ssl=1 1x, https:\/\/i0.wp.com\/wobronietradycjiiwiary.com\/wp-content\/uploads\/2020\/01\/pope-gregory-ix.jpg?resize=525%2C300&ssl=1 1.5x, https:\/\/i0.wp.com\/wobronietradycjiiwiary.com\/wp-content\/uploads\/2020\/01\/pope-gregory-ix.jpg?resize=700%2C400&ssl=1 2x"},"classes":[]},{"id":26326,"url":"https:\/\/wobronietradycjiiwiary.com\/pl\/najgorszy-w-papiezy-lub-od-prymacie-3\/","url_meta":{"origin":26331,"position":4},"title":"Najgorszy z papie\u017cy lub o prymacie 3","author":"Traditio et Fides","date":"4 lutego 2020","format":false,"excerpt":"Ko\u015bci\u00f3\u0142 ustanowi\u0142 Ko\u015bci\u00f3\u0142 jako instytucj\u0119 hierarchiczn\u0105, kt\u00f3ra zako\u0144czona jest jednym personalnym szczytem - papie\u017cem. Poniewa\u017c Ko\u015bci\u00f3\u0142 jest hierarchiczny z woli i ustanowienia Chrystusa, tote\u017c jego szczyt musi by\u0107 specjalnie zabezpieczony przed b\u0142\u0119dem poprzez prymat to jest Urz\u0105d Piotrowy. Niestety dokument Lumen gentium bardzo rozmy\u0142 poj\u0119cie hierarchiczno\u015bci Ko\u015bcio\u0142a wprowadzaj\u0105c nietradycyjny termin\u2026","rel":"","context":"W \u201eNieomylno\u015bci charyzmat&quot;","block_context":{"text":"Nieomylno\u015bci charyzmat","link":"https:\/\/wobronietradycjiiwiary.com\/pl\/category\/doktryna\/teologia-dogmatyczna\/papiestwo\/nieomylnosc-papieska\/charyzmat-nieomylnosci\/"},"img":{"alt_text":"","src":"https:\/\/i0.wp.com\/wobronietradycjiiwiary.com\/wp-content\/uploads\/2021\/11\/Medieval-Pope.jpg?resize=350%2C200&ssl=1","width":350,"height":200,"srcset":"https:\/\/i0.wp.com\/wobronietradycjiiwiary.com\/wp-content\/uploads\/2021\/11\/Medieval-Pope.jpg?resize=350%2C200&ssl=1 1x, https:\/\/i0.wp.com\/wobronietradycjiiwiary.com\/wp-content\/uploads\/2021\/11\/Medieval-Pope.jpg?resize=525%2C300&ssl=1 1.5x, https:\/\/i0.wp.com\/wobronietradycjiiwiary.com\/wp-content\/uploads\/2021\/11\/Medieval-Pope.jpg?resize=700%2C400&ssl=1 2x"},"classes":[]},{"id":168162,"url":"https:\/\/wobronietradycjiiwiary.com\/pl\/ekskomunika-fsspx-analiza-kanoniczna-wlasna-1-z-x-przedsoborowa-nauka-o-urzedzie-biskupa\/","url_meta":{"origin":26331,"position":5},"title":"Ekskomunika FSSPX: Analiza kanoniczna w\u0142asna (1 z x). Przedsoborowa nauka o urz\u0119dzie biskupa.","author":"Traditio et Fides","date":"10 lipca 2026","format":false,"excerpt":"O przedsoborowym rozumieniu urz\u0119du biskup\u00f3w.","rel":"","context":"W \u201eAnaliza w\u0142asna&quot;","block_context":{"text":"Analiza w\u0142asna","link":"https:\/\/wobronietradycjiiwiary.com\/pl\/category\/polemika\/kosciol-posoborowy\/tradycjonalizm\/fsspx\/fsspx-inne-kwestie\/swiecenia-biskupow\/ekskomunika-fsspx\/analiza-wlasna\/"},"img":{"alt_text":"","src":"https:\/\/i0.wp.com\/wobronietradycjiiwiary.com\/wp-content\/uploads\/2026\/07\/Untitled-July-14-2026-at-19.58.26.png?resize=350%2C200&ssl=1","width":350,"height":200},"classes":[]}],"jetpack_featured_media_url":"https:\/\/wobronietradycjiiwiary.com\/wp-content\/uploads\/2021\/11\/Medieval-Pope.jpg","_links":{"self":[{"href":"https:\/\/wobronietradycjiiwiary.com\/pl\/wp-json\/wp\/v2\/posts\/26331","targetHints":{"allow":["GET"]}}],"collection":[{"href":"https:\/\/wobronietradycjiiwiary.com\/pl\/wp-json\/wp\/v2\/posts"}],"about":[{"href":"https:\/\/wobronietradycjiiwiary.com\/pl\/wp-json\/wp\/v2\/types\/post"}],"author":[{"embeddable":true,"href":"https:\/\/wobronietradycjiiwiary.com\/pl\/wp-json\/wp\/v2\/users\/60508433"}],"replies":[{"embeddable":true,"href":"https:\/\/wobronietradycjiiwiary.com\/pl\/wp-json\/wp\/v2\/comments?post=26331"}],"version-history":[{"count":1,"href":"https:\/\/wobronietradycjiiwiary.com\/pl\/wp-json\/wp\/v2\/posts\/26331\/revisions"}],"predecessor-version":[{"id":57190,"href":"https:\/\/wobronietradycjiiwiary.com\/pl\/wp-json\/wp\/v2\/posts\/26331\/revisions\/57190"}],"wp:featuredmedia":[{"embeddable":true,"href":"https:\/\/wobronietradycjiiwiary.com\/pl\/wp-json\/wp\/v2\/media\/57223"}],"wp:attachment":[{"href":"https:\/\/wobronietradycjiiwiary.com\/pl\/wp-json\/wp\/v2\/media?parent=26331"}],"wp:term":[{"taxonomy":"category","embeddable":true,"href":"https:\/\/wobronietradycjiiwiary.com\/pl\/wp-json\/wp\/v2\/categories?post=26331"},{"taxonomy":"post_tag","embeddable":true,"href":"https:\/\/wobronietradycjiiwiary.com\/pl\/wp-json\/wp\/v2\/tags?post=26331"}],"curies":[{"name":"wp","href":"https:\/\/api.w.org\/{rel}","templated":true}]}}