{"id":26304,"date":"2020-02-11T08:00:09","date_gmt":"2020-02-11T07:00:09","guid":{"rendered":"https:\/\/wobronietradycjiiwiary.com\/?p=26304"},"modified":"2025-02-07T15:39:45","modified_gmt":"2025-02-07T14:39:45","slug":"kto-byl-najgorszym-z-papiezy-lub-o-prymacie-papieskim-4-z-7","status":"publish","type":"post","link":"https:\/\/wobronietradycjiiwiary.com\/pl\/kto-byl-najgorszym-z-papiezy-lub-o-prymacie-papieskim-4-z-7\/","title":{"rendered":"Kto by\u0142 najgorszym z papie\u017cy lub o prymacie papieskim (4 z 7)"},"content":{"rendered":"<div id=\"bsf_rt_marker\"><\/div><p>Prymat papieski Zanim przejdziemy do prymatu papieskiego warto zastanowi\u0107 si\u0119 nad teologicznym znaczeniem biskup\u00f3w, skoro ka\u017cdy papie\u017c jest najpierw biskupem.&hellip;<\/p>\n<div style=\"text-align: center\">\n<p>&nbsp;<\/p>\n<\/div>\n<h2 style=\"border: 5px solid #0000A0;padding: 1em;text-align: center\"><span style=\"color: #000000\">Pe\u0142en dost\u0119p dla <span style=\"color: #00ccff\"><a style=\"color: #00ccff\" href=\"https:\/\/wobronietradycjiiwiary.com\/subskrypcje-2\/\" target=\"_blank\" rel=\"noopener\">subskrybent\u00f3w<\/a><\/span>.<\/span><br \/>\n<span style=\"color: #3366ff\"><a style=\"color: #3366ff\" href=\"https:\/\/wobronietradycjiiwiary.com\/account\/login\/\" target=\"_blank\" rel=\"noopener\"><span style=\"color: #00ccff\">Zaloguj<\/span><\/a> <\/span>si\u0119 lub przejd\u017a do <a href=\"https:\/\/wobronietradycjiiwiary.com\/register\/\"><span style=\"color: #3366ff\">Rejestracji<\/span><\/a>.<\/h2>\n<div>\n<p style=\"text-align: center\"><a href=\"https:\/\/wobronietradycjiiwiary.com\/pl\/subskrypcje-2\/cennik\/\" target=\"_blank\" rel=\"noopener\"><span style=\"color: #000080;font-size: 24pt\"><strong>Nowe ni\u017csze ceny<\/strong><\/span><\/a><\/p>\n<p style=\"text-align: center\"><strong><span style=\"font-size: 18pt;color: #000080\">P\u0142atno\u015b\u0107 kart\u0105<\/span><\/strong><\/p>\n<\/div>\n<h3 style=\"text-align: center\"><a href=\"https:\/\/wobronietradycjiiwiary.com\/pl\/subskrypcje-2\/automatyczne\/indywidualne\/\" target=\"_blank\" rel=\"noopener\"><img fetchpriority=\"high\" decoding=\"async\" class=\"alignnone size-medium wp-image-80433\" src=\"https:\/\/wobronietradycjiiwiary.com\/wp-content\/uploads\/2022\/11\/Unbenannt-1-Online-1-300x202.jpg\" alt=\"\" width=\"300\" height=\"202\" srcset=\"https:\/\/wobronietradycjiiwiary.com\/wp-content\/uploads\/2022\/11\/Unbenannt-1-Online-1-300x202.jpg 300w, https:\/\/wobronietradycjiiwiary.com\/wp-content\/uploads\/2022\/11\/Unbenannt-1-Online-1-150x101.jpg 150w, https:\/\/wobronietradycjiiwiary.com\/wp-content\/uploads\/2022\/11\/Unbenannt-1-Online-1-18x12.jpg 18w, https:\/\/wobronietradycjiiwiary.com\/wp-content\/uploads\/2022\/11\/Unbenannt-1-Online-1.jpg 446w\" sizes=\"(max-width: 300px) 100vw, 300px\" \/><\/a><\/h3>\n<p style=\"text-align: center\"><strong><span style=\"font-size: 18pt;color: #000080\">P\u0142atno\u015b\u0107 przelewem<\/span><\/strong><\/p>\n<p><a href=\"https:\/\/wobronietradycjiiwiary.com\/pl\/subskrypcje-2\/automatyczne\/indywidualne\/\" target=\"_blank\" rel=\"noopener\"><img decoding=\"async\" class=\"size-medium wp-image-80434 aligncenter\" src=\"https:\/\/wobronietradycjiiwiary.com\/wp-content\/uploads\/2022\/11\/Unbenannt-1-Przelewem-300x137.jpg\" alt=\"\" width=\"300\" height=\"137\" srcset=\"https:\/\/wobronietradycjiiwiary.com\/wp-content\/uploads\/2022\/11\/Unbenannt-1-Przelewem-300x137.jpg 300w, https:\/\/wobronietradycjiiwiary.com\/wp-content\/uploads\/2022\/11\/Unbenannt-1-Przelewem-450x206.jpg 450w, https:\/\/wobronietradycjiiwiary.com\/wp-content\/uploads\/2022\/11\/Unbenannt-1-Przelewem-600x274.jpg 600w, https:\/\/wobronietradycjiiwiary.com\/wp-content\/uploads\/2022\/11\/Unbenannt-1-Przelewem-150x69.jpg 150w, https:\/\/wobronietradycjiiwiary.com\/wp-content\/uploads\/2022\/11\/Unbenannt-1-Przelewem-18x8.jpg 18w, https:\/\/wobronietradycjiiwiary.com\/wp-content\/uploads\/2022\/11\/Unbenannt-1-Przelewem.jpg 676w\" sizes=\"(max-width: 300px) 100vw, 300px\" \/><\/a><\/p>\n<p style=\"text-align: center\"><strong><span style=\"font-size: 18pt;color: #000080\">P\u0142atno\u015b\u0107 kart\u0105 do 6 os\u00f3b<\/span><\/strong><\/p>\n<p><a href=\"https:\/\/wobronietradycjiiwiary.com\/pl\/rodzinne\/\" target=\"_blank\" rel=\"noopener\"><img decoding=\"async\" class=\"size-medium wp-image-80435 aligncenter\" src=\"https:\/\/wobronietradycjiiwiary.com\/wp-content\/uploads\/2022\/11\/Unbenannt-1-Rodzinna-300x208.jpg\" alt=\"\" width=\"300\" height=\"208\" srcset=\"https:\/\/wobronietradycjiiwiary.com\/wp-content\/uploads\/2022\/11\/Unbenannt-1-Rodzinna-300x208.jpg 300w, https:\/\/wobronietradycjiiwiary.com\/wp-content\/uploads\/2022\/11\/Unbenannt-1-Rodzinna-150x104.jpg 150w, https:\/\/wobronietradycjiiwiary.com\/wp-content\/uploads\/2022\/11\/Unbenannt-1-Rodzinna-18x12.jpg 18w, https:\/\/wobronietradycjiiwiary.com\/wp-content\/uploads\/2022\/11\/Unbenannt-1-Rodzinna.jpg 448w\" sizes=\"(max-width: 300px) 100vw, 300px\" \/><\/a><\/p>\n<h3 style=\"text-align: center\"><\/h3>\n<h1 style=\"text-align: center\"><\/h1>\n","protected":false},"excerpt":{"rendered":"<p>Prymat papieski Zanim przejdziemy do prymatu papieskiego warto zastanowi\u0107 si\u0119 nad teologicznym znaczeniem biskup\u00f3w, skoro ka\u017cdy papie\u017c jest najpierw biskupem.&hellip; &nbsp; Pe\u0142en dost\u0119p dla subskrybent\u00f3w. Zaloguj si\u0119 lub przejd\u017a do Rejestracji. Nowe ni\u017csze ceny P\u0142atno\u015b\u0107 kart\u0105 P\u0142atno\u015b\u0107 przelewem P\u0142atno\u015b\u0107 kart\u0105 do 6 os\u00f3b<\/p>\n","protected":false},"author":60508433,"featured_media":26244,"comment_status":"closed","ping_status":"closed","sticky":false,"template":"","format":"standard","meta":{"_coblocks_attr":"","_coblocks_dimensions":"","_coblocks_responsive_height":"","_coblocks_accordion_ie_support":"","_exactmetrics_skip_tracking":false,"_jetpack_newsletter_access":"","_jetpack_dont_email_post_to_subs":false,"_jetpack_newsletter_tier_id":0,"_jetpack_memberships_contains_paywalled_content":false,"_wpcom_ai_launchpad_first_post":false,"_jetpack_feature_clip_id":0,"_jetpack_memberships_contains_paid_content":false,"footnotes":"","jetpack_publicize_message":"{title}\n\n{excerpt}\n\n{url}","jetpack_publicize_feature_enabled":true,"jetpack_social_post_already_shared":true,"jetpack_social_options":{"image_generator_settings":{"template":"highway","default_image_id":0,"font":"","enabled":false},"version":2},"_wpas_customize_per_network":false,"jetpack_post_was_ever_published":false},"categories":[610131483],"tags":[610131484,610131485,610131486,610131487,610132133,610131488],"class_list":["post-26304","post","type-post","status-publish","format-standard","has-post-thumbnail","hentry","category-charyzmat-nieomylnosci","tag-indefectabilitas","tag-niezniszczalnosc-kosciola","tag-prymat-papieski","tag-przymioty-kosciola","tag-restricted","tag-rola-papieza"],"yoast_head":"<!-- This site is optimized with the Yoast SEO plugin v28.3 - https:\/\/yoast.com\/product\/yoast-seo-wordpress\/ -->\n<title>Kto by\u0142 najgorszym z papie\u017cy lub o prymacie papieskim (4 z 7) - Tradycja i Wiara<\/title>\n<meta name=\"description\" content=\"Kto by\u0142 najgorszym z papie\u017cy lub o prymacie papieskim (4 z 7) indefectibilitas charyzmat prymat Bergoglio Ko\u015bci\u00f3\u0142\" \/>\n<meta name=\"robots\" content=\"index, follow, max-snippet:-1, max-image-preview:large, max-video-preview:-1\" \/>\n<link rel=\"canonical\" href=\"https:\/\/wobronietradycjiiwiary.com\/pl\/kto-byl-najgorszym-z-papiezy-lub-o-prymacie-papieskim-4-z-7\/\" \/>\n<meta property=\"og:locale\" content=\"pl_PL\" \/>\n<meta property=\"og:type\" content=\"article\" \/>\n<meta property=\"og:title\" content=\"Kto by\u0142 najgorszym z papie\u017cy lub o prymacie papieskim (4 z 7) - Tradycja i Wiara\" \/>\n<meta property=\"og:description\" content=\"Kto by\u0142 najgorszym z papie\u017cy lub o prymacie papieskim (4 z 7) indefectibilitas charyzmat prymat Bergoglio Ko\u015bci\u00f3\u0142\" \/>\n<meta property=\"og:url\" content=\"https:\/\/wobronietradycjiiwiary.com\/pl\/kto-byl-najgorszym-z-papiezy-lub-o-prymacie-papieskim-4-z-7\/\" \/>\n<meta property=\"og:site_name\" content=\"Tradycja i Wiara\" \/>\n<meta property=\"article:publisher\" content=\"https:\/\/www.facebook.com\/Tradycja-i-Wiara-108813920592249\" \/>\n<meta property=\"article:published_time\" content=\"2020-02-11T07:00:09+00:00\" \/>\n<meta property=\"article:modified_time\" content=\"2025-02-07T14:39:45+00:00\" \/>\n<meta property=\"og:image\" content=\"https:\/\/wobronietradycjiiwiary.com\/wp-content\/uploads\/2020\/01\/pope-gregory-ix.jpg\" \/>\n\t<meta property=\"og:image:width\" content=\"939\" \/>\n\t<meta property=\"og:image:height\" content=\"729\" \/>\n\t<meta property=\"og:image:type\" content=\"image\/jpeg\" \/>\n<meta name=\"author\" content=\"Traditio et Fides\" \/>\n<meta name=\"twitter:card\" content=\"summary_large_image\" \/>\n<meta name=\"twitter:label1\" content=\"Napisane przez\" \/>\n\t<meta name=\"twitter:data1\" content=\"Traditio et Fides\" \/>\n\t<meta name=\"twitter:label2\" content=\"Szacowany czas czytania\" \/>\n\t<meta name=\"twitter:data2\" content=\"3 minuty\" \/>\n<script type=\"application\/ld+json\" class=\"yoast-schema-graph\">{\"@context\":\"https:\\\/\\\/schema.org\",\"@graph\":[{\"@type\":\"Article\",\"@id\":\"https:\\\/\\\/wobronietradycjiiwiary.com\\\/kto-byl-najgorszym-z-papiezy-lub-o-prymacie-papieskim-4-z-7\\\/#article\",\"isPartOf\":{\"@id\":\"https:\\\/\\\/wobronietradycjiiwiary.com\\\/kto-byl-najgorszym-z-papiezy-lub-o-prymacie-papieskim-4-z-7\\\/\"},\"author\":{\"name\":\"Traditio et Fides\",\"@id\":\"https:\\\/\\\/wobronietradycjiiwiary.com\\\/pl\\\/#\\\/schema\\\/person\\\/2d6180ce6abcb681fef0daab7816e8f3\"},\"headline\":\"Kto by\u0142 najgorszym z papie\u017cy lub o prymacie papieskim (4 z 7)\",\"datePublished\":\"2020-02-11T07:00:09+00:00\",\"dateModified\":\"2025-02-07T14:39:45+00:00\",\"mainEntityOfPage\":{\"@id\":\"https:\\\/\\\/wobronietradycjiiwiary.com\\\/kto-byl-najgorszym-z-papiezy-lub-o-prymacie-papieskim-4-z-7\\\/\"},\"wordCount\":643,\"publisher\":{\"@id\":\"https:\\\/\\\/wobronietradycjiiwiary.com\\\/pl\\\/#organization\"},\"image\":{\"@id\":\"https:\\\/\\\/wobronietradycjiiwiary.com\\\/kto-byl-najgorszym-z-papiezy-lub-o-prymacie-papieskim-4-z-7\\\/#primaryimage\"},\"thumbnailUrl\":\"https:\\\/\\\/wobronietradycjiiwiary.com\\\/wp-content\\\/uploads\\\/2020\\\/01\\\/pope-gregory-ix.jpg\",\"keywords\":[\"indefectabilitas\",\"niezniszczalno\u015b\u0107 Ko\u015bcio\u0142a\",\"prymat papieski\",\"przymioty Ko\u015bcio\u0142a\",\"Restricted\",\"rola papie\u017ca\"],\"articleSection\":[\"Nieomylno\u015bci charyzmat\"],\"inLanguage\":\"pl-PL\"},{\"@type\":\"WebPage\",\"@id\":\"https:\\\/\\\/wobronietradycjiiwiary.com\\\/kto-byl-najgorszym-z-papiezy-lub-o-prymacie-papieskim-4-z-7\\\/\",\"url\":\"https:\\\/\\\/wobronietradycjiiwiary.com\\\/kto-byl-najgorszym-z-papiezy-lub-o-prymacie-papieskim-4-z-7\\\/\",\"name\":\"Kto by\u0142 najgorszym z papie\u017cy lub o prymacie papieskim (4 z 7) - Tradycja i Wiara\",\"isPartOf\":{\"@id\":\"https:\\\/\\\/wobronietradycjiiwiary.com\\\/pl\\\/#website\"},\"primaryImageOfPage\":{\"@id\":\"https:\\\/\\\/wobronietradycjiiwiary.com\\\/kto-byl-najgorszym-z-papiezy-lub-o-prymacie-papieskim-4-z-7\\\/#primaryimage\"},\"image\":{\"@id\":\"https:\\\/\\\/wobronietradycjiiwiary.com\\\/kto-byl-najgorszym-z-papiezy-lub-o-prymacie-papieskim-4-z-7\\\/#primaryimage\"},\"thumbnailUrl\":\"https:\\\/\\\/wobronietradycjiiwiary.com\\\/wp-content\\\/uploads\\\/2020\\\/01\\\/pope-gregory-ix.jpg\",\"datePublished\":\"2020-02-11T07:00:09+00:00\",\"dateModified\":\"2025-02-07T14:39:45+00:00\",\"description\":\"Kto by\u0142 najgorszym z papie\u017cy lub o prymacie papieskim (4 z 7) indefectibilitas charyzmat prymat Bergoglio Ko\u015bci\u00f3\u0142\",\"breadcrumb\":{\"@id\":\"https:\\\/\\\/wobronietradycjiiwiary.com\\\/kto-byl-najgorszym-z-papiezy-lub-o-prymacie-papieskim-4-z-7\\\/#breadcrumb\"},\"inLanguage\":\"pl-PL\",\"potentialAction\":[{\"@type\":\"ReadAction\",\"target\":[\"https:\\\/\\\/wobronietradycjiiwiary.com\\\/kto-byl-najgorszym-z-papiezy-lub-o-prymacie-papieskim-4-z-7\\\/\"]}]},{\"@type\":\"ImageObject\",\"inLanguage\":\"pl-PL\",\"@id\":\"https:\\\/\\\/wobronietradycjiiwiary.com\\\/kto-byl-najgorszym-z-papiezy-lub-o-prymacie-papieskim-4-z-7\\\/#primaryimage\",\"url\":\"https:\\\/\\\/wobronietradycjiiwiary.com\\\/wp-content\\\/uploads\\\/2020\\\/01\\\/pope-gregory-ix.jpg\",\"contentUrl\":\"https:\\\/\\\/wobronietradycjiiwiary.com\\\/wp-content\\\/uploads\\\/2020\\\/01\\\/pope-gregory-ix.jpg\",\"width\":939,\"height\":729},{\"@type\":\"BreadcrumbList\",\"@id\":\"https:\\\/\\\/wobronietradycjiiwiary.com\\\/kto-byl-najgorszym-z-papiezy-lub-o-prymacie-papieskim-4-z-7\\\/#breadcrumb\",\"itemListElement\":[{\"@type\":\"ListItem\",\"position\":1,\"name\":\"Strona g\u0142\u00f3wna\",\"item\":\"https:\\\/\\\/wobronietradycjiiwiary.com\\\/\"},{\"@type\":\"ListItem\",\"position\":2,\"name\":\"Kto by\u0142 najgorszym z papie\u017cy lub o prymacie papieskim (4 z 7)\"}]},{\"@type\":\"WebSite\",\"@id\":\"https:\\\/\\\/wobronietradycjiiwiary.com\\\/pl\\\/#website\",\"url\":\"https:\\\/\\\/wobronietradycjiiwiary.com\\\/pl\\\/\",\"name\":\"Tradycja i Wiara\",\"description\":\"Portal dla katolik\u00f3w.\",\"publisher\":{\"@id\":\"https:\\\/\\\/wobronietradycjiiwiary.com\\\/pl\\\/#organization\"},\"potentialAction\":[{\"@type\":\"SearchAction\",\"target\":{\"@type\":\"EntryPoint\",\"urlTemplate\":\"https:\\\/\\\/wobronietradycjiiwiary.com\\\/pl\\\/?s={search_term_string}\"},\"query-input\":{\"@type\":\"PropertyValueSpecification\",\"valueRequired\":true,\"valueName\":\"search_term_string\"}}],\"inLanguage\":\"pl-PL\"},{\"@type\":\"Organization\",\"@id\":\"https:\\\/\\\/wobronietradycjiiwiary.com\\\/pl\\\/#organization\",\"name\":\"Tradycja i Wiara\",\"url\":\"https:\\\/\\\/wobronietradycjiiwiary.com\\\/pl\\\/\",\"logo\":{\"@type\":\"ImageObject\",\"inLanguage\":\"pl-PL\",\"@id\":\"https:\\\/\\\/wobronietradycjiiwiary.com\\\/pl\\\/#\\\/schema\\\/logo\\\/image\\\/\",\"url\":\"https:\\\/\\\/i0.wp.com\\\/wobronietradycjiiwiary.com\\\/wp-content\\\/uploads\\\/2015\\\/10\\\/cropped-st-peters-dome-vatican.jpg?fit=940%2C198&ssl=1\",\"contentUrl\":\"https:\\\/\\\/i0.wp.com\\\/wobronietradycjiiwiary.com\\\/wp-content\\\/uploads\\\/2015\\\/10\\\/cropped-st-peters-dome-vatican.jpg?fit=940%2C198&ssl=1\",\"width\":940,\"height\":198,\"caption\":\"Tradycja i Wiara\"},\"image\":{\"@id\":\"https:\\\/\\\/wobronietradycjiiwiary.com\\\/pl\\\/#\\\/schema\\\/logo\\\/image\\\/\"},\"sameAs\":[\"https:\\\/\\\/www.facebook.com\\\/Tradycja-i-Wiara-108813920592249\"]},{\"@type\":\"Person\",\"@id\":\"https:\\\/\\\/wobronietradycjiiwiary.com\\\/pl\\\/#\\\/schema\\\/person\\\/2d6180ce6abcb681fef0daab7816e8f3\",\"name\":\"Traditio et Fides\",\"sameAs\":[\"https:\\\/\\\/traditionundglauben.com\"],\"url\":\"https:\\\/\\\/wobronietradycjiiwiary.com\\\/pl\\\/author\\\/wobronietradycjiiwiary\\\/\"}]}<\/script>\n<!-- \/ Yoast SEO plugin. -->","yoast_head_json":{"title":"Kto by\u0142 najgorszym z papie\u017cy lub o prymacie papieskim (4 z 7) - Tradycja i Wiara","description":"Kto by\u0142 najgorszym z papie\u017cy lub o prymacie papieskim (4 z 7) indefectibilitas charyzmat prymat Bergoglio Ko\u015bci\u00f3\u0142","robots":{"index":"index","follow":"follow","max-snippet":"max-snippet:-1","max-image-preview":"max-image-preview:large","max-video-preview":"max-video-preview:-1"},"canonical":"https:\/\/wobronietradycjiiwiary.com\/pl\/kto-byl-najgorszym-z-papiezy-lub-o-prymacie-papieskim-4-z-7\/","og_locale":"pl_PL","og_type":"article","og_title":"Kto by\u0142 najgorszym z papie\u017cy lub o prymacie papieskim (4 z 7) - Tradycja i Wiara","og_description":"Kto by\u0142 najgorszym z papie\u017cy lub o prymacie papieskim (4 z 7) indefectibilitas charyzmat prymat Bergoglio Ko\u015bci\u00f3\u0142","og_url":"https:\/\/wobronietradycjiiwiary.com\/pl\/kto-byl-najgorszym-z-papiezy-lub-o-prymacie-papieskim-4-z-7\/","og_site_name":"Tradycja i Wiara","article_publisher":"https:\/\/www.facebook.com\/Tradycja-i-Wiara-108813920592249","article_published_time":"2020-02-11T07:00:09+00:00","article_modified_time":"2025-02-07T14:39:45+00:00","og_image":[{"width":939,"height":729,"url":"https:\/\/wobronietradycjiiwiary.com\/wp-content\/uploads\/2020\/01\/pope-gregory-ix.jpg","type":"image\/jpeg"}],"author":"Traditio et Fides","twitter_card":"summary_large_image","twitter_misc":{"Napisane przez":"Traditio et Fides","Szacowany czas czytania":"3 minuty"},"schema":{"@context":"https:\/\/schema.org","@graph":[{"@type":"Article","@id":"https:\/\/wobronietradycjiiwiary.com\/kto-byl-najgorszym-z-papiezy-lub-o-prymacie-papieskim-4-z-7\/#article","isPartOf":{"@id":"https:\/\/wobronietradycjiiwiary.com\/kto-byl-najgorszym-z-papiezy-lub-o-prymacie-papieskim-4-z-7\/"},"author":{"name":"Traditio et Fides","@id":"https:\/\/wobronietradycjiiwiary.com\/pl\/#\/schema\/person\/2d6180ce6abcb681fef0daab7816e8f3"},"headline":"Kto by\u0142 najgorszym z papie\u017cy lub o prymacie papieskim (4 z 7)","datePublished":"2020-02-11T07:00:09+00:00","dateModified":"2025-02-07T14:39:45+00:00","mainEntityOfPage":{"@id":"https:\/\/wobronietradycjiiwiary.com\/kto-byl-najgorszym-z-papiezy-lub-o-prymacie-papieskim-4-z-7\/"},"wordCount":643,"publisher":{"@id":"https:\/\/wobronietradycjiiwiary.com\/pl\/#organization"},"image":{"@id":"https:\/\/wobronietradycjiiwiary.com\/kto-byl-najgorszym-z-papiezy-lub-o-prymacie-papieskim-4-z-7\/#primaryimage"},"thumbnailUrl":"https:\/\/wobronietradycjiiwiary.com\/wp-content\/uploads\/2020\/01\/pope-gregory-ix.jpg","keywords":["indefectabilitas","niezniszczalno\u015b\u0107 Ko\u015bcio\u0142a","prymat papieski","przymioty Ko\u015bcio\u0142a","Restricted","rola papie\u017ca"],"articleSection":["Nieomylno\u015bci charyzmat"],"inLanguage":"pl-PL"},{"@type":"WebPage","@id":"https:\/\/wobronietradycjiiwiary.com\/kto-byl-najgorszym-z-papiezy-lub-o-prymacie-papieskim-4-z-7\/","url":"https:\/\/wobronietradycjiiwiary.com\/kto-byl-najgorszym-z-papiezy-lub-o-prymacie-papieskim-4-z-7\/","name":"Kto by\u0142 najgorszym z papie\u017cy lub o prymacie papieskim (4 z 7) - Tradycja i Wiara","isPartOf":{"@id":"https:\/\/wobronietradycjiiwiary.com\/pl\/#website"},"primaryImageOfPage":{"@id":"https:\/\/wobronietradycjiiwiary.com\/kto-byl-najgorszym-z-papiezy-lub-o-prymacie-papieskim-4-z-7\/#primaryimage"},"image":{"@id":"https:\/\/wobronietradycjiiwiary.com\/kto-byl-najgorszym-z-papiezy-lub-o-prymacie-papieskim-4-z-7\/#primaryimage"},"thumbnailUrl":"https:\/\/wobronietradycjiiwiary.com\/wp-content\/uploads\/2020\/01\/pope-gregory-ix.jpg","datePublished":"2020-02-11T07:00:09+00:00","dateModified":"2025-02-07T14:39:45+00:00","description":"Kto by\u0142 najgorszym z papie\u017cy lub o prymacie papieskim (4 z 7) indefectibilitas charyzmat prymat Bergoglio Ko\u015bci\u00f3\u0142","breadcrumb":{"@id":"https:\/\/wobronietradycjiiwiary.com\/kto-byl-najgorszym-z-papiezy-lub-o-prymacie-papieskim-4-z-7\/#breadcrumb"},"inLanguage":"pl-PL","potentialAction":[{"@type":"ReadAction","target":["https:\/\/wobronietradycjiiwiary.com\/kto-byl-najgorszym-z-papiezy-lub-o-prymacie-papieskim-4-z-7\/"]}]},{"@type":"ImageObject","inLanguage":"pl-PL","@id":"https:\/\/wobronietradycjiiwiary.com\/kto-byl-najgorszym-z-papiezy-lub-o-prymacie-papieskim-4-z-7\/#primaryimage","url":"https:\/\/wobronietradycjiiwiary.com\/wp-content\/uploads\/2020\/01\/pope-gregory-ix.jpg","contentUrl":"https:\/\/wobronietradycjiiwiary.com\/wp-content\/uploads\/2020\/01\/pope-gregory-ix.jpg","width":939,"height":729},{"@type":"BreadcrumbList","@id":"https:\/\/wobronietradycjiiwiary.com\/kto-byl-najgorszym-z-papiezy-lub-o-prymacie-papieskim-4-z-7\/#breadcrumb","itemListElement":[{"@type":"ListItem","position":1,"name":"Strona g\u0142\u00f3wna","item":"https:\/\/wobronietradycjiiwiary.com\/"},{"@type":"ListItem","position":2,"name":"Kto by\u0142 najgorszym z papie\u017cy lub o prymacie papieskim (4 z 7)"}]},{"@type":"WebSite","@id":"https:\/\/wobronietradycjiiwiary.com\/pl\/#website","url":"https:\/\/wobronietradycjiiwiary.com\/pl\/","name":"Tradycja i Wiara","description":"Portal dla katolik\u00f3w.","publisher":{"@id":"https:\/\/wobronietradycjiiwiary.com\/pl\/#organization"},"potentialAction":[{"@type":"SearchAction","target":{"@type":"EntryPoint","urlTemplate":"https:\/\/wobronietradycjiiwiary.com\/pl\/?s={search_term_string}"},"query-input":{"@type":"PropertyValueSpecification","valueRequired":true,"valueName":"search_term_string"}}],"inLanguage":"pl-PL"},{"@type":"Organization","@id":"https:\/\/wobronietradycjiiwiary.com\/pl\/#organization","name":"Tradycja i Wiara","url":"https:\/\/wobronietradycjiiwiary.com\/pl\/","logo":{"@type":"ImageObject","inLanguage":"pl-PL","@id":"https:\/\/wobronietradycjiiwiary.com\/pl\/#\/schema\/logo\/image\/","url":"https:\/\/i0.wp.com\/wobronietradycjiiwiary.com\/wp-content\/uploads\/2015\/10\/cropped-st-peters-dome-vatican.jpg?fit=940%2C198&ssl=1","contentUrl":"https:\/\/i0.wp.com\/wobronietradycjiiwiary.com\/wp-content\/uploads\/2015\/10\/cropped-st-peters-dome-vatican.jpg?fit=940%2C198&ssl=1","width":940,"height":198,"caption":"Tradycja i Wiara"},"image":{"@id":"https:\/\/wobronietradycjiiwiary.com\/pl\/#\/schema\/logo\/image\/"},"sameAs":["https:\/\/www.facebook.com\/Tradycja-i-Wiara-108813920592249"]},{"@type":"Person","@id":"https:\/\/wobronietradycjiiwiary.com\/pl\/#\/schema\/person\/2d6180ce6abcb681fef0daab7816e8f3","name":"Traditio et Fides","sameAs":["https:\/\/traditionundglauben.com"],"url":"https:\/\/wobronietradycjiiwiary.com\/pl\/author\/wobronietradycjiiwiary\/"}]}},"jetpack_publicize_connections":[],"jetpack_sharing_enabled":true,"jetpack_likes_enabled":true,"jetpack_shortlink":"https:\/\/wp.me\/pc04Sd-6Qg","jetpack-related-posts":[{"id":26308,"url":"https:\/\/wobronietradycjiiwiary.com\/pl\/kto-byl-najgorszym-z-papiezy-lub-o-prymacie-papieskim-5-z-7\/","url_meta":{"origin":26304,"position":0},"title":"Kto by\u0142 najgorszym z papie\u017cy lub o prymacie papieskim (5 z 7)","author":"Traditio et Fides","date":"18 lutego 2020","format":false,"excerpt":"Papie\u017c jako Nast\u0119pca \u015bw. Piotra jest nie tylko szczytem hierarchii Ko\u015bcio\u0142a, ale r\u00f3wnie\u017c jej fundamentem, gdy\u017c od niego, jak ju\u017c podano powy\u017cej, hierarchia biskup\u00f3w si\u0119 wywodzi. Dlatego te\u017c znaczenie papie\u017ca dla Ko\u015bcio\u0142a jest nie do przecenienia, a pogl\u0105dy niekt\u00f3rych konserwatyst\u00f3w, \u017ce papie\u017c nie jest a\u017c taki wa\u017cny i by\u0142o mn\u00f3stwo\u2026","rel":"","context":"W \u201eNieomylno\u015bci charyzmat&quot;","block_context":{"text":"Nieomylno\u015bci charyzmat","link":"https:\/\/wobronietradycjiiwiary.com\/pl\/category\/doktryna\/teologia-dogmatyczna\/papiestwo\/nieomylnosc-papieska\/charyzmat-nieomylnosci\/"},"img":{"alt_text":"","src":"https:\/\/i0.wp.com\/wobronietradycjiiwiary.com\/wp-content\/uploads\/2020\/01\/pope-gregory-ix.jpg?resize=350%2C200&ssl=1","width":350,"height":200,"srcset":"https:\/\/i0.wp.com\/wobronietradycjiiwiary.com\/wp-content\/uploads\/2020\/01\/pope-gregory-ix.jpg?resize=350%2C200&ssl=1 1x, https:\/\/i0.wp.com\/wobronietradycjiiwiary.com\/wp-content\/uploads\/2020\/01\/pope-gregory-ix.jpg?resize=525%2C300&ssl=1 1.5x, https:\/\/i0.wp.com\/wobronietradycjiiwiary.com\/wp-content\/uploads\/2020\/01\/pope-gregory-ix.jpg?resize=700%2C400&ssl=1 2x"},"classes":[]},{"id":26331,"url":"https:\/\/wobronietradycjiiwiary.com\/pl\/najgorszy-w-papiezy-lub-o-prymacie-4\/","url_meta":{"origin":26304,"position":1},"title":"Najgorszy z papie\u017cy lub o prymacie 4","author":"Traditio et Fides","date":"11 lutego 2020","format":false,"excerpt":"Prymat papieski zwi\u0105zany jest z nauk\u0105 o niezniszczalno\u015bci (indefectibilitas) i widzialno\u015bci Ko\u015bcio\u0142a. Aby Ko\u015bci\u00f3\u0142 by\u0142 widzialny, musi mie\u0107 widzialn\u0105 hierarchi\u0119, to jest papie\u017ca. Twierdzenia sedewakantyst\u00f3w godz\u0105 w nauk\u0119 o indefectibilitas Ko\u015bcio\u0142a. Bez papie\u017ca nie ma biskup\u00f3w, bez biskup\u00f3w nie ma kap\u0142an\u00f3w, a bez kap\u0142an\u00f3w nie ma \u017cadnych sakrament\u00f3w pomijaj\u0105c chrzest.\u2026","rel":"","context":"W \u201eNieomylno\u015bci charyzmat&quot;","block_context":{"text":"Nieomylno\u015bci charyzmat","link":"https:\/\/wobronietradycjiiwiary.com\/pl\/category\/doktryna\/teologia-dogmatyczna\/papiestwo\/nieomylnosc-papieska\/charyzmat-nieomylnosci\/"},"img":{"alt_text":"","src":"https:\/\/i0.wp.com\/wobronietradycjiiwiary.com\/wp-content\/uploads\/2021\/11\/Medieval-Pope.jpg?resize=350%2C200&ssl=1","width":350,"height":200,"srcset":"https:\/\/i0.wp.com\/wobronietradycjiiwiary.com\/wp-content\/uploads\/2021\/11\/Medieval-Pope.jpg?resize=350%2C200&ssl=1 1x, https:\/\/i0.wp.com\/wobronietradycjiiwiary.com\/wp-content\/uploads\/2021\/11\/Medieval-Pope.jpg?resize=525%2C300&ssl=1 1.5x, https:\/\/i0.wp.com\/wobronietradycjiiwiary.com\/wp-content\/uploads\/2021\/11\/Medieval-Pope.jpg?resize=700%2C400&ssl=1 2x"},"classes":[]},{"id":168162,"url":"https:\/\/wobronietradycjiiwiary.com\/pl\/ekskomunika-fsspx-analiza-kanoniczna-wlasna-1-z-x-przedsoborowa-nauka-o-urzedzie-biskupa\/","url_meta":{"origin":26304,"position":2},"title":"Ekskomunika FSSPX: Analiza kanoniczna w\u0142asna (1 z x). Przedsoborowa nauka o urz\u0119dzie biskupa.","author":"Traditio et Fides","date":"10 lipca 2026","format":false,"excerpt":"O przedsoborowym rozumieniu urz\u0119du biskup\u00f3w.","rel":"","context":"W \u201eAnaliza w\u0142asna&quot;","block_context":{"text":"Analiza w\u0142asna","link":"https:\/\/wobronietradycjiiwiary.com\/pl\/category\/polemika\/kosciol-posoborowy\/tradycjonalizm\/fsspx\/fsspx-inne-kwestie\/swiecenia-biskupow\/ekskomunika-fsspx\/analiza-wlasna\/"},"img":{"alt_text":"","src":"https:\/\/i0.wp.com\/wobronietradycjiiwiary.com\/wp-content\/uploads\/2026\/07\/Untitled-July-14-2026-at-19.58.26.png?resize=350%2C200&ssl=1","width":350,"height":200},"classes":[]},{"id":16299,"url":"https:\/\/wobronietradycjiiwiary.com\/pl\/correctio-filialis-po-polsku-4-z-5\/","url_meta":{"origin":26304,"position":3},"title":"Correctio filialis po polsku (4 z 4)","author":"Traditio et Fides","date":"12 stycznia 2018","format":false,"excerpt":"W czwartej cz\u0119\u015bci Correctio filialis nast\u0119puje wreszcie wyja\u015bnienie, dlaczego podane siedem tez z Amoris Laetitia oraz przedstawiane nast\u0119pnie wyst\u0105pienia papie\u017ca i jego poplecznik\u00f3w s\u0105 herezjami. Poniewa\u017c (a) sprzeciwiaj\u0105 si\u0119 odwiecznej nauce Ko\u015bcio\u0142a oraz (b) zosta\u0142y ju\u017c pot\u0119pione. To prawda, \u017ce nie ma nic nowego pod s\u0142o\u0144cem, a diabe\u0142 nie potrafi\u2026","rel":"","context":"W \u201eCorrectio filialis&quot;","block_context":{"text":"Correctio filialis","link":"https:\/\/wobronietradycjiiwiary.com\/pl\/category\/polemika\/kosciol-posoborowy\/papieze\/papiez-franciszek\/correctio-filialis\/"},"img":{"alt_text":"Peter and Paul popup 1","src":"https:\/\/i0.wp.com\/wobronietradycjiiwiary.com\/wp-content\/uploads\/2017\/11\/peter-and-paul-popup-1.jpg?resize=350%2C200&ssl=1","width":350,"height":200,"srcset":"https:\/\/i0.wp.com\/wobronietradycjiiwiary.com\/wp-content\/uploads\/2017\/11\/peter-and-paul-popup-1.jpg?resize=350%2C200&ssl=1 1x, https:\/\/i0.wp.com\/wobronietradycjiiwiary.com\/wp-content\/uploads\/2017\/11\/peter-and-paul-popup-1.jpg?resize=525%2C300&ssl=1 1.5x"},"classes":[]},{"id":26340,"url":"https:\/\/wobronietradycjiiwiary.com\/pl\/najgorszy-z-papiezy-lub-o-prymacie-6\/","url_meta":{"origin":26304,"position":4},"title":"Najgorszy z papie\u017cy lub o prymacie 6","author":"Traditio et Fides","date":"25 lutego 2020","format":false,"excerpt":"Zadaniem papie\u017ca jest bycie fundamentem, pasterzowanie i umacniania braci. Jak na tle tych zada\u0144 wypada Bergoglio? \u017baden ze z\u0142ych papie\u017cy nie niszczy\u0142 tak systematycznie organizacyjnie i doktrynalnie Ko\u015bcio\u0142a jak Franciszek. O ile w przypadku z\u0142ych papie\u017cy szkody by\u0142y raczej kolateralne, to w przypadku Bergoglio maj\u0105 by\u0107 trwa\u0142e i celowe. Dotyczas\u2026","rel":"","context":"W \u201eNieomylno\u015bci charyzmat&quot;","block_context":{"text":"Nieomylno\u015bci charyzmat","link":"https:\/\/wobronietradycjiiwiary.com\/pl\/category\/doktryna\/teologia-dogmatyczna\/papiestwo\/nieomylnosc-papieska\/charyzmat-nieomylnosci\/"},"img":{"alt_text":"","src":"https:\/\/i0.wp.com\/wobronietradycjiiwiary.com\/wp-content\/uploads\/2021\/11\/Medieval-Pope.jpg?resize=350%2C200&ssl=1","width":350,"height":200,"srcset":"https:\/\/i0.wp.com\/wobronietradycjiiwiary.com\/wp-content\/uploads\/2021\/11\/Medieval-Pope.jpg?resize=350%2C200&ssl=1 1x, https:\/\/i0.wp.com\/wobronietradycjiiwiary.com\/wp-content\/uploads\/2021\/11\/Medieval-Pope.jpg?resize=525%2C300&ssl=1 1.5x, https:\/\/i0.wp.com\/wobronietradycjiiwiary.com\/wp-content\/uploads\/2021\/11\/Medieval-Pope.jpg?resize=700%2C400&ssl=1 2x"},"classes":[]},{"id":26313,"url":"https:\/\/wobronietradycjiiwiary.com\/pl\/kto-byl-najgorszym-z-papiezy-lub-o-prymacie-papieskim-6-z-7\/","url_meta":{"origin":26304,"position":5},"title":"Kto by\u0142 najgorszym z papie\u017cy lub o prymacie papieskim (6 z 7)","author":"Traditio et Fides","date":"25 lutego 2020","format":false,"excerpt":"Prymat papieski okre\u015blany jest jako: Potestas suprema et plena docendi et regendi universalem Ecclesiam.[1] Najwy\u017csza i pe\u0142na w\u0142adza nauczania i rz\u0105dzenia ca\u0142ym Ko\u015bcio\u0142em. Nie zamierzamy podawa\u0107 w tym miejscu ca\u0142ej nauki o prymacie papieskim, gdy\u017c uczynili\u015bmy to ju\u017c cz\u0119\u015bciowo w innych miejscach. Skupimy si\u0119 obecnie jedynie na prymacie jako na\u2026","rel":"","context":"W \u201eNieomylno\u015bci charyzmat&quot;","block_context":{"text":"Nieomylno\u015bci charyzmat","link":"https:\/\/wobronietradycjiiwiary.com\/pl\/category\/doktryna\/teologia-dogmatyczna\/papiestwo\/nieomylnosc-papieska\/charyzmat-nieomylnosci\/"},"img":{"alt_text":"","src":"https:\/\/i0.wp.com\/wobronietradycjiiwiary.com\/wp-content\/uploads\/2020\/01\/pope-gregory-ix.jpg?resize=350%2C200&ssl=1","width":350,"height":200,"srcset":"https:\/\/i0.wp.com\/wobronietradycjiiwiary.com\/wp-content\/uploads\/2020\/01\/pope-gregory-ix.jpg?resize=350%2C200&ssl=1 1x, https:\/\/i0.wp.com\/wobronietradycjiiwiary.com\/wp-content\/uploads\/2020\/01\/pope-gregory-ix.jpg?resize=525%2C300&ssl=1 1.5x, https:\/\/i0.wp.com\/wobronietradycjiiwiary.com\/wp-content\/uploads\/2020\/01\/pope-gregory-ix.jpg?resize=700%2C400&ssl=1 2x"},"classes":[]}],"jetpack_featured_media_url":"https:\/\/wobronietradycjiiwiary.com\/wp-content\/uploads\/2020\/01\/pope-gregory-ix.jpg","_links":{"self":[{"href":"https:\/\/wobronietradycjiiwiary.com\/pl\/wp-json\/wp\/v2\/posts\/26304","targetHints":{"allow":["GET"]}}],"collection":[{"href":"https:\/\/wobronietradycjiiwiary.com\/pl\/wp-json\/wp\/v2\/posts"}],"about":[{"href":"https:\/\/wobronietradycjiiwiary.com\/pl\/wp-json\/wp\/v2\/types\/post"}],"author":[{"embeddable":true,"href":"https:\/\/wobronietradycjiiwiary.com\/pl\/wp-json\/wp\/v2\/users\/60508433"}],"replies":[{"embeddable":true,"href":"https:\/\/wobronietradycjiiwiary.com\/pl\/wp-json\/wp\/v2\/comments?post=26304"}],"version-history":[{"count":1,"href":"https:\/\/wobronietradycjiiwiary.com\/pl\/wp-json\/wp\/v2\/posts\/26304\/revisions"}],"predecessor-version":[{"id":57191,"href":"https:\/\/wobronietradycjiiwiary.com\/pl\/wp-json\/wp\/v2\/posts\/26304\/revisions\/57191"}],"wp:featuredmedia":[{"embeddable":true,"href":"https:\/\/wobronietradycjiiwiary.com\/pl\/wp-json\/wp\/v2\/media\/26244"}],"wp:attachment":[{"href":"https:\/\/wobronietradycjiiwiary.com\/pl\/wp-json\/wp\/v2\/media?parent=26304"}],"wp:term":[{"taxonomy":"category","embeddable":true,"href":"https:\/\/wobronietradycjiiwiary.com\/pl\/wp-json\/wp\/v2\/categories?post=26304"},{"taxonomy":"post_tag","embeddable":true,"href":"https:\/\/wobronietradycjiiwiary.com\/pl\/wp-json\/wp\/v2\/tags?post=26304"}],"curies":[{"name":"wp","href":"https:\/\/api.w.org\/{rel}","templated":true}]}}