{"id":26266,"date":"2020-01-31T08:00:13","date_gmt":"2020-01-31T07:00:13","guid":{"rendered":"https:\/\/wobronietradycjiiwiary.com\/?p=26266"},"modified":"2025-02-07T15:48:27","modified_gmt":"2025-02-07T14:48:27","slug":"poulain-sj-rozdzial-xxii-objawienia-i-wizje-23-%c2%a7-1-cechy-prawdziwych-i-falszywych-objawien","status":"publish","type":"post","link":"https:\/\/wobronietradycjiiwiary.com\/pl\/poulain-sj-rozdzial-xxii-objawienia-i-wizje-23-%c2%a7-1-cechy-prawdziwych-i-falszywych-objawien\/","title":{"rendered":"Poulain SJ: Rozdzia\u0142 XXII. Objawienia i wizje (23). \u00a7 1. Cechy prawdziwych i fa\u0142szywych objawie\u0144."},"content":{"rendered":"<div id=\"bsf_rt_marker\"><\/div><p>1. Zbadajmy najpierw t\u0119 kwestie: czy mo\u017cna kiedykolwiek mie\u0107 moraln\u0105 pewno\u015b\u0107, \u017ce jakie\u015b objawienie jest wy\u0142\u0105cznie Bo\u017ce? Trzeba tu odpowiedzie\u0107&hellip;<\/p>\n<div style=\"text-align: center\">\n<p>&nbsp;<\/p>\n<\/div>\n<h2 style=\"border: 5px solid #0000A0;padding: 1em;text-align: center\"><span style=\"color: #000000\">Pe\u0142en dost\u0119p dla <span style=\"color: #00ccff\"><a style=\"color: #00ccff\" href=\"https:\/\/wobronietradycjiiwiary.com\/subskrypcje-2\/\" target=\"_blank\" rel=\"noopener\">subskrybent\u00f3w<\/a><\/span>.<\/span><br \/>\n<span style=\"color: #3366ff\"><a style=\"color: #3366ff\" href=\"https:\/\/wobronietradycjiiwiary.com\/account\/login\/\" target=\"_blank\" rel=\"noopener\"><span style=\"color: #00ccff\">Zaloguj<\/span><\/a> <\/span>si\u0119 lub przejd\u017a do <a href=\"https:\/\/wobronietradycjiiwiary.com\/register\/\"><span style=\"color: #3366ff\">Rejestracji<\/span><\/a>.<\/h2>\n<div>\n<p style=\"text-align: center\"><a href=\"https:\/\/wobronietradycjiiwiary.com\/pl\/subskrypcje-2\/cennik\/\" target=\"_blank\" rel=\"noopener\"><span style=\"color: #000080;font-size: 24pt\"><strong>Nowe ni\u017csze ceny<\/strong><\/span><\/a><\/p>\n<p style=\"text-align: center\"><strong><span style=\"font-size: 18pt;color: #000080\">P\u0142atno\u015b\u0107 kart\u0105<\/span><\/strong><\/p>\n<\/div>\n<h3 style=\"text-align: center\"><a href=\"https:\/\/wobronietradycjiiwiary.com\/pl\/subskrypcje-2\/automatyczne\/indywidualne\/\" target=\"_blank\" rel=\"noopener\"><img fetchpriority=\"high\" decoding=\"async\" class=\"alignnone size-medium wp-image-80433\" src=\"https:\/\/wobronietradycjiiwiary.com\/wp-content\/uploads\/2022\/11\/Unbenannt-1-Online-1-300x202.jpg\" alt=\"\" width=\"300\" height=\"202\" srcset=\"https:\/\/wobronietradycjiiwiary.com\/wp-content\/uploads\/2022\/11\/Unbenannt-1-Online-1-300x202.jpg 300w, https:\/\/wobronietradycjiiwiary.com\/wp-content\/uploads\/2022\/11\/Unbenannt-1-Online-1-150x101.jpg 150w, https:\/\/wobronietradycjiiwiary.com\/wp-content\/uploads\/2022\/11\/Unbenannt-1-Online-1-18x12.jpg 18w, https:\/\/wobronietradycjiiwiary.com\/wp-content\/uploads\/2022\/11\/Unbenannt-1-Online-1.jpg 446w\" sizes=\"(max-width: 300px) 100vw, 300px\" \/><\/a><\/h3>\n<p style=\"text-align: center\"><strong><span style=\"font-size: 18pt;color: #000080\">P\u0142atno\u015b\u0107 przelewem<\/span><\/strong><\/p>\n<p><a href=\"https:\/\/wobronietradycjiiwiary.com\/pl\/subskrypcje-2\/automatyczne\/indywidualne\/\" target=\"_blank\" rel=\"noopener\"><img decoding=\"async\" class=\"size-medium wp-image-80434 aligncenter\" src=\"https:\/\/wobronietradycjiiwiary.com\/wp-content\/uploads\/2022\/11\/Unbenannt-1-Przelewem-300x137.jpg\" alt=\"\" width=\"300\" height=\"137\" srcset=\"https:\/\/wobronietradycjiiwiary.com\/wp-content\/uploads\/2022\/11\/Unbenannt-1-Przelewem-300x137.jpg 300w, https:\/\/wobronietradycjiiwiary.com\/wp-content\/uploads\/2022\/11\/Unbenannt-1-Przelewem-450x206.jpg 450w, https:\/\/wobronietradycjiiwiary.com\/wp-content\/uploads\/2022\/11\/Unbenannt-1-Przelewem-600x274.jpg 600w, https:\/\/wobronietradycjiiwiary.com\/wp-content\/uploads\/2022\/11\/Unbenannt-1-Przelewem-150x69.jpg 150w, https:\/\/wobronietradycjiiwiary.com\/wp-content\/uploads\/2022\/11\/Unbenannt-1-Przelewem-18x8.jpg 18w, https:\/\/wobronietradycjiiwiary.com\/wp-content\/uploads\/2022\/11\/Unbenannt-1-Przelewem.jpg 676w\" sizes=\"(max-width: 300px) 100vw, 300px\" \/><\/a><\/p>\n<p style=\"text-align: center\"><strong><span style=\"font-size: 18pt;color: #000080\">P\u0142atno\u015b\u0107 kart\u0105 do 6 os\u00f3b<\/span><\/strong><\/p>\n<p><a href=\"https:\/\/wobronietradycjiiwiary.com\/pl\/rodzinne\/\" target=\"_blank\" rel=\"noopener\"><img decoding=\"async\" class=\"size-medium wp-image-80435 aligncenter\" src=\"https:\/\/wobronietradycjiiwiary.com\/wp-content\/uploads\/2022\/11\/Unbenannt-1-Rodzinna-300x208.jpg\" alt=\"\" width=\"300\" height=\"208\" srcset=\"https:\/\/wobronietradycjiiwiary.com\/wp-content\/uploads\/2022\/11\/Unbenannt-1-Rodzinna-300x208.jpg 300w, https:\/\/wobronietradycjiiwiary.com\/wp-content\/uploads\/2022\/11\/Unbenannt-1-Rodzinna-150x104.jpg 150w, https:\/\/wobronietradycjiiwiary.com\/wp-content\/uploads\/2022\/11\/Unbenannt-1-Rodzinna-18x12.jpg 18w, https:\/\/wobronietradycjiiwiary.com\/wp-content\/uploads\/2022\/11\/Unbenannt-1-Rodzinna.jpg 448w\" sizes=\"(max-width: 300px) 100vw, 300px\" \/><\/a><\/p>\n<h3 style=\"text-align: center\"><\/h3>\n<h1 style=\"text-align: center\"><\/h1>\n","protected":false},"excerpt":{"rendered":"<p>1. Zbadajmy najpierw t\u0119 kwestie: czy mo\u017cna kiedykolwiek mie\u0107 moraln\u0105 pewno\u015b\u0107, \u017ce jakie\u015b objawienie jest wy\u0142\u0105cznie Bo\u017ce? Trzeba tu odpowiedzie\u0107&hellip; &nbsp; Pe\u0142en dost\u0119p dla subskrybent\u00f3w. Zaloguj si\u0119 lub przejd\u017a do Rejestracji. Nowe ni\u017csze ceny P\u0142atno\u015b\u0107 kart\u0105 P\u0142atno\u015b\u0107 przelewem P\u0142atno\u015b\u0107 kart\u0105 do 6 os\u00f3b<\/p>\n","protected":false},"author":60508433,"featured_media":23108,"comment_status":"closed","ping_status":"closed","sticky":false,"template":"","format":"standard","meta":{"_bbp_topic_count":0,"_bbp_reply_count":0,"_bbp_total_topic_count":0,"_bbp_total_reply_count":0,"_bbp_voice_count":0,"_bbp_anonymous_reply_count":0,"_bbp_topic_count_hidden":0,"_bbp_reply_count_hidden":0,"_bbp_forum_subforum_count":0,"_editorskit_title_hidden":false,"_editorskit_reading_time":0,"_editorskit_is_block_options_detached":false,"_editorskit_block_options_position":"{}","_coblocks_attr":"","_coblocks_dimensions":"","_coblocks_responsive_height":"","_coblocks_accordion_ie_support":"","_exactmetrics_skip_tracking":false,"_jetpack_newsletter_access":"","_jetpack_dont_email_post_to_subs":false,"_jetpack_newsletter_tier_id":0,"_jetpack_memberships_contains_paywalled_content":false,"_wpcom_ai_launchpad_first_post":false,"_jetpack_feature_clip_id":0,"_jetpack_memberships_contains_paid_content":false,"footnotes":"","jetpack_publicize_message":"{title}\n\n{excerpt}\n\n{url}","jetpack_publicize_feature_enabled":true,"jetpack_social_post_already_shared":true,"jetpack_social_options":{"image_generator_settings":{"template":"highway","default_image_id":0,"font":"","enabled":false},"version":2},"_wpas_customize_per_network":false,"jetpack_post_was_ever_published":false},"categories":[610131214,610131184,610131751,347875972,610130850,44224351,610135004,610135001],"tags":[610131752,610131366,610131465,260690672,610132133],"class_list":["post-26266","post","type-post","status-publish","format-standard","has-post-thumbnail","hentry","category-autorzy","category-duchowosc","category-kryteria-ogolne","category-mistyka-i-pseudomistyka","category-augustin-poulain-sj","category-objawienia-prywatne","category-poulain-cechy-prawdziwych-i-falszywych-objawien","category-poulain-objawienia-i-wizje","tag-kryteria-objawien-prywatnych","tag-o-poulain-sj","tag-objawienia-i-wizje-o-poulain-bledy-w-objawieniach","tag-prawdziwosc-wizji","tag-restricted"],"yoast_head":"<!-- This site is optimized with the Yoast SEO plugin v28.4 - https:\/\/yoast.com\/product\/yoast-seo-wordpress\/ -->\n<title>Poulain SJ: Rozdzia\u0142 XXII. Objawienia i wizje (23). \u00a7 1. Cechy prawdziwych i fa\u0142szywych objawie\u0144. - Tradycja i Wiara<\/title>\n<meta name=\"robots\" content=\"index, follow, max-snippet:-1, max-image-preview:large, max-video-preview:-1\" \/>\n<link rel=\"canonical\" href=\"https:\/\/wobronietradycjiiwiary.com\/pl\/poulain-sj-rozdzial-xxii-objawienia-i-wizje-23-\u00a7-1-cechy-prawdziwych-i-falszywych-objawien\/\" \/>\n<meta property=\"og:locale\" content=\"pl_PL\" \/>\n<meta property=\"og:type\" content=\"article\" \/>\n<meta property=\"og:title\" content=\"Poulain SJ: Rozdzia\u0142 XXII. Objawienia i wizje (23). \u00a7 1. Cechy prawdziwych i fa\u0142szywych objawie\u0144. - Tradycja i Wiara\" \/>\n<meta property=\"og:description\" content=\"1. Zbadajmy najpierw t\u0119 kwestie: czy mo\u017cna kiedykolwiek mie\u0107 moraln\u0105 pewno\u015b\u0107, \u017ce jakie\u015b objawienie jest wy\u0142\u0105cznie Bo\u017ce? Trzeba tu odpowiedzie\u0107&hellip; &nbsp; Pe\u0142en dost\u0119p dla subskrybent\u00f3w. Zaloguj si\u0119 lub przejd\u017a do Rejestracji. Nowe ni\u017csze ceny P\u0142atno\u015b\u0107 kart\u0105 P\u0142atno\u015b\u0107 przelewem P\u0142atno\u015b\u0107 kart\u0105 do 6 os\u00f3b\" \/>\n<meta property=\"og:url\" content=\"https:\/\/wobronietradycjiiwiary.com\/pl\/poulain-sj-rozdzial-xxii-objawienia-i-wizje-23-\u00a7-1-cechy-prawdziwych-i-falszywych-objawien\/\" \/>\n<meta property=\"og:site_name\" content=\"Tradycja i Wiara\" \/>\n<meta property=\"article:publisher\" content=\"https:\/\/www.facebook.com\/Tradycja-i-Wiara-108813920592249\" \/>\n<meta property=\"article:published_time\" content=\"2020-01-31T07:00:13+00:00\" \/>\n<meta property=\"article:modified_time\" content=\"2025-02-07T14:48:27+00:00\" \/>\n<meta property=\"og:image\" content=\"https:\/\/wobronietradycjiiwiary.com\/wp-content\/uploads\/2019\/10\/peter-paul-rubens-die-wunder-des-hl-ignatius-von-loyola.jpg\" \/>\n\t<meta property=\"og:image:width\" content=\"1139\" \/>\n\t<meta property=\"og:image:height\" content=\"1539\" \/>\n\t<meta property=\"og:image:type\" content=\"image\/jpeg\" \/>\n<meta name=\"author\" content=\"Traditio et Fides\" \/>\n<meta name=\"twitter:card\" content=\"summary_large_image\" \/>\n<meta name=\"twitter:label1\" content=\"Napisane przez\" \/>\n\t<meta name=\"twitter:data1\" content=\"Traditio et Fides\" \/>\n\t<meta name=\"twitter:label2\" content=\"Szacowany czas czytania\" \/>\n\t<meta name=\"twitter:data2\" content=\"1 minuta\" \/>\n<script type=\"application\/ld+json\" class=\"yoast-schema-graph\">{\"@context\":\"https:\\\/\\\/schema.org\",\"@graph\":[{\"@type\":\"Article\",\"@id\":\"https:\\\/\\\/wobronietradycjiiwiary.com\\\/poulain-sj-rozdzial-xxii-objawienia-i-wizje-23-%c2%a7-1-cechy-prawdziwych-i-falszywych-objawien\\\/#article\",\"isPartOf\":{\"@id\":\"https:\\\/\\\/wobronietradycjiiwiary.com\\\/poulain-sj-rozdzial-xxii-objawienia-i-wizje-23-%c2%a7-1-cechy-prawdziwych-i-falszywych-objawien\\\/\"},\"author\":{\"name\":\"Traditio et Fides\",\"@id\":\"https:\\\/\\\/wobronietradycjiiwiary.com\\\/pl\\\/#\\\/schema\\\/person\\\/2d6180ce6abcb681fef0daab7816e8f3\"},\"headline\":\"Poulain SJ: Rozdzia\u0142 XXII. Objawienia i wizje (23). \u00a7 1. Cechy prawdziwych i fa\u0142szywych objawie\u0144.\",\"datePublished\":\"2020-01-31T07:00:13+00:00\",\"dateModified\":\"2025-02-07T14:48:27+00:00\",\"mainEntityOfPage\":{\"@id\":\"https:\\\/\\\/wobronietradycjiiwiary.com\\\/poulain-sj-rozdzial-xxii-objawienia-i-wizje-23-%c2%a7-1-cechy-prawdziwych-i-falszywych-objawien\\\/\"},\"wordCount\":225,\"publisher\":{\"@id\":\"https:\\\/\\\/wobronietradycjiiwiary.com\\\/pl\\\/#organization\"},\"image\":{\"@id\":\"https:\\\/\\\/wobronietradycjiiwiary.com\\\/poulain-sj-rozdzial-xxii-objawienia-i-wizje-23-%c2%a7-1-cechy-prawdziwych-i-falszywych-objawien\\\/#primaryimage\"},\"thumbnailUrl\":\"https:\\\/\\\/wobronietradycjiiwiary.com\\\/wp-content\\\/uploads\\\/2019\\\/10\\\/peter-paul-rubens-die-wunder-des-hl-ignatius-von-loyola.jpg\",\"keywords\":[\"Kryteria objawie\u0144 prywatnych\",\"o. Poulain SJ\",\"objawienia i wizje o. Poulain b\u0142\u0119dy w objawieniach\",\"prawdziwo\u015bc wizji\",\"Restricted\"],\"articleSection\":[\"Autorzy \u017cycia duchowego\",\"Duchowo\u015b\u0107\",\"Kryteria og\u00f3lne\",\"Mistyka i pseudomistyka\",\"o. Augustin Poulain SJ - \\\"\u0141aski modlitwy w Chrystusie Odkupicielu\\\"\",\"Objawienia prywatne\",\"Poulain - Cechy prawdziwych i fa\u0142szywych objawie\u0144\",\"Poulain - Objawienia i wizje\"],\"inLanguage\":\"pl-PL\"},{\"@type\":\"WebPage\",\"@id\":\"https:\\\/\\\/wobronietradycjiiwiary.com\\\/poulain-sj-rozdzial-xxii-objawienia-i-wizje-23-%c2%a7-1-cechy-prawdziwych-i-falszywych-objawien\\\/\",\"url\":\"https:\\\/\\\/wobronietradycjiiwiary.com\\\/poulain-sj-rozdzial-xxii-objawienia-i-wizje-23-%c2%a7-1-cechy-prawdziwych-i-falszywych-objawien\\\/\",\"name\":\"Poulain SJ: Rozdzia\u0142 XXII. Objawienia i wizje (23). \u00a7 1. Cechy prawdziwych i fa\u0142szywych objawie\u0144. - Tradycja i Wiara\",\"isPartOf\":{\"@id\":\"https:\\\/\\\/wobronietradycjiiwiary.com\\\/pl\\\/#website\"},\"primaryImageOfPage\":{\"@id\":\"https:\\\/\\\/wobronietradycjiiwiary.com\\\/poulain-sj-rozdzial-xxii-objawienia-i-wizje-23-%c2%a7-1-cechy-prawdziwych-i-falszywych-objawien\\\/#primaryimage\"},\"image\":{\"@id\":\"https:\\\/\\\/wobronietradycjiiwiary.com\\\/poulain-sj-rozdzial-xxii-objawienia-i-wizje-23-%c2%a7-1-cechy-prawdziwych-i-falszywych-objawien\\\/#primaryimage\"},\"thumbnailUrl\":\"https:\\\/\\\/wobronietradycjiiwiary.com\\\/wp-content\\\/uploads\\\/2019\\\/10\\\/peter-paul-rubens-die-wunder-des-hl-ignatius-von-loyola.jpg\",\"datePublished\":\"2020-01-31T07:00:13+00:00\",\"dateModified\":\"2025-02-07T14:48:27+00:00\",\"breadcrumb\":{\"@id\":\"https:\\\/\\\/wobronietradycjiiwiary.com\\\/poulain-sj-rozdzial-xxii-objawienia-i-wizje-23-%c2%a7-1-cechy-prawdziwych-i-falszywych-objawien\\\/#breadcrumb\"},\"inLanguage\":\"pl-PL\",\"potentialAction\":[{\"@type\":\"ReadAction\",\"target\":[\"https:\\\/\\\/wobronietradycjiiwiary.com\\\/poulain-sj-rozdzial-xxii-objawienia-i-wizje-23-%c2%a7-1-cechy-prawdziwych-i-falszywych-objawien\\\/\"]}]},{\"@type\":\"ImageObject\",\"inLanguage\":\"pl-PL\",\"@id\":\"https:\\\/\\\/wobronietradycjiiwiary.com\\\/poulain-sj-rozdzial-xxii-objawienia-i-wizje-23-%c2%a7-1-cechy-prawdziwych-i-falszywych-objawien\\\/#primaryimage\",\"url\":\"https:\\\/\\\/wobronietradycjiiwiary.com\\\/wp-content\\\/uploads\\\/2019\\\/10\\\/peter-paul-rubens-die-wunder-des-hl-ignatius-von-loyola.jpg\",\"contentUrl\":\"https:\\\/\\\/wobronietradycjiiwiary.com\\\/wp-content\\\/uploads\\\/2019\\\/10\\\/peter-paul-rubens-die-wunder-des-hl-ignatius-von-loyola.jpg\",\"width\":1139,\"height\":1539},{\"@type\":\"BreadcrumbList\",\"@id\":\"https:\\\/\\\/wobronietradycjiiwiary.com\\\/poulain-sj-rozdzial-xxii-objawienia-i-wizje-23-%c2%a7-1-cechy-prawdziwych-i-falszywych-objawien\\\/#breadcrumb\",\"itemListElement\":[{\"@type\":\"ListItem\",\"position\":1,\"name\":\"Strona g\u0142\u00f3wna\",\"item\":\"https:\\\/\\\/wobronietradycjiiwiary.com\\\/\"},{\"@type\":\"ListItem\",\"position\":2,\"name\":\"Poulain SJ: Rozdzia\u0142 XXII. Objawienia i wizje (23). \u00a7 1. Cechy prawdziwych i fa\u0142szywych objawie\u0144.\"}]},{\"@type\":\"WebSite\",\"@id\":\"https:\\\/\\\/wobronietradycjiiwiary.com\\\/pl\\\/#website\",\"url\":\"https:\\\/\\\/wobronietradycjiiwiary.com\\\/pl\\\/\",\"name\":\"Tradycja i Wiara\",\"description\":\"Portal dla katolik\u00f3w.\",\"publisher\":{\"@id\":\"https:\\\/\\\/wobronietradycjiiwiary.com\\\/pl\\\/#organization\"},\"potentialAction\":[{\"@type\":\"SearchAction\",\"target\":{\"@type\":\"EntryPoint\",\"urlTemplate\":\"https:\\\/\\\/wobronietradycjiiwiary.com\\\/pl\\\/?s={search_term_string}\"},\"query-input\":{\"@type\":\"PropertyValueSpecification\",\"valueRequired\":true,\"valueName\":\"search_term_string\"}}],\"inLanguage\":\"pl-PL\"},{\"@type\":\"Organization\",\"@id\":\"https:\\\/\\\/wobronietradycjiiwiary.com\\\/pl\\\/#organization\",\"name\":\"Tradycja i Wiara\",\"url\":\"https:\\\/\\\/wobronietradycjiiwiary.com\\\/pl\\\/\",\"logo\":{\"@type\":\"ImageObject\",\"inLanguage\":\"pl-PL\",\"@id\":\"https:\\\/\\\/wobronietradycjiiwiary.com\\\/pl\\\/#\\\/schema\\\/logo\\\/image\\\/\",\"url\":\"https:\\\/\\\/i0.wp.com\\\/wobronietradycjiiwiary.com\\\/wp-content\\\/uploads\\\/2015\\\/10\\\/cropped-st-peters-dome-vatican.jpg?fit=940%2C198&ssl=1\",\"contentUrl\":\"https:\\\/\\\/i0.wp.com\\\/wobronietradycjiiwiary.com\\\/wp-content\\\/uploads\\\/2015\\\/10\\\/cropped-st-peters-dome-vatican.jpg?fit=940%2C198&ssl=1\",\"width\":940,\"height\":198,\"caption\":\"Tradycja i Wiara\"},\"image\":{\"@id\":\"https:\\\/\\\/wobronietradycjiiwiary.com\\\/pl\\\/#\\\/schema\\\/logo\\\/image\\\/\"},\"sameAs\":[\"https:\\\/\\\/www.facebook.com\\\/Tradycja-i-Wiara-108813920592249\"]},{\"@type\":\"Person\",\"@id\":\"https:\\\/\\\/wobronietradycjiiwiary.com\\\/pl\\\/#\\\/schema\\\/person\\\/2d6180ce6abcb681fef0daab7816e8f3\",\"name\":\"Traditio et Fides\",\"sameAs\":[\"https:\\\/\\\/traditionundglauben.com\"],\"url\":\"https:\\\/\\\/wobronietradycjiiwiary.com\\\/pl\\\/author\\\/wobronietradycjiiwiary\\\/\"}]}<\/script>\n<!-- \/ Yoast SEO plugin. -->","yoast_head_json":{"title":"Poulain SJ: Rozdzia\u0142 XXII. Objawienia i wizje (23). \u00a7 1. Cechy prawdziwych i fa\u0142szywych objawie\u0144. - Tradycja i Wiara","robots":{"index":"index","follow":"follow","max-snippet":"max-snippet:-1","max-image-preview":"max-image-preview:large","max-video-preview":"max-video-preview:-1"},"canonical":"https:\/\/wobronietradycjiiwiary.com\/pl\/poulain-sj-rozdzial-xxii-objawienia-i-wizje-23-\u00a7-1-cechy-prawdziwych-i-falszywych-objawien\/","og_locale":"pl_PL","og_type":"article","og_title":"Poulain SJ: Rozdzia\u0142 XXII. Objawienia i wizje (23). \u00a7 1. Cechy prawdziwych i fa\u0142szywych objawie\u0144. - Tradycja i Wiara","og_description":"1. Zbadajmy najpierw t\u0119 kwestie: czy mo\u017cna kiedykolwiek mie\u0107 moraln\u0105 pewno\u015b\u0107, \u017ce jakie\u015b objawienie jest wy\u0142\u0105cznie Bo\u017ce? Trzeba tu odpowiedzie\u0107&hellip; &nbsp; Pe\u0142en dost\u0119p dla subskrybent\u00f3w. Zaloguj si\u0119 lub przejd\u017a do Rejestracji. Nowe ni\u017csze ceny P\u0142atno\u015b\u0107 kart\u0105 P\u0142atno\u015b\u0107 przelewem P\u0142atno\u015b\u0107 kart\u0105 do 6 os\u00f3b","og_url":"https:\/\/wobronietradycjiiwiary.com\/pl\/poulain-sj-rozdzial-xxii-objawienia-i-wizje-23-\u00a7-1-cechy-prawdziwych-i-falszywych-objawien\/","og_site_name":"Tradycja i Wiara","article_publisher":"https:\/\/www.facebook.com\/Tradycja-i-Wiara-108813920592249","article_published_time":"2020-01-31T07:00:13+00:00","article_modified_time":"2025-02-07T14:48:27+00:00","og_image":[{"width":1139,"height":1539,"url":"https:\/\/wobronietradycjiiwiary.com\/wp-content\/uploads\/2019\/10\/peter-paul-rubens-die-wunder-des-hl-ignatius-von-loyola.jpg","type":"image\/jpeg"}],"author":"Traditio et Fides","twitter_card":"summary_large_image","twitter_misc":{"Napisane przez":"Traditio et Fides","Szacowany czas czytania":"1 minuta"},"schema":{"@context":"https:\/\/schema.org","@graph":[{"@type":"Article","@id":"https:\/\/wobronietradycjiiwiary.com\/poulain-sj-rozdzial-xxii-objawienia-i-wizje-23-%c2%a7-1-cechy-prawdziwych-i-falszywych-objawien\/#article","isPartOf":{"@id":"https:\/\/wobronietradycjiiwiary.com\/poulain-sj-rozdzial-xxii-objawienia-i-wizje-23-%c2%a7-1-cechy-prawdziwych-i-falszywych-objawien\/"},"author":{"name":"Traditio et Fides","@id":"https:\/\/wobronietradycjiiwiary.com\/pl\/#\/schema\/person\/2d6180ce6abcb681fef0daab7816e8f3"},"headline":"Poulain SJ: Rozdzia\u0142 XXII. Objawienia i wizje (23). \u00a7 1. Cechy prawdziwych i fa\u0142szywych objawie\u0144.","datePublished":"2020-01-31T07:00:13+00:00","dateModified":"2025-02-07T14:48:27+00:00","mainEntityOfPage":{"@id":"https:\/\/wobronietradycjiiwiary.com\/poulain-sj-rozdzial-xxii-objawienia-i-wizje-23-%c2%a7-1-cechy-prawdziwych-i-falszywych-objawien\/"},"wordCount":225,"publisher":{"@id":"https:\/\/wobronietradycjiiwiary.com\/pl\/#organization"},"image":{"@id":"https:\/\/wobronietradycjiiwiary.com\/poulain-sj-rozdzial-xxii-objawienia-i-wizje-23-%c2%a7-1-cechy-prawdziwych-i-falszywych-objawien\/#primaryimage"},"thumbnailUrl":"https:\/\/wobronietradycjiiwiary.com\/wp-content\/uploads\/2019\/10\/peter-paul-rubens-die-wunder-des-hl-ignatius-von-loyola.jpg","keywords":["Kryteria objawie\u0144 prywatnych","o. Poulain SJ","objawienia i wizje o. Poulain b\u0142\u0119dy w objawieniach","prawdziwo\u015bc wizji","Restricted"],"articleSection":["Autorzy \u017cycia duchowego","Duchowo\u015b\u0107","Kryteria og\u00f3lne","Mistyka i pseudomistyka","o. Augustin Poulain SJ - \"\u0141aski modlitwy w Chrystusie Odkupicielu\"","Objawienia prywatne","Poulain - Cechy prawdziwych i fa\u0142szywych objawie\u0144","Poulain - Objawienia i wizje"],"inLanguage":"pl-PL"},{"@type":"WebPage","@id":"https:\/\/wobronietradycjiiwiary.com\/poulain-sj-rozdzial-xxii-objawienia-i-wizje-23-%c2%a7-1-cechy-prawdziwych-i-falszywych-objawien\/","url":"https:\/\/wobronietradycjiiwiary.com\/poulain-sj-rozdzial-xxii-objawienia-i-wizje-23-%c2%a7-1-cechy-prawdziwych-i-falszywych-objawien\/","name":"Poulain SJ: Rozdzia\u0142 XXII. Objawienia i wizje (23). \u00a7 1. Cechy prawdziwych i fa\u0142szywych objawie\u0144. - Tradycja i Wiara","isPartOf":{"@id":"https:\/\/wobronietradycjiiwiary.com\/pl\/#website"},"primaryImageOfPage":{"@id":"https:\/\/wobronietradycjiiwiary.com\/poulain-sj-rozdzial-xxii-objawienia-i-wizje-23-%c2%a7-1-cechy-prawdziwych-i-falszywych-objawien\/#primaryimage"},"image":{"@id":"https:\/\/wobronietradycjiiwiary.com\/poulain-sj-rozdzial-xxii-objawienia-i-wizje-23-%c2%a7-1-cechy-prawdziwych-i-falszywych-objawien\/#primaryimage"},"thumbnailUrl":"https:\/\/wobronietradycjiiwiary.com\/wp-content\/uploads\/2019\/10\/peter-paul-rubens-die-wunder-des-hl-ignatius-von-loyola.jpg","datePublished":"2020-01-31T07:00:13+00:00","dateModified":"2025-02-07T14:48:27+00:00","breadcrumb":{"@id":"https:\/\/wobronietradycjiiwiary.com\/poulain-sj-rozdzial-xxii-objawienia-i-wizje-23-%c2%a7-1-cechy-prawdziwych-i-falszywych-objawien\/#breadcrumb"},"inLanguage":"pl-PL","potentialAction":[{"@type":"ReadAction","target":["https:\/\/wobronietradycjiiwiary.com\/poulain-sj-rozdzial-xxii-objawienia-i-wizje-23-%c2%a7-1-cechy-prawdziwych-i-falszywych-objawien\/"]}]},{"@type":"ImageObject","inLanguage":"pl-PL","@id":"https:\/\/wobronietradycjiiwiary.com\/poulain-sj-rozdzial-xxii-objawienia-i-wizje-23-%c2%a7-1-cechy-prawdziwych-i-falszywych-objawien\/#primaryimage","url":"https:\/\/wobronietradycjiiwiary.com\/wp-content\/uploads\/2019\/10\/peter-paul-rubens-die-wunder-des-hl-ignatius-von-loyola.jpg","contentUrl":"https:\/\/wobronietradycjiiwiary.com\/wp-content\/uploads\/2019\/10\/peter-paul-rubens-die-wunder-des-hl-ignatius-von-loyola.jpg","width":1139,"height":1539},{"@type":"BreadcrumbList","@id":"https:\/\/wobronietradycjiiwiary.com\/poulain-sj-rozdzial-xxii-objawienia-i-wizje-23-%c2%a7-1-cechy-prawdziwych-i-falszywych-objawien\/#breadcrumb","itemListElement":[{"@type":"ListItem","position":1,"name":"Strona g\u0142\u00f3wna","item":"https:\/\/wobronietradycjiiwiary.com\/"},{"@type":"ListItem","position":2,"name":"Poulain SJ: Rozdzia\u0142 XXII. Objawienia i wizje (23). \u00a7 1. Cechy prawdziwych i fa\u0142szywych objawie\u0144."}]},{"@type":"WebSite","@id":"https:\/\/wobronietradycjiiwiary.com\/pl\/#website","url":"https:\/\/wobronietradycjiiwiary.com\/pl\/","name":"Tradycja i Wiara","description":"Portal dla katolik\u00f3w.","publisher":{"@id":"https:\/\/wobronietradycjiiwiary.com\/pl\/#organization"},"potentialAction":[{"@type":"SearchAction","target":{"@type":"EntryPoint","urlTemplate":"https:\/\/wobronietradycjiiwiary.com\/pl\/?s={search_term_string}"},"query-input":{"@type":"PropertyValueSpecification","valueRequired":true,"valueName":"search_term_string"}}],"inLanguage":"pl-PL"},{"@type":"Organization","@id":"https:\/\/wobronietradycjiiwiary.com\/pl\/#organization","name":"Tradycja i Wiara","url":"https:\/\/wobronietradycjiiwiary.com\/pl\/","logo":{"@type":"ImageObject","inLanguage":"pl-PL","@id":"https:\/\/wobronietradycjiiwiary.com\/pl\/#\/schema\/logo\/image\/","url":"https:\/\/i0.wp.com\/wobronietradycjiiwiary.com\/wp-content\/uploads\/2015\/10\/cropped-st-peters-dome-vatican.jpg?fit=940%2C198&ssl=1","contentUrl":"https:\/\/i0.wp.com\/wobronietradycjiiwiary.com\/wp-content\/uploads\/2015\/10\/cropped-st-peters-dome-vatican.jpg?fit=940%2C198&ssl=1","width":940,"height":198,"caption":"Tradycja i Wiara"},"image":{"@id":"https:\/\/wobronietradycjiiwiary.com\/pl\/#\/schema\/logo\/image\/"},"sameAs":["https:\/\/www.facebook.com\/Tradycja-i-Wiara-108813920592249"]},{"@type":"Person","@id":"https:\/\/wobronietradycjiiwiary.com\/pl\/#\/schema\/person\/2d6180ce6abcb681fef0daab7816e8f3","name":"Traditio et Fides","sameAs":["https:\/\/traditionundglauben.com"],"url":"https:\/\/wobronietradycjiiwiary.com\/pl\/author\/wobronietradycjiiwiary\/"}]}},"jetpack_publicize_connections":[],"jetpack_sharing_enabled":true,"jetpack_likes_enabled":true,"jetpack_shortlink":"https:\/\/wp.me\/pc04Sd-6PE","jetpack-related-posts":[{"id":26486,"url":"https:\/\/wobronietradycjiiwiary.com\/pl\/poulain-sj-rozdzial-xxii-objawienia-i-wizje-25-%c2%a7-1-cechy-prawdziwych-i-falszywych-objawien-proces-dowodowy\/","url_meta":{"origin":26266,"position":0},"title":"Poulain SJ: Rozdzia\u0142 XXII. Objawienia i wizje (25). \u00a7 1. Cechy prawdziwych i fa\u0142szywych objawie\u0144. Proces dowodowy.","author":"Traditio et Fides","date":"14 lutego 2020","format":false,"excerpt":"6. Ca\u0142y proces os\u0105dzania objawie\u0144 i wizji zamyka si\u0119 w tych trzech czynno\u015bciach, kt\u00f3re b\u0119dziemy rozpatrywa\u0107 osobno: zebranie szczeg\u00f3\u0142owych informacji o osobie, kt\u00f3ra mia\u0142a otrzyma\u0107 te \u0142aski; zebranie dok\u0142adnych wiadomo\u015bci o samym fakcie objawienia; wyci\u0105gni\u0119cie w\u0142a\u015bciwych wniosk\u00f3w z powy\u017cszych danych. Niekiedy dla udowodnienia, \u017ce jakie\u015b objawienie jest Bo\u017ce, u\u017cywa si\u0119\u2026","rel":"","context":"W \u201eAutorzy \u017cycia duchowego&quot;","block_context":{"text":"Autorzy \u017cycia duchowego","link":"https:\/\/wobronietradycjiiwiary.com\/pl\/category\/duchowosc\/autorzy\/"},"img":{"alt_text":"","src":"https:\/\/i0.wp.com\/wobronietradycjiiwiary.com\/wp-content\/uploads\/2019\/10\/peter-paul-rubens-die-wunder-des-hl-ignatius-von-loyola.jpg?resize=350%2C200&ssl=1","width":350,"height":200,"srcset":"https:\/\/i0.wp.com\/wobronietradycjiiwiary.com\/wp-content\/uploads\/2019\/10\/peter-paul-rubens-die-wunder-des-hl-ignatius-von-loyola.jpg?resize=350%2C200&ssl=1 1x, https:\/\/i0.wp.com\/wobronietradycjiiwiary.com\/wp-content\/uploads\/2019\/10\/peter-paul-rubens-die-wunder-des-hl-ignatius-von-loyola.jpg?resize=525%2C300&ssl=1 1.5x, https:\/\/i0.wp.com\/wobronietradycjiiwiary.com\/wp-content\/uploads\/2019\/10\/peter-paul-rubens-die-wunder-des-hl-ignatius-von-loyola.jpg?resize=700%2C400&ssl=1 2x, https:\/\/i0.wp.com\/wobronietradycjiiwiary.com\/wp-content\/uploads\/2019\/10\/peter-paul-rubens-die-wunder-des-hl-ignatius-von-loyola.jpg?resize=1050%2C600&ssl=1 3x"},"classes":[]},{"id":26473,"url":"https:\/\/wobronietradycjiiwiary.com\/pl\/poulain-sj-rozdzial-xxii-objawienia-i-wizje-24-%c2%a7-1-cechy-prawdziwych-i-falszywych-objawien\/","url_meta":{"origin":26266,"position":1},"title":"Poulain SJ: Rozdzia\u0142 XXII. Objawienia i wizje (24). \u00a7 1. Cechy prawdziwych i fa\u0142szywych objawie\u0144. Cud","author":"Traditio et Fides","date":"7 lutego 2020","format":false,"excerpt":"4. Dowodem niezbitym Boskiego objawienia b\u0119dzie cud [1], je\u017celi dokonany jest w tej intencji. \u017ceby je potwierdzi\u0107, albo gdy okoliczno\u015bci za tym przemawiaj\u0105. R\u00f3wnie\u017c proroctwo faktycznie spe\u0142nione mo\u017ce odegra\u0107 tak\u0105 sam\u0105 rol\u0119 jak cud, byleby by\u0142o z g\u00f3ry og\u0142oszone i wykluczony by\u0142 przypadek czy podst\u0119p diabelski. Poza tymi dwoma, do\u015b\u0107\u2026","rel":"","context":"W \u201eAutorzy \u017cycia duchowego&quot;","block_context":{"text":"Autorzy \u017cycia duchowego","link":"https:\/\/wobronietradycjiiwiary.com\/pl\/category\/duchowosc\/autorzy\/"},"img":{"alt_text":"","src":"https:\/\/i0.wp.com\/wobronietradycjiiwiary.com\/wp-content\/uploads\/2019\/10\/peter-paul-rubens-die-wunder-des-hl-ignatius-von-loyola.jpg?resize=350%2C200&ssl=1","width":350,"height":200,"srcset":"https:\/\/i0.wp.com\/wobronietradycjiiwiary.com\/wp-content\/uploads\/2019\/10\/peter-paul-rubens-die-wunder-des-hl-ignatius-von-loyola.jpg?resize=350%2C200&ssl=1 1x, https:\/\/i0.wp.com\/wobronietradycjiiwiary.com\/wp-content\/uploads\/2019\/10\/peter-paul-rubens-die-wunder-des-hl-ignatius-von-loyola.jpg?resize=525%2C300&ssl=1 1.5x, https:\/\/i0.wp.com\/wobronietradycjiiwiary.com\/wp-content\/uploads\/2019\/10\/peter-paul-rubens-die-wunder-des-hl-ignatius-von-loyola.jpg?resize=700%2C400&ssl=1 2x, https:\/\/i0.wp.com\/wobronietradycjiiwiary.com\/wp-content\/uploads\/2019\/10\/peter-paul-rubens-die-wunder-des-hl-ignatius-von-loyola.jpg?resize=1050%2C600&ssl=1 3x"},"classes":[]},{"id":26479,"url":"https:\/\/wobronietradycjiiwiary.com\/pl\/cud-potwierdzeniem-prawdziwosci-objawienia\/","url_meta":{"origin":26266,"position":2},"title":"Cud potwierdzeniem prawdziwo\u015bci objawienia","author":"Traditio et Fides","date":"7 lutego 2020","format":false,"excerpt":"Cud mo\u017ce by\u0107 potwierdzeniem objawienia, je\u015bli spe\u0142nia dwa warunki: rzeczywi\u015bcie jest to wydarzenie cudowne, a nie zbieg okoliczno\u015bci, rzeczywi\u015bcie pochodzi od Boga, bo diabe\u0142 potrafi tak\u017ce cuda wywo\u0142ywa\u0107 Je\u015bli cudu nie ma, to prawdziwo\u015b\u0107 objawienia nale\u017cy odnie\u015b\u0107 do teologicznych kryteri\u00f3w prawdziwo\u015bci objawienia, bo diabe\u0142 mo\u017ce wywo\u0142a\u0107 wydarzenie paranormalne, odbierane jako\u2026","rel":"","context":"W \u201eAutorzy \u017cycia duchowego&quot;","block_context":{"text":"Autorzy \u017cycia duchowego","link":"https:\/\/wobronietradycjiiwiary.com\/pl\/category\/duchowosc\/autorzy\/"},"img":{"alt_text":"","src":"https:\/\/i0.wp.com\/wobronietradycjiiwiary.com\/wp-content\/uploads\/2020\/02\/Christus_heilt_den_Kranken_suddt_18_Jh.jpg?resize=350%2C200&ssl=1","width":350,"height":200,"srcset":"https:\/\/i0.wp.com\/wobronietradycjiiwiary.com\/wp-content\/uploads\/2020\/02\/Christus_heilt_den_Kranken_suddt_18_Jh.jpg?resize=350%2C200&ssl=1 1x, https:\/\/i0.wp.com\/wobronietradycjiiwiary.com\/wp-content\/uploads\/2020\/02\/Christus_heilt_den_Kranken_suddt_18_Jh.jpg?resize=525%2C300&ssl=1 1.5x, https:\/\/i0.wp.com\/wobronietradycjiiwiary.com\/wp-content\/uploads\/2020\/02\/Christus_heilt_den_Kranken_suddt_18_Jh.jpg?resize=700%2C400&ssl=1 2x"},"classes":[]},{"id":26282,"url":"https:\/\/wobronietradycjiiwiary.com\/pl\/poulain-przepowiednie-polityczne\/","url_meta":{"origin":26266,"position":3},"title":"Poulain &#8211; Przepowiednie polityczne","author":"Traditio et Fides","date":"24 stycznia 2020","format":false,"excerpt":"Jak podaje o. Poulain SJ przepowiednie polityczne zawieraj\u0105 sta\u0142e elementy jak: zapowied\u017a wielkiego nieszcz\u0119\u015bcia lub nadzwyczajnych \u0142ask bierno\u015b\u0107 oczekiwania cudu Zatem wszystko to, co znamy z objawie\u0144 prywatnych np. Marii od Mi\u0142osierdzia czy innych. Tak\u017ce oczekiwanie zwolennik\u00f3w Fatimy na \"Triumf Niepokalanego Serca\", kt\u00f3ry zmiecie Bergoglio z powierzchni ziemi wydaje nam\u2026","rel":"","context":"W \u201eAutorzy \u017cycia duchowego&quot;","block_context":{"text":"Autorzy \u017cycia duchowego","link":"https:\/\/wobronietradycjiiwiary.com\/pl\/category\/duchowosc\/autorzy\/"},"img":{"alt_text":"","src":"https:\/\/i0.wp.com\/wobronietradycjiiwiary.com\/wp-content\/uploads\/2020\/01\/Bastille1-BM-Berlin-Rom-jpg.jpg?resize=350%2C200&ssl=1","width":350,"height":200,"srcset":"https:\/\/i0.wp.com\/wobronietradycjiiwiary.com\/wp-content\/uploads\/2020\/01\/Bastille1-BM-Berlin-Rom-jpg.jpg?resize=350%2C200&ssl=1 1x, https:\/\/i0.wp.com\/wobronietradycjiiwiary.com\/wp-content\/uploads\/2020\/01\/Bastille1-BM-Berlin-Rom-jpg.jpg?resize=525%2C300&ssl=1 1.5x, https:\/\/i0.wp.com\/wobronietradycjiiwiary.com\/wp-content\/uploads\/2020\/01\/Bastille1-BM-Berlin-Rom-jpg.jpg?resize=700%2C400&ssl=1 2x"},"classes":[]},{"id":101556,"url":"https:\/\/wobronietradycjiiwiary.com\/pl\/poulain-sj-iii-szczegolowy-rozbior-kazdego-stopnia-mistycznego-zjednoczenia-rozdzial-xvii-szczegoly-dotyczace-zjednoczenia-pelnego-czyli-drugiego-etapu-mistycznego-zjednoczenia-wypowiedzi-m\/","url_meta":{"origin":26266,"position":4},"title":"Poulain SJ: III. Szczeg\u00f3\u0142owy rozbi\u00f3r ka\u017cdego stopnia\u00a0mistycznego zjednoczenia. Rozdzia\u0142 XVIII. Ekstaza, czyli trzeci etap mistycznego zjednoczenia. Wypowiedzi mistrz\u00f3w \u017cycia wewn\u0119trznego (208) \u00a7 1. Okre\u015blenie pierwszej serii fakt\u00f3w (I)","author":"Prospector Veritatis","date":"8 wrze\u015bnia 2023","format":false,"excerpt":"Czytaj\u0105c o tych przeb\u0142yskach nieba, kt\u00f3rego do\u015bwiadczali \u015bwi\u0119ci, jak wspaniale musi by\u0107 w niebie. \u017beby jednak doj\u015b\u0107 tam powinni\u015bmy wzi\u0105\u0107 sw\u00f3j krzy\u017c i walczy\u0107 o swoje zbawienie. Nie ma znaczenia. co robi\u0105 inni, mamy wp\u0142yw na siebie, wi\u0119c do dzie\u0142a. Amen","rel":"","context":"W \u201eAutorzy \u017cycia duchowego&quot;","block_context":{"text":"Autorzy \u017cycia duchowego","link":"https:\/\/wobronietradycjiiwiary.com\/pl\/category\/duchowosc\/autorzy\/"},"img":{"alt_text":"","src":"https:\/\/i0.wp.com\/wobronietradycjiiwiary.com\/wp-content\/uploads\/2019\/10\/peter-paul-rubens-die-wunder-des-hl-ignatius-von-loyola.jpg?resize=350%2C200&ssl=1","width":350,"height":200,"srcset":"https:\/\/i0.wp.com\/wobronietradycjiiwiary.com\/wp-content\/uploads\/2019\/10\/peter-paul-rubens-die-wunder-des-hl-ignatius-von-loyola.jpg?resize=350%2C200&ssl=1 1x, https:\/\/i0.wp.com\/wobronietradycjiiwiary.com\/wp-content\/uploads\/2019\/10\/peter-paul-rubens-die-wunder-des-hl-ignatius-von-loyola.jpg?resize=525%2C300&ssl=1 1.5x, https:\/\/i0.wp.com\/wobronietradycjiiwiary.com\/wp-content\/uploads\/2019\/10\/peter-paul-rubens-die-wunder-des-hl-ignatius-von-loyola.jpg?resize=700%2C400&ssl=1 2x, https:\/\/i0.wp.com\/wobronietradycjiiwiary.com\/wp-content\/uploads\/2019\/10\/peter-paul-rubens-die-wunder-des-hl-ignatius-von-loyola.jpg?resize=1050%2C600&ssl=1 3x"},"classes":[]},{"id":26492,"url":"https:\/\/wobronietradycjiiwiary.com\/pl\/objawienia-a-proces-dowodowy\/","url_meta":{"origin":26266,"position":5},"title":"Objawienia a proces dowodowy","author":"Traditio et Fides","date":"14 lutego 2020","format":false,"excerpt":"W roku pa\u0144skim 2020 bardzo trudno jest przekona\u0107 kogo\u015b do tezy, \u017ce a. teologia jest nauk\u0105 b. w post\u0119powaniu ko\u015bcielnym obowi\u0105zuj\u0105 jakie\u015b zasady c. odnosz\u0105ce si\u0119 do nadprzyrodzono\u015bci Tymczasem przy okre\u015blaniu prawdziwo\u015bci lub fa\u0142szywo\u015bci objawie\u0144 stosuje si\u0119 podobny spos\u00f3b post\u0119powania dowodowego co w prawodawstwie \u015bwieckim lub powiedzmy, \u017ce stosowano je\u2026","rel":"","context":"W \u201eAutorzy \u017cycia duchowego&quot;","block_context":{"text":"Autorzy \u017cycia duchowego","link":"https:\/\/wobronietradycjiiwiary.com\/pl\/category\/duchowosc\/autorzy\/"},"img":{"alt_text":"","src":"","width":0,"height":0},"classes":[]}],"amp_enabled":true,"jetpack_featured_media_url":"https:\/\/wobronietradycjiiwiary.com\/wp-content\/uploads\/2019\/10\/peter-paul-rubens-die-wunder-des-hl-ignatius-von-loyola.jpg","_links":{"self":[{"href":"https:\/\/wobronietradycjiiwiary.com\/pl\/wp-json\/wp\/v2\/posts\/26266","targetHints":{"allow":["GET"]}}],"collection":[{"href":"https:\/\/wobronietradycjiiwiary.com\/pl\/wp-json\/wp\/v2\/posts"}],"about":[{"href":"https:\/\/wobronietradycjiiwiary.com\/pl\/wp-json\/wp\/v2\/types\/post"}],"author":[{"embeddable":true,"href":"https:\/\/wobronietradycjiiwiary.com\/pl\/wp-json\/wp\/v2\/users\/60508433"}],"replies":[{"embeddable":true,"href":"https:\/\/wobronietradycjiiwiary.com\/pl\/wp-json\/wp\/v2\/comments?post=26266"}],"version-history":[{"count":1,"href":"https:\/\/wobronietradycjiiwiary.com\/pl\/wp-json\/wp\/v2\/posts\/26266\/revisions"}],"predecessor-version":[{"id":57409,"href":"https:\/\/wobronietradycjiiwiary.com\/pl\/wp-json\/wp\/v2\/posts\/26266\/revisions\/57409"}],"wp:featuredmedia":[{"embeddable":true,"href":"https:\/\/wobronietradycjiiwiary.com\/pl\/wp-json\/wp\/v2\/media\/23108"}],"wp:attachment":[{"href":"https:\/\/wobronietradycjiiwiary.com\/pl\/wp-json\/wp\/v2\/media?parent=26266"}],"wp:term":[{"taxonomy":"category","embeddable":true,"href":"https:\/\/wobronietradycjiiwiary.com\/pl\/wp-json\/wp\/v2\/categories?post=26266"},{"taxonomy":"post_tag","embeddable":true,"href":"https:\/\/wobronietradycjiiwiary.com\/pl\/wp-json\/wp\/v2\/tags?post=26266"}],"curies":[{"name":"wp","href":"https:\/\/api.w.org\/{rel}","templated":true}]}}