{"id":22121,"date":"2017-09-22T13:03:00","date_gmt":"2017-09-22T11:03:00","guid":{"rendered":"https:\/\/wobronietradycjiiwiaryblog.wordpress.com\/?p=15002"},"modified":"2025-02-07T15:48:40","modified_gmt":"2025-02-07T14:48:40","slug":"auxilium-christianorum-nabytki-i-wydatki","status":"publish","type":"post","link":"https:\/\/wobronietradycjiiwiary.com\/pl\/auxilium-christianorum-nabytki-i-wydatki\/","title":{"rendered":"Auxilium christianorum &#8211; nabytki, wydatki i t\u0142umaczenia."},"content":{"rendered":"<div id=\"bsf_rt_marker\"><\/div><p>Liturgia sk\u0142ada si\u0119 ze szczeg\u00f3\u0142\u00f3w, \u017cycie sk\u0142ada si\u0119 ze szczeg\u00f3\u0142\u00f3w i \u017cycie duchowe tak\u017ce sk\u0142ada si\u0119 ze szczeg\u00f3\u0142\u00f3w. I dlatego&hellip;<\/p>\n<div style=\"text-align: center\">\n<p>&nbsp;<\/p>\n<\/div>\n<h2 style=\"border: 5px solid #0000A0;padding: 1em;text-align: center\"><span style=\"color: #000000\">Pe\u0142en dost\u0119p dla <span style=\"color: #00ccff\"><a style=\"color: #00ccff\" href=\"https:\/\/wobronietradycjiiwiary.com\/subskrypcje-2\/\" target=\"_blank\" rel=\"noopener\">subskrybent\u00f3w<\/a><\/span>.<\/span><br \/>\n<span style=\"color: #3366ff\"><a style=\"color: #3366ff\" href=\"https:\/\/wobronietradycjiiwiary.com\/account\/login\/\" target=\"_blank\" rel=\"noopener\"><span style=\"color: #00ccff\">Zaloguj<\/span><\/a> <\/span>si\u0119 lub przejd\u017a do <a href=\"https:\/\/wobronietradycjiiwiary.com\/register\/\"><span style=\"color: #3366ff\">Rejestracji<\/span><\/a>.<\/h2>\n<div>\n<p style=\"text-align: center\"><a href=\"https:\/\/wobronietradycjiiwiary.com\/pl\/subskrypcje-2\/cennik\/\" target=\"_blank\" rel=\"noopener\"><span style=\"color: #000080;font-size: 24pt\"><strong>Nowe ni\u017csze ceny<\/strong><\/span><\/a><\/p>\n<p style=\"text-align: center\"><strong><span style=\"font-size: 18pt;color: #000080\">P\u0142atno\u015b\u0107 kart\u0105<\/span><\/strong><\/p>\n<\/div>\n<h3 style=\"text-align: center\"><a href=\"https:\/\/wobronietradycjiiwiary.com\/pl\/subskrypcje-2\/automatyczne\/indywidualne\/\" target=\"_blank\" rel=\"noopener\"><img fetchpriority=\"high\" decoding=\"async\" class=\"alignnone size-medium wp-image-80433\" src=\"https:\/\/wobronietradycjiiwiary.com\/wp-content\/uploads\/2022\/11\/Unbenannt-1-Online-1-300x202.jpg\" alt=\"\" width=\"300\" height=\"202\" srcset=\"https:\/\/wobronietradycjiiwiary.com\/wp-content\/uploads\/2022\/11\/Unbenannt-1-Online-1-300x202.jpg 300w, https:\/\/wobronietradycjiiwiary.com\/wp-content\/uploads\/2022\/11\/Unbenannt-1-Online-1-150x101.jpg 150w, https:\/\/wobronietradycjiiwiary.com\/wp-content\/uploads\/2022\/11\/Unbenannt-1-Online-1-18x12.jpg 18w, https:\/\/wobronietradycjiiwiary.com\/wp-content\/uploads\/2022\/11\/Unbenannt-1-Online-1.jpg 446w\" sizes=\"(max-width: 300px) 100vw, 300px\" \/><\/a><\/h3>\n<p style=\"text-align: center\"><strong><span style=\"font-size: 18pt;color: #000080\">P\u0142atno\u015b\u0107 przelewem<\/span><\/strong><\/p>\n<p><a href=\"https:\/\/wobronietradycjiiwiary.com\/pl\/subskrypcje-2\/automatyczne\/indywidualne\/\" target=\"_blank\" rel=\"noopener\"><img decoding=\"async\" class=\"size-medium wp-image-80434 aligncenter\" src=\"https:\/\/wobronietradycjiiwiary.com\/wp-content\/uploads\/2022\/11\/Unbenannt-1-Przelewem-300x137.jpg\" alt=\"\" width=\"300\" height=\"137\" srcset=\"https:\/\/wobronietradycjiiwiary.com\/wp-content\/uploads\/2022\/11\/Unbenannt-1-Przelewem-300x137.jpg 300w, https:\/\/wobronietradycjiiwiary.com\/wp-content\/uploads\/2022\/11\/Unbenannt-1-Przelewem-450x206.jpg 450w, https:\/\/wobronietradycjiiwiary.com\/wp-content\/uploads\/2022\/11\/Unbenannt-1-Przelewem-600x274.jpg 600w, https:\/\/wobronietradycjiiwiary.com\/wp-content\/uploads\/2022\/11\/Unbenannt-1-Przelewem-150x69.jpg 150w, https:\/\/wobronietradycjiiwiary.com\/wp-content\/uploads\/2022\/11\/Unbenannt-1-Przelewem-18x8.jpg 18w, https:\/\/wobronietradycjiiwiary.com\/wp-content\/uploads\/2022\/11\/Unbenannt-1-Przelewem.jpg 676w\" sizes=\"(max-width: 300px) 100vw, 300px\" \/><\/a><\/p>\n<p style=\"text-align: center\"><strong><span style=\"font-size: 18pt;color: #000080\">P\u0142atno\u015b\u0107 kart\u0105 do 6 os\u00f3b<\/span><\/strong><\/p>\n<p><a href=\"https:\/\/wobronietradycjiiwiary.com\/pl\/rodzinne\/\" target=\"_blank\" rel=\"noopener\"><img decoding=\"async\" class=\"size-medium wp-image-80435 aligncenter\" src=\"https:\/\/wobronietradycjiiwiary.com\/wp-content\/uploads\/2022\/11\/Unbenannt-1-Rodzinna-300x208.jpg\" alt=\"\" width=\"300\" height=\"208\" srcset=\"https:\/\/wobronietradycjiiwiary.com\/wp-content\/uploads\/2022\/11\/Unbenannt-1-Rodzinna-300x208.jpg 300w, https:\/\/wobronietradycjiiwiary.com\/wp-content\/uploads\/2022\/11\/Unbenannt-1-Rodzinna-150x104.jpg 150w, https:\/\/wobronietradycjiiwiary.com\/wp-content\/uploads\/2022\/11\/Unbenannt-1-Rodzinna-18x12.jpg 18w, https:\/\/wobronietradycjiiwiary.com\/wp-content\/uploads\/2022\/11\/Unbenannt-1-Rodzinna.jpg 448w\" sizes=\"(max-width: 300px) 100vw, 300px\" \/><\/a><\/p>\n<h3 style=\"text-align: center\"><\/h3>\n<h1 style=\"text-align: center\"><\/h1>\n","protected":false},"excerpt":{"rendered":"<p>Liturgia sk\u0142ada si\u0119 ze szczeg\u00f3\u0142\u00f3w, \u017cycie sk\u0142ada si\u0119 ze szczeg\u00f3\u0142\u00f3w i \u017cycie duchowe tak\u017ce sk\u0142ada si\u0119 ze szczeg\u00f3\u0142\u00f3w. I dlatego&hellip; &nbsp; Pe\u0142en dost\u0119p dla subskrybent\u00f3w. Zaloguj si\u0119 lub przejd\u017a do Rejestracji. Nowe ni\u017csze ceny P\u0142atno\u015b\u0107 kart\u0105 P\u0142atno\u015b\u0107 przelewem P\u0142atno\u015b\u0107 kart\u0105 do 6 os\u00f3b<\/p>\n","protected":false},"author":60508433,"featured_media":0,"comment_status":"open","ping_status":"closed","sticky":false,"template":"","format":"standard","meta":{"_bbp_topic_count":0,"_bbp_reply_count":0,"_bbp_total_topic_count":0,"_bbp_total_reply_count":0,"_bbp_voice_count":0,"_bbp_anonymous_reply_count":0,"_bbp_topic_count_hidden":0,"_bbp_reply_count_hidden":0,"_bbp_forum_subforum_count":0,"_editorskit_title_hidden":false,"_editorskit_reading_time":0,"_editorskit_is_block_options_detached":false,"_editorskit_block_options_position":"{}","_coblocks_attr":"","_coblocks_dimensions":"","_coblocks_responsive_height":"","_coblocks_accordion_ie_support":"","_exactmetrics_skip_tracking":false,"_jetpack_newsletter_access":"","_jetpack_dont_email_post_to_subs":false,"_jetpack_newsletter_tier_id":0,"_jetpack_memberships_contains_paywalled_content":false,"_wpcom_ai_launchpad_first_post":false,"_jetpack_feature_clip_id":0,"_jetpack_memberships_contains_paid_content":false,"footnotes":"","jetpack_publicize_message":"{title}\n\n{excerpt}\n\n{url}","jetpack_publicize_feature_enabled":true,"jetpack_social_post_already_shared":true,"jetpack_social_options":{"image_generator_settings":{"template":"highway","default_image_id":0,"font":"","enabled":false},"version":2},"_wpas_customize_per_network":false,"jetpack_post_was_ever_published":false},"categories":[573346604],"tags":[610130663,1748494,590761130,532392,567449958,610130940,610130941,7210821,610132562,610132133,12994032,610130667,610130939],"class_list":["post-22121","post","type-post","status-publish","format-standard","hentry","category-blogoslawienstwa-z-rituale-romanum","tag-auxilium-christianorum","tag-blogoslawienstwa","tag-blogoslawienstwo-swiec","tag-demonologia","tag-demonologia-praktyczna","tag-figurki-nmp","tag-figurki-sw-michala-archaniola","tag-poboznosc","tag-premium","tag-restricted","tag-rituale-romanum","tag-sakramentalia","tag-zycie-modlitewne"],"yoast_head":"<!-- This site is optimized with the Yoast SEO plugin v28.4 - https:\/\/yoast.com\/product\/yoast-seo-wordpress\/ -->\n<title>Auxilium christianorum - nabytki, wydatki i t\u0142umaczenia. - Tradycja i Wiara<\/title>\n<meta name=\"robots\" content=\"index, follow, max-snippet:-1, max-image-preview:large, max-video-preview:-1\" \/>\n<link rel=\"canonical\" href=\"https:\/\/wobronietradycjiiwiary.com\/pl\/auxilium-christianorum-nabytki-i-wydatki\/\" \/>\n<meta property=\"og:locale\" content=\"pl_PL\" \/>\n<meta property=\"og:type\" content=\"article\" \/>\n<meta property=\"og:title\" content=\"Auxilium christianorum - nabytki, wydatki i t\u0142umaczenia. - Tradycja i Wiara\" \/>\n<meta property=\"og:description\" content=\"Liturgia sk\u0142ada si\u0119 ze szczeg\u00f3\u0142\u00f3w, \u017cycie sk\u0142ada si\u0119 ze szczeg\u00f3\u0142\u00f3w i \u017cycie duchowe tak\u017ce sk\u0142ada si\u0119 ze szczeg\u00f3\u0142\u00f3w. I dlatego&hellip; &nbsp; Pe\u0142en dost\u0119p dla subskrybent\u00f3w. Zaloguj si\u0119 lub przejd\u017a do Rejestracji. Nowe ni\u017csze ceny P\u0142atno\u015b\u0107 kart\u0105 P\u0142atno\u015b\u0107 przelewem P\u0142atno\u015b\u0107 kart\u0105 do 6 os\u00f3b\" \/>\n<meta property=\"og:url\" content=\"https:\/\/wobronietradycjiiwiary.com\/pl\/auxilium-christianorum-nabytki-i-wydatki\/\" \/>\n<meta property=\"og:site_name\" content=\"Tradycja i Wiara\" \/>\n<meta property=\"article:publisher\" content=\"https:\/\/www.facebook.com\/Tradycja-i-Wiara-108813920592249\" \/>\n<meta property=\"article:published_time\" content=\"2017-09-22T11:03:00+00:00\" \/>\n<meta property=\"article:modified_time\" content=\"2025-02-07T14:48:40+00:00\" \/>\n<meta property=\"og:image\" content=\"https:\/\/wobronietradycjiiwiaryblog.files.wordpress.com\/2017\/09\/madonna_ausiliatrice_a.jpg\" \/>\n<meta name=\"author\" content=\"Traditio et Fides\" \/>\n<meta name=\"twitter:card\" content=\"summary_large_image\" \/>\n<meta name=\"twitter:label1\" content=\"Napisane przez\" \/>\n\t<meta name=\"twitter:data1\" content=\"Traditio et Fides\" \/>\n\t<meta name=\"twitter:label2\" content=\"Szacowany czas czytania\" \/>\n\t<meta name=\"twitter:data2\" content=\"6 minut\" \/>\n<script type=\"application\/ld+json\" class=\"yoast-schema-graph\">{\"@context\":\"https:\\\/\\\/schema.org\",\"@graph\":[{\"@type\":\"Article\",\"@id\":\"https:\\\/\\\/wobronietradycjiiwiary.com\\\/auxilium-christianorum-nabytki-i-wydatki\\\/#article\",\"isPartOf\":{\"@id\":\"https:\\\/\\\/wobronietradycjiiwiary.com\\\/auxilium-christianorum-nabytki-i-wydatki\\\/\"},\"author\":{\"name\":\"Traditio et Fides\",\"@id\":\"https:\\\/\\\/wobronietradycjiiwiary.com\\\/pl\\\/#\\\/schema\\\/person\\\/2d6180ce6abcb681fef0daab7816e8f3\"},\"headline\":\"Auxilium christianorum &#8211; nabytki, wydatki i t\u0142umaczenia.\",\"datePublished\":\"2017-09-22T11:03:00+00:00\",\"dateModified\":\"2025-02-07T14:48:40+00:00\",\"mainEntityOfPage\":{\"@id\":\"https:\\\/\\\/wobronietradycjiiwiary.com\\\/auxilium-christianorum-nabytki-i-wydatki\\\/\"},\"wordCount\":1156,\"commentCount\":17,\"publisher\":{\"@id\":\"https:\\\/\\\/wobronietradycjiiwiary.com\\\/pl\\\/#organization\"},\"image\":{\"@id\":\"https:\\\/\\\/wobronietradycjiiwiary.com\\\/auxilium-christianorum-nabytki-i-wydatki\\\/#primaryimage\"},\"thumbnailUrl\":\"https:\\\/\\\/wobronietradycjiiwiaryblog.files.wordpress.com\\\/2017\\\/09\\\/madonna_ausiliatrice_a.jpg\",\"keywords\":[\"Auxilium christianorum\",\"b\u0142ogos\u0142awie\u0144stwa\",\"b\u0142ogos\u0142awie\u0144stwo \u015bwiec\",\"demonologia\",\"demonologia praktyczna\",\"figurki NMP\",\"figurki \u015bw. Micha\u0142a Archanio\u0142a\",\"Pobo\u017cno\u015b\u0107\",\"Premium\",\"Restricted\",\"Rituale romanum\",\"Sakramentalia\",\"\u017cycie modlitewne\"],\"articleSection\":[\"B\u0142ogos\u0142awie\u0144stwa z Rituale romanum\"],\"inLanguage\":\"pl-PL\",\"potentialAction\":[{\"@type\":\"CommentAction\",\"name\":\"Comment\",\"target\":[\"https:\\\/\\\/wobronietradycjiiwiary.com\\\/auxilium-christianorum-nabytki-i-wydatki\\\/#respond\"]}]},{\"@type\":\"WebPage\",\"@id\":\"https:\\\/\\\/wobronietradycjiiwiary.com\\\/auxilium-christianorum-nabytki-i-wydatki\\\/\",\"url\":\"https:\\\/\\\/wobronietradycjiiwiary.com\\\/auxilium-christianorum-nabytki-i-wydatki\\\/\",\"name\":\"Auxilium christianorum - nabytki, wydatki i t\u0142umaczenia. - Tradycja i Wiara\",\"isPartOf\":{\"@id\":\"https:\\\/\\\/wobronietradycjiiwiary.com\\\/pl\\\/#website\"},\"primaryImageOfPage\":{\"@id\":\"https:\\\/\\\/wobronietradycjiiwiary.com\\\/auxilium-christianorum-nabytki-i-wydatki\\\/#primaryimage\"},\"image\":{\"@id\":\"https:\\\/\\\/wobronietradycjiiwiary.com\\\/auxilium-christianorum-nabytki-i-wydatki\\\/#primaryimage\"},\"thumbnailUrl\":\"https:\\\/\\\/wobronietradycjiiwiaryblog.files.wordpress.com\\\/2017\\\/09\\\/madonna_ausiliatrice_a.jpg\",\"datePublished\":\"2017-09-22T11:03:00+00:00\",\"dateModified\":\"2025-02-07T14:48:40+00:00\",\"breadcrumb\":{\"@id\":\"https:\\\/\\\/wobronietradycjiiwiary.com\\\/auxilium-christianorum-nabytki-i-wydatki\\\/#breadcrumb\"},\"inLanguage\":\"pl-PL\",\"potentialAction\":[{\"@type\":\"ReadAction\",\"target\":[\"https:\\\/\\\/wobronietradycjiiwiary.com\\\/auxilium-christianorum-nabytki-i-wydatki\\\/\"]}]},{\"@type\":\"ImageObject\",\"inLanguage\":\"pl-PL\",\"@id\":\"https:\\\/\\\/wobronietradycjiiwiary.com\\\/auxilium-christianorum-nabytki-i-wydatki\\\/#primaryimage\",\"url\":\"https:\\\/\\\/wobronietradycjiiwiaryblog.files.wordpress.com\\\/2017\\\/09\\\/madonna_ausiliatrice_a.jpg\",\"contentUrl\":\"https:\\\/\\\/wobronietradycjiiwiaryblog.files.wordpress.com\\\/2017\\\/09\\\/madonna_ausiliatrice_a.jpg\"},{\"@type\":\"BreadcrumbList\",\"@id\":\"https:\\\/\\\/wobronietradycjiiwiary.com\\\/auxilium-christianorum-nabytki-i-wydatki\\\/#breadcrumb\",\"itemListElement\":[{\"@type\":\"ListItem\",\"position\":1,\"name\":\"Strona g\u0142\u00f3wna\",\"item\":\"https:\\\/\\\/wobronietradycjiiwiary.com\\\/\"},{\"@type\":\"ListItem\",\"position\":2,\"name\":\"Auxilium christianorum &#8211; nabytki, wydatki i t\u0142umaczenia.\"}]},{\"@type\":\"WebSite\",\"@id\":\"https:\\\/\\\/wobronietradycjiiwiary.com\\\/pl\\\/#website\",\"url\":\"https:\\\/\\\/wobronietradycjiiwiary.com\\\/pl\\\/\",\"name\":\"Tradycja i Wiara\",\"description\":\"Portal dla katolik\u00f3w.\",\"publisher\":{\"@id\":\"https:\\\/\\\/wobronietradycjiiwiary.com\\\/pl\\\/#organization\"},\"potentialAction\":[{\"@type\":\"SearchAction\",\"target\":{\"@type\":\"EntryPoint\",\"urlTemplate\":\"https:\\\/\\\/wobronietradycjiiwiary.com\\\/pl\\\/?s={search_term_string}\"},\"query-input\":{\"@type\":\"PropertyValueSpecification\",\"valueRequired\":true,\"valueName\":\"search_term_string\"}}],\"inLanguage\":\"pl-PL\"},{\"@type\":\"Organization\",\"@id\":\"https:\\\/\\\/wobronietradycjiiwiary.com\\\/pl\\\/#organization\",\"name\":\"Tradycja i Wiara\",\"url\":\"https:\\\/\\\/wobronietradycjiiwiary.com\\\/pl\\\/\",\"logo\":{\"@type\":\"ImageObject\",\"inLanguage\":\"pl-PL\",\"@id\":\"https:\\\/\\\/wobronietradycjiiwiary.com\\\/pl\\\/#\\\/schema\\\/logo\\\/image\\\/\",\"url\":\"https:\\\/\\\/i0.wp.com\\\/wobronietradycjiiwiary.com\\\/wp-content\\\/uploads\\\/2015\\\/10\\\/cropped-st-peters-dome-vatican.jpg?fit=940%2C198&ssl=1\",\"contentUrl\":\"https:\\\/\\\/i0.wp.com\\\/wobronietradycjiiwiary.com\\\/wp-content\\\/uploads\\\/2015\\\/10\\\/cropped-st-peters-dome-vatican.jpg?fit=940%2C198&ssl=1\",\"width\":940,\"height\":198,\"caption\":\"Tradycja i Wiara\"},\"image\":{\"@id\":\"https:\\\/\\\/wobronietradycjiiwiary.com\\\/pl\\\/#\\\/schema\\\/logo\\\/image\\\/\"},\"sameAs\":[\"https:\\\/\\\/www.facebook.com\\\/Tradycja-i-Wiara-108813920592249\"]},{\"@type\":\"Person\",\"@id\":\"https:\\\/\\\/wobronietradycjiiwiary.com\\\/pl\\\/#\\\/schema\\\/person\\\/2d6180ce6abcb681fef0daab7816e8f3\",\"name\":\"Traditio et Fides\",\"sameAs\":[\"https:\\\/\\\/traditionundglauben.com\"],\"url\":\"https:\\\/\\\/wobronietradycjiiwiary.com\\\/pl\\\/author\\\/wobronietradycjiiwiary\\\/\"}]}<\/script>\n<!-- \/ Yoast SEO plugin. -->","yoast_head_json":{"title":"Auxilium christianorum - nabytki, wydatki i t\u0142umaczenia. - Tradycja i Wiara","robots":{"index":"index","follow":"follow","max-snippet":"max-snippet:-1","max-image-preview":"max-image-preview:large","max-video-preview":"max-video-preview:-1"},"canonical":"https:\/\/wobronietradycjiiwiary.com\/pl\/auxilium-christianorum-nabytki-i-wydatki\/","og_locale":"pl_PL","og_type":"article","og_title":"Auxilium christianorum - nabytki, wydatki i t\u0142umaczenia. - Tradycja i Wiara","og_description":"Liturgia sk\u0142ada si\u0119 ze szczeg\u00f3\u0142\u00f3w, \u017cycie sk\u0142ada si\u0119 ze szczeg\u00f3\u0142\u00f3w i \u017cycie duchowe tak\u017ce sk\u0142ada si\u0119 ze szczeg\u00f3\u0142\u00f3w. I dlatego&hellip; &nbsp; Pe\u0142en dost\u0119p dla subskrybent\u00f3w. Zaloguj si\u0119 lub przejd\u017a do Rejestracji. Nowe ni\u017csze ceny P\u0142atno\u015b\u0107 kart\u0105 P\u0142atno\u015b\u0107 przelewem P\u0142atno\u015b\u0107 kart\u0105 do 6 os\u00f3b","og_url":"https:\/\/wobronietradycjiiwiary.com\/pl\/auxilium-christianorum-nabytki-i-wydatki\/","og_site_name":"Tradycja i Wiara","article_publisher":"https:\/\/www.facebook.com\/Tradycja-i-Wiara-108813920592249","article_published_time":"2017-09-22T11:03:00+00:00","article_modified_time":"2025-02-07T14:48:40+00:00","og_image":[{"url":"https:\/\/wobronietradycjiiwiaryblog.files.wordpress.com\/2017\/09\/madonna_ausiliatrice_a.jpg","type":"","width":"","height":""}],"author":"Traditio et Fides","twitter_card":"summary_large_image","twitter_misc":{"Napisane przez":"Traditio et Fides","Szacowany czas czytania":"6 minut"},"schema":{"@context":"https:\/\/schema.org","@graph":[{"@type":"Article","@id":"https:\/\/wobronietradycjiiwiary.com\/auxilium-christianorum-nabytki-i-wydatki\/#article","isPartOf":{"@id":"https:\/\/wobronietradycjiiwiary.com\/auxilium-christianorum-nabytki-i-wydatki\/"},"author":{"name":"Traditio et Fides","@id":"https:\/\/wobronietradycjiiwiary.com\/pl\/#\/schema\/person\/2d6180ce6abcb681fef0daab7816e8f3"},"headline":"Auxilium christianorum &#8211; nabytki, wydatki i t\u0142umaczenia.","datePublished":"2017-09-22T11:03:00+00:00","dateModified":"2025-02-07T14:48:40+00:00","mainEntityOfPage":{"@id":"https:\/\/wobronietradycjiiwiary.com\/auxilium-christianorum-nabytki-i-wydatki\/"},"wordCount":1156,"commentCount":17,"publisher":{"@id":"https:\/\/wobronietradycjiiwiary.com\/pl\/#organization"},"image":{"@id":"https:\/\/wobronietradycjiiwiary.com\/auxilium-christianorum-nabytki-i-wydatki\/#primaryimage"},"thumbnailUrl":"https:\/\/wobronietradycjiiwiaryblog.files.wordpress.com\/2017\/09\/madonna_ausiliatrice_a.jpg","keywords":["Auxilium christianorum","b\u0142ogos\u0142awie\u0144stwa","b\u0142ogos\u0142awie\u0144stwo \u015bwiec","demonologia","demonologia praktyczna","figurki NMP","figurki \u015bw. Micha\u0142a Archanio\u0142a","Pobo\u017cno\u015b\u0107","Premium","Restricted","Rituale romanum","Sakramentalia","\u017cycie modlitewne"],"articleSection":["B\u0142ogos\u0142awie\u0144stwa z Rituale romanum"],"inLanguage":"pl-PL","potentialAction":[{"@type":"CommentAction","name":"Comment","target":["https:\/\/wobronietradycjiiwiary.com\/auxilium-christianorum-nabytki-i-wydatki\/#respond"]}]},{"@type":"WebPage","@id":"https:\/\/wobronietradycjiiwiary.com\/auxilium-christianorum-nabytki-i-wydatki\/","url":"https:\/\/wobronietradycjiiwiary.com\/auxilium-christianorum-nabytki-i-wydatki\/","name":"Auxilium christianorum - nabytki, wydatki i t\u0142umaczenia. - Tradycja i Wiara","isPartOf":{"@id":"https:\/\/wobronietradycjiiwiary.com\/pl\/#website"},"primaryImageOfPage":{"@id":"https:\/\/wobronietradycjiiwiary.com\/auxilium-christianorum-nabytki-i-wydatki\/#primaryimage"},"image":{"@id":"https:\/\/wobronietradycjiiwiary.com\/auxilium-christianorum-nabytki-i-wydatki\/#primaryimage"},"thumbnailUrl":"https:\/\/wobronietradycjiiwiaryblog.files.wordpress.com\/2017\/09\/madonna_ausiliatrice_a.jpg","datePublished":"2017-09-22T11:03:00+00:00","dateModified":"2025-02-07T14:48:40+00:00","breadcrumb":{"@id":"https:\/\/wobronietradycjiiwiary.com\/auxilium-christianorum-nabytki-i-wydatki\/#breadcrumb"},"inLanguage":"pl-PL","potentialAction":[{"@type":"ReadAction","target":["https:\/\/wobronietradycjiiwiary.com\/auxilium-christianorum-nabytki-i-wydatki\/"]}]},{"@type":"ImageObject","inLanguage":"pl-PL","@id":"https:\/\/wobronietradycjiiwiary.com\/auxilium-christianorum-nabytki-i-wydatki\/#primaryimage","url":"https:\/\/wobronietradycjiiwiaryblog.files.wordpress.com\/2017\/09\/madonna_ausiliatrice_a.jpg","contentUrl":"https:\/\/wobronietradycjiiwiaryblog.files.wordpress.com\/2017\/09\/madonna_ausiliatrice_a.jpg"},{"@type":"BreadcrumbList","@id":"https:\/\/wobronietradycjiiwiary.com\/auxilium-christianorum-nabytki-i-wydatki\/#breadcrumb","itemListElement":[{"@type":"ListItem","position":1,"name":"Strona g\u0142\u00f3wna","item":"https:\/\/wobronietradycjiiwiary.com\/"},{"@type":"ListItem","position":2,"name":"Auxilium christianorum &#8211; nabytki, wydatki i t\u0142umaczenia."}]},{"@type":"WebSite","@id":"https:\/\/wobronietradycjiiwiary.com\/pl\/#website","url":"https:\/\/wobronietradycjiiwiary.com\/pl\/","name":"Tradycja i Wiara","description":"Portal dla katolik\u00f3w.","publisher":{"@id":"https:\/\/wobronietradycjiiwiary.com\/pl\/#organization"},"potentialAction":[{"@type":"SearchAction","target":{"@type":"EntryPoint","urlTemplate":"https:\/\/wobronietradycjiiwiary.com\/pl\/?s={search_term_string}"},"query-input":{"@type":"PropertyValueSpecification","valueRequired":true,"valueName":"search_term_string"}}],"inLanguage":"pl-PL"},{"@type":"Organization","@id":"https:\/\/wobronietradycjiiwiary.com\/pl\/#organization","name":"Tradycja i Wiara","url":"https:\/\/wobronietradycjiiwiary.com\/pl\/","logo":{"@type":"ImageObject","inLanguage":"pl-PL","@id":"https:\/\/wobronietradycjiiwiary.com\/pl\/#\/schema\/logo\/image\/","url":"https:\/\/i0.wp.com\/wobronietradycjiiwiary.com\/wp-content\/uploads\/2015\/10\/cropped-st-peters-dome-vatican.jpg?fit=940%2C198&ssl=1","contentUrl":"https:\/\/i0.wp.com\/wobronietradycjiiwiary.com\/wp-content\/uploads\/2015\/10\/cropped-st-peters-dome-vatican.jpg?fit=940%2C198&ssl=1","width":940,"height":198,"caption":"Tradycja i Wiara"},"image":{"@id":"https:\/\/wobronietradycjiiwiary.com\/pl\/#\/schema\/logo\/image\/"},"sameAs":["https:\/\/www.facebook.com\/Tradycja-i-Wiara-108813920592249"]},{"@type":"Person","@id":"https:\/\/wobronietradycjiiwiary.com\/pl\/#\/schema\/person\/2d6180ce6abcb681fef0daab7816e8f3","name":"Traditio et Fides","sameAs":["https:\/\/traditionundglauben.com"],"url":"https:\/\/wobronietradycjiiwiary.com\/pl\/author\/wobronietradycjiiwiary\/"}]}},"jetpack_publicize_connections":[],"jetpack_sharing_enabled":true,"jetpack_likes_enabled":true,"jetpack_shortlink":"https:\/\/wp.me\/pc04Sd-5KN","jetpack-related-posts":[{"id":14972,"url":"https:\/\/wobronietradycjiiwiary.com\/pl\/auxilium-christianorum-nabytki-wydatki-i-tlumaczenia-2\/","url_meta":{"origin":22121,"position":0},"title":"Auxilium christianorum &#8211; nabytki, wydatki i t\u0142umaczenia.","author":"Traditio et Fides","date":"9 stycznia 2018","format":false,"excerpt":"Liturgia sk\u0142ada si\u0119 ze szczeg\u00f3\u0142\u00f3w, \u017cycie sk\u0142ada si\u0119 ze szczeg\u00f3\u0142\u00f3w i \u017cycie duchowe tak\u017ce sk\u0142ada si\u0119 ze szczeg\u00f3\u0142\u00f3w. I dlatego wszystkim, kt\u00f3rzy pragn\u0105 modli\u0107 si\u0119 w stowarzyszeniu Auxilium christianorum\u00a0polecamy dok\u0142adnie trzyma\u0107 si\u0119 \"przepis\u00f3w\". \u00a0I tak w polskim t\u0142umaczeniu punktu 9 Wymaga\u0144 \u00a0czytamy: W miar\u0119 finansowych mo\u017cliwo\u015bci, ka\u017cdy cz\u0142onek Auxilium\u00a0Christianorum powinien\u2026","rel":"","context":"W \u201eAuxilium christianorum&quot;","block_context":{"text":"Auxilium christianorum","link":"https:\/\/wobronietradycjiiwiary.com\/pl\/category\/duchowosc\/walka-duchowa\/auxilium-christianorum\/"},"img":{"alt_text":"Madonna_Ausiliatrice_A","src":"https:\/\/wobronietradycjiiwiaryblog.files.wordpress.com\/2017\/09\/madonna_ausiliatrice_a.jpg?w=350&h=200&crop=1","width":350,"height":200},"classes":[]},{"id":14830,"url":"https:\/\/wobronietradycjiiwiary.com\/pl\/auxilium-christianorum-nabytki-wydatki-i-tlumaczenia\/","url_meta":{"origin":22121,"position":1},"title":"Auxilium christianorum &#8211; nabytki, wydatki i t\u0142umaczenia.","author":"Traditio et Fides","date":"26 pa\u017adziernika 2017","format":false,"excerpt":"Liturgia sk\u0142ada si\u0119 ze szczeg\u00f3\u0142\u00f3w, \u017cycie sk\u0142ada si\u0119 ze szczeg\u00f3\u0142\u00f3w i \u017cycie duchowe tak\u017ce sk\u0142ada si\u0119 ze szczeg\u00f3\u0142\u00f3w. I dlatego wszystkim, kt\u00f3rzy pragn\u0105 modli\u0107 si\u0119 w stowarzyszeniu Auxilium christianorum\u00a0polecamy dok\u0142adnie trzyma\u0107 si\u0119 \"przepis\u00f3w\". \u00a0I tak w polskim t\u0142umaczeniu punktu 9 Wymaga\u0144 \u00a0czytamy: W miar\u0119 finansowych mo\u017cliwo\u015bci, ka\u017cdy cz\u0142onek Auxilium\u00a0Christianorum powinien\u2026","rel":"","context":"W \u201eAuxilium christianorum&quot;","block_context":{"text":"Auxilium christianorum","link":"https:\/\/wobronietradycjiiwiary.com\/pl\/category\/duchowosc\/walka-duchowa\/auxilium-christianorum\/"},"img":{"alt_text":"Madonna_Ausiliatrice_A","src":"https:\/\/wobronietradycjiiwiaryblog.files.wordpress.com\/2017\/09\/madonna_ausiliatrice_a.jpg?w=350&h=200&crop=1","width":350,"height":200},"classes":[]},{"id":22120,"url":"https:\/\/wobronietradycjiiwiary.com\/pl\/auxilium-christianorum-lub-dobry-pomysl-2\/","url_meta":{"origin":22121,"position":2},"title":"Auxilium christianorum lub dobry pomys\u0142","author":"Traditio et Fides","date":"19 wrze\u015bnia 2017","format":false,"excerpt":"Pisz\u0105cy te s\u0142owa s\u0142ucha\u0142 niedawno podcast\u00f3w onepeterfive, gdzie dyrektor wykonawczy Steven Skojec narzeka, \u017ce mu ci\u0119\u017cko i \u017ce demony go gryz\u0105. Nie jego jednego, jak wiemy. Chocia\u017c podcasty Skojeca s\u0105 mniej tre\u015bciwe, gdy m\u00f3wi sam, od podcast\u00f3w Ann Barnhardt, to Skojec zamieszcza ciekawe linki, zgodne z teologi\u0105 i tradycj\u0105, kt\u00f3rych\u2026","rel":"","context":"W \u201eDemonologia&quot;","block_context":{"text":"Demonologia","link":"https:\/\/wobronietradycjiiwiary.com\/pl\/category\/doktryna\/teologia-dogmatyczna\/demonologia-teologia\/"},"img":{"alt_text":"","src":"https:\/\/i0.wp.com\/wobronietradycjiiwiary.com\/wp-content\/uploads\/2019\/10\/auxilium-christianorum.jpg?resize=350%2C200&ssl=1","width":350,"height":200,"srcset":"https:\/\/i0.wp.com\/wobronietradycjiiwiary.com\/wp-content\/uploads\/2019\/10\/auxilium-christianorum.jpg?resize=350%2C200&ssl=1 1x, https:\/\/i0.wp.com\/wobronietradycjiiwiary.com\/wp-content\/uploads\/2019\/10\/auxilium-christianorum.jpg?resize=525%2C300&ssl=1 1.5x, https:\/\/i0.wp.com\/wobronietradycjiiwiary.com\/wp-content\/uploads\/2019\/10\/auxilium-christianorum.jpg?resize=700%2C400&ssl=1 2x"},"classes":[]},{"id":22122,"url":"https:\/\/wobronietradycjiiwiary.com\/pl\/poswiecone-bez-bolu-lub-o-wymogach-auxilium-christianorum-ciag-dalszy\/","url_meta":{"origin":22121,"position":3},"title":"Po\u015bwi\u0119cone bez b\u00f3lu lub o wymogach Auxilium christianorum ci\u0105g dalszy","author":"Traditio et Fides","date":"24 wrze\u015bnia 2017","format":false,"excerpt":"Ko\u0144cz\u0105c mini-cykl dotycz\u0105cy praktycznych przygotowa\u0144 do przynale\u017cno\u015bci w stowarzyszeniu Auxilium christianorum przedstawiamy powy\u017cej kolejn\u0105 podobizn\u0105 Naj\u015bwi\u0119tszej Maryi Panny nosz\u0105c\u0105 ten tytu\u0142 oraz informujemy rado\u015bnie, \u017ce uda\u0142o po\u015bwi\u0119ci\u0107 si\u0119: \u015awieczki Figurk\u0119 NMP Figurk\u0119 \u015bw. Micha\u0142a Archanio\u0142a Po \u0142acinie Wed\u0142ug modlitw z Rituale romanum Z w\u0142asnego Rituale redakcji Za darmo (tak!) Tak,\u2026","rel":"","context":"W \u201eDemonologia&quot;","block_context":{"text":"Demonologia","link":"https:\/\/wobronietradycjiiwiary.com\/pl\/category\/doktryna\/teologia-dogmatyczna\/demonologia-teologia\/"},"img":{"alt_text":"","src":"https:\/\/i0.wp.com\/wobronietradycjiiwiary.com\/wp-content\/uploads\/2019\/10\/auxilium-christianorum-2.jpg?resize=350%2C200&ssl=1","width":350,"height":200},"classes":[]},{"id":16481,"url":"https:\/\/wobronietradycjiiwiary.com\/pl\/i-znowu-poblogoslawione\/","url_meta":{"origin":22121,"position":4},"title":"I znowu pob\u0142ogos\u0142awione","author":"Traditio et Fides","date":"2 grudnia 2017","format":false,"excerpt":"Chocia\u017c wydarzenie to jest by\u0107 mo\u017ce zbyt ma\u0142o wa\u017ckie na nowy wpis, to pisz\u0105cy te s\u0142owa chcia\u0142by podzieli\u0107 si\u0119 swoj\u0105 rado\u015bci\u0105, \u017ce znowu uda\u0142o mu si\u0119 po\u015bwi\u0119ci\u0107 swoje \u015bwieczki alias \"znicze\" u kolejnego ksi\u0119dza swojej diecezji. Zasadza\u0142 si\u0119 co prawda na spowied\u017a u innego ksi\u0119dza, kt\u00f3ry mia\u0142 tak\u017ce po\u015bwi\u0119ci\u0107, do\u015bwiadcze\u0144\u2026","rel":"","context":"W \u201eB\u0142ogos\u0142awienie i \u015bwi\u0119cenie&quot;","block_context":{"text":"B\u0142ogos\u0142awienie i \u015bwi\u0119cenie","link":"https:\/\/wobronietradycjiiwiary.com\/pl\/category\/doktryna\/teologia-dogmatyczna\/sakramentalia\/blogoslawienie-i-swiecenie\/"},"img":{"alt_text":"","src":"https:\/\/i0.wp.com\/wobronietradycjiiwiary.com\/wp-content\/uploads\/2017\/12\/isaak_zegent_jakob_rijksmuseum_sk-a-110-scaled.jpg?resize=350%2C200&ssl=1","width":350,"height":200,"srcset":"https:\/\/i0.wp.com\/wobronietradycjiiwiary.com\/wp-content\/uploads\/2017\/12\/isaak_zegent_jakob_rijksmuseum_sk-a-110-scaled.jpg?resize=350%2C200&ssl=1 1x, https:\/\/i0.wp.com\/wobronietradycjiiwiary.com\/wp-content\/uploads\/2017\/12\/isaak_zegent_jakob_rijksmuseum_sk-a-110-scaled.jpg?resize=525%2C300&ssl=1 1.5x, https:\/\/i0.wp.com\/wobronietradycjiiwiary.com\/wp-content\/uploads\/2017\/12\/isaak_zegent_jakob_rijksmuseum_sk-a-110-scaled.jpg?resize=700%2C400&ssl=1 2x, https:\/\/i0.wp.com\/wobronietradycjiiwiary.com\/wp-content\/uploads\/2017\/12\/isaak_zegent_jakob_rijksmuseum_sk-a-110-scaled.jpg?resize=1050%2C600&ssl=1 3x, https:\/\/i0.wp.com\/wobronietradycjiiwiary.com\/wp-content\/uploads\/2017\/12\/isaak_zegent_jakob_rijksmuseum_sk-a-110-scaled.jpg?resize=1400%2C800&ssl=1 4x"},"classes":[]},{"id":15116,"url":"https:\/\/wobronietradycjiiwiary.com\/pl\/moj-kacik-auxilium-christianorum-lub-za-darmo-nic-nie-ma\/","url_meta":{"origin":22121,"position":5},"title":"M\u00f3j k\u0105cik Auxilium christianorum lub za darmo nic nie ma","author":"Traditio et Fides","date":"30 wrze\u015bnia 2017","format":false,"excerpt":"Spe\u0142niaj\u0105c obietnic\u0119 pisz\u0105cy te s\u0142owa przedstawia sw\u00f3j k\u0105cik Auxilium christianorum, pe\u0142ni\u0105cym w jego k\u0105ciku modlitewnym funkcj\u0119 \u201eo\u0142tarza bocznego\u201d. \u00a0 \u00a0 Przysz\u0142a zam\u00f3wiona wolno wisz\u0105ca p\u00f3\u0142ka i to dosy\u0107 wcze\u015bnie, a nie jak zapowiadano dopiero 5 pa\u017adziernika. Sklep, w kt\u00f3rym p\u00f3\u0142ka zosta\u0142a zam\u00f3wiona dostarcza bardzo szybko, wi\u0119c autor tego wpisu zdziwi\u0142\u2026","rel":"","context":"W \u201eACH \u015awiadectwa&quot;","block_context":{"text":"ACH \u015awiadectwa","link":"https:\/\/wobronietradycjiiwiary.com\/pl\/category\/duchowosc\/walka-duchowa\/auxilium-christianorum\/ach-swiadectwa\/"},"img":{"alt_text":"auxilium christianorum 3","src":"https:\/\/wobronietradycjiiwiaryblog.files.wordpress.com\/2017\/09\/auxilium-christianorum-3.jpg?w=350&h=200&crop=1","width":350,"height":200},"classes":[]}],"amp_enabled":true,"jetpack_featured_media_url":"","_links":{"self":[{"href":"https:\/\/wobronietradycjiiwiary.com\/pl\/wp-json\/wp\/v2\/posts\/22121","targetHints":{"allow":["GET"]}}],"collection":[{"href":"https:\/\/wobronietradycjiiwiary.com\/pl\/wp-json\/wp\/v2\/posts"}],"about":[{"href":"https:\/\/wobronietradycjiiwiary.com\/pl\/wp-json\/wp\/v2\/types\/post"}],"author":[{"embeddable":true,"href":"https:\/\/wobronietradycjiiwiary.com\/pl\/wp-json\/wp\/v2\/users\/60508433"}],"replies":[{"embeddable":true,"href":"https:\/\/wobronietradycjiiwiary.com\/pl\/wp-json\/wp\/v2\/comments?post=22121"}],"version-history":[{"count":1,"href":"https:\/\/wobronietradycjiiwiary.com\/pl\/wp-json\/wp\/v2\/posts\/22121\/revisions"}],"predecessor-version":[{"id":55569,"href":"https:\/\/wobronietradycjiiwiary.com\/pl\/wp-json\/wp\/v2\/posts\/22121\/revisions\/55569"}],"wp:attachment":[{"href":"https:\/\/wobronietradycjiiwiary.com\/pl\/wp-json\/wp\/v2\/media?parent=22121"}],"wp:term":[{"taxonomy":"category","embeddable":true,"href":"https:\/\/wobronietradycjiiwiary.com\/pl\/wp-json\/wp\/v2\/categories?post=22121"},{"taxonomy":"post_tag","embeddable":true,"href":"https:\/\/wobronietradycjiiwiary.com\/pl\/wp-json\/wp\/v2\/tags?post=22121"}],"curies":[{"name":"wp","href":"https:\/\/api.w.org\/{rel}","templated":true}]}}