{"id":21771,"date":"2019-10-03T08:00:25","date_gmt":"2019-10-03T06:00:25","guid":{"rendered":"https:\/\/wobronietradycjiiwiaryblog.wordpress.com\/?p=21771"},"modified":"2025-02-07T15:39:56","modified_gmt":"2025-02-07T14:39:56","slug":"21771","status":"publish","type":"post","link":"https:\/\/wobronietradycjiiwiary.com\/pl\/21771\/","title":{"rendered":"Praca poga\u0144ska i chrze\u015bcija\u0144ska (4 z 5)"},"content":{"rendered":"<div id=\"bsf_rt_marker\"><\/div><p>Praca poga\u0144ska i chrze\u015bcija\u0144ska. (z przegl\u0105du Ekonomji Chrze\u015bcija\u0144skiej za Przegl\u0105dem Katolickim (nr 4 i 5 1863 r.) III (doko\u0144czenie) Na&hellip;<\/p>\n<div style=\"text-align: center\">\n<p>&nbsp;<\/p>\n<\/div>\n<h2 style=\"border: 5px solid #0000A0;padding: 1em;text-align: center\"><span style=\"color: #000000\">Pe\u0142en dost\u0119p dla <span style=\"color: #00ccff\"><a style=\"color: #00ccff\" href=\"https:\/\/wobronietradycjiiwiary.com\/subskrypcje-2\/\" target=\"_blank\" rel=\"noopener\">subskrybent\u00f3w<\/a><\/span>.<\/span><br \/>\n<span style=\"color: #3366ff\"><a style=\"color: #3366ff\" href=\"https:\/\/wobronietradycjiiwiary.com\/account\/login\/\" target=\"_blank\" rel=\"noopener\"><span style=\"color: #00ccff\">Zaloguj<\/span><\/a> <\/span>si\u0119 lub przejd\u017a do <a href=\"https:\/\/wobronietradycjiiwiary.com\/register\/\"><span style=\"color: #3366ff\">Rejestracji<\/span><\/a>.<\/h2>\n<div>\n<p style=\"text-align: center\"><a href=\"https:\/\/wobronietradycjiiwiary.com\/pl\/subskrypcje-2\/cennik\/\" target=\"_blank\" rel=\"noopener\"><span style=\"color: #000080;font-size: 24pt\"><strong>Nowe ni\u017csze ceny<\/strong><\/span><\/a><\/p>\n<p style=\"text-align: center\"><strong><span style=\"font-size: 18pt;color: #000080\">P\u0142atno\u015b\u0107 kart\u0105<\/span><\/strong><\/p>\n<\/div>\n<h3 style=\"text-align: center\"><a href=\"https:\/\/wobronietradycjiiwiary.com\/pl\/subskrypcje-2\/automatyczne\/indywidualne\/\" target=\"_blank\" rel=\"noopener\"><img fetchpriority=\"high\" decoding=\"async\" class=\"alignnone size-medium wp-image-80433\" src=\"https:\/\/wobronietradycjiiwiary.com\/wp-content\/uploads\/2022\/11\/Unbenannt-1-Online-1-300x202.jpg\" alt=\"\" width=\"300\" height=\"202\" srcset=\"https:\/\/wobronietradycjiiwiary.com\/wp-content\/uploads\/2022\/11\/Unbenannt-1-Online-1-300x202.jpg 300w, https:\/\/wobronietradycjiiwiary.com\/wp-content\/uploads\/2022\/11\/Unbenannt-1-Online-1-150x101.jpg 150w, https:\/\/wobronietradycjiiwiary.com\/wp-content\/uploads\/2022\/11\/Unbenannt-1-Online-1-18x12.jpg 18w, https:\/\/wobronietradycjiiwiary.com\/wp-content\/uploads\/2022\/11\/Unbenannt-1-Online-1.jpg 446w\" sizes=\"(max-width: 300px) 100vw, 300px\" \/><\/a><\/h3>\n<p style=\"text-align: center\"><strong><span style=\"font-size: 18pt;color: #000080\">P\u0142atno\u015b\u0107 przelewem<\/span><\/strong><\/p>\n<p><a href=\"https:\/\/wobronietradycjiiwiary.com\/pl\/subskrypcje-2\/automatyczne\/indywidualne\/\" target=\"_blank\" rel=\"noopener\"><img decoding=\"async\" class=\"size-medium wp-image-80434 aligncenter\" src=\"https:\/\/wobronietradycjiiwiary.com\/wp-content\/uploads\/2022\/11\/Unbenannt-1-Przelewem-300x137.jpg\" alt=\"\" width=\"300\" height=\"137\" srcset=\"https:\/\/wobronietradycjiiwiary.com\/wp-content\/uploads\/2022\/11\/Unbenannt-1-Przelewem-300x137.jpg 300w, https:\/\/wobronietradycjiiwiary.com\/wp-content\/uploads\/2022\/11\/Unbenannt-1-Przelewem-450x206.jpg 450w, https:\/\/wobronietradycjiiwiary.com\/wp-content\/uploads\/2022\/11\/Unbenannt-1-Przelewem-600x274.jpg 600w, https:\/\/wobronietradycjiiwiary.com\/wp-content\/uploads\/2022\/11\/Unbenannt-1-Przelewem-150x69.jpg 150w, https:\/\/wobronietradycjiiwiary.com\/wp-content\/uploads\/2022\/11\/Unbenannt-1-Przelewem-18x8.jpg 18w, https:\/\/wobronietradycjiiwiary.com\/wp-content\/uploads\/2022\/11\/Unbenannt-1-Przelewem.jpg 676w\" sizes=\"(max-width: 300px) 100vw, 300px\" \/><\/a><\/p>\n<p style=\"text-align: center\"><strong><span style=\"font-size: 18pt;color: #000080\">P\u0142atno\u015b\u0107 kart\u0105 do 6 os\u00f3b<\/span><\/strong><\/p>\n<p><a href=\"https:\/\/wobronietradycjiiwiary.com\/pl\/rodzinne\/\" target=\"_blank\" rel=\"noopener\"><img decoding=\"async\" class=\"size-medium wp-image-80435 aligncenter\" src=\"https:\/\/wobronietradycjiiwiary.com\/wp-content\/uploads\/2022\/11\/Unbenannt-1-Rodzinna-300x208.jpg\" alt=\"\" width=\"300\" height=\"208\" srcset=\"https:\/\/wobronietradycjiiwiary.com\/wp-content\/uploads\/2022\/11\/Unbenannt-1-Rodzinna-300x208.jpg 300w, https:\/\/wobronietradycjiiwiary.com\/wp-content\/uploads\/2022\/11\/Unbenannt-1-Rodzinna-150x104.jpg 150w, https:\/\/wobronietradycjiiwiary.com\/wp-content\/uploads\/2022\/11\/Unbenannt-1-Rodzinna-18x12.jpg 18w, https:\/\/wobronietradycjiiwiary.com\/wp-content\/uploads\/2022\/11\/Unbenannt-1-Rodzinna.jpg 448w\" sizes=\"(max-width: 300px) 100vw, 300px\" \/><\/a><\/p>\n<h3 style=\"text-align: center\"><\/h3>\n<h1 style=\"text-align: center\"><\/h1>\n","protected":false},"excerpt":{"rendered":"<p>Praca poga\u0144ska i chrze\u015bcija\u0144ska. (z przegl\u0105du Ekonomji Chrze\u015bcija\u0144skiej za Przegl\u0105dem Katolickim (nr 4 i 5 1863 r.) III (doko\u0144czenie) Na&hellip; &nbsp; Pe\u0142en dost\u0119p dla subskrybent\u00f3w. Zaloguj si\u0119 lub przejd\u017a do Rejestracji. Nowe ni\u017csze ceny P\u0142atno\u015b\u0107 kart\u0105 P\u0142atno\u015b\u0107 przelewem P\u0142atno\u015b\u0107 kart\u0105 do 6 os\u00f3b<\/p>\n","protected":false},"author":60508433,"featured_media":17145,"comment_status":"open","ping_status":"closed","sticky":false,"template":"","format":"standard","meta":{"_bbp_topic_count":0,"_bbp_reply_count":0,"_bbp_total_topic_count":0,"_bbp_total_reply_count":0,"_bbp_voice_count":0,"_bbp_anonymous_reply_count":0,"_bbp_topic_count_hidden":0,"_bbp_reply_count_hidden":0,"_bbp_forum_subforum_count":0,"_editorskit_title_hidden":false,"_editorskit_reading_time":0,"_editorskit_is_block_options_detached":false,"_editorskit_block_options_position":"{}","_coblocks_attr":"","_coblocks_dimensions":"","_coblocks_responsive_height":"","_coblocks_accordion_ie_support":"","_exactmetrics_skip_tracking":false,"_jetpack_newsletter_access":"","_jetpack_dont_email_post_to_subs":false,"_jetpack_newsletter_tier_id":0,"_jetpack_memberships_contains_paywalled_content":false,"_wpcom_ai_launchpad_first_post":false,"_jetpack_feature_clip_id":0,"_jetpack_memberships_contains_paid_content":false,"footnotes":"","jetpack_publicize_message":"{title}\n\n{excerpt}\n\n{url}","jetpack_publicize_feature_enabled":true,"jetpack_social_post_already_shared":true,"jetpack_social_options":{"image_generator_settings":{"template":"highway","default_image_id":0,"font":"","enabled":false},"version":2},"_wpas_customize_per_network":false,"jetpack_post_was_ever_published":false},"categories":[610130890],"tags":[610130875,8077,610132133],"class_list":["post-21771","post","type-post","status-publish","format-standard","has-post-thumbnail","hentry","category-praca","tag-etyka-pracy","tag-praca","tag-restricted"],"yoast_head":"<!-- This site is optimized with the Yoast SEO plugin v28.4 - https:\/\/yoast.com\/product\/yoast-seo-wordpress\/ -->\n<title>Praca poga\u0144ska i chrze\u015bcija\u0144ska (4 z 5) - Tradycja i Wiara<\/title>\n<meta name=\"description\" content=\"Praca poga\u0144ska i chrze\u015bcija\u0144ska (4 z 5) Praca chrze\u015bcija\u0144ska, etyka pracy, katolicyzm,\" \/>\n<meta name=\"robots\" content=\"index, follow, max-snippet:-1, max-image-preview:large, max-video-preview:-1\" \/>\n<link rel=\"canonical\" href=\"https:\/\/wobronietradycjiiwiary.com\/pl\/21771\/\" \/>\n<meta property=\"og:locale\" content=\"pl_PL\" \/>\n<meta property=\"og:type\" content=\"article\" \/>\n<meta property=\"og:title\" content=\"Praca poga\u0144ska i chrze\u015bcija\u0144ska (4 z 5) - Tradycja i Wiara\" \/>\n<meta property=\"og:description\" content=\"Praca poga\u0144ska i chrze\u015bcija\u0144ska (4 z 5) Praca chrze\u015bcija\u0144ska, etyka pracy, katolicyzm,\" \/>\n<meta property=\"og:url\" content=\"https:\/\/wobronietradycjiiwiary.com\/pl\/21771\/\" \/>\n<meta property=\"og:site_name\" content=\"Tradycja i Wiara\" \/>\n<meta property=\"article:publisher\" content=\"https:\/\/www.facebook.com\/Tradycja-i-Wiara-108813920592249\" \/>\n<meta property=\"article:published_time\" content=\"2019-10-03T06:00:25+00:00\" \/>\n<meta property=\"article:modified_time\" content=\"2025-02-07T14:39:56+00:00\" \/>\n<meta property=\"og:image\" content=\"https:\/\/wobronietradycjiiwiary.com\/wp-content\/uploads\/2018\/02\/1200px-jean-franc3a7ois_millet_-_el_c3a1ngelus_museo_de_orsay_1857-1859-_c3b3leo_sobre_lienzo_55-5_x_66_cm.jpg\" \/>\n\t<meta property=\"og:image:width\" content=\"1200\" \/>\n\t<meta property=\"og:image:height\" content=\"998\" \/>\n\t<meta property=\"og:image:type\" content=\"image\/jpeg\" \/>\n<meta name=\"author\" content=\"Traditio et Fides\" \/>\n<meta name=\"twitter:card\" content=\"summary_large_image\" \/>\n<meta name=\"twitter:label1\" content=\"Napisane przez\" \/>\n\t<meta name=\"twitter:data1\" content=\"Traditio et Fides\" \/>\n\t<meta name=\"twitter:label2\" content=\"Szacowany czas czytania\" \/>\n\t<meta name=\"twitter:data2\" content=\"11 minut\" \/>\n<script type=\"application\/ld+json\" class=\"yoast-schema-graph\">{\"@context\":\"https:\\\/\\\/schema.org\",\"@graph\":[{\"@type\":\"Article\",\"@id\":\"https:\\\/\\\/wobronietradycjiiwiary.com\\\/21771\\\/#article\",\"isPartOf\":{\"@id\":\"https:\\\/\\\/wobronietradycjiiwiary.com\\\/21771\\\/\"},\"author\":{\"name\":\"Traditio et Fides\",\"@id\":\"https:\\\/\\\/wobronietradycjiiwiary.com\\\/pl\\\/#\\\/schema\\\/person\\\/2d6180ce6abcb681fef0daab7816e8f3\"},\"headline\":\"Praca poga\u0144ska i chrze\u015bcija\u0144ska (4 z 5)\",\"datePublished\":\"2019-10-03T06:00:25+00:00\",\"dateModified\":\"2025-02-07T14:39:56+00:00\",\"mainEntityOfPage\":{\"@id\":\"https:\\\/\\\/wobronietradycjiiwiary.com\\\/21771\\\/\"},\"wordCount\":2116,\"commentCount\":0,\"publisher\":{\"@id\":\"https:\\\/\\\/wobronietradycjiiwiary.com\\\/pl\\\/#organization\"},\"image\":{\"@id\":\"https:\\\/\\\/wobronietradycjiiwiary.com\\\/21771\\\/#primaryimage\"},\"thumbnailUrl\":\"https:\\\/\\\/wobronietradycjiiwiary.com\\\/wp-content\\\/uploads\\\/2018\\\/02\\\/1200px-jean-franc3a7ois_millet_-_el_c3a1ngelus_museo_de_orsay_1857-1859-_c3b3leo_sobre_lienzo_55-5_x_66_cm.jpg\",\"keywords\":[\"etyka pracy\",\"praca\",\"Restricted\"],\"articleSection\":[\"Praca\"],\"inLanguage\":\"pl-PL\",\"potentialAction\":[{\"@type\":\"CommentAction\",\"name\":\"Comment\",\"target\":[\"https:\\\/\\\/wobronietradycjiiwiary.com\\\/21771\\\/#respond\"]}]},{\"@type\":\"WebPage\",\"@id\":\"https:\\\/\\\/wobronietradycjiiwiary.com\\\/21771\\\/\",\"url\":\"https:\\\/\\\/wobronietradycjiiwiary.com\\\/21771\\\/\",\"name\":\"Praca poga\u0144ska i chrze\u015bcija\u0144ska (4 z 5) - Tradycja i Wiara\",\"isPartOf\":{\"@id\":\"https:\\\/\\\/wobronietradycjiiwiary.com\\\/pl\\\/#website\"},\"primaryImageOfPage\":{\"@id\":\"https:\\\/\\\/wobronietradycjiiwiary.com\\\/21771\\\/#primaryimage\"},\"image\":{\"@id\":\"https:\\\/\\\/wobronietradycjiiwiary.com\\\/21771\\\/#primaryimage\"},\"thumbnailUrl\":\"https:\\\/\\\/wobronietradycjiiwiary.com\\\/wp-content\\\/uploads\\\/2018\\\/02\\\/1200px-jean-franc3a7ois_millet_-_el_c3a1ngelus_museo_de_orsay_1857-1859-_c3b3leo_sobre_lienzo_55-5_x_66_cm.jpg\",\"datePublished\":\"2019-10-03T06:00:25+00:00\",\"dateModified\":\"2025-02-07T14:39:56+00:00\",\"description\":\"Praca poga\u0144ska i chrze\u015bcija\u0144ska (4 z 5) Praca chrze\u015bcija\u0144ska, etyka pracy, katolicyzm,\",\"breadcrumb\":{\"@id\":\"https:\\\/\\\/wobronietradycjiiwiary.com\\\/21771\\\/#breadcrumb\"},\"inLanguage\":\"pl-PL\",\"potentialAction\":[{\"@type\":\"ReadAction\",\"target\":[\"https:\\\/\\\/wobronietradycjiiwiary.com\\\/21771\\\/\"]}]},{\"@type\":\"ImageObject\",\"inLanguage\":\"pl-PL\",\"@id\":\"https:\\\/\\\/wobronietradycjiiwiary.com\\\/21771\\\/#primaryimage\",\"url\":\"https:\\\/\\\/wobronietradycjiiwiary.com\\\/wp-content\\\/uploads\\\/2018\\\/02\\\/1200px-jean-franc3a7ois_millet_-_el_c3a1ngelus_museo_de_orsay_1857-1859-_c3b3leo_sobre_lienzo_55-5_x_66_cm.jpg\",\"contentUrl\":\"https:\\\/\\\/wobronietradycjiiwiary.com\\\/wp-content\\\/uploads\\\/2018\\\/02\\\/1200px-jean-franc3a7ois_millet_-_el_c3a1ngelus_museo_de_orsay_1857-1859-_c3b3leo_sobre_lienzo_55-5_x_66_cm.jpg\",\"width\":1200,\"height\":998,\"caption\":\"Jean Francois Millet - Angelus\"},{\"@type\":\"BreadcrumbList\",\"@id\":\"https:\\\/\\\/wobronietradycjiiwiary.com\\\/21771\\\/#breadcrumb\",\"itemListElement\":[{\"@type\":\"ListItem\",\"position\":1,\"name\":\"Strona g\u0142\u00f3wna\",\"item\":\"https:\\\/\\\/wobronietradycjiiwiary.com\\\/\"},{\"@type\":\"ListItem\",\"position\":2,\"name\":\"Praca poga\u0144ska i chrze\u015bcija\u0144ska (4 z 5)\"}]},{\"@type\":\"WebSite\",\"@id\":\"https:\\\/\\\/wobronietradycjiiwiary.com\\\/pl\\\/#website\",\"url\":\"https:\\\/\\\/wobronietradycjiiwiary.com\\\/pl\\\/\",\"name\":\"Tradycja i Wiara\",\"description\":\"Portal dla katolik\u00f3w.\",\"publisher\":{\"@id\":\"https:\\\/\\\/wobronietradycjiiwiary.com\\\/pl\\\/#organization\"},\"potentialAction\":[{\"@type\":\"SearchAction\",\"target\":{\"@type\":\"EntryPoint\",\"urlTemplate\":\"https:\\\/\\\/wobronietradycjiiwiary.com\\\/pl\\\/?s={search_term_string}\"},\"query-input\":{\"@type\":\"PropertyValueSpecification\",\"valueRequired\":true,\"valueName\":\"search_term_string\"}}],\"inLanguage\":\"pl-PL\"},{\"@type\":\"Organization\",\"@id\":\"https:\\\/\\\/wobronietradycjiiwiary.com\\\/pl\\\/#organization\",\"name\":\"Tradycja i Wiara\",\"url\":\"https:\\\/\\\/wobronietradycjiiwiary.com\\\/pl\\\/\",\"logo\":{\"@type\":\"ImageObject\",\"inLanguage\":\"pl-PL\",\"@id\":\"https:\\\/\\\/wobronietradycjiiwiary.com\\\/pl\\\/#\\\/schema\\\/logo\\\/image\\\/\",\"url\":\"https:\\\/\\\/i0.wp.com\\\/wobronietradycjiiwiary.com\\\/wp-content\\\/uploads\\\/2015\\\/10\\\/cropped-st-peters-dome-vatican.jpg?fit=940%2C198&ssl=1\",\"contentUrl\":\"https:\\\/\\\/i0.wp.com\\\/wobronietradycjiiwiary.com\\\/wp-content\\\/uploads\\\/2015\\\/10\\\/cropped-st-peters-dome-vatican.jpg?fit=940%2C198&ssl=1\",\"width\":940,\"height\":198,\"caption\":\"Tradycja i Wiara\"},\"image\":{\"@id\":\"https:\\\/\\\/wobronietradycjiiwiary.com\\\/pl\\\/#\\\/schema\\\/logo\\\/image\\\/\"},\"sameAs\":[\"https:\\\/\\\/www.facebook.com\\\/Tradycja-i-Wiara-108813920592249\"]},{\"@type\":\"Person\",\"@id\":\"https:\\\/\\\/wobronietradycjiiwiary.com\\\/pl\\\/#\\\/schema\\\/person\\\/2d6180ce6abcb681fef0daab7816e8f3\",\"name\":\"Traditio et Fides\",\"sameAs\":[\"https:\\\/\\\/traditionundglauben.com\"],\"url\":\"https:\\\/\\\/wobronietradycjiiwiary.com\\\/pl\\\/author\\\/wobronietradycjiiwiary\\\/\"}]}<\/script>\n<!-- \/ Yoast SEO plugin. -->","yoast_head_json":{"title":"Praca poga\u0144ska i chrze\u015bcija\u0144ska (4 z 5) - Tradycja i Wiara","description":"Praca poga\u0144ska i chrze\u015bcija\u0144ska (4 z 5) Praca chrze\u015bcija\u0144ska, etyka pracy, katolicyzm,","robots":{"index":"index","follow":"follow","max-snippet":"max-snippet:-1","max-image-preview":"max-image-preview:large","max-video-preview":"max-video-preview:-1"},"canonical":"https:\/\/wobronietradycjiiwiary.com\/pl\/21771\/","og_locale":"pl_PL","og_type":"article","og_title":"Praca poga\u0144ska i chrze\u015bcija\u0144ska (4 z 5) - Tradycja i Wiara","og_description":"Praca poga\u0144ska i chrze\u015bcija\u0144ska (4 z 5) Praca chrze\u015bcija\u0144ska, etyka pracy, katolicyzm,","og_url":"https:\/\/wobronietradycjiiwiary.com\/pl\/21771\/","og_site_name":"Tradycja i Wiara","article_publisher":"https:\/\/www.facebook.com\/Tradycja-i-Wiara-108813920592249","article_published_time":"2019-10-03T06:00:25+00:00","article_modified_time":"2025-02-07T14:39:56+00:00","og_image":[{"width":1200,"height":998,"url":"https:\/\/wobronietradycjiiwiary.com\/wp-content\/uploads\/2018\/02\/1200px-jean-franc3a7ois_millet_-_el_c3a1ngelus_museo_de_orsay_1857-1859-_c3b3leo_sobre_lienzo_55-5_x_66_cm.jpg","type":"image\/jpeg"}],"author":"Traditio et Fides","twitter_card":"summary_large_image","twitter_misc":{"Napisane przez":"Traditio et Fides","Szacowany czas czytania":"11 minut"},"schema":{"@context":"https:\/\/schema.org","@graph":[{"@type":"Article","@id":"https:\/\/wobronietradycjiiwiary.com\/21771\/#article","isPartOf":{"@id":"https:\/\/wobronietradycjiiwiary.com\/21771\/"},"author":{"name":"Traditio et Fides","@id":"https:\/\/wobronietradycjiiwiary.com\/pl\/#\/schema\/person\/2d6180ce6abcb681fef0daab7816e8f3"},"headline":"Praca poga\u0144ska i chrze\u015bcija\u0144ska (4 z 5)","datePublished":"2019-10-03T06:00:25+00:00","dateModified":"2025-02-07T14:39:56+00:00","mainEntityOfPage":{"@id":"https:\/\/wobronietradycjiiwiary.com\/21771\/"},"wordCount":2116,"commentCount":0,"publisher":{"@id":"https:\/\/wobronietradycjiiwiary.com\/pl\/#organization"},"image":{"@id":"https:\/\/wobronietradycjiiwiary.com\/21771\/#primaryimage"},"thumbnailUrl":"https:\/\/wobronietradycjiiwiary.com\/wp-content\/uploads\/2018\/02\/1200px-jean-franc3a7ois_millet_-_el_c3a1ngelus_museo_de_orsay_1857-1859-_c3b3leo_sobre_lienzo_55-5_x_66_cm.jpg","keywords":["etyka pracy","praca","Restricted"],"articleSection":["Praca"],"inLanguage":"pl-PL","potentialAction":[{"@type":"CommentAction","name":"Comment","target":["https:\/\/wobronietradycjiiwiary.com\/21771\/#respond"]}]},{"@type":"WebPage","@id":"https:\/\/wobronietradycjiiwiary.com\/21771\/","url":"https:\/\/wobronietradycjiiwiary.com\/21771\/","name":"Praca poga\u0144ska i chrze\u015bcija\u0144ska (4 z 5) - Tradycja i Wiara","isPartOf":{"@id":"https:\/\/wobronietradycjiiwiary.com\/pl\/#website"},"primaryImageOfPage":{"@id":"https:\/\/wobronietradycjiiwiary.com\/21771\/#primaryimage"},"image":{"@id":"https:\/\/wobronietradycjiiwiary.com\/21771\/#primaryimage"},"thumbnailUrl":"https:\/\/wobronietradycjiiwiary.com\/wp-content\/uploads\/2018\/02\/1200px-jean-franc3a7ois_millet_-_el_c3a1ngelus_museo_de_orsay_1857-1859-_c3b3leo_sobre_lienzo_55-5_x_66_cm.jpg","datePublished":"2019-10-03T06:00:25+00:00","dateModified":"2025-02-07T14:39:56+00:00","description":"Praca poga\u0144ska i chrze\u015bcija\u0144ska (4 z 5) Praca chrze\u015bcija\u0144ska, etyka pracy, katolicyzm,","breadcrumb":{"@id":"https:\/\/wobronietradycjiiwiary.com\/21771\/#breadcrumb"},"inLanguage":"pl-PL","potentialAction":[{"@type":"ReadAction","target":["https:\/\/wobronietradycjiiwiary.com\/21771\/"]}]},{"@type":"ImageObject","inLanguage":"pl-PL","@id":"https:\/\/wobronietradycjiiwiary.com\/21771\/#primaryimage","url":"https:\/\/wobronietradycjiiwiary.com\/wp-content\/uploads\/2018\/02\/1200px-jean-franc3a7ois_millet_-_el_c3a1ngelus_museo_de_orsay_1857-1859-_c3b3leo_sobre_lienzo_55-5_x_66_cm.jpg","contentUrl":"https:\/\/wobronietradycjiiwiary.com\/wp-content\/uploads\/2018\/02\/1200px-jean-franc3a7ois_millet_-_el_c3a1ngelus_museo_de_orsay_1857-1859-_c3b3leo_sobre_lienzo_55-5_x_66_cm.jpg","width":1200,"height":998,"caption":"Jean Francois Millet - Angelus"},{"@type":"BreadcrumbList","@id":"https:\/\/wobronietradycjiiwiary.com\/21771\/#breadcrumb","itemListElement":[{"@type":"ListItem","position":1,"name":"Strona g\u0142\u00f3wna","item":"https:\/\/wobronietradycjiiwiary.com\/"},{"@type":"ListItem","position":2,"name":"Praca poga\u0144ska i chrze\u015bcija\u0144ska (4 z 5)"}]},{"@type":"WebSite","@id":"https:\/\/wobronietradycjiiwiary.com\/pl\/#website","url":"https:\/\/wobronietradycjiiwiary.com\/pl\/","name":"Tradycja i Wiara","description":"Portal dla katolik\u00f3w.","publisher":{"@id":"https:\/\/wobronietradycjiiwiary.com\/pl\/#organization"},"potentialAction":[{"@type":"SearchAction","target":{"@type":"EntryPoint","urlTemplate":"https:\/\/wobronietradycjiiwiary.com\/pl\/?s={search_term_string}"},"query-input":{"@type":"PropertyValueSpecification","valueRequired":true,"valueName":"search_term_string"}}],"inLanguage":"pl-PL"},{"@type":"Organization","@id":"https:\/\/wobronietradycjiiwiary.com\/pl\/#organization","name":"Tradycja i Wiara","url":"https:\/\/wobronietradycjiiwiary.com\/pl\/","logo":{"@type":"ImageObject","inLanguage":"pl-PL","@id":"https:\/\/wobronietradycjiiwiary.com\/pl\/#\/schema\/logo\/image\/","url":"https:\/\/i0.wp.com\/wobronietradycjiiwiary.com\/wp-content\/uploads\/2015\/10\/cropped-st-peters-dome-vatican.jpg?fit=940%2C198&ssl=1","contentUrl":"https:\/\/i0.wp.com\/wobronietradycjiiwiary.com\/wp-content\/uploads\/2015\/10\/cropped-st-peters-dome-vatican.jpg?fit=940%2C198&ssl=1","width":940,"height":198,"caption":"Tradycja i Wiara"},"image":{"@id":"https:\/\/wobronietradycjiiwiary.com\/pl\/#\/schema\/logo\/image\/"},"sameAs":["https:\/\/www.facebook.com\/Tradycja-i-Wiara-108813920592249"]},{"@type":"Person","@id":"https:\/\/wobronietradycjiiwiary.com\/pl\/#\/schema\/person\/2d6180ce6abcb681fef0daab7816e8f3","name":"Traditio et Fides","sameAs":["https:\/\/traditionundglauben.com"],"url":"https:\/\/wobronietradycjiiwiary.com\/pl\/author\/wobronietradycjiiwiary\/"}]}},"jetpack_publicize_connections":[],"jetpack_sharing_enabled":true,"jetpack_likes_enabled":true,"jetpack_shortlink":"https:\/\/wp.me\/sc04Sd-21771","jetpack-related-posts":[{"id":21649,"url":"https:\/\/wobronietradycjiiwiary.com\/pl\/praca-poganska-i-chrzescijanska-3-z-5\/","url_meta":{"origin":21771,"position":0},"title":"Praca poga\u0144ska i chrze\u015bcija\u0144ska (3 z 5)","author":"Traditio et Fides","date":"26 wrze\u015bnia 2019","format":false,"excerpt":"Praca poga\u0144ska i chrze\u015bcija\u0144ska. (z przegl\u0105du Ekonomji Chrze\u015bcija\u0144skiej za Przegl\u0105dem Katolickim (nr 4 i 5 1863 r.) III. Gdy Salutsjusz tak m\u00f3wi\u0142, Rzym sam poczyna\u0142 czu\u0107 dzia\u0142anie z\u0142ego, kt\u00f3re niszcz\u0105c Grecj\u0119 zrobi\u0142o z niej \u0142up \u0142atwy dla ambicji rzymskiej. W chwili w\u0142a\u015bnie, w kt\u00f3rej pisa\u0142 Salustjusz, Cezar daremnie usi\u0142owa\u0142 wstrzyma\u0107\u2026","rel":"","context":"W \u201ePraca&quot;","block_context":{"text":"Praca","link":"https:\/\/wobronietradycjiiwiary.com\/pl\/category\/doktryna\/teologia-moralna\/praca\/"},"img":{"alt_text":"","src":"https:\/\/i0.wp.com\/wobronietradycjiiwiary.com\/wp-content\/uploads\/2018\/02\/1200px-jean-franc3a7ois_millet_-_el_c3a1ngelus_museo_de_orsay_1857-1859-_c3b3leo_sobre_lienzo_55-5_x_66_cm.jpg?resize=350%2C200&ssl=1","width":350,"height":200,"srcset":"https:\/\/i0.wp.com\/wobronietradycjiiwiary.com\/wp-content\/uploads\/2018\/02\/1200px-jean-franc3a7ois_millet_-_el_c3a1ngelus_museo_de_orsay_1857-1859-_c3b3leo_sobre_lienzo_55-5_x_66_cm.jpg?resize=350%2C200&ssl=1 1x, https:\/\/i0.wp.com\/wobronietradycjiiwiary.com\/wp-content\/uploads\/2018\/02\/1200px-jean-franc3a7ois_millet_-_el_c3a1ngelus_museo_de_orsay_1857-1859-_c3b3leo_sobre_lienzo_55-5_x_66_cm.jpg?resize=525%2C300&ssl=1 1.5x, https:\/\/i0.wp.com\/wobronietradycjiiwiary.com\/wp-content\/uploads\/2018\/02\/1200px-jean-franc3a7ois_millet_-_el_c3a1ngelus_museo_de_orsay_1857-1859-_c3b3leo_sobre_lienzo_55-5_x_66_cm.jpg?resize=700%2C400&ssl=1 2x, https:\/\/i0.wp.com\/wobronietradycjiiwiary.com\/wp-content\/uploads\/2018\/02\/1200px-jean-franc3a7ois_millet_-_el_c3a1ngelus_museo_de_orsay_1857-1859-_c3b3leo_sobre_lienzo_55-5_x_66_cm.jpg?resize=1050%2C600&ssl=1 3x"},"classes":[]},{"id":21639,"url":"https:\/\/wobronietradycjiiwiary.com\/pl\/praca-poganska-a-chrzescijanska-1-z-5\/","url_meta":{"origin":21771,"position":1},"title":"Praca poga\u0144ska i chrze\u015bcija\u0144ska (1 z 5)","author":"Traditio et Fides","date":"12 wrze\u015bnia 2019","format":false,"excerpt":"Praca poga\u0144ska i chrze\u015bcija\u0144ska. (z przegl\u0105du Ekonomji Chrze\u015bcija\u0144skiej za Przegl\u0105dem Katolickim (nr 4 i 5 1863 r.) Ze stanowiska czysto ludzkiego praca jest jarzmem upokarzaj\u0105cem; jest trudem, przed kt\u00f3rym wzdraga si\u0119 pycha ducha, r\u00f3wnie jak zmys\u0142owo\u015b\u0107 cz\u0142owieka. I dlatego cz\u0142owiek sam sobie pozostawiony, przed prac\u0105 usuwa si\u0119 zawsze, bo wszystkie\u2026","rel":"","context":"W \u201ePraca&quot;","block_context":{"text":"Praca","link":"https:\/\/wobronietradycjiiwiary.com\/pl\/category\/doktryna\/teologia-moralna\/praca\/"},"img":{"alt_text":"","src":"https:\/\/i0.wp.com\/wobronietradycjiiwiary.com\/wp-content\/uploads\/2018\/02\/1200px-jean-franc3a7ois_millet_-_el_c3a1ngelus_museo_de_orsay_1857-1859-_c3b3leo_sobre_lienzo_55-5_x_66_cm.jpg?resize=350%2C200&ssl=1","width":350,"height":200,"srcset":"https:\/\/i0.wp.com\/wobronietradycjiiwiary.com\/wp-content\/uploads\/2018\/02\/1200px-jean-franc3a7ois_millet_-_el_c3a1ngelus_museo_de_orsay_1857-1859-_c3b3leo_sobre_lienzo_55-5_x_66_cm.jpg?resize=350%2C200&ssl=1 1x, https:\/\/i0.wp.com\/wobronietradycjiiwiary.com\/wp-content\/uploads\/2018\/02\/1200px-jean-franc3a7ois_millet_-_el_c3a1ngelus_museo_de_orsay_1857-1859-_c3b3leo_sobre_lienzo_55-5_x_66_cm.jpg?resize=525%2C300&ssl=1 1.5x, https:\/\/i0.wp.com\/wobronietradycjiiwiary.com\/wp-content\/uploads\/2018\/02\/1200px-jean-franc3a7ois_millet_-_el_c3a1ngelus_museo_de_orsay_1857-1859-_c3b3leo_sobre_lienzo_55-5_x_66_cm.jpg?resize=700%2C400&ssl=1 2x, https:\/\/i0.wp.com\/wobronietradycjiiwiary.com\/wp-content\/uploads\/2018\/02\/1200px-jean-franc3a7ois_millet_-_el_c3a1ngelus_museo_de_orsay_1857-1859-_c3b3leo_sobre_lienzo_55-5_x_66_cm.jpg?resize=1050%2C600&ssl=1 3x"},"classes":[]},{"id":21644,"url":"https:\/\/wobronietradycjiiwiary.com\/pl\/21644\/","url_meta":{"origin":21771,"position":2},"title":"Praca poga\u0144ska i chrze\u015bcija\u0144ska (2 z 5)","author":"Traditio et Fides","date":"19 wrze\u015bnia 2019","format":false,"excerpt":"Praca poga\u0144ska i chrze\u015bcija\u0144ska. (z przegl\u0105du Ekonomji Chrze\u015bcija\u0144skiej za Przegl\u0105dem Katolickim (nr 4 i 5 1863 r.) II. W pocz\u0105tkach spo\u0142ecze\u0144stw staro\u017cytnych, w tych czasach, gdzie \u015bwiat bliskim by\u0142 jeszcze wielkich tradycji, z kt\u00f3rych p\u0142ynie moralne \u017cycie ludzko\u015bci, prawo pracy og\u00f3lnie by\u0142o rozumiane i przyj\u0119te. R\u00f3d Pelazg\u00f3w, kt\u00f3ry pierwszy nam\u2026","rel":"","context":"W \u201ePraca&quot;","block_context":{"text":"Praca","link":"https:\/\/wobronietradycjiiwiary.com\/pl\/category\/doktryna\/teologia-moralna\/praca\/"},"img":{"alt_text":"","src":"https:\/\/i0.wp.com\/wobronietradycjiiwiary.com\/wp-content\/uploads\/2019\/10\/1200px-jean-franc3a7ois_millet_-_el_c3a1ngelus_museo_de_orsay_1857-1859-_c3b3leo_sobre_lienzo_55-5_x_66_cm.jpg?resize=350%2C200&ssl=1","width":350,"height":200,"srcset":"https:\/\/i0.wp.com\/wobronietradycjiiwiary.com\/wp-content\/uploads\/2019\/10\/1200px-jean-franc3a7ois_millet_-_el_c3a1ngelus_museo_de_orsay_1857-1859-_c3b3leo_sobre_lienzo_55-5_x_66_cm.jpg?resize=350%2C200&ssl=1 1x, https:\/\/i0.wp.com\/wobronietradycjiiwiary.com\/wp-content\/uploads\/2019\/10\/1200px-jean-franc3a7ois_millet_-_el_c3a1ngelus_museo_de_orsay_1857-1859-_c3b3leo_sobre_lienzo_55-5_x_66_cm.jpg?resize=525%2C300&ssl=1 1.5x, https:\/\/i0.wp.com\/wobronietradycjiiwiary.com\/wp-content\/uploads\/2019\/10\/1200px-jean-franc3a7ois_millet_-_el_c3a1ngelus_museo_de_orsay_1857-1859-_c3b3leo_sobre_lienzo_55-5_x_66_cm.jpg?resize=700%2C400&ssl=1 2x, https:\/\/i0.wp.com\/wobronietradycjiiwiary.com\/wp-content\/uploads\/2019\/10\/1200px-jean-franc3a7ois_millet_-_el_c3a1ngelus_museo_de_orsay_1857-1859-_c3b3leo_sobre_lienzo_55-5_x_66_cm.jpg?resize=1050%2C600&ssl=1 3x"},"classes":[]},{"id":21775,"url":"https:\/\/wobronietradycjiiwiary.com\/pl\/praca-poganska-i-chrzescijanska-5-z-5\/","url_meta":{"origin":21771,"position":3},"title":"Praca poga\u0144ska i chrze\u015bcija\u0144ska (5 z 5)","author":"Traditio et Fides","date":"10 pa\u017adziernika 2019","format":false,"excerpt":"Praca poga\u0144ska i chrze\u015bcija\u0144ska. (z przegl\u0105du Ekonomji Chrze\u015bcija\u0144skiej za Przegl\u0105dem Katolickim (nr 4 i 5 1863 r.) IV W chwili, gdy spo\u0142ecze\u0144stwo poga\u0144skie ucieka\u0142o przed prac\u0105, gdy na ludzi wolnych wk\u0142ada\u0107 musiano prac\u0119 jako kar\u0119, chrystjanizm w cicho\u015bci klasztornej, pokor\u0105, umartwieniem i mi\u0142o\u015bci\u0105, s\u0142owem, wszystkiemi si\u0142ami wolno\u015bci, dokonywa\u0142 dzie\u0142o odrodzenia\u2026","rel":"","context":"W \u201ePraca&quot;","block_context":{"text":"Praca","link":"https:\/\/wobronietradycjiiwiary.com\/pl\/category\/doktryna\/teologia-moralna\/praca\/"},"img":{"alt_text":"","src":"https:\/\/i0.wp.com\/wobronietradycjiiwiary.com\/wp-content\/uploads\/2018\/02\/1200px-jean-franc3a7ois_millet_-_el_c3a1ngelus_museo_de_orsay_1857-1859-_c3b3leo_sobre_lienzo_55-5_x_66_cm.jpg?resize=350%2C200&ssl=1","width":350,"height":200,"srcset":"https:\/\/i0.wp.com\/wobronietradycjiiwiary.com\/wp-content\/uploads\/2018\/02\/1200px-jean-franc3a7ois_millet_-_el_c3a1ngelus_museo_de_orsay_1857-1859-_c3b3leo_sobre_lienzo_55-5_x_66_cm.jpg?resize=350%2C200&ssl=1 1x, https:\/\/i0.wp.com\/wobronietradycjiiwiary.com\/wp-content\/uploads\/2018\/02\/1200px-jean-franc3a7ois_millet_-_el_c3a1ngelus_museo_de_orsay_1857-1859-_c3b3leo_sobre_lienzo_55-5_x_66_cm.jpg?resize=525%2C300&ssl=1 1.5x, https:\/\/i0.wp.com\/wobronietradycjiiwiary.com\/wp-content\/uploads\/2018\/02\/1200px-jean-franc3a7ois_millet_-_el_c3a1ngelus_museo_de_orsay_1857-1859-_c3b3leo_sobre_lienzo_55-5_x_66_cm.jpg?resize=700%2C400&ssl=1 2x, https:\/\/i0.wp.com\/wobronietradycjiiwiary.com\/wp-content\/uploads\/2018\/02\/1200px-jean-franc3a7ois_millet_-_el_c3a1ngelus_museo_de_orsay_1857-1859-_c3b3leo_sobre_lienzo_55-5_x_66_cm.jpg?resize=1050%2C600&ssl=1 3x"},"classes":[]},{"id":40897,"url":"https:\/\/wobronietradycjiiwiary.com\/pl\/w-demonologicznym-lesie-przyfrontowym-plusy-ujemne-36-telefony-telefony\/","url_meta":{"origin":21771,"position":4},"title":"W demonologicznym lesie przyfrontowym \u2013 plusy ujemne (36).  Telefony, telefony.","author":"Traditio et Fides","date":"13 stycznia 2021","format":false,"excerpt":"Tym razem opis demonicznego osaczenia z telefoni\u0105 stacjonarn\u0105 w tle.","rel":"","context":"W \u201eW demonologiczym lesie przyfrontowym&quot;","block_context":{"text":"W demonologiczym lesie przyfrontowym","link":"https:\/\/wobronietradycjiiwiary.com\/pl\/category\/doktryna\/teologia-dogmatyczna\/demonologia-teologia\/demonologia-praktyczna\/w-demonologiczym-lesie-przyfrontowym\/"},"img":{"alt_text":"","src":"https:\/\/i0.wp.com\/wobronietradycjiiwiary.com\/wp-content\/uploads\/2020\/09\/CCnuzbqW8AAzmWR-e1598950703186.png?resize=350%2C200&ssl=1","width":350,"height":200},"classes":[]},{"id":169038,"url":"https:\/\/wobronietradycjiiwiary.com\/pl\/praca-dla-mezczyzn-lub-ksiadz-i-niewiasta-z-jednego-ciasta\/","url_meta":{"origin":21771,"position":5},"title":"Praca dla m\u0119\u017cczyzn lub &#8220;ksi\u0105dz i niewiasta z jednego ciasta&#8221;.","author":"Traditio et Fides","date":"21 lipca 2026","format":false,"excerpt":"O pracy dla prawdziwych m\u0119\u017cczyzn, kobietach i ksi\u0119\u017cach.","rel":"","context":"W \u201eM\u0119\u017cczyzna katolicki&quot;","block_context":{"text":"M\u0119\u017cczyzna katolicki","link":"https:\/\/wobronietradycjiiwiary.com\/pl\/category\/mezczyzna-katolicki\/"},"img":{"alt_text":"","src":"https:\/\/i0.wp.com\/wobronietradycjiiwiary.com\/wp-content\/uploads\/2026\/07\/Schmidt.jpeg?resize=350%2C200&ssl=1","width":350,"height":200},"classes":[]}],"amp_enabled":true,"jetpack_featured_media_url":"https:\/\/wobronietradycjiiwiary.com\/wp-content\/uploads\/2018\/02\/1200px-jean-franc3a7ois_millet_-_el_c3a1ngelus_museo_de_orsay_1857-1859-_c3b3leo_sobre_lienzo_55-5_x_66_cm.jpg","_links":{"self":[{"href":"https:\/\/wobronietradycjiiwiary.com\/pl\/wp-json\/wp\/v2\/posts\/21771","targetHints":{"allow":["GET"]}}],"collection":[{"href":"https:\/\/wobronietradycjiiwiary.com\/pl\/wp-json\/wp\/v2\/posts"}],"about":[{"href":"https:\/\/wobronietradycjiiwiary.com\/pl\/wp-json\/wp\/v2\/types\/post"}],"author":[{"embeddable":true,"href":"https:\/\/wobronietradycjiiwiary.com\/pl\/wp-json\/wp\/v2\/users\/60508433"}],"replies":[{"embeddable":true,"href":"https:\/\/wobronietradycjiiwiary.com\/pl\/wp-json\/wp\/v2\/comments?post=21771"}],"version-history":[{"count":1,"href":"https:\/\/wobronietradycjiiwiary.com\/pl\/wp-json\/wp\/v2\/posts\/21771\/revisions"}],"predecessor-version":[{"id":57492,"href":"https:\/\/wobronietradycjiiwiary.com\/pl\/wp-json\/wp\/v2\/posts\/21771\/revisions\/57492"}],"wp:featuredmedia":[{"embeddable":true,"href":"https:\/\/wobronietradycjiiwiary.com\/pl\/wp-json\/wp\/v2\/media\/17145"}],"wp:attachment":[{"href":"https:\/\/wobronietradycjiiwiary.com\/pl\/wp-json\/wp\/v2\/media?parent=21771"}],"wp:term":[{"taxonomy":"category","embeddable":true,"href":"https:\/\/wobronietradycjiiwiary.com\/pl\/wp-json\/wp\/v2\/categories?post=21771"},{"taxonomy":"post_tag","embeddable":true,"href":"https:\/\/wobronietradycjiiwiary.com\/pl\/wp-json\/wp\/v2\/tags?post=21771"}],"curies":[{"name":"wp","href":"https:\/\/api.w.org\/{rel}","templated":true}]}}