{"id":20797,"date":"2019-07-26T08:00:27","date_gmt":"2019-07-26T06:00:27","guid":{"rendered":"https:\/\/wobronietradycjiiwiaryblog.wordpress.com\/?p=20797"},"modified":"2025-02-07T15:39:56","modified_gmt":"2025-02-07T14:39:56","slug":"demony-woda-mydlo-golenie-i-strzyzenie-4-z-5","status":"publish","type":"post","link":"https:\/\/wobronietradycjiiwiary.com\/pl\/demony-woda-mydlo-golenie-i-strzyzenie-4-z-5\/","title":{"rendered":"Demony, woda, myd\u0142o, golenie i strzy\u017cenie (4 z 5)"},"content":{"rendered":"<div id=\"bsf_rt_marker\"><\/div><p>W\u0142osy i ich duchowe znaczenie Richalm m\u00f3wi we fragmencie, kt\u00f3re w danej chwili nie mo\u017cemy odnale\u017a\u0107, \u017ce demony in capillis&hellip;<\/p>\n<div style=\"text-align: center\">\n<p>&nbsp;<\/p>\n<\/div>\n<h2 style=\"border: 5px solid #0000A0;padding: 1em;text-align: center\"><span style=\"color: #000000\">Pe\u0142en dost\u0119p dla <span style=\"color: #00ccff\"><a style=\"color: #00ccff\" href=\"https:\/\/wobronietradycjiiwiary.com\/subskrypcje-2\/\" target=\"_blank\" rel=\"noopener\">subskrybent\u00f3w<\/a><\/span>.<\/span><br \/>\n<span style=\"color: #3366ff\"><a style=\"color: #3366ff\" href=\"https:\/\/wobronietradycjiiwiary.com\/account\/login\/\" target=\"_blank\" rel=\"noopener\"><span style=\"color: #00ccff\">Zaloguj<\/span><\/a> <\/span>si\u0119 lub przejd\u017a do <a href=\"https:\/\/wobronietradycjiiwiary.com\/register\/\"><span style=\"color: #3366ff\">Rejestracji<\/span><\/a>.<\/h2>\n<div>\n<p style=\"text-align: center\"><a href=\"https:\/\/wobronietradycjiiwiary.com\/pl\/subskrypcje-2\/cennik\/\" target=\"_blank\" rel=\"noopener\"><span style=\"color: #000080;font-size: 24pt\"><strong>Nowe ni\u017csze ceny<\/strong><\/span><\/a><\/p>\n<p style=\"text-align: center\"><strong><span style=\"font-size: 18pt;color: #000080\">P\u0142atno\u015b\u0107 kart\u0105<\/span><\/strong><\/p>\n<\/div>\n<h3 style=\"text-align: center\"><a href=\"https:\/\/wobronietradycjiiwiary.com\/pl\/subskrypcje-2\/automatyczne\/indywidualne\/\" target=\"_blank\" rel=\"noopener\"><img fetchpriority=\"high\" decoding=\"async\" class=\"alignnone size-medium wp-image-80433\" src=\"https:\/\/wobronietradycjiiwiary.com\/wp-content\/uploads\/2022\/11\/Unbenannt-1-Online-1-300x202.jpg\" alt=\"\" width=\"300\" height=\"202\" srcset=\"https:\/\/wobronietradycjiiwiary.com\/wp-content\/uploads\/2022\/11\/Unbenannt-1-Online-1-300x202.jpg 300w, https:\/\/wobronietradycjiiwiary.com\/wp-content\/uploads\/2022\/11\/Unbenannt-1-Online-1-150x101.jpg 150w, https:\/\/wobronietradycjiiwiary.com\/wp-content\/uploads\/2022\/11\/Unbenannt-1-Online-1-18x12.jpg 18w, https:\/\/wobronietradycjiiwiary.com\/wp-content\/uploads\/2022\/11\/Unbenannt-1-Online-1.jpg 446w\" sizes=\"(max-width: 300px) 100vw, 300px\" \/><\/a><\/h3>\n<p style=\"text-align: center\"><strong><span style=\"font-size: 18pt;color: #000080\">P\u0142atno\u015b\u0107 przelewem<\/span><\/strong><\/p>\n<p><a href=\"https:\/\/wobronietradycjiiwiary.com\/pl\/subskrypcje-2\/automatyczne\/indywidualne\/\" target=\"_blank\" rel=\"noopener\"><img decoding=\"async\" class=\"size-medium wp-image-80434 aligncenter\" src=\"https:\/\/wobronietradycjiiwiary.com\/wp-content\/uploads\/2022\/11\/Unbenannt-1-Przelewem-300x137.jpg\" alt=\"\" width=\"300\" height=\"137\" srcset=\"https:\/\/wobronietradycjiiwiary.com\/wp-content\/uploads\/2022\/11\/Unbenannt-1-Przelewem-300x137.jpg 300w, https:\/\/wobronietradycjiiwiary.com\/wp-content\/uploads\/2022\/11\/Unbenannt-1-Przelewem-450x206.jpg 450w, https:\/\/wobronietradycjiiwiary.com\/wp-content\/uploads\/2022\/11\/Unbenannt-1-Przelewem-600x274.jpg 600w, https:\/\/wobronietradycjiiwiary.com\/wp-content\/uploads\/2022\/11\/Unbenannt-1-Przelewem-150x69.jpg 150w, https:\/\/wobronietradycjiiwiary.com\/wp-content\/uploads\/2022\/11\/Unbenannt-1-Przelewem-18x8.jpg 18w, https:\/\/wobronietradycjiiwiary.com\/wp-content\/uploads\/2022\/11\/Unbenannt-1-Przelewem.jpg 676w\" sizes=\"(max-width: 300px) 100vw, 300px\" \/><\/a><\/p>\n<p style=\"text-align: center\"><strong><span style=\"font-size: 18pt;color: #000080\">P\u0142atno\u015b\u0107 kart\u0105 do 6 os\u00f3b<\/span><\/strong><\/p>\n<p><a href=\"https:\/\/wobronietradycjiiwiary.com\/pl\/rodzinne\/\" target=\"_blank\" rel=\"noopener\"><img decoding=\"async\" class=\"size-medium wp-image-80435 aligncenter\" src=\"https:\/\/wobronietradycjiiwiary.com\/wp-content\/uploads\/2022\/11\/Unbenannt-1-Rodzinna-300x208.jpg\" alt=\"\" width=\"300\" height=\"208\" srcset=\"https:\/\/wobronietradycjiiwiary.com\/wp-content\/uploads\/2022\/11\/Unbenannt-1-Rodzinna-300x208.jpg 300w, https:\/\/wobronietradycjiiwiary.com\/wp-content\/uploads\/2022\/11\/Unbenannt-1-Rodzinna-150x104.jpg 150w, https:\/\/wobronietradycjiiwiary.com\/wp-content\/uploads\/2022\/11\/Unbenannt-1-Rodzinna-18x12.jpg 18w, https:\/\/wobronietradycjiiwiary.com\/wp-content\/uploads\/2022\/11\/Unbenannt-1-Rodzinna.jpg 448w\" sizes=\"(max-width: 300px) 100vw, 300px\" \/><\/a><\/p>\n<h3 style=\"text-align: center\"><\/h3>\n<h1 style=\"text-align: center\"><\/h1>\n","protected":false},"excerpt":{"rendered":"<p>W\u0142osy i ich duchowe znaczenie Richalm m\u00f3wi we fragmencie, kt\u00f3re w danej chwili nie mo\u017cemy odnale\u017a\u0107, \u017ce demony in capillis&hellip; &nbsp; Pe\u0142en dost\u0119p dla subskrybent\u00f3w. Zaloguj si\u0119 lub przejd\u017a do Rejestracji. Nowe ni\u017csze ceny P\u0142atno\u015b\u0107 kart\u0105 P\u0142atno\u015b\u0107 przelewem P\u0142atno\u015b\u0107 kart\u0105 do 6 os\u00f3b<\/p>\n","protected":false},"author":60508433,"featured_media":20792,"comment_status":"open","ping_status":"closed","sticky":false,"template":"","format":"standard","meta":{"_bbp_topic_count":0,"_bbp_reply_count":0,"_bbp_total_topic_count":0,"_bbp_total_reply_count":0,"_bbp_voice_count":0,"_bbp_anonymous_reply_count":0,"_bbp_topic_count_hidden":0,"_bbp_reply_count_hidden":0,"_bbp_forum_subforum_count":0,"_editorskit_title_hidden":false,"_editorskit_reading_time":0,"_editorskit_is_block_options_detached":false,"_editorskit_block_options_position":"{}","_coblocks_attr":"","_coblocks_dimensions":"","_coblocks_responsive_height":"","_coblocks_accordion_ie_support":"","_exactmetrics_skip_tracking":false,"_jetpack_newsletter_access":"","_jetpack_dont_email_post_to_subs":false,"_jetpack_newsletter_tier_id":0,"_jetpack_memberships_contains_paywalled_content":false,"_wpcom_ai_launchpad_first_post":false,"_jetpack_feature_clip_id":0,"_jetpack_memberships_contains_paid_content":false,"footnotes":"","jetpack_publicize_message":"{title}\n\n{excerpt}\n\n{url}","jetpack_publicize_feature_enabled":true,"jetpack_social_post_already_shared":true,"jetpack_social_options":{"image_generator_settings":{"template":"highway","default_image_id":0,"font":"","enabled":false},"version":2},"_wpas_customize_per_network":false,"jetpack_post_was_ever_published":false},"categories":[610130803,8086],"tags":[610130819,610130820,610130821,610132562,610132133,12994032,610130822,610130823],"class_list":["post-20797","post","type-post","status-publish","format-standard","has-post-thumbnail","hentry","category-higiena-osobista","category-moda","tag-barbatoria","tag-golenie-brody","tag-postrzyzyny","tag-premium","tag-restricted","tag-rituale-romanum","tag-tonsura","tag-trichokouria"],"yoast_head":"<!-- This site is optimized with the Yoast SEO plugin v28.3 - https:\/\/yoast.com\/product\/yoast-seo-wordpress\/ -->\n<title>Demony, woda, myd\u0142o, golenie i strzy\u017cenie (4 z 5) - Tradycja i Wiara<\/title>\n<meta name=\"robots\" content=\"index, follow, max-snippet:-1, max-image-preview:large, max-video-preview:-1\" \/>\n<link rel=\"canonical\" href=\"https:\/\/wobronietradycjiiwiary.com\/pl\/demony-woda-mydlo-golenie-i-strzyzenie-4-z-5\/\" \/>\n<meta property=\"og:locale\" content=\"pl_PL\" \/>\n<meta property=\"og:type\" content=\"article\" \/>\n<meta property=\"og:title\" content=\"Demony, woda, myd\u0142o, golenie i strzy\u017cenie (4 z 5) - Tradycja i Wiara\" \/>\n<meta property=\"og:description\" content=\"W\u0142osy i ich duchowe znaczenie Richalm m\u00f3wi we fragmencie, kt\u00f3re w danej chwili nie mo\u017cemy odnale\u017a\u0107, \u017ce demony in capillis&hellip; &nbsp; Pe\u0142en dost\u0119p dla subskrybent\u00f3w. Zaloguj si\u0119 lub przejd\u017a do Rejestracji. Nowe ni\u017csze ceny P\u0142atno\u015b\u0107 kart\u0105 P\u0142atno\u015b\u0107 przelewem P\u0142atno\u015b\u0107 kart\u0105 do 6 os\u00f3b\" \/>\n<meta property=\"og:url\" content=\"https:\/\/wobronietradycjiiwiary.com\/pl\/demony-woda-mydlo-golenie-i-strzyzenie-4-z-5\/\" \/>\n<meta property=\"og:site_name\" content=\"Tradycja i Wiara\" \/>\n<meta property=\"article:publisher\" content=\"https:\/\/www.facebook.com\/Tradycja-i-Wiara-108813920592249\" \/>\n<meta property=\"article:published_time\" content=\"2019-07-26T06:00:27+00:00\" \/>\n<meta property=\"article:modified_time\" content=\"2025-02-07T14:39:56+00:00\" \/>\n<meta property=\"og:image\" content=\"https:\/\/wobronietradycjiiwiary.com\/wp-content\/uploads\/2019\/06\/joachim_patinir_006-scaled.jpg\" \/>\n\t<meta property=\"og:image:width\" content=\"1920\" \/>\n\t<meta property=\"og:image:height\" content=\"1491\" \/>\n\t<meta property=\"og:image:type\" content=\"image\/jpeg\" \/>\n<meta name=\"author\" content=\"Traditio et Fides\" \/>\n<meta name=\"twitter:card\" content=\"summary_large_image\" \/>\n<meta name=\"twitter:label1\" content=\"Napisane przez\" \/>\n\t<meta name=\"twitter:data1\" content=\"Traditio et Fides\" \/>\n\t<meta name=\"twitter:label2\" content=\"Szacowany czas czytania\" \/>\n\t<meta name=\"twitter:data2\" content=\"5 minut\" \/>\n<script type=\"application\/ld+json\" class=\"yoast-schema-graph\">{\"@context\":\"https:\\\/\\\/schema.org\",\"@graph\":[{\"@type\":\"Article\",\"@id\":\"https:\\\/\\\/wobronietradycjiiwiary.com\\\/demony-woda-mydlo-golenie-i-strzyzenie-4-z-5\\\/#article\",\"isPartOf\":{\"@id\":\"https:\\\/\\\/wobronietradycjiiwiary.com\\\/demony-woda-mydlo-golenie-i-strzyzenie-4-z-5\\\/\"},\"author\":{\"name\":\"Traditio et Fides\",\"@id\":\"https:\\\/\\\/wobronietradycjiiwiary.com\\\/pl\\\/#\\\/schema\\\/person\\\/2d6180ce6abcb681fef0daab7816e8f3\"},\"headline\":\"Demony, woda, myd\u0142o, golenie i strzy\u017cenie (4 z 5)\",\"datePublished\":\"2019-07-26T06:00:27+00:00\",\"dateModified\":\"2025-02-07T14:39:56+00:00\",\"mainEntityOfPage\":{\"@id\":\"https:\\\/\\\/wobronietradycjiiwiary.com\\\/demony-woda-mydlo-golenie-i-strzyzenie-4-z-5\\\/\"},\"wordCount\":1046,\"commentCount\":2,\"publisher\":{\"@id\":\"https:\\\/\\\/wobronietradycjiiwiary.com\\\/pl\\\/#organization\"},\"image\":{\"@id\":\"https:\\\/\\\/wobronietradycjiiwiary.com\\\/demony-woda-mydlo-golenie-i-strzyzenie-4-z-5\\\/#primaryimage\"},\"thumbnailUrl\":\"https:\\\/\\\/wobronietradycjiiwiary.com\\\/wp-content\\\/uploads\\\/2019\\\/06\\\/joachim_patinir_006-scaled.jpg\",\"keywords\":[\"barbatoria\",\"golenie brody\",\"postrzy\u017cyny\",\"Premium\",\"Restricted\",\"Rituale romanum\",\"tonsura\",\"trichokouria\"],\"articleSection\":[\"Higiena osobista\",\"Moda\"],\"inLanguage\":\"pl-PL\",\"potentialAction\":[{\"@type\":\"CommentAction\",\"name\":\"Comment\",\"target\":[\"https:\\\/\\\/wobronietradycjiiwiary.com\\\/demony-woda-mydlo-golenie-i-strzyzenie-4-z-5\\\/#respond\"]}]},{\"@type\":\"WebPage\",\"@id\":\"https:\\\/\\\/wobronietradycjiiwiary.com\\\/demony-woda-mydlo-golenie-i-strzyzenie-4-z-5\\\/\",\"url\":\"https:\\\/\\\/wobronietradycjiiwiary.com\\\/demony-woda-mydlo-golenie-i-strzyzenie-4-z-5\\\/\",\"name\":\"Demony, woda, myd\u0142o, golenie i strzy\u017cenie (4 z 5) - Tradycja i Wiara\",\"isPartOf\":{\"@id\":\"https:\\\/\\\/wobronietradycjiiwiary.com\\\/pl\\\/#website\"},\"primaryImageOfPage\":{\"@id\":\"https:\\\/\\\/wobronietradycjiiwiary.com\\\/demony-woda-mydlo-golenie-i-strzyzenie-4-z-5\\\/#primaryimage\"},\"image\":{\"@id\":\"https:\\\/\\\/wobronietradycjiiwiary.com\\\/demony-woda-mydlo-golenie-i-strzyzenie-4-z-5\\\/#primaryimage\"},\"thumbnailUrl\":\"https:\\\/\\\/wobronietradycjiiwiary.com\\\/wp-content\\\/uploads\\\/2019\\\/06\\\/joachim_patinir_006-scaled.jpg\",\"datePublished\":\"2019-07-26T06:00:27+00:00\",\"dateModified\":\"2025-02-07T14:39:56+00:00\",\"breadcrumb\":{\"@id\":\"https:\\\/\\\/wobronietradycjiiwiary.com\\\/demony-woda-mydlo-golenie-i-strzyzenie-4-z-5\\\/#breadcrumb\"},\"inLanguage\":\"pl-PL\",\"potentialAction\":[{\"@type\":\"ReadAction\",\"target\":[\"https:\\\/\\\/wobronietradycjiiwiary.com\\\/demony-woda-mydlo-golenie-i-strzyzenie-4-z-5\\\/\"]}]},{\"@type\":\"ImageObject\",\"inLanguage\":\"pl-PL\",\"@id\":\"https:\\\/\\\/wobronietradycjiiwiary.com\\\/demony-woda-mydlo-golenie-i-strzyzenie-4-z-5\\\/#primaryimage\",\"url\":\"https:\\\/\\\/wobronietradycjiiwiary.com\\\/wp-content\\\/uploads\\\/2019\\\/06\\\/joachim_patinir_006-scaled.jpg\",\"contentUrl\":\"https:\\\/\\\/wobronietradycjiiwiary.com\\\/wp-content\\\/uploads\\\/2019\\\/06\\\/joachim_patinir_006-scaled.jpg\",\"width\":1920,\"height\":1491},{\"@type\":\"BreadcrumbList\",\"@id\":\"https:\\\/\\\/wobronietradycjiiwiary.com\\\/demony-woda-mydlo-golenie-i-strzyzenie-4-z-5\\\/#breadcrumb\",\"itemListElement\":[{\"@type\":\"ListItem\",\"position\":1,\"name\":\"Strona g\u0142\u00f3wna\",\"item\":\"https:\\\/\\\/wobronietradycjiiwiary.com\\\/\"},{\"@type\":\"ListItem\",\"position\":2,\"name\":\"Demony, woda, myd\u0142o, golenie i strzy\u017cenie (4 z 5)\"}]},{\"@type\":\"WebSite\",\"@id\":\"https:\\\/\\\/wobronietradycjiiwiary.com\\\/pl\\\/#website\",\"url\":\"https:\\\/\\\/wobronietradycjiiwiary.com\\\/pl\\\/\",\"name\":\"Tradycja i Wiara\",\"description\":\"Portal dla katolik\u00f3w.\",\"publisher\":{\"@id\":\"https:\\\/\\\/wobronietradycjiiwiary.com\\\/pl\\\/#organization\"},\"potentialAction\":[{\"@type\":\"SearchAction\",\"target\":{\"@type\":\"EntryPoint\",\"urlTemplate\":\"https:\\\/\\\/wobronietradycjiiwiary.com\\\/pl\\\/?s={search_term_string}\"},\"query-input\":{\"@type\":\"PropertyValueSpecification\",\"valueRequired\":true,\"valueName\":\"search_term_string\"}}],\"inLanguage\":\"pl-PL\"},{\"@type\":\"Organization\",\"@id\":\"https:\\\/\\\/wobronietradycjiiwiary.com\\\/pl\\\/#organization\",\"name\":\"Tradycja i Wiara\",\"url\":\"https:\\\/\\\/wobronietradycjiiwiary.com\\\/pl\\\/\",\"logo\":{\"@type\":\"ImageObject\",\"inLanguage\":\"pl-PL\",\"@id\":\"https:\\\/\\\/wobronietradycjiiwiary.com\\\/pl\\\/#\\\/schema\\\/logo\\\/image\\\/\",\"url\":\"https:\\\/\\\/i0.wp.com\\\/wobronietradycjiiwiary.com\\\/wp-content\\\/uploads\\\/2015\\\/10\\\/cropped-st-peters-dome-vatican.jpg?fit=940%2C198&ssl=1\",\"contentUrl\":\"https:\\\/\\\/i0.wp.com\\\/wobronietradycjiiwiary.com\\\/wp-content\\\/uploads\\\/2015\\\/10\\\/cropped-st-peters-dome-vatican.jpg?fit=940%2C198&ssl=1\",\"width\":940,\"height\":198,\"caption\":\"Tradycja i Wiara\"},\"image\":{\"@id\":\"https:\\\/\\\/wobronietradycjiiwiary.com\\\/pl\\\/#\\\/schema\\\/logo\\\/image\\\/\"},\"sameAs\":[\"https:\\\/\\\/www.facebook.com\\\/Tradycja-i-Wiara-108813920592249\"]},{\"@type\":\"Person\",\"@id\":\"https:\\\/\\\/wobronietradycjiiwiary.com\\\/pl\\\/#\\\/schema\\\/person\\\/2d6180ce6abcb681fef0daab7816e8f3\",\"name\":\"Traditio et Fides\",\"sameAs\":[\"https:\\\/\\\/traditionundglauben.com\"],\"url\":\"https:\\\/\\\/wobronietradycjiiwiary.com\\\/pl\\\/author\\\/wobronietradycjiiwiary\\\/\"}]}<\/script>\n<!-- \/ Yoast SEO plugin. -->","yoast_head_json":{"title":"Demony, woda, myd\u0142o, golenie i strzy\u017cenie (4 z 5) - Tradycja i Wiara","robots":{"index":"index","follow":"follow","max-snippet":"max-snippet:-1","max-image-preview":"max-image-preview:large","max-video-preview":"max-video-preview:-1"},"canonical":"https:\/\/wobronietradycjiiwiary.com\/pl\/demony-woda-mydlo-golenie-i-strzyzenie-4-z-5\/","og_locale":"pl_PL","og_type":"article","og_title":"Demony, woda, myd\u0142o, golenie i strzy\u017cenie (4 z 5) - Tradycja i Wiara","og_description":"W\u0142osy i ich duchowe znaczenie Richalm m\u00f3wi we fragmencie, kt\u00f3re w danej chwili nie mo\u017cemy odnale\u017a\u0107, \u017ce demony in capillis&hellip; &nbsp; Pe\u0142en dost\u0119p dla subskrybent\u00f3w. Zaloguj si\u0119 lub przejd\u017a do Rejestracji. Nowe ni\u017csze ceny P\u0142atno\u015b\u0107 kart\u0105 P\u0142atno\u015b\u0107 przelewem P\u0142atno\u015b\u0107 kart\u0105 do 6 os\u00f3b","og_url":"https:\/\/wobronietradycjiiwiary.com\/pl\/demony-woda-mydlo-golenie-i-strzyzenie-4-z-5\/","og_site_name":"Tradycja i Wiara","article_publisher":"https:\/\/www.facebook.com\/Tradycja-i-Wiara-108813920592249","article_published_time":"2019-07-26T06:00:27+00:00","article_modified_time":"2025-02-07T14:39:56+00:00","og_image":[{"width":1920,"height":1491,"url":"https:\/\/wobronietradycjiiwiary.com\/wp-content\/uploads\/2019\/06\/joachim_patinir_006-scaled.jpg","type":"image\/jpeg"}],"author":"Traditio et Fides","twitter_card":"summary_large_image","twitter_misc":{"Napisane przez":"Traditio et Fides","Szacowany czas czytania":"5 minut"},"schema":{"@context":"https:\/\/schema.org","@graph":[{"@type":"Article","@id":"https:\/\/wobronietradycjiiwiary.com\/demony-woda-mydlo-golenie-i-strzyzenie-4-z-5\/#article","isPartOf":{"@id":"https:\/\/wobronietradycjiiwiary.com\/demony-woda-mydlo-golenie-i-strzyzenie-4-z-5\/"},"author":{"name":"Traditio et Fides","@id":"https:\/\/wobronietradycjiiwiary.com\/pl\/#\/schema\/person\/2d6180ce6abcb681fef0daab7816e8f3"},"headline":"Demony, woda, myd\u0142o, golenie i strzy\u017cenie (4 z 5)","datePublished":"2019-07-26T06:00:27+00:00","dateModified":"2025-02-07T14:39:56+00:00","mainEntityOfPage":{"@id":"https:\/\/wobronietradycjiiwiary.com\/demony-woda-mydlo-golenie-i-strzyzenie-4-z-5\/"},"wordCount":1046,"commentCount":2,"publisher":{"@id":"https:\/\/wobronietradycjiiwiary.com\/pl\/#organization"},"image":{"@id":"https:\/\/wobronietradycjiiwiary.com\/demony-woda-mydlo-golenie-i-strzyzenie-4-z-5\/#primaryimage"},"thumbnailUrl":"https:\/\/wobronietradycjiiwiary.com\/wp-content\/uploads\/2019\/06\/joachim_patinir_006-scaled.jpg","keywords":["barbatoria","golenie brody","postrzy\u017cyny","Premium","Restricted","Rituale romanum","tonsura","trichokouria"],"articleSection":["Higiena osobista","Moda"],"inLanguage":"pl-PL","potentialAction":[{"@type":"CommentAction","name":"Comment","target":["https:\/\/wobronietradycjiiwiary.com\/demony-woda-mydlo-golenie-i-strzyzenie-4-z-5\/#respond"]}]},{"@type":"WebPage","@id":"https:\/\/wobronietradycjiiwiary.com\/demony-woda-mydlo-golenie-i-strzyzenie-4-z-5\/","url":"https:\/\/wobronietradycjiiwiary.com\/demony-woda-mydlo-golenie-i-strzyzenie-4-z-5\/","name":"Demony, woda, myd\u0142o, golenie i strzy\u017cenie (4 z 5) - Tradycja i Wiara","isPartOf":{"@id":"https:\/\/wobronietradycjiiwiary.com\/pl\/#website"},"primaryImageOfPage":{"@id":"https:\/\/wobronietradycjiiwiary.com\/demony-woda-mydlo-golenie-i-strzyzenie-4-z-5\/#primaryimage"},"image":{"@id":"https:\/\/wobronietradycjiiwiary.com\/demony-woda-mydlo-golenie-i-strzyzenie-4-z-5\/#primaryimage"},"thumbnailUrl":"https:\/\/wobronietradycjiiwiary.com\/wp-content\/uploads\/2019\/06\/joachim_patinir_006-scaled.jpg","datePublished":"2019-07-26T06:00:27+00:00","dateModified":"2025-02-07T14:39:56+00:00","breadcrumb":{"@id":"https:\/\/wobronietradycjiiwiary.com\/demony-woda-mydlo-golenie-i-strzyzenie-4-z-5\/#breadcrumb"},"inLanguage":"pl-PL","potentialAction":[{"@type":"ReadAction","target":["https:\/\/wobronietradycjiiwiary.com\/demony-woda-mydlo-golenie-i-strzyzenie-4-z-5\/"]}]},{"@type":"ImageObject","inLanguage":"pl-PL","@id":"https:\/\/wobronietradycjiiwiary.com\/demony-woda-mydlo-golenie-i-strzyzenie-4-z-5\/#primaryimage","url":"https:\/\/wobronietradycjiiwiary.com\/wp-content\/uploads\/2019\/06\/joachim_patinir_006-scaled.jpg","contentUrl":"https:\/\/wobronietradycjiiwiary.com\/wp-content\/uploads\/2019\/06\/joachim_patinir_006-scaled.jpg","width":1920,"height":1491},{"@type":"BreadcrumbList","@id":"https:\/\/wobronietradycjiiwiary.com\/demony-woda-mydlo-golenie-i-strzyzenie-4-z-5\/#breadcrumb","itemListElement":[{"@type":"ListItem","position":1,"name":"Strona g\u0142\u00f3wna","item":"https:\/\/wobronietradycjiiwiary.com\/"},{"@type":"ListItem","position":2,"name":"Demony, woda, myd\u0142o, golenie i strzy\u017cenie (4 z 5)"}]},{"@type":"WebSite","@id":"https:\/\/wobronietradycjiiwiary.com\/pl\/#website","url":"https:\/\/wobronietradycjiiwiary.com\/pl\/","name":"Tradycja i Wiara","description":"Portal dla katolik\u00f3w.","publisher":{"@id":"https:\/\/wobronietradycjiiwiary.com\/pl\/#organization"},"potentialAction":[{"@type":"SearchAction","target":{"@type":"EntryPoint","urlTemplate":"https:\/\/wobronietradycjiiwiary.com\/pl\/?s={search_term_string}"},"query-input":{"@type":"PropertyValueSpecification","valueRequired":true,"valueName":"search_term_string"}}],"inLanguage":"pl-PL"},{"@type":"Organization","@id":"https:\/\/wobronietradycjiiwiary.com\/pl\/#organization","name":"Tradycja i Wiara","url":"https:\/\/wobronietradycjiiwiary.com\/pl\/","logo":{"@type":"ImageObject","inLanguage":"pl-PL","@id":"https:\/\/wobronietradycjiiwiary.com\/pl\/#\/schema\/logo\/image\/","url":"https:\/\/i0.wp.com\/wobronietradycjiiwiary.com\/wp-content\/uploads\/2015\/10\/cropped-st-peters-dome-vatican.jpg?fit=940%2C198&ssl=1","contentUrl":"https:\/\/i0.wp.com\/wobronietradycjiiwiary.com\/wp-content\/uploads\/2015\/10\/cropped-st-peters-dome-vatican.jpg?fit=940%2C198&ssl=1","width":940,"height":198,"caption":"Tradycja i Wiara"},"image":{"@id":"https:\/\/wobronietradycjiiwiary.com\/pl\/#\/schema\/logo\/image\/"},"sameAs":["https:\/\/www.facebook.com\/Tradycja-i-Wiara-108813920592249"]},{"@type":"Person","@id":"https:\/\/wobronietradycjiiwiary.com\/pl\/#\/schema\/person\/2d6180ce6abcb681fef0daab7816e8f3","name":"Traditio et Fides","sameAs":["https:\/\/traditionundglauben.com"],"url":"https:\/\/wobronietradycjiiwiary.com\/pl\/author\/wobronietradycjiiwiary\/"}]}},"jetpack_publicize_connections":[],"jetpack_sharing_enabled":true,"jetpack_likes_enabled":true,"jetpack_shortlink":"https:\/\/wp.me\/pc04Sd-5pr","jetpack-related-posts":[{"id":20799,"url":"https:\/\/wobronietradycjiiwiary.com\/pl\/demony-woda-mydlo-golenie-i-strzyzenie-5-z-5\/","url_meta":{"origin":20797,"position":0},"title":"Demony, woda, myd\u0142o, golenie i strzy\u017cenie (5 z 5)","author":"Traditio et Fides","date":"2 sierpnia 2019","format":false,"excerpt":"Moda tak\u017ce wzgl\u0119dem zarostu w Ko\u015bciele si\u0119 zmienia\u0142a, wi\u0119c trudno tutaj argumentowa\u0107 tradycj\u0105 przez ma\u0142e t. Chocia\u017c w dawnych wiekach przy otrzymaniu tonsury rzeczywi\u015bcie golono g\u0142owy, co czyni\u0105 i dzisiaj niekt\u00f3re zakony starorytualne, tak i\u017c kleryk rzeczywi\u015bcie si\u0119 zewn\u0119trznie od \u015bwieckiego r\u00f3\u017cni\u0142, to jednak trudno przyj\u0105\u0107, \u017ce ostrzy\u017cenie g\u0142owy stanowi\u0107\u2026","rel":"","context":"W \u201eHigiena osobista&quot;","block_context":{"text":"Higiena osobista","link":"https:\/\/wobronietradycjiiwiary.com\/pl\/category\/doktryna\/teologia-moralna\/higiena-osobista\/"},"img":{"alt_text":"","src":"https:\/\/i0.wp.com\/wobronietradycjiiwiary.com\/wp-content\/uploads\/2019\/06\/joachim_patinir_006-scaled.jpg?resize=350%2C200&ssl=1","width":350,"height":200,"srcset":"https:\/\/i0.wp.com\/wobronietradycjiiwiary.com\/wp-content\/uploads\/2019\/06\/joachim_patinir_006-scaled.jpg?resize=350%2C200&ssl=1 1x, https:\/\/i0.wp.com\/wobronietradycjiiwiary.com\/wp-content\/uploads\/2019\/06\/joachim_patinir_006-scaled.jpg?resize=525%2C300&ssl=1 1.5x, https:\/\/i0.wp.com\/wobronietradycjiiwiary.com\/wp-content\/uploads\/2019\/06\/joachim_patinir_006-scaled.jpg?resize=700%2C400&ssl=1 2x, https:\/\/i0.wp.com\/wobronietradycjiiwiary.com\/wp-content\/uploads\/2019\/06\/joachim_patinir_006-scaled.jpg?resize=1050%2C600&ssl=1 3x, https:\/\/i0.wp.com\/wobronietradycjiiwiary.com\/wp-content\/uploads\/2019\/06\/joachim_patinir_006-scaled.jpg?resize=1400%2C800&ssl=1 4x"},"classes":[]},{"id":20791,"url":"https:\/\/wobronietradycjiiwiary.com\/pl\/demony-woda-mydlo-golenie-i-strzyzenie-1-z-3\/","url_meta":{"origin":20797,"position":1},"title":"Demony, woda, myd\u0142o, golenie i strzy\u017cenie (1 z 3)","author":"Traditio et Fides","date":"5 lipca 2019","format":false,"excerpt":"Jako przerywnik naszego demonologicznego cyklu pragniemy przedstawi\u0107 kilka wpis\u00f3w dotycz\u0105cych estetyki, a konkretnie mody m\u0119skiej w t\u0142umaczeniu jatoniejanie. Zanim do tego przejdziemy kilka s\u0142\u00f3w teologicznego wprowadzenia. O ile w pi\u015bmiennictwie katolickim cz\u0119sto znale\u017a\u0107 mo\u017cna artyku\u0142y na temat mody \u017ce\u0144skiej i pi\u0119tnowania jej nieobyczajno\u015bci, czego pocz\u0105tki si\u0119gaj\u0105 ju\u017c list\u00f3w \u015bw. Paw\u0142a,\u2026","rel":"","context":"W \u201eDemonologia praktyczna&quot;","block_context":{"text":"Demonologia praktyczna","link":"https:\/\/wobronietradycjiiwiary.com\/pl\/category\/doktryna\/teologia-dogmatyczna\/demonologia-teologia\/demonologia-praktyczna\/"},"img":{"alt_text":"","src":"https:\/\/i0.wp.com\/wobronietradycjiiwiary.com\/wp-content\/uploads\/2019\/06\/joachim_patinir_006-scaled.jpg?resize=350%2C200&ssl=1","width":350,"height":200,"srcset":"https:\/\/i0.wp.com\/wobronietradycjiiwiary.com\/wp-content\/uploads\/2019\/06\/joachim_patinir_006-scaled.jpg?resize=350%2C200&ssl=1 1x, https:\/\/i0.wp.com\/wobronietradycjiiwiary.com\/wp-content\/uploads\/2019\/06\/joachim_patinir_006-scaled.jpg?resize=525%2C300&ssl=1 1.5x, https:\/\/i0.wp.com\/wobronietradycjiiwiary.com\/wp-content\/uploads\/2019\/06\/joachim_patinir_006-scaled.jpg?resize=700%2C400&ssl=1 2x, https:\/\/i0.wp.com\/wobronietradycjiiwiary.com\/wp-content\/uploads\/2019\/06\/joachim_patinir_006-scaled.jpg?resize=1050%2C600&ssl=1 3x, https:\/\/i0.wp.com\/wobronietradycjiiwiary.com\/wp-content\/uploads\/2019\/06\/joachim_patinir_006-scaled.jpg?resize=1400%2C800&ssl=1 4x"},"classes":[]},{"id":20793,"url":"https:\/\/wobronietradycjiiwiary.com\/pl\/demony-woda-mydlo-golenie-i-strzyzenie-2-z-4\/","url_meta":{"origin":20797,"position":2},"title":"Demony, woda, myd\u0142o, golenie i strzy\u017cenie (2 z 4)","author":"Traditio et Fides","date":"12 lipca 2019","format":false,"excerpt":"Antydemoniczne dzia\u0142anie wody I teraz przechodzimy do nast\u0119pnego punktu autor zaobserwowa\u0142 r\u00f3wnie\u017c, \u017ce po takiej demonicznie przepoconej nocy oraz po rannych dr\u0119czeniach, kt\u00f3re maj\u0105 miejsce przy budzeniu si\u0119 i s\u0105 zawsze wprost proporcjonalne do dobra, kt\u00f3rego do\u015bwiadczy danego dnia niezwyk\u0142e ukojenie, nie tylko fizyczne, ale w\u0142a\u015bnie duchowe, daje poranny prysznic.\u2026","rel":"","context":"W \u201eDemonologia praktyczna&quot;","block_context":{"text":"Demonologia praktyczna","link":"https:\/\/wobronietradycjiiwiary.com\/pl\/category\/doktryna\/teologia-dogmatyczna\/demonologia-teologia\/demonologia-praktyczna\/"},"img":{"alt_text":"","src":"https:\/\/i0.wp.com\/wobronietradycjiiwiary.com\/wp-content\/uploads\/2019\/06\/joachim_patinir_006-scaled.jpg?resize=350%2C200&ssl=1","width":350,"height":200,"srcset":"https:\/\/i0.wp.com\/wobronietradycjiiwiary.com\/wp-content\/uploads\/2019\/06\/joachim_patinir_006-scaled.jpg?resize=350%2C200&ssl=1 1x, https:\/\/i0.wp.com\/wobronietradycjiiwiary.com\/wp-content\/uploads\/2019\/06\/joachim_patinir_006-scaled.jpg?resize=525%2C300&ssl=1 1.5x, https:\/\/i0.wp.com\/wobronietradycjiiwiary.com\/wp-content\/uploads\/2019\/06\/joachim_patinir_006-scaled.jpg?resize=700%2C400&ssl=1 2x, https:\/\/i0.wp.com\/wobronietradycjiiwiary.com\/wp-content\/uploads\/2019\/06\/joachim_patinir_006-scaled.jpg?resize=1050%2C600&ssl=1 3x, https:\/\/i0.wp.com\/wobronietradycjiiwiary.com\/wp-content\/uploads\/2019\/06\/joachim_patinir_006-scaled.jpg?resize=1400%2C800&ssl=1 4x"},"classes":[]},{"id":17466,"url":"https:\/\/wobronietradycjiiwiary.com\/pl\/ks-ripperger-walka-duchowa-i-malzenstwo-2-z-7\/","url_meta":{"origin":20797,"position":3},"title":"Ks. Ripperger &#8211; Walka Duchowa i Ma\u0142\u017ce\u0144stwo (2 z 7)","author":"Traditio et Fides","date":"5 marca 2019","format":false,"excerpt":"W drugim wpisie z siedmiu kontynuujemy t\u0142umaczenie pierwszej konferencji Ksi\u0119dza Ripperger'a dotycz\u0105cej walki duchowej w ma\u0142\u017ce\u0144stwie. Ksi\u0105dz Ripperger przygotowa\u0142 trzy konferencje omawiaj\u0105ce walk\u0119 duchow\u0105 w ma\u0142\u017ce\u0144stwie. Je\u017celi kto\u015b chcia\u0142by pos\u0142ucha\u0107 sobie pierwszej konferencji Ksi\u0119dza Ripperger'a w oryginale to za\u0142\u0105czam link poni\u017cej: https:\/\/www.youtube.com\/watch?v=NXRatp5aYpQ KONFERENCJA Rozwa\u017caj\u0105c dalej og\u00f3lne zasady wprowadzania podzia\u0142\u00f3w pomi\u0119dzy\u2026","rel":"","context":"W \u201eMa\u0142\u017ce\u0144stwo i rodzina&quot;","block_context":{"text":"Ma\u0142\u017ce\u0144stwo i rodzina","link":"https:\/\/wobronietradycjiiwiary.com\/pl\/category\/doktryna\/teologia-moralna\/malzenstwo\/"},"img":{"alt_text":"","src":"https:\/\/i0.wp.com\/wobronietradycjiiwiary.com\/wp-content\/uploads\/2020\/04\/Temptation-of-Adam-and-Eve-MeisterDrucke-543082.jpg?resize=350%2C200&ssl=1","width":350,"height":200,"srcset":"https:\/\/i0.wp.com\/wobronietradycjiiwiary.com\/wp-content\/uploads\/2020\/04\/Temptation-of-Adam-and-Eve-MeisterDrucke-543082.jpg?resize=350%2C200&ssl=1 1x, https:\/\/i0.wp.com\/wobronietradycjiiwiary.com\/wp-content\/uploads\/2020\/04\/Temptation-of-Adam-and-Eve-MeisterDrucke-543082.jpg?resize=525%2C300&ssl=1 1.5x, https:\/\/i0.wp.com\/wobronietradycjiiwiary.com\/wp-content\/uploads\/2020\/04\/Temptation-of-Adam-and-Eve-MeisterDrucke-543082.jpg?resize=700%2C400&ssl=1 2x"},"classes":[]},{"id":19500,"url":"https:\/\/wobronietradycjiiwiary.com\/pl\/ks-ripperger-walka-duchowa-i-malzenstwo-2-z-7-2\/","url_meta":{"origin":20797,"position":4},"title":"Ks. Ripperger &#8211; Walka Duchowa i Ma\u0142\u017ce\u0144stwo (2 z 7)","author":"mariuszjerzy","date":"30 stycznia 2019","format":false,"excerpt":"W drugim wpisie z siedmiu kontynuujemy t\u0142umaczenie pierwszej konferencji Ksi\u0119dza Ripperger'a dotycz\u0105cej walki duchowej w ma\u0142\u017ce\u0144stwie. Ksi\u0105dz Ripperger przygotowa\u0142 trzy konferencje omawiaj\u0105ce walk\u0119 duchow\u0105 w ma\u0142\u017ce\u0144stwie. \u00a0 Je\u017celi kto\u015b chcia\u0142by pos\u0142ucha\u0107 sobie pierwszej konferencji Ksi\u0119dza Ripperger'a w oryginale to za\u0142\u0105czam link poni\u017cej: https:\/\/www.youtube.com\/watch?v=NXRatp5aYpQ KONFERENCJA Rozwa\u017caj\u0105c dalej og\u00f3lne zasady wprowadzania podzia\u0142\u00f3w\u2026","rel":"","context":"W \u201eMa\u0142\u017ce\u0144stwo i rodzina&quot;","block_context":{"text":"Ma\u0142\u017ce\u0144stwo i rodzina","link":"https:\/\/wobronietradycjiiwiary.com\/pl\/category\/doktryna\/teologia-moralna\/malzenstwo\/"},"img":{"alt_text":"","src":"https:\/\/i0.wp.com\/wobronietradycjiiwiary.com\/wp-content\/uploads\/2020\/04\/Temptation-of-Adam-and-Eve-MeisterDrucke-543082.jpg?resize=350%2C200&ssl=1","width":350,"height":200,"srcset":"https:\/\/i0.wp.com\/wobronietradycjiiwiary.com\/wp-content\/uploads\/2020\/04\/Temptation-of-Adam-and-Eve-MeisterDrucke-543082.jpg?resize=350%2C200&ssl=1 1x, https:\/\/i0.wp.com\/wobronietradycjiiwiary.com\/wp-content\/uploads\/2020\/04\/Temptation-of-Adam-and-Eve-MeisterDrucke-543082.jpg?resize=525%2C300&ssl=1 1.5x, https:\/\/i0.wp.com\/wobronietradycjiiwiary.com\/wp-content\/uploads\/2020\/04\/Temptation-of-Adam-and-Eve-MeisterDrucke-543082.jpg?resize=700%2C400&ssl=1 2x"},"classes":[]},{"id":19594,"url":"https:\/\/wobronietradycjiiwiary.com\/pl\/ks-ripperger-walka-duchowa-i-malzenstwo-ii-9-z-9\/","url_meta":{"origin":20797,"position":5},"title":"Ks. Ripperger &#8211; Walka Duchowa i Ma\u0142\u017ce\u0144stwo II (9 z 9)","author":"mariuszjerzy","date":"8 maja 2019","format":false,"excerpt":"W \u00f3smym wpisie z dziewi\u0119ciu kontynuujemy t\u0142umaczenie drugiej konferencji Ksi\u0119dza Ripperger'a dotycz\u0105cej walki duchowej w ma\u0142\u017ce\u0144stwie. Je\u017celi kto\u015b chcia\u0142by pos\u0142ucha\u0107 sobie drugiej konferencji w oryginale to za\u0142\u0105czam link poni\u017cej: https:\/\/www.youtube.com\/watch?v=nATw_nHKdio KONFERENCJA II Kolejn\u0105 spraw\u0105 jest nierozerwalno\u015b\u0107. Tutaj wyst\u0119puje atak demon\u00f3w na sta\u0142o\u015b\u0107 i trwa\u0142o\u015b\u0107 ma\u0142\u017ce\u0144stwa. Od czasu do czasu dostaj\u0119\u2026","rel":"","context":"W \u201eMa\u0142\u017ce\u0144stwo i rodzina&quot;","block_context":{"text":"Ma\u0142\u017ce\u0144stwo i rodzina","link":"https:\/\/wobronietradycjiiwiary.com\/pl\/category\/doktryna\/teologia-moralna\/malzenstwo\/"},"img":{"alt_text":"","src":"https:\/\/i0.wp.com\/wobronietradycjiiwiary.com\/wp-content\/uploads\/2020\/04\/Temptation-of-Adam-and-Eve-MeisterDrucke-543082.jpg?resize=350%2C200&ssl=1","width":350,"height":200,"srcset":"https:\/\/i0.wp.com\/wobronietradycjiiwiary.com\/wp-content\/uploads\/2020\/04\/Temptation-of-Adam-and-Eve-MeisterDrucke-543082.jpg?resize=350%2C200&ssl=1 1x, https:\/\/i0.wp.com\/wobronietradycjiiwiary.com\/wp-content\/uploads\/2020\/04\/Temptation-of-Adam-and-Eve-MeisterDrucke-543082.jpg?resize=525%2C300&ssl=1 1.5x, https:\/\/i0.wp.com\/wobronietradycjiiwiary.com\/wp-content\/uploads\/2020\/04\/Temptation-of-Adam-and-Eve-MeisterDrucke-543082.jpg?resize=700%2C400&ssl=1 2x"},"classes":[]}],"amp_enabled":true,"jetpack_featured_media_url":"https:\/\/wobronietradycjiiwiary.com\/wp-content\/uploads\/2019\/06\/joachim_patinir_006-scaled.jpg","_links":{"self":[{"href":"https:\/\/wobronietradycjiiwiary.com\/pl\/wp-json\/wp\/v2\/posts\/20797","targetHints":{"allow":["GET"]}}],"collection":[{"href":"https:\/\/wobronietradycjiiwiary.com\/pl\/wp-json\/wp\/v2\/posts"}],"about":[{"href":"https:\/\/wobronietradycjiiwiary.com\/pl\/wp-json\/wp\/v2\/types\/post"}],"author":[{"embeddable":true,"href":"https:\/\/wobronietradycjiiwiary.com\/pl\/wp-json\/wp\/v2\/users\/60508433"}],"replies":[{"embeddable":true,"href":"https:\/\/wobronietradycjiiwiary.com\/pl\/wp-json\/wp\/v2\/comments?post=20797"}],"version-history":[{"count":1,"href":"https:\/\/wobronietradycjiiwiary.com\/pl\/wp-json\/wp\/v2\/posts\/20797\/revisions"}],"predecessor-version":[{"id":57507,"href":"https:\/\/wobronietradycjiiwiary.com\/pl\/wp-json\/wp\/v2\/posts\/20797\/revisions\/57507"}],"wp:featuredmedia":[{"embeddable":true,"href":"https:\/\/wobronietradycjiiwiary.com\/pl\/wp-json\/wp\/v2\/media\/20792"}],"wp:attachment":[{"href":"https:\/\/wobronietradycjiiwiary.com\/pl\/wp-json\/wp\/v2\/media?parent=20797"}],"wp:term":[{"taxonomy":"category","embeddable":true,"href":"https:\/\/wobronietradycjiiwiary.com\/pl\/wp-json\/wp\/v2\/categories?post=20797"},{"taxonomy":"post_tag","embeddable":true,"href":"https:\/\/wobronietradycjiiwiary.com\/pl\/wp-json\/wp\/v2\/tags?post=20797"}],"curies":[{"name":"wp","href":"https:\/\/api.w.org\/{rel}","templated":true}]}}