{"id":20795,"date":"2019-07-19T08:00:30","date_gmt":"2019-07-19T06:00:30","guid":{"rendered":"https:\/\/wobronietradycjiiwiaryblog.wordpress.com\/?p=20795"},"modified":"2025-02-07T15:39:56","modified_gmt":"2025-02-07T14:39:56","slug":"demony-woda-mydlo-golenie-i-strzyzenie-3-z-4","status":"publish","type":"post","link":"https:\/\/wobronietradycjiiwiary.com\/pl\/demony-woda-mydlo-golenie-i-strzyzenie-3-z-4\/","title":{"rendered":"Demony, woda, myd\u0142o, golenie i strzy\u017cenie (3 z 4)"},"content":{"rendered":"<div id=\"bsf_rt_marker\"><\/div><p>Za\u0142o\u017cy\u0107 trzeba tak\u017ce, \u017ce wszelkie obmycie si\u0119 po\u0142\u0105czone z modlitw\u0105, jak w przypadku lavabo kap\u0142ana podczas Mszy \u015awi\u0119tej, jest pewnym&hellip;<\/p>\n<div style=\"text-align: center\">\n<p>&nbsp;<\/p>\n<\/div>\n<h2 style=\"border: 5px solid #0000A0;padding: 1em;text-align: center\"><span style=\"color: #000000\">Pe\u0142en dost\u0119p dla <span style=\"color: #00ccff\"><a style=\"color: #00ccff\" href=\"https:\/\/wobronietradycjiiwiary.com\/subskrypcje-2\/\" target=\"_blank\" rel=\"noopener\">subskrybent\u00f3w<\/a><\/span>.<\/span><br \/>\n<span style=\"color: #3366ff\"><a style=\"color: #3366ff\" href=\"https:\/\/wobronietradycjiiwiary.com\/account\/login\/\" target=\"_blank\" rel=\"noopener\"><span style=\"color: #00ccff\">Zaloguj<\/span><\/a> <\/span>si\u0119 lub przejd\u017a do <a href=\"https:\/\/wobronietradycjiiwiary.com\/register\/\"><span style=\"color: #3366ff\">Rejestracji<\/span><\/a>.<\/h2>\n<div>\n<p style=\"text-align: center\"><a href=\"https:\/\/wobronietradycjiiwiary.com\/pl\/subskrypcje-2\/cennik\/\" target=\"_blank\" rel=\"noopener\"><span style=\"color: #000080;font-size: 24pt\"><strong>Nowe ni\u017csze ceny<\/strong><\/span><\/a><\/p>\n<p style=\"text-align: center\"><strong><span style=\"font-size: 18pt;color: #000080\">P\u0142atno\u015b\u0107 kart\u0105<\/span><\/strong><\/p>\n<\/div>\n<h3 style=\"text-align: center\"><a href=\"https:\/\/wobronietradycjiiwiary.com\/pl\/subskrypcje-2\/automatyczne\/indywidualne\/\" target=\"_blank\" rel=\"noopener\"><img fetchpriority=\"high\" decoding=\"async\" class=\"alignnone size-medium wp-image-80433\" src=\"https:\/\/wobronietradycjiiwiary.com\/wp-content\/uploads\/2022\/11\/Unbenannt-1-Online-1-300x202.jpg\" alt=\"\" width=\"300\" height=\"202\" srcset=\"https:\/\/wobronietradycjiiwiary.com\/wp-content\/uploads\/2022\/11\/Unbenannt-1-Online-1-300x202.jpg 300w, https:\/\/wobronietradycjiiwiary.com\/wp-content\/uploads\/2022\/11\/Unbenannt-1-Online-1-150x101.jpg 150w, https:\/\/wobronietradycjiiwiary.com\/wp-content\/uploads\/2022\/11\/Unbenannt-1-Online-1-18x12.jpg 18w, https:\/\/wobronietradycjiiwiary.com\/wp-content\/uploads\/2022\/11\/Unbenannt-1-Online-1.jpg 446w\" sizes=\"(max-width: 300px) 100vw, 300px\" \/><\/a><\/h3>\n<p style=\"text-align: center\"><strong><span style=\"font-size: 18pt;color: #000080\">P\u0142atno\u015b\u0107 przelewem<\/span><\/strong><\/p>\n<p><a href=\"https:\/\/wobronietradycjiiwiary.com\/pl\/subskrypcje-2\/automatyczne\/indywidualne\/\" target=\"_blank\" rel=\"noopener\"><img decoding=\"async\" class=\"size-medium wp-image-80434 aligncenter\" src=\"https:\/\/wobronietradycjiiwiary.com\/wp-content\/uploads\/2022\/11\/Unbenannt-1-Przelewem-300x137.jpg\" alt=\"\" width=\"300\" height=\"137\" srcset=\"https:\/\/wobronietradycjiiwiary.com\/wp-content\/uploads\/2022\/11\/Unbenannt-1-Przelewem-300x137.jpg 300w, https:\/\/wobronietradycjiiwiary.com\/wp-content\/uploads\/2022\/11\/Unbenannt-1-Przelewem-450x206.jpg 450w, https:\/\/wobronietradycjiiwiary.com\/wp-content\/uploads\/2022\/11\/Unbenannt-1-Przelewem-600x274.jpg 600w, https:\/\/wobronietradycjiiwiary.com\/wp-content\/uploads\/2022\/11\/Unbenannt-1-Przelewem-150x69.jpg 150w, https:\/\/wobronietradycjiiwiary.com\/wp-content\/uploads\/2022\/11\/Unbenannt-1-Przelewem-18x8.jpg 18w, https:\/\/wobronietradycjiiwiary.com\/wp-content\/uploads\/2022\/11\/Unbenannt-1-Przelewem.jpg 676w\" sizes=\"(max-width: 300px) 100vw, 300px\" \/><\/a><\/p>\n<p style=\"text-align: center\"><strong><span style=\"font-size: 18pt;color: #000080\">P\u0142atno\u015b\u0107 kart\u0105 do 6 os\u00f3b<\/span><\/strong><\/p>\n<p><a href=\"https:\/\/wobronietradycjiiwiary.com\/pl\/rodzinne\/\" target=\"_blank\" rel=\"noopener\"><img decoding=\"async\" class=\"size-medium wp-image-80435 aligncenter\" src=\"https:\/\/wobronietradycjiiwiary.com\/wp-content\/uploads\/2022\/11\/Unbenannt-1-Rodzinna-300x208.jpg\" alt=\"\" width=\"300\" height=\"208\" srcset=\"https:\/\/wobronietradycjiiwiary.com\/wp-content\/uploads\/2022\/11\/Unbenannt-1-Rodzinna-300x208.jpg 300w, https:\/\/wobronietradycjiiwiary.com\/wp-content\/uploads\/2022\/11\/Unbenannt-1-Rodzinna-150x104.jpg 150w, https:\/\/wobronietradycjiiwiary.com\/wp-content\/uploads\/2022\/11\/Unbenannt-1-Rodzinna-18x12.jpg 18w, https:\/\/wobronietradycjiiwiary.com\/wp-content\/uploads\/2022\/11\/Unbenannt-1-Rodzinna.jpg 448w\" sizes=\"(max-width: 300px) 100vw, 300px\" \/><\/a><\/p>\n<h3 style=\"text-align: center\"><\/h3>\n<h1 style=\"text-align: center\"><\/h1>\n","protected":false},"excerpt":{"rendered":"<p>Za\u0142o\u017cy\u0107 trzeba tak\u017ce, \u017ce wszelkie obmycie si\u0119 po\u0142\u0105czone z modlitw\u0105, jak w przypadku lavabo kap\u0142ana podczas Mszy \u015awi\u0119tej, jest pewnym&hellip; &nbsp; Pe\u0142en dost\u0119p dla subskrybent\u00f3w. Zaloguj si\u0119 lub przejd\u017a do Rejestracji. Nowe ni\u017csze ceny P\u0142atno\u015b\u0107 kart\u0105 P\u0142atno\u015b\u0107 przelewem P\u0142atno\u015b\u0107 kart\u0105 do 6 os\u00f3b<\/p>\n","protected":false},"author":60508433,"featured_media":20792,"comment_status":"open","ping_status":"closed","sticky":false,"template":"","format":"standard","meta":{"_bbp_topic_count":0,"_bbp_reply_count":0,"_bbp_total_topic_count":0,"_bbp_total_reply_count":0,"_bbp_voice_count":0,"_bbp_anonymous_reply_count":0,"_bbp_topic_count_hidden":0,"_bbp_reply_count_hidden":0,"_bbp_forum_subforum_count":0,"_editorskit_title_hidden":false,"_editorskit_reading_time":0,"_editorskit_is_block_options_detached":false,"_editorskit_block_options_position":"{}","_coblocks_attr":"","_coblocks_dimensions":"","_coblocks_responsive_height":"","_coblocks_accordion_ie_support":"","_exactmetrics_skip_tracking":false,"_jetpack_newsletter_access":"","_jetpack_dont_email_post_to_subs":false,"_jetpack_newsletter_tier_id":0,"_jetpack_memberships_contains_paywalled_content":false,"_wpcom_ai_launchpad_first_post":false,"_jetpack_feature_clip_id":0,"_jetpack_memberships_contains_paid_content":false,"footnotes":"","jetpack_publicize_message":"{title}\n\n{excerpt}\n\n{url}","jetpack_publicize_feature_enabled":true,"jetpack_social_post_already_shared":true,"jetpack_social_options":{"image_generator_settings":{"template":"highway","default_image_id":0,"font":"","enabled":false},"version":2},"_wpas_customize_per_network":false,"jetpack_post_was_ever_published":false},"categories":[610130731,8086],"tags":[610130814,610130816,610130817,610130818,610132562,610132133,610130807],"class_list":["post-20795","post","type-post","status-publish","format-standard","has-post-thumbnail","hentry","category-demonologia-praktyczna","category-moda","tag-chrzest-w-jordanie","tag-higiena-osobista","tag-modlitwa-przed-kapiela","tag-mydlo","tag-premium","tag-restricted","tag-woda"],"yoast_head":"<!-- This site is optimized with the Yoast SEO plugin v28.3 - https:\/\/yoast.com\/product\/yoast-seo-wordpress\/ -->\n<title>Demony, woda, myd\u0142o, golenie i strzy\u017cenie (3 z 4) - Tradycja i Wiara<\/title>\n<meta name=\"robots\" content=\"index, follow, max-snippet:-1, max-image-preview:large, max-video-preview:-1\" \/>\n<link rel=\"canonical\" href=\"https:\/\/wobronietradycjiiwiary.com\/pl\/demony-woda-mydlo-golenie-i-strzyzenie-3-z-4\/\" \/>\n<meta property=\"og:locale\" content=\"pl_PL\" \/>\n<meta property=\"og:type\" content=\"article\" \/>\n<meta property=\"og:title\" content=\"Demony, woda, myd\u0142o, golenie i strzy\u017cenie (3 z 4) - Tradycja i Wiara\" \/>\n<meta property=\"og:description\" content=\"Za\u0142o\u017cy\u0107 trzeba tak\u017ce, \u017ce wszelkie obmycie si\u0119 po\u0142\u0105czone z modlitw\u0105, jak w przypadku lavabo kap\u0142ana podczas Mszy \u015awi\u0119tej, jest pewnym&hellip; &nbsp; Pe\u0142en dost\u0119p dla subskrybent\u00f3w. Zaloguj si\u0119 lub przejd\u017a do Rejestracji. Nowe ni\u017csze ceny P\u0142atno\u015b\u0107 kart\u0105 P\u0142atno\u015b\u0107 przelewem P\u0142atno\u015b\u0107 kart\u0105 do 6 os\u00f3b\" \/>\n<meta property=\"og:url\" content=\"https:\/\/wobronietradycjiiwiary.com\/pl\/demony-woda-mydlo-golenie-i-strzyzenie-3-z-4\/\" \/>\n<meta property=\"og:site_name\" content=\"Tradycja i Wiara\" \/>\n<meta property=\"article:publisher\" content=\"https:\/\/www.facebook.com\/Tradycja-i-Wiara-108813920592249\" \/>\n<meta property=\"article:published_time\" content=\"2019-07-19T06:00:30+00:00\" \/>\n<meta property=\"article:modified_time\" content=\"2025-02-07T14:39:56+00:00\" \/>\n<meta property=\"og:image\" content=\"https:\/\/wobronietradycjiiwiary.com\/wp-content\/uploads\/2019\/06\/joachim_patinir_006-scaled.jpg\" \/>\n\t<meta property=\"og:image:width\" content=\"1920\" \/>\n\t<meta property=\"og:image:height\" content=\"1491\" \/>\n\t<meta property=\"og:image:type\" content=\"image\/jpeg\" \/>\n<meta name=\"author\" content=\"Traditio et Fides\" \/>\n<meta name=\"twitter:card\" content=\"summary_large_image\" \/>\n<meta name=\"twitter:label1\" content=\"Napisane przez\" \/>\n\t<meta name=\"twitter:data1\" content=\"Traditio et Fides\" \/>\n\t<meta name=\"twitter:label2\" content=\"Szacowany czas czytania\" \/>\n\t<meta name=\"twitter:data2\" content=\"3 minuty\" \/>\n<script type=\"application\/ld+json\" class=\"yoast-schema-graph\">{\"@context\":\"https:\\\/\\\/schema.org\",\"@graph\":[{\"@type\":\"Article\",\"@id\":\"https:\\\/\\\/wobronietradycjiiwiary.com\\\/demony-woda-mydlo-golenie-i-strzyzenie-3-z-4\\\/#article\",\"isPartOf\":{\"@id\":\"https:\\\/\\\/wobronietradycjiiwiary.com\\\/demony-woda-mydlo-golenie-i-strzyzenie-3-z-4\\\/\"},\"author\":{\"name\":\"Traditio et Fides\",\"@id\":\"https:\\\/\\\/wobronietradycjiiwiary.com\\\/pl\\\/#\\\/schema\\\/person\\\/2d6180ce6abcb681fef0daab7816e8f3\"},\"headline\":\"Demony, woda, myd\u0142o, golenie i strzy\u017cenie (3 z 4)\",\"datePublished\":\"2019-07-19T06:00:30+00:00\",\"dateModified\":\"2025-02-07T14:39:56+00:00\",\"mainEntityOfPage\":{\"@id\":\"https:\\\/\\\/wobronietradycjiiwiary.com\\\/demony-woda-mydlo-golenie-i-strzyzenie-3-z-4\\\/\"},\"wordCount\":700,\"commentCount\":1,\"publisher\":{\"@id\":\"https:\\\/\\\/wobronietradycjiiwiary.com\\\/pl\\\/#organization\"},\"image\":{\"@id\":\"https:\\\/\\\/wobronietradycjiiwiary.com\\\/demony-woda-mydlo-golenie-i-strzyzenie-3-z-4\\\/#primaryimage\"},\"thumbnailUrl\":\"https:\\\/\\\/wobronietradycjiiwiary.com\\\/wp-content\\\/uploads\\\/2019\\\/06\\\/joachim_patinir_006-scaled.jpg\",\"keywords\":[\"chrzest w Jordanie\",\"Higiena osobista\",\"modlitwa przed k\u0105piel\u0105\",\"myd\u0142o\",\"Premium\",\"Restricted\",\"woda\"],\"articleSection\":[\"Demonologia praktyczna\",\"Moda\"],\"inLanguage\":\"pl-PL\",\"potentialAction\":[{\"@type\":\"CommentAction\",\"name\":\"Comment\",\"target\":[\"https:\\\/\\\/wobronietradycjiiwiary.com\\\/demony-woda-mydlo-golenie-i-strzyzenie-3-z-4\\\/#respond\"]}]},{\"@type\":\"WebPage\",\"@id\":\"https:\\\/\\\/wobronietradycjiiwiary.com\\\/demony-woda-mydlo-golenie-i-strzyzenie-3-z-4\\\/\",\"url\":\"https:\\\/\\\/wobronietradycjiiwiary.com\\\/demony-woda-mydlo-golenie-i-strzyzenie-3-z-4\\\/\",\"name\":\"Demony, woda, myd\u0142o, golenie i strzy\u017cenie (3 z 4) - Tradycja i Wiara\",\"isPartOf\":{\"@id\":\"https:\\\/\\\/wobronietradycjiiwiary.com\\\/pl\\\/#website\"},\"primaryImageOfPage\":{\"@id\":\"https:\\\/\\\/wobronietradycjiiwiary.com\\\/demony-woda-mydlo-golenie-i-strzyzenie-3-z-4\\\/#primaryimage\"},\"image\":{\"@id\":\"https:\\\/\\\/wobronietradycjiiwiary.com\\\/demony-woda-mydlo-golenie-i-strzyzenie-3-z-4\\\/#primaryimage\"},\"thumbnailUrl\":\"https:\\\/\\\/wobronietradycjiiwiary.com\\\/wp-content\\\/uploads\\\/2019\\\/06\\\/joachim_patinir_006-scaled.jpg\",\"datePublished\":\"2019-07-19T06:00:30+00:00\",\"dateModified\":\"2025-02-07T14:39:56+00:00\",\"breadcrumb\":{\"@id\":\"https:\\\/\\\/wobronietradycjiiwiary.com\\\/demony-woda-mydlo-golenie-i-strzyzenie-3-z-4\\\/#breadcrumb\"},\"inLanguage\":\"pl-PL\",\"potentialAction\":[{\"@type\":\"ReadAction\",\"target\":[\"https:\\\/\\\/wobronietradycjiiwiary.com\\\/demony-woda-mydlo-golenie-i-strzyzenie-3-z-4\\\/\"]}]},{\"@type\":\"ImageObject\",\"inLanguage\":\"pl-PL\",\"@id\":\"https:\\\/\\\/wobronietradycjiiwiary.com\\\/demony-woda-mydlo-golenie-i-strzyzenie-3-z-4\\\/#primaryimage\",\"url\":\"https:\\\/\\\/wobronietradycjiiwiary.com\\\/wp-content\\\/uploads\\\/2019\\\/06\\\/joachim_patinir_006-scaled.jpg\",\"contentUrl\":\"https:\\\/\\\/wobronietradycjiiwiary.com\\\/wp-content\\\/uploads\\\/2019\\\/06\\\/joachim_patinir_006-scaled.jpg\",\"width\":1920,\"height\":1491},{\"@type\":\"BreadcrumbList\",\"@id\":\"https:\\\/\\\/wobronietradycjiiwiary.com\\\/demony-woda-mydlo-golenie-i-strzyzenie-3-z-4\\\/#breadcrumb\",\"itemListElement\":[{\"@type\":\"ListItem\",\"position\":1,\"name\":\"Strona g\u0142\u00f3wna\",\"item\":\"https:\\\/\\\/wobronietradycjiiwiary.com\\\/\"},{\"@type\":\"ListItem\",\"position\":2,\"name\":\"Demony, woda, myd\u0142o, golenie i strzy\u017cenie (3 z 4)\"}]},{\"@type\":\"WebSite\",\"@id\":\"https:\\\/\\\/wobronietradycjiiwiary.com\\\/pl\\\/#website\",\"url\":\"https:\\\/\\\/wobronietradycjiiwiary.com\\\/pl\\\/\",\"name\":\"Tradycja i Wiara\",\"description\":\"Portal dla katolik\u00f3w.\",\"publisher\":{\"@id\":\"https:\\\/\\\/wobronietradycjiiwiary.com\\\/pl\\\/#organization\"},\"potentialAction\":[{\"@type\":\"SearchAction\",\"target\":{\"@type\":\"EntryPoint\",\"urlTemplate\":\"https:\\\/\\\/wobronietradycjiiwiary.com\\\/pl\\\/?s={search_term_string}\"},\"query-input\":{\"@type\":\"PropertyValueSpecification\",\"valueRequired\":true,\"valueName\":\"search_term_string\"}}],\"inLanguage\":\"pl-PL\"},{\"@type\":\"Organization\",\"@id\":\"https:\\\/\\\/wobronietradycjiiwiary.com\\\/pl\\\/#organization\",\"name\":\"Tradycja i Wiara\",\"url\":\"https:\\\/\\\/wobronietradycjiiwiary.com\\\/pl\\\/\",\"logo\":{\"@type\":\"ImageObject\",\"inLanguage\":\"pl-PL\",\"@id\":\"https:\\\/\\\/wobronietradycjiiwiary.com\\\/pl\\\/#\\\/schema\\\/logo\\\/image\\\/\",\"url\":\"https:\\\/\\\/i0.wp.com\\\/wobronietradycjiiwiary.com\\\/wp-content\\\/uploads\\\/2015\\\/10\\\/cropped-st-peters-dome-vatican.jpg?fit=940%2C198&ssl=1\",\"contentUrl\":\"https:\\\/\\\/i0.wp.com\\\/wobronietradycjiiwiary.com\\\/wp-content\\\/uploads\\\/2015\\\/10\\\/cropped-st-peters-dome-vatican.jpg?fit=940%2C198&ssl=1\",\"width\":940,\"height\":198,\"caption\":\"Tradycja i Wiara\"},\"image\":{\"@id\":\"https:\\\/\\\/wobronietradycjiiwiary.com\\\/pl\\\/#\\\/schema\\\/logo\\\/image\\\/\"},\"sameAs\":[\"https:\\\/\\\/www.facebook.com\\\/Tradycja-i-Wiara-108813920592249\"]},{\"@type\":\"Person\",\"@id\":\"https:\\\/\\\/wobronietradycjiiwiary.com\\\/pl\\\/#\\\/schema\\\/person\\\/2d6180ce6abcb681fef0daab7816e8f3\",\"name\":\"Traditio et Fides\",\"sameAs\":[\"https:\\\/\\\/traditionundglauben.com\"],\"url\":\"https:\\\/\\\/wobronietradycjiiwiary.com\\\/pl\\\/author\\\/wobronietradycjiiwiary\\\/\"}]}<\/script>\n<!-- \/ Yoast SEO plugin. -->","yoast_head_json":{"title":"Demony, woda, myd\u0142o, golenie i strzy\u017cenie (3 z 4) - Tradycja i Wiara","robots":{"index":"index","follow":"follow","max-snippet":"max-snippet:-1","max-image-preview":"max-image-preview:large","max-video-preview":"max-video-preview:-1"},"canonical":"https:\/\/wobronietradycjiiwiary.com\/pl\/demony-woda-mydlo-golenie-i-strzyzenie-3-z-4\/","og_locale":"pl_PL","og_type":"article","og_title":"Demony, woda, myd\u0142o, golenie i strzy\u017cenie (3 z 4) - Tradycja i Wiara","og_description":"Za\u0142o\u017cy\u0107 trzeba tak\u017ce, \u017ce wszelkie obmycie si\u0119 po\u0142\u0105czone z modlitw\u0105, jak w przypadku lavabo kap\u0142ana podczas Mszy \u015awi\u0119tej, jest pewnym&hellip; &nbsp; Pe\u0142en dost\u0119p dla subskrybent\u00f3w. Zaloguj si\u0119 lub przejd\u017a do Rejestracji. Nowe ni\u017csze ceny P\u0142atno\u015b\u0107 kart\u0105 P\u0142atno\u015b\u0107 przelewem P\u0142atno\u015b\u0107 kart\u0105 do 6 os\u00f3b","og_url":"https:\/\/wobronietradycjiiwiary.com\/pl\/demony-woda-mydlo-golenie-i-strzyzenie-3-z-4\/","og_site_name":"Tradycja i Wiara","article_publisher":"https:\/\/www.facebook.com\/Tradycja-i-Wiara-108813920592249","article_published_time":"2019-07-19T06:00:30+00:00","article_modified_time":"2025-02-07T14:39:56+00:00","og_image":[{"width":1920,"height":1491,"url":"https:\/\/wobronietradycjiiwiary.com\/wp-content\/uploads\/2019\/06\/joachim_patinir_006-scaled.jpg","type":"image\/jpeg"}],"author":"Traditio et Fides","twitter_card":"summary_large_image","twitter_misc":{"Napisane przez":"Traditio et Fides","Szacowany czas czytania":"3 minuty"},"schema":{"@context":"https:\/\/schema.org","@graph":[{"@type":"Article","@id":"https:\/\/wobronietradycjiiwiary.com\/demony-woda-mydlo-golenie-i-strzyzenie-3-z-4\/#article","isPartOf":{"@id":"https:\/\/wobronietradycjiiwiary.com\/demony-woda-mydlo-golenie-i-strzyzenie-3-z-4\/"},"author":{"name":"Traditio et Fides","@id":"https:\/\/wobronietradycjiiwiary.com\/pl\/#\/schema\/person\/2d6180ce6abcb681fef0daab7816e8f3"},"headline":"Demony, woda, myd\u0142o, golenie i strzy\u017cenie (3 z 4)","datePublished":"2019-07-19T06:00:30+00:00","dateModified":"2025-02-07T14:39:56+00:00","mainEntityOfPage":{"@id":"https:\/\/wobronietradycjiiwiary.com\/demony-woda-mydlo-golenie-i-strzyzenie-3-z-4\/"},"wordCount":700,"commentCount":1,"publisher":{"@id":"https:\/\/wobronietradycjiiwiary.com\/pl\/#organization"},"image":{"@id":"https:\/\/wobronietradycjiiwiary.com\/demony-woda-mydlo-golenie-i-strzyzenie-3-z-4\/#primaryimage"},"thumbnailUrl":"https:\/\/wobronietradycjiiwiary.com\/wp-content\/uploads\/2019\/06\/joachim_patinir_006-scaled.jpg","keywords":["chrzest w Jordanie","Higiena osobista","modlitwa przed k\u0105piel\u0105","myd\u0142o","Premium","Restricted","woda"],"articleSection":["Demonologia praktyczna","Moda"],"inLanguage":"pl-PL","potentialAction":[{"@type":"CommentAction","name":"Comment","target":["https:\/\/wobronietradycjiiwiary.com\/demony-woda-mydlo-golenie-i-strzyzenie-3-z-4\/#respond"]}]},{"@type":"WebPage","@id":"https:\/\/wobronietradycjiiwiary.com\/demony-woda-mydlo-golenie-i-strzyzenie-3-z-4\/","url":"https:\/\/wobronietradycjiiwiary.com\/demony-woda-mydlo-golenie-i-strzyzenie-3-z-4\/","name":"Demony, woda, myd\u0142o, golenie i strzy\u017cenie (3 z 4) - Tradycja i Wiara","isPartOf":{"@id":"https:\/\/wobronietradycjiiwiary.com\/pl\/#website"},"primaryImageOfPage":{"@id":"https:\/\/wobronietradycjiiwiary.com\/demony-woda-mydlo-golenie-i-strzyzenie-3-z-4\/#primaryimage"},"image":{"@id":"https:\/\/wobronietradycjiiwiary.com\/demony-woda-mydlo-golenie-i-strzyzenie-3-z-4\/#primaryimage"},"thumbnailUrl":"https:\/\/wobronietradycjiiwiary.com\/wp-content\/uploads\/2019\/06\/joachim_patinir_006-scaled.jpg","datePublished":"2019-07-19T06:00:30+00:00","dateModified":"2025-02-07T14:39:56+00:00","breadcrumb":{"@id":"https:\/\/wobronietradycjiiwiary.com\/demony-woda-mydlo-golenie-i-strzyzenie-3-z-4\/#breadcrumb"},"inLanguage":"pl-PL","potentialAction":[{"@type":"ReadAction","target":["https:\/\/wobronietradycjiiwiary.com\/demony-woda-mydlo-golenie-i-strzyzenie-3-z-4\/"]}]},{"@type":"ImageObject","inLanguage":"pl-PL","@id":"https:\/\/wobronietradycjiiwiary.com\/demony-woda-mydlo-golenie-i-strzyzenie-3-z-4\/#primaryimage","url":"https:\/\/wobronietradycjiiwiary.com\/wp-content\/uploads\/2019\/06\/joachim_patinir_006-scaled.jpg","contentUrl":"https:\/\/wobronietradycjiiwiary.com\/wp-content\/uploads\/2019\/06\/joachim_patinir_006-scaled.jpg","width":1920,"height":1491},{"@type":"BreadcrumbList","@id":"https:\/\/wobronietradycjiiwiary.com\/demony-woda-mydlo-golenie-i-strzyzenie-3-z-4\/#breadcrumb","itemListElement":[{"@type":"ListItem","position":1,"name":"Strona g\u0142\u00f3wna","item":"https:\/\/wobronietradycjiiwiary.com\/"},{"@type":"ListItem","position":2,"name":"Demony, woda, myd\u0142o, golenie i strzy\u017cenie (3 z 4)"}]},{"@type":"WebSite","@id":"https:\/\/wobronietradycjiiwiary.com\/pl\/#website","url":"https:\/\/wobronietradycjiiwiary.com\/pl\/","name":"Tradycja i Wiara","description":"Portal dla katolik\u00f3w.","publisher":{"@id":"https:\/\/wobronietradycjiiwiary.com\/pl\/#organization"},"potentialAction":[{"@type":"SearchAction","target":{"@type":"EntryPoint","urlTemplate":"https:\/\/wobronietradycjiiwiary.com\/pl\/?s={search_term_string}"},"query-input":{"@type":"PropertyValueSpecification","valueRequired":true,"valueName":"search_term_string"}}],"inLanguage":"pl-PL"},{"@type":"Organization","@id":"https:\/\/wobronietradycjiiwiary.com\/pl\/#organization","name":"Tradycja i Wiara","url":"https:\/\/wobronietradycjiiwiary.com\/pl\/","logo":{"@type":"ImageObject","inLanguage":"pl-PL","@id":"https:\/\/wobronietradycjiiwiary.com\/pl\/#\/schema\/logo\/image\/","url":"https:\/\/i0.wp.com\/wobronietradycjiiwiary.com\/wp-content\/uploads\/2015\/10\/cropped-st-peters-dome-vatican.jpg?fit=940%2C198&ssl=1","contentUrl":"https:\/\/i0.wp.com\/wobronietradycjiiwiary.com\/wp-content\/uploads\/2015\/10\/cropped-st-peters-dome-vatican.jpg?fit=940%2C198&ssl=1","width":940,"height":198,"caption":"Tradycja i Wiara"},"image":{"@id":"https:\/\/wobronietradycjiiwiary.com\/pl\/#\/schema\/logo\/image\/"},"sameAs":["https:\/\/www.facebook.com\/Tradycja-i-Wiara-108813920592249"]},{"@type":"Person","@id":"https:\/\/wobronietradycjiiwiary.com\/pl\/#\/schema\/person\/2d6180ce6abcb681fef0daab7816e8f3","name":"Traditio et Fides","sameAs":["https:\/\/traditionundglauben.com"],"url":"https:\/\/wobronietradycjiiwiary.com\/pl\/author\/wobronietradycjiiwiary\/"}]}},"jetpack_publicize_connections":[],"jetpack_sharing_enabled":true,"jetpack_likes_enabled":true,"jetpack_shortlink":"https:\/\/wp.me\/pc04Sd-5pp","jetpack-related-posts":[{"id":20793,"url":"https:\/\/wobronietradycjiiwiary.com\/pl\/demony-woda-mydlo-golenie-i-strzyzenie-2-z-4\/","url_meta":{"origin":20795,"position":0},"title":"Demony, woda, myd\u0142o, golenie i strzy\u017cenie (2 z 4)","author":"Traditio et Fides","date":"12 lipca 2019","format":false,"excerpt":"Antydemoniczne dzia\u0142anie wody I teraz przechodzimy do nast\u0119pnego punktu autor zaobserwowa\u0142 r\u00f3wnie\u017c, \u017ce po takiej demonicznie przepoconej nocy oraz po rannych dr\u0119czeniach, kt\u00f3re maj\u0105 miejsce przy budzeniu si\u0119 i s\u0105 zawsze wprost proporcjonalne do dobra, kt\u00f3rego do\u015bwiadczy danego dnia niezwyk\u0142e ukojenie, nie tylko fizyczne, ale w\u0142a\u015bnie duchowe, daje poranny prysznic.\u2026","rel":"","context":"W \u201eDemonologia praktyczna&quot;","block_context":{"text":"Demonologia praktyczna","link":"https:\/\/wobronietradycjiiwiary.com\/pl\/category\/doktryna\/teologia-dogmatyczna\/demonologia-teologia\/demonologia-praktyczna\/"},"img":{"alt_text":"","src":"https:\/\/i0.wp.com\/wobronietradycjiiwiary.com\/wp-content\/uploads\/2019\/06\/joachim_patinir_006-scaled.jpg?resize=350%2C200&ssl=1","width":350,"height":200,"srcset":"https:\/\/i0.wp.com\/wobronietradycjiiwiary.com\/wp-content\/uploads\/2019\/06\/joachim_patinir_006-scaled.jpg?resize=350%2C200&ssl=1 1x, https:\/\/i0.wp.com\/wobronietradycjiiwiary.com\/wp-content\/uploads\/2019\/06\/joachim_patinir_006-scaled.jpg?resize=525%2C300&ssl=1 1.5x, https:\/\/i0.wp.com\/wobronietradycjiiwiary.com\/wp-content\/uploads\/2019\/06\/joachim_patinir_006-scaled.jpg?resize=700%2C400&ssl=1 2x, https:\/\/i0.wp.com\/wobronietradycjiiwiary.com\/wp-content\/uploads\/2019\/06\/joachim_patinir_006-scaled.jpg?resize=1050%2C600&ssl=1 3x, https:\/\/i0.wp.com\/wobronietradycjiiwiary.com\/wp-content\/uploads\/2019\/06\/joachim_patinir_006-scaled.jpg?resize=1400%2C800&ssl=1 4x"},"classes":[]},{"id":20799,"url":"https:\/\/wobronietradycjiiwiary.com\/pl\/demony-woda-mydlo-golenie-i-strzyzenie-5-z-5\/","url_meta":{"origin":20795,"position":1},"title":"Demony, woda, myd\u0142o, golenie i strzy\u017cenie (5 z 5)","author":"Traditio et Fides","date":"2 sierpnia 2019","format":false,"excerpt":"Moda tak\u017ce wzgl\u0119dem zarostu w Ko\u015bciele si\u0119 zmienia\u0142a, wi\u0119c trudno tutaj argumentowa\u0107 tradycj\u0105 przez ma\u0142e t. Chocia\u017c w dawnych wiekach przy otrzymaniu tonsury rzeczywi\u015bcie golono g\u0142owy, co czyni\u0105 i dzisiaj niekt\u00f3re zakony starorytualne, tak i\u017c kleryk rzeczywi\u015bcie si\u0119 zewn\u0119trznie od \u015bwieckiego r\u00f3\u017cni\u0142, to jednak trudno przyj\u0105\u0107, \u017ce ostrzy\u017cenie g\u0142owy stanowi\u0107\u2026","rel":"","context":"W \u201eHigiena osobista&quot;","block_context":{"text":"Higiena osobista","link":"https:\/\/wobronietradycjiiwiary.com\/pl\/category\/doktryna\/teologia-moralna\/higiena-osobista\/"},"img":{"alt_text":"","src":"https:\/\/i0.wp.com\/wobronietradycjiiwiary.com\/wp-content\/uploads\/2019\/06\/joachim_patinir_006-scaled.jpg?resize=350%2C200&ssl=1","width":350,"height":200,"srcset":"https:\/\/i0.wp.com\/wobronietradycjiiwiary.com\/wp-content\/uploads\/2019\/06\/joachim_patinir_006-scaled.jpg?resize=350%2C200&ssl=1 1x, https:\/\/i0.wp.com\/wobronietradycjiiwiary.com\/wp-content\/uploads\/2019\/06\/joachim_patinir_006-scaled.jpg?resize=525%2C300&ssl=1 1.5x, https:\/\/i0.wp.com\/wobronietradycjiiwiary.com\/wp-content\/uploads\/2019\/06\/joachim_patinir_006-scaled.jpg?resize=700%2C400&ssl=1 2x, https:\/\/i0.wp.com\/wobronietradycjiiwiary.com\/wp-content\/uploads\/2019\/06\/joachim_patinir_006-scaled.jpg?resize=1050%2C600&ssl=1 3x, https:\/\/i0.wp.com\/wobronietradycjiiwiary.com\/wp-content\/uploads\/2019\/06\/joachim_patinir_006-scaled.jpg?resize=1400%2C800&ssl=1 4x"},"classes":[]},{"id":20797,"url":"https:\/\/wobronietradycjiiwiary.com\/pl\/demony-woda-mydlo-golenie-i-strzyzenie-4-z-5\/","url_meta":{"origin":20795,"position":2},"title":"Demony, woda, myd\u0142o, golenie i strzy\u017cenie (4 z 5)","author":"Traditio et Fides","date":"26 lipca 2019","format":false,"excerpt":"W\u0142osy i ich duchowe znaczenie Richalm m\u00f3wi we fragmencie, kt\u00f3re w danej chwili nie mo\u017cemy odnale\u017a\u0107, \u017ce demony in capillis sunt - \"s\u0105 we\/na w\u0142osach\". Jest to bardzo ciekawe, bo mo\u017cna by zapyta\u0107, dlaczego demony lokalizuj\u0105 si\u0119 akurat w tych miejscach.\u00a0Zanim odnajdziemy wspomniane miejsce u Richalma przedstawimy kilka fakt\u00f3w na\u2026","rel":"","context":"W \u201eHigiena osobista&quot;","block_context":{"text":"Higiena osobista","link":"https:\/\/wobronietradycjiiwiary.com\/pl\/category\/doktryna\/teologia-moralna\/higiena-osobista\/"},"img":{"alt_text":"","src":"https:\/\/i0.wp.com\/wobronietradycjiiwiary.com\/wp-content\/uploads\/2019\/06\/joachim_patinir_006-scaled.jpg?resize=350%2C200&ssl=1","width":350,"height":200,"srcset":"https:\/\/i0.wp.com\/wobronietradycjiiwiary.com\/wp-content\/uploads\/2019\/06\/joachim_patinir_006-scaled.jpg?resize=350%2C200&ssl=1 1x, https:\/\/i0.wp.com\/wobronietradycjiiwiary.com\/wp-content\/uploads\/2019\/06\/joachim_patinir_006-scaled.jpg?resize=525%2C300&ssl=1 1.5x, https:\/\/i0.wp.com\/wobronietradycjiiwiary.com\/wp-content\/uploads\/2019\/06\/joachim_patinir_006-scaled.jpg?resize=700%2C400&ssl=1 2x, https:\/\/i0.wp.com\/wobronietradycjiiwiary.com\/wp-content\/uploads\/2019\/06\/joachim_patinir_006-scaled.jpg?resize=1050%2C600&ssl=1 3x, https:\/\/i0.wp.com\/wobronietradycjiiwiary.com\/wp-content\/uploads\/2019\/06\/joachim_patinir_006-scaled.jpg?resize=1400%2C800&ssl=1 4x"},"classes":[]},{"id":20791,"url":"https:\/\/wobronietradycjiiwiary.com\/pl\/demony-woda-mydlo-golenie-i-strzyzenie-1-z-3\/","url_meta":{"origin":20795,"position":3},"title":"Demony, woda, myd\u0142o, golenie i strzy\u017cenie (1 z 3)","author":"Traditio et Fides","date":"5 lipca 2019","format":false,"excerpt":"Jako przerywnik naszego demonologicznego cyklu pragniemy przedstawi\u0107 kilka wpis\u00f3w dotycz\u0105cych estetyki, a konkretnie mody m\u0119skiej w t\u0142umaczeniu jatoniejanie. Zanim do tego przejdziemy kilka s\u0142\u00f3w teologicznego wprowadzenia. O ile w pi\u015bmiennictwie katolickim cz\u0119sto znale\u017a\u0107 mo\u017cna artyku\u0142y na temat mody \u017ce\u0144skiej i pi\u0119tnowania jej nieobyczajno\u015bci, czego pocz\u0105tki si\u0119gaj\u0105 ju\u017c list\u00f3w \u015bw. Paw\u0142a,\u2026","rel":"","context":"W \u201eDemonologia praktyczna&quot;","block_context":{"text":"Demonologia praktyczna","link":"https:\/\/wobronietradycjiiwiary.com\/pl\/category\/doktryna\/teologia-dogmatyczna\/demonologia-teologia\/demonologia-praktyczna\/"},"img":{"alt_text":"","src":"https:\/\/i0.wp.com\/wobronietradycjiiwiary.com\/wp-content\/uploads\/2019\/06\/joachim_patinir_006-scaled.jpg?resize=350%2C200&ssl=1","width":350,"height":200,"srcset":"https:\/\/i0.wp.com\/wobronietradycjiiwiary.com\/wp-content\/uploads\/2019\/06\/joachim_patinir_006-scaled.jpg?resize=350%2C200&ssl=1 1x, https:\/\/i0.wp.com\/wobronietradycjiiwiary.com\/wp-content\/uploads\/2019\/06\/joachim_patinir_006-scaled.jpg?resize=525%2C300&ssl=1 1.5x, https:\/\/i0.wp.com\/wobronietradycjiiwiary.com\/wp-content\/uploads\/2019\/06\/joachim_patinir_006-scaled.jpg?resize=700%2C400&ssl=1 2x, https:\/\/i0.wp.com\/wobronietradycjiiwiary.com\/wp-content\/uploads\/2019\/06\/joachim_patinir_006-scaled.jpg?resize=1050%2C600&ssl=1 3x, https:\/\/i0.wp.com\/wobronietradycjiiwiary.com\/wp-content\/uploads\/2019\/06\/joachim_patinir_006-scaled.jpg?resize=1400%2C800&ssl=1 4x"},"classes":[]},{"id":15499,"url":"https:\/\/wobronietradycjiiwiary.com\/pl\/woda-egzorcyzmowana-lub-blogoslawienstwo-wody-z-rituale-romanum-2\/","url_meta":{"origin":20795,"position":4},"title":"&#8220;Woda egzorcyzmowana&#8221; lub b\u0142ogos\u0142awie\u0144stwo wody z Rituale romanum","author":"Traditio et Fides","date":"6 stycznia 2022","format":false,"excerpt":"Do specjalnego serwisu naszej \"siostrzanej strony\", o kt\u00f3rej coraz rzadziej tutaj wspominamy z racji lepszych temat\u00f3w, nale\u017cy egzorcyzmowanie wody na odleg\u0142o\u015b\u0107 poprzez jej opiekuna duchowego. Co jaki\u015b czas czytelnicy \"siostrzanej strony\" prosz\u0105 o \"wod\u0119 egzorcyzmowan\u0105\" w wiadomym sobie celu.\u00a0 Zapytani, co o takiej dzia\u0142alno\u015bci s\u0105dzimy, odpowiadamy, \u017ce Ko\u015bci\u00f3\u0142 i jego\u2026","rel":"","context":"W \u201eB\u0142ogos\u0142awie\u0144stwa z Rituale romanum&quot;","block_context":{"text":"B\u0142ogos\u0142awie\u0144stwa z Rituale romanum","link":"https:\/\/wobronietradycjiiwiary.com\/pl\/category\/duchowosc\/modlitwy\/blogoslawienstwa-z-rituale-romanum\/"},"img":{"alt_text":"","src":"https:\/\/i0.wp.com\/wobronietradycjiiwiary.com\/wp-content\/uploads\/2018\/10\/all-saints.jpg?resize=350%2C200&ssl=1","width":350,"height":200,"srcset":"https:\/\/i0.wp.com\/wobronietradycjiiwiary.com\/wp-content\/uploads\/2018\/10\/all-saints.jpg?resize=350%2C200&ssl=1 1x, https:\/\/i0.wp.com\/wobronietradycjiiwiary.com\/wp-content\/uploads\/2018\/10\/all-saints.jpg?resize=525%2C300&ssl=1 1.5x, https:\/\/i0.wp.com\/wobronietradycjiiwiary.com\/wp-content\/uploads\/2018\/10\/all-saints.jpg?resize=700%2C400&ssl=1 2x"},"classes":[]},{"id":14876,"url":"https:\/\/wobronietradycjiiwiary.com\/pl\/woda-egzorcyzmowana-lub-blogoslawienstwo-wody-z-rituale-romanum\/","url_meta":{"origin":20795,"position":5},"title":"&#8220;Woda egzorcyzmowana&#8221; lub b\u0142ogos\u0142awie\u0144stwo wody z Rituale romanum","author":"Traditio et Fides","date":"8 listopada 2017","format":false,"excerpt":"Do specjalnego serwisu naszej \"siostrzanej strony\", o kt\u00f3rej coraz rzadziej tutaj wspominamy z racji lepszych temat\u00f3w, nale\u017cy egzorcyzmowanie wody na odleg\u0142o\u015b\u0107 poprzez jej opiekuna duchowego. Co jaki\u015b czas czytelnicy \"siostrzanej strony\" prosz\u0105 o \"wod\u0119 egzorcyzmowan\u0105\" w wiadomym sobie celu.\u00a0 Zapytani, co o takiej dzia\u0142alno\u015bci s\u0105dzimy, odpowiadamy, \u017ce Ko\u015bci\u00f3\u0142 i jego\u2026","rel":"","context":"W \u201eSakramentalia&quot;","block_context":{"text":"Sakramentalia","link":"https:\/\/wobronietradycjiiwiary.com\/pl\/category\/doktryna\/teologia-dogmatyczna\/sakramentalia\/"},"img":{"alt_text":"","src":"https:\/\/i0.wp.com\/wobronietradycjiiwiary.com\/wp-content\/uploads\/2017\/10\/aqua-benedicta.jpg?resize=350%2C200&ssl=1","width":350,"height":200,"srcset":"https:\/\/i0.wp.com\/wobronietradycjiiwiary.com\/wp-content\/uploads\/2017\/10\/aqua-benedicta.jpg?resize=350%2C200&ssl=1 1x, https:\/\/i0.wp.com\/wobronietradycjiiwiary.com\/wp-content\/uploads\/2017\/10\/aqua-benedicta.jpg?resize=525%2C300&ssl=1 1.5x, https:\/\/i0.wp.com\/wobronietradycjiiwiary.com\/wp-content\/uploads\/2017\/10\/aqua-benedicta.jpg?resize=700%2C400&ssl=1 2x"},"classes":[]}],"amp_enabled":true,"jetpack_featured_media_url":"https:\/\/wobronietradycjiiwiary.com\/wp-content\/uploads\/2019\/06\/joachim_patinir_006-scaled.jpg","_links":{"self":[{"href":"https:\/\/wobronietradycjiiwiary.com\/pl\/wp-json\/wp\/v2\/posts\/20795","targetHints":{"allow":["GET"]}}],"collection":[{"href":"https:\/\/wobronietradycjiiwiary.com\/pl\/wp-json\/wp\/v2\/posts"}],"about":[{"href":"https:\/\/wobronietradycjiiwiary.com\/pl\/wp-json\/wp\/v2\/types\/post"}],"author":[{"embeddable":true,"href":"https:\/\/wobronietradycjiiwiary.com\/pl\/wp-json\/wp\/v2\/users\/60508433"}],"replies":[{"embeddable":true,"href":"https:\/\/wobronietradycjiiwiary.com\/pl\/wp-json\/wp\/v2\/comments?post=20795"}],"version-history":[{"count":1,"href":"https:\/\/wobronietradycjiiwiary.com\/pl\/wp-json\/wp\/v2\/posts\/20795\/revisions"}],"predecessor-version":[{"id":56910,"href":"https:\/\/wobronietradycjiiwiary.com\/pl\/wp-json\/wp\/v2\/posts\/20795\/revisions\/56910"}],"wp:featuredmedia":[{"embeddable":true,"href":"https:\/\/wobronietradycjiiwiary.com\/pl\/wp-json\/wp\/v2\/media\/20792"}],"wp:attachment":[{"href":"https:\/\/wobronietradycjiiwiary.com\/pl\/wp-json\/wp\/v2\/media?parent=20795"}],"wp:term":[{"taxonomy":"category","embeddable":true,"href":"https:\/\/wobronietradycjiiwiary.com\/pl\/wp-json\/wp\/v2\/categories?post=20795"},{"taxonomy":"post_tag","embeddable":true,"href":"https:\/\/wobronietradycjiiwiary.com\/pl\/wp-json\/wp\/v2\/tags?post=20795"}],"curies":[{"name":"wp","href":"https:\/\/api.w.org\/{rel}","templated":true}]}}