{"id":19180,"date":"2018-12-13T14:56:50","date_gmt":"2018-12-13T13:56:50","guid":{"rendered":"https:\/\/wobronietradycjiiwiaryblog.wordpress.com\/?p=19180"},"modified":"2025-02-07T15:39:56","modified_gmt":"2025-02-07T14:39:56","slug":"komu-wolno-blogoslawic-lub-o-blogoslawienstwach-przez-swieckich","status":"publish","type":"post","link":"https:\/\/wobronietradycjiiwiary.com\/pl\/komu-wolno-blogoslawic-lub-o-blogoslawienstwach-przez-swieckich\/","title":{"rendered":"Komu wolno b\u0142ogos\u0142awi\u0107 lub o b\u0142ogos\u0142awie\u0144stwach przez \u015bwieckich"},"content":{"rendered":"<div id=\"bsf_rt_marker\"><\/div><p>Nasz drogi i g\u0142odny wiedzy Pan Mariusz Jerzy zadaj\u0105c ostatnio pytanie Redakcji zada\u0142 jej \u0107wieka, kt\u00f3ry zosta\u0142 usuni\u0119ty jak zwykle&hellip;<\/p>\n<div style=\"text-align: center\">\n<p>&nbsp;<\/p>\n<\/div>\n<h2 style=\"border: 5px solid #0000A0;padding: 1em;text-align: center\"><span style=\"color: #000000\">Pe\u0142en dost\u0119p dla <span style=\"color: #00ccff\"><a style=\"color: #00ccff\" href=\"https:\/\/wobronietradycjiiwiary.com\/subskrypcje-2\/\" target=\"_blank\" rel=\"noopener\">subskrybent\u00f3w<\/a><\/span>.<\/span><br \/>\n<span style=\"color: #3366ff\"><a style=\"color: #3366ff\" href=\"https:\/\/wobronietradycjiiwiary.com\/account\/login\/\" target=\"_blank\" rel=\"noopener\"><span style=\"color: #00ccff\">Zaloguj<\/span><\/a> <\/span>si\u0119 lub przejd\u017a do <a href=\"https:\/\/wobronietradycjiiwiary.com\/register\/\"><span style=\"color: #3366ff\">Rejestracji<\/span><\/a>.<\/h2>\n<div>\n<p style=\"text-align: center\"><a href=\"https:\/\/wobronietradycjiiwiary.com\/pl\/subskrypcje-2\/cennik\/\" target=\"_blank\" rel=\"noopener\"><span style=\"color: #000080;font-size: 24pt\"><strong>Nowe ni\u017csze ceny<\/strong><\/span><\/a><\/p>\n<p style=\"text-align: center\"><strong><span style=\"font-size: 18pt;color: #000080\">P\u0142atno\u015b\u0107 kart\u0105<\/span><\/strong><\/p>\n<\/div>\n<h3 style=\"text-align: center\"><a href=\"https:\/\/wobronietradycjiiwiary.com\/pl\/subskrypcje-2\/automatyczne\/indywidualne\/\" target=\"_blank\" rel=\"noopener\"><img fetchpriority=\"high\" decoding=\"async\" class=\"alignnone size-medium wp-image-80433\" src=\"https:\/\/wobronietradycjiiwiary.com\/wp-content\/uploads\/2022\/11\/Unbenannt-1-Online-1-300x202.jpg\" alt=\"\" width=\"300\" height=\"202\" srcset=\"https:\/\/wobronietradycjiiwiary.com\/wp-content\/uploads\/2022\/11\/Unbenannt-1-Online-1-300x202.jpg 300w, https:\/\/wobronietradycjiiwiary.com\/wp-content\/uploads\/2022\/11\/Unbenannt-1-Online-1-150x101.jpg 150w, https:\/\/wobronietradycjiiwiary.com\/wp-content\/uploads\/2022\/11\/Unbenannt-1-Online-1-18x12.jpg 18w, https:\/\/wobronietradycjiiwiary.com\/wp-content\/uploads\/2022\/11\/Unbenannt-1-Online-1.jpg 446w\" sizes=\"(max-width: 300px) 100vw, 300px\" \/><\/a><\/h3>\n<p style=\"text-align: center\"><strong><span style=\"font-size: 18pt;color: #000080\">P\u0142atno\u015b\u0107 przelewem<\/span><\/strong><\/p>\n<p><a href=\"https:\/\/wobronietradycjiiwiary.com\/pl\/subskrypcje-2\/automatyczne\/indywidualne\/\" target=\"_blank\" rel=\"noopener\"><img decoding=\"async\" class=\"size-medium wp-image-80434 aligncenter\" src=\"https:\/\/wobronietradycjiiwiary.com\/wp-content\/uploads\/2022\/11\/Unbenannt-1-Przelewem-300x137.jpg\" alt=\"\" width=\"300\" height=\"137\" srcset=\"https:\/\/wobronietradycjiiwiary.com\/wp-content\/uploads\/2022\/11\/Unbenannt-1-Przelewem-300x137.jpg 300w, https:\/\/wobronietradycjiiwiary.com\/wp-content\/uploads\/2022\/11\/Unbenannt-1-Przelewem-450x206.jpg 450w, https:\/\/wobronietradycjiiwiary.com\/wp-content\/uploads\/2022\/11\/Unbenannt-1-Przelewem-600x274.jpg 600w, https:\/\/wobronietradycjiiwiary.com\/wp-content\/uploads\/2022\/11\/Unbenannt-1-Przelewem-150x69.jpg 150w, https:\/\/wobronietradycjiiwiary.com\/wp-content\/uploads\/2022\/11\/Unbenannt-1-Przelewem-18x8.jpg 18w, https:\/\/wobronietradycjiiwiary.com\/wp-content\/uploads\/2022\/11\/Unbenannt-1-Przelewem.jpg 676w\" sizes=\"(max-width: 300px) 100vw, 300px\" \/><\/a><\/p>\n<p style=\"text-align: center\"><strong><span style=\"font-size: 18pt;color: #000080\">P\u0142atno\u015b\u0107 kart\u0105 do 6 os\u00f3b<\/span><\/strong><\/p>\n<p><a href=\"https:\/\/wobronietradycjiiwiary.com\/pl\/rodzinne\/\" target=\"_blank\" rel=\"noopener\"><img decoding=\"async\" class=\"size-medium wp-image-80435 aligncenter\" src=\"https:\/\/wobronietradycjiiwiary.com\/wp-content\/uploads\/2022\/11\/Unbenannt-1-Rodzinna-300x208.jpg\" alt=\"\" width=\"300\" height=\"208\" srcset=\"https:\/\/wobronietradycjiiwiary.com\/wp-content\/uploads\/2022\/11\/Unbenannt-1-Rodzinna-300x208.jpg 300w, https:\/\/wobronietradycjiiwiary.com\/wp-content\/uploads\/2022\/11\/Unbenannt-1-Rodzinna-150x104.jpg 150w, https:\/\/wobronietradycjiiwiary.com\/wp-content\/uploads\/2022\/11\/Unbenannt-1-Rodzinna-18x12.jpg 18w, https:\/\/wobronietradycjiiwiary.com\/wp-content\/uploads\/2022\/11\/Unbenannt-1-Rodzinna.jpg 448w\" sizes=\"(max-width: 300px) 100vw, 300px\" \/><\/a><\/p>\n<h3 style=\"text-align: center\"><\/h3>\n<h1 style=\"text-align: center\"><\/h1>\n","protected":false},"excerpt":{"rendered":"<p>Okazuje si\u0119 bowiem, \u017ce posoborowa nauka i praktyka o szafarstwie sakramentali\u00f3w przez \u015bwieckich jest zupe\u0142nie nie do pogodzenia z nauczaniem przedsoborowym. Wygl\u0105da na to, \u017ce wprowadzono ryty, kt\u00f3re za sob\u0105, opr\u00f3cz modlitwy, \u017cadnych skutk\u00f3w duchowych nie poci\u0105gaj\u0105. Wniosek ten jest druzgoc\u0105cy, ale autor\u00a0 wpisu otwarty jest na dyskusje.\u00a0<\/p>\n","protected":false},"author":60508433,"featured_media":19181,"comment_status":"open","ping_status":"closed","sticky":false,"template":"","format":"standard","meta":{"_bbp_topic_count":0,"_bbp_reply_count":0,"_bbp_total_topic_count":0,"_bbp_total_reply_count":0,"_bbp_voice_count":0,"_bbp_anonymous_reply_count":0,"_bbp_topic_count_hidden":0,"_bbp_reply_count_hidden":0,"_bbp_forum_subforum_count":0,"_editorskit_title_hidden":false,"_editorskit_reading_time":9,"_editorskit_is_block_options_detached":false,"_editorskit_block_options_position":"{}","_coblocks_attr":"","_coblocks_dimensions":"","_coblocks_responsive_height":"","_coblocks_accordion_ie_support":"","_exactmetrics_skip_tracking":false,"_jetpack_newsletter_access":"","_jetpack_dont_email_post_to_subs":false,"_jetpack_newsletter_tier_id":0,"_jetpack_memberships_contains_paywalled_content":false,"_wpcom_ai_launchpad_first_post":false,"_jetpack_feature_clip_id":0,"_jetpack_memberships_contains_paid_content":false,"footnotes":"","jetpack_publicize_message":"{title}\n\n{excerpt}\n\n{url}","jetpack_publicize_feature_enabled":true,"jetpack_social_post_already_shared":true,"jetpack_social_options":{"image_generator_settings":{"template":"highway","default_image_id":0,"font":"","enabled":false},"version":2},"_wpas_customize_per_network":false,"jetpack_post_was_ever_published":false},"categories":[610132066,3764412],"tags":[610132067,1748494,610131158,610132133,12994032,610130667,610131159,610132183],"class_list":["post-19180","post","type-post","status-publish","format-standard","has-post-thumbnail","hentry","category-blogoslawienie-i-swiecenie","category-sakramentalia","tag-blogoslawienie-i-swiecenie","tag-blogoslawienstwa","tag-blogoslawienstwa-przez-swieckich","tag-restricted","tag-rituale-romanum","tag-sakramentalia","tag-szafarz-blogoslawienstw","tag-sw-tomasz-apostol"],"yoast_head":"<!-- This site is optimized with the Yoast SEO plugin v28.4 - https:\/\/yoast.com\/product\/yoast-seo-wordpress\/ -->\n<title>Komu wolno b\u0142ogos\u0142awi\u0107 lub o b\u0142ogos\u0142awie\u0144stwach przez \u015bwieckich - Tradycja i Wiara<\/title>\n<meta name=\"description\" content=\"Komu wolno b\u0142ogos\u0142awi\u0107 lub o b\u0142ogos\u0142awie\u0144stwach przez \u015bwieckich b\u0142ogos\u0142awie\u0144stwa Rituale romanum \u015bwieccy liturgia clericus\" \/>\n<meta name=\"robots\" content=\"index, follow, max-snippet:-1, max-image-preview:large, max-video-preview:-1\" \/>\n<link rel=\"canonical\" href=\"https:\/\/wobronietradycjiiwiary.com\/pl\/komu-wolno-blogoslawic-lub-o-blogoslawienstwach-przez-swieckich\/\" \/>\n<meta property=\"og:locale\" content=\"pl_PL\" \/>\n<meta property=\"og:type\" content=\"article\" \/>\n<meta property=\"og:title\" content=\"Komu wolno b\u0142ogos\u0142awi\u0107 lub o b\u0142ogos\u0142awie\u0144stwach przez \u015bwieckich - Tradycja i Wiara\" \/>\n<meta property=\"og:description\" content=\"Komu wolno b\u0142ogos\u0142awi\u0107 lub o b\u0142ogos\u0142awie\u0144stwach przez \u015bwieckich b\u0142ogos\u0142awie\u0144stwa Rituale romanum \u015bwieccy liturgia clericus\" \/>\n<meta property=\"og:url\" content=\"https:\/\/wobronietradycjiiwiary.com\/pl\/komu-wolno-blogoslawic-lub-o-blogoslawienstwach-przez-swieckich\/\" \/>\n<meta property=\"og:site_name\" content=\"Tradycja i Wiara\" \/>\n<meta property=\"article:publisher\" content=\"https:\/\/www.facebook.com\/Tradycja-i-Wiara-108813920592249\" \/>\n<meta property=\"article:published_time\" content=\"2018-12-13T13:56:50+00:00\" \/>\n<meta property=\"article:modified_time\" content=\"2025-02-07T14:39:56+00:00\" \/>\n<meta property=\"og:image\" content=\"https:\/\/wobronietradycjiiwiary.com\/wp-content\/uploads\/2018\/12\/blessing.jpg\" \/>\n\t<meta property=\"og:image:width\" content=\"499\" \/>\n\t<meta property=\"og:image:height\" content=\"314\" \/>\n\t<meta property=\"og:image:type\" content=\"image\/jpeg\" \/>\n<meta name=\"author\" content=\"Traditio et Fides\" \/>\n<meta name=\"twitter:card\" content=\"summary_large_image\" \/>\n<meta name=\"twitter:label1\" content=\"Napisane przez\" \/>\n\t<meta name=\"twitter:data1\" content=\"Traditio et Fides\" \/>\n\t<meta name=\"twitter:label2\" content=\"Szacowany czas czytania\" \/>\n\t<meta name=\"twitter:data2\" content=\"12 minut\" \/>\n<script type=\"application\/ld+json\" class=\"yoast-schema-graph\">{\"@context\":\"https:\\\/\\\/schema.org\",\"@graph\":[{\"@type\":\"Article\",\"@id\":\"https:\\\/\\\/wobronietradycjiiwiary.com\\\/komu-wolno-blogoslawic-lub-o-blogoslawienstwach-przez-swieckich\\\/#article\",\"isPartOf\":{\"@id\":\"https:\\\/\\\/wobronietradycjiiwiary.com\\\/komu-wolno-blogoslawic-lub-o-blogoslawienstwach-przez-swieckich\\\/\"},\"author\":{\"name\":\"Traditio et Fides\",\"@id\":\"https:\\\/\\\/wobronietradycjiiwiary.com\\\/pl\\\/#\\\/schema\\\/person\\\/2d6180ce6abcb681fef0daab7816e8f3\"},\"headline\":\"Komu wolno b\u0142ogos\u0142awi\u0107 lub o b\u0142ogos\u0142awie\u0144stwach przez \u015bwieckich\",\"datePublished\":\"2018-12-13T13:56:50+00:00\",\"dateModified\":\"2025-02-07T14:39:56+00:00\",\"mainEntityOfPage\":{\"@id\":\"https:\\\/\\\/wobronietradycjiiwiary.com\\\/komu-wolno-blogoslawic-lub-o-blogoslawienstwach-przez-swieckich\\\/\"},\"wordCount\":3159,\"commentCount\":8,\"publisher\":{\"@id\":\"https:\\\/\\\/wobronietradycjiiwiary.com\\\/pl\\\/#organization\"},\"image\":{\"@id\":\"https:\\\/\\\/wobronietradycjiiwiary.com\\\/komu-wolno-blogoslawic-lub-o-blogoslawienstwach-przez-swieckich\\\/#primaryimage\"},\"thumbnailUrl\":\"https:\\\/\\\/wobronietradycjiiwiary.com\\\/wp-content\\\/uploads\\\/2018\\\/12\\\/blessing.jpg\",\"keywords\":[\"b\u0142ogos\u0142awienie i \u015bwi\u0119cenie\",\"b\u0142ogos\u0142awie\u0144stwa\",\"b\u0142ogos\u0142awie\u0144stwa przez \u015bwieckich\",\"Restricted\",\"Rituale romanum\",\"Sakramentalia\",\"szafarz b\u0142ogos\u0142awie\u0144stw\",\"\u015bw. Tomasz Aposto\u0142\"],\"articleSection\":[\"B\u0142ogos\u0142awienie i \u015bwi\u0119cenie\",\"Sakramentalia\"],\"inLanguage\":\"pl-PL\",\"potentialAction\":[{\"@type\":\"CommentAction\",\"name\":\"Comment\",\"target\":[\"https:\\\/\\\/wobronietradycjiiwiary.com\\\/komu-wolno-blogoslawic-lub-o-blogoslawienstwach-przez-swieckich\\\/#respond\"]}]},{\"@type\":\"WebPage\",\"@id\":\"https:\\\/\\\/wobronietradycjiiwiary.com\\\/komu-wolno-blogoslawic-lub-o-blogoslawienstwach-przez-swieckich\\\/\",\"url\":\"https:\\\/\\\/wobronietradycjiiwiary.com\\\/komu-wolno-blogoslawic-lub-o-blogoslawienstwach-przez-swieckich\\\/\",\"name\":\"Komu wolno b\u0142ogos\u0142awi\u0107 lub o b\u0142ogos\u0142awie\u0144stwach przez \u015bwieckich - Tradycja i Wiara\",\"isPartOf\":{\"@id\":\"https:\\\/\\\/wobronietradycjiiwiary.com\\\/pl\\\/#website\"},\"primaryImageOfPage\":{\"@id\":\"https:\\\/\\\/wobronietradycjiiwiary.com\\\/komu-wolno-blogoslawic-lub-o-blogoslawienstwach-przez-swieckich\\\/#primaryimage\"},\"image\":{\"@id\":\"https:\\\/\\\/wobronietradycjiiwiary.com\\\/komu-wolno-blogoslawic-lub-o-blogoslawienstwach-przez-swieckich\\\/#primaryimage\"},\"thumbnailUrl\":\"https:\\\/\\\/wobronietradycjiiwiary.com\\\/wp-content\\\/uploads\\\/2018\\\/12\\\/blessing.jpg\",\"datePublished\":\"2018-12-13T13:56:50+00:00\",\"dateModified\":\"2025-02-07T14:39:56+00:00\",\"description\":\"Komu wolno b\u0142ogos\u0142awi\u0107 lub o b\u0142ogos\u0142awie\u0144stwach przez \u015bwieckich b\u0142ogos\u0142awie\u0144stwa Rituale romanum \u015bwieccy liturgia clericus\",\"breadcrumb\":{\"@id\":\"https:\\\/\\\/wobronietradycjiiwiary.com\\\/komu-wolno-blogoslawic-lub-o-blogoslawienstwach-przez-swieckich\\\/#breadcrumb\"},\"inLanguage\":\"pl-PL\",\"potentialAction\":[{\"@type\":\"ReadAction\",\"target\":[\"https:\\\/\\\/wobronietradycjiiwiary.com\\\/komu-wolno-blogoslawic-lub-o-blogoslawienstwach-przez-swieckich\\\/\"]}]},{\"@type\":\"ImageObject\",\"inLanguage\":\"pl-PL\",\"@id\":\"https:\\\/\\\/wobronietradycjiiwiary.com\\\/komu-wolno-blogoslawic-lub-o-blogoslawienstwach-przez-swieckich\\\/#primaryimage\",\"url\":\"https:\\\/\\\/wobronietradycjiiwiary.com\\\/wp-content\\\/uploads\\\/2018\\\/12\\\/blessing.jpg\",\"contentUrl\":\"https:\\\/\\\/wobronietradycjiiwiary.com\\\/wp-content\\\/uploads\\\/2018\\\/12\\\/blessing.jpg\",\"width\":499,\"height\":314},{\"@type\":\"BreadcrumbList\",\"@id\":\"https:\\\/\\\/wobronietradycjiiwiary.com\\\/komu-wolno-blogoslawic-lub-o-blogoslawienstwach-przez-swieckich\\\/#breadcrumb\",\"itemListElement\":[{\"@type\":\"ListItem\",\"position\":1,\"name\":\"Strona g\u0142\u00f3wna\",\"item\":\"https:\\\/\\\/wobronietradycjiiwiary.com\\\/\"},{\"@type\":\"ListItem\",\"position\":2,\"name\":\"Komu wolno b\u0142ogos\u0142awi\u0107 lub o b\u0142ogos\u0142awie\u0144stwach przez \u015bwieckich\"}]},{\"@type\":\"WebSite\",\"@id\":\"https:\\\/\\\/wobronietradycjiiwiary.com\\\/pl\\\/#website\",\"url\":\"https:\\\/\\\/wobronietradycjiiwiary.com\\\/pl\\\/\",\"name\":\"Tradycja i Wiara\",\"description\":\"Portal dla katolik\u00f3w.\",\"publisher\":{\"@id\":\"https:\\\/\\\/wobronietradycjiiwiary.com\\\/pl\\\/#organization\"},\"potentialAction\":[{\"@type\":\"SearchAction\",\"target\":{\"@type\":\"EntryPoint\",\"urlTemplate\":\"https:\\\/\\\/wobronietradycjiiwiary.com\\\/pl\\\/?s={search_term_string}\"},\"query-input\":{\"@type\":\"PropertyValueSpecification\",\"valueRequired\":true,\"valueName\":\"search_term_string\"}}],\"inLanguage\":\"pl-PL\"},{\"@type\":\"Organization\",\"@id\":\"https:\\\/\\\/wobronietradycjiiwiary.com\\\/pl\\\/#organization\",\"name\":\"Tradycja i Wiara\",\"url\":\"https:\\\/\\\/wobronietradycjiiwiary.com\\\/pl\\\/\",\"logo\":{\"@type\":\"ImageObject\",\"inLanguage\":\"pl-PL\",\"@id\":\"https:\\\/\\\/wobronietradycjiiwiary.com\\\/pl\\\/#\\\/schema\\\/logo\\\/image\\\/\",\"url\":\"https:\\\/\\\/i0.wp.com\\\/wobronietradycjiiwiary.com\\\/wp-content\\\/uploads\\\/2015\\\/10\\\/cropped-st-peters-dome-vatican.jpg?fit=940%2C198&ssl=1\",\"contentUrl\":\"https:\\\/\\\/i0.wp.com\\\/wobronietradycjiiwiary.com\\\/wp-content\\\/uploads\\\/2015\\\/10\\\/cropped-st-peters-dome-vatican.jpg?fit=940%2C198&ssl=1\",\"width\":940,\"height\":198,\"caption\":\"Tradycja i Wiara\"},\"image\":{\"@id\":\"https:\\\/\\\/wobronietradycjiiwiary.com\\\/pl\\\/#\\\/schema\\\/logo\\\/image\\\/\"},\"sameAs\":[\"https:\\\/\\\/www.facebook.com\\\/Tradycja-i-Wiara-108813920592249\"]},{\"@type\":\"Person\",\"@id\":\"https:\\\/\\\/wobronietradycjiiwiary.com\\\/pl\\\/#\\\/schema\\\/person\\\/2d6180ce6abcb681fef0daab7816e8f3\",\"name\":\"Traditio et Fides\",\"sameAs\":[\"https:\\\/\\\/traditionundglauben.com\"],\"url\":\"https:\\\/\\\/wobronietradycjiiwiary.com\\\/pl\\\/author\\\/wobronietradycjiiwiary\\\/\"}]}<\/script>\n<!-- \/ Yoast SEO plugin. -->","yoast_head_json":{"title":"Komu wolno b\u0142ogos\u0142awi\u0107 lub o b\u0142ogos\u0142awie\u0144stwach przez \u015bwieckich - Tradycja i Wiara","description":"Komu wolno b\u0142ogos\u0142awi\u0107 lub o b\u0142ogos\u0142awie\u0144stwach przez \u015bwieckich b\u0142ogos\u0142awie\u0144stwa Rituale romanum \u015bwieccy liturgia clericus","robots":{"index":"index","follow":"follow","max-snippet":"max-snippet:-1","max-image-preview":"max-image-preview:large","max-video-preview":"max-video-preview:-1"},"canonical":"https:\/\/wobronietradycjiiwiary.com\/pl\/komu-wolno-blogoslawic-lub-o-blogoslawienstwach-przez-swieckich\/","og_locale":"pl_PL","og_type":"article","og_title":"Komu wolno b\u0142ogos\u0142awi\u0107 lub o b\u0142ogos\u0142awie\u0144stwach przez \u015bwieckich - Tradycja i Wiara","og_description":"Komu wolno b\u0142ogos\u0142awi\u0107 lub o b\u0142ogos\u0142awie\u0144stwach przez \u015bwieckich b\u0142ogos\u0142awie\u0144stwa Rituale romanum \u015bwieccy liturgia clericus","og_url":"https:\/\/wobronietradycjiiwiary.com\/pl\/komu-wolno-blogoslawic-lub-o-blogoslawienstwach-przez-swieckich\/","og_site_name":"Tradycja i Wiara","article_publisher":"https:\/\/www.facebook.com\/Tradycja-i-Wiara-108813920592249","article_published_time":"2018-12-13T13:56:50+00:00","article_modified_time":"2025-02-07T14:39:56+00:00","og_image":[{"width":499,"height":314,"url":"https:\/\/wobronietradycjiiwiary.com\/wp-content\/uploads\/2018\/12\/blessing.jpg","type":"image\/jpeg"}],"author":"Traditio et Fides","twitter_card":"summary_large_image","twitter_misc":{"Napisane przez":"Traditio et Fides","Szacowany czas czytania":"12 minut"},"schema":{"@context":"https:\/\/schema.org","@graph":[{"@type":"Article","@id":"https:\/\/wobronietradycjiiwiary.com\/komu-wolno-blogoslawic-lub-o-blogoslawienstwach-przez-swieckich\/#article","isPartOf":{"@id":"https:\/\/wobronietradycjiiwiary.com\/komu-wolno-blogoslawic-lub-o-blogoslawienstwach-przez-swieckich\/"},"author":{"name":"Traditio et Fides","@id":"https:\/\/wobronietradycjiiwiary.com\/pl\/#\/schema\/person\/2d6180ce6abcb681fef0daab7816e8f3"},"headline":"Komu wolno b\u0142ogos\u0142awi\u0107 lub o b\u0142ogos\u0142awie\u0144stwach przez \u015bwieckich","datePublished":"2018-12-13T13:56:50+00:00","dateModified":"2025-02-07T14:39:56+00:00","mainEntityOfPage":{"@id":"https:\/\/wobronietradycjiiwiary.com\/komu-wolno-blogoslawic-lub-o-blogoslawienstwach-przez-swieckich\/"},"wordCount":3159,"commentCount":8,"publisher":{"@id":"https:\/\/wobronietradycjiiwiary.com\/pl\/#organization"},"image":{"@id":"https:\/\/wobronietradycjiiwiary.com\/komu-wolno-blogoslawic-lub-o-blogoslawienstwach-przez-swieckich\/#primaryimage"},"thumbnailUrl":"https:\/\/wobronietradycjiiwiary.com\/wp-content\/uploads\/2018\/12\/blessing.jpg","keywords":["b\u0142ogos\u0142awienie i \u015bwi\u0119cenie","b\u0142ogos\u0142awie\u0144stwa","b\u0142ogos\u0142awie\u0144stwa przez \u015bwieckich","Restricted","Rituale romanum","Sakramentalia","szafarz b\u0142ogos\u0142awie\u0144stw","\u015bw. Tomasz Aposto\u0142"],"articleSection":["B\u0142ogos\u0142awienie i \u015bwi\u0119cenie","Sakramentalia"],"inLanguage":"pl-PL","potentialAction":[{"@type":"CommentAction","name":"Comment","target":["https:\/\/wobronietradycjiiwiary.com\/komu-wolno-blogoslawic-lub-o-blogoslawienstwach-przez-swieckich\/#respond"]}]},{"@type":"WebPage","@id":"https:\/\/wobronietradycjiiwiary.com\/komu-wolno-blogoslawic-lub-o-blogoslawienstwach-przez-swieckich\/","url":"https:\/\/wobronietradycjiiwiary.com\/komu-wolno-blogoslawic-lub-o-blogoslawienstwach-przez-swieckich\/","name":"Komu wolno b\u0142ogos\u0142awi\u0107 lub o b\u0142ogos\u0142awie\u0144stwach przez \u015bwieckich - Tradycja i Wiara","isPartOf":{"@id":"https:\/\/wobronietradycjiiwiary.com\/pl\/#website"},"primaryImageOfPage":{"@id":"https:\/\/wobronietradycjiiwiary.com\/komu-wolno-blogoslawic-lub-o-blogoslawienstwach-przez-swieckich\/#primaryimage"},"image":{"@id":"https:\/\/wobronietradycjiiwiary.com\/komu-wolno-blogoslawic-lub-o-blogoslawienstwach-przez-swieckich\/#primaryimage"},"thumbnailUrl":"https:\/\/wobronietradycjiiwiary.com\/wp-content\/uploads\/2018\/12\/blessing.jpg","datePublished":"2018-12-13T13:56:50+00:00","dateModified":"2025-02-07T14:39:56+00:00","description":"Komu wolno b\u0142ogos\u0142awi\u0107 lub o b\u0142ogos\u0142awie\u0144stwach przez \u015bwieckich b\u0142ogos\u0142awie\u0144stwa Rituale romanum \u015bwieccy liturgia clericus","breadcrumb":{"@id":"https:\/\/wobronietradycjiiwiary.com\/komu-wolno-blogoslawic-lub-o-blogoslawienstwach-przez-swieckich\/#breadcrumb"},"inLanguage":"pl-PL","potentialAction":[{"@type":"ReadAction","target":["https:\/\/wobronietradycjiiwiary.com\/komu-wolno-blogoslawic-lub-o-blogoslawienstwach-przez-swieckich\/"]}]},{"@type":"ImageObject","inLanguage":"pl-PL","@id":"https:\/\/wobronietradycjiiwiary.com\/komu-wolno-blogoslawic-lub-o-blogoslawienstwach-przez-swieckich\/#primaryimage","url":"https:\/\/wobronietradycjiiwiary.com\/wp-content\/uploads\/2018\/12\/blessing.jpg","contentUrl":"https:\/\/wobronietradycjiiwiary.com\/wp-content\/uploads\/2018\/12\/blessing.jpg","width":499,"height":314},{"@type":"BreadcrumbList","@id":"https:\/\/wobronietradycjiiwiary.com\/komu-wolno-blogoslawic-lub-o-blogoslawienstwach-przez-swieckich\/#breadcrumb","itemListElement":[{"@type":"ListItem","position":1,"name":"Strona g\u0142\u00f3wna","item":"https:\/\/wobronietradycjiiwiary.com\/"},{"@type":"ListItem","position":2,"name":"Komu wolno b\u0142ogos\u0142awi\u0107 lub o b\u0142ogos\u0142awie\u0144stwach przez \u015bwieckich"}]},{"@type":"WebSite","@id":"https:\/\/wobronietradycjiiwiary.com\/pl\/#website","url":"https:\/\/wobronietradycjiiwiary.com\/pl\/","name":"Tradycja i Wiara","description":"Portal dla katolik\u00f3w.","publisher":{"@id":"https:\/\/wobronietradycjiiwiary.com\/pl\/#organization"},"potentialAction":[{"@type":"SearchAction","target":{"@type":"EntryPoint","urlTemplate":"https:\/\/wobronietradycjiiwiary.com\/pl\/?s={search_term_string}"},"query-input":{"@type":"PropertyValueSpecification","valueRequired":true,"valueName":"search_term_string"}}],"inLanguage":"pl-PL"},{"@type":"Organization","@id":"https:\/\/wobronietradycjiiwiary.com\/pl\/#organization","name":"Tradycja i Wiara","url":"https:\/\/wobronietradycjiiwiary.com\/pl\/","logo":{"@type":"ImageObject","inLanguage":"pl-PL","@id":"https:\/\/wobronietradycjiiwiary.com\/pl\/#\/schema\/logo\/image\/","url":"https:\/\/i0.wp.com\/wobronietradycjiiwiary.com\/wp-content\/uploads\/2015\/10\/cropped-st-peters-dome-vatican.jpg?fit=940%2C198&ssl=1","contentUrl":"https:\/\/i0.wp.com\/wobronietradycjiiwiary.com\/wp-content\/uploads\/2015\/10\/cropped-st-peters-dome-vatican.jpg?fit=940%2C198&ssl=1","width":940,"height":198,"caption":"Tradycja i Wiara"},"image":{"@id":"https:\/\/wobronietradycjiiwiary.com\/pl\/#\/schema\/logo\/image\/"},"sameAs":["https:\/\/www.facebook.com\/Tradycja-i-Wiara-108813920592249"]},{"@type":"Person","@id":"https:\/\/wobronietradycjiiwiary.com\/pl\/#\/schema\/person\/2d6180ce6abcb681fef0daab7816e8f3","name":"Traditio et Fides","sameAs":["https:\/\/traditionundglauben.com"],"url":"https:\/\/wobronietradycjiiwiary.com\/pl\/author\/wobronietradycjiiwiary\/"}]}},"jetpack_publicize_connections":[],"jetpack_sharing_enabled":true,"jetpack_likes_enabled":true,"jetpack_shortlink":"https:\/\/wp.me\/pc04Sd-4Zm","jetpack-related-posts":[{"id":17000,"url":"https:\/\/wobronietradycjiiwiary.com\/pl\/wazne-czy-niewazne-o-swieceniu-sakramentaliow\/","url_meta":{"origin":19180,"position":0},"title":"Wa\u017cne czy niewa\u017cne? O \u015bwi\u0119ceniu sakramentali\u00f3w.","author":"Traditio et Fides","date":"17 stycznia 2018","format":false,"excerpt":"Sakramentalia, s\u0105, wed\u0142ug definicji Kodeksu Prawa Kanonicznego (CIC 1983) \u201e\u015bwi\u0119tymi znakami, przez kt\u00f3re na podobie\u0144stwo sakrament\u00f3w, s\u0105 oznaczone i otrzymywane ze wstawiennictwa Ko\u015bcio\u0142a skutki, zw\u0142aszcza duchowe\u201d (kan. 1166). W przeciwie\u0144stwie do sakrament\u00f3w nie pochodz\u0105 one z ustanowienia samego Chrystusa, ale z ustanowienia Ko\u015bcio\u0142a, kt\u00f3ry mo\u017ce nowe sakramentalia, jak np. b\u0142ogos\u0142awie\u0144stwo\u2026","rel":"","context":"W \u201eB\u0142ogos\u0142awienie i \u015bwi\u0119cenie&quot;","block_context":{"text":"B\u0142ogos\u0142awienie i \u015bwi\u0119cenie","link":"https:\/\/wobronietradycjiiwiary.com\/pl\/category\/doktryna\/teologia-dogmatyczna\/sakramentalia\/blogoslawienie-i-swiecenie\/"},"img":{"alt_text":"","src":"https:\/\/i0.wp.com\/wobronietradycjiiwiary.com\/wp-content\/uploads\/2018\/01\/24ae700f558951d8e9028c51231bad01-carolingian-art-roman.jpg?resize=350%2C200&ssl=1","width":350,"height":200,"srcset":"https:\/\/i0.wp.com\/wobronietradycjiiwiary.com\/wp-content\/uploads\/2018\/01\/24ae700f558951d8e9028c51231bad01-carolingian-art-roman.jpg?resize=350%2C200&ssl=1 1x, https:\/\/i0.wp.com\/wobronietradycjiiwiary.com\/wp-content\/uploads\/2018\/01\/24ae700f558951d8e9028c51231bad01-carolingian-art-roman.jpg?resize=525%2C300&ssl=1 1.5x, https:\/\/i0.wp.com\/wobronietradycjiiwiary.com\/wp-content\/uploads\/2018\/01\/24ae700f558951d8e9028c51231bad01-carolingian-art-roman.jpg?resize=700%2C400&ssl=1 2x"},"classes":[]},{"id":22128,"url":"https:\/\/wobronietradycjiiwiary.com\/pl\/sakramentalia-13-z-20-kilolaskogodzina-sakramentalia-i-sobor-iii-odejscie-od-formuly-sakramentaliow\/","url_meta":{"origin":19180,"position":1},"title":"Sakramentalia (13 z 18). &#8220;Kilo\u0142askogodzina&#8221;, sakramentalia i Sob\u00f3r. (iii) Odej\u015bcie od &#8220;formu\u0142y&#8221; sakramentali\u00f3w.","author":"Traditio et Fides","date":"29 wrze\u015bnia 2017","format":false,"excerpt":"Soborowe odej\u015bcie od \"formu\u0142y\" sakramentali\u00f3w Na naszym niemieckoj\u0119zycznym blogu pisz\u0105cy te s\u0142owa stwierdzi\u0142, \u017ce on ze swoim obecnym wyczuciem liturgicznym i teologiczn\u0105 wiedz\u0105 jako potencjalny Ojciec Soboru by w \u017cyciu Konstytucji o Liturgii nie podpisa\u0142, bo dlaczego zmienia\u0107 co\u015b dobrego i jak Msza doskona\u0142ego na co\u015b gorszego i niepewnego? I\u2026","rel":"","context":"W \u201eCzym s\u0105 sakramentalia?&quot;","block_context":{"text":"Czym s\u0105 sakramentalia?","link":"https:\/\/wobronietradycjiiwiary.com\/pl\/category\/doktryna\/teologia-dogmatyczna\/sakramentalia\/czym-sa-sakramentalia\/"},"img":{"alt_text":"","src":"https:\/\/i0.wp.com\/wobronietradycjiiwiary.com\/wp-content\/uploads\/2017\/04\/all-saints.jpg?resize=350%2C200&ssl=1","width":350,"height":200,"srcset":"https:\/\/i0.wp.com\/wobronietradycjiiwiary.com\/wp-content\/uploads\/2017\/04\/all-saints.jpg?resize=350%2C200&ssl=1 1x, https:\/\/i0.wp.com\/wobronietradycjiiwiary.com\/wp-content\/uploads\/2017\/04\/all-saints.jpg?resize=525%2C300&ssl=1 1.5x, https:\/\/i0.wp.com\/wobronietradycjiiwiary.com\/wp-content\/uploads\/2017\/04\/all-saints.jpg?resize=700%2C400&ssl=1 2x"},"classes":[]},{"id":76904,"url":"https:\/\/wobronietradycjiiwiary.com\/pl\/rubryki-dla-swieckich-lub-off-off-broadway\/","url_meta":{"origin":19180,"position":2},"title":"Rubryki dla \u015bwieckich lub off-off-Broadway","author":"Traditio et Fides","date":"6 wrze\u015bnia 2022","format":false,"excerpt":"O tym, co wsp\u00f3lnego maj\u0105 rubryki dla \u015bwieckich z teatrem na Broadwayu.","rel":"","context":"W \u201eDuchowo\u015b\u0107&quot;","block_context":{"text":"Duchowo\u015b\u0107","link":"https:\/\/wobronietradycjiiwiary.com\/pl\/category\/duchowosc\/"},"img":{"alt_text":"","src":"https:\/\/i0.wp.com\/wobronietradycjiiwiary.com\/wp-content\/uploads\/2022\/09\/Antal-Anton-PECZELY-Gottesdienst-in-barocker-Kirch-1626951799.jpg?resize=350%2C200&ssl=1","width":350,"height":200,"srcset":"https:\/\/i0.wp.com\/wobronietradycjiiwiary.com\/wp-content\/uploads\/2022\/09\/Antal-Anton-PECZELY-Gottesdienst-in-barocker-Kirch-1626951799.jpg?resize=350%2C200&ssl=1 1x, https:\/\/i0.wp.com\/wobronietradycjiiwiary.com\/wp-content\/uploads\/2022\/09\/Antal-Anton-PECZELY-Gottesdienst-in-barocker-Kirch-1626951799.jpg?resize=525%2C300&ssl=1 1.5x, https:\/\/i0.wp.com\/wobronietradycjiiwiary.com\/wp-content\/uploads\/2022\/09\/Antal-Anton-PECZELY-Gottesdienst-in-barocker-Kirch-1626951799.jpg?resize=700%2C400&ssl=1 2x"},"classes":[]},{"id":12993,"url":"https:\/\/wobronietradycjiiwiary.com\/pl\/sakramentalia-7-z\/","url_meta":{"origin":19180,"position":3},"title":"Sakramentalia (7 z 18). &#8220;Kilo\u0142askogodzina&#8221;, sakramentalia i Sob\u00f3r.","author":"Traditio et Fides","date":"17 pa\u017adziernika 2018","format":false,"excerpt":"\u201eKilo\u0142askogodzina\u201d, sakramentalia i Sob\u00f3r Po kr\u00f3tkim om\u00f3wieniu dzia\u0142a\u0144 egzorcyzm\u00f3w wracamy do tekstu biskupa M\u00fcllera, kt\u00f3ry podaje: Prawd\u0105 jest, \u017ce skutk\u00f3w swoich sakramentalia nie wywieraj\u0105 ex opere operato i nieomylnie (infallibiliter) wyj\u0105wszy egzorcyzm uroczysty (exorcismus solemnem) (por Lib. II \u00a7. 62 n. 4.). Dlatego te\u017c Ceremonie (ceremoniae) do ofiary Mszy \u015awi\u0119tej\u2026","rel":"","context":"W \u201eCzym s\u0105 sakramentalia?&quot;","block_context":{"text":"Czym s\u0105 sakramentalia?","link":"https:\/\/wobronietradycjiiwiary.com\/pl\/category\/doktryna\/teologia-dogmatyczna\/sakramentalia\/czym-sa-sakramentalia\/"},"img":{"alt_text":"","src":"https:\/\/i0.wp.com\/wobronietradycjiiwiary.com\/wp-content\/uploads\/2017\/04\/all-saints.jpg?resize=350%2C200&ssl=1","width":350,"height":200,"srcset":"https:\/\/i0.wp.com\/wobronietradycjiiwiary.com\/wp-content\/uploads\/2017\/04\/all-saints.jpg?resize=350%2C200&ssl=1 1x, https:\/\/i0.wp.com\/wobronietradycjiiwiary.com\/wp-content\/uploads\/2017\/04\/all-saints.jpg?resize=525%2C300&ssl=1 1.5x, https:\/\/i0.wp.com\/wobronietradycjiiwiary.com\/wp-content\/uploads\/2017\/04\/all-saints.jpg?resize=700%2C400&ssl=1 2x"},"classes":[]},{"id":17085,"url":"https:\/\/wobronietradycjiiwiary.com\/pl\/blogoslawienstwa-sredniowieczne-lub-o-spelnieniu-marzen\/","url_meta":{"origin":19180,"position":4},"title":"B\u0142ogos\u0142awie\u0144stwa \u015bredniowieczne lub o spe\u0142nieniu marze\u0144","author":"Traditio et Fides","date":"24 stycznia 2018","format":false,"excerpt":"Pisz\u0105cy te s\u0142owa pragnie podzieli\u0107 si\u0119 swoj\u0105 rado\u015bci\u0105 donosz\u0105c o tym, \u017ce wczoraj przyby\u0142y dwa tomy ksi\u0105\u017cki Die kirchlichen Benediktionen im Mittelalter (B\u0142ogos\u0142awie\u0144stwa ko\u015bcielne w \u015aredniowieczu) autorstwa Adolpha Franza, reprint z roku 2006, wydania z 1909 roku.\u00a0 Pozycja ta by\u0142a warta zakupu, gdy\u017c na blisko 1300 stronach prezentowane i komentowane\u2026","rel":"","context":"W \u201eB\u0142ogos\u0142awienie i \u015bwi\u0119cenie&quot;","block_context":{"text":"B\u0142ogos\u0142awienie i \u015bwi\u0119cenie","link":"https:\/\/wobronietradycjiiwiary.com\/pl\/category\/doktryna\/teologia-dogmatyczna\/sakramentalia\/blogoslawienie-i-swiecenie\/"},"img":{"alt_text":"","src":"https:\/\/i0.wp.com\/wobronietradycjiiwiary.com\/wp-content\/uploads\/2018\/01\/hieronymus2.jpg?resize=350%2C200&ssl=1","width":350,"height":200,"srcset":"https:\/\/i0.wp.com\/wobronietradycjiiwiary.com\/wp-content\/uploads\/2018\/01\/hieronymus2.jpg?resize=350%2C200&ssl=1 1x, https:\/\/i0.wp.com\/wobronietradycjiiwiary.com\/wp-content\/uploads\/2018\/01\/hieronymus2.jpg?resize=525%2C300&ssl=1 1.5x, https:\/\/i0.wp.com\/wobronietradycjiiwiary.com\/wp-content\/uploads\/2018\/01\/hieronymus2.jpg?resize=700%2C400&ssl=1 2x"},"classes":[]},{"id":17013,"url":"https:\/\/wobronietradycjiiwiary.com\/pl\/sakramentalia-laska-uczynkowa-i-pokropienie-woda-swiecona\/","url_meta":{"origin":19180,"position":5},"title":"Sakramentalia, \u0142aska uczynkowa i pokropienie wod\u0105 \u015bwi\u0119con\u0105.","author":"Traditio et Fides","date":"19 stycznia 2018","format":false,"excerpt":"Wym\u00f3g formy przy \u015bwi\u0119ceniu sakramentali\u00f3w, o kt\u00f3rym by\u0142a ju\u017c mowa,[1] niepokoi wielu czytelnik\u00f3w, gdy\u017c zasadniczo istniej\u0105 nast\u0119puj\u0105ce mo\u017cliwo\u015bci: (1) Sakramentalia s\u0105 po\u015bwi\u0119cone wtedy, gdy ksi\u0105dz m\u00f3wi, \u017ce tak jest, bo on to po\u015bwi\u0119ci\u0142 nawet z pomini\u0119ciem wszystkich wymog\u00f3w prawa kanonicznego, Rituale romanum lub posoborowych przepis\u00f3w b\u0142ogos\u0142awie\u0144stw (np. chlapi\u0105c wod\u0105 \u015bwi\u0119con\u0105\u2026","rel":"","context":"W \u201eB\u0142ogos\u0142awienie i \u015bwi\u0119cenie&quot;","block_context":{"text":"B\u0142ogos\u0142awienie i \u015bwi\u0119cenie","link":"https:\/\/wobronietradycjiiwiary.com\/pl\/category\/doktryna\/teologia-dogmatyczna\/sakramentalia\/blogoslawienie-i-swiecenie\/"},"img":{"alt_text":"","src":"https:\/\/i0.wp.com\/wobronietradycjiiwiary.com\/wp-content\/uploads\/2018\/01\/beatus-vir.jpg?resize=350%2C200&ssl=1","width":350,"height":200,"srcset":"https:\/\/i0.wp.com\/wobronietradycjiiwiary.com\/wp-content\/uploads\/2018\/01\/beatus-vir.jpg?resize=350%2C200&ssl=1 1x, https:\/\/i0.wp.com\/wobronietradycjiiwiary.com\/wp-content\/uploads\/2018\/01\/beatus-vir.jpg?resize=525%2C300&ssl=1 1.5x, https:\/\/i0.wp.com\/wobronietradycjiiwiary.com\/wp-content\/uploads\/2018\/01\/beatus-vir.jpg?resize=700%2C400&ssl=1 2x"},"classes":[]}],"amp_enabled":true,"jetpack_featured_media_url":"https:\/\/wobronietradycjiiwiary.com\/wp-content\/uploads\/2018\/12\/blessing.jpg","_links":{"self":[{"href":"https:\/\/wobronietradycjiiwiary.com\/pl\/wp-json\/wp\/v2\/posts\/19180","targetHints":{"allow":["GET"]}}],"collection":[{"href":"https:\/\/wobronietradycjiiwiary.com\/pl\/wp-json\/wp\/v2\/posts"}],"about":[{"href":"https:\/\/wobronietradycjiiwiary.com\/pl\/wp-json\/wp\/v2\/types\/post"}],"author":[{"embeddable":true,"href":"https:\/\/wobronietradycjiiwiary.com\/pl\/wp-json\/wp\/v2\/users\/60508433"}],"replies":[{"embeddable":true,"href":"https:\/\/wobronietradycjiiwiary.com\/pl\/wp-json\/wp\/v2\/comments?post=19180"}],"version-history":[{"count":1,"href":"https:\/\/wobronietradycjiiwiary.com\/pl\/wp-json\/wp\/v2\/posts\/19180\/revisions"}],"predecessor-version":[{"id":57277,"href":"https:\/\/wobronietradycjiiwiary.com\/pl\/wp-json\/wp\/v2\/posts\/19180\/revisions\/57277"}],"wp:featuredmedia":[{"embeddable":true,"href":"https:\/\/wobronietradycjiiwiary.com\/pl\/wp-json\/wp\/v2\/media\/19181"}],"wp:attachment":[{"href":"https:\/\/wobronietradycjiiwiary.com\/pl\/wp-json\/wp\/v2\/media?parent=19180"}],"wp:term":[{"taxonomy":"category","embeddable":true,"href":"https:\/\/wobronietradycjiiwiary.com\/pl\/wp-json\/wp\/v2\/categories?post=19180"},{"taxonomy":"post_tag","embeddable":true,"href":"https:\/\/wobronietradycjiiwiary.com\/pl\/wp-json\/wp\/v2\/tags?post=19180"}],"curies":[{"name":"wp","href":"https:\/\/api.w.org\/{rel}","templated":true}]}}