{"id":18983,"date":"2018-11-28T15:39:26","date_gmt":"2018-11-28T14:39:26","guid":{"rendered":"https:\/\/wobronietradycjiiwiaryblog.wordpress.com\/?p=18983"},"modified":"2025-02-07T15:52:11","modified_gmt":"2025-02-07T14:52:11","slug":"michal-krajski-protestantyzacja-kosciola-w-polsce-przed-1989-r","status":"publish","type":"post","link":"https:\/\/wobronietradycjiiwiary.com\/pl\/michal-krajski-protestantyzacja-kosciola-w-polsce-przed-1989-r\/","title":{"rendered":"Micha\u0142 Krajski, Protestantyzacja Ko\u015bcio\u0142a w Polsce przed 1989 r."},"content":{"rendered":"<div id=\"bsf_rt_marker\"><\/div><p>Czas lektury: 18 minut Poniewa\u017c pisz\u0105cy te s\u0142owa znowu konferuje z prawnikami i z notariuszem w celu umocowania prawnego swojej&hellip;<\/p>\n<div style=\"text-align: center\">\n<p>&nbsp;<\/p>\n<\/div>\n<h2 style=\"border: 5px solid #0000A0;padding: 1em;text-align: center\"><span style=\"color: #000000\">Pe\u0142en dost\u0119p dla <span style=\"color: #00ccff\"><a style=\"color: #00ccff\" href=\"https:\/\/wobronietradycjiiwiary.com\/subskrypcje-2\/\" target=\"_blank\" rel=\"noopener\">subskrybent\u00f3w<\/a><\/span>.<\/span><br \/>\n<span style=\"color: #3366ff\"><a style=\"color: #3366ff\" href=\"https:\/\/wobronietradycjiiwiary.com\/account\/login\/\" target=\"_blank\" rel=\"noopener\"><span style=\"color: #00ccff\">Zaloguj<\/span><\/a> <\/span>si\u0119 lub przejd\u017a do <a href=\"https:\/\/wobronietradycjiiwiary.com\/register\/\"><span style=\"color: #3366ff\">Rejestracji<\/span><\/a>.<\/h2>\n<div>\n<p style=\"text-align: center\"><a href=\"https:\/\/wobronietradycjiiwiary.com\/pl\/subskrypcje-2\/cennik\/\" target=\"_blank\" rel=\"noopener\"><span style=\"color: #000080;font-size: 24pt\"><strong>Nowe ni\u017csze ceny<\/strong><\/span><\/a><\/p>\n<p style=\"text-align: center\"><strong><span style=\"font-size: 18pt;color: #000080\">P\u0142atno\u015b\u0107 kart\u0105<\/span><\/strong><\/p>\n<\/div>\n<h3 style=\"text-align: center\"><a href=\"https:\/\/wobronietradycjiiwiary.com\/pl\/subskrypcje-2\/automatyczne\/indywidualne\/\" target=\"_blank\" rel=\"noopener\"><img fetchpriority=\"high\" decoding=\"async\" class=\"alignnone size-medium wp-image-80433\" src=\"https:\/\/wobronietradycjiiwiary.com\/wp-content\/uploads\/2022\/11\/Unbenannt-1-Online-1-300x202.jpg\" alt=\"\" width=\"300\" height=\"202\" srcset=\"https:\/\/wobronietradycjiiwiary.com\/wp-content\/uploads\/2022\/11\/Unbenannt-1-Online-1-300x202.jpg 300w, https:\/\/wobronietradycjiiwiary.com\/wp-content\/uploads\/2022\/11\/Unbenannt-1-Online-1-150x101.jpg 150w, https:\/\/wobronietradycjiiwiary.com\/wp-content\/uploads\/2022\/11\/Unbenannt-1-Online-1-18x12.jpg 18w, https:\/\/wobronietradycjiiwiary.com\/wp-content\/uploads\/2022\/11\/Unbenannt-1-Online-1.jpg 446w\" sizes=\"(max-width: 300px) 100vw, 300px\" \/><\/a><\/h3>\n<p style=\"text-align: center\"><strong><span style=\"font-size: 18pt;color: #000080\">P\u0142atno\u015b\u0107 przelewem<\/span><\/strong><\/p>\n<p><a href=\"https:\/\/wobronietradycjiiwiary.com\/pl\/subskrypcje-2\/automatyczne\/indywidualne\/\" target=\"_blank\" rel=\"noopener\"><img decoding=\"async\" class=\"size-medium wp-image-80434 aligncenter\" src=\"https:\/\/wobronietradycjiiwiary.com\/wp-content\/uploads\/2022\/11\/Unbenannt-1-Przelewem-300x137.jpg\" alt=\"\" width=\"300\" height=\"137\" srcset=\"https:\/\/wobronietradycjiiwiary.com\/wp-content\/uploads\/2022\/11\/Unbenannt-1-Przelewem-300x137.jpg 300w, https:\/\/wobronietradycjiiwiary.com\/wp-content\/uploads\/2022\/11\/Unbenannt-1-Przelewem-450x206.jpg 450w, https:\/\/wobronietradycjiiwiary.com\/wp-content\/uploads\/2022\/11\/Unbenannt-1-Przelewem-600x274.jpg 600w, https:\/\/wobronietradycjiiwiary.com\/wp-content\/uploads\/2022\/11\/Unbenannt-1-Przelewem-150x69.jpg 150w, https:\/\/wobronietradycjiiwiary.com\/wp-content\/uploads\/2022\/11\/Unbenannt-1-Przelewem-18x8.jpg 18w, https:\/\/wobronietradycjiiwiary.com\/wp-content\/uploads\/2022\/11\/Unbenannt-1-Przelewem.jpg 676w\" sizes=\"(max-width: 300px) 100vw, 300px\" \/><\/a><\/p>\n<p style=\"text-align: center\"><strong><span style=\"font-size: 18pt;color: #000080\">P\u0142atno\u015b\u0107 kart\u0105 do 6 os\u00f3b<\/span><\/strong><\/p>\n<p><a href=\"https:\/\/wobronietradycjiiwiary.com\/pl\/rodzinne\/\" target=\"_blank\" rel=\"noopener\"><img decoding=\"async\" class=\"size-medium wp-image-80435 aligncenter\" src=\"https:\/\/wobronietradycjiiwiary.com\/wp-content\/uploads\/2022\/11\/Unbenannt-1-Rodzinna-300x208.jpg\" alt=\"\" width=\"300\" height=\"208\" srcset=\"https:\/\/wobronietradycjiiwiary.com\/wp-content\/uploads\/2022\/11\/Unbenannt-1-Rodzinna-300x208.jpg 300w, https:\/\/wobronietradycjiiwiary.com\/wp-content\/uploads\/2022\/11\/Unbenannt-1-Rodzinna-150x104.jpg 150w, https:\/\/wobronietradycjiiwiary.com\/wp-content\/uploads\/2022\/11\/Unbenannt-1-Rodzinna-18x12.jpg 18w, https:\/\/wobronietradycjiiwiary.com\/wp-content\/uploads\/2022\/11\/Unbenannt-1-Rodzinna.jpg 448w\" sizes=\"(max-width: 300px) 100vw, 300px\" \/><\/a><\/p>\n<h3 style=\"text-align: center\"><\/h3>\n<h1 style=\"text-align: center\"><\/h1>\n","protected":false},"excerpt":{"rendered":"<p>Czas lektury: 18 minut Poniewa\u017c pisz\u0105cy te s\u0142owa znowu konferuje z prawnikami i z notariuszem w celu umocowania prawnego swojej&hellip; &nbsp; Pe\u0142en dost\u0119p dla subskrybent\u00f3w. Zaloguj si\u0119 lub przejd\u017a do Rejestracji. Nowe ni\u017csze ceny P\u0142atno\u015b\u0107 kart\u0105 P\u0142atno\u015b\u0107 przelewem P\u0142atno\u015b\u0107 kart\u0105 do 6 os\u00f3b<\/p>\n","protected":false},"author":60508433,"featured_media":18984,"comment_status":"open","ping_status":"closed","sticky":false,"template":"","format":"standard","meta":{"_coblocks_attr":"","_coblocks_dimensions":"","_coblocks_responsive_height":"","_coblocks_accordion_ie_support":"","_exactmetrics_skip_tracking":false,"_jetpack_newsletter_access":"","_jetpack_dont_email_post_to_subs":false,"_jetpack_newsletter_tier_id":0,"_jetpack_memberships_contains_paywalled_content":false,"_wpcom_ai_launchpad_first_post":false,"_jetpack_feature_clip_id":0,"_jetpack_memberships_contains_paid_content":false,"footnotes":"","jetpack_publicize_message":"{title}\n\n{excerpt}\n\n{url}","jetpack_publicize_feature_enabled":true,"jetpack_social_post_already_shared":true,"jetpack_social_options":{"image_generator_settings":{"template":"highway","default_image_id":0,"font":"","enabled":false},"version":2},"_wpas_customize_per_network":false,"jetpack_post_was_ever_published":false},"categories":[80248953,610133282,81709867,610131186],"tags":[286805380,610131147,610130659,610132133,44200527],"class_list":["post-18983","post","type-post","status-publish","format-standard","has-post-thumbnail","hentry","category-kosciol-posoborowy","category-ks-dariusz-olewinski","category-oazy","category-polemika","tag-ks-blachnicki","tag-protestantyzacja","tag-protestantyzm","tag-restricted","tag-ruch-oazowy"],"yoast_head":"<!-- This site is optimized with the Yoast SEO plugin v28.3 - https:\/\/yoast.com\/product\/yoast-seo-wordpress\/ -->\n<title>Micha\u0142 Krajski, Protestantyzacja Ko\u015bcio\u0142a w Polsce przed 1989 r. - Tradycja i Wiara<\/title>\n<meta name=\"robots\" content=\"index, follow, max-snippet:-1, max-image-preview:large, max-video-preview:-1\" \/>\n<link rel=\"canonical\" href=\"https:\/\/wobronietradycjiiwiary.com\/pl\/michal-krajski-protestantyzacja-kosciola-w-polsce-przed-1989-r\/\" \/>\n<meta property=\"og:locale\" content=\"pl_PL\" \/>\n<meta property=\"og:type\" content=\"article\" \/>\n<meta property=\"og:title\" content=\"Micha\u0142 Krajski, Protestantyzacja Ko\u015bcio\u0142a w Polsce przed 1989 r. - Tradycja i Wiara\" \/>\n<meta property=\"og:description\" content=\"Czas lektury: 18 minut Poniewa\u017c pisz\u0105cy te s\u0142owa znowu konferuje z prawnikami i z notariuszem w celu umocowania prawnego swojej&hellip; &nbsp; Pe\u0142en dost\u0119p dla subskrybent\u00f3w. Zaloguj si\u0119 lub przejd\u017a do Rejestracji. Nowe ni\u017csze ceny P\u0142atno\u015b\u0107 kart\u0105 P\u0142atno\u015b\u0107 przelewem P\u0142atno\u015b\u0107 kart\u0105 do 6 os\u00f3b\" \/>\n<meta property=\"og:url\" content=\"https:\/\/wobronietradycjiiwiary.com\/pl\/michal-krajski-protestantyzacja-kosciola-w-polsce-przed-1989-r\/\" \/>\n<meta property=\"og:site_name\" content=\"Tradycja i Wiara\" \/>\n<meta property=\"article:publisher\" content=\"https:\/\/www.facebook.com\/Tradycja-i-Wiara-108813920592249\" \/>\n<meta property=\"article:published_time\" content=\"2018-11-28T14:39:26+00:00\" \/>\n<meta property=\"article:modified_time\" content=\"2025-02-07T14:52:11+00:00\" \/>\n<meta property=\"og:image\" content=\"https:\/\/wobronietradycjiiwiary.com\/wp-content\/uploads\/2018\/11\/origin.jpg\" \/>\n\t<meta property=\"og:image:width\" content=\"800\" \/>\n\t<meta property=\"og:image:height\" content=\"609\" \/>\n\t<meta property=\"og:image:type\" content=\"image\/jpeg\" \/>\n<meta name=\"author\" content=\"Traditio et Fides\" \/>\n<meta name=\"twitter:card\" content=\"summary_large_image\" \/>\n<meta name=\"twitter:label1\" content=\"Napisane przez\" \/>\n\t<meta name=\"twitter:data1\" content=\"Traditio et Fides\" \/>\n\t<meta name=\"twitter:label2\" content=\"Szacowany czas czytania\" \/>\n\t<meta name=\"twitter:data2\" content=\"21 minut\" \/>\n<script type=\"application\/ld+json\" class=\"yoast-schema-graph\">{\"@context\":\"https:\\\/\\\/schema.org\",\"@graph\":[{\"@type\":\"Article\",\"@id\":\"https:\\\/\\\/wobronietradycjiiwiary.com\\\/michal-krajski-protestantyzacja-kosciola-w-polsce-przed-1989-r\\\/#article\",\"isPartOf\":{\"@id\":\"https:\\\/\\\/wobronietradycjiiwiary.com\\\/michal-krajski-protestantyzacja-kosciola-w-polsce-przed-1989-r\\\/\"},\"author\":{\"name\":\"Traditio et Fides\",\"@id\":\"https:\\\/\\\/wobronietradycjiiwiary.com\\\/pl\\\/#\\\/schema\\\/person\\\/2d6180ce6abcb681fef0daab7816e8f3\"},\"headline\":\"Micha\u0142 Krajski, Protestantyzacja Ko\u015bcio\u0142a w Polsce przed 1989 r.\",\"datePublished\":\"2018-11-28T14:39:26+00:00\",\"dateModified\":\"2025-02-07T14:52:11+00:00\",\"mainEntityOfPage\":{\"@id\":\"https:\\\/\\\/wobronietradycjiiwiary.com\\\/michal-krajski-protestantyzacja-kosciola-w-polsce-przed-1989-r\\\/\"},\"wordCount\":4318,\"commentCount\":3,\"publisher\":{\"@id\":\"https:\\\/\\\/wobronietradycjiiwiary.com\\\/pl\\\/#organization\"},\"image\":{\"@id\":\"https:\\\/\\\/wobronietradycjiiwiary.com\\\/michal-krajski-protestantyzacja-kosciola-w-polsce-przed-1989-r\\\/#primaryimage\"},\"thumbnailUrl\":\"https:\\\/\\\/wobronietradycjiiwiary.com\\\/wp-content\\\/uploads\\\/2018\\\/11\\\/origin.jpg\",\"keywords\":[\"Ks. Blachnicki\",\"protestantyzacja\",\"Protestantyzm\",\"Restricted\",\"Ruch oazowy\"],\"articleSection\":[\"Ko\u015bci\u00f3\u0142 posoborowy\",\"ks. Dariusz Olewi\u0144ski\",\"Oazy\",\"Polemika\"],\"inLanguage\":\"pl-PL\",\"potentialAction\":[{\"@type\":\"CommentAction\",\"name\":\"Comment\",\"target\":[\"https:\\\/\\\/wobronietradycjiiwiary.com\\\/michal-krajski-protestantyzacja-kosciola-w-polsce-przed-1989-r\\\/#respond\"]}]},{\"@type\":\"WebPage\",\"@id\":\"https:\\\/\\\/wobronietradycjiiwiary.com\\\/michal-krajski-protestantyzacja-kosciola-w-polsce-przed-1989-r\\\/\",\"url\":\"https:\\\/\\\/wobronietradycjiiwiary.com\\\/michal-krajski-protestantyzacja-kosciola-w-polsce-przed-1989-r\\\/\",\"name\":\"Micha\u0142 Krajski, Protestantyzacja Ko\u015bcio\u0142a w Polsce przed 1989 r. - Tradycja i Wiara\",\"isPartOf\":{\"@id\":\"https:\\\/\\\/wobronietradycjiiwiary.com\\\/pl\\\/#website\"},\"primaryImageOfPage\":{\"@id\":\"https:\\\/\\\/wobronietradycjiiwiary.com\\\/michal-krajski-protestantyzacja-kosciola-w-polsce-przed-1989-r\\\/#primaryimage\"},\"image\":{\"@id\":\"https:\\\/\\\/wobronietradycjiiwiary.com\\\/michal-krajski-protestantyzacja-kosciola-w-polsce-przed-1989-r\\\/#primaryimage\"},\"thumbnailUrl\":\"https:\\\/\\\/wobronietradycjiiwiary.com\\\/wp-content\\\/uploads\\\/2018\\\/11\\\/origin.jpg\",\"datePublished\":\"2018-11-28T14:39:26+00:00\",\"dateModified\":\"2025-02-07T14:52:11+00:00\",\"breadcrumb\":{\"@id\":\"https:\\\/\\\/wobronietradycjiiwiary.com\\\/michal-krajski-protestantyzacja-kosciola-w-polsce-przed-1989-r\\\/#breadcrumb\"},\"inLanguage\":\"pl-PL\",\"potentialAction\":[{\"@type\":\"ReadAction\",\"target\":[\"https:\\\/\\\/wobronietradycjiiwiary.com\\\/michal-krajski-protestantyzacja-kosciola-w-polsce-przed-1989-r\\\/\"]}]},{\"@type\":\"ImageObject\",\"inLanguage\":\"pl-PL\",\"@id\":\"https:\\\/\\\/wobronietradycjiiwiary.com\\\/michal-krajski-protestantyzacja-kosciola-w-polsce-przed-1989-r\\\/#primaryimage\",\"url\":\"https:\\\/\\\/wobronietradycjiiwiary.com\\\/wp-content\\\/uploads\\\/2018\\\/11\\\/origin.jpg\",\"contentUrl\":\"https:\\\/\\\/wobronietradycjiiwiary.com\\\/wp-content\\\/uploads\\\/2018\\\/11\\\/origin.jpg\",\"width\":800,\"height\":609},{\"@type\":\"BreadcrumbList\",\"@id\":\"https:\\\/\\\/wobronietradycjiiwiary.com\\\/michal-krajski-protestantyzacja-kosciola-w-polsce-przed-1989-r\\\/#breadcrumb\",\"itemListElement\":[{\"@type\":\"ListItem\",\"position\":1,\"name\":\"Strona g\u0142\u00f3wna\",\"item\":\"https:\\\/\\\/wobronietradycjiiwiary.com\\\/\"},{\"@type\":\"ListItem\",\"position\":2,\"name\":\"Micha\u0142 Krajski, Protestantyzacja Ko\u015bcio\u0142a w Polsce przed 1989 r.\"}]},{\"@type\":\"WebSite\",\"@id\":\"https:\\\/\\\/wobronietradycjiiwiary.com\\\/pl\\\/#website\",\"url\":\"https:\\\/\\\/wobronietradycjiiwiary.com\\\/pl\\\/\",\"name\":\"Tradycja i Wiara\",\"description\":\"Portal dla katolik\u00f3w.\",\"publisher\":{\"@id\":\"https:\\\/\\\/wobronietradycjiiwiary.com\\\/pl\\\/#organization\"},\"potentialAction\":[{\"@type\":\"SearchAction\",\"target\":{\"@type\":\"EntryPoint\",\"urlTemplate\":\"https:\\\/\\\/wobronietradycjiiwiary.com\\\/pl\\\/?s={search_term_string}\"},\"query-input\":{\"@type\":\"PropertyValueSpecification\",\"valueRequired\":true,\"valueName\":\"search_term_string\"}}],\"inLanguage\":\"pl-PL\"},{\"@type\":\"Organization\",\"@id\":\"https:\\\/\\\/wobronietradycjiiwiary.com\\\/pl\\\/#organization\",\"name\":\"Tradycja i Wiara\",\"url\":\"https:\\\/\\\/wobronietradycjiiwiary.com\\\/pl\\\/\",\"logo\":{\"@type\":\"ImageObject\",\"inLanguage\":\"pl-PL\",\"@id\":\"https:\\\/\\\/wobronietradycjiiwiary.com\\\/pl\\\/#\\\/schema\\\/logo\\\/image\\\/\",\"url\":\"https:\\\/\\\/i0.wp.com\\\/wobronietradycjiiwiary.com\\\/wp-content\\\/uploads\\\/2015\\\/10\\\/cropped-st-peters-dome-vatican.jpg?fit=940%2C198&ssl=1\",\"contentUrl\":\"https:\\\/\\\/i0.wp.com\\\/wobronietradycjiiwiary.com\\\/wp-content\\\/uploads\\\/2015\\\/10\\\/cropped-st-peters-dome-vatican.jpg?fit=940%2C198&ssl=1\",\"width\":940,\"height\":198,\"caption\":\"Tradycja i Wiara\"},\"image\":{\"@id\":\"https:\\\/\\\/wobronietradycjiiwiary.com\\\/pl\\\/#\\\/schema\\\/logo\\\/image\\\/\"},\"sameAs\":[\"https:\\\/\\\/www.facebook.com\\\/Tradycja-i-Wiara-108813920592249\"]},{\"@type\":\"Person\",\"@id\":\"https:\\\/\\\/wobronietradycjiiwiary.com\\\/pl\\\/#\\\/schema\\\/person\\\/2d6180ce6abcb681fef0daab7816e8f3\",\"name\":\"Traditio et Fides\",\"sameAs\":[\"https:\\\/\\\/traditionundglauben.com\"],\"url\":\"https:\\\/\\\/wobronietradycjiiwiary.com\\\/pl\\\/author\\\/wobronietradycjiiwiary\\\/\"}]}<\/script>\n<!-- \/ Yoast SEO plugin. -->","yoast_head_json":{"title":"Micha\u0142 Krajski, Protestantyzacja Ko\u015bcio\u0142a w Polsce przed 1989 r. - Tradycja i Wiara","robots":{"index":"index","follow":"follow","max-snippet":"max-snippet:-1","max-image-preview":"max-image-preview:large","max-video-preview":"max-video-preview:-1"},"canonical":"https:\/\/wobronietradycjiiwiary.com\/pl\/michal-krajski-protestantyzacja-kosciola-w-polsce-przed-1989-r\/","og_locale":"pl_PL","og_type":"article","og_title":"Micha\u0142 Krajski, Protestantyzacja Ko\u015bcio\u0142a w Polsce przed 1989 r. - Tradycja i Wiara","og_description":"Czas lektury: 18 minut Poniewa\u017c pisz\u0105cy te s\u0142owa znowu konferuje z prawnikami i z notariuszem w celu umocowania prawnego swojej&hellip; &nbsp; Pe\u0142en dost\u0119p dla subskrybent\u00f3w. Zaloguj si\u0119 lub przejd\u017a do Rejestracji. Nowe ni\u017csze ceny P\u0142atno\u015b\u0107 kart\u0105 P\u0142atno\u015b\u0107 przelewem P\u0142atno\u015b\u0107 kart\u0105 do 6 os\u00f3b","og_url":"https:\/\/wobronietradycjiiwiary.com\/pl\/michal-krajski-protestantyzacja-kosciola-w-polsce-przed-1989-r\/","og_site_name":"Tradycja i Wiara","article_publisher":"https:\/\/www.facebook.com\/Tradycja-i-Wiara-108813920592249","article_published_time":"2018-11-28T14:39:26+00:00","article_modified_time":"2025-02-07T14:52:11+00:00","og_image":[{"width":800,"height":609,"url":"https:\/\/wobronietradycjiiwiary.com\/wp-content\/uploads\/2018\/11\/origin.jpg","type":"image\/jpeg"}],"author":"Traditio et Fides","twitter_card":"summary_large_image","twitter_misc":{"Napisane przez":"Traditio et Fides","Szacowany czas czytania":"21 minut"},"schema":{"@context":"https:\/\/schema.org","@graph":[{"@type":"Article","@id":"https:\/\/wobronietradycjiiwiary.com\/michal-krajski-protestantyzacja-kosciola-w-polsce-przed-1989-r\/#article","isPartOf":{"@id":"https:\/\/wobronietradycjiiwiary.com\/michal-krajski-protestantyzacja-kosciola-w-polsce-przed-1989-r\/"},"author":{"name":"Traditio et Fides","@id":"https:\/\/wobronietradycjiiwiary.com\/pl\/#\/schema\/person\/2d6180ce6abcb681fef0daab7816e8f3"},"headline":"Micha\u0142 Krajski, Protestantyzacja Ko\u015bcio\u0142a w Polsce przed 1989 r.","datePublished":"2018-11-28T14:39:26+00:00","dateModified":"2025-02-07T14:52:11+00:00","mainEntityOfPage":{"@id":"https:\/\/wobronietradycjiiwiary.com\/michal-krajski-protestantyzacja-kosciola-w-polsce-przed-1989-r\/"},"wordCount":4318,"commentCount":3,"publisher":{"@id":"https:\/\/wobronietradycjiiwiary.com\/pl\/#organization"},"image":{"@id":"https:\/\/wobronietradycjiiwiary.com\/michal-krajski-protestantyzacja-kosciola-w-polsce-przed-1989-r\/#primaryimage"},"thumbnailUrl":"https:\/\/wobronietradycjiiwiary.com\/wp-content\/uploads\/2018\/11\/origin.jpg","keywords":["Ks. Blachnicki","protestantyzacja","Protestantyzm","Restricted","Ruch oazowy"],"articleSection":["Ko\u015bci\u00f3\u0142 posoborowy","ks. Dariusz Olewi\u0144ski","Oazy","Polemika"],"inLanguage":"pl-PL","potentialAction":[{"@type":"CommentAction","name":"Comment","target":["https:\/\/wobronietradycjiiwiary.com\/michal-krajski-protestantyzacja-kosciola-w-polsce-przed-1989-r\/#respond"]}]},{"@type":"WebPage","@id":"https:\/\/wobronietradycjiiwiary.com\/michal-krajski-protestantyzacja-kosciola-w-polsce-przed-1989-r\/","url":"https:\/\/wobronietradycjiiwiary.com\/michal-krajski-protestantyzacja-kosciola-w-polsce-przed-1989-r\/","name":"Micha\u0142 Krajski, Protestantyzacja Ko\u015bcio\u0142a w Polsce przed 1989 r. - Tradycja i Wiara","isPartOf":{"@id":"https:\/\/wobronietradycjiiwiary.com\/pl\/#website"},"primaryImageOfPage":{"@id":"https:\/\/wobronietradycjiiwiary.com\/michal-krajski-protestantyzacja-kosciola-w-polsce-przed-1989-r\/#primaryimage"},"image":{"@id":"https:\/\/wobronietradycjiiwiary.com\/michal-krajski-protestantyzacja-kosciola-w-polsce-przed-1989-r\/#primaryimage"},"thumbnailUrl":"https:\/\/wobronietradycjiiwiary.com\/wp-content\/uploads\/2018\/11\/origin.jpg","datePublished":"2018-11-28T14:39:26+00:00","dateModified":"2025-02-07T14:52:11+00:00","breadcrumb":{"@id":"https:\/\/wobronietradycjiiwiary.com\/michal-krajski-protestantyzacja-kosciola-w-polsce-przed-1989-r\/#breadcrumb"},"inLanguage":"pl-PL","potentialAction":[{"@type":"ReadAction","target":["https:\/\/wobronietradycjiiwiary.com\/michal-krajski-protestantyzacja-kosciola-w-polsce-przed-1989-r\/"]}]},{"@type":"ImageObject","inLanguage":"pl-PL","@id":"https:\/\/wobronietradycjiiwiary.com\/michal-krajski-protestantyzacja-kosciola-w-polsce-przed-1989-r\/#primaryimage","url":"https:\/\/wobronietradycjiiwiary.com\/wp-content\/uploads\/2018\/11\/origin.jpg","contentUrl":"https:\/\/wobronietradycjiiwiary.com\/wp-content\/uploads\/2018\/11\/origin.jpg","width":800,"height":609},{"@type":"BreadcrumbList","@id":"https:\/\/wobronietradycjiiwiary.com\/michal-krajski-protestantyzacja-kosciola-w-polsce-przed-1989-r\/#breadcrumb","itemListElement":[{"@type":"ListItem","position":1,"name":"Strona g\u0142\u00f3wna","item":"https:\/\/wobronietradycjiiwiary.com\/"},{"@type":"ListItem","position":2,"name":"Micha\u0142 Krajski, Protestantyzacja Ko\u015bcio\u0142a w Polsce przed 1989 r."}]},{"@type":"WebSite","@id":"https:\/\/wobronietradycjiiwiary.com\/pl\/#website","url":"https:\/\/wobronietradycjiiwiary.com\/pl\/","name":"Tradycja i Wiara","description":"Portal dla katolik\u00f3w.","publisher":{"@id":"https:\/\/wobronietradycjiiwiary.com\/pl\/#organization"},"potentialAction":[{"@type":"SearchAction","target":{"@type":"EntryPoint","urlTemplate":"https:\/\/wobronietradycjiiwiary.com\/pl\/?s={search_term_string}"},"query-input":{"@type":"PropertyValueSpecification","valueRequired":true,"valueName":"search_term_string"}}],"inLanguage":"pl-PL"},{"@type":"Organization","@id":"https:\/\/wobronietradycjiiwiary.com\/pl\/#organization","name":"Tradycja i Wiara","url":"https:\/\/wobronietradycjiiwiary.com\/pl\/","logo":{"@type":"ImageObject","inLanguage":"pl-PL","@id":"https:\/\/wobronietradycjiiwiary.com\/pl\/#\/schema\/logo\/image\/","url":"https:\/\/i0.wp.com\/wobronietradycjiiwiary.com\/wp-content\/uploads\/2015\/10\/cropped-st-peters-dome-vatican.jpg?fit=940%2C198&ssl=1","contentUrl":"https:\/\/i0.wp.com\/wobronietradycjiiwiary.com\/wp-content\/uploads\/2015\/10\/cropped-st-peters-dome-vatican.jpg?fit=940%2C198&ssl=1","width":940,"height":198,"caption":"Tradycja i Wiara"},"image":{"@id":"https:\/\/wobronietradycjiiwiary.com\/pl\/#\/schema\/logo\/image\/"},"sameAs":["https:\/\/www.facebook.com\/Tradycja-i-Wiara-108813920592249"]},{"@type":"Person","@id":"https:\/\/wobronietradycjiiwiary.com\/pl\/#\/schema\/person\/2d6180ce6abcb681fef0daab7816e8f3","name":"Traditio et Fides","sameAs":["https:\/\/traditionundglauben.com"],"url":"https:\/\/wobronietradycjiiwiary.com\/pl\/author\/wobronietradycjiiwiary\/"}]}},"jetpack_publicize_connections":[],"jetpack_sharing_enabled":true,"jetpack_likes_enabled":true,"jetpack_shortlink":"https:\/\/wp.me\/pc04Sd-4Wb","jetpack-related-posts":[{"id":5682,"url":"https:\/\/wobronietradycjiiwiary.com\/pl\/jacek-schmidt-jeszcze-o-ruchu-oazowym-2-z-2\/","url_meta":{"origin":18983,"position":0},"title":"Jacek Schmidt, Jeszcze o ruchu oazowym (2 z 2)","author":"Traditio et Fides","date":"14 maja 2015","format":false,"excerpt":"Dariusz Cupia\u0142 w swej wa\u017cnej pracy Na drodze ewangelizacji i ekumenii pisze: \"Wiele motyw\u00f3w otwiera\u0142o ruch oazowy na ekumenizm. Ksi\u0105dz Blachnicki dawa\u0142 wyraz braku satysfakcji ze stanu ekumenicznej \u015bwiadomo\u015bci wiernych i kap\u0142an\u00f3w w Polsce; stwierdzi\u0142 brak znacz\u0105cych przemian mentalno\u015bci w tej dziedzinie. Problem ekumenizmu w Polsce okre\u015bla\u0142 jako abstrakcyjny\"[13]. Dalej\u2026","rel":"","context":"W \u201eOazy&quot;","block_context":{"text":"Oazy","link":"https:\/\/wobronietradycjiiwiary.com\/pl\/category\/polemika\/kosciol-posoborowy\/nowe-ruchy-w-kosciele\/oazy\/"},"img":{"alt_text":"","src":"https:\/\/i0.wp.com\/wobronietradycjiiwiary.com\/wp-content\/uploads\/2015\/04\/theorbo1.jpg?resize=350%2C200&ssl=1","width":350,"height":200,"srcset":"https:\/\/i0.wp.com\/wobronietradycjiiwiary.com\/wp-content\/uploads\/2015\/04\/theorbo1.jpg?resize=350%2C200&ssl=1 1x, https:\/\/i0.wp.com\/wobronietradycjiiwiary.com\/wp-content\/uploads\/2015\/04\/theorbo1.jpg?resize=525%2C300&ssl=1 1.5x, https:\/\/i0.wp.com\/wobronietradycjiiwiary.com\/wp-content\/uploads\/2015\/04\/theorbo1.jpg?resize=700%2C400&ssl=1 2x, https:\/\/i0.wp.com\/wobronietradycjiiwiary.com\/wp-content\/uploads\/2015\/04\/theorbo1.jpg?resize=1050%2C600&ssl=1 3x"},"classes":[]},{"id":5613,"url":"https:\/\/wobronietradycjiiwiary.com\/pl\/5613\/","url_meta":{"origin":18983,"position":1},"title":"Monika Chom\u0105towska, Problemy ruchu oazowego. Cz\u0119\u015b\u0107 1.  (1 z 2)","author":"Traditio et Fides","date":"10 maja 2015","format":false,"excerpt":"Ksi\u0105dz Blachnicki i oazy: temat rzeka. Tym razem z perspektywy tradycyjnej. Wnioski dosy\u0107 szokuj\u0105ce.","rel":"","context":"W \u201eOazy&quot;","block_context":{"text":"Oazy","link":"https:\/\/wobronietradycjiiwiary.com\/pl\/category\/polemika\/kosciol-posoborowy\/nowe-ruchy-w-kosciele\/oazy\/"},"img":{"alt_text":"","src":"https:\/\/i0.wp.com\/wobronietradycjiiwiary.com\/wp-content\/uploads\/2015\/04\/46.jpg?resize=350%2C200&ssl=1","width":350,"height":200},"classes":[]},{"id":5668,"url":"https:\/\/wobronietradycjiiwiary.com\/pl\/monika-chomatowska-problemy-ruchu-oazowego-czesc-1-2-z-2\/","url_meta":{"origin":18983,"position":2},"title":"Monika Chom\u0105towska, Problemy ruchu oazowego. Cz\u0119\u015b\u0107 1. (2 z 2)","author":"Traditio et Fides","date":"11 maja 2015","format":false,"excerpt":"Ruch oazowy z perspektywy tradycyjnej. Dla wszystkich by\u0142ych oazowicz\u00f3w lektura obowi\u0105zkowa.","rel":"","context":"W \u201eKo\u015bci\u00f3\u0142 posoborowy&quot;","block_context":{"text":"Ko\u015bci\u00f3\u0142 posoborowy","link":"https:\/\/wobronietradycjiiwiary.com\/pl\/category\/polemika\/kosciol-posoborowy\/"},"img":{"alt_text":"","src":"https:\/\/i0.wp.com\/wobronietradycjiiwiary.com\/wp-content\/uploads\/2015\/04\/6a00d8341c69f653ef0133ed194dde970b.jpg?resize=350%2C200&ssl=1","width":350,"height":200},"classes":[]},{"id":5625,"url":"https:\/\/wobronietradycjiiwiary.com\/pl\/5625\/","url_meta":{"origin":18983,"position":3},"title":"Jacek Schmidt, Jeszcze o ruchu oazowym (1 z 2)","author":"Traditio et Fides","date":"13 maja 2015","format":false,"excerpt":"Artyku\u0142 by\u0142ego oazowicza Jacka Schmidta jest kolejnym spojrzeniem na ruch oazowy z punktu widzenia tradycji lub tradycjonalizmu, bo zamieszczony w Zawsze wierni Bractwa \u015bw. Piusa X. Artyku\u0142 jest obiektywny i dobrze udokumentowany \u017ar\u00f3d\u0142owo i dlatego go tutaj zamieszczamy. Z du\u017cym zainteresowaniem zapozna\u0142em si\u0119 z opublikowanymi w Zawsze wierni dwoma artyku\u0142ami\u2026","rel":"","context":"W \u201eKo\u015bci\u00f3\u0142 posoborowy&quot;","block_context":{"text":"Ko\u015bci\u00f3\u0142 posoborowy","link":"https:\/\/wobronietradycjiiwiary.com\/pl\/category\/polemika\/kosciol-posoborowy\/"},"img":{"alt_text":"","src":"https:\/\/i0.wp.com\/wobronietradycjiiwiary.com\/wp-content\/uploads\/2015\/04\/theorbo.jpg?resize=350%2C200&ssl=1","width":350,"height":200,"srcset":"https:\/\/i0.wp.com\/wobronietradycjiiwiary.com\/wp-content\/uploads\/2015\/04\/theorbo.jpg?resize=350%2C200&ssl=1 1x, https:\/\/i0.wp.com\/wobronietradycjiiwiary.com\/wp-content\/uploads\/2015\/04\/theorbo.jpg?resize=525%2C300&ssl=1 1.5x, https:\/\/i0.wp.com\/wobronietradycjiiwiary.com\/wp-content\/uploads\/2015\/04\/theorbo.jpg?resize=700%2C400&ssl=1 2x"},"classes":[]},{"id":16603,"url":"https:\/\/wobronietradycjiiwiary.com\/pl\/rituale-klasztoru-w-biburgu-oraz-blogoslawienstwo-kobiety-po-porodzie-1-z-2\/","url_meta":{"origin":18983,"position":4},"title":"Rituale klasztoru w Biburgu oraz b\u0142ogos\u0142awie\u0144stwo kobiety po porodzie (1 z 2)","author":"Traditio et Fides","date":"8 grudnia 2017","format":false,"excerpt":"Czasami \u017cyczenia spe\u0142niaj\u0105 si\u0119, szczeg\u00f3lnie gdy chodzi o uzupe\u0142nianie wiedzy przez nasz\u0105 redakcj\u0119. I o ile 4. Grudnia 2017 nie wiedzieli\u015bmy jeszcze nic na temat okoliczno\u015bci tzw. wywodu, to jest wprowadzenia kobiety po porodzie do ko\u015bcio\u0142a z odpowiednim b\u0142ogos\u0142awie\u0144stwem, tak wiemy ju\u017c na ten temat dzi\u0119ki Rituale klasztoru w Biburgu\u2026","rel":"","context":"W \u201eCi\u0105\u017ca i por\u00f3d&quot;","block_context":{"text":"Ci\u0105\u017ca i por\u00f3d","link":"https:\/\/wobronietradycjiiwiary.com\/pl\/category\/doktryna\/teologia-dogmatyczna\/sakramentalia\/ciaza-i-porod-sakramentalia\/"},"img":{"alt_text":"","src":"https:\/\/i0.wp.com\/wobronietradycjiiwiary.com\/wp-content\/uploads\/2017\/12\/exorcism-medieval.jpg?resize=350%2C200&ssl=1","width":350,"height":200,"srcset":"https:\/\/i0.wp.com\/wobronietradycjiiwiary.com\/wp-content\/uploads\/2017\/12\/exorcism-medieval.jpg?resize=350%2C200&ssl=1 1x, https:\/\/i0.wp.com\/wobronietradycjiiwiary.com\/wp-content\/uploads\/2017\/12\/exorcism-medieval.jpg?resize=525%2C300&ssl=1 1.5x, https:\/\/i0.wp.com\/wobronietradycjiiwiary.com\/wp-content\/uploads\/2017\/12\/exorcism-medieval.jpg?resize=700%2C400&ssl=1 2x"},"classes":[]},{"id":5704,"url":"https:\/\/wobronietradycjiiwiary.com\/pl\/krytyka-ruchu-oazowego-kilka-slow-wstepu\/","url_meta":{"origin":18983,"position":5},"title":"Krytyka ruchu oazowego \u2013 kilka s\u0142\u00f3w wst\u0119pu","author":"Traditio et Fides","date":"2 maja 2015","format":false,"excerpt":"Zaczynaj\u0105c obiecany przegl\u0105d ruch\u00f3w posoborowych pragniemy zaprezentowa\u0107 cykl artyku\u0142\u00f3w na temat Ruchu \u015awiat\u0142o-\u017bycie (R\u015a\u017b), kt\u00f3ry nazywany te\u017c jest ruchem oazowym. Ruch ten, ze wzgl\u0119du na swoj\u0105 masow\u0105 skal\u0119, kt\u00f3rej szczyt przypada\u0142 na lata 1960-te i 1970-te, by\u0142 g\u0142\u00f3wnym motorem przemian posoborowych w odniesieniu do m\u0142odzie\u017cy w Polsce. Poniewa\u017c prawie ka\u017cdy\u2026","rel":"","context":"W \u201eKo\u015bci\u00f3\u0142 posoborowy&quot;","block_context":{"text":"Ko\u015bci\u00f3\u0142 posoborowy","link":"https:\/\/wobronietradycjiiwiary.com\/pl\/category\/polemika\/kosciol-posoborowy\/"},"img":{"alt_text":"","src":"https:\/\/i0.wp.com\/wobronietradycjiiwiary.com\/wp-content\/uploads\/2015\/04\/monktonsure.jpg?resize=350%2C200&ssl=1","width":350,"height":200},"classes":[]}],"jetpack_featured_media_url":"https:\/\/wobronietradycjiiwiary.com\/wp-content\/uploads\/2018\/11\/origin.jpg","_links":{"self":[{"href":"https:\/\/wobronietradycjiiwiary.com\/pl\/wp-json\/wp\/v2\/posts\/18983","targetHints":{"allow":["GET"]}}],"collection":[{"href":"https:\/\/wobronietradycjiiwiary.com\/pl\/wp-json\/wp\/v2\/posts"}],"about":[{"href":"https:\/\/wobronietradycjiiwiary.com\/pl\/wp-json\/wp\/v2\/types\/post"}],"author":[{"embeddable":true,"href":"https:\/\/wobronietradycjiiwiary.com\/pl\/wp-json\/wp\/v2\/users\/60508433"}],"replies":[{"embeddable":true,"href":"https:\/\/wobronietradycjiiwiary.com\/pl\/wp-json\/wp\/v2\/comments?post=18983"}],"version-history":[{"count":4,"href":"https:\/\/wobronietradycjiiwiary.com\/pl\/wp-json\/wp\/v2\/posts\/18983\/revisions"}],"predecessor-version":[{"id":74479,"href":"https:\/\/wobronietradycjiiwiary.com\/pl\/wp-json\/wp\/v2\/posts\/18983\/revisions\/74479"}],"wp:featuredmedia":[{"embeddable":true,"href":"https:\/\/wobronietradycjiiwiary.com\/pl\/wp-json\/wp\/v2\/media\/18984"}],"wp:attachment":[{"href":"https:\/\/wobronietradycjiiwiary.com\/pl\/wp-json\/wp\/v2\/media?parent=18983"}],"wp:term":[{"taxonomy":"category","embeddable":true,"href":"https:\/\/wobronietradycjiiwiary.com\/pl\/wp-json\/wp\/v2\/categories?post=18983"},{"taxonomy":"post_tag","embeddable":true,"href":"https:\/\/wobronietradycjiiwiary.com\/pl\/wp-json\/wp\/v2\/tags?post=18983"}],"curies":[{"name":"wp","href":"https:\/\/api.w.org\/{rel}","templated":true}]}}