{"id":18296,"date":"2018-09-22T19:00:17","date_gmt":"2018-09-22T17:00:17","guid":{"rendered":"https:\/\/wobronietradycjiiwiaryblog.wordpress.com\/?p=18296"},"modified":"2025-02-07T16:01:12","modified_gmt":"2025-02-07T15:01:12","slug":"proprium-missae-xviii-niedziela-po-zeslaniu-ducha-swietego-dominica-xviii-post-pentecosten-3","status":"publish","type":"post","link":"https:\/\/wobronietradycjiiwiary.com\/pl\/proprium-missae-xviii-niedziela-po-zeslaniu-ducha-swietego-dominica-xviii-post-pentecosten-3\/","title":{"rendered":"Proprium missae &#8211; XVIII Niedziela po Zes\u0142aniu Ducha \u015awi\u0119tego &#8211; Dominica XVIII post Pentecosten"},"content":{"rendered":"<div id=\"bsf_rt_marker\"><\/div><p> <span class=\"embed-youtube\" style=\"text-align:center; display: block;\"><iframe class=\"youtube-player\" width=\"580\" height=\"327\" src=\"https:\/\/www.youtube.com\/embed\/kM-2BGwy_gU?version=3&#038;rel=1&#038;showsearch=0&#038;showinfo=1&#038;iv_load_policy=1&#038;fs=1&#038;hl=pl-PL&#038;autohide=2&#038;wmode=transparent\" allowfullscreen=\"true\" style=\"border:0;\" sandbox=\"allow-scripts allow-same-origin allow-popups allow-presentation allow-popups-to-escape-sandbox\"><\/iframe><\/span><\/p>\n<table>\n<tbody>\n<tr>\n<td colspan=\"2\" width=\"614\"><strong><em>INTROITUS<\/em><\/strong><\/td>\n<\/tr>\n<tr>\n<td width=\"307\"><em>Eccli 36:18<\/em><br \/>\n<strong><em>D<\/em><\/strong>a pacem, D\u00f3mine, sustin\u00e9ntibus te, ut proph\u00e9t\u00e6 tui fid\u00e9les inveni\u00e1ntur: ex\u00e1udi preces servi tui et plebis tu\u00e6 Isra\u00ebl<br \/>\n<em>Ps 121:1<\/em><br \/>\nL\u00e6t\u00e1tus sum in his, qu\u00e6 dicta sunt mihi: in domum D\u00f3mini \u00edbimus.<br \/>\n<em>V.<\/em> Gl\u00f3ria Patri, et F\u00edlio, et Spir\u00edtui Sancto.<br \/>\n<em>R.<\/em> Sicut erat in princ\u00edpio, et nunc, et semper, et in saecula saecul\u00f3rum. Amen<br \/>\n<em>Eccli 36:18<\/em><br \/>\n<strong><em>D<\/em><\/strong>a pacem, D\u00f3mine, sustin\u00e9ntibus te, ut proph\u00e9t\u00e6 tui fid\u00e9les inveni\u00e1ntur: ex\u00e1udi preces servi tui et plebis tu\u00e6 Isra\u00ebl<\/td>\n<td width=\"307\"><em>Syr 36:18<\/em><br \/>\n<strong><em>U<\/em><\/strong>\u017cycz pokoju, o Panie, tym, kt\u00f3rzy oczekuj\u0105 pomocy od Ciebie, aby si\u0119 spe\u0142ni\u0142y obietnice Twoich prorok\u00f3w. Wys\u0142uchaj pr\u00f3\u015bb Swojego s\u0142ugi oraz Izraela, Twojego ludu.<br \/>\n<em>Ps 121:1<\/em><br \/>\nUradowa\u0142em si\u0119, gdy mi powiedziano: P\u00f3jdziemy do domu Pa\u0144skiego.<br \/>\n<em>V.<\/em> Chwa\u0142a Ojcu, i Synowi i Duchowi \u015awi\u0119temu.<br \/>\n<em>R.<\/em> Jak by\u0142a na pocz\u0105tku, teraz i zawsze i na wieki wiek\u00f3w. Amen.<br \/>\n<em>Syr 36:18<\/em><br \/>\n<strong><em>U<\/em><\/strong>\u017cycz pokoju, o Panie, tym, kt\u00f3rzy oczekuj\u0105 pomocy od Ciebie, aby si\u0119 spe\u0142ni\u0142y obietnice Twoich prorok\u00f3w. Wys\u0142uchaj pr\u00f3\u015bb Swojego s\u0142ugi oraz Izraela, Twojego ludu.<\/td>\n<\/tr>\n<\/tbody>\n<\/table>\n<p> <span class=\"embed-youtube\" style=\"text-align:center; display: block;\"><iframe class=\"youtube-player\" width=\"580\" height=\"327\" src=\"https:\/\/www.youtube.com\/embed\/oo2JMgo0mYo?version=3&#038;rel=1&#038;showsearch=0&#038;showinfo=1&#038;iv_load_policy=1&#038;fs=1&#038;hl=pl-PL&#038;autohide=2&#038;wmode=transparent\" allowfullscreen=\"true\" style=\"border:0;\" sandbox=\"allow-scripts allow-same-origin allow-popups allow-presentation allow-popups-to-escape-sandbox\"><\/iframe><\/span><\/p>\n<table>\n<tbody>\n<tr>\n<td colspan=\"2\" width=\"614\"><strong><em>GRADUALE<\/em><\/strong><\/td>\n<\/tr>\n<tr>\n<td width=\"307\"><em>Ps 121:1; 121:7<\/em><br \/>\nL\u00e6t\u00e1tus sum in his, qu\u00e6 dicta sunt mihi: in domum D\u00f3mini \u00edbimus.<br \/>\n<em>V.<\/em> Fiat pax in virt\u00fate tua: et abund\u00e1ntia in t\u00farribus tuis.<\/td>\n<td width=\"307\"><em>Ps 121:1; 121:7 <\/em><br \/>\nUradowa\u0142em si\u0119, bo mi powiedziano: P\u00f3jdziemy do domu Pa\u0144skiego.<br \/>\n<em>V.<\/em> Niech pok\u00f3j b\u0119dzie w murach twoich, a bezpiecze\u0144stwo w twych pa\u0142acach.<\/td>\n<\/tr>\n<\/tbody>\n<\/table>\n<p> <span class=\"embed-youtube\" style=\"text-align:center; display: block;\"><iframe class=\"youtube-player\" width=\"580\" height=\"327\" src=\"https:\/\/www.youtube.com\/embed\/c4k3c7_r8KM?version=3&#038;rel=1&#038;showsearch=0&#038;showinfo=1&#038;iv_load_policy=1&#038;fs=1&#038;hl=pl-PL&#038;autohide=2&#038;wmode=transparent\" allowfullscreen=\"true\" style=\"border:0;\" sandbox=\"allow-scripts allow-same-origin allow-popups allow-presentation allow-popups-to-escape-sandbox\"><\/iframe><\/span><\/p>\n<table>\n<tbody>\n<tr>\n<td colspan=\"2\" width=\"614\"><strong><em>ALLELUIA<\/em><\/strong><\/td>\n<\/tr>\n<tr>\n<td width=\"307\">Allel\u00faia, allel\u00faia<br \/>\n<em>Ps 101:16<\/em><br \/>\nTim\u00e9bunt gentes nomen tuum, D\u00f3mine, et omnes reges terr\u00e6 gl\u00f3riam tuam. Allel\u00faia.<\/td>\n<td width=\"307\">Alleluja, alleluja.<br \/>\n<em>Ps 101:16<\/em><br \/>\nPoganie b\u0119d\u0105 czcili imi\u0119 Twoje, Panie, i wszyscy kr\u00f3lowie ziemi Twoj\u0105 chwa\u0142\u0119. Alleluja.<\/td>\n<\/tr>\n<\/tbody>\n<\/table>\n<p><span class=\"embed-youtube\" style=\"text-align:center; display: block;\"><iframe class=\"youtube-player\" width=\"580\" height=\"327\" src=\"https:\/\/www.youtube.com\/embed\/gcjPOnyQ7UY?version=3&#038;rel=1&#038;showsearch=0&#038;showinfo=1&#038;iv_load_policy=1&#038;fs=1&#038;hl=pl-PL&#038;autohide=2&#038;wmode=transparent\" allowfullscreen=\"true\" style=\"border:0;\" sandbox=\"allow-scripts allow-same-origin allow-popups allow-presentation allow-popups-to-escape-sandbox\"><\/iframe><\/span><\/p>\n<table>\n<tbody>\n<tr>\n<td colspan=\"2\" width=\"614\"><strong><em>OFFERTORIUM<\/em><\/strong><\/td>\n<\/tr>\n<tr>\n<td width=\"307\"><em>Exodi 24:4; 24:5<\/em><br \/>\nSanctific\u00e1vit M\u00f3yses alt\u00e1re D\u00f3mino, \u00f3fferens super illud holoc\u00e1usta et \u00edmmolans v\u00edctimas: fecit sacrif\u00edcium vespert\u00ednum in od\u00f3rem suavit\u00e1tis D\u00f3mino Deo, in consp\u00e9ctu fili\u00f3rum Isra\u00ebl.<\/td>\n<td width=\"307\"><em>Wj 24:4; 24:5<\/em><br \/>\nPo\u015bwi\u0119ci\u0142 Moj\u017cesz o\u0142tarz dla Pana, sk\u0142adaj\u0105c na nim ofiary ca\u0142opalne i ofiaruj\u0105c \u017certwy ze zwierz\u0105t. Wobec syn\u00f3w Izraela dope\u0142ni\u0142 ofiary wieczornej na wonno\u015b\u0107 mi\u0142\u0105 Panu Bogu.<\/td>\n<\/tr>\n<\/tbody>\n<\/table>\n<p><span class=\"embed-youtube\" style=\"text-align:center; display: block;\"><iframe class=\"youtube-player\" width=\"580\" height=\"327\" src=\"https:\/\/www.youtube.com\/embed\/p5u8_eSC8Co?version=3&#038;rel=1&#038;showsearch=0&#038;showinfo=1&#038;iv_load_policy=1&#038;fs=1&#038;hl=pl-PL&#038;autohide=2&#038;wmode=transparent\" allowfullscreen=\"true\" style=\"border:0;\" sandbox=\"allow-scripts allow-same-origin allow-popups allow-presentation allow-popups-to-escape-sandbox\"><\/iframe><\/span><\/p>\n<table>\n<tbody>\n<tr>\n<td colspan=\"2\" width=\"614\"><strong><em>COMMUNIO<\/em><\/strong><\/td>\n<\/tr>\n<tr>\n<td width=\"307\"><em>Ps 95:8-9<\/em><br \/>\nT\u00f3llite h\u00f3stias, et intro\u00edte in \u00e1tria eius: ador\u00e1te D\u00f3minum in aula sancta eius.<\/td>\n<td width=\"307\"><em>Ps 95:8-9<\/em><br \/>\nOfiary nie\u015bcie i wchod\u017acie do Jego przedsieni: uczcijcie Pana w \u015bwi\u0119tym Jego majestacie.<\/td>\n<\/tr>\n<\/tbody>\n<\/table>\n","protected":false},"excerpt":{"rendered":"<p>INTROITUS Eccli 36:18 Da pacem, D\u00f3mine, sustin\u00e9ntibus te, ut proph\u00e9t\u00e6 tui fid\u00e9les inveni\u00e1ntur: ex\u00e1udi preces servi tui et plebis tu\u00e6 Isra\u00ebl Ps 121:1 L\u00e6t\u00e1tus sum in his, qu\u00e6 dicta sunt mihi: in domum D\u00f3mini \u00edbimus. V. Gl\u00f3ria Patri, et F\u00edlio, et Spir\u00edtui Sancto. R. Sicut erat in princ\u00edpio, et nunc, et semper, et in saecula [&hellip;]<\/p>\n","protected":false},"author":119394841,"featured_media":0,"comment_status":"open","ping_status":"closed","sticky":false,"template":"","format":"standard","meta":{"_bbp_topic_count":0,"_bbp_reply_count":0,"_bbp_total_topic_count":0,"_bbp_total_reply_count":0,"_bbp_voice_count":0,"_bbp_anonymous_reply_count":0,"_bbp_topic_count_hidden":0,"_bbp_reply_count_hidden":0,"_bbp_forum_subforum_count":0,"_editorskit_title_hidden":false,"_editorskit_reading_time":0,"_editorskit_is_block_options_detached":false,"_editorskit_block_options_position":"{}","_coblocks_attr":"","_coblocks_dimensions":"","_coblocks_responsive_height":"","_coblocks_accordion_ie_support":"","_exactmetrics_skip_tracking":false,"_jetpack_newsletter_access":"","_jetpack_dont_email_post_to_subs":false,"_jetpack_newsletter_tier_id":0,"_jetpack_memberships_contains_paywalled_content":false,"_wpcom_ai_launchpad_first_post":false,"_jetpack_feature_clip_id":0,"_jetpack_memberships_contains_paid_content":false,"footnotes":"","jetpack_publicize_message":"{title}\n\n{excerpt}\n\n{url}","jetpack_publicize_feature_enabled":true,"jetpack_social_post_already_shared":true,"jetpack_social_options":{"image_generator_settings":{"template":"highway","default_image_id":0,"font":"","enabled":false},"version":2},"_wpas_customize_per_network":false,"jetpack_post_was_ever_published":false},"categories":[5647912,20472889],"tags":[1053804,610132562,527077037],"class_list":["post-18296","post","type-post","status-publish","format-standard","hentry","category-msza-trydencka","category-proprium","tag-missa-tridentina","tag-premium","tag-proprium-missae"],"yoast_head":"<!-- This site is optimized with the Yoast SEO plugin v28.4 - https:\/\/yoast.com\/product\/yoast-seo-wordpress\/ -->\n<title>Proprium missae - XVIII Niedziela po Zes\u0142aniu Ducha \u015awi\u0119tego - Dominica XVIII post Pentecosten - Tradycja i Wiara<\/title>\n<meta name=\"robots\" content=\"index, follow, max-snippet:-1, max-image-preview:large, max-video-preview:-1\" \/>\n<link rel=\"canonical\" href=\"https:\/\/wobronietradycjiiwiary.com\/pl\/proprium-missae-xviii-niedziela-po-zeslaniu-ducha-swietego-dominica-xviii-post-pentecosten-3\/\" \/>\n<meta property=\"og:locale\" content=\"pl_PL\" \/>\n<meta property=\"og:type\" content=\"article\" \/>\n<meta property=\"og:title\" content=\"Proprium missae - XVIII Niedziela po Zes\u0142aniu Ducha \u015awi\u0119tego - Dominica XVIII post Pentecosten - Tradycja i Wiara\" \/>\n<meta property=\"og:description\" content=\"INTROITUS Eccli 36:18 Da pacem, D\u00f3mine, sustin\u00e9ntibus te, ut proph\u00e9t\u00e6 tui fid\u00e9les inveni\u00e1ntur: ex\u00e1udi preces servi tui et plebis tu\u00e6 Isra\u00ebl Ps 121:1 L\u00e6t\u00e1tus sum in his, qu\u00e6 dicta sunt mihi: in domum D\u00f3mini \u00edbimus. V. Gl\u00f3ria Patri, et F\u00edlio, et Spir\u00edtui Sancto. R. Sicut erat in princ\u00edpio, et nunc, et semper, et in saecula [&hellip;]\" \/>\n<meta property=\"og:url\" content=\"https:\/\/wobronietradycjiiwiary.com\/pl\/proprium-missae-xviii-niedziela-po-zeslaniu-ducha-swietego-dominica-xviii-post-pentecosten-3\/\" \/>\n<meta property=\"og:site_name\" content=\"Tradycja i Wiara\" \/>\n<meta property=\"article:publisher\" content=\"https:\/\/www.facebook.com\/Tradycja-i-Wiara-108813920592249\" \/>\n<meta property=\"article:published_time\" content=\"2018-09-22T17:00:17+00:00\" \/>\n<meta property=\"article:modified_time\" content=\"2025-02-07T15:01:12+00:00\" \/>\n<meta name=\"author\" content=\"mariuszjerzy\" \/>\n<meta name=\"twitter:card\" content=\"summary_large_image\" \/>\n<meta name=\"twitter:label1\" content=\"Napisane przez\" \/>\n\t<meta name=\"twitter:data1\" content=\"mariuszjerzy\" \/>\n\t<meta name=\"twitter:label2\" content=\"Szacowany czas czytania\" \/>\n\t<meta name=\"twitter:data2\" content=\"2 minuty\" \/>\n<script type=\"application\/ld+json\" class=\"yoast-schema-graph\">{\"@context\":\"https:\\\/\\\/schema.org\",\"@graph\":[{\"@type\":\"Article\",\"@id\":\"https:\\\/\\\/wobronietradycjiiwiary.com\\\/proprium-missae-xviii-niedziela-po-zeslaniu-ducha-swietego-dominica-xviii-post-pentecosten-3\\\/#article\",\"isPartOf\":{\"@id\":\"https:\\\/\\\/wobronietradycjiiwiary.com\\\/proprium-missae-xviii-niedziela-po-zeslaniu-ducha-swietego-dominica-xviii-post-pentecosten-3\\\/\"},\"author\":{\"name\":\"mariuszjerzy\",\"@id\":\"https:\\\/\\\/wobronietradycjiiwiary.com\\\/pl\\\/#\\\/schema\\\/person\\\/595d3fb6f55eae9326175d092b63d851\"},\"headline\":\"Proprium missae &#8211; XVIII Niedziela po Zes\u0142aniu Ducha \u015awi\u0119tego &#8211; Dominica XVIII post Pentecosten\",\"datePublished\":\"2018-09-22T17:00:17+00:00\",\"dateModified\":\"2025-02-07T15:01:12+00:00\",\"mainEntityOfPage\":{\"@id\":\"https:\\\/\\\/wobronietradycjiiwiary.com\\\/proprium-missae-xviii-niedziela-po-zeslaniu-ducha-swietego-dominica-xviii-post-pentecosten-3\\\/\"},\"wordCount\":497,\"commentCount\":0,\"publisher\":{\"@id\":\"https:\\\/\\\/wobronietradycjiiwiary.com\\\/pl\\\/#organization\"},\"keywords\":[\"Missa Tridentina\",\"Premium\",\"Proprium missae\"],\"articleSection\":[\"Msza Trydencka\",\"Proprium\"],\"inLanguage\":\"pl-PL\",\"potentialAction\":[{\"@type\":\"CommentAction\",\"name\":\"Comment\",\"target\":[\"https:\\\/\\\/wobronietradycjiiwiary.com\\\/proprium-missae-xviii-niedziela-po-zeslaniu-ducha-swietego-dominica-xviii-post-pentecosten-3\\\/#respond\"]}]},{\"@type\":\"WebPage\",\"@id\":\"https:\\\/\\\/wobronietradycjiiwiary.com\\\/proprium-missae-xviii-niedziela-po-zeslaniu-ducha-swietego-dominica-xviii-post-pentecosten-3\\\/\",\"url\":\"https:\\\/\\\/wobronietradycjiiwiary.com\\\/proprium-missae-xviii-niedziela-po-zeslaniu-ducha-swietego-dominica-xviii-post-pentecosten-3\\\/\",\"name\":\"Proprium missae - XVIII Niedziela po Zes\u0142aniu Ducha \u015awi\u0119tego - Dominica XVIII post Pentecosten - Tradycja i Wiara\",\"isPartOf\":{\"@id\":\"https:\\\/\\\/wobronietradycjiiwiary.com\\\/pl\\\/#website\"},\"datePublished\":\"2018-09-22T17:00:17+00:00\",\"dateModified\":\"2025-02-07T15:01:12+00:00\",\"breadcrumb\":{\"@id\":\"https:\\\/\\\/wobronietradycjiiwiary.com\\\/proprium-missae-xviii-niedziela-po-zeslaniu-ducha-swietego-dominica-xviii-post-pentecosten-3\\\/#breadcrumb\"},\"inLanguage\":\"pl-PL\",\"potentialAction\":[{\"@type\":\"ReadAction\",\"target\":[\"https:\\\/\\\/wobronietradycjiiwiary.com\\\/proprium-missae-xviii-niedziela-po-zeslaniu-ducha-swietego-dominica-xviii-post-pentecosten-3\\\/\"]}]},{\"@type\":\"BreadcrumbList\",\"@id\":\"https:\\\/\\\/wobronietradycjiiwiary.com\\\/proprium-missae-xviii-niedziela-po-zeslaniu-ducha-swietego-dominica-xviii-post-pentecosten-3\\\/#breadcrumb\",\"itemListElement\":[{\"@type\":\"ListItem\",\"position\":1,\"name\":\"Strona g\u0142\u00f3wna\",\"item\":\"https:\\\/\\\/wobronietradycjiiwiary.com\\\/\"},{\"@type\":\"ListItem\",\"position\":2,\"name\":\"Proprium missae &#8211; XVIII Niedziela po Zes\u0142aniu Ducha \u015awi\u0119tego &#8211; Dominica XVIII post Pentecosten\"}]},{\"@type\":\"WebSite\",\"@id\":\"https:\\\/\\\/wobronietradycjiiwiary.com\\\/pl\\\/#website\",\"url\":\"https:\\\/\\\/wobronietradycjiiwiary.com\\\/pl\\\/\",\"name\":\"Tradycja i Wiara\",\"description\":\"Portal dla katolik\u00f3w.\",\"publisher\":{\"@id\":\"https:\\\/\\\/wobronietradycjiiwiary.com\\\/pl\\\/#organization\"},\"potentialAction\":[{\"@type\":\"SearchAction\",\"target\":{\"@type\":\"EntryPoint\",\"urlTemplate\":\"https:\\\/\\\/wobronietradycjiiwiary.com\\\/pl\\\/?s={search_term_string}\"},\"query-input\":{\"@type\":\"PropertyValueSpecification\",\"valueRequired\":true,\"valueName\":\"search_term_string\"}}],\"inLanguage\":\"pl-PL\"},{\"@type\":\"Organization\",\"@id\":\"https:\\\/\\\/wobronietradycjiiwiary.com\\\/pl\\\/#organization\",\"name\":\"Tradycja i Wiara\",\"url\":\"https:\\\/\\\/wobronietradycjiiwiary.com\\\/pl\\\/\",\"logo\":{\"@type\":\"ImageObject\",\"inLanguage\":\"pl-PL\",\"@id\":\"https:\\\/\\\/wobronietradycjiiwiary.com\\\/pl\\\/#\\\/schema\\\/logo\\\/image\\\/\",\"url\":\"https:\\\/\\\/i0.wp.com\\\/wobronietradycjiiwiary.com\\\/wp-content\\\/uploads\\\/2015\\\/10\\\/cropped-st-peters-dome-vatican.jpg?fit=940%2C198&ssl=1\",\"contentUrl\":\"https:\\\/\\\/i0.wp.com\\\/wobronietradycjiiwiary.com\\\/wp-content\\\/uploads\\\/2015\\\/10\\\/cropped-st-peters-dome-vatican.jpg?fit=940%2C198&ssl=1\",\"width\":940,\"height\":198,\"caption\":\"Tradycja i Wiara\"},\"image\":{\"@id\":\"https:\\\/\\\/wobronietradycjiiwiary.com\\\/pl\\\/#\\\/schema\\\/logo\\\/image\\\/\"},\"sameAs\":[\"https:\\\/\\\/www.facebook.com\\\/Tradycja-i-Wiara-108813920592249\"]},{\"@type\":\"Person\",\"@id\":\"https:\\\/\\\/wobronietradycjiiwiary.com\\\/pl\\\/#\\\/schema\\\/person\\\/595d3fb6f55eae9326175d092b63d851\",\"name\":\"mariuszjerzy\",\"url\":\"https:\\\/\\\/wobronietradycjiiwiary.com\\\/pl\\\/author\\\/mariuszjerzy\\\/\"}]}<\/script>\n<!-- \/ Yoast SEO plugin. -->","yoast_head_json":{"title":"Proprium missae - XVIII Niedziela po Zes\u0142aniu Ducha \u015awi\u0119tego - Dominica XVIII post Pentecosten - Tradycja i Wiara","robots":{"index":"index","follow":"follow","max-snippet":"max-snippet:-1","max-image-preview":"max-image-preview:large","max-video-preview":"max-video-preview:-1"},"canonical":"https:\/\/wobronietradycjiiwiary.com\/pl\/proprium-missae-xviii-niedziela-po-zeslaniu-ducha-swietego-dominica-xviii-post-pentecosten-3\/","og_locale":"pl_PL","og_type":"article","og_title":"Proprium missae - XVIII Niedziela po Zes\u0142aniu Ducha \u015awi\u0119tego - Dominica XVIII post Pentecosten - Tradycja i Wiara","og_description":"INTROITUS Eccli 36:18 Da pacem, D\u00f3mine, sustin\u00e9ntibus te, ut proph\u00e9t\u00e6 tui fid\u00e9les inveni\u00e1ntur: ex\u00e1udi preces servi tui et plebis tu\u00e6 Isra\u00ebl Ps 121:1 L\u00e6t\u00e1tus sum in his, qu\u00e6 dicta sunt mihi: in domum D\u00f3mini \u00edbimus. V. Gl\u00f3ria Patri, et F\u00edlio, et Spir\u00edtui Sancto. R. Sicut erat in princ\u00edpio, et nunc, et semper, et in saecula [&hellip;]","og_url":"https:\/\/wobronietradycjiiwiary.com\/pl\/proprium-missae-xviii-niedziela-po-zeslaniu-ducha-swietego-dominica-xviii-post-pentecosten-3\/","og_site_name":"Tradycja i Wiara","article_publisher":"https:\/\/www.facebook.com\/Tradycja-i-Wiara-108813920592249","article_published_time":"2018-09-22T17:00:17+00:00","article_modified_time":"2025-02-07T15:01:12+00:00","author":"mariuszjerzy","twitter_card":"summary_large_image","twitter_misc":{"Napisane przez":"mariuszjerzy","Szacowany czas czytania":"2 minuty"},"schema":{"@context":"https:\/\/schema.org","@graph":[{"@type":"Article","@id":"https:\/\/wobronietradycjiiwiary.com\/proprium-missae-xviii-niedziela-po-zeslaniu-ducha-swietego-dominica-xviii-post-pentecosten-3\/#article","isPartOf":{"@id":"https:\/\/wobronietradycjiiwiary.com\/proprium-missae-xviii-niedziela-po-zeslaniu-ducha-swietego-dominica-xviii-post-pentecosten-3\/"},"author":{"name":"mariuszjerzy","@id":"https:\/\/wobronietradycjiiwiary.com\/pl\/#\/schema\/person\/595d3fb6f55eae9326175d092b63d851"},"headline":"Proprium missae &#8211; XVIII Niedziela po Zes\u0142aniu Ducha \u015awi\u0119tego &#8211; Dominica XVIII post Pentecosten","datePublished":"2018-09-22T17:00:17+00:00","dateModified":"2025-02-07T15:01:12+00:00","mainEntityOfPage":{"@id":"https:\/\/wobronietradycjiiwiary.com\/proprium-missae-xviii-niedziela-po-zeslaniu-ducha-swietego-dominica-xviii-post-pentecosten-3\/"},"wordCount":497,"commentCount":0,"publisher":{"@id":"https:\/\/wobronietradycjiiwiary.com\/pl\/#organization"},"keywords":["Missa Tridentina","Premium","Proprium missae"],"articleSection":["Msza Trydencka","Proprium"],"inLanguage":"pl-PL","potentialAction":[{"@type":"CommentAction","name":"Comment","target":["https:\/\/wobronietradycjiiwiary.com\/proprium-missae-xviii-niedziela-po-zeslaniu-ducha-swietego-dominica-xviii-post-pentecosten-3\/#respond"]}]},{"@type":"WebPage","@id":"https:\/\/wobronietradycjiiwiary.com\/proprium-missae-xviii-niedziela-po-zeslaniu-ducha-swietego-dominica-xviii-post-pentecosten-3\/","url":"https:\/\/wobronietradycjiiwiary.com\/proprium-missae-xviii-niedziela-po-zeslaniu-ducha-swietego-dominica-xviii-post-pentecosten-3\/","name":"Proprium missae - XVIII Niedziela po Zes\u0142aniu Ducha \u015awi\u0119tego - Dominica XVIII post Pentecosten - Tradycja i Wiara","isPartOf":{"@id":"https:\/\/wobronietradycjiiwiary.com\/pl\/#website"},"datePublished":"2018-09-22T17:00:17+00:00","dateModified":"2025-02-07T15:01:12+00:00","breadcrumb":{"@id":"https:\/\/wobronietradycjiiwiary.com\/proprium-missae-xviii-niedziela-po-zeslaniu-ducha-swietego-dominica-xviii-post-pentecosten-3\/#breadcrumb"},"inLanguage":"pl-PL","potentialAction":[{"@type":"ReadAction","target":["https:\/\/wobronietradycjiiwiary.com\/proprium-missae-xviii-niedziela-po-zeslaniu-ducha-swietego-dominica-xviii-post-pentecosten-3\/"]}]},{"@type":"BreadcrumbList","@id":"https:\/\/wobronietradycjiiwiary.com\/proprium-missae-xviii-niedziela-po-zeslaniu-ducha-swietego-dominica-xviii-post-pentecosten-3\/#breadcrumb","itemListElement":[{"@type":"ListItem","position":1,"name":"Strona g\u0142\u00f3wna","item":"https:\/\/wobronietradycjiiwiary.com\/"},{"@type":"ListItem","position":2,"name":"Proprium missae &#8211; XVIII Niedziela po Zes\u0142aniu Ducha \u015awi\u0119tego &#8211; Dominica XVIII post Pentecosten"}]},{"@type":"WebSite","@id":"https:\/\/wobronietradycjiiwiary.com\/pl\/#website","url":"https:\/\/wobronietradycjiiwiary.com\/pl\/","name":"Tradycja i Wiara","description":"Portal dla katolik\u00f3w.","publisher":{"@id":"https:\/\/wobronietradycjiiwiary.com\/pl\/#organization"},"potentialAction":[{"@type":"SearchAction","target":{"@type":"EntryPoint","urlTemplate":"https:\/\/wobronietradycjiiwiary.com\/pl\/?s={search_term_string}"},"query-input":{"@type":"PropertyValueSpecification","valueRequired":true,"valueName":"search_term_string"}}],"inLanguage":"pl-PL"},{"@type":"Organization","@id":"https:\/\/wobronietradycjiiwiary.com\/pl\/#organization","name":"Tradycja i Wiara","url":"https:\/\/wobronietradycjiiwiary.com\/pl\/","logo":{"@type":"ImageObject","inLanguage":"pl-PL","@id":"https:\/\/wobronietradycjiiwiary.com\/pl\/#\/schema\/logo\/image\/","url":"https:\/\/i0.wp.com\/wobronietradycjiiwiary.com\/wp-content\/uploads\/2015\/10\/cropped-st-peters-dome-vatican.jpg?fit=940%2C198&ssl=1","contentUrl":"https:\/\/i0.wp.com\/wobronietradycjiiwiary.com\/wp-content\/uploads\/2015\/10\/cropped-st-peters-dome-vatican.jpg?fit=940%2C198&ssl=1","width":940,"height":198,"caption":"Tradycja i Wiara"},"image":{"@id":"https:\/\/wobronietradycjiiwiary.com\/pl\/#\/schema\/logo\/image\/"},"sameAs":["https:\/\/www.facebook.com\/Tradycja-i-Wiara-108813920592249"]},{"@type":"Person","@id":"https:\/\/wobronietradycjiiwiary.com\/pl\/#\/schema\/person\/595d3fb6f55eae9326175d092b63d851","name":"mariuszjerzy","url":"https:\/\/wobronietradycjiiwiary.com\/pl\/author\/mariuszjerzy\/"}]}},"jetpack_publicize_connections":[],"jetpack_sharing_enabled":true,"jetpack_likes_enabled":true,"jetpack_shortlink":"https:\/\/wp.me\/pc04Sd-4L6","jetpack-related-posts":[{"id":21694,"url":"https:\/\/wobronietradycjiiwiary.com\/pl\/proprium-missae-xviii-niedziela-po-zeslaniu-ducha-swietego-dominica-xviii-post-pentecosten-2\/","url_meta":{"origin":18296,"position":0},"title":"Proprium missae &#8211; XVIII Niedziela po Zes\u0142aniu Ducha \u015awi\u0119tego &#8211; Dominica XVIII post Pentecosten","author":"Traditio et Fides","date":"12 pa\u017adziernika 2019","format":false,"excerpt":"Divinum Officium - Sancta Missa Rubrycela Mszalna na Rok Pa\u0144ski 2019 Kalendarz Liturgiczny Zwyczajnej i Nadzwyczajnej Formy Rytu Rzymskiego https:\/\/www.youtube.com\/watch?v=kM-2BGwy_gU INTROITUS Eccli 36:18Da pacem, D\u00f3mine, sustin\u00e9ntibus te, ut proph\u00e9t\u00e6 tui fid\u00e9les inveni\u00e1ntur: ex\u00e1udi preces servi tui et plebis tu\u00e6 Isra\u00ebl \u00a0 Ps 121:1L\u00e6t\u00e1tus sum in his, qu\u00e6 dicta sunt mihi:\u2026","rel":"","context":"W \u201eMsza Trydencka&quot;","block_context":{"text":"Msza Trydencka","link":"https:\/\/wobronietradycjiiwiary.com\/pl\/category\/duchowosc\/liturgia-i-liturgika\/msza-trydencka\/"},"img":{"alt_text":"","src":"https:\/\/i0.wp.com\/wobronietradycjiiwiary.com\/wp-content\/uploads\/2019\/10\/18-Palma_il_Giovane_001.jpg?resize=350%2C200&ssl=1","width":350,"height":200,"srcset":"https:\/\/i0.wp.com\/wobronietradycjiiwiary.com\/wp-content\/uploads\/2019\/10\/18-Palma_il_Giovane_001.jpg?resize=350%2C200&ssl=1 1x, https:\/\/i0.wp.com\/wobronietradycjiiwiary.com\/wp-content\/uploads\/2019\/10\/18-Palma_il_Giovane_001.jpg?resize=525%2C300&ssl=1 1.5x, https:\/\/i0.wp.com\/wobronietradycjiiwiary.com\/wp-content\/uploads\/2019\/10\/18-Palma_il_Giovane_001.jpg?resize=700%2C400&ssl=1 2x"},"classes":[]},{"id":26657,"url":"https:\/\/wobronietradycjiiwiary.com\/pl\/proprium-missae-xviii-niedziela-po-zeslaniu-ducha-swietego-dominica-xviii-post-pentecosten-4\/","url_meta":{"origin":18296,"position":1},"title":"Proprium missae &#8211; XVIII Niedziela po Zes\u0142aniu Ducha \u015awi\u0119tego &#8211; Dominica XVIII post Pentecosten","author":"mariuszjerzy","date":"3 pa\u017adziernika 2020","format":false,"excerpt":"Divinum Officium - Sancta Missa Rubrycela Mszalna na Rok Pa\u0144ski 2019 Kalendarz Liturgiczny Zwyczajnej i Nadzwyczajnej Formy Rytu Rzymskiego https:\/\/www.youtube.com\/watch?v=kM-2BGwy_gU INTROITUS Eccli 36:18 Da pacem, D\u00f3mine, sustin\u00e9ntibus te, ut proph\u00e9t\u00e6 tui fid\u00e9les inveni\u00e1ntur: ex\u00e1udi preces servi tui et plebis tu\u00e6 Isra\u00ebl Ps 121:1 L\u00e6t\u00e1tus sum in his, qu\u00e6 dicta sunt\u2026","rel":"","context":"W \u201eMsza Trydencka&quot;","block_context":{"text":"Msza Trydencka","link":"https:\/\/wobronietradycjiiwiary.com\/pl\/category\/duchowosc\/liturgia-i-liturgika\/msza-trydencka\/"},"img":{"alt_text":"","src":"https:\/\/i0.wp.com\/wobronietradycjiiwiary.com\/wp-content\/uploads\/2019\/10\/18-Palma_il_Giovane_001.jpg?resize=350%2C200&ssl=1","width":350,"height":200,"srcset":"https:\/\/i0.wp.com\/wobronietradycjiiwiary.com\/wp-content\/uploads\/2019\/10\/18-Palma_il_Giovane_001.jpg?resize=350%2C200&ssl=1 1x, https:\/\/i0.wp.com\/wobronietradycjiiwiary.com\/wp-content\/uploads\/2019\/10\/18-Palma_il_Giovane_001.jpg?resize=525%2C300&ssl=1 1.5x, https:\/\/i0.wp.com\/wobronietradycjiiwiary.com\/wp-content\/uploads\/2019\/10\/18-Palma_il_Giovane_001.jpg?resize=700%2C400&ssl=1 2x"},"classes":[]},{"id":17295,"url":"https:\/\/wobronietradycjiiwiary.com\/pl\/proprium-missae-xviii-niedziela-po-zeslaniu-ducha-swietego-dominica-xviii-post-pentecosten\/","url_meta":{"origin":18296,"position":2},"title":"Proprium missae &#8211; XVIII Niedziela po Zes\u0142aniu Ducha \u015awi\u0119tego &#8211; Dominica XVIII post Pentecosten","author":"mariuszjerzy","date":"22 wrze\u015bnia 2018","format":false,"excerpt":"https:\/\/www.youtube.com\/watch?v=kM-2BGwy_gU INTROITUS Eccli 36:18 Da pacem, D\u00f3mine, sustin\u00e9ntibus te, ut proph\u00e9t\u00e6 tui fid\u00e9les inveni\u00e1ntur: ex\u00e1udi preces servi tui et plebis tu\u00e6 Isra\u00ebl Ps 121:1 L\u00e6t\u00e1tus sum in his, qu\u00e6 dicta sunt mihi: in domum D\u00f3mini \u00edbimus. V. Gl\u00f3ria Patri, et F\u00edlio, et Spir\u00edtui Sancto. R. Sicut erat in princ\u00edpio, et\u2026","rel":"","context":"W \u201eMsza Trydencka&quot;","block_context":{"text":"Msza Trydencka","link":"https:\/\/wobronietradycjiiwiary.com\/pl\/category\/duchowosc\/liturgia-i-liturgika\/msza-trydencka\/"},"img":{"alt_text":"","src":"https:\/\/i0.wp.com\/img.youtube.com\/vi\/kM-2BGwy_gU\/0.jpg?resize=350%2C200","width":350,"height":200},"classes":[]},{"id":77351,"url":"https:\/\/wobronietradycjiiwiary.com\/pl\/proprium-missae-xviii-niedziela-po-zeslaniu-ducha-swietego-dominica-xviii-post-pentecosten-4-2-3\/","url_meta":{"origin":18296,"position":3},"title":"Proprium missae &#8211; XVIII Niedziela po Zes\u0142aniu Ducha \u015awi\u0119tego &#8211; Dominica XVIII post Pentecosten","author":"Traditio et Fides","date":"8 pa\u017adziernika 0202","format":false,"excerpt":"Divinum Officium - Sancta Missa Rubrycela Mszalna na Rok Pa\u0144ski 2019 Kalendarz Liturgiczny Zwyczajnej i Nadzwyczajnej Formy Rytu Rzymskiego https:\/\/www.youtube.com\/watch?v=kM-2BGwy_gU INTROITUS Eccli 36:18 Da pacem, D\u00f3mine, sustin\u00e9ntibus te, ut proph\u00e9t\u00e6 tui fid\u00e9les inveni\u00e1ntur: ex\u00e1udi preces servi tui et plebis tu\u00e6 Isra\u00ebl Ps 121:1 L\u00e6t\u00e1tus sum in his, qu\u00e6 dicta sunt\u2026","rel":"","context":"W \u201eMsza Trydencka&quot;","block_context":{"text":"Msza Trydencka","link":"https:\/\/wobronietradycjiiwiary.com\/pl\/category\/duchowosc\/liturgia-i-liturgika\/msza-trydencka\/"},"img":{"alt_text":"","src":"https:\/\/i0.wp.com\/wobronietradycjiiwiary.com\/wp-content\/uploads\/2019\/10\/18-Palma_il_Giovane_001.jpg?resize=350%2C200&ssl=1","width":350,"height":200,"srcset":"https:\/\/i0.wp.com\/wobronietradycjiiwiary.com\/wp-content\/uploads\/2019\/10\/18-Palma_il_Giovane_001.jpg?resize=350%2C200&ssl=1 1x, https:\/\/i0.wp.com\/wobronietradycjiiwiary.com\/wp-content\/uploads\/2019\/10\/18-Palma_il_Giovane_001.jpg?resize=525%2C300&ssl=1 1.5x, https:\/\/i0.wp.com\/wobronietradycjiiwiary.com\/wp-content\/uploads\/2019\/10\/18-Palma_il_Giovane_001.jpg?resize=700%2C400&ssl=1 2x"},"classes":[]},{"id":45045,"url":"https:\/\/wobronietradycjiiwiary.com\/pl\/proprium-missae-xviii-niedziela-po-zeslaniu-ducha-swietego-dominica-xviii-post-pentecosten-4-2\/","url_meta":{"origin":18296,"position":4},"title":"Proprium missae &#8211; XVIII Niedziela po Zes\u0142aniu Ducha \u015awi\u0119tego &#8211; Dominica XVIII post Pentecosten","author":"Traditio et Fides","date":"25 wrze\u015bnia 2021","format":false,"excerpt":"Divinum Officium - Sancta Missa Rubrycela Mszalna na Rok Pa\u0144ski 2019 Kalendarz Liturgiczny Zwyczajnej i Nadzwyczajnej Formy Rytu Rzymskiego https:\/\/www.youtube.com\/watch?v=kM-2BGwy_gU INTROITUS Eccli 36:18 Da pacem, D\u00f3mine, sustin\u00e9ntibus te, ut proph\u00e9t\u00e6 tui fid\u00e9les inveni\u00e1ntur: ex\u00e1udi preces servi tui et plebis tu\u00e6 Isra\u00ebl Ps 121:1 L\u00e6t\u00e1tus sum in his, qu\u00e6 dicta sunt\u2026","rel":"","context":"W \u201eMsza Trydencka&quot;","block_context":{"text":"Msza Trydencka","link":"https:\/\/wobronietradycjiiwiary.com\/pl\/category\/duchowosc\/liturgia-i-liturgika\/msza-trydencka\/"},"img":{"alt_text":"","src":"https:\/\/i0.wp.com\/wobronietradycjiiwiary.com\/wp-content\/uploads\/2019\/10\/18-Palma_il_Giovane_001.jpg?resize=350%2C200&ssl=1","width":350,"height":200,"srcset":"https:\/\/i0.wp.com\/wobronietradycjiiwiary.com\/wp-content\/uploads\/2019\/10\/18-Palma_il_Giovane_001.jpg?resize=350%2C200&ssl=1 1x, https:\/\/i0.wp.com\/wobronietradycjiiwiary.com\/wp-content\/uploads\/2019\/10\/18-Palma_il_Giovane_001.jpg?resize=525%2C300&ssl=1 1.5x, https:\/\/i0.wp.com\/wobronietradycjiiwiary.com\/wp-content\/uploads\/2019\/10\/18-Palma_il_Giovane_001.jpg?resize=700%2C400&ssl=1 2x"},"classes":[]},{"id":73123,"url":"https:\/\/wobronietradycjiiwiary.com\/pl\/proprium-missae-xviii-niedziela-po-zeslaniu-ducha-swietego-dominica-xviii-post-pentecosten-4-3\/","url_meta":{"origin":18296,"position":5},"title":"Proprium missae &#8211; XVIII Niedziela po Zes\u0142aniu Ducha \u015awi\u0119tego &#8211; Dominica XVIII post Pentecosten","author":"Traditio et Fides","date":"11 pa\u017adziernika 2025","format":false,"excerpt":"Divinum Officium - Sancta Missa Rubrycela Mszalna na Rok Pa\u0144ski 2019 Kalendarz Liturgiczny Zwyczajnej i Nadzwyczajnej Formy Rytu Rzymskiego https:\/\/www.youtube.com\/watch?v=kM-2BGwy_gU INTROITUS Eccli 36:18 Da pacem, D\u00f3mine, sustin\u00e9ntibus te, ut proph\u00e9t\u00e6 tui fid\u00e9les inveni\u00e1ntur: ex\u00e1udi preces servi tui et plebis tu\u00e6 Isra\u00ebl Ps 121:1 L\u00e6t\u00e1tus sum in his, qu\u00e6 dicta sunt\u2026","rel":"","context":"W \u201eDuchowo\u015b\u0107&quot;","block_context":{"text":"Duchowo\u015b\u0107","link":"https:\/\/wobronietradycjiiwiary.com\/pl\/category\/duchowosc\/"},"img":{"alt_text":"","src":"https:\/\/i0.wp.com\/wobronietradycjiiwiary.com\/wp-content\/uploads\/2019\/10\/18-Palma_il_Giovane_001.jpg?resize=350%2C200&ssl=1","width":350,"height":200,"srcset":"https:\/\/i0.wp.com\/wobronietradycjiiwiary.com\/wp-content\/uploads\/2019\/10\/18-Palma_il_Giovane_001.jpg?resize=350%2C200&ssl=1 1x, https:\/\/i0.wp.com\/wobronietradycjiiwiary.com\/wp-content\/uploads\/2019\/10\/18-Palma_il_Giovane_001.jpg?resize=525%2C300&ssl=1 1.5x, https:\/\/i0.wp.com\/wobronietradycjiiwiary.com\/wp-content\/uploads\/2019\/10\/18-Palma_il_Giovane_001.jpg?resize=700%2C400&ssl=1 2x"},"classes":[]}],"amp_enabled":true,"jetpack_featured_media_url":"","_links":{"self":[{"href":"https:\/\/wobronietradycjiiwiary.com\/pl\/wp-json\/wp\/v2\/posts\/18296","targetHints":{"allow":["GET"]}}],"collection":[{"href":"https:\/\/wobronietradycjiiwiary.com\/pl\/wp-json\/wp\/v2\/posts"}],"about":[{"href":"https:\/\/wobronietradycjiiwiary.com\/pl\/wp-json\/wp\/v2\/types\/post"}],"author":[{"embeddable":true,"href":"https:\/\/wobronietradycjiiwiary.com\/pl\/wp-json\/wp\/v2\/users\/119394841"}],"replies":[{"embeddable":true,"href":"https:\/\/wobronietradycjiiwiary.com\/pl\/wp-json\/wp\/v2\/comments?post=18296"}],"version-history":[{"count":0,"href":"https:\/\/wobronietradycjiiwiary.com\/pl\/wp-json\/wp\/v2\/posts\/18296\/revisions"}],"wp:attachment":[{"href":"https:\/\/wobronietradycjiiwiary.com\/pl\/wp-json\/wp\/v2\/media?parent=18296"}],"wp:term":[{"taxonomy":"category","embeddable":true,"href":"https:\/\/wobronietradycjiiwiary.com\/pl\/wp-json\/wp\/v2\/categories?post=18296"},{"taxonomy":"post_tag","embeddable":true,"href":"https:\/\/wobronietradycjiiwiary.com\/pl\/wp-json\/wp\/v2\/tags?post=18296"}],"curies":[{"name":"wp","href":"https:\/\/api.w.org\/{rel}","templated":true}]}}