{"id":18271,"date":"2018-09-11T08:00:17","date_gmt":"2018-09-11T06:00:17","guid":{"rendered":"https:\/\/wobronietradycjiiwiaryblog.wordpress.com\/?p=18271"},"modified":"2025-02-07T15:49:05","modified_gmt":"2025-02-07T14:49:05","slug":"sw-benedykt-z-nursji-o-stopniach-pokory-1-z-3","status":"publish","type":"post","link":"https:\/\/wobronietradycjiiwiary.com\/pl\/sw-benedykt-z-nursji-o-stopniach-pokory-1-z-3\/","title":{"rendered":"\u015aw. Benedykt z Nursji &#8211; O stopniach pokory (1 z 3)"},"content":{"rendered":"<div id=\"bsf_rt_marker\"><\/div><p>7. rozdzia\u0142 Regu\u0142y \u015bw. Benedykta &#8211; O pokorze Bracia, Pismo \u015awi\u0119te wo\u0142a do nas: Ka\u017cdy kto si\u0119 wywy\u017csza, b\u0119dzie poni\u017cony,&hellip;<\/p>\n<div style=\"text-align: center\">\n<p>&nbsp;<\/p>\n<\/div>\n<h2 style=\"border: 5px solid #0000A0;padding: 1em;text-align: center\"><span style=\"color: #000000\">Pe\u0142en dost\u0119p dla <span style=\"color: #00ccff\"><a style=\"color: #00ccff\" href=\"https:\/\/wobronietradycjiiwiary.com\/subskrypcje-2\/\" target=\"_blank\" rel=\"noopener\">subskrybent\u00f3w<\/a><\/span>.<\/span><br \/>\n<span style=\"color: #3366ff\"><a style=\"color: #3366ff\" href=\"https:\/\/wobronietradycjiiwiary.com\/account\/login\/\" target=\"_blank\" rel=\"noopener\"><span style=\"color: #00ccff\">Zaloguj<\/span><\/a> <\/span>si\u0119 lub przejd\u017a do <a href=\"https:\/\/wobronietradycjiiwiary.com\/register\/\"><span style=\"color: #3366ff\">Rejestracji<\/span><\/a>.<\/h2>\n<div>\n<p style=\"text-align: center\"><a href=\"https:\/\/wobronietradycjiiwiary.com\/pl\/subskrypcje-2\/cennik\/\" target=\"_blank\" rel=\"noopener\"><span style=\"color: #000080;font-size: 24pt\"><strong>Nowe ni\u017csze ceny<\/strong><\/span><\/a><\/p>\n<p style=\"text-align: center\"><strong><span style=\"font-size: 18pt;color: #000080\">P\u0142atno\u015b\u0107 kart\u0105<\/span><\/strong><\/p>\n<\/div>\n<h3 style=\"text-align: center\"><a href=\"https:\/\/wobronietradycjiiwiary.com\/pl\/subskrypcje-2\/automatyczne\/indywidualne\/\" target=\"_blank\" rel=\"noopener\"><img fetchpriority=\"high\" decoding=\"async\" class=\"alignnone size-medium wp-image-80433\" src=\"https:\/\/wobronietradycjiiwiary.com\/wp-content\/uploads\/2022\/11\/Unbenannt-1-Online-1-300x202.jpg\" alt=\"\" width=\"300\" height=\"202\" srcset=\"https:\/\/wobronietradycjiiwiary.com\/wp-content\/uploads\/2022\/11\/Unbenannt-1-Online-1-300x202.jpg 300w, https:\/\/wobronietradycjiiwiary.com\/wp-content\/uploads\/2022\/11\/Unbenannt-1-Online-1-150x101.jpg 150w, https:\/\/wobronietradycjiiwiary.com\/wp-content\/uploads\/2022\/11\/Unbenannt-1-Online-1-18x12.jpg 18w, https:\/\/wobronietradycjiiwiary.com\/wp-content\/uploads\/2022\/11\/Unbenannt-1-Online-1.jpg 446w\" sizes=\"(max-width: 300px) 100vw, 300px\" \/><\/a><\/h3>\n<p style=\"text-align: center\"><strong><span style=\"font-size: 18pt;color: #000080\">P\u0142atno\u015b\u0107 przelewem<\/span><\/strong><\/p>\n<p><a href=\"https:\/\/wobronietradycjiiwiary.com\/pl\/subskrypcje-2\/automatyczne\/indywidualne\/\" target=\"_blank\" rel=\"noopener\"><img decoding=\"async\" class=\"size-medium wp-image-80434 aligncenter\" src=\"https:\/\/wobronietradycjiiwiary.com\/wp-content\/uploads\/2022\/11\/Unbenannt-1-Przelewem-300x137.jpg\" alt=\"\" width=\"300\" height=\"137\" srcset=\"https:\/\/wobronietradycjiiwiary.com\/wp-content\/uploads\/2022\/11\/Unbenannt-1-Przelewem-300x137.jpg 300w, https:\/\/wobronietradycjiiwiary.com\/wp-content\/uploads\/2022\/11\/Unbenannt-1-Przelewem-450x206.jpg 450w, https:\/\/wobronietradycjiiwiary.com\/wp-content\/uploads\/2022\/11\/Unbenannt-1-Przelewem-600x274.jpg 600w, https:\/\/wobronietradycjiiwiary.com\/wp-content\/uploads\/2022\/11\/Unbenannt-1-Przelewem-150x69.jpg 150w, https:\/\/wobronietradycjiiwiary.com\/wp-content\/uploads\/2022\/11\/Unbenannt-1-Przelewem-18x8.jpg 18w, https:\/\/wobronietradycjiiwiary.com\/wp-content\/uploads\/2022\/11\/Unbenannt-1-Przelewem.jpg 676w\" sizes=\"(max-width: 300px) 100vw, 300px\" \/><\/a><\/p>\n<p style=\"text-align: center\"><strong><span style=\"font-size: 18pt;color: #000080\">P\u0142atno\u015b\u0107 kart\u0105 do 6 os\u00f3b<\/span><\/strong><\/p>\n<p><a href=\"https:\/\/wobronietradycjiiwiary.com\/pl\/rodzinne\/\" target=\"_blank\" rel=\"noopener\"><img decoding=\"async\" class=\"size-medium wp-image-80435 aligncenter\" src=\"https:\/\/wobronietradycjiiwiary.com\/wp-content\/uploads\/2022\/11\/Unbenannt-1-Rodzinna-300x208.jpg\" alt=\"\" width=\"300\" height=\"208\" srcset=\"https:\/\/wobronietradycjiiwiary.com\/wp-content\/uploads\/2022\/11\/Unbenannt-1-Rodzinna-300x208.jpg 300w, https:\/\/wobronietradycjiiwiary.com\/wp-content\/uploads\/2022\/11\/Unbenannt-1-Rodzinna-150x104.jpg 150w, https:\/\/wobronietradycjiiwiary.com\/wp-content\/uploads\/2022\/11\/Unbenannt-1-Rodzinna-18x12.jpg 18w, https:\/\/wobronietradycjiiwiary.com\/wp-content\/uploads\/2022\/11\/Unbenannt-1-Rodzinna.jpg 448w\" sizes=\"(max-width: 300px) 100vw, 300px\" \/><\/a><\/p>\n<h3 style=\"text-align: center\"><\/h3>\n<h1 style=\"text-align: center\"><\/h1>\n","protected":false},"excerpt":{"rendered":"<p>7. rozdzia\u0142 Regu\u0142y \u015bw. Benedykta &#8211; O pokorze Bracia, Pismo \u015awi\u0119te wo\u0142a do nas: Ka\u017cdy kto si\u0119 wywy\u017csza, b\u0119dzie poni\u017cony,&hellip; &nbsp; Pe\u0142en dost\u0119p dla subskrybent\u00f3w. Zaloguj si\u0119 lub przejd\u017a do Rejestracji. Nowe ni\u017csze ceny P\u0142atno\u015b\u0107 kart\u0105 P\u0142atno\u015b\u0107 przelewem P\u0142atno\u015b\u0107 kart\u0105 do 6 os\u00f3b<\/p>\n","protected":false},"author":60508433,"featured_media":0,"comment_status":"open","ping_status":"closed","sticky":false,"template":"","format":"standard","meta":{"_bbp_topic_count":0,"_bbp_reply_count":0,"_bbp_total_topic_count":0,"_bbp_total_reply_count":0,"_bbp_voice_count":0,"_bbp_anonymous_reply_count":0,"_bbp_topic_count_hidden":0,"_bbp_reply_count_hidden":0,"_bbp_forum_subforum_count":0,"_editorskit_title_hidden":false,"_editorskit_reading_time":0,"_editorskit_is_block_options_detached":false,"_editorskit_block_options_position":"{}","_coblocks_attr":"","_coblocks_dimensions":"","_coblocks_responsive_height":"","_coblocks_accordion_ie_support":"","_exactmetrics_skip_tracking":false,"_jetpack_newsletter_access":"","_jetpack_dont_email_post_to_subs":false,"_jetpack_newsletter_tier_id":0,"_jetpack_memberships_contains_paywalled_content":false,"_wpcom_ai_launchpad_first_post":false,"_jetpack_feature_clip_id":0,"_jetpack_memberships_contains_paid_content":false,"footnotes":"","jetpack_publicize_message":"{title}\n\n{excerpt}\n\n{url}","jetpack_publicize_feature_enabled":true,"jetpack_social_post_already_shared":true,"jetpack_social_options":{"image_generator_settings":{"template":"highway","default_image_id":0,"font":"","enabled":false},"version":2},"_wpas_customize_per_network":false,"jetpack_post_was_ever_published":false},"categories":[610131091],"tags":[2143472,610132562,610132133,610131089,610131090],"class_list":["post-18271","post","type-post","status-publish","format-standard","hentry","category-sw-benedykt","tag-pokora","tag-premium","tag-restricted","tag-stopnie-pokory","tag-swiety-benedykt-z-nursji"],"yoast_head":"<!-- This site is optimized with the Yoast SEO plugin v28.4 - https:\/\/yoast.com\/product\/yoast-seo-wordpress\/ -->\n<title>\u015aw. Benedykt z Nursji - O stopniach pokory (1 z 3) - Tradycja i Wiara<\/title>\n<meta name=\"robots\" content=\"index, follow, max-snippet:-1, max-image-preview:large, max-video-preview:-1\" \/>\n<link rel=\"canonical\" href=\"https:\/\/wobronietradycjiiwiary.com\/pl\/sw-benedykt-z-nursji-o-stopniach-pokory-1-z-3\/\" \/>\n<meta property=\"og:locale\" content=\"pl_PL\" \/>\n<meta property=\"og:type\" content=\"article\" \/>\n<meta property=\"og:title\" content=\"\u015aw. Benedykt z Nursji - O stopniach pokory (1 z 3) - Tradycja i Wiara\" \/>\n<meta property=\"og:description\" content=\"7. rozdzia\u0142 Regu\u0142y \u015bw. Benedykta &#8211; O pokorze Bracia, Pismo \u015awi\u0119te wo\u0142a do nas: Ka\u017cdy kto si\u0119 wywy\u017csza, b\u0119dzie poni\u017cony,&hellip; &nbsp; Pe\u0142en dost\u0119p dla subskrybent\u00f3w. Zaloguj si\u0119 lub przejd\u017a do Rejestracji. Nowe ni\u017csze ceny P\u0142atno\u015b\u0107 kart\u0105 P\u0142atno\u015b\u0107 przelewem P\u0142atno\u015b\u0107 kart\u0105 do 6 os\u00f3b\" \/>\n<meta property=\"og:url\" content=\"https:\/\/wobronietradycjiiwiary.com\/pl\/sw-benedykt-z-nursji-o-stopniach-pokory-1-z-3\/\" \/>\n<meta property=\"og:site_name\" content=\"Tradycja i Wiara\" \/>\n<meta property=\"article:publisher\" content=\"https:\/\/www.facebook.com\/Tradycja-i-Wiara-108813920592249\" \/>\n<meta property=\"article:published_time\" content=\"2018-09-11T06:00:17+00:00\" \/>\n<meta property=\"article:modified_time\" content=\"2025-02-07T14:49:05+00:00\" \/>\n<meta property=\"og:image\" content=\"https:\/\/wobronietradycjiiwiary.com\/wp-content\/uploads\/2018\/08\/heiligenkreuz-st-_benedict.jpg\" \/>\n<meta name=\"author\" content=\"Traditio et Fides\" \/>\n<meta name=\"twitter:card\" content=\"summary_large_image\" \/>\n<meta name=\"twitter:label1\" content=\"Napisane przez\" \/>\n\t<meta name=\"twitter:data1\" content=\"Traditio et Fides\" \/>\n\t<meta name=\"twitter:label2\" content=\"Szacowany czas czytania\" \/>\n\t<meta name=\"twitter:data2\" content=\"4 minuty\" \/>\n<script type=\"application\/ld+json\" class=\"yoast-schema-graph\">{\"@context\":\"https:\\\/\\\/schema.org\",\"@graph\":[{\"@type\":\"Article\",\"@id\":\"https:\\\/\\\/wobronietradycjiiwiary.com\\\/sw-benedykt-z-nursji-o-stopniach-pokory-1-z-3\\\/#article\",\"isPartOf\":{\"@id\":\"https:\\\/\\\/wobronietradycjiiwiary.com\\\/sw-benedykt-z-nursji-o-stopniach-pokory-1-z-3\\\/\"},\"author\":{\"name\":\"Traditio et Fides\",\"@id\":\"https:\\\/\\\/wobronietradycjiiwiary.com\\\/pl\\\/#\\\/schema\\\/person\\\/2d6180ce6abcb681fef0daab7816e8f3\"},\"headline\":\"\u015aw. Benedykt z Nursji &#8211; O stopniach pokory (1 z 3)\",\"datePublished\":\"2018-09-11T06:00:17+00:00\",\"dateModified\":\"2025-02-07T14:49:05+00:00\",\"mainEntityOfPage\":{\"@id\":\"https:\\\/\\\/wobronietradycjiiwiary.com\\\/sw-benedykt-z-nursji-o-stopniach-pokory-1-z-3\\\/\"},\"wordCount\":796,\"commentCount\":1,\"publisher\":{\"@id\":\"https:\\\/\\\/wobronietradycjiiwiary.com\\\/pl\\\/#organization\"},\"image\":{\"@id\":\"https:\\\/\\\/wobronietradycjiiwiary.com\\\/sw-benedykt-z-nursji-o-stopniach-pokory-1-z-3\\\/#primaryimage\"},\"thumbnailUrl\":\"https:\\\/\\\/wobronietradycjiiwiary.com\\\/wp-content\\\/uploads\\\/2018\\\/08\\\/heiligenkreuz-st-_benedict.jpg\",\"keywords\":[\"pokora\",\"Premium\",\"Restricted\",\"Stopnie pokory\",\"\u015awi\u0119ty Benedykt z Nursji\"],\"articleSection\":[\"\u015bw. Benedykt\"],\"inLanguage\":\"pl-PL\",\"potentialAction\":[{\"@type\":\"CommentAction\",\"name\":\"Comment\",\"target\":[\"https:\\\/\\\/wobronietradycjiiwiary.com\\\/sw-benedykt-z-nursji-o-stopniach-pokory-1-z-3\\\/#respond\"]}]},{\"@type\":\"WebPage\",\"@id\":\"https:\\\/\\\/wobronietradycjiiwiary.com\\\/sw-benedykt-z-nursji-o-stopniach-pokory-1-z-3\\\/\",\"url\":\"https:\\\/\\\/wobronietradycjiiwiary.com\\\/sw-benedykt-z-nursji-o-stopniach-pokory-1-z-3\\\/\",\"name\":\"\u015aw. Benedykt z Nursji - O stopniach pokory (1 z 3) - Tradycja i Wiara\",\"isPartOf\":{\"@id\":\"https:\\\/\\\/wobronietradycjiiwiary.com\\\/pl\\\/#website\"},\"primaryImageOfPage\":{\"@id\":\"https:\\\/\\\/wobronietradycjiiwiary.com\\\/sw-benedykt-z-nursji-o-stopniach-pokory-1-z-3\\\/#primaryimage\"},\"image\":{\"@id\":\"https:\\\/\\\/wobronietradycjiiwiary.com\\\/sw-benedykt-z-nursji-o-stopniach-pokory-1-z-3\\\/#primaryimage\"},\"thumbnailUrl\":\"https:\\\/\\\/wobronietradycjiiwiary.com\\\/wp-content\\\/uploads\\\/2018\\\/08\\\/heiligenkreuz-st-_benedict.jpg\",\"datePublished\":\"2018-09-11T06:00:17+00:00\",\"dateModified\":\"2025-02-07T14:49:05+00:00\",\"breadcrumb\":{\"@id\":\"https:\\\/\\\/wobronietradycjiiwiary.com\\\/sw-benedykt-z-nursji-o-stopniach-pokory-1-z-3\\\/#breadcrumb\"},\"inLanguage\":\"pl-PL\",\"potentialAction\":[{\"@type\":\"ReadAction\",\"target\":[\"https:\\\/\\\/wobronietradycjiiwiary.com\\\/sw-benedykt-z-nursji-o-stopniach-pokory-1-z-3\\\/\"]}]},{\"@type\":\"ImageObject\",\"inLanguage\":\"pl-PL\",\"@id\":\"https:\\\/\\\/wobronietradycjiiwiary.com\\\/sw-benedykt-z-nursji-o-stopniach-pokory-1-z-3\\\/#primaryimage\",\"url\":\"https:\\\/\\\/wobronietradycjiiwiary.com\\\/wp-content\\\/uploads\\\/2018\\\/08\\\/heiligenkreuz-st-_benedict.jpg\",\"contentUrl\":\"https:\\\/\\\/wobronietradycjiiwiary.com\\\/wp-content\\\/uploads\\\/2018\\\/08\\\/heiligenkreuz-st-_benedict.jpg\"},{\"@type\":\"BreadcrumbList\",\"@id\":\"https:\\\/\\\/wobronietradycjiiwiary.com\\\/sw-benedykt-z-nursji-o-stopniach-pokory-1-z-3\\\/#breadcrumb\",\"itemListElement\":[{\"@type\":\"ListItem\",\"position\":1,\"name\":\"Strona g\u0142\u00f3wna\",\"item\":\"https:\\\/\\\/wobronietradycjiiwiary.com\\\/\"},{\"@type\":\"ListItem\",\"position\":2,\"name\":\"\u015aw. Benedykt z Nursji &#8211; O stopniach pokory (1 z 3)\"}]},{\"@type\":\"WebSite\",\"@id\":\"https:\\\/\\\/wobronietradycjiiwiary.com\\\/pl\\\/#website\",\"url\":\"https:\\\/\\\/wobronietradycjiiwiary.com\\\/pl\\\/\",\"name\":\"Tradycja i Wiara\",\"description\":\"Portal dla katolik\u00f3w.\",\"publisher\":{\"@id\":\"https:\\\/\\\/wobronietradycjiiwiary.com\\\/pl\\\/#organization\"},\"potentialAction\":[{\"@type\":\"SearchAction\",\"target\":{\"@type\":\"EntryPoint\",\"urlTemplate\":\"https:\\\/\\\/wobronietradycjiiwiary.com\\\/pl\\\/?s={search_term_string}\"},\"query-input\":{\"@type\":\"PropertyValueSpecification\",\"valueRequired\":true,\"valueName\":\"search_term_string\"}}],\"inLanguage\":\"pl-PL\"},{\"@type\":\"Organization\",\"@id\":\"https:\\\/\\\/wobronietradycjiiwiary.com\\\/pl\\\/#organization\",\"name\":\"Tradycja i Wiara\",\"url\":\"https:\\\/\\\/wobronietradycjiiwiary.com\\\/pl\\\/\",\"logo\":{\"@type\":\"ImageObject\",\"inLanguage\":\"pl-PL\",\"@id\":\"https:\\\/\\\/wobronietradycjiiwiary.com\\\/pl\\\/#\\\/schema\\\/logo\\\/image\\\/\",\"url\":\"https:\\\/\\\/i0.wp.com\\\/wobronietradycjiiwiary.com\\\/wp-content\\\/uploads\\\/2015\\\/10\\\/cropped-st-peters-dome-vatican.jpg?fit=940%2C198&ssl=1\",\"contentUrl\":\"https:\\\/\\\/i0.wp.com\\\/wobronietradycjiiwiary.com\\\/wp-content\\\/uploads\\\/2015\\\/10\\\/cropped-st-peters-dome-vatican.jpg?fit=940%2C198&ssl=1\",\"width\":940,\"height\":198,\"caption\":\"Tradycja i Wiara\"},\"image\":{\"@id\":\"https:\\\/\\\/wobronietradycjiiwiary.com\\\/pl\\\/#\\\/schema\\\/logo\\\/image\\\/\"},\"sameAs\":[\"https:\\\/\\\/www.facebook.com\\\/Tradycja-i-Wiara-108813920592249\"]},{\"@type\":\"Person\",\"@id\":\"https:\\\/\\\/wobronietradycjiiwiary.com\\\/pl\\\/#\\\/schema\\\/person\\\/2d6180ce6abcb681fef0daab7816e8f3\",\"name\":\"Traditio et Fides\",\"sameAs\":[\"https:\\\/\\\/traditionundglauben.com\"],\"url\":\"https:\\\/\\\/wobronietradycjiiwiary.com\\\/pl\\\/author\\\/wobronietradycjiiwiary\\\/\"}]}<\/script>\n<!-- \/ Yoast SEO plugin. -->","yoast_head_json":{"title":"\u015aw. Benedykt z Nursji - O stopniach pokory (1 z 3) - Tradycja i Wiara","robots":{"index":"index","follow":"follow","max-snippet":"max-snippet:-1","max-image-preview":"max-image-preview:large","max-video-preview":"max-video-preview:-1"},"canonical":"https:\/\/wobronietradycjiiwiary.com\/pl\/sw-benedykt-z-nursji-o-stopniach-pokory-1-z-3\/","og_locale":"pl_PL","og_type":"article","og_title":"\u015aw. Benedykt z Nursji - O stopniach pokory (1 z 3) - Tradycja i Wiara","og_description":"7. rozdzia\u0142 Regu\u0142y \u015bw. Benedykta &#8211; O pokorze Bracia, Pismo \u015awi\u0119te wo\u0142a do nas: Ka\u017cdy kto si\u0119 wywy\u017csza, b\u0119dzie poni\u017cony,&hellip; &nbsp; Pe\u0142en dost\u0119p dla subskrybent\u00f3w. Zaloguj si\u0119 lub przejd\u017a do Rejestracji. Nowe ni\u017csze ceny P\u0142atno\u015b\u0107 kart\u0105 P\u0142atno\u015b\u0107 przelewem P\u0142atno\u015b\u0107 kart\u0105 do 6 os\u00f3b","og_url":"https:\/\/wobronietradycjiiwiary.com\/pl\/sw-benedykt-z-nursji-o-stopniach-pokory-1-z-3\/","og_site_name":"Tradycja i Wiara","article_publisher":"https:\/\/www.facebook.com\/Tradycja-i-Wiara-108813920592249","article_published_time":"2018-09-11T06:00:17+00:00","article_modified_time":"2025-02-07T14:49:05+00:00","og_image":[{"url":"https:\/\/wobronietradycjiiwiary.com\/wp-content\/uploads\/2018\/08\/heiligenkreuz-st-_benedict.jpg","type":"","width":"","height":""}],"author":"Traditio et Fides","twitter_card":"summary_large_image","twitter_misc":{"Napisane przez":"Traditio et Fides","Szacowany czas czytania":"4 minuty"},"schema":{"@context":"https:\/\/schema.org","@graph":[{"@type":"Article","@id":"https:\/\/wobronietradycjiiwiary.com\/sw-benedykt-z-nursji-o-stopniach-pokory-1-z-3\/#article","isPartOf":{"@id":"https:\/\/wobronietradycjiiwiary.com\/sw-benedykt-z-nursji-o-stopniach-pokory-1-z-3\/"},"author":{"name":"Traditio et Fides","@id":"https:\/\/wobronietradycjiiwiary.com\/pl\/#\/schema\/person\/2d6180ce6abcb681fef0daab7816e8f3"},"headline":"\u015aw. Benedykt z Nursji &#8211; O stopniach pokory (1 z 3)","datePublished":"2018-09-11T06:00:17+00:00","dateModified":"2025-02-07T14:49:05+00:00","mainEntityOfPage":{"@id":"https:\/\/wobronietradycjiiwiary.com\/sw-benedykt-z-nursji-o-stopniach-pokory-1-z-3\/"},"wordCount":796,"commentCount":1,"publisher":{"@id":"https:\/\/wobronietradycjiiwiary.com\/pl\/#organization"},"image":{"@id":"https:\/\/wobronietradycjiiwiary.com\/sw-benedykt-z-nursji-o-stopniach-pokory-1-z-3\/#primaryimage"},"thumbnailUrl":"https:\/\/wobronietradycjiiwiary.com\/wp-content\/uploads\/2018\/08\/heiligenkreuz-st-_benedict.jpg","keywords":["pokora","Premium","Restricted","Stopnie pokory","\u015awi\u0119ty Benedykt z Nursji"],"articleSection":["\u015bw. Benedykt"],"inLanguage":"pl-PL","potentialAction":[{"@type":"CommentAction","name":"Comment","target":["https:\/\/wobronietradycjiiwiary.com\/sw-benedykt-z-nursji-o-stopniach-pokory-1-z-3\/#respond"]}]},{"@type":"WebPage","@id":"https:\/\/wobronietradycjiiwiary.com\/sw-benedykt-z-nursji-o-stopniach-pokory-1-z-3\/","url":"https:\/\/wobronietradycjiiwiary.com\/sw-benedykt-z-nursji-o-stopniach-pokory-1-z-3\/","name":"\u015aw. Benedykt z Nursji - O stopniach pokory (1 z 3) - Tradycja i Wiara","isPartOf":{"@id":"https:\/\/wobronietradycjiiwiary.com\/pl\/#website"},"primaryImageOfPage":{"@id":"https:\/\/wobronietradycjiiwiary.com\/sw-benedykt-z-nursji-o-stopniach-pokory-1-z-3\/#primaryimage"},"image":{"@id":"https:\/\/wobronietradycjiiwiary.com\/sw-benedykt-z-nursji-o-stopniach-pokory-1-z-3\/#primaryimage"},"thumbnailUrl":"https:\/\/wobronietradycjiiwiary.com\/wp-content\/uploads\/2018\/08\/heiligenkreuz-st-_benedict.jpg","datePublished":"2018-09-11T06:00:17+00:00","dateModified":"2025-02-07T14:49:05+00:00","breadcrumb":{"@id":"https:\/\/wobronietradycjiiwiary.com\/sw-benedykt-z-nursji-o-stopniach-pokory-1-z-3\/#breadcrumb"},"inLanguage":"pl-PL","potentialAction":[{"@type":"ReadAction","target":["https:\/\/wobronietradycjiiwiary.com\/sw-benedykt-z-nursji-o-stopniach-pokory-1-z-3\/"]}]},{"@type":"ImageObject","inLanguage":"pl-PL","@id":"https:\/\/wobronietradycjiiwiary.com\/sw-benedykt-z-nursji-o-stopniach-pokory-1-z-3\/#primaryimage","url":"https:\/\/wobronietradycjiiwiary.com\/wp-content\/uploads\/2018\/08\/heiligenkreuz-st-_benedict.jpg","contentUrl":"https:\/\/wobronietradycjiiwiary.com\/wp-content\/uploads\/2018\/08\/heiligenkreuz-st-_benedict.jpg"},{"@type":"BreadcrumbList","@id":"https:\/\/wobronietradycjiiwiary.com\/sw-benedykt-z-nursji-o-stopniach-pokory-1-z-3\/#breadcrumb","itemListElement":[{"@type":"ListItem","position":1,"name":"Strona g\u0142\u00f3wna","item":"https:\/\/wobronietradycjiiwiary.com\/"},{"@type":"ListItem","position":2,"name":"\u015aw. Benedykt z Nursji &#8211; O stopniach pokory (1 z 3)"}]},{"@type":"WebSite","@id":"https:\/\/wobronietradycjiiwiary.com\/pl\/#website","url":"https:\/\/wobronietradycjiiwiary.com\/pl\/","name":"Tradycja i Wiara","description":"Portal dla katolik\u00f3w.","publisher":{"@id":"https:\/\/wobronietradycjiiwiary.com\/pl\/#organization"},"potentialAction":[{"@type":"SearchAction","target":{"@type":"EntryPoint","urlTemplate":"https:\/\/wobronietradycjiiwiary.com\/pl\/?s={search_term_string}"},"query-input":{"@type":"PropertyValueSpecification","valueRequired":true,"valueName":"search_term_string"}}],"inLanguage":"pl-PL"},{"@type":"Organization","@id":"https:\/\/wobronietradycjiiwiary.com\/pl\/#organization","name":"Tradycja i Wiara","url":"https:\/\/wobronietradycjiiwiary.com\/pl\/","logo":{"@type":"ImageObject","inLanguage":"pl-PL","@id":"https:\/\/wobronietradycjiiwiary.com\/pl\/#\/schema\/logo\/image\/","url":"https:\/\/i0.wp.com\/wobronietradycjiiwiary.com\/wp-content\/uploads\/2015\/10\/cropped-st-peters-dome-vatican.jpg?fit=940%2C198&ssl=1","contentUrl":"https:\/\/i0.wp.com\/wobronietradycjiiwiary.com\/wp-content\/uploads\/2015\/10\/cropped-st-peters-dome-vatican.jpg?fit=940%2C198&ssl=1","width":940,"height":198,"caption":"Tradycja i Wiara"},"image":{"@id":"https:\/\/wobronietradycjiiwiary.com\/pl\/#\/schema\/logo\/image\/"},"sameAs":["https:\/\/www.facebook.com\/Tradycja-i-Wiara-108813920592249"]},{"@type":"Person","@id":"https:\/\/wobronietradycjiiwiary.com\/pl\/#\/schema\/person\/2d6180ce6abcb681fef0daab7816e8f3","name":"Traditio et Fides","sameAs":["https:\/\/traditionundglauben.com"],"url":"https:\/\/wobronietradycjiiwiary.com\/pl\/author\/wobronietradycjiiwiary\/"}]}},"jetpack_publicize_connections":[],"jetpack_sharing_enabled":true,"jetpack_likes_enabled":true,"jetpack_shortlink":"https:\/\/wp.me\/pc04Sd-4KH","jetpack-related-posts":[{"id":18273,"url":"https:\/\/wobronietradycjiiwiary.com\/pl\/sw-benedykt-z-nursji-o-stopniach-pokory-2-z-3\/","url_meta":{"origin":18271,"position":0},"title":"\u015aw. Benedykt z Nursji &#8211; O stopniach pokory (2 z 3)","author":"Traditio et Fides","date":"18 wrze\u015bnia 2018","format":false,"excerpt":"7. rozdzia\u0142 Regu\u0142y \u015bw. Benedykta - O pokorze Drugi stopie\u0144 pokory: je\u015bli nie kochamy ju\u017c w\u0142asnej woli i nie znajdujemy przyjemno\u015bci w wype\u0142nianiu swoich pragnie\u0144, lecz czyny swoje stosujemy do s\u0142\u00f3w Pana, kt\u00f3ry m\u00f3wi: zst\u0105pi\u0142em nie po to, aby pe\u0142ni\u0107 swoj\u0105 wol\u0119, ale wol\u0119 Tego, kt\u00f3ry mnie pos\u0142a\u0142 (J 6,39).\u2026","rel":"","context":"W \u201e\u015bw. Benedykt&quot;","block_context":{"text":"\u015bw. Benedykt","link":"https:\/\/wobronietradycjiiwiary.com\/pl\/category\/duchowosc\/autorzy\/sw-benedykt\/"},"img":{"alt_text":"Heiligenkreuz.St._Benedict","src":"https:\/\/i0.wp.com\/wobronietradycjiiwiary.com\/wp-content\/uploads\/2018\/08\/heiligenkreuz-st-_benedict.jpg?resize=350%2C200&ssl=1","width":350,"height":200,"srcset":"https:\/\/i0.wp.com\/wobronietradycjiiwiary.com\/wp-content\/uploads\/2018\/08\/heiligenkreuz-st-_benedict.jpg?resize=350%2C200&ssl=1 1x, https:\/\/i0.wp.com\/wobronietradycjiiwiary.com\/wp-content\/uploads\/2018\/08\/heiligenkreuz-st-_benedict.jpg?resize=525%2C300&ssl=1 1.5x"},"classes":[]},{"id":18274,"url":"https:\/\/wobronietradycjiiwiary.com\/pl\/sw-benedykt-z-nursji-o-stopniach-pokory-3-z-3\/","url_meta":{"origin":18271,"position":1},"title":"\u015aw. Benedykt z Nursji &#8211; O stopniach pokory (3 z 3)","author":"Traditio et Fides","date":"25 wrze\u015bnia 2018","format":false,"excerpt":"7. rozdzia\u0142 Regu\u0142y \u015bw. Benedykta - O pokorze Si\u00f3dmy stopie\u0144 pokory: je\u017celi mnich nie tylko ustami wyznaje, \u017ce jest najpodlejszy i najs\u0142abszy ze wszystkich, lecz jest o tym r\u00f3wnie\u017c najg\u0142\u0119biej przekonany, upokarza si\u0119 i m\u00f3wi z Prorokiem: Ja za\u015b jestem robak, a nie cz\u0142owiek, po\u015bmiewisko ludzi i wzgarda posp\u00f3lstwa; wywy\u017cszy\u0142em\u2026","rel":"","context":"W \u201e\u015bw. Benedykt&quot;","block_context":{"text":"\u015bw. Benedykt","link":"https:\/\/wobronietradycjiiwiary.com\/pl\/category\/duchowosc\/autorzy\/sw-benedykt\/"},"img":{"alt_text":"Heiligenkreuz.St._Benedict","src":"https:\/\/i0.wp.com\/wobronietradycjiiwiary.com\/wp-content\/uploads\/2018\/08\/heiligenkreuz-st-_benedict.jpg?resize=350%2C200&ssl=1","width":350,"height":200,"srcset":"https:\/\/i0.wp.com\/wobronietradycjiiwiary.com\/wp-content\/uploads\/2018\/08\/heiligenkreuz-st-_benedict.jpg?resize=350%2C200&ssl=1 1x, https:\/\/i0.wp.com\/wobronietradycjiiwiary.com\/wp-content\/uploads\/2018\/08\/heiligenkreuz-st-_benedict.jpg?resize=525%2C300&ssl=1 1.5x"},"classes":[]},{"id":18275,"url":"https:\/\/wobronietradycjiiwiary.com\/pl\/sw-bernard-z-clairvaux-o-stopniach-pokory-2-z-17\/","url_meta":{"origin":18271,"position":2},"title":"\u015aw. Bernard z Clairvaux &#8211; O stopniach pokory (2 z 17)","author":"Traditio et Fides","date":"5 pa\u017adziernika 2018","format":false,"excerpt":"Z jakim po\u017cytkiem wst\u0119puje si\u0119\u00a0po stopniach pokory (2 z 3) 2. Definicja pokory mo\u017ce by\u0107 nast\u0119puj\u0105ca: pokora jest cnot\u0105, dzi\u0119ki kt\u00f3rej cz\u0142owiek, poznawszy si\u0119 dok\u0142adnie, widzi sw\u0105 marno\u015b\u0107. Jest ona \u2013 pokora \u2013 w\u0142a\u015bciwa tym, kt\u00f3rzy wznosz\u0105c si\u0119 duchowa, wst\u0119puj\u0105 ze stopnia na stopie\u0144, czyli z cnoty na cnot\u0119, a\u017c\u2026","rel":"","context":"W \u201e\u015bw. Bernard z Clairvaux&quot;","block_context":{"text":"\u015bw. Bernard z Clairvaux","link":"https:\/\/wobronietradycjiiwiary.com\/pl\/category\/duchowosc\/autorzy\/sw-bernard-z-clairvaux\/"},"img":{"alt_text":"","src":"https:\/\/i0.wp.com\/wobronietradycjiiwiary.com\/wp-content\/uploads\/2018\/08\/bernard-z-clairvaux.jpg?resize=350%2C200&ssl=1","width":350,"height":200,"srcset":"https:\/\/i0.wp.com\/wobronietradycjiiwiary.com\/wp-content\/uploads\/2018\/08\/bernard-z-clairvaux.jpg?resize=350%2C200&ssl=1 1x, https:\/\/i0.wp.com\/wobronietradycjiiwiary.com\/wp-content\/uploads\/2018\/08\/bernard-z-clairvaux.jpg?resize=525%2C300&ssl=1 1.5x, https:\/\/i0.wp.com\/wobronietradycjiiwiary.com\/wp-content\/uploads\/2018\/08\/bernard-z-clairvaux.jpg?resize=700%2C400&ssl=1 2x"},"classes":[]},{"id":18240,"url":"https:\/\/wobronietradycjiiwiary.com\/pl\/sw-bernard-z-cairvaux-o-stopniach-pokory-i-pychy-wstep\/","url_meta":{"origin":18271,"position":3},"title":"\u015aw. Bernard z Clairvaux, O stopniach pokory i pychy: Wst\u0119p","author":"Traditio et Fides","date":"28 wrze\u015bnia 2018","format":false,"excerpt":"O stopniach pokory i pychy Wst\u0119p Prosi\u0142e\u015b mnie, drogi Gotfrydzie1, abym ci w obszerniejszym tek\u015bcie powt\u00f3rzy\u0142 tre\u015b\u0107 nauk o stopniach pokory, kt\u00f3re g\u0142osi\u0142em do braci zakonnych. Pragn\u0105\u0107 uczyni\u0107 zado\u015b\u0107 twej woli, a jednocze\u015bnie l\u0119kaj\u0105c si\u0119 w\u0142asnej nieudolno\u015bci, przyst\u0105pi\u0142em do pracy \u2013 pomny na rad\u0119 Ewangelii \u2013 dopiero po nale\u017cytym rozwa\u017ceniu,\u2026","rel":"","context":"W \u201e\u015bw. Bernard z Clairvaux&quot;","block_context":{"text":"\u015bw. Bernard z Clairvaux","link":"https:\/\/wobronietradycjiiwiary.com\/pl\/category\/duchowosc\/autorzy\/sw-bernard-z-clairvaux\/"},"img":{"alt_text":"","src":"https:\/\/i0.wp.com\/wobronietradycjiiwiary.com\/wp-content\/uploads\/2018\/08\/bernard-z-clairvaux.jpg?resize=350%2C200&ssl=1","width":350,"height":200,"srcset":"https:\/\/i0.wp.com\/wobronietradycjiiwiary.com\/wp-content\/uploads\/2018\/08\/bernard-z-clairvaux.jpg?resize=350%2C200&ssl=1 1x, https:\/\/i0.wp.com\/wobronietradycjiiwiary.com\/wp-content\/uploads\/2018\/08\/bernard-z-clairvaux.jpg?resize=525%2C300&ssl=1 1.5x, https:\/\/i0.wp.com\/wobronietradycjiiwiary.com\/wp-content\/uploads\/2018\/08\/bernard-z-clairvaux.jpg?resize=700%2C400&ssl=1 2x"},"classes":[]},{"id":18327,"url":"https:\/\/wobronietradycjiiwiary.com\/pl\/sw-bernard-z-clairvaux-o-stopniach-pokory-17-z-17\/","url_meta":{"origin":18271,"position":4},"title":"\u015aw. Bernard z Clairvaux &#8211; O stopniach pokory (17 z 17)","author":"Traditio et Fides","date":"30 listopada 2018","format":false,"excerpt":"Pal\u0105ca t\u0119sknota do prawdy (2 z 2) 26. Przeto, Panie Jezu, ja r\u00f3wnie\u017c ch\u0119tnie b\u0119d\u0119 si\u0119 chlubi\u0142, je\u015bli potrafi\u0119, z mych s\u0142abo\u015bci, z choroby \u015bci\u0119gien moich, aby moc Twoja, czyli pokora, spot\u0119\u017cnia\u0142a we mnie. Albowiem wystarczy mi Twej \u0142aski, gdy mnie moja w\u0142asna si\u0142a opu\u015bci. Stop\u0105 \u0142aski krocz\u0105c odwa\u017cnie, a\u2026","rel":"","context":"W \u201eO stopniach pokory o pychy&quot;","block_context":{"text":"O stopniach pokory o pychy","link":"https:\/\/wobronietradycjiiwiary.com\/pl\/category\/duchowosc\/autorzy\/sw-bernard-z-clairvaux\/o-stopniach-pokory\/"},"img":{"alt_text":"","src":"https:\/\/i0.wp.com\/wobronietradycjiiwiary.com\/wp-content\/uploads\/2018\/08\/bernard-z-clairvaux.jpg?resize=350%2C200&ssl=1","width":350,"height":200,"srcset":"https:\/\/i0.wp.com\/wobronietradycjiiwiary.com\/wp-content\/uploads\/2018\/08\/bernard-z-clairvaux.jpg?resize=350%2C200&ssl=1 1x, https:\/\/i0.wp.com\/wobronietradycjiiwiary.com\/wp-content\/uploads\/2018\/08\/bernard-z-clairvaux.jpg?resize=525%2C300&ssl=1 1.5x, https:\/\/i0.wp.com\/wobronietradycjiiwiary.com\/wp-content\/uploads\/2018\/08\/bernard-z-clairvaux.jpg?resize=700%2C400&ssl=1 2x"},"classes":[]},{"id":18308,"url":"https:\/\/wobronietradycjiiwiary.com\/pl\/sw-bernard-z-clairvaux-o-stopniach-pokory-9-z-17\/","url_meta":{"origin":18271,"position":5},"title":"\u015aw. Bernard z Clairvaux &#8211; O stopniach pokory (9 z 17)","author":"Traditio et Fides","date":"30 pa\u017adziernika 2018","format":false,"excerpt":"Pierwszy stopie\u0144 prawdy polega na poznaniu samego siebie i dostrze\u017ceniu w\u0142asnej n\u0119dzy (2 z 2) 15. Kto zatem pragnie pozna\u0107 ca\u0142\u0105 prawd\u0119, musi usun\u0105\u0107 belk\u0119 pychy zas\u0142aniaj\u0105c\u0105 \u015bwiat\u0142o oka i wznie\u015b\u0107 w swym sercu stopnie, po kt\u00f3rych wst\u0119puj\u0105c ku g\u00f3rze, b\u0119dzie m\u00f3g\u0142 pozna\u0107 si\u0119 we w\u0142asnym sumieniu i w ten\u2026","rel":"","context":"W \u201e\u015bw. Bernard z Clairvaux&quot;","block_context":{"text":"\u015bw. Bernard z Clairvaux","link":"https:\/\/wobronietradycjiiwiary.com\/pl\/category\/duchowosc\/autorzy\/sw-bernard-z-clairvaux\/"},"img":{"alt_text":"","src":"https:\/\/i0.wp.com\/wobronietradycjiiwiary.com\/wp-content\/uploads\/2018\/08\/bernard-z-clairvaux.jpg?resize=350%2C200&ssl=1","width":350,"height":200,"srcset":"https:\/\/i0.wp.com\/wobronietradycjiiwiary.com\/wp-content\/uploads\/2018\/08\/bernard-z-clairvaux.jpg?resize=350%2C200&ssl=1 1x, https:\/\/i0.wp.com\/wobronietradycjiiwiary.com\/wp-content\/uploads\/2018\/08\/bernard-z-clairvaux.jpg?resize=525%2C300&ssl=1 1.5x, https:\/\/i0.wp.com\/wobronietradycjiiwiary.com\/wp-content\/uploads\/2018\/08\/bernard-z-clairvaux.jpg?resize=700%2C400&ssl=1 2x"},"classes":[]}],"amp_enabled":true,"jetpack_featured_media_url":"","_links":{"self":[{"href":"https:\/\/wobronietradycjiiwiary.com\/pl\/wp-json\/wp\/v2\/posts\/18271","targetHints":{"allow":["GET"]}}],"collection":[{"href":"https:\/\/wobronietradycjiiwiary.com\/pl\/wp-json\/wp\/v2\/posts"}],"about":[{"href":"https:\/\/wobronietradycjiiwiary.com\/pl\/wp-json\/wp\/v2\/types\/post"}],"author":[{"embeddable":true,"href":"https:\/\/wobronietradycjiiwiary.com\/pl\/wp-json\/wp\/v2\/users\/60508433"}],"replies":[{"embeddable":true,"href":"https:\/\/wobronietradycjiiwiary.com\/pl\/wp-json\/wp\/v2\/comments?post=18271"}],"version-history":[{"count":0,"href":"https:\/\/wobronietradycjiiwiary.com\/pl\/wp-json\/wp\/v2\/posts\/18271\/revisions"}],"wp:attachment":[{"href":"https:\/\/wobronietradycjiiwiary.com\/pl\/wp-json\/wp\/v2\/media?parent=18271"}],"wp:term":[{"taxonomy":"category","embeddable":true,"href":"https:\/\/wobronietradycjiiwiary.com\/pl\/wp-json\/wp\/v2\/categories?post=18271"},{"taxonomy":"post_tag","embeddable":true,"href":"https:\/\/wobronietradycjiiwiary.com\/pl\/wp-json\/wp\/v2\/tags?post=18271"}],"curies":[{"name":"wp","href":"https:\/\/api.w.org\/{rel}","templated":true}]}}