{"id":17085,"date":"2018-01-24T11:50:24","date_gmt":"2018-01-24T10:50:24","guid":{"rendered":"https:\/\/wobronietradycjiiwiaryblog.wordpress.com\/?p=17085"},"modified":"2025-02-07T15:40:08","modified_gmt":"2025-02-07T14:40:08","slug":"blogoslawienstwa-sredniowieczne-lub-o-spelnieniu-marzen","status":"publish","type":"post","link":"https:\/\/wobronietradycjiiwiary.com\/pl\/blogoslawienstwa-sredniowieczne-lub-o-spelnieniu-marzen\/","title":{"rendered":"B\u0142ogos\u0142awie\u0144stwa \u015bredniowieczne lub o spe\u0142nieniu marze\u0144"},"content":{"rendered":"<div id=\"bsf_rt_marker\"><\/div><p>Pisz\u0105cy te s\u0142owa pragnie podzieli\u0107 si\u0119 swoj\u0105 rado\u015bci\u0105 donosz\u0105c o tym, \u017ce wczoraj przyby\u0142y dwa tomy ksi\u0105\u017cki Die kirchlichen Benediktionen&hellip;<\/p>\n<div style=\"text-align: center\">\n<p>&nbsp;<\/p>\n<\/div>\n<h2 style=\"border: 5px solid #0000A0;padding: 1em;text-align: center\"><span style=\"color: #000000\">Pe\u0142en dost\u0119p dla <span style=\"color: #00ccff\"><a style=\"color: #00ccff\" href=\"https:\/\/wobronietradycjiiwiary.com\/subskrypcje-2\/\" target=\"_blank\" rel=\"noopener\">subskrybent\u00f3w<\/a><\/span>.<\/span><br \/>\n<span style=\"color: #3366ff\"><a style=\"color: #3366ff\" href=\"https:\/\/wobronietradycjiiwiary.com\/account\/login\/\" target=\"_blank\" rel=\"noopener\"><span style=\"color: #00ccff\">Zaloguj<\/span><\/a> <\/span>si\u0119 lub przejd\u017a do <a href=\"https:\/\/wobronietradycjiiwiary.com\/register\/\"><span style=\"color: #3366ff\">Rejestracji<\/span><\/a>.<\/h2>\n<div>\n<p style=\"text-align: center\"><a href=\"https:\/\/wobronietradycjiiwiary.com\/pl\/subskrypcje-2\/cennik\/\" target=\"_blank\" rel=\"noopener\"><span style=\"color: #000080;font-size: 24pt\"><strong>Nowe ni\u017csze ceny<\/strong><\/span><\/a><\/p>\n<p style=\"text-align: center\"><strong><span style=\"font-size: 18pt;color: #000080\">P\u0142atno\u015b\u0107 kart\u0105<\/span><\/strong><\/p>\n<\/div>\n<h3 style=\"text-align: center\"><a href=\"https:\/\/wobronietradycjiiwiary.com\/pl\/subskrypcje-2\/automatyczne\/indywidualne\/\" target=\"_blank\" rel=\"noopener\"><img fetchpriority=\"high\" decoding=\"async\" class=\"alignnone size-medium wp-image-80433\" src=\"https:\/\/wobronietradycjiiwiary.com\/wp-content\/uploads\/2022\/11\/Unbenannt-1-Online-1-300x202.jpg\" alt=\"\" width=\"300\" height=\"202\" srcset=\"https:\/\/wobronietradycjiiwiary.com\/wp-content\/uploads\/2022\/11\/Unbenannt-1-Online-1-300x202.jpg 300w, https:\/\/wobronietradycjiiwiary.com\/wp-content\/uploads\/2022\/11\/Unbenannt-1-Online-1-150x101.jpg 150w, https:\/\/wobronietradycjiiwiary.com\/wp-content\/uploads\/2022\/11\/Unbenannt-1-Online-1-18x12.jpg 18w, https:\/\/wobronietradycjiiwiary.com\/wp-content\/uploads\/2022\/11\/Unbenannt-1-Online-1.jpg 446w\" sizes=\"(max-width: 300px) 100vw, 300px\" \/><\/a><\/h3>\n<p style=\"text-align: center\"><strong><span style=\"font-size: 18pt;color: #000080\">P\u0142atno\u015b\u0107 przelewem<\/span><\/strong><\/p>\n<p><a href=\"https:\/\/wobronietradycjiiwiary.com\/pl\/subskrypcje-2\/automatyczne\/indywidualne\/\" target=\"_blank\" rel=\"noopener\"><img decoding=\"async\" class=\"size-medium wp-image-80434 aligncenter\" src=\"https:\/\/wobronietradycjiiwiary.com\/wp-content\/uploads\/2022\/11\/Unbenannt-1-Przelewem-300x137.jpg\" alt=\"\" width=\"300\" height=\"137\" srcset=\"https:\/\/wobronietradycjiiwiary.com\/wp-content\/uploads\/2022\/11\/Unbenannt-1-Przelewem-300x137.jpg 300w, https:\/\/wobronietradycjiiwiary.com\/wp-content\/uploads\/2022\/11\/Unbenannt-1-Przelewem-450x206.jpg 450w, https:\/\/wobronietradycjiiwiary.com\/wp-content\/uploads\/2022\/11\/Unbenannt-1-Przelewem-600x274.jpg 600w, https:\/\/wobronietradycjiiwiary.com\/wp-content\/uploads\/2022\/11\/Unbenannt-1-Przelewem-150x69.jpg 150w, https:\/\/wobronietradycjiiwiary.com\/wp-content\/uploads\/2022\/11\/Unbenannt-1-Przelewem-18x8.jpg 18w, https:\/\/wobronietradycjiiwiary.com\/wp-content\/uploads\/2022\/11\/Unbenannt-1-Przelewem.jpg 676w\" sizes=\"(max-width: 300px) 100vw, 300px\" \/><\/a><\/p>\n<p style=\"text-align: center\"><strong><span style=\"font-size: 18pt;color: #000080\">P\u0142atno\u015b\u0107 kart\u0105 do 6 os\u00f3b<\/span><\/strong><\/p>\n<p><a href=\"https:\/\/wobronietradycjiiwiary.com\/pl\/rodzinne\/\" target=\"_blank\" rel=\"noopener\"><img decoding=\"async\" class=\"size-medium wp-image-80435 aligncenter\" src=\"https:\/\/wobronietradycjiiwiary.com\/wp-content\/uploads\/2022\/11\/Unbenannt-1-Rodzinna-300x208.jpg\" alt=\"\" width=\"300\" height=\"208\" srcset=\"https:\/\/wobronietradycjiiwiary.com\/wp-content\/uploads\/2022\/11\/Unbenannt-1-Rodzinna-300x208.jpg 300w, https:\/\/wobronietradycjiiwiary.com\/wp-content\/uploads\/2022\/11\/Unbenannt-1-Rodzinna-150x104.jpg 150w, https:\/\/wobronietradycjiiwiary.com\/wp-content\/uploads\/2022\/11\/Unbenannt-1-Rodzinna-18x12.jpg 18w, https:\/\/wobronietradycjiiwiary.com\/wp-content\/uploads\/2022\/11\/Unbenannt-1-Rodzinna.jpg 448w\" sizes=\"(max-width: 300px) 100vw, 300px\" \/><\/a><\/p>\n<h3 style=\"text-align: center\"><\/h3>\n<h1 style=\"text-align: center\"><\/h1>\n","protected":false},"excerpt":{"rendered":"<p>Pisz\u0105cy te s\u0142owa pragnie podzieli\u0107 si\u0119 swoj\u0105 rado\u015bci\u0105 donosz\u0105c o tym, \u017ce wczoraj przyby\u0142y dwa tomy ksi\u0105\u017cki Die kirchlichen Benediktionen&hellip; &nbsp; Pe\u0142en dost\u0119p dla subskrybent\u00f3w. Zaloguj si\u0119 lub przejd\u017a do Rejestracji. Nowe ni\u017csze ceny P\u0142atno\u015b\u0107 kart\u0105 P\u0142atno\u015b\u0107 przelewem P\u0142atno\u015b\u0107 kart\u0105 do 6 os\u00f3b<\/p>\n","protected":false},"author":60508433,"featured_media":17087,"comment_status":"open","ping_status":"closed","sticky":false,"template":"","format":"standard","meta":{"_bbp_topic_count":0,"_bbp_reply_count":0,"_bbp_total_topic_count":0,"_bbp_total_reply_count":0,"_bbp_voice_count":0,"_bbp_anonymous_reply_count":0,"_bbp_topic_count_hidden":0,"_bbp_reply_count_hidden":0,"_bbp_forum_subforum_count":0,"_editorskit_title_hidden":false,"_editorskit_reading_time":0,"_editorskit_is_block_options_detached":false,"_editorskit_block_options_position":"{}","_coblocks_attr":"","_coblocks_dimensions":"","_coblocks_responsive_height":"","_coblocks_accordion_ie_support":"","_exactmetrics_skip_tracking":false,"_jetpack_newsletter_access":"","_jetpack_dont_email_post_to_subs":false,"_jetpack_newsletter_tier_id":0,"_jetpack_memberships_contains_paywalled_content":false,"_wpcom_ai_launchpad_first_post":false,"_jetpack_feature_clip_id":0,"_jetpack_memberships_contains_paid_content":false,"footnotes":"","jetpack_publicize_message":"{title}\n\n{excerpt}\n\n{url}","jetpack_publicize_feature_enabled":true,"jetpack_social_post_already_shared":true,"jetpack_social_options":{"image_generator_settings":{"template":"highway","default_image_id":0,"font":"","enabled":false},"version":2},"_wpas_customize_per_network":false,"jetpack_post_was_ever_published":false},"categories":[610132066,3764412],"tags":[610132067,1748494,610130707,610131031,610130784,610132133,12994032,610130667,610132183],"class_list":["post-17085","post","type-post","status-publish","format-standard","has-post-thumbnail","hentry","category-blogoslawienie-i-swiecenie","category-sakramentalia","tag-blogoslawienie-i-swiecenie","tag-blogoslawienstwa","tag-blogoslawienstwa-z-rituale-romanum","tag-blogoslawienstwa-sredniowieczne","tag-ks-adolph-franz","tag-restricted","tag-rituale-romanum","tag-sakramentalia","tag-sw-tomasz-apostol"],"yoast_head":"<!-- This site is optimized with the Yoast SEO plugin v28.4 - https:\/\/yoast.com\/product\/yoast-seo-wordpress\/ -->\n<title>B\u0142ogos\u0142awie\u0144stwa \u015bredniowieczne lub o spe\u0142nieniu marze\u0144 - Tradycja i Wiara<\/title>\n<meta name=\"robots\" content=\"index, follow, max-snippet:-1, max-image-preview:large, max-video-preview:-1\" \/>\n<link rel=\"canonical\" href=\"https:\/\/wobronietradycjiiwiary.com\/pl\/blogoslawienstwa-sredniowieczne-lub-o-spelnieniu-marzen\/\" \/>\n<meta property=\"og:locale\" content=\"pl_PL\" \/>\n<meta property=\"og:type\" content=\"article\" \/>\n<meta property=\"og:title\" content=\"B\u0142ogos\u0142awie\u0144stwa \u015bredniowieczne lub o spe\u0142nieniu marze\u0144 - Tradycja i Wiara\" \/>\n<meta property=\"og:description\" content=\"Pisz\u0105cy te s\u0142owa pragnie podzieli\u0107 si\u0119 swoj\u0105 rado\u015bci\u0105 donosz\u0105c o tym, \u017ce wczoraj przyby\u0142y dwa tomy ksi\u0105\u017cki Die kirchlichen Benediktionen&hellip; &nbsp; Pe\u0142en dost\u0119p dla subskrybent\u00f3w. Zaloguj si\u0119 lub przejd\u017a do Rejestracji. Nowe ni\u017csze ceny P\u0142atno\u015b\u0107 kart\u0105 P\u0142atno\u015b\u0107 przelewem P\u0142atno\u015b\u0107 kart\u0105 do 6 os\u00f3b\" \/>\n<meta property=\"og:url\" content=\"https:\/\/wobronietradycjiiwiary.com\/pl\/blogoslawienstwa-sredniowieczne-lub-o-spelnieniu-marzen\/\" \/>\n<meta property=\"og:site_name\" content=\"Tradycja i Wiara\" \/>\n<meta property=\"article:publisher\" content=\"https:\/\/www.facebook.com\/Tradycja-i-Wiara-108813920592249\" \/>\n<meta property=\"article:published_time\" content=\"2018-01-24T10:50:24+00:00\" \/>\n<meta property=\"article:modified_time\" content=\"2025-02-07T14:40:08+00:00\" \/>\n<meta property=\"og:image\" content=\"https:\/\/wobronietradycjiiwiary.com\/wp-content\/uploads\/2018\/01\/hieronymus2.jpg\" \/>\n\t<meta property=\"og:image:width\" content=\"869\" \/>\n\t<meta property=\"og:image:height\" content=\"639\" \/>\n\t<meta property=\"og:image:type\" content=\"image\/jpeg\" \/>\n<meta name=\"author\" content=\"Traditio et Fides\" \/>\n<meta name=\"twitter:card\" content=\"summary_large_image\" \/>\n<meta name=\"twitter:label1\" content=\"Napisane przez\" \/>\n\t<meta name=\"twitter:data1\" content=\"Traditio et Fides\" \/>\n\t<meta name=\"twitter:label2\" content=\"Szacowany czas czytania\" \/>\n\t<meta name=\"twitter:data2\" content=\"7 minut\" \/>\n<script type=\"application\/ld+json\" class=\"yoast-schema-graph\">{\"@context\":\"https:\\\/\\\/schema.org\",\"@graph\":[{\"@type\":\"Article\",\"@id\":\"https:\\\/\\\/wobronietradycjiiwiary.com\\\/blogoslawienstwa-sredniowieczne-lub-o-spelnieniu-marzen\\\/#article\",\"isPartOf\":{\"@id\":\"https:\\\/\\\/wobronietradycjiiwiary.com\\\/blogoslawienstwa-sredniowieczne-lub-o-spelnieniu-marzen\\\/\"},\"author\":{\"name\":\"Traditio et Fides\",\"@id\":\"https:\\\/\\\/wobronietradycjiiwiary.com\\\/pl\\\/#\\\/schema\\\/person\\\/2d6180ce6abcb681fef0daab7816e8f3\"},\"headline\":\"B\u0142ogos\u0142awie\u0144stwa \u015bredniowieczne lub o spe\u0142nieniu marze\u0144\",\"datePublished\":\"2018-01-24T10:50:24+00:00\",\"dateModified\":\"2025-02-07T14:40:08+00:00\",\"mainEntityOfPage\":{\"@id\":\"https:\\\/\\\/wobronietradycjiiwiary.com\\\/blogoslawienstwa-sredniowieczne-lub-o-spelnieniu-marzen\\\/\"},\"wordCount\":1636,\"commentCount\":21,\"publisher\":{\"@id\":\"https:\\\/\\\/wobronietradycjiiwiary.com\\\/pl\\\/#organization\"},\"image\":{\"@id\":\"https:\\\/\\\/wobronietradycjiiwiary.com\\\/blogoslawienstwa-sredniowieczne-lub-o-spelnieniu-marzen\\\/#primaryimage\"},\"thumbnailUrl\":\"https:\\\/\\\/wobronietradycjiiwiary.com\\\/wp-content\\\/uploads\\\/2018\\\/01\\\/hieronymus2.jpg\",\"keywords\":[\"b\u0142ogos\u0142awienie i \u015bwi\u0119cenie\",\"b\u0142ogos\u0142awie\u0144stwa\",\"B\u0142ogos\u0142awie\u0144stwa z Rituale romanum\",\"B\u0142ogos\u0142awie\u0144stwa \u015bredniowieczne\",\"ks. Adolph Franz\",\"Restricted\",\"Rituale romanum\",\"Sakramentalia\",\"\u015bw. Tomasz Aposto\u0142\"],\"articleSection\":[\"B\u0142ogos\u0142awienie i \u015bwi\u0119cenie\",\"Sakramentalia\"],\"inLanguage\":\"pl-PL\",\"potentialAction\":[{\"@type\":\"CommentAction\",\"name\":\"Comment\",\"target\":[\"https:\\\/\\\/wobronietradycjiiwiary.com\\\/blogoslawienstwa-sredniowieczne-lub-o-spelnieniu-marzen\\\/#respond\"]}]},{\"@type\":\"WebPage\",\"@id\":\"https:\\\/\\\/wobronietradycjiiwiary.com\\\/blogoslawienstwa-sredniowieczne-lub-o-spelnieniu-marzen\\\/\",\"url\":\"https:\\\/\\\/wobronietradycjiiwiary.com\\\/blogoslawienstwa-sredniowieczne-lub-o-spelnieniu-marzen\\\/\",\"name\":\"B\u0142ogos\u0142awie\u0144stwa \u015bredniowieczne lub o spe\u0142nieniu marze\u0144 - Tradycja i Wiara\",\"isPartOf\":{\"@id\":\"https:\\\/\\\/wobronietradycjiiwiary.com\\\/pl\\\/#website\"},\"primaryImageOfPage\":{\"@id\":\"https:\\\/\\\/wobronietradycjiiwiary.com\\\/blogoslawienstwa-sredniowieczne-lub-o-spelnieniu-marzen\\\/#primaryimage\"},\"image\":{\"@id\":\"https:\\\/\\\/wobronietradycjiiwiary.com\\\/blogoslawienstwa-sredniowieczne-lub-o-spelnieniu-marzen\\\/#primaryimage\"},\"thumbnailUrl\":\"https:\\\/\\\/wobronietradycjiiwiary.com\\\/wp-content\\\/uploads\\\/2018\\\/01\\\/hieronymus2.jpg\",\"datePublished\":\"2018-01-24T10:50:24+00:00\",\"dateModified\":\"2025-02-07T14:40:08+00:00\",\"breadcrumb\":{\"@id\":\"https:\\\/\\\/wobronietradycjiiwiary.com\\\/blogoslawienstwa-sredniowieczne-lub-o-spelnieniu-marzen\\\/#breadcrumb\"},\"inLanguage\":\"pl-PL\",\"potentialAction\":[{\"@type\":\"ReadAction\",\"target\":[\"https:\\\/\\\/wobronietradycjiiwiary.com\\\/blogoslawienstwa-sredniowieczne-lub-o-spelnieniu-marzen\\\/\"]}]},{\"@type\":\"ImageObject\",\"inLanguage\":\"pl-PL\",\"@id\":\"https:\\\/\\\/wobronietradycjiiwiary.com\\\/blogoslawienstwa-sredniowieczne-lub-o-spelnieniu-marzen\\\/#primaryimage\",\"url\":\"https:\\\/\\\/wobronietradycjiiwiary.com\\\/wp-content\\\/uploads\\\/2018\\\/01\\\/hieronymus2.jpg\",\"contentUrl\":\"https:\\\/\\\/wobronietradycjiiwiary.com\\\/wp-content\\\/uploads\\\/2018\\\/01\\\/hieronymus2.jpg\",\"width\":869,\"height\":639},{\"@type\":\"BreadcrumbList\",\"@id\":\"https:\\\/\\\/wobronietradycjiiwiary.com\\\/blogoslawienstwa-sredniowieczne-lub-o-spelnieniu-marzen\\\/#breadcrumb\",\"itemListElement\":[{\"@type\":\"ListItem\",\"position\":1,\"name\":\"Strona g\u0142\u00f3wna\",\"item\":\"https:\\\/\\\/wobronietradycjiiwiary.com\\\/\"},{\"@type\":\"ListItem\",\"position\":2,\"name\":\"B\u0142ogos\u0142awie\u0144stwa \u015bredniowieczne lub o spe\u0142nieniu marze\u0144\"}]},{\"@type\":\"WebSite\",\"@id\":\"https:\\\/\\\/wobronietradycjiiwiary.com\\\/pl\\\/#website\",\"url\":\"https:\\\/\\\/wobronietradycjiiwiary.com\\\/pl\\\/\",\"name\":\"Tradycja i Wiara\",\"description\":\"Portal dla katolik\u00f3w.\",\"publisher\":{\"@id\":\"https:\\\/\\\/wobronietradycjiiwiary.com\\\/pl\\\/#organization\"},\"potentialAction\":[{\"@type\":\"SearchAction\",\"target\":{\"@type\":\"EntryPoint\",\"urlTemplate\":\"https:\\\/\\\/wobronietradycjiiwiary.com\\\/pl\\\/?s={search_term_string}\"},\"query-input\":{\"@type\":\"PropertyValueSpecification\",\"valueRequired\":true,\"valueName\":\"search_term_string\"}}],\"inLanguage\":\"pl-PL\"},{\"@type\":\"Organization\",\"@id\":\"https:\\\/\\\/wobronietradycjiiwiary.com\\\/pl\\\/#organization\",\"name\":\"Tradycja i Wiara\",\"url\":\"https:\\\/\\\/wobronietradycjiiwiary.com\\\/pl\\\/\",\"logo\":{\"@type\":\"ImageObject\",\"inLanguage\":\"pl-PL\",\"@id\":\"https:\\\/\\\/wobronietradycjiiwiary.com\\\/pl\\\/#\\\/schema\\\/logo\\\/image\\\/\",\"url\":\"https:\\\/\\\/i0.wp.com\\\/wobronietradycjiiwiary.com\\\/wp-content\\\/uploads\\\/2015\\\/10\\\/cropped-st-peters-dome-vatican.jpg?fit=940%2C198&ssl=1\",\"contentUrl\":\"https:\\\/\\\/i0.wp.com\\\/wobronietradycjiiwiary.com\\\/wp-content\\\/uploads\\\/2015\\\/10\\\/cropped-st-peters-dome-vatican.jpg?fit=940%2C198&ssl=1\",\"width\":940,\"height\":198,\"caption\":\"Tradycja i Wiara\"},\"image\":{\"@id\":\"https:\\\/\\\/wobronietradycjiiwiary.com\\\/pl\\\/#\\\/schema\\\/logo\\\/image\\\/\"},\"sameAs\":[\"https:\\\/\\\/www.facebook.com\\\/Tradycja-i-Wiara-108813920592249\"]},{\"@type\":\"Person\",\"@id\":\"https:\\\/\\\/wobronietradycjiiwiary.com\\\/pl\\\/#\\\/schema\\\/person\\\/2d6180ce6abcb681fef0daab7816e8f3\",\"name\":\"Traditio et Fides\",\"sameAs\":[\"https:\\\/\\\/traditionundglauben.com\"],\"url\":\"https:\\\/\\\/wobronietradycjiiwiary.com\\\/pl\\\/author\\\/wobronietradycjiiwiary\\\/\"}]}<\/script>\n<!-- \/ Yoast SEO plugin. -->","yoast_head_json":{"title":"B\u0142ogos\u0142awie\u0144stwa \u015bredniowieczne lub o spe\u0142nieniu marze\u0144 - Tradycja i Wiara","robots":{"index":"index","follow":"follow","max-snippet":"max-snippet:-1","max-image-preview":"max-image-preview:large","max-video-preview":"max-video-preview:-1"},"canonical":"https:\/\/wobronietradycjiiwiary.com\/pl\/blogoslawienstwa-sredniowieczne-lub-o-spelnieniu-marzen\/","og_locale":"pl_PL","og_type":"article","og_title":"B\u0142ogos\u0142awie\u0144stwa \u015bredniowieczne lub o spe\u0142nieniu marze\u0144 - Tradycja i Wiara","og_description":"Pisz\u0105cy te s\u0142owa pragnie podzieli\u0107 si\u0119 swoj\u0105 rado\u015bci\u0105 donosz\u0105c o tym, \u017ce wczoraj przyby\u0142y dwa tomy ksi\u0105\u017cki Die kirchlichen Benediktionen&hellip; &nbsp; Pe\u0142en dost\u0119p dla subskrybent\u00f3w. Zaloguj si\u0119 lub przejd\u017a do Rejestracji. Nowe ni\u017csze ceny P\u0142atno\u015b\u0107 kart\u0105 P\u0142atno\u015b\u0107 przelewem P\u0142atno\u015b\u0107 kart\u0105 do 6 os\u00f3b","og_url":"https:\/\/wobronietradycjiiwiary.com\/pl\/blogoslawienstwa-sredniowieczne-lub-o-spelnieniu-marzen\/","og_site_name":"Tradycja i Wiara","article_publisher":"https:\/\/www.facebook.com\/Tradycja-i-Wiara-108813920592249","article_published_time":"2018-01-24T10:50:24+00:00","article_modified_time":"2025-02-07T14:40:08+00:00","og_image":[{"width":869,"height":639,"url":"https:\/\/wobronietradycjiiwiary.com\/wp-content\/uploads\/2018\/01\/hieronymus2.jpg","type":"image\/jpeg"}],"author":"Traditio et Fides","twitter_card":"summary_large_image","twitter_misc":{"Napisane przez":"Traditio et Fides","Szacowany czas czytania":"7 minut"},"schema":{"@context":"https:\/\/schema.org","@graph":[{"@type":"Article","@id":"https:\/\/wobronietradycjiiwiary.com\/blogoslawienstwa-sredniowieczne-lub-o-spelnieniu-marzen\/#article","isPartOf":{"@id":"https:\/\/wobronietradycjiiwiary.com\/blogoslawienstwa-sredniowieczne-lub-o-spelnieniu-marzen\/"},"author":{"name":"Traditio et Fides","@id":"https:\/\/wobronietradycjiiwiary.com\/pl\/#\/schema\/person\/2d6180ce6abcb681fef0daab7816e8f3"},"headline":"B\u0142ogos\u0142awie\u0144stwa \u015bredniowieczne lub o spe\u0142nieniu marze\u0144","datePublished":"2018-01-24T10:50:24+00:00","dateModified":"2025-02-07T14:40:08+00:00","mainEntityOfPage":{"@id":"https:\/\/wobronietradycjiiwiary.com\/blogoslawienstwa-sredniowieczne-lub-o-spelnieniu-marzen\/"},"wordCount":1636,"commentCount":21,"publisher":{"@id":"https:\/\/wobronietradycjiiwiary.com\/pl\/#organization"},"image":{"@id":"https:\/\/wobronietradycjiiwiary.com\/blogoslawienstwa-sredniowieczne-lub-o-spelnieniu-marzen\/#primaryimage"},"thumbnailUrl":"https:\/\/wobronietradycjiiwiary.com\/wp-content\/uploads\/2018\/01\/hieronymus2.jpg","keywords":["b\u0142ogos\u0142awienie i \u015bwi\u0119cenie","b\u0142ogos\u0142awie\u0144stwa","B\u0142ogos\u0142awie\u0144stwa z Rituale romanum","B\u0142ogos\u0142awie\u0144stwa \u015bredniowieczne","ks. Adolph Franz","Restricted","Rituale romanum","Sakramentalia","\u015bw. Tomasz Aposto\u0142"],"articleSection":["B\u0142ogos\u0142awienie i \u015bwi\u0119cenie","Sakramentalia"],"inLanguage":"pl-PL","potentialAction":[{"@type":"CommentAction","name":"Comment","target":["https:\/\/wobronietradycjiiwiary.com\/blogoslawienstwa-sredniowieczne-lub-o-spelnieniu-marzen\/#respond"]}]},{"@type":"WebPage","@id":"https:\/\/wobronietradycjiiwiary.com\/blogoslawienstwa-sredniowieczne-lub-o-spelnieniu-marzen\/","url":"https:\/\/wobronietradycjiiwiary.com\/blogoslawienstwa-sredniowieczne-lub-o-spelnieniu-marzen\/","name":"B\u0142ogos\u0142awie\u0144stwa \u015bredniowieczne lub o spe\u0142nieniu marze\u0144 - Tradycja i Wiara","isPartOf":{"@id":"https:\/\/wobronietradycjiiwiary.com\/pl\/#website"},"primaryImageOfPage":{"@id":"https:\/\/wobronietradycjiiwiary.com\/blogoslawienstwa-sredniowieczne-lub-o-spelnieniu-marzen\/#primaryimage"},"image":{"@id":"https:\/\/wobronietradycjiiwiary.com\/blogoslawienstwa-sredniowieczne-lub-o-spelnieniu-marzen\/#primaryimage"},"thumbnailUrl":"https:\/\/wobronietradycjiiwiary.com\/wp-content\/uploads\/2018\/01\/hieronymus2.jpg","datePublished":"2018-01-24T10:50:24+00:00","dateModified":"2025-02-07T14:40:08+00:00","breadcrumb":{"@id":"https:\/\/wobronietradycjiiwiary.com\/blogoslawienstwa-sredniowieczne-lub-o-spelnieniu-marzen\/#breadcrumb"},"inLanguage":"pl-PL","potentialAction":[{"@type":"ReadAction","target":["https:\/\/wobronietradycjiiwiary.com\/blogoslawienstwa-sredniowieczne-lub-o-spelnieniu-marzen\/"]}]},{"@type":"ImageObject","inLanguage":"pl-PL","@id":"https:\/\/wobronietradycjiiwiary.com\/blogoslawienstwa-sredniowieczne-lub-o-spelnieniu-marzen\/#primaryimage","url":"https:\/\/wobronietradycjiiwiary.com\/wp-content\/uploads\/2018\/01\/hieronymus2.jpg","contentUrl":"https:\/\/wobronietradycjiiwiary.com\/wp-content\/uploads\/2018\/01\/hieronymus2.jpg","width":869,"height":639},{"@type":"BreadcrumbList","@id":"https:\/\/wobronietradycjiiwiary.com\/blogoslawienstwa-sredniowieczne-lub-o-spelnieniu-marzen\/#breadcrumb","itemListElement":[{"@type":"ListItem","position":1,"name":"Strona g\u0142\u00f3wna","item":"https:\/\/wobronietradycjiiwiary.com\/"},{"@type":"ListItem","position":2,"name":"B\u0142ogos\u0142awie\u0144stwa \u015bredniowieczne lub o spe\u0142nieniu marze\u0144"}]},{"@type":"WebSite","@id":"https:\/\/wobronietradycjiiwiary.com\/pl\/#website","url":"https:\/\/wobronietradycjiiwiary.com\/pl\/","name":"Tradycja i Wiara","description":"Portal dla katolik\u00f3w.","publisher":{"@id":"https:\/\/wobronietradycjiiwiary.com\/pl\/#organization"},"potentialAction":[{"@type":"SearchAction","target":{"@type":"EntryPoint","urlTemplate":"https:\/\/wobronietradycjiiwiary.com\/pl\/?s={search_term_string}"},"query-input":{"@type":"PropertyValueSpecification","valueRequired":true,"valueName":"search_term_string"}}],"inLanguage":"pl-PL"},{"@type":"Organization","@id":"https:\/\/wobronietradycjiiwiary.com\/pl\/#organization","name":"Tradycja i Wiara","url":"https:\/\/wobronietradycjiiwiary.com\/pl\/","logo":{"@type":"ImageObject","inLanguage":"pl-PL","@id":"https:\/\/wobronietradycjiiwiary.com\/pl\/#\/schema\/logo\/image\/","url":"https:\/\/i0.wp.com\/wobronietradycjiiwiary.com\/wp-content\/uploads\/2015\/10\/cropped-st-peters-dome-vatican.jpg?fit=940%2C198&ssl=1","contentUrl":"https:\/\/i0.wp.com\/wobronietradycjiiwiary.com\/wp-content\/uploads\/2015\/10\/cropped-st-peters-dome-vatican.jpg?fit=940%2C198&ssl=1","width":940,"height":198,"caption":"Tradycja i Wiara"},"image":{"@id":"https:\/\/wobronietradycjiiwiary.com\/pl\/#\/schema\/logo\/image\/"},"sameAs":["https:\/\/www.facebook.com\/Tradycja-i-Wiara-108813920592249"]},{"@type":"Person","@id":"https:\/\/wobronietradycjiiwiary.com\/pl\/#\/schema\/person\/2d6180ce6abcb681fef0daab7816e8f3","name":"Traditio et Fides","sameAs":["https:\/\/traditionundglauben.com"],"url":"https:\/\/wobronietradycjiiwiary.com\/pl\/author\/wobronietradycjiiwiary\/"}]}},"jetpack_publicize_connections":[],"jetpack_sharing_enabled":true,"jetpack_likes_enabled":true,"jetpack_shortlink":"https:\/\/wp.me\/pc04Sd-4rz","jetpack-related-posts":[{"id":110939,"url":"https:\/\/wobronietradycjiiwiary.com\/pl\/dykasteria-nauki-wiary-fiducia-supplicans-o-duszpasterskim-znaczeniu-blogoslawienstw-6-z-blogoslawienstwo-w-pismie-swietym\/","url_meta":{"origin":17085,"position":0},"title":"Dykasteria Nauki Wiary: Fiducia supplicans. O duszpasterskim znaczeniu b\u0142ogos\u0142awie\u0144stw. (6 z 7). B\u0142ogos\u0142awie\u0144stwo w Pi\u015bmie \u015awi\u0119tym.","author":"Traditio et Fides","date":"12 stycznia 2024","format":false,"excerpt":"O tym, czym s\u0105 b\u0142ogos\u0142awie\u0144stwa i jak FS fa\u0142szuje Tradycj\u0119.","rel":"","context":"W \u201e\"Tucho\" Fernandez&quot;","block_context":{"text":"\"Tucho\" Fernandez","link":"https:\/\/wobronietradycjiiwiary.com\/pl\/category\/polemika\/kosciol-posoborowy\/papieze\/papiez-franciszek\/tucho-fernandez\/"},"img":{"alt_text":"","src":"https:\/\/i0.wp.com\/wobronietradycjiiwiary.com\/wp-content\/uploads\/2023\/12\/tumblr_p3jdr9QFOK1rqxd5ko1_1280.jpg?resize=350%2C200&ssl=1","width":350,"height":200,"srcset":"https:\/\/i0.wp.com\/wobronietradycjiiwiary.com\/wp-content\/uploads\/2023\/12\/tumblr_p3jdr9QFOK1rqxd5ko1_1280.jpg?resize=350%2C200&ssl=1 1x, https:\/\/i0.wp.com\/wobronietradycjiiwiary.com\/wp-content\/uploads\/2023\/12\/tumblr_p3jdr9QFOK1rqxd5ko1_1280.jpg?resize=525%2C300&ssl=1 1.5x, https:\/\/i0.wp.com\/wobronietradycjiiwiary.com\/wp-content\/uploads\/2023\/12\/tumblr_p3jdr9QFOK1rqxd5ko1_1280.jpg?resize=700%2C400&ssl=1 2x"},"classes":[]},{"id":109597,"url":"https:\/\/wobronietradycjiiwiary.com\/pl\/109597-2\/","url_meta":{"origin":17085,"position":1},"title":"Nota explicativa Kongregacji ds Wiary na temat b\u0142ogos\u0142awie\u0144stw homoseksualist\u00f3w z 2021 roku","author":"Traditio et Fides","date":"28 grudnia 2023","format":false,"excerpt":"Nota explicativa Kongregacji ds Wiary na temat niemo\u017cliwo\u015bci b\u0142ogos\u0142awienia zwi\u0105zk\u00f3w homoseksualnych z 2021 roku.","rel":"","context":"W \u201eDoktryna&quot;","block_context":{"text":"Doktryna","link":"https:\/\/wobronietradycjiiwiary.com\/pl\/category\/doktryna\/"},"img":{"alt_text":"","src":"https:\/\/i0.wp.com\/wobronietradycjiiwiary.com\/wp-content\/uploads\/2023\/12\/sodomites-against-nature.jpg?resize=350%2C200&ssl=1","width":350,"height":200},"classes":[]},{"id":109432,"url":"https:\/\/wobronietradycjiiwiary.com\/pl\/dykasteria-nauki-wiary-fiducia-supplicans-o-duszpasterskim-znaczeniu-blogoslawienstw-4-z-znaczenie-roznych-blogoslawienstw\/","url_meta":{"origin":17085,"position":2},"title":"Dykasteria Nauki Wiary: Fiducia supplicans. O duszpasterskim znaczeniu b\u0142ogos\u0142awie\u0144stw. (4 z 7). Znaczenie r\u00f3\u017cnych b\u0142ogos\u0142awie\u0144stw","author":"Traditio et Fides","date":"28 grudnia 2023","format":false,"excerpt":"T\u0142umaczenie \"Fiducia supplicans\" z komentarzem w\u0142asnym.","rel":"","context":"W \u201e\"Tucho\" Fernandez&quot;","block_context":{"text":"\"Tucho\" Fernandez","link":"https:\/\/wobronietradycjiiwiary.com\/pl\/category\/polemika\/kosciol-posoborowy\/papieze\/papiez-franciszek\/tucho-fernandez\/"},"img":{"alt_text":"","src":"https:\/\/i0.wp.com\/wobronietradycjiiwiary.com\/wp-content\/uploads\/2023\/12\/tumblr_p3jdr9QFOK1rqxd5ko1_1280.jpg?resize=350%2C200&ssl=1","width":350,"height":200,"srcset":"https:\/\/i0.wp.com\/wobronietradycjiiwiary.com\/wp-content\/uploads\/2023\/12\/tumblr_p3jdr9QFOK1rqxd5ko1_1280.jpg?resize=350%2C200&ssl=1 1x, https:\/\/i0.wp.com\/wobronietradycjiiwiary.com\/wp-content\/uploads\/2023\/12\/tumblr_p3jdr9QFOK1rqxd5ko1_1280.jpg?resize=525%2C300&ssl=1 1.5x, https:\/\/i0.wp.com\/wobronietradycjiiwiary.com\/wp-content\/uploads\/2023\/12\/tumblr_p3jdr9QFOK1rqxd5ko1_1280.jpg?resize=700%2C400&ssl=1 2x"},"classes":[]},{"id":111533,"url":"https:\/\/wobronietradycjiiwiary.com\/pl\/dykasteria-nauki-wiary-fiducia-supplicans-o-duszpasterskim-znaczeniu-blogoslawienstw-7-z-znaczenie-liturgiczne\/","url_meta":{"origin":17085,"position":3},"title":"Dykasteria Nauki Wiary: Fiducia supplicans. O duszpasterskim znaczeniu b\u0142ogos\u0142awie\u0144stw. (7 z 7). Znaczenie liturgiczne","author":"Traditio et Fides","date":"5 lutego 2024","format":false,"excerpt":"O bzdurnej tezie o konieczno\u015bci \"spe\u0142niania warunk\u00f3w moralnych\" w celu otrzymania b\u0142ogos\u0142awie\u0144stwa.","rel":"","context":"W \u201e\"Tucho\" Fernandez&quot;","block_context":{"text":"\"Tucho\" Fernandez","link":"https:\/\/wobronietradycjiiwiary.com\/pl\/category\/polemika\/kosciol-posoborowy\/papieze\/papiez-franciszek\/tucho-fernandez\/"},"img":{"alt_text":"","src":"https:\/\/i0.wp.com\/wobronietradycjiiwiary.com\/wp-content\/uploads\/2023\/12\/tumblr_p3jdr9QFOK1rqxd5ko1_1280.jpg?resize=350%2C200&ssl=1","width":350,"height":200,"srcset":"https:\/\/i0.wp.com\/wobronietradycjiiwiary.com\/wp-content\/uploads\/2023\/12\/tumblr_p3jdr9QFOK1rqxd5ko1_1280.jpg?resize=350%2C200&ssl=1 1x, https:\/\/i0.wp.com\/wobronietradycjiiwiary.com\/wp-content\/uploads\/2023\/12\/tumblr_p3jdr9QFOK1rqxd5ko1_1280.jpg?resize=525%2C300&ssl=1 1.5x, https:\/\/i0.wp.com\/wobronietradycjiiwiary.com\/wp-content\/uploads\/2023\/12\/tumblr_p3jdr9QFOK1rqxd5ko1_1280.jpg?resize=700%2C400&ssl=1 2x"},"classes":[]},{"id":16547,"url":"https:\/\/wobronietradycjiiwiary.com\/pl\/blogoslawienie-niemowlecia\/","url_meta":{"origin":17085,"position":4},"title":"B\u0142ogos\u0142awienie niemowl\u0119cia","author":"Traditio et Fides","date":"7 grudnia 2017","format":false,"excerpt":"\u00a0 \u0141aci\u0144ski termin infans - oznacza kogo\u015b \"jeszcze nie m\u00f3wi\u0105cego\", zatem \"bardzo ma\u0142e dziecko, niemowl\u0119, dziecko niesamodzielne\", takie do drugiego lub trzeciego roku \u017cycia, gdy\u017c okre\u015bleniem na dziecko starsze jest puer lub puella, tak do 12 roku \u017cycia, po czym nast\u0119puje adolescens - \"dorastaj\u0105cy\". Nast\u0119pnie kap\u0142an kropi dziecko (lub dzieci)\u2026","rel":"","context":"W \u201eB\u0142ogos\u0142awie\u0144stwa z Rituale romanum&quot;","block_context":{"text":"B\u0142ogos\u0142awie\u0144stwa z Rituale romanum","link":"https:\/\/wobronietradycjiiwiary.com\/pl\/category\/duchowosc\/modlitwy\/blogoslawienstwa-z-rituale-romanum\/"},"img":{"alt_text":"","src":"https:\/\/i0.wp.com\/wobronietradycjiiwiary.com\/wp-content\/uploads\/2017\/12\/madonna-mit-kind-italienisch.jpg?resize=350%2C200&ssl=1","width":350,"height":200,"srcset":"https:\/\/i0.wp.com\/wobronietradycjiiwiary.com\/wp-content\/uploads\/2017\/12\/madonna-mit-kind-italienisch.jpg?resize=350%2C200&ssl=1 1x, https:\/\/i0.wp.com\/wobronietradycjiiwiary.com\/wp-content\/uploads\/2017\/12\/madonna-mit-kind-italienisch.jpg?resize=525%2C300&ssl=1 1.5x, https:\/\/i0.wp.com\/wobronietradycjiiwiary.com\/wp-content\/uploads\/2017\/12\/madonna-mit-kind-italienisch.jpg?resize=700%2C400&ssl=1 2x, https:\/\/i0.wp.com\/wobronietradycjiiwiary.com\/wp-content\/uploads\/2017\/12\/madonna-mit-kind-italienisch.jpg?resize=1050%2C600&ssl=1 3x"},"classes":[]},{"id":22129,"url":"https:\/\/wobronietradycjiiwiary.com\/pl\/sakramentalia-15-z-20-blogoslawienstwa\/","url_meta":{"origin":17085,"position":5},"title":"Sakramentalia (15 z 18). B\u0142ogos\u0142awie\u0144stwa.","author":"Traditio et Fides","date":"6 pa\u017adziernika 2017","format":false,"excerpt":"O b\u0142ogos\u0142awie\u0144stwach Na temat b\u0142ogos\u0142awie\u0144stw (benedictiones) biskup M\u00fcller pisze, co nast\u0119puje: Pod poj\u0119ciem b\u0142ogos\u0142awie\u0144stw (benedictiones) w rozumieniu liturgicznym rozumie si\u0119 ryt, kt\u00f3ry w imieniu i w autorytecie Ko\u015bcio\u0142a przeprowadzany jest przez \u015bwi\u0119te Jego s\u0142ugi w celu, czy to konsekrowania (consecrandas) os\u00f3b lub rzeczy do kultu Bo\u017cego, czy te\u017c upraszania (exorandam)\u2026","rel":"","context":"W \u201eCzym s\u0105 sakramentalia?&quot;","block_context":{"text":"Czym s\u0105 sakramentalia?","link":"https:\/\/wobronietradycjiiwiary.com\/pl\/category\/doktryna\/teologia-dogmatyczna\/sakramentalia\/czym-sa-sakramentalia\/"},"img":{"alt_text":"","src":"https:\/\/i0.wp.com\/wobronietradycjiiwiary.com\/wp-content\/uploads\/2017\/04\/all-saints.jpg?resize=350%2C200&ssl=1","width":350,"height":200,"srcset":"https:\/\/i0.wp.com\/wobronietradycjiiwiary.com\/wp-content\/uploads\/2017\/04\/all-saints.jpg?resize=350%2C200&ssl=1 1x, https:\/\/i0.wp.com\/wobronietradycjiiwiary.com\/wp-content\/uploads\/2017\/04\/all-saints.jpg?resize=525%2C300&ssl=1 1.5x, https:\/\/i0.wp.com\/wobronietradycjiiwiary.com\/wp-content\/uploads\/2017\/04\/all-saints.jpg?resize=700%2C400&ssl=1 2x"},"classes":[]}],"amp_enabled":true,"jetpack_featured_media_url":"https:\/\/wobronietradycjiiwiary.com\/wp-content\/uploads\/2018\/01\/hieronymus2.jpg","_links":{"self":[{"href":"https:\/\/wobronietradycjiiwiary.com\/pl\/wp-json\/wp\/v2\/posts\/17085","targetHints":{"allow":["GET"]}}],"collection":[{"href":"https:\/\/wobronietradycjiiwiary.com\/pl\/wp-json\/wp\/v2\/posts"}],"about":[{"href":"https:\/\/wobronietradycjiiwiary.com\/pl\/wp-json\/wp\/v2\/types\/post"}],"author":[{"embeddable":true,"href":"https:\/\/wobronietradycjiiwiary.com\/pl\/wp-json\/wp\/v2\/users\/60508433"}],"replies":[{"embeddable":true,"href":"https:\/\/wobronietradycjiiwiary.com\/pl\/wp-json\/wp\/v2\/comments?post=17085"}],"version-history":[{"count":2,"href":"https:\/\/wobronietradycjiiwiary.com\/pl\/wp-json\/wp\/v2\/posts\/17085\/revisions"}],"predecessor-version":[{"id":57312,"href":"https:\/\/wobronietradycjiiwiary.com\/pl\/wp-json\/wp\/v2\/posts\/17085\/revisions\/57312"}],"wp:featuredmedia":[{"embeddable":true,"href":"https:\/\/wobronietradycjiiwiary.com\/pl\/wp-json\/wp\/v2\/media\/17087"}],"wp:attachment":[{"href":"https:\/\/wobronietradycjiiwiary.com\/pl\/wp-json\/wp\/v2\/media?parent=17085"}],"wp:term":[{"taxonomy":"category","embeddable":true,"href":"https:\/\/wobronietradycjiiwiary.com\/pl\/wp-json\/wp\/v2\/categories?post=17085"},{"taxonomy":"post_tag","embeddable":true,"href":"https:\/\/wobronietradycjiiwiary.com\/pl\/wp-json\/wp\/v2\/tags?post=17085"}],"curies":[{"name":"wp","href":"https:\/\/api.w.org\/{rel}","templated":true}]}}