{"id":170370,"date":"2026-09-01T08:15:04","date_gmt":"2026-09-01T06:15:04","guid":{"rendered":"https:\/\/wobronietradycjiiwiary.com\/?p=170370"},"modified":"2026-08-31T11:51:42","modified_gmt":"2026-08-31T09:51:42","slug":"1-go-wrzesnia-zywot-swietego-idziego-opata-2-3-2","status":"publish","type":"post","link":"https:\/\/wobronietradycjiiwiary.com\/pl\/1-go-wrzesnia-zywot-swietego-idziego-opata-2-3-2\/","title":{"rendered":"1-go Wrze\u015bnia. \u017bywot \u015bwi\u0119tego Idziego, Opata."},"content":{"rendered":"<div id=\"bsf_rt_marker\"><\/div>\n<p class=\"has-text-align-center wp-block-paragraph\">(\u017by\u0142 oko\u0142o roku Pa\u0144skiego pi\u0119\u0107set pi\u0119\u0107dziesi\u0105tego).<\/p>\n\n\n\n<figure class=\"wp-block-image\"><a href=\"https:\/\/pl.wikisource.org\/wiki\/Plik:%C5%BBywoty_%C5%9Bw._Pa%C5%84skich_na_wszystkie_dnie_roku-Inicja%C5%82-E.png\"><img decoding=\"async\" src=\"https:\/\/upload.wikimedia.org\/wikipedia\/commons\/thumb\/4\/44\/%C5%BBywoty_%C5%9Bw._Pa%C5%84skich_na_wszystkie_dnie_roku-Inicja%C5%82-E.png\/56px-%C5%BBywoty_%C5%9Bw._Pa%C5%84skich_na_wszystkie_dnie_roku-Inicja%C5%82-E.png\" alt=\"E\"\/><\/a><\/figure>\n\n\n\n<p class=\"has-text-align-justify wp-block-paragraph\">Egidyusz albo Idzi, rodem z Aten, pochodzi\u0142 ze znakomitej rodziny dawnych kr\u00f3l\u00f3w Greckich. Rodzice jego byli bardzo zamo\u017cnymi i przyk\u0142adnymi chrze\u015bcijaninami. Wychowali syna jak najstaranniej, a \u017ce obdarzy\u0142 go by\u0142 Pan B\u00f3g niepospolitemi zdolno\u015bciami, rych\u0142o zas\u0142yn\u0105\u0142 znakomit\u0105 nauk\u0105, a obok tego i wielk\u0105 pobo\u017cno\u015bci\u0105. Ulubionem jego zaj\u0119ciem by\u0142y ksi\u0105\u017cki i modlitwa. Od zwyk\u0142ych rozrywek m\u0142odzie\u017cy stroni\u0105c, w chwilach wolnych odwiedza\u0142 ubogich, hojnie ich obdarza\u0142, a chorym sam z wielk\u0105 mi\u0142o\u015bci\u0105 us\u0142ugiwa\u0142. Zdarzy\u0142o si\u0119, \u017ce kiedy by\u0142 dzieckiem, odda\u0142 biednemu w\u0142asn\u0105 sukni\u0119, nie maj\u0105c go czem innem wesprze\u0107.<\/p>\n\n\n\n<p class=\"has-text-align-justify wp-block-paragraph\">B\u0119d\u0105c jeszcze bardzo m\u0142odym, odziedziczy\u0142 po \u015bmierci rodzic\u00f3w bardzo znaczny maj\u0105tek. Lecz nie waha\u0142 si\u0119 d\u0142ugo jaki z niego ma uczyni\u0107 u\u017cytek. Pomny na s\u0142owa\u00a0Pana Jezusa: \u201eId\u017a, sprzedaj co masz, i daj ubogim\u201c (Mateusza dziewi\u0119tna\u015bcie, dwadzie\u015bcia jeden), \u015bwi\u0119ty Idzi sprzeda\u0142 ca\u0142\u0105 maj\u0119tno\u015b\u0107 swoj\u0105, i wszystkie pieni\u0105dze rozdawszy biednym, z mi\u0142o\u015bci ubogiego Pana Jezusa, sam \u017cy\u0142 z \u017cebraniny. Czyn tak wielkiej mi\u0142o\u015bci bli\u017aniego i zaparcia zjedna\u0142 mu szczeg\u00f3lny szacunek w ca\u0142em mie\u015bcie, a jeszcze bardziej rozs\u0142awi\u0142y jego \u015bwi\u0119tobliwo\u015b\u0107 dwa nast\u0119puj\u0105ce cuda, kt\u00f3re uczyni\u0142.<\/p>\n\n\n\n<p class=\"has-text-align-justify wp-block-paragraph\">\u2009Gdy razu pewnego w dzie\u0144 uroczysty by\u0142 w ko\u015bciele, op\u0119tany znajduj\u0105cy si\u0119, tam\u017ce zacz\u0105\u0142 wy\u0107 straszliwie. Idzi zdj\u0119ty lito\u015bci\u0105 nad stanem tego nieszcz\u0119\u015bliwego, przybli\u017cy\u0142 si\u0119 do niego, i w Imi\u0119 Jezusa Chrystusa rozkaza\u0142 szatanowi, aby ust\u0105pi\u0142, a w tej\u017ce chwili op\u0119tany wobec licznie zgromadzonego ludu od z\u0142ego ducha uwolniony zosta\u0142. Innym znowu razem uk\u0105si\u0142a pewnego cz\u0142owieka jadowita gadzina. By\u0142 ju\u017c konaj\u0105cym, gdy ujrzano, \u017ce Idzi wychodzi\u0142 z ko\u015bcio\u0142a i przyzwano go do umieraj\u0105cego. \u015awi\u0119ty pomodli\u0142 si\u0119 przez chwil\u0119 gor\u0105co do Boga, prze\u017cegna\u0142 chorego i ten wsta\u0142 zdr\u00f3w najzupe\u0142niej.<\/p>\n\n\n\n<p class=\"has-text-align-justify wp-block-paragraph\">Od tej pory ju\u017c wszyscy czcili go jako \u015awi\u0119tego i Cudotw\u00f3rc\u0119, co widz\u0105c Idzi, kt\u00f3rego pokora niezmiernie na tem cierpia\u0142a, postanowi\u0142 opu\u015bci\u0107 ojczyzn\u0119 i uda\u0107 si\u0119 w obce kraje, gdzieby by\u0142 zupe\u0142nie nieznanym. Wsiad\u0142szy na cudzoziemski okr\u0119t w celu udania si\u0119 do Francyi, bardzo si\u0119 uradowa\u0142, \u017ce go nikt z p\u0142yn\u0105cych nie zna\u0142, lecz i tu cud, jaki uczyni\u0142, objawi\u0142 w nim wielkiego s\u0142ug\u0119 Bo\u017cego. Zaledwie bowiem na pe\u0142ne morze wyp\u0142yn\u0119li, kiedy straszliwa burza nadwer\u0119\u017cywszy okr\u0119t, zagrozi\u0142a mu niechybnem zatoni\u0119ciem. Idzi pomodli\u0142 si\u0119, a skoro wzni\u00f3s\u0142 r\u0119ce ku Niebu, burza ucich\u0142a i okr\u0119t zdo\u0142a\u0142 si\u0119 uratowa\u0107.<\/p>\n\n\n\n<p class=\"has-text-align-justify wp-block-paragraph\">Przybywszy do Francyi, nasz \u015awi\u0119ty uda\u0142 si\u0119 do b\u0142ogos\u0142awionego Cezaryusza, Arcybiskupa Arelita\u0144skiego, aby si\u0119 powierzy\u0107 jego przewodnictwu duchownemu jako s\u0142ynnemu w tem mistrzowi. Cezaryusz pr\u0119dko pozna\u0142, jak \u015bwi\u0119tego Ucznia zes\u0142a\u0142 mu Pan B\u00f3g, i pragn\u0105\u0142 na zawsze mie\u0107 go przy sobie. Lecz po dwuletnim tam pobycie, gdy cuda, jakie znowu czyni\u0142, rozs\u0142awi\u0142y Idziego i cze\u015b\u0107 mu powszechn\u0105 jedna\u0142y, opu\u015bci\u0142 on tajemnie swojego ojca duchownego z zamiarem ukrycia sie na jakiej puszczy. W celu tym przebywszy Ren, zapu\u015bci\u0142 si\u0119 w dzikie lasy, kt\u00f3re pod\u00f3wczas t\u0119 rzek\u0119 otacza\u0142y, i w nich napotka\u0142 \u015bwi\u0119tobliwego Pustelnika, nazwiskiem&nbsp;Weradyn, kt\u00f3rego nawet obdarzy\u0142 Pan B\u00f3g \u0142ask\u0105 czynienia cud\u00f3w. Osiad\u0142 przy nim, aby zostawa\u0107 pod jego znowu przewodnictwem, ale oraz i z t\u0105 my\u015bl\u0105, \u017ce gdy sam cuda czyni\u0107 b\u0119dzie, \u0142atwo mu przyjdzie sk\u0142ada\u0107 je na Weradyna, ju\u017c tak\u017ce z takich dar\u00f3w s\u0142ynnego. Skoro jednak odkryto jego schronienie, t\u0142umniej ni\u017c gdy przebywa\u0142 przy Arcybiskupie, gromadzili si\u0119 do niego chorzy, aby ich uzdrawia\u0142, a szczeg\u00f3lnie gdy jeszcze bardziej rozs\u0142awi\u0142a si\u0119 jego cudotw\u00f3rczo\u015b\u0107 z powodu, \u017ce za jego b\u0142ogos\u0142awie\u0144stwem pole od niepami\u0119tnych czas\u00f3w ja\u0142owe, sta\u0142o si\u0119 naj\u017cy\u017aniejszem. Postanowi\u0142 wi\u0119c i to miejsce opu\u015bci\u0107, i zamierza\u0142 tak ukry\u0107 si\u0119 ju\u017c przed s\u0142aw\u0105 ludzk\u0105, \u017ceby go nikt znale\u017a\u0107 nie m\u00f3g\u0142.<\/p>\n\n\n\n<p class=\"has-text-align-justify wp-block-paragraph\">Pu\u015bci\u0142 si\u0119 tedy dalej w g\u0142\u0105b tego ogromnego i g\u0119stego lasu, i po kilku dniach drogi znalaz\u0142 w skale jaskini\u0119, kt\u00f3rej wej\u015bcie zamkni\u0119te by\u0142o g\u0119stymi i kol\u0105cymi krzakami ciernia. Uradowany z wyszukania tak nieprzyst\u0119pnego miejsca, upad\u0142 na kolana i gor\u0105ce z\u0142o\u017cy\u0142 za to Panu Bogu dzi\u0119ki, postanawiaj\u0105c ju\u017c z tej nory nigdzie nie wychodzi\u0107. Ca\u0142a ta okolica by\u0142a tak dzik\u0105 i niep\u0142odn\u0105, \u017ce na po\u017cywienie nic innego wynale\u017a\u0107 nie m\u00f3g\u0142, jak gdzieniegdzie gorzkie i twarde korzonki le\u015bne. Lecz mu Pan B\u00f3g cudown\u0105 Opatrzno\u015bci\u0105 Swoj\u0105 przyszed\u0142 w pomoc. Zaledwie osiad\u0142 w tej jaskini, a\u017c tu nadbieg\u0142a do niego prze\u015bliczna \u0142ania, i po\u0142o\u017cywszy si\u0119 u n\u00f3g jego, da\u0142a mu ssa\u0107 pier\u015b swoj\u0105 pe\u0142n\u0105 mleka, a nadto codziennie odt\u0105d o tej porze przychodzi\u0142a go karmi\u0107.<\/p>\n\n\n\n<p class=\"has-text-align-justify wp-block-paragraph\">\u015awi\u0119ty przep\u0119dzi\u0142 ju\u017c tam by\u0142 kilka lat, obcuj\u0105c tylko z Bogiem, zatapiaj\u0105c si\u0119 w najwy\u017cszej bogomy\u015blno\u015bci, i tu na ziemi anielski \u017cywot wiod\u0105c, gdy spodoba\u0142o si\u0119 Panu Bogu i tym razem jeszcze wywie\u015b\u0107 go z ukrycia, dla zbudowania i po\u017cytku wiernych. Zdarzy\u0142o si\u0119, \u017ce Chyldebart, kr\u00f3l we Francyi pod\u00f3wczas panuj\u0105cy, polowa\u0142 w tych lasach. My\u015bliwi jego stropiwszy \u0142ani\u0119, kt\u00f3ra Idziego \u017cywi\u0142a, pogonili za ni\u0105 z ogarami, a ona zaledwie ju\u017c dysz\u0105ca, wpad\u0142a do jaskini \u015awi\u0119tego, kryj\u0105c si\u0119 u jego n\u00f3g, gdy tymczasem psy cierni przeby\u0107 nie mog\u0105c, przed jaskini\u0105 si\u0119 zatrzyma\u0142y. My\u015bliwi dopad\u0142szy, wypu\u015bcili kilka strza\u0142 w g\u0142\u0105b jaskini, z kt\u00f3rych jedna rani\u0142a Idziego i odeszli. Wieczorem, gdy opowiedziano kr\u00f3lowi wydarzenie, ten nazajutrz sam chcia\u0142 doj\u015b\u0107, coby to za miejsce tak nieprzyst\u0119pne by\u0142o i przybywszy tam, a po wielu trudno\u015bciach przer\u0105bawszy wej\u015bcie do jaskini, ujrza\u0142 w niej s\u0142ug\u0119 Bo\u017cego, u n\u00f3g jego za\u015b le\u017c\u0105c\u0105 \u0142ani\u0119. Kr\u00f3l domy\u015bli\u0142 si\u0119, i\u017c to by\u0107 musi pobo\u017cny jaki\u015b Pustelnik, wda\u0142 si\u0119 wi\u0119c z nim w d\u0142ug\u0105 rozmow\u0119, i poznaj\u0105c w nim wielkiego \u015awi\u0119tego, chcia\u0142 go hojnie obdarzy\u0107, polecaj\u0105c si\u0119 jego modlitwom. Idzi nic jednak nie przyj\u0105\u0142, a nawet gdy kr\u00f3l z wielk\u0105 troskliwo\u015bci\u0105 kaza\u0142 mu ran\u0119 zaopatrzy\u0107, nie pozwoli\u0142 na to, m\u00f3wi\u0105c, i\u017c za\u017cywaj\u0105c zawsze dobrego zdrowia, rad jest \u017ce przynajmniej przez to cierpienie mo\u017ce jakichkolwiekb\u0105d\u017a zas\u0142ug ze swoich cierpliwo\u015bci naby\u0107.<\/p>\n\n\n\n<p class=\"has-text-align-justify wp-block-paragraph\">Wszystko to tem wi\u0119kszy szacunek dla niego wzbudzi\u0142o w Chyldebarcie, kt\u00f3ry przez czas pewien bawi\u0105c w tej okolicy, codziennie d\u0142ugie miewa\u0142 z s\u0142ug\u0105 Bo\u017cym rozmowy. Gdy za\u015b odje\u017cd\u017ca\u0142, wiedz\u0105c, i\u017c Idzi nic od niego przyj\u0105\u0107 nie zechce, spyta\u0142 go, coby m\u00f3g\u0142 uczyni\u0107, czemby mu swoj\u0105 monarsz\u0105 \u0142ask\u0119 okaza\u0142. \u015awi\u0119ty odpowiedzia\u0142, i\u017c mi\u0142\u0105 rzecz Bogu uczyni, je\u015bli w tem miejscu samotnem wybuduje klasztor, w kt\u00f3rymby zakonnicy wie\u015b\u0107 mogli rodzaj \u017cycia, jaki prowadz\u0105 pustelnicy na puszczach Tebaidy w Egipcie. Jako\u017c w kr\u00f3tkim czasie z rozkazu kr\u00f3lewskiego stan\u0105\u0142 w tem miejscu obszerny klasztor, i zape\u0142ni\u0142 si\u0119 zakonnikami, kt\u00f3rzy na rozg\u0142os s\u0142awy \u015bwi\u0119tego Idziego, w wielkiej liczbie po\u015bpieszyli z r\u00f3\u017cnych stron, aby pod jego zostawa\u0107 przewodnictwem, s\u0142u\u017c\u0105c Bogu w ostrej pokucie i na bogomy\u015blno\u015bci. Pomimo oporu wi\u0119c, jaki stawi\u0142 w tem \u015awi\u0119ty, obrano go Opatem, i klasztor \u00f3w zaja\u015bnia\u0142 wzorami takiej przedziwnej pokuty i \u015bwi\u0119tobliwo\u015bci, jakie przedstawia\u0142y&nbsp;Laory&nbsp;czyli klasztory pustelnik\u00f3w egipskich.<\/p>\n\n\n\n<p class=\"has-text-align-justify wp-block-paragraph\">Po kilkoletnim zarz\u0105dzie tem zgromadzeniem zakonnem przez Idziego, kr\u00f3l przebywaj\u0105cy pod\u00f3wczas w mie\u015bcie Orleanie, powo\u0142a\u0142 go do siebie. Uda\u0142 si\u0119 tam \u015awi\u0119ty, a i w podr\u00f3\u017cy swojej i w czasie pobytu na dworze kr\u00f3lewskim wiele cud\u00f3w uczyni\u0142. Mi\u0119dzy innymi zdarzy\u0142o si\u0119, i\u017c kr\u00f3l mia\u0142 na sumieniu jaki\u015b grzech ci\u0119\u017cki, z kt\u00f3rego nie chcia\u0142 si\u0119 spowiada\u0107, stawiaj\u0105c przez to w wielkiem&nbsp;niebezpiecze\u0144stwie&nbsp;dusz\u0119 swoj\u0105. Dnia pewnego zaniepokojony tem wi\u0119cej ni\u017c zwykle, prosi\u0142 Idziego, aby si\u0119 za niego gor\u0105co pomodli\u0142, nie zwierzaj\u0105c si\u0119 mu jednak z tego, co mu na sumieniu ci\u0119\u017cy\u0142o. \u015awi\u0119ty uda\u0142 si\u0119 do ko\u015bcio\u0142a na modlitw\u0119, a podczas niej objawi\u0142 si\u0119 mu Anio\u0142, oznajmiaj\u0105c, \u017ce modlitw\u0119 jego Pan B\u00f3g wys\u0142ucha\u0142, lecz potrzeba, aby wzi\u0105\u0142 kartk\u0119, kt\u00f3r\u0105 znajdzie na o\u0142tarzu i odda\u0142 j\u0105 kr\u00f3lowi. Uczyni\u0142 to Idzi, a kr\u00f3l wyczytawszy na niej grzech tajony, a zarazem przyrzeczenie od Boga, \u017ce mu wszystko odpuszczone b\u0119dzie, byle si\u0119 szczerze wyspowiada\u0142, przyst\u0105pi\u0142 do Sakramentu Spowiedzi, przyj\u0105\u0142 i wype\u0142ni\u0142 naznaczon\u0105 pokut\u0119, poczem spok\u00f3j sumienia odzyska\u0142.<\/p>\n\n\n\n<p class=\"has-text-align-justify wp-block-paragraph\">Po powrocie do klasztoru, Idzi odby\u0142 pielgrzymk\u0119 do Rzymu, dla uczczenia grobu \u015bwi\u0119tych Aposto\u0142\u00f3w. Chcia\u0142, aby tam nie&nbsp;wiedziano kim by\u0142, lecz nie m\u00f3g\u0142 si\u0119 ukry\u0107. Sam Papie\u017c raczy\u0142 go zawezwa\u0107 do siebie, przyj\u0105\u0142 go z wielk\u0105 \u0142askawo\u015bci\u0105 i da\u0142 mu w darze dwa pos\u0105gi cyprysowe Aposto\u0142\u00f3w Piotra i Paw\u0142a. \u015awi\u0119ty bardzo pragn\u0105\u0142 mie\u0107 je w swoim klasztorze, pe\u0142en wi\u0119c ufno\u015bci w Opatrzno\u015b\u0107 Bo\u017c\u0105, pu\u015bci\u0142 je na rzek\u0119 Tyber i prze\u017cegna\u0142, a przybywszy do klasztoru, znalaz\u0142 je u furty.<br>\u2009\u017by\u0142 jeszcze d\u0142ugo potem, przewodnicz\u0105c braciom na drodze wysokiej \u015bwi\u0119tobliwo\u015bci, i nakoniec otoczony nimi i pob\u0142ogos\u0142awiwszy ich, zako\u0144czy\u0142 swoj\u0105 pielgrzymk\u0119 ziemsk\u0105, pierwszego wrze\u015bnia w drugiej po\u0142owie sz\u00f3stego wieku.<\/p>\n\n\n\n<h2 class=\"wp-block-heading\"><strong>Nauka moralna.<\/strong><\/h2>\n\n\n\n<p class=\"has-text-align-justify wp-block-paragraph\">\u2009Najosobliwsz\u0105 rzecz\u0105 w tym \u015awi\u0119tym jest uciekanie od s\u0142awy ludzkiej i szukanie zatajenia na pielgrzymstwach i puszczach. I doskona\u0142ych nic tak pr\u0119dko nie zepsuje, jak s\u0142awa ludzka i wysokie u ludzi rozumienie. Dziwnie byli w tem \u015awi\u0119ci ostro\u017cni, gardz\u0105c s\u0142aw\u0105 ludzk\u0105, a samemu Bogu wiadomymi by\u0107 pragn\u0105c.<\/p>\n\n\n\n<p class=\"has-text-align-justify wp-block-paragraph\">Czyni\u0105 pos\u0142usze\u0144stwo Bogu nieme stworzenia, ptaki, ryby, sam si\u0119 tylko cz\u0142owiek z niego wy\u0142amuje. Kruki s\u0142ucha\u0142y i karmi\u0142y Eliasza. S\u0142ucha\u0142a ryba, gdy Jonasza Proroka w brzuchu nosi\u0142a i na brzegu z morskiej g\u0142\u0119boko\u015bci go postawi\u0142a. S\u0142ucha\u0142 lew i pos\u0142usze\u0144stwem swojem niepos\u0142usznego Proroka pot\u0119pi\u0142. S\u0142ucha\u0142y nied\u017awiedzie i rozpustne dzieci, nie czcz\u0105ce starszych, pokona\u0142y. Gdy jeste\u015bmy na robocie i s\u0142u\u017cbie Pa\u0144skiej, ufajmy Panu Bogu, kt\u00f3ry nas pewnie po\u017cywi i spos\u00f3b dla nas znajdzie. B\u00f3jmy si\u0119 raczej g\u0142odu piekielnego, gdy pr\u00f3\u017cnujemy.<br><\/p>\n\n\n\n<h2 class=\"wp-block-heading\"><strong>Modlitwa.<\/strong><\/h2>\n\n\n\n<blockquote class=\"wp-block-quote is-layout-flow wp-block-quote-is-layout-flow\">\n<p class=\"wp-block-paragraph\">\u2009Wstawienie si\u0119 za nami b\u0142ogos\u0142awionego Idziego, Opata, niech nas Panie mi\u0142osierdziu Twojemu poleci, aby\u015bmy za jego opiek\u0105 otrzymali to, czego z w\u0142asnych zas\u0142ug dost\u0105pi\u0107 nie mo\u017cemy. Przez Pana naszego Jezusa Chrystusa. Amen.<\/p>\n<\/blockquote>\n\n\n\n<figure class=\"wp-block-table\"><table><tbody><tr><td>\u2217&nbsp;&nbsp;&nbsp;&nbsp;&nbsp;&nbsp;&nbsp;&nbsp;&nbsp;&nbsp;&nbsp;&nbsp;&nbsp;&nbsp;&nbsp;&nbsp;&nbsp;&nbsp;&nbsp;&nbsp;\u2217<br>\u2217<\/td><\/tr><\/tbody><\/table><\/figure>\n\n\n\n<p class=\"wp-block-paragraph\">\u2009<em>Opr\u00f3cz tego obchodzi Ko\u015bci\u00f3\u0142 \u015bwi\u0119ty pami\u0105tk\u0119 nast\u0119puj\u0105cych \u015awi\u0119tych Pa\u0144skich, zamieszczonych w rzymskiem martyrologium:<\/em><\/p>\n\n\n\n<p class=\"has-text-align-justify wp-block-paragraph\">\u2009<strong>Dnia 1-go wrze\u015bnia<\/strong>&nbsp;w prowincyi Narbonie uroczysto\u015b\u0107 \u015bw.&nbsp;Idziego, Opata i Wyznawcy. \u2014 W Benewencie \u015bmier\u0107 m\u0119cze\u0144ska&nbsp;12 \u015bw. Braci. \u2014 W Palestynie pami\u0105tka \u015bw.&nbsp;Jozuego i Gedeona. \u2014 W Jerozolimie pami\u0105tka \u015bw.&nbsp;Anny, Prorokini, kt\u00f3rej \u017cywot \u015bwi\u0119tobliwy s\u0142awi Ewangelia. \u2014 W Kapua przy Via Aquaria m\u0119cze\u0144stwo \u015bw.&nbsp;Pryskusa, jednego z 72 uczni\u00f3w Zbawiciela. \u2014 W Reims we Francyi cierpienia \u015bw.&nbsp;Ksystusa. By\u0142 uczniem \u015bw. Piotra, Aposto\u0142a i zosta\u0142 przeze\u0144 wy\u015bwi\u0119cony na pierwszego Biskupa tego miasta. Za cesarza Nerona uzyska\u0142 koron\u0119 m\u0119cze\u0144sk\u0105. \u2014 W Todi m\u0119cze\u0144stwo \u015bw.&nbsp;Terencyana, Biskupa, kt\u00f3ry by\u0142 za cesarza Hadryana na rozkaz prokonsula Lecyana torturowany, biczowany szkorpionami, pozbawiony j\u0119zyka i wreszcie stracony. \u2014 W Heraklei pami\u0105tka \u015bw.&nbsp;Ammoniusza, Dyakona i 40 \u015bw. Dziewic, kt\u00f3re najpierw poucza\u0142 w wierze a potem za cesarza Licyniusza zach\u0119ca\u0142 do sta\u0142o\u015bci w m\u0119cze\u0144stwie s\u0142owem i przyk\u0142adem. \u2014 W Hiszpanii&nbsp;uroczysto\u015b\u0107&nbsp;\u015bw.&nbsp;Wincencyusza i Letusa, M\u0119czennik\u00f3w. \u2014 W Porto Barrato w Toskanii \u015bmier\u0107 m\u0119cze\u0144ska \u015bw.&nbsp;Regulusa, przyby\u0142ego z Afryki do W\u0142och, gdzie za Totili przypiecz\u0119towa\u0142 wiar\u0119 sw\u0105 krwi\u0105 w\u0142asn\u0105. \u2014 Pod Sens uroczysto\u015b\u0107 \u015bw.&nbsp;Lupusa, Biskupa i Wyznawcy, kt\u00f3remu razu pewnego podczas Mszy \u015bwi\u0119tej w obecno\u015bci ca\u0142ego duchowie\u0144stwa spa\u015b\u0107 mia\u0142 z Nieba dyament w kielich. \u2014 W Kapua uroczysto\u015b\u0107 \u015bw.&nbsp;Pryskusa, jednego z tych Biskup\u00f3w \u015bw., co w prze\u015bladowaniu wandalskiem wielokrotnie dr\u0119czeni, wsadzeni zostali wreszcie na spr\u00f3chnia\u0142y okr\u0119t; na nim przybyli z Afryki do Kampanii, gdzie rozeszli si\u0119 i osadzeni po r\u00f3\u017cnych miejscowo\u015bciach jako Biskupi, rozszerzali skutecznie wiar\u0119 chrze\u015bcija\u0144sk\u0105. Towarzysze jego zwali si\u0119:&nbsp;Kastrenzyusz, Damary, Rozyusz, Herakliusz, Sekundyn, Adjutor, Marek, Augustyn, Elpidyusz, Kanion i Windoniusz. \u2014 Pod Akwinem pami\u0105tka \u015bw.&nbsp;Konstantego, Biskupa, czcigodnego dla daru proroczego i cn\u00f3t rozlicznych. \u2014 Pod Le Mans uroczysto\u015b\u0107 \u015bw.&nbsp;Wiktora, Biskupa. \u2014 W okolicy Konstancyi nad Thur\u0105 uroczysto\u015b\u0107 \u015bw.&nbsp;Wereny, Dziewicy.<\/p>\n","protected":false},"excerpt":{"rendered":"<p>\u015aw. Idzi, po francusku Gilles, wyp\u0119dzi\u0142 z\u0142ego ducha bez pisemnego upowa\u017cnienia od biskupa nie b\u0119d\u0105c kap\u0142anem. Wi\u0119c mo\u017cna i tak.<\/p>\n","protected":false},"author":60508433,"featured_media":52168,"comment_status":"open","ping_status":"open","sticky":false,"template":"","format":"standard","meta":{"_bbp_topic_count":0,"_bbp_reply_count":0,"_bbp_total_topic_count":0,"_bbp_total_reply_count":0,"_bbp_voice_count":0,"_bbp_anonymous_reply_count":0,"_bbp_topic_count_hidden":0,"_bbp_reply_count_hidden":0,"_bbp_forum_subforum_count":0,"_editorskit_title_hidden":false,"_editorskit_reading_time":0,"_editorskit_is_block_options_detached":false,"_editorskit_block_options_position":"{}","_coblocks_attr":"","_coblocks_dimensions":"","_coblocks_responsive_height":"","_coblocks_accordion_ie_support":"","_exactmetrics_skip_tracking":false,"_jetpack_newsletter_access":"","_jetpack_dont_email_post_to_subs":false,"_jetpack_newsletter_tier_id":0,"_jetpack_memberships_contains_paywalled_content":false,"_wpcom_ai_launchpad_first_post":false,"_jetpack_feature_clip_id":0,"_jetpack_memberships_contains_paid_content":false,"footnotes":"","jetpack_publicize_message":"{title}\n\n{excerpt}\n\n{url}","jetpack_publicize_feature_enabled":true,"jetpack_social_post_already_shared":true,"jetpack_social_options":{"image_generator_settings":{"template":"highway","default_image_id":0,"font":"","enabled":false},"version":2},"_wpas_customize_per_network":false,"jetpack_post_was_ever_published":false},"categories":[610131824,610131184,336375535,610131268,610131155],"tags":[610133352],"class_list":["post-170370","post","type-post","status-publish","format-standard","has-post-thumbnail","hentry","category-swieta-we-wrzesniu","category-duchowosc","category-liturgia-i-liturgika","category-rok-liturgiczny","category-rozwazania","tag-mescy-swieci"],"yoast_head":"<!-- This site is optimized with the Yoast SEO plugin v28.4 - https:\/\/yoast.com\/product\/yoast-seo-wordpress\/ -->\n<title>1-go Wrze\u015bnia. \u017bywot \u015bwi\u0119tego Idziego, Opata. - Tradycja i Wiara<\/title>\n<meta name=\"robots\" content=\"index, follow, max-snippet:-1, max-image-preview:large, max-video-preview:-1\" \/>\n<link rel=\"canonical\" href=\"https:\/\/wobronietradycjiiwiary.com\/pl\/1-go-wrzesnia-zywot-swietego-idziego-opata-2-3-2\/\" \/>\n<meta property=\"og:locale\" content=\"pl_PL\" \/>\n<meta property=\"og:type\" content=\"article\" \/>\n<meta property=\"og:title\" content=\"1-go Wrze\u015bnia. \u017bywot \u015bwi\u0119tego Idziego, Opata. - Tradycja i Wiara\" \/>\n<meta property=\"og:description\" content=\"\u015aw. Idzi, po francusku Gilles, wyp\u0119dzi\u0142 z\u0142ego ducha bez pisemnego upowa\u017cnienia od biskupa nie b\u0119d\u0105c kap\u0142anem. Wi\u0119c mo\u017cna i tak.\" \/>\n<meta property=\"og:url\" content=\"https:\/\/wobronietradycjiiwiary.com\/pl\/1-go-wrzesnia-zywot-swietego-idziego-opata-2-3-2\/\" \/>\n<meta property=\"og:site_name\" content=\"Tradycja i Wiara\" \/>\n<meta property=\"article:publisher\" content=\"https:\/\/www.facebook.com\/Tradycja-i-Wiara-108813920592249\" \/>\n<meta property=\"article:published_time\" content=\"2026-09-01T06:15:04+00:00\" \/>\n<meta property=\"og:image\" content=\"https:\/\/wobronietradycjiiwiary.com\/wp-content\/uploads\/2021\/08\/Idzi.jpg\" \/>\n\t<meta property=\"og:image:width\" content=\"617\" \/>\n\t<meta property=\"og:image:height\" content=\"370\" \/>\n\t<meta property=\"og:image:type\" content=\"image\/jpeg\" \/>\n<meta name=\"author\" content=\"Traditio et Fides\" \/>\n<meta name=\"twitter:card\" content=\"summary_large_image\" \/>\n<meta name=\"twitter:label1\" content=\"Napisane przez\" \/>\n\t<meta name=\"twitter:data1\" content=\"Traditio et Fides\" \/>\n\t<meta name=\"twitter:label2\" content=\"Szacowany czas czytania\" \/>\n\t<meta name=\"twitter:data2\" content=\"11 minut\" \/>\n<script type=\"application\/ld+json\" class=\"yoast-schema-graph\">{\"@context\":\"https:\\\/\\\/schema.org\",\"@graph\":[{\"@type\":\"Article\",\"@id\":\"https:\\\/\\\/wobronietradycjiiwiary.com\\\/1-go-wrzesnia-zywot-swietego-idziego-opata-2-3-2\\\/#article\",\"isPartOf\":{\"@id\":\"https:\\\/\\\/wobronietradycjiiwiary.com\\\/1-go-wrzesnia-zywot-swietego-idziego-opata-2-3-2\\\/\"},\"author\":{\"name\":\"Traditio et Fides\",\"@id\":\"https:\\\/\\\/wobronietradycjiiwiary.com\\\/pl\\\/#\\\/schema\\\/person\\\/2d6180ce6abcb681fef0daab7816e8f3\"},\"headline\":\"1-go Wrze\u015bnia. \u017bywot \u015bwi\u0119tego Idziego, Opata.\",\"datePublished\":\"2026-09-01T06:15:04+00:00\",\"mainEntityOfPage\":{\"@id\":\"https:\\\/\\\/wobronietradycjiiwiary.com\\\/1-go-wrzesnia-zywot-swietego-idziego-opata-2-3-2\\\/\"},\"wordCount\":2255,\"commentCount\":0,\"publisher\":{\"@id\":\"https:\\\/\\\/wobronietradycjiiwiary.com\\\/pl\\\/#organization\"},\"image\":{\"@id\":\"https:\\\/\\\/wobronietradycjiiwiary.com\\\/1-go-wrzesnia-zywot-swietego-idziego-opata-2-3-2\\\/#primaryimage\"},\"thumbnailUrl\":\"https:\\\/\\\/wobronietradycjiiwiary.com\\\/wp-content\\\/uploads\\\/2021\\\/08\\\/Idzi.jpg\",\"keywords\":[\"m\u0119scy \u015bwi\u0119ci\"],\"articleSection\":[\"09. \u015awi\u0119ta we wrze\u015bniu\",\"Duchowo\u015b\u0107\",\"Liturgia i liturgika\",\"Rok liturgiczny\",\"Rozwa\u017cania liturgiczne\"],\"inLanguage\":\"pl-PL\",\"potentialAction\":[{\"@type\":\"CommentAction\",\"name\":\"Comment\",\"target\":[\"https:\\\/\\\/wobronietradycjiiwiary.com\\\/1-go-wrzesnia-zywot-swietego-idziego-opata-2-3-2\\\/#respond\"]}]},{\"@type\":\"WebPage\",\"@id\":\"https:\\\/\\\/wobronietradycjiiwiary.com\\\/1-go-wrzesnia-zywot-swietego-idziego-opata-2-3-2\\\/\",\"url\":\"https:\\\/\\\/wobronietradycjiiwiary.com\\\/1-go-wrzesnia-zywot-swietego-idziego-opata-2-3-2\\\/\",\"name\":\"1-go Wrze\u015bnia. \u017bywot \u015bwi\u0119tego Idziego, Opata. - Tradycja i Wiara\",\"isPartOf\":{\"@id\":\"https:\\\/\\\/wobronietradycjiiwiary.com\\\/pl\\\/#website\"},\"primaryImageOfPage\":{\"@id\":\"https:\\\/\\\/wobronietradycjiiwiary.com\\\/1-go-wrzesnia-zywot-swietego-idziego-opata-2-3-2\\\/#primaryimage\"},\"image\":{\"@id\":\"https:\\\/\\\/wobronietradycjiiwiary.com\\\/1-go-wrzesnia-zywot-swietego-idziego-opata-2-3-2\\\/#primaryimage\"},\"thumbnailUrl\":\"https:\\\/\\\/wobronietradycjiiwiary.com\\\/wp-content\\\/uploads\\\/2021\\\/08\\\/Idzi.jpg\",\"datePublished\":\"2026-09-01T06:15:04+00:00\",\"breadcrumb\":{\"@id\":\"https:\\\/\\\/wobronietradycjiiwiary.com\\\/1-go-wrzesnia-zywot-swietego-idziego-opata-2-3-2\\\/#breadcrumb\"},\"inLanguage\":\"pl-PL\",\"potentialAction\":[{\"@type\":\"ReadAction\",\"target\":[\"https:\\\/\\\/wobronietradycjiiwiary.com\\\/1-go-wrzesnia-zywot-swietego-idziego-opata-2-3-2\\\/\"]}]},{\"@type\":\"ImageObject\",\"inLanguage\":\"pl-PL\",\"@id\":\"https:\\\/\\\/wobronietradycjiiwiary.com\\\/1-go-wrzesnia-zywot-swietego-idziego-opata-2-3-2\\\/#primaryimage\",\"url\":\"https:\\\/\\\/wobronietradycjiiwiary.com\\\/wp-content\\\/uploads\\\/2021\\\/08\\\/Idzi.jpg\",\"contentUrl\":\"https:\\\/\\\/wobronietradycjiiwiary.com\\\/wp-content\\\/uploads\\\/2021\\\/08\\\/Idzi.jpg\",\"width\":617,\"height\":370},{\"@type\":\"BreadcrumbList\",\"@id\":\"https:\\\/\\\/wobronietradycjiiwiary.com\\\/1-go-wrzesnia-zywot-swietego-idziego-opata-2-3-2\\\/#breadcrumb\",\"itemListElement\":[{\"@type\":\"ListItem\",\"position\":1,\"name\":\"Strona g\u0142\u00f3wna\",\"item\":\"https:\\\/\\\/wobronietradycjiiwiary.com\\\/\"},{\"@type\":\"ListItem\",\"position\":2,\"name\":\"1-go Wrze\u015bnia. \u017bywot \u015bwi\u0119tego Idziego, Opata.\"}]},{\"@type\":\"WebSite\",\"@id\":\"https:\\\/\\\/wobronietradycjiiwiary.com\\\/pl\\\/#website\",\"url\":\"https:\\\/\\\/wobronietradycjiiwiary.com\\\/pl\\\/\",\"name\":\"Tradycja i Wiara\",\"description\":\"Portal dla katolik\u00f3w.\",\"publisher\":{\"@id\":\"https:\\\/\\\/wobronietradycjiiwiary.com\\\/pl\\\/#organization\"},\"potentialAction\":[{\"@type\":\"SearchAction\",\"target\":{\"@type\":\"EntryPoint\",\"urlTemplate\":\"https:\\\/\\\/wobronietradycjiiwiary.com\\\/pl\\\/?s={search_term_string}\"},\"query-input\":{\"@type\":\"PropertyValueSpecification\",\"valueRequired\":true,\"valueName\":\"search_term_string\"}}],\"inLanguage\":\"pl-PL\"},{\"@type\":\"Organization\",\"@id\":\"https:\\\/\\\/wobronietradycjiiwiary.com\\\/pl\\\/#organization\",\"name\":\"Tradycja i Wiara\",\"url\":\"https:\\\/\\\/wobronietradycjiiwiary.com\\\/pl\\\/\",\"logo\":{\"@type\":\"ImageObject\",\"inLanguage\":\"pl-PL\",\"@id\":\"https:\\\/\\\/wobronietradycjiiwiary.com\\\/pl\\\/#\\\/schema\\\/logo\\\/image\\\/\",\"url\":\"https:\\\/\\\/i0.wp.com\\\/wobronietradycjiiwiary.com\\\/wp-content\\\/uploads\\\/2015\\\/10\\\/cropped-st-peters-dome-vatican.jpg?fit=940%2C198&ssl=1\",\"contentUrl\":\"https:\\\/\\\/i0.wp.com\\\/wobronietradycjiiwiary.com\\\/wp-content\\\/uploads\\\/2015\\\/10\\\/cropped-st-peters-dome-vatican.jpg?fit=940%2C198&ssl=1\",\"width\":940,\"height\":198,\"caption\":\"Tradycja i Wiara\"},\"image\":{\"@id\":\"https:\\\/\\\/wobronietradycjiiwiary.com\\\/pl\\\/#\\\/schema\\\/logo\\\/image\\\/\"},\"sameAs\":[\"https:\\\/\\\/www.facebook.com\\\/Tradycja-i-Wiara-108813920592249\"]},{\"@type\":\"Person\",\"@id\":\"https:\\\/\\\/wobronietradycjiiwiary.com\\\/pl\\\/#\\\/schema\\\/person\\\/2d6180ce6abcb681fef0daab7816e8f3\",\"name\":\"Traditio et Fides\",\"sameAs\":[\"https:\\\/\\\/traditionundglauben.com\"],\"url\":\"https:\\\/\\\/wobronietradycjiiwiary.com\\\/pl\\\/author\\\/wobronietradycjiiwiary\\\/\"}]}<\/script>\n<!-- \/ Yoast SEO plugin. -->","yoast_head_json":{"title":"1-go Wrze\u015bnia. \u017bywot \u015bwi\u0119tego Idziego, Opata. - Tradycja i Wiara","robots":{"index":"index","follow":"follow","max-snippet":"max-snippet:-1","max-image-preview":"max-image-preview:large","max-video-preview":"max-video-preview:-1"},"canonical":"https:\/\/wobronietradycjiiwiary.com\/pl\/1-go-wrzesnia-zywot-swietego-idziego-opata-2-3-2\/","og_locale":"pl_PL","og_type":"article","og_title":"1-go Wrze\u015bnia. \u017bywot \u015bwi\u0119tego Idziego, Opata. - Tradycja i Wiara","og_description":"\u015aw. Idzi, po francusku Gilles, wyp\u0119dzi\u0142 z\u0142ego ducha bez pisemnego upowa\u017cnienia od biskupa nie b\u0119d\u0105c kap\u0142anem. Wi\u0119c mo\u017cna i tak.","og_url":"https:\/\/wobronietradycjiiwiary.com\/pl\/1-go-wrzesnia-zywot-swietego-idziego-opata-2-3-2\/","og_site_name":"Tradycja i Wiara","article_publisher":"https:\/\/www.facebook.com\/Tradycja-i-Wiara-108813920592249","article_published_time":"2026-09-01T06:15:04+00:00","og_image":[{"width":617,"height":370,"url":"https:\/\/wobronietradycjiiwiary.com\/wp-content\/uploads\/2021\/08\/Idzi.jpg","type":"image\/jpeg"}],"author":"Traditio et Fides","twitter_card":"summary_large_image","twitter_misc":{"Napisane przez":"Traditio et Fides","Szacowany czas czytania":"11 minut"},"schema":{"@context":"https:\/\/schema.org","@graph":[{"@type":"Article","@id":"https:\/\/wobronietradycjiiwiary.com\/1-go-wrzesnia-zywot-swietego-idziego-opata-2-3-2\/#article","isPartOf":{"@id":"https:\/\/wobronietradycjiiwiary.com\/1-go-wrzesnia-zywot-swietego-idziego-opata-2-3-2\/"},"author":{"name":"Traditio et Fides","@id":"https:\/\/wobronietradycjiiwiary.com\/pl\/#\/schema\/person\/2d6180ce6abcb681fef0daab7816e8f3"},"headline":"1-go Wrze\u015bnia. \u017bywot \u015bwi\u0119tego Idziego, Opata.","datePublished":"2026-09-01T06:15:04+00:00","mainEntityOfPage":{"@id":"https:\/\/wobronietradycjiiwiary.com\/1-go-wrzesnia-zywot-swietego-idziego-opata-2-3-2\/"},"wordCount":2255,"commentCount":0,"publisher":{"@id":"https:\/\/wobronietradycjiiwiary.com\/pl\/#organization"},"image":{"@id":"https:\/\/wobronietradycjiiwiary.com\/1-go-wrzesnia-zywot-swietego-idziego-opata-2-3-2\/#primaryimage"},"thumbnailUrl":"https:\/\/wobronietradycjiiwiary.com\/wp-content\/uploads\/2021\/08\/Idzi.jpg","keywords":["m\u0119scy \u015bwi\u0119ci"],"articleSection":["09. \u015awi\u0119ta we wrze\u015bniu","Duchowo\u015b\u0107","Liturgia i liturgika","Rok liturgiczny","Rozwa\u017cania liturgiczne"],"inLanguage":"pl-PL","potentialAction":[{"@type":"CommentAction","name":"Comment","target":["https:\/\/wobronietradycjiiwiary.com\/1-go-wrzesnia-zywot-swietego-idziego-opata-2-3-2\/#respond"]}]},{"@type":"WebPage","@id":"https:\/\/wobronietradycjiiwiary.com\/1-go-wrzesnia-zywot-swietego-idziego-opata-2-3-2\/","url":"https:\/\/wobronietradycjiiwiary.com\/1-go-wrzesnia-zywot-swietego-idziego-opata-2-3-2\/","name":"1-go Wrze\u015bnia. \u017bywot \u015bwi\u0119tego Idziego, Opata. - Tradycja i Wiara","isPartOf":{"@id":"https:\/\/wobronietradycjiiwiary.com\/pl\/#website"},"primaryImageOfPage":{"@id":"https:\/\/wobronietradycjiiwiary.com\/1-go-wrzesnia-zywot-swietego-idziego-opata-2-3-2\/#primaryimage"},"image":{"@id":"https:\/\/wobronietradycjiiwiary.com\/1-go-wrzesnia-zywot-swietego-idziego-opata-2-3-2\/#primaryimage"},"thumbnailUrl":"https:\/\/wobronietradycjiiwiary.com\/wp-content\/uploads\/2021\/08\/Idzi.jpg","datePublished":"2026-09-01T06:15:04+00:00","breadcrumb":{"@id":"https:\/\/wobronietradycjiiwiary.com\/1-go-wrzesnia-zywot-swietego-idziego-opata-2-3-2\/#breadcrumb"},"inLanguage":"pl-PL","potentialAction":[{"@type":"ReadAction","target":["https:\/\/wobronietradycjiiwiary.com\/1-go-wrzesnia-zywot-swietego-idziego-opata-2-3-2\/"]}]},{"@type":"ImageObject","inLanguage":"pl-PL","@id":"https:\/\/wobronietradycjiiwiary.com\/1-go-wrzesnia-zywot-swietego-idziego-opata-2-3-2\/#primaryimage","url":"https:\/\/wobronietradycjiiwiary.com\/wp-content\/uploads\/2021\/08\/Idzi.jpg","contentUrl":"https:\/\/wobronietradycjiiwiary.com\/wp-content\/uploads\/2021\/08\/Idzi.jpg","width":617,"height":370},{"@type":"BreadcrumbList","@id":"https:\/\/wobronietradycjiiwiary.com\/1-go-wrzesnia-zywot-swietego-idziego-opata-2-3-2\/#breadcrumb","itemListElement":[{"@type":"ListItem","position":1,"name":"Strona g\u0142\u00f3wna","item":"https:\/\/wobronietradycjiiwiary.com\/"},{"@type":"ListItem","position":2,"name":"1-go Wrze\u015bnia. \u017bywot \u015bwi\u0119tego Idziego, Opata."}]},{"@type":"WebSite","@id":"https:\/\/wobronietradycjiiwiary.com\/pl\/#website","url":"https:\/\/wobronietradycjiiwiary.com\/pl\/","name":"Tradycja i Wiara","description":"Portal dla katolik\u00f3w.","publisher":{"@id":"https:\/\/wobronietradycjiiwiary.com\/pl\/#organization"},"potentialAction":[{"@type":"SearchAction","target":{"@type":"EntryPoint","urlTemplate":"https:\/\/wobronietradycjiiwiary.com\/pl\/?s={search_term_string}"},"query-input":{"@type":"PropertyValueSpecification","valueRequired":true,"valueName":"search_term_string"}}],"inLanguage":"pl-PL"},{"@type":"Organization","@id":"https:\/\/wobronietradycjiiwiary.com\/pl\/#organization","name":"Tradycja i Wiara","url":"https:\/\/wobronietradycjiiwiary.com\/pl\/","logo":{"@type":"ImageObject","inLanguage":"pl-PL","@id":"https:\/\/wobronietradycjiiwiary.com\/pl\/#\/schema\/logo\/image\/","url":"https:\/\/i0.wp.com\/wobronietradycjiiwiary.com\/wp-content\/uploads\/2015\/10\/cropped-st-peters-dome-vatican.jpg?fit=940%2C198&ssl=1","contentUrl":"https:\/\/i0.wp.com\/wobronietradycjiiwiary.com\/wp-content\/uploads\/2015\/10\/cropped-st-peters-dome-vatican.jpg?fit=940%2C198&ssl=1","width":940,"height":198,"caption":"Tradycja i Wiara"},"image":{"@id":"https:\/\/wobronietradycjiiwiary.com\/pl\/#\/schema\/logo\/image\/"},"sameAs":["https:\/\/www.facebook.com\/Tradycja-i-Wiara-108813920592249"]},{"@type":"Person","@id":"https:\/\/wobronietradycjiiwiary.com\/pl\/#\/schema\/person\/2d6180ce6abcb681fef0daab7816e8f3","name":"Traditio et Fides","sameAs":["https:\/\/traditionundglauben.com"],"url":"https:\/\/wobronietradycjiiwiary.com\/pl\/author\/wobronietradycjiiwiary\/"}]}},"jetpack_publicize_connections":[],"jetpack_sharing_enabled":true,"jetpack_likes_enabled":true,"jetpack_shortlink":"https:\/\/wp.me\/pc04Sd-IjU","jetpack-related-posts":[{"id":52165,"url":"https:\/\/wobronietradycjiiwiary.com\/pl\/1-go-wrzesnia-zywot-swietego-idziego-opata\/","url_meta":{"origin":170370,"position":0},"title":"1-go Wrze\u015bnia. \u017bywot \u015bwi\u0119tego Idziego, Opata.","author":"Traditio et Fides","date":"1 wrze\u015bnia 2021","format":false,"excerpt":"\u015aw. Idzi, po francusku Gilles, wyp\u0119dzi\u0142 z\u0142ego ducha bez pisemnego upowa\u017cnienia od biskupa nie b\u0119d\u0105c kap\u0142anem. Wi\u0119c mo\u017cna i tak.","rel":"","context":"W \u201e09. \u015awi\u0119ta we wrze\u015bniu&quot;","block_context":{"text":"09. \u015awi\u0119ta we wrze\u015bniu","link":"https:\/\/wobronietradycjiiwiary.com\/pl\/category\/duchowosc\/liturgia-i-liturgika\/rozwazania\/rok-liturgiczny\/swieta-we-wrzesniu\/"},"img":{"alt_text":"","src":"https:\/\/i0.wp.com\/wobronietradycjiiwiary.com\/wp-content\/uploads\/2021\/08\/Idzi.jpg?resize=350%2C200&ssl=1","width":350,"height":200,"srcset":"https:\/\/i0.wp.com\/wobronietradycjiiwiary.com\/wp-content\/uploads\/2021\/08\/Idzi.jpg?resize=350%2C200&ssl=1 1x, https:\/\/i0.wp.com\/wobronietradycjiiwiary.com\/wp-content\/uploads\/2021\/08\/Idzi.jpg?resize=525%2C300&ssl=1 1.5x"},"classes":[]},{"id":101137,"url":"https:\/\/wobronietradycjiiwiary.com\/pl\/1-go-wrzesnia-zywot-swietego-idziego-opata-2\/","url_meta":{"origin":170370,"position":1},"title":"1-go Wrze\u015bnia. \u017bywot \u015bwi\u0119tego Idziego, Opata.","author":"Traditio et Fides","date":"1 wrze\u015bnia 2023","format":false,"excerpt":"\u015aw. Idzi, po francusku Gilles, wyp\u0119dzi\u0142 z\u0142ego ducha bez pisemnego upowa\u017cnienia od biskupa nie b\u0119d\u0105c kap\u0142anem. Wi\u0119c mo\u017cna i tak.","rel":"","context":"W \u201e09. \u015awi\u0119ta we wrze\u015bniu&quot;","block_context":{"text":"09. \u015awi\u0119ta we wrze\u015bniu","link":"https:\/\/wobronietradycjiiwiary.com\/pl\/category\/duchowosc\/liturgia-i-liturgika\/rozwazania\/rok-liturgiczny\/swieta-we-wrzesniu\/"},"img":{"alt_text":"","src":"https:\/\/i0.wp.com\/wobronietradycjiiwiary.com\/wp-content\/uploads\/2021\/08\/Idzi.jpg?resize=350%2C200&ssl=1","width":350,"height":200,"srcset":"https:\/\/i0.wp.com\/wobronietradycjiiwiary.com\/wp-content\/uploads\/2021\/08\/Idzi.jpg?resize=350%2C200&ssl=1 1x, https:\/\/i0.wp.com\/wobronietradycjiiwiary.com\/wp-content\/uploads\/2021\/08\/Idzi.jpg?resize=525%2C300&ssl=1 1.5x"},"classes":[]},{"id":120523,"url":"https:\/\/wobronietradycjiiwiary.com\/pl\/1-go-wrzesnia-zywot-swietego-idziego-opata-2-2\/","url_meta":{"origin":170370,"position":2},"title":"1-go Wrze\u015bnia. \u017bywot \u015bwi\u0119tego Idziego, Opata.","author":"Traditio et Fides","date":"1 wrze\u015bnia 2024","format":false,"excerpt":"\u015aw. Idzi, po francusku Gilles, wyp\u0119dzi\u0142 z\u0142ego ducha bez pisemnego upowa\u017cnienia od biskupa nie b\u0119d\u0105c kap\u0142anem. Wi\u0119c mo\u017cna i tak.","rel":"","context":"W \u201e09. \u015awi\u0119ta we wrze\u015bniu&quot;","block_context":{"text":"09. \u015awi\u0119ta we wrze\u015bniu","link":"https:\/\/wobronietradycjiiwiary.com\/pl\/category\/duchowosc\/liturgia-i-liturgika\/rozwazania\/rok-liturgiczny\/swieta-we-wrzesniu\/"},"img":{"alt_text":"","src":"https:\/\/i0.wp.com\/wobronietradycjiiwiary.com\/wp-content\/uploads\/2021\/08\/Idzi.jpg?resize=350%2C200&ssl=1","width":350,"height":200,"srcset":"https:\/\/i0.wp.com\/wobronietradycjiiwiary.com\/wp-content\/uploads\/2021\/08\/Idzi.jpg?resize=350%2C200&ssl=1 1x, https:\/\/i0.wp.com\/wobronietradycjiiwiary.com\/wp-content\/uploads\/2021\/08\/Idzi.jpg?resize=525%2C300&ssl=1 1.5x"},"classes":[]},{"id":152136,"url":"https:\/\/wobronietradycjiiwiary.com\/pl\/1-go-wrzesnia-zywot-swietego-idziego-opata-2-3\/","url_meta":{"origin":170370,"position":3},"title":"1-go Wrze\u015bnia. \u017bywot \u015bwi\u0119tego Idziego, Opata.","author":"Traditio et Fides","date":"1 wrze\u015bnia 2025","format":false,"excerpt":"\u015aw. Idzi, po francusku Gilles, wyp\u0119dzi\u0142 z\u0142ego ducha bez pisemnego upowa\u017cnienia od biskupa nie b\u0119d\u0105c kap\u0142anem. Wi\u0119c mo\u017cna i tak.","rel":"","context":"W \u201e09. \u015awi\u0119ta we wrze\u015bniu&quot;","block_context":{"text":"09. \u015awi\u0119ta we wrze\u015bniu","link":"https:\/\/wobronietradycjiiwiary.com\/pl\/category\/duchowosc\/liturgia-i-liturgika\/rozwazania\/rok-liturgiczny\/swieta-we-wrzesniu\/"},"img":{"alt_text":"","src":"https:\/\/i0.wp.com\/wobronietradycjiiwiary.com\/wp-content\/uploads\/2021\/08\/Idzi.jpg?resize=350%2C200&ssl=1","width":350,"height":200,"srcset":"https:\/\/i0.wp.com\/wobronietradycjiiwiary.com\/wp-content\/uploads\/2021\/08\/Idzi.jpg?resize=350%2C200&ssl=1 1x, https:\/\/i0.wp.com\/wobronietradycjiiwiary.com\/wp-content\/uploads\/2021\/08\/Idzi.jpg?resize=525%2C300&ssl=1 1.5x"},"classes":[]},{"id":22079,"url":"https:\/\/wobronietradycjiiwiary.com\/pl\/limbus-puerorum-skutki-grzechu-pierworodnego-w-zyciu-przyszlem-2-z-2\/","url_meta":{"origin":170370,"position":4},"title":"Limbus puerorum &#8211; Skutki grzechu pierworodnego w \u017cyciu przysz\u0142em (2 z 2)","author":"Traditio et Fides","date":"21 pa\u017adziernika 2019","format":false,"excerpt":"3. Czy dusze pozbawione widzenia Boga za grzech pierworodny b\u0119d\u0105 cierpie\u0107 z tego powodu? a) Powszechnie teologowie przecz\u0105 ze \u015bw. Tomaszem, kt\u00f3ry powiada: \u201eNie ma \u017cadnej racji, dlaczego usuwa si\u0119 (od dusz z grzechem pierwor.) zewn\u0119trzn\u0105 kar\u0119 zmys\u0142\u00f3w, je\u015bli skazuje si\u0119 je na wewn\u0119trzne cierpienie (afflictio), kt\u00f3re jest daleko wi\u0119ksz\u0105\u2026","rel":"","context":"W \u201eLimbus puerorum&quot;","block_context":{"text":"Limbus puerorum","link":"https:\/\/wobronietradycjiiwiary.com\/pl\/category\/doktryna\/teologia-dogmatyczna\/rzeczy-ostateczne-eschatologia\/limbus-puerorum\/"},"img":{"alt_text":"","src":"https:\/\/i0.wp.com\/wobronietradycjiiwiary.com\/wp-content\/uploads\/2019\/10\/187584_expulsion-from-the-garden-of-eden_lg-1.gif?resize=350%2C200&ssl=1","width":350,"height":200,"srcset":"https:\/\/i0.wp.com\/wobronietradycjiiwiary.com\/wp-content\/uploads\/2019\/10\/187584_expulsion-from-the-garden-of-eden_lg-1.gif?resize=350%2C200&ssl=1 1x, https:\/\/i0.wp.com\/wobronietradycjiiwiary.com\/wp-content\/uploads\/2019\/10\/187584_expulsion-from-the-garden-of-eden_lg-1.gif?resize=525%2C300&ssl=1 1.5x, https:\/\/i0.wp.com\/wobronietradycjiiwiary.com\/wp-content\/uploads\/2019\/10\/187584_expulsion-from-the-garden-of-eden_lg-1.gif?resize=700%2C400&ssl=1 2x"},"classes":[]},{"id":42441,"url":"https:\/\/wobronietradycjiiwiary.com\/pl\/kazania-do-ewangelii-mszy-trydenckiej-niedziele-1-3-niedziela-wlk-postu-3\/","url_meta":{"origin":170370,"position":5},"title":"Kazania do Ewangelii Mszy Trydenckiej &#8211; Niedziele 1 &#8211; 3. Niedziela Wlk. Postu","author":"Traditio et Fides","date":"7 marca 2021","format":false,"excerpt":"Ewangelia na 3. Niedziel\u0119 Wielkiego Postu \u0141k 11, 14-28 Onego czasu: Wyrzuca\u0142 Jezus czarta, a ten by\u0142 niemy. A gdy wyrzuci\u0142 czarta, przem\u00f3wi\u0142 niemy i zdumia\u0142y si\u0119 rzesze. I m\u00f3wili niekt\u00f3rzy z nich: \u00abPrzez Belzebuba, ksi\u0119cia czartowskiego, wyrzuca czarty\u00bb. A inni, kusz\u0105c, domagali si\u0119 od Niego znaku z nieba. Ale\u2026","rel":"","context":"W \u201eKazania do Ewangelii Mszy Trydenckiej&quot;","block_context":{"text":"Kazania do Ewangelii Mszy Trydenckiej","link":"https:\/\/wobronietradycjiiwiary.com\/pl\/category\/duchowosc\/liturgia-i-liturgika\/msza-trydencka\/kazania-do-ewangelii-mszy-trydenckiej\/"},"img":{"alt_text":"","src":"https:\/\/i0.wp.com\/wobronietradycjiiwiary.com\/wp-content\/uploads\/2019\/10\/annunciation-merode-2017-20181.jpg?resize=350%2C200&ssl=1","width":350,"height":200,"srcset":"https:\/\/i0.wp.com\/wobronietradycjiiwiary.com\/wp-content\/uploads\/2019\/10\/annunciation-merode-2017-20181.jpg?resize=350%2C200&ssl=1 1x, https:\/\/i0.wp.com\/wobronietradycjiiwiary.com\/wp-content\/uploads\/2019\/10\/annunciation-merode-2017-20181.jpg?resize=525%2C300&ssl=1 1.5x, https:\/\/i0.wp.com\/wobronietradycjiiwiary.com\/wp-content\/uploads\/2019\/10\/annunciation-merode-2017-20181.jpg?resize=700%2C400&ssl=1 2x"},"classes":[]}],"amp_enabled":true,"jetpack_featured_media_url":"https:\/\/wobronietradycjiiwiary.com\/wp-content\/uploads\/2021\/08\/Idzi.jpg","_links":{"self":[{"href":"https:\/\/wobronietradycjiiwiary.com\/pl\/wp-json\/wp\/v2\/posts\/170370","targetHints":{"allow":["GET"]}}],"collection":[{"href":"https:\/\/wobronietradycjiiwiary.com\/pl\/wp-json\/wp\/v2\/posts"}],"about":[{"href":"https:\/\/wobronietradycjiiwiary.com\/pl\/wp-json\/wp\/v2\/types\/post"}],"author":[{"embeddable":true,"href":"https:\/\/wobronietradycjiiwiary.com\/pl\/wp-json\/wp\/v2\/users\/60508433"}],"replies":[{"embeddable":true,"href":"https:\/\/wobronietradycjiiwiary.com\/pl\/wp-json\/wp\/v2\/comments?post=170370"}],"version-history":[{"count":1,"href":"https:\/\/wobronietradycjiiwiary.com\/pl\/wp-json\/wp\/v2\/posts\/170370\/revisions"}],"predecessor-version":[{"id":170377,"href":"https:\/\/wobronietradycjiiwiary.com\/pl\/wp-json\/wp\/v2\/posts\/170370\/revisions\/170377"}],"wp:featuredmedia":[{"embeddable":true,"href":"https:\/\/wobronietradycjiiwiary.com\/pl\/wp-json\/wp\/v2\/media\/52168"}],"wp:attachment":[{"href":"https:\/\/wobronietradycjiiwiary.com\/pl\/wp-json\/wp\/v2\/media?parent=170370"}],"wp:term":[{"taxonomy":"category","embeddable":true,"href":"https:\/\/wobronietradycjiiwiary.com\/pl\/wp-json\/wp\/v2\/categories?post=170370"},{"taxonomy":"post_tag","embeddable":true,"href":"https:\/\/wobronietradycjiiwiary.com\/pl\/wp-json\/wp\/v2\/tags?post=170370"}],"curies":[{"name":"wp","href":"https:\/\/api.w.org\/{rel}","templated":true}]}}