{"id":170323,"date":"2026-08-31T08:00:00","date_gmt":"2026-08-31T06:00:00","guid":{"rendered":"https:\/\/wobronietradycjiiwiary.com\/?p=170323"},"modified":"2026-08-31T11:40:17","modified_gmt":"2026-08-31T09:40:17","slug":"fsspx-wyznanie-wiary-katolickiej-9-z-20-papiez-episkopat-hierarchiczna-struktura","status":"publish","type":"post","link":"https:\/\/wobronietradycjiiwiary.com\/pl\/fsspx-wyznanie-wiary-katolickiej-9-z-20-papiez-episkopat-hierarchiczna-struktura\/","title":{"rendered":"FSSPX: Wyznanie wiary katolickiej (9 z 20). Papie\u017c, episkopat, hierarchiczna struktura."},"content":{"rendered":"<div id=\"bsf_rt_marker\"><\/div>\n<p class=\"has-text-align-justify has-text-color has-link-color wp-elements-1 wp-block-paragraph\" style=\"color:#7847c2\">O ile w przedsoborowej teologii twierdzono, \u017ce zasadniczym podmiotem w\u0142adzy w Ko\u015bciele jest papie\u017c, kt\u00f3ry tej w\u0142adzy biskupom przez delegacj\u0119 udziela, o tyle <em>Lumen gentium<\/em> 27 zmienia t\u0119 tradycyjn\u0105 nauk\u0119 twierdz\u0105c, i\u017c biskupi maj\u0105 w\u0142adz\u0119 &#8220;w\u0142asn\u0105&#8221;, patrz <a href=\"https:\/\/wobronietradycjiiwiary.com\/pl\/ekskomunika-fsspx-analiza-kanoniczna-wlasna-1-z-x-przedsoborowa-nauka-o-urzedzie-biskupa\/\">tu<\/a>. <\/p>\n\n\n\n<p class=\"has-text-align-justify has-text-color has-link-color wp-elements-2 wp-block-paragraph\" style=\"color:#7847c2\">Jest to nietradycyjne <em>novum <\/em>b\u0119d\u0105ce pierwszym krokiem to <strong>autokefalizmu <\/strong>w rozumieniu prawos\u0142awnym, kiedy to dany Ko\u015bci\u00f3\u0142 krajowy lub regionalny jest ca\u0142kowicie samodzielny, posiada w\u0142asnego zwierzchnika (np. patriarch\u0119 lub metropolit\u0119) wybieranego przez w\u0142asny synod i nie podlega jurysdykcji \u017cadnego innego zagranicznego lidera duchownego. <\/p>\n\n\n\n<p class=\"has-text-align-justify has-text-color has-link-color wp-elements-3 wp-block-paragraph\" style=\"color:#7847c2\">B\u0105d\u017a do samodzielnych ko\u015bcio\u0142\u00f3w protestanckich w rozumieniu <strong>Landeskirche<\/strong>, gdzie ka\u017cdy biskup jest doktrynalnym i dyscyplinarnym w\u0142adc\u0105 na w\u0142asnym terenie, wzgl\u0119dnie &#8220;ma\u0142ym papie\u017cem&#8221;. <\/p>\n\n\n\n<p class=\"has-text-align-justify has-text-color has-link-color wp-elements-4 wp-block-paragraph\" style=\"color:#7847c2\">Nast\u0119pnym krokiem po tym zwrocie doktrynalnym by\u0142o wprowadzenie wiecznie obraduj\u0105cych Konferencji Episkopatu, kt\u00f3re maj\u0105 podw\u00f3jne znaczenie.<\/p>\n\n\n\n<ol class=\"wp-block-list\">\n<li><mark style=\"background-color:rgba(0, 0, 0, 0);color:#7847c2\" class=\"has-inline-color\">Chroni\u0105 ka\u017cdego biskupa przed w\u0142asn\u0105 odpowiedzialno\u015bci\u0105, bo &#8220;to konferencja episkopatu tak zadecydowa\u0142a, ja biedny, nic zrobi\u0107 nie mog\u0142em&#8221;.<\/mark><\/li>\n\n\n\n<li><mark style=\"background-color:rgba(0, 0, 0, 0);color:#7847c2\" class=\"has-inline-color\">Uniemo\u017cliwiaj\u0105 wykonywanie polece\u0144 rzymskich przez poszczeg\u00f3lnych biskup\u00f3w, gdy\u017c &#8220;strefa ozonowa konferencji episkopatu&#8221; wszystko op\u00f3\u017ania lub wr\u0119cz blokuje.<\/mark><\/li>\n\n\n\n<li><mark style=\"background-color:rgba(0, 0, 0, 0);color:#7847c2\" class=\"has-inline-color\">Krokiem ko\u0144cowym tego rozwoju jest &#8220;synodalno\u015b\u0107&#8221; burz\u0105ca hierarchiczn\u0105 struktur\u0119 Ko\u015bcio\u0142a.<\/mark><\/li>\n<\/ol>\n\n\n\n<p class=\"wp-block-paragraph\"><\/p>\n\n\n\n<h3 class=\"wp-block-heading\">IX.&nbsp;&nbsp;&nbsp;&nbsp;&nbsp;&nbsp;&nbsp;&nbsp;&nbsp;&nbsp;&nbsp;&nbsp; Papie\u017c rzymski, episkopat i hierarchiczna struktura Ko\u015bcio\u0142a<\/h3>\n\n\n\n<p class=\"has-text-align-justify wp-block-paragraph\">1. Uznaj\u0119 w Papie\u017cu Rzymskim nast\u0119pc\u0119 \u015bw. Piotra, Namiestnika Jezusa Chrystusa, najwy\u017cszego i powszechnego Pasterza, widzialn\u0105 g\u0142ow\u0119 ca\u0142ego Ko\u015bcio\u0142a, posiadaj\u0105cego z boskiego ustanowienia w\u0142adz\u0119 prawdziwie w\u0142a\u015bciw\u0105, najwy\u017csz\u0105, pe\u0142n\u0105, bezpo\u015bredni\u0105 i powszechn\u0105 jurysdykcj\u0119 nad wszystkimi pasterzami oraz nad wszystkimi wiernymi ochrzczonymi w Ko\u015bciele.<a href=\"#_ftn1\" id=\"_ftnref1\">[1]<\/a><\/p>\n\n\n\n<p class=\"has-text-align-justify wp-block-paragraph\">2. Wierz\u0119, \u017ce w\u0142adza ta nie pochodzi dla niego z delegacji ze strony wsp\u00f3lnoty, ale bezpo\u015brednio od samego Chrystusa, kt\u00f3ry ustanowi\u0142 t\u0119 funkcj\u0119 w celu ochrony doktryny wiary, u\u015bwi\u0119cania dusz i kierowania Ko\u015bcio\u0142em.<a href=\"#_ftn2\" id=\"_ftnref2\">[2]<\/a><\/p>\n\n\n\n<p class=\"has-text-align-justify wp-block-paragraph\">3. Uznaj\u0119, \u017ce z racji tej w\u0142a\u015bciwej i prawdziwej w\u0142adzy pasterze i wierni s\u0105 mu winni szacunek i synowskie pos\u0142usze\u0144stwo we wszystkim, co dotyczy prawowitego sprawowania jego urz\u0119du. W ten spos\u00f3b, przy zachowaniu jedno\u015bci komunii z Papie\u017cem Rzymskim oraz jedno\u015bci wyznania tej samej wiary, Ko\u015bci\u00f3\u0142 Chrystusowy stanowi jedn\u0105 owczarni\u0119 pod jednym najwy\u017cszym Pasterzem.<a href=\"#_ftn3\" id=\"_ftnref3\">[3]<\/a><\/p>\n\n\n\n<p class=\"has-text-align-justify wp-block-paragraph\">4. Uznaj\u0119 r\u00f3wnie\u017c, \u017ce biskupi s\u0105 nast\u0119pcami Aposto\u0142\u00f3w, co czyni ich prawdziwymi pasterzami z prawa Bo\u017cego, posiadaj\u0105cymi w Ko\u015bciele, z woli Chrystusa, szczeg\u00f3ln\u0105 i podporz\u0105dkowan\u0105 jurysdykcj\u0119, kt\u00f3r\u0105 <strong>otrzymuj\u0105 bezpo\u015brednio od Papie\u017ca Rzymskiego<\/strong>.<a href=\"#_ftn4\" id=\"_ftnref4\">[4]<\/a>\u00a0 Zjednoczeni z nim, w pos\u0142usze\u0144stwie wobec jego najwy\u017cszej w\u0142adzy, zgodnie z porz\u0105dkiem hierarchicznym ustanowionym przez Ducha \u015awi\u0119tego zgodnie z wol\u0105 Chrystusa, s\u0142usznie sprawuj\u0105 swoj\u0105 w\u0142adz\u0119 w swoich diecezjach.<a href=\"#_ftn5\" id=\"_ftnref5\">[5]<\/a><\/p>\n\n\n\n<p class=\"has-text-align-justify wp-block-paragraph\">5. Ponadto uznaj\u0119, \u017ce zgromadzenie biskup\u00f3w, zjednoczone ze swoj\u0105 g\u0142ow\u0105, jak\u0105 jest Papie\u017c Rzymski, i nigdy bez tej g\u0142owy, mo\u017ce by\u0107 nadzwyczajnym i nietrwa\u0142ym podmiotem pe\u0142nej i najwy\u017cszej w\u0142adzy nad Ko\u015bcio\u0142em powszechnym, ale ma to miejsce wy\u0142\u0105cznie w ramach obrad soboru powszechnego, z inicjatywy i na polecenie samego Papie\u017ca Rzymskiego oraz w granicach jego wy\u0142\u0105cznej woli.<a href=\"#_ftn6\" id=\"_ftnref6\">[6]<\/a><\/p>\n\n\n\n<p class=\"has-text-align-justify wp-block-paragraph\">6. W zwi\u0105zku z tym odrzucam koncepcje kolegialistyczne, kt\u00f3re uczyni\u0142yby kolegium biskup\u00f3w <strong>sta\u0142\u0105 osob\u0105 prawn\u0105<\/strong> w Ko\u015bciele lub <strong>drugim podmiotem najwy\u017cszej w\u0142adzy<\/strong>, odr\u0119bnym od nast\u0119pcy Piotra. Monarchiczna konstytucja Ko\u015bcio\u0142a jest instytucj\u0105 bosk\u0105 i nienaruszaln\u0105 i tak\u0105 pozostanie a\u017c do ko\u0144ca czas\u00f3w, gdy\u017c nikt nie mo\u017ce na nowo zdefiniowa\u0107 funkcji, jak\u0105 sam Chrystus powierzy\u0142 Piotrowi w swoim Ko\u015bciele.<a href=\"#_ftn7\" id=\"_ftnref7\">[7]<\/a><\/p>\n\n\n\n<p class=\"has-text-align-justify wp-block-paragraph\">7.  Odrzucam r\u00f3wnie\u017c koncepcje synodalistyczne, kt\u00f3re d\u0105\u017c\u0105 do przekszta\u0142cenia hierarchicznego Ko\u015bcio\u0142a w struktur\u0119 konsultacyjn\u0105, parlamentarn\u0105 lub demokratyczn\u0105, podlegaj\u0105c\u0105 zmiennym opiniom ludu chrze\u015bcija\u0144skiego lub naciskom \u015bwiata. Zbiorowe sumienie wiernych, badania duszpasterskie, wra\u017cliwo\u015b\u0107 kulturowa i oczekiwania \u015bwiata <strong>nie s\u0105 \u017ar\u00f3d\u0142ami Objawienia<\/strong>. Uzasadnione ws\u0142uchiwanie si\u0119 w g\u0142os dusz nie mo\u017ce nigdy sta\u0107 si\u0119 ci\u0105g\u0142ym dostosowywaniem \u017cycia Ko\u015bcio\u0142a, jego doktryny i boskiej konstytucji do ducha \u015bwiata pod pretekstem interpretowania <em>\u201esensus<\/em> fidei\u201d ludu Bo\u017cego.<a href=\"#_ftn8\" id=\"_ftnref8\">[8]<\/a><\/p>\n\n\n\n<ol class=\"wp-block-list\"><\/ol>\n\n\n\n<hr class=\"wp-block-separator has-alpha-channel-opacity\"\/>\n\n\n\n<p class=\"has-text-align-justify wp-block-paragraph\" style=\"font-size:14px;line-height:1.2\"><a href=\"#_ftnref1\" id=\"_ftn1\">[1]<\/a> Drugi Sob\u00f3r w Lyonie (1274); Sob\u00f3r we Florencji (1439); Konstytucja dogmatyczna <em>Pastor aeternus<\/em> o Ko\u015bciele.<\/p>\n\n\n\n<p class=\"has-text-align-justify wp-block-paragraph\" style=\"font-size:14px;line-height:1.2\"><a href=\"#_ftnref2\" id=\"_ftn2\">[2]<\/a> Sob\u00f3r Watyka\u0144ski I (1870), Konstytucja dogmatyczna <em>Pastor aeternus<\/em>, rozdzia\u0142 III.<\/p>\n\n\n\n<p class=\"wp-block-paragraph\" style=\"font-size:14px;line-height:1.2\"><a href=\"#_ftnref3\" id=\"_ftn3\">[3]<\/a> <em>Tam\u017ce<\/em>, rozdzia\u0142y I\u2013III.<\/p>\n\n\n\n<p class=\"has-text-align-justify wp-block-paragraph\" style=\"font-size:14px;line-height:1.2\"><a href=\"#_ftnref4\" id=\"_ftn4\">[4]<\/a> Pius XII, encyklika <em>\u201eMystici corporis<\/em>\u201d (29 czerwca 1943 r.); encyklika <em>\u201eAd sinarum gentem\u201d<\/em> (7 pa\u017adziernika 1954 r.); encyklika <em>\u201eAd apostolorum principis<\/em>\u201d (29 czerwca 1958 r.).<\/p>\n\n\n\n<p class=\"has-text-align-justify wp-block-paragraph\" style=\"font-size:14px;line-height:1.2\"><a href=\"#_ftnref5\" id=\"_ftn5\">[5]<\/a> Sob\u00f3r Watyka\u0144ski I (1870), Konstytucja dogmatyczna <em>Pastor aeternus<\/em>, rozdzia\u0142 III.<\/p>\n\n\n\n<p class=\"has-text-align-justify wp-block-paragraph\" style=\"font-size:14px;line-height:1.2\"><a href=\"#_ftnref6\" id=\"_ftn6\">[6]<\/a> Sob\u00f3r Watyka\u0144ski I (1870), Konstytucja dogmatyczna <em>Pastor aeternus<\/em>, rozdzia\u0142y I\u2013III; Leon XIII<em>,<\/em> encyklika <em>Satis cognitum<\/em> (29 czerwca 1896 r.); Pius XI, encyklika <em>Ecclesiam Dei<\/em> (12 listopada 1923 r.); Pius XII, encyklika <em>Mystici corporis<\/em> (29 czerwca 1943 r.); przem\u00f3wienie (2 pa\u017adziernika 1945 r.).<\/p>\n\n\n\n<p class=\"has-text-align-justify wp-block-paragraph\" style=\"font-size:14px;line-height:1.2\"><a href=\"#_ftnref7\" id=\"_ftn7\">[7]<\/a> Pius VI, List <em>\u201ePost factum\u201d<\/em> do arcybiskupa Trewiru (2 lutego 1782 r.), w: <em>*Les Enseignements pontificaux*<\/em> (Solesmes), *L\u2019\u00c9glise*, tom I, \u00a719; Sob\u00f3r Watyka\u0144ski I (1870 r.) w konstytucji dogmatycznej <em>*Pastor aeternus*<\/em>, rozdzia\u0142 I, stwierdza jednoznacznie, \u017ce wy\u0142\u0105cznie \u015bw. Piotr jest podmiotem prymatu: \u201eW jawnej sprzeczno\u015bci z t\u0105 jasn\u0105 doktryn\u0105 Pisma \u015awi\u0119tego, tak jak zawsze by\u0142a ona rozumiana przez Ko\u015bci\u00f3\u0142 katolicki, stoj\u0105 przewrotne pogl\u0105dy tych, kt\u00f3rzy, wypaczaj\u0105c form\u0119 rz\u0105d\u00f3w ustanowion\u0105 przez Chrystusa Pana w Jego Ko\u015bciele, zaprzeczaj\u0105, \u017ce Piotr, jako jedyna osoba, przed wszystkimi innymi aposto\u0142ami, czy to rozpatrywanymi osobno, czy razem, zosta\u0142 obdarzony przez Chrystusa prawdziwym i w\u0142a\u015bciwym prymatem jurysdykcji [\u2026]\u201d (DS 3054); a jeszcze wcze\u015bniej stwierdzono: \u201eI to w\u0142a\u015bnie wy\u0142\u0105cznie Szymonowi Jezus, po swoim Zmartwychwstaniu, powierzy\u0142 jurysdykcj\u0119 Najwy\u017cszego Pasterza i W\u0142adcy nad ca\u0142\u0105 swoj\u0105 owczarni\u0105 [\u2026]\u201d (DS 3053).<\/p>\n\n\n\n<p class=\"wp-block-paragraph\" style=\"font-size:14px;line-height:1.2\"><a href=\"#_ftnref8\" id=\"_ftn8\">[8]<\/a> \u015awi\u0119ty Pius X, dekret <em>Lamentabili<\/em>, pot\u0119pi\u0142 tez\u0119 nr 6, DS 3406.<\/p>\n\n\n\n<div class=\"wp-block-kadence-infobox kt-info-box74405_787106-ce\"><a class=\"kt-blocks-info-box-link-wrap info-box-link kt-blocks-info-box-media-align-top kt-info-halign-center\" target=\"_blank\" rel=\"noopener noreferrer\" href=\"https:\/\/wobronietradycjiiwiary.com\/pl\/subskrypcje-2\/\"><div class=\"kt-blocks-info-box-media-container\"><div class=\"kt-blocks-info-box-media kt-info-media-animate-none\"><div class=\"kadence-info-box-image-inner-intrisic-container\"><div class=\"kadence-info-box-image-intrisic kt-info-animate-none\"><div class=\"kadence-info-box-image-inner-intrisic\"><img decoding=\"async\" data-attachment-id=\"99768\" data-permalink=\"https:\/\/wobronietradycjiiwiary.com\/pl\/cropped-cropped-st-peters-dome-vatican-1-jpg\/\" data-orig-file=\"https:\/\/wobronietradycjiiwiary.com\/wp-content\/uploads\/2015\/10\/cropped-cropped-st-peters-dome-vatican-1.jpg\" data-orig-size=\"512,512\" data-comments-opened=\"1\" data-image-meta=\"{&quot;aperture&quot;:&quot;0&quot;,&quot;credit&quot;:&quot;&quot;,&quot;camera&quot;:&quot;&quot;,&quot;caption&quot;:&quot;&quot;,&quot;created_timestamp&quot;:&quot;0&quot;,&quot;copyright&quot;:&quot;&quot;,&quot;focal_length&quot;:&quot;0&quot;,&quot;iso&quot;:&quot;0&quot;,&quot;shutter_speed&quot;:&quot;0&quot;,&quot;title&quot;:&quot;&quot;,&quot;orientation&quot;:&quot;0&quot;}\" data-image-title=\"cropped-cropped-st-peters-dome-vatican-1.jpg\" data-image-description=\"&lt;p&gt;https:\/\/wobronietradycjiiwiary.com\/wp-content\/uploads\/2015\/10\/cropped-cropped-st-peters-dome-vatican-1.jpg&lt;\/p&gt;\n\" data-image-caption=\"\" data-large-file=\"https:\/\/wobronietradycjiiwiary.com\/wp-content\/uploads\/2015\/10\/cropped-cropped-st-peters-dome-vatican-1.jpg\" src=\"https:\/\/wobronietradycjiiwiary.com\/wp-content\/uploads\/2015\/10\/cropped-cropped-st-peters-dome-vatican-1-150x150.jpg\" alt=\"\" width=\"150\" height=\"150\" class=\"kt-info-box-image wp-image-99768\" srcset=\"https:\/\/wobronietradycjiiwiary.com\/wp-content\/uploads\/2015\/10\/cropped-cropped-st-peters-dome-vatican-1-150x150.jpg 150w, https:\/\/wobronietradycjiiwiary.com\/wp-content\/uploads\/2015\/10\/cropped-cropped-st-peters-dome-vatican-1-300x300.jpg 300w, https:\/\/wobronietradycjiiwiary.com\/wp-content\/uploads\/2015\/10\/cropped-cropped-st-peters-dome-vatican-1-12x12.jpg 12w, https:\/\/wobronietradycjiiwiary.com\/wp-content\/uploads\/2015\/10\/cropped-cropped-st-peters-dome-vatican-1-400x400.jpg?crop=1 400w, https:\/\/wobronietradycjiiwiary.com\/wp-content\/uploads\/2015\/10\/cropped-cropped-st-peters-dome-vatican-1-200x200.jpg?crop=1 200w, https:\/\/wobronietradycjiiwiary.com\/wp-content\/uploads\/2015\/10\/cropped-cropped-st-peters-dome-vatican-1-100x100.jpg?crop=1 100w, https:\/\/wobronietradycjiiwiary.com\/wp-content\/uploads\/2015\/10\/cropped-cropped-st-peters-dome-vatican-1-270x270.jpg 270w, https:\/\/wobronietradycjiiwiary.com\/wp-content\/uploads\/2015\/10\/cropped-cropped-st-peters-dome-vatican-1-192x192.jpg 192w, https:\/\/wobronietradycjiiwiary.com\/wp-content\/uploads\/2015\/10\/cropped-cropped-st-peters-dome-vatican-1-180x180.jpg 180w, https:\/\/wobronietradycjiiwiary.com\/wp-content\/uploads\/2015\/10\/cropped-cropped-st-peters-dome-vatican-1-32x32.jpg 32w, https:\/\/wobronietradycjiiwiary.com\/wp-content\/uploads\/2015\/10\/cropped-cropped-st-peters-dome-vatican-1.jpg 512w\" sizes=\"(max-width: 150px) 100vw, 150px\" \/><\/div><\/div><\/div><\/div><\/div><div class=\"kt-infobox-textcontent\"><h2 class=\"kt-blocks-info-box-title\">Chcesz czyta\u0107 wszystko?<\/h2><p class=\"kt-blocks-info-box-text\"><strong>Wykup abonament.<\/strong><\/p><\/div><\/a><\/div>\n\n\n\n<div class=\"wp-block-cover aligncenter\" style=\"min-height:361px;aspect-ratio:unset;\"><img fetchpriority=\"high\" decoding=\"async\" width=\"524\" height=\"539\" data-attachment-id=\"115630\" data-permalink=\"https:\/\/wobronietradycjiiwiary.com\/pl\/church-militant-o-naduzyciach-seksualnych-w-bractwie-sw-piusa-x-nowy-cykl\/ec48bf44892c29b895741920e0bdef09-2\/\" data-orig-file=\"https:\/\/wobronietradycjiiwiary.com\/wp-content\/uploads\/2024\/04\/ec48bf44892c29b895741920e0bdef09.jpg\" data-orig-size=\"524,539\" data-comments-opened=\"1\" data-image-meta=\"{&quot;aperture&quot;:&quot;0&quot;,&quot;credit&quot;:&quot;&quot;,&quot;camera&quot;:&quot;&quot;,&quot;caption&quot;:&quot;&quot;,&quot;created_timestamp&quot;:&quot;0&quot;,&quot;copyright&quot;:&quot;&quot;,&quot;focal_length&quot;:&quot;0&quot;,&quot;iso&quot;:&quot;0&quot;,&quot;shutter_speed&quot;:&quot;0&quot;,&quot;title&quot;:&quot;&quot;,&quot;orientation&quot;:&quot;0&quot;}\" data-image-title=\"ec48bf44892c29b895741920e0bdef09\" data-image-description=\"\" data-image-caption=\"\" data-large-file=\"https:\/\/wobronietradycjiiwiary.com\/wp-content\/uploads\/2024\/04\/ec48bf44892c29b895741920e0bdef09.jpg\" class=\"wp-block-cover__image-background wp-image-115630\" alt=\"\" src=\"https:\/\/wobronietradycjiiwiary.com\/wp-content\/uploads\/2024\/04\/ec48bf44892c29b895741920e0bdef09.jpg\" style=\"object-position:57% 0%\" data-object-fit=\"cover\" data-object-position=\"57% 0%\" srcset=\"https:\/\/wobronietradycjiiwiary.com\/wp-content\/uploads\/2024\/04\/ec48bf44892c29b895741920e0bdef09.jpg 524w, https:\/\/wobronietradycjiiwiary.com\/wp-content\/uploads\/2024\/04\/ec48bf44892c29b895741920e0bdef09-450x463.jpg 450w, https:\/\/wobronietradycjiiwiary.com\/wp-content\/uploads\/2024\/04\/ec48bf44892c29b895741920e0bdef09-292x300.jpg 292w, https:\/\/wobronietradycjiiwiary.com\/wp-content\/uploads\/2024\/04\/ec48bf44892c29b895741920e0bdef09-146x150.jpg 146w, https:\/\/wobronietradycjiiwiary.com\/wp-content\/uploads\/2024\/04\/ec48bf44892c29b895741920e0bdef09-12x12.jpg 12w, https:\/\/wobronietradycjiiwiary.com\/wp-content\/uploads\/2024\/04\/ec48bf44892c29b895741920e0bdef09-58x60.jpg 58w, https:\/\/wobronietradycjiiwiary.com\/wp-content\/uploads\/2024\/04\/ec48bf44892c29b895741920e0bdef09-87x90.jpg 87w\" sizes=\"(max-width: 524px) 100vw, 524px\" \/><span aria-hidden=\"true\" class=\"wp-block-cover__background has-background-dim\"><\/span><div class=\"wp-block-cover__inner-container is-layout-flow wp-block-cover-is-layout-flow\">\n<p class=\"has-text-align-center has-large-font-size wp-block-paragraph\"><mark style=\"background-color:rgba(0, 0, 0, 0)\" class=\"has-inline-color has-luminous-vivid-amber-color\"><strong>Spodoba\u0142o si\u0119? Wspieraj nas!<\/strong><\/mark><\/p>\n\n\n\n<p class=\"has-text-align-center wp-block-paragraph\"><strong>Kart\u0105, paypalem lub bezpo\u015brednim przelewem<\/strong>.<\/p>\n\n\n\n<p class=\"has-text-align-center wp-block-paragraph\" style=\"font-size:39px\"><a aria-label=\" (opens in a new tab)\" class=\"ek-link\" href=\"https:\/\/donate.stripe.com\/6oE7uNfHU4nXe2I7su\" target=\"_blank\" rel=\"noreferrer noopener\"><mark style=\"background-color:rgba(0, 0, 0, 0)\" class=\"has-inline-color has-white-color\"><strong>Datki<\/strong> <\/mark><\/a><\/p>\n<\/div><\/div>\n","protected":false},"excerpt":{"rendered":"<p>O przedsoborowym i posoborowym pogl\u0105dzie na hierarchi\u0119 w Ko\u015bciele.<\/p>\n","protected":false},"author":60508433,"featured_media":167306,"comment_status":"open","ping_status":"open","sticky":false,"template":"","format":"standard","meta":{"_bbp_topic_count":0,"_bbp_reply_count":0,"_bbp_total_topic_count":0,"_bbp_total_reply_count":0,"_bbp_voice_count":0,"_bbp_anonymous_reply_count":0,"_bbp_topic_count_hidden":0,"_bbp_reply_count_hidden":0,"_bbp_forum_subforum_count":0,"_editorskit_title_hidden":false,"_editorskit_reading_time":0,"_editorskit_is_block_options_detached":false,"_editorskit_block_options_position":"{}","_coblocks_attr":"","_coblocks_dimensions":"","_coblocks_responsive_height":"","_coblocks_accordion_ie_support":"","_exactmetrics_skip_tracking":false,"_jetpack_newsletter_access":"","_jetpack_dont_email_post_to_subs":false,"_jetpack_newsletter_tier_id":0,"_jetpack_memberships_contains_paywalled_content":false,"_wpcom_ai_launchpad_first_post":false,"_jetpack_feature_clip_id":0,"_jetpack_memberships_contains_paid_content":false,"footnotes":"","jetpack_publicize_message":"{title}\n\n{excerpt}\n\n{url}","jetpack_publicize_feature_enabled":true,"jetpack_social_post_already_shared":true,"jetpack_social_options":{"image_generator_settings":{"template":"highway","default_image_id":0,"font":"","enabled":false},"version":2},"_wpas_customize_per_network":false,"jetpack_post_was_ever_published":false},"categories":[610132691,610136245],"tags":[610136255,610130654,610136338],"class_list":["post-170323","post","type-post","status-publish","format-standard","has-post-thumbnail","hentry","category-fsspx-inne-kwestie","category-wyznanie-wiary-fsspx","tag-credo-fsspx","tag-fsspx","tag-hierarchia-w-kosciele"],"yoast_head":"<!-- This site is optimized with the Yoast SEO plugin v28.3 - https:\/\/yoast.com\/product\/yoast-seo-wordpress\/ -->\n<title>FSSPX: Wyznanie wiary katolickiej (9 z 20). Papie\u017c, episkopat, hierarchiczna struktura. - Tradycja i Wiara<\/title>\n<meta name=\"robots\" content=\"index, follow, max-snippet:-1, max-image-preview:large, max-video-preview:-1\" \/>\n<link rel=\"canonical\" href=\"https:\/\/wobronietradycjiiwiary.com\/pl\/fsspx-wyznanie-wiary-katolickiej-9-z-20-papiez-episkopat-hierarchiczna-struktura\/\" \/>\n<meta property=\"og:locale\" content=\"pl_PL\" \/>\n<meta property=\"og:type\" content=\"article\" \/>\n<meta property=\"og:title\" content=\"FSSPX: Wyznanie wiary katolickiej (9 z 20). Papie\u017c, episkopat, hierarchiczna struktura. - Tradycja i Wiara\" \/>\n<meta property=\"og:description\" content=\"O przedsoborowym i posoborowym pogl\u0105dzie na hierarchi\u0119 w Ko\u015bciele.\" \/>\n<meta property=\"og:url\" content=\"https:\/\/wobronietradycjiiwiary.com\/pl\/fsspx-wyznanie-wiary-katolickiej-9-z-20-papiez-episkopat-hierarchiczna-struktura\/\" \/>\n<meta property=\"og:site_name\" content=\"Tradycja i Wiara\" \/>\n<meta property=\"article:publisher\" content=\"https:\/\/www.facebook.com\/Tradycja-i-Wiara-108813920592249\" \/>\n<meta property=\"article:published_time\" content=\"2026-08-31T06:00:00+00:00\" \/>\n<meta property=\"article:modified_time\" content=\"2026-08-31T09:40:17+00:00\" \/>\n<meta property=\"og:image\" content=\"https:\/\/wobronietradycjiiwiary.com\/wp-content\/uploads\/2026\/06\/Tu-Es-Sacerdos-Edited.jpg\" \/>\n\t<meta property=\"og:image:width\" content=\"1236\" \/>\n\t<meta property=\"og:image:height\" content=\"1600\" \/>\n\t<meta property=\"og:image:type\" content=\"image\/jpeg\" \/>\n<meta name=\"author\" content=\"Traditio et Fides\" \/>\n<meta name=\"twitter:card\" content=\"summary_large_image\" \/>\n<meta name=\"twitter:label1\" content=\"Napisane przez\" \/>\n\t<meta name=\"twitter:data1\" content=\"Traditio et Fides\" \/>\n\t<meta name=\"twitter:label2\" content=\"Szacowany czas czytania\" \/>\n\t<meta name=\"twitter:data2\" content=\"6 minut\" \/>\n<script type=\"application\/ld+json\" class=\"yoast-schema-graph\">{\"@context\":\"https:\\\/\\\/schema.org\",\"@graph\":[{\"@type\":\"Article\",\"@id\":\"https:\\\/\\\/wobronietradycjiiwiary.com\\\/fsspx-wyznanie-wiary-katolickiej-9-z-20-papiez-episkopat-hierarchiczna-struktura\\\/#article\",\"isPartOf\":{\"@id\":\"https:\\\/\\\/wobronietradycjiiwiary.com\\\/fsspx-wyznanie-wiary-katolickiej-9-z-20-papiez-episkopat-hierarchiczna-struktura\\\/\"},\"author\":{\"name\":\"Traditio et Fides\",\"@id\":\"https:\\\/\\\/wobronietradycjiiwiary.com\\\/pl\\\/#\\\/schema\\\/person\\\/2d6180ce6abcb681fef0daab7816e8f3\"},\"headline\":\"FSSPX: Wyznanie wiary katolickiej (9 z 20). Papie\u017c, episkopat, hierarchiczna struktura.\",\"datePublished\":\"2026-08-31T06:00:00+00:00\",\"dateModified\":\"2026-08-31T09:40:17+00:00\",\"mainEntityOfPage\":{\"@id\":\"https:\\\/\\\/wobronietradycjiiwiary.com\\\/fsspx-wyznanie-wiary-katolickiej-9-z-20-papiez-episkopat-hierarchiczna-struktura\\\/\"},\"wordCount\":957,\"commentCount\":0,\"publisher\":{\"@id\":\"https:\\\/\\\/wobronietradycjiiwiary.com\\\/pl\\\/#organization\"},\"image\":{\"@id\":\"https:\\\/\\\/wobronietradycjiiwiary.com\\\/fsspx-wyznanie-wiary-katolickiej-9-z-20-papiez-episkopat-hierarchiczna-struktura\\\/#primaryimage\"},\"thumbnailUrl\":\"https:\\\/\\\/wobronietradycjiiwiary.com\\\/wp-content\\\/uploads\\\/2026\\\/06\\\/Tu-Es-Sacerdos-Edited.jpg\",\"keywords\":[\"Credo FSSPX\",\"FSSPX\",\"hierarchia w Ko\u015bciele\"],\"articleSection\":[\"FSSPX - inne kwestie\",\"Wyznanie wiary FSSPX\"],\"inLanguage\":\"pl-PL\",\"potentialAction\":[{\"@type\":\"CommentAction\",\"name\":\"Comment\",\"target\":[\"https:\\\/\\\/wobronietradycjiiwiary.com\\\/fsspx-wyznanie-wiary-katolickiej-9-z-20-papiez-episkopat-hierarchiczna-struktura\\\/#respond\"]}]},{\"@type\":\"WebPage\",\"@id\":\"https:\\\/\\\/wobronietradycjiiwiary.com\\\/fsspx-wyznanie-wiary-katolickiej-9-z-20-papiez-episkopat-hierarchiczna-struktura\\\/\",\"url\":\"https:\\\/\\\/wobronietradycjiiwiary.com\\\/fsspx-wyznanie-wiary-katolickiej-9-z-20-papiez-episkopat-hierarchiczna-struktura\\\/\",\"name\":\"FSSPX: Wyznanie wiary katolickiej (9 z 20). Papie\u017c, episkopat, hierarchiczna struktura. - Tradycja i Wiara\",\"isPartOf\":{\"@id\":\"https:\\\/\\\/wobronietradycjiiwiary.com\\\/pl\\\/#website\"},\"primaryImageOfPage\":{\"@id\":\"https:\\\/\\\/wobronietradycjiiwiary.com\\\/fsspx-wyznanie-wiary-katolickiej-9-z-20-papiez-episkopat-hierarchiczna-struktura\\\/#primaryimage\"},\"image\":{\"@id\":\"https:\\\/\\\/wobronietradycjiiwiary.com\\\/fsspx-wyznanie-wiary-katolickiej-9-z-20-papiez-episkopat-hierarchiczna-struktura\\\/#primaryimage\"},\"thumbnailUrl\":\"https:\\\/\\\/wobronietradycjiiwiary.com\\\/wp-content\\\/uploads\\\/2026\\\/06\\\/Tu-Es-Sacerdos-Edited.jpg\",\"datePublished\":\"2026-08-31T06:00:00+00:00\",\"dateModified\":\"2026-08-31T09:40:17+00:00\",\"breadcrumb\":{\"@id\":\"https:\\\/\\\/wobronietradycjiiwiary.com\\\/fsspx-wyznanie-wiary-katolickiej-9-z-20-papiez-episkopat-hierarchiczna-struktura\\\/#breadcrumb\"},\"inLanguage\":\"pl-PL\",\"potentialAction\":[{\"@type\":\"ReadAction\",\"target\":[\"https:\\\/\\\/wobronietradycjiiwiary.com\\\/fsspx-wyznanie-wiary-katolickiej-9-z-20-papiez-episkopat-hierarchiczna-struktura\\\/\"]}]},{\"@type\":\"ImageObject\",\"inLanguage\":\"pl-PL\",\"@id\":\"https:\\\/\\\/wobronietradycjiiwiary.com\\\/fsspx-wyznanie-wiary-katolickiej-9-z-20-papiez-episkopat-hierarchiczna-struktura\\\/#primaryimage\",\"url\":\"https:\\\/\\\/wobronietradycjiiwiary.com\\\/wp-content\\\/uploads\\\/2026\\\/06\\\/Tu-Es-Sacerdos-Edited.jpg\",\"contentUrl\":\"https:\\\/\\\/wobronietradycjiiwiary.com\\\/wp-content\\\/uploads\\\/2026\\\/06\\\/Tu-Es-Sacerdos-Edited.jpg\",\"width\":1236,\"height\":1600},{\"@type\":\"BreadcrumbList\",\"@id\":\"https:\\\/\\\/wobronietradycjiiwiary.com\\\/fsspx-wyznanie-wiary-katolickiej-9-z-20-papiez-episkopat-hierarchiczna-struktura\\\/#breadcrumb\",\"itemListElement\":[{\"@type\":\"ListItem\",\"position\":1,\"name\":\"Strona g\u0142\u00f3wna\",\"item\":\"https:\\\/\\\/wobronietradycjiiwiary.com\\\/\"},{\"@type\":\"ListItem\",\"position\":2,\"name\":\"FSSPX: Wyznanie wiary katolickiej (9 z 20). Papie\u017c, episkopat, hierarchiczna struktura.\"}]},{\"@type\":\"WebSite\",\"@id\":\"https:\\\/\\\/wobronietradycjiiwiary.com\\\/pl\\\/#website\",\"url\":\"https:\\\/\\\/wobronietradycjiiwiary.com\\\/pl\\\/\",\"name\":\"Tradycja i Wiara\",\"description\":\"Portal dla katolik\u00f3w.\",\"publisher\":{\"@id\":\"https:\\\/\\\/wobronietradycjiiwiary.com\\\/pl\\\/#organization\"},\"potentialAction\":[{\"@type\":\"SearchAction\",\"target\":{\"@type\":\"EntryPoint\",\"urlTemplate\":\"https:\\\/\\\/wobronietradycjiiwiary.com\\\/pl\\\/?s={search_term_string}\"},\"query-input\":{\"@type\":\"PropertyValueSpecification\",\"valueRequired\":true,\"valueName\":\"search_term_string\"}}],\"inLanguage\":\"pl-PL\"},{\"@type\":\"Organization\",\"@id\":\"https:\\\/\\\/wobronietradycjiiwiary.com\\\/pl\\\/#organization\",\"name\":\"Tradycja i Wiara\",\"url\":\"https:\\\/\\\/wobronietradycjiiwiary.com\\\/pl\\\/\",\"logo\":{\"@type\":\"ImageObject\",\"inLanguage\":\"pl-PL\",\"@id\":\"https:\\\/\\\/wobronietradycjiiwiary.com\\\/pl\\\/#\\\/schema\\\/logo\\\/image\\\/\",\"url\":\"https:\\\/\\\/i0.wp.com\\\/wobronietradycjiiwiary.com\\\/wp-content\\\/uploads\\\/2015\\\/10\\\/cropped-st-peters-dome-vatican.jpg?fit=940%2C198&ssl=1\",\"contentUrl\":\"https:\\\/\\\/i0.wp.com\\\/wobronietradycjiiwiary.com\\\/wp-content\\\/uploads\\\/2015\\\/10\\\/cropped-st-peters-dome-vatican.jpg?fit=940%2C198&ssl=1\",\"width\":940,\"height\":198,\"caption\":\"Tradycja i Wiara\"},\"image\":{\"@id\":\"https:\\\/\\\/wobronietradycjiiwiary.com\\\/pl\\\/#\\\/schema\\\/logo\\\/image\\\/\"},\"sameAs\":[\"https:\\\/\\\/www.facebook.com\\\/Tradycja-i-Wiara-108813920592249\"]},{\"@type\":\"Person\",\"@id\":\"https:\\\/\\\/wobronietradycjiiwiary.com\\\/pl\\\/#\\\/schema\\\/person\\\/2d6180ce6abcb681fef0daab7816e8f3\",\"name\":\"Traditio et Fides\",\"sameAs\":[\"https:\\\/\\\/traditionundglauben.com\"],\"url\":\"https:\\\/\\\/wobronietradycjiiwiary.com\\\/pl\\\/author\\\/wobronietradycjiiwiary\\\/\"}]}<\/script>\n<!-- \/ Yoast SEO plugin. -->","yoast_head_json":{"title":"FSSPX: Wyznanie wiary katolickiej (9 z 20). Papie\u017c, episkopat, hierarchiczna struktura. - Tradycja i Wiara","robots":{"index":"index","follow":"follow","max-snippet":"max-snippet:-1","max-image-preview":"max-image-preview:large","max-video-preview":"max-video-preview:-1"},"canonical":"https:\/\/wobronietradycjiiwiary.com\/pl\/fsspx-wyznanie-wiary-katolickiej-9-z-20-papiez-episkopat-hierarchiczna-struktura\/","og_locale":"pl_PL","og_type":"article","og_title":"FSSPX: Wyznanie wiary katolickiej (9 z 20). Papie\u017c, episkopat, hierarchiczna struktura. - Tradycja i Wiara","og_description":"O przedsoborowym i posoborowym pogl\u0105dzie na hierarchi\u0119 w Ko\u015bciele.","og_url":"https:\/\/wobronietradycjiiwiary.com\/pl\/fsspx-wyznanie-wiary-katolickiej-9-z-20-papiez-episkopat-hierarchiczna-struktura\/","og_site_name":"Tradycja i Wiara","article_publisher":"https:\/\/www.facebook.com\/Tradycja-i-Wiara-108813920592249","article_published_time":"2026-08-31T06:00:00+00:00","article_modified_time":"2026-08-31T09:40:17+00:00","og_image":[{"width":1236,"height":1600,"url":"https:\/\/wobronietradycjiiwiary.com\/wp-content\/uploads\/2026\/06\/Tu-Es-Sacerdos-Edited.jpg","type":"image\/jpeg"}],"author":"Traditio et Fides","twitter_card":"summary_large_image","twitter_misc":{"Napisane przez":"Traditio et Fides","Szacowany czas czytania":"6 minut"},"schema":{"@context":"https:\/\/schema.org","@graph":[{"@type":"Article","@id":"https:\/\/wobronietradycjiiwiary.com\/fsspx-wyznanie-wiary-katolickiej-9-z-20-papiez-episkopat-hierarchiczna-struktura\/#article","isPartOf":{"@id":"https:\/\/wobronietradycjiiwiary.com\/fsspx-wyznanie-wiary-katolickiej-9-z-20-papiez-episkopat-hierarchiczna-struktura\/"},"author":{"name":"Traditio et Fides","@id":"https:\/\/wobronietradycjiiwiary.com\/pl\/#\/schema\/person\/2d6180ce6abcb681fef0daab7816e8f3"},"headline":"FSSPX: Wyznanie wiary katolickiej (9 z 20). Papie\u017c, episkopat, hierarchiczna struktura.","datePublished":"2026-08-31T06:00:00+00:00","dateModified":"2026-08-31T09:40:17+00:00","mainEntityOfPage":{"@id":"https:\/\/wobronietradycjiiwiary.com\/fsspx-wyznanie-wiary-katolickiej-9-z-20-papiez-episkopat-hierarchiczna-struktura\/"},"wordCount":957,"commentCount":0,"publisher":{"@id":"https:\/\/wobronietradycjiiwiary.com\/pl\/#organization"},"image":{"@id":"https:\/\/wobronietradycjiiwiary.com\/fsspx-wyznanie-wiary-katolickiej-9-z-20-papiez-episkopat-hierarchiczna-struktura\/#primaryimage"},"thumbnailUrl":"https:\/\/wobronietradycjiiwiary.com\/wp-content\/uploads\/2026\/06\/Tu-Es-Sacerdos-Edited.jpg","keywords":["Credo FSSPX","FSSPX","hierarchia w Ko\u015bciele"],"articleSection":["FSSPX - inne kwestie","Wyznanie wiary FSSPX"],"inLanguage":"pl-PL","potentialAction":[{"@type":"CommentAction","name":"Comment","target":["https:\/\/wobronietradycjiiwiary.com\/fsspx-wyznanie-wiary-katolickiej-9-z-20-papiez-episkopat-hierarchiczna-struktura\/#respond"]}]},{"@type":"WebPage","@id":"https:\/\/wobronietradycjiiwiary.com\/fsspx-wyznanie-wiary-katolickiej-9-z-20-papiez-episkopat-hierarchiczna-struktura\/","url":"https:\/\/wobronietradycjiiwiary.com\/fsspx-wyznanie-wiary-katolickiej-9-z-20-papiez-episkopat-hierarchiczna-struktura\/","name":"FSSPX: Wyznanie wiary katolickiej (9 z 20). Papie\u017c, episkopat, hierarchiczna struktura. - Tradycja i Wiara","isPartOf":{"@id":"https:\/\/wobronietradycjiiwiary.com\/pl\/#website"},"primaryImageOfPage":{"@id":"https:\/\/wobronietradycjiiwiary.com\/fsspx-wyznanie-wiary-katolickiej-9-z-20-papiez-episkopat-hierarchiczna-struktura\/#primaryimage"},"image":{"@id":"https:\/\/wobronietradycjiiwiary.com\/fsspx-wyznanie-wiary-katolickiej-9-z-20-papiez-episkopat-hierarchiczna-struktura\/#primaryimage"},"thumbnailUrl":"https:\/\/wobronietradycjiiwiary.com\/wp-content\/uploads\/2026\/06\/Tu-Es-Sacerdos-Edited.jpg","datePublished":"2026-08-31T06:00:00+00:00","dateModified":"2026-08-31T09:40:17+00:00","breadcrumb":{"@id":"https:\/\/wobronietradycjiiwiary.com\/fsspx-wyznanie-wiary-katolickiej-9-z-20-papiez-episkopat-hierarchiczna-struktura\/#breadcrumb"},"inLanguage":"pl-PL","potentialAction":[{"@type":"ReadAction","target":["https:\/\/wobronietradycjiiwiary.com\/fsspx-wyznanie-wiary-katolickiej-9-z-20-papiez-episkopat-hierarchiczna-struktura\/"]}]},{"@type":"ImageObject","inLanguage":"pl-PL","@id":"https:\/\/wobronietradycjiiwiary.com\/fsspx-wyznanie-wiary-katolickiej-9-z-20-papiez-episkopat-hierarchiczna-struktura\/#primaryimage","url":"https:\/\/wobronietradycjiiwiary.com\/wp-content\/uploads\/2026\/06\/Tu-Es-Sacerdos-Edited.jpg","contentUrl":"https:\/\/wobronietradycjiiwiary.com\/wp-content\/uploads\/2026\/06\/Tu-Es-Sacerdos-Edited.jpg","width":1236,"height":1600},{"@type":"BreadcrumbList","@id":"https:\/\/wobronietradycjiiwiary.com\/fsspx-wyznanie-wiary-katolickiej-9-z-20-papiez-episkopat-hierarchiczna-struktura\/#breadcrumb","itemListElement":[{"@type":"ListItem","position":1,"name":"Strona g\u0142\u00f3wna","item":"https:\/\/wobronietradycjiiwiary.com\/"},{"@type":"ListItem","position":2,"name":"FSSPX: Wyznanie wiary katolickiej (9 z 20). Papie\u017c, episkopat, hierarchiczna struktura."}]},{"@type":"WebSite","@id":"https:\/\/wobronietradycjiiwiary.com\/pl\/#website","url":"https:\/\/wobronietradycjiiwiary.com\/pl\/","name":"Tradycja i Wiara","description":"Portal dla katolik\u00f3w.","publisher":{"@id":"https:\/\/wobronietradycjiiwiary.com\/pl\/#organization"},"potentialAction":[{"@type":"SearchAction","target":{"@type":"EntryPoint","urlTemplate":"https:\/\/wobronietradycjiiwiary.com\/pl\/?s={search_term_string}"},"query-input":{"@type":"PropertyValueSpecification","valueRequired":true,"valueName":"search_term_string"}}],"inLanguage":"pl-PL"},{"@type":"Organization","@id":"https:\/\/wobronietradycjiiwiary.com\/pl\/#organization","name":"Tradycja i Wiara","url":"https:\/\/wobronietradycjiiwiary.com\/pl\/","logo":{"@type":"ImageObject","inLanguage":"pl-PL","@id":"https:\/\/wobronietradycjiiwiary.com\/pl\/#\/schema\/logo\/image\/","url":"https:\/\/i0.wp.com\/wobronietradycjiiwiary.com\/wp-content\/uploads\/2015\/10\/cropped-st-peters-dome-vatican.jpg?fit=940%2C198&ssl=1","contentUrl":"https:\/\/i0.wp.com\/wobronietradycjiiwiary.com\/wp-content\/uploads\/2015\/10\/cropped-st-peters-dome-vatican.jpg?fit=940%2C198&ssl=1","width":940,"height":198,"caption":"Tradycja i Wiara"},"image":{"@id":"https:\/\/wobronietradycjiiwiary.com\/pl\/#\/schema\/logo\/image\/"},"sameAs":["https:\/\/www.facebook.com\/Tradycja-i-Wiara-108813920592249"]},{"@type":"Person","@id":"https:\/\/wobronietradycjiiwiary.com\/pl\/#\/schema\/person\/2d6180ce6abcb681fef0daab7816e8f3","name":"Traditio et Fides","sameAs":["https:\/\/traditionundglauben.com"],"url":"https:\/\/wobronietradycjiiwiary.com\/pl\/author\/wobronietradycjiiwiary\/"}]}},"jetpack_publicize_connections":[],"jetpack_sharing_enabled":true,"jetpack_likes_enabled":true,"jetpack_shortlink":"https:\/\/wp.me\/pc04Sd-Ij9","jetpack-related-posts":[{"id":9583,"url":"https:\/\/wobronietradycjiiwiary.com\/pl\/ann-barnhardt-vocem-alienorum-the-voice-of-antipope-francis-bergoglio-is-the-voice-of-a-stranger\/","url_meta":{"origin":170323,"position":0},"title":"Ann Barnhardt: Vocem Alienorum: The Voice of Antipope Francis Bergoglio Is the Voice of A Stranger","author":"Traditio et Fides","date":"22 czerwca 2016","format":false,"excerpt":"It is now clear to me, and I feel it morally incumbent upon me given my position to publicly state that I believe Jorge Bergoglio, \u201cFrancis\u201d to be an Antipope, never having been canonically elected, and that Joseph Ratzinger, Pope Benedict XVI is still the Roman Pontiff. The sheer quantity\u2026","rel":"","context":"W \u201e3. Benedykt XVI&quot;","block_context":{"text":"3. Benedykt XVI","link":"https:\/\/wobronietradycjiiwiary.com\/pl\/category\/polemika\/kosciol-posoborowy\/papieze\/benedykt-xvi-abdykacja\/"},"img":{"alt_text":"","src":"https:\/\/i0.wp.com\/wobronietradycjiiwiary.com\/wp-content\/uploads\/2016\/06\/joan_of_arc_on_horseback.png?resize=350%2C200&ssl=1","width":350,"height":200,"srcset":"https:\/\/i0.wp.com\/wobronietradycjiiwiary.com\/wp-content\/uploads\/2016\/06\/joan_of_arc_on_horseback.png?resize=350%2C200&ssl=1 1x, https:\/\/i0.wp.com\/wobronietradycjiiwiary.com\/wp-content\/uploads\/2016\/06\/joan_of_arc_on_horseback.png?resize=525%2C300&ssl=1 1.5x, https:\/\/i0.wp.com\/wobronietradycjiiwiary.com\/wp-content\/uploads\/2016\/06\/joan_of_arc_on_horseback.png?resize=700%2C400&ssl=1 2x, https:\/\/i0.wp.com\/wobronietradycjiiwiary.com\/wp-content\/uploads\/2016\/06\/joan_of_arc_on_horseback.png?resize=1050%2C600&ssl=1 3x, https:\/\/i0.wp.com\/wobronietradycjiiwiary.com\/wp-content\/uploads\/2016\/06\/joan_of_arc_on_horseback.png?resize=1400%2C800&ssl=1 4x"},"classes":[]}],"amp_enabled":true,"jetpack_featured_media_url":"https:\/\/wobronietradycjiiwiary.com\/wp-content\/uploads\/2026\/06\/Tu-Es-Sacerdos-Edited.jpg","_links":{"self":[{"href":"https:\/\/wobronietradycjiiwiary.com\/pl\/wp-json\/wp\/v2\/posts\/170323","targetHints":{"allow":["GET"]}}],"collection":[{"href":"https:\/\/wobronietradycjiiwiary.com\/pl\/wp-json\/wp\/v2\/posts"}],"about":[{"href":"https:\/\/wobronietradycjiiwiary.com\/pl\/wp-json\/wp\/v2\/types\/post"}],"author":[{"embeddable":true,"href":"https:\/\/wobronietradycjiiwiary.com\/pl\/wp-json\/wp\/v2\/users\/60508433"}],"replies":[{"embeddable":true,"href":"https:\/\/wobronietradycjiiwiary.com\/pl\/wp-json\/wp\/v2\/comments?post=170323"}],"version-history":[{"count":13,"href":"https:\/\/wobronietradycjiiwiary.com\/pl\/wp-json\/wp\/v2\/posts\/170323\/revisions"}],"predecessor-version":[{"id":170338,"href":"https:\/\/wobronietradycjiiwiary.com\/pl\/wp-json\/wp\/v2\/posts\/170323\/revisions\/170338"}],"wp:featuredmedia":[{"embeddable":true,"href":"https:\/\/wobronietradycjiiwiary.com\/pl\/wp-json\/wp\/v2\/media\/167306"}],"wp:attachment":[{"href":"https:\/\/wobronietradycjiiwiary.com\/pl\/wp-json\/wp\/v2\/media?parent=170323"}],"wp:term":[{"taxonomy":"category","embeddable":true,"href":"https:\/\/wobronietradycjiiwiary.com\/pl\/wp-json\/wp\/v2\/categories?post=170323"},{"taxonomy":"post_tag","embeddable":true,"href":"https:\/\/wobronietradycjiiwiary.com\/pl\/wp-json\/wp\/v2\/tags?post=170323"}],"curies":[{"name":"wp","href":"https:\/\/api.w.org\/{rel}","templated":true}]}}