{"id":170296,"date":"2026-08-30T08:15:22","date_gmt":"2026-08-30T06:15:22","guid":{"rendered":"https:\/\/wobronietradycjiiwiary.com\/?p=170296"},"modified":"2026-08-30T13:25:09","modified_gmt":"2026-08-30T11:25:09","slug":"30-go-sierpnia-zywot-swietej-rozy-limanskiej-dominikanki-2-2-3-2","status":"publish","type":"post","link":"https:\/\/wobronietradycjiiwiary.com\/pl\/30-go-sierpnia-zywot-swietej-rozy-limanskiej-dominikanki-2-2-3-2\/","title":{"rendered":"30-go Sierpnia. \u017bywot \u015bwi\u0119tej R\u00f3\u017cy Lima\u0144skiej, Dominikanki."},"content":{"rendered":"<div id=\"bsf_rt_marker\"><\/div>\n<p class=\"has-text-align-center wp-block-paragraph\">(\u017by\u0142a oko\u0142o roku Pa\u0144skiego 1617).<\/p>\n\n\n\n<figure class=\"wp-block-image\"><a href=\"https:\/\/pl.wikisource.org\/wiki\/Plik:%C5%BBywoty_%C5%9Bw._Pa%C5%84skich_na_wszystkie_dnie_roku-Inicja%C5%82-P.png\"><img decoding=\"async\" src=\"https:\/\/upload.wikimedia.org\/wikipedia\/commons\/thumb\/0\/06\/%C5%BBywoty_%C5%9Bw._Pa%C5%84skich_na_wszystkie_dnie_roku-Inicja%C5%82-P.png\/54px-%C5%BBywoty_%C5%9Bw._Pa%C5%84skich_na_wszystkie_dnie_roku-Inicja%C5%82-P.png\" alt=\"P\"\/><\/a><\/figure>\n\n\n\n<p class=\"has-text-align-justify wp-block-paragraph\">Pomi\u0119dzy mieszka\u0144cami Ameryki wywalczy\u0142a sobie \u015bwi\u0119ta R\u00f3\u017ca pierwsza zaszczyt o\u0142tarza. Urodzona w Limie, stolicy kraju perua\u0144skiego (w Ameryce Po\u0142udniowej), z rodzic\u00f3w niezamo\u017cnych, otrzyma\u0142a na Chrzcie \u015bw. imi\u0119 Izabeli, ale gdy matka pewnego razu nad obliczem drzemi\u0105cego dzieci\u0119cia spostrzeg\u0142a prze\u015bliczn\u0105 wonn\u0105 r\u00f3\u017c\u0119, wszyscy odt\u0105d j\u0105 R\u00f3\u017c\u0105 nazywali. Pi\u0119kne, \u0142agodne i milcz\u0105ce dziewcz\u0105tko by\u0142o pociech\u0105 i rozkosz\u0105 ca\u0142ego domu. Nie licz\u0105c jeszcze czterech lat, ju\u017c dawa\u0142a dowody nadzwyczajnej wytrwa\u0142o\u015bci i si\u0142y panowania nad sob\u0105. Spadaj\u0105ce bowiem wieko ci\u0119\u017ckiej skrzyni przyt\u0142oczy\u0142o ca\u0142ym ci\u0119\u017carem wielki palec jej prawicy; dziewczynka st\u0142umiwszy b\u00f3l, schowa\u0142a r\u0119k\u0119 pod fartuszek, a matka w kilka dni dopiero spostrzeg\u0142a ran\u0119 i przywo\u0142a\u0142a lekarza. Niezad\u0142ugo pokry\u0142a si\u0119 jej g\u0142owa g\u0119stym wyrzutem; matka niezr\u0119cznie chcia\u0142a go usun\u0105\u0107 smarowaniem ostr\u0105 ciecz\u0105, sk\u0105d bole\u015bci si\u0119 zwi\u0119kszy\u0142y, a dzieci\u0119 straszliwie cierpia\u0142o, \u017cadna jednak skarga nie wysz\u0142a z ust maluczkiej i ani \u0142za nie zwil\u017cy\u0142a jej oczu.<\/p>\n\n\n\n<p class=\"has-text-align-justify wp-block-paragraph\">Licz\u0105c lat pi\u0119tna\u015bcie, przyj\u0119\u0142a R\u00f3\u017ca Sakrament Bierzmowania a z nim mocno si\u0119 przej\u0119\u0142a boja\u017ani\u0105 Bo\u017c\u0105. Pewnego razu obryzga\u0142 starszy jej brat przy zabawie jej fryzur\u0119 nieczyst\u0105 ciecz\u0105. R\u00f3\u017ca, kt\u00f3ra zawsze czu\u0142a osobliwszy wstr\u0119t do brudu, mocno si\u0119 o to rozgniewa\u0142a. Widz\u0105c jej gniew, rzek\u0142 psotnik: <\/p>\n\n\n\n<p class=\"has-text-align-justify has-medium-font-size has-ek-indent wp-block-paragraph\" style=\"--ek-indent:20px\">\u201eD\u0142ugie w\u0142osy i warkocze panien s\u0105 sid\u0142ami, kt\u00f3remi szatan p\u0119ta serca m\u0142odzie\u0144c\u00f3w.\u201c <\/p>\n\n\n\n<p class=\"has-text-align-justify wp-block-paragraph\">Przera\u017cona temi s\u0142owy R\u00f3\u017ca uci\u0119\u0142a sobie w\u0142osy i \u015blubowa\u0142a Matce Boskiej, \u017ce nigdy za m\u0105\u017c nie p\u00f3jdzie. Od sz\u00f3stego roku \u017cycia przesta\u0142a je\u015b\u0107 owoc, po\u015bci\u0142a co \u015brod\u0119, pi\u0105tek i sobot\u0119 o chlebie i wodzie, sypia\u0142a tylko na twardych deskach, k\u0142ad\u0105c sobie pod g\u0142ow\u0119 kamie\u0144 miasto poduszki i wynajdywa\u0142a najrozmaitsze sposoby umartwienia. W ten spos\u00f3b wprawia\u0142a si\u0119 do pos\u0142usze\u0144stwa, \u0107wiczy\u0142a si\u0119 w mi\u0142o\u015bci Boga i rodzic\u00f3w, lubo ci cz\u0119stokro\u0107 wypowiadali \u017cyczenia jej przekonaniom wbrew przeciwne. Matka, usposobiona po \u015bwiatowemu i dumna z pi\u0119kno\u015bci c\u00f3rki, namawia\u0142a j\u0105 bezustannie, aby wi\u0119cej dba\u0142a o stroje. Udawa\u0142o si\u0119 nieraz R\u00f3\u017cy \u0142zami i pro\u015bbami ub\u0142aga\u0107 j\u0105, aby jej zostawi\u0142a woln\u0105 wol\u0119, czasem te\u017c silnemu parciu ust\u0105pi\u0107 musia\u0142a, ale natomiast przywdziewa\u0142a potajemnie ostrzejsz\u0105 w\u0142osienic\u0119, a na g\u0142ow\u0119 k\u0142ad\u0142a srebrn\u0105 przepask\u0119, opatrzon\u0105 wewn\u0105trz ostrymi gwo\u017adzikami na wz\u00f3r ciernistej korony Jezusa Chrystusa; zreszt\u0105 nigdy nie wykracza\u0142a przeciw pos\u0142usze\u0144stwu winnemu rodzicom. Z pilno\u015bci\u0105 pszcz\u00f3\u0142ki przep\u0119dza\u0142a dnie ca\u0142e przy hafcie i szyciu, sadzi\u0142a i sprzedawa\u0142a wonne bukiety z ogr\u00f3dka i wspiera\u0142a hojnie ubogie a liczne rodze\u0144stwo; chorowitych rodzic\u00f3w opatrywa\u0142a i piel\u0119gnowa\u0142a z anielsk\u0105 cierpliwo\u015bci\u0105, spe\u0142nia\u0142a wszystkie ich \u017cyczenia i sp\u0119dza\u0142a im z czo\u0142a trosk\u0119 i smutek.<\/p>\n\n\n\n<p class=\"has-text-align-justify wp-block-paragraph\">Gdy dosz\u0142a wieku dziewiczego, wielu m\u0142odzie\u0144c\u00f3w, zwabionych jej wdzi\u0119kami, pocz\u0119\u0142o si\u0119 ubiega\u0107 o jej r\u0119k\u0119, jako te\u017c matka nalega\u0142a na ni\u0105, a\u017ceby posz\u0142a za syna pewnej bogatej wdowy. Gdy R\u00f3\u017ca o\u015bwiadczy\u0142a, \u017ce chce pozosta\u0107 w stanie panie\u0144skim, matka udr\u0119czeniami, gro\u017ab\u0105 a nawet czynn\u0105 zniewag\u0105 chcia\u0142a prze\u0142ama\u0107 jej mniemany up\u00f3r. R\u00f3\u017ca jednak wiern\u0105 pozosta\u0142a Panu Jezusowi i wymog\u0142a na rodzicach pozwolenie wst\u0105pienia do trzeciego Zakonu \u015bwi\u0119tego Dominika. Otrzymawszy je, zwi\u0119kszy\u0142a \u0107wiczenia pokuty. Rodzice i krewni \u0142ajali j\u0105 o przesad\u0119, ganili podobne \u017cycie, rani\u0105c jej czu\u0142e serce ur\u0105ganiem i bolesnemi zarzuty. Za pomoc\u0105 wszak\u017ce brata, dziel\u0105cego jej przekonanie, zbudowa\u0142a sobie w k\u0105ciku ogr\u00f3dka ma\u0142\u0105 celk\u0119 z desek, w kt\u00f3rej oddawa\u0142a si\u0119 modlitwie, pracy i rozpami\u0119tywaniom. Niech\u0119tnie tylko bra\u0142a udzia\u0142 w towarzystwach, cho\u0107by i najpobo\u017cniejszych, mawiaj\u0105c: <\/p>\n\n\n\n<p class=\"has-text-align-justify has-medium-font-size has-ek-indent wp-block-paragraph\" style=\"--ek-indent:20px\">\u201eNie widz\u0119, na co si\u0119 to przyda m\u00f3wi\u0107 o Bogu. Lepiej przecie\u017c i przyjemniej rozmawia\u0107 z Nim, ani\u017celi o Nim.\u201c<\/p>\n\n\n\n<p class=\"has-text-align-justify wp-block-paragraph\">Cierpienia jej by\u0142y wielkie i pe\u0142ne goryczy. Z powodu surowych praktyk&nbsp;pokutnych i cz\u0119stych zachwyce\u0144, w kt\u00f3re popada\u0142a, szydzono z niej, zowi\u0105c j\u0105 ob\u0142udnic\u0105, op\u0119tan\u0105 i waryatk\u0105. Nawet spowiednik nie szcz\u0119dzi\u0142 jej \u0142aja\u0144 i przygany; ka\u017cdy cz\u0142onek jej cia\u0142a mia\u0142 sw\u00f3j b\u00f3l osobny, a dusza jej cierpia\u0142a przez lat pi\u0119tna\u015bcie na ozi\u0119b\u0142o\u015b\u0107 i osch\u0142o\u015b\u0107, nadto codziennie ca\u0142emi godzinami pozbawi\u0142 j\u0105 B\u00f3g nadprzyrodzonej rado\u015bci i zami\u0142owania dobrego, modlitwy i samotno\u015bci, tak \u017ce serce jej cz\u0119sto by\u0142o podobne do pustyni; czu\u0142a si\u0119 wi\u0119c opuszczon\u0105 od Boga, przypominaj\u0105c sobie, \u017ce dawniej pozna\u0142a i kocha\u0142a Boga, ale teraz wydawa\u0142o jej si\u0119, jak gdyby Mu si\u0119 sta\u0142a obc\u0105 i jakby serce jej zlodowacia\u0142o. Po takich godzinach pr\u00f3by i do\u015bwiadcze\u0144 \u015bwiat\u0142o niebieskie rozja\u015bnia\u0142o jej dusz\u0119, czu\u0142a si\u0119 jakby wzniesion\u0105 w Niebo, i zatwierdza\u0142a si\u0119 w przekonaniu, \u017ce wytrwa w mi\u0142o\u015bci ku Bogu. Gdy potem ow\u0142adn\u0119\u0142a jej dusz\u0119 obawa piek\u0142a, pami\u0119\u0107 jej tak s\u0142ab\u0142a, \u017ce nic sobie przypomnie\u0107 nie zdo\u0142a\u0142a, a niezno\u015bny b\u00f3l zwi\u0119kszon\u0105 si\u0142\u0105 dr\u0119czy\u0107 j\u0105 poczyna\u0142.<br><\/p>\n\n\n\n<p class=\"has-text-align-justify wp-block-paragraph\">\u2009Po latach pi\u0119tnastu przesta\u0142y j\u0105 trapi\u0107 te udr\u0119czenia; miewa\u0142a objawienia Dzieci\u0105tka Jezus, Maryi, Kr\u00f3lowej Niebios i Anio\u0142a Str\u00f3\u017ca, m\u00f3wi\u0142a o mi\u0142osierdziu Bo\u017cem tak rzewnie i czule, \u017ce przytomni oprze\u0107 si\u0119 nie mogli s\u0142odyczy jej s\u0142\u00f3w. Wolno jej by\u0142o komunikowa\u0107 trzy do czterech razy na tydzie\u0144, ale mimo to za ka\u017cd\u0105 raz\u0105 w\u015br\u00f3d \u0142ez si\u0119 spowiada\u0142a. Jej po\u0142\u0105czenie si\u0119 ze Zbawicielem by\u0142o tak doskona\u0142e, \u017ce zawsze Go mia\u0142a przed oczyma, przy ka\u017cdem zatrudnieniu i w ka\u017cdej rozmowie.<\/p>\n\n\n\n<p class=\"has-text-align-justify wp-block-paragraph\">\u2009W trzydziestym drugim roku \u017cycia zachorowa\u0142a R\u00f3\u017ca \u015bmiertelnie, a b\u00f3le we wszystkich cz\u0142onkach i stawach jej cia\u0142a dosi\u0105gn\u0119\u0142y tak wysokiego stopnia, \u017ce lekarze nie wiedzieli sobie rady i stali, nie wiedz\u0105c co pocz\u0105\u0107. Ona za\u015b szepta\u0142a: \u201ePanie, zwi\u0119ksz moje cierpienia, ale i mi\u0142o\u015b\u0107 moj\u0105.\u201c Wymawiaj\u0105c s\u0142owa: \u201eJezu, st\u00f3j przy mnie\u201c, umar\u0142a dnia dwudziestego czwartego sierpnia roku tysi\u0105c sze\u015b\u0107set siedemnastego. Cia\u0142o jej niezr\u00f3wnan\u0105 ja\u015bnia\u0142o pi\u0119kno\u015bci\u0105, rumieniec krasi\u0142 jej lica i mi\u0142y u\u015bmiech zdobi\u0142 jej usta, wi\u0119c przytomni s\u0105dzili, \u017ce jeszcze nie umar\u0142a. Nat\u0142ok ludu by\u0142 tak wielki, \u017ce zw\u0142oki jej musiano obstawi\u0107 \u017co\u0142nierzami i w ko\u0144cu przy zamkni\u0119tych drzwiach do grobowca spuszczono. Klemens Dziewi\u0105ty zaliczy\u0142 R\u00f3\u017c\u0119 w roku tysi\u0105c sze\u015b\u0107set sze\u015b\u0107dziesi\u0105tym \u00f3smym do B\u0142ogos\u0142awionych, Klemens Dziesi\u0105ty za\u015b w roku tysi\u0105c sze\u015b\u0107set siedemdziesi\u0105tym pierwszym do \u015awi\u0119tych Pa\u0144skich.<br><\/p>\n\n\n\n<h2 class=\"wp-block-heading\"><strong>Nauka moralna.<\/strong><\/h2>\n\n\n\n<p class=\"has-text-align-justify wp-block-paragraph\">\u2009Autor opisu \u017cywota \u015bwi\u0119tej R\u00f3\u017cy powiada, \u017ce Biskup Turybiusz udzieli\u0142 R\u00f3\u017cy Sakramentu Bierzmowania, gdy \u015awi\u0119ta ma\u0142em jeszcze by\u0142a dzieckiem. Sakrament ten darzy nas bowiem podw\u00f3jn\u0105 \u0142ask\u0105:<\/p>\n\n\n\n<p class=\"has-text-align-justify wp-block-paragraph\">1) Udziela nam si\u0142y do walki z wrogami Ko\u015bcio\u0142a, a si\u0142a ta mo\u017ce si\u0119 spot\u0119gowa\u0107 a\u017c do gotowo\u015bci m\u0119cze\u0144stwa. R\u00f3\u017ca \u015bwi\u0119ta musia\u0142a walczy\u0107 z dwoma najpot\u0119\u017cniejszymi wrogami, tj. w\u0142asnem cia\u0142em, hojnie uposa\u017conem we wdzi\u0119ki i wszelkie powaby i z matk\u0105, kt\u00f3ra powag\u0105 rodzicielsk\u0105 usi\u0142owa\u0142a zmusi\u0107 j\u0105 do pos\u0142usze\u0144stwa i zrzeczenia si\u0119 w\u0142asnej woli. Duch \u015bwi\u0119ty o\u015bwieci\u0142 R\u00f3\u017c\u0119 i natchn\u0105\u0142 j\u0105 tak skutecznie, i\u017c ani nie ubli\u017cy\u0142a szacunkowi powinnemu rodzicom, ani nie posz\u0142a za b\u0142\u0119dnemi ich przywidzeniami. Duch \u015bwi\u0119ty natchn\u0105\u0142 j\u0105 si\u0142\u0105 umorzenia w&nbsp;sobie poryw\u00f3w zmys\u0142owo\u015bci i cierpliwego znoszenia potwarzy i ur\u0105gowisk. Czemu\u017c B\u00f3g nie pomaga nam w walce z pokus\u0105 i po\u017c\u0105dliwo\u015bciami? Oto dlatego, \u017ce zimni i oboj\u0119tni jeste\u015bmy na g\u0142os Ducha \u015bwi\u0119tego i \u017ce wi\u0119cej si\u0119 obawiamy ludzi i ich zdania, ani\u017celi Boga.<\/p>\n\n\n\n<p class=\"has-text-align-justify wp-block-paragraph\">2) Bierzmowanie utwierdza w nas zaufanie w ukrzy\u017cowanym Chrystusie. Kap\u0142an kre\u015bli Krzy\u017cmem \u015bwi\u0119tem na czole naszem krzy\u017c, aby\u015bmy w walce z szatanem i przeszkodami zbawienia pami\u0119tali o Chrystusie&nbsp;\u201ekt\u00f3ry\u201c, jak m\u00f3wi Piotr \u015bwi\u0119ty (1 Piotr 2, 21),&nbsp;\u201eucierpia\u0142 za nas, zostawiaj\u0105c wam przyk\u0142ad, aby\u015bcie na\u015bladowali trop\u00f3w Jego\u201c, i za kt\u00f3rego wstawieniem Duch \u015bwi\u0119ty, ten Pocieszyciel Boski w nas zamieszka\u0142. Dlatego \u015bwi\u0119ta R\u00f3\u017ca sypia\u0142a na twardych deskach, dlatego nosi\u0142a na g\u0142owie koron\u0119 ciernist\u0105 i prosi\u0142a o zwi\u0119kszenie bole\u015bci nie z grzesznego zaufania do siebie, ale w celu zwi\u0119kszenia w sobie mi\u0142o\u015bci Boga. Krzy\u017c jest sztandarem Kr\u00f3la niebieskiego, zwyci\u0119zcy piekie\u0142 i \u015bmierci, a krzy\u017c na czole naszem jest oznak\u0105, \u017ce nale\u017cymy do sztandaru Chrystusowego i wiernie za Nim p\u00f3jdziemy. Wstyd nam przeto i ha\u0144ba zbiegom z pod tego sztandaru, jako te\u017c ha\u0144ba tym, kt\u00f3rzy ten sztandar dlatego opuszczaj\u0105, \u017ce p\u00f3\u0142m\u0119drek albo raczej p\u00f3\u0142g\u0142\u00f3wek jaki\u015b nazwie ich ob\u0142udnikami, \u015bwi\u0119toszkami lub podobnie.<br><\/p>\n\n\n\n<h2 class=\"wp-block-heading\"><strong>Modlitwa.<\/strong><\/h2>\n\n\n\n<blockquote class=\"wp-block-quote is-layout-flow wp-block-quote-is-layout-flow\">\n<p class=\"has-text-align-justify wp-block-paragraph\">\u2009Bo\u017ce wiekuisty, racz nas mi\u0142o\u015bciwie ustrzedz od zbytecznego zami\u0142owania cia\u0142a i przemijaj\u0105cej urody. Wszak\u017ce cia\u0142o nasze nie jest czem innem, jak tylko przybytkiem znikomym duszy nie\u015bmiertelnej. Spraw przeto \u0142ask\u0105 Swoj\u0105 \u015bwi\u0119t\u0105, by\u015bmy przestrzegali jego nieskalanej czysto\u015bci \u017cyciem \u015bwi\u0119tobliwem i cnotliwem i tym sposobem godnymi si\u0119 stali zamieszkania z Tob\u0105 w Kr\u00f3lestwie niebieskiem. Przez Pana naszego Jezusa Chrystusa, kt\u00f3ry z Bogiem Ojcem i Duchem \u015bwi\u0119tym kr\u00f3luje w Niebie i na ziemi, po wszystkie wieki wiek\u00f3w. Amen.<\/p>\n<\/blockquote>\n\n\n\n<figure class=\"wp-block-table\"><table><tbody><tr><td>\u2217&nbsp;&nbsp;&nbsp;&nbsp;&nbsp;&nbsp;&nbsp;&nbsp;&nbsp;&nbsp;&nbsp;&nbsp;&nbsp;&nbsp;&nbsp;&nbsp;&nbsp;&nbsp;&nbsp;&nbsp;\u2217<br>\u2217<\/td><\/tr><\/tbody><\/table><\/figure>\n\n\n\n<p class=\"wp-block-paragraph\">\u2009<em>Opr\u00f3cz tego obchodzi Ko\u015bci\u00f3\u0142 \u015bwi\u0119ty pami\u0105tk\u0119 nast\u0119puj\u0105cych \u015awi\u0119tych Pa\u0144skich, zamieszczonych w rzymskiem martyrologium:<\/em><\/p>\n\n\n\n<p class=\"has-text-align-justify wp-block-paragraph\">\u2009<strong>Dnia 30-go sierpnia<\/strong>&nbsp;uroczysto\u015b\u0107 \u015bwi\u0119tej&nbsp;R\u00f3\u017cy a Sancta Maria, kt\u00f3rej dzie\u0144 zgonu wspomniano dnia 26 b.&nbsp;m. \u2014 W Rzymie przy Via Ostiensis m\u0119cze\u0144stwo \u015bwi\u0119tego&nbsp;Feliksa, kap\u0142ana, za Dyoklecyana i Maksymiana. Kiedy go po zniesieniu m\u0105k na torturach odprowadzono z rozkazu s\u0119dziego na miejsce stracenia, wyszed\u0142 mu pewien inny chrze\u015bcijanin naprzeciw, przyznaj\u0105c si\u0119 do tego otwarcie i zosta\u0142 dlatego razem z Feliksem \u015bci\u0119ty. Poniewa\u017c jednak imienia jego nie znano, nazwali go chrze\u015bcijanie&nbsp;Adauctusem, t.&nbsp;zn. \u201ePrzy\u0142\u0105czonym\u201c, poniewa\u017c przy\u0142\u0105czony zosta\u0142 \u015bw. Feliksowi do korony m\u0119cze\u0144skiej. \u2014 R\u00f3wnie\u017c w Rzymie \u015bmier\u0107 m\u0119cze\u0144ska \u015bw.&nbsp;Gaudencyi, Dziewicy z 3 towarzyszkami. \u2014 Tam\u017ce uroczysto\u015b\u0107 \u015bw.&nbsp;Pammachiusza, Kap\u0142ana, co dla wiedzy i \u015bwi\u0119to\u015bci swej doznawa\u0142 wielkiego powa\u017cania. \u2014 W Kolonii Suffetulanie w Afryce pami\u0105tka 60 \u015bw.&nbsp;M\u0119czennik\u00f3w, pad\u0142ych ofiar\u0105 zaciek\u0142o\u015bci pogan. \u2014 W Adrumentum w Afryce pami\u0105tka \u015bw. Ma\u0142\u017conk\u00f3w&nbsp;Bonifacego i Tekli, maj\u0105cych 12 syn\u00f3w, kt\u00f3rzy wszyscy jako M\u0119czennicy pomarli. \u2014 W Tessalonice uroczysto\u015b\u0107 \u015bw.&nbsp;Fantina, Wyznawcy; od Saracen\u00f3w znie\u015b\u0107 musia\u0142 wiele dolegliwo\u015bci; wygnany zosta\u0142 z klasztoru, w kt\u00f3rym \u017cy\u0142 w zadziwiaj\u0105cej wstrzemi\u0119\u017aliwo\u015bci i zmar\u0142 w wielce s\u0119dziwym wieku, b\u0119d\u0105c poprzednio dla wielu przewodnikiem \u017cycia bogobojnego. \u2014 W obwodzie Meaux pami\u0105tka \u015bw.&nbsp;Fiakryusza, Wyznawcy. \u2014 W Trevi uroczysto\u015b\u0107 \u015bw.&nbsp;Piotra, Wyznawcy, odznaczonego wielu cnotami i cudami, dlaczego teraz jeszcze doznaje czci wielkiej. \u2014 W Bolonii uroczysto\u015b\u0107 \u015bw.&nbsp;Bononiusza, Opata.<\/p>\n","protected":false},"excerpt":{"rendered":"<p>\u015aw. R\u00f3\u017ca s\u0142ynie nie tylko z bardzo surowych umartwie\u0144, ale r\u00f3wnie\u017c ze skrajnych pr\u00f3b i dr\u0119cze\u0144 szata\u0144skich, kt\u00f3re trwa\u0142y a\u017c 15 lat. Przesz\u0142y tak nagle jak przysz\u0142y, skoro Pan B\u00f3g stwierdzi\u0142, \u017ce ju\u017c do\u015b\u0107. A nam \u017ale, niedobrze i niewygodnie&#8230; ech&#8230;<\/p>\n","protected":false},"author":60508433,"featured_media":51969,"comment_status":"open","ping_status":"open","sticky":false,"template":"","format":"standard","meta":{"_bbp_topic_count":0,"_bbp_reply_count":0,"_bbp_total_topic_count":0,"_bbp_total_reply_count":0,"_bbp_voice_count":0,"_bbp_anonymous_reply_count":0,"_bbp_topic_count_hidden":0,"_bbp_reply_count_hidden":0,"_bbp_forum_subforum_count":0,"_editorskit_title_hidden":false,"_editorskit_reading_time":0,"_editorskit_is_block_options_detached":false,"_editorskit_block_options_position":"{}","_coblocks_attr":"","_coblocks_dimensions":"","_coblocks_responsive_height":"","_coblocks_accordion_ie_support":"","_exactmetrics_skip_tracking":false,"_jetpack_newsletter_access":"","_jetpack_dont_email_post_to_subs":false,"_jetpack_newsletter_tier_id":0,"_jetpack_memberships_contains_paywalled_content":false,"_wpcom_ai_launchpad_first_post":false,"_jetpack_feature_clip_id":0,"_jetpack_memberships_contains_paid_content":false,"footnotes":"","jetpack_publicize_message":"{title}\n\n{excerpt}\n\n{url}","jetpack_publicize_feature_enabled":true,"jetpack_social_post_already_shared":false,"jetpack_social_options":{"image_generator_settings":{"template":"highway","default_image_id":0,"font":"","enabled":false},"version":2},"_wpas_customize_per_network":false,"jetpack_post_was_ever_published":false},"categories":[610131823,610131184,336375535],"tags":[],"class_list":["post-170296","post","type-post","status-publish","format-standard","has-post-thumbnail","hentry","category-swieta-w-sierpniu","category-duchowosc","category-liturgia-i-liturgika"],"yoast_head":"<!-- This site is optimized with the Yoast SEO plugin v28.3 - https:\/\/yoast.com\/product\/yoast-seo-wordpress\/ -->\n<title>30-go Sierpnia. \u017bywot \u015bwi\u0119tej R\u00f3\u017cy Lima\u0144skiej, Dominikanki. - Tradycja i Wiara<\/title>\n<meta name=\"robots\" content=\"index, follow, max-snippet:-1, max-image-preview:large, max-video-preview:-1\" \/>\n<link rel=\"canonical\" href=\"https:\/\/wobronietradycjiiwiary.com\/pl\/30-go-sierpnia-zywot-swietej-rozy-limanskiej-dominikanki-2-2-3-2\/\" \/>\n<meta property=\"og:locale\" content=\"pl_PL\" \/>\n<meta property=\"og:type\" content=\"article\" \/>\n<meta property=\"og:title\" content=\"30-go Sierpnia. \u017bywot \u015bwi\u0119tej R\u00f3\u017cy Lima\u0144skiej, Dominikanki. - Tradycja i Wiara\" \/>\n<meta property=\"og:description\" content=\"\u015aw. R\u00f3\u017ca s\u0142ynie nie tylko z bardzo surowych umartwie\u0144, ale r\u00f3wnie\u017c ze skrajnych pr\u00f3b i dr\u0119cze\u0144 szata\u0144skich, kt\u00f3re trwa\u0142y a\u017c 15 lat. Przesz\u0142y tak nagle jak przysz\u0142y, skoro Pan B\u00f3g stwierdzi\u0142, \u017ce ju\u017c do\u015b\u0107. A nam \u017ale, niedobrze i niewygodnie... ech...\" \/>\n<meta property=\"og:url\" content=\"https:\/\/wobronietradycjiiwiary.com\/pl\/30-go-sierpnia-zywot-swietej-rozy-limanskiej-dominikanki-2-2-3-2\/\" \/>\n<meta property=\"og:site_name\" content=\"Tradycja i Wiara\" \/>\n<meta property=\"article:publisher\" content=\"https:\/\/www.facebook.com\/Tradycja-i-Wiara-108813920592249\" \/>\n<meta property=\"article:published_time\" content=\"2026-08-30T06:15:22+00:00\" \/>\n<meta property=\"article:modified_time\" content=\"2026-08-30T11:25:09+00:00\" \/>\n<meta property=\"og:image\" content=\"https:\/\/wobronietradycjiiwiary.com\/wp-content\/uploads\/2021\/08\/Rosa-von-Lima.jpg\" \/>\n\t<meta property=\"og:image:width\" content=\"1900\" \/>\n\t<meta property=\"og:image:height\" content=\"832\" \/>\n\t<meta property=\"og:image:type\" content=\"image\/jpeg\" \/>\n<meta name=\"author\" content=\"Traditio et Fides\" \/>\n<meta name=\"twitter:card\" content=\"summary_large_image\" \/>\n<meta name=\"twitter:label1\" content=\"Napisane przez\" \/>\n\t<meta name=\"twitter:data1\" content=\"Traditio et Fides\" \/>\n\t<meta name=\"twitter:label2\" content=\"Szacowany czas czytania\" \/>\n\t<meta name=\"twitter:data2\" content=\"10 minut\" \/>\n<script type=\"application\/ld+json\" class=\"yoast-schema-graph\">{\"@context\":\"https:\\\/\\\/schema.org\",\"@graph\":[{\"@type\":\"Article\",\"@id\":\"https:\\\/\\\/wobronietradycjiiwiary.com\\\/30-go-sierpnia-zywot-swietej-rozy-limanskiej-dominikanki-2-2-3-2\\\/#article\",\"isPartOf\":{\"@id\":\"https:\\\/\\\/wobronietradycjiiwiary.com\\\/30-go-sierpnia-zywot-swietej-rozy-limanskiej-dominikanki-2-2-3-2\\\/\"},\"author\":{\"name\":\"Traditio et Fides\",\"@id\":\"https:\\\/\\\/wobronietradycjiiwiary.com\\\/pl\\\/#\\\/schema\\\/person\\\/2d6180ce6abcb681fef0daab7816e8f3\"},\"headline\":\"30-go Sierpnia. \u017bywot \u015bwi\u0119tej R\u00f3\u017cy Lima\u0144skiej, Dominikanki.\",\"datePublished\":\"2026-08-30T06:15:22+00:00\",\"dateModified\":\"2026-08-30T11:25:09+00:00\",\"mainEntityOfPage\":{\"@id\":\"https:\\\/\\\/wobronietradycjiiwiary.com\\\/30-go-sierpnia-zywot-swietej-rozy-limanskiej-dominikanki-2-2-3-2\\\/\"},\"wordCount\":2006,\"commentCount\":0,\"publisher\":{\"@id\":\"https:\\\/\\\/wobronietradycjiiwiary.com\\\/pl\\\/#organization\"},\"image\":{\"@id\":\"https:\\\/\\\/wobronietradycjiiwiary.com\\\/30-go-sierpnia-zywot-swietej-rozy-limanskiej-dominikanki-2-2-3-2\\\/#primaryimage\"},\"thumbnailUrl\":\"https:\\\/\\\/wobronietradycjiiwiary.com\\\/wp-content\\\/uploads\\\/2021\\\/08\\\/Rosa-von-Lima.jpg\",\"articleSection\":[\"08. \u015awi\u0119ta w sierpniu\",\"Duchowo\u015b\u0107\",\"Liturgia i liturgika\"],\"inLanguage\":\"pl-PL\",\"potentialAction\":[{\"@type\":\"CommentAction\",\"name\":\"Comment\",\"target\":[\"https:\\\/\\\/wobronietradycjiiwiary.com\\\/30-go-sierpnia-zywot-swietej-rozy-limanskiej-dominikanki-2-2-3-2\\\/#respond\"]}]},{\"@type\":\"WebPage\",\"@id\":\"https:\\\/\\\/wobronietradycjiiwiary.com\\\/30-go-sierpnia-zywot-swietej-rozy-limanskiej-dominikanki-2-2-3-2\\\/\",\"url\":\"https:\\\/\\\/wobronietradycjiiwiary.com\\\/30-go-sierpnia-zywot-swietej-rozy-limanskiej-dominikanki-2-2-3-2\\\/\",\"name\":\"30-go Sierpnia. \u017bywot \u015bwi\u0119tej R\u00f3\u017cy Lima\u0144skiej, Dominikanki. - Tradycja i Wiara\",\"isPartOf\":{\"@id\":\"https:\\\/\\\/wobronietradycjiiwiary.com\\\/pl\\\/#website\"},\"primaryImageOfPage\":{\"@id\":\"https:\\\/\\\/wobronietradycjiiwiary.com\\\/30-go-sierpnia-zywot-swietej-rozy-limanskiej-dominikanki-2-2-3-2\\\/#primaryimage\"},\"image\":{\"@id\":\"https:\\\/\\\/wobronietradycjiiwiary.com\\\/30-go-sierpnia-zywot-swietej-rozy-limanskiej-dominikanki-2-2-3-2\\\/#primaryimage\"},\"thumbnailUrl\":\"https:\\\/\\\/wobronietradycjiiwiary.com\\\/wp-content\\\/uploads\\\/2021\\\/08\\\/Rosa-von-Lima.jpg\",\"datePublished\":\"2026-08-30T06:15:22+00:00\",\"dateModified\":\"2026-08-30T11:25:09+00:00\",\"breadcrumb\":{\"@id\":\"https:\\\/\\\/wobronietradycjiiwiary.com\\\/30-go-sierpnia-zywot-swietej-rozy-limanskiej-dominikanki-2-2-3-2\\\/#breadcrumb\"},\"inLanguage\":\"pl-PL\",\"potentialAction\":[{\"@type\":\"ReadAction\",\"target\":[\"https:\\\/\\\/wobronietradycjiiwiary.com\\\/30-go-sierpnia-zywot-swietej-rozy-limanskiej-dominikanki-2-2-3-2\\\/\"]}]},{\"@type\":\"ImageObject\",\"inLanguage\":\"pl-PL\",\"@id\":\"https:\\\/\\\/wobronietradycjiiwiary.com\\\/30-go-sierpnia-zywot-swietej-rozy-limanskiej-dominikanki-2-2-3-2\\\/#primaryimage\",\"url\":\"https:\\\/\\\/wobronietradycjiiwiary.com\\\/wp-content\\\/uploads\\\/2021\\\/08\\\/Rosa-von-Lima.jpg\",\"contentUrl\":\"https:\\\/\\\/wobronietradycjiiwiary.com\\\/wp-content\\\/uploads\\\/2021\\\/08\\\/Rosa-von-Lima.jpg\",\"width\":1900,\"height\":832},{\"@type\":\"BreadcrumbList\",\"@id\":\"https:\\\/\\\/wobronietradycjiiwiary.com\\\/30-go-sierpnia-zywot-swietej-rozy-limanskiej-dominikanki-2-2-3-2\\\/#breadcrumb\",\"itemListElement\":[{\"@type\":\"ListItem\",\"position\":1,\"name\":\"Strona g\u0142\u00f3wna\",\"item\":\"https:\\\/\\\/wobronietradycjiiwiary.com\\\/\"},{\"@type\":\"ListItem\",\"position\":2,\"name\":\"30-go Sierpnia. \u017bywot \u015bwi\u0119tej R\u00f3\u017cy Lima\u0144skiej, Dominikanki.\"}]},{\"@type\":\"WebSite\",\"@id\":\"https:\\\/\\\/wobronietradycjiiwiary.com\\\/pl\\\/#website\",\"url\":\"https:\\\/\\\/wobronietradycjiiwiary.com\\\/pl\\\/\",\"name\":\"Tradycja i Wiara\",\"description\":\"Portal dla katolik\u00f3w.\",\"publisher\":{\"@id\":\"https:\\\/\\\/wobronietradycjiiwiary.com\\\/pl\\\/#organization\"},\"potentialAction\":[{\"@type\":\"SearchAction\",\"target\":{\"@type\":\"EntryPoint\",\"urlTemplate\":\"https:\\\/\\\/wobronietradycjiiwiary.com\\\/pl\\\/?s={search_term_string}\"},\"query-input\":{\"@type\":\"PropertyValueSpecification\",\"valueRequired\":true,\"valueName\":\"search_term_string\"}}],\"inLanguage\":\"pl-PL\"},{\"@type\":\"Organization\",\"@id\":\"https:\\\/\\\/wobronietradycjiiwiary.com\\\/pl\\\/#organization\",\"name\":\"Tradycja i Wiara\",\"url\":\"https:\\\/\\\/wobronietradycjiiwiary.com\\\/pl\\\/\",\"logo\":{\"@type\":\"ImageObject\",\"inLanguage\":\"pl-PL\",\"@id\":\"https:\\\/\\\/wobronietradycjiiwiary.com\\\/pl\\\/#\\\/schema\\\/logo\\\/image\\\/\",\"url\":\"https:\\\/\\\/i0.wp.com\\\/wobronietradycjiiwiary.com\\\/wp-content\\\/uploads\\\/2015\\\/10\\\/cropped-st-peters-dome-vatican.jpg?fit=940%2C198&ssl=1\",\"contentUrl\":\"https:\\\/\\\/i0.wp.com\\\/wobronietradycjiiwiary.com\\\/wp-content\\\/uploads\\\/2015\\\/10\\\/cropped-st-peters-dome-vatican.jpg?fit=940%2C198&ssl=1\",\"width\":940,\"height\":198,\"caption\":\"Tradycja i Wiara\"},\"image\":{\"@id\":\"https:\\\/\\\/wobronietradycjiiwiary.com\\\/pl\\\/#\\\/schema\\\/logo\\\/image\\\/\"},\"sameAs\":[\"https:\\\/\\\/www.facebook.com\\\/Tradycja-i-Wiara-108813920592249\"]},{\"@type\":\"Person\",\"@id\":\"https:\\\/\\\/wobronietradycjiiwiary.com\\\/pl\\\/#\\\/schema\\\/person\\\/2d6180ce6abcb681fef0daab7816e8f3\",\"name\":\"Traditio et Fides\",\"sameAs\":[\"https:\\\/\\\/traditionundglauben.com\"],\"url\":\"https:\\\/\\\/wobronietradycjiiwiary.com\\\/pl\\\/author\\\/wobronietradycjiiwiary\\\/\"}]}<\/script>\n<!-- \/ Yoast SEO plugin. -->","yoast_head_json":{"title":"30-go Sierpnia. \u017bywot \u015bwi\u0119tej R\u00f3\u017cy Lima\u0144skiej, Dominikanki. - Tradycja i Wiara","robots":{"index":"index","follow":"follow","max-snippet":"max-snippet:-1","max-image-preview":"max-image-preview:large","max-video-preview":"max-video-preview:-1"},"canonical":"https:\/\/wobronietradycjiiwiary.com\/pl\/30-go-sierpnia-zywot-swietej-rozy-limanskiej-dominikanki-2-2-3-2\/","og_locale":"pl_PL","og_type":"article","og_title":"30-go Sierpnia. \u017bywot \u015bwi\u0119tej R\u00f3\u017cy Lima\u0144skiej, Dominikanki. - Tradycja i Wiara","og_description":"\u015aw. R\u00f3\u017ca s\u0142ynie nie tylko z bardzo surowych umartwie\u0144, ale r\u00f3wnie\u017c ze skrajnych pr\u00f3b i dr\u0119cze\u0144 szata\u0144skich, kt\u00f3re trwa\u0142y a\u017c 15 lat. Przesz\u0142y tak nagle jak przysz\u0142y, skoro Pan B\u00f3g stwierdzi\u0142, \u017ce ju\u017c do\u015b\u0107. A nam \u017ale, niedobrze i niewygodnie... ech...","og_url":"https:\/\/wobronietradycjiiwiary.com\/pl\/30-go-sierpnia-zywot-swietej-rozy-limanskiej-dominikanki-2-2-3-2\/","og_site_name":"Tradycja i Wiara","article_publisher":"https:\/\/www.facebook.com\/Tradycja-i-Wiara-108813920592249","article_published_time":"2026-08-30T06:15:22+00:00","article_modified_time":"2026-08-30T11:25:09+00:00","og_image":[{"width":1900,"height":832,"url":"https:\/\/wobronietradycjiiwiary.com\/wp-content\/uploads\/2021\/08\/Rosa-von-Lima.jpg","type":"image\/jpeg"}],"author":"Traditio et Fides","twitter_card":"summary_large_image","twitter_misc":{"Napisane przez":"Traditio et Fides","Szacowany czas czytania":"10 minut"},"schema":{"@context":"https:\/\/schema.org","@graph":[{"@type":"Article","@id":"https:\/\/wobronietradycjiiwiary.com\/30-go-sierpnia-zywot-swietej-rozy-limanskiej-dominikanki-2-2-3-2\/#article","isPartOf":{"@id":"https:\/\/wobronietradycjiiwiary.com\/30-go-sierpnia-zywot-swietej-rozy-limanskiej-dominikanki-2-2-3-2\/"},"author":{"name":"Traditio et Fides","@id":"https:\/\/wobronietradycjiiwiary.com\/pl\/#\/schema\/person\/2d6180ce6abcb681fef0daab7816e8f3"},"headline":"30-go Sierpnia. \u017bywot \u015bwi\u0119tej R\u00f3\u017cy Lima\u0144skiej, Dominikanki.","datePublished":"2026-08-30T06:15:22+00:00","dateModified":"2026-08-30T11:25:09+00:00","mainEntityOfPage":{"@id":"https:\/\/wobronietradycjiiwiary.com\/30-go-sierpnia-zywot-swietej-rozy-limanskiej-dominikanki-2-2-3-2\/"},"wordCount":2006,"commentCount":0,"publisher":{"@id":"https:\/\/wobronietradycjiiwiary.com\/pl\/#organization"},"image":{"@id":"https:\/\/wobronietradycjiiwiary.com\/30-go-sierpnia-zywot-swietej-rozy-limanskiej-dominikanki-2-2-3-2\/#primaryimage"},"thumbnailUrl":"https:\/\/wobronietradycjiiwiary.com\/wp-content\/uploads\/2021\/08\/Rosa-von-Lima.jpg","articleSection":["08. \u015awi\u0119ta w sierpniu","Duchowo\u015b\u0107","Liturgia i liturgika"],"inLanguage":"pl-PL","potentialAction":[{"@type":"CommentAction","name":"Comment","target":["https:\/\/wobronietradycjiiwiary.com\/30-go-sierpnia-zywot-swietej-rozy-limanskiej-dominikanki-2-2-3-2\/#respond"]}]},{"@type":"WebPage","@id":"https:\/\/wobronietradycjiiwiary.com\/30-go-sierpnia-zywot-swietej-rozy-limanskiej-dominikanki-2-2-3-2\/","url":"https:\/\/wobronietradycjiiwiary.com\/30-go-sierpnia-zywot-swietej-rozy-limanskiej-dominikanki-2-2-3-2\/","name":"30-go Sierpnia. \u017bywot \u015bwi\u0119tej R\u00f3\u017cy Lima\u0144skiej, Dominikanki. - Tradycja i Wiara","isPartOf":{"@id":"https:\/\/wobronietradycjiiwiary.com\/pl\/#website"},"primaryImageOfPage":{"@id":"https:\/\/wobronietradycjiiwiary.com\/30-go-sierpnia-zywot-swietej-rozy-limanskiej-dominikanki-2-2-3-2\/#primaryimage"},"image":{"@id":"https:\/\/wobronietradycjiiwiary.com\/30-go-sierpnia-zywot-swietej-rozy-limanskiej-dominikanki-2-2-3-2\/#primaryimage"},"thumbnailUrl":"https:\/\/wobronietradycjiiwiary.com\/wp-content\/uploads\/2021\/08\/Rosa-von-Lima.jpg","datePublished":"2026-08-30T06:15:22+00:00","dateModified":"2026-08-30T11:25:09+00:00","breadcrumb":{"@id":"https:\/\/wobronietradycjiiwiary.com\/30-go-sierpnia-zywot-swietej-rozy-limanskiej-dominikanki-2-2-3-2\/#breadcrumb"},"inLanguage":"pl-PL","potentialAction":[{"@type":"ReadAction","target":["https:\/\/wobronietradycjiiwiary.com\/30-go-sierpnia-zywot-swietej-rozy-limanskiej-dominikanki-2-2-3-2\/"]}]},{"@type":"ImageObject","inLanguage":"pl-PL","@id":"https:\/\/wobronietradycjiiwiary.com\/30-go-sierpnia-zywot-swietej-rozy-limanskiej-dominikanki-2-2-3-2\/#primaryimage","url":"https:\/\/wobronietradycjiiwiary.com\/wp-content\/uploads\/2021\/08\/Rosa-von-Lima.jpg","contentUrl":"https:\/\/wobronietradycjiiwiary.com\/wp-content\/uploads\/2021\/08\/Rosa-von-Lima.jpg","width":1900,"height":832},{"@type":"BreadcrumbList","@id":"https:\/\/wobronietradycjiiwiary.com\/30-go-sierpnia-zywot-swietej-rozy-limanskiej-dominikanki-2-2-3-2\/#breadcrumb","itemListElement":[{"@type":"ListItem","position":1,"name":"Strona g\u0142\u00f3wna","item":"https:\/\/wobronietradycjiiwiary.com\/"},{"@type":"ListItem","position":2,"name":"30-go Sierpnia. \u017bywot \u015bwi\u0119tej R\u00f3\u017cy Lima\u0144skiej, Dominikanki."}]},{"@type":"WebSite","@id":"https:\/\/wobronietradycjiiwiary.com\/pl\/#website","url":"https:\/\/wobronietradycjiiwiary.com\/pl\/","name":"Tradycja i Wiara","description":"Portal dla katolik\u00f3w.","publisher":{"@id":"https:\/\/wobronietradycjiiwiary.com\/pl\/#organization"},"potentialAction":[{"@type":"SearchAction","target":{"@type":"EntryPoint","urlTemplate":"https:\/\/wobronietradycjiiwiary.com\/pl\/?s={search_term_string}"},"query-input":{"@type":"PropertyValueSpecification","valueRequired":true,"valueName":"search_term_string"}}],"inLanguage":"pl-PL"},{"@type":"Organization","@id":"https:\/\/wobronietradycjiiwiary.com\/pl\/#organization","name":"Tradycja i Wiara","url":"https:\/\/wobronietradycjiiwiary.com\/pl\/","logo":{"@type":"ImageObject","inLanguage":"pl-PL","@id":"https:\/\/wobronietradycjiiwiary.com\/pl\/#\/schema\/logo\/image\/","url":"https:\/\/i0.wp.com\/wobronietradycjiiwiary.com\/wp-content\/uploads\/2015\/10\/cropped-st-peters-dome-vatican.jpg?fit=940%2C198&ssl=1","contentUrl":"https:\/\/i0.wp.com\/wobronietradycjiiwiary.com\/wp-content\/uploads\/2015\/10\/cropped-st-peters-dome-vatican.jpg?fit=940%2C198&ssl=1","width":940,"height":198,"caption":"Tradycja i Wiara"},"image":{"@id":"https:\/\/wobronietradycjiiwiary.com\/pl\/#\/schema\/logo\/image\/"},"sameAs":["https:\/\/www.facebook.com\/Tradycja-i-Wiara-108813920592249"]},{"@type":"Person","@id":"https:\/\/wobronietradycjiiwiary.com\/pl\/#\/schema\/person\/2d6180ce6abcb681fef0daab7816e8f3","name":"Traditio et Fides","sameAs":["https:\/\/traditionundglauben.com"],"url":"https:\/\/wobronietradycjiiwiary.com\/pl\/author\/wobronietradycjiiwiary\/"}]}},"jetpack_publicize_connections":[],"jetpack_sharing_enabled":true,"jetpack_likes_enabled":true,"jetpack_shortlink":"https:\/\/wp.me\/pc04Sd-IiI","jetpack-related-posts":[{"id":119211,"url":"https:\/\/wobronietradycjiiwiary.com\/pl\/30-go-sierpnia-zywot-swietej-rozy-limanskiej-dominikanki-2-2-2\/","url_meta":{"origin":170296,"position":0},"title":"30-go Sierpnia. \u017bywot \u015bwi\u0119tej R\u00f3\u017cy Lima\u0144skiej, Dominikanki.","author":"Traditio et Fides","date":"30 sierpnia 2024","format":false,"excerpt":"\u015aw. R\u00f3\u017ca s\u0142ynie nie tylko z bardzo surowych umartwie\u0144, ale r\u00f3wnie\u017c ze skrajnych pr\u00f3b i dr\u0119cze\u0144 szata\u0144skich, kt\u00f3re trwa\u0142y a\u017c 15 lat. Przesz\u0142y tak nagle jak przysz\u0142y, skoro Pan B\u00f3g stwierdzi\u0142, \u017ce ju\u017c do\u015b\u0107. A nam \u017ale, niedobrze i niewygodnie... ech...","rel":"","context":"W \u201e08. \u015awi\u0119ta w sierpniu&quot;","block_context":{"text":"08. \u015awi\u0119ta w sierpniu","link":"https:\/\/wobronietradycjiiwiary.com\/pl\/category\/duchowosc\/liturgia-i-liturgika\/rozwazania\/rok-liturgiczny\/swieta-w-sierpniu\/"},"img":{"alt_text":"","src":"https:\/\/i0.wp.com\/wobronietradycjiiwiary.com\/wp-content\/uploads\/2021\/08\/Rosa-von-Lima.jpg?resize=350%2C200&ssl=1","width":350,"height":200,"srcset":"https:\/\/i0.wp.com\/wobronietradycjiiwiary.com\/wp-content\/uploads\/2021\/08\/Rosa-von-Lima.jpg?resize=350%2C200&ssl=1 1x, https:\/\/i0.wp.com\/wobronietradycjiiwiary.com\/wp-content\/uploads\/2021\/08\/Rosa-von-Lima.jpg?resize=525%2C300&ssl=1 1.5x, https:\/\/i0.wp.com\/wobronietradycjiiwiary.com\/wp-content\/uploads\/2021\/08\/Rosa-von-Lima.jpg?resize=700%2C400&ssl=1 2x, https:\/\/i0.wp.com\/wobronietradycjiiwiary.com\/wp-content\/uploads\/2021\/08\/Rosa-von-Lima.jpg?resize=1050%2C600&ssl=1 3x, https:\/\/i0.wp.com\/wobronietradycjiiwiary.com\/wp-content\/uploads\/2021\/08\/Rosa-von-Lima.jpg?resize=1400%2C800&ssl=1 4x"},"classes":[]},{"id":148742,"url":"https:\/\/wobronietradycjiiwiary.com\/pl\/30-go-sierpnia-zywot-swietej-rozy-limanskiej-dominikanki-2-2-3\/","url_meta":{"origin":170296,"position":1},"title":"30-go Sierpnia. \u017bywot \u015bwi\u0119tej R\u00f3\u017cy Lima\u0144skiej, Dominikanki.","author":"Traditio et Fides","date":"30 sierpnia 2025","format":false,"excerpt":"\u015aw. R\u00f3\u017ca s\u0142ynie nie tylko z bardzo surowych umartwie\u0144, ale r\u00f3wnie\u017c ze skrajnych pr\u00f3b i dr\u0119cze\u0144 szata\u0144skich, kt\u00f3re trwa\u0142y a\u017c 15 lat. Przesz\u0142y tak nagle jak przysz\u0142y, skoro Pan B\u00f3g stwierdzi\u0142, \u017ce ju\u017c do\u015b\u0107. A nam \u017ale, niedobrze i niewygodnie... ech...","rel":"","context":"W \u201e08. \u015awi\u0119ta w sierpniu&quot;","block_context":{"text":"08. \u015awi\u0119ta w sierpniu","link":"https:\/\/wobronietradycjiiwiary.com\/pl\/category\/duchowosc\/liturgia-i-liturgika\/rozwazania\/rok-liturgiczny\/swieta-w-sierpniu\/"},"img":{"alt_text":"","src":"https:\/\/i0.wp.com\/wobronietradycjiiwiary.com\/wp-content\/uploads\/2021\/08\/Rosa-von-Lima.jpg?resize=350%2C200&ssl=1","width":350,"height":200,"srcset":"https:\/\/i0.wp.com\/wobronietradycjiiwiary.com\/wp-content\/uploads\/2021\/08\/Rosa-von-Lima.jpg?resize=350%2C200&ssl=1 1x, https:\/\/i0.wp.com\/wobronietradycjiiwiary.com\/wp-content\/uploads\/2021\/08\/Rosa-von-Lima.jpg?resize=525%2C300&ssl=1 1.5x, https:\/\/i0.wp.com\/wobronietradycjiiwiary.com\/wp-content\/uploads\/2021\/08\/Rosa-von-Lima.jpg?resize=700%2C400&ssl=1 2x, https:\/\/i0.wp.com\/wobronietradycjiiwiary.com\/wp-content\/uploads\/2021\/08\/Rosa-von-Lima.jpg?resize=1050%2C600&ssl=1 3x, https:\/\/i0.wp.com\/wobronietradycjiiwiary.com\/wp-content\/uploads\/2021\/08\/Rosa-von-Lima.jpg?resize=1400%2C800&ssl=1 4x"},"classes":[]},{"id":98071,"url":"https:\/\/wobronietradycjiiwiary.com\/pl\/30-go-sierpnia-zywot-swietej-rozy-limanskiej-dominikanki-2-2\/","url_meta":{"origin":170296,"position":2},"title":"30-go Sierpnia. \u017bywot \u015bwi\u0119tej R\u00f3\u017cy Lima\u0144skiej, Dominikanki.","author":"Traditio et Fides","date":"30 sierpnia 2023","format":false,"excerpt":"\u015aw. R\u00f3\u017ca s\u0142ynie nie tylko z bardzo surowych umartwie\u0144, ale r\u00f3wnie\u017c ze skrajnych pr\u00f3b i dr\u0119cze\u0144 szata\u0144skich, kt\u00f3re trwa\u0142y a\u017c 15 lat. Przesz\u0142y tak nagle jak przysz\u0142y, skoro Pan B\u00f3g stwierdzi\u0142, \u017ce ju\u017c do\u015b\u0107. A nam \u017ale, niedobrze i niewygodnie... ech...","rel":"","context":"W \u201e08. \u015awi\u0119ta w sierpniu&quot;","block_context":{"text":"08. \u015awi\u0119ta w sierpniu","link":"https:\/\/wobronietradycjiiwiary.com\/pl\/category\/duchowosc\/liturgia-i-liturgika\/rozwazania\/rok-liturgiczny\/swieta-w-sierpniu\/"},"img":{"alt_text":"","src":"https:\/\/i0.wp.com\/wobronietradycjiiwiary.com\/wp-content\/uploads\/2021\/08\/Rosa-von-Lima.jpg?resize=350%2C200&ssl=1","width":350,"height":200,"srcset":"https:\/\/i0.wp.com\/wobronietradycjiiwiary.com\/wp-content\/uploads\/2021\/08\/Rosa-von-Lima.jpg?resize=350%2C200&ssl=1 1x, https:\/\/i0.wp.com\/wobronietradycjiiwiary.com\/wp-content\/uploads\/2021\/08\/Rosa-von-Lima.jpg?resize=525%2C300&ssl=1 1.5x, https:\/\/i0.wp.com\/wobronietradycjiiwiary.com\/wp-content\/uploads\/2021\/08\/Rosa-von-Lima.jpg?resize=700%2C400&ssl=1 2x, https:\/\/i0.wp.com\/wobronietradycjiiwiary.com\/wp-content\/uploads\/2021\/08\/Rosa-von-Lima.jpg?resize=1050%2C600&ssl=1 3x, https:\/\/i0.wp.com\/wobronietradycjiiwiary.com\/wp-content\/uploads\/2021\/08\/Rosa-von-Lima.jpg?resize=1400%2C800&ssl=1 4x"},"classes":[]},{"id":51965,"url":"https:\/\/wobronietradycjiiwiary.com\/pl\/30-go-sierpnia-zywot-swietej-rozy-limanskiej-dominikanki\/","url_meta":{"origin":170296,"position":3},"title":"30-go Sierpnia. \u017bywot \u015bwi\u0119tej R\u00f3\u017cy Lima\u0144skiej, Dominikanki.","author":"Traditio et Fides","date":"30 sierpnia 2021","format":false,"excerpt":"\u015aw. R\u00f3\u017ca s\u0142ynie nie tylko z bardzo surowych umartwie\u0144, ale r\u00f3wnie\u017c ze skrajnych pr\u00f3b i dr\u0119cze\u0144 szata\u0144skich, kt\u00f3re trwa\u0142y a\u017c 15 lat. Przesz\u0142y tak nagle jak przysz\u0142y, skoro Pan B\u00f3g stwierdzi\u0142, \u017ce ju\u017c do\u015b\u0107. A nam \u017ale, niedobrze i niewygodnie... ech...","rel":"","context":"W \u201e08. \u015awi\u0119ta w sierpniu&quot;","block_context":{"text":"08. \u015awi\u0119ta w sierpniu","link":"https:\/\/wobronietradycjiiwiary.com\/pl\/category\/duchowosc\/liturgia-i-liturgika\/rozwazania\/rok-liturgiczny\/swieta-w-sierpniu\/"},"img":{"alt_text":"","src":"https:\/\/i0.wp.com\/wobronietradycjiiwiary.com\/wp-content\/uploads\/2021\/08\/Rosa-von-Lima.jpg?resize=350%2C200&ssl=1","width":350,"height":200,"srcset":"https:\/\/i0.wp.com\/wobronietradycjiiwiary.com\/wp-content\/uploads\/2021\/08\/Rosa-von-Lima.jpg?resize=350%2C200&ssl=1 1x, https:\/\/i0.wp.com\/wobronietradycjiiwiary.com\/wp-content\/uploads\/2021\/08\/Rosa-von-Lima.jpg?resize=525%2C300&ssl=1 1.5x, https:\/\/i0.wp.com\/wobronietradycjiiwiary.com\/wp-content\/uploads\/2021\/08\/Rosa-von-Lima.jpg?resize=700%2C400&ssl=1 2x, https:\/\/i0.wp.com\/wobronietradycjiiwiary.com\/wp-content\/uploads\/2021\/08\/Rosa-von-Lima.jpg?resize=1050%2C600&ssl=1 3x, https:\/\/i0.wp.com\/wobronietradycjiiwiary.com\/wp-content\/uploads\/2021\/08\/Rosa-von-Lima.jpg?resize=1400%2C800&ssl=1 4x"},"classes":[]},{"id":71222,"url":"https:\/\/wobronietradycjiiwiary.com\/pl\/30-go-sierpnia-zywot-swietej-rozy-limanskiej-dominikanki-2\/","url_meta":{"origin":170296,"position":4},"title":"30-go Sierpnia. \u017bywot \u015bwi\u0119tej R\u00f3\u017cy Lima\u0144skiej, Dominikanki.","author":"Traditio et Fides","date":"30 sierpnia 2022","format":false,"excerpt":"\u015aw. R\u00f3\u017ca s\u0142ynie nie tylko z bardzo surowych umartwie\u0144, ale r\u00f3wnie\u017c ze skrajnych pr\u00f3b i dr\u0119cze\u0144 szata\u0144skich, kt\u00f3re trwa\u0142y a\u017c 15 lat. Przesz\u0142y tak nagle jak przysz\u0142y, skoro Pan B\u00f3g stwierdzi\u0142, \u017ce ju\u017c do\u015b\u0107. A nam \u017ale, niedobrze i niewygodnie... ech...","rel":"","context":"W \u201e08. \u015awi\u0119ta w sierpniu&quot;","block_context":{"text":"08. \u015awi\u0119ta w sierpniu","link":"https:\/\/wobronietradycjiiwiary.com\/pl\/category\/duchowosc\/liturgia-i-liturgika\/rozwazania\/rok-liturgiczny\/swieta-w-sierpniu\/"},"img":{"alt_text":"","src":"https:\/\/i0.wp.com\/wobronietradycjiiwiary.com\/wp-content\/uploads\/2021\/08\/Rosa-von-Lima.jpg?resize=350%2C200&ssl=1","width":350,"height":200,"srcset":"https:\/\/i0.wp.com\/wobronietradycjiiwiary.com\/wp-content\/uploads\/2021\/08\/Rosa-von-Lima.jpg?resize=350%2C200&ssl=1 1x, https:\/\/i0.wp.com\/wobronietradycjiiwiary.com\/wp-content\/uploads\/2021\/08\/Rosa-von-Lima.jpg?resize=525%2C300&ssl=1 1.5x, https:\/\/i0.wp.com\/wobronietradycjiiwiary.com\/wp-content\/uploads\/2021\/08\/Rosa-von-Lima.jpg?resize=700%2C400&ssl=1 2x, https:\/\/i0.wp.com\/wobronietradycjiiwiary.com\/wp-content\/uploads\/2021\/08\/Rosa-von-Lima.jpg?resize=1050%2C600&ssl=1 3x, https:\/\/i0.wp.com\/wobronietradycjiiwiary.com\/wp-content\/uploads\/2021\/08\/Rosa-von-Lima.jpg?resize=1400%2C800&ssl=1 4x"},"classes":[]},{"id":17953,"url":"https:\/\/wobronietradycjiiwiary.com\/pl\/tradycyjna-roza-rozancowa\/","url_meta":{"origin":170296,"position":5},"title":"Tradycyjna R\u00f3\u017ca R\u00f3\u017ca\u0144cowa","author":"mariuszjerzy","date":"8 lipca 2018","format":false,"excerpt":"Oto nasza r\u00f3\u017ca\u0144cowa inicjatywa modlitewna.","rel":"","context":"W \u201eTradycyjna R\u00f3\u017ca R\u00f3\u017ca\u0144cowa&quot;","block_context":{"text":"Tradycyjna R\u00f3\u017ca R\u00f3\u017ca\u0144cowa","link":"https:\/\/wobronietradycjiiwiary.com\/pl\/category\/duchowosc\/tradycyjna-roza-rozancowa\/"},"img":{"alt_text":"","src":"https:\/\/i0.wp.com\/wobronietradycjiiwiary.com\/wp-content\/uploads\/2018\/07\/46279d7c8fa04663a9a5337d08378f5b.jpg?resize=350%2C200&ssl=1","width":350,"height":200,"srcset":"https:\/\/i0.wp.com\/wobronietradycjiiwiary.com\/wp-content\/uploads\/2018\/07\/46279d7c8fa04663a9a5337d08378f5b.jpg?resize=350%2C200&ssl=1 1x, https:\/\/i0.wp.com\/wobronietradycjiiwiary.com\/wp-content\/uploads\/2018\/07\/46279d7c8fa04663a9a5337d08378f5b.jpg?resize=525%2C300&ssl=1 1.5x, https:\/\/i0.wp.com\/wobronietradycjiiwiary.com\/wp-content\/uploads\/2018\/07\/46279d7c8fa04663a9a5337d08378f5b.jpg?resize=700%2C400&ssl=1 2x"},"classes":[]}],"amp_enabled":true,"jetpack_featured_media_url":"https:\/\/wobronietradycjiiwiary.com\/wp-content\/uploads\/2021\/08\/Rosa-von-Lima.jpg","_links":{"self":[{"href":"https:\/\/wobronietradycjiiwiary.com\/pl\/wp-json\/wp\/v2\/posts\/170296","targetHints":{"allow":["GET"]}}],"collection":[{"href":"https:\/\/wobronietradycjiiwiary.com\/pl\/wp-json\/wp\/v2\/posts"}],"about":[{"href":"https:\/\/wobronietradycjiiwiary.com\/pl\/wp-json\/wp\/v2\/types\/post"}],"author":[{"embeddable":true,"href":"https:\/\/wobronietradycjiiwiary.com\/pl\/wp-json\/wp\/v2\/users\/60508433"}],"replies":[{"embeddable":true,"href":"https:\/\/wobronietradycjiiwiary.com\/pl\/wp-json\/wp\/v2\/comments?post=170296"}],"version-history":[{"count":1,"href":"https:\/\/wobronietradycjiiwiary.com\/pl\/wp-json\/wp\/v2\/posts\/170296\/revisions"}],"predecessor-version":[{"id":170307,"href":"https:\/\/wobronietradycjiiwiary.com\/pl\/wp-json\/wp\/v2\/posts\/170296\/revisions\/170307"}],"wp:featuredmedia":[{"embeddable":true,"href":"https:\/\/wobronietradycjiiwiary.com\/pl\/wp-json\/wp\/v2\/media\/51969"}],"wp:attachment":[{"href":"https:\/\/wobronietradycjiiwiary.com\/pl\/wp-json\/wp\/v2\/media?parent=170296"}],"wp:term":[{"taxonomy":"category","embeddable":true,"href":"https:\/\/wobronietradycjiiwiary.com\/pl\/wp-json\/wp\/v2\/categories?post=170296"},{"taxonomy":"post_tag","embeddable":true,"href":"https:\/\/wobronietradycjiiwiary.com\/pl\/wp-json\/wp\/v2\/tags?post=170296"}],"curies":[{"name":"wp","href":"https:\/\/api.w.org\/{rel}","templated":true}]}}