{"id":168701,"date":"2026-07-16T08:05:00","date_gmt":"2026-07-16T06:05:00","guid":{"rendered":"https:\/\/wobronietradycjiiwiary.com\/?p=168701"},"modified":"2026-07-16T17:00:15","modified_gmt":"2026-07-16T15:00:15","slug":"roberto-de-mattei-swiecenia-w-econe-z-1-lipca-2026-r-chronos-i-kairos-pewnego-wydarzenia","status":"publish","type":"post","link":"https:\/\/wobronietradycjiiwiary.com\/pl\/roberto-de-mattei-swiecenia-w-econe-z-1-lipca-2026-r-chronos-i-kairos-pewnego-wydarzenia\/","title":{"rendered":"Roberto de Mattei, \u015awi\u0119cenia w \u00c9c\u00f4ne z 1 lipca 2026 r.: Chronos i Kairos pewnego wydarzenia."},"content":{"rendered":"<div id=\"bsf_rt_marker\"><\/div>\n<p class=\"has-text-align-justify has-text-color has-link-color wp-elements-1 wp-block-paragraph\" style=\"color:#8738d2\">Kolejny <a href=\"https:\/\/robertodemattei.substack.com\/p\/the-econe-consecrations-of-july-1\">repost <\/a>z bloga Roberto de Mattei. Faktycznie podziwia\u0107 mo\u017cna, jak w\u0142oski historyk i arystokrata omija ryfy polemiki, oscyluje pomi\u0119dzy Scyll\u0105 tradycjonalizmu i Charybd\u0105 <em>Novus Ordo<\/em> i pisze tak, by si\u0119 nikomu nie narazi\u0107, ka\u017cdego pozyska\u0107, by &#8220;wilk by\u0142 syty a owca ca\u0142a&#8221;. <\/p>\n\n\n\n<blockquote class=\"wp-block-quote has-normal-font-size is-layout-flow wp-block-quote-is-layout-flow\">\n<p class=\"wp-block-paragraph\"><mark style=\"background-color:rgba(0, 0, 0, 0);color:#8738d2\" class=\"has-inline-color\">A czy blog Tradycja i Wiara tak nie potrafi?<\/mark><\/p>\n<\/blockquote>\n\n\n\n<p class=\"has-text-align-justify has-text-color has-link-color wp-elements-2 wp-block-paragraph\" style=\"color:#8738d2\">Potrafi, ale nie chce. Za du\u017co mamy w Ko\u015bciele dyplomacji, uk\u0142ad\u00f3w, chowania g\u0142owy w piasek i przemilczania prawdy. <\/p>\n\n\n\n<p class=\"has-text-align-justify has-text-color has-link-color wp-elements-3 wp-block-paragraph\" style=\"color:#8738d2\">Pisz\u0105cy te s\u0142owa te\u017c by\u0142 kiedy\u015b dyplomatyczny i spolegliwy (jak na swoje mo\u017cliwo\u015bci) i nic mu to nie da\u0142o.<\/p>\n\n\n\n<p class=\"has-text-color has-link-color wp-elements-4 wp-block-paragraph\" style=\"color:#8738d2\">Obecnie jako sedewakantysta roku 2022 wali prosto z mostu. By\u0107 mo\u017ce si\u0119 myli &#8211; chocia\u017c w\u0105tpi &#8211; ale przynajmniej nie jest tch\u00f3rzliwy.<\/p>\n\n\n\n<p class=\"has-text-color has-link-color wp-elements-5 wp-block-paragraph\" style=\"color:#8738d2\">Roberto de Mattei pisze uczenie, g\u0142\u0119boko, m\u0105drze i pi\u0119knie, wi\u0119c trudno zby\u0107 jego tw\u00f3rczo\u015b\u0107 tym, \u017ce si\u0119 chce komu\u015b podliza\u0107.<\/p>\n\n\n\n<p class=\"has-text-color has-link-color wp-elements-6 wp-block-paragraph\" style=\"color:#8738d2\">Jego ni\u017ce podany tekst ukazuje prawd\u0119 o tym, \u017ce FSSPX mog\u0142o si\u0119 z Rzymem ju\u017c trzykrotnie przed rokiem 2026 &#8220;dogada\u0107&#8221; lub doj\u015b\u0107 do porozumienia. <\/p>\n\n\n\n<p class=\"has-text-color has-link-color wp-elements-7 wp-block-paragraph\" style=\"color:#8738d2\">Niestety &#8211; zdaniem de Mattei i Rzymu &#8211; to za ka\u017cdym razem Bractwo z tego kroku rezygnowa\u0142o.<\/p>\n\n\n\n<p class=\"has-text-color has-link-color wp-elements-8 wp-block-paragraph\" style=\"color:#8738d2\">Do porozumienia doj\u015b\u0107 mog\u0142o:<\/p>\n\n\n\n<ul class=\"wp-block-list\">\n<li class=\"has-text-color has-link-color wp-elements-9\" style=\"color:#8738d2\">w 1988 roku &#8211; za Jana Paw\u0142a II,<\/li>\n\n\n\n<li class=\"has-text-color has-link-color wp-elements-10\" style=\"color:#8738d2\">w 2012 roku &#8211; za Benedykta XVI,<\/li>\n\n\n\n<li class=\"has-text-color has-link-color wp-elements-11\" style=\"color:#8738d2\">w 2018 roku &#8211; za <a href=\"https:\/\/wobronietradycjiiwiary.com\/pl\/msgr-pozzo-w-2018-roku-fsspx-odrzucilo-porozumienie\/\" target=\"_blank\" rel=\"noreferrer noopener\">Franciszka<\/a>.<\/li>\n<\/ul>\n\n\n\n<p class=\"wp-block-paragraph\"><\/p>\n\n\n\n<p class=\"has-text-align-justify has-text-color has-link-color wp-elements-12 wp-block-paragraph\" style=\"color:#8738d2\">Zatem dwaj papie\u017ce i jeden antypapie\u017c pr\u00f3bowali przywr\u00f3ci\u0107 Bractwu kanoniczn\u0105 regularno\u015b\u0107. <\/p>\n\n\n\n<blockquote class=\"wp-block-quote has-normal-font-size is-layout-flow wp-block-quote-is-layout-flow\">\n<p class=\"has-text-color has-link-color wp-elements-13 wp-block-paragraph\" style=\"color:#8738d2\">Kto bardziej zawini\u0142?<\/p>\n<\/blockquote>\n\n\n\n<p class=\"has-text-align-justify has-text-color has-link-color wp-elements-14 wp-block-paragraph\" style=\"color:#8738d2\">Autor tego nie wie, bo go przy negocjacjach nie by\u0142o. Zak\u0142ada, \u017ce ka\u017cda strona k\u0142amie lub przynajmniej upi\u0119ksza rzeczywisto\u015b\u0107. <\/p>\n\n\n\n<p class=\"has-text-align-justify has-text-color has-link-color wp-elements-15 wp-block-paragraph\" style=\"color:#8738d2\">Swego czasu pozna\u0142 faktycznie ca\u0142\u0105 &#8220;wierchuszk\u0119&#8221; FSSPX: biskupa Fellaya (prze\u0142o\u017conego generalnego w latach 1994-2018), ks. Schmidbergera (1982-1994) i by\u0142ego pierwszego asystenta FSSPX w roku 2012, kt\u00f3rego nazwiska w tej chwili nie pami\u0119ta.<\/p>\n\n\n\n<p class=\"has-text-align-justify has-text-color has-link-color wp-elements-16 wp-block-paragraph\" style=\"color:#8738d2\">Bior\u0105c pod uwag\u0119 te znajomo\u015bci przypuszcza, \u017ce bardziej winne by\u0142o niestety Bractwo. Je\u015bli de Mattei ma racj\u0119, a biskup Lefebvre wycofa\u0142 ju\u017c z\u0142o\u017cony podpis, wi\u0119c to on w imieniu FSSPX negocjacje zerwa\u0142. <\/p>\n\n\n\n<p class=\"has-text-align-justify has-text-color has-link-color wp-elements-17 wp-block-paragraph\" style=\"color:#8738d2\">Faktycznie autor negocjator\u00f3w Watykanu osobi\u015bcie nie pozna\u0142, wi\u0119c nie ma skali por\u00f3wnawczej. Jednak\u017ce  wra\u017cenie, kt\u00f3re wywarli na nim prze\u0142o\u017ceni FSSPX nie by\u0142o niestety pozytywne.<\/p>\n\n\n\n<p class=\"has-text-color has-link-color wp-elements-18 wp-block-paragraph\" style=\"color:#8738d2\">Ks. Schmidberger powiedzia\u0142 autorowi:<\/p>\n\n\n\n<blockquote class=\"wp-block-quote has-normal-font-size is-layout-flow wp-block-quote-is-layout-flow\">\n<p class=\"has-text-color has-link-color wp-elements-19 wp-block-paragraph\" style=\"color:#8738d2\">Czekamy a\u017c odrzuc\u0105 Vat. II i przyznaj\u0105 si\u0119 do b\u0142\u0119du.<\/p>\n<\/blockquote>\n\n\n\n<p class=\"has-text-align-justify has-text-color has-link-color wp-elements-20 wp-block-paragraph\" style=\"color:#8738d2\">Nie jest to dos\u0142owny cytat, ale o to z grubsza chodzi\u0142o. Autor zdumiony odpar\u0142, \u017ce w takim razie b\u0119d\u0105 d\u0142ugo czeka\u0107. <\/p>\n\n\n\n<p class=\"has-text-align-justify has-text-color has-link-color wp-elements-21 wp-block-paragraph\" style=\"color:#8738d2\">Co ciekawe <a href=\"https:\/\/wobronietradycjiiwiary.com\/pl\/msgr-pozzo-w-2018-roku-fsspx-odrzucilo-porozumienie\/\">abp. Pozzo<\/a> powiedzia\u0142, \u017ce podobne <a href=\"https:\/\/wobronietradycjiiwiary.com\/pl\/msgr-pozzo-w-2018-roku-fsspx-odrzucilo-porozumienie\/\" target=\"_blank\" rel=\"noreferrer noopener\">roszczenie <\/a>FSSPX wysun\u0119\u0142o w 2018 roku. Wi\u0119c faktycznie mog\u0142o tak by\u0107.<\/p>\n\n\n\n<p class=\"has-text-align-justify has-text-color has-link-color wp-elements-22 wp-block-paragraph\" style=\"color:#8738d2\">Bractwo \u015bw. Piusa X niestety nie jest nieskalane i \u015bwi\u0119te, patrz <a href=\"https:\/\/wobronietradycjiiwiary.com\/pl\/category\/polemika\/kosciol-posoborowy\/tradycjonalizm\/fsspx\/przestepstwa-seksualne\/\" target=\"_blank\" rel=\"noreferrer noopener\">skandale obyczajowe<\/a> ani takim nie jest Watykan. Cz\u0119sto lepsze jest wrogiem dobrego, gdy my\u015bli si\u0119 o interesach w\u0142asnych zamiast o zbawieniu dusz.<\/p>\n\n\n\n<p class=\"has-text-align-justify wp-block-paragraph\"><strong>\u201e<\/strong><em><strong>Habetis mandatum apostolicum?\u201d <\/strong><\/em>(Czy posiadacie mandat apostolski?). Zgodnie z t\u0105 tradycyjn\u0105 formu\u0142\u0105, stosowan\u0105 do potwierdzenia aprobaty papieskiej kandydat\u00f3w, obrz\u0119d \u015bwi\u0119ce\u0144 biskupich rozpocz\u0105\u0142 si\u0119 1 lipca w \u00c9c\u00f4ne. <\/p>\n\n\n\n<p class=\"has-text-align-justify wp-block-paragraph\">Kap\u0142an odpowiedzia\u0142, odczytuj\u0105c kr\u00f3tki tekst \u2013 pozbawiony warto\u015bci kanonicznej \u2013 sporz\u0105dzony przez o. Davide Pagliarani, Prze\u0142o\u017conego Generalnego Bractwa \u015awi\u0119tego Piusa X (SSPX):<\/p>\n\n\n\n<blockquote class=\"wp-block-quote is-layout-flow wp-block-quote-is-layout-flow\">\n<p class=\"has-text-align-justify has-normal-font-size wp-block-paragraph\">\u201eW\u0142adze Ko\u015bcio\u0142a wykazuj\u0105 postaw\u0119 przeciwn\u0105 wierze i dzia\u0142aj\u0105 przeciwko \u015awi\u0119tej Tradycji oraz niezmiennemu Magisterium Ko\u015bcio\u0142a\u201d, dlatego \u201euwa\u017camy za konieczne dokonanie konsekracji biskup\u00f3w, kt\u00f3rzy s\u0105 w pe\u0142ni wierni Tradycji\u201d i \u017ce mamy \u201enajwi\u0119kszy obowi\u0105zek przekazania \u0142aski biskupiej tym kap\u0142anom\u201d.<\/p>\n<\/blockquote>\n\n\n\n<p class=\"has-text-align-justify wp-block-paragraph\">Ukl\u0119kn\u0105wszy przed g\u0142\u00f3wnym konsekratorem, biskupem Alfonso de Galarreta, czterech nowych biskup\u00f3w z\u0142o\u017cy\u0142o kolejno przysi\u0119g\u0119, kt\u00f3ra wed\u0142ug&nbsp;<em>Pontificale Romanum&nbsp;<\/em>zaczyna si\u0119 od nast\u0119puj\u0105cych s\u0142\u00f3w:<\/p>\n\n\n\n<blockquote class=\"wp-block-quote is-layout-flow wp-block-quote-is-layout-flow\">\n<p class=\"has-text-align-justify has-normal-font-size wp-block-paragraph\">\u201eJa\u2026 odt\u0105d i na zawsze b\u0119d\u0119 wierny i pos\u0142uszny b\u0142ogos\u0142awionemu Aposto\u0142owi Piotrowi, \u015awi\u0119temu Ko\u015bcio\u0142owi Rzymskiemu, Ojcu \u015awi\u0119temu Papie\u017cowi Leonowi XIV i jego prawowitym nast\u0119pcom\u2026\u201d<\/p>\n<\/blockquote>\n\n\n\n<p class=\"has-text-align-justify wp-block-paragraph\">Historia si\u0119 powtarza, cho\u0107 w innych okoliczno\u015bciach. 30 czerwca 1988 roku w \u00c9c\u00f4ne w Szwajcarii arcybiskup Marcel Lefebvre konsekrowa\u0142 czterech biskup\u00f3w bez mandatu papieskiego. <\/p>\n\n\n\n<p class=\"has-text-align-justify wp-block-paragraph\">Trzydzie\u015bci osiem lat p\u00f3\u017aniej, 1 lipca 2026 roku, dw\u00f3ch z konsekrowanych w\u00f3wczas biskup\u00f3w \u2013 biskup Bernard Fellay i biskup Alfonso de Galarreta \u2013 udzieli\u0142o z kolei \u015bwi\u0119ce\u0144 biskupich czterem kap\u0142anom Bractwa Kap\u0142a\u0144skiego \u015awi\u0119tego Piusa X: Pascalowi Schreiberowi (Szwajcaria), Michaelowi Goldade (Stany Zjednoczone), Michelowi Poinsinet de Sivry (Francja) i Marcowi Hanappierowi (Francja), po raz kolejny dzia\u0142aj\u0105c wbrew woli Papie\u017ca.<\/p>\n\n\n\n<h4 class=\"wp-block-heading has-text-align-justify\"><em>Apel Papie\u017ca i odpowied\u017a Bractwa Kap\u0142a\u0144skiego \u015awi\u0119tego Piusa X<\/em><\/h4>\n\n\n\n<p class=\"has-text-align-justify wp-block-paragraph\">W przededniu dzisiejszych konsekracji, 29 czerwca, papie\u017c Leon XIV zwr\u00f3ci\u0142 si\u0119 z serdecznym apelem do Prze\u0142o\u017conego Generalnego Bractwa, ojca Davide Pagliarani, prosz\u0105c go o zaniechanie konsekracji.<\/p>\n\n\n\n<blockquote class=\"wp-block-quote is-layout-flow wp-block-quote-is-layout-flow\">\n<p class=\"has-text-align-justify has-normal-font-size wp-block-paragraph\">\u201eRozwa\u017ccie z uwag\u0105 duchowe dobro wiernych\u201d \u2013 napisa\u0142 Papie\u017c \u2013 \u201eponiewa\u017c akt schizmatycki, kt\u00f3rego by\u015bcie si\u0119 dopu\u015bcili, pozbawi\u0142by ich legalnego, a w niekt\u00f3rych przypadkach nawet wa\u017cnego, przyjmowania sakrament\u00f3w, kt\u00f3re kochaj\u0105 i kt\u00f3rych pragn\u0105 dla swojego u\u015bwi\u0119cenia\u201d. <\/p>\n\n\n\n<p class=\"has-text-align-justify has-normal-font-size wp-block-paragraph\">W ko\u0144cowej cz\u0119\u015bci listu Papie\u017c potwierdzi\u0142 gotowo\u015b\u0107 Stolicy Apostolskiej do podj\u0119cia \u201edrogi dialogu i zrozumienia, kt\u00f3r\u0105 Duch \u015awi\u0119ty mo\u017ce uczyni\u0107 mo\u017cliw\u0105 i owocn\u0105\u201d. Doda\u0142:<\/p>\n\n\n\n<p class=\"has-text-align-justify has-normal-font-size wp-block-paragraph\">\u201eModl\u0119 si\u0119 za was, poniewa\u017c rozdarcie bezszwowej szaty Chrystusa jest grzechem o najwy\u017cszym ci\u0119\u017carze. Niech Pan o\u015bwieci wasze sumienia i obudzi wasze serca. <\/p>\n\n\n\n<p class=\"has-text-align-justify has-normal-font-size wp-block-paragraph\">Moc\u0105 autorytetu otrzymanego od Chrystusa, z sercem pe\u0142nym smutku, ale wci\u0105\u017c nadziei, czuj\u0119 si\u0119 w obowi\u0105zku prosi\u0107 was o zaniechanie tego zamiaru i powierzam te intencje Niepokalanemu Sercu Maryi, Matki Dobrej Rady\u201d.<\/p>\n<\/blockquote>\n\n\n\n<p class=\"has-text-align-justify wp-block-paragraph\">Kilka godzin p\u00f3\u017aniej o. Davide Pagliarani odpowiedzia\u0142 papie\u017cowi Leonowi XIV or\u0119dziem napisanym w pe\u0142nym szacunku, a zarazem serdecznym tonie, potwierdzaj\u0105c, \u017ce Bractwo \u015awi\u0119tego Piusa X nie zamierza oddziela\u0107 si\u0119 od Ko\u015bcio\u0142a, lecz s\u0142u\u017cy\u0107 mu w sytuacji, kt\u00f3r\u0105 uznaje za wyj\u0105tkow\u0105. <\/p>\n\n\n\n<p class=\"has-text-align-justify wp-block-paragraph\">Prze\u0142o\u017cony Generalny Bractwa nie postrzega konsekracji jako gestu schizmatyckiego, argumentuj\u0105c wr\u0119cz, \u017ce ich celem jest \u201enaprawienie szaty Chrystusa\u201d rozdartej przez kryzys w Ko\u015bciele. <\/p>\n\n\n\n<p class=\"has-text-align-justify wp-block-paragraph\">O. Pagliarani zaapelowa\u0142 nast\u0119pnie do papie\u017ca o po\u015bwi\u0119cenie niezb\u0119dnego czasu na rozeznanie, przypominaj\u0105c, \u017ce Bractwo zosta\u0142o ju\u017c oskar\u017cone o schizm\u0119 w 1988 roku, co nie przeszkodzi\u0142o w p\u00f3\u017aniejszym dialogu ze Stolic\u0105 Apostolsk\u0105. <\/p>\n\n\n\n<p class=\"has-text-align-justify wp-block-paragraph\">List ko\u0144czy si\u0119 apelem do \u201eojcowskiego serca powszechnego pasterza\u201d Leona XIV, w przekonaniu, \u017ce \u201epewnego dnia wszystkie trudno\u015bci mi\u0119dzy Stolic\u0105 Apostolsk\u0105 a Bractwem zostan\u0105 rozwi\u0105zane\u201d.<\/p>\n\n\n\n<p class=\"has-text-align-justify wp-block-paragraph\">Papie\u017c nie m\u00f3g\u0142 uchyli\u0107 si\u0119 od obowi\u0105zku przypomnienia konsekratorom o powadze ich czyn\u00f3w. R\u00f3wnie przewidywalne by\u0142o jednak, \u017ce Bractwo \u015awi\u0119tego Piusa X potwierdzi decyzj\u0119 ca\u0142kowicie zgodn\u0105 z wyborem dokonanym przez jego za\u0142o\u017cyciela. <\/p>\n\n\n\n<p class=\"has-text-align-justify wp-block-paragraph\">W istocie, konsekracje z 2026 roku s\u0105 g\u0142\u0119boko zakorzenione w wydarzeniach z 1988 roku i mo\u017cna je zrozumie\u0107 jedynie poprzez rekonstrukcj\u0119 historii, kt\u00f3ra je poprzedza\u0142a.<\/p>\n\n\n\n<h4 class=\"wp-block-heading\"><em>Chronos kontra Kairos<\/em><\/h4>\n\n\n\n<p class=\"has-text-align-justify wp-block-paragraph\">Staro\u017cytni Grecy rozr\u00f3\u017cniali chronos i kairos. Chronos to czas ilo\u015bciowy \u2013 mierzalny ci\u0105g zdarze\u0144 chronologicznych. Kairos natomiast wskazuje na czas jako\u015bciowy: decyduj\u0105cy moment, okno mo\u017cliwo\u015bci, w kt\u00f3rym wyb\u00f3r trwale zmienia bieg wydarze\u0144. <\/p>\n\n\n\n<p class=\"has-text-align-justify wp-block-paragraph\">Ojcowie Ko\u015bcio\u0142a i teologowie \u015bredniowieczni przyj\u0119li to rozr\u00f3\u017cnienie, nadaj\u0105c mu znaczenie nadprzyrodzone. Chronos to czas, w kt\u00f3rym cz\u0142owiek \u017cyje i dzia\u0142a; kairos to moment, w kt\u00f3rym B\u00f3g rzuca cz\u0142owiekowi wyzwanie, stawiaj\u0105c go przed wyborem, kt\u00f3ry ukszta\u0142tuje jego przysz\u0142o\u015b\u0107 w oparciu o jego wsp\u00f3\u0142prac\u0119 z \u0142ask\u0105 lub jej odrzucenie.<\/p>\n\n\n\n<p class=\"has-text-align-justify wp-block-paragraph\">Dla arcybiskupa Marcela Lefebvre\u2019a osobisty kairos nadszed\u0142 w nocy z 5 na 6 maja 1988 roku. Wtedy w\u0142a\u015bnie dojrza\u0142a decyzja, kt\u00f3ra na sta\u0142e naznaczy\u0142a jego \u017cycie i histori\u0119 Bractwa Kap\u0142a\u0144skiego \u015awi\u0119tego Piusa X: wycofa\u0107 podpis, kt\u00f3ry z\u0142o\u017cy\u0142 zaledwie kilka godzin wcze\u015bniej na protokole porozumienia ze Stolic\u0105 Apostolsk\u0105, i mimo wszystko dokona\u0107 konsekracji biskupich, bez papieskiego mandatu.<\/p>\n\n\n\n<p class=\"has-text-align-justify wp-block-paragraph\">Aby zrozumie\u0107 t\u0119 decyzj\u0119, kt\u00f3ra stanowi\u0142a prze\u0142omowy moment w historii, nale\u017cy cofn\u0105\u0107 si\u0119 do poprzednich miesi\u0119cy. W listopadzie 1987 roku papie\u017c Jan Pawe\u0142 II wys\u0142a\u0142 kardyna\u0142a \u00c9douarda Gagnona do \u00c9c\u00f4ne jako wizytatora apostolskiego. <\/p>\n\n\n\n<p class=\"has-text-align-justify wp-block-paragraph\">Wizyta zako\u0144czy\u0142a si\u0119 przekazaniem papie\u017cowi w styczniu 1988 roku oko\u0142o trzydziestostronicowego raportu, w kt\u00f3rym kanadyjski kardyna\u0142 przedstawi\u0142 zasadniczo pozytywn\u0105 ocen\u0119 sytuacji Bractwa i zaproponowa\u0142 rozwi\u0105zanie kanoniczne, kt\u00f3re u\u0142atwi\u0142oby pe\u0142ne pojednanie z Rzymem.<\/p>\n\n\n\n<p class=\"has-text-align-justify wp-block-paragraph\">Tymczasem arcybiskup Lefebvre publicznie og\u0142osi\u0142 zamiar konsekracji co najmniej trzech biskup\u00f3w do 30 czerwca 1988 roku, nawet bez papieskiego upowa\u017cnienia. <\/p>\n\n\n\n<p class=\"has-text-align-justify wp-block-paragraph\">Jan Pawe\u0142 II nie porzuci\u0142 drogi dialogu. 12 i 15 kwietnia 1988 roku zorganizowano spotkania przedstawicieli Stolicy Apostolskiej i Bractwa, w kt\u00f3rych uczestniczyli teologowie i kanoni\u015bci obu stron. <\/p>\n\n\n\n<p class=\"has-text-align-justify wp-block-paragraph\">Pomy\u015blny wynik tych rozm\u00f3w utorowa\u0142 drog\u0119 do kolejnego spotkania, kt\u00f3re odby\u0142o si\u0119 5 maja, mi\u0119dzy kardyna\u0142em Josephem Ratzingerem, \u00f3wczesnym prefektem Kongregacji Nauki Wiary, a arcybiskupem Lefebvre.<\/p>\n\n\n\n<h4 class=\"wp-block-heading\"><em>Protok\u00f3\u0142 z 1988 roku i punkt bez powrotu<\/em><\/h4>\n\n\n\n<p class=\"has-text-align-justify wp-block-paragraph\">Spotkanie zako\u0144czy\u0142o si\u0119 podpisaniem protoko\u0142u porozumienia, kt\u00f3ry ma pozosta\u0107 jednym z najwa\u017cniejszych dokument\u00f3w w najnowszej historii Ko\u015bcio\u0142a. <\/p>\n\n\n\n<p class=\"has-text-align-justify wp-block-paragraph\">W pierwszej cz\u0119\u015bci, doktrynalnej, arcybiskup Lefebvre, w imieniu swoim i Towarzystwa, zadeklarowa\u0142 wierno\u015b\u0107 Ko\u015bcio\u0142owi katolickiemu i Papie\u017cowi. <\/p>\n\n\n\n<p class=\"has-text-align-justify wp-block-paragraph\">Przyj\u0105\u0142 doktryn\u0119 zawart\u0105 w artykule 25 Konstytucji dogmatycznej <em>Lumen gentium<\/em> dotycz\u0105c\u0105 Magisterium Ko\u015bcio\u0142a i nale\u017cn\u0105 jej akceptacj\u0119. Zobowi\u0105za\u0142 si\u0119 do podtrzymywania postawy studium i dialogu ze Stolic\u0105 Apostolsk\u0105, unikaj\u0105c polemik dotycz\u0105cych kontrowersyjnych punkt\u00f3w Soboru Watyka\u0144skiego II i p\u00f3\u017aniejszych reform. <\/p>\n\n\n\n<p class=\"has-text-align-justify wp-block-paragraph\">Uzna\u0142 wa\u017cno\u015b\u0107 Mszy \u015awi\u0119tej i sakrament\u00f3w sprawowanych zgodnie z ksi\u0119gami liturgicznymi promulgowanymi przez Paw\u0142a VI i Jana Paw\u0142a II. Wreszcie, obieca\u0142 poszanowanie og\u00f3lnej dyscypliny Ko\u015bcio\u0142a, chroni\u0105c szczeg\u00f3ln\u0105 dyscyplin\u0119 kanoniczn\u0105, kt\u00f3ra mia\u0142a zosta\u0107 przyznana Bractwu.<\/p>\n\n\n\n<p class=\"has-text-align-justify wp-block-paragraph\">W zamian Stolica Apostolska zaproponowa\u0142a dalekosi\u0119\u017cne rozwi\u0105zanie kanoniczne. Bractwo mia\u0142o zosta\u0107 erygowane jako Stowarzyszenie \u017bycia Apostolskiego na prawie papieskim, obdarzone znaczn\u0105 autonomi\u0105 od biskup\u00f3w diecezjalnych w zakresie kultu, formacji i apostolatu. <\/p>\n\n\n\n<p class=\"has-text-align-justify wp-block-paragraph\">Mia\u0142o otrzyma\u0107 prawo do dalszego korzystania z ksi\u0105g liturgicznych z 1962 roku. W celu rozstrzygania ewentualnych spor\u00f3w mia\u0142a zosta\u0107 powo\u0142ana komisja mieszana, z\u0142o\u017cona z przedstawicieli Stolicy Apostolskiej i Towarzystwa. <\/p>\n\n\n\n<p class=\"has-text-align-justify wp-block-paragraph\">Ponadto protok\u00f3\u0142 przewidywa\u0142 zniesienie <em>suspensio a divinis<\/em> na\u0142o\u017conego na arcybiskupa Lefebvre&#8217;a, uregulowanie akt\u00f3w dokonanych bez niezb\u0119dnych uprawnie\u0144 oraz prawne uznanie dom\u00f3w i dzie\u0142 Bractwa. <\/p>\n\n\n\n<p class=\"has-text-align-justify wp-block-paragraph\">Co najwa\u017cniejsze, protok\u00f3\u0142 uznawa\u0142 mo\u017cliwo\u015b\u0107 wyniesienia cz\u0142onka Bractwado godno\u015bci biskupiej, wybranego z listy trzech nazwisk zaproponowanych przez arcybiskupa Lefebvre&#8217;a. <\/p>\n\n\n\n<p class=\"has-text-align-justify wp-block-paragraph\">Kwestia zapewnienia biskupa \u2013 g\u0142\u00f3wna troska za\u0142o\u017cyciela \u2013 wydawa\u0142a si\u0119 znale\u017a\u0107 rozwi\u0105zanie. Pe\u0142ny tekst porozumienia zosta\u0142 opublikowany w kolejnych dniach przez Biuletyn Stolicy Apostolskiej, dziennik Pr\u00e9sent oraz samo Bractwo Kap\u0142a\u0144skie \u015awi\u0119tego Piusa X.<\/p>\n\n\n\n<p class=\"has-text-align-justify wp-block-paragraph\">Nieca\u0142e dwadzie\u015bcia cztery godziny po podpisaniu dokumentu wszystko si\u0119 zmieni\u0142o. 6 maja arcybiskup Lefebvre wystosowa\u0142 list do kardyna\u0142a Ratzingera, w kt\u00f3rym o\u015bwiadczy\u0142, \u017ce nie uwa\u017ca otrzymanych gwarancji za wystarczaj\u0105ce. <\/p>\n\n\n\n<p class=\"has-text-align-justify wp-block-paragraph\">Za\u017c\u0105da\u0142, aby konsekracja przysz\u0142ego biskupa zosta\u0142a wyznaczona na 30 czerwca, dodaj\u0105c, \u017ce w przypadku braku pozytywnej odpowiedzi, uwa\u017ca si\u0119 za moralnie zobowi\u0105zanego do przeprowadzenia konsekracji biskupich osobi\u015bcie.<\/p>\n\n\n\n<p class=\"has-text-align-justify wp-block-paragraph\">Co dok\u0142adnie wydarzy\u0142o si\u0119 podczas tej nieprzespanej nocy mi\u0119dzy czwartkiem 5 a pi\u0105tkiem 6 maja, kt\u00f3r\u0105 arcybiskup Lefebvre sp\u0119dzi\u0142 w klasztorze Bractwa w Albano przy Via Trilussa w towarzystwie kilku swoich najbli\u017cszych wsp\u00f3\u0142pracownik\u00f3w? <\/p>\n\n\n\n<p class=\"has-text-align-justify wp-block-paragraph\">Pewne jest, \u017ce decyzja z 6 maja 1988 roku wyznaczy\u0142a punkt, z kt\u00f3rego nie by\u0142o odwrotu. Od tego momentu dialog stopniowo przerodzi\u0142 si\u0119 w wy\u015bcig z czasem.<\/p>\n\n\n\n<p class=\"has-text-align-justify wp-block-paragraph\">Ostatnie spotkanie odby\u0142o si\u0119 24 maja, podczas kt\u00f3rego kardyna\u0142 Ratzinger, w imieniu Jana Paw\u0142a II, zaproponowa\u0142 mo\u017cliwo\u015b\u0107 przesuni\u0119cia nominacji biskupiej na 15 sierpnia, pod warunkiem przywr\u00f3cenia klimatu zaufania i pojednania ze Stolic\u0105 Apostolsk\u0105 w oparciu o podpisany ju\u017c protok\u00f3\u0142. <\/p>\n\n\n\n<p class=\"has-text-align-justify wp-block-paragraph\">Arcybiskup Lefebvre, w li\u015bcie z 2 czerwca, odrzuci\u0142 t\u0119 propozycj\u0119, nalegaj\u0105c na dat\u0119 30 czerwca i nominacj\u0119 trzech biskup\u00f3w, aby zagwarantowa\u0107 \u017cycie i dzia\u0142alno\u015b\u0107 Bractwa. <\/p>\n\n\n\n<p class=\"has-text-align-justify wp-block-paragraph\">W ostatnim li\u015bcie z 9 czerwca Jan Pawe\u0142 II b\u0142aga\u0142 arcybiskupa Lefebvre&#8217;a o zastanowienie si\u0119 nad powag\u0105 konsekwencji czynu, kt\u00f3ry zamierza\u0142 pope\u0142ni\u0107, wzywaj\u0105c go do \u201epokornego powrotu do pe\u0142nego pos\u0142usze\u0144stwa Wikariuszowi Chrystusa\u201d.<\/p>\n\n\n\n<p class=\"has-text-align-justify wp-block-paragraph\">30 czerwca 1988 roku, z pomoc\u0105 biskupa Ant\u00f4nio de Castro Mayera, arcybiskup Marcel Lefebvre konsekrowa\u0142 czterech biskup\u00f3w bez mandatu papieskiego: Bernarda Fellaya, Bernarda Tissiera de Mallerais, Richarda Williamsona i Alfonsa de Galarrety. Jan Pawe\u0142 II zareagowa\u0142 2 lipca, wydaj\u0105c motu proprio \u201eEcclesia Dei adflicta\u201d, kwalifikuj\u0105c akt jako \u201eschizmatycki\u201d i o\u015bwiadczaj\u0105c, \u017ce konsekratorzy i osoby konsekrowane popadli w ekskomunik\u0119 latae sententiae, przewidzian\u0105 przez prawo kanoniczne.<\/p>\n\n\n\n<h4 class=\"wp-block-heading\"><em>Wniosek<\/em><\/h4>\n\n\n\n<p class=\"has-text-align-justify wp-block-paragraph\">Chronos dobieg\u0142 ko\u0144ca: min\u0119\u0142o trzydzie\u015bci osiem lat od tamtej pory. Jednak kairos 1988 roku \u2013 chwila, w kt\u00f3rej Opatrzno\u015b\u0107 skupi\u0142a ci\u0119\u017car historycznej decyzji w r\u0119kach arcybiskupa Lefebvre\u2019a \u2013 wci\u0105\u017c rzuca cie\u0144 na tera\u017aniejszo\u015b\u0107.<\/p>\n\n\n\n<p class=\"has-text-align-justify wp-block-paragraph\">1 lipca 2026 roku stanowi jeden z najwa\u017cniejszych moment\u00f3w w historii relacji mi\u0119dzy Stolic\u0105 Apostolsk\u0105 a Bractwem \u015awi\u0119tego Piusa X. <\/p>\n\n\n\n<p class=\"has-text-align-justify wp-block-paragraph\">Nie dlatego, \u017ce otwiera zupe\u0142nie nowy kryzys, ale dlatego, \u017ce niezaprzeczalnie potwierdza, i\u017c kryzys z 1988 roku nigdy nie zosta\u0142 w pe\u0142ni rozwi\u0105zany. <\/p>\n\n\n\n<p class=\"has-text-align-justify wp-block-paragraph\">Wkracza on teraz w inn\u0105 faz\u0119, w kt\u00f3rej sednem problemu nie jest ju\u017c jedynie legalno\u015b\u0107 czterech konkretnych konsekracji biskupich, ale trwa\u0142o\u015b\u0107 le\u017c\u0105cego u ich podstaw dylematu doktrynalnego i nieustanna kontynuacja linii biskup\u00f3w, kt\u00f3rej przeznaczeniem jest przetrwanie niezale\u017cnie od autorytetu Papie\u017ca.<\/p>\n\n\n\n<div class=\"wp-block-kadence-infobox kt-info-box74405_787106-ce\"><a class=\"kt-blocks-info-box-link-wrap info-box-link kt-blocks-info-box-media-align-top kt-info-halign-center\" target=\"_blank\" rel=\"noopener noreferrer\" href=\"https:\/\/wobronietradycjiiwiary.com\/pl\/subskrypcje-2\/\"><div class=\"kt-blocks-info-box-media-container\"><div class=\"kt-blocks-info-box-media kt-info-media-animate-none\"><div class=\"kadence-info-box-image-inner-intrisic-container\"><div class=\"kadence-info-box-image-intrisic kt-info-animate-none\"><div class=\"kadence-info-box-image-inner-intrisic\"><img decoding=\"async\" data-attachment-id=\"99768\" data-permalink=\"https:\/\/wobronietradycjiiwiary.com\/pl\/cropped-cropped-st-peters-dome-vatican-1-jpg\/\" data-orig-file=\"https:\/\/wobronietradycjiiwiary.com\/wp-content\/uploads\/2015\/10\/cropped-cropped-st-peters-dome-vatican-1.jpg\" data-orig-size=\"512,512\" data-comments-opened=\"1\" data-image-meta=\"{&quot;aperture&quot;:&quot;0&quot;,&quot;credit&quot;:&quot;&quot;,&quot;camera&quot;:&quot;&quot;,&quot;caption&quot;:&quot;&quot;,&quot;created_timestamp&quot;:&quot;0&quot;,&quot;copyright&quot;:&quot;&quot;,&quot;focal_length&quot;:&quot;0&quot;,&quot;iso&quot;:&quot;0&quot;,&quot;shutter_speed&quot;:&quot;0&quot;,&quot;title&quot;:&quot;&quot;,&quot;orientation&quot;:&quot;0&quot;}\" data-image-title=\"cropped-cropped-st-peters-dome-vatican-1.jpg\" data-image-description=\"&lt;p&gt;https:\/\/wobronietradycjiiwiary.com\/wp-content\/uploads\/2015\/10\/cropped-cropped-st-peters-dome-vatican-1.jpg&lt;\/p&gt;\n\" data-image-caption=\"\" data-large-file=\"https:\/\/wobronietradycjiiwiary.com\/wp-content\/uploads\/2015\/10\/cropped-cropped-st-peters-dome-vatican-1.jpg\" src=\"https:\/\/wobronietradycjiiwiary.com\/wp-content\/uploads\/2015\/10\/cropped-cropped-st-peters-dome-vatican-1-150x150.jpg\" alt=\"\" width=\"150\" height=\"150\" class=\"kt-info-box-image wp-image-99768\" srcset=\"https:\/\/wobronietradycjiiwiary.com\/wp-content\/uploads\/2015\/10\/cropped-cropped-st-peters-dome-vatican-1-150x150.jpg 150w, https:\/\/wobronietradycjiiwiary.com\/wp-content\/uploads\/2015\/10\/cropped-cropped-st-peters-dome-vatican-1-300x300.jpg 300w, https:\/\/wobronietradycjiiwiary.com\/wp-content\/uploads\/2015\/10\/cropped-cropped-st-peters-dome-vatican-1-12x12.jpg 12w, https:\/\/wobronietradycjiiwiary.com\/wp-content\/uploads\/2015\/10\/cropped-cropped-st-peters-dome-vatican-1-400x400.jpg?crop=1 400w, https:\/\/wobronietradycjiiwiary.com\/wp-content\/uploads\/2015\/10\/cropped-cropped-st-peters-dome-vatican-1-200x200.jpg?crop=1 200w, https:\/\/wobronietradycjiiwiary.com\/wp-content\/uploads\/2015\/10\/cropped-cropped-st-peters-dome-vatican-1-100x100.jpg?crop=1 100w, https:\/\/wobronietradycjiiwiary.com\/wp-content\/uploads\/2015\/10\/cropped-cropped-st-peters-dome-vatican-1-270x270.jpg 270w, https:\/\/wobronietradycjiiwiary.com\/wp-content\/uploads\/2015\/10\/cropped-cropped-st-peters-dome-vatican-1-192x192.jpg 192w, https:\/\/wobronietradycjiiwiary.com\/wp-content\/uploads\/2015\/10\/cropped-cropped-st-peters-dome-vatican-1-180x180.jpg 180w, https:\/\/wobronietradycjiiwiary.com\/wp-content\/uploads\/2015\/10\/cropped-cropped-st-peters-dome-vatican-1-32x32.jpg 32w, https:\/\/wobronietradycjiiwiary.com\/wp-content\/uploads\/2015\/10\/cropped-cropped-st-peters-dome-vatican-1.jpg 512w\" sizes=\"(max-width: 150px) 100vw, 150px\" \/><\/div><\/div><\/div><\/div><\/div><div class=\"kt-infobox-textcontent\"><h2 class=\"kt-blocks-info-box-title\">Chcesz czyta\u0107 wszystko?<\/h2><p class=\"kt-blocks-info-box-text\"><strong>Wykup abonament.<\/strong><\/p><\/div><\/a><\/div>\n\n\n\n<div class=\"wp-block-cover aligncenter\" style=\"min-height:361px;aspect-ratio:unset;\"><img fetchpriority=\"high\" decoding=\"async\" width=\"524\" height=\"539\" data-attachment-id=\"115630\" data-permalink=\"https:\/\/wobronietradycjiiwiary.com\/pl\/church-militant-o-naduzyciach-seksualnych-w-bractwie-sw-piusa-x-nowy-cykl\/ec48bf44892c29b895741920e0bdef09-2\/\" data-orig-file=\"https:\/\/wobronietradycjiiwiary.com\/wp-content\/uploads\/2024\/04\/ec48bf44892c29b895741920e0bdef09.jpg\" data-orig-size=\"524,539\" data-comments-opened=\"1\" data-image-meta=\"{&quot;aperture&quot;:&quot;0&quot;,&quot;credit&quot;:&quot;&quot;,&quot;camera&quot;:&quot;&quot;,&quot;caption&quot;:&quot;&quot;,&quot;created_timestamp&quot;:&quot;0&quot;,&quot;copyright&quot;:&quot;&quot;,&quot;focal_length&quot;:&quot;0&quot;,&quot;iso&quot;:&quot;0&quot;,&quot;shutter_speed&quot;:&quot;0&quot;,&quot;title&quot;:&quot;&quot;,&quot;orientation&quot;:&quot;0&quot;}\" data-image-title=\"ec48bf44892c29b895741920e0bdef09\" data-image-description=\"\" data-image-caption=\"\" data-large-file=\"https:\/\/wobronietradycjiiwiary.com\/wp-content\/uploads\/2024\/04\/ec48bf44892c29b895741920e0bdef09.jpg\" class=\"wp-block-cover__image-background wp-image-115630\" alt=\"\" src=\"https:\/\/wobronietradycjiiwiary.com\/wp-content\/uploads\/2024\/04\/ec48bf44892c29b895741920e0bdef09.jpg\" style=\"object-position:57% 0%\" data-object-fit=\"cover\" data-object-position=\"57% 0%\" srcset=\"https:\/\/wobronietradycjiiwiary.com\/wp-content\/uploads\/2024\/04\/ec48bf44892c29b895741920e0bdef09.jpg 524w, https:\/\/wobronietradycjiiwiary.com\/wp-content\/uploads\/2024\/04\/ec48bf44892c29b895741920e0bdef09-450x463.jpg 450w, https:\/\/wobronietradycjiiwiary.com\/wp-content\/uploads\/2024\/04\/ec48bf44892c29b895741920e0bdef09-292x300.jpg 292w, https:\/\/wobronietradycjiiwiary.com\/wp-content\/uploads\/2024\/04\/ec48bf44892c29b895741920e0bdef09-146x150.jpg 146w, https:\/\/wobronietradycjiiwiary.com\/wp-content\/uploads\/2024\/04\/ec48bf44892c29b895741920e0bdef09-12x12.jpg 12w, https:\/\/wobronietradycjiiwiary.com\/wp-content\/uploads\/2024\/04\/ec48bf44892c29b895741920e0bdef09-58x60.jpg 58w, https:\/\/wobronietradycjiiwiary.com\/wp-content\/uploads\/2024\/04\/ec48bf44892c29b895741920e0bdef09-87x90.jpg 87w\" sizes=\"(max-width: 524px) 100vw, 524px\" \/><span aria-hidden=\"true\" class=\"wp-block-cover__background has-background-dim\"><\/span><div class=\"wp-block-cover__inner-container is-layout-flow wp-block-cover-is-layout-flow\">\n<p class=\"has-text-align-center has-large-font-size wp-block-paragraph\"><mark style=\"background-color:rgba(0, 0, 0, 0)\" class=\"has-inline-color has-luminous-vivid-amber-color\"><strong>Spodoba\u0142o si\u0119? Wspieraj nas!<\/strong><\/mark><\/p>\n\n\n\n<p class=\"has-text-align-center wp-block-paragraph\"><strong>Kart\u0105, paypalem lub bezpo\u015brednim przelewem<\/strong>.<\/p>\n\n\n\n<p class=\"has-text-align-center wp-block-paragraph\" style=\"font-size:39px\"><a aria-label=\" (opens in a new tab)\" class=\"ek-link\" href=\"https:\/\/donate.stripe.com\/6oE7uNfHU4nXe2I7su\" target=\"_blank\" rel=\"noreferrer noopener\"><mark style=\"background-color:rgba(0, 0, 0, 0)\" class=\"has-inline-color has-white-color\"><strong>Datki<\/strong> <\/mark><\/a><\/p>\n<\/div><\/div>\n","protected":false},"excerpt":{"rendered":"<p>O \u015bwi\u0119ceniach w \u00c9c\u00f4ne z perspektywy odpowiedniego czasu.<\/p>\n","protected":false},"author":60508433,"featured_media":168712,"comment_status":"open","ping_status":"open","sticky":false,"template":"","format":"standard","meta":{"_bbp_topic_count":0,"_bbp_reply_count":0,"_bbp_total_topic_count":0,"_bbp_total_reply_count":0,"_bbp_voice_count":0,"_bbp_anonymous_reply_count":0,"_bbp_topic_count_hidden":0,"_bbp_reply_count_hidden":0,"_bbp_forum_subforum_count":0,"_editorskit_title_hidden":false,"_editorskit_reading_time":0,"_editorskit_is_block_options_detached":false,"_editorskit_block_options_position":"{}","_coblocks_attr":"","_coblocks_dimensions":"","_coblocks_responsive_height":"","_coblocks_accordion_ie_support":"","_exactmetrics_skip_tracking":false,"_jetpack_newsletter_access":"","_jetpack_dont_email_post_to_subs":false,"_jetpack_newsletter_tier_id":0,"_jetpack_memberships_contains_paywalled_content":false,"_wpcom_ai_launchpad_first_post":false,"_jetpack_feature_clip_id":0,"_jetpack_memberships_contains_paid_content":false,"footnotes":"","jetpack_publicize_message":"{title}\n\n{excerpt}\n\n{url}","jetpack_publicize_feature_enabled":true,"jetpack_social_post_already_shared":true,"jetpack_social_options":{"image_generator_settings":{"template":"highway","default_image_id":0,"font":"","enabled":false},"version":2},"_wpas_customize_per_network":false,"jetpack_post_was_ever_published":false},"categories":[610136298,610131215,610136256,483931,80248953,610131186,610136292,610132875],"tags":[610136301,1209644,610136303],"class_list":["post-168701","post","type-post","status-publish","format-standard","has-post-thumbnail","hentry","category-analiza-cudza","category-autorzy-polemiczni","category-ekskomunika-fsspx","category-fsspx","category-kosciol-posoborowy","category-polemika","category-roberto-de-mattei","category-tradycjonalizm","tag-econe","tag-roberto-de-mattei","tag-rzym-a-fsspx"],"yoast_head":"<!-- This site is optimized with the Yoast SEO plugin v28.3 - https:\/\/yoast.com\/product\/yoast-seo-wordpress\/ -->\n<title>Roberto de Mattei, \u015awi\u0119cenia w \u00c9c\u00f4ne z 1 lipca 2026 r.: Chronos i Kairos pewnego wydarzenia. - Tradycja i Wiara<\/title>\n<meta name=\"robots\" content=\"index, follow, max-snippet:-1, max-image-preview:large, max-video-preview:-1\" \/>\n<link rel=\"canonical\" href=\"https:\/\/wobronietradycjiiwiary.com\/pl\/roberto-de-mattei-swiecenia-w-econe-z-1-lipca-2026-r-chronos-i-kairos-pewnego-wydarzenia\/\" \/>\n<meta property=\"og:locale\" content=\"pl_PL\" \/>\n<meta property=\"og:type\" content=\"article\" \/>\n<meta property=\"og:title\" content=\"Roberto de Mattei, \u015awi\u0119cenia w \u00c9c\u00f4ne z 1 lipca 2026 r.: Chronos i Kairos pewnego wydarzenia. - Tradycja i Wiara\" \/>\n<meta property=\"og:description\" content=\"O \u015bwi\u0119ceniach w \u00c9c\u00f4ne z perspektywy odpowiedniego czasu.\" \/>\n<meta property=\"og:url\" content=\"https:\/\/wobronietradycjiiwiary.com\/pl\/roberto-de-mattei-swiecenia-w-econe-z-1-lipca-2026-r-chronos-i-kairos-pewnego-wydarzenia\/\" \/>\n<meta property=\"og:site_name\" content=\"Tradycja i Wiara\" \/>\n<meta property=\"article:publisher\" content=\"https:\/\/www.facebook.com\/Tradycja-i-Wiara-108813920592249\" \/>\n<meta property=\"article:published_time\" content=\"2026-07-16T06:05:00+00:00\" \/>\n<meta property=\"article:modified_time\" content=\"2026-07-16T15:00:15+00:00\" \/>\n<meta property=\"og:image\" content=\"https:\/\/wobronietradycjiiwiary.com\/wp-content\/uploads\/2026\/07\/Holy-Orders-2.jpeg\" \/>\n\t<meta property=\"og:image:width\" content=\"411\" \/>\n\t<meta property=\"og:image:height\" content=\"486\" \/>\n\t<meta property=\"og:image:type\" content=\"image\/jpeg\" \/>\n<meta name=\"author\" content=\"Traditio et Fides\" \/>\n<meta name=\"twitter:card\" content=\"summary_large_image\" \/>\n<meta name=\"twitter:label1\" content=\"Napisane przez\" \/>\n\t<meta name=\"twitter:data1\" content=\"Traditio et Fides\" \/>\n\t<meta name=\"twitter:label2\" content=\"Szacowany czas czytania\" \/>\n\t<meta name=\"twitter:data2\" content=\"31 minut\" \/>\n<script type=\"application\/ld+json\" class=\"yoast-schema-graph\">{\"@context\":\"https:\\\/\\\/schema.org\",\"@graph\":[{\"@type\":\"Article\",\"@id\":\"https:\\\/\\\/wobronietradycjiiwiary.com\\\/roberto-de-mattei-swiecenia-w-econe-z-1-lipca-2026-r-chronos-i-kairos-pewnego-wydarzenia\\\/#article\",\"isPartOf\":{\"@id\":\"https:\\\/\\\/wobronietradycjiiwiary.com\\\/roberto-de-mattei-swiecenia-w-econe-z-1-lipca-2026-r-chronos-i-kairos-pewnego-wydarzenia\\\/\"},\"author\":{\"name\":\"Traditio et Fides\",\"@id\":\"https:\\\/\\\/wobronietradycjiiwiary.com\\\/pl\\\/#\\\/schema\\\/person\\\/2d6180ce6abcb681fef0daab7816e8f3\"},\"headline\":\"Roberto de Mattei, \u015awi\u0119cenia w \u00c9c\u00f4ne z 1 lipca 2026 r.: Chronos i Kairos pewnego wydarzenia.\",\"datePublished\":\"2026-07-16T06:05:00+00:00\",\"dateModified\":\"2026-07-16T15:00:15+00:00\",\"mainEntityOfPage\":{\"@id\":\"https:\\\/\\\/wobronietradycjiiwiary.com\\\/roberto-de-mattei-swiecenia-w-econe-z-1-lipca-2026-r-chronos-i-kairos-pewnego-wydarzenia\\\/\"},\"wordCount\":2256,\"commentCount\":0,\"publisher\":{\"@id\":\"https:\\\/\\\/wobronietradycjiiwiary.com\\\/pl\\\/#organization\"},\"image\":{\"@id\":\"https:\\\/\\\/wobronietradycjiiwiary.com\\\/roberto-de-mattei-swiecenia-w-econe-z-1-lipca-2026-r-chronos-i-kairos-pewnego-wydarzenia\\\/#primaryimage\"},\"thumbnailUrl\":\"https:\\\/\\\/wobronietradycjiiwiary.com\\\/wp-content\\\/uploads\\\/2026\\\/07\\\/Holy-Orders-2.jpeg\",\"keywords\":[\"\u00c9c\u00f4ne\",\"Roberto de Mattei\",\"Rzym a FSSPX\"],\"articleSection\":[\"Analiza cudza\",\"Autorzy polemiczni\",\"Ekskomunika FSSPX\",\"FSSPX\",\"Ko\u015bci\u00f3\u0142 posoborowy\",\"Polemika\",\"Roberto de Mattei\",\"Tradycjonalizm\"],\"inLanguage\":\"pl-PL\",\"potentialAction\":[{\"@type\":\"CommentAction\",\"name\":\"Comment\",\"target\":[\"https:\\\/\\\/wobronietradycjiiwiary.com\\\/roberto-de-mattei-swiecenia-w-econe-z-1-lipca-2026-r-chronos-i-kairos-pewnego-wydarzenia\\\/#respond\"]}]},{\"@type\":\"WebPage\",\"@id\":\"https:\\\/\\\/wobronietradycjiiwiary.com\\\/roberto-de-mattei-swiecenia-w-econe-z-1-lipca-2026-r-chronos-i-kairos-pewnego-wydarzenia\\\/\",\"url\":\"https:\\\/\\\/wobronietradycjiiwiary.com\\\/roberto-de-mattei-swiecenia-w-econe-z-1-lipca-2026-r-chronos-i-kairos-pewnego-wydarzenia\\\/\",\"name\":\"Roberto de Mattei, \u015awi\u0119cenia w \u00c9c\u00f4ne z 1 lipca 2026 r.: Chronos i Kairos pewnego wydarzenia. - Tradycja i Wiara\",\"isPartOf\":{\"@id\":\"https:\\\/\\\/wobronietradycjiiwiary.com\\\/pl\\\/#website\"},\"primaryImageOfPage\":{\"@id\":\"https:\\\/\\\/wobronietradycjiiwiary.com\\\/roberto-de-mattei-swiecenia-w-econe-z-1-lipca-2026-r-chronos-i-kairos-pewnego-wydarzenia\\\/#primaryimage\"},\"image\":{\"@id\":\"https:\\\/\\\/wobronietradycjiiwiary.com\\\/roberto-de-mattei-swiecenia-w-econe-z-1-lipca-2026-r-chronos-i-kairos-pewnego-wydarzenia\\\/#primaryimage\"},\"thumbnailUrl\":\"https:\\\/\\\/wobronietradycjiiwiary.com\\\/wp-content\\\/uploads\\\/2026\\\/07\\\/Holy-Orders-2.jpeg\",\"datePublished\":\"2026-07-16T06:05:00+00:00\",\"dateModified\":\"2026-07-16T15:00:15+00:00\",\"breadcrumb\":{\"@id\":\"https:\\\/\\\/wobronietradycjiiwiary.com\\\/roberto-de-mattei-swiecenia-w-econe-z-1-lipca-2026-r-chronos-i-kairos-pewnego-wydarzenia\\\/#breadcrumb\"},\"inLanguage\":\"pl-PL\",\"potentialAction\":[{\"@type\":\"ReadAction\",\"target\":[\"https:\\\/\\\/wobronietradycjiiwiary.com\\\/roberto-de-mattei-swiecenia-w-econe-z-1-lipca-2026-r-chronos-i-kairos-pewnego-wydarzenia\\\/\"]}]},{\"@type\":\"ImageObject\",\"inLanguage\":\"pl-PL\",\"@id\":\"https:\\\/\\\/wobronietradycjiiwiary.com\\\/roberto-de-mattei-swiecenia-w-econe-z-1-lipca-2026-r-chronos-i-kairos-pewnego-wydarzenia\\\/#primaryimage\",\"url\":\"https:\\\/\\\/wobronietradycjiiwiary.com\\\/wp-content\\\/uploads\\\/2026\\\/07\\\/Holy-Orders-2.jpeg\",\"contentUrl\":\"https:\\\/\\\/wobronietradycjiiwiary.com\\\/wp-content\\\/uploads\\\/2026\\\/07\\\/Holy-Orders-2.jpeg\",\"width\":411,\"height\":486},{\"@type\":\"BreadcrumbList\",\"@id\":\"https:\\\/\\\/wobronietradycjiiwiary.com\\\/roberto-de-mattei-swiecenia-w-econe-z-1-lipca-2026-r-chronos-i-kairos-pewnego-wydarzenia\\\/#breadcrumb\",\"itemListElement\":[{\"@type\":\"ListItem\",\"position\":1,\"name\":\"Strona g\u0142\u00f3wna\",\"item\":\"https:\\\/\\\/wobronietradycjiiwiary.com\\\/\"},{\"@type\":\"ListItem\",\"position\":2,\"name\":\"Roberto de Mattei, \u015awi\u0119cenia w \u00c9c\u00f4ne z 1 lipca 2026 r.: Chronos i Kairos pewnego wydarzenia.\"}]},{\"@type\":\"WebSite\",\"@id\":\"https:\\\/\\\/wobronietradycjiiwiary.com\\\/pl\\\/#website\",\"url\":\"https:\\\/\\\/wobronietradycjiiwiary.com\\\/pl\\\/\",\"name\":\"Tradycja i Wiara\",\"description\":\"Portal dla katolik\u00f3w.\",\"publisher\":{\"@id\":\"https:\\\/\\\/wobronietradycjiiwiary.com\\\/pl\\\/#organization\"},\"potentialAction\":[{\"@type\":\"SearchAction\",\"target\":{\"@type\":\"EntryPoint\",\"urlTemplate\":\"https:\\\/\\\/wobronietradycjiiwiary.com\\\/pl\\\/?s={search_term_string}\"},\"query-input\":{\"@type\":\"PropertyValueSpecification\",\"valueRequired\":true,\"valueName\":\"search_term_string\"}}],\"inLanguage\":\"pl-PL\"},{\"@type\":\"Organization\",\"@id\":\"https:\\\/\\\/wobronietradycjiiwiary.com\\\/pl\\\/#organization\",\"name\":\"Tradycja i Wiara\",\"url\":\"https:\\\/\\\/wobronietradycjiiwiary.com\\\/pl\\\/\",\"logo\":{\"@type\":\"ImageObject\",\"inLanguage\":\"pl-PL\",\"@id\":\"https:\\\/\\\/wobronietradycjiiwiary.com\\\/pl\\\/#\\\/schema\\\/logo\\\/image\\\/\",\"url\":\"https:\\\/\\\/i0.wp.com\\\/wobronietradycjiiwiary.com\\\/wp-content\\\/uploads\\\/2015\\\/10\\\/cropped-st-peters-dome-vatican.jpg?fit=940%2C198&ssl=1\",\"contentUrl\":\"https:\\\/\\\/i0.wp.com\\\/wobronietradycjiiwiary.com\\\/wp-content\\\/uploads\\\/2015\\\/10\\\/cropped-st-peters-dome-vatican.jpg?fit=940%2C198&ssl=1\",\"width\":940,\"height\":198,\"caption\":\"Tradycja i Wiara\"},\"image\":{\"@id\":\"https:\\\/\\\/wobronietradycjiiwiary.com\\\/pl\\\/#\\\/schema\\\/logo\\\/image\\\/\"},\"sameAs\":[\"https:\\\/\\\/www.facebook.com\\\/Tradycja-i-Wiara-108813920592249\"]},{\"@type\":\"Person\",\"@id\":\"https:\\\/\\\/wobronietradycjiiwiary.com\\\/pl\\\/#\\\/schema\\\/person\\\/2d6180ce6abcb681fef0daab7816e8f3\",\"name\":\"Traditio et Fides\",\"sameAs\":[\"https:\\\/\\\/traditionundglauben.com\"],\"url\":\"https:\\\/\\\/wobronietradycjiiwiary.com\\\/pl\\\/author\\\/wobronietradycjiiwiary\\\/\"}]}<\/script>\n<!-- \/ Yoast SEO plugin. -->","yoast_head_json":{"title":"Roberto de Mattei, \u015awi\u0119cenia w \u00c9c\u00f4ne z 1 lipca 2026 r.: Chronos i Kairos pewnego wydarzenia. - Tradycja i Wiara","robots":{"index":"index","follow":"follow","max-snippet":"max-snippet:-1","max-image-preview":"max-image-preview:large","max-video-preview":"max-video-preview:-1"},"canonical":"https:\/\/wobronietradycjiiwiary.com\/pl\/roberto-de-mattei-swiecenia-w-econe-z-1-lipca-2026-r-chronos-i-kairos-pewnego-wydarzenia\/","og_locale":"pl_PL","og_type":"article","og_title":"Roberto de Mattei, \u015awi\u0119cenia w \u00c9c\u00f4ne z 1 lipca 2026 r.: Chronos i Kairos pewnego wydarzenia. - Tradycja i Wiara","og_description":"O \u015bwi\u0119ceniach w \u00c9c\u00f4ne z perspektywy odpowiedniego czasu.","og_url":"https:\/\/wobronietradycjiiwiary.com\/pl\/roberto-de-mattei-swiecenia-w-econe-z-1-lipca-2026-r-chronos-i-kairos-pewnego-wydarzenia\/","og_site_name":"Tradycja i Wiara","article_publisher":"https:\/\/www.facebook.com\/Tradycja-i-Wiara-108813920592249","article_published_time":"2026-07-16T06:05:00+00:00","article_modified_time":"2026-07-16T15:00:15+00:00","og_image":[{"width":411,"height":486,"url":"https:\/\/wobronietradycjiiwiary.com\/wp-content\/uploads\/2026\/07\/Holy-Orders-2.jpeg","type":"image\/jpeg"}],"author":"Traditio et Fides","twitter_card":"summary_large_image","twitter_misc":{"Napisane przez":"Traditio et Fides","Szacowany czas czytania":"31 minut"},"schema":{"@context":"https:\/\/schema.org","@graph":[{"@type":"Article","@id":"https:\/\/wobronietradycjiiwiary.com\/roberto-de-mattei-swiecenia-w-econe-z-1-lipca-2026-r-chronos-i-kairos-pewnego-wydarzenia\/#article","isPartOf":{"@id":"https:\/\/wobronietradycjiiwiary.com\/roberto-de-mattei-swiecenia-w-econe-z-1-lipca-2026-r-chronos-i-kairos-pewnego-wydarzenia\/"},"author":{"name":"Traditio et Fides","@id":"https:\/\/wobronietradycjiiwiary.com\/pl\/#\/schema\/person\/2d6180ce6abcb681fef0daab7816e8f3"},"headline":"Roberto de Mattei, \u015awi\u0119cenia w \u00c9c\u00f4ne z 1 lipca 2026 r.: Chronos i Kairos pewnego wydarzenia.","datePublished":"2026-07-16T06:05:00+00:00","dateModified":"2026-07-16T15:00:15+00:00","mainEntityOfPage":{"@id":"https:\/\/wobronietradycjiiwiary.com\/roberto-de-mattei-swiecenia-w-econe-z-1-lipca-2026-r-chronos-i-kairos-pewnego-wydarzenia\/"},"wordCount":2256,"commentCount":0,"publisher":{"@id":"https:\/\/wobronietradycjiiwiary.com\/pl\/#organization"},"image":{"@id":"https:\/\/wobronietradycjiiwiary.com\/roberto-de-mattei-swiecenia-w-econe-z-1-lipca-2026-r-chronos-i-kairos-pewnego-wydarzenia\/#primaryimage"},"thumbnailUrl":"https:\/\/wobronietradycjiiwiary.com\/wp-content\/uploads\/2026\/07\/Holy-Orders-2.jpeg","keywords":["\u00c9c\u00f4ne","Roberto de Mattei","Rzym a FSSPX"],"articleSection":["Analiza cudza","Autorzy polemiczni","Ekskomunika FSSPX","FSSPX","Ko\u015bci\u00f3\u0142 posoborowy","Polemika","Roberto de Mattei","Tradycjonalizm"],"inLanguage":"pl-PL","potentialAction":[{"@type":"CommentAction","name":"Comment","target":["https:\/\/wobronietradycjiiwiary.com\/roberto-de-mattei-swiecenia-w-econe-z-1-lipca-2026-r-chronos-i-kairos-pewnego-wydarzenia\/#respond"]}]},{"@type":"WebPage","@id":"https:\/\/wobronietradycjiiwiary.com\/roberto-de-mattei-swiecenia-w-econe-z-1-lipca-2026-r-chronos-i-kairos-pewnego-wydarzenia\/","url":"https:\/\/wobronietradycjiiwiary.com\/roberto-de-mattei-swiecenia-w-econe-z-1-lipca-2026-r-chronos-i-kairos-pewnego-wydarzenia\/","name":"Roberto de Mattei, \u015awi\u0119cenia w \u00c9c\u00f4ne z 1 lipca 2026 r.: Chronos i Kairos pewnego wydarzenia. - Tradycja i Wiara","isPartOf":{"@id":"https:\/\/wobronietradycjiiwiary.com\/pl\/#website"},"primaryImageOfPage":{"@id":"https:\/\/wobronietradycjiiwiary.com\/roberto-de-mattei-swiecenia-w-econe-z-1-lipca-2026-r-chronos-i-kairos-pewnego-wydarzenia\/#primaryimage"},"image":{"@id":"https:\/\/wobronietradycjiiwiary.com\/roberto-de-mattei-swiecenia-w-econe-z-1-lipca-2026-r-chronos-i-kairos-pewnego-wydarzenia\/#primaryimage"},"thumbnailUrl":"https:\/\/wobronietradycjiiwiary.com\/wp-content\/uploads\/2026\/07\/Holy-Orders-2.jpeg","datePublished":"2026-07-16T06:05:00+00:00","dateModified":"2026-07-16T15:00:15+00:00","breadcrumb":{"@id":"https:\/\/wobronietradycjiiwiary.com\/roberto-de-mattei-swiecenia-w-econe-z-1-lipca-2026-r-chronos-i-kairos-pewnego-wydarzenia\/#breadcrumb"},"inLanguage":"pl-PL","potentialAction":[{"@type":"ReadAction","target":["https:\/\/wobronietradycjiiwiary.com\/roberto-de-mattei-swiecenia-w-econe-z-1-lipca-2026-r-chronos-i-kairos-pewnego-wydarzenia\/"]}]},{"@type":"ImageObject","inLanguage":"pl-PL","@id":"https:\/\/wobronietradycjiiwiary.com\/roberto-de-mattei-swiecenia-w-econe-z-1-lipca-2026-r-chronos-i-kairos-pewnego-wydarzenia\/#primaryimage","url":"https:\/\/wobronietradycjiiwiary.com\/wp-content\/uploads\/2026\/07\/Holy-Orders-2.jpeg","contentUrl":"https:\/\/wobronietradycjiiwiary.com\/wp-content\/uploads\/2026\/07\/Holy-Orders-2.jpeg","width":411,"height":486},{"@type":"BreadcrumbList","@id":"https:\/\/wobronietradycjiiwiary.com\/roberto-de-mattei-swiecenia-w-econe-z-1-lipca-2026-r-chronos-i-kairos-pewnego-wydarzenia\/#breadcrumb","itemListElement":[{"@type":"ListItem","position":1,"name":"Strona g\u0142\u00f3wna","item":"https:\/\/wobronietradycjiiwiary.com\/"},{"@type":"ListItem","position":2,"name":"Roberto de Mattei, \u015awi\u0119cenia w \u00c9c\u00f4ne z 1 lipca 2026 r.: Chronos i Kairos pewnego wydarzenia."}]},{"@type":"WebSite","@id":"https:\/\/wobronietradycjiiwiary.com\/pl\/#website","url":"https:\/\/wobronietradycjiiwiary.com\/pl\/","name":"Tradycja i Wiara","description":"Portal dla katolik\u00f3w.","publisher":{"@id":"https:\/\/wobronietradycjiiwiary.com\/pl\/#organization"},"potentialAction":[{"@type":"SearchAction","target":{"@type":"EntryPoint","urlTemplate":"https:\/\/wobronietradycjiiwiary.com\/pl\/?s={search_term_string}"},"query-input":{"@type":"PropertyValueSpecification","valueRequired":true,"valueName":"search_term_string"}}],"inLanguage":"pl-PL"},{"@type":"Organization","@id":"https:\/\/wobronietradycjiiwiary.com\/pl\/#organization","name":"Tradycja i Wiara","url":"https:\/\/wobronietradycjiiwiary.com\/pl\/","logo":{"@type":"ImageObject","inLanguage":"pl-PL","@id":"https:\/\/wobronietradycjiiwiary.com\/pl\/#\/schema\/logo\/image\/","url":"https:\/\/i0.wp.com\/wobronietradycjiiwiary.com\/wp-content\/uploads\/2015\/10\/cropped-st-peters-dome-vatican.jpg?fit=940%2C198&ssl=1","contentUrl":"https:\/\/i0.wp.com\/wobronietradycjiiwiary.com\/wp-content\/uploads\/2015\/10\/cropped-st-peters-dome-vatican.jpg?fit=940%2C198&ssl=1","width":940,"height":198,"caption":"Tradycja i Wiara"},"image":{"@id":"https:\/\/wobronietradycjiiwiary.com\/pl\/#\/schema\/logo\/image\/"},"sameAs":["https:\/\/www.facebook.com\/Tradycja-i-Wiara-108813920592249"]},{"@type":"Person","@id":"https:\/\/wobronietradycjiiwiary.com\/pl\/#\/schema\/person\/2d6180ce6abcb681fef0daab7816e8f3","name":"Traditio et Fides","sameAs":["https:\/\/traditionundglauben.com"],"url":"https:\/\/wobronietradycjiiwiary.com\/pl\/author\/wobronietradycjiiwiary\/"}]}},"jetpack_publicize_connections":[],"jetpack_sharing_enabled":true,"jetpack_likes_enabled":true,"jetpack_shortlink":"https:\/\/wp.me\/pc04Sd-HSZ","jetpack-related-posts":[{"id":168428,"url":"https:\/\/wobronietradycjiiwiary.com\/pl\/roberto-de-mattei-facta-sunt-potentiora-verbis-slowa-i-czyny-w-prawie-koscielnym\/","url_meta":{"origin":168701,"position":0},"title":"Roberto de Mattei, Facta sunt potentiora verbis. S\u0142owa i czyny w prawie ko\u015bcielnym.","author":"Traditio et Fides","date":"14 lipca 2026","format":false,"excerpt":"Artyku\u0142 Roberto de Mattei na temat porz\u0105dku moralnego i prawnego w kontek\u015bcie ekskomuniki FSSPX.","rel":"","context":"W \u201eAnaliza cudza&quot;","block_context":{"text":"Analiza cudza","link":"https:\/\/wobronietradycjiiwiary.com\/pl\/category\/polemika\/kosciol-posoborowy\/tradycjonalizm\/fsspx\/fsspx-inne-kwestie\/swiecenia-biskupow\/ekskomunika-fsspx\/analiza-cudza\/"},"img":{"alt_text":"","src":"https:\/\/i0.wp.com\/wobronietradycjiiwiary.com\/wp-content\/uploads\/2026\/07\/Mediaval-judge.jpg?resize=350%2C200&ssl=1","width":350,"height":200},"classes":[]},{"id":168648,"url":"https:\/\/wobronietradycjiiwiary.com\/pl\/roberte-de-mattei-sytuacja-dotyczaca-konsekracji-biskupich-bractwa-kaplanskiego-swietego-piusa-x-fsspx-z-dnia-1-lipca-2026-r\/","url_meta":{"origin":168701,"position":1},"title":"Roberto de Mattei, Sytuacja dotycz\u0105ca konsekracji biskupich FSSPX z 1 lipca 2026 r.","author":"Traditio et Fides","date":"15 lipca 2026","format":false,"excerpt":"Roberto de Mattei na temat \"stanu wy\u017cszej konieczno\u015bci\".","rel":"","context":"W \u201eAnaliza cudza&quot;","block_context":{"text":"Analiza cudza","link":"https:\/\/wobronietradycjiiwiary.com\/pl\/category\/polemika\/kosciol-posoborowy\/tradycjonalizm\/fsspx\/fsspx-inne-kwestie\/swiecenia-biskupow\/ekskomunika-fsspx\/analiza-cudza\/"},"img":{"alt_text":"","src":"https:\/\/i0.wp.com\/wobronietradycjiiwiary.com\/wp-content\/uploads\/2026\/07\/Holy-Orders-1.jpeg?resize=350%2C200&ssl=1","width":350,"height":200},"classes":[]},{"id":21979,"url":"https:\/\/wobronietradycjiiwiary.com\/pl\/synod-amazonski-filmy\/","url_meta":{"origin":168701,"position":2},"title":"Synod amazo\u0144ski &#8211; filmy Roberto de Mattei","author":"Traditio et Fides","date":"10 pa\u017adziernika 2019","format":false,"excerpt":"\u00a0 Niniejszym zamieszczamy przem\u00f3wienie Roberto de Mattei, kt\u00f3re wyg\u0142osi\u0142 na konferencji Lifesitenews w przeddzie\u0144 Synodu Amazo\u0144skiego. Prof. de Mattei bardzo s\u0142usznie m\u00f3wi o kulcie demon\u00f3w i nast\u0119pnym etapie modernizmu. https:\/\/www.youtube.com\/watch?v=oabcfwRwj3c \u00a0 Tekst angielski jego przem\u00f3wienia znajduje si\u0119 tu","rel":"","context":"W \u201eRoberto de Mattei&quot;","block_context":{"text":"Roberto de Mattei","link":"https:\/\/wobronietradycjiiwiary.com\/pl\/category\/polemika\/autorzy-polemiczni\/roberto-de-mattei\/"},"img":{"alt_text":"","src":"https:\/\/i0.wp.com\/wobronietradycjiiwiary.com\/wp-content\/uploads\/2019\/10\/amazona-indianer-1.jpg?resize=350%2C200&ssl=1","width":350,"height":200},"classes":[]},{"id":118177,"url":"https:\/\/wobronietradycjiiwiary.com\/pl\/roberto-de-mattei-sacco-di-roma-litosciwa-kara\/","url_meta":{"origin":168701,"position":3},"title":"Roberto de Mattei, Sacco di Roma &#8211; lito\u015bciwa kara","author":"Traditio et Fides","date":"14 czerwca 2024","format":false,"excerpt":"Proroczy artyku\u0142 Roberta de Mattei z roku 2015.","rel":"","context":"W \u201e4. Franciszek&quot;","block_context":{"text":"4. Franciszek","link":"https:\/\/wobronietradycjiiwiary.com\/pl\/category\/polemika\/kosciol-posoborowy\/papieze\/papiez-franciszek\/"},"img":{"alt_text":"","src":"https:\/\/i0.wp.com\/wobronietradycjiiwiary.com\/wp-content\/uploads\/2024\/06\/sacco-di-Roma.jpg?resize=350%2C200&ssl=1","width":350,"height":200,"srcset":"https:\/\/i0.wp.com\/wobronietradycjiiwiary.com\/wp-content\/uploads\/2024\/06\/sacco-di-Roma.jpg?resize=350%2C200&ssl=1 1x, https:\/\/i0.wp.com\/wobronietradycjiiwiary.com\/wp-content\/uploads\/2024\/06\/sacco-di-Roma.jpg?resize=525%2C300&ssl=1 1.5x"},"classes":[]},{"id":118149,"url":"https:\/\/wobronietradycjiiwiary.com\/pl\/ty-sodomski-sukinsynie-lub-czy-bedzie-sacco-di-roma-bis\/","url_meta":{"origin":168701,"position":4},"title":"&#8220;Ty sodomski sukinsynie!&#8221; lub czy b\u0119dzie Sacco di Roma Bis?","author":"Traditio et Fides","date":"14 czerwca 2024","format":false,"excerpt":"O karze kolektywnej za grzechy sodomskie duchownych.","rel":"","context":"W \u201e4. Franciszek&quot;","block_context":{"text":"4. Franciszek","link":"https:\/\/wobronietradycjiiwiary.com\/pl\/category\/polemika\/kosciol-posoborowy\/papieze\/papiez-franciszek\/"},"img":{"alt_text":"","src":"https:\/\/i0.wp.com\/wobronietradycjiiwiary.com\/wp-content\/uploads\/2024\/06\/fd02dc5ef8651d91752ac803b6f02571-illuminated-letters-illuminated-manuscript.jpg?resize=350%2C200&ssl=1","width":350,"height":200},"classes":[]},{"id":93318,"url":"https:\/\/wobronietradycjiiwiary.com\/pl\/proces-horroru-fsspx-przelozony-o-wszystkim-wiedzial-i-utrzymywal-drapieznika-w-posludze\/","url_meta":{"origin":168701,"position":5},"title":"Christine Niles: Proces &#8220;horroru&#8221; FSSPX: Prze\u0142o\u017cony o wszystkim wiedzia\u0142 i utrzymywa\u0142 drapie\u017cnika w pos\u0142udze","author":"Traditio et Fides","date":"5 czerwca 2023","format":false,"excerpt":"O tle procesu ksi\u0119dza FSSPX oskar\u017conego o gwa\u0142ty i pedofili\u0119.","rel":"","context":"W \u201eFSSPX&quot;","block_context":{"text":"FSSPX","link":"https:\/\/wobronietradycjiiwiary.com\/pl\/category\/polemika\/kosciol-posoborowy\/tradycjonalizm\/fsspx\/"},"img":{"alt_text":"","src":"https:\/\/i0.wp.com\/wobronietradycjiiwiary.com\/wp-content\/uploads\/2023\/06\/pieter-huys-ca1519-ca1584-flamischen-renaissance-maler-zum-teufel-1570-kampf-der-engel-damonen-und-hollische-qualen-prado-museum-madrid-spanien-pp7tpx.jpg?resize=350%2C200&ssl=1","width":350,"height":200,"srcset":"https:\/\/i0.wp.com\/wobronietradycjiiwiary.com\/wp-content\/uploads\/2023\/06\/pieter-huys-ca1519-ca1584-flamischen-renaissance-maler-zum-teufel-1570-kampf-der-engel-damonen-und-hollische-qualen-prado-museum-madrid-spanien-pp7tpx.jpg?resize=350%2C200&ssl=1 1x, https:\/\/i0.wp.com\/wobronietradycjiiwiary.com\/wp-content\/uploads\/2023\/06\/pieter-huys-ca1519-ca1584-flamischen-renaissance-maler-zum-teufel-1570-kampf-der-engel-damonen-und-hollische-qualen-prado-museum-madrid-spanien-pp7tpx.jpg?resize=525%2C300&ssl=1 1.5x, https:\/\/i0.wp.com\/wobronietradycjiiwiary.com\/wp-content\/uploads\/2023\/06\/pieter-huys-ca1519-ca1584-flamischen-renaissance-maler-zum-teufel-1570-kampf-der-engel-damonen-und-hollische-qualen-prado-museum-madrid-spanien-pp7tpx.jpg?resize=700%2C400&ssl=1 2x, https:\/\/i0.wp.com\/wobronietradycjiiwiary.com\/wp-content\/uploads\/2023\/06\/pieter-huys-ca1519-ca1584-flamischen-renaissance-maler-zum-teufel-1570-kampf-der-engel-damonen-und-hollische-qualen-prado-museum-madrid-spanien-pp7tpx.jpg?resize=1050%2C600&ssl=1 3x"},"classes":[]}],"amp_enabled":true,"jetpack_featured_media_url":"https:\/\/wobronietradycjiiwiary.com\/wp-content\/uploads\/2026\/07\/Holy-Orders-2.jpeg","_links":{"self":[{"href":"https:\/\/wobronietradycjiiwiary.com\/pl\/wp-json\/wp\/v2\/posts\/168701","targetHints":{"allow":["GET"]}}],"collection":[{"href":"https:\/\/wobronietradycjiiwiary.com\/pl\/wp-json\/wp\/v2\/posts"}],"about":[{"href":"https:\/\/wobronietradycjiiwiary.com\/pl\/wp-json\/wp\/v2\/types\/post"}],"author":[{"embeddable":true,"href":"https:\/\/wobronietradycjiiwiary.com\/pl\/wp-json\/wp\/v2\/users\/60508433"}],"replies":[{"embeddable":true,"href":"https:\/\/wobronietradycjiiwiary.com\/pl\/wp-json\/wp\/v2\/comments?post=168701"}],"version-history":[{"count":47,"href":"https:\/\/wobronietradycjiiwiary.com\/pl\/wp-json\/wp\/v2\/posts\/168701\/revisions"}],"predecessor-version":[{"id":168765,"href":"https:\/\/wobronietradycjiiwiary.com\/pl\/wp-json\/wp\/v2\/posts\/168701\/revisions\/168765"}],"wp:featuredmedia":[{"embeddable":true,"href":"https:\/\/wobronietradycjiiwiary.com\/pl\/wp-json\/wp\/v2\/media\/168712"}],"wp:attachment":[{"href":"https:\/\/wobronietradycjiiwiary.com\/pl\/wp-json\/wp\/v2\/media?parent=168701"}],"wp:term":[{"taxonomy":"category","embeddable":true,"href":"https:\/\/wobronietradycjiiwiary.com\/pl\/wp-json\/wp\/v2\/categories?post=168701"},{"taxonomy":"post_tag","embeddable":true,"href":"https:\/\/wobronietradycjiiwiary.com\/pl\/wp-json\/wp\/v2\/tags?post=168701"}],"curies":[{"name":"wp","href":"https:\/\/api.w.org\/{rel}","templated":true}]}}