{"id":168197,"date":"2026-07-16T08:15:42","date_gmt":"2026-07-16T06:15:42","guid":{"rendered":"https:\/\/wobronietradycjiiwiary.com\/?p=168197"},"modified":"2026-07-10T15:33:21","modified_gmt":"2026-07-10T13:33:21","slug":"16-go-lipca-uroczystosc-najswietszej-maryi-panny-szkaplerznej-3-3-2","status":"publish","type":"post","link":"https:\/\/wobronietradycjiiwiary.com\/pl\/16-go-lipca-uroczystosc-najswietszej-maryi-panny-szkaplerznej-3-3-2\/","title":{"rendered":"16-go Lipca. Uroczysto\u015b\u0107 Naj\u015bwi\u0119tszej Maryi Panny Szkaplerznej."},"content":{"rendered":"<div id=\"bsf_rt_marker\"><\/div>\n<p class=\"has-text-align-center wp-block-paragraph\">(Szkaplerz ustanowiony zosta\u0142 oko\u0142o roku Pa\u0144skiego 1250).<\/p>\n\n\n\n<figure class=\"wp-block-image\"><a href=\"https:\/\/pl.wikisource.org\/wiki\/Plik:%C5%BBywoty_%C5%9Bw._Pa%C5%84skich_na_wszystkie_dnie_roku-Inicja%C5%82-J.png\"><img decoding=\"async\" src=\"https:\/\/upload.wikimedia.org\/wikipedia\/commons\/thumb\/0\/01\/%C5%BBywoty_%C5%9Bw._Pa%C5%84skich_na_wszystkie_dnie_roku-Inicja%C5%82-J.png\/56px-%C5%BBywoty_%C5%9Bw._Pa%C5%84skich_na_wszystkie_dnie_roku-Inicja%C5%82-J.png\" alt=\"J\"\/><\/a><\/figure>\n\n\n\n<p class=\"has-text-align-center wp-block-paragraph\">LEKCYA (Ekkl. rozdzia\u0142 24, wiersz 23\u201433).\u2009<\/p>\n\n\n\n<p class=\"has-text-align-justify wp-block-paragraph\">Ja jako winne drzewo wypu\u015bci\u0142am wdzi\u0119czno\u015b\u0107 i wonno\u015b\u0107, a kwiatki Moje owocem czci i uczciwo\u015bci. Ja Matka pi\u0119knej mi\u0142o\u015bci i bogobojno\u015bci, i uznania i nadziei \u015bwi\u0119tej. We Mnie wszelka \u0142aska drogi i prawdy, we Mnie wszystka nadzieja \u017cywota i cnoty. Przejd\u017acie do Mnie wszyscy, kt\u00f3rzy Mnie pragniecie, i najedzcie si\u0119 owoc\u00f3w Moich. Albowiem duch M\u00f3j s\u0142odszy nad mi\u00f3d, a dziedzictwo Moje nad mi\u00f3d i plastr miodu. Pami\u0105tka Moja na rodzaje wiek\u00f3w. Kt\u00f3rzy Mnie jedz\u0105, jeszcze \u0142akn\u0105\u0107 b\u0119d\u0105. Kto Mnie s\u0142ucha, nie b\u0119dzie zawstydzon; a kt\u00f3rzy przeze Mnie pracuj\u0105, nie zgrzesz\u0105. Kt\u00f3rzy Mnie obja\u015bniaj\u0105, b\u0119d\u0105 mie\u0107 \u017cywot wieczny.<\/p>\n\n\n\n<p class=\"has-text-align-justify wp-block-paragraph\"><br>EWANGELIA (\u0141uk. rozdz. 11, wiersz 27\u201429).<\/p>\n\n\n\n<p class=\"wp-block-paragraph\">\u2009Onego czasu, gdy m\u00f3wi\u0142 Jezus do rzeszy, podni\u00f3s\u0142szy g\u0142os niekt\u00f3ra niewiasta, rzek\u0142a Mu: B\u0142ogos\u0142awiony \u017cywot, kt\u00f3ry Ci\u0119 nosi\u0142, i piersi, kt\u00f3re\u015b ssa\u0142. A On rzek\u0142: I owszem b\u0142ogos\u0142awieni, kt\u00f3rzy s\u0142uchaj\u0105 s\u0142owa Bo\u017cego i strzeg\u0105 go.<\/p>\n\n\n\n<hr class=\"wp-block-separator\"\/>\n\n\n\n<p class=\"has-text-align-justify wp-block-paragraph\">\u2009\u015awi\u0119to Naj\u015bwi\u0119tszej Maryi Panny Szkaplerznej jest uroczysto\u015bci\u0105, w kt\u00f3rej obchodzimy postanowienie Bractwa Szkaplerza Matki Bo\u017cej z g\u00f3ry Karmelu. Najw\u0142a\u015bciwiej wi\u0119c b\u0119dzie, poda\u0107 tu history\u0119 tego\u017c \u015bwi\u0119tego Stowarzyszenia, i wymieni\u0107 przywileje, jakie s\u0105 do niego przywi\u0105zane, a przywileje tak wielkie, jak \u017cadne inne Bractwa ich nie posiadaj\u0105.<\/p>\n\n\n\n<p class=\"has-text-align-justify wp-block-paragraph\">G\u00f3ra Karmel po\u0142o\u017cona w Ziemi \u015bw. nad morzem \u015ar\u00f3dziemnem, jest jedn\u0105 z najwy\u017cszych i najpi\u0119kniejszych g\u00f3r w Palestynie. Jestto miejsce z tego powodu szczeg\u00f3lnie ub\u0142ogos\u0142awione, \u017ce na niem po raz pierwszy, zacz\u0119li ludzie oddawa\u0107 cze\u015b\u0107 Matce Bo\u017cej, i to nawet na lat dziewi\u0119\u0107set przed przyj\u015bciem Pana Jezusa, i znowu tam\u017ce ju\u017c po przyj\u015bciu Syna Bo\u017cego na ziemi\u0119, pierwszy stan\u0105\u0142 na cze\u015b\u0107 Jej ko\u015bci\u00f3\u0142, a to wszystko w ten spos\u00f3b.<\/p>\n\n\n\n<p class=\"has-text-align-justify wp-block-paragraph\">By\u0142 w narodzie \u017cydowskim wielki i \u015bwi\u0119ty Prorok Eliasz. Ten, jakto zwyk\u0142em by\u0142o Prorokom ludu wybranego, unikaj\u0105c stosunk\u00f3w ze \u015bwiatem i oddaj\u0105c si\u0119 bogomy\u015blno\u015bci, obra\u0142 sobie samotne mieszkanie w\u0142a\u015bnie na g\u00f3rze Karmel i tam przebywa\u0142 z uczniem swoim \u015bwi\u0119tym Elizeuszem i wielu innymi, podobne\u017c \u017cycie wiod\u0105cymi.<\/p>\n\n\n\n<p class=\"has-text-align-justify wp-block-paragraph\">Razu pewnego mieli oni widzenie, w kt\u00f3rem ukaza\u0142 si\u0119 na Niebie cudowny ob\u0142ok, maj\u0105cy kszta\u0142t postaci kobiecej, i kt\u00f3ry rozpadaj\u0105c si\u0119 w deszcz rz\u0119sisty, u\u017cyzni\u0142 kraj ca\u0142y, po suszy trzy i p\u00f3\u0142 roku trwaj\u0105cej. \u015awi\u0119ty Eliasz i jego uczniowie, poznali w tym cudownym ob\u0142oku obraz i przepowiedni\u0119 Naj\u015bwi\u0119tszej Maryi, jako Matki przysz\u0142ego Zbawiciela \u015bwiata, i oczekuj\u0105c Go z gor\u0105c\u0105 wiar\u0105, ju\u017c wtedy cze\u015b\u0107 oddawali Tej b\u0142ogos\u0142awionej Niewie\u015bcie, z kt\u00f3rej si\u0119 On mia\u0142 narodzi\u0107. Po odej\u015bciu z tej ziemi Eliasza, kt\u00f3ry na wozie ognistym uniesiony by\u0142 do Nieba (a obdarzony zosta\u0142 takim przywilejem za to w\u0142a\u015bnie, \u017ce pierwszy z ludzi odda\u0142 cze\u015b\u0107 przysz\u0142ej Matce Boga), uczniowie jego, po\u0142\u0105czeni w Zgromadzenie jak teraz zakonnicy, przetrwali a\u017c do czas\u00f3w przyj\u015bcia Chrystusa Pana. Wtedy, gdy i na ich puszcz\u0119 dosz\u0142a by\u0142a wie\u015b\u0107 o objawieniu si\u0119 w Palestynie \u015bw. Jana Chrzciciela, Przes\u0142a\u0144ca Pa\u0144skiego, kt\u00f3ry og\u0142asza\u0142 ludowi, \u017ce Zbawiciel oczekiwany i od wiek\u00f3w przez Prorok\u00f3w przepowiedziany ju\u017c jest na ziemi, przyszli i oni do Ziemi \u017cydowskiej, a s\u0142uchaj\u0105c kaza\u0144 \u015bwi\u0119tego Jana, uwierzyli w przyj\u015bcie Syna Bo\u017cego i gotowi byli zosta\u0107 chrze\u015bcijaninami.<\/p>\n\n\n\n<p class=\"has-text-align-justify wp-block-paragraph\"><br>\u2009Jako\u017c po Zes\u0142aniu Ducha \u015bwi\u0119tego, kiedy Aposto\u0142owie przez wezwanie Imienia Jezusowego czynili r\u00f3\u017cne cuda, a obdarzeni darem m\u00f3wienia wszystkimi j\u0119zykami, kazania miewali, wszyscy ci uczniowie Eliasza i Elizeusza z g\u00f3ry Karmel Chrzest \u015bwi\u0119ty przyj\u0119li. A \u017ce wierni byli podaniu, jakie si\u0119 mi\u0119dzy nimi przechowywa\u0142o o czci szczeg\u00f3lnej Matki Zbawiciela, wi\u0119c jak tylko chrze\u015bcijaninami zostali, starali zbli\u017cy\u0107 si\u0119 do Naj\u015bwi\u0119tszej Panny, mie\u0107 pociech\u0119 poznania Jej, i oddania czci najg\u0142\u0119bszej. Jako\u017c, nie tylko dost\u0105pili tego szcz\u0119\u015bcia, ale jak niesie podanie, Matka Bo\u017ca widz\u0105c w nich Swoich najdawniejszych s\u0142ug i czcicieli, z wielk\u0105 ich \u0142askawo\u015bci\u0105 przyj\u0119\u0142a, i do szczeg\u00f3lnej nawet a \u015bwi\u0119tej z Sob\u0105 poufa\u0142o\u015bci przypuszcza\u0142a, jak si\u0119 o tem wyra\u017caj\u0105\u00a0Lekcye Brewiarza. Nic te\u017c dziwnego, \u017ce to rozbudzi\u0142o w nich jeszcze \u017cywsze i wi\u0119ksze ni\u017c w wielu innych, do Matki Pana naszego nabo\u017ce\u0144stwo, wskutek czego wr\u00f3ciwszy do swojej puszczy na g\u00f3r\u0119 Karmel, pierwsi tam wystawili kaplic\u0119 albo ko\u015bci\u00f3\u0142ek na cze\u015b\u0107 Naj\u015bwi\u0119tszej Maryi Panny, i serdecznie tam J\u0105 wielbili.<br><\/p>\n\n\n\n<p class=\"has-text-align-justify wp-block-paragraph\">\u2009Pod Jej tedy szczeg\u00f3ln\u0105 opiek\u0105 trwa\u0142o znowu to pustelnicze zgromadzenie, a pocz\u0105tek sw\u00f3j od Proroka Eliasza bior\u0105ce. Gdy za\u015b z biegiem czasu i po rozszerzeniu si\u0119 i utrwaleniu wiary chrze\u015bcija\u0144skiej w \u015bwiecie, zacz\u0119\u0142y zak\u0142ada\u0107 si\u0119 Zakony zatwierdzone przez Ko\u015bci\u00f3\u0142 \u015bwi\u0119ty, Pustelnicy z g\u00f3ry Karmel uzyskali tak\u017ce zatwierdzenie jako Zakon i nazwani zostali\u00a0Bra\u0107mi Pustelnikami z g\u00f3ry Karmelu, a p\u00f3\u017aniej, gdy w innych krajach katolickich szczeg\u00f3lnie na Wschodzie pozak\u0142adali swoje klasztory,\u00a0Karmelitami.<\/p>\n\n\n\n<p class=\"has-text-align-justify wp-block-paragraph\">W po\u0142owie trzynastego wieku, Genera\u0142em tego zakonu by\u0142 Szymon Stock, rodem Anglik. Kap\u0142an ten \u017cy\u0142 przez lat 20 korzonkami w d\u0119bie wypr\u00f3chnia\u0142ym, po\u015bwi\u0119caj\u0105c ca\u0142y czas mi\u0142o\u015bci Chrystusa i czci Matki Jego. By\u0142 wzorowym zwierzchnikiem zakonu, pozak\u0142ada\u0142 liczne klasztory i gorliwie popiera\u0142 nabo\u017ce\u0144stwo do Naj\u015bw. Panny.<\/p>\n\n\n\n<p class=\"has-text-align-justify wp-block-paragraph\">Nadewszystko chodzi\u0142o mu o o\u017cywienie czci Maryi mi\u0119dzy wiernymi stanu \u015bwieckiego. W szczerej pokucie w\u015br\u00f3d post\u00f3w i gor\u0105cych mod\u0142\u00f3w b\u0142aga\u0142 Matk\u0119 Bosk\u0105, aby pob\u0142ogos\u0142awi\u0142a jego zamiarom i da\u0142a mu znak, \u017ce zamiary jego s\u0105 Jej mi\u0142e. Wys\u0142ucha\u0142a Naj\u015bw. Panna mod\u0142\u00f3w jego; ukaza\u0142a mu si\u0119 w gronie Anio\u0142\u00f3w, a wr\u0119czaj\u0105c mu Szkaplerz, odezwa\u0142a si\u0119 do\u0144 w te s\u0142owa: \u201eBierz ten Szkaplerz jako sukienk\u0119 Bractwa Mojego; jest on oznak\u0105 zbawienia, obron\u0105 w niebezpiecze\u0144stwach, r\u0119kojmi\u0105 pokoju. Krzew zami\u0142owanie czysto\u015bci serca pomi\u0119dzy wiernymi, a po tym Szkaplerzu poznam dziatki Moje; kto sukienk\u0119 nosi\u0107 b\u0119dzie godnie a\u017c do \u015bmierci, wiecznego ognia obawia\u0107 si\u0119 nie potrzebuje.\u201c Objawienie to wydarzy\u0142o si\u0119 dnia 16 lipca 1251 roku, w mie\u015bcie angielskiem Cambrigde. Stolica Apostolska zbada\u0142a spraw\u0119, poczem za\u0142o\u017cono istniej\u0105ce po dzi\u015b dzie\u0144 bractwo Szkaplerza \u015bwi\u0119tego. Papie\u017c Sykstus V (1585-1590) przeznaczy\u0142 na pami\u0105tk\u0119 tej uroczysto\u015bci dzie\u0144 16 lipca dla zakonu\u00a0Karmelita\u0144skiego, a Benedykt XIII (1724 do 1730) dla ca\u0142ego Ko\u015bcio\u0142a \u015bwi\u0119tego. \u2014 Spe\u0142ni\u0142y si\u0119 \u017cyczenia \u015bwi\u0119tego Szymona. Miliony katolik\u00f3w zapisywa\u0142y si\u0119 u Karmelit\u00f3w do Bractwa. Najwi\u0119ksi m\u0119\u017cowie, najwierniejsi s\u0142udzy, najznamienitsi dobrodzieje ludzko\u015bci byli cz\u0142onkami tego Bractwa. Mi\u0119dzy innymi \u015bw. Edward, \u015bw. Ludwik, Pius V, \u015bw. Wawrzyniec Justynian, \u015bwi\u0119ty Karol Boromeusz i \u015bwi\u0119ty Franciszek Salezy, nie wspominaj\u0105c tych, kt\u00f3rych Szkaplerz ocali\u0142 z niebezpiecze\u0144stw duszy i cia\u0142a.<\/p>\n\n\n\n<h2 class=\"wp-block-heading\"><br><strong>Nauka moralna.<\/strong><\/h2>\n\n\n\n<p class=\"has-text-align-justify wp-block-paragraph\">\u2009Korzy\u015bci nale\u017cenia do Bractwa Szkaplerza \u015bwi\u0119tego s\u0105 nast\u0119puj\u0105ce: 1) Naj\u015bwi\u0119tsza Marya Panna przyrzek\u0142a wszystkim cz\u0142onkom Bractwa szczeg\u00f3ln\u0105 opiek\u0119 tak za \u017cycia, jako i przy \u015bmierci. 2) Cz\u0142onkowie maj\u0105 za \u017cycia i w chwili zgonu udzia\u0142 we wszystkich dobrach zakonu, tj. modlitwach, pokutach, Mszach, nabo\u017ce\u0144stwach, ja\u0142mu\u017cnach i dzie\u0142ach mi\u0142osierdzia, zobowi\u0105zuj\u0105cych duchownych i \u015bwieckich uczestnik\u00f3w zakonu. 3) Wskutek objawienia, jakie mia\u0142 Papie\u017c Jan XXII, og\u0142osi\u0142y Bulle trzech Papie\u017cy, \u017ce zmarli, kt\u00f3rzy za \u017cycia nosili Szkaplerz, przestrzegali czysto\u015bci i odmawiali modlitwy do Matki Boskiej, lub te\u017c po\u015bcili w \u015brody i soboty, b\u0119d\u0105 w sobot\u0119 nast\u0119puj\u0105c\u0105 po swej \u015bmierci, zwolnieni od kar czy\u015bcowych. 4) Cz\u0142onkowie Bractwa dost\u0119puj\u0105 zupe\u0142nego odpustu: a) w dzie\u0144 przyj\u0119cia do Bractwa, b) w uroczysto\u015b\u0107 Szkaplerza \u015bwi\u0119tego i nast\u0119pn\u0105 Niedziel\u0119, c) w Niedziele miesi\u0119czne, je\u015bli wezm\u0105 udzia\u0142 w procesyi, d) w godzin\u0119 \u015bmierci.<br>\u2009Obowi\u0105zki ci\u0105\u017c\u0105ce na nale\u017c\u0105cych do Bractwa s\u0105: 1) przyj\u0119cie Szkaplerza \u015bwi\u0119tego od kap\u0142ana do tego upowa\u017cnionego i ci\u0105g\u0142e jego noszenie; 2) noszenie go wed\u0142ug przepisu naoko\u0142o szyi, a\u017ceby si\u0119 zwiesza\u0142 na piersiach i plecach; 3) zapisanie nazwiska swego jako cz\u0142onka do ksi\u0119gi; 4) modlitwa codzienna do Matki Boskiej, a mianowicie odmawianie Litanii Loreta\u0144skiej, R\u00f3\u017ca\u0144ca \u015bwi\u0119tego, siedmiu \u201eOjcze nasz\u201c i siedmiu \u201eZdrowa\u015b Maryo\u201c itd.<\/p>\n\n\n\n<p class=\"has-text-align-justify wp-block-paragraph\"><br><strong>Modlitwa.<\/strong><\/p>\n\n\n\n<blockquote class=\"wp-block-quote is-layout-flow wp-block-quote-is-layout-flow\"><p>\u2009Bo\u017ce, kt\u00f3ry\u015b zakon Karmelita\u0144ski przyozdobi\u0142 zaszczytnem Imieniem Naj\u015bwi\u0119tszej Matki Bo\u017cej, zawsze Panny, daj nam t\u0119 \u0142ask\u0119, aby\u015bmy os\u0142onieni opiek\u0105 Tej, kt\u00f3rej pami\u0105tk\u0119 dzisiaj uroczy\u015bcie obchodzimy, zostali uznani godnymi dosta\u0107 si\u0119 kiedy\u015b do rado\u015bci niebieskich. Przez Pana naszego Jezusa Chrystusa. Amen.<\/p><\/blockquote>\n\n\n\n<figure class=\"wp-block-table\"><table><tbody><tr><td>\u2217&nbsp;&nbsp;&nbsp;&nbsp;&nbsp;&nbsp;&nbsp;&nbsp;&nbsp;&nbsp;&nbsp;&nbsp;&nbsp;&nbsp;&nbsp;&nbsp;&nbsp;&nbsp;&nbsp;&nbsp;\u2217<br>\u2217<\/td><\/tr><\/tbody><\/table><\/figure>\n\n\n\n<p class=\"wp-block-paragraph\">\u2009<em>Opr\u00f3cz tego obchodzi Ko\u015bci\u00f3\u0142 \u015bwi\u0119ty pami\u0105tk\u0119 nast\u0119puj\u0105cych \u015awi\u0119tych Pa\u0144skich, zamieszczonych w rzymskiem martyrologium:<\/em><\/p>\n\n\n\n<p class=\"has-text-align-justify wp-block-paragraph\">\u2009<strong>Dnia 16-go lipca<\/strong>&nbsp;uroczysto\u015b\u0107&nbsp;Naj\u015bw. Maryi Panny z g\u00f3ry Karmel. \u2014 Tego\u017c dnia m\u0119cze\u0144stwo \u015bw.&nbsp;Faustusa, kt\u00f3ry pod panowaniem Decyusza na krzy\u017cu przybity jeszcze pi\u0119\u0107 dni na nim wisia\u0142, a\u017c wko\u0144cu strza\u0142\u0105 przebity, zaszed\u0142 do raju. \u2014 W Seba\u015bcie w Armenii \u015bmier\u0107 m\u0119cze\u0144ska \u015bw.&nbsp;Atenogonesa&nbsp;z 10 swymi uczniami. \u2014 W Antyochii w Syryi uroczysto\u015b\u0107 \u015bwi\u0119tego&nbsp;Eustachego, Biskupa i Wyznawcy; obdarzony wiedz\u0105 i \u015bwi\u0119to\u015bci\u0105 broni\u0142 dzielnie prawdziwej wiary, za co skazany zosta\u0142 przez cesarza Konstancyusza na wygnanie do Trajanopolisu w Tracyi, gdzie te\u017c przeni\u00f3s\u0142 si\u0119 do spokoju wiecznego. \u2014 Tego\u017c dnia \u015bmier\u0107 m\u0119cze\u0144ska \u015bw.&nbsp;Hilarego, Mnicha, kt\u00f3ry razem ze \u015bwi\u0119tym&nbsp;Donacyuszem&nbsp;schwytany zosta\u0142 w prze\u015bladowaniu za czas\u00f3w cesarza Juliana, a \u017ce wzbrania\u0142 si\u0119 z\u0142o\u017cy\u0107 bo\u017ckom ofiary, przeto go biczowano a potem w Arezzo w Toskanii na \u015bmier\u0107 zam\u0119czono; zw\u0142oki jego przeniesione zosta\u0142y do Ostyi. \u2014 W Trewirze uroczysto\u015b\u0107 \u015bw.&nbsp;Walentego, Biskupa i M\u0119czennika. \u2014 W Kordowie w Hiszpanii m\u0119cze\u0144stwo \u015bw.&nbsp;Sizenanda, Lewity, przez Maur\u00f3w uduszonego za sw\u0105 wiar\u0119. \u2014 W Sancton w Belgii \u015bmier\u0107 m\u0119cze\u0144ska \u015bw.&nbsp;Rayneldy, Dziewicy i&nbsp;jej towarzysz\u00f3w, zabitych za Wiar\u0119 \u015bw. przez hordy pogan. \u2014 W Bergamo uroczysto\u015b\u0107 \u015bwi\u0119tego&nbsp;Domniona, M\u0119czennika. \u2014 W Kapui uroczysto\u015b\u0107 \u015bwi\u0119tego&nbsp;Witaliana, Biskupa i Wyznawcy.<\/p>\n","protected":false},"excerpt":{"rendered":"<p>Osoby, kt\u00f3re przej\u0105wszy szkaplerz my\u015bl\u0105, \u017ce b\u0119d\u0105 mia\u0142y &#8220;z g\u00f3rki&#8221; bardzo si\u0119 myl\u0105. Szkaplerz to jakby kamizelka kuloodporna &#8230;<\/p>\n","protected":false},"author":60508433,"featured_media":50515,"comment_status":"open","ping_status":"open","sticky":false,"template":"","format":"standard","meta":{"_bbp_topic_count":0,"_bbp_reply_count":0,"_bbp_total_topic_count":0,"_bbp_total_reply_count":0,"_bbp_voice_count":0,"_bbp_anonymous_reply_count":0,"_bbp_topic_count_hidden":0,"_bbp_reply_count_hidden":0,"_bbp_forum_subforum_count":0,"_editorskit_title_hidden":false,"_editorskit_reading_time":0,"_editorskit_is_block_options_detached":false,"_editorskit_block_options_position":"{}","_coblocks_attr":"","_coblocks_dimensions":"","_coblocks_responsive_height":"","_coblocks_accordion_ie_support":"","_exactmetrics_skip_tracking":false,"_jetpack_newsletter_access":"","_jetpack_dont_email_post_to_subs":false,"_jetpack_newsletter_tier_id":0,"_jetpack_memberships_contains_paywalled_content":false,"_wpcom_ai_launchpad_first_post":false,"_jetpack_feature_clip_id":0,"_jetpack_memberships_contains_paid_content":false,"footnotes":"","jetpack_publicize_message":"{title}\n\n{excerpt}\n\n{url}","jetpack_publicize_feature_enabled":true,"jetpack_social_post_already_shared":true,"jetpack_social_options":{"image_generator_settings":{"template":"highway","default_image_id":0,"font":"","enabled":false},"version":2},"_wpas_customize_per_network":false,"jetpack_post_was_ever_published":false},"categories":[610131822,610131184,336375535,610131268,610131155],"tags":[610133246],"class_list":["post-168197","post","type-post","status-publish","format-standard","has-post-thumbnail","hentry","category-swieta-w-lipcu","category-duchowosc","category-liturgia-i-liturgika","category-rok-liturgiczny","category-rozwazania","tag-zenskie-swiete"],"yoast_head":"<!-- This site is optimized with the Yoast SEO plugin v28.3 - https:\/\/yoast.com\/product\/yoast-seo-wordpress\/ -->\n<title>16-go Lipca. Uroczysto\u015b\u0107 Naj\u015bwi\u0119tszej Maryi Panny Szkaplerznej. - Tradycja i Wiara<\/title>\n<meta name=\"robots\" content=\"index, follow, max-snippet:-1, max-image-preview:large, max-video-preview:-1\" \/>\n<link rel=\"canonical\" href=\"https:\/\/wobronietradycjiiwiary.com\/pl\/16-go-lipca-uroczystosc-najswietszej-maryi-panny-szkaplerznej-3-3-2\/\" \/>\n<meta property=\"og:locale\" content=\"pl_PL\" \/>\n<meta property=\"og:type\" content=\"article\" \/>\n<meta property=\"og:title\" content=\"16-go Lipca. Uroczysto\u015b\u0107 Naj\u015bwi\u0119tszej Maryi Panny Szkaplerznej. - Tradycja i Wiara\" \/>\n<meta property=\"og:description\" content=\"Osoby, kt\u00f3re przej\u0105wszy szkaplerz my\u015bl\u0105, \u017ce b\u0119d\u0105 mia\u0142y &quot;z g\u00f3rki&quot; bardzo si\u0119 myl\u0105. Szkaplerz to jakby kamizelka kuloodporna ...\" \/>\n<meta property=\"og:url\" content=\"https:\/\/wobronietradycjiiwiary.com\/pl\/16-go-lipca-uroczystosc-najswietszej-maryi-panny-szkaplerznej-3-3-2\/\" \/>\n<meta property=\"og:site_name\" content=\"Tradycja i Wiara\" \/>\n<meta property=\"article:publisher\" content=\"https:\/\/www.facebook.com\/Tradycja-i-Wiara-108813920592249\" \/>\n<meta property=\"article:published_time\" content=\"2026-07-16T06:15:42+00:00\" \/>\n<meta property=\"og:image\" content=\"https:\/\/wobronietradycjiiwiary.com\/wp-content\/uploads\/2021\/07\/Szkaplerzna.jpg\" \/>\n\t<meta property=\"og:image:width\" content=\"1200\" \/>\n\t<meta property=\"og:image:height\" content=\"1539\" \/>\n\t<meta property=\"og:image:type\" content=\"image\/jpeg\" \/>\n<meta name=\"author\" content=\"Traditio et Fides\" \/>\n<meta name=\"twitter:card\" content=\"summary_large_image\" \/>\n<meta name=\"twitter:label1\" content=\"Napisane przez\" \/>\n\t<meta name=\"twitter:data1\" content=\"Traditio et Fides\" \/>\n\t<meta name=\"twitter:label2\" content=\"Szacowany czas czytania\" \/>\n\t<meta name=\"twitter:data2\" content=\"9 minut\" \/>\n<script type=\"application\/ld+json\" class=\"yoast-schema-graph\">{\"@context\":\"https:\\\/\\\/schema.org\",\"@graph\":[{\"@type\":\"Article\",\"@id\":\"https:\\\/\\\/wobronietradycjiiwiary.com\\\/16-go-lipca-uroczystosc-najswietszej-maryi-panny-szkaplerznej-3-3-2\\\/#article\",\"isPartOf\":{\"@id\":\"https:\\\/\\\/wobronietradycjiiwiary.com\\\/16-go-lipca-uroczystosc-najswietszej-maryi-panny-szkaplerznej-3-3-2\\\/\"},\"author\":{\"name\":\"Traditio et Fides\",\"@id\":\"https:\\\/\\\/wobronietradycjiiwiary.com\\\/pl\\\/#\\\/schema\\\/person\\\/2d6180ce6abcb681fef0daab7816e8f3\"},\"headline\":\"16-go Lipca. Uroczysto\u015b\u0107 Naj\u015bwi\u0119tszej Maryi Panny Szkaplerznej.\",\"datePublished\":\"2026-07-16T06:15:42+00:00\",\"mainEntityOfPage\":{\"@id\":\"https:\\\/\\\/wobronietradycjiiwiary.com\\\/16-go-lipca-uroczystosc-najswietszej-maryi-panny-szkaplerznej-3-3-2\\\/\"},\"wordCount\":1805,\"commentCount\":0,\"publisher\":{\"@id\":\"https:\\\/\\\/wobronietradycjiiwiary.com\\\/pl\\\/#organization\"},\"image\":{\"@id\":\"https:\\\/\\\/wobronietradycjiiwiary.com\\\/16-go-lipca-uroczystosc-najswietszej-maryi-panny-szkaplerznej-3-3-2\\\/#primaryimage\"},\"thumbnailUrl\":\"https:\\\/\\\/wobronietradycjiiwiary.com\\\/wp-content\\\/uploads\\\/2021\\\/07\\\/Szkaplerzna.jpg\",\"keywords\":[\"\u017ce\u0144skie \u015bwi\u0119te\"],\"articleSection\":[\"07. \u015awi\u0119ta w lipcu\",\"Duchowo\u015b\u0107\",\"Liturgia i liturgika\",\"Rok liturgiczny\",\"Rozwa\u017cania liturgiczne\"],\"inLanguage\":\"pl-PL\",\"potentialAction\":[{\"@type\":\"CommentAction\",\"name\":\"Comment\",\"target\":[\"https:\\\/\\\/wobronietradycjiiwiary.com\\\/16-go-lipca-uroczystosc-najswietszej-maryi-panny-szkaplerznej-3-3-2\\\/#respond\"]}]},{\"@type\":\"WebPage\",\"@id\":\"https:\\\/\\\/wobronietradycjiiwiary.com\\\/16-go-lipca-uroczystosc-najswietszej-maryi-panny-szkaplerznej-3-3-2\\\/\",\"url\":\"https:\\\/\\\/wobronietradycjiiwiary.com\\\/16-go-lipca-uroczystosc-najswietszej-maryi-panny-szkaplerznej-3-3-2\\\/\",\"name\":\"16-go Lipca. Uroczysto\u015b\u0107 Naj\u015bwi\u0119tszej Maryi Panny Szkaplerznej. - Tradycja i Wiara\",\"isPartOf\":{\"@id\":\"https:\\\/\\\/wobronietradycjiiwiary.com\\\/pl\\\/#website\"},\"primaryImageOfPage\":{\"@id\":\"https:\\\/\\\/wobronietradycjiiwiary.com\\\/16-go-lipca-uroczystosc-najswietszej-maryi-panny-szkaplerznej-3-3-2\\\/#primaryimage\"},\"image\":{\"@id\":\"https:\\\/\\\/wobronietradycjiiwiary.com\\\/16-go-lipca-uroczystosc-najswietszej-maryi-panny-szkaplerznej-3-3-2\\\/#primaryimage\"},\"thumbnailUrl\":\"https:\\\/\\\/wobronietradycjiiwiary.com\\\/wp-content\\\/uploads\\\/2021\\\/07\\\/Szkaplerzna.jpg\",\"datePublished\":\"2026-07-16T06:15:42+00:00\",\"breadcrumb\":{\"@id\":\"https:\\\/\\\/wobronietradycjiiwiary.com\\\/16-go-lipca-uroczystosc-najswietszej-maryi-panny-szkaplerznej-3-3-2\\\/#breadcrumb\"},\"inLanguage\":\"pl-PL\",\"potentialAction\":[{\"@type\":\"ReadAction\",\"target\":[\"https:\\\/\\\/wobronietradycjiiwiary.com\\\/16-go-lipca-uroczystosc-najswietszej-maryi-panny-szkaplerznej-3-3-2\\\/\"]}]},{\"@type\":\"ImageObject\",\"inLanguage\":\"pl-PL\",\"@id\":\"https:\\\/\\\/wobronietradycjiiwiary.com\\\/16-go-lipca-uroczystosc-najswietszej-maryi-panny-szkaplerznej-3-3-2\\\/#primaryimage\",\"url\":\"https:\\\/\\\/wobronietradycjiiwiary.com\\\/wp-content\\\/uploads\\\/2021\\\/07\\\/Szkaplerzna.jpg\",\"contentUrl\":\"https:\\\/\\\/wobronietradycjiiwiary.com\\\/wp-content\\\/uploads\\\/2021\\\/07\\\/Szkaplerzna.jpg\",\"width\":1200,\"height\":1539},{\"@type\":\"BreadcrumbList\",\"@id\":\"https:\\\/\\\/wobronietradycjiiwiary.com\\\/16-go-lipca-uroczystosc-najswietszej-maryi-panny-szkaplerznej-3-3-2\\\/#breadcrumb\",\"itemListElement\":[{\"@type\":\"ListItem\",\"position\":1,\"name\":\"Strona g\u0142\u00f3wna\",\"item\":\"https:\\\/\\\/wobronietradycjiiwiary.com\\\/\"},{\"@type\":\"ListItem\",\"position\":2,\"name\":\"16-go Lipca. Uroczysto\u015b\u0107 Naj\u015bwi\u0119tszej Maryi Panny Szkaplerznej.\"}]},{\"@type\":\"WebSite\",\"@id\":\"https:\\\/\\\/wobronietradycjiiwiary.com\\\/pl\\\/#website\",\"url\":\"https:\\\/\\\/wobronietradycjiiwiary.com\\\/pl\\\/\",\"name\":\"Tradycja i Wiara\",\"description\":\"Portal dla katolik\u00f3w.\",\"publisher\":{\"@id\":\"https:\\\/\\\/wobronietradycjiiwiary.com\\\/pl\\\/#organization\"},\"potentialAction\":[{\"@type\":\"SearchAction\",\"target\":{\"@type\":\"EntryPoint\",\"urlTemplate\":\"https:\\\/\\\/wobronietradycjiiwiary.com\\\/pl\\\/?s={search_term_string}\"},\"query-input\":{\"@type\":\"PropertyValueSpecification\",\"valueRequired\":true,\"valueName\":\"search_term_string\"}}],\"inLanguage\":\"pl-PL\"},{\"@type\":\"Organization\",\"@id\":\"https:\\\/\\\/wobronietradycjiiwiary.com\\\/pl\\\/#organization\",\"name\":\"Tradycja i Wiara\",\"url\":\"https:\\\/\\\/wobronietradycjiiwiary.com\\\/pl\\\/\",\"logo\":{\"@type\":\"ImageObject\",\"inLanguage\":\"pl-PL\",\"@id\":\"https:\\\/\\\/wobronietradycjiiwiary.com\\\/pl\\\/#\\\/schema\\\/logo\\\/image\\\/\",\"url\":\"https:\\\/\\\/i0.wp.com\\\/wobronietradycjiiwiary.com\\\/wp-content\\\/uploads\\\/2015\\\/10\\\/cropped-st-peters-dome-vatican.jpg?fit=940%2C198&ssl=1\",\"contentUrl\":\"https:\\\/\\\/i0.wp.com\\\/wobronietradycjiiwiary.com\\\/wp-content\\\/uploads\\\/2015\\\/10\\\/cropped-st-peters-dome-vatican.jpg?fit=940%2C198&ssl=1\",\"width\":940,\"height\":198,\"caption\":\"Tradycja i Wiara\"},\"image\":{\"@id\":\"https:\\\/\\\/wobronietradycjiiwiary.com\\\/pl\\\/#\\\/schema\\\/logo\\\/image\\\/\"},\"sameAs\":[\"https:\\\/\\\/www.facebook.com\\\/Tradycja-i-Wiara-108813920592249\"]},{\"@type\":\"Person\",\"@id\":\"https:\\\/\\\/wobronietradycjiiwiary.com\\\/pl\\\/#\\\/schema\\\/person\\\/2d6180ce6abcb681fef0daab7816e8f3\",\"name\":\"Traditio et Fides\",\"sameAs\":[\"https:\\\/\\\/traditionundglauben.com\"],\"url\":\"https:\\\/\\\/wobronietradycjiiwiary.com\\\/pl\\\/author\\\/wobronietradycjiiwiary\\\/\"}]}<\/script>\n<!-- \/ Yoast SEO plugin. -->","yoast_head_json":{"title":"16-go Lipca. Uroczysto\u015b\u0107 Naj\u015bwi\u0119tszej Maryi Panny Szkaplerznej. - Tradycja i Wiara","robots":{"index":"index","follow":"follow","max-snippet":"max-snippet:-1","max-image-preview":"max-image-preview:large","max-video-preview":"max-video-preview:-1"},"canonical":"https:\/\/wobronietradycjiiwiary.com\/pl\/16-go-lipca-uroczystosc-najswietszej-maryi-panny-szkaplerznej-3-3-2\/","og_locale":"pl_PL","og_type":"article","og_title":"16-go Lipca. Uroczysto\u015b\u0107 Naj\u015bwi\u0119tszej Maryi Panny Szkaplerznej. - Tradycja i Wiara","og_description":"Osoby, kt\u00f3re przej\u0105wszy szkaplerz my\u015bl\u0105, \u017ce b\u0119d\u0105 mia\u0142y \"z g\u00f3rki\" bardzo si\u0119 myl\u0105. Szkaplerz to jakby kamizelka kuloodporna ...","og_url":"https:\/\/wobronietradycjiiwiary.com\/pl\/16-go-lipca-uroczystosc-najswietszej-maryi-panny-szkaplerznej-3-3-2\/","og_site_name":"Tradycja i Wiara","article_publisher":"https:\/\/www.facebook.com\/Tradycja-i-Wiara-108813920592249","article_published_time":"2026-07-16T06:15:42+00:00","og_image":[{"width":1200,"height":1539,"url":"https:\/\/wobronietradycjiiwiary.com\/wp-content\/uploads\/2021\/07\/Szkaplerzna.jpg","type":"image\/jpeg"}],"author":"Traditio et Fides","twitter_card":"summary_large_image","twitter_misc":{"Napisane przez":"Traditio et Fides","Szacowany czas czytania":"9 minut"},"schema":{"@context":"https:\/\/schema.org","@graph":[{"@type":"Article","@id":"https:\/\/wobronietradycjiiwiary.com\/16-go-lipca-uroczystosc-najswietszej-maryi-panny-szkaplerznej-3-3-2\/#article","isPartOf":{"@id":"https:\/\/wobronietradycjiiwiary.com\/16-go-lipca-uroczystosc-najswietszej-maryi-panny-szkaplerznej-3-3-2\/"},"author":{"name":"Traditio et Fides","@id":"https:\/\/wobronietradycjiiwiary.com\/pl\/#\/schema\/person\/2d6180ce6abcb681fef0daab7816e8f3"},"headline":"16-go Lipca. Uroczysto\u015b\u0107 Naj\u015bwi\u0119tszej Maryi Panny Szkaplerznej.","datePublished":"2026-07-16T06:15:42+00:00","mainEntityOfPage":{"@id":"https:\/\/wobronietradycjiiwiary.com\/16-go-lipca-uroczystosc-najswietszej-maryi-panny-szkaplerznej-3-3-2\/"},"wordCount":1805,"commentCount":0,"publisher":{"@id":"https:\/\/wobronietradycjiiwiary.com\/pl\/#organization"},"image":{"@id":"https:\/\/wobronietradycjiiwiary.com\/16-go-lipca-uroczystosc-najswietszej-maryi-panny-szkaplerznej-3-3-2\/#primaryimage"},"thumbnailUrl":"https:\/\/wobronietradycjiiwiary.com\/wp-content\/uploads\/2021\/07\/Szkaplerzna.jpg","keywords":["\u017ce\u0144skie \u015bwi\u0119te"],"articleSection":["07. \u015awi\u0119ta w lipcu","Duchowo\u015b\u0107","Liturgia i liturgika","Rok liturgiczny","Rozwa\u017cania liturgiczne"],"inLanguage":"pl-PL","potentialAction":[{"@type":"CommentAction","name":"Comment","target":["https:\/\/wobronietradycjiiwiary.com\/16-go-lipca-uroczystosc-najswietszej-maryi-panny-szkaplerznej-3-3-2\/#respond"]}]},{"@type":"WebPage","@id":"https:\/\/wobronietradycjiiwiary.com\/16-go-lipca-uroczystosc-najswietszej-maryi-panny-szkaplerznej-3-3-2\/","url":"https:\/\/wobronietradycjiiwiary.com\/16-go-lipca-uroczystosc-najswietszej-maryi-panny-szkaplerznej-3-3-2\/","name":"16-go Lipca. Uroczysto\u015b\u0107 Naj\u015bwi\u0119tszej Maryi Panny Szkaplerznej. - Tradycja i Wiara","isPartOf":{"@id":"https:\/\/wobronietradycjiiwiary.com\/pl\/#website"},"primaryImageOfPage":{"@id":"https:\/\/wobronietradycjiiwiary.com\/16-go-lipca-uroczystosc-najswietszej-maryi-panny-szkaplerznej-3-3-2\/#primaryimage"},"image":{"@id":"https:\/\/wobronietradycjiiwiary.com\/16-go-lipca-uroczystosc-najswietszej-maryi-panny-szkaplerznej-3-3-2\/#primaryimage"},"thumbnailUrl":"https:\/\/wobronietradycjiiwiary.com\/wp-content\/uploads\/2021\/07\/Szkaplerzna.jpg","datePublished":"2026-07-16T06:15:42+00:00","breadcrumb":{"@id":"https:\/\/wobronietradycjiiwiary.com\/16-go-lipca-uroczystosc-najswietszej-maryi-panny-szkaplerznej-3-3-2\/#breadcrumb"},"inLanguage":"pl-PL","potentialAction":[{"@type":"ReadAction","target":["https:\/\/wobronietradycjiiwiary.com\/16-go-lipca-uroczystosc-najswietszej-maryi-panny-szkaplerznej-3-3-2\/"]}]},{"@type":"ImageObject","inLanguage":"pl-PL","@id":"https:\/\/wobronietradycjiiwiary.com\/16-go-lipca-uroczystosc-najswietszej-maryi-panny-szkaplerznej-3-3-2\/#primaryimage","url":"https:\/\/wobronietradycjiiwiary.com\/wp-content\/uploads\/2021\/07\/Szkaplerzna.jpg","contentUrl":"https:\/\/wobronietradycjiiwiary.com\/wp-content\/uploads\/2021\/07\/Szkaplerzna.jpg","width":1200,"height":1539},{"@type":"BreadcrumbList","@id":"https:\/\/wobronietradycjiiwiary.com\/16-go-lipca-uroczystosc-najswietszej-maryi-panny-szkaplerznej-3-3-2\/#breadcrumb","itemListElement":[{"@type":"ListItem","position":1,"name":"Strona g\u0142\u00f3wna","item":"https:\/\/wobronietradycjiiwiary.com\/"},{"@type":"ListItem","position":2,"name":"16-go Lipca. Uroczysto\u015b\u0107 Naj\u015bwi\u0119tszej Maryi Panny Szkaplerznej."}]},{"@type":"WebSite","@id":"https:\/\/wobronietradycjiiwiary.com\/pl\/#website","url":"https:\/\/wobronietradycjiiwiary.com\/pl\/","name":"Tradycja i Wiara","description":"Portal dla katolik\u00f3w.","publisher":{"@id":"https:\/\/wobronietradycjiiwiary.com\/pl\/#organization"},"potentialAction":[{"@type":"SearchAction","target":{"@type":"EntryPoint","urlTemplate":"https:\/\/wobronietradycjiiwiary.com\/pl\/?s={search_term_string}"},"query-input":{"@type":"PropertyValueSpecification","valueRequired":true,"valueName":"search_term_string"}}],"inLanguage":"pl-PL"},{"@type":"Organization","@id":"https:\/\/wobronietradycjiiwiary.com\/pl\/#organization","name":"Tradycja i Wiara","url":"https:\/\/wobronietradycjiiwiary.com\/pl\/","logo":{"@type":"ImageObject","inLanguage":"pl-PL","@id":"https:\/\/wobronietradycjiiwiary.com\/pl\/#\/schema\/logo\/image\/","url":"https:\/\/i0.wp.com\/wobronietradycjiiwiary.com\/wp-content\/uploads\/2015\/10\/cropped-st-peters-dome-vatican.jpg?fit=940%2C198&ssl=1","contentUrl":"https:\/\/i0.wp.com\/wobronietradycjiiwiary.com\/wp-content\/uploads\/2015\/10\/cropped-st-peters-dome-vatican.jpg?fit=940%2C198&ssl=1","width":940,"height":198,"caption":"Tradycja i Wiara"},"image":{"@id":"https:\/\/wobronietradycjiiwiary.com\/pl\/#\/schema\/logo\/image\/"},"sameAs":["https:\/\/www.facebook.com\/Tradycja-i-Wiara-108813920592249"]},{"@type":"Person","@id":"https:\/\/wobronietradycjiiwiary.com\/pl\/#\/schema\/person\/2d6180ce6abcb681fef0daab7816e8f3","name":"Traditio et Fides","sameAs":["https:\/\/traditionundglauben.com"],"url":"https:\/\/wobronietradycjiiwiary.com\/pl\/author\/wobronietradycjiiwiary\/"}]}},"jetpack_publicize_connections":[],"jetpack_sharing_enabled":true,"jetpack_likes_enabled":true,"jetpack_shortlink":"https:\/\/wp.me\/pc04Sd-HKR","jetpack-related-posts":[{"id":147274,"url":"https:\/\/wobronietradycjiiwiary.com\/pl\/16-go-lipca-uroczystosc-najswietszej-maryi-panny-szkaplerznej-3-3\/","url_meta":{"origin":168197,"position":0},"title":"16-go Lipca. Uroczysto\u015b\u0107 Naj\u015bwi\u0119tszej Maryi Panny Szkaplerznej.","author":"Traditio et Fides","date":"16 lipca 2025","format":false,"excerpt":"Osoby, kt\u00f3re przej\u0105wszy szkaplerz my\u015bl\u0105, \u017ce b\u0119d\u0105 mia\u0142y \"z g\u00f3rki\" bardzo si\u0119 myl\u0105. Szkaplerz to jakby kamizelka kuloodporna ...","rel":"","context":"W \u201e07. \u015awi\u0119ta w lipcu&quot;","block_context":{"text":"07. \u015awi\u0119ta w lipcu","link":"https:\/\/wobronietradycjiiwiary.com\/pl\/category\/duchowosc\/liturgia-i-liturgika\/rozwazania\/rok-liturgiczny\/swieta-w-lipcu\/"},"img":{"alt_text":"","src":"https:\/\/i0.wp.com\/wobronietradycjiiwiary.com\/wp-content\/uploads\/2021\/07\/Szkaplerzna.jpg?resize=350%2C200&ssl=1","width":350,"height":200,"srcset":"https:\/\/i0.wp.com\/wobronietradycjiiwiary.com\/wp-content\/uploads\/2021\/07\/Szkaplerzna.jpg?resize=350%2C200&ssl=1 1x, https:\/\/i0.wp.com\/wobronietradycjiiwiary.com\/wp-content\/uploads\/2021\/07\/Szkaplerzna.jpg?resize=525%2C300&ssl=1 1.5x, https:\/\/i0.wp.com\/wobronietradycjiiwiary.com\/wp-content\/uploads\/2021\/07\/Szkaplerzna.jpg?resize=700%2C400&ssl=1 2x, https:\/\/i0.wp.com\/wobronietradycjiiwiary.com\/wp-content\/uploads\/2021\/07\/Szkaplerzna.jpg?resize=1050%2C600&ssl=1 3x"},"classes":[]},{"id":118565,"url":"https:\/\/wobronietradycjiiwiary.com\/pl\/16-go-lipca-uroczystosc-najswietszej-maryi-panny-szkaplerznej-3-2\/","url_meta":{"origin":168197,"position":1},"title":"16-go Lipca. Uroczysto\u015b\u0107 Naj\u015bwi\u0119tszej Maryi Panny Szkaplerznej.","author":"Traditio et Fides","date":"16 lipca 2024","format":false,"excerpt":"Osoby, kt\u00f3re przej\u0105wszy szkaplerz my\u015bl\u0105, \u017ce b\u0119d\u0105 mia\u0142y \"z g\u00f3rki\" bardzo si\u0119 myl\u0105. Szkaplerz to jakby kamizelka kuloodporna, kt\u00f3r\u0105 nosz\u0105 ci, do kt\u00f3rych si\u0119 strzela. Strza\u0142\u00f3w nie zabraknie, ale dzi\u0119ki szkaplerzowi\/kamizelce si\u0119 prze\u017cyje.","rel":"","context":"W \u201e07. \u015awi\u0119ta w lipcu&quot;","block_context":{"text":"07. \u015awi\u0119ta w lipcu","link":"https:\/\/wobronietradycjiiwiary.com\/pl\/category\/duchowosc\/liturgia-i-liturgika\/rozwazania\/rok-liturgiczny\/swieta-w-lipcu\/"},"img":{"alt_text":"","src":"https:\/\/i0.wp.com\/wobronietradycjiiwiary.com\/wp-content\/uploads\/2021\/07\/Szkaplerzna.jpg?resize=350%2C200&ssl=1","width":350,"height":200,"srcset":"https:\/\/i0.wp.com\/wobronietradycjiiwiary.com\/wp-content\/uploads\/2021\/07\/Szkaplerzna.jpg?resize=350%2C200&ssl=1 1x, https:\/\/i0.wp.com\/wobronietradycjiiwiary.com\/wp-content\/uploads\/2021\/07\/Szkaplerzna.jpg?resize=525%2C300&ssl=1 1.5x, https:\/\/i0.wp.com\/wobronietradycjiiwiary.com\/wp-content\/uploads\/2021\/07\/Szkaplerzna.jpg?resize=700%2C400&ssl=1 2x, https:\/\/i0.wp.com\/wobronietradycjiiwiary.com\/wp-content\/uploads\/2021\/07\/Szkaplerzna.jpg?resize=1050%2C600&ssl=1 3x"},"classes":[]},{"id":96623,"url":"https:\/\/wobronietradycjiiwiary.com\/pl\/16-go-lipca-uroczystosc-najswietszej-maryi-panny-szkaplerznej-3\/","url_meta":{"origin":168197,"position":2},"title":"16-go Lipca. Uroczysto\u015b\u0107 Naj\u015bwi\u0119tszej Maryi Panny Szkaplerznej.","author":"Traditio et Fides","date":"16 lipca 2023","format":false,"excerpt":"Osoby, kt\u00f3re przej\u0105wszy szkaplerz my\u015bl\u0105, \u017ce b\u0119d\u0105 mia\u0142y \"z g\u00f3rki\" bardzo si\u0119 myl\u0105. Szkaplerz to jakby kamizelka kuloodporna, kt\u00f3r\u0105 nosz\u0105 ci, do kt\u00f3rych si\u0119 strzela. Strza\u0142\u00f3w nie zabraknie, ale dzi\u0119ki szkaplerzowi\/kamizelce si\u0119 prze\u017cyje.","rel":"","context":"W \u201e07. \u015awi\u0119ta w lipcu&quot;","block_context":{"text":"07. \u015awi\u0119ta w lipcu","link":"https:\/\/wobronietradycjiiwiary.com\/pl\/category\/duchowosc\/liturgia-i-liturgika\/rozwazania\/rok-liturgiczny\/swieta-w-lipcu\/"},"img":{"alt_text":"","src":"https:\/\/i0.wp.com\/wobronietradycjiiwiary.com\/wp-content\/uploads\/2021\/07\/Szkaplerzna.jpg?resize=350%2C200&ssl=1","width":350,"height":200,"srcset":"https:\/\/i0.wp.com\/wobronietradycjiiwiary.com\/wp-content\/uploads\/2021\/07\/Szkaplerzna.jpg?resize=350%2C200&ssl=1 1x, https:\/\/i0.wp.com\/wobronietradycjiiwiary.com\/wp-content\/uploads\/2021\/07\/Szkaplerzna.jpg?resize=525%2C300&ssl=1 1.5x, https:\/\/i0.wp.com\/wobronietradycjiiwiary.com\/wp-content\/uploads\/2021\/07\/Szkaplerzna.jpg?resize=700%2C400&ssl=1 2x, https:\/\/i0.wp.com\/wobronietradycjiiwiary.com\/wp-content\/uploads\/2021\/07\/Szkaplerzna.jpg?resize=1050%2C600&ssl=1 3x"},"classes":[]},{"id":50510,"url":"https:\/\/wobronietradycjiiwiary.com\/pl\/16-go-lipca-uroczystosc-najswietszej-maryi-panny-szkaplerznej\/","url_meta":{"origin":168197,"position":3},"title":"16-go Lipca. Uroczysto\u015b\u0107 Naj\u015bwi\u0119tszej Maryi Panny Szkaplerznej.","author":"Traditio et Fides","date":"16 lipca 2021","format":false,"excerpt":"Osoby, kt\u00f3re przej\u0105wszy szkaplerz my\u015bl\u0105, \u017ce b\u0119d\u0105 mia\u0142y \"z g\u00f3rki\" bardzo si\u0119 myl\u0105. Szkaplerz to jakby kamizelka kuloodporna, kt\u00f3r\u0105 nosz\u0105 ci, do kt\u00f3rych si\u0119 strzela. Strza\u0142\u00f3w nie zabraknie, ale dzi\u0119ki szkaplerzowi\/kamizelce si\u0119 prze\u017cyje.","rel":"","context":"W \u201e07. \u015awi\u0119ta w lipcu&quot;","block_context":{"text":"07. \u015awi\u0119ta w lipcu","link":"https:\/\/wobronietradycjiiwiary.com\/pl\/category\/duchowosc\/liturgia-i-liturgika\/rozwazania\/rok-liturgiczny\/swieta-w-lipcu\/"},"img":{"alt_text":"","src":"https:\/\/i0.wp.com\/wobronietradycjiiwiary.com\/wp-content\/uploads\/2021\/07\/Szkaplerzna.jpg?resize=350%2C200&ssl=1","width":350,"height":200,"srcset":"https:\/\/i0.wp.com\/wobronietradycjiiwiary.com\/wp-content\/uploads\/2021\/07\/Szkaplerzna.jpg?resize=350%2C200&ssl=1 1x, https:\/\/i0.wp.com\/wobronietradycjiiwiary.com\/wp-content\/uploads\/2021\/07\/Szkaplerzna.jpg?resize=525%2C300&ssl=1 1.5x, https:\/\/i0.wp.com\/wobronietradycjiiwiary.com\/wp-content\/uploads\/2021\/07\/Szkaplerzna.jpg?resize=700%2C400&ssl=1 2x, https:\/\/i0.wp.com\/wobronietradycjiiwiary.com\/wp-content\/uploads\/2021\/07\/Szkaplerzna.jpg?resize=1050%2C600&ssl=1 3x"},"classes":[]},{"id":72861,"url":"https:\/\/wobronietradycjiiwiary.com\/pl\/16-go-lipca-uroczystosc-najswietszej-maryi-panny-szkaplerznej-2\/","url_meta":{"origin":168197,"position":4},"title":"16-go Lipca. Uroczysto\u015b\u0107 Naj\u015bwi\u0119tszej Maryi Panny Szkaplerznej.","author":"Traditio et Fides","date":"16 lipca 2022","format":false,"excerpt":"Osoby, kt\u00f3re przej\u0105wszy szkaplerz my\u015bl\u0105, \u017ce b\u0119d\u0105 mia\u0142y \"z g\u00f3rki\" bardzo si\u0119 myl\u0105. Szkaplerz to jakby kamizelka kuloodporna, kt\u00f3r\u0105 nosz\u0105 ci, do kt\u00f3rych si\u0119 strzela. Strza\u0142\u00f3w nie zabraknie, ale dzi\u0119ki szkaplerzowi\/kamizelce si\u0119 prze\u017cyje.","rel":"","context":"W \u201e07. \u015awi\u0119ta w lipcu&quot;","block_context":{"text":"07. \u015awi\u0119ta w lipcu","link":"https:\/\/wobronietradycjiiwiary.com\/pl\/category\/duchowosc\/liturgia-i-liturgika\/rozwazania\/rok-liturgiczny\/swieta-w-lipcu\/"},"img":{"alt_text":"","src":"https:\/\/i0.wp.com\/wobronietradycjiiwiary.com\/wp-content\/uploads\/2021\/07\/Szkaplerzna.jpg?resize=350%2C200&ssl=1","width":350,"height":200,"srcset":"https:\/\/i0.wp.com\/wobronietradycjiiwiary.com\/wp-content\/uploads\/2021\/07\/Szkaplerzna.jpg?resize=350%2C200&ssl=1 1x, https:\/\/i0.wp.com\/wobronietradycjiiwiary.com\/wp-content\/uploads\/2021\/07\/Szkaplerzna.jpg?resize=525%2C300&ssl=1 1.5x, https:\/\/i0.wp.com\/wobronietradycjiiwiary.com\/wp-content\/uploads\/2021\/07\/Szkaplerzna.jpg?resize=700%2C400&ssl=1 2x, https:\/\/i0.wp.com\/wobronietradycjiiwiary.com\/wp-content\/uploads\/2021\/07\/Szkaplerzna.jpg?resize=1050%2C600&ssl=1 3x"},"classes":[]},{"id":66049,"url":"https:\/\/wobronietradycjiiwiary.com\/pl\/czytania-postne-brewiarza-trydenckiego-33\/","url_meta":{"origin":168197,"position":5},"title":"Czytania postne Brewiarza Trydenckiego. Niedziela M\u0119ki Pa\u0144skiej.","author":"Traditio et Fides","date":"3 kwietnia 2022","format":false,"excerpt":"Czytania Brewiarza Trydenckiego na Niedziel\u0119 M\u0119ki Pa\u0144skiej.","rel":"","context":"W \u201eDuchowo\u015b\u0107&quot;","block_context":{"text":"Duchowo\u015b\u0107","link":"https:\/\/wobronietradycjiiwiary.com\/pl\/category\/duchowosc\/"},"img":{"alt_text":"","src":"https:\/\/i0.wp.com\/wobronietradycjiiwiary.com\/wp-content\/uploads\/2022\/03\/MOnks-praying.jpg?resize=350%2C200&ssl=1","width":350,"height":200,"srcset":"https:\/\/i0.wp.com\/wobronietradycjiiwiary.com\/wp-content\/uploads\/2022\/03\/MOnks-praying.jpg?resize=350%2C200&ssl=1 1x, https:\/\/i0.wp.com\/wobronietradycjiiwiary.com\/wp-content\/uploads\/2022\/03\/MOnks-praying.jpg?resize=525%2C300&ssl=1 1.5x"},"classes":[]}],"amp_enabled":true,"jetpack_featured_media_url":"https:\/\/wobronietradycjiiwiary.com\/wp-content\/uploads\/2021\/07\/Szkaplerzna.jpg","_links":{"self":[{"href":"https:\/\/wobronietradycjiiwiary.com\/pl\/wp-json\/wp\/v2\/posts\/168197","targetHints":{"allow":["GET"]}}],"collection":[{"href":"https:\/\/wobronietradycjiiwiary.com\/pl\/wp-json\/wp\/v2\/posts"}],"about":[{"href":"https:\/\/wobronietradycjiiwiary.com\/pl\/wp-json\/wp\/v2\/types\/post"}],"author":[{"embeddable":true,"href":"https:\/\/wobronietradycjiiwiary.com\/pl\/wp-json\/wp\/v2\/users\/60508433"}],"replies":[{"embeddable":true,"href":"https:\/\/wobronietradycjiiwiary.com\/pl\/wp-json\/wp\/v2\/comments?post=168197"}],"version-history":[{"count":1,"href":"https:\/\/wobronietradycjiiwiary.com\/pl\/wp-json\/wp\/v2\/posts\/168197\/revisions"}],"predecessor-version":[{"id":168198,"href":"https:\/\/wobronietradycjiiwiary.com\/pl\/wp-json\/wp\/v2\/posts\/168197\/revisions\/168198"}],"wp:featuredmedia":[{"embeddable":true,"href":"https:\/\/wobronietradycjiiwiary.com\/pl\/wp-json\/wp\/v2\/media\/50515"}],"wp:attachment":[{"href":"https:\/\/wobronietradycjiiwiary.com\/pl\/wp-json\/wp\/v2\/media?parent=168197"}],"wp:term":[{"taxonomy":"category","embeddable":true,"href":"https:\/\/wobronietradycjiiwiary.com\/pl\/wp-json\/wp\/v2\/categories?post=168197"},{"taxonomy":"post_tag","embeddable":true,"href":"https:\/\/wobronietradycjiiwiary.com\/pl\/wp-json\/wp\/v2\/tags?post=168197"}],"curies":[{"name":"wp","href":"https:\/\/api.w.org\/{rel}","templated":true}]}}