{"id":168016,"date":"2026-07-08T08:15:31","date_gmt":"2026-07-08T06:15:31","guid":{"rendered":"https:\/\/wobronietradycjiiwiary.com\/?p=168016"},"modified":"2026-07-08T19:38:58","modified_gmt":"2026-07-08T17:38:58","slug":"8-go-lipca-zywot-swietej-elzbiety-krolowej-portugalskiej-2-3-2","status":"publish","type":"post","link":"https:\/\/wobronietradycjiiwiary.com\/pl\/8-go-lipca-zywot-swietej-elzbiety-krolowej-portugalskiej-2-3-2\/","title":{"rendered":"8-go Lipca. \u017bywot \u015bwi\u0119tej El\u017cbiety, Kr\u00f3lowej Portugalskiej."},"content":{"rendered":"<div id=\"bsf_rt_marker\"><\/div>\n<p class=\"has-text-align-center wp-block-paragraph\">(\u017by\u0142a oko\u0142o roku Pa\u0144skiego 1336).<\/p>\n\n\n\n<figure class=\"wp-block-image\"><a href=\"https:\/\/pl.wikisource.org\/wiki\/Plik:%C5%BBywoty_%C5%9Bw._Pa%C5%84skich_na_wszystkie_dnie_roku-Inicja%C5%82-N.png\"><img decoding=\"async\" src=\"https:\/\/upload.wikimedia.org\/wikipedia\/commons\/thumb\/3\/36\/%C5%BBywoty_%C5%9Bw._Pa%C5%84skich_na_wszystkie_dnie_roku-Inicja%C5%82-N.png\/51px-%C5%BBywoty_%C5%9Bw._Pa%C5%84skich_na_wszystkie_dnie_roku-Inicja%C5%82-N.png\" alt=\"N\"\/><\/a><\/figure>\n\n\n\n<p class=\"has-text-align-justify wp-block-paragraph\">Niewiasta ta by\u0142a od pierwszej do ostatniej chwili \u017cywota Anio\u0142em pokoju i pojednania. Jej przyj\u015bcie na \u015bwiat w roku 1271 za\u0142atwi\u0142o sp\u00f3r mi\u0119dzy jej ojcem Piotrem III, nast\u0119pc\u0105 tronu portugalskiego, a dziadem Jak\u00f3bem I, kr\u00f3lem Arragonii. Jak\u00f3b sprowadzi\u0142 urodziw\u0105 dziewic\u0119 na sw\u00f3j dw\u00f3r i da\u0142 jej staranne wychowanie. Dziewcz\u0119 okazywa\u0142o tak\u0105 \u0142agodno\u015b\u0107, uprzejmo\u015b\u0107 i bogobojno\u015b\u0107 w czynach i mowie, \u017ce sta\u0142o si\u0119 wkr\u00f3tce przedmiotem czci i podziwienia. Obcemi by\u0142y jej zgie\u0142kliwe zabawy, zalotno\u015b\u0107, mi\u0119kko\u015b\u0107 i pr\u00f3\u017cno\u015b\u0107 niewie\u015bcia; natomiast szczeg\u00f3lne mia\u0142a upodobanie w spe\u0142nianiu dzie\u0142 mi\u0142osierdzia i samotnych modlitwach.<\/p>\n\n\n\n<p class=\"has-text-align-justify wp-block-paragraph\">Licz\u0105c lat dwana\u015bcie, posz\u0142a za m\u0105\u017c za kr\u00f3la portugalskiego Dyonizego. By\u0142a mu wiern\u0105 ma\u0142\u017conk\u0105, a Bogu pos\u0142uszn\u0105 s\u0142ug\u0105. W\u015br\u00f3d blasku i przepychu dworskiego nie wyrzek\u0142a si\u0119 nigdy pokory, pobo\u017cno\u015bci i mi\u0142o\u015bci bli\u017aniego. Zaj\u0119cia jej dzienne w ten spos\u00f3b by\u0142y urz\u0105dzone: Wstawa\u0142a rano o rych\u0142ej godzinie, sz\u0142a na nabo\u017ce\u0144stwo, potem odwiedza\u0142a chorych, pociesza\u0142a strapionych. Zaradza\u0142a wed\u0142ug mo\u017cno\u015bci potrzebom zubo\u017ca\u0142ych rodzin, wstydz\u0105cych si\u0119 \u017cebra\u0107, wyposa\u017ca\u0142a biedne dziewcz\u0119ta, stara\u0142a si\u0119 o popraw\u0119 podupad\u0142ych dziewic, wychowanie podrzutk\u00f3w i nale\u017cyt\u0105 wspania\u0142o\u015b\u0107 nabo\u017ce\u0144stwa po wsiach i miastach.<\/p>\n\n\n\n<p class=\"has-text-align-justify wp-block-paragraph\">Dla siebie by\u0142a oszcz\u0119dn\u0105, po\u015bci\u0142a cz\u0119sto i nigdy wina nie pija\u0142a; gdy pewnego razu lekarz jej takowe zapisa\u0142, a chora nie chcia\u0142a uczynionego \u015blubu z\u0142ama\u0107, Pan B\u00f3g uczyni\u0142 cud i zamieni\u0142 wod\u0119, kt\u00f3r\u0105 pi\u0142a, na wino. Tem szczodrobliwsz\u0105 by\u0142a wzgl\u0119dem ubogich, kt\u00f3rym nie szcz\u0119dzi\u0142a wspar\u0107 i datk\u00f3w. Pewnego dnia, gdy nios\u0142a resztki potraw podupad\u0142ej rodzinie, kr\u00f3l zapyta\u0142 co niesie w fartuchu. Z obawy, aby kr\u00f3l nie zgani\u0142 czynu tak ma\u0142o odpowiedniego jej kr\u00f3lewskiemu dostoje\u0144stwu, odpowiedzia\u0142a zmieszana: \u201eR\u00f3\u017ce!\u201c Z u\u015bmiechem odwin\u0105wszy fartuch, przekona\u0142 si\u0119 monarcha, \u017ce rzeczywi\u015bcie mia\u0142a wonne r\u00f3\u017ce. Przez lat kilka \u017cy\u0142o dostojne ma\u0142\u017ce\u0144stwo w pokoju i zgodzie, ub\u00f3stwiane przez poddanych. Ale probierczym kamieniem cnoty jest ogie\u0144 pokusy, do\u015bwiadcze\u0144 i utrapie\u0144.<\/p>\n\n\n\n<p class=\"has-text-align-justify wp-block-paragraph\">Skoro El\u017cbieta obdarzy\u0142a kr\u00f3la kilkorgiem potomstwa, nie poprzesta\u0142 na mi\u0142o\u015bci ma\u0142\u017conki i zacz\u0105\u0142 jej si\u0119 przeniewierza\u0107. El\u017cbieta znosi\u0142a krzywdy z anielsk\u0105 cierpliwo\u015bci\u0105. W ukryciu przed \u015bwiatem \u017cali\u0142a si\u0119 przed Stw\u00f3rc\u0105, p\u0142acz\u0105c \u0142zami krwawemi. Ma\u0142\u017conkowi jednak\u017ce nie czyni\u0142a wyrzut\u00f3w, okazuj\u0105c mu zawsze mi\u0142o\u015b\u0107 i szacunek: owszem czyni\u0142a, co tylko \u015bwi\u0119ta Niewiasta czyni\u0107 mo\u017ce, i stara\u0142a si\u0119 o pobo\u017cne wychowanie nie\u015blubnych dzieci m\u0119\u017ca. Pozna\u0142 si\u0119 te\u017c kr\u00f3l niezad\u0142ugo na wielkoduszno\u015bci&nbsp;ma\u0142\u017conki. Mia\u0142a El\u017cbieta pazia, kt\u00f3ry by\u0142 jej praw\u0105 r\u0119k\u0105 w spe\u0142nianiu dobrodziejstw i kt\u00f3ry dlatego cieszy\u0142 si\u0119 jej \u0142ask\u0105. Pewien dworzanin pozazdro\u015bci\u0142 ch\u0142opcu wzgl\u0119d\u00f3w kr\u00f3lowej i oczerni\u0142 m\u0142odzie\u0144ca przed monarch\u0105, powiadaj\u0105c, \u017ce El\u017cbieta \u017cyje z nim na stopie zbyt poufa\u0142ej. Niewierny m\u0105\u017c uwierzy\u0142 pochopnie w niewierno\u015b\u0107 \u017cony i nie posiada\u0142 si\u0119 z zazdro\u015bci. P\u0119dem strza\u0142y pobieg\u0142 do cz\u0142owieka, maj\u0105cego doz\u00f3r nad wypalaniem wapna w dobrach kr\u00f3lewskich i rzek\u0142: \u201ePrzy\u015bl\u0119 ci tu jutro ch\u0142opca z zapytaniem, czy m\u00f3j rozkaz ju\u017c wykonany. Gdy nadejdzie, we\u017a go natychmiast i wrzu\u0107 w czelu\u015bcie pieca, pal\u0105c go tym sposobem na proch, aby go oczy moje wi\u0119cej nie ogl\u0105da\u0142y.\u201c Jako\u017c nazajutrz wys\u0142a\u0142 ch\u0142opca do wapniarni. Pa\u017a id\u0105c na wskazane miejsce, przechodzi\u0142 ko\u0142o ko\u015bcio\u0142a w chwili, gdy dzwoniono na Msz\u0119 \u015bwi\u0119t\u0105. Nie namy\u015blaj\u0105c si\u0119 przeto, wst\u0105pi\u0142 do wn\u0119trza, b\u0119d\u0105c przekonanym, \u017ce wys\u0142uchanie nabo\u017ce\u0144stwa ka\u017cdemu na dobre wyjdzie i za zw\u0142ok\u0119 nie mo\u017ce by\u0107 poczytanem; zatopiwszy si\u0119 za\u015b w modlitwie, nie spostrzeg\u0142 nawet, \u017ce a\u017c trzech Mszy \u015bw. wys\u0142ucha\u0142. Kr\u00f3l dysz\u0105cy ch\u0119ci\u0105 zemsty i ciekawy, czy rozkaz jego spe\u0142niono, wys\u0142a\u0142 niezad\u0142ugo wzwy\u017c wspomnianego dworzanina z zapytaniem, czy wykonano wczorajsze polecenie. Dozorca natychmiast wrzuci\u0142 go w gorej\u0105ce p\u0142omienie, a wkr\u00f3tce potem pa\u017a wr\u00f3ci\u0142 z wiadomo\u015bci\u0105, \u017ce rozkazowi kr\u00f3lewskiemu zadosy\u0107 si\u0119 sta\u0142o. Widoczny S\u0105d Bo\u017cy przerazi\u0142 kr\u00f3la, mi\u0142o\u015b\u0107 kr\u00f3lowej wzruszy\u0142a go do \u017cywego i odt\u0105d zaniecha\u0142 pok\u0105tnych mi\u0142ostek.<\/p>\n\n\n\n<p class=\"has-text-align-justify wp-block-paragraph\">\u2009Ale jeszcze \u015bwi\u0119ta Niewiasta nie spe\u0142ni\u0142a do dna kielicha goryczy. Jej syn, Alfons, o\u017ceniony z ksi\u0119\u017cniczk\u0105 kastylsk\u0105, zapa\u0142a\u0142 nieub\u0142agan\u0105 nienawi\u015bci\u0105 przeciw nie\u015blubnemu synowi swego ojca, Alfonsowi Sanchez, ulubie\u0144cowi monarchy. Obiega\u0142y nawet wie\u015bci, \u017ce Dyonizy chce go mianowa\u0107 swym nast\u0119pc\u0105. Niesnaski st\u0105d powsta\u0142e ogarn\u0119\u0142y ca\u0142\u0105 Portugali\u0119, Alfons zgromadzi\u0142 zbrojne zast\u0119py, aby broni\u0107 swych praw spadkowych, El\u017cbieta za\u015b stara\u0142a si\u0119 wszelkiemi si\u0142ami zapobiedz rozlewowi krwi. Mniemaj\u0105c, \u017ce kr\u00f3lowa ujmuje si\u0119 za synem, skaza\u0142 \u017con\u0119 na wygnanie; skargi jednakowo\u017c ludu na t\u0119 niczem nieusprawiedliwion\u0105 srogo\u015b\u0107 znagli\u0142y go do przywo\u0142ania wygnanej. Tymczasem starcie zdawa\u0142o si\u0119 nieuniknionem i kr\u00f3l ruszy\u0142 przeciw zbuntowanemu synowi; ju\u017c mia\u0142y zbrojne zast\u0119py uderzy\u0107 na siebie, wtem El\u017cbieta stan\u0119\u0142a na placu boju, biega\u0142a w\u015br\u00f3d \u0142ez i p\u0142aczu od ojca do syna, zwalczaj\u0105c wymow\u0105 czu\u0142ej ma\u0142\u017conki srogo\u015b\u0107 m\u0119\u017ca, czarodziejsk\u0105 si\u0142\u0105 czu\u0142ej matki up\u00f3r syna i &#8211; zwyci\u0119\u017cy\u0142a. Dobyte miecze wr\u00f3ci\u0142y do pochew, uciszy\u0142 si\u0119 gwar wojenny.<\/p>\n\n\n\n<p class=\"has-text-align-justify wp-block-paragraph\"><br>\u2009Przygn\u0119biony wiekiem i strapieniami kr\u00f3l zachorowa\u0142. El\u017cbieta nie odst\u0119powa\u0142a na krok \u0142o\u017ca jego, krzepi\u0142a cia\u0142o chorego lekami, a dusz\u0119 niebia\u0144sk\u0105 pociech\u0105 i mod\u0142ami. Wdzi\u0119czny za jej troskliwo\u015b\u0107 i po\u015bwi\u0119cenie zgas\u0142 Dyonizy pe\u0142en \u017calu i skruchy w jej obj\u0119ciach w roku 1325.<\/p>\n\n\n\n<p class=\"has-text-align-justify wp-block-paragraph\"><br>\u2009Owdowia\u0142a monarchini rozda\u0142a swe kr\u00f3lewskie klejnoty, przywdzia\u0142a habit Klaryski i zamieszka\u0142a w skromnym domeczku po\u0142o\u017conym tu\u017c przy klasztorze przez siebie za\u0142o\u017conym, trawi\u0105c czas na modlitwie i \u015bwiadczonych bli\u017anim dobrodziejstwach. Ostatniem jej dzie\u0142em by\u0142 zawarty za jej przyczyn\u0105 pok\u00f3j pomi\u0119dzy jej synem, kr\u00f3lem portugalskim, a wnukiem, kr\u00f3lem kastylskim, kt\u00f3rzy si\u0119 sposobili do krwawej z sob\u0105 rozprawy; wszystkie te wysilenia owej \u015bwi\u0119tej samotnicy przyprawi\u0142y j\u0105 wko\u0144cu o zgon przedwczesny, kt\u00f3ry nast\u0105pi\u0142 w dniu 4 lipca roku 1336.<\/p>\n\n\n\n<p class=\"has-text-align-justify wp-block-paragraph\"><br>\u2009Gdy po 300 leciech otworzono jej grobowiec, z cia\u0142a nieska\u017conego zalatywa\u0142a przytomnych dziwna wo\u0144 i zapach. Papie\u017c Urban VIII wyznaczy\u0142 na jej pami\u0105tk\u0119 dzie\u0144 8 lipca.<\/p>\n\n\n\n<h2 class=\"wp-block-heading\"><br><strong>Nauka moralna.<\/strong><\/h2>\n\n\n\n<p class=\"has-text-align-justify wp-block-paragraph\">\u2009\u201eB\u0142ogos\u0142awieni pok\u00f3j czyni\u0105cy, albowiem nazwani b\u0119d\u0105 synami Bo\u017cymi.\u201c (Mat. 5, 9). Pok\u00f3j jest najwy\u017cszem szcz\u0119\u015bciem, gdy\u017c niema szcz\u0119\u015bcia bez pokoju. Starajmy si\u0119 przeto z wszystkimi \u017cy\u0107 w zgodzie i pokoju; unikajmy wszelkich k\u0142\u00f3tni i niesnasek, g\u00f3d\u017amy powa\u015bnionych z sob\u0105, nie dawajmy nikomu sposobno\u015bci do swar\u00f3w i nieprzyja\u017ani, i pomnijmy na to, \u017ce stokro\u0107 lepiej jest by\u0107 skrzywdzonym, ani\u017celi dochodzi\u0107 swego prawa na drodze k\u0142\u00f3tni i proces\u00f3w. \u2014 Lepiej stokro\u0107 dla mi\u0142ego pokoju znie\u015b\u0107 obraz\u0119, krzywd\u0119,&nbsp;lekcewa\u017cenie, bo tylko taki jest mi\u0142o\u015bnikiem pokoju, kto tak post\u0119puje. \u015awi\u0119ta El\u017cbieta znosi\u0142a spokojnie podejrzenia, prze\u015bladowanie i dokuczliwo\u015bci m\u0119\u017ca, pomn\u0105c na s\u0142owa Zbawiciela: \u201eJe\u015bli ci\u0119 kto uderzy w prawy policzek tw\u00f3j, nastaw mu i drugiego; a temu, kt\u00f3ry si\u0119 chce z tob\u0105 prawem rozpiera\u0107, a sukni\u0119 twoj\u0105 wzi\u0105\u0107, pu\u015b\u0107 mu i p\u0142aszcz.\u201c (Mat. 5, 39. 40).<\/p>\n\n\n\n<p class=\"has-text-align-justify wp-block-paragraph\"><br>\u2009Usi\u0142ujmy nadewszystko przeszkodzi\u0107 swarom i nieporozumieniom mi\u0119dzy krewnymi i znajomymi, pomni na s\u0142owa Paw\u0142a \u015bwi\u0119tego, zwr\u00f3cone do Tytusa: \u201eNapominaj ich, aby nikogo nie czernili, aby nie byli k\u0142\u00f3tliwymi, lecz skromnymi, i aby okazywali \u0142agodno\u015b\u0107 wzgl\u0119dem ka\u017cdego.\u201c<\/p>\n\n\n\n<p class=\"has-text-align-justify wp-block-paragraph\"><br>\u2009\u015awi\u0119ta El\u017cbieta, jakkolwiek s\u0142aba niewiasta, nie waha\u0142a si\u0119 p\u00f3j\u015b\u0107 mi\u0119dzy zbrojne szeregi i zdo\u0142a\u0142a zmi\u0119kczy\u0107 \u0142zami i pro\u015bb\u0105 kamienne serca. Ilu\u017c przez to ocali\u0142a ludzi, jakim zapobieg\u0142a czynom okrucie\u0144stwa; ile sobie tem zaskarbi\u0142a wdzi\u0119czno\u015bci i b\u0142ogos\u0142awie\u0144stw! Jezus Chrystus, kt\u00f3ry przez ofiar\u0119 \u017cycia pozyska\u0142 nazw\u0119 \u201eKsi\u0119cia pokoju\u201c, wspiera\u0107 ci\u0119 b\u0119dzie w twych przedsi\u0119wzi\u0119ciach; dzia\u0142aj przeto w Jego duchu, On ciebie nie odst\u0105pi. Nagroda Twoja wielk\u0105 b\u0119dzie i s\u0142usznie nazywa\u0107 ci\u0119 b\u0119d\u0105 s\u0142ug\u0105 Bo\u017cym.<\/p>\n\n\n\n<p class=\"wp-block-paragraph\"><br><strong>Modlitwa.<\/strong><\/p>\n\n\n\n<blockquote class=\"wp-block-quote is-layout-flow wp-block-quote-is-layout-flow\"><p>\u2009Najlito\u015bciwszy Bo\u017ce, kt\u00f3ry\u015b \u015bw. El\u017cbiet\u0119 pomi\u0119dzy wielu innemi wysokiemi \u0142askami, przyozdobi\u0142 tak\u017ce darem poskramiania wojen, spraw to mi\u0142o\u015bciwie, aby\u015bmy za jej po\u015brednictwem za\u017cywali za \u017cycia pokoju, o kt\u00f3ry pokornie prosimy, a po nim dost\u0105pili rado\u015bci wiekuistych. Amen.<\/p><\/blockquote>\n\n\n\n<figure class=\"wp-block-table\"><table><tbody><tr><td>\u2217&nbsp;&nbsp;&nbsp;&nbsp;&nbsp;&nbsp;&nbsp;&nbsp;&nbsp;&nbsp;&nbsp;&nbsp;&nbsp;&nbsp;&nbsp;&nbsp;&nbsp;&nbsp;&nbsp;&nbsp;\u2217<br>\u2217<\/td><\/tr><\/tbody><\/table><\/figure>\n\n\n\n<p class=\"wp-block-paragraph\">\u2009<em>Opr\u00f3cz tego obchodzi Ko\u015bci\u00f3\u0142 \u015bwi\u0119ty pami\u0105tk\u0119 nast\u0119puj\u0105cych \u015awi\u0119tych Pa\u0144skich, zamieszczonych w rzymskiem martyrologium:<\/em><\/p>\n\n\n\n<p class=\"has-text-align-justify wp-block-paragraph\">\u2009<strong>Dnia 8-go lipca<\/strong>&nbsp;uroczysty obch\u00f3d \u015bw.&nbsp;El\u017cbiety, Wdowy i Kr\u00f3lowej portugalskiej, przyj\u0119tej przez Urbana VIII z powodu swych nadzwyczajnych cn\u00f3t i cud\u00f3w w poczet \u015awi\u0119tych. \u2014 W Ma\u0142ej Azyi pami\u0105tka \u015bw.&nbsp;Akwila&nbsp;i jego ma\u0142\u017conki&nbsp;Pryscylli, wymienionych w Dziejach Apostolskich. \u2014 W Porto m\u0119cze\u0144stwo 50 \u015bw.&nbsp;\u017bo\u0142nierzy, nawr\u00f3conych sta\u0142o\u015bci\u0105 \u015bw. Bonozy a chrzconych przez Papie\u017ca Feliksa; w prze\u015bladowaniu aurelia\u0144skiem zdobyli sobie palm\u0119 zwyci\u0119stwa. \u2014 W Palestynie \u015bmier\u0107 \u015bw.&nbsp;Prokopiusza, M\u0119czennika; za panowania cesarza Dyoklecyana sprowadzony ze Scytopolis do Cezarei, gdzie go s\u0119dzia Fabian, zaraz po pierwszem odwa\u017cnem wyznaniu wiary, kaza\u0142 \u015bci\u0105\u0107. &#8211; W Konstantynopolu \u015bmier\u0107 m\u0119cze\u0144ska \u015bw.&nbsp;Mnich\u00f3w klasztoru Abrahama, zamordowanych okrutnie z powodu, \u017ce sprzeciwiali si\u0119 nakazowi cesarza Teofila, aby nie czci\u0107 obraz\u00f3w \u015awi\u0119tych. \u2014 W Wyrcburgu w Niemczech uroczysto\u015b\u0107 \u015bw.&nbsp;Kiliana; z polecenia rzymskiego Papie\u017ca g\u0142osi\u0142 Ewangeli\u0119 i nawr\u00f3ci\u0142 wielu pogan do chrze\u015bcija\u0144stwa; zosta\u0142 podst\u0119pnie zamordowany razem ze \u015bw.&nbsp;Kolomanem, Kap\u0142anem i \u015bw.&nbsp;Totnanem, Dyakonem. \u2014 W Rzymie uroczysto\u015b\u0107 b\u0142og.&nbsp;Eugeniusza&nbsp;III, Papie\u017ca z zakonu Cysters\u00f3w. Jako Opat m\u0105drze i \u015bwi\u0119cie prowadzi\u0142 klasztor \u015bw. Wincentego i Anastazego pod Trefontane; a p\u00f3\u017aniej jako Papie\u017c rz\u0105dzi\u0142 Ko\u015bcio\u0142em z r\u00f3wn\u0105 gorliwo\u015bci\u0105. Pius IX zgodzi\u0142 si\u0119 na cze\u015b\u0107 jemu od dawna okazywan\u0105. \u2014 W Trewirze pami\u0105tka \u015bw.&nbsp;Auspicyusza, Wyznawcy i Biskupa.<\/p>\n","protected":false},"excerpt":{"rendered":"<p>M\u0105\u017c \u015bw. El\u017cbiety Portugalskiej mia\u0142 za \u017con\u0119 \u015bwi\u0119t\u0105, a mimo to j\u0105 zdradza\u0142 i mia\u0142 nie\u015blubne dzieci, o kt\u00f3re ona si\u0119 troszczy\u0142a. Zosta\u0142a skazana na wygnanie, a mimo to zapobieg\u0142a wojnie domowej. A nam \u017ale i \u017ale.<\/p>\n","protected":false},"author":60508433,"featured_media":50041,"comment_status":"open","ping_status":"open","sticky":false,"template":"","format":"standard","meta":{"_bbp_topic_count":0,"_bbp_reply_count":0,"_bbp_total_topic_count":0,"_bbp_total_reply_count":0,"_bbp_voice_count":0,"_bbp_anonymous_reply_count":0,"_bbp_topic_count_hidden":0,"_bbp_reply_count_hidden":0,"_bbp_forum_subforum_count":0,"_editorskit_title_hidden":false,"_editorskit_reading_time":0,"_editorskit_is_block_options_detached":false,"_editorskit_block_options_position":"{}","_coblocks_attr":"","_coblocks_dimensions":"","_coblocks_responsive_height":"","_coblocks_accordion_ie_support":"","_exactmetrics_skip_tracking":false,"_jetpack_newsletter_access":"","_jetpack_dont_email_post_to_subs":false,"_jetpack_newsletter_tier_id":0,"_jetpack_memberships_contains_paywalled_content":false,"_wpcom_ai_launchpad_first_post":false,"_jetpack_feature_clip_id":0,"_jetpack_memberships_contains_paid_content":false,"footnotes":"","jetpack_publicize_message":"{title}\n\n{excerpt}\n\n{url}","jetpack_publicize_feature_enabled":true,"jetpack_social_post_already_shared":false,"jetpack_social_options":{"image_generator_settings":{"template":"highway","default_image_id":0,"font":"","enabled":false},"version":2},"_wpas_customize_per_network":false,"jetpack_post_was_ever_published":false},"categories":[610131822,610131184,336375535,610131268,610131155,610134933,610132042],"tags":[610133246],"class_list":["post-168016","post","type-post","status-publish","format-standard","has-post-thumbnail","hentry","category-swieta-w-lipcu","category-duchowosc","category-liturgia-i-liturgika","category-rok-liturgiczny","category-rozwazania","category-zenskie-swiete","category-zywoty-swietych","tag-zenskie-swiete"],"yoast_head":"<!-- This site is optimized with the Yoast SEO plugin v28.3 - https:\/\/yoast.com\/product\/yoast-seo-wordpress\/ -->\n<title>8-go Lipca. \u017bywot \u015bwi\u0119tej El\u017cbiety, Kr\u00f3lowej Portugalskiej. - Tradycja i Wiara<\/title>\n<meta name=\"robots\" content=\"index, follow, max-snippet:-1, max-image-preview:large, max-video-preview:-1\" \/>\n<link rel=\"canonical\" href=\"https:\/\/wobronietradycjiiwiary.com\/pl\/8-go-lipca-zywot-swietej-elzbiety-krolowej-portugalskiej-2-3-2\/\" \/>\n<meta property=\"og:locale\" content=\"pl_PL\" \/>\n<meta property=\"og:type\" content=\"article\" \/>\n<meta property=\"og:title\" content=\"8-go Lipca. \u017bywot \u015bwi\u0119tej El\u017cbiety, Kr\u00f3lowej Portugalskiej. - Tradycja i Wiara\" \/>\n<meta property=\"og:description\" content=\"M\u0105\u017c \u015bw. El\u017cbiety Portugalskiej mia\u0142 za \u017con\u0119 \u015bwi\u0119t\u0105, a mimo to j\u0105 zdradza\u0142 i mia\u0142 nie\u015blubne dzieci, o kt\u00f3re ona si\u0119 troszczy\u0142a. Zosta\u0142a skazana na wygnanie, a mimo to zapobieg\u0142a wojnie domowej. A nam \u017ale i \u017ale.\" \/>\n<meta property=\"og:url\" content=\"https:\/\/wobronietradycjiiwiary.com\/pl\/8-go-lipca-zywot-swietej-elzbiety-krolowej-portugalskiej-2-3-2\/\" \/>\n<meta property=\"og:site_name\" content=\"Tradycja i Wiara\" \/>\n<meta property=\"article:publisher\" content=\"https:\/\/www.facebook.com\/Tradycja-i-Wiara-108813920592249\" \/>\n<meta property=\"article:published_time\" content=\"2026-07-08T06:15:31+00:00\" \/>\n<meta property=\"article:modified_time\" content=\"2026-07-08T17:38:58+00:00\" \/>\n<meta property=\"og:image\" content=\"https:\/\/wobronietradycjiiwiary.com\/wp-content\/uploads\/2021\/07\/Elisabeth-von-Portugal.jpg\" \/>\n\t<meta property=\"og:image:width\" content=\"800\" \/>\n\t<meta property=\"og:image:height\" content=\"1482\" \/>\n\t<meta property=\"og:image:type\" content=\"image\/jpeg\" \/>\n<meta name=\"author\" content=\"Traditio et Fides\" \/>\n<meta name=\"twitter:card\" content=\"summary_large_image\" \/>\n<meta name=\"twitter:label1\" content=\"Napisane przez\" \/>\n\t<meta name=\"twitter:data1\" content=\"Traditio et Fides\" \/>\n\t<meta name=\"twitter:label2\" content=\"Szacowany czas czytania\" \/>\n\t<meta name=\"twitter:data2\" content=\"9 minut\" \/>\n<script type=\"application\/ld+json\" class=\"yoast-schema-graph\">{\"@context\":\"https:\\\/\\\/schema.org\",\"@graph\":[{\"@type\":\"Article\",\"@id\":\"https:\\\/\\\/wobronietradycjiiwiary.com\\\/8-go-lipca-zywot-swietej-elzbiety-krolowej-portugalskiej-2-3-2\\\/#article\",\"isPartOf\":{\"@id\":\"https:\\\/\\\/wobronietradycjiiwiary.com\\\/8-go-lipca-zywot-swietej-elzbiety-krolowej-portugalskiej-2-3-2\\\/\"},\"author\":{\"name\":\"Traditio et Fides\",\"@id\":\"https:\\\/\\\/wobronietradycjiiwiary.com\\\/pl\\\/#\\\/schema\\\/person\\\/2d6180ce6abcb681fef0daab7816e8f3\"},\"headline\":\"8-go Lipca. \u017bywot \u015bwi\u0119tej El\u017cbiety, Kr\u00f3lowej Portugalskiej.\",\"datePublished\":\"2026-07-08T06:15:31+00:00\",\"dateModified\":\"2026-07-08T17:38:58+00:00\",\"mainEntityOfPage\":{\"@id\":\"https:\\\/\\\/wobronietradycjiiwiary.com\\\/8-go-lipca-zywot-swietej-elzbiety-krolowej-portugalskiej-2-3-2\\\/\"},\"wordCount\":1817,\"commentCount\":0,\"publisher\":{\"@id\":\"https:\\\/\\\/wobronietradycjiiwiary.com\\\/pl\\\/#organization\"},\"image\":{\"@id\":\"https:\\\/\\\/wobronietradycjiiwiary.com\\\/8-go-lipca-zywot-swietej-elzbiety-krolowej-portugalskiej-2-3-2\\\/#primaryimage\"},\"thumbnailUrl\":\"https:\\\/\\\/wobronietradycjiiwiary.com\\\/wp-content\\\/uploads\\\/2021\\\/07\\\/Elisabeth-von-Portugal.jpg\",\"keywords\":[\"\u017ce\u0144skie \u015bwi\u0119te\"],\"articleSection\":[\"07. \u015awi\u0119ta w lipcu\",\"Duchowo\u015b\u0107\",\"Liturgia i liturgika\",\"Rok liturgiczny\",\"Rozwa\u017cania liturgiczne\",\"\u017be\u0144skie \u015bwi\u0119te\",\"\u017bywoty \u015awi\u0119tych\"],\"inLanguage\":\"pl-PL\",\"potentialAction\":[{\"@type\":\"CommentAction\",\"name\":\"Comment\",\"target\":[\"https:\\\/\\\/wobronietradycjiiwiary.com\\\/8-go-lipca-zywot-swietej-elzbiety-krolowej-portugalskiej-2-3-2\\\/#respond\"]}]},{\"@type\":\"WebPage\",\"@id\":\"https:\\\/\\\/wobronietradycjiiwiary.com\\\/8-go-lipca-zywot-swietej-elzbiety-krolowej-portugalskiej-2-3-2\\\/\",\"url\":\"https:\\\/\\\/wobronietradycjiiwiary.com\\\/8-go-lipca-zywot-swietej-elzbiety-krolowej-portugalskiej-2-3-2\\\/\",\"name\":\"8-go Lipca. \u017bywot \u015bwi\u0119tej El\u017cbiety, Kr\u00f3lowej Portugalskiej. - Tradycja i Wiara\",\"isPartOf\":{\"@id\":\"https:\\\/\\\/wobronietradycjiiwiary.com\\\/pl\\\/#website\"},\"primaryImageOfPage\":{\"@id\":\"https:\\\/\\\/wobronietradycjiiwiary.com\\\/8-go-lipca-zywot-swietej-elzbiety-krolowej-portugalskiej-2-3-2\\\/#primaryimage\"},\"image\":{\"@id\":\"https:\\\/\\\/wobronietradycjiiwiary.com\\\/8-go-lipca-zywot-swietej-elzbiety-krolowej-portugalskiej-2-3-2\\\/#primaryimage\"},\"thumbnailUrl\":\"https:\\\/\\\/wobronietradycjiiwiary.com\\\/wp-content\\\/uploads\\\/2021\\\/07\\\/Elisabeth-von-Portugal.jpg\",\"datePublished\":\"2026-07-08T06:15:31+00:00\",\"dateModified\":\"2026-07-08T17:38:58+00:00\",\"breadcrumb\":{\"@id\":\"https:\\\/\\\/wobronietradycjiiwiary.com\\\/8-go-lipca-zywot-swietej-elzbiety-krolowej-portugalskiej-2-3-2\\\/#breadcrumb\"},\"inLanguage\":\"pl-PL\",\"potentialAction\":[{\"@type\":\"ReadAction\",\"target\":[\"https:\\\/\\\/wobronietradycjiiwiary.com\\\/8-go-lipca-zywot-swietej-elzbiety-krolowej-portugalskiej-2-3-2\\\/\"]}]},{\"@type\":\"ImageObject\",\"inLanguage\":\"pl-PL\",\"@id\":\"https:\\\/\\\/wobronietradycjiiwiary.com\\\/8-go-lipca-zywot-swietej-elzbiety-krolowej-portugalskiej-2-3-2\\\/#primaryimage\",\"url\":\"https:\\\/\\\/wobronietradycjiiwiary.com\\\/wp-content\\\/uploads\\\/2021\\\/07\\\/Elisabeth-von-Portugal.jpg\",\"contentUrl\":\"https:\\\/\\\/wobronietradycjiiwiary.com\\\/wp-content\\\/uploads\\\/2021\\\/07\\\/Elisabeth-von-Portugal.jpg\",\"width\":800,\"height\":1482},{\"@type\":\"BreadcrumbList\",\"@id\":\"https:\\\/\\\/wobronietradycjiiwiary.com\\\/8-go-lipca-zywot-swietej-elzbiety-krolowej-portugalskiej-2-3-2\\\/#breadcrumb\",\"itemListElement\":[{\"@type\":\"ListItem\",\"position\":1,\"name\":\"Strona g\u0142\u00f3wna\",\"item\":\"https:\\\/\\\/wobronietradycjiiwiary.com\\\/\"},{\"@type\":\"ListItem\",\"position\":2,\"name\":\"8-go Lipca. \u017bywot \u015bwi\u0119tej El\u017cbiety, Kr\u00f3lowej Portugalskiej.\"}]},{\"@type\":\"WebSite\",\"@id\":\"https:\\\/\\\/wobronietradycjiiwiary.com\\\/pl\\\/#website\",\"url\":\"https:\\\/\\\/wobronietradycjiiwiary.com\\\/pl\\\/\",\"name\":\"Tradycja i Wiara\",\"description\":\"Portal dla katolik\u00f3w.\",\"publisher\":{\"@id\":\"https:\\\/\\\/wobronietradycjiiwiary.com\\\/pl\\\/#organization\"},\"potentialAction\":[{\"@type\":\"SearchAction\",\"target\":{\"@type\":\"EntryPoint\",\"urlTemplate\":\"https:\\\/\\\/wobronietradycjiiwiary.com\\\/pl\\\/?s={search_term_string}\"},\"query-input\":{\"@type\":\"PropertyValueSpecification\",\"valueRequired\":true,\"valueName\":\"search_term_string\"}}],\"inLanguage\":\"pl-PL\"},{\"@type\":\"Organization\",\"@id\":\"https:\\\/\\\/wobronietradycjiiwiary.com\\\/pl\\\/#organization\",\"name\":\"Tradycja i Wiara\",\"url\":\"https:\\\/\\\/wobronietradycjiiwiary.com\\\/pl\\\/\",\"logo\":{\"@type\":\"ImageObject\",\"inLanguage\":\"pl-PL\",\"@id\":\"https:\\\/\\\/wobronietradycjiiwiary.com\\\/pl\\\/#\\\/schema\\\/logo\\\/image\\\/\",\"url\":\"https:\\\/\\\/i0.wp.com\\\/wobronietradycjiiwiary.com\\\/wp-content\\\/uploads\\\/2015\\\/10\\\/cropped-st-peters-dome-vatican.jpg?fit=940%2C198&ssl=1\",\"contentUrl\":\"https:\\\/\\\/i0.wp.com\\\/wobronietradycjiiwiary.com\\\/wp-content\\\/uploads\\\/2015\\\/10\\\/cropped-st-peters-dome-vatican.jpg?fit=940%2C198&ssl=1\",\"width\":940,\"height\":198,\"caption\":\"Tradycja i Wiara\"},\"image\":{\"@id\":\"https:\\\/\\\/wobronietradycjiiwiary.com\\\/pl\\\/#\\\/schema\\\/logo\\\/image\\\/\"},\"sameAs\":[\"https:\\\/\\\/www.facebook.com\\\/Tradycja-i-Wiara-108813920592249\"]},{\"@type\":\"Person\",\"@id\":\"https:\\\/\\\/wobronietradycjiiwiary.com\\\/pl\\\/#\\\/schema\\\/person\\\/2d6180ce6abcb681fef0daab7816e8f3\",\"name\":\"Traditio et Fides\",\"sameAs\":[\"https:\\\/\\\/traditionundglauben.com\"],\"url\":\"https:\\\/\\\/wobronietradycjiiwiary.com\\\/pl\\\/author\\\/wobronietradycjiiwiary\\\/\"}]}<\/script>\n<!-- \/ Yoast SEO plugin. -->","yoast_head_json":{"title":"8-go Lipca. \u017bywot \u015bwi\u0119tej El\u017cbiety, Kr\u00f3lowej Portugalskiej. - Tradycja i Wiara","robots":{"index":"index","follow":"follow","max-snippet":"max-snippet:-1","max-image-preview":"max-image-preview:large","max-video-preview":"max-video-preview:-1"},"canonical":"https:\/\/wobronietradycjiiwiary.com\/pl\/8-go-lipca-zywot-swietej-elzbiety-krolowej-portugalskiej-2-3-2\/","og_locale":"pl_PL","og_type":"article","og_title":"8-go Lipca. \u017bywot \u015bwi\u0119tej El\u017cbiety, Kr\u00f3lowej Portugalskiej. - Tradycja i Wiara","og_description":"M\u0105\u017c \u015bw. El\u017cbiety Portugalskiej mia\u0142 za \u017con\u0119 \u015bwi\u0119t\u0105, a mimo to j\u0105 zdradza\u0142 i mia\u0142 nie\u015blubne dzieci, o kt\u00f3re ona si\u0119 troszczy\u0142a. Zosta\u0142a skazana na wygnanie, a mimo to zapobieg\u0142a wojnie domowej. A nam \u017ale i \u017ale.","og_url":"https:\/\/wobronietradycjiiwiary.com\/pl\/8-go-lipca-zywot-swietej-elzbiety-krolowej-portugalskiej-2-3-2\/","og_site_name":"Tradycja i Wiara","article_publisher":"https:\/\/www.facebook.com\/Tradycja-i-Wiara-108813920592249","article_published_time":"2026-07-08T06:15:31+00:00","article_modified_time":"2026-07-08T17:38:58+00:00","og_image":[{"width":800,"height":1482,"url":"https:\/\/wobronietradycjiiwiary.com\/wp-content\/uploads\/2021\/07\/Elisabeth-von-Portugal.jpg","type":"image\/jpeg"}],"author":"Traditio et Fides","twitter_card":"summary_large_image","twitter_misc":{"Napisane przez":"Traditio et Fides","Szacowany czas czytania":"9 minut"},"schema":{"@context":"https:\/\/schema.org","@graph":[{"@type":"Article","@id":"https:\/\/wobronietradycjiiwiary.com\/8-go-lipca-zywot-swietej-elzbiety-krolowej-portugalskiej-2-3-2\/#article","isPartOf":{"@id":"https:\/\/wobronietradycjiiwiary.com\/8-go-lipca-zywot-swietej-elzbiety-krolowej-portugalskiej-2-3-2\/"},"author":{"name":"Traditio et Fides","@id":"https:\/\/wobronietradycjiiwiary.com\/pl\/#\/schema\/person\/2d6180ce6abcb681fef0daab7816e8f3"},"headline":"8-go Lipca. \u017bywot \u015bwi\u0119tej El\u017cbiety, Kr\u00f3lowej Portugalskiej.","datePublished":"2026-07-08T06:15:31+00:00","dateModified":"2026-07-08T17:38:58+00:00","mainEntityOfPage":{"@id":"https:\/\/wobronietradycjiiwiary.com\/8-go-lipca-zywot-swietej-elzbiety-krolowej-portugalskiej-2-3-2\/"},"wordCount":1817,"commentCount":0,"publisher":{"@id":"https:\/\/wobronietradycjiiwiary.com\/pl\/#organization"},"image":{"@id":"https:\/\/wobronietradycjiiwiary.com\/8-go-lipca-zywot-swietej-elzbiety-krolowej-portugalskiej-2-3-2\/#primaryimage"},"thumbnailUrl":"https:\/\/wobronietradycjiiwiary.com\/wp-content\/uploads\/2021\/07\/Elisabeth-von-Portugal.jpg","keywords":["\u017ce\u0144skie \u015bwi\u0119te"],"articleSection":["07. \u015awi\u0119ta w lipcu","Duchowo\u015b\u0107","Liturgia i liturgika","Rok liturgiczny","Rozwa\u017cania liturgiczne","\u017be\u0144skie \u015bwi\u0119te","\u017bywoty \u015awi\u0119tych"],"inLanguage":"pl-PL","potentialAction":[{"@type":"CommentAction","name":"Comment","target":["https:\/\/wobronietradycjiiwiary.com\/8-go-lipca-zywot-swietej-elzbiety-krolowej-portugalskiej-2-3-2\/#respond"]}]},{"@type":"WebPage","@id":"https:\/\/wobronietradycjiiwiary.com\/8-go-lipca-zywot-swietej-elzbiety-krolowej-portugalskiej-2-3-2\/","url":"https:\/\/wobronietradycjiiwiary.com\/8-go-lipca-zywot-swietej-elzbiety-krolowej-portugalskiej-2-3-2\/","name":"8-go Lipca. \u017bywot \u015bwi\u0119tej El\u017cbiety, Kr\u00f3lowej Portugalskiej. - Tradycja i Wiara","isPartOf":{"@id":"https:\/\/wobronietradycjiiwiary.com\/pl\/#website"},"primaryImageOfPage":{"@id":"https:\/\/wobronietradycjiiwiary.com\/8-go-lipca-zywot-swietej-elzbiety-krolowej-portugalskiej-2-3-2\/#primaryimage"},"image":{"@id":"https:\/\/wobronietradycjiiwiary.com\/8-go-lipca-zywot-swietej-elzbiety-krolowej-portugalskiej-2-3-2\/#primaryimage"},"thumbnailUrl":"https:\/\/wobronietradycjiiwiary.com\/wp-content\/uploads\/2021\/07\/Elisabeth-von-Portugal.jpg","datePublished":"2026-07-08T06:15:31+00:00","dateModified":"2026-07-08T17:38:58+00:00","breadcrumb":{"@id":"https:\/\/wobronietradycjiiwiary.com\/8-go-lipca-zywot-swietej-elzbiety-krolowej-portugalskiej-2-3-2\/#breadcrumb"},"inLanguage":"pl-PL","potentialAction":[{"@type":"ReadAction","target":["https:\/\/wobronietradycjiiwiary.com\/8-go-lipca-zywot-swietej-elzbiety-krolowej-portugalskiej-2-3-2\/"]}]},{"@type":"ImageObject","inLanguage":"pl-PL","@id":"https:\/\/wobronietradycjiiwiary.com\/8-go-lipca-zywot-swietej-elzbiety-krolowej-portugalskiej-2-3-2\/#primaryimage","url":"https:\/\/wobronietradycjiiwiary.com\/wp-content\/uploads\/2021\/07\/Elisabeth-von-Portugal.jpg","contentUrl":"https:\/\/wobronietradycjiiwiary.com\/wp-content\/uploads\/2021\/07\/Elisabeth-von-Portugal.jpg","width":800,"height":1482},{"@type":"BreadcrumbList","@id":"https:\/\/wobronietradycjiiwiary.com\/8-go-lipca-zywot-swietej-elzbiety-krolowej-portugalskiej-2-3-2\/#breadcrumb","itemListElement":[{"@type":"ListItem","position":1,"name":"Strona g\u0142\u00f3wna","item":"https:\/\/wobronietradycjiiwiary.com\/"},{"@type":"ListItem","position":2,"name":"8-go Lipca. \u017bywot \u015bwi\u0119tej El\u017cbiety, Kr\u00f3lowej Portugalskiej."}]},{"@type":"WebSite","@id":"https:\/\/wobronietradycjiiwiary.com\/pl\/#website","url":"https:\/\/wobronietradycjiiwiary.com\/pl\/","name":"Tradycja i Wiara","description":"Portal dla katolik\u00f3w.","publisher":{"@id":"https:\/\/wobronietradycjiiwiary.com\/pl\/#organization"},"potentialAction":[{"@type":"SearchAction","target":{"@type":"EntryPoint","urlTemplate":"https:\/\/wobronietradycjiiwiary.com\/pl\/?s={search_term_string}"},"query-input":{"@type":"PropertyValueSpecification","valueRequired":true,"valueName":"search_term_string"}}],"inLanguage":"pl-PL"},{"@type":"Organization","@id":"https:\/\/wobronietradycjiiwiary.com\/pl\/#organization","name":"Tradycja i Wiara","url":"https:\/\/wobronietradycjiiwiary.com\/pl\/","logo":{"@type":"ImageObject","inLanguage":"pl-PL","@id":"https:\/\/wobronietradycjiiwiary.com\/pl\/#\/schema\/logo\/image\/","url":"https:\/\/i0.wp.com\/wobronietradycjiiwiary.com\/wp-content\/uploads\/2015\/10\/cropped-st-peters-dome-vatican.jpg?fit=940%2C198&ssl=1","contentUrl":"https:\/\/i0.wp.com\/wobronietradycjiiwiary.com\/wp-content\/uploads\/2015\/10\/cropped-st-peters-dome-vatican.jpg?fit=940%2C198&ssl=1","width":940,"height":198,"caption":"Tradycja i Wiara"},"image":{"@id":"https:\/\/wobronietradycjiiwiary.com\/pl\/#\/schema\/logo\/image\/"},"sameAs":["https:\/\/www.facebook.com\/Tradycja-i-Wiara-108813920592249"]},{"@type":"Person","@id":"https:\/\/wobronietradycjiiwiary.com\/pl\/#\/schema\/person\/2d6180ce6abcb681fef0daab7816e8f3","name":"Traditio et Fides","sameAs":["https:\/\/traditionundglauben.com"],"url":"https:\/\/wobronietradycjiiwiary.com\/pl\/author\/wobronietradycjiiwiary\/"}]}},"jetpack_publicize_connections":[],"jetpack_sharing_enabled":true,"jetpack_likes_enabled":true,"jetpack_shortlink":"https:\/\/wp.me\/pc04Sd-HHW","jetpack-related-posts":[{"id":147267,"url":"https:\/\/wobronietradycjiiwiary.com\/pl\/8-go-lipca-zywot-swietej-elzbiety-krolowej-portugalskiej-2-3\/","url_meta":{"origin":168016,"position":0},"title":"8-go Lipca. \u017bywot \u015bwi\u0119tej El\u017cbiety, Kr\u00f3lowej Portugalskiej.","author":"Traditio et Fides","date":"8 lipca 2025","format":false,"excerpt":"M\u0105\u017c \u015bw. El\u017cbiety Portugalskiej mia\u0142 za \u017con\u0119 \u015bwi\u0119t\u0105, a mimo to j\u0105 zdradza\u0142 i mia\u0142 nie\u015blubne dzieci, o kt\u00f3re ona si\u0119 troszczy\u0142a. Zosta\u0142a skazana na wygnanie, a mimo to zapobieg\u0142a wojnie domowej. A nam \u017ale i \u017ale.","rel":"","context":"W \u201e07. \u015awi\u0119ta w lipcu&quot;","block_context":{"text":"07. \u015awi\u0119ta w lipcu","link":"https:\/\/wobronietradycjiiwiary.com\/pl\/category\/duchowosc\/liturgia-i-liturgika\/rozwazania\/rok-liturgiczny\/swieta-w-lipcu\/"},"img":{"alt_text":"","src":"https:\/\/i0.wp.com\/wobronietradycjiiwiary.com\/wp-content\/uploads\/2021\/07\/Elisabeth-von-Portugal.jpg?resize=350%2C200&ssl=1","width":350,"height":200,"srcset":"https:\/\/i0.wp.com\/wobronietradycjiiwiary.com\/wp-content\/uploads\/2021\/07\/Elisabeth-von-Portugal.jpg?resize=350%2C200&ssl=1 1x, https:\/\/i0.wp.com\/wobronietradycjiiwiary.com\/wp-content\/uploads\/2021\/07\/Elisabeth-von-Portugal.jpg?resize=525%2C300&ssl=1 1.5x, https:\/\/i0.wp.com\/wobronietradycjiiwiary.com\/wp-content\/uploads\/2021\/07\/Elisabeth-von-Portugal.jpg?resize=700%2C400&ssl=1 2x"},"classes":[]},{"id":118592,"url":"https:\/\/wobronietradycjiiwiary.com\/pl\/8-go-lipca-zywot-swietej-elzbiety-krolowej-portugalskiej-2-2-2\/","url_meta":{"origin":168016,"position":1},"title":"8-go Lipca. \u017bywot \u015bwi\u0119tej El\u017cbiety, Kr\u00f3lowej Portugalskiej.","author":"Traditio et Fides","date":"8 lipca 2024","format":false,"excerpt":"M\u0105\u017c \u015bw. El\u017cbiety Portugalskiej mia\u0142 za \u017con\u0119 \u015bwi\u0119t\u0105, a mimo to j\u0105 zdradza\u0142 i mia\u0142 nie\u015blubne dzieci, o kt\u00f3re ona si\u0119 troszczy\u0142a. Zosta\u0142a skazana na wygnanie, a mimo to zapobieg\u0142a wojnie domowej. A nam \u017ale i \u017ale.","rel":"","context":"W \u201e07. \u015awi\u0119ta w lipcu&quot;","block_context":{"text":"07. \u015awi\u0119ta w lipcu","link":"https:\/\/wobronietradycjiiwiary.com\/pl\/category\/duchowosc\/liturgia-i-liturgika\/rozwazania\/rok-liturgiczny\/swieta-w-lipcu\/"},"img":{"alt_text":"","src":"https:\/\/i0.wp.com\/wobronietradycjiiwiary.com\/wp-content\/uploads\/2021\/07\/Elisabeth-von-Portugal.jpg?resize=350%2C200&ssl=1","width":350,"height":200,"srcset":"https:\/\/i0.wp.com\/wobronietradycjiiwiary.com\/wp-content\/uploads\/2021\/07\/Elisabeth-von-Portugal.jpg?resize=350%2C200&ssl=1 1x, https:\/\/i0.wp.com\/wobronietradycjiiwiary.com\/wp-content\/uploads\/2021\/07\/Elisabeth-von-Portugal.jpg?resize=525%2C300&ssl=1 1.5x, https:\/\/i0.wp.com\/wobronietradycjiiwiary.com\/wp-content\/uploads\/2021\/07\/Elisabeth-von-Portugal.jpg?resize=700%2C400&ssl=1 2x"},"classes":[]},{"id":95431,"url":"https:\/\/wobronietradycjiiwiary.com\/pl\/8-go-lipca-zywot-swietej-elzbiety-krolowej-portugalskiej-2-2\/","url_meta":{"origin":168016,"position":2},"title":"8-go Lipca. \u017bywot \u015bwi\u0119tej El\u017cbiety, Kr\u00f3lowej Portugalskiej.","author":"Traditio et Fides","date":"8 lipca 2023","format":false,"excerpt":"M\u0105\u017c \u015bw. El\u017cbiety Portugalskiej mia\u0142 za \u017con\u0119 \u015bwi\u0119t\u0105, a mimo to j\u0105 zdradza\u0142 i mia\u0142 nie\u015blubne dzieci, o kt\u00f3re ona si\u0119 troszczy\u0142a. Zosta\u0142a skazana na wygnanie, a mimo to zapobieg\u0142a wojnie domowej. A nam \u017ale i \u017ale.","rel":"","context":"W \u201e07. \u015awi\u0119ta w lipcu&quot;","block_context":{"text":"07. \u015awi\u0119ta w lipcu","link":"https:\/\/wobronietradycjiiwiary.com\/pl\/category\/duchowosc\/liturgia-i-liturgika\/rozwazania\/rok-liturgiczny\/swieta-w-lipcu\/"},"img":{"alt_text":"","src":"https:\/\/i0.wp.com\/wobronietradycjiiwiary.com\/wp-content\/uploads\/2021\/07\/Elisabeth-von-Portugal.jpg?resize=350%2C200&ssl=1","width":350,"height":200,"srcset":"https:\/\/i0.wp.com\/wobronietradycjiiwiary.com\/wp-content\/uploads\/2021\/07\/Elisabeth-von-Portugal.jpg?resize=350%2C200&ssl=1 1x, https:\/\/i0.wp.com\/wobronietradycjiiwiary.com\/wp-content\/uploads\/2021\/07\/Elisabeth-von-Portugal.jpg?resize=525%2C300&ssl=1 1.5x, https:\/\/i0.wp.com\/wobronietradycjiiwiary.com\/wp-content\/uploads\/2021\/07\/Elisabeth-von-Portugal.jpg?resize=700%2C400&ssl=1 2x"},"classes":[]},{"id":50035,"url":"https:\/\/wobronietradycjiiwiary.com\/pl\/8-go-lipca-zywot-swietej-elzbiety-krolowej-portugalskiej\/","url_meta":{"origin":168016,"position":3},"title":"8-go Lipca. \u017bywot \u015bwi\u0119tej El\u017cbiety, Kr\u00f3lowej Portugalskiej.","author":"Traditio et Fides","date":"8 lipca 2021","format":false,"excerpt":"M\u0105\u017c \u015bw. El\u017cbiety Portugalskiej mia\u0142 za \u017con\u0119 \u015bwi\u0119t\u0105, a mimo to j\u0105 zdradza\u0142 i mia\u0142 nie\u015blubne dzieci, o kt\u00f3re ona si\u0119 troszczy\u0142a. Zosta\u0142a skazana na wygnanie, a mimo to zapobieg\u0142a wojnie domowej. A nam \u017ale i \u017ale.","rel":"","context":"W \u201e07. \u015awi\u0119ta w lipcu&quot;","block_context":{"text":"07. \u015awi\u0119ta w lipcu","link":"https:\/\/wobronietradycjiiwiary.com\/pl\/category\/duchowosc\/liturgia-i-liturgika\/rozwazania\/rok-liturgiczny\/swieta-w-lipcu\/"},"img":{"alt_text":"","src":"https:\/\/i0.wp.com\/wobronietradycjiiwiary.com\/wp-content\/uploads\/2021\/07\/Elisabeth-von-Portugal.jpg?resize=350%2C200&ssl=1","width":350,"height":200,"srcset":"https:\/\/i0.wp.com\/wobronietradycjiiwiary.com\/wp-content\/uploads\/2021\/07\/Elisabeth-von-Portugal.jpg?resize=350%2C200&ssl=1 1x, https:\/\/i0.wp.com\/wobronietradycjiiwiary.com\/wp-content\/uploads\/2021\/07\/Elisabeth-von-Portugal.jpg?resize=525%2C300&ssl=1 1.5x, https:\/\/i0.wp.com\/wobronietradycjiiwiary.com\/wp-content\/uploads\/2021\/07\/Elisabeth-von-Portugal.jpg?resize=700%2C400&ssl=1 2x"},"classes":[]},{"id":72869,"url":"https:\/\/wobronietradycjiiwiary.com\/pl\/8-go-lipca-zywot-swietej-elzbiety-krolowej-portugalskiej-2\/","url_meta":{"origin":168016,"position":4},"title":"8-go Lipca. \u017bywot \u015bwi\u0119tej El\u017cbiety, Kr\u00f3lowej Portugalskiej.","author":"Traditio et Fides","date":"8 lipca 2022","format":false,"excerpt":"M\u0105\u017c \u015bw. El\u017cbiety Portugalskiej mia\u0142 za \u017con\u0119 \u015bwi\u0119t\u0105, a mimo to j\u0105 zdradza\u0142 i mia\u0142 nie\u015blubne dzieci, o kt\u00f3re ona si\u0119 troszczy\u0142a. Zosta\u0142a skazana na wygnanie, a mimo to zapobieg\u0142a wojnie domowej. A nam \u017ale i \u017ale.","rel":"","context":"W \u201e07. \u015awi\u0119ta w lipcu&quot;","block_context":{"text":"07. \u015awi\u0119ta w lipcu","link":"https:\/\/wobronietradycjiiwiary.com\/pl\/category\/duchowosc\/liturgia-i-liturgika\/rozwazania\/rok-liturgiczny\/swieta-w-lipcu\/"},"img":{"alt_text":"","src":"https:\/\/i0.wp.com\/wobronietradycjiiwiary.com\/wp-content\/uploads\/2021\/07\/Elisabeth-von-Portugal.jpg?resize=350%2C200&ssl=1","width":350,"height":200,"srcset":"https:\/\/i0.wp.com\/wobronietradycjiiwiary.com\/wp-content\/uploads\/2021\/07\/Elisabeth-von-Portugal.jpg?resize=350%2C200&ssl=1 1x, https:\/\/i0.wp.com\/wobronietradycjiiwiary.com\/wp-content\/uploads\/2021\/07\/Elisabeth-von-Portugal.jpg?resize=525%2C300&ssl=1 1.5x, https:\/\/i0.wp.com\/wobronietradycjiiwiary.com\/wp-content\/uploads\/2021\/07\/Elisabeth-von-Portugal.jpg?resize=700%2C400&ssl=1 2x"},"classes":[]},{"id":155603,"url":"https:\/\/wobronietradycjiiwiary.com\/pl\/19-go-listopada-zywot-swietej-elzbiety-wdowy-4-2-2\/","url_meta":{"origin":168016,"position":5},"title":"19-go Listopada. \u017bywot \u015bwi\u0119tej El\u017cbiety, Wdowy.","author":"Traditio et Fides","date":"19 listopada 2025","format":false,"excerpt":"\u015bw. El\u017cbieta zwana z Polsce W\u0119giersk\u0105, a w Niemczej z Turyngii mia\u0142a \u017cywot nie do pozazdroszczenia, z ksi\u0119\u017cnej sta\u0142a si\u0119 bezdomn\u0105, a jej w\u0142asny spowiednik j\u0105 bi\u0142. Prze\u017cy\u0142a i trafi\u0142a prosto do nieba. Jak trudno tam od razu trafi\u0107.","rel":"","context":"W \u201e11. \u015awi\u0119ta w listopadzie&quot;","block_context":{"text":"11. \u015awi\u0119ta w listopadzie","link":"https:\/\/wobronietradycjiiwiary.com\/pl\/category\/duchowosc\/liturgia-i-liturgika\/rozwazania\/rok-liturgiczny\/swieta-w-listopadzie\/"},"img":{"alt_text":"","src":"https:\/\/i0.wp.com\/wobronietradycjiiwiary.com\/wp-content\/uploads\/2020\/11\/Elisabeth_von_Thueringen8.jpg?resize=350%2C200&ssl=1","width":350,"height":200,"srcset":"https:\/\/i0.wp.com\/wobronietradycjiiwiary.com\/wp-content\/uploads\/2020\/11\/Elisabeth_von_Thueringen8.jpg?resize=350%2C200&ssl=1 1x, https:\/\/i0.wp.com\/wobronietradycjiiwiary.com\/wp-content\/uploads\/2020\/11\/Elisabeth_von_Thueringen8.jpg?resize=525%2C300&ssl=1 1.5x, https:\/\/i0.wp.com\/wobronietradycjiiwiary.com\/wp-content\/uploads\/2020\/11\/Elisabeth_von_Thueringen8.jpg?resize=700%2C400&ssl=1 2x"},"classes":[]}],"amp_enabled":true,"jetpack_featured_media_url":"https:\/\/wobronietradycjiiwiary.com\/wp-content\/uploads\/2021\/07\/Elisabeth-von-Portugal.jpg","_links":{"self":[{"href":"https:\/\/wobronietradycjiiwiary.com\/pl\/wp-json\/wp\/v2\/posts\/168016","targetHints":{"allow":["GET"]}}],"collection":[{"href":"https:\/\/wobronietradycjiiwiary.com\/pl\/wp-json\/wp\/v2\/posts"}],"about":[{"href":"https:\/\/wobronietradycjiiwiary.com\/pl\/wp-json\/wp\/v2\/types\/post"}],"author":[{"embeddable":true,"href":"https:\/\/wobronietradycjiiwiary.com\/pl\/wp-json\/wp\/v2\/users\/60508433"}],"replies":[{"embeddable":true,"href":"https:\/\/wobronietradycjiiwiary.com\/pl\/wp-json\/wp\/v2\/comments?post=168016"}],"version-history":[{"count":1,"href":"https:\/\/wobronietradycjiiwiary.com\/pl\/wp-json\/wp\/v2\/posts\/168016\/revisions"}],"predecessor-version":[{"id":168017,"href":"https:\/\/wobronietradycjiiwiary.com\/pl\/wp-json\/wp\/v2\/posts\/168016\/revisions\/168017"}],"wp:featuredmedia":[{"embeddable":true,"href":"https:\/\/wobronietradycjiiwiary.com\/pl\/wp-json\/wp\/v2\/media\/50041"}],"wp:attachment":[{"href":"https:\/\/wobronietradycjiiwiary.com\/pl\/wp-json\/wp\/v2\/media?parent=168016"}],"wp:term":[{"taxonomy":"category","embeddable":true,"href":"https:\/\/wobronietradycjiiwiary.com\/pl\/wp-json\/wp\/v2\/categories?post=168016"},{"taxonomy":"post_tag","embeddable":true,"href":"https:\/\/wobronietradycjiiwiary.com\/pl\/wp-json\/wp\/v2\/tags?post=168016"}],"curies":[{"name":"wp","href":"https:\/\/api.w.org\/{rel}","templated":true}]}}