{"id":167370,"date":"2026-07-11T19:00:52","date_gmt":"2026-07-11T17:00:52","guid":{"rendered":"https:\/\/wobronietradycjiiwiary.com\/?p=167370"},"modified":"2026-07-13T17:11:55","modified_gmt":"2026-07-13T15:11:55","slug":"proprium-missae-vii-niedziela-po-zeslaniu-ducha-swietego-dominica-vii-post-pentecosten-4-2-2-2-3","status":"publish","type":"post","link":"https:\/\/wobronietradycjiiwiary.com\/pl\/proprium-missae-vii-niedziela-po-zeslaniu-ducha-swietego-dominica-vii-post-pentecosten-4-2-2-2-3\/","title":{"rendered":"Proprium missae &#8211; VII Niedziela po Zes\u0142aniu Ducha \u015awi\u0119tego &#8211; Dominica VII post Pentecosten"},"content":{"rendered":"<div id=\"bsf_rt_marker\"><\/div><p><span class=\"embed-youtube\" style=\"text-align:center; display: block;\"><iframe class=\"youtube-player\" width=\"580\" height=\"327\" src=\"https:\/\/www.youtube.com\/embed\/Ykd3SDoyar0?version=3&#038;rel=1&#038;showsearch=0&#038;showinfo=1&#038;iv_load_policy=1&#038;fs=1&#038;hl=pl-PL&#038;autohide=2&#038;wmode=transparent\" allowfullscreen=\"true\" style=\"border:0;\" sandbox=\"allow-scripts allow-same-origin allow-popups allow-presentation allow-popups-to-escape-sandbox\"><\/iframe><\/span><\/p>\n<table>\n<tbody>\n<tr>\n<td colspan=\"2\" width=\"614\"><strong><em>INTROITUS<\/em><\/strong><\/td>\n<\/tr>\n<tr>\n<td width=\"307\"><em>Ps 46:2<\/em><br \/>\n<strong><em>O<\/em><\/strong>mnes gentes, pl\u00e1udite m\u00e1nibus: iubil\u00e1te Deo in voce exsultati\u00f3nis.<br \/>\n<em>Ps 46:3<\/em><br \/>\nQu\u00f3niam D\u00f3minus exc\u00e9lsus, terr\u00edbilis: Rex magnus super omnem terram.<br \/>\n<em>V.<\/em> Gl\u00f3ria Patri, et F\u00edlio, et Spir\u00edtui Sancto.<br \/>\n<em>R.<\/em> Sicut erat in princ\u00edpio, et nunc, et semper, et in saecula saecul\u00f3rum. Amen<em>Ps 46:2<\/em><br \/>\n<strong><em>O<\/em><\/strong>mnes gentes, pl\u00e1udite m\u00e1nibus: iubil\u00e1te Deo in voce exsultati\u00f3nis.<\/td>\n<td width=\"307\"><em>Ps 46:2<\/em><br \/>\n<strong><em>W<\/em><\/strong>szystkie narody, klaskajcie w d\u0142onie, wykrzykujcie Bogu g\u0142osem radosnym.<br \/>\n<em>Ps 46:3<\/em><br \/>\nBo Pan Najwy\u017cszy jest straszliwy, On jest Kr\u00f3lem pot\u0119\u017cnym wszystkiej ziemi.<br \/>\n<em>V.<\/em> Chwa\u0142a Ojcu, i Synowi i Duchowi \u015awi\u0119temu.<br \/>\n<em>R.<\/em> Jak by\u0142a na pocz\u0105tku, teraz i zawsze i na wieki wiek\u00f3w. Amen<em>Ps 46:2<\/em><br \/>\n<strong><em>W<\/em><\/strong>szystkie narody, klaskajcie w d\u0142onie, wykrzykujcie Bogu g\u0142osem radosnym.<\/td>\n<\/tr>\n<\/tbody>\n<\/table>\n<p><span class=\"embed-youtube\" style=\"text-align:center; display: block;\"><iframe class=\"youtube-player\" width=\"580\" height=\"327\" src=\"https:\/\/www.youtube.com\/embed\/ijqJdteQI4A?version=3&#038;rel=1&#038;showsearch=0&#038;showinfo=1&#038;iv_load_policy=1&#038;fs=1&#038;hl=pl-PL&#038;autohide=2&#038;wmode=transparent\" allowfullscreen=\"true\" style=\"border:0;\" sandbox=\"allow-scripts allow-same-origin allow-popups allow-presentation allow-popups-to-escape-sandbox\"><\/iframe><\/span><\/p>\n<table>\n<tbody>\n<tr>\n<td colspan=\"2\" width=\"614\"><strong><em>GRADUALE<\/em><\/strong><\/td>\n<\/tr>\n<tr>\n<td width=\"307\"><em>Ps 33:12; 33:6<\/em><br \/>\nVen\u00edte, f\u00edlii, aud\u00edte me: tim\u00f3rem D\u00f3mini doc\u00e9bo vos.<br \/>\n<em>V.<\/em> Acc\u00e9dite ad eum, et illumin\u00e1mini: et f\u00e1cies vestr\u00e6 non confund\u00e9ntur.<\/td>\n<td width=\"307\"><em>Ps 33:12; 33:6<\/em><br \/>\nP\u00f3jd\u017acie, synowie, s\u0142uchajcie mnie boja\u017ani Pa\u0144skiej was naucz\u0119.<br \/>\n<em>V.<\/em> Zbli\u017ccie si\u0119 do Niego, a opromieni was rado\u015b\u0107 i twarzy waszej nie okryje ha\u0144ba.<\/td>\n<\/tr>\n<\/tbody>\n<\/table>\n<p><span class=\"embed-youtube\" style=\"text-align:center; display: block;\"><iframe class=\"youtube-player\" width=\"580\" height=\"327\" src=\"https:\/\/www.youtube.com\/embed\/QZtxyfxOZnM?version=3&#038;rel=1&#038;showsearch=0&#038;showinfo=1&#038;iv_load_policy=1&#038;fs=1&#038;hl=pl-PL&#038;autohide=2&#038;wmode=transparent\" allowfullscreen=\"true\" style=\"border:0;\" sandbox=\"allow-scripts allow-same-origin allow-popups allow-presentation allow-popups-to-escape-sandbox\"><\/iframe><\/span><\/p>\n<table>\n<tbody>\n<tr>\n<td colspan=\"2\" width=\"614\"><strong><em>ALLELUIA<\/em><\/strong><\/td>\n<\/tr>\n<tr>\n<td width=\"307\">Allel\u00faia, allel\u00faia<br \/>\n<em>Ps 46:2<\/em><br \/>\nOmnes gentes, pl\u00e1udite m\u00e1nibus: iubil\u00e1te Deo in voce exsultati\u00f3nis. Allel\u00faia.<\/td>\n<td width=\"307\">Alleluja, alleluja.<br \/>\n<em>Ps 46:2<\/em><br \/>\nWszystkie narody, klaskajcie w d\u0142onie, wykrzykujcie Bogu g\u0142osem radosnym. Alleluja.<\/td>\n<\/tr>\n<\/tbody>\n<\/table>\n<p><span class=\"embed-youtube\" style=\"text-align:center; display: block;\"><iframe class=\"youtube-player\" width=\"580\" height=\"327\" src=\"https:\/\/www.youtube.com\/embed\/uwwhnz_2_mA?version=3&#038;rel=1&#038;showsearch=0&#038;showinfo=1&#038;iv_load_policy=1&#038;fs=1&#038;hl=pl-PL&#038;autohide=2&#038;wmode=transparent\" allowfullscreen=\"true\" style=\"border:0;\" sandbox=\"allow-scripts allow-same-origin allow-popups allow-presentation allow-popups-to-escape-sandbox\"><\/iframe><\/span><\/p>\n<table>\n<tbody>\n<tr>\n<td colspan=\"2\" width=\"614\"><strong><em>OFFERTORIUM<\/em><\/strong><\/td>\n<\/tr>\n<tr>\n<td width=\"307\"><em>Dan 3:40<\/em><br \/>\n<strong><em>S<\/em><\/strong>icut in holoc\u00e1ustis ar\u00edetum et taur\u00f3rum, et sicut in m\u00edlibus agn\u00f3rum p\u00ednguium: sic fiat sacrif\u00edcium nostrum in consp\u00e9ctu tuo h\u00f3die, ut pl\u00e1ceat tibi: quia non est conf\u00fasio confid\u00e9ntibus in te, D\u00f3mine.<\/td>\n<td width=\"307\"><em>Dn 3:40<\/em><br \/>\nW miejsce ca\u0142opalenia baran\u00f3w, wo\u0142\u00f3w oraz tysi\u0119cy t\u0142ustych barank\u00f3w \u2013 tak niech si\u0119 dokona ofiara nasza przed Tob\u0105, aby si\u0119 podoba\u0142a Tobie, o Panie, kt\u00f3ry nie opuszczasz ufaj\u0105cych Tobie.<\/td>\n<\/tr>\n<\/tbody>\n<\/table>\n<p><span class=\"embed-youtube\" style=\"text-align:center; display: block;\"><iframe class=\"youtube-player\" width=\"580\" height=\"327\" src=\"https:\/\/www.youtube.com\/embed\/5Q44fusfnt8?version=3&#038;rel=1&#038;showsearch=0&#038;showinfo=1&#038;iv_load_policy=1&#038;fs=1&#038;hl=pl-PL&#038;autohide=2&#038;wmode=transparent\" allowfullscreen=\"true\" style=\"border:0;\" sandbox=\"allow-scripts allow-same-origin allow-popups allow-presentation allow-popups-to-escape-sandbox\"><\/iframe><\/span><\/p>\n<table>\n<tbody>\n<tr>\n<td colspan=\"2\" width=\"614\"><strong><em>COMMUNIO<\/em><\/strong><\/td>\n<\/tr>\n<tr>\n<td width=\"307\"><em>Ps 30:3<\/em><br \/>\nIncl\u00edna aurem tuam, acc\u00e9lera, ut er\u00edpias me.<\/td>\n<td width=\"307\"><em>Ps 30:3<\/em><br \/>\nSk\u0142o\u0144 ku mnie ucho twoje i wybaw mnie pr\u0119dko.<\/td>\n<\/tr>\n<\/tbody>\n<\/table>\n","protected":false},"excerpt":{"rendered":"<p>INTROITUS Ps 46:2 Omnes gentes, pl\u00e1udite m\u00e1nibus: iubil\u00e1te Deo in voce exsultati\u00f3nis. Ps 46:3 Qu\u00f3niam D\u00f3minus exc\u00e9lsus, terr\u00edbilis: Rex magnus super omnem terram. V. Gl\u00f3ria Patri, et F\u00edlio, et Spir\u00edtui Sancto. R. Sicut erat in princ\u00edpio, et nunc, et semper, et in saecula saecul\u00f3rum. AmenPs 46:2 Omnes gentes, pl\u00e1udite m\u00e1nibus: iubil\u00e1te Deo in voce exsultati\u00f3nis. [&hellip;]<\/p>\n","protected":false},"author":60508433,"featured_media":32455,"comment_status":"open","ping_status":"open","sticky":false,"template":"","format":"standard","meta":{"_bbp_topic_count":0,"_bbp_reply_count":0,"_bbp_total_topic_count":0,"_bbp_total_reply_count":0,"_bbp_voice_count":0,"_bbp_anonymous_reply_count":0,"_bbp_topic_count_hidden":0,"_bbp_reply_count_hidden":0,"_bbp_forum_subforum_count":0,"_editorskit_title_hidden":false,"_editorskit_reading_time":0,"_editorskit_is_block_options_detached":false,"_editorskit_block_options_position":"{}","_coblocks_attr":"","_coblocks_dimensions":"","_coblocks_responsive_height":"","_coblocks_accordion_ie_support":"","_exactmetrics_skip_tracking":false,"_jetpack_newsletter_access":"","_jetpack_dont_email_post_to_subs":false,"_jetpack_newsletter_tier_id":0,"_jetpack_memberships_contains_paywalled_content":false,"_wpcom_ai_launchpad_first_post":false,"_jetpack_feature_clip_id":0,"_jetpack_memberships_contains_paid_content":false,"footnotes":"","jetpack_publicize_message":"{title}\n\n{excerpt}\n\n{url}","jetpack_publicize_feature_enabled":true,"jetpack_social_post_already_shared":true,"jetpack_social_options":{"image_generator_settings":{"template":"highway","default_image_id":0,"font":"","enabled":false},"version":2},"_wpas_customize_per_network":false,"jetpack_post_was_ever_published":false},"categories":[610131184,5647912,20472889],"tags":[],"class_list":["post-167370","post","type-post","status-publish","format-standard","has-post-thumbnail","hentry","category-duchowosc","category-msza-trydencka","category-proprium"],"yoast_head":"<!-- This site is optimized with the Yoast SEO plugin v28.4 - https:\/\/yoast.com\/product\/yoast-seo-wordpress\/ -->\n<title>Proprium missae - VII Niedziela po Zes\u0142aniu Ducha \u015awi\u0119tego - Dominica VII post Pentecosten - Tradycja i Wiara<\/title>\n<meta name=\"robots\" content=\"index, follow, max-snippet:-1, max-image-preview:large, max-video-preview:-1\" \/>\n<link rel=\"canonical\" href=\"https:\/\/wobronietradycjiiwiary.com\/pl\/proprium-missae-vii-niedziela-po-zeslaniu-ducha-swietego-dominica-vii-post-pentecosten-4-2-2-2-3\/\" \/>\n<meta property=\"og:locale\" content=\"pl_PL\" \/>\n<meta property=\"og:type\" content=\"article\" \/>\n<meta property=\"og:title\" content=\"Proprium missae - VII Niedziela po Zes\u0142aniu Ducha \u015awi\u0119tego - Dominica VII post Pentecosten - Tradycja i Wiara\" \/>\n<meta property=\"og:description\" content=\"INTROITUS Ps 46:2 Omnes gentes, pl\u00e1udite m\u00e1nibus: iubil\u00e1te Deo in voce exsultati\u00f3nis. Ps 46:3 Qu\u00f3niam D\u00f3minus exc\u00e9lsus, terr\u00edbilis: Rex magnus super omnem terram. V. Gl\u00f3ria Patri, et F\u00edlio, et Spir\u00edtui Sancto. R. Sicut erat in princ\u00edpio, et nunc, et semper, et in saecula saecul\u00f3rum. AmenPs 46:2 Omnes gentes, pl\u00e1udite m\u00e1nibus: iubil\u00e1te Deo in voce exsultati\u00f3nis. [&hellip;]\" \/>\n<meta property=\"og:url\" content=\"https:\/\/wobronietradycjiiwiary.com\/pl\/proprium-missae-vii-niedziela-po-zeslaniu-ducha-swietego-dominica-vii-post-pentecosten-4-2-2-2-3\/\" \/>\n<meta property=\"og:site_name\" content=\"Tradycja i Wiara\" \/>\n<meta property=\"article:publisher\" content=\"https:\/\/www.facebook.com\/Tradycja-i-Wiara-108813920592249\" \/>\n<meta property=\"article:published_time\" content=\"2026-07-11T17:00:52+00:00\" \/>\n<meta property=\"article:modified_time\" content=\"2026-07-13T15:11:55+00:00\" \/>\n<meta property=\"og:image\" content=\"https:\/\/wobronietradycjiiwiary.com\/wp-content\/uploads\/2020\/07\/7-niedziela-Christ_the_True_Vine_icon_Athens_16th_century.jpg\" \/>\n\t<meta property=\"og:image:width\" content=\"589\" \/>\n\t<meta property=\"og:image:height\" content=\"800\" \/>\n\t<meta property=\"og:image:type\" content=\"image\/jpeg\" \/>\n<meta name=\"author\" content=\"Traditio et Fides\" \/>\n<meta name=\"twitter:card\" content=\"summary_large_image\" \/>\n<meta name=\"twitter:label1\" content=\"Napisane przez\" \/>\n\t<meta name=\"twitter:data1\" content=\"Traditio et Fides\" \/>\n\t<meta name=\"twitter:label2\" content=\"Szacowany czas czytania\" \/>\n\t<meta name=\"twitter:data2\" content=\"2 minuty\" \/>\n<script type=\"application\/ld+json\" class=\"yoast-schema-graph\">{\"@context\":\"https:\\\/\\\/schema.org\",\"@graph\":[{\"@type\":\"Article\",\"@id\":\"https:\\\/\\\/wobronietradycjiiwiary.com\\\/proprium-missae-vii-niedziela-po-zeslaniu-ducha-swietego-dominica-vii-post-pentecosten-4-2-2-2-3\\\/#article\",\"isPartOf\":{\"@id\":\"https:\\\/\\\/wobronietradycjiiwiary.com\\\/proprium-missae-vii-niedziela-po-zeslaniu-ducha-swietego-dominica-vii-post-pentecosten-4-2-2-2-3\\\/\"},\"author\":{\"name\":\"Traditio et Fides\",\"@id\":\"https:\\\/\\\/wobronietradycjiiwiary.com\\\/pl\\\/#\\\/schema\\\/person\\\/2d6180ce6abcb681fef0daab7816e8f3\"},\"headline\":\"Proprium missae &#8211; VII Niedziela po Zes\u0142aniu Ducha \u015awi\u0119tego &#8211; Dominica VII post Pentecosten\",\"datePublished\":\"2026-07-11T17:00:52+00:00\",\"dateModified\":\"2026-07-13T15:11:55+00:00\",\"mainEntityOfPage\":{\"@id\":\"https:\\\/\\\/wobronietradycjiiwiary.com\\\/proprium-missae-vii-niedziela-po-zeslaniu-ducha-swietego-dominica-vii-post-pentecosten-4-2-2-2-3\\\/\"},\"wordCount\":414,\"commentCount\":0,\"publisher\":{\"@id\":\"https:\\\/\\\/wobronietradycjiiwiary.com\\\/pl\\\/#organization\"},\"image\":{\"@id\":\"https:\\\/\\\/wobronietradycjiiwiary.com\\\/proprium-missae-vii-niedziela-po-zeslaniu-ducha-swietego-dominica-vii-post-pentecosten-4-2-2-2-3\\\/#primaryimage\"},\"thumbnailUrl\":\"https:\\\/\\\/wobronietradycjiiwiary.com\\\/wp-content\\\/uploads\\\/2020\\\/07\\\/7-niedziela-Christ_the_True_Vine_icon_Athens_16th_century.jpg\",\"articleSection\":[\"Duchowo\u015b\u0107\",\"Msza Trydencka\",\"Proprium\"],\"inLanguage\":\"pl-PL\",\"potentialAction\":[{\"@type\":\"CommentAction\",\"name\":\"Comment\",\"target\":[\"https:\\\/\\\/wobronietradycjiiwiary.com\\\/proprium-missae-vii-niedziela-po-zeslaniu-ducha-swietego-dominica-vii-post-pentecosten-4-2-2-2-3\\\/#respond\"]}]},{\"@type\":\"WebPage\",\"@id\":\"https:\\\/\\\/wobronietradycjiiwiary.com\\\/proprium-missae-vii-niedziela-po-zeslaniu-ducha-swietego-dominica-vii-post-pentecosten-4-2-2-2-3\\\/\",\"url\":\"https:\\\/\\\/wobronietradycjiiwiary.com\\\/proprium-missae-vii-niedziela-po-zeslaniu-ducha-swietego-dominica-vii-post-pentecosten-4-2-2-2-3\\\/\",\"name\":\"Proprium missae - VII Niedziela po Zes\u0142aniu Ducha \u015awi\u0119tego - Dominica VII post Pentecosten - Tradycja i Wiara\",\"isPartOf\":{\"@id\":\"https:\\\/\\\/wobronietradycjiiwiary.com\\\/pl\\\/#website\"},\"primaryImageOfPage\":{\"@id\":\"https:\\\/\\\/wobronietradycjiiwiary.com\\\/proprium-missae-vii-niedziela-po-zeslaniu-ducha-swietego-dominica-vii-post-pentecosten-4-2-2-2-3\\\/#primaryimage\"},\"image\":{\"@id\":\"https:\\\/\\\/wobronietradycjiiwiary.com\\\/proprium-missae-vii-niedziela-po-zeslaniu-ducha-swietego-dominica-vii-post-pentecosten-4-2-2-2-3\\\/#primaryimage\"},\"thumbnailUrl\":\"https:\\\/\\\/wobronietradycjiiwiary.com\\\/wp-content\\\/uploads\\\/2020\\\/07\\\/7-niedziela-Christ_the_True_Vine_icon_Athens_16th_century.jpg\",\"datePublished\":\"2026-07-11T17:00:52+00:00\",\"dateModified\":\"2026-07-13T15:11:55+00:00\",\"breadcrumb\":{\"@id\":\"https:\\\/\\\/wobronietradycjiiwiary.com\\\/proprium-missae-vii-niedziela-po-zeslaniu-ducha-swietego-dominica-vii-post-pentecosten-4-2-2-2-3\\\/#breadcrumb\"},\"inLanguage\":\"pl-PL\",\"potentialAction\":[{\"@type\":\"ReadAction\",\"target\":[\"https:\\\/\\\/wobronietradycjiiwiary.com\\\/proprium-missae-vii-niedziela-po-zeslaniu-ducha-swietego-dominica-vii-post-pentecosten-4-2-2-2-3\\\/\"]}]},{\"@type\":\"ImageObject\",\"inLanguage\":\"pl-PL\",\"@id\":\"https:\\\/\\\/wobronietradycjiiwiary.com\\\/proprium-missae-vii-niedziela-po-zeslaniu-ducha-swietego-dominica-vii-post-pentecosten-4-2-2-2-3\\\/#primaryimage\",\"url\":\"https:\\\/\\\/wobronietradycjiiwiary.com\\\/wp-content\\\/uploads\\\/2020\\\/07\\\/7-niedziela-Christ_the_True_Vine_icon_Athens_16th_century.jpg\",\"contentUrl\":\"https:\\\/\\\/wobronietradycjiiwiary.com\\\/wp-content\\\/uploads\\\/2020\\\/07\\\/7-niedziela-Christ_the_True_Vine_icon_Athens_16th_century.jpg\",\"width\":589,\"height\":800},{\"@type\":\"BreadcrumbList\",\"@id\":\"https:\\\/\\\/wobronietradycjiiwiary.com\\\/proprium-missae-vii-niedziela-po-zeslaniu-ducha-swietego-dominica-vii-post-pentecosten-4-2-2-2-3\\\/#breadcrumb\",\"itemListElement\":[{\"@type\":\"ListItem\",\"position\":1,\"name\":\"Strona g\u0142\u00f3wna\",\"item\":\"https:\\\/\\\/wobronietradycjiiwiary.com\\\/\"},{\"@type\":\"ListItem\",\"position\":2,\"name\":\"Proprium missae &#8211; VII Niedziela po Zes\u0142aniu Ducha \u015awi\u0119tego &#8211; Dominica VII post Pentecosten\"}]},{\"@type\":\"WebSite\",\"@id\":\"https:\\\/\\\/wobronietradycjiiwiary.com\\\/pl\\\/#website\",\"url\":\"https:\\\/\\\/wobronietradycjiiwiary.com\\\/pl\\\/\",\"name\":\"Tradycja i Wiara\",\"description\":\"Portal dla katolik\u00f3w.\",\"publisher\":{\"@id\":\"https:\\\/\\\/wobronietradycjiiwiary.com\\\/pl\\\/#organization\"},\"potentialAction\":[{\"@type\":\"SearchAction\",\"target\":{\"@type\":\"EntryPoint\",\"urlTemplate\":\"https:\\\/\\\/wobronietradycjiiwiary.com\\\/pl\\\/?s={search_term_string}\"},\"query-input\":{\"@type\":\"PropertyValueSpecification\",\"valueRequired\":true,\"valueName\":\"search_term_string\"}}],\"inLanguage\":\"pl-PL\"},{\"@type\":\"Organization\",\"@id\":\"https:\\\/\\\/wobronietradycjiiwiary.com\\\/pl\\\/#organization\",\"name\":\"Tradycja i Wiara\",\"url\":\"https:\\\/\\\/wobronietradycjiiwiary.com\\\/pl\\\/\",\"logo\":{\"@type\":\"ImageObject\",\"inLanguage\":\"pl-PL\",\"@id\":\"https:\\\/\\\/wobronietradycjiiwiary.com\\\/pl\\\/#\\\/schema\\\/logo\\\/image\\\/\",\"url\":\"https:\\\/\\\/i0.wp.com\\\/wobronietradycjiiwiary.com\\\/wp-content\\\/uploads\\\/2015\\\/10\\\/cropped-st-peters-dome-vatican.jpg?fit=940%2C198&ssl=1\",\"contentUrl\":\"https:\\\/\\\/i0.wp.com\\\/wobronietradycjiiwiary.com\\\/wp-content\\\/uploads\\\/2015\\\/10\\\/cropped-st-peters-dome-vatican.jpg?fit=940%2C198&ssl=1\",\"width\":940,\"height\":198,\"caption\":\"Tradycja i Wiara\"},\"image\":{\"@id\":\"https:\\\/\\\/wobronietradycjiiwiary.com\\\/pl\\\/#\\\/schema\\\/logo\\\/image\\\/\"},\"sameAs\":[\"https:\\\/\\\/www.facebook.com\\\/Tradycja-i-Wiara-108813920592249\"]},{\"@type\":\"Person\",\"@id\":\"https:\\\/\\\/wobronietradycjiiwiary.com\\\/pl\\\/#\\\/schema\\\/person\\\/2d6180ce6abcb681fef0daab7816e8f3\",\"name\":\"Traditio et Fides\",\"sameAs\":[\"https:\\\/\\\/traditionundglauben.com\"],\"url\":\"https:\\\/\\\/wobronietradycjiiwiary.com\\\/pl\\\/author\\\/wobronietradycjiiwiary\\\/\"}]}<\/script>\n<!-- \/ Yoast SEO plugin. -->","yoast_head_json":{"title":"Proprium missae - VII Niedziela po Zes\u0142aniu Ducha \u015awi\u0119tego - Dominica VII post Pentecosten - Tradycja i Wiara","robots":{"index":"index","follow":"follow","max-snippet":"max-snippet:-1","max-image-preview":"max-image-preview:large","max-video-preview":"max-video-preview:-1"},"canonical":"https:\/\/wobronietradycjiiwiary.com\/pl\/proprium-missae-vii-niedziela-po-zeslaniu-ducha-swietego-dominica-vii-post-pentecosten-4-2-2-2-3\/","og_locale":"pl_PL","og_type":"article","og_title":"Proprium missae - VII Niedziela po Zes\u0142aniu Ducha \u015awi\u0119tego - Dominica VII post Pentecosten - Tradycja i Wiara","og_description":"INTROITUS Ps 46:2 Omnes gentes, pl\u00e1udite m\u00e1nibus: iubil\u00e1te Deo in voce exsultati\u00f3nis. Ps 46:3 Qu\u00f3niam D\u00f3minus exc\u00e9lsus, terr\u00edbilis: Rex magnus super omnem terram. V. Gl\u00f3ria Patri, et F\u00edlio, et Spir\u00edtui Sancto. R. Sicut erat in princ\u00edpio, et nunc, et semper, et in saecula saecul\u00f3rum. AmenPs 46:2 Omnes gentes, pl\u00e1udite m\u00e1nibus: iubil\u00e1te Deo in voce exsultati\u00f3nis. [&hellip;]","og_url":"https:\/\/wobronietradycjiiwiary.com\/pl\/proprium-missae-vii-niedziela-po-zeslaniu-ducha-swietego-dominica-vii-post-pentecosten-4-2-2-2-3\/","og_site_name":"Tradycja i Wiara","article_publisher":"https:\/\/www.facebook.com\/Tradycja-i-Wiara-108813920592249","article_published_time":"2026-07-11T17:00:52+00:00","article_modified_time":"2026-07-13T15:11:55+00:00","og_image":[{"width":589,"height":800,"url":"https:\/\/wobronietradycjiiwiary.com\/wp-content\/uploads\/2020\/07\/7-niedziela-Christ_the_True_Vine_icon_Athens_16th_century.jpg","type":"image\/jpeg"}],"author":"Traditio et Fides","twitter_card":"summary_large_image","twitter_misc":{"Napisane przez":"Traditio et Fides","Szacowany czas czytania":"2 minuty"},"schema":{"@context":"https:\/\/schema.org","@graph":[{"@type":"Article","@id":"https:\/\/wobronietradycjiiwiary.com\/proprium-missae-vii-niedziela-po-zeslaniu-ducha-swietego-dominica-vii-post-pentecosten-4-2-2-2-3\/#article","isPartOf":{"@id":"https:\/\/wobronietradycjiiwiary.com\/proprium-missae-vii-niedziela-po-zeslaniu-ducha-swietego-dominica-vii-post-pentecosten-4-2-2-2-3\/"},"author":{"name":"Traditio et Fides","@id":"https:\/\/wobronietradycjiiwiary.com\/pl\/#\/schema\/person\/2d6180ce6abcb681fef0daab7816e8f3"},"headline":"Proprium missae &#8211; VII Niedziela po Zes\u0142aniu Ducha \u015awi\u0119tego &#8211; Dominica VII post Pentecosten","datePublished":"2026-07-11T17:00:52+00:00","dateModified":"2026-07-13T15:11:55+00:00","mainEntityOfPage":{"@id":"https:\/\/wobronietradycjiiwiary.com\/proprium-missae-vii-niedziela-po-zeslaniu-ducha-swietego-dominica-vii-post-pentecosten-4-2-2-2-3\/"},"wordCount":414,"commentCount":0,"publisher":{"@id":"https:\/\/wobronietradycjiiwiary.com\/pl\/#organization"},"image":{"@id":"https:\/\/wobronietradycjiiwiary.com\/proprium-missae-vii-niedziela-po-zeslaniu-ducha-swietego-dominica-vii-post-pentecosten-4-2-2-2-3\/#primaryimage"},"thumbnailUrl":"https:\/\/wobronietradycjiiwiary.com\/wp-content\/uploads\/2020\/07\/7-niedziela-Christ_the_True_Vine_icon_Athens_16th_century.jpg","articleSection":["Duchowo\u015b\u0107","Msza Trydencka","Proprium"],"inLanguage":"pl-PL","potentialAction":[{"@type":"CommentAction","name":"Comment","target":["https:\/\/wobronietradycjiiwiary.com\/proprium-missae-vii-niedziela-po-zeslaniu-ducha-swietego-dominica-vii-post-pentecosten-4-2-2-2-3\/#respond"]}]},{"@type":"WebPage","@id":"https:\/\/wobronietradycjiiwiary.com\/proprium-missae-vii-niedziela-po-zeslaniu-ducha-swietego-dominica-vii-post-pentecosten-4-2-2-2-3\/","url":"https:\/\/wobronietradycjiiwiary.com\/proprium-missae-vii-niedziela-po-zeslaniu-ducha-swietego-dominica-vii-post-pentecosten-4-2-2-2-3\/","name":"Proprium missae - VII Niedziela po Zes\u0142aniu Ducha \u015awi\u0119tego - Dominica VII post Pentecosten - Tradycja i Wiara","isPartOf":{"@id":"https:\/\/wobronietradycjiiwiary.com\/pl\/#website"},"primaryImageOfPage":{"@id":"https:\/\/wobronietradycjiiwiary.com\/proprium-missae-vii-niedziela-po-zeslaniu-ducha-swietego-dominica-vii-post-pentecosten-4-2-2-2-3\/#primaryimage"},"image":{"@id":"https:\/\/wobronietradycjiiwiary.com\/proprium-missae-vii-niedziela-po-zeslaniu-ducha-swietego-dominica-vii-post-pentecosten-4-2-2-2-3\/#primaryimage"},"thumbnailUrl":"https:\/\/wobronietradycjiiwiary.com\/wp-content\/uploads\/2020\/07\/7-niedziela-Christ_the_True_Vine_icon_Athens_16th_century.jpg","datePublished":"2026-07-11T17:00:52+00:00","dateModified":"2026-07-13T15:11:55+00:00","breadcrumb":{"@id":"https:\/\/wobronietradycjiiwiary.com\/proprium-missae-vii-niedziela-po-zeslaniu-ducha-swietego-dominica-vii-post-pentecosten-4-2-2-2-3\/#breadcrumb"},"inLanguage":"pl-PL","potentialAction":[{"@type":"ReadAction","target":["https:\/\/wobronietradycjiiwiary.com\/proprium-missae-vii-niedziela-po-zeslaniu-ducha-swietego-dominica-vii-post-pentecosten-4-2-2-2-3\/"]}]},{"@type":"ImageObject","inLanguage":"pl-PL","@id":"https:\/\/wobronietradycjiiwiary.com\/proprium-missae-vii-niedziela-po-zeslaniu-ducha-swietego-dominica-vii-post-pentecosten-4-2-2-2-3\/#primaryimage","url":"https:\/\/wobronietradycjiiwiary.com\/wp-content\/uploads\/2020\/07\/7-niedziela-Christ_the_True_Vine_icon_Athens_16th_century.jpg","contentUrl":"https:\/\/wobronietradycjiiwiary.com\/wp-content\/uploads\/2020\/07\/7-niedziela-Christ_the_True_Vine_icon_Athens_16th_century.jpg","width":589,"height":800},{"@type":"BreadcrumbList","@id":"https:\/\/wobronietradycjiiwiary.com\/proprium-missae-vii-niedziela-po-zeslaniu-ducha-swietego-dominica-vii-post-pentecosten-4-2-2-2-3\/#breadcrumb","itemListElement":[{"@type":"ListItem","position":1,"name":"Strona g\u0142\u00f3wna","item":"https:\/\/wobronietradycjiiwiary.com\/"},{"@type":"ListItem","position":2,"name":"Proprium missae &#8211; VII Niedziela po Zes\u0142aniu Ducha \u015awi\u0119tego &#8211; Dominica VII post Pentecosten"}]},{"@type":"WebSite","@id":"https:\/\/wobronietradycjiiwiary.com\/pl\/#website","url":"https:\/\/wobronietradycjiiwiary.com\/pl\/","name":"Tradycja i Wiara","description":"Portal dla katolik\u00f3w.","publisher":{"@id":"https:\/\/wobronietradycjiiwiary.com\/pl\/#organization"},"potentialAction":[{"@type":"SearchAction","target":{"@type":"EntryPoint","urlTemplate":"https:\/\/wobronietradycjiiwiary.com\/pl\/?s={search_term_string}"},"query-input":{"@type":"PropertyValueSpecification","valueRequired":true,"valueName":"search_term_string"}}],"inLanguage":"pl-PL"},{"@type":"Organization","@id":"https:\/\/wobronietradycjiiwiary.com\/pl\/#organization","name":"Tradycja i Wiara","url":"https:\/\/wobronietradycjiiwiary.com\/pl\/","logo":{"@type":"ImageObject","inLanguage":"pl-PL","@id":"https:\/\/wobronietradycjiiwiary.com\/pl\/#\/schema\/logo\/image\/","url":"https:\/\/i0.wp.com\/wobronietradycjiiwiary.com\/wp-content\/uploads\/2015\/10\/cropped-st-peters-dome-vatican.jpg?fit=940%2C198&ssl=1","contentUrl":"https:\/\/i0.wp.com\/wobronietradycjiiwiary.com\/wp-content\/uploads\/2015\/10\/cropped-st-peters-dome-vatican.jpg?fit=940%2C198&ssl=1","width":940,"height":198,"caption":"Tradycja i Wiara"},"image":{"@id":"https:\/\/wobronietradycjiiwiary.com\/pl\/#\/schema\/logo\/image\/"},"sameAs":["https:\/\/www.facebook.com\/Tradycja-i-Wiara-108813920592249"]},{"@type":"Person","@id":"https:\/\/wobronietradycjiiwiary.com\/pl\/#\/schema\/person\/2d6180ce6abcb681fef0daab7816e8f3","name":"Traditio et Fides","sameAs":["https:\/\/traditionundglauben.com"],"url":"https:\/\/wobronietradycjiiwiary.com\/pl\/author\/wobronietradycjiiwiary\/"}]}},"jetpack_publicize_connections":[],"jetpack_sharing_enabled":true,"jetpack_likes_enabled":true,"jetpack_shortlink":"https:\/\/wp.me\/pc04Sd-Hxw","jetpack-related-posts":[{"id":164041,"url":"https:\/\/wobronietradycjiiwiary.com\/pl\/proprium-missae-vii-niedziela-po-zeslaniu-ducha-swietego-dominica-vii-post-pentecosten-4-2-2-2-2\/","url_meta":{"origin":167370,"position":0},"title":"Proprium missae &#8211; VII Niedziela po Zes\u0142aniu Ducha \u015awi\u0119tego &#8211; Dominica VII post Pentecosten","author":"Traditio et Fides","date":"26 czerwca 2026","format":false,"excerpt":"https:\/\/www.youtube.com\/watch?v=Ykd3SDoyar0 INTROITUS Ps 46:2 Omnes gentes, pl\u00e1udite m\u00e1nibus: iubil\u00e1te Deo in voce exsultati\u00f3nis. Ps 46:3 Qu\u00f3niam D\u00f3minus exc\u00e9lsus, terr\u00edbilis: Rex magnus super omnem terram. V. Gl\u00f3ria Patri, et F\u00edlio, et Spir\u00edtui Sancto. R. Sicut erat in princ\u00edpio, et nunc, et semper, et in saecula saecul\u00f3rum. AmenPs 46:2 Omnes gentes, pl\u00e1udite\u2026","rel":"","context":"W \u201eDuchowo\u015b\u0107&quot;","block_context":{"text":"Duchowo\u015b\u0107","link":"https:\/\/wobronietradycjiiwiary.com\/pl\/category\/duchowosc\/"},"img":{"alt_text":"","src":"https:\/\/i0.wp.com\/wobronietradycjiiwiary.com\/wp-content\/uploads\/2020\/07\/7-niedziela-Christ_the_True_Vine_icon_Athens_16th_century.jpg?resize=350%2C200&ssl=1","width":350,"height":200,"srcset":"https:\/\/i0.wp.com\/wobronietradycjiiwiary.com\/wp-content\/uploads\/2020\/07\/7-niedziela-Christ_the_True_Vine_icon_Athens_16th_century.jpg?resize=350%2C200&ssl=1 1x, https:\/\/i0.wp.com\/wobronietradycjiiwiary.com\/wp-content\/uploads\/2020\/07\/7-niedziela-Christ_the_True_Vine_icon_Athens_16th_century.jpg?resize=525%2C300&ssl=1 1.5x"},"classes":[]},{"id":117843,"url":"https:\/\/wobronietradycjiiwiary.com\/pl\/proprium-missae-vii-niedziela-po-zeslaniu-ducha-swietego-dominica-vii-post-pentecosten-4-2-2-2\/","url_meta":{"origin":167370,"position":1},"title":"Proprium missae &#8211; VII Niedziela po Zes\u0142aniu Ducha \u015awi\u0119tego &#8211; Dominica VII post Pentecosten","author":"Traditio et Fides","date":"26 lipca 2025","format":false,"excerpt":"https:\/\/www.youtube.com\/watch?v=Ykd3SDoyar0 INTROITUS Ps 46:2 Omnes gentes, pl\u00e1udite m\u00e1nibus: iubil\u00e1te Deo in voce exsultati\u00f3nis. Ps 46:3 Qu\u00f3niam D\u00f3minus exc\u00e9lsus, terr\u00edbilis: Rex magnus super omnem terram. V. Gl\u00f3ria Patri, et F\u00edlio, et Spir\u00edtui Sancto. R. Sicut erat in princ\u00edpio, et nunc, et semper, et in saecula saecul\u00f3rum. AmenPs 46:2 Omnes gentes, pl\u00e1udite\u2026","rel":"","context":"W \u201eDuchowo\u015b\u0107&quot;","block_context":{"text":"Duchowo\u015b\u0107","link":"https:\/\/wobronietradycjiiwiary.com\/pl\/category\/duchowosc\/"},"img":{"alt_text":"","src":"https:\/\/i0.wp.com\/wobronietradycjiiwiary.com\/wp-content\/uploads\/2020\/07\/7-niedziela-Christ_the_True_Vine_icon_Athens_16th_century.jpg?resize=350%2C200&ssl=1","width":350,"height":200,"srcset":"https:\/\/i0.wp.com\/wobronietradycjiiwiary.com\/wp-content\/uploads\/2020\/07\/7-niedziela-Christ_the_True_Vine_icon_Athens_16th_century.jpg?resize=350%2C200&ssl=1 1x, https:\/\/i0.wp.com\/wobronietradycjiiwiary.com\/wp-content\/uploads\/2020\/07\/7-niedziela-Christ_the_True_Vine_icon_Athens_16th_century.jpg?resize=525%2C300&ssl=1 1.5x"},"classes":[]},{"id":17911,"url":"https:\/\/wobronietradycjiiwiary.com\/pl\/proprium-missae-vii-niedziela-po-zeslaniu-ducha-swietego-dominica-vii-post-pentecosten-3\/","url_meta":{"origin":167370,"position":2},"title":"Proprium missae &#8211; VII Niedziela po Zes\u0142aniu Ducha \u015awi\u0119tego &#8211; Dominica VII post Pentecosten","author":"mariuszjerzy","date":"7 lipca 2018","format":false,"excerpt":"https:\/\/www.youtube.com\/watch?v=Ykd3SDoyar0 INTROITUS Ps 46:2 Omnes gentes, pl\u00e1udite m\u00e1nibus: iubil\u00e1te Deo in voce exsultati\u00f3nis. Ps 46:3 Qu\u00f3niam D\u00f3minus exc\u00e9lsus, terr\u00edbilis: Rex magnus super omnem terram. V. Gl\u00f3ria Patri, et F\u00edlio, et Spir\u00edtui Sancto. R. Sicut erat in princ\u00edpio, et nunc, et semper, et in saecula saecul\u00f3rum. AmenPs 46:2 Omnes gentes, pl\u00e1udite\u2026","rel":"","context":"W \u201eMsza Trydencka&quot;","block_context":{"text":"Msza Trydencka","link":"https:\/\/wobronietradycjiiwiary.com\/pl\/category\/duchowosc\/liturgia-i-liturgika\/msza-trydencka\/"},"img":{"alt_text":"","src":"https:\/\/i0.wp.com\/img.youtube.com\/vi\/Ykd3SDoyar0\/0.jpg?resize=350%2C200","width":350,"height":200},"classes":[]},{"id":20064,"url":"https:\/\/wobronietradycjiiwiary.com\/pl\/proprium-missae-vii-niedziela-po-zeslaniu-ducha-swietego-dominica-vii-post-pentecosten-2\/","url_meta":{"origin":167370,"position":3},"title":"Proprium missae &#8211; VII Niedziela po Zes\u0142aniu Ducha \u015awi\u0119tego &#8211; Dominica VII post Pentecosten","author":"Traditio et Fides","date":"27 lipca 2019","format":false,"excerpt":"https:\/\/www.youtube.com\/watch?v=Ykd3SDoyar0 INTROITUS Ps 46:2 Omnes gentes, pl\u00e1udite m\u00e1nibus: iubil\u00e1te Deo in voce exsultati\u00f3nis. Ps 46:3 Qu\u00f3niam D\u00f3minus exc\u00e9lsus, terr\u00edbilis: Rex magnus super omnem terram. V. Gl\u00f3ria Patri, et F\u00edlio, et Spir\u00edtui Sancto. R. Sicut erat in princ\u00edpio, et nunc, et semper, et in saecula saecul\u00f3rum. AmenPs 46:2 Omnes gentes, pl\u00e1udite\u2026","rel":"","context":"W \u201eMsza Trydencka&quot;","block_context":{"text":"Msza Trydencka","link":"https:\/\/wobronietradycjiiwiary.com\/pl\/category\/duchowosc\/liturgia-i-liturgika\/msza-trydencka\/"},"img":{"alt_text":"","src":"https:\/\/i0.wp.com\/img.youtube.com\/vi\/Ykd3SDoyar0\/0.jpg?resize=350%2C200","width":350,"height":200},"classes":[]},{"id":26629,"url":"https:\/\/wobronietradycjiiwiary.com\/pl\/proprium-missae-vii-niedziela-po-zeslaniu-ducha-swietego-dominica-vii-post-pentecosten-4\/","url_meta":{"origin":167370,"position":4},"title":"Proprium missae &#8211; VII Niedziela po Zes\u0142aniu Ducha \u015awi\u0119tego &#8211; Dominica VII post Pentecosten","author":"Traditio et Fides","date":"18 lipca 2020","format":false,"excerpt":"https:\/\/www.youtube.com\/watch?v=Ykd3SDoyar0 INTROITUS Ps 46:2 Omnes gentes, pl\u00e1udite m\u00e1nibus: iubil\u00e1te Deo in voce exsultati\u00f3nis. Ps 46:3 Qu\u00f3niam D\u00f3minus exc\u00e9lsus, terr\u00edbilis: Rex magnus super omnem terram. V. Gl\u00f3ria Patri, et F\u00edlio, et Spir\u00edtui Sancto. R. Sicut erat in princ\u00edpio, et nunc, et semper, et in saecula saecul\u00f3rum. AmenPs 46:2 Omnes gentes, pl\u00e1udite\u2026","rel":"","context":"W \u201eMsza Trydencka&quot;","block_context":{"text":"Msza Trydencka","link":"https:\/\/wobronietradycjiiwiary.com\/pl\/category\/duchowosc\/liturgia-i-liturgika\/msza-trydencka\/"},"img":{"alt_text":"","src":"https:\/\/i0.wp.com\/wobronietradycjiiwiary.com\/wp-content\/uploads\/2020\/07\/7-niedziela-Christ_the_True_Vine_icon_Athens_16th_century.jpg?resize=350%2C200&ssl=1","width":350,"height":200,"srcset":"https:\/\/i0.wp.com\/wobronietradycjiiwiary.com\/wp-content\/uploads\/2020\/07\/7-niedziela-Christ_the_True_Vine_icon_Athens_16th_century.jpg?resize=350%2C200&ssl=1 1x, https:\/\/i0.wp.com\/wobronietradycjiiwiary.com\/wp-content\/uploads\/2020\/07\/7-niedziela-Christ_the_True_Vine_icon_Athens_16th_century.jpg?resize=525%2C300&ssl=1 1.5x"},"classes":[]},{"id":15109,"url":"https:\/\/wobronietradycjiiwiary.com\/pl\/proprium-missae-vii-niedziela-po-zeslaniu-ducha-swietego-dominica-vii-post-pentecosten\/","url_meta":{"origin":167370,"position":5},"title":"Proprium missae &#8211; VII Niedziela po Zes\u0142aniu Ducha \u015awi\u0119tego &#8211; Dominica VII post Pentecosten","author":"mariuszjerzy","date":"7 lipca 2018","format":false,"excerpt":"https:\/\/www.youtube.com\/watch?v=Ykd3SDoyar0 INTROITUS Ps 46:2 Omnes gentes, pl\u00e1udite m\u00e1nibus: iubil\u00e1te Deo in voce exsultati\u00f3nis. Ps 46:3 Qu\u00f3niam D\u00f3minus exc\u00e9lsus, terr\u00edbilis: Rex magnus super omnem terram. V. Gl\u00f3ria Patri, et F\u00edlio, et Spir\u00edtui Sancto. R. Sicut erat in princ\u00edpio, et nunc, et semper, et in saecula saecul\u00f3rum. AmenPs 46:2 Omnes gentes, pl\u00e1udite\u2026","rel":"","context":"W \u201eMsza Trydencka&quot;","block_context":{"text":"Msza Trydencka","link":"https:\/\/wobronietradycjiiwiary.com\/pl\/category\/duchowosc\/liturgia-i-liturgika\/msza-trydencka\/"},"img":{"alt_text":"","src":"https:\/\/i0.wp.com\/img.youtube.com\/vi\/Ykd3SDoyar0\/0.jpg?resize=350%2C200","width":350,"height":200},"classes":[]}],"amp_enabled":true,"jetpack_featured_media_url":"https:\/\/wobronietradycjiiwiary.com\/wp-content\/uploads\/2020\/07\/7-niedziela-Christ_the_True_Vine_icon_Athens_16th_century.jpg","_links":{"self":[{"href":"https:\/\/wobronietradycjiiwiary.com\/pl\/wp-json\/wp\/v2\/posts\/167370","targetHints":{"allow":["GET"]}}],"collection":[{"href":"https:\/\/wobronietradycjiiwiary.com\/pl\/wp-json\/wp\/v2\/posts"}],"about":[{"href":"https:\/\/wobronietradycjiiwiary.com\/pl\/wp-json\/wp\/v2\/types\/post"}],"author":[{"embeddable":true,"href":"https:\/\/wobronietradycjiiwiary.com\/pl\/wp-json\/wp\/v2\/users\/60508433"}],"replies":[{"embeddable":true,"href":"https:\/\/wobronietradycjiiwiary.com\/pl\/wp-json\/wp\/v2\/comments?post=167370"}],"version-history":[{"count":1,"href":"https:\/\/wobronietradycjiiwiary.com\/pl\/wp-json\/wp\/v2\/posts\/167370\/revisions"}],"predecessor-version":[{"id":167378,"href":"https:\/\/wobronietradycjiiwiary.com\/pl\/wp-json\/wp\/v2\/posts\/167370\/revisions\/167378"}],"wp:featuredmedia":[{"embeddable":true,"href":"https:\/\/wobronietradycjiiwiary.com\/pl\/wp-json\/wp\/v2\/media\/32455"}],"wp:attachment":[{"href":"https:\/\/wobronietradycjiiwiary.com\/pl\/wp-json\/wp\/v2\/media?parent=167370"}],"wp:term":[{"taxonomy":"category","embeddable":true,"href":"https:\/\/wobronietradycjiiwiary.com\/pl\/wp-json\/wp\/v2\/categories?post=167370"},{"taxonomy":"post_tag","embeddable":true,"href":"https:\/\/wobronietradycjiiwiary.com\/pl\/wp-json\/wp\/v2\/tags?post=167370"}],"curies":[{"name":"wp","href":"https:\/\/api.w.org\/{rel}","templated":true}]}}