{"id":167368,"date":"2026-06-27T19:00:34","date_gmt":"2026-06-27T17:00:34","guid":{"rendered":"https:\/\/wobronietradycjiiwiary.com\/?p=167368"},"modified":"2026-06-30T11:19:58","modified_gmt":"2026-06-30T09:19:58","slug":"proprium-missae-v-niedziela-po-wielkanocy-dominica-v-post-pascha-4-2-2-2-2-2-2-2","status":"publish","type":"post","link":"https:\/\/wobronietradycjiiwiary.com\/pl\/proprium-missae-v-niedziela-po-wielkanocy-dominica-v-post-pascha-4-2-2-2-2-2-2-2\/","title":{"rendered":"Proprium missae &#8211; V Niedziela po Wielkanocy &#8211; Dominica V Post Pascha"},"content":{"rendered":"<div id=\"bsf_rt_marker\"><\/div><hr \/>\n<pre style=\"text-align: center;\"><span style=\"text-decoration: underline; color: #0000ff;\"><strong><span style=\"color: #ff0000; text-decoration: underline;\"><a style=\"color: #ff0000; text-decoration: underline;\" href=\"http:\/\/divinumofficium.com\/cgi-bin\/missa\/missa.pl?date=05-26-2019&amp;lang2=Polski\">Divinum Officium - Sancta Missa<\/a><\/span>\r\n<\/strong><\/span><span style=\"text-decoration: underline;\"><span style=\"color: #339966; text-decoration: underline;\"><strong><a style=\"color: #339966; text-decoration: underline;\" href=\"http:\/\/www.mszatrydencka.waw.pl\/images\/stories\/pdf\/rubrycela2019.pdf\">Rubrycela Mszalna na Rok Pa\u0144ski 2019<\/a><\/strong><\/span><\/span><span style=\"text-decoration: underline; color: #0000ff;\"><strong>\r\n<a href=\"http:\/\/www.albert.pulawy.pl\/calendarium\/\"><span style=\"color: #0000ff; text-decoration: underline;\">Kalendarz Liturgiczny Zwyczajnej i Nadzwyczajnej Formy Rytu Rzymskiego<\/span><\/a>\r\n<\/strong><\/span><\/pre>\n<hr \/>\n<p><span class=\"embed-youtube\" style=\"text-align:center; display: block;\"><iframe class=\"youtube-player\" width=\"580\" height=\"327\" src=\"https:\/\/www.youtube.com\/embed\/m1rwgO8zEOY?version=3&#038;rel=1&#038;showsearch=0&#038;showinfo=1&#038;iv_load_policy=1&#038;fs=1&#038;hl=pl-PL&#038;autohide=2&#038;wmode=transparent\" allowfullscreen=\"true\" style=\"border:0;\" sandbox=\"allow-scripts allow-same-origin allow-popups allow-presentation allow-popups-to-escape-sandbox\"><\/iframe><\/span><\/p>\n<table>\n<tbody>\n<tr>\n<td colspan=\"2\" width=\"614\"><strong><em>INTROITUS<\/em><\/strong><\/td>\n<\/tr>\n<tr>\n<td width=\"307\"><em>Isa 48:20<\/em><br \/>\n<strong><em>V<\/em><\/strong>ocem iucundit\u00e1tis annunti\u00e1te, et audi\u00e1tur, allel\u00faia: annunti\u00e1te usque ad extr\u00e9mum terr\u00e6: liber\u00e1vit D\u00f3minus p\u00f3pulum suum, allel\u00faia, allel\u00faia<em>Ps 65:1-2<\/em><br \/>\nIubil\u00e1te Deo, omnis terra, psalmum d\u00edcite n\u00f3mini eius: date gl\u00f3riam laudi eius.<br \/>\n<em>V.<\/em> Gl\u00f3ria Patri, et F\u00edlio, et Spir\u00edtui Sancto.<br \/>\n<em>R.<\/em> Sicut erat in princ\u00edpio, et nunc, et semper, et in saecula saecul\u00f3rum. Amen<\/p>\n<p><em>Isa 48:20<\/em><br \/>\n<strong><em>V<\/em><\/strong>ocem iucundit\u00e1tis annunti\u00e1te, et audi\u00e1tur, allel\u00faia: annunti\u00e1te usque ad extr\u00e9mum terr\u00e6: liber\u00e1vit D\u00f3minus p\u00f3pulum suum, allel\u00faia, allel\u00faia<\/td>\n<td width=\"307\"><em>Iz 48:20<\/em><br \/>\n<strong><em>R<\/em><\/strong>adosn\u0105 nowin\u0119 g\u0142o\u015bcie, niech b\u0119dzie s\u0142yszana, alleluja, po kra\u0144ce ziemi rozpowiadajcie, i\u017c Pan sw\u00f3j nar\u00f3d wyzwoli\u0142, alleluja, alleluja.<em>Ps 65:1-2<\/em><br \/>\nZ rado\u015bci\u0105 s\u0142awcie Boga wszystkie ziemie, opiewajcie chwa\u0142\u0119 Jego imienia, cze\u015b\u0107 Jemu \u015bwietn\u0105 oddajcie.<br \/>\n<em>V.<\/em> Chwa\u0142a Ojcu, i Synowi i Duchowi \u015awi\u0119temu.<br \/>\n<em>R.<\/em> Jak by\u0142a na pocz\u0105tku, teraz i zawsze i na wieki wiek\u00f3w. Amen.<\/p>\n<p><em>Iz 48:20<\/em><br \/>\n<strong><em>R<\/em><\/strong>adosn\u0105 nowin\u0119 g\u0142o\u015bcie, niech b\u0119dzie s\u0142yszana, alleluja, po kra\u0144ce ziemi rozpowiadajcie, i\u017c Pan sw\u00f3j nar\u00f3d wyzwoli\u0142, alleluja, alleluja.<\/td>\n<\/tr>\n<\/tbody>\n<\/table>\n<p><span class=\"embed-youtube\" style=\"text-align:center; display: block;\"><iframe class=\"youtube-player\" width=\"580\" height=\"327\" src=\"https:\/\/www.youtube.com\/embed\/KTkzkrxahp0?version=3&#038;rel=1&#038;showsearch=0&#038;showinfo=1&#038;iv_load_policy=1&#038;fs=1&#038;hl=pl-PL&#038;autohide=2&#038;wmode=transparent\" allowfullscreen=\"true\" style=\"border:0;\" sandbox=\"allow-scripts allow-same-origin allow-popups allow-presentation allow-popups-to-escape-sandbox\"><\/iframe><\/span><\/p>\n<table>\n<tbody>\n<tr>\n<td colspan=\"2\" width=\"614\"><strong><em>ALLELUIA 1<\/em><\/strong><\/td>\n<\/tr>\n<tr>\n<td width=\"307\">Allel\u00faia, allel\u00faia.<br \/>\n<em>V.<\/em> Surr\u00e9xit Christus, et ill\u00faxit nobis, quos r\u00e9demit s\u00e1nguine suo. Allel\u00faia,<\/td>\n<td width=\"307\">Alleluja, alleluja<br \/>\n<em>V.<\/em> Powsta\u0142 Chrystus z martwych i zaja\u015bnia\u0142 nam, kt\u00f3rych Krwi\u0105 swoj\u0105 odkupi\u0142. Alleluja.<\/td>\n<\/tr>\n<\/tbody>\n<\/table>\n<p><span class=\"embed-youtube\" style=\"text-align:center; display: block;\"><iframe class=\"youtube-player\" width=\"580\" height=\"327\" src=\"https:\/\/www.youtube.com\/embed\/Nc0260pGpFU?version=3&#038;rel=1&#038;showsearch=0&#038;showinfo=1&#038;iv_load_policy=1&#038;fs=1&#038;hl=pl-PL&#038;autohide=2&#038;wmode=transparent\" allowfullscreen=\"true\" style=\"border:0;\" sandbox=\"allow-scripts allow-same-origin allow-popups allow-presentation allow-popups-to-escape-sandbox\"><\/iframe><\/span><\/p>\n<table>\n<tbody>\n<tr>\n<td colspan=\"2\" width=\"614\"><strong><em>ALLELUIA 2<\/em><\/strong><\/td>\n<\/tr>\n<tr>\n<td width=\"307\"><em>Ioannes 16:28<\/em><br \/>\nEx\u00edvi a Patre, et veni in mundum: \u00edterum rel\u00ednquo mundum, et vado ad Patrem. Allel\u00faia.<\/td>\n<td width=\"307\"><em>J 16:28<\/em><br \/>\nWyszed\u0142em od Ojca i przyszed\u0142em na \u015bwiat, znowu opuszczam \u015bwiat i id\u0119 do Ojca, alleluja.<\/td>\n<\/tr>\n<\/tbody>\n<\/table>\n<p><span class=\"embed-youtube\" style=\"text-align:center; display: block;\"><iframe class=\"youtube-player\" width=\"580\" height=\"327\" src=\"https:\/\/www.youtube.com\/embed\/ZATnMYpCvCo?version=3&#038;rel=1&#038;showsearch=0&#038;showinfo=1&#038;iv_load_policy=1&#038;fs=1&#038;hl=pl-PL&#038;autohide=2&#038;wmode=transparent\" allowfullscreen=\"true\" style=\"border:0;\" sandbox=\"allow-scripts allow-same-origin allow-popups allow-presentation allow-popups-to-escape-sandbox\"><\/iframe><\/span><\/p>\n<table>\n<tbody>\n<tr>\n<td colspan=\"2\" width=\"614\"><strong><em>OFFERTORIUM<\/em><\/strong><\/td>\n<\/tr>\n<tr>\n<td width=\"307\"><em>Ps 65:8-9; 65:20<\/em><br \/>\nBened\u00edcite, gentes, D\u00f3minum, Deum nostrum, et obaud\u00edte vocem laudis eius: qui p\u00f3suit \u00e1nimam meam ad vitam, et non dedit commov\u00e9ri pedes meos: bened\u00edctus D\u00f3minus, qui non am\u00f3vit deprecati\u00f3nem meam et miseric\u00f3rdiam suam a me, allel\u00faia.<\/td>\n<td width=\"307\"><em>Ps 65:8-9; 65:20<\/em><br \/>\nPrzez Chrzest \u015bwi\u0119ty zostali\u015bmy przeznaczeni do \u017cycia.<br \/>\nB\u0142ogos\u0142awcie, ludy, naszemu Bogu i s\u0142aw\u0119 Jego chwa\u0142y rozg\u0142o\u015bcie, bo On da\u0142 duszy naszej \u017cycie, a nodze naszej nie da\u0142 si\u0119 powin\u0105\u0107. B\u0142ogos\u0142awiony B\u00f3g, co nie odepchn\u0105\u0142 mej pro\u015bby i nie oddali\u0142 ode mnie mi\u0142osierdzia Swego, alleluja.<\/td>\n<\/tr>\n<\/tbody>\n<\/table>\n<p><span class=\"embed-youtube\" style=\"text-align:center; display: block;\"><iframe class=\"youtube-player\" width=\"580\" height=\"327\" src=\"https:\/\/www.youtube.com\/embed\/y9SoO5M6u7E?version=3&#038;rel=1&#038;showsearch=0&#038;showinfo=1&#038;iv_load_policy=1&#038;fs=1&#038;hl=pl-PL&#038;autohide=2&#038;wmode=transparent\" allowfullscreen=\"true\" style=\"border:0;\" sandbox=\"allow-scripts allow-same-origin allow-popups allow-presentation allow-popups-to-escape-sandbox\"><\/iframe><\/span><\/p>\n<table>\n<tbody>\n<tr>\n<td colspan=\"2\" width=\"614\"><strong><em>COMMUNIO<\/em><\/strong><\/td>\n<\/tr>\n<tr>\n<td width=\"307\"><em>Ps 95:2<\/em><br \/>\nCant\u00e1te D\u00f3mino, allel\u00faia: cant\u00e1te D\u00f3mino et bened\u00edcite nomen eius: bene nunti\u00e1te de die in diem salut\u00e1re eius, allel\u00faia, allel\u00faia.<\/td>\n<td width=\"307\"><em>Ps 95:2<\/em><br \/>\n\u015apiewajcie Panu, alleluja; \u015bpiewajcie Panu i b\u0142ogos\u0142awcie Jego imieniu; z dnia na dzie\u0144 zwiastujcie zbawienie Jego, alleluja, alleluja.<\/td>\n<\/tr>\n<\/tbody>\n<\/table>\n","protected":false},"excerpt":{"rendered":"<p>Divinum Officium &#8211; Sancta Missa Rubrycela Mszalna na Rok Pa\u0144ski 2019 Kalendarz Liturgiczny Zwyczajnej i Nadzwyczajnej Formy Rytu Rzymskiego INTROITUS Isa 48:20 Vocem iucundit\u00e1tis annunti\u00e1te, et audi\u00e1tur, allel\u00faia: annunti\u00e1te usque ad extr\u00e9mum terr\u00e6: liber\u00e1vit D\u00f3minus p\u00f3pulum suum, allel\u00faia, allel\u00faiaPs 65:1-2 Iubil\u00e1te Deo, omnis terra, psalmum d\u00edcite n\u00f3mini eius: date gl\u00f3riam laudi eius. V. Gl\u00f3ria Patri, [&hellip;]<\/p>\n","protected":false},"author":60508433,"featured_media":26578,"comment_status":"open","ping_status":"open","sticky":false,"template":"","format":"standard","meta":{"_bbp_topic_count":0,"_bbp_reply_count":0,"_bbp_total_topic_count":0,"_bbp_total_reply_count":0,"_bbp_voice_count":0,"_bbp_anonymous_reply_count":0,"_bbp_topic_count_hidden":0,"_bbp_reply_count_hidden":0,"_bbp_forum_subforum_count":0,"_editorskit_title_hidden":false,"_editorskit_reading_time":0,"_editorskit_is_block_options_detached":false,"_editorskit_block_options_position":"{}","_coblocks_attr":"","_coblocks_dimensions":"","_coblocks_responsive_height":"","_coblocks_accordion_ie_support":"","_exactmetrics_skip_tracking":false,"_jetpack_newsletter_access":"","_jetpack_dont_email_post_to_subs":false,"_jetpack_newsletter_tier_id":0,"_jetpack_memberships_contains_paywalled_content":false,"_wpcom_ai_launchpad_first_post":false,"_jetpack_feature_clip_id":0,"_jetpack_memberships_contains_paid_content":false,"footnotes":"","jetpack_publicize_message":"{title}\n\n{excerpt}\n\n{url}","jetpack_publicize_feature_enabled":true,"jetpack_social_post_already_shared":false,"jetpack_social_options":{"image_generator_settings":{"template":"highway","default_image_id":0,"font":"","enabled":false},"version":2},"_wpas_customize_per_network":false,"jetpack_post_was_ever_published":false},"categories":[610131184,5647912,20472889],"tags":[],"class_list":["post-167368","post","type-post","status-publish","format-standard","has-post-thumbnail","hentry","category-duchowosc","category-msza-trydencka","category-proprium"],"yoast_head":"<!-- This site is optimized with the Yoast SEO plugin v28.3 - https:\/\/yoast.com\/product\/yoast-seo-wordpress\/ -->\n<title>Proprium missae - V Niedziela po Wielkanocy - Dominica V Post Pascha - Tradycja i Wiara<\/title>\n<meta name=\"robots\" content=\"index, follow, max-snippet:-1, max-image-preview:large, max-video-preview:-1\" \/>\n<link rel=\"canonical\" href=\"https:\/\/wobronietradycjiiwiary.com\/pl\/proprium-missae-v-niedziela-po-wielkanocy-dominica-v-post-pascha-4-2-2-2-2-2-2-2\/\" \/>\n<meta property=\"og:locale\" content=\"pl_PL\" \/>\n<meta property=\"og:type\" content=\"article\" \/>\n<meta property=\"og:title\" content=\"Proprium missae - V Niedziela po Wielkanocy - Dominica V Post Pascha - Tradycja i Wiara\" \/>\n<meta property=\"og:description\" content=\"Divinum Officium - Sancta Missa Rubrycela Mszalna na Rok Pa\u0144ski 2019 Kalendarz Liturgiczny Zwyczajnej i Nadzwyczajnej Formy Rytu Rzymskiego INTROITUS Isa 48:20 Vocem iucundit\u00e1tis annunti\u00e1te, et audi\u00e1tur, allel\u00faia: annunti\u00e1te usque ad extr\u00e9mum terr\u00e6: liber\u00e1vit D\u00f3minus p\u00f3pulum suum, allel\u00faia, allel\u00faiaPs 65:1-2 Iubil\u00e1te Deo, omnis terra, psalmum d\u00edcite n\u00f3mini eius: date gl\u00f3riam laudi eius. V. Gl\u00f3ria Patri, [&hellip;]\" \/>\n<meta property=\"og:url\" content=\"https:\/\/wobronietradycjiiwiary.com\/pl\/proprium-missae-v-niedziela-po-wielkanocy-dominica-v-post-pascha-4-2-2-2-2-2-2-2\/\" \/>\n<meta property=\"og:site_name\" content=\"Tradycja i Wiara\" \/>\n<meta property=\"article:publisher\" content=\"https:\/\/www.facebook.com\/Tradycja-i-Wiara-108813920592249\" \/>\n<meta property=\"article:published_time\" content=\"2026-06-27T17:00:34+00:00\" \/>\n<meta property=\"article:modified_time\" content=\"2026-06-30T09:19:58+00:00\" \/>\n<meta property=\"og:image\" content=\"https:\/\/wobronietradycjiiwiary.com\/wp-content\/uploads\/2020\/02\/5-post-Pascha.jpg\" \/>\n\t<meta property=\"og:image:width\" content=\"386\" \/>\n\t<meta property=\"og:image:height\" content=\"600\" \/>\n\t<meta property=\"og:image:type\" content=\"image\/jpeg\" \/>\n<meta name=\"author\" content=\"Traditio et Fides\" \/>\n<meta name=\"twitter:card\" content=\"summary_large_image\" \/>\n<meta name=\"twitter:label1\" content=\"Napisane przez\" \/>\n\t<meta name=\"twitter:data1\" content=\"Traditio et Fides\" \/>\n\t<meta name=\"twitter:label2\" content=\"Szacowany czas czytania\" \/>\n\t<meta name=\"twitter:data2\" content=\"3 minuty\" \/>\n<script type=\"application\/ld+json\" class=\"yoast-schema-graph\">{\"@context\":\"https:\\\/\\\/schema.org\",\"@graph\":[{\"@type\":\"Article\",\"@id\":\"https:\\\/\\\/wobronietradycjiiwiary.com\\\/proprium-missae-v-niedziela-po-wielkanocy-dominica-v-post-pascha-4-2-2-2-2-2-2-2\\\/#article\",\"isPartOf\":{\"@id\":\"https:\\\/\\\/wobronietradycjiiwiary.com\\\/proprium-missae-v-niedziela-po-wielkanocy-dominica-v-post-pascha-4-2-2-2-2-2-2-2\\\/\"},\"author\":{\"name\":\"Traditio et Fides\",\"@id\":\"https:\\\/\\\/wobronietradycjiiwiary.com\\\/pl\\\/#\\\/schema\\\/person\\\/2d6180ce6abcb681fef0daab7816e8f3\"},\"headline\":\"Proprium missae &#8211; V Niedziela po Wielkanocy &#8211; Dominica V Post Pascha\",\"datePublished\":\"2026-06-27T17:00:34+00:00\",\"dateModified\":\"2026-06-30T09:19:58+00:00\",\"mainEntityOfPage\":{\"@id\":\"https:\\\/\\\/wobronietradycjiiwiary.com\\\/proprium-missae-v-niedziela-po-wielkanocy-dominica-v-post-pascha-4-2-2-2-2-2-2-2\\\/\"},\"wordCount\":508,\"commentCount\":0,\"publisher\":{\"@id\":\"https:\\\/\\\/wobronietradycjiiwiary.com\\\/pl\\\/#organization\"},\"image\":{\"@id\":\"https:\\\/\\\/wobronietradycjiiwiary.com\\\/proprium-missae-v-niedziela-po-wielkanocy-dominica-v-post-pascha-4-2-2-2-2-2-2-2\\\/#primaryimage\"},\"thumbnailUrl\":\"https:\\\/\\\/wobronietradycjiiwiary.com\\\/wp-content\\\/uploads\\\/2020\\\/02\\\/5-post-Pascha.jpg\",\"articleSection\":[\"Duchowo\u015b\u0107\",\"Msza Trydencka\",\"Proprium\"],\"inLanguage\":\"pl-PL\",\"potentialAction\":[{\"@type\":\"CommentAction\",\"name\":\"Comment\",\"target\":[\"https:\\\/\\\/wobronietradycjiiwiary.com\\\/proprium-missae-v-niedziela-po-wielkanocy-dominica-v-post-pascha-4-2-2-2-2-2-2-2\\\/#respond\"]}]},{\"@type\":\"WebPage\",\"@id\":\"https:\\\/\\\/wobronietradycjiiwiary.com\\\/proprium-missae-v-niedziela-po-wielkanocy-dominica-v-post-pascha-4-2-2-2-2-2-2-2\\\/\",\"url\":\"https:\\\/\\\/wobronietradycjiiwiary.com\\\/proprium-missae-v-niedziela-po-wielkanocy-dominica-v-post-pascha-4-2-2-2-2-2-2-2\\\/\",\"name\":\"Proprium missae - V Niedziela po Wielkanocy - Dominica V Post Pascha - Tradycja i Wiara\",\"isPartOf\":{\"@id\":\"https:\\\/\\\/wobronietradycjiiwiary.com\\\/pl\\\/#website\"},\"primaryImageOfPage\":{\"@id\":\"https:\\\/\\\/wobronietradycjiiwiary.com\\\/proprium-missae-v-niedziela-po-wielkanocy-dominica-v-post-pascha-4-2-2-2-2-2-2-2\\\/#primaryimage\"},\"image\":{\"@id\":\"https:\\\/\\\/wobronietradycjiiwiary.com\\\/proprium-missae-v-niedziela-po-wielkanocy-dominica-v-post-pascha-4-2-2-2-2-2-2-2\\\/#primaryimage\"},\"thumbnailUrl\":\"https:\\\/\\\/wobronietradycjiiwiary.com\\\/wp-content\\\/uploads\\\/2020\\\/02\\\/5-post-Pascha.jpg\",\"datePublished\":\"2026-06-27T17:00:34+00:00\",\"dateModified\":\"2026-06-30T09:19:58+00:00\",\"breadcrumb\":{\"@id\":\"https:\\\/\\\/wobronietradycjiiwiary.com\\\/proprium-missae-v-niedziela-po-wielkanocy-dominica-v-post-pascha-4-2-2-2-2-2-2-2\\\/#breadcrumb\"},\"inLanguage\":\"pl-PL\",\"potentialAction\":[{\"@type\":\"ReadAction\",\"target\":[\"https:\\\/\\\/wobronietradycjiiwiary.com\\\/proprium-missae-v-niedziela-po-wielkanocy-dominica-v-post-pascha-4-2-2-2-2-2-2-2\\\/\"]}]},{\"@type\":\"ImageObject\",\"inLanguage\":\"pl-PL\",\"@id\":\"https:\\\/\\\/wobronietradycjiiwiary.com\\\/proprium-missae-v-niedziela-po-wielkanocy-dominica-v-post-pascha-4-2-2-2-2-2-2-2\\\/#primaryimage\",\"url\":\"https:\\\/\\\/wobronietradycjiiwiary.com\\\/wp-content\\\/uploads\\\/2020\\\/02\\\/5-post-Pascha.jpg\",\"contentUrl\":\"https:\\\/\\\/wobronietradycjiiwiary.com\\\/wp-content\\\/uploads\\\/2020\\\/02\\\/5-post-Pascha.jpg\",\"width\":386,\"height\":600},{\"@type\":\"BreadcrumbList\",\"@id\":\"https:\\\/\\\/wobronietradycjiiwiary.com\\\/proprium-missae-v-niedziela-po-wielkanocy-dominica-v-post-pascha-4-2-2-2-2-2-2-2\\\/#breadcrumb\",\"itemListElement\":[{\"@type\":\"ListItem\",\"position\":1,\"name\":\"Strona g\u0142\u00f3wna\",\"item\":\"https:\\\/\\\/wobronietradycjiiwiary.com\\\/\"},{\"@type\":\"ListItem\",\"position\":2,\"name\":\"Proprium missae &#8211; V Niedziela po Wielkanocy &#8211; Dominica V Post Pascha\"}]},{\"@type\":\"WebSite\",\"@id\":\"https:\\\/\\\/wobronietradycjiiwiary.com\\\/pl\\\/#website\",\"url\":\"https:\\\/\\\/wobronietradycjiiwiary.com\\\/pl\\\/\",\"name\":\"Tradycja i Wiara\",\"description\":\"Portal dla katolik\u00f3w.\",\"publisher\":{\"@id\":\"https:\\\/\\\/wobronietradycjiiwiary.com\\\/pl\\\/#organization\"},\"potentialAction\":[{\"@type\":\"SearchAction\",\"target\":{\"@type\":\"EntryPoint\",\"urlTemplate\":\"https:\\\/\\\/wobronietradycjiiwiary.com\\\/pl\\\/?s={search_term_string}\"},\"query-input\":{\"@type\":\"PropertyValueSpecification\",\"valueRequired\":true,\"valueName\":\"search_term_string\"}}],\"inLanguage\":\"pl-PL\"},{\"@type\":\"Organization\",\"@id\":\"https:\\\/\\\/wobronietradycjiiwiary.com\\\/pl\\\/#organization\",\"name\":\"Tradycja i Wiara\",\"url\":\"https:\\\/\\\/wobronietradycjiiwiary.com\\\/pl\\\/\",\"logo\":{\"@type\":\"ImageObject\",\"inLanguage\":\"pl-PL\",\"@id\":\"https:\\\/\\\/wobronietradycjiiwiary.com\\\/pl\\\/#\\\/schema\\\/logo\\\/image\\\/\",\"url\":\"https:\\\/\\\/i0.wp.com\\\/wobronietradycjiiwiary.com\\\/wp-content\\\/uploads\\\/2015\\\/10\\\/cropped-st-peters-dome-vatican.jpg?fit=940%2C198&ssl=1\",\"contentUrl\":\"https:\\\/\\\/i0.wp.com\\\/wobronietradycjiiwiary.com\\\/wp-content\\\/uploads\\\/2015\\\/10\\\/cropped-st-peters-dome-vatican.jpg?fit=940%2C198&ssl=1\",\"width\":940,\"height\":198,\"caption\":\"Tradycja i Wiara\"},\"image\":{\"@id\":\"https:\\\/\\\/wobronietradycjiiwiary.com\\\/pl\\\/#\\\/schema\\\/logo\\\/image\\\/\"},\"sameAs\":[\"https:\\\/\\\/www.facebook.com\\\/Tradycja-i-Wiara-108813920592249\"]},{\"@type\":\"Person\",\"@id\":\"https:\\\/\\\/wobronietradycjiiwiary.com\\\/pl\\\/#\\\/schema\\\/person\\\/2d6180ce6abcb681fef0daab7816e8f3\",\"name\":\"Traditio et Fides\",\"sameAs\":[\"https:\\\/\\\/traditionundglauben.com\"],\"url\":\"https:\\\/\\\/wobronietradycjiiwiary.com\\\/pl\\\/author\\\/wobronietradycjiiwiary\\\/\"}]}<\/script>\n<!-- \/ Yoast SEO plugin. -->","yoast_head_json":{"title":"Proprium missae - V Niedziela po Wielkanocy - Dominica V Post Pascha - Tradycja i Wiara","robots":{"index":"index","follow":"follow","max-snippet":"max-snippet:-1","max-image-preview":"max-image-preview:large","max-video-preview":"max-video-preview:-1"},"canonical":"https:\/\/wobronietradycjiiwiary.com\/pl\/proprium-missae-v-niedziela-po-wielkanocy-dominica-v-post-pascha-4-2-2-2-2-2-2-2\/","og_locale":"pl_PL","og_type":"article","og_title":"Proprium missae - V Niedziela po Wielkanocy - Dominica V Post Pascha - Tradycja i Wiara","og_description":"Divinum Officium - Sancta Missa Rubrycela Mszalna na Rok Pa\u0144ski 2019 Kalendarz Liturgiczny Zwyczajnej i Nadzwyczajnej Formy Rytu Rzymskiego INTROITUS Isa 48:20 Vocem iucundit\u00e1tis annunti\u00e1te, et audi\u00e1tur, allel\u00faia: annunti\u00e1te usque ad extr\u00e9mum terr\u00e6: liber\u00e1vit D\u00f3minus p\u00f3pulum suum, allel\u00faia, allel\u00faiaPs 65:1-2 Iubil\u00e1te Deo, omnis terra, psalmum d\u00edcite n\u00f3mini eius: date gl\u00f3riam laudi eius. V. Gl\u00f3ria Patri, [&hellip;]","og_url":"https:\/\/wobronietradycjiiwiary.com\/pl\/proprium-missae-v-niedziela-po-wielkanocy-dominica-v-post-pascha-4-2-2-2-2-2-2-2\/","og_site_name":"Tradycja i Wiara","article_publisher":"https:\/\/www.facebook.com\/Tradycja-i-Wiara-108813920592249","article_published_time":"2026-06-27T17:00:34+00:00","article_modified_time":"2026-06-30T09:19:58+00:00","og_image":[{"width":386,"height":600,"url":"https:\/\/wobronietradycjiiwiary.com\/wp-content\/uploads\/2020\/02\/5-post-Pascha.jpg","type":"image\/jpeg"}],"author":"Traditio et Fides","twitter_card":"summary_large_image","twitter_misc":{"Napisane przez":"Traditio et Fides","Szacowany czas czytania":"3 minuty"},"schema":{"@context":"https:\/\/schema.org","@graph":[{"@type":"Article","@id":"https:\/\/wobronietradycjiiwiary.com\/proprium-missae-v-niedziela-po-wielkanocy-dominica-v-post-pascha-4-2-2-2-2-2-2-2\/#article","isPartOf":{"@id":"https:\/\/wobronietradycjiiwiary.com\/proprium-missae-v-niedziela-po-wielkanocy-dominica-v-post-pascha-4-2-2-2-2-2-2-2\/"},"author":{"name":"Traditio et Fides","@id":"https:\/\/wobronietradycjiiwiary.com\/pl\/#\/schema\/person\/2d6180ce6abcb681fef0daab7816e8f3"},"headline":"Proprium missae &#8211; V Niedziela po Wielkanocy &#8211; Dominica V Post Pascha","datePublished":"2026-06-27T17:00:34+00:00","dateModified":"2026-06-30T09:19:58+00:00","mainEntityOfPage":{"@id":"https:\/\/wobronietradycjiiwiary.com\/proprium-missae-v-niedziela-po-wielkanocy-dominica-v-post-pascha-4-2-2-2-2-2-2-2\/"},"wordCount":508,"commentCount":0,"publisher":{"@id":"https:\/\/wobronietradycjiiwiary.com\/pl\/#organization"},"image":{"@id":"https:\/\/wobronietradycjiiwiary.com\/proprium-missae-v-niedziela-po-wielkanocy-dominica-v-post-pascha-4-2-2-2-2-2-2-2\/#primaryimage"},"thumbnailUrl":"https:\/\/wobronietradycjiiwiary.com\/wp-content\/uploads\/2020\/02\/5-post-Pascha.jpg","articleSection":["Duchowo\u015b\u0107","Msza Trydencka","Proprium"],"inLanguage":"pl-PL","potentialAction":[{"@type":"CommentAction","name":"Comment","target":["https:\/\/wobronietradycjiiwiary.com\/proprium-missae-v-niedziela-po-wielkanocy-dominica-v-post-pascha-4-2-2-2-2-2-2-2\/#respond"]}]},{"@type":"WebPage","@id":"https:\/\/wobronietradycjiiwiary.com\/proprium-missae-v-niedziela-po-wielkanocy-dominica-v-post-pascha-4-2-2-2-2-2-2-2\/","url":"https:\/\/wobronietradycjiiwiary.com\/proprium-missae-v-niedziela-po-wielkanocy-dominica-v-post-pascha-4-2-2-2-2-2-2-2\/","name":"Proprium missae - V Niedziela po Wielkanocy - Dominica V Post Pascha - Tradycja i Wiara","isPartOf":{"@id":"https:\/\/wobronietradycjiiwiary.com\/pl\/#website"},"primaryImageOfPage":{"@id":"https:\/\/wobronietradycjiiwiary.com\/proprium-missae-v-niedziela-po-wielkanocy-dominica-v-post-pascha-4-2-2-2-2-2-2-2\/#primaryimage"},"image":{"@id":"https:\/\/wobronietradycjiiwiary.com\/proprium-missae-v-niedziela-po-wielkanocy-dominica-v-post-pascha-4-2-2-2-2-2-2-2\/#primaryimage"},"thumbnailUrl":"https:\/\/wobronietradycjiiwiary.com\/wp-content\/uploads\/2020\/02\/5-post-Pascha.jpg","datePublished":"2026-06-27T17:00:34+00:00","dateModified":"2026-06-30T09:19:58+00:00","breadcrumb":{"@id":"https:\/\/wobronietradycjiiwiary.com\/proprium-missae-v-niedziela-po-wielkanocy-dominica-v-post-pascha-4-2-2-2-2-2-2-2\/#breadcrumb"},"inLanguage":"pl-PL","potentialAction":[{"@type":"ReadAction","target":["https:\/\/wobronietradycjiiwiary.com\/proprium-missae-v-niedziela-po-wielkanocy-dominica-v-post-pascha-4-2-2-2-2-2-2-2\/"]}]},{"@type":"ImageObject","inLanguage":"pl-PL","@id":"https:\/\/wobronietradycjiiwiary.com\/proprium-missae-v-niedziela-po-wielkanocy-dominica-v-post-pascha-4-2-2-2-2-2-2-2\/#primaryimage","url":"https:\/\/wobronietradycjiiwiary.com\/wp-content\/uploads\/2020\/02\/5-post-Pascha.jpg","contentUrl":"https:\/\/wobronietradycjiiwiary.com\/wp-content\/uploads\/2020\/02\/5-post-Pascha.jpg","width":386,"height":600},{"@type":"BreadcrumbList","@id":"https:\/\/wobronietradycjiiwiary.com\/proprium-missae-v-niedziela-po-wielkanocy-dominica-v-post-pascha-4-2-2-2-2-2-2-2\/#breadcrumb","itemListElement":[{"@type":"ListItem","position":1,"name":"Strona g\u0142\u00f3wna","item":"https:\/\/wobronietradycjiiwiary.com\/"},{"@type":"ListItem","position":2,"name":"Proprium missae &#8211; V Niedziela po Wielkanocy &#8211; Dominica V Post Pascha"}]},{"@type":"WebSite","@id":"https:\/\/wobronietradycjiiwiary.com\/pl\/#website","url":"https:\/\/wobronietradycjiiwiary.com\/pl\/","name":"Tradycja i Wiara","description":"Portal dla katolik\u00f3w.","publisher":{"@id":"https:\/\/wobronietradycjiiwiary.com\/pl\/#organization"},"potentialAction":[{"@type":"SearchAction","target":{"@type":"EntryPoint","urlTemplate":"https:\/\/wobronietradycjiiwiary.com\/pl\/?s={search_term_string}"},"query-input":{"@type":"PropertyValueSpecification","valueRequired":true,"valueName":"search_term_string"}}],"inLanguage":"pl-PL"},{"@type":"Organization","@id":"https:\/\/wobronietradycjiiwiary.com\/pl\/#organization","name":"Tradycja i Wiara","url":"https:\/\/wobronietradycjiiwiary.com\/pl\/","logo":{"@type":"ImageObject","inLanguage":"pl-PL","@id":"https:\/\/wobronietradycjiiwiary.com\/pl\/#\/schema\/logo\/image\/","url":"https:\/\/i0.wp.com\/wobronietradycjiiwiary.com\/wp-content\/uploads\/2015\/10\/cropped-st-peters-dome-vatican.jpg?fit=940%2C198&ssl=1","contentUrl":"https:\/\/i0.wp.com\/wobronietradycjiiwiary.com\/wp-content\/uploads\/2015\/10\/cropped-st-peters-dome-vatican.jpg?fit=940%2C198&ssl=1","width":940,"height":198,"caption":"Tradycja i Wiara"},"image":{"@id":"https:\/\/wobronietradycjiiwiary.com\/pl\/#\/schema\/logo\/image\/"},"sameAs":["https:\/\/www.facebook.com\/Tradycja-i-Wiara-108813920592249"]},{"@type":"Person","@id":"https:\/\/wobronietradycjiiwiary.com\/pl\/#\/schema\/person\/2d6180ce6abcb681fef0daab7816e8f3","name":"Traditio et Fides","sameAs":["https:\/\/traditionundglauben.com"],"url":"https:\/\/wobronietradycjiiwiary.com\/pl\/author\/wobronietradycjiiwiary\/"}]}},"jetpack_publicize_connections":[],"jetpack_sharing_enabled":true,"jetpack_likes_enabled":true,"jetpack_shortlink":"https:\/\/wp.me\/pc04Sd-Hxu","jetpack-related-posts":[{"id":19143,"url":"https:\/\/wobronietradycjiiwiary.com\/pl\/proprium-missae-narodzenie-panskie-pasterka-in-nativitate-domini-missa-prima-2\/","url_meta":{"origin":167368,"position":0},"title":"Proprium missae &#8211; Narodzenie Pa\u0144skie &#8211; PASTERKA &#8211; In Nativitate Domini (Missa prima)","author":"mariuszjerzy","date":"24 grudnia 2018","format":false,"excerpt":"Divinum Officium - Sancta Missa Kalendarz Liturgiczny Zwyczajnej i Nadzwyczajnej Formy Rytu Rzymskiego https:\/\/www.youtube.com\/watch?v=H0Sl_h06d1M INTROITUS Ps 2:7 D\u00f3minus dixit ad me: F\u00edlius meus es tu, ego h\u00f3die g\u00e9nui te. \u00a0 Ps 2:1 Quare fremu\u00e9runt gentes: et p\u00f3puli medit\u00e1ti sunt in\u00e1nia? V. Gl\u00f3ria Patri, et F\u00edlio, et Spir\u00edtui Sancto. R. Sicut\u2026","rel":"","context":"W \u201eMsza Trydencka&quot;","block_context":{"text":"Msza Trydencka","link":"https:\/\/wobronietradycjiiwiary.com\/pl\/category\/duchowosc\/liturgia-i-liturgika\/msza-trydencka\/"},"img":{"alt_text":"","src":"https:\/\/i0.wp.com\/img.youtube.com\/vi\/H0Sl_h06d1M\/0.jpg?resize=350%2C200","width":350,"height":200},"classes":[]},{"id":17396,"url":"https:\/\/wobronietradycjiiwiary.com\/pl\/proprium-missae-narodzenie-panskie-pasterka-in-nativitate-domini-missa-prima\/","url_meta":{"origin":167368,"position":1},"title":"Proprium missae &#8211; Narodzenie Pa\u0144skie &#8211; PASTERKA &#8211; In Nativitate Domini (Missa prima)","author":"mariuszjerzy","date":"24 grudnia 2018","format":false,"excerpt":"Divinum Officium - Sancta Missa https:\/\/www.youtube.com\/watch?v=H0Sl_h06d1M INTROITUS Ps 2:7 D\u00f3minus dixit ad me: F\u00edlius meus es tu, ego h\u00f3die g\u00e9nui te. Ps 2:1 Quare fremu\u00e9runt gentes: et p\u00f3puli medit\u00e1ti sunt in\u00e1nia? V. Gl\u00f3ria Patri, et F\u00edlio, et Spir\u00edtui Sancto. R. Sicut erat in princ\u00edpio, et nunc, et semper, et in\u2026","rel":"","context":"W \u201eMsza Trydencka&quot;","block_context":{"text":"Msza Trydencka","link":"https:\/\/wobronietradycjiiwiary.com\/pl\/category\/duchowosc\/liturgia-i-liturgika\/msza-trydencka\/"},"img":{"alt_text":"","src":"https:\/\/i0.wp.com\/img.youtube.com\/vi\/H0Sl_h06d1M\/0.jpg?resize=350%2C200","width":350,"height":200},"classes":[]},{"id":19146,"url":"https:\/\/wobronietradycjiiwiary.com\/pl\/proprium-missae-narodzenie-panskie-in-nativitate-domini-missa-tertia-2\/","url_meta":{"origin":167368,"position":2},"title":"Proprium missae &#8211; Narodzenie Pa\u0144skie &#8211; In Nativitate Domini (Missa tertia)","author":"mariuszjerzy","date":"25 grudnia 2018","format":false,"excerpt":"Divinum Officium - Sancta Missa Kalendarz Liturgiczny Zwyczajnej i Nadzwyczajnej Formy Rytu Rzymskiego https:\/\/www.youtube.com\/watch?v=dL8MLEULjHk INTROITUS Isa 9:6 Puer natus est nobis, et f\u00edlius datus est nobis: cuius imp\u00e9rium super h\u00famerum eius: et voc\u00e1bitur nomen eius magni cons\u00edlii Angelus. Ps 97:1 Cant\u00e1te D\u00f3mino c\u00e1nticum novum, quia mirab\u00edlia fecit. V. Gl\u00f3ria Patri,\u2026","rel":"","context":"W \u201eMsza Trydencka&quot;","block_context":{"text":"Msza Trydencka","link":"https:\/\/wobronietradycjiiwiary.com\/pl\/category\/duchowosc\/liturgia-i-liturgika\/msza-trydencka\/"},"img":{"alt_text":"","src":"https:\/\/i0.wp.com\/img.youtube.com\/vi\/dL8MLEULjHk\/0.jpg?resize=350%2C200","width":350,"height":200},"classes":[]},{"id":17398,"url":"https:\/\/wobronietradycjiiwiary.com\/pl\/proprium-missae-narodzenie-panskie-in-nativitate-domini-missa-tertia\/","url_meta":{"origin":167368,"position":3},"title":"Proprium missae &#8211; Narodzenie Pa\u0144skie &#8211; In Nativitate Domini (Missa tertia)","author":"mariuszjerzy","date":"25 grudnia 2018","format":false,"excerpt":"Divinum Officium - Sancta Missa https:\/\/www.youtube.com\/watch?v=dL8MLEULjHk INTROITUS Isa 9:6 Puer natus est nobis, et f\u00edlius datus est nobis: cuius imp\u00e9rium super h\u00famerum eius: et voc\u00e1bitur nomen eius magni cons\u00edlii Angelus. Ps 97:1 Cant\u00e1te D\u00f3mino c\u00e1nticum novum, quia mirab\u00edlia fecit. V. Gl\u00f3ria Patri, et F\u00edlio, et Spir\u00edtui Sancto. R. Sicut erat\u2026","rel":"","context":"W \u201eMsza Trydencka&quot;","block_context":{"text":"Msza Trydencka","link":"https:\/\/wobronietradycjiiwiary.com\/pl\/category\/duchowosc\/liturgia-i-liturgika\/msza-trydencka\/"},"img":{"alt_text":"","src":"https:\/\/i0.wp.com\/img.youtube.com\/vi\/dL8MLEULjHk\/0.jpg?resize=350%2C200","width":350,"height":200},"classes":[]},{"id":166611,"url":"https:\/\/wobronietradycjiiwiary.com\/pl\/proprium-missae-najswietszego-serca-pana-jezusa-sanctissimi-cordis-domini-nostri-jesu-christi-3\/","url_meta":{"origin":167368,"position":4},"title":"Proprium missae &#8211; Naj\u015bwi\u0119tszego Serca Pana Jezusa &#8211; Sanctissimi Cordis Domini Nostri Jesu Christi","author":"mariuszjerzy","date":"11 czerwca 2026","format":false,"excerpt":"Divinum Officium - Sancta Missa Rubrycela Mszalna na Rok Pa\u0144ski 2019 Kalendarz Liturgiczny Zwyczajnej i Nadzwyczajnej Formy Rytu Rzymskiego https:\/\/www.youtube.com\/watch?v=kSizRaGjla0 INTROITUS Ps 32:11; 32:19 Cogitati\u00f3nes Cordis eius in generati\u00f3ne et generati\u00f3nem: ut \u00e9ruat a morte \u00e1nimas e\u00f3rum et alat eos in fame. Ps 32:1 Exsult\u00e1te, iusti, in D\u00f3mino: rectos decet\u2026","rel":"","context":"W \u201eMsza Trydencka&quot;","block_context":{"text":"Msza Trydencka","link":"https:\/\/wobronietradycjiiwiary.com\/pl\/category\/duchowosc\/liturgia-i-liturgika\/msza-trydencka\/"},"img":{"alt_text":"","src":"https:\/\/i0.wp.com\/wobronietradycjiiwiary.com\/wp-content\/uploads\/2026\/06\/csm_herz_jesu_660ae91645.jpg?resize=350%2C200&ssl=1","width":350,"height":200},"classes":[]},{"id":22199,"url":"https:\/\/wobronietradycjiiwiary.com\/pl\/proprium-missae-wniebowstapienie-panskie-in-ascensione-domini-3\/","url_meta":{"origin":167368,"position":5},"title":"Proprium missae &#8211; Wniebowst\u0105pienie Pa\u0144skie  &#8211; In Ascensione Domini","author":"mariuszjerzy","date":"9 maja 2018","format":false,"excerpt":"https:\/\/www.youtube.com\/watch?v=FCSuhp6SmPQ INTROITUS Acta 1:11 Viri Galil\u00e6i, quid admir\u00e1mini aspici\u00e9ntes in coelum? allel\u00faia: quem\u00e1dmodum vid\u00edstis eum ascend\u00e9ntem in coelum, ita v\u00e9niet, allel\u00faia, allel\u00faia, allel\u00faia. Ps 46:2 Omnes gentes, pl\u00e1udite m\u00e1nibus: iubil\u00e1te Deo in voce exsultati\u00f3nis. V. Gl\u00f3ria Patri, et F\u00edlio, et Spir\u00edtui Sancto. R. Sicut erat in princ\u00edpio, et nunc, et\u2026","rel":"","context":"W \u201eMsza Trydencka&quot;","block_context":{"text":"Msza Trydencka","link":"https:\/\/wobronietradycjiiwiary.com\/pl\/category\/duchowosc\/liturgia-i-liturgika\/msza-trydencka\/"},"img":{"alt_text":"","src":"https:\/\/i0.wp.com\/img.youtube.com\/vi\/FCSuhp6SmPQ\/0.jpg?resize=350%2C200","width":350,"height":200},"classes":[]}],"amp_enabled":true,"jetpack_featured_media_url":"https:\/\/wobronietradycjiiwiary.com\/wp-content\/uploads\/2020\/02\/5-post-Pascha.jpg","_links":{"self":[{"href":"https:\/\/wobronietradycjiiwiary.com\/pl\/wp-json\/wp\/v2\/posts\/167368","targetHints":{"allow":["GET"]}}],"collection":[{"href":"https:\/\/wobronietradycjiiwiary.com\/pl\/wp-json\/wp\/v2\/posts"}],"about":[{"href":"https:\/\/wobronietradycjiiwiary.com\/pl\/wp-json\/wp\/v2\/types\/post"}],"author":[{"embeddable":true,"href":"https:\/\/wobronietradycjiiwiary.com\/pl\/wp-json\/wp\/v2\/users\/60508433"}],"replies":[{"embeddable":true,"href":"https:\/\/wobronietradycjiiwiary.com\/pl\/wp-json\/wp\/v2\/comments?post=167368"}],"version-history":[{"count":1,"href":"https:\/\/wobronietradycjiiwiary.com\/pl\/wp-json\/wp\/v2\/posts\/167368\/revisions"}],"predecessor-version":[{"id":167376,"href":"https:\/\/wobronietradycjiiwiary.com\/pl\/wp-json\/wp\/v2\/posts\/167368\/revisions\/167376"}],"wp:featuredmedia":[{"embeddable":true,"href":"https:\/\/wobronietradycjiiwiary.com\/pl\/wp-json\/wp\/v2\/media\/26578"}],"wp:attachment":[{"href":"https:\/\/wobronietradycjiiwiary.com\/pl\/wp-json\/wp\/v2\/media?parent=167368"}],"wp:term":[{"taxonomy":"category","embeddable":true,"href":"https:\/\/wobronietradycjiiwiary.com\/pl\/wp-json\/wp\/v2\/categories?post=167368"},{"taxonomy":"post_tag","embeddable":true,"href":"https:\/\/wobronietradycjiiwiary.com\/pl\/wp-json\/wp\/v2\/tags?post=167368"}],"curies":[{"name":"wp","href":"https:\/\/api.w.org\/{rel}","templated":true}]}}