{"id":166888,"date":"2026-06-16T20:11:20","date_gmt":"2026-06-16T18:11:20","guid":{"rendered":"https:\/\/wobronietradycjiiwiary.com\/?p=166888"},"modified":"2026-07-02T22:42:56","modified_gmt":"2026-07-02T20:42:56","slug":"o-malzenstwie-lub-nigdy-nie-bylem-wystarczajaco-dobry","status":"publish","type":"post","link":"https:\/\/wobronietradycjiiwiary.com\/pl\/o-malzenstwie-lub-nigdy-nie-bylem-wystarczajaco-dobry\/","title":{"rendered":"O ma\u0142\u017ce\u0144stwie lub &#8220;nigdy nie by\u0142em wystarczaj\u0105co dobry&#8221;."},"content":{"rendered":"<div id=\"bsf_rt_marker\"><\/div>\n<p class=\"has-text-align-justify wp-block-paragraph\">Pan B\u00f3g spe\u0142nia nasze \u017cyczenia, tylko inaczej ni\u017c by\u015bmy chcieli. W Niemczech opr\u00f3cz napisania i obrony habilitacji z teologii konieczne jest odbycie przynajmniej rocznej &#8220;praktyki duszpasterskiej&#8221; w celu uzyskania profesury na wydziale teologicznym.<\/p>\n\n\n\n<p class=\"has-text-align-justify wp-block-paragraph\">Pomys\u0142 sam w sobie nie jest z\u0142y, gdy\u017c zapobiega on mianowania profesorem kogo\u015b, kto nie mia\u0142 kontaktu z tzw. &#8220;prawdziwym \u017cyciem&#8221;. Jednak teologia sama w sobie niekoniecznie jest praktyczna. <\/p>\n\n\n\n<p class=\"has-text-align-justify wp-block-paragraph\">Cz\u0119\u015bci dogmatyki, np. traktat o Bogu w Tr\u00f3jcy Jedynym jest mocno teoretyczny i pozbawiony praktycznego odniesienia do \u017cycia. <\/p>\n\n\n\n<p class=\"has-text-align-justify wp-block-paragraph\">By\u0107 mo\u017ce dogmatyk lepiej by\u0142by przeczyta\u0142 dodatkowe traktaty zamiast usprawiedliwia\u0107 praktyczne b\u0142ogos\u0142awienia homoseksualist\u00f3w koncepcj\u0105 zmiennego Boga.<\/p>\n\n\n\n<p class=\"has-text-align-justify wp-block-paragraph\">Pisz\u0105cy te s\u0142owa na papierze tak\u0105 praktyk\u0119 duszpastersk\u0105 odby\u0142, pod wp\u0142ywem kt\u00f3rej stwierdzi\u0142, \u017ce Ko\u015bci\u00f3\u0142 niemiecki skazany jest na zag\u0142ad\u0119. A mia\u0142o to miejsce jeszcze przed jego przej\u015bciem na tradycjonalizm.<\/p>\n\n\n\n<p class=\"has-text-align-justify wp-block-paragraph\">Zauwa\u017cy\u0142 r\u00f3wnie\u017c, \u017ce ksi\u0119\u017ca lub \u015bwieccy pracownicy pastoralni, kt\u00f3rych mn\u00f3stwo, maj\u0105 jeszcze mniejszy kontakt z rzeczywisto\u015bci\u0105 ni\u017c on sam. <\/p>\n\n\n\n<p class=\"has-text-align-justify wp-block-paragraph\">Styczno\u015b\u0107 maj\u0105 jedynie z jakim\u015b wycinkiem rzeczywisto\u015bci ko\u015bcielnej, to jest z pa\u0144stwem w pa\u0144stwie, w kt\u00f3rym nie robi si\u0119 nic, a w kt\u00f3rym trzeba dobrze wygl\u0105da\u0107, co jest niezwykle stresuj\u0105ce. <\/p>\n\n\n\n<p class=\"has-text-align-justify wp-block-paragraph\">Niemiecki ksi\u0105dz nie ma poj\u0119cia o \u017cyciu \u015bwieckim, nie ma poj\u0119cia o \u017cyciu religijnym, wi\u0119c pokrywa swoj\u0105 niekompetencj\u0119 tym, \u017ce wszystkim na wszystko pozwala.<\/p>\n\n\n\n<p class=\"has-text-align-justify wp-block-paragraph\">Prawie nieprzerwanie od 2012 roku autor prze\u017cywa sw\u00f3j sta\u017c pastoralny maj\u0105c styczno\u015b\u0107 z mn\u00f3stwem ludzi, nierzadko w sytuacjach kryzysowych. <\/p>\n\n\n\n<p class=\"has-text-align-justify wp-block-paragraph\">Pod wp\u0142ywem tych do\u015bwiadcze\u0144 stwierdza, \u017ce ska\u017cenie ludzkiej natury grzechem pierworodnym jest spore, a liczba wybranych ma\u0142a.<\/p>\n\n\n\n<p class=\"has-text-align-justify wp-block-paragraph\">Niekiedy widzi zbli\u017caj\u0105cy si\u0119 kataklizm, kt\u00f3remu nie jest w stanie zapobiec, jak na tym zdj\u0119ciu. <\/p>\n\n\n<div class=\"wp-block-image\">\n<figure class=\"aligncenter size-full is-resized\"><img fetchpriority=\"high\" decoding=\"async\" width=\"300\" height=\"401\" data-attachment-id=\"166899\" data-permalink=\"https:\/\/wobronietradycjiiwiary.com\/pl\/o-malzenstwie-lub-nigdy-nie-bylem-wystarczajaco-dobry\/300px-train_hitting_school_bus\/\" data-orig-file=\"https:\/\/wobronietradycjiiwiary.com\/wp-content\/uploads\/2026\/06\/300px-Train_Hitting_School_Bus.jpg\" data-orig-size=\"300,401\" data-comments-opened=\"1\" data-image-meta=\"{&quot;aperture&quot;:&quot;0&quot;,&quot;credit&quot;:&quot;&quot;,&quot;camera&quot;:&quot;&quot;,&quot;caption&quot;:&quot;&quot;,&quot;created_timestamp&quot;:&quot;0&quot;,&quot;copyright&quot;:&quot;&quot;,&quot;focal_length&quot;:&quot;0&quot;,&quot;iso&quot;:&quot;0&quot;,&quot;shutter_speed&quot;:&quot;0&quot;,&quot;title&quot;:&quot;&quot;,&quot;orientation&quot;:&quot;0&quot;,&quot;alt&quot;:&quot;&quot;}\" data-image-title=\"300px-Train_Hitting_School_Bus\" data-image-description=\"\" data-image-caption=\"\" data-large-file=\"https:\/\/wobronietradycjiiwiary.com\/wp-content\/uploads\/2026\/06\/300px-Train_Hitting_School_Bus.jpg\" src=\"https:\/\/wobronietradycjiiwiary.com\/wp-content\/uploads\/2026\/06\/300px-Train_Hitting_School_Bus.jpg\" alt=\"\" class=\"wp-image-166899\" style=\"aspect-ratio:0.7481588278845029;width:402px;height:auto\" srcset=\"https:\/\/wobronietradycjiiwiary.com\/wp-content\/uploads\/2026\/06\/300px-Train_Hitting_School_Bus.jpg 300w, https:\/\/wobronietradycjiiwiary.com\/wp-content\/uploads\/2026\/06\/300px-Train_Hitting_School_Bus-224x300.jpg 224w, https:\/\/wobronietradycjiiwiary.com\/wp-content\/uploads\/2026\/06\/300px-Train_Hitting_School_Bus-112x150.jpg 112w, https:\/\/wobronietradycjiiwiary.com\/wp-content\/uploads\/2026\/06\/300px-Train_Hitting_School_Bus-9x12.jpg 9w, https:\/\/wobronietradycjiiwiary.com\/wp-content\/uploads\/2026\/06\/300px-Train_Hitting_School_Bus-150x200.jpg?crop=1 150w, https:\/\/wobronietradycjiiwiary.com\/wp-content\/uploads\/2026\/06\/300px-Train_Hitting_School_Bus-45x60.jpg 45w, https:\/\/wobronietradycjiiwiary.com\/wp-content\/uploads\/2026\/06\/300px-Train_Hitting_School_Bus-67x90.jpg 67w\" sizes=\"(max-width: 300px) 100vw, 300px\" \/><figcaption class=\"wp-element-caption\">Zderzenie z rzeczywisto\u015bci\u0105.<\/figcaption><\/figure>\n<\/div>\n\n\n<p class=\"has-text-align-justify wp-block-paragraph\">Kwestia nie dotyczy jednak alkoholik\u00f3w, chorych psychicznie lub osadzonych, gdy\u017c w ich przypadku kolizja ju\u017c nast\u0105pi\u0142a, kwestia dotyczy ludzi zamierzaj\u0105cych si\u0119 pobra\u0107.<\/p>\n\n\n\n<p class=\"has-text-align-justify wp-block-paragraph\">Pouczony swoim w\u0142asnym do\u015bwiadczeniem \u017cyciowym, zobiektywizowanym przez kana\u0142y <a href=\"https:\/\/www.youtube.com\/@JustPearlyThings\">Pearl <\/a>i <a href=\"https:\/\/www.youtube.com\/results?search_query=sadia+khan+psychology\">Sadii Khan<\/a> stwierdza, \u017ce kobiety s\u0105 bezwzgl\u0119dne, a trafienie na dobry egzemplarz jest ma\u0142o prawdopodobne. <\/p>\n\n\n\n<p class=\"wp-block-paragraph\">Jak pami\u0119tamy dowody w teologii katolickiej przebiegaj\u0105:<\/p>\n\n\n\n<p class=\"has-text-align-justify wp-block-paragraph\">a. <em>ex intrinseca evidentia<\/em> &#8211; &#8220;na podstawie wewn\u0119trznej naoczno\u015bci&#8221;<\/p>\n\n\n\n<p class=\"wp-block-paragraph\">b. <em>ex autoritate<\/em> &#8211; &#8220;na podstawie autorytetu&#8221;.<\/p>\n\n\n\n<p class=\"has-text-align-justify wp-block-paragraph\">O tym, \u017ce l\u00f3d jest zimny mo\u017cna przekona\u0107 si\u0119 <em>ex intrinseca evidentia<\/em>, o tym, \u017ce suma k\u0105t\u00f3w w tr\u00f3jk\u0105cie wynosi zawsze dok\u0142adnie 180\u00b0 dowiadujemy si\u0119 <em>ex autoritate<\/em> nauczyciela matematyki. <\/p>\n\n\n\n<p class=\"has-text-align-justify wp-block-paragraph\">Wspomniana suma wynosi tyle nie dlatego, \u017ce nauczyciel tak stanowi, ale dlatego, \u017ce inaczej by\u0107 nie mo\u017ce, czego z kolei dowiadujemy si\u0119 na kolejnych etapach naszej matematycznej edukacji.<\/p>\n\n\n\n<p class=\"has-text-align-justify wp-block-paragraph\">Ani Pearl ani Sadia Khan nie s\u0105 dla autora autorytetami, ale sprowadzaj\u0105 wszystkie jego obserwacje do okre\u015blonej formu\u0142y, co wi\u0105\u017ce si\u0119 z tym, \u017ce g\u0142osz\u0105 pogl\u0105dy wysoce kontrowersyjne.<\/p>\n\n\n\n<p class=\"wp-block-paragraph\">A jakie to pogl\u0105dy?<\/p>\n\n\n\n<blockquote class=\"wp-block-quote has-normal-font-size is-layout-flow wp-block-quote-is-layout-flow\">\n<p class=\"wp-block-paragraph\">Wsp\u00f3\u0142czesne kobiety s\u0105 straszne. Dobry m\u0119\u017cczyzna nie ma w starciu z nimi \u017cadnych szans.<\/p>\n<\/blockquote>\n\n\n\n<p class=\"has-text-align-justify wp-block-paragraph\">Sadia Khan powiedzia\u0142a co\u015b, co autora swoj\u0105 prawdziwo\u015bci\u0105 poradzi\u0142o, tak i\u017c musia\u0142 trawi\u0107 jej wypowied\u017a przez dobre kilka dni.<\/p>\n\n\n\n<blockquote class=\"wp-block-quote has-normal-font-size is-layout-flow wp-block-quote-is-layout-flow\">\n<p class=\"has-text-align-justify wp-block-paragraph\">Kobiety czuj\u0105 poci\u0105g do z\u0142ych m\u0119\u017cczyzn, gdy\u017c uwa\u017caj\u0105 ich za m\u0119skich. <\/p>\n\n\n\n<p class=\"has-text-align-justify wp-block-paragraph\">M\u0119\u017cczyzn dobrych uwa\u017caj\u0105 za s\u0142abych i przez to za kobiecych. Nie szanuj\u0105 ich, ani nie maj\u0105 do nich poci\u0105gu.<\/p>\n<\/blockquote>\n\n\n\n<p class=\"has-text-align-justify wp-block-paragraph\">Niestety tak jest i mn\u00f3stwo rzeczy to odkrycie wyja\u015bnia.<\/p>\n\n\n\n<p class=\"has-text-align-justify wp-block-paragraph\">Zdaniem Khan wszystkie wsp\u00f3\u0142czesne poradniki psychologiczne sprawiaj\u0105, \u017ce m\u0119\u017cczy\u017ani staj\u0105 si\u0119 bardziej kobiecy, przez co staj\u0105 si\u0119 dla kobiet odpychaj\u0105cy.<\/p>\n\n\n\n<p class=\"has-text-align-justify wp-block-paragraph\">Poci\u0105g to poci\u0105g, a co zrobi\u0107 mo\u017ce, widzimy na powy\u017cszym obrazku. Oczywi\u015bcie taki wyb\u00f3r skazuje na nieszcz\u0119\u015bcie:<\/p>\n\n\n\n<ul class=\"wp-block-list\">\n<li>sam\u0105 kobiet\u0119, <\/li>\n\n\n\n<li>jej dzieci,<\/li>\n\n\n\n<li>dobrych m\u0119\u017cczyzn.<\/li>\n<\/ul>\n\n\n\n<p class=\"has-text-align-justify wp-block-paragraph\">M\u0119\u017cczy\u017ani, kt\u00f3rzy mieli z\u0142ych ojc\u00f3w, a sami &#8211; nie chc\u0105c na\u015bladowa\u0107 swojego ojca &#8211; staraj\u0105 si\u0119 by\u0107 dobrzy, trac\u0105 tym samym swoj\u0105 m\u0119sko\u015b\u0107.<\/p>\n\n\n\n<p class=\"has-text-align-justify wp-block-paragraph\">Obowi\u0105zuje zatem r\u00f3wnanie:<\/p>\n\n\n\n<blockquote class=\"wp-block-quote has-normal-font-size is-layout-flow wp-block-quote-is-layout-flow\">\n<p class=\"has-text-align-justify wp-block-paragraph\">Z\u0142y = m\u0119ski. Dobry = kobiecy. <\/p>\n<\/blockquote>\n\n\n\n<p class=\"has-text-align-justify wp-block-paragraph\">Faktycznie to straszne, gdy si\u0119 bli\u017cej nad tym zastanowi\u0107. <\/p>\n\n\n\n<p class=\"has-text-align-justify wp-block-paragraph\">Khan przedstawia prawie nietzschea\u0144skie pogl\u0105dy, wedle kt\u00f3rych moralno\u015b\u0107 jest dla ludzi s\u0142abych, podczas gdy nadludzie do powszechnej moralno\u015bci stosowa\u0107 si\u0119 nie musz\u0105.<\/p>\n\n\n\n<p class=\"has-text-align-justify wp-block-paragraph\">W ma\u0142\u017ce\u0144skiej praktyce prowadzi to do tego, \u017ce dobrzy m\u0119\u017cczy\u017ani staj\u0105 si\u0119 \u017ali albo zaczynaj\u0105 pi\u0107, nie mog\u0105c pogodzi\u0107 si\u0119 z rol\u0105, kt\u00f3ra im przypad\u0142a.<\/p>\n\n\n\n<p class=\"has-text-align-justify wp-block-paragraph\">Mo\u017cna by zarzuci\u0107 Khan, \u017ce jest muzu\u0142mank\u0105 \u017cyj\u0105c\u0105 w Dubaju i zna tylko tego rodzaju kobiety i tego rodzaju kultur\u0119. Ale prawda jest inna. Tak  jak m\u00f3wi, jest dok\u0142adnie wsz\u0119dzie.<\/p>\n\n\n\n<p class=\"has-text-align-justify wp-block-paragraph\">Oczywi\u015bcie nale\u017cy wprowadzi\u0107 rozr\u00f3\u017cnienie mi\u0119dzy tym, co kobiety m\u00f3wi\u0105, a co robi\u0105 oraz mi\u0119dzy tym, co je poci\u0105ga, a za kogo faktycznie za m\u0105\u017c wychodz\u0105.<\/p>\n\n\n\n<p class=\"has-text-align-justify wp-block-paragraph\">Do lat 1930-tych ma\u0142\u017ce\u0144stwa nie opierano na uczuciu czy poci\u0105gu, ale raczej na rozumie. Natomiast przed rewolucj\u0105 seksualn\u0105 \u017cadnego &#8220;prawa do poci\u0105gu&#8221; &#8211; przynajmniej dla kobiet &#8211; nie by\u0142o. <\/p>\n\n\n\n<p class=\"has-text-align-justify wp-block-paragraph\">Jak wykazali\u015bmy w naszym cyklu <em><a href=\"https:\/\/wobronietradycjiiwiary.com\/pl\/category\/doktryna\/teologia-moralna\/malzenstwo\/katechizm-rzymski-o-malzenstwie\/\" target=\"_blank\" rel=\"noreferrer noopener\">Katechizm Rzymski o ma\u0142\u017ce\u0144stwie<\/a><\/em>, ma\u0142\u017ce\u0144stwo jest najpierw kontraktem, a nast\u0119pnie sakramentem, a niekoniecznie sta\u0142ym szcz\u0119\u015bciem. <\/p>\n\n\n\n<p class=\"has-text-align-justify wp-block-paragraph\">Jak si\u0119 odpowiedni kontrakt zawrze, a\u017c tak \u017ale nie b\u0119dzie, bo b\u0119d\u0105 jakie\u015b podstawy.<\/p>\n\n\n\n<p class=\"has-text-align-justify wp-block-paragraph\">Niestety tych podstaw obecnie brak, ludzie brn\u0105 w nieszcz\u0119\u015bcie, a autor ma ochot\u0119 interweniowa\u0107 na Dustin Hoffman w <em>Absolwencie<\/em>, ale nie zawsze na \u015blubach swoich klient\u00f3w bywa.<\/p>\n\n\n\n<figure class=\"wp-block-embed is-type-video is-provider-youtube wp-block-embed-youtube wp-embed-aspect-4-3 wp-has-aspect-ratio\"><div class=\"wp-block-embed__wrapper\">\n<span class=\"embed-youtube\" style=\"text-align:center; display: block;\"><iframe class=\"youtube-player\" width=\"580\" height=\"327\" src=\"https:\/\/www.youtube.com\/embed\/u95NSWs-ZXU?version=3&#038;rel=1&#038;showsearch=0&#038;showinfo=1&#038;iv_load_policy=1&#038;fs=1&#038;hl=pl-PL&#038;autohide=2&#038;wmode=transparent\" allowfullscreen=\"true\" style=\"border:0;\" sandbox=\"allow-scripts allow-same-origin allow-popups allow-presentation allow-popups-to-escape-sandbox\"><\/iframe><\/span>\n<\/div><\/figure>\n\n\n\n<p class=\"has-text-align-justify wp-block-paragraph\">T\u0142umaczy\u0142 niedawno dokumenty dla blisku 60-letniego, rozwiedzionego kowala (bo s\u0105 jeszcze takowi), kt\u00f3ry zamierza \u017ceni\u0107 si\u0119 z Polk\u0105, kt\u00f3r\u0105 pozna\u0142 1,5 roku temu. <\/p>\n\n\n\n<p class=\"has-text-align-justify wp-block-paragraph\">Polka tak\u017ce rozwiedziona, z doros\u0142\u0105 c\u00f3rk\u0105, szuka \u017ar\u00f3d\u0142a utrzymania i do \u015blubu d\u0105\u017cy &#8211; zrozumia\u0142e. Kowale w Niemczech zarabiaj\u0105 dobrze, bo koni mn\u00f3stwo, a ma\u0142o kto t\u0119 us\u0142ug\u0119 wykonuje. <\/p>\n\n\n\n<p class=\"has-text-align-justify wp-block-paragraph\">Autor przysz\u0142ej panny m\u0142odej osobi\u015bcie nie widzia\u0142. Zak\u0142ada jednak, \u017ce jest kobiec\u0105, pulchn\u0105 blondyk\u0105, umiej\u0105c\u0105 manipulowa\u0107 m\u0119\u017cczyznami. <\/p>\n\n\n\n<p class=\"has-text-align-justify wp-block-paragraph\">Po \u015blubie b\u0119dzie przepisanie maj\u0105tku i rozw\u00f3d, tak i\u017c matka z dzieckiem b\u0119d\u0105 finansowo zabezpieczone. <\/p>\n\n\n\n<p class=\"has-text-align-justify wp-block-paragraph\">Gdyby sprawa rozwija\u0142a si\u0119 organicznie panna m\u0142oda tak szybko by do \u015blubu nie par\u0142a, tym bardziej, \u017ce jest ju\u017c po jednym rozwodzie.<\/p>\n\n\n\n<blockquote class=\"wp-block-quote has-normal-font-size is-layout-flow wp-block-quote-is-layout-flow\">\n<p class=\"wp-block-paragraph\">A sk\u0105d ta pewno\u015b\u0107?<\/p>\n<\/blockquote>\n\n\n\n<p class=\"has-text-align-justify wp-block-paragraph\">Autor wnioskuje przez analogi\u0119. Mia\u0142 ju\u017c u siebie podobn\u0105 par\u0119. On le\u015bnik, ona &#8211; Polka po studiach, kt\u00f3ra by\u0142a bardziej zainteresowana autorem ni\u017c swoim &#8220;narzeczonym&#8221;. <\/p>\n\n\n\n<p class=\"has-text-align-justify wp-block-paragraph\">Autor ma tytu\u0142 naukowy i wi\u0119cej pieni\u0119dzy, wi\u0119c na skali atrakcyjno\u015bci stoi wy\u017cej. Takie s\u0105 kobiety &#8211; grzech pierworodny. <\/p>\n\n\n\n<p class=\"has-text-align-justify wp-block-paragraph\">\u0141api\u0105 jednego, by rozgl\u0105da\u0107 si\u0119 na kolejnym i lepszym. Amerykanie m\u00f3wi\u0105 na to <em>monkey branching<\/em> &#8211; &#8220;skaka\u0107 z ga\u0142\u0119zi na ga\u0142\u0105\u017a jak ma\u0142pa&#8221;.<\/p>\n\n\n\n<p class=\"has-text-align-justify wp-block-paragraph\">Szczeg\u00f3lnie intensywnie praktykowane jest to w Dubaju lub innych miejscach, w kt\u00f3rych bywaj\u0105 bogaci m\u0119\u017cczy\u017ani, kt\u00f3rych &#8211; jak relacjonuje Sadia Khan &#8211; nic przed <em>monkey branching<\/em> ich partnerek nie chroni. <\/p>\n\n\n\n<p class=\"has-text-align-justify wp-block-paragraph\">Panowie pracuj\u0105 dzie\u0144 i noc na kobiety, a te nudz\u0105 si\u0119 i zdradzaj\u0105. Nie tylko w Dubaju. <\/p>\n\n\n\n<p class=\"has-text-align-justify wp-block-paragraph\">Kto\u015b, kto jest na jakim\u015b etapie \u017cycia danej kobiety wystarczaj\u0105co dobry, na innym jej etapie takim by\u0107 przestaje.<\/p>\n\n\n\n<p class=\"has-text-align-justify wp-block-paragraph\">M\u0119\u017cczy\u017ani tego wszystkiego nie wiedz\u0105 ani tych wszystkich znak\u00f3w ostrzegawczych nie dostrzegaj\u0105. Nie licz\u0105 si\u0119 te\u017c z negatywnym obrotem spraw. <\/p>\n\n\n\n<p class=\"has-text-align-justify wp-block-paragraph\">Autor nie ma teraz na my\u015bli miliarder\u00f3w z Dubaju, ale swoich zapoznanych klient\u00f3w.<\/p>\n\n\n\n<p class=\"has-text-align-justify wp-block-paragraph\">Cz\u0142owiek widzi to, co chce, a chce, poniewa\u017c usprawiedliwia przed sob\u0105 samym w\u0142asny wyb\u00f3r. Im bardziej o wyborze w\u0105tpi, tym bardziej go te\u017c usprawiedliwia.<\/p>\n\n\n\n<p class=\"has-text-align-justify wp-block-paragraph\">Wczoraj autor mia\u0142 kolejnego klienta, kt\u00f3rego zrobi\u0142o mu si\u0119 \u017cal. \u015arednio atrakcyjny m\u0119\u017cczyzna o wykszta\u0142ceniu zawodowym, zarabia ca\u0142kiem dobrze jako wykwalifikowany pracownik obr\u00f3bki metalu &#8211; z wykszta\u0142cenia stolarz. <\/p>\n\n\n\n<p class=\"has-text-align-justify wp-block-paragraph\">Pocz\u0105tek lub po\u0142owa 30-tki. Na urlopie w Bu\u0142garii pozna\u0142 kobiet\u0119 z Bangladeszu &#8211; muzu\u0142mank\u0119 &#8211; kt\u00f3r\u0105 zamierza teraz po\u015blubi\u0107.<\/p>\n\n\n\n<p class=\"has-text-align-justify wp-block-paragraph\">Stara si\u0119 \u015bci\u0105gn\u0105\u0107 j\u0105 do Niemiec, a przedtem pojecha\u0107 do Bangladeszu pozna\u0107 jej rodzin\u0119. Jedno i drugie jest mocno skomplikowane i kosztowne.<\/p>\n\n\n\n<p class=\"has-text-align-justify wp-block-paragraph\">Na pytanie autora, dlaczego nie znalaz\u0142 \u017cadnej Polki lub Europejki odpar\u0142 smutno:<\/p>\n\n\n\n<blockquote class=\"wp-block-quote has-normal-font-size is-layout-flow wp-block-quote-is-layout-flow\">\n<p class=\"wp-block-paragraph\">Bo ja nigdy nie by\u0142em wystarczaj\u0105co dobry.<\/p>\n<\/blockquote>\n\n\n\n<p class=\"has-text-align-justify wp-block-paragraph\">Autor go rozumie, bo sam si\u0119 latami tak czu\u0142, a napotkane panie dok\u0142adnie go w tym przekonaniu utwierdza\u0142y. <\/p>\n\n\n\n<p class=\"has-text-align-justify wp-block-paragraph\">W\u015br\u00f3d argument\u00f3w, dlaczego m\u0119\u017cczy\u017ani zarabiaj\u0105 wi\u0119cej od kobiet pada r\u00f3wnie\u017c ten, \u017ce m\u0119\u017cczy\u017ani bardziej agresywnie negocjuj\u0105 swoje p\u0142ace.<\/p>\n\n\n\n<p class=\"has-text-align-justify wp-block-paragraph\">To mo\u017ce i prawda, ale nikt nie podaje, jak agresywnie i nierealistycznie kobiety negocjuj\u0105 z m\u0119\u017cczyznami, kt\u00f3rzy s\u0105 si\u0119 z nimi um\u00f3wi\u0107. <\/p>\n\n\n\n<p class=\"has-text-align-justify wp-block-paragraph\">Nikt i nic nie jest wystarczaj\u0105co dobre. Tak mniej wi\u0119cej do 26 roku \u017cycia. Niekt\u00f3re panie z czasem \u0142agodniej\u0105, ale niestety nie wszystkie.<\/p>\n\n\n\n<p class=\"has-text-align-justify wp-block-paragraph\">Oczywi\u015bcie, \u017ce zawsze kobiety wybrzydza\u0142y, ale mimo to by\u0142y jako\u015b umiejscowione w rzeczywisto\u015bci. Pi\u0119kno\u015b\u0107 danej wsi mog\u0142a w kandydatach z danej wsi wybrzydza\u0107. <\/p>\n\n\n\n<p class=\"has-text-align-justify wp-block-paragraph\">Wiedzia\u0142a jednak, \u017ce by\u0107 mo\u017ce miastowych standard\u00f3w ju\u017c nie spe\u0142nia ani te\u017c dworskich. Jej zasi\u0119g oddzia\u0142ywania by\u0142 ograniczony, podobnie jak marzenia. <\/p>\n\n\n\n<p class=\"has-text-align-justify wp-block-paragraph\">Matka by ju\u017c jej wyt\u0142umaczy\u0142a, co jest w jej przypadku realne a co nim nie jest.<\/p>\n\n\n\n<p class=\"has-text-align-justify wp-block-paragraph\">Tymczasem ta ca\u0142a wsp\u00f3\u0142czesna kultura medi\u00f3w spo\u0142eczno\u015bciowych sprawia, \u017ce teoretycznie i praktycznie ma si\u0119 dost\u0119p do milion\u00f3w ludzi na ca\u0142ym  \u015bwiecie, przez co poczucie w\u0142asnej atrakcyjno\u015bci niekoniecznie wzrasta.<\/p>\n\n\n\n<p class=\"has-text-align-justify wp-block-paragraph\">Cierpi\u0105 przez to zw\u0142aszcza m\u0119\u017cczy\u017ani, czego dowodzi np. Tinder. Ze statystyk wynika, \u017ce 10% ponadprzeci\u0119tnie atrakcyjnych m\u0119\u017cczyzn mo\u017ce spotyka\u0107 si\u0119 ze wszystkimi kobietami. <\/p>\n\n\n\n<p class=\"has-text-align-justify wp-block-paragraph\">Niekoniecznie jednak &#8220;spotykanie si\u0119&#8221; w rozumieniu kontakt\u00f3w seksualnych prowadzi do ma\u0142\u017ce\u0144stwa, gdy\u017c cz\u0119sto kobiety nie chc\u0105 mie\u0107 partner\u00f3w atrakcyjniejszych od siebie. <\/p>\n\n\n\n<p class=\"has-text-align-justify wp-block-paragraph\">Kobiety czuj\u0105 si\u0119 komfortowo, gdy to one s\u0105 m\u0142odsze i \u0142adniejsze &#8211; nie odwrotnie. I masz babo placek!<\/p>\n\n\n<div class=\"wp-block-image\">\n<figure class=\"aligncenter size-large\"><img decoding=\"async\" width=\"1024\" height=\"768\" data-attachment-id=\"166927\" data-permalink=\"https:\/\/wobronietradycjiiwiary.com\/pl\/o-malzenstwie-lub-nigdy-nie-bylem-wystarczajaco-dobry\/15259716-7\/\" data-orig-file=\"https:\/\/wobronietradycjiiwiary.com\/wp-content\/uploads\/2026\/06\/What-Is-a-Chad-Step-7.jpg\" data-orig-size=\"3200,2400\" data-comments-opened=\"1\" data-image-meta=\"{&quot;aperture&quot;:&quot;0&quot;,&quot;credit&quot;:&quot;&quot;,&quot;camera&quot;:&quot;&quot;,&quot;caption&quot;:&quot;&quot;,&quot;created_timestamp&quot;:&quot;0&quot;,&quot;copyright&quot;:&quot;&quot;,&quot;focal_length&quot;:&quot;0&quot;,&quot;iso&quot;:&quot;0&quot;,&quot;shutter_speed&quot;:&quot;0&quot;,&quot;title&quot;:&quot;15259716-7&quot;,&quot;orientation&quot;:&quot;0&quot;,&quot;alt&quot;:&quot;&quot;}\" data-image-title=\"15259716-7\" data-image-description=\"\" data-image-caption=\"\" data-large-file=\"https:\/\/wobronietradycjiiwiary.com\/wp-content\/uploads\/2026\/06\/What-Is-a-Chad-Step-7-1024x768.jpg\" src=\"https:\/\/wobronietradycjiiwiary.com\/wp-content\/uploads\/2026\/06\/What-Is-a-Chad-Step-7-1024x768.jpg\" alt=\"\" class=\"wp-image-166927\" srcset=\"https:\/\/wobronietradycjiiwiary.com\/wp-content\/uploads\/2026\/06\/What-Is-a-Chad-Step-7-1024x768.jpg 1024w, https:\/\/wobronietradycjiiwiary.com\/wp-content\/uploads\/2026\/06\/What-Is-a-Chad-Step-7-300x225.jpg 300w, https:\/\/wobronietradycjiiwiary.com\/wp-content\/uploads\/2026\/06\/What-Is-a-Chad-Step-7-150x113.jpg 150w, https:\/\/wobronietradycjiiwiary.com\/wp-content\/uploads\/2026\/06\/What-Is-a-Chad-Step-7-768x576.jpg 768w, https:\/\/wobronietradycjiiwiary.com\/wp-content\/uploads\/2026\/06\/What-Is-a-Chad-Step-7-1536x1152.jpg 1536w, https:\/\/wobronietradycjiiwiary.com\/wp-content\/uploads\/2026\/06\/What-Is-a-Chad-Step-7-2048x1536.jpg 2048w, https:\/\/wobronietradycjiiwiary.com\/wp-content\/uploads\/2026\/06\/What-Is-a-Chad-Step-7-16x12.jpg 16w, https:\/\/wobronietradycjiiwiary.com\/wp-content\/uploads\/2026\/06\/What-Is-a-Chad-Step-7-1200x900.jpg?crop=1 1200w, https:\/\/wobronietradycjiiwiary.com\/wp-content\/uploads\/2026\/06\/What-Is-a-Chad-Step-7-800x600.jpg?crop=1 800w, https:\/\/wobronietradycjiiwiary.com\/wp-content\/uploads\/2026\/06\/What-Is-a-Chad-Step-7-600x450.jpg?crop=1 600w, https:\/\/wobronietradycjiiwiary.com\/wp-content\/uploads\/2026\/06\/What-Is-a-Chad-Step-7-400x300.jpg?crop=1 400w, https:\/\/wobronietradycjiiwiary.com\/wp-content\/uploads\/2026\/06\/What-Is-a-Chad-Step-7-200x150.jpg?crop=1 200w, https:\/\/wobronietradycjiiwiary.com\/wp-content\/uploads\/2026\/06\/What-Is-a-Chad-Step-7-1980x1485.jpg 1980w, https:\/\/wobronietradycjiiwiary.com\/wp-content\/uploads\/2026\/06\/What-Is-a-Chad-Step-7-450x338.jpg 450w, https:\/\/wobronietradycjiiwiary.com\/wp-content\/uploads\/2026\/06\/What-Is-a-Chad-Step-7-80x60.jpg 80w, https:\/\/wobronietradycjiiwiary.com\/wp-content\/uploads\/2026\/06\/What-Is-a-Chad-Step-7-120x90.jpg 120w\" sizes=\"(max-width: 1024px) 100vw, 1024px\" \/><figcaption class=\"wp-element-caption\">Skala m\u0119skiej atrakcyjno\u015bci &#8211; panie i tak b\u0119d\u0105 wybrzydza\u0107.<\/figcaption><\/figure>\n<\/div>\n\n<div class=\"wp-block-image\">\n<figure class=\"aligncenter size-full\"><img decoding=\"async\" width=\"487\" height=\"630\" data-attachment-id=\"166929\" data-permalink=\"https:\/\/wobronietradycjiiwiary.com\/pl\/o-malzenstwie-lub-nigdy-nie-bylem-wystarczajaco-dobry\/images-1-17\/\" data-orig-file=\"https:\/\/wobronietradycjiiwiary.com\/wp-content\/uploads\/2026\/06\/images-1.jpeg\" data-orig-size=\"487,630\" data-comments-opened=\"1\" data-image-meta=\"{&quot;aperture&quot;:&quot;0&quot;,&quot;credit&quot;:&quot;&quot;,&quot;camera&quot;:&quot;&quot;,&quot;caption&quot;:&quot;&quot;,&quot;created_timestamp&quot;:&quot;0&quot;,&quot;copyright&quot;:&quot;&quot;,&quot;focal_length&quot;:&quot;0&quot;,&quot;iso&quot;:&quot;0&quot;,&quot;shutter_speed&quot;:&quot;0&quot;,&quot;title&quot;:&quot;&quot;,&quot;orientation&quot;:&quot;0&quot;,&quot;alt&quot;:&quot;&quot;}\" data-image-title=\"images (1)\" data-image-description=\"\" data-image-caption=\"\" data-large-file=\"https:\/\/wobronietradycjiiwiary.com\/wp-content\/uploads\/2026\/06\/images-1.jpeg\" src=\"https:\/\/wobronietradycjiiwiary.com\/wp-content\/uploads\/2026\/06\/images-1.jpeg\" alt=\"\" class=\"wp-image-166929\" srcset=\"https:\/\/wobronietradycjiiwiary.com\/wp-content\/uploads\/2026\/06\/images-1.jpeg 487w, https:\/\/wobronietradycjiiwiary.com\/wp-content\/uploads\/2026\/06\/images-1-232x300.jpeg 232w, https:\/\/wobronietradycjiiwiary.com\/wp-content\/uploads\/2026\/06\/images-1-116x150.jpeg 116w, https:\/\/wobronietradycjiiwiary.com\/wp-content\/uploads\/2026\/06\/images-1-9x12.jpeg 9w, https:\/\/wobronietradycjiiwiary.com\/wp-content\/uploads\/2026\/06\/images-1-450x582.jpeg 450w, https:\/\/wobronietradycjiiwiary.com\/wp-content\/uploads\/2026\/06\/images-1-46x60.jpeg 46w, https:\/\/wobronietradycjiiwiary.com\/wp-content\/uploads\/2026\/06\/images-1-70x90.jpeg 70w\" sizes=\"(max-width: 487px) 100vw, 487px\" \/><figcaption class=\"wp-element-caption\">Randkowanie dla m\u0119\u017cczyzn &#8211; i tutaj obowi\u0105zuje piramida.<\/figcaption><\/figure>\n<\/div>\n\n<div class=\"wp-block-image\">\n<figure class=\"aligncenter size-full\"><img loading=\"lazy\" decoding=\"async\" width=\"387\" height=\"516\" data-attachment-id=\"166931\" data-permalink=\"https:\/\/wobronietradycjiiwiary.com\/pl\/o-malzenstwie-lub-nigdy-nie-bylem-wystarczajaco-dobry\/images-32\/\" data-orig-file=\"https:\/\/wobronietradycjiiwiary.com\/wp-content\/uploads\/2026\/06\/images.png\" data-orig-size=\"387,516\" data-comments-opened=\"1\" data-image-meta=\"{&quot;aperture&quot;:&quot;0&quot;,&quot;credit&quot;:&quot;&quot;,&quot;camera&quot;:&quot;&quot;,&quot;caption&quot;:&quot;&quot;,&quot;created_timestamp&quot;:&quot;0&quot;,&quot;copyright&quot;:&quot;&quot;,&quot;focal_length&quot;:&quot;0&quot;,&quot;iso&quot;:&quot;0&quot;,&quot;shutter_speed&quot;:&quot;0&quot;,&quot;title&quot;:&quot;&quot;,&quot;orientation&quot;:&quot;0&quot;,&quot;alt&quot;:&quot;&quot;}\" data-image-title=\"images\" data-image-description=\"\" data-image-caption=\"\" data-large-file=\"https:\/\/wobronietradycjiiwiary.com\/wp-content\/uploads\/2026\/06\/images.png\" src=\"https:\/\/wobronietradycjiiwiary.com\/wp-content\/uploads\/2026\/06\/images.png\" alt=\"\" class=\"wp-image-166931\" srcset=\"https:\/\/wobronietradycjiiwiary.com\/wp-content\/uploads\/2026\/06\/images.png 387w, https:\/\/wobronietradycjiiwiary.com\/wp-content\/uploads\/2026\/06\/images-225x300.png 225w, https:\/\/wobronietradycjiiwiary.com\/wp-content\/uploads\/2026\/06\/images-113x150.png 113w, https:\/\/wobronietradycjiiwiary.com\/wp-content\/uploads\/2026\/06\/images-9x12.png 9w, https:\/\/wobronietradycjiiwiary.com\/wp-content\/uploads\/2026\/06\/images-300x400.png?crop=1 300w, https:\/\/wobronietradycjiiwiary.com\/wp-content\/uploads\/2026\/06\/images-150x200.png?crop=1 150w, https:\/\/wobronietradycjiiwiary.com\/wp-content\/uploads\/2026\/06\/images-45x60.png 45w, https:\/\/wobronietradycjiiwiary.com\/wp-content\/uploads\/2026\/06\/images-68x90.png 68w\" sizes=\"(max-width: 387px) 100vw, 387px\" \/><figcaption class=\"wp-element-caption\">Ca\u0142kowita nieproporcjonalno\u015b\u0107 mo\u017cliwo\u015bci.<\/figcaption><\/figure>\n<\/div>\n\n\n<p class=\"has-text-align-justify wp-block-paragraph\">Niestety takie s\u0105 fakty, taka jest matematyka. M\u0119\u017cczy\u017ani zniech\u0119ceni brakiem powodzenia online, niekoniecznie maj\u0105 \u015bmia\u0142o\u015b\u0107 odezwania si\u0119 do kobiety w realnym \u017cyciu, co pog\u0142\u0119bia ich frustracj\u0119. <\/p>\n\n\n\n<p class=\"has-text-align-justify wp-block-paragraph\">Alternatyw\u0105 by\u0107 mo\u017ce jaka\u015b egzotyczna narzeczona, kt\u00f3r\u0105 Niemcy okre\u015blaj\u0105 jako <em>Katalogbraut <\/em>&#8211; &#8220;narzeczona z katalogu&#8221;. <\/p>\n\n\n\n<p class=\"has-text-align-justify wp-block-paragraph\">Klient autora narzeczon\u0105 w realu w Bu\u0142garii pozna\u0142. Ale jego szcz\u0119\u015bcie ma\u0142\u017ce\u0144skie ze wzgl\u0119du na r\u00f3\u017cnorodno\u015b\u0107 kultury i religii staje pod wielkim znakiem zapytania.<\/p>\n\n\n\n<p class=\"has-text-align-justify wp-block-paragraph\">Dla muzu\u0142manki Europejczyk lub chrze\u015bcijanin b\u0119dzie zbyt s\u0142aby, kobiecy, a dodatkowo jako niemuzu\u0142manin bez praw i godno\u015bci. <\/p>\n\n\n\n<p class=\"has-text-align-justify wp-block-paragraph\">Braterstwo wszystkich ludzi to my\u015bl chrze\u015bcija\u0144ska. Dla \u017byd\u00f3w goje, dla muzu\u0142man\u00f3w niewierni nie s\u0105 lud\u017ami. Mo\u017cna wobec nich zastosowa\u0107 inne \u015brodki ni\u017c do swoich.<\/p>\n\n\n\n<p class=\"has-text-align-justify wp-block-paragraph\">Autor zak\u0142ada, \u017ce muzu\u0142ma\u0144ska \u017cona polskiego m\u0119\u017ca opu\u015bci, jak tylko stanie na w\u0142asnych nogach i wyda si\u0119 za jakiego\u015b osiad\u0142ego w Niemczech muzu\u0142manina. <\/p>\n\n\n\n<p class=\"has-text-align-justify wp-block-paragraph\">Polak b\u0119dzie rozwiedziony i zawiedziony, a wszyscy naoko\u0142o powiedz\u0105 mu, \u017ce go przestrzegali. <\/p>\n\n\n\n<p class=\"has-text-align-justify wp-block-paragraph\">Ale do tego stanu doprowadzi\u0142y tak naprawd\u0119 polskie kobiety, dla kt\u00f3rych nie by\u0142 wystarczaj\u0105co atrakcyjny by\u0107 mo\u017ce dlatego, \u017ce jest dobry.<\/p>\n\n\n\n<blockquote class=\"wp-block-quote has-normal-font-size is-layout-flow wp-block-quote-is-layout-flow\">\n<p class=\"wp-block-paragraph\"><\/p>\n<\/blockquote>\n\n\n\n<p class=\"wp-block-paragraph\"><\/p>\n\n\n\n<div class=\"wp-block-kadence-infobox kt-info-box74405_787106-ce\"><a class=\"kt-blocks-info-box-link-wrap info-box-link kt-blocks-info-box-media-align-top kt-info-halign-center\" target=\"_blank\" rel=\"noopener noreferrer\" href=\"https:\/\/wobronietradycjiiwiary.com\/pl\/subskrypcje-2\/\"><div class=\"kt-blocks-info-box-media-container\"><div class=\"kt-blocks-info-box-media kt-info-media-animate-none\"><div class=\"kadence-info-box-image-inner-intrisic-container\"><div class=\"kadence-info-box-image-intrisic kt-info-animate-none\"><div class=\"kadence-info-box-image-inner-intrisic\"><img loading=\"lazy\" decoding=\"async\" data-attachment-id=\"99768\" data-permalink=\"https:\/\/wobronietradycjiiwiary.com\/pl\/cropped-cropped-st-peters-dome-vatican-1-jpg\/\" data-orig-file=\"https:\/\/wobronietradycjiiwiary.com\/wp-content\/uploads\/2015\/10\/cropped-cropped-st-peters-dome-vatican-1.jpg\" data-orig-size=\"512,512\" data-comments-opened=\"1\" data-image-meta=\"{&quot;aperture&quot;:&quot;0&quot;,&quot;credit&quot;:&quot;&quot;,&quot;camera&quot;:&quot;&quot;,&quot;caption&quot;:&quot;&quot;,&quot;created_timestamp&quot;:&quot;0&quot;,&quot;copyright&quot;:&quot;&quot;,&quot;focal_length&quot;:&quot;0&quot;,&quot;iso&quot;:&quot;0&quot;,&quot;shutter_speed&quot;:&quot;0&quot;,&quot;title&quot;:&quot;&quot;,&quot;orientation&quot;:&quot;0&quot;}\" data-image-title=\"cropped-cropped-st-peters-dome-vatican-1.jpg\" data-image-description=\"&lt;p&gt;https:\/\/wobronietradycjiiwiary.com\/wp-content\/uploads\/2015\/10\/cropped-cropped-st-peters-dome-vatican-1.jpg&lt;\/p&gt;\n\" data-image-caption=\"\" data-large-file=\"https:\/\/wobronietradycjiiwiary.com\/wp-content\/uploads\/2015\/10\/cropped-cropped-st-peters-dome-vatican-1.jpg\" src=\"https:\/\/wobronietradycjiiwiary.com\/wp-content\/uploads\/2015\/10\/cropped-cropped-st-peters-dome-vatican-1-150x150.jpg\" alt=\"\" width=\"150\" height=\"150\" class=\"kt-info-box-image wp-image-99768\" srcset=\"https:\/\/wobronietradycjiiwiary.com\/wp-content\/uploads\/2015\/10\/cropped-cropped-st-peters-dome-vatican-1-150x150.jpg 150w, https:\/\/wobronietradycjiiwiary.com\/wp-content\/uploads\/2015\/10\/cropped-cropped-st-peters-dome-vatican-1-300x300.jpg 300w, https:\/\/wobronietradycjiiwiary.com\/wp-content\/uploads\/2015\/10\/cropped-cropped-st-peters-dome-vatican-1-12x12.jpg 12w, https:\/\/wobronietradycjiiwiary.com\/wp-content\/uploads\/2015\/10\/cropped-cropped-st-peters-dome-vatican-1-400x400.jpg?crop=1 400w, https:\/\/wobronietradycjiiwiary.com\/wp-content\/uploads\/2015\/10\/cropped-cropped-st-peters-dome-vatican-1-200x200.jpg?crop=1 200w, https:\/\/wobronietradycjiiwiary.com\/wp-content\/uploads\/2015\/10\/cropped-cropped-st-peters-dome-vatican-1-100x100.jpg?crop=1 100w, https:\/\/wobronietradycjiiwiary.com\/wp-content\/uploads\/2015\/10\/cropped-cropped-st-peters-dome-vatican-1-270x270.jpg 270w, https:\/\/wobronietradycjiiwiary.com\/wp-content\/uploads\/2015\/10\/cropped-cropped-st-peters-dome-vatican-1-192x192.jpg 192w, https:\/\/wobronietradycjiiwiary.com\/wp-content\/uploads\/2015\/10\/cropped-cropped-st-peters-dome-vatican-1-180x180.jpg 180w, https:\/\/wobronietradycjiiwiary.com\/wp-content\/uploads\/2015\/10\/cropped-cropped-st-peters-dome-vatican-1-32x32.jpg 32w, https:\/\/wobronietradycjiiwiary.com\/wp-content\/uploads\/2015\/10\/cropped-cropped-st-peters-dome-vatican-1.jpg 512w\" sizes=\"(max-width: 150px) 100vw, 150px\" \/><\/div><\/div><\/div><\/div><\/div><div class=\"kt-infobox-textcontent\"><h2 class=\"kt-blocks-info-box-title\">Chcesz czyta\u0107 wszystko?<\/h2><p class=\"kt-blocks-info-box-text\"><strong>Wykup abonament.<\/strong><\/p><\/div><\/a><\/div>\n\n\n\n<div class=\"wp-block-cover aligncenter\" style=\"min-height:361px;aspect-ratio:unset;\"><img loading=\"lazy\" decoding=\"async\" width=\"524\" height=\"539\" data-attachment-id=\"115630\" data-permalink=\"https:\/\/wobronietradycjiiwiary.com\/pl\/church-militant-o-naduzyciach-seksualnych-w-bractwie-sw-piusa-x-nowy-cykl\/ec48bf44892c29b895741920e0bdef09-2\/\" data-orig-file=\"https:\/\/wobronietradycjiiwiary.com\/wp-content\/uploads\/2024\/04\/ec48bf44892c29b895741920e0bdef09.jpg\" data-orig-size=\"524,539\" data-comments-opened=\"1\" data-image-meta=\"{&quot;aperture&quot;:&quot;0&quot;,&quot;credit&quot;:&quot;&quot;,&quot;camera&quot;:&quot;&quot;,&quot;caption&quot;:&quot;&quot;,&quot;created_timestamp&quot;:&quot;0&quot;,&quot;copyright&quot;:&quot;&quot;,&quot;focal_length&quot;:&quot;0&quot;,&quot;iso&quot;:&quot;0&quot;,&quot;shutter_speed&quot;:&quot;0&quot;,&quot;title&quot;:&quot;&quot;,&quot;orientation&quot;:&quot;0&quot;}\" data-image-title=\"ec48bf44892c29b895741920e0bdef09\" data-image-description=\"\" data-image-caption=\"\" data-large-file=\"https:\/\/wobronietradycjiiwiary.com\/wp-content\/uploads\/2024\/04\/ec48bf44892c29b895741920e0bdef09.jpg\" class=\"wp-block-cover__image-background wp-image-115630\" alt=\"\" src=\"https:\/\/wobronietradycjiiwiary.com\/wp-content\/uploads\/2024\/04\/ec48bf44892c29b895741920e0bdef09.jpg\" style=\"object-position:57% 0%\" data-object-fit=\"cover\" data-object-position=\"57% 0%\" srcset=\"https:\/\/wobronietradycjiiwiary.com\/wp-content\/uploads\/2024\/04\/ec48bf44892c29b895741920e0bdef09.jpg 524w, https:\/\/wobronietradycjiiwiary.com\/wp-content\/uploads\/2024\/04\/ec48bf44892c29b895741920e0bdef09-450x463.jpg 450w, https:\/\/wobronietradycjiiwiary.com\/wp-content\/uploads\/2024\/04\/ec48bf44892c29b895741920e0bdef09-292x300.jpg 292w, https:\/\/wobronietradycjiiwiary.com\/wp-content\/uploads\/2024\/04\/ec48bf44892c29b895741920e0bdef09-146x150.jpg 146w, https:\/\/wobronietradycjiiwiary.com\/wp-content\/uploads\/2024\/04\/ec48bf44892c29b895741920e0bdef09-12x12.jpg 12w, https:\/\/wobronietradycjiiwiary.com\/wp-content\/uploads\/2024\/04\/ec48bf44892c29b895741920e0bdef09-58x60.jpg 58w, https:\/\/wobronietradycjiiwiary.com\/wp-content\/uploads\/2024\/04\/ec48bf44892c29b895741920e0bdef09-87x90.jpg 87w\" sizes=\"(max-width: 524px) 100vw, 524px\" \/><span aria-hidden=\"true\" class=\"wp-block-cover__background has-background-dim\"><\/span><div class=\"wp-block-cover__inner-container is-layout-flow wp-block-cover-is-layout-flow\">\n<p class=\"has-text-align-center has-large-font-size wp-block-paragraph\"><mark style=\"background-color:rgba(0, 0, 0, 0)\" class=\"has-inline-color has-luminous-vivid-amber-color\"><strong>Spodoba\u0142o si\u0119? Wspieraj nas!<\/strong><\/mark><\/p>\n\n\n\n<p class=\"has-text-align-center wp-block-paragraph\"><strong>Kart\u0105, paypalem lub bezpo\u015brednim przelewem<\/strong>.<\/p>\n\n\n\n<p class=\"has-text-align-center wp-block-paragraph\" style=\"font-size:39px\"><a aria-label=\" (opens in a new tab)\" class=\"ek-link\" href=\"https:\/\/donate.stripe.com\/6oE7uNfHU4nXe2I7su\" target=\"_blank\" rel=\"noreferrer noopener\"><mark style=\"background-color:rgba(0, 0, 0, 0)\" class=\"has-inline-color has-white-color\"><strong>Datki<\/strong> <\/mark><\/a><\/p>\n<\/div><\/div>\n\n\n\n<p class=\"wp-block-paragraph\"><\/p>\n","protected":false},"excerpt":{"rendered":"<p>Rozwa\u017cania o randkowaniu, Tinderze, ma\u0142\u017ce\u0144stwie i wsp\u00f3\u0142czesnych kobietach.<\/p>\n","protected":false},"author":60508433,"featured_media":166936,"comment_status":"open","ping_status":"open","sticky":false,"template":"","format":"standard","meta":{"_bbp_topic_count":0,"_bbp_reply_count":0,"_bbp_total_topic_count":0,"_bbp_total_reply_count":0,"_bbp_voice_count":0,"_bbp_anonymous_reply_count":0,"_bbp_topic_count_hidden":0,"_bbp_reply_count_hidden":0,"_bbp_forum_subforum_count":0,"_editorskit_title_hidden":false,"_editorskit_reading_time":0,"_editorskit_is_block_options_detached":false,"_editorskit_block_options_position":"{}","_coblocks_attr":"","_coblocks_dimensions":"","_coblocks_responsive_height":"","_coblocks_accordion_ie_support":"","_exactmetrics_skip_tracking":false,"_jetpack_newsletter_access":"","_jetpack_dont_email_post_to_subs":false,"_jetpack_newsletter_tier_id":0,"_jetpack_memberships_contains_paywalled_content":false,"_wpcom_ai_launchpad_first_post":false,"_jetpack_feature_clip_id":0,"_jetpack_memberships_contains_paid_content":false,"footnotes":"","jetpack_publicize_message":"O ma\u0142\u017ce\u0144stwie lub \"nigdy nie by\u0142em wystarczaj\u0105co dobry\".","jetpack_publicize_feature_enabled":true,"jetpack_social_post_already_shared":true,"jetpack_social_options":{"image_generator_settings":{"template":"highway","default_image_id":0,"font":"","enabled":false},"version":2},"_wpas_customize_per_network":false,"jetpack_post_was_ever_published":false},"categories":[610131185,610131187,40321200],"tags":[1010222,610136235],"class_list":["post-166888","post","type-post","status-publish","format-standard","has-post-thumbnail","hentry","category-doktryna","category-malzenstwo","category-teologia-moralna","tag-malzenstwo","tag-tinder"],"yoast_head":"<!-- This site is optimized with the Yoast SEO plugin v28.4 - https:\/\/yoast.com\/product\/yoast-seo-wordpress\/ -->\n<title>O ma\u0142\u017ce\u0144stwie lub &quot;nigdy nie by\u0142em wystarczaj\u0105co dobry&quot;. - Tradycja i Wiara<\/title>\n<meta name=\"robots\" content=\"index, follow, max-snippet:-1, max-image-preview:large, max-video-preview:-1\" \/>\n<link rel=\"canonical\" href=\"https:\/\/wobronietradycjiiwiary.com\/pl\/o-malzenstwie-lub-nigdy-nie-bylem-wystarczajaco-dobry\/\" \/>\n<meta property=\"og:locale\" content=\"pl_PL\" \/>\n<meta property=\"og:type\" content=\"article\" \/>\n<meta property=\"og:title\" content=\"O ma\u0142\u017ce\u0144stwie lub &quot;nigdy nie by\u0142em wystarczaj\u0105co dobry&quot;. - Tradycja i Wiara\" \/>\n<meta property=\"og:description\" content=\"Rozwa\u017cania o randkowaniu, Tinderze, ma\u0142\u017ce\u0144stwie i wsp\u00f3\u0142czesnych kobietach.\" \/>\n<meta property=\"og:url\" content=\"https:\/\/wobronietradycjiiwiary.com\/pl\/o-malzenstwie-lub-nigdy-nie-bylem-wystarczajaco-dobry\/\" \/>\n<meta property=\"og:site_name\" content=\"Tradycja i Wiara\" \/>\n<meta property=\"article:publisher\" content=\"https:\/\/www.facebook.com\/Tradycja-i-Wiara-108813920592249\" \/>\n<meta property=\"article:published_time\" content=\"2026-06-16T18:11:20+00:00\" \/>\n<meta property=\"article:modified_time\" content=\"2026-07-02T20:42:56+00:00\" \/>\n<meta property=\"og:image\" content=\"https:\/\/wobronietradycjiiwiary.com\/wp-content\/uploads\/2026\/06\/b4e308c9-6b26-44d3-9b78-d9dfee568b71_w1044_r1.5_fpx63_fpy14.webp\" \/>\n\t<meta property=\"og:image:width\" content=\"1044\" \/>\n\t<meta property=\"og:image:height\" content=\"696\" \/>\n\t<meta property=\"og:image:type\" content=\"image\/webp\" \/>\n<meta name=\"author\" content=\"Traditio et Fides\" \/>\n<meta name=\"twitter:card\" content=\"summary_large_image\" \/>\n<meta name=\"twitter:label1\" content=\"Napisane przez\" \/>\n\t<meta name=\"twitter:data1\" content=\"Traditio et Fides\" \/>\n\t<meta name=\"twitter:label2\" content=\"Szacowany czas czytania\" \/>\n\t<meta name=\"twitter:data2\" content=\"11 minut\" \/>\n<script type=\"application\/ld+json\" class=\"yoast-schema-graph\">{\"@context\":\"https:\\\/\\\/schema.org\",\"@graph\":[{\"@type\":\"Article\",\"@id\":\"https:\\\/\\\/wobronietradycjiiwiary.com\\\/pl\\\/o-malzenstwie-lub-nigdy-nie-bylem-wystarczajaco-dobry\\\/#article\",\"isPartOf\":{\"@id\":\"https:\\\/\\\/wobronietradycjiiwiary.com\\\/pl\\\/o-malzenstwie-lub-nigdy-nie-bylem-wystarczajaco-dobry\\\/\"},\"author\":{\"name\":\"Traditio et Fides\",\"@id\":\"https:\\\/\\\/wobronietradycjiiwiary.com\\\/pl\\\/#\\\/schema\\\/person\\\/2d6180ce6abcb681fef0daab7816e8f3\"},\"headline\":\"O ma\u0142\u017ce\u0144stwie lub &#8220;nigdy nie by\u0142em wystarczaj\u0105co dobry&#8221;.\",\"datePublished\":\"2026-06-16T18:11:20+00:00\",\"dateModified\":\"2026-07-02T20:42:56+00:00\",\"mainEntityOfPage\":{\"@id\":\"https:\\\/\\\/wobronietradycjiiwiary.com\\\/pl\\\/o-malzenstwie-lub-nigdy-nie-bylem-wystarczajaco-dobry\\\/\"},\"wordCount\":1909,\"commentCount\":0,\"publisher\":{\"@id\":\"https:\\\/\\\/wobronietradycjiiwiary.com\\\/pl\\\/#organization\"},\"image\":{\"@id\":\"https:\\\/\\\/wobronietradycjiiwiary.com\\\/pl\\\/o-malzenstwie-lub-nigdy-nie-bylem-wystarczajaco-dobry\\\/#primaryimage\"},\"thumbnailUrl\":\"https:\\\/\\\/wobronietradycjiiwiary.com\\\/wp-content\\\/uploads\\\/2026\\\/06\\\/b4e308c9-6b26-44d3-9b78-d9dfee568b71_w1044_r1.5_fpx63_fpy14.webp\",\"keywords\":[\"ma\u0142\u017ce\u0144stwo\",\"Tinder\"],\"articleSection\":[\"Doktryna\",\"Ma\u0142\u017ce\u0144stwo i rodzina\",\"Teologia moralna\"],\"inLanguage\":\"pl-PL\",\"potentialAction\":[{\"@type\":\"CommentAction\",\"name\":\"Comment\",\"target\":[\"https:\\\/\\\/wobronietradycjiiwiary.com\\\/pl\\\/o-malzenstwie-lub-nigdy-nie-bylem-wystarczajaco-dobry\\\/#respond\"]}]},{\"@type\":\"WebPage\",\"@id\":\"https:\\\/\\\/wobronietradycjiiwiary.com\\\/pl\\\/o-malzenstwie-lub-nigdy-nie-bylem-wystarczajaco-dobry\\\/\",\"url\":\"https:\\\/\\\/wobronietradycjiiwiary.com\\\/pl\\\/o-malzenstwie-lub-nigdy-nie-bylem-wystarczajaco-dobry\\\/\",\"name\":\"O ma\u0142\u017ce\u0144stwie lub \\\"nigdy nie by\u0142em wystarczaj\u0105co dobry\\\". - Tradycja i Wiara\",\"isPartOf\":{\"@id\":\"https:\\\/\\\/wobronietradycjiiwiary.com\\\/pl\\\/#website\"},\"primaryImageOfPage\":{\"@id\":\"https:\\\/\\\/wobronietradycjiiwiary.com\\\/pl\\\/o-malzenstwie-lub-nigdy-nie-bylem-wystarczajaco-dobry\\\/#primaryimage\"},\"image\":{\"@id\":\"https:\\\/\\\/wobronietradycjiiwiary.com\\\/pl\\\/o-malzenstwie-lub-nigdy-nie-bylem-wystarczajaco-dobry\\\/#primaryimage\"},\"thumbnailUrl\":\"https:\\\/\\\/wobronietradycjiiwiary.com\\\/wp-content\\\/uploads\\\/2026\\\/06\\\/b4e308c9-6b26-44d3-9b78-d9dfee568b71_w1044_r1.5_fpx63_fpy14.webp\",\"datePublished\":\"2026-06-16T18:11:20+00:00\",\"dateModified\":\"2026-07-02T20:42:56+00:00\",\"breadcrumb\":{\"@id\":\"https:\\\/\\\/wobronietradycjiiwiary.com\\\/pl\\\/o-malzenstwie-lub-nigdy-nie-bylem-wystarczajaco-dobry\\\/#breadcrumb\"},\"inLanguage\":\"pl-PL\",\"potentialAction\":[{\"@type\":\"ReadAction\",\"target\":[\"https:\\\/\\\/wobronietradycjiiwiary.com\\\/pl\\\/o-malzenstwie-lub-nigdy-nie-bylem-wystarczajaco-dobry\\\/\"]}]},{\"@type\":\"ImageObject\",\"inLanguage\":\"pl-PL\",\"@id\":\"https:\\\/\\\/wobronietradycjiiwiary.com\\\/pl\\\/o-malzenstwie-lub-nigdy-nie-bylem-wystarczajaco-dobry\\\/#primaryimage\",\"url\":\"https:\\\/\\\/wobronietradycjiiwiary.com\\\/wp-content\\\/uploads\\\/2026\\\/06\\\/b4e308c9-6b26-44d3-9b78-d9dfee568b71_w1044_r1.5_fpx63_fpy14.webp\",\"contentUrl\":\"https:\\\/\\\/wobronietradycjiiwiary.com\\\/wp-content\\\/uploads\\\/2026\\\/06\\\/b4e308c9-6b26-44d3-9b78-d9dfee568b71_w1044_r1.5_fpx63_fpy14.webp\",\"width\":1044,\"height\":696},{\"@type\":\"BreadcrumbList\",\"@id\":\"https:\\\/\\\/wobronietradycjiiwiary.com\\\/pl\\\/o-malzenstwie-lub-nigdy-nie-bylem-wystarczajaco-dobry\\\/#breadcrumb\",\"itemListElement\":[{\"@type\":\"ListItem\",\"position\":1,\"name\":\"Strona g\u0142\u00f3wna\",\"item\":\"https:\\\/\\\/wobronietradycjiiwiary.com\\\/\"},{\"@type\":\"ListItem\",\"position\":2,\"name\":\"O ma\u0142\u017ce\u0144stwie lub &#8222;nigdy nie by\u0142em wystarczaj\u0105co dobry&#8220;.\"}]},{\"@type\":\"WebSite\",\"@id\":\"https:\\\/\\\/wobronietradycjiiwiary.com\\\/pl\\\/#website\",\"url\":\"https:\\\/\\\/wobronietradycjiiwiary.com\\\/pl\\\/\",\"name\":\"Tradycja i Wiara\",\"description\":\"Portal dla katolik\u00f3w.\",\"publisher\":{\"@id\":\"https:\\\/\\\/wobronietradycjiiwiary.com\\\/pl\\\/#organization\"},\"potentialAction\":[{\"@type\":\"SearchAction\",\"target\":{\"@type\":\"EntryPoint\",\"urlTemplate\":\"https:\\\/\\\/wobronietradycjiiwiary.com\\\/pl\\\/?s={search_term_string}\"},\"query-input\":{\"@type\":\"PropertyValueSpecification\",\"valueRequired\":true,\"valueName\":\"search_term_string\"}}],\"inLanguage\":\"pl-PL\"},{\"@type\":\"Organization\",\"@id\":\"https:\\\/\\\/wobronietradycjiiwiary.com\\\/pl\\\/#organization\",\"name\":\"Tradycja i Wiara\",\"url\":\"https:\\\/\\\/wobronietradycjiiwiary.com\\\/pl\\\/\",\"logo\":{\"@type\":\"ImageObject\",\"inLanguage\":\"pl-PL\",\"@id\":\"https:\\\/\\\/wobronietradycjiiwiary.com\\\/pl\\\/#\\\/schema\\\/logo\\\/image\\\/\",\"url\":\"https:\\\/\\\/i0.wp.com\\\/wobronietradycjiiwiary.com\\\/wp-content\\\/uploads\\\/2015\\\/10\\\/cropped-st-peters-dome-vatican.jpg?fit=940%2C198&ssl=1\",\"contentUrl\":\"https:\\\/\\\/i0.wp.com\\\/wobronietradycjiiwiary.com\\\/wp-content\\\/uploads\\\/2015\\\/10\\\/cropped-st-peters-dome-vatican.jpg?fit=940%2C198&ssl=1\",\"width\":940,\"height\":198,\"caption\":\"Tradycja i Wiara\"},\"image\":{\"@id\":\"https:\\\/\\\/wobronietradycjiiwiary.com\\\/pl\\\/#\\\/schema\\\/logo\\\/image\\\/\"},\"sameAs\":[\"https:\\\/\\\/www.facebook.com\\\/Tradycja-i-Wiara-108813920592249\"]},{\"@type\":\"Person\",\"@id\":\"https:\\\/\\\/wobronietradycjiiwiary.com\\\/pl\\\/#\\\/schema\\\/person\\\/2d6180ce6abcb681fef0daab7816e8f3\",\"name\":\"Traditio et Fides\",\"sameAs\":[\"https:\\\/\\\/traditionundglauben.com\"],\"url\":\"https:\\\/\\\/wobronietradycjiiwiary.com\\\/pl\\\/author\\\/wobronietradycjiiwiary\\\/\"}]}<\/script>\n<!-- \/ Yoast SEO plugin. -->","yoast_head_json":{"title":"O ma\u0142\u017ce\u0144stwie lub \"nigdy nie by\u0142em wystarczaj\u0105co dobry\". - Tradycja i Wiara","robots":{"index":"index","follow":"follow","max-snippet":"max-snippet:-1","max-image-preview":"max-image-preview:large","max-video-preview":"max-video-preview:-1"},"canonical":"https:\/\/wobronietradycjiiwiary.com\/pl\/o-malzenstwie-lub-nigdy-nie-bylem-wystarczajaco-dobry\/","og_locale":"pl_PL","og_type":"article","og_title":"O ma\u0142\u017ce\u0144stwie lub \"nigdy nie by\u0142em wystarczaj\u0105co dobry\". - Tradycja i Wiara","og_description":"Rozwa\u017cania o randkowaniu, Tinderze, ma\u0142\u017ce\u0144stwie i wsp\u00f3\u0142czesnych kobietach.","og_url":"https:\/\/wobronietradycjiiwiary.com\/pl\/o-malzenstwie-lub-nigdy-nie-bylem-wystarczajaco-dobry\/","og_site_name":"Tradycja i Wiara","article_publisher":"https:\/\/www.facebook.com\/Tradycja-i-Wiara-108813920592249","article_published_time":"2026-06-16T18:11:20+00:00","article_modified_time":"2026-07-02T20:42:56+00:00","og_image":[{"width":1044,"height":696,"url":"https:\/\/wobronietradycjiiwiary.com\/wp-content\/uploads\/2026\/06\/b4e308c9-6b26-44d3-9b78-d9dfee568b71_w1044_r1.5_fpx63_fpy14.webp","type":"image\/webp"}],"author":"Traditio et Fides","twitter_card":"summary_large_image","twitter_misc":{"Napisane przez":"Traditio et Fides","Szacowany czas czytania":"11 minut"},"schema":{"@context":"https:\/\/schema.org","@graph":[{"@type":"Article","@id":"https:\/\/wobronietradycjiiwiary.com\/pl\/o-malzenstwie-lub-nigdy-nie-bylem-wystarczajaco-dobry\/#article","isPartOf":{"@id":"https:\/\/wobronietradycjiiwiary.com\/pl\/o-malzenstwie-lub-nigdy-nie-bylem-wystarczajaco-dobry\/"},"author":{"name":"Traditio et Fides","@id":"https:\/\/wobronietradycjiiwiary.com\/pl\/#\/schema\/person\/2d6180ce6abcb681fef0daab7816e8f3"},"headline":"O ma\u0142\u017ce\u0144stwie lub &#8220;nigdy nie by\u0142em wystarczaj\u0105co dobry&#8221;.","datePublished":"2026-06-16T18:11:20+00:00","dateModified":"2026-07-02T20:42:56+00:00","mainEntityOfPage":{"@id":"https:\/\/wobronietradycjiiwiary.com\/pl\/o-malzenstwie-lub-nigdy-nie-bylem-wystarczajaco-dobry\/"},"wordCount":1909,"commentCount":0,"publisher":{"@id":"https:\/\/wobronietradycjiiwiary.com\/pl\/#organization"},"image":{"@id":"https:\/\/wobronietradycjiiwiary.com\/pl\/o-malzenstwie-lub-nigdy-nie-bylem-wystarczajaco-dobry\/#primaryimage"},"thumbnailUrl":"https:\/\/wobronietradycjiiwiary.com\/wp-content\/uploads\/2026\/06\/b4e308c9-6b26-44d3-9b78-d9dfee568b71_w1044_r1.5_fpx63_fpy14.webp","keywords":["ma\u0142\u017ce\u0144stwo","Tinder"],"articleSection":["Doktryna","Ma\u0142\u017ce\u0144stwo i rodzina","Teologia moralna"],"inLanguage":"pl-PL","potentialAction":[{"@type":"CommentAction","name":"Comment","target":["https:\/\/wobronietradycjiiwiary.com\/pl\/o-malzenstwie-lub-nigdy-nie-bylem-wystarczajaco-dobry\/#respond"]}]},{"@type":"WebPage","@id":"https:\/\/wobronietradycjiiwiary.com\/pl\/o-malzenstwie-lub-nigdy-nie-bylem-wystarczajaco-dobry\/","url":"https:\/\/wobronietradycjiiwiary.com\/pl\/o-malzenstwie-lub-nigdy-nie-bylem-wystarczajaco-dobry\/","name":"O ma\u0142\u017ce\u0144stwie lub \"nigdy nie by\u0142em wystarczaj\u0105co dobry\". - Tradycja i Wiara","isPartOf":{"@id":"https:\/\/wobronietradycjiiwiary.com\/pl\/#website"},"primaryImageOfPage":{"@id":"https:\/\/wobronietradycjiiwiary.com\/pl\/o-malzenstwie-lub-nigdy-nie-bylem-wystarczajaco-dobry\/#primaryimage"},"image":{"@id":"https:\/\/wobronietradycjiiwiary.com\/pl\/o-malzenstwie-lub-nigdy-nie-bylem-wystarczajaco-dobry\/#primaryimage"},"thumbnailUrl":"https:\/\/wobronietradycjiiwiary.com\/wp-content\/uploads\/2026\/06\/b4e308c9-6b26-44d3-9b78-d9dfee568b71_w1044_r1.5_fpx63_fpy14.webp","datePublished":"2026-06-16T18:11:20+00:00","dateModified":"2026-07-02T20:42:56+00:00","breadcrumb":{"@id":"https:\/\/wobronietradycjiiwiary.com\/pl\/o-malzenstwie-lub-nigdy-nie-bylem-wystarczajaco-dobry\/#breadcrumb"},"inLanguage":"pl-PL","potentialAction":[{"@type":"ReadAction","target":["https:\/\/wobronietradycjiiwiary.com\/pl\/o-malzenstwie-lub-nigdy-nie-bylem-wystarczajaco-dobry\/"]}]},{"@type":"ImageObject","inLanguage":"pl-PL","@id":"https:\/\/wobronietradycjiiwiary.com\/pl\/o-malzenstwie-lub-nigdy-nie-bylem-wystarczajaco-dobry\/#primaryimage","url":"https:\/\/wobronietradycjiiwiary.com\/wp-content\/uploads\/2026\/06\/b4e308c9-6b26-44d3-9b78-d9dfee568b71_w1044_r1.5_fpx63_fpy14.webp","contentUrl":"https:\/\/wobronietradycjiiwiary.com\/wp-content\/uploads\/2026\/06\/b4e308c9-6b26-44d3-9b78-d9dfee568b71_w1044_r1.5_fpx63_fpy14.webp","width":1044,"height":696},{"@type":"BreadcrumbList","@id":"https:\/\/wobronietradycjiiwiary.com\/pl\/o-malzenstwie-lub-nigdy-nie-bylem-wystarczajaco-dobry\/#breadcrumb","itemListElement":[{"@type":"ListItem","position":1,"name":"Strona g\u0142\u00f3wna","item":"https:\/\/wobronietradycjiiwiary.com\/"},{"@type":"ListItem","position":2,"name":"O ma\u0142\u017ce\u0144stwie lub &#8222;nigdy nie by\u0142em wystarczaj\u0105co dobry&#8220;."}]},{"@type":"WebSite","@id":"https:\/\/wobronietradycjiiwiary.com\/pl\/#website","url":"https:\/\/wobronietradycjiiwiary.com\/pl\/","name":"Tradycja i Wiara","description":"Portal dla katolik\u00f3w.","publisher":{"@id":"https:\/\/wobronietradycjiiwiary.com\/pl\/#organization"},"potentialAction":[{"@type":"SearchAction","target":{"@type":"EntryPoint","urlTemplate":"https:\/\/wobronietradycjiiwiary.com\/pl\/?s={search_term_string}"},"query-input":{"@type":"PropertyValueSpecification","valueRequired":true,"valueName":"search_term_string"}}],"inLanguage":"pl-PL"},{"@type":"Organization","@id":"https:\/\/wobronietradycjiiwiary.com\/pl\/#organization","name":"Tradycja i Wiara","url":"https:\/\/wobronietradycjiiwiary.com\/pl\/","logo":{"@type":"ImageObject","inLanguage":"pl-PL","@id":"https:\/\/wobronietradycjiiwiary.com\/pl\/#\/schema\/logo\/image\/","url":"https:\/\/i0.wp.com\/wobronietradycjiiwiary.com\/wp-content\/uploads\/2015\/10\/cropped-st-peters-dome-vatican.jpg?fit=940%2C198&ssl=1","contentUrl":"https:\/\/i0.wp.com\/wobronietradycjiiwiary.com\/wp-content\/uploads\/2015\/10\/cropped-st-peters-dome-vatican.jpg?fit=940%2C198&ssl=1","width":940,"height":198,"caption":"Tradycja i Wiara"},"image":{"@id":"https:\/\/wobronietradycjiiwiary.com\/pl\/#\/schema\/logo\/image\/"},"sameAs":["https:\/\/www.facebook.com\/Tradycja-i-Wiara-108813920592249"]},{"@type":"Person","@id":"https:\/\/wobronietradycjiiwiary.com\/pl\/#\/schema\/person\/2d6180ce6abcb681fef0daab7816e8f3","name":"Traditio et Fides","sameAs":["https:\/\/traditionundglauben.com"],"url":"https:\/\/wobronietradycjiiwiary.com\/pl\/author\/wobronietradycjiiwiary\/"}]}},"jetpack_publicize_connections":[],"jetpack_sharing_enabled":true,"jetpack_likes_enabled":true,"jetpack_shortlink":"https:\/\/wp.me\/pc04Sd-HpK","jetpack-related-posts":[{"id":43366,"url":"https:\/\/wobronietradycjiiwiary.com\/pl\/katechizm-rzymski-o-malzenstwie-18-malzenstwo-jest-sakramentem-ii\/","url_meta":{"origin":166888,"position":0},"title":"Katechizm Rzymski o ma\u0142\u017ce\u0144stwie: (18) Ma\u0142\u017ce\u0144stwo jest sakramentem (ii)","author":"Traditio et Fides","date":"7 kwietnia 2021","format":false,"excerpt":"Ma\u0142\u017ce\u0144stwo jest prawdziwym sakramentem a nie sakramentem ni\u017cszego rz\u0119du. Poniewa\u017c ludzie w ma\u0142\u017ce\u0144stwie staj\u0105 si\u0119 do tego stopnia jedno\u015bci\u0105, tak\u017ce poza z\u0142\u0105czeniem cielesnym, \u017ce s\u0142usznie mog\u0105 m\u00f3wi\u0107 o innym \"moja druga po\u0142owa\", tote\u017c ranienie drugiej strony jest ranieniem siebie. Pi\u0119knie pisze o tym Lew To\u0142stoj: \"nie m\u00f3g\u0142 rani\u0107 jej, nie\u2026","rel":"","context":"W \u201eCatechismus Romanus o ma\u0142\u017ce\u0144stwie&quot;","block_context":{"text":"Catechismus Romanus o ma\u0142\u017ce\u0144stwie","link":"https:\/\/wobronietradycjiiwiary.com\/pl\/category\/doktryna\/teologia-moralna\/malzenstwo\/katechizm-rzymski-o-malzenstwie\/"},"img":{"alt_text":"","src":"https:\/\/i0.wp.com\/wobronietradycjiiwiary.com\/wp-content\/uploads\/2016\/05\/marriage-rosso-1.jpg?resize=350%2C200&ssl=1","width":350,"height":200,"srcset":"https:\/\/i0.wp.com\/wobronietradycjiiwiary.com\/wp-content\/uploads\/2016\/05\/marriage-rosso-1.jpg?resize=350%2C200&ssl=1 1x, https:\/\/i0.wp.com\/wobronietradycjiiwiary.com\/wp-content\/uploads\/2016\/05\/marriage-rosso-1.jpg?resize=525%2C300&ssl=1 1.5x, https:\/\/i0.wp.com\/wobronietradycjiiwiary.com\/wp-content\/uploads\/2016\/05\/marriage-rosso-1.jpg?resize=700%2C400&ssl=1 2x"},"classes":[]},{"id":51686,"url":"https:\/\/wobronietradycjiiwiary.com\/pl\/katechizm-rzymski-o-malzenstwie-27-co-jest-sakramentem-w-malzenstwie\/","url_meta":{"origin":166888,"position":1},"title":"Katechizm Rzymski o ma\u0142\u017ce\u0144stwie: (27) Co jest sakramentem w ma\u0142\u017ce\u0144stwie?","author":"Traditio et Fides","date":"18 sierpnia 2021","format":false,"excerpt":"Pan B\u00f3g daje w sakramencie ma\u0142\u017ce\u0144stwa \u0142ask\u0119 wytrwa\u0142o\u015bci.","rel":"","context":"W \u201eCatechismus Romanus o ma\u0142\u017ce\u0144stwie&quot;","block_context":{"text":"Catechismus Romanus o ma\u0142\u017ce\u0144stwie","link":"https:\/\/wobronietradycjiiwiary.com\/pl\/category\/doktryna\/teologia-moralna\/malzenstwo\/katechizm-rzymski-o-malzenstwie\/"},"img":{"alt_text":"","src":"https:\/\/i0.wp.com\/wobronietradycjiiwiary.com\/wp-content\/uploads\/2016\/05\/marriage-rosso-1.jpg?resize=350%2C200&ssl=1","width":350,"height":200,"srcset":"https:\/\/i0.wp.com\/wobronietradycjiiwiary.com\/wp-content\/uploads\/2016\/05\/marriage-rosso-1.jpg?resize=350%2C200&ssl=1 1x, https:\/\/i0.wp.com\/wobronietradycjiiwiary.com\/wp-content\/uploads\/2016\/05\/marriage-rosso-1.jpg?resize=525%2C300&ssl=1 1.5x, https:\/\/i0.wp.com\/wobronietradycjiiwiary.com\/wp-content\/uploads\/2016\/05\/marriage-rosso-1.jpg?resize=700%2C400&ssl=1 2x"},"classes":[]},{"id":55972,"url":"https:\/\/wobronietradycjiiwiary.com\/pl\/katechizm-rzymski-o-malzenstwie-30-obrzadki-malzenstwa\/","url_meta":{"origin":166888,"position":2},"title":"Katechizm Rzymski o ma\u0142\u017ce\u0144stwie: (30) Obrz\u0105dki ma\u0142\u017ce\u0144stwa","author":"Traditio et Fides","date":"3 listopada 2021","format":false,"excerpt":"O tym, \u017ce ma\u0142\u017ce\u0144stwo jest jakie jest, tylko ksi\u0119\u017ca nam o tym, nie m\u00f3wi\u0105.","rel":"","context":"W \u201eCatechismus Romanus o ma\u0142\u017ce\u0144stwie&quot;","block_context":{"text":"Catechismus Romanus o ma\u0142\u017ce\u0144stwie","link":"https:\/\/wobronietradycjiiwiary.com\/pl\/category\/doktryna\/teologia-moralna\/malzenstwo\/katechizm-rzymski-o-malzenstwie\/"},"img":{"alt_text":"","src":"https:\/\/i0.wp.com\/wobronietradycjiiwiary.com\/wp-content\/uploads\/2016\/05\/marriage-rosso.jpg?resize=350%2C200&ssl=1","width":350,"height":200,"srcset":"https:\/\/i0.wp.com\/wobronietradycjiiwiary.com\/wp-content\/uploads\/2016\/05\/marriage-rosso.jpg?resize=350%2C200&ssl=1 1x, https:\/\/i0.wp.com\/wobronietradycjiiwiary.com\/wp-content\/uploads\/2016\/05\/marriage-rosso.jpg?resize=525%2C300&ssl=1 1.5x, https:\/\/i0.wp.com\/wobronietradycjiiwiary.com\/wp-content\/uploads\/2016\/05\/marriage-rosso.jpg?resize=700%2C400&ssl=1 2x"},"classes":[]},{"id":56466,"url":"https:\/\/wobronietradycjiiwiary.com\/pl\/katechizm-rzymski-o-malzenstwie-31\/","url_meta":{"origin":166888,"position":3},"title":"Katechizm Rzymski o ma\u0142\u017ce\u0144stwie: (31) Ma\u0142\u017ce\u0144stwo wymaga kap\u0142ana i \u015bwiadk\u00f3w","author":"Traditio et Fides","date":"17 listopada 2021","format":false,"excerpt":"Ma\u0142\u017ce\u0144stwo wymaga \u015bwiadk\u00f3w, by by\u0142o wa\u017cne oraz o powodach, dla kt\u00f3rych ludzie trwaj\u0105 w kohabitacji.","rel":"","context":"W \u201eCatechismus Romanus o ma\u0142\u017ce\u0144stwie&quot;","block_context":{"text":"Catechismus Romanus o ma\u0142\u017ce\u0144stwie","link":"https:\/\/wobronietradycjiiwiary.com\/pl\/category\/doktryna\/teologia-moralna\/malzenstwo\/katechizm-rzymski-o-malzenstwie\/"},"img":{"alt_text":"","src":"https:\/\/i0.wp.com\/wobronietradycjiiwiary.com\/wp-content\/uploads\/2016\/05\/marriage-rosso.jpg?resize=350%2C200&ssl=1","width":350,"height":200,"srcset":"https:\/\/i0.wp.com\/wobronietradycjiiwiary.com\/wp-content\/uploads\/2016\/05\/marriage-rosso.jpg?resize=350%2C200&ssl=1 1x, https:\/\/i0.wp.com\/wobronietradycjiiwiary.com\/wp-content\/uploads\/2016\/05\/marriage-rosso.jpg?resize=525%2C300&ssl=1 1.5x, https:\/\/i0.wp.com\/wobronietradycjiiwiary.com\/wp-content\/uploads\/2016\/05\/marriage-rosso.jpg?resize=700%2C400&ssl=1 2x"},"classes":[]},{"id":46026,"url":"https:\/\/wobronietradycjiiwiary.com\/pl\/katechizm-rzymski-o-malzenstwie-19-malzenstwo-jest-odbiciem-zwiazku-chrystusa-i-kosciola\/","url_meta":{"origin":166888,"position":4},"title":"Katechizm Rzymski o ma\u0142\u017ce\u0144stwie: (19) Ma\u0142\u017ce\u0144stwo jest obrazem zwi\u0105zku Chrystusa i Ko\u015bcio\u0142a","author":"Traditio et Fides","date":"21 kwietnia 2021","format":false,"excerpt":"Ka\u017cde sakramentalne ma\u0142\u017ce\u0144stwo ma \u0142ask\u0119, kt\u00f3r\u0105 Chrystus wys\u0142u\u017cy\u0142 sw\u0105 M\u0119k\u0105 na krzy\u017cu. Warto o tym pami\u0119ta\u0107.","rel":"","context":"W \u201eCatechismus Romanus o ma\u0142\u017ce\u0144stwie&quot;","block_context":{"text":"Catechismus Romanus o ma\u0142\u017ce\u0144stwie","link":"https:\/\/wobronietradycjiiwiary.com\/pl\/category\/doktryna\/teologia-moralna\/malzenstwo\/katechizm-rzymski-o-malzenstwie\/"},"img":{"alt_text":"","src":"https:\/\/i0.wp.com\/wobronietradycjiiwiary.com\/wp-content\/uploads\/2016\/05\/marriage-rosso-1.jpg?resize=350%2C200&ssl=1","width":350,"height":200,"srcset":"https:\/\/i0.wp.com\/wobronietradycjiiwiary.com\/wp-content\/uploads\/2016\/05\/marriage-rosso-1.jpg?resize=350%2C200&ssl=1 1x, https:\/\/i0.wp.com\/wobronietradycjiiwiary.com\/wp-content\/uploads\/2016\/05\/marriage-rosso-1.jpg?resize=525%2C300&ssl=1 1.5x, https:\/\/i0.wp.com\/wobronietradycjiiwiary.com\/wp-content\/uploads\/2016\/05\/marriage-rosso-1.jpg?resize=700%2C400&ssl=1 2x"},"classes":[]},{"id":47340,"url":"https:\/\/wobronietradycjiiwiary.com\/pl\/katechizm-rzymski-o-malzenstwie-21-malzenstwo-po-grzechu-i-w-prawie-mojzeszowym\/","url_meta":{"origin":166888,"position":5},"title":"Katechizm Rzymski o ma\u0142\u017ce\u0144stwie: (21) Ma\u0142\u017ce\u0144stwo po grzechu i w prawie moj\u017ceszowym.","author":"Traditio et Fides","date":"19 maja 2021","format":false,"excerpt":"Wielo\u017ce\u0144stwo by\u0142o dozwolone patriarchom, ale w Nowym Przymierzu jest zabronione, bo jednej \u017cony ju\u017c dosy\u0107. Jednego m\u0119\u017ca te\u017c. Zaleca si\u0119 spisanie w ju\u017c zaistnia\u0142ym ma\u0142\u017ce\u0144stwie swojego rodzaju kontraktu lub \"paktu o nieagresji\", kt\u00f3rej obie strony zechc\u0105 przestrzega\u0107. Bo nawet na wojnie z wrogiem trzeba si\u0119 uk\u0142ada\u0107 i przestrzega\u0107 regu\u0142.","rel":"","context":"W \u201eCatechismus Romanus o ma\u0142\u017ce\u0144stwie&quot;","block_context":{"text":"Catechismus Romanus o ma\u0142\u017ce\u0144stwie","link":"https:\/\/wobronietradycjiiwiary.com\/pl\/category\/doktryna\/teologia-moralna\/malzenstwo\/katechizm-rzymski-o-malzenstwie\/"},"img":{"alt_text":"","src":"https:\/\/i0.wp.com\/wobronietradycjiiwiary.com\/wp-content\/uploads\/2016\/05\/marriage-rosso.jpg?resize=350%2C200&ssl=1","width":350,"height":200,"srcset":"https:\/\/i0.wp.com\/wobronietradycjiiwiary.com\/wp-content\/uploads\/2016\/05\/marriage-rosso.jpg?resize=350%2C200&ssl=1 1x, https:\/\/i0.wp.com\/wobronietradycjiiwiary.com\/wp-content\/uploads\/2016\/05\/marriage-rosso.jpg?resize=525%2C300&ssl=1 1.5x, https:\/\/i0.wp.com\/wobronietradycjiiwiary.com\/wp-content\/uploads\/2016\/05\/marriage-rosso.jpg?resize=700%2C400&ssl=1 2x"},"classes":[]}],"amp_enabled":true,"jetpack_featured_media_url":"https:\/\/wobronietradycjiiwiary.com\/wp-content\/uploads\/2026\/06\/b4e308c9-6b26-44d3-9b78-d9dfee568b71_w1044_r1.5_fpx63_fpy14.webp","_links":{"self":[{"href":"https:\/\/wobronietradycjiiwiary.com\/pl\/wp-json\/wp\/v2\/posts\/166888","targetHints":{"allow":["GET"]}}],"collection":[{"href":"https:\/\/wobronietradycjiiwiary.com\/pl\/wp-json\/wp\/v2\/posts"}],"about":[{"href":"https:\/\/wobronietradycjiiwiary.com\/pl\/wp-json\/wp\/v2\/types\/post"}],"author":[{"embeddable":true,"href":"https:\/\/wobronietradycjiiwiary.com\/pl\/wp-json\/wp\/v2\/users\/60508433"}],"replies":[{"embeddable":true,"href":"https:\/\/wobronietradycjiiwiary.com\/pl\/wp-json\/wp\/v2\/comments?post=166888"}],"version-history":[{"count":90,"href":"https:\/\/wobronietradycjiiwiary.com\/pl\/wp-json\/wp\/v2\/posts\/166888\/revisions"}],"predecessor-version":[{"id":167729,"href":"https:\/\/wobronietradycjiiwiary.com\/pl\/wp-json\/wp\/v2\/posts\/166888\/revisions\/167729"}],"wp:featuredmedia":[{"embeddable":true,"href":"https:\/\/wobronietradycjiiwiary.com\/pl\/wp-json\/wp\/v2\/media\/166936"}],"wp:attachment":[{"href":"https:\/\/wobronietradycjiiwiary.com\/pl\/wp-json\/wp\/v2\/media?parent=166888"}],"wp:term":[{"taxonomy":"category","embeddable":true,"href":"https:\/\/wobronietradycjiiwiary.com\/pl\/wp-json\/wp\/v2\/categories?post=166888"},{"taxonomy":"post_tag","embeddable":true,"href":"https:\/\/wobronietradycjiiwiary.com\/pl\/wp-json\/wp\/v2\/tags?post=166888"}],"curies":[{"name":"wp","href":"https:\/\/api.w.org\/{rel}","templated":true}]}}