{"id":166290,"date":"2026-06-11T08:15:18","date_gmt":"2026-06-11T06:15:18","guid":{"rendered":"https:\/\/wobronietradycjiiwiary.com\/?p=166290"},"modified":"2026-06-02T12:59:40","modified_gmt":"2026-06-02T10:59:40","slug":"11-go-czerwca-zywot-swietego-barnaby-apostola-2-2-2-2-2","status":"publish","type":"post","link":"https:\/\/wobronietradycjiiwiary.com\/pl\/11-go-czerwca-zywot-swietego-barnaby-apostola-2-2-2-2-2\/","title":{"rendered":"11-go Czerwca. \u017bywot \u015bwi\u0119tego Barnaby, Aposto\u0142a."},"content":{"rendered":"<div id=\"bsf_rt_marker\"><\/div>\n<p class=\"has-text-align-center wp-block-paragraph\">(\u017by\u0142 oko\u0142o roku Pa\u0144skiego 60).<\/p>\n\n\n\n<figure class=\"wp-block-image\"><a href=\"https:\/\/pl.wikisource.org\/wiki\/Plik:%C5%BBywoty_%C5%9Bw._Pa%C5%84skich_na_wszystkie_dnie_roku-Inicja%C5%82-P.png\"><img decoding=\"async\" src=\"https:\/\/upload.wikimedia.org\/wikipedia\/commons\/thumb\/0\/06\/%C5%BBywoty_%C5%9Bw._Pa%C5%84skich_na_wszystkie_dnie_roku-Inicja%C5%82-P.png\/54px-%C5%BBywoty_%C5%9Bw._Pa%C5%84skich_na_wszystkie_dnie_roku-Inicja%C5%82-P.png\" alt=\"P\"\/><\/a><\/figure>\n\n\n\n<p class=\"has-text-align-justify wp-block-paragraph\">Pismo \u015bwi\u0119te nie zwyk\u0142o oddawa\u0107 wielkich pochwa\u0142 \u015awi\u0119tym Pa\u0144skim. Jawne to za\u015b z tego, \u017ce o Naj\u015bwi\u0119tszej Maryi Pannie wspomina tylko, i\u017c by\u0142a \u0142aski pe\u0142n\u0105, \u017ce B\u00f3g by\u0142 z Ni\u0105 i b\u0142ogos\u0142awion\u0105 by\u0142a mi\u0119dzy niewiastami \u2014 \u015bwi\u0119tego J\u00f3zefa zwie Pismo \u015bwi\u0119te m\u0119\u017cem sprawiedliwym, \u2014 \u015bwi\u0119tego Jana, Aposto\u0142a, nazywa uczniem kt\u00f3ry Panu by\u0142 mi\u0142ym, \u2014 \u015bwi\u0119tego Piotra, opok\u0105, \u2014 a \u015bwi\u0119tego Barnab\u0119 r\u00f3wnie\u017c kr\u00f3tkiemi tylko s\u0142owy okre\u015bla, \u017ce by\u0142 m\u0119\u017cem dobrym, pe\u0142nym wiary.<\/p>\n\n\n\n<p class=\"has-text-align-justify wp-block-paragraph\">Kr\u00f3tkie te pochwa\u0142y maj\u0105 jednakowo\u017c bardzo wielkie znaczenie. W\u015br\u00f3d wielkich bowiem m\u0119\u017c\u00f3w, kt\u00f3rych zowiemy Aposto\u0142ami drugiego rz\u0119du, zajmuje \u015bwi\u0119ty Barnaba jedno z pierwszych miejsc.<\/p>\n\n\n\n<p class=\"has-text-align-justify wp-block-paragraph\">Urodzi\u0142 si\u0119 na wyspie Cyprze z rodzic\u00f3w \u017cydowskich, pochodz\u0105cych z pokolenia Lewi, bogatych i maj\u0105cych znaczenie w tym kraju. Kiedy podr\u00f3s\u0142 nieco i przyszed\u0142 czas nauki, oddano go pod opiek\u0119 i kierunek s\u0142awnego nauczyciela Gamaliela, od kt\u00f3rego bardzo du\u017co skorzysta\u0142, maj\u0105c wielkie zdolno\u015bci. Do tej samej szko\u0142y ucz\u0119szcza\u0142 i \u015bwi\u0119ty Pawe\u0142, kt\u00f3ry wtedy jeszcze Saulem si\u0119 nazywa\u0142. Gamaliel obezna\u0142 Barnab\u0119 dok\u0142adnie z Pismem \u015bwi\u0119tem, a on razem z wszystkimi pobo\u017cnymi \u017cydami t\u0119skni\u0142 za zapowiedzianem przybyciem Jezusa Chrystusa, o kt\u00f3rym tyle w ksi\u0119gach si\u0119 naczyta\u0142.<\/p>\n\n\n\n<p class=\"has-text-align-justify wp-block-paragraph\">Gdy Jezus Chrystus istotnie na ziemi\u0119 przyby\u0142 i naukami oraz cudami okaza\u0142, \u017ce jest prawdziwym Zbawicielem, wtedy on zaraz pierwszym by\u0142 z tych, kt\u00f3ry zg\u0142osi\u0142 si\u0119 do\u0144 jako Jego ucze\u0144.<\/p>\n\n\n\n<p class=\"has-text-align-justify wp-block-paragraph\">Po ukrzy\u017cowaniu i zmartwychwstaniu Jezusa i po zes\u0142aniu Ducha \u015bwi\u0119tego pozosta\u0142 Barnaba u Aposto\u0142\u00f3w. Rodzice zostawili mu znaczny maj\u0105tek, ale on wola\u0142 i\u015b\u0107 w \u015blady ubogiego Chrystusa, przeto sprzeda\u0142 co odziedziczy\u0142 i da\u0142 Aposto\u0142om, aby ci wszystko rozdzielili mi\u0119dzy ubogich.<\/p>\n\n\n\n<p class=\"has-text-align-justify wp-block-paragraph\">Poniewa\u017c dok\u0142adnie by\u0142 obeznany z ustawami i przepe\u0142niony Duchem \u015bwi\u0119tym, polecili mu przeto Aposto\u0142owie g\u0142oszenie Ewangelii \u015bwi\u0119tej.<\/p>\n\n\n\n<p class=\"has-text-align-justify wp-block-paragraph\">W tym samym czasie nawr\u00f3ci\u0142 si\u0119 \u015bwi\u0119ty Pawe\u0142 i stara\u0142 si\u0119, aby go przyj\u0119to do liczby wiernych wyznawc\u00f3w w Jerozolimie, kt\u00f3rych dawniej prze\u015bladowa\u0142. Nie znaj\u0105c go dobrze, sprzeciwiano si\u0119 jego przyj\u0119ciu, ale Barnaba, kt\u00f3ry go zna\u0142 dawniej, uj\u0105\u0142 si\u0119 za nim i poleci\u0142 go \u015bwi\u0119tym Aposto\u0142om Piotrowi i Jak\u00f3bowi. Kiedy im Barnaba opowiada\u0142 o nawr\u00f3ceniu si\u0119 tego dawnego nieprzyjaciela Jezusa, wtedy dzi\u0119kowali Bogu, a \u015bw. Piotr wzi\u0105\u0142 zaraz \u015bwi\u0119tego Paw\u0142a do swego mieszkania i zatrzyma\u0142 go siedmna\u015bcie dni u siebie. Tymczasem kilku uczni\u00f3w w Antyochii g\u0142osi\u0107 zacz\u0119\u0142o nauk\u0119 Jezusa i za\u0142o\u017cyli gmin\u0119 wiernych wyznawc\u00f3w. Aby now\u0105 t\u0119 gmin\u0119 urz\u0105dzi\u0107 i utrwali\u0107 w wierze, pos\u0142ali tam Aposto\u0142owie Barnab\u0119, dok\u0105d on te\u017c ch\u0119tnie si\u0119 uda\u0142 i z wielk\u0105 gorliwo\u015bci\u0105 g\u0142osi\u0142 Ewangeli\u0119 \u015bwi\u0119t\u0105. Mia\u0142 te\u017c t\u0119 pociech\u0119, \u017ce gmina ta wkr\u00f3tce wzros\u0142a w tak\u0105 liczb\u0119, i\u017c zniewolonym by\u0142 postara\u0107 si\u0119 o ucznia. Us\u0142yszawszy, \u017ce Pawe\u0142 znajdowa\u0142 si\u0119 na wyspie Tharsis, uda\u0142 si\u0119 do niego i prosi\u0142 go, aby z nim razem przyby\u0142 do Antyochii. Pawe\u0142 przychyli\u0142 si\u0119 do jego \u017cycze\u0144 i obaj przez rok ca\u0142y w mie\u015bcie tem nauczali i udzielali Sakrament\u00f3w \u015bwi\u0119tych. \u015awi\u0119ci M\u0119\u017cowie wiele tu zdzia\u0142ali dobrego i pozyskali dla wiary Chrystusa du\u017co zwolennik\u00f3w, kt\u00f3rych na\u00f3wczas od Imienia Chrystusa (christiani) chrze\u015bcijanami zwa\u0107 zacz\u0119to.<\/p>\n\n\n\n<p class=\"has-text-align-justify wp-block-paragraph\">Nowonawr\u00f3ceni nie tylko si\u0119 wzajemnie kochali, ale krzewili tak\u017ce cnoty. Us\u0142yszawszy bowiem, \u017ce w Judei panuje g\u0142\u00f3d, nazbierali dar\u00f3w rozmaitych i ja\u0142mu\u017cny, posy\u0142aj\u0105c to przez Paw\u0142a i Barnab\u0119 do Jerozolimy, aby\u00a0je tam mi\u0119dzy ludno\u015b\u0107 rozdzielono. Wywi\u0105zawszy si\u0119 z tego pos\u0142annictwa, wr\u00f3cili Aposto\u0142owie znowu do Antyochii.<br><\/p>\n\n\n\n<p class=\"has-text-align-justify wp-block-paragraph\">\u2009Kiedy za\u015b pewnego dnia nauczali wesp\u00f3\u0142 z kilku nauczycielami, objawi\u0142 im si\u0119 Duch \u015bwi\u0119ty i zapowiedzia\u0142, \u017ce maj\u0105 uda\u0107 si\u0119 mi\u0119dzy ludy dzikie, aby tam g\u0142osi\u0107 Ewangeli\u0119 \u015bwi\u0119t\u0105. Ca\u0142a gmina ustanowi\u0142a modlitw\u0119 i posty, aby prosi\u0107 Boga o b\u0142ogos\u0142awie\u0144stwo na to pos\u0142annictwo misyjne, poczem obaj Aposto\u0142owie ruszyli, przybrawszy jeszcze do pomocy pobo\u017cnego ucznia Marka. Nasamprz\u00f3d udano si\u0119 do Seleucyi, a stamt\u0105d do Salaminy, gdzie po raz pierwszy g\u0142osili ludowi poga\u0144skiemu nauk\u0119 Chrystusow\u0105. \u015acigani i prze\u015bladowani przez \u017cyd\u00f3w, przebyli du\u017co miast, w kt\u00f3rych g\u0142osili nauk\u0119 Jezusa i czynili cuda, przez co nawr\u00f3cili wielu pogan na wiar\u0119 chrze\u015bcija\u0144sk\u0105. Mi\u0119dzy innymi nawr\u00f3ci\u0142 si\u0119 tak\u017ce i namiestnik cesarski. W mie\u015bcie Istryi, w Lykaonii, chciano im nawet odda\u0107 cze\u015b\u0107 Bosk\u0105 i ofiary z\u0142o\u017cy\u0107, ale z wszelkiemi si\u0142ami postarali si\u0119 o to, aby tego zaniechano. \u2014 Po kilkoletniej czynno\u015bci na tej\u017ce misyi, powr\u00f3cili w\u0142a\u015bnie do Antyochii, kiedy pomi\u0119dzy chrze\u015bcijaninami powsta\u0142 zatarg, dotycz\u0105cy zatrzymania obrz\u0105dku obrzezania, jako staro\u017cytnej ustawy \u017cydowskiej. Barnaba i Jak\u00f3b udali si\u0119 przeto do Jerozolimy, aby bawi\u0105cym tam Aposto\u0142om spraw\u0119 ow\u0105 przed\u0142o\u017cy\u0107. Zebrawszy si\u0119 wi\u0119c w roku 51 wszyscy Aposto\u0142owie, rozstrzygn\u0119li ow\u0105 niepewno\u015b\u0107 zakazem dalszego obrzezania tych wszystkich, kt\u00f3rzy w wierze chrze\u015bcija\u0144skiej si\u0119 urodzili. W pismo potwierdzone od wszystkich Aposto\u0142\u00f3w zaopatrzeni, powr\u00f3cili Pawe\u0142 i Barnaba znowu do Antyochii, gdzie dalej pracowali oko\u0142o szerzenia Wiary \u015bwi\u0119tej.<\/p>\n\n\n\n<p class=\"has-text-align-justify wp-block-paragraph\">Przebywaj\u0105c tam, okaza\u0142 Barnaba wielk\u0105 pokor\u0119; by\u0142 jednym z pierwszych uczni\u00f3w Jezusa i g\u0142\u00f3wnym nauczycielem w Antyochii, poleci\u0142 nadal \u015bwi\u0119tego Paw\u0142a Aposto\u0142om na towarzysza, a mimo to ust\u0119powa\u0142 mu zawsze pierwsze\u0144stwa w ka\u017cdej porze i okoliczno\u015bci, kochaj\u0105c go jak najserdeczniej. Okaza\u0142 tem, \u017ce by\u0142 istotnie \u201edobrym m\u0119\u017cem\u201c, jak go Pismo \u015bwi\u0119te nazywa, i \u017ce nic innego nie mia\u0142 na celu, jak tylko chwa\u0142\u0119 Bosk\u0105 i zbawienie bli\u017anich.<\/p>\n\n\n\n<p class=\"has-text-align-justify wp-block-paragraph\">Po niejakim czasie roz\u0142\u0105czyli si\u0119 ci dwaj Aposto\u0142owie, aby odleglejszym narodom g\u0142osi\u0107 Ewangeli\u0119 \u015bw.<\/p>\n\n\n\n<p class=\"has-text-align-justify wp-block-paragraph\">Barnaba wzi\u0105\u0142 z sob\u0105 Jana Marka jako ucznia i uda\u0142 si\u0119 na wysp\u0119 Cypr; stamt\u0105d poszed\u0142 do Rzymu, a potem do Medyolanu, gdzie pierwsz\u0105 gmin\u0119 chrze\u015bcija\u0144sk\u0105 za\u0142o\u017cy\u0142. Przez 7 lat jako Biskup rz\u0105dzi\u0142 t\u0105 gmin\u0105, potem opu\u015bci\u0142 Medyolan, powierzywszy godno\u015b\u0107 Biskupa jednemu z uczni\u00f3w swoich, kt\u00f3rego wy\u015bwi\u0119ci\u0142 na kap\u0142ana, i powr\u00f3ci\u0142 do Cypru, gdzie go oczekiwa\u0142a korona m\u0119cze\u0144ska. \u017bydzi bowiem, kt\u00f3rzy go ju\u017c w Syryi prze\u015bladowali, po\u015bpieszyli za nim do miasta Salaminy i tu, gdy zacz\u0105\u0142 g\u0142osi\u0107 s\u0142owa Ewangelii, oczernili go przed w\u0142adz\u0105.<\/p>\n\n\n\n<p class=\"has-text-align-justify wp-block-paragraph\">Pan B\u00f3g wiernemu s\u0142udze Swemu ju\u017c naprz\u00f3d objawi\u0142, \u017ce go czeka \u015bmier\u0107 m\u0119cze\u0144ska, ale Barnaba tego si\u0119 nie ul\u0105k\u0142, i g\u0142osi\u0142 dalej, \u017ce Jezus jest prawdziwym Mesyaszem. Oburzeni na to \u017cydzi, wywiedli go z miasta\u00a0i ukamienowali, a ucze\u0144 jego Marek z czci\u0105 go pochowa\u0142. Z powodu prze\u015bladowa\u0144 d\u0142ugi czas nie wiedziano, gdzie gr\u00f3b \u015awi\u0119tego si\u0119 znajduje; wtem on sam p\u00f3\u017aniej objawi\u0142 si\u0119 jednemu z Biskup\u00f3w w Antyochii i pokaza\u0142 mu miejsce swego spoczynku. Szukano i znaleziono cia\u0142o \u015awi\u0119tego z Ewangeli\u0105 \u015bw. na piersiach, tak jak mu j\u0105 Marek by\u0142 po\u0142o\u017cy\u0142.<\/p>\n\n\n\n<h2 class=\"wp-block-heading\"><br><strong>Nauka moralna.<\/strong><\/h2>\n\n\n\n<p class=\"has-text-align-justify wp-block-paragraph\">\u2009\u015awi\u0119ty Barnaba odznacza\u0142 si\u0119 cnot\u0105 skromno\u015bci i pokory. Nigdy si\u0119 nie chwali\u0142 i nie wysuwa\u0142 na pierwsze miejsce, chocia\u017c mu si\u0119 nieraz nale\u017ca\u0142o takowe zaj\u0105\u0107, a przy tem by\u0142 pilnym w wykonywaniu obowi\u0105zk\u00f3w, jakie na siebie przyj\u0105\u0142. Zyska\u0142 te\u017c st\u0105d u Boga wielkie zas\u0142ugi, tak \u017ce nam teraz s\u0142u\u017cy\u0107 mo\u017ce jako wz\u00f3r godny na\u015bladowania.<\/p>\n\n\n\n<p class=\"has-text-align-justify wp-block-paragraph\">R\u00f3\u017cni s\u0105 ludzie na \u015bwiecie, cierpliwi, mi\u0142osierni, hojni dla ubogich, czysto\u015b\u0107 mi\u0142uj\u0105cy, a nawet umartwionego \u017cycia, ale prawdziwa pokora rzadka jest pomi\u0119dzy nimi. Inne cnoty bez pokory nawet i samych pogan czyni\u0105 poczciwymi, ale chrze\u015bcijanina-katolika nie mog\u0105 uczyni\u0107 dobrym, gdy nie ma pokory. Tylko ten cz\u0142owiek jest prawdziwym i dobrym chrze\u015bcijaninem, kt\u00f3ry jest prawdziwie pokornym.<br>\u2009Filozofowie poga\u0144scy wiele m\u00f3wili i pisali o r\u00f3\u017cnych cnotach, ale cnoty pokory nawet z imienia nie znali; dlatego Pan Jezus kaza\u0142 si\u0119 uczy\u0107 tylko od Siebie samego pokory, bo wiedzia\u0142, \u017ce tej cnoty gdzie indziej nie znajdzie, pr\u00f3cz u Matki Jego Naj\u015bwi\u0119tszej Maryi Panny. Cnota pokory \u017cadnego stanu nie uwzgl\u0119dnia; ona nale\u017cy tak do w\u0142adc\u00f3w, jako i poddanych, tak do mo\u017cnych tego \u015bwiata, jak i do najubo\u017cszych. Ludzie ubodzy i nizkiego stanu s\u0105 upokorzeni, ale nie pokorni, mo\u017cni wysokiego urodzenia chcieliby by\u0107 pokornymi bez upokorzenia. Wielcy tego \u015bwiata powinni si\u0119 korzy\u0107 przed mocn\u0105 r\u0119k\u0105 Bosk\u0105, powinni uzna\u0107 na powi\u0119kszenie chwa\u0142y Boga, \u017ce tego samego maj\u0105 Boga nad sob\u0105, co i ich poddani; to samo prawo, ta sama Ewangelia obowi\u0119zuje tak pana jak i ch\u0142opa. Zajmuj\u0105cy wysokie stanowiska na ziemi maj\u0105 pami\u0119ta\u0107, \u017ce najni\u017csi poddani za\u0107mi\u0105 ich sw\u0105 \u015bwietno\u015bci\u0105 i blaskiem w Niebie, je\u017celi teraz ci prostaczkowie posiadaj\u0105 wi\u0119ksz\u0105 pokor\u0119.<\/p>\n\n\n\n<p class=\"has-text-align-justify wp-block-paragraph\">Na\u015bladujmy wi\u0119c cnoty \u015bwi\u0119tego Barnaby, albowiem skromnego i pokornego cz\u0142owieka wi\u0119cej szanuj\u0105, ni\u017c zarozumia\u0142ych, a B\u00f3g mu to wynagradza, przeznaczaj\u0105c go do wysokich cel\u00f3w.<\/p>\n\n\n\n<h2 class=\"wp-block-heading\"><br><strong>Modlitwa.<\/strong><\/h2>\n\n\n\n<blockquote class=\"wp-block-quote is-layout-flow wp-block-quote-is-layout-flow\"><p>\u2009Bo\u017ce, kt\u00f3ry nas wspierasz zas\u0142ugami i po\u015brednictwem \u015bw. Barnaby, Aposto\u0142a, spraw mi\u0142o\u015bciwie, aby\u015bmy za jego wstawieniem si\u0119 dar\u00f3w mi\u0142osierdzia Twego z Twej \u0142aski dost\u0105pili. Amen.<\/p><\/blockquote>\n\n\n\n<figure class=\"wp-block-table\"><table><tbody><tr><td>\u2217&nbsp;&nbsp;&nbsp;&nbsp;&nbsp;&nbsp;&nbsp;&nbsp;&nbsp;&nbsp;&nbsp;&nbsp;&nbsp;&nbsp;&nbsp;&nbsp;&nbsp;&nbsp;&nbsp;&nbsp;\u2217<br>\u2217<\/td><\/tr><\/tbody><\/table><\/figure>\n\n\n\n<p class=\"wp-block-paragraph\">\u2009<em>Opr\u00f3cz tego obchodzi Ko\u015bci\u00f3\u0142 \u015bwi\u0119ty pami\u0105tk\u0119 nast\u0119puj\u0105cych \u015awi\u0119tych Pa\u0144skich, zamieszczonych w rzymskiem martyrologium:<\/em><\/p>\n\n\n\n<p class=\"has-text-align-justify wp-block-paragraph\">\u2009<strong>Dnia 11-go czerwca<\/strong>&nbsp;uroczysto\u015b\u0107 \u015bw. Aposto\u0142a&nbsp;Barnaby. Pochodzi\u0142 on z Cypru i przy\u0142\u0105czy\u0142 si\u0119 rych\u0142o do uczni Chrystusa. Przez nich zosta\u0142 p\u00f3\u017aniej z natchnienia Bo\u017cego razem z \u015bw. Paw\u0142em, Aposto\u0142em wys\u0142anym do pogan; przeby\u0142 z nim r\u00f3\u017cne kraje i zawiadywa\u0142 wsz\u0119dzie z zapa\u0142em oddane mu urz\u0119dy kaznodziejskie; ostatecznie przyby\u0142 na Cypr i ukoronowa\u0142 tam\u017ce swe Apostolstwo chwalebn\u0105 \u015bmierci\u0105 m\u0119cze\u0144sk\u0105. \u015awi\u0119te cia\u0142o jego zosta\u0142o za cesarza Zenona za objawieniem \u015awi\u0119tego odnalezione; na piersiach jego le\u017ca\u0142a Ewangelia \u015bw. Mateusza, kt\u00f3r\u0105 w\u0142asnor\u0119cznie odpisa\u0142. \u2014 W Akwilei m\u0119cze\u0144stwo \u015bw. Braci&nbsp;Feliksa i Fortunata, kt\u00f3rzy w prze\u015bladowaniu za Dyoklecyana i Maksymiana bardzo wiele m\u0119czarni wycierpieli; rozpi\u0119to ich najpierw na torturach, potem przypalano im boki pochodniami, ale gdy te cudem nagle zgas\u0142y, oblano ich wrz\u0105cym olejem. Poniewa\u017c jednak i wtedy stale wytrwali przy wierze, zostali wreszcie mieczem \u015bci\u0119ci. &#8211; W Bolonii uroczysto\u015b\u0107 \u015bw.&nbsp;Paryzyusza, Wyznawcy z zakonu Kamedu\u0142\u00f3w. \u2014 W Rzymie&nbsp;przeniesienie relikwii \u015bw. Grzegorza z Nazyanzu. Sprowadzono je ju\u017c wcze\u015bniej z Konstantynopola do Rzymu i zachowano w ko\u015bciele Matki Boskiej przy Polu Marsowem; Papie\u017c Grzegorz XIII kaza\u0142 je przenie\u015b\u0107 jednak dnia dzisiejszego do urz\u0105dzonej przeze\u0144 z najwi\u0119kszym przepychem kaplicy w ko\u015bciele \u015bw. Piotra i tam\u017ce dnia nast\u0119pnego z czci\u0105 wielk\u0105 pod o\u0142tarzem umie\u015bci\u0107.<\/p>\n","protected":false},"excerpt":{"rendered":"<p>\u015aw. Barnaba, cho\u0107 nawr\u00f3ci\u0142 si\u0119 wcze\u015bniej, ca\u0142e \u017cycie by\u0142 niejako w cieniu \u015bw. Paw\u0142a, a potem Ewangelisty \u015bw. Marka.<\/p>\n","protected":false},"author":60508433,"featured_media":48999,"comment_status":"open","ping_status":"open","sticky":false,"template":"","format":"standard","meta":{"_bbp_topic_count":0,"_bbp_reply_count":0,"_bbp_total_topic_count":0,"_bbp_total_reply_count":0,"_bbp_voice_count":0,"_bbp_anonymous_reply_count":0,"_bbp_topic_count_hidden":0,"_bbp_reply_count_hidden":0,"_bbp_forum_subforum_count":0,"_editorskit_title_hidden":false,"_editorskit_reading_time":0,"_editorskit_is_block_options_detached":false,"_editorskit_block_options_position":"{}","_coblocks_attr":"","_coblocks_dimensions":"","_coblocks_responsive_height":"","_coblocks_accordion_ie_support":"","_exactmetrics_skip_tracking":false,"_jetpack_newsletter_access":"","_jetpack_dont_email_post_to_subs":false,"_jetpack_newsletter_tier_id":0,"_jetpack_memberships_contains_paywalled_content":false,"_wpcom_ai_launchpad_first_post":false,"_jetpack_feature_clip_id":0,"_jetpack_memberships_contains_paid_content":false,"footnotes":"","jetpack_publicize_message":"{title}\n\n{excerpt}\n\n{url}","jetpack_publicize_feature_enabled":true,"jetpack_social_post_already_shared":true,"jetpack_social_options":{"image_generator_settings":{"template":"highway","default_image_id":0,"font":"","enabled":false},"version":2},"_wpas_customize_per_network":false,"jetpack_post_was_ever_published":false},"categories":[610131821,610131184,336375535],"tags":[],"class_list":["post-166290","post","type-post","status-publish","format-standard","has-post-thumbnail","hentry","category-swieta-w-czerwcu","category-duchowosc","category-liturgia-i-liturgika"],"yoast_head":"<!-- This site is optimized with the Yoast SEO plugin v28.4 - https:\/\/yoast.com\/product\/yoast-seo-wordpress\/ -->\n<title>11-go Czerwca. \u017bywot \u015bwi\u0119tego Barnaby, Aposto\u0142a. - Tradycja i Wiara<\/title>\n<meta name=\"robots\" content=\"index, follow, max-snippet:-1, max-image-preview:large, max-video-preview:-1\" \/>\n<link rel=\"canonical\" href=\"https:\/\/wobronietradycjiiwiary.com\/pl\/11-go-czerwca-zywot-swietego-barnaby-apostola-2-2-2-2-2\/\" \/>\n<meta property=\"og:locale\" content=\"pl_PL\" \/>\n<meta property=\"og:type\" content=\"article\" \/>\n<meta property=\"og:title\" content=\"11-go Czerwca. \u017bywot \u015bwi\u0119tego Barnaby, Aposto\u0142a. - Tradycja i Wiara\" \/>\n<meta property=\"og:description\" content=\"\u015aw. Barnaba, cho\u0107 nawr\u00f3ci\u0142 si\u0119 wcze\u015bniej, ca\u0142e \u017cycie by\u0142 niejako w cieniu \u015bw. Paw\u0142a, a potem Ewangelisty \u015bw. Marka.\" \/>\n<meta property=\"og:url\" content=\"https:\/\/wobronietradycjiiwiary.com\/pl\/11-go-czerwca-zywot-swietego-barnaby-apostola-2-2-2-2-2\/\" \/>\n<meta property=\"og:site_name\" content=\"Tradycja i Wiara\" \/>\n<meta property=\"article:publisher\" content=\"https:\/\/www.facebook.com\/Tradycja-i-Wiara-108813920592249\" \/>\n<meta property=\"article:published_time\" content=\"2026-06-11T06:15:18+00:00\" \/>\n<meta property=\"og:image\" content=\"https:\/\/wobronietradycjiiwiary.com\/wp-content\/uploads\/2021\/06\/Barnaba.jpg\" \/>\n\t<meta property=\"og:image:width\" content=\"300\" \/>\n\t<meta property=\"og:image:height\" content=\"437\" \/>\n\t<meta property=\"og:image:type\" content=\"image\/jpeg\" \/>\n<meta name=\"author\" content=\"Traditio et Fides\" \/>\n<meta name=\"twitter:card\" content=\"summary_large_image\" \/>\n<meta name=\"twitter:label1\" content=\"Napisane przez\" \/>\n\t<meta name=\"twitter:data1\" content=\"Traditio et Fides\" \/>\n\t<meta name=\"twitter:label2\" content=\"Szacowany czas czytania\" \/>\n\t<meta name=\"twitter:data2\" content=\"9 minut\" \/>\n<script type=\"application\/ld+json\" class=\"yoast-schema-graph\">{\"@context\":\"https:\\\/\\\/schema.org\",\"@graph\":[{\"@type\":\"Article\",\"@id\":\"https:\\\/\\\/wobronietradycjiiwiary.com\\\/11-go-czerwca-zywot-swietego-barnaby-apostola-2-2-2-2-2\\\/#article\",\"isPartOf\":{\"@id\":\"https:\\\/\\\/wobronietradycjiiwiary.com\\\/11-go-czerwca-zywot-swietego-barnaby-apostola-2-2-2-2-2\\\/\"},\"author\":{\"name\":\"Traditio et Fides\",\"@id\":\"https:\\\/\\\/wobronietradycjiiwiary.com\\\/pl\\\/#\\\/schema\\\/person\\\/2d6180ce6abcb681fef0daab7816e8f3\"},\"headline\":\"11-go Czerwca. \u017bywot \u015bwi\u0119tego Barnaby, Aposto\u0142a.\",\"datePublished\":\"2026-06-11T06:15:18+00:00\",\"mainEntityOfPage\":{\"@id\":\"https:\\\/\\\/wobronietradycjiiwiary.com\\\/11-go-czerwca-zywot-swietego-barnaby-apostola-2-2-2-2-2\\\/\"},\"wordCount\":1896,\"commentCount\":0,\"publisher\":{\"@id\":\"https:\\\/\\\/wobronietradycjiiwiary.com\\\/pl\\\/#organization\"},\"image\":{\"@id\":\"https:\\\/\\\/wobronietradycjiiwiary.com\\\/11-go-czerwca-zywot-swietego-barnaby-apostola-2-2-2-2-2\\\/#primaryimage\"},\"thumbnailUrl\":\"https:\\\/\\\/wobronietradycjiiwiary.com\\\/wp-content\\\/uploads\\\/2021\\\/06\\\/Barnaba.jpg\",\"articleSection\":[\"06. \u015awi\u0119ta w czerwcu\",\"Duchowo\u015b\u0107\",\"Liturgia i liturgika\"],\"inLanguage\":\"pl-PL\",\"potentialAction\":[{\"@type\":\"CommentAction\",\"name\":\"Comment\",\"target\":[\"https:\\\/\\\/wobronietradycjiiwiary.com\\\/11-go-czerwca-zywot-swietego-barnaby-apostola-2-2-2-2-2\\\/#respond\"]}]},{\"@type\":\"WebPage\",\"@id\":\"https:\\\/\\\/wobronietradycjiiwiary.com\\\/11-go-czerwca-zywot-swietego-barnaby-apostola-2-2-2-2-2\\\/\",\"url\":\"https:\\\/\\\/wobronietradycjiiwiary.com\\\/11-go-czerwca-zywot-swietego-barnaby-apostola-2-2-2-2-2\\\/\",\"name\":\"11-go Czerwca. \u017bywot \u015bwi\u0119tego Barnaby, Aposto\u0142a. - Tradycja i Wiara\",\"isPartOf\":{\"@id\":\"https:\\\/\\\/wobronietradycjiiwiary.com\\\/pl\\\/#website\"},\"primaryImageOfPage\":{\"@id\":\"https:\\\/\\\/wobronietradycjiiwiary.com\\\/11-go-czerwca-zywot-swietego-barnaby-apostola-2-2-2-2-2\\\/#primaryimage\"},\"image\":{\"@id\":\"https:\\\/\\\/wobronietradycjiiwiary.com\\\/11-go-czerwca-zywot-swietego-barnaby-apostola-2-2-2-2-2\\\/#primaryimage\"},\"thumbnailUrl\":\"https:\\\/\\\/wobronietradycjiiwiary.com\\\/wp-content\\\/uploads\\\/2021\\\/06\\\/Barnaba.jpg\",\"datePublished\":\"2026-06-11T06:15:18+00:00\",\"breadcrumb\":{\"@id\":\"https:\\\/\\\/wobronietradycjiiwiary.com\\\/11-go-czerwca-zywot-swietego-barnaby-apostola-2-2-2-2-2\\\/#breadcrumb\"},\"inLanguage\":\"pl-PL\",\"potentialAction\":[{\"@type\":\"ReadAction\",\"target\":[\"https:\\\/\\\/wobronietradycjiiwiary.com\\\/11-go-czerwca-zywot-swietego-barnaby-apostola-2-2-2-2-2\\\/\"]}]},{\"@type\":\"ImageObject\",\"inLanguage\":\"pl-PL\",\"@id\":\"https:\\\/\\\/wobronietradycjiiwiary.com\\\/11-go-czerwca-zywot-swietego-barnaby-apostola-2-2-2-2-2\\\/#primaryimage\",\"url\":\"https:\\\/\\\/wobronietradycjiiwiary.com\\\/wp-content\\\/uploads\\\/2021\\\/06\\\/Barnaba.jpg\",\"contentUrl\":\"https:\\\/\\\/wobronietradycjiiwiary.com\\\/wp-content\\\/uploads\\\/2021\\\/06\\\/Barnaba.jpg\",\"width\":300,\"height\":437},{\"@type\":\"BreadcrumbList\",\"@id\":\"https:\\\/\\\/wobronietradycjiiwiary.com\\\/11-go-czerwca-zywot-swietego-barnaby-apostola-2-2-2-2-2\\\/#breadcrumb\",\"itemListElement\":[{\"@type\":\"ListItem\",\"position\":1,\"name\":\"Strona g\u0142\u00f3wna\",\"item\":\"https:\\\/\\\/wobronietradycjiiwiary.com\\\/\"},{\"@type\":\"ListItem\",\"position\":2,\"name\":\"11-go Czerwca. \u017bywot \u015bwi\u0119tego Barnaby, Aposto\u0142a.\"}]},{\"@type\":\"WebSite\",\"@id\":\"https:\\\/\\\/wobronietradycjiiwiary.com\\\/pl\\\/#website\",\"url\":\"https:\\\/\\\/wobronietradycjiiwiary.com\\\/pl\\\/\",\"name\":\"Tradycja i Wiara\",\"description\":\"Portal dla katolik\u00f3w.\",\"publisher\":{\"@id\":\"https:\\\/\\\/wobronietradycjiiwiary.com\\\/pl\\\/#organization\"},\"potentialAction\":[{\"@type\":\"SearchAction\",\"target\":{\"@type\":\"EntryPoint\",\"urlTemplate\":\"https:\\\/\\\/wobronietradycjiiwiary.com\\\/pl\\\/?s={search_term_string}\"},\"query-input\":{\"@type\":\"PropertyValueSpecification\",\"valueRequired\":true,\"valueName\":\"search_term_string\"}}],\"inLanguage\":\"pl-PL\"},{\"@type\":\"Organization\",\"@id\":\"https:\\\/\\\/wobronietradycjiiwiary.com\\\/pl\\\/#organization\",\"name\":\"Tradycja i Wiara\",\"url\":\"https:\\\/\\\/wobronietradycjiiwiary.com\\\/pl\\\/\",\"logo\":{\"@type\":\"ImageObject\",\"inLanguage\":\"pl-PL\",\"@id\":\"https:\\\/\\\/wobronietradycjiiwiary.com\\\/pl\\\/#\\\/schema\\\/logo\\\/image\\\/\",\"url\":\"https:\\\/\\\/i0.wp.com\\\/wobronietradycjiiwiary.com\\\/wp-content\\\/uploads\\\/2015\\\/10\\\/cropped-st-peters-dome-vatican.jpg?fit=940%2C198&ssl=1\",\"contentUrl\":\"https:\\\/\\\/i0.wp.com\\\/wobronietradycjiiwiary.com\\\/wp-content\\\/uploads\\\/2015\\\/10\\\/cropped-st-peters-dome-vatican.jpg?fit=940%2C198&ssl=1\",\"width\":940,\"height\":198,\"caption\":\"Tradycja i Wiara\"},\"image\":{\"@id\":\"https:\\\/\\\/wobronietradycjiiwiary.com\\\/pl\\\/#\\\/schema\\\/logo\\\/image\\\/\"},\"sameAs\":[\"https:\\\/\\\/www.facebook.com\\\/Tradycja-i-Wiara-108813920592249\"]},{\"@type\":\"Person\",\"@id\":\"https:\\\/\\\/wobronietradycjiiwiary.com\\\/pl\\\/#\\\/schema\\\/person\\\/2d6180ce6abcb681fef0daab7816e8f3\",\"name\":\"Traditio et Fides\",\"sameAs\":[\"https:\\\/\\\/traditionundglauben.com\"],\"url\":\"https:\\\/\\\/wobronietradycjiiwiary.com\\\/pl\\\/author\\\/wobronietradycjiiwiary\\\/\"}]}<\/script>\n<!-- \/ Yoast SEO plugin. -->","yoast_head_json":{"title":"11-go Czerwca. \u017bywot \u015bwi\u0119tego Barnaby, Aposto\u0142a. - Tradycja i Wiara","robots":{"index":"index","follow":"follow","max-snippet":"max-snippet:-1","max-image-preview":"max-image-preview:large","max-video-preview":"max-video-preview:-1"},"canonical":"https:\/\/wobronietradycjiiwiary.com\/pl\/11-go-czerwca-zywot-swietego-barnaby-apostola-2-2-2-2-2\/","og_locale":"pl_PL","og_type":"article","og_title":"11-go Czerwca. \u017bywot \u015bwi\u0119tego Barnaby, Aposto\u0142a. - Tradycja i Wiara","og_description":"\u015aw. Barnaba, cho\u0107 nawr\u00f3ci\u0142 si\u0119 wcze\u015bniej, ca\u0142e \u017cycie by\u0142 niejako w cieniu \u015bw. Paw\u0142a, a potem Ewangelisty \u015bw. Marka.","og_url":"https:\/\/wobronietradycjiiwiary.com\/pl\/11-go-czerwca-zywot-swietego-barnaby-apostola-2-2-2-2-2\/","og_site_name":"Tradycja i Wiara","article_publisher":"https:\/\/www.facebook.com\/Tradycja-i-Wiara-108813920592249","article_published_time":"2026-06-11T06:15:18+00:00","og_image":[{"width":300,"height":437,"url":"https:\/\/wobronietradycjiiwiary.com\/wp-content\/uploads\/2021\/06\/Barnaba.jpg","type":"image\/jpeg"}],"author":"Traditio et Fides","twitter_card":"summary_large_image","twitter_misc":{"Napisane przez":"Traditio et Fides","Szacowany czas czytania":"9 minut"},"schema":{"@context":"https:\/\/schema.org","@graph":[{"@type":"Article","@id":"https:\/\/wobronietradycjiiwiary.com\/11-go-czerwca-zywot-swietego-barnaby-apostola-2-2-2-2-2\/#article","isPartOf":{"@id":"https:\/\/wobronietradycjiiwiary.com\/11-go-czerwca-zywot-swietego-barnaby-apostola-2-2-2-2-2\/"},"author":{"name":"Traditio et Fides","@id":"https:\/\/wobronietradycjiiwiary.com\/pl\/#\/schema\/person\/2d6180ce6abcb681fef0daab7816e8f3"},"headline":"11-go Czerwca. \u017bywot \u015bwi\u0119tego Barnaby, Aposto\u0142a.","datePublished":"2026-06-11T06:15:18+00:00","mainEntityOfPage":{"@id":"https:\/\/wobronietradycjiiwiary.com\/11-go-czerwca-zywot-swietego-barnaby-apostola-2-2-2-2-2\/"},"wordCount":1896,"commentCount":0,"publisher":{"@id":"https:\/\/wobronietradycjiiwiary.com\/pl\/#organization"},"image":{"@id":"https:\/\/wobronietradycjiiwiary.com\/11-go-czerwca-zywot-swietego-barnaby-apostola-2-2-2-2-2\/#primaryimage"},"thumbnailUrl":"https:\/\/wobronietradycjiiwiary.com\/wp-content\/uploads\/2021\/06\/Barnaba.jpg","articleSection":["06. \u015awi\u0119ta w czerwcu","Duchowo\u015b\u0107","Liturgia i liturgika"],"inLanguage":"pl-PL","potentialAction":[{"@type":"CommentAction","name":"Comment","target":["https:\/\/wobronietradycjiiwiary.com\/11-go-czerwca-zywot-swietego-barnaby-apostola-2-2-2-2-2\/#respond"]}]},{"@type":"WebPage","@id":"https:\/\/wobronietradycjiiwiary.com\/11-go-czerwca-zywot-swietego-barnaby-apostola-2-2-2-2-2\/","url":"https:\/\/wobronietradycjiiwiary.com\/11-go-czerwca-zywot-swietego-barnaby-apostola-2-2-2-2-2\/","name":"11-go Czerwca. \u017bywot \u015bwi\u0119tego Barnaby, Aposto\u0142a. - Tradycja i Wiara","isPartOf":{"@id":"https:\/\/wobronietradycjiiwiary.com\/pl\/#website"},"primaryImageOfPage":{"@id":"https:\/\/wobronietradycjiiwiary.com\/11-go-czerwca-zywot-swietego-barnaby-apostola-2-2-2-2-2\/#primaryimage"},"image":{"@id":"https:\/\/wobronietradycjiiwiary.com\/11-go-czerwca-zywot-swietego-barnaby-apostola-2-2-2-2-2\/#primaryimage"},"thumbnailUrl":"https:\/\/wobronietradycjiiwiary.com\/wp-content\/uploads\/2021\/06\/Barnaba.jpg","datePublished":"2026-06-11T06:15:18+00:00","breadcrumb":{"@id":"https:\/\/wobronietradycjiiwiary.com\/11-go-czerwca-zywot-swietego-barnaby-apostola-2-2-2-2-2\/#breadcrumb"},"inLanguage":"pl-PL","potentialAction":[{"@type":"ReadAction","target":["https:\/\/wobronietradycjiiwiary.com\/11-go-czerwca-zywot-swietego-barnaby-apostola-2-2-2-2-2\/"]}]},{"@type":"ImageObject","inLanguage":"pl-PL","@id":"https:\/\/wobronietradycjiiwiary.com\/11-go-czerwca-zywot-swietego-barnaby-apostola-2-2-2-2-2\/#primaryimage","url":"https:\/\/wobronietradycjiiwiary.com\/wp-content\/uploads\/2021\/06\/Barnaba.jpg","contentUrl":"https:\/\/wobronietradycjiiwiary.com\/wp-content\/uploads\/2021\/06\/Barnaba.jpg","width":300,"height":437},{"@type":"BreadcrumbList","@id":"https:\/\/wobronietradycjiiwiary.com\/11-go-czerwca-zywot-swietego-barnaby-apostola-2-2-2-2-2\/#breadcrumb","itemListElement":[{"@type":"ListItem","position":1,"name":"Strona g\u0142\u00f3wna","item":"https:\/\/wobronietradycjiiwiary.com\/"},{"@type":"ListItem","position":2,"name":"11-go Czerwca. \u017bywot \u015bwi\u0119tego Barnaby, Aposto\u0142a."}]},{"@type":"WebSite","@id":"https:\/\/wobronietradycjiiwiary.com\/pl\/#website","url":"https:\/\/wobronietradycjiiwiary.com\/pl\/","name":"Tradycja i Wiara","description":"Portal dla katolik\u00f3w.","publisher":{"@id":"https:\/\/wobronietradycjiiwiary.com\/pl\/#organization"},"potentialAction":[{"@type":"SearchAction","target":{"@type":"EntryPoint","urlTemplate":"https:\/\/wobronietradycjiiwiary.com\/pl\/?s={search_term_string}"},"query-input":{"@type":"PropertyValueSpecification","valueRequired":true,"valueName":"search_term_string"}}],"inLanguage":"pl-PL"},{"@type":"Organization","@id":"https:\/\/wobronietradycjiiwiary.com\/pl\/#organization","name":"Tradycja i Wiara","url":"https:\/\/wobronietradycjiiwiary.com\/pl\/","logo":{"@type":"ImageObject","inLanguage":"pl-PL","@id":"https:\/\/wobronietradycjiiwiary.com\/pl\/#\/schema\/logo\/image\/","url":"https:\/\/i0.wp.com\/wobronietradycjiiwiary.com\/wp-content\/uploads\/2015\/10\/cropped-st-peters-dome-vatican.jpg?fit=940%2C198&ssl=1","contentUrl":"https:\/\/i0.wp.com\/wobronietradycjiiwiary.com\/wp-content\/uploads\/2015\/10\/cropped-st-peters-dome-vatican.jpg?fit=940%2C198&ssl=1","width":940,"height":198,"caption":"Tradycja i Wiara"},"image":{"@id":"https:\/\/wobronietradycjiiwiary.com\/pl\/#\/schema\/logo\/image\/"},"sameAs":["https:\/\/www.facebook.com\/Tradycja-i-Wiara-108813920592249"]},{"@type":"Person","@id":"https:\/\/wobronietradycjiiwiary.com\/pl\/#\/schema\/person\/2d6180ce6abcb681fef0daab7816e8f3","name":"Traditio et Fides","sameAs":["https:\/\/traditionundglauben.com"],"url":"https:\/\/wobronietradycjiiwiary.com\/pl\/author\/wobronietradycjiiwiary\/"}]}},"jetpack_publicize_connections":[],"jetpack_sharing_enabled":true,"jetpack_likes_enabled":true,"jetpack_shortlink":"https:\/\/wp.me\/pc04Sd-Hg6","jetpack-related-posts":[{"id":93211,"url":"https:\/\/wobronietradycjiiwiary.com\/pl\/11-go-czerwca-zywot-swietego-barnaby-apostola-2-2\/","url_meta":{"origin":166290,"position":0},"title":"11-go Czerwca. \u017bywot \u015bwi\u0119tego Barnaby, Aposto\u0142a.","author":"Traditio et Fides","date":"11 czerwca 2023","format":false,"excerpt":"\u015aw. Barnaba, cho\u0107 nawr\u00f3ci\u0142 si\u0119 wcze\u015bniej, ca\u0142e \u017cycie by\u0142 niejako w cieniu \u015bw. Paw\u0142a, a potem Ewangelisty \u015bw. Marka. Ale nie przeszkadza\u0142o mu to, jak nie przeszkadza dru\u017cbie prowadzenie pana m\u0142odego.","rel":"","context":"W \u201e06. \u015awi\u0119ta w czerwcu&quot;","block_context":{"text":"06. \u015awi\u0119ta w czerwcu","link":"https:\/\/wobronietradycjiiwiary.com\/pl\/category\/duchowosc\/liturgia-i-liturgika\/rozwazania\/rok-liturgiczny\/swieta-w-czerwcu\/"},"img":{"alt_text":"","src":"https:\/\/i0.wp.com\/wobronietradycjiiwiary.com\/wp-content\/uploads\/2021\/06\/Barnaba.jpg?resize=350%2C200&ssl=1","width":350,"height":200},"classes":[]},{"id":48994,"url":"https:\/\/wobronietradycjiiwiary.com\/pl\/11-go-czerwca-zywot-swietego-barnaby-apostola\/","url_meta":{"origin":166290,"position":1},"title":"11-go Czerwca. \u017bywot \u015bwi\u0119tego Barnaby, Aposto\u0142a.","author":"Traditio et Fides","date":"11 czerwca 2021","format":false,"excerpt":"\u015aw. Barnaba, cho\u0107 nawr\u00f3ci\u0142 si\u0119 wcze\u015bniej, ca\u0142e \u017cycie by\u0142 niejako w cieniu \u015bw. Paw\u0142a, a potem Ewangelisty \u015bw. Marka. Ale nie przeszkadza\u0142o mu to, jak nie przeszkadza dru\u017cbie prowadzenie pana m\u0142odego.","rel":"","context":"W \u201e06. \u015awi\u0119ta w czerwcu&quot;","block_context":{"text":"06. \u015awi\u0119ta w czerwcu","link":"https:\/\/wobronietradycjiiwiary.com\/pl\/category\/duchowosc\/liturgia-i-liturgika\/rozwazania\/rok-liturgiczny\/swieta-w-czerwcu\/"},"img":{"alt_text":"","src":"https:\/\/i0.wp.com\/wobronietradycjiiwiary.com\/wp-content\/uploads\/2021\/06\/Barnaba.jpg?resize=350%2C200&ssl=1","width":350,"height":200},"classes":[]},{"id":71168,"url":"https:\/\/wobronietradycjiiwiary.com\/pl\/11-go-czerwca-zywot-swietego-barnaby-apostola-2\/","url_meta":{"origin":166290,"position":2},"title":"11-go Czerwca. \u017bywot \u015bwi\u0119tego Barnaby, Aposto\u0142a.","author":"Traditio et Fides","date":"11 czerwca 2022","format":false,"excerpt":"\u015aw. Barnaba, cho\u0107 nawr\u00f3ci\u0142 si\u0119 wcze\u015bniej, ca\u0142e \u017cycie by\u0142 niejako w cieniu \u015bw. Paw\u0142a, a potem Ewangelisty \u015bw. Marka. Ale nie przeszkadza\u0142o mu to, jak nie przeszkadza dru\u017cbie prowadzenie pana m\u0142odego.","rel":"","context":"W \u201e06. \u015awi\u0119ta w czerwcu&quot;","block_context":{"text":"06. \u015awi\u0119ta w czerwcu","link":"https:\/\/wobronietradycjiiwiary.com\/pl\/category\/duchowosc\/liturgia-i-liturgika\/rozwazania\/rok-liturgiczny\/swieta-w-czerwcu\/"},"img":{"alt_text":"","src":"https:\/\/i0.wp.com\/wobronietradycjiiwiary.com\/wp-content\/uploads\/2021\/06\/Barnaba.jpg?resize=350%2C200&ssl=1","width":350,"height":200},"classes":[]},{"id":117675,"url":"https:\/\/wobronietradycjiiwiary.com\/pl\/11-go-czerwca-zywot-swietego-barnaby-apostola-2-2-2\/","url_meta":{"origin":166290,"position":3},"title":"11-go Czerwca. \u017bywot \u015bwi\u0119tego Barnaby, Aposto\u0142a.","author":"Traditio et Fides","date":"11 czerwca 2024","format":false,"excerpt":"\u015aw. Barnaba, cho\u0107 nawr\u00f3ci\u0142 si\u0119 wcze\u015bniej, ca\u0142e \u017cycie by\u0142 niejako w cieniu \u015bw. Paw\u0142a, a potem Ewangelisty \u015bw. Marka. Ale nie przeszkadza\u0142o mu to, jak nie przeszkadza dru\u017cbie prowadzenie pana m\u0142odego.","rel":"","context":"W \u201e06. \u015awi\u0119ta w czerwcu&quot;","block_context":{"text":"06. \u015awi\u0119ta w czerwcu","link":"https:\/\/wobronietradycjiiwiary.com\/pl\/category\/duchowosc\/liturgia-i-liturgika\/rozwazania\/rok-liturgiczny\/swieta-w-czerwcu\/"},"img":{"alt_text":"","src":"https:\/\/i0.wp.com\/wobronietradycjiiwiary.com\/wp-content\/uploads\/2021\/06\/Barnaba.jpg?resize=350%2C200&ssl=1","width":350,"height":200},"classes":[]},{"id":143957,"url":"https:\/\/wobronietradycjiiwiary.com\/pl\/11-go-czerwca-zywot-swietego-barnaby-apostola-2-2-2-2\/","url_meta":{"origin":166290,"position":4},"title":"11-go Czerwca. \u017bywot \u015bwi\u0119tego Barnaby, Aposto\u0142a.","author":"Traditio et Fides","date":"11 czerwca 2025","format":false,"excerpt":"\u015aw. Barnaba, cho\u0107 nawr\u00f3ci\u0142 si\u0119 wcze\u015bniej, ca\u0142e \u017cycie by\u0142 niejako w cieniu \u015bw. Paw\u0142a, a potem Ewangelisty \u015bw. Marka.","rel":"","context":"W \u201e06. \u015awi\u0119ta w czerwcu&quot;","block_context":{"text":"06. \u015awi\u0119ta w czerwcu","link":"https:\/\/wobronietradycjiiwiary.com\/pl\/category\/duchowosc\/liturgia-i-liturgika\/rozwazania\/rok-liturgiczny\/swieta-w-czerwcu\/"},"img":{"alt_text":"","src":"https:\/\/i0.wp.com\/wobronietradycjiiwiary.com\/wp-content\/uploads\/2021\/06\/Barnaba.jpg?resize=350%2C200&ssl=1","width":350,"height":200},"classes":[]},{"id":93191,"url":"https:\/\/wobronietradycjiiwiary.com\/pl\/28-go-czerwca-zywot-swietego-ireneusza-biskupa-i-meczennika-2-2\/","url_meta":{"origin":166290,"position":5},"title":"28-go Czerwca. \u017bywot \u015bwi\u0119tego Ireneusza, Biskupa i M\u0119czennika.","author":"Traditio et Fides","date":"28 czerwca 2023","format":false,"excerpt":"Za co kochamy \u015bw. Ireneusza? Za jego bardzo dok\u0142adne sprawozdania na temat zachowania gnostyk\u00f3w. Dlaczego? Poniewa\u017c z\u0142y duch ma ograniczony zapas sztuczek i wszystko si\u0119 powtarza. W tajnych stowarzyszeniach dziej\u0105 si\u0119 dok\u0142adnie te same rzeczy, kt\u00f3re opisywa\u0142 \u015bw. Ireneusz z Adversus haereses. Uczmy si\u0119.","rel":"","context":"W \u201e06. \u015awi\u0119ta w czerwcu&quot;","block_context":{"text":"06. \u015awi\u0119ta w czerwcu","link":"https:\/\/wobronietradycjiiwiary.com\/pl\/category\/duchowosc\/liturgia-i-liturgika\/rozwazania\/rok-liturgiczny\/swieta-w-czerwcu\/"},"img":{"alt_text":"","src":"https:\/\/i0.wp.com\/wobronietradycjiiwiary.com\/wp-content\/uploads\/2021\/06\/Irenaus-of-Lyon.jpg?resize=350%2C200&ssl=1","width":350,"height":200},"classes":[]}],"amp_enabled":true,"jetpack_featured_media_url":"https:\/\/wobronietradycjiiwiary.com\/wp-content\/uploads\/2021\/06\/Barnaba.jpg","_links":{"self":[{"href":"https:\/\/wobronietradycjiiwiary.com\/pl\/wp-json\/wp\/v2\/posts\/166290","targetHints":{"allow":["GET"]}}],"collection":[{"href":"https:\/\/wobronietradycjiiwiary.com\/pl\/wp-json\/wp\/v2\/posts"}],"about":[{"href":"https:\/\/wobronietradycjiiwiary.com\/pl\/wp-json\/wp\/v2\/types\/post"}],"author":[{"embeddable":true,"href":"https:\/\/wobronietradycjiiwiary.com\/pl\/wp-json\/wp\/v2\/users\/60508433"}],"replies":[{"embeddable":true,"href":"https:\/\/wobronietradycjiiwiary.com\/pl\/wp-json\/wp\/v2\/comments?post=166290"}],"version-history":[{"count":1,"href":"https:\/\/wobronietradycjiiwiary.com\/pl\/wp-json\/wp\/v2\/posts\/166290\/revisions"}],"predecessor-version":[{"id":166291,"href":"https:\/\/wobronietradycjiiwiary.com\/pl\/wp-json\/wp\/v2\/posts\/166290\/revisions\/166291"}],"wp:featuredmedia":[{"embeddable":true,"href":"https:\/\/wobronietradycjiiwiary.com\/pl\/wp-json\/wp\/v2\/media\/48999"}],"wp:attachment":[{"href":"https:\/\/wobronietradycjiiwiary.com\/pl\/wp-json\/wp\/v2\/media?parent=166290"}],"wp:term":[{"taxonomy":"category","embeddable":true,"href":"https:\/\/wobronietradycjiiwiary.com\/pl\/wp-json\/wp\/v2\/categories?post=166290"},{"taxonomy":"post_tag","embeddable":true,"href":"https:\/\/wobronietradycjiiwiary.com\/pl\/wp-json\/wp\/v2\/tags?post=166290"}],"curies":[{"name":"wp","href":"https:\/\/api.w.org\/{rel}","templated":true}]}}