{"id":166259,"date":"2026-06-15T08:15:05","date_gmt":"2026-06-15T06:15:05","guid":{"rendered":"https:\/\/wobronietradycjiiwiary.com\/?p=166259"},"modified":"2026-06-02T12:48:59","modified_gmt":"2026-06-02T10:48:59","slug":"15-go-czerwca-zywot-swietego-landelina-opata-2-2-2-2-2","status":"publish","type":"post","link":"https:\/\/wobronietradycjiiwiary.com\/pl\/15-go-czerwca-zywot-swietego-landelina-opata-2-2-2-2-2\/","title":{"rendered":"15-go Czerwca. \u017bywot \u015bwi\u0119tego Landelina, Opata."},"content":{"rendered":"<div id=\"bsf_rt_marker\"><\/div>\n<p class=\"has-text-align-center wp-block-paragraph\">(\u017by\u0142 oko\u0142o roku Pa\u0144skiego 680).<\/p>\n\n\n\n<figure class=\"wp-block-image\"><a href=\"https:\/\/pl.wikisource.org\/wiki\/Plik:%C5%BBywoty_%C5%9Bw._Pa%C5%84skich_na_wszystkie_dnie_roku-Inicja%C5%82-L.png\"><img decoding=\"async\" src=\"https:\/\/upload.wikimedia.org\/wikipedia\/commons\/thumb\/4\/4c\/%C5%BBywoty_%C5%9Bw._Pa%C5%84skich_na_wszystkie_dnie_roku-Inicja%C5%82-L.png\/56px-%C5%BBywoty_%C5%9Bw._Pa%C5%84skich_na_wszystkie_dnie_roku-Inicja%C5%82-L.png\" alt=\"L\"\/><\/a><\/figure>\n\n\n\n<p class=\"has-text-align-justify wp-block-paragraph\">Landelin urodzi\u0142 si\u0119 w mie\u015bcie francuskiem Cambrai. Rodzice powierzyli jego wychowanie Biskupowi Autbertowi, pragn\u0105c, aby ch\u0142opiec wyr\u00f3s\u0142 na cz\u0142owieka pobo\u017cnego i dzielnego. Z pocz\u0105tku sz\u0142o to jako tako, ch\u0142opczyk by\u0142 pos\u0142usznym Biskupowi, uczy\u0142 si\u0119 pilnie i \u017cy\u0142 pobo\u017cnie, a nauczyciel jego z niego by\u0142 zadowolony. Wyr\u00f3s\u0142szy za\u015b na krzepkiego m\u0142odziana, okazywa\u0142 sk\u0142onno\u015b\u0107 do stanu duchownego, a czcigodny pasterz utwierdzi\u0142 go w tym zamiarze. Skoro tylko towarzysze Landelina to zmiarkowali, starali si\u0119 odwie\u015b\u0107 go od zamierzonego zawodu. Kusili go przeto na wszelki spos\u00f3b, przedstawiaj\u0105c mu, \u017ce maj\u0105tek, jakiego si\u0119 spodziewa\u0107 mo\u017ce po najd\u0142u\u017cszem \u017cyciu rodzic\u00f3w, pozwoli mu \u017cy\u0107 dostatnio i doj\u015b\u0107 do najwy\u017cszych dostoje\u0144stw. Wodzili go przeto na r\u00f3\u017cne zabawy, podniecali jego nami\u0119tno\u015bci, odci\u0105gali od nauk i modlitwy, a w ko\u0144cu doprowadzili do tego, \u017ce stosunek z pobo\u017cnym Biskupem przykrzy\u0107 mu si\u0119 zacz\u0105\u0142. Aby nie ogl\u0105da\u0107 oblicza swego wychowawcy i nie s\u0142ucha\u0107 jego cierpkich wym\u00f3wek, jako te\u017c powa\u017cnych napomnie\u0144, uszed\u0142 potajemnie z miejsca rodzinnego, nie powiedziawszy o tem ani s\u0142owa rodzicom.<\/p>\n\n\n\n<p class=\"has-text-align-justify wp-block-paragraph\">Znalaz\u0142 te\u017c niebawem weso\u0142ych kole\u017ck\u00f3w, z kt\u00f3rymi hula\u0142 w nocy i we dnie, p\u00f3ki nie straci\u0142 wszystkiego, co z sob\u0105 zabra\u0142. Zamiast jednak\u017ce powr\u00f3ci\u0107 do rodzic\u00f3w i swego nauczyciela, wa\u0142\u0119sa\u0142 si\u0119 po kraju, dostawszy si\u0119 wreszcie pomi\u0119dzy szajk\u0119 rozb\u00f3jnik\u00f3w, kt\u00f3rzy go z rado\u015bci\u0105 przyj\u0119li do swego grona. Z tymi \u0142otrami trudni\u0142 si\u0119 przez d\u0142u\u017cszy czas rozbojem i do\u015b\u0107 daleko zaszed\u0142 w tem rzemio\u015ble. Poczciwy Biskup nie wiedzia\u0142, gdzie si\u0119 jego wychowaniec podzia\u0142 i mocno si\u0119 tem trapi\u0142. Pragn\u0105\u0142 on przygarn\u0105\u0107 do siebie lekkomy\u015blnego m\u0142odzie\u0144ca, ale nie wiedzia\u0142, gdzie go szuka\u0107. W utrapieniu swojem pocz\u0105\u0142 przeto b\u0142aga\u0107 Boga o ratunek dla nieszcz\u0119snego grzesznika. Noc i dzie\u0144 trwa\u0142 na modlitwie, poddaj\u0105c si\u0119 surowej pokucie. B\u00f3g mi\u0142osierny widz\u0105c \u0142zy Biskupa i n\u0119dz\u0119 tu\u0142aczego m\u0142odzie\u0144ca, ulitowa\u0142 si\u0119 nad nimi, a nast\u0119puj\u0105ce zdarzenie przywiod\u0142o Landelina do upami\u0119tania.<\/p>\n\n\n\n<p class=\"has-text-align-justify wp-block-paragraph\">Sta\u0142o si\u0119, i\u017c razu jednego zakradli si\u0119 rabusie nocn\u0105 por\u0105 w celu rabunku do jakiego\u015b domu; Landelin znajdowa\u0142 si\u0119 mi\u0119dzy nimi. Jeden z rzezimieszk\u00f3w przystawi\u0142 tedy drabin\u0119, zaledwie jednak dosta\u0142 si\u0119 na ostatni szczebel, spad\u0142 nagle i utraci\u0142 \u017cycie. Rabusie wypadkiem tym wielce przestraszeni, rozproszyli si\u0119 na wszystkie strony. Landelin za\u015b uszed\u0142 do lasu, ukrywaj\u0105c si\u0119 przez pewien czas w zaro\u015blach. Rozmy\u015blaj\u0105c o sposobie \u017cywota swego, zadr\u017ca\u0142 z przera\u017cenia i straszna bole\u015b\u0107 przej\u0119\u0142a serce jego, a ze smutku i strapienia nie m\u00f3g\u0142 usn\u0105\u0107. Wtem pojawia mu si\u0119 we \u015bnie prze\u015bliczny m\u0142odzian, chwyta go za r\u0119k\u0119 i wiedzie na miejsce, z kt\u00f3rego by\u0142 widok na czelu\u015bcie piekielne, gdzie pomi\u0119dzy pot\u0119pionymi ujrza\u0142 rabusia, kt\u00f3ry spad\u0142 z drabiny, a kt\u00f3rego szatani w p\u0142on\u0105cym ogniu m\u0119czyli. \u201eCzy i ty \u2014 rzek\u0142 m\u0142odzian do Landelina \u2014 chcesz temu opryszkowi towarzyszy\u0107? Landelinie, ten sam los i ciebie czeka, je\u015bli dalej p\u00f3jdziesz t\u0105 drog\u0105&nbsp;i nie upami\u0119tasz si\u0119!\u201c Po tych s\u0142owach m\u0142odzian znikn\u0105\u0142, a Landelin ockn\u0105wszy si\u0119 ze snu, zadr\u017ca\u0142 z przestrachu.<\/p>\n\n\n\n<p class=\"has-text-align-justify wp-block-paragraph\">Natychmiast pad\u0142 wi\u0119c na kolana, podzi\u0119kowa\u0142 Bogu za mi\u0142osierdzie, i\u017c go sk\u0142oni\u0107 raczy\u0142 do opuszczenia grzesznej drogi, przyrzek\u0142 uroczy\u015bcie popraw\u0119 i b\u0142aga\u0142 gor\u0105co o przebaczenie grzech\u00f3w. Z brzaskiem dnia pu\u015bci\u0142 si\u0119 w drog\u0119 i jak marnotrawny syn wr\u00f3ci\u0142 do swego nauczyciela, czcigodnego Biskupa Autberta.<\/p>\n\n\n\n<p class=\"has-text-align-justify wp-block-paragraph\">Biskup nie posiada\u0142 si\u0119 z rado\u015bci; zoczywszy straconego ucznia, u\u015bciska\u0142 go serdecznie, wszystko mu wybaczy\u0142 i przyj\u0105\u0142 w sw\u00f3j dom. Z porady jego podda\u0142 si\u0119 Landelin jak najsurowszej pokucie, a porzuciwszy z obrzydzeniem bezbo\u017cny \u017cywot, stara\u0142 si\u0119 dobrymi czynami powetowa\u0107 dawniejsze przewinienia i zbrodnie. Po trzykro\u0107 odby\u0142 pielgrzymk\u0119 do Rzymu, aby tam\u017ce od nast\u0119pcy \u015bwi\u0119tego Piotra wyb\u0142aga\u0107 przebaczenie grzech\u00f3w. Skoro si\u0119 za\u015b Biskup przekona\u0142, jak szczerze pragnie Landelin zosta\u0107 pobo\u017cnym s\u0142ug\u0105 Boga, wy\u015bwi\u0119ci\u0142 go na kap\u0142ana i powierzy\u0142 mu urz\u0105d kaznodziejski. Landelin, sam na sobie do\u015bwiadczywszy, jak nieszcz\u0119\u015bliwym jest grzesznik, jak mi\u0142osiernym Pan B\u00f3g i jak s\u0142odkiem szczere nawr\u00f3cenie, prawi\u0142 z ambony do zatwardzia\u0142ych grzesznik\u00f3w z takiem przej\u0119ciem i namaszczeniem, \u017ce \u017caden nie m\u00f3g\u0142 si\u0119 oprze\u0107 jego wymowie.<\/p>\n\n\n\n<p class=\"has-text-align-justify wp-block-paragraph\">Aby skrusze swych s\u0142uchacz\u00f3w zado\u015b\u0107uczyni\u0107 i siebie samego tem wi\u0119cej udoskonali\u0107, uda\u0142 si\u0119 Landelin za przyzwoleniem i zgod\u0105 Biskupa w miejsce odludne, zwane Laubach. Tam z towarzyszami pobudowa\u0142 kilkana\u015bcie cel i w ca\u0142kowitem odosobnieniu od \u015bwiata pocz\u0105\u0142 z nimi wie\u015b\u0107 \u017cycie samotnicze na wz\u00f3r dawnych pustelnik\u00f3w. Wkr\u00f3tce pocz\u0119\u0142a wzrasta\u0107 liczba pokutnik\u00f3w; trzeba przeto by\u0142o pozak\u0142ada\u0107 wi\u0119cej klasztor\u00f3w, w kt\u00f3rych bracia wiedli \u017cywot \u015bwi\u0119tobliwy. Zatrudnieniem ich by\u0142a uprawa roli i modlitwa. Rudowali oni i trzebili lasy, osuszali bagna, wykopywali g\u0142azy i orali ziemi\u0119. W\u015br\u00f3d pustelni wystawili ma\u0142\u0105 kapliczk\u0119 na cze\u015b\u0107 Matki Bo\u017cej, gdzie si\u0119 schodzili na nabo\u017ce\u0144stwo. Landelin zosta\u0142 ich Opatem i przy\u015bwieca\u0142 braci zakonnej przyk\u0142adem jak najlepszym. Cierpia\u0142 jednak\u017ce klasztor wielki niedostatek wody; Opat pomodli\u0142 si\u0119 gor\u0105co, poszed\u0142szy na pewne miejsce w pobli\u017cu klasztoru, uderzy\u0142 lask\u0105 o ziemi\u0119, a natychmiast wytrys\u0142o obfite \u017ar\u00f3d\u0142o.<\/p>\n\n\n\n<p class=\"has-text-align-justify wp-block-paragraph\">W s\u0119dziwym wieku opu\u015bci\u0142 Landelin klasztor i poszed\u0142 dalej na pustyni\u0119, aby si\u0119 odda\u0107 jeszcze wi\u0119kszej pokucie; tam go zaskoczy\u0142a febra. Odgad\u0142 \u015bwi\u0119ty Pustelnik, \u017ce zgon niedaleki i przez jednego z zakonnik\u00f3w, kt\u00f3ry go tedy owedy odwiedza\u0142, kaza\u0142 zwo\u0142a\u0107 braci klasztornych. Zach\u0119caj\u0105c ich do wytrwa\u0142o\u015bci, przyj\u0105\u0142 \u015bw. Sakramenta i zgas\u0142 jak najspokojniej w roku 686. Przy grobie jego sta\u0142 si\u0119 cud niejeden, a wizerunki jego przedstawiaj\u0105 go jako Opata z pastora\u0142em.<\/p>\n\n\n\n<h2 class=\"wp-block-heading\"><br><strong>Nauka moralna.<\/strong><\/h2>\n\n\n\n<p class=\"has-text-align-justify wp-block-paragraph\">\u2009B\u00f3g nie chce \u015bmierci grzesznika, lecz pragnie jego nawr\u00f3cenia. Dlatego u\u017cywa rozlicznych sposob\u00f3w, aby go przywie\u015b\u0107 do upami\u0119tania i ocali\u0107 od zguby. To go nawiedza chorob\u0105, to spuszcza na\u0144 gro\u017ane niebezpiecze\u0144stwa, to przywodzi go do ub\u00f3stwa, to zsy\u0142a na\u0144 r\u00f3\u017cne utrapienia i cierpienia, to przez usta kap\u0142ana stara si\u0119 poruszy\u0107 jego sumienie, albo te\u017c przez ksi\u0105\u017ck\u0119 jak\u0105 usi\u0142uje go ocuci\u0107 z d\u0142ugoletniego u\u015bpienia. U innych spowodowa\u0142a mo\u017ce popraw\u0119 \u015bmier\u0107 przyjaciela, przyk\u0142ad cz\u0142owieka pobo\u017cnego, przesyt i obrzydzenie pochodz\u0105ce z nadu\u017cycia rozkoszy cielesnych i grzesznych rozrywek, wyrzuty sumienia, obawa przed piek\u0142em. Nieograniczone i niezg\u0142\u0119bione jest mi\u0142osierdzie Bo\u017ce. S\u0142usznie przeto m\u00f3wi Psalmista \u015bwi\u0119ty: \u201eChwalcie Pana, dobrym bowiem jest, a wiecznotrwa\u0142em Jego mi\u0142osierdzie.\u201c Zastan\u00f3w si\u0119 przeto i upami\u0119taj, grzeszniku! Pomnij na to, \u017ce B\u00f3g wo\u0142a cz\u0119sto, wo\u0142a d\u0142ugo, ale nie zawsze. Zawczasu si\u0119 przeto zastan\u00f3w i upami\u0119taj, bo nikt nie jest pewien, kiedy go B\u00f3g do Siebie powo\u0142a. Przyjdzie \u015bmier\u0107 nagle i niespodzianie, a wtedy ju\u017c nie b\u0119dzie czasu do skruchy, \u017calu i poprawy.<br><\/p>\n\n\n\n<blockquote class=\"wp-block-quote is-layout-flow wp-block-quote-is-layout-flow\"><p><strong>Modlitwa.<\/strong><\/p><\/blockquote>\n\n\n\n<blockquote class=\"wp-block-quote is-layout-flow wp-block-quote-is-layout-flow\"><p>\u2009Bo\u017ce i Panie m\u00f3j, spraw mi\u0142o\u015bciwie, aby\u015bmy serdecznie \u017ca\u0142uj\u0105c za grzechy nasze, podobnie jak \u015bwi\u0119ty Landelin dost\u0105pili przebaczenia, a tem samem zyskali Kr\u00f3lestwo niebieskie. Przez Pana naszego&nbsp;Jezusa Chrystusa, kt\u00f3ry kr\u00f3luje w Niebie i na ziemi, po wszystkie wieki wiek\u00f3w. Amen.<\/p><\/blockquote>\n\n\n\n<figure class=\"wp-block-table\"><table><tbody><tr><td>\u2217&nbsp;&nbsp;&nbsp;&nbsp;&nbsp;&nbsp;&nbsp;&nbsp;&nbsp;&nbsp;&nbsp;&nbsp;&nbsp;&nbsp;&nbsp;&nbsp;&nbsp;&nbsp;&nbsp;&nbsp;\u2217<br>\u2217<\/td><\/tr><\/tbody><\/table><\/figure>\n\n\n\n<p class=\"wp-block-paragraph\">\u2009<em>Opr\u00f3cz tego obchodzi Ko\u015bci\u00f3\u0142 \u015bwi\u0119ty pami\u0105tk\u0119 nast\u0119puj\u0105cych \u015awi\u0119tych Pa\u0144skich, zamieszczonych w rzymskiem martyrologium:<\/em><\/p>\n\n\n\n<p class=\"has-text-align-justify wp-block-paragraph\">\u2009<strong>Dnia 15-go czerwca<\/strong>&nbsp;nad rzek\u0105 Sele w Bazylikacie m\u0119cze\u0144stwo \u015bw.&nbsp;Wita, Modesta i Krescencyi. Za cesarza Dyoklecyana przybyli na miejsce to z Sycylii, gdzie zanurzono ich w kot\u0142y nape\u0142nione roztopionym o\u0142owiem, porzucono dzikim zwierz\u0119tom i dr\u0119czono na torturach. Lecz wszystkie te m\u0119czarnie wytrwali odwa\u017cnie za pomoc\u0105 Bosk\u0105 i weszli tak jako zwyci\u0119zcy do Nieba. \u2014 W Sylistryi w Bu\u0142garyi \u015bmier\u0107 m\u0119cze\u0144ska \u015bw.&nbsp;Hezychiusza, \u017bo\u0142nierza, kt\u00f3ry otrzyma\u0142 z \u015bw.&nbsp;Juliuszem&nbsp;za starosty Maksyma koron\u0119 m\u0119cze\u0144sk\u0105. \u2014 W Kordowie w Hiszpanii uroczysto\u015b\u0107 \u015bw.&nbsp;Benildy, M\u0119czenniczki. \u2014 W Zefyrium w Cylicyi pami\u0105tka \u015bw.&nbsp;Dulasa, M\u0119czennika, kt\u00f3rego za starosty Maksyma dla imienia Chrystusa porozdzierano uderzeniami r\u00f3zg, po\u0142o\u017cono na rozpalon\u0105 krat\u0119 i polano wrz\u0105cym olejem. Gdy wytrwa\u0142 inne jeszcze m\u0119czarnie, dost\u0105pi\u0142 wreszcie palmy zwyci\u0119stwa. \u2014 W Palmyrze w Syryi m\u0119cze\u0144stwo \u015bw. Si\u00f3str&nbsp;Libii i Leonii&nbsp;z dwunastoletni\u0105&nbsp;Eutropi\u0105; po r\u00f3\u017cnorodnych m\u0119czarniach otrzyma\u0142y koron\u0119 wieczn\u0105. \u2014 Pod Valenciennes pogrzeb \u015bw.&nbsp;Landelina, Opata. &#8211; W Auvergne uroczysto\u015b\u0107 \u015bw.&nbsp;Abrahama, Wyznawcy; odznaczy\u0142 si\u0119 \u015bwi\u0119to\u015bci\u0105 i cudami. \u2014 W Wallis przy g\u00f3rze \u015bw. Bernarda uroczysto\u015b\u0107 \u015bw.&nbsp;Bernarda z Mentony, Wyznawcy. \u2014 W Pibrac w dyecezyi Tuluskiej uroczysto\u015b\u0107 \u015bw.&nbsp;Germany Cousin, Dziewicy; \u017cy\u0142a ubogo w pokorze jako pasterka i po\u015bpieszy\u0142a po wielu z najwi\u0119ksz\u0105 cierpliwo\u015bci\u0105 zniesionych uci\u0105\u017cliwo\u015bciach do niebieskiego oblubie\u0144ca; po zgonie dzia\u0142o si\u0119 zawezwaniem jej bardzo wiele cud\u00f3w i tak po liczy\u0142 j\u0105 Papie\u017c Pius IX w poczet Dziewic \u015bw.<\/p>\n","protected":false},"excerpt":{"rendered":"<p>Ludzie z pewno\u015bci\u0105 t\u0142umnie przybywali na kazania \u015bw. Landelina, \u017ceby go cho\u0107by zobaczy\u0107 przy tak barwnym \u017cyciorysie. Oddany do biskupa na wychowanie, uciek\u0142 od niego, by zosta\u0107 rozb\u00f3jnikiem, a prze\u017cywszy \u015bmier\u0107 towarzysza i wizj\u0119 piekie\u0142 do biskupa wr\u00f3ci\u0142 i zosta\u0142 wy\u015bwi\u0119cony na kap\u0142ana. Poniewa\u017c sam grzechu do\u015bwiadczy\u0142, potrafi\u0142 o nim rozprawia\u0107. Swoj\u0105 drog\u0105 ciekawe, czy biskup Autbert nie w\u0105tpi\u0142 sam o sobie maj\u0105c takiego wychowanka. Oddali mu rodzice ch\u0142opca na wychowanie, a ch\u0142opiec zosta\u0142 kryminalist\u0105. R\u00f3\u017cnie wi\u0119c bywa, a ludzkie drogi s\u0105 zawi\u0142e.<\/p>\n","protected":false},"author":60508433,"featured_media":49207,"comment_status":"open","ping_status":"open","sticky":false,"template":"","format":"standard","meta":{"_bbp_topic_count":0,"_bbp_reply_count":0,"_bbp_total_topic_count":0,"_bbp_total_reply_count":0,"_bbp_voice_count":0,"_bbp_anonymous_reply_count":0,"_bbp_topic_count_hidden":0,"_bbp_reply_count_hidden":0,"_bbp_forum_subforum_count":0,"_editorskit_title_hidden":false,"_editorskit_reading_time":0,"_editorskit_is_block_options_detached":false,"_editorskit_block_options_position":"{}","_coblocks_attr":"","_coblocks_dimensions":"","_coblocks_responsive_height":"","_coblocks_accordion_ie_support":"","_exactmetrics_skip_tracking":false,"_jetpack_newsletter_access":"","_jetpack_dont_email_post_to_subs":false,"_jetpack_newsletter_tier_id":0,"_jetpack_memberships_contains_paywalled_content":false,"_wpcom_ai_launchpad_first_post":false,"_jetpack_feature_clip_id":0,"_jetpack_memberships_contains_paid_content":false,"footnotes":"","jetpack_publicize_message":"{title}\n\n{excerpt}\n\n{url}","jetpack_publicize_feature_enabled":true,"jetpack_social_post_already_shared":true,"jetpack_social_options":{"image_generator_settings":{"template":"highway","default_image_id":0,"font":"","enabled":false},"version":2},"_wpas_customize_per_network":false,"jetpack_post_was_ever_published":false},"categories":[610131821,610131184,336375535],"tags":[],"class_list":["post-166259","post","type-post","status-publish","format-standard","has-post-thumbnail","hentry","category-swieta-w-czerwcu","category-duchowosc","category-liturgia-i-liturgika"],"yoast_head":"<!-- This site is optimized with the Yoast SEO plugin v28.3 - https:\/\/yoast.com\/product\/yoast-seo-wordpress\/ -->\n<title>15-go Czerwca. \u017bywot \u015bwi\u0119tego Landelina, Opata. - Tradycja i Wiara<\/title>\n<meta name=\"robots\" content=\"index, follow, max-snippet:-1, max-image-preview:large, max-video-preview:-1\" \/>\n<link rel=\"canonical\" href=\"https:\/\/wobronietradycjiiwiary.com\/pl\/15-go-czerwca-zywot-swietego-landelina-opata-2-2-2-2-2\/\" \/>\n<meta property=\"og:locale\" content=\"pl_PL\" \/>\n<meta property=\"og:type\" content=\"article\" \/>\n<meta property=\"og:title\" content=\"15-go Czerwca. \u017bywot \u015bwi\u0119tego Landelina, Opata. - Tradycja i Wiara\" \/>\n<meta property=\"og:description\" content=\"Ludzie z pewno\u015bci\u0105 t\u0142umnie przybywali na kazania \u015bw. Landelina, \u017ceby go cho\u0107by zobaczy\u0107 przy tak barwnym \u017cyciorysie. Oddany do biskupa na wychowanie, uciek\u0142 od niego, by zosta\u0107 rozb\u00f3jnikiem, a prze\u017cywszy \u015bmier\u0107 towarzysza i wizj\u0119 piekie\u0142 do biskupa wr\u00f3ci\u0142 i zosta\u0142 wy\u015bwi\u0119cony na kap\u0142ana. Poniewa\u017c sam grzechu do\u015bwiadczy\u0142, potrafi\u0142 o nim rozprawia\u0107. Swoj\u0105 drog\u0105 ciekawe, czy biskup Autbert nie w\u0105tpi\u0142 sam o sobie maj\u0105c takiego wychowanka. Oddali mu rodzice ch\u0142opca na wychowanie, a ch\u0142opiec zosta\u0142 kryminalist\u0105. R\u00f3\u017cnie wi\u0119c bywa, a ludzkie drogi s\u0105 zawi\u0142e.\" \/>\n<meta property=\"og:url\" content=\"https:\/\/wobronietradycjiiwiary.com\/pl\/15-go-czerwca-zywot-swietego-landelina-opata-2-2-2-2-2\/\" \/>\n<meta property=\"og:site_name\" content=\"Tradycja i Wiara\" \/>\n<meta property=\"article:publisher\" content=\"https:\/\/www.facebook.com\/Tradycja-i-Wiara-108813920592249\" \/>\n<meta property=\"article:published_time\" content=\"2026-06-15T06:15:05+00:00\" \/>\n<meta property=\"og:image\" content=\"https:\/\/wobronietradycjiiwiary.com\/wp-content\/uploads\/2021\/06\/Landelin.jpg\" \/>\n\t<meta property=\"og:image:width\" content=\"542\" \/>\n\t<meta property=\"og:image:height\" content=\"450\" \/>\n\t<meta property=\"og:image:type\" content=\"image\/jpeg\" \/>\n<meta name=\"author\" content=\"Traditio et Fides\" \/>\n<meta name=\"twitter:card\" content=\"summary_large_image\" \/>\n<meta name=\"twitter:label1\" content=\"Napisane przez\" \/>\n\t<meta name=\"twitter:data1\" content=\"Traditio et Fides\" \/>\n\t<meta name=\"twitter:label2\" content=\"Szacowany czas czytania\" \/>\n\t<meta name=\"twitter:data2\" content=\"8 minut\" \/>\n<script type=\"application\/ld+json\" class=\"yoast-schema-graph\">{\"@context\":\"https:\\\/\\\/schema.org\",\"@graph\":[{\"@type\":\"Article\",\"@id\":\"https:\\\/\\\/wobronietradycjiiwiary.com\\\/15-go-czerwca-zywot-swietego-landelina-opata-2-2-2-2-2\\\/#article\",\"isPartOf\":{\"@id\":\"https:\\\/\\\/wobronietradycjiiwiary.com\\\/15-go-czerwca-zywot-swietego-landelina-opata-2-2-2-2-2\\\/\"},\"author\":{\"name\":\"Traditio et Fides\",\"@id\":\"https:\\\/\\\/wobronietradycjiiwiary.com\\\/pl\\\/#\\\/schema\\\/person\\\/2d6180ce6abcb681fef0daab7816e8f3\"},\"headline\":\"15-go Czerwca. \u017bywot \u015bwi\u0119tego Landelina, Opata.\",\"datePublished\":\"2026-06-15T06:15:05+00:00\",\"mainEntityOfPage\":{\"@id\":\"https:\\\/\\\/wobronietradycjiiwiary.com\\\/15-go-czerwca-zywot-swietego-landelina-opata-2-2-2-2-2\\\/\"},\"wordCount\":1593,\"commentCount\":0,\"publisher\":{\"@id\":\"https:\\\/\\\/wobronietradycjiiwiary.com\\\/pl\\\/#organization\"},\"image\":{\"@id\":\"https:\\\/\\\/wobronietradycjiiwiary.com\\\/15-go-czerwca-zywot-swietego-landelina-opata-2-2-2-2-2\\\/#primaryimage\"},\"thumbnailUrl\":\"https:\\\/\\\/wobronietradycjiiwiary.com\\\/wp-content\\\/uploads\\\/2021\\\/06\\\/Landelin.jpg\",\"articleSection\":[\"06. \u015awi\u0119ta w czerwcu\",\"Duchowo\u015b\u0107\",\"Liturgia i liturgika\"],\"inLanguage\":\"pl-PL\",\"potentialAction\":[{\"@type\":\"CommentAction\",\"name\":\"Comment\",\"target\":[\"https:\\\/\\\/wobronietradycjiiwiary.com\\\/15-go-czerwca-zywot-swietego-landelina-opata-2-2-2-2-2\\\/#respond\"]}]},{\"@type\":\"WebPage\",\"@id\":\"https:\\\/\\\/wobronietradycjiiwiary.com\\\/15-go-czerwca-zywot-swietego-landelina-opata-2-2-2-2-2\\\/\",\"url\":\"https:\\\/\\\/wobronietradycjiiwiary.com\\\/15-go-czerwca-zywot-swietego-landelina-opata-2-2-2-2-2\\\/\",\"name\":\"15-go Czerwca. \u017bywot \u015bwi\u0119tego Landelina, Opata. - Tradycja i Wiara\",\"isPartOf\":{\"@id\":\"https:\\\/\\\/wobronietradycjiiwiary.com\\\/pl\\\/#website\"},\"primaryImageOfPage\":{\"@id\":\"https:\\\/\\\/wobronietradycjiiwiary.com\\\/15-go-czerwca-zywot-swietego-landelina-opata-2-2-2-2-2\\\/#primaryimage\"},\"image\":{\"@id\":\"https:\\\/\\\/wobronietradycjiiwiary.com\\\/15-go-czerwca-zywot-swietego-landelina-opata-2-2-2-2-2\\\/#primaryimage\"},\"thumbnailUrl\":\"https:\\\/\\\/wobronietradycjiiwiary.com\\\/wp-content\\\/uploads\\\/2021\\\/06\\\/Landelin.jpg\",\"datePublished\":\"2026-06-15T06:15:05+00:00\",\"breadcrumb\":{\"@id\":\"https:\\\/\\\/wobronietradycjiiwiary.com\\\/15-go-czerwca-zywot-swietego-landelina-opata-2-2-2-2-2\\\/#breadcrumb\"},\"inLanguage\":\"pl-PL\",\"potentialAction\":[{\"@type\":\"ReadAction\",\"target\":[\"https:\\\/\\\/wobronietradycjiiwiary.com\\\/15-go-czerwca-zywot-swietego-landelina-opata-2-2-2-2-2\\\/\"]}]},{\"@type\":\"ImageObject\",\"inLanguage\":\"pl-PL\",\"@id\":\"https:\\\/\\\/wobronietradycjiiwiary.com\\\/15-go-czerwca-zywot-swietego-landelina-opata-2-2-2-2-2\\\/#primaryimage\",\"url\":\"https:\\\/\\\/wobronietradycjiiwiary.com\\\/wp-content\\\/uploads\\\/2021\\\/06\\\/Landelin.jpg\",\"contentUrl\":\"https:\\\/\\\/wobronietradycjiiwiary.com\\\/wp-content\\\/uploads\\\/2021\\\/06\\\/Landelin.jpg\",\"width\":542,\"height\":450},{\"@type\":\"BreadcrumbList\",\"@id\":\"https:\\\/\\\/wobronietradycjiiwiary.com\\\/15-go-czerwca-zywot-swietego-landelina-opata-2-2-2-2-2\\\/#breadcrumb\",\"itemListElement\":[{\"@type\":\"ListItem\",\"position\":1,\"name\":\"Strona g\u0142\u00f3wna\",\"item\":\"https:\\\/\\\/wobronietradycjiiwiary.com\\\/\"},{\"@type\":\"ListItem\",\"position\":2,\"name\":\"15-go Czerwca. \u017bywot \u015bwi\u0119tego Landelina, Opata.\"}]},{\"@type\":\"WebSite\",\"@id\":\"https:\\\/\\\/wobronietradycjiiwiary.com\\\/pl\\\/#website\",\"url\":\"https:\\\/\\\/wobronietradycjiiwiary.com\\\/pl\\\/\",\"name\":\"Tradycja i Wiara\",\"description\":\"Portal dla katolik\u00f3w.\",\"publisher\":{\"@id\":\"https:\\\/\\\/wobronietradycjiiwiary.com\\\/pl\\\/#organization\"},\"potentialAction\":[{\"@type\":\"SearchAction\",\"target\":{\"@type\":\"EntryPoint\",\"urlTemplate\":\"https:\\\/\\\/wobronietradycjiiwiary.com\\\/pl\\\/?s={search_term_string}\"},\"query-input\":{\"@type\":\"PropertyValueSpecification\",\"valueRequired\":true,\"valueName\":\"search_term_string\"}}],\"inLanguage\":\"pl-PL\"},{\"@type\":\"Organization\",\"@id\":\"https:\\\/\\\/wobronietradycjiiwiary.com\\\/pl\\\/#organization\",\"name\":\"Tradycja i Wiara\",\"url\":\"https:\\\/\\\/wobronietradycjiiwiary.com\\\/pl\\\/\",\"logo\":{\"@type\":\"ImageObject\",\"inLanguage\":\"pl-PL\",\"@id\":\"https:\\\/\\\/wobronietradycjiiwiary.com\\\/pl\\\/#\\\/schema\\\/logo\\\/image\\\/\",\"url\":\"https:\\\/\\\/i0.wp.com\\\/wobronietradycjiiwiary.com\\\/wp-content\\\/uploads\\\/2015\\\/10\\\/cropped-st-peters-dome-vatican.jpg?fit=940%2C198&ssl=1\",\"contentUrl\":\"https:\\\/\\\/i0.wp.com\\\/wobronietradycjiiwiary.com\\\/wp-content\\\/uploads\\\/2015\\\/10\\\/cropped-st-peters-dome-vatican.jpg?fit=940%2C198&ssl=1\",\"width\":940,\"height\":198,\"caption\":\"Tradycja i Wiara\"},\"image\":{\"@id\":\"https:\\\/\\\/wobronietradycjiiwiary.com\\\/pl\\\/#\\\/schema\\\/logo\\\/image\\\/\"},\"sameAs\":[\"https:\\\/\\\/www.facebook.com\\\/Tradycja-i-Wiara-108813920592249\"]},{\"@type\":\"Person\",\"@id\":\"https:\\\/\\\/wobronietradycjiiwiary.com\\\/pl\\\/#\\\/schema\\\/person\\\/2d6180ce6abcb681fef0daab7816e8f3\",\"name\":\"Traditio et Fides\",\"sameAs\":[\"https:\\\/\\\/traditionundglauben.com\"],\"url\":\"https:\\\/\\\/wobronietradycjiiwiary.com\\\/pl\\\/author\\\/wobronietradycjiiwiary\\\/\"}]}<\/script>\n<!-- \/ Yoast SEO plugin. -->","yoast_head_json":{"title":"15-go Czerwca. \u017bywot \u015bwi\u0119tego Landelina, Opata. - Tradycja i Wiara","robots":{"index":"index","follow":"follow","max-snippet":"max-snippet:-1","max-image-preview":"max-image-preview:large","max-video-preview":"max-video-preview:-1"},"canonical":"https:\/\/wobronietradycjiiwiary.com\/pl\/15-go-czerwca-zywot-swietego-landelina-opata-2-2-2-2-2\/","og_locale":"pl_PL","og_type":"article","og_title":"15-go Czerwca. \u017bywot \u015bwi\u0119tego Landelina, Opata. - Tradycja i Wiara","og_description":"Ludzie z pewno\u015bci\u0105 t\u0142umnie przybywali na kazania \u015bw. Landelina, \u017ceby go cho\u0107by zobaczy\u0107 przy tak barwnym \u017cyciorysie. Oddany do biskupa na wychowanie, uciek\u0142 od niego, by zosta\u0107 rozb\u00f3jnikiem, a prze\u017cywszy \u015bmier\u0107 towarzysza i wizj\u0119 piekie\u0142 do biskupa wr\u00f3ci\u0142 i zosta\u0142 wy\u015bwi\u0119cony na kap\u0142ana. Poniewa\u017c sam grzechu do\u015bwiadczy\u0142, potrafi\u0142 o nim rozprawia\u0107. Swoj\u0105 drog\u0105 ciekawe, czy biskup Autbert nie w\u0105tpi\u0142 sam o sobie maj\u0105c takiego wychowanka. Oddali mu rodzice ch\u0142opca na wychowanie, a ch\u0142opiec zosta\u0142 kryminalist\u0105. R\u00f3\u017cnie wi\u0119c bywa, a ludzkie drogi s\u0105 zawi\u0142e.","og_url":"https:\/\/wobronietradycjiiwiary.com\/pl\/15-go-czerwca-zywot-swietego-landelina-opata-2-2-2-2-2\/","og_site_name":"Tradycja i Wiara","article_publisher":"https:\/\/www.facebook.com\/Tradycja-i-Wiara-108813920592249","article_published_time":"2026-06-15T06:15:05+00:00","og_image":[{"width":542,"height":450,"url":"https:\/\/wobronietradycjiiwiary.com\/wp-content\/uploads\/2021\/06\/Landelin.jpg","type":"image\/jpeg"}],"author":"Traditio et Fides","twitter_card":"summary_large_image","twitter_misc":{"Napisane przez":"Traditio et Fides","Szacowany czas czytania":"8 minut"},"schema":{"@context":"https:\/\/schema.org","@graph":[{"@type":"Article","@id":"https:\/\/wobronietradycjiiwiary.com\/15-go-czerwca-zywot-swietego-landelina-opata-2-2-2-2-2\/#article","isPartOf":{"@id":"https:\/\/wobronietradycjiiwiary.com\/15-go-czerwca-zywot-swietego-landelina-opata-2-2-2-2-2\/"},"author":{"name":"Traditio et Fides","@id":"https:\/\/wobronietradycjiiwiary.com\/pl\/#\/schema\/person\/2d6180ce6abcb681fef0daab7816e8f3"},"headline":"15-go Czerwca. \u017bywot \u015bwi\u0119tego Landelina, Opata.","datePublished":"2026-06-15T06:15:05+00:00","mainEntityOfPage":{"@id":"https:\/\/wobronietradycjiiwiary.com\/15-go-czerwca-zywot-swietego-landelina-opata-2-2-2-2-2\/"},"wordCount":1593,"commentCount":0,"publisher":{"@id":"https:\/\/wobronietradycjiiwiary.com\/pl\/#organization"},"image":{"@id":"https:\/\/wobronietradycjiiwiary.com\/15-go-czerwca-zywot-swietego-landelina-opata-2-2-2-2-2\/#primaryimage"},"thumbnailUrl":"https:\/\/wobronietradycjiiwiary.com\/wp-content\/uploads\/2021\/06\/Landelin.jpg","articleSection":["06. \u015awi\u0119ta w czerwcu","Duchowo\u015b\u0107","Liturgia i liturgika"],"inLanguage":"pl-PL","potentialAction":[{"@type":"CommentAction","name":"Comment","target":["https:\/\/wobronietradycjiiwiary.com\/15-go-czerwca-zywot-swietego-landelina-opata-2-2-2-2-2\/#respond"]}]},{"@type":"WebPage","@id":"https:\/\/wobronietradycjiiwiary.com\/15-go-czerwca-zywot-swietego-landelina-opata-2-2-2-2-2\/","url":"https:\/\/wobronietradycjiiwiary.com\/15-go-czerwca-zywot-swietego-landelina-opata-2-2-2-2-2\/","name":"15-go Czerwca. \u017bywot \u015bwi\u0119tego Landelina, Opata. - Tradycja i Wiara","isPartOf":{"@id":"https:\/\/wobronietradycjiiwiary.com\/pl\/#website"},"primaryImageOfPage":{"@id":"https:\/\/wobronietradycjiiwiary.com\/15-go-czerwca-zywot-swietego-landelina-opata-2-2-2-2-2\/#primaryimage"},"image":{"@id":"https:\/\/wobronietradycjiiwiary.com\/15-go-czerwca-zywot-swietego-landelina-opata-2-2-2-2-2\/#primaryimage"},"thumbnailUrl":"https:\/\/wobronietradycjiiwiary.com\/wp-content\/uploads\/2021\/06\/Landelin.jpg","datePublished":"2026-06-15T06:15:05+00:00","breadcrumb":{"@id":"https:\/\/wobronietradycjiiwiary.com\/15-go-czerwca-zywot-swietego-landelina-opata-2-2-2-2-2\/#breadcrumb"},"inLanguage":"pl-PL","potentialAction":[{"@type":"ReadAction","target":["https:\/\/wobronietradycjiiwiary.com\/15-go-czerwca-zywot-swietego-landelina-opata-2-2-2-2-2\/"]}]},{"@type":"ImageObject","inLanguage":"pl-PL","@id":"https:\/\/wobronietradycjiiwiary.com\/15-go-czerwca-zywot-swietego-landelina-opata-2-2-2-2-2\/#primaryimage","url":"https:\/\/wobronietradycjiiwiary.com\/wp-content\/uploads\/2021\/06\/Landelin.jpg","contentUrl":"https:\/\/wobronietradycjiiwiary.com\/wp-content\/uploads\/2021\/06\/Landelin.jpg","width":542,"height":450},{"@type":"BreadcrumbList","@id":"https:\/\/wobronietradycjiiwiary.com\/15-go-czerwca-zywot-swietego-landelina-opata-2-2-2-2-2\/#breadcrumb","itemListElement":[{"@type":"ListItem","position":1,"name":"Strona g\u0142\u00f3wna","item":"https:\/\/wobronietradycjiiwiary.com\/"},{"@type":"ListItem","position":2,"name":"15-go Czerwca. \u017bywot \u015bwi\u0119tego Landelina, Opata."}]},{"@type":"WebSite","@id":"https:\/\/wobronietradycjiiwiary.com\/pl\/#website","url":"https:\/\/wobronietradycjiiwiary.com\/pl\/","name":"Tradycja i Wiara","description":"Portal dla katolik\u00f3w.","publisher":{"@id":"https:\/\/wobronietradycjiiwiary.com\/pl\/#organization"},"potentialAction":[{"@type":"SearchAction","target":{"@type":"EntryPoint","urlTemplate":"https:\/\/wobronietradycjiiwiary.com\/pl\/?s={search_term_string}"},"query-input":{"@type":"PropertyValueSpecification","valueRequired":true,"valueName":"search_term_string"}}],"inLanguage":"pl-PL"},{"@type":"Organization","@id":"https:\/\/wobronietradycjiiwiary.com\/pl\/#organization","name":"Tradycja i Wiara","url":"https:\/\/wobronietradycjiiwiary.com\/pl\/","logo":{"@type":"ImageObject","inLanguage":"pl-PL","@id":"https:\/\/wobronietradycjiiwiary.com\/pl\/#\/schema\/logo\/image\/","url":"https:\/\/i0.wp.com\/wobronietradycjiiwiary.com\/wp-content\/uploads\/2015\/10\/cropped-st-peters-dome-vatican.jpg?fit=940%2C198&ssl=1","contentUrl":"https:\/\/i0.wp.com\/wobronietradycjiiwiary.com\/wp-content\/uploads\/2015\/10\/cropped-st-peters-dome-vatican.jpg?fit=940%2C198&ssl=1","width":940,"height":198,"caption":"Tradycja i Wiara"},"image":{"@id":"https:\/\/wobronietradycjiiwiary.com\/pl\/#\/schema\/logo\/image\/"},"sameAs":["https:\/\/www.facebook.com\/Tradycja-i-Wiara-108813920592249"]},{"@type":"Person","@id":"https:\/\/wobronietradycjiiwiary.com\/pl\/#\/schema\/person\/2d6180ce6abcb681fef0daab7816e8f3","name":"Traditio et Fides","sameAs":["https:\/\/traditionundglauben.com"],"url":"https:\/\/wobronietradycjiiwiary.com\/pl\/author\/wobronietradycjiiwiary\/"}]}},"jetpack_publicize_connections":[],"jetpack_sharing_enabled":true,"jetpack_likes_enabled":true,"jetpack_shortlink":"https:\/\/wp.me\/pc04Sd-HfB","jetpack-related-posts":[{"id":117671,"url":"https:\/\/wobronietradycjiiwiary.com\/pl\/15-go-czerwca-zywot-swietego-landelina-opata-2-2-2\/","url_meta":{"origin":166259,"position":0},"title":"15-go Czerwca. \u017bywot \u015bwi\u0119tego Landelina, Opata.","author":"Traditio et Fides","date":"15 czerwca 2024","format":false,"excerpt":"Ludzie z pewno\u015bci\u0105 t\u0142umnie przybywali na kazania \u015bw. Landelina, \u017ceby go cho\u0107by zobaczy\u0107 przy tak barwnym \u017cyciorysie. Oddany do biskupa na wychowanie, uciek\u0142 od niego, by zosta\u0107 rozb\u00f3jnikiem, a prze\u017cywszy \u015bmier\u0107 towarzysza i wizj\u0119 piekie\u0142 do biskupa wr\u00f3ci\u0142 i zosta\u0142 wy\u015bwi\u0119cony na kap\u0142ana. Poniewa\u017c sam grzechu do\u015bwiadczy\u0142, potrafi\u0142 o nim\u2026","rel":"","context":"W \u201e06. \u015awi\u0119ta w czerwcu&quot;","block_context":{"text":"06. \u015awi\u0119ta w czerwcu","link":"https:\/\/wobronietradycjiiwiary.com\/pl\/category\/duchowosc\/liturgia-i-liturgika\/rozwazania\/rok-liturgiczny\/swieta-w-czerwcu\/"},"img":{"alt_text":"","src":"https:\/\/i0.wp.com\/wobronietradycjiiwiary.com\/wp-content\/uploads\/2021\/06\/Landelin.jpg?resize=350%2C200&ssl=1","width":350,"height":200,"srcset":"https:\/\/i0.wp.com\/wobronietradycjiiwiary.com\/wp-content\/uploads\/2021\/06\/Landelin.jpg?resize=350%2C200&ssl=1 1x, https:\/\/i0.wp.com\/wobronietradycjiiwiary.com\/wp-content\/uploads\/2021\/06\/Landelin.jpg?resize=525%2C300&ssl=1 1.5x"},"classes":[]},{"id":143953,"url":"https:\/\/wobronietradycjiiwiary.com\/pl\/15-go-czerwca-zywot-swietego-landelina-opata-2-2-2-2\/","url_meta":{"origin":166259,"position":1},"title":"15-go Czerwca. \u017bywot \u015bwi\u0119tego Landelina, Opata.","author":"Traditio et Fides","date":"15 czerwca 2025","format":false,"excerpt":"Ludzie z pewno\u015bci\u0105 t\u0142umnie przybywali na kazania \u015bw. Landelina, \u017ceby go cho\u0107by zobaczy\u0107 przy tak barwnym \u017cyciorysie. Oddany do biskupa na wychowanie, uciek\u0142 od niego, by zosta\u0107 rozb\u00f3jnikiem, a prze\u017cywszy \u015bmier\u0107 towarzysza i wizj\u0119 piekie\u0142 do biskupa wr\u00f3ci\u0142 i zosta\u0142 wy\u015bwi\u0119cony na kap\u0142ana. Poniewa\u017c sam grzechu do\u015bwiadczy\u0142, potrafi\u0142 o nim\u2026","rel":"","context":"W \u201e06. \u015awi\u0119ta w czerwcu&quot;","block_context":{"text":"06. \u015awi\u0119ta w czerwcu","link":"https:\/\/wobronietradycjiiwiary.com\/pl\/category\/duchowosc\/liturgia-i-liturgika\/rozwazania\/rok-liturgiczny\/swieta-w-czerwcu\/"},"img":{"alt_text":"","src":"https:\/\/i0.wp.com\/wobronietradycjiiwiary.com\/wp-content\/uploads\/2021\/06\/Landelin.jpg?resize=350%2C200&ssl=1","width":350,"height":200,"srcset":"https:\/\/i0.wp.com\/wobronietradycjiiwiary.com\/wp-content\/uploads\/2021\/06\/Landelin.jpg?resize=350%2C200&ssl=1 1x, https:\/\/i0.wp.com\/wobronietradycjiiwiary.com\/wp-content\/uploads\/2021\/06\/Landelin.jpg?resize=525%2C300&ssl=1 1.5x"},"classes":[]},{"id":127337,"url":"https:\/\/wobronietradycjiiwiary.com\/pl\/26-go-stycznia-zywot-swietego-polikarpa-biskupa-i-meczennika-4\/","url_meta":{"origin":166259,"position":2},"title":"26-go Stycznia. \u017bywot \u015bwi\u0119tego Polikarpa, Biskupa i M\u0119czennika.","author":"Traditio et Fides","date":"26 stycznia 2025","format":false,"excerpt":"\u015bw. Polikarp by\u0142 uczniem \u015bw. Jana Aposto\u0142a, spalono go na stosie, a w ko\u0144cu dobito mieczem. By\u0142 tak przyk\u0142adnym biskupem, \u017ce ma\u0142o by\u0142o w jego owczarni odst\u0119pc\u00f3w.","rel":"","context":"W \u201e01. \u015awi\u0119ta w styczniu&quot;","block_context":{"text":"01. \u015awi\u0119ta w styczniu","link":"https:\/\/wobronietradycjiiwiary.com\/pl\/category\/duchowosc\/liturgia-i-liturgika\/rozwazania\/rok-liturgiczny\/swieta-w-styczniu\/"},"img":{"alt_text":"","src":"https:\/\/i0.wp.com\/wobronietradycjiiwiary.com\/wp-content\/uploads\/2021\/01\/Polykarp_von_Smyrna5.jpg?resize=350%2C200&ssl=1","width":350,"height":200,"srcset":"https:\/\/i0.wp.com\/wobronietradycjiiwiary.com\/wp-content\/uploads\/2021\/01\/Polykarp_von_Smyrna5.jpg?resize=350%2C200&ssl=1 1x, https:\/\/i0.wp.com\/wobronietradycjiiwiary.com\/wp-content\/uploads\/2021\/01\/Polykarp_von_Smyrna5.jpg?resize=525%2C300&ssl=1 1.5x, https:\/\/i0.wp.com\/wobronietradycjiiwiary.com\/wp-content\/uploads\/2021\/01\/Polykarp_von_Smyrna5.jpg?resize=700%2C400&ssl=1 2x, https:\/\/i0.wp.com\/wobronietradycjiiwiary.com\/wp-content\/uploads\/2021\/01\/Polykarp_von_Smyrna5.jpg?resize=1050%2C600&ssl=1 3x"},"classes":[]},{"id":158336,"url":"https:\/\/wobronietradycjiiwiary.com\/pl\/26-go-stycznia-zywot-swietego-polikarpa-biskupa-i-meczennika-4-2\/","url_meta":{"origin":166259,"position":3},"title":"26-go Stycznia. \u017bywot \u015bwi\u0119tego Polikarpa, Biskupa i M\u0119czennika.","author":"Traditio et Fides","date":"26 stycznia 2026","format":false,"excerpt":"\u015bw. Polikarp by\u0142 uczniem \u015bw. Jana Aposto\u0142a, spalono go na stosie, a w ko\u0144cu dobito mieczem. By\u0142 tak przyk\u0142adnym biskupem, \u017ce ma\u0142o by\u0142o w jego owczarni odst\u0119pc\u00f3w.","rel":"","context":"W \u201e01. \u015awi\u0119ta w styczniu&quot;","block_context":{"text":"01. \u015awi\u0119ta w styczniu","link":"https:\/\/wobronietradycjiiwiary.com\/pl\/category\/duchowosc\/liturgia-i-liturgika\/rozwazania\/rok-liturgiczny\/swieta-w-styczniu\/"},"img":{"alt_text":"","src":"https:\/\/i0.wp.com\/wobronietradycjiiwiary.com\/wp-content\/uploads\/2021\/01\/Polykarp_von_Smyrna5.jpg?resize=350%2C200&ssl=1","width":350,"height":200,"srcset":"https:\/\/i0.wp.com\/wobronietradycjiiwiary.com\/wp-content\/uploads\/2021\/01\/Polykarp_von_Smyrna5.jpg?resize=350%2C200&ssl=1 1x, https:\/\/i0.wp.com\/wobronietradycjiiwiary.com\/wp-content\/uploads\/2021\/01\/Polykarp_von_Smyrna5.jpg?resize=525%2C300&ssl=1 1.5x, https:\/\/i0.wp.com\/wobronietradycjiiwiary.com\/wp-content\/uploads\/2021\/01\/Polykarp_von_Smyrna5.jpg?resize=700%2C400&ssl=1 2x, https:\/\/i0.wp.com\/wobronietradycjiiwiary.com\/wp-content\/uploads\/2021\/01\/Polykarp_von_Smyrna5.jpg?resize=1050%2C600&ssl=1 3x"},"classes":[]},{"id":93207,"url":"https:\/\/wobronietradycjiiwiary.com\/pl\/15-go-czerwca-zywot-swietego-landelina-opata-2-2\/","url_meta":{"origin":166259,"position":4},"title":"15-go Czerwca. \u017bywot \u015bwi\u0119tego Landelina, Opata.","author":"Traditio et Fides","date":"15 czerwca 2023","format":false,"excerpt":"Ludzie z pewno\u015bci\u0105 t\u0142umnie przybywali na kazania \u015bw. Landelina, \u017ceby go cho\u0107by zobaczy\u0107 przy tak barwnym \u017cyciorysie. Oddany do biskupa na wychowanie, uciek\u0142 od niego, by zosta\u0107 rozb\u00f3jnikiem, a prze\u017cywszy \u015bmier\u0107 towarzysza i wizj\u0119 piekie\u0142 do biskupa wr\u00f3ci\u0142 i zosta\u0142 wy\u015bwi\u0119cony na kap\u0142ana. Poniewa\u017c sam grzechu do\u015bwiadczy\u0142, potrafi\u0142 o nim\u2026","rel":"","context":"W \u201e06. \u015awi\u0119ta w czerwcu&quot;","block_context":{"text":"06. \u015awi\u0119ta w czerwcu","link":"https:\/\/wobronietradycjiiwiary.com\/pl\/category\/duchowosc\/liturgia-i-liturgika\/rozwazania\/rok-liturgiczny\/swieta-w-czerwcu\/"},"img":{"alt_text":"","src":"https:\/\/i0.wp.com\/wobronietradycjiiwiary.com\/wp-content\/uploads\/2021\/06\/Landelin.jpg?resize=350%2C200&ssl=1","width":350,"height":200,"srcset":"https:\/\/i0.wp.com\/wobronietradycjiiwiary.com\/wp-content\/uploads\/2021\/06\/Landelin.jpg?resize=350%2C200&ssl=1 1x, https:\/\/i0.wp.com\/wobronietradycjiiwiary.com\/wp-content\/uploads\/2021\/06\/Landelin.jpg?resize=525%2C300&ssl=1 1.5x"},"classes":[]},{"id":49202,"url":"https:\/\/wobronietradycjiiwiary.com\/pl\/15-go-czerwca-zywot-swietego-landelina-opata\/","url_meta":{"origin":166259,"position":5},"title":"15-go Czerwca. \u017bywot \u015bwi\u0119tego Landelina, Opata.","author":"Traditio et Fides","date":"15 czerwca 2021","format":false,"excerpt":"Ludzie z pewno\u015bci\u0105 t\u0142umnie przybywali na kazania \u015bw. Landelina, \u017ceby go cho\u0107by zobaczy\u0107 przy tak barwnym \u017cyciorysie. Oddany do biskupa na wychowanie, uciek\u0142 od niego, by zosta\u0107 rozb\u00f3jnikiem, a prze\u017cywszy \u015bmier\u0107 towarzysza i wizj\u0119 piekie\u0142 do biskupa wr\u00f3ci\u0142 i zosta\u0142 wy\u015bwi\u0119cony na kap\u0142ana. Poniewa\u017c sam grzechu do\u015bwiadczy\u0142, potrafi\u0142o nim rozprawia\u0107.\u2026","rel":"","context":"W \u201e06. \u015awi\u0119ta w czerwcu&quot;","block_context":{"text":"06. \u015awi\u0119ta w czerwcu","link":"https:\/\/wobronietradycjiiwiary.com\/pl\/category\/duchowosc\/liturgia-i-liturgika\/rozwazania\/rok-liturgiczny\/swieta-w-czerwcu\/"},"img":{"alt_text":"","src":"https:\/\/i0.wp.com\/wobronietradycjiiwiary.com\/wp-content\/uploads\/2021\/06\/Landelin.jpg?resize=350%2C200&ssl=1","width":350,"height":200,"srcset":"https:\/\/i0.wp.com\/wobronietradycjiiwiary.com\/wp-content\/uploads\/2021\/06\/Landelin.jpg?resize=350%2C200&ssl=1 1x, https:\/\/i0.wp.com\/wobronietradycjiiwiary.com\/wp-content\/uploads\/2021\/06\/Landelin.jpg?resize=525%2C300&ssl=1 1.5x"},"classes":[]}],"amp_enabled":true,"jetpack_featured_media_url":"https:\/\/wobronietradycjiiwiary.com\/wp-content\/uploads\/2021\/06\/Landelin.jpg","_links":{"self":[{"href":"https:\/\/wobronietradycjiiwiary.com\/pl\/wp-json\/wp\/v2\/posts\/166259","targetHints":{"allow":["GET"]}}],"collection":[{"href":"https:\/\/wobronietradycjiiwiary.com\/pl\/wp-json\/wp\/v2\/posts"}],"about":[{"href":"https:\/\/wobronietradycjiiwiary.com\/pl\/wp-json\/wp\/v2\/types\/post"}],"author":[{"embeddable":true,"href":"https:\/\/wobronietradycjiiwiary.com\/pl\/wp-json\/wp\/v2\/users\/60508433"}],"replies":[{"embeddable":true,"href":"https:\/\/wobronietradycjiiwiary.com\/pl\/wp-json\/wp\/v2\/comments?post=166259"}],"version-history":[{"count":2,"href":"https:\/\/wobronietradycjiiwiary.com\/pl\/wp-json\/wp\/v2\/posts\/166259\/revisions"}],"predecessor-version":[{"id":166269,"href":"https:\/\/wobronietradycjiiwiary.com\/pl\/wp-json\/wp\/v2\/posts\/166259\/revisions\/166269"}],"wp:featuredmedia":[{"embeddable":true,"href":"https:\/\/wobronietradycjiiwiary.com\/pl\/wp-json\/wp\/v2\/media\/49207"}],"wp:attachment":[{"href":"https:\/\/wobronietradycjiiwiary.com\/pl\/wp-json\/wp\/v2\/media?parent=166259"}],"wp:term":[{"taxonomy":"category","embeddable":true,"href":"https:\/\/wobronietradycjiiwiary.com\/pl\/wp-json\/wp\/v2\/categories?post=166259"},{"taxonomy":"post_tag","embeddable":true,"href":"https:\/\/wobronietradycjiiwiary.com\/pl\/wp-json\/wp\/v2\/tags?post=166259"}],"curies":[{"name":"wp","href":"https:\/\/api.w.org\/{rel}","templated":true}]}}