{"id":166245,"date":"2026-06-23T08:15:10","date_gmt":"2026-06-23T06:15:10","guid":{"rendered":"https:\/\/wobronietradycjiiwiary.com\/?p=166245"},"modified":"2026-06-23T12:59:36","modified_gmt":"2026-06-23T10:59:36","slug":"23-go-czerwca-zywot-swietej-maryanny-egniskiej-dziewicy-2-2-2-2-2","status":"publish","type":"post","link":"https:\/\/wobronietradycjiiwiary.com\/pl\/23-go-czerwca-zywot-swietej-maryanny-egniskiej-dziewicy-2-2-2-2-2\/","title":{"rendered":"23-go Czerwca. \u017bywot \u015bwi\u0119tej Maryanny Egniskiej, Dziewicy."},"content":{"rendered":"<div id=\"bsf_rt_marker\"><\/div>\n<p class=\"wp-block-paragraph\">\u015awi\u0119ta Maryanna, nazwana Egnisk\u0105, od miasta Egni, w kt\u00f3rem d\u0142ugo przebywa\u0142a, urodzi\u0142a si\u0119 w miasteczku Niwella, w Biskupstwie Leodyjskiem, w Belgii po\u0142o\u017conem, roku Pa\u0144skiego 1177, z rodzic\u00f3w w wielkie dostatki op\u0142ywaj\u0105cych. <\/p>\n\n\n\n<p class=\"wp-block-paragraph\">Od najm\u0142odszych lat uprzedzi\u0142 j\u0105 Pan B\u00f3g szczeg\u00f3lnemi \u0142askami, zapowiadaj\u0105cemi wysok\u0105 \u015bwi\u0119tobliwo\u015b\u0107, do jakiej z czasem doj\u015b\u0107 mia\u0142a. Ju\u017c wtedy Pan Jezus, kt\u00f3ry chcia\u0142 aby w Nim jednym ca\u0142e swoje szcz\u0119\u015bcie znajdowa\u0142a, oderwa\u0142 jej serce od rzeczy stworzonych. <\/p>\n\n\n\n<p class=\"wp-block-paragraph\">Maryanna wzgardzi\u0142a wszystkiem, w czem m\u0142ode dziewice zwykle najwi\u0119ksze maj\u0105 upodobanie, to jest p\u0142ochemi rozrywkami, uciechami \u015bwiatowemi i strojami. Rodzice dawali jej przepyszne suknie, klejnoty, drogie per\u0142y, a ona stara\u0142a si\u0119 jak najrzadziej takowych u\u017cywa\u0107. <\/p>\n\n\n\n<p class=\"wp-block-paragraph\">Lecz za to wielkie mia\u0142a upodobanie w samotno\u015bci, na kt\u00f3r\u0105 cz\u0119sto si\u0119 udaj\u0105c, modli\u0142a si\u0119 gor\u0105co i rozpami\u0119tywa\u0142a wieczne prawdy. O p\u00f3\u0142nocy nawet wstawa\u0142a, a ujmuj\u0105c sobie spoczynku, trwa\u0142a na modlitwie; dla ubogich okazywa\u0142a wielkie mi\u0142osierdzie, a dla zakonnic tak\u0105 czci\u0105 by\u0142a przej\u0119ta, \u017ce gdy je gdzie spotka\u0142a, natenczas ca\u0142owa\u0142a ich \u015blady po ziemi.<\/p>\n\n\n\n<p class=\"wp-block-paragraph\">Gdy sko\u0144czy\u0142a lat czterna\u015bcie, wydali j\u0105 rodzice za m\u0105\u017c, a wkr\u00f3tce m\u0119\u017ca do tego sk\u0142oni\u0142a, i\u017c oboje czysto\u015b\u0107 Panu Bogu dozgonn\u0105 obiecali i wzgardziwszy dobrami doczesnemi, wszystko co mieli, ubogim rozdali.<\/p>\n\n\n\n<p class=\"wp-block-paragraph\">Cz\u0119sto bardzo przyst\u0119powa\u0142a do Sto\u0142u Pa\u0144skiego, a wina nigdy nie pi\u0142a, ani mi\u0119sa nie jad\u0142a. Kiedy si\u0119 za\u015b zdarzy\u0142o, \u017ce po ci\u0119\u017ckiej chorobie na pokrzepienie si\u0142 mi\u0119so je\u015b\u0107 i wino pi\u0107 musia\u0142a, to za to na umartwienie wyrzyna\u0142a sobie kawa\u0142ki cia\u0142a, z czego pozosta\u0142y blizny, kt\u00f3re potem ujrzeli obmywaj\u0105cy po jej \u015bmierci jej cia\u0142o. Zwyk\u0142em jej po\u017cywieniem by\u0142 chleb czarny i twardy, a czasem jad\u0142a jarzyn\u0119 i owoc z drzew. Przez trzy lata raz tylko na dzie\u0144 jad\u0142a kawa\u0142ek chleba i wod\u0119 pi\u0142a. Czasem dni jedena\u015bcie, od Wniebowst\u0105pienia a\u017c do \u015awi\u0105tek, nie jad\u0142a nic, a g\u0142owa jej nie zabola\u0142a i tak czerstw\u0105 by\u0142a, \u017ce przytem rozmaite roboty mog\u0142a wykonywa\u0107. Ko\u015bci\u00f3\u0142 od miejsca jej zamieszkania by\u0142 dwie mile odleg\u0142y, tam cz\u0119sto pieszo z jedn\u0105 towarzyszk\u0105 chodz\u0105c, bezustannie po drodze si\u0119 modli\u0142a. Na podst\u0119pach szata\u0144skich sama si\u0119 zna\u0142a i innych z nich wyswobadza\u0142a. Snu bardzo ma\u0142o u\u017cywa\u0142a, sypia\u0142a tylko na go\u0142ej s\u0142omie, cz\u0119sto w ko\u015bciele noce sp\u0119dza\u0142a na modlitwie, a je\u015bli znu\u017cona zasn\u0119\u0142a, z Chrystusem rozmawia\u0142a. Szaty nosi\u0142a bardzo skromne, a w\u0142osienic\u0119 pod spodem.<\/p>\n\n\n\n<p class=\"wp-block-paragraph\">W milczeniu tak si\u0119 kocha\u0142a, i\u017c raz od Krzy\u017ca \u015bwi\u0119tego a\u017c do Wielkiejnocy \u017cadnego do ludzi s\u0142owa nie przem\u00f3wi\u0142a.<\/p>\n\n\n\n<p class=\"wp-block-paragraph\">Gdy pewien Pra\u0142at, Gwido z Kameraku, zboczy\u0142 z drogi, aby j\u0105 odwiedzi\u0107, \u015bmia\u0142 si\u0119 z niego towarzysz podr\u00f3\u017cy, Kanonik jeden, m\u00f3wi\u0105c: \u201eMuchy goni\u0107 chcesz, jak gdyby\u015b niewiasty nie widzia\u0142\u201c, i odszed\u0142 na stron\u0119, podczas gdy Gwido z ni\u0105 rozmawia\u0142. Wreszcie zacz\u0119\u0142o si\u0119 owemu Kanonikowi d\u0142u\u017cy\u0107, sam przeto poszed\u0142 ku nim, a zobaczywszy twarz Maryanny, ja\u015bniej\u0105c\u0105 osobliwym blaskiem, rozrzewni\u0142 si\u0119 i ju\u017c sam potem odej\u015b\u0107&nbsp;nie chcia\u0142. Spostrzeg\u0142szy to Gwido, zapyta\u0142 na odwr\u00f3t: \u201eP\u00f3jd\u017a, albo\u015b niewiasty nie widzia\u0142?\u201c Tedy rzecze Kanonik: \u201eNie wiedzia\u0142em, i\u017c twarz \u015awi\u0119tych Pa\u0144skich i rozmowa ich z tak\u0105 si\u0142\u0105 dzia\u0142a.\u201c<\/p>\n\n\n\n<p class=\"wp-block-paragraph\">Niekt\u00f3rych chorych na ciele cudownie leczy\u0142a, nawet u\u0142omnych uzdrawia\u0142a, k\u0142ad\u0105c r\u0119k\u0119 na ich cia\u0142o.<\/p>\n\n\n\n<p class=\"wp-block-paragraph\">\u2009Kazania i Pisma \u015bw. z wielk\u0105 nabo\u017cno\u015bci\u0105 s\u0142ucha\u0142a, a po kazaniu chcia\u0142a nogi ca\u0142owa\u0107 kaznodziejom; gdy za\u015b oni tego nie dopuszczali, wielce si\u0119 smuci\u0142a. Tak\u0105 mia\u0142a cierpliwo\u015b\u0107 i wytrwa\u0142o\u015b\u0107 w cierpieniu, i\u017c gdy raz przez dni czterdzie\u015bci chorob\u0105 by\u0142a z\u0142o\u017cona, a pytano jej, czy jej to nie przykro, odpowiedzia\u0142a: \u201eBy\u0142abym rada, aby si\u0119 te dni dopiero teraz zacz\u0119\u0142y.\u201c Wi\u0119cej si\u0119 troska\u0142a o zasmucenie drugich, ni\u017c o w\u0142asn\u0105 chorob\u0119. Pan B\u00f3g obdarzy\u0142 j\u0105 takim rozs\u0105dkiem, i\u017c kap\u0142ani do niej udawali si\u0119 po rad\u0119. Jeden z nich zapytywa\u0142, czy ma przyj\u0105\u0107 drug\u0105 parafi\u0119, przynosz\u0105c\u0105 znaczny doch\u00f3d; wtedy ona mu to zgani\u0142a i nie radzi\u0142a, nazywaj\u0105c to \u0142akomstwem, kt\u00f3re mu nie wyjdzie na korzy\u015b\u0107, ani na zbawienie jego duszy, jako te\u017c na korzy\u015b\u0107 parafian, kt\u00f3rych maj\u0105c wi\u0119cej, by\u0142by zniewolonym zaniedbywa\u0107. I \u00f3w kap\u0142an poszed\u0142 za jej rad\u0105.<\/p>\n\n\n\n<p class=\"wp-block-paragraph\">Gdy si\u0119 pewnego razu chrze\u015bcijanie gotowali na wypraw\u0119 przeciw heretykom, Albigensom, ona chcia\u0142a z nimi wyruszy\u0107 na t\u0119 wypraw\u0119; a gdy si\u0119 jej zapytano, coby tam robi\u0142a jako niewiasta, odpowiedzia\u0142a: \u201eNic innego, jak tylko, i\u017cbym im pokaza\u0142a, jak Boga czci\u0107 nale\u017cy.\u201c<\/p>\n\n\n\n<p class=\"wp-block-paragraph\">Pewien m\u0105\u017c, maj\u0105c \u017con\u0119 oddaj\u0105c\u0105 si\u0119 zanadto uciechom \u015bwiatowym, prosi\u0142 jej o modlitw\u0119 za ni\u0105. Maryanna modli\u0142a si\u0119 szczerze, a potem tak j\u0105 przekona\u0142a, \u017ce niewiasta ta uzna\u0142a grzechy swoje, zmieni\u0142a \u017cycie i odt\u0105d sta\u0142a si\u0119 ca\u0142kiem nabo\u017cn\u0105 i skromn\u0105, i pogardza\u0142a marno\u015bciami tego \u015bwiata. Pan B\u00f3g udzieli\u0142 jej \u0142aski, i\u017c przeczu\u0142a, kiedy koniec jej \u017cycia nast\u0105pi i to na kilka lat przedtem. Za dozwoleniem spowiednika, m\u0119\u017ca \u015bwi\u0119tobliwego, obra\u0142a sobie miejsce o dwie mile od miejsca dotychczasowego zamieszkania, zwane Egni. Tam postanowi\u0142a odt\u0105d mieszka\u0107 i oczekiwa\u0107 \u015bmierci i tam te\u017c \u017cyczy\u0142a sobie by\u0107 pochowan\u0105 w ko\u015bciele \u015bwi\u0119tego Miko\u0142aja. Przepowiedzia\u0142a i to, \u017ce d\u0142ug\u0105 j\u0105 Pan B\u00f3g z\u0142o\u017cy niemoc\u0105, ale zamiast obawy mia\u0142a rado\u015bci serdeczne, us\u0142ysza\u0142a bowiem g\u0142os Jezusa: \u201eP\u00f3jd\u017a, wybrana Moja, najmilsza Moja, go\u0142\u0119bico Moja, ukoronowan\u0105 b\u0119dziesz!\u201c Odt\u0105d cz\u0119ste miewa\u0142a zachwycenia w duchu i rozkosze przysz\u0142ej chwa\u0142y. Tak si\u0119 te\u017c sta\u0142o jak przewidzia\u0142a i ca\u0142y rok z\u0142o\u017cona by\u0142a chorob\u0105.<\/p>\n\n\n\n<p class=\"wp-block-paragraph\">Przez rok ten ca\u0142y w poniedzia\u0142ki nic nie jad\u0142a, wiedz\u0105c i\u017c w poniedzia\u0142ek umrze\u0107 mia\u0142a, a od narodzenia \u015bw. Jana Chrzciciela poszcz\u0105c, tylko jedena\u015bcie razy jad\u0142a i to miernie. Gdy ju\u017c przepowiedziany czas zgonu jej by\u0142 blizki, z rado\u015bci ca\u0142e trzy dni i trzy noce wielkim i pi\u0119knym g\u0142osem \u015bpiewa\u0142a i chwali\u0142a Pana Boga, objawiaj\u0105c tajemnice niebieskie nigdy nie s\u0142yszane i od wielu ludzi niezrozumiane. Przeor miejscowy, boj\u0105c si\u0119, aby ludzie jej nie uwa\u017cali za szalon\u0105, zamyka\u0142 drzwi i ko\u015bci\u00f3\u0142, a sam tylko ze s\u0142ug\u0105 przy niej siedzia\u0142, wszak\u017ce g\u0142os jej utai\u0107 si\u0119 nie m\u00f3g\u0142 i wielu ludzi s\u0142ysza\u0142o j\u0105 \u015bpiewaj\u0105c\u0105. Po pierwszym dniu i nocy tak ochryp\u0142a, \u017ce ju\u017c m\u00f3wi\u0107 nie mog\u0142a, ale potem zn\u00f3w przysz\u0142a do siebie, ca\u0142e dwa dni i dwie noce jeszcze w tem \u015bpiewaniu przetrwawszy. Pe\u0142no tajemnic Boskich wyjawia\u0142a ustami; gdy trzy dni tak \u015bpiewa\u0142a, kaza\u0142a sobie \u0142o\u017ce przed o\u0142tarzem w ko\u015bciele przygotowa\u0107 i zawo\u0142awszy kap\u0142an\u00f3w i braci jakoby si\u0142y nabieraj\u0105c, rzek\u0142a: \u201e\u015apiewanie min\u0119\u0142o dla rado\u015bci, kt\u00f3ra ma przyj\u015b\u0107; nadchodzi ju\u017c p\u0142acz dla niemocy i \u015bmierci, ju\u017c mi je\u015b\u0107 nie dajcie, a te ksi\u0105\u017cki, kt\u00f3re tu mam, zabierzcie.\u201c W chorobie tej cz\u0119sto spo\u017cywa\u0142a Komuni\u0119 \u015bwi\u0119t\u0105, a \u017cadnego innego pokarmu nie przyjmowa\u0142a; gdy jej za\u015b dawano op\u0142atek niepo\u015bwi\u0119cony , zaraz poznawa\u0142a i wypluwa\u0142a. Tak bez po\u017cywienia i napoju prze\u017cy\u0142a dni pi\u0119\u0107dziesi\u0105t i dwa.<\/p>\n\n\n\n<p class=\"wp-block-paragraph\">Wiele proroctw objawi\u0142a o rzeczach przysz\u0142ych; czwartego dnia przed \u015bmierci\u0105 nic m\u00f3wi\u0107 nie chcia\u0142a, oczy tylko podnios\u0142a w Niebo, rusza\u0142a wargami, a twarz jej pocz\u0119\u0142a ja\u015bnie\u0107. W ko\u0144cu spokojnie i weso\u0142o z pi\u0119kn\u0105 twarz\u0105 w dzie\u0144 \u015bw. Jana Chrzciciela Panu Bogu ducha odda\u0142a. Ludzie patrz\u0105c na umar\u0142\u0105, wydziwi\u0107 si\u0119 nie mogli jej spokojem ja\u015bniej\u0105cej twarzy. Cia\u0142o jej by\u0142o tak wysch\u0142e, i\u017c same tylko ko\u015bci zostawa\u0142y. Wielu ludzi po \u015bmierci jej dotkn\u0105wszy si\u0119&nbsp;z wiar\u0105 cia\u0142a, zdrowie odzyska\u0142o. Zako\u0144czy\u0142a \u017cywot, maj\u0105c lat trzydzie\u015bci i sze\u015b\u0107, w roku 1213.<\/p>\n\n\n\n<h2 class=\"wp-block-heading\"><br><strong>Nauka moralna.<\/strong><\/h2>\n\n\n\n<p class=\"wp-block-paragraph\">\u2009Kardyna\u0142 i Biskup Ocho\u0144ski Jak\u00f3b de Vistriaco, otrzyma\u0142 po \u015bmierci \u015bwi\u0119tej Maryanny palec jej jako relikwi\u0119. D\u0142ugo go nosz\u0105c, darowa\u0142 potem Papie\u017cowi Grzegorzowi IX na odp\u0119dzenie pokus, kt\u00f3remi Papie\u017c ten by\u0142 trapiony.<br>\u2009R\u00f3wnie\u017c pokusami za \u017cycia trapion\u0105 by\u0142a Maryanna \u015bwi\u0119ta. Nie wiedz\u0105c, co czyni\u0107 przeciwko tym pokusom, do rozpaczy przychodzi\u0142a, mniemaj\u0105c, i\u017c to grzech by\u0142, a by\u0142y to my\u015bli sprosne, nieprzystojne, o jakich Pismo \u015bwi\u0119te m\u00f3wi: \u201eOd my\u015bli nieuczciwych i g\u0142upich a nikczemnych, strze\u017c mnie, Panie!\u201c<\/p>\n\n\n\n<p class=\"wp-block-paragraph\">Pokus\u0105 t\u0105 jest czart, kt\u00f3ry wiedzie cz\u0142owieka i poci\u0105ga ku sobie, aby go odwie\u017a\u0107 od dobrej drogi. Zwykle Pan B\u00f3g nie dopuszcza pokusy na tych, kt\u00f3rzy w grzechu \u015bmiertelnym pozostaj\u0105, albo za niego nie \u017ca\u0142uj\u0105, ale na tych, kt\u00f3rzy pokut\u0119 zaczynaj\u0105, albo ku doskona\u0142ym cnotom i uczynkom dla zbawienia swego i mi\u0142o\u015bci Bo\u017cej post\u0119puj\u0105.<br>\u2009Gdyby na kogo z dopuszczenia Bo\u017cego pokusa przypad\u0142a, niech nie s\u0105dzi, \u017ce te my\u015bli szkaradne z niego wyp\u0142ywaj\u0105. One s\u0105 w\u0142a\u015bnie przez czarta wzbudzone i on sam je na my\u015bl przywodzi, aby niemi cz\u0142owieka zgubi\u0107.<br>\u2009Pokusy tej niechaj sobie nikt za grzech nie bierze, ale za osobliwsze nawiedzenie i do\u015bwiadczenie Bo\u017ce; im wi\u0119cej kto sobie to za grzech mie\u0107 b\u0119dzie, tem wi\u0119cej nieprzyjaciela rozraduje.<br>\u2009Cz\u0142owiek prosi\u0107 winien Pana Boga, aby od niego pokus\u0119 oddala\u0142, a je\u015bli Pan B\u00f3g nie raczy tego uczyni\u0107, to pokus\u0119 t\u0119 winien cz\u0142owiek znosi\u0107 cierpliwie, a grzechami si\u0119 brzydzi\u0107. Czytamy w \u017cywocie \u015bwi\u0119tej Katarzyny z Sienny, \u017ce maj\u0105c d\u0142ugi czas sprosne, niemoralne my\u015bli i widok szatan\u00f3w wabi\u0105cych j\u0105 ku sobie, kt\u00f3rych potem Jezus od niej oddali\u0142, zawo\u0142a\u0142a: \u201eA gdzie\u017ce\u015b przez ten czas by\u0142, Oblubie\u0144cze m\u00f3j mi\u0142y?\u201c W sercu twem by\u0142em.\u201c Na co ona odrzek\u0142a: \u201eA wszak\u017ce serce moje pe\u0142nem by\u0142o spro\u015bno\u015bci, jak\u017ce Ty mog\u0142e\u015b w niem mieszka\u0107, Mi\u0142o\u015bniku czysto\u015bci?\u201c A Chrystus jej na to: \u201eW tem, i\u017ce\u015b si\u0119 owemi my\u015blami brzydzi\u0142a i \u017ca\u0142o\u015b\u0107 z nich wielk\u0105 maj\u0105c, miejsce dla Mnie zostawi\u0142a\u015b.\u201c<br>\u2009Tak my si\u0119 te\u017c tem cieszmy, gdyby to na nas przysz\u0142o, i\u017c przy pokusach na nas przypad\u0142ych nie ustaj\u0105c w mi\u0142o\u015bci ku Panu Bogu, nie tylko nie utracimy \u0142aski Boga, ale jej sobie jeszcze wi\u0119cej przyczyni\u0107 zdo\u0142amy.<br><\/p>\n\n\n\n<h2 class=\"wp-block-heading\"><strong>Modlitwa.<\/strong><\/h2>\n\n\n\n<blockquote class=\"wp-block-quote is-layout-flow wp-block-quote-is-layout-flow\">\n<p class=\"wp-block-paragraph\">\u2009Bo\u017ce, kt\u00f3ry\u015b \u015bwi\u0119t\u0105 Maryann\u0119 \u0142askami przedziwnej ostro\u015bci i wysokiej bogomy\u015blno\u015bci hojnie wzbogaci\u0142, spraw mi\u0142o\u015bciwie, aby\u015bmy za jej wstawieniem si\u0119 i przyk\u0142adem zmys\u0142y i cia\u0142o umartwiaj\u0105c, ducha naszego do niebieskich rzeczy zami\u0142owania coraz wi\u0119cej sposobili. Przez Pana naszego Jezusa Chrystusa, kt\u00f3ry z Bogiem i Duchem \u015bwi\u0119tym \u017cyje i kr\u00f3luje w Niebie i na ziemi, po wszystkie wieki wiek\u00f3w. Amen.<\/p>\n<\/blockquote>\n\n\n\n<figure class=\"wp-block-table\"><table><tbody><tr><td>\u2217&nbsp;&nbsp;&nbsp;&nbsp;&nbsp;&nbsp;&nbsp;&nbsp;&nbsp;&nbsp;&nbsp;&nbsp;&nbsp;&nbsp;&nbsp;&nbsp;&nbsp;&nbsp;&nbsp;&nbsp;\u2217<br>\u2217<\/td><\/tr><\/tbody><\/table><\/figure>\n\n\n\n<p class=\"wp-block-paragraph\">\u2009<em>Opr\u00f3cz tego obchodzi Ko\u015bci\u00f3\u0142 \u015bwi\u0119ty pami\u0105tk\u0119 nast\u0119puj\u0105cych \u015awi\u0119tych Pa\u0144skich, zamieszczonych w rzymskiem martyrologium:<\/em><\/p>\n\n\n\n<p class=\"wp-block-paragraph\">\u2009<strong>Dnia 23-go czerwca<\/strong>&nbsp;wigilia \u015bw.&nbsp;Jana Chrzciciela. \u2014 W Rzymie m\u0119cze\u0144stwo \u015bw.&nbsp;Jana, Kap\u0142ana, \u015bci\u0119tego za Juliana Apostaty przed bo\u017ckiem s\u0142o\u0144ca przy starej drodze Salaryjskiej. Cia\u0142o jego pogrzeba\u0142 b\u0142og. Kap\u0142an Konkordyusz w grobach M\u0119czennik\u00f3w. \u2014 R\u00f3wnie\u017c w Rzymie \u015bmier\u0107 m\u0119cze\u0144ska \u015bw.&nbsp;Agrypiny, Dziewicy i M\u0119czenniczki z czas\u00f3w cesarza Waleryana; cia\u0142o jej przeniesiono na Sycyli\u0119 i b\u0142yszczy tam wielu cudami. \u2014 W Sutri w Toskanii dzie\u0144 zgonu \u015bw.&nbsp;Feliksa, Kap\u0142ana, w kt\u00f3rego oblicze prefekt Turcyusz tak d\u0142ugo kaza\u0142 bi\u0107 kamieniem, a\u017c ducha wyzion\u0105\u0142. \u2014 W Nikomedyi pami\u0105tka&nbsp;bardzo wielu \u015bw. M\u0119czennik\u00f3w, kt\u00f3rzy si\u0119 za Dyoklecyana ukrywali pewien czas w jaskiniach i pieczarach, ale potem z radosn\u0105 odwag\u0105 podj\u0119li \u015bmier\u0107 m\u0119cze\u0144sk\u0105 dla Chrystusa. \u2014 W Filadelfii w Arabii m\u0119cze\u0144stwo \u015bw.&nbsp;Zenona&nbsp;i s\u0142ugi jego&nbsp;Zenasa; gdy ten\u017ce ca\u0142owa\u0142 \u0142a\u0144cuchy kr\u0119puj\u0105ce pana jego z pro\u015bb\u0105 przyj\u0119cia go jako towarzysza w cierpieniu, zosta\u0142 przez siepaczy schwytany&nbsp;i otrzyma\u0142 z panem swoim koron\u0119 m\u0119cze\u0144sk\u0105. \u2014 W Anglii uroczysto\u015b\u0107 \u015bw.&nbsp;Edyltrudy, Kr\u00f3lowej i Dziewicy, co s\u0142ynna \u015bwi\u0119tobliwo\u015bci\u0105 i cudami odesz\u0142a z ziemi; cia\u0142o jej znaleziono w jedena\u015bcie lat po \u015bmierci nienaruszone.<\/p>\n","protected":false},"excerpt":{"rendered":"<p>\u015aw. Marianna &#8220;Na podst\u0119pach szata\u0144skich sama si\u0119 zna\u0142a i innych z nich wyswobadza\u0142a.&#8221; A jak? Nie tylko rad\u0119, ale najwidoczniej mia\u0142a w\u0142adz\u0119 nad demonami bez zezwolenia biskupa na pi\u015bmie. Demony dr\u0119czy\u0142y j\u0105 tak d\u0142ugo, \u017ce z czasem zyska\u0142a nad nimi w\u0142adz\u0119 i przewag\u0119. Pan B\u00f3g jest sprawiedliwy i nic nie dzieje si\u0119 na pr\u00f3\u017cno.<\/p>\n","protected":false},"author":60508433,"featured_media":49598,"comment_status":"open","ping_status":"open","sticky":false,"template":"","format":"standard","meta":{"_bbp_topic_count":0,"_bbp_reply_count":0,"_bbp_total_topic_count":0,"_bbp_total_reply_count":0,"_bbp_voice_count":0,"_bbp_anonymous_reply_count":0,"_bbp_topic_count_hidden":0,"_bbp_reply_count_hidden":0,"_bbp_forum_subforum_count":0,"_editorskit_title_hidden":false,"_editorskit_reading_time":0,"_editorskit_is_block_options_detached":false,"_editorskit_block_options_position":"{}","_coblocks_attr":"","_coblocks_dimensions":"","_coblocks_responsive_height":"","_coblocks_accordion_ie_support":"","_exactmetrics_skip_tracking":false,"_jetpack_newsletter_access":"","_jetpack_dont_email_post_to_subs":false,"_jetpack_newsletter_tier_id":0,"_jetpack_memberships_contains_paywalled_content":false,"_wpcom_ai_launchpad_first_post":false,"_jetpack_feature_clip_id":0,"_jetpack_memberships_contains_paid_content":false,"footnotes":"","jetpack_publicize_message":"{title}\n\n{excerpt}\n\n{url}","jetpack_publicize_feature_enabled":true,"jetpack_social_post_already_shared":true,"jetpack_social_options":{"image_generator_settings":{"template":"highway","default_image_id":0,"font":"","enabled":false},"version":2},"_wpas_customize_per_network":false,"jetpack_post_was_ever_published":false},"categories":[610131821,610131184,336375535],"tags":[],"class_list":["post-166245","post","type-post","status-publish","format-standard","has-post-thumbnail","hentry","category-swieta-w-czerwcu","category-duchowosc","category-liturgia-i-liturgika"],"yoast_head":"<!-- This site is optimized with the Yoast SEO plugin v28.3 - https:\/\/yoast.com\/product\/yoast-seo-wordpress\/ -->\n<title>23-go Czerwca. \u017bywot \u015bwi\u0119tej Maryanny Egniskiej, Dziewicy. - Tradycja i Wiara<\/title>\n<meta name=\"robots\" content=\"index, follow, max-snippet:-1, max-image-preview:large, max-video-preview:-1\" \/>\n<link rel=\"canonical\" href=\"https:\/\/wobronietradycjiiwiary.com\/pl\/23-go-czerwca-zywot-swietej-maryanny-egniskiej-dziewicy-2-2-2-2-2\/\" \/>\n<meta property=\"og:locale\" content=\"pl_PL\" \/>\n<meta property=\"og:type\" content=\"article\" \/>\n<meta property=\"og:title\" content=\"23-go Czerwca. \u017bywot \u015bwi\u0119tej Maryanny Egniskiej, Dziewicy. - Tradycja i Wiara\" \/>\n<meta property=\"og:description\" content=\"\u015aw. Marianna &quot;Na podst\u0119pach szata\u0144skich sama si\u0119 zna\u0142a i innych z nich wyswobadza\u0142a.&quot; A jak? Nie tylko rad\u0119, ale najwidoczniej mia\u0142a w\u0142adz\u0119 nad demonami bez zezwolenia biskupa na pi\u015bmie. Demony dr\u0119czy\u0142y j\u0105 tak d\u0142ugo, \u017ce z czasem zyska\u0142a nad nimi w\u0142adz\u0119 i przewag\u0119. Pan B\u00f3g jest sprawiedliwy i nic nie dzieje si\u0119 na pr\u00f3\u017cno.\" \/>\n<meta property=\"og:url\" content=\"https:\/\/wobronietradycjiiwiary.com\/pl\/23-go-czerwca-zywot-swietej-maryanny-egniskiej-dziewicy-2-2-2-2-2\/\" \/>\n<meta property=\"og:site_name\" content=\"Tradycja i Wiara\" \/>\n<meta property=\"article:publisher\" content=\"https:\/\/www.facebook.com\/Tradycja-i-Wiara-108813920592249\" \/>\n<meta property=\"article:published_time\" content=\"2026-06-23T06:15:10+00:00\" \/>\n<meta property=\"article:modified_time\" content=\"2026-06-23T10:59:36+00:00\" \/>\n<meta property=\"og:image\" content=\"https:\/\/wobronietradycjiiwiary.com\/wp-content\/uploads\/2021\/06\/Jungfrauen.jpg\" \/>\n\t<meta property=\"og:image:width\" content=\"1200\" \/>\n\t<meta property=\"og:image:height\" content=\"758\" \/>\n\t<meta property=\"og:image:type\" content=\"image\/jpeg\" \/>\n<meta name=\"author\" content=\"Traditio et Fides\" \/>\n<meta name=\"twitter:card\" content=\"summary_large_image\" \/>\n<meta name=\"twitter:label1\" content=\"Napisane przez\" \/>\n\t<meta name=\"twitter:data1\" content=\"Traditio et Fides\" \/>\n\t<meta name=\"twitter:label2\" content=\"Szacowany czas czytania\" \/>\n\t<meta name=\"twitter:data2\" content=\"11 minut\" \/>\n<script type=\"application\/ld+json\" class=\"yoast-schema-graph\">{\"@context\":\"https:\\\/\\\/schema.org\",\"@graph\":[{\"@type\":\"Article\",\"@id\":\"https:\\\/\\\/wobronietradycjiiwiary.com\\\/23-go-czerwca-zywot-swietej-maryanny-egniskiej-dziewicy-2-2-2-2-2\\\/#article\",\"isPartOf\":{\"@id\":\"https:\\\/\\\/wobronietradycjiiwiary.com\\\/23-go-czerwca-zywot-swietej-maryanny-egniskiej-dziewicy-2-2-2-2-2\\\/\"},\"author\":{\"name\":\"Traditio et Fides\",\"@id\":\"https:\\\/\\\/wobronietradycjiiwiary.com\\\/pl\\\/#\\\/schema\\\/person\\\/2d6180ce6abcb681fef0daab7816e8f3\"},\"headline\":\"23-go Czerwca. \u017bywot \u015bwi\u0119tej Maryanny Egniskiej, Dziewicy.\",\"datePublished\":\"2026-06-23T06:15:10+00:00\",\"dateModified\":\"2026-06-23T10:59:36+00:00\",\"mainEntityOfPage\":{\"@id\":\"https:\\\/\\\/wobronietradycjiiwiary.com\\\/23-go-czerwca-zywot-swietej-maryanny-egniskiej-dziewicy-2-2-2-2-2\\\/\"},\"wordCount\":2226,\"commentCount\":0,\"publisher\":{\"@id\":\"https:\\\/\\\/wobronietradycjiiwiary.com\\\/pl\\\/#organization\"},\"image\":{\"@id\":\"https:\\\/\\\/wobronietradycjiiwiary.com\\\/23-go-czerwca-zywot-swietej-maryanny-egniskiej-dziewicy-2-2-2-2-2\\\/#primaryimage\"},\"thumbnailUrl\":\"https:\\\/\\\/wobronietradycjiiwiary.com\\\/wp-content\\\/uploads\\\/2021\\\/06\\\/Jungfrauen.jpg\",\"articleSection\":[\"06. \u015awi\u0119ta w czerwcu\",\"Duchowo\u015b\u0107\",\"Liturgia i liturgika\"],\"inLanguage\":\"pl-PL\",\"potentialAction\":[{\"@type\":\"CommentAction\",\"name\":\"Comment\",\"target\":[\"https:\\\/\\\/wobronietradycjiiwiary.com\\\/23-go-czerwca-zywot-swietej-maryanny-egniskiej-dziewicy-2-2-2-2-2\\\/#respond\"]}]},{\"@type\":\"WebPage\",\"@id\":\"https:\\\/\\\/wobronietradycjiiwiary.com\\\/23-go-czerwca-zywot-swietej-maryanny-egniskiej-dziewicy-2-2-2-2-2\\\/\",\"url\":\"https:\\\/\\\/wobronietradycjiiwiary.com\\\/23-go-czerwca-zywot-swietej-maryanny-egniskiej-dziewicy-2-2-2-2-2\\\/\",\"name\":\"23-go Czerwca. \u017bywot \u015bwi\u0119tej Maryanny Egniskiej, Dziewicy. - Tradycja i Wiara\",\"isPartOf\":{\"@id\":\"https:\\\/\\\/wobronietradycjiiwiary.com\\\/pl\\\/#website\"},\"primaryImageOfPage\":{\"@id\":\"https:\\\/\\\/wobronietradycjiiwiary.com\\\/23-go-czerwca-zywot-swietej-maryanny-egniskiej-dziewicy-2-2-2-2-2\\\/#primaryimage\"},\"image\":{\"@id\":\"https:\\\/\\\/wobronietradycjiiwiary.com\\\/23-go-czerwca-zywot-swietej-maryanny-egniskiej-dziewicy-2-2-2-2-2\\\/#primaryimage\"},\"thumbnailUrl\":\"https:\\\/\\\/wobronietradycjiiwiary.com\\\/wp-content\\\/uploads\\\/2021\\\/06\\\/Jungfrauen.jpg\",\"datePublished\":\"2026-06-23T06:15:10+00:00\",\"dateModified\":\"2026-06-23T10:59:36+00:00\",\"breadcrumb\":{\"@id\":\"https:\\\/\\\/wobronietradycjiiwiary.com\\\/23-go-czerwca-zywot-swietej-maryanny-egniskiej-dziewicy-2-2-2-2-2\\\/#breadcrumb\"},\"inLanguage\":\"pl-PL\",\"potentialAction\":[{\"@type\":\"ReadAction\",\"target\":[\"https:\\\/\\\/wobronietradycjiiwiary.com\\\/23-go-czerwca-zywot-swietej-maryanny-egniskiej-dziewicy-2-2-2-2-2\\\/\"]}]},{\"@type\":\"ImageObject\",\"inLanguage\":\"pl-PL\",\"@id\":\"https:\\\/\\\/wobronietradycjiiwiary.com\\\/23-go-czerwca-zywot-swietej-maryanny-egniskiej-dziewicy-2-2-2-2-2\\\/#primaryimage\",\"url\":\"https:\\\/\\\/wobronietradycjiiwiary.com\\\/wp-content\\\/uploads\\\/2021\\\/06\\\/Jungfrauen.jpg\",\"contentUrl\":\"https:\\\/\\\/wobronietradycjiiwiary.com\\\/wp-content\\\/uploads\\\/2021\\\/06\\\/Jungfrauen.jpg\",\"width\":1200,\"height\":758},{\"@type\":\"BreadcrumbList\",\"@id\":\"https:\\\/\\\/wobronietradycjiiwiary.com\\\/23-go-czerwca-zywot-swietej-maryanny-egniskiej-dziewicy-2-2-2-2-2\\\/#breadcrumb\",\"itemListElement\":[{\"@type\":\"ListItem\",\"position\":1,\"name\":\"Strona g\u0142\u00f3wna\",\"item\":\"https:\\\/\\\/wobronietradycjiiwiary.com\\\/\"},{\"@type\":\"ListItem\",\"position\":2,\"name\":\"23-go Czerwca. \u017bywot \u015bwi\u0119tej Maryanny Egniskiej, Dziewicy.\"}]},{\"@type\":\"WebSite\",\"@id\":\"https:\\\/\\\/wobronietradycjiiwiary.com\\\/pl\\\/#website\",\"url\":\"https:\\\/\\\/wobronietradycjiiwiary.com\\\/pl\\\/\",\"name\":\"Tradycja i Wiara\",\"description\":\"Portal dla katolik\u00f3w.\",\"publisher\":{\"@id\":\"https:\\\/\\\/wobronietradycjiiwiary.com\\\/pl\\\/#organization\"},\"potentialAction\":[{\"@type\":\"SearchAction\",\"target\":{\"@type\":\"EntryPoint\",\"urlTemplate\":\"https:\\\/\\\/wobronietradycjiiwiary.com\\\/pl\\\/?s={search_term_string}\"},\"query-input\":{\"@type\":\"PropertyValueSpecification\",\"valueRequired\":true,\"valueName\":\"search_term_string\"}}],\"inLanguage\":\"pl-PL\"},{\"@type\":\"Organization\",\"@id\":\"https:\\\/\\\/wobronietradycjiiwiary.com\\\/pl\\\/#organization\",\"name\":\"Tradycja i Wiara\",\"url\":\"https:\\\/\\\/wobronietradycjiiwiary.com\\\/pl\\\/\",\"logo\":{\"@type\":\"ImageObject\",\"inLanguage\":\"pl-PL\",\"@id\":\"https:\\\/\\\/wobronietradycjiiwiary.com\\\/pl\\\/#\\\/schema\\\/logo\\\/image\\\/\",\"url\":\"https:\\\/\\\/i0.wp.com\\\/wobronietradycjiiwiary.com\\\/wp-content\\\/uploads\\\/2015\\\/10\\\/cropped-st-peters-dome-vatican.jpg?fit=940%2C198&ssl=1\",\"contentUrl\":\"https:\\\/\\\/i0.wp.com\\\/wobronietradycjiiwiary.com\\\/wp-content\\\/uploads\\\/2015\\\/10\\\/cropped-st-peters-dome-vatican.jpg?fit=940%2C198&ssl=1\",\"width\":940,\"height\":198,\"caption\":\"Tradycja i Wiara\"},\"image\":{\"@id\":\"https:\\\/\\\/wobronietradycjiiwiary.com\\\/pl\\\/#\\\/schema\\\/logo\\\/image\\\/\"},\"sameAs\":[\"https:\\\/\\\/www.facebook.com\\\/Tradycja-i-Wiara-108813920592249\"]},{\"@type\":\"Person\",\"@id\":\"https:\\\/\\\/wobronietradycjiiwiary.com\\\/pl\\\/#\\\/schema\\\/person\\\/2d6180ce6abcb681fef0daab7816e8f3\",\"name\":\"Traditio et Fides\",\"sameAs\":[\"https:\\\/\\\/traditionundglauben.com\"],\"url\":\"https:\\\/\\\/wobronietradycjiiwiary.com\\\/pl\\\/author\\\/wobronietradycjiiwiary\\\/\"}]}<\/script>\n<!-- \/ Yoast SEO plugin. -->","yoast_head_json":{"title":"23-go Czerwca. \u017bywot \u015bwi\u0119tej Maryanny Egniskiej, Dziewicy. - Tradycja i Wiara","robots":{"index":"index","follow":"follow","max-snippet":"max-snippet:-1","max-image-preview":"max-image-preview:large","max-video-preview":"max-video-preview:-1"},"canonical":"https:\/\/wobronietradycjiiwiary.com\/pl\/23-go-czerwca-zywot-swietej-maryanny-egniskiej-dziewicy-2-2-2-2-2\/","og_locale":"pl_PL","og_type":"article","og_title":"23-go Czerwca. \u017bywot \u015bwi\u0119tej Maryanny Egniskiej, Dziewicy. - Tradycja i Wiara","og_description":"\u015aw. Marianna \"Na podst\u0119pach szata\u0144skich sama si\u0119 zna\u0142a i innych z nich wyswobadza\u0142a.\" A jak? Nie tylko rad\u0119, ale najwidoczniej mia\u0142a w\u0142adz\u0119 nad demonami bez zezwolenia biskupa na pi\u015bmie. Demony dr\u0119czy\u0142y j\u0105 tak d\u0142ugo, \u017ce z czasem zyska\u0142a nad nimi w\u0142adz\u0119 i przewag\u0119. Pan B\u00f3g jest sprawiedliwy i nic nie dzieje si\u0119 na pr\u00f3\u017cno.","og_url":"https:\/\/wobronietradycjiiwiary.com\/pl\/23-go-czerwca-zywot-swietej-maryanny-egniskiej-dziewicy-2-2-2-2-2\/","og_site_name":"Tradycja i Wiara","article_publisher":"https:\/\/www.facebook.com\/Tradycja-i-Wiara-108813920592249","article_published_time":"2026-06-23T06:15:10+00:00","article_modified_time":"2026-06-23T10:59:36+00:00","og_image":[{"width":1200,"height":758,"url":"https:\/\/wobronietradycjiiwiary.com\/wp-content\/uploads\/2021\/06\/Jungfrauen.jpg","type":"image\/jpeg"}],"author":"Traditio et Fides","twitter_card":"summary_large_image","twitter_misc":{"Napisane przez":"Traditio et Fides","Szacowany czas czytania":"11 minut"},"schema":{"@context":"https:\/\/schema.org","@graph":[{"@type":"Article","@id":"https:\/\/wobronietradycjiiwiary.com\/23-go-czerwca-zywot-swietej-maryanny-egniskiej-dziewicy-2-2-2-2-2\/#article","isPartOf":{"@id":"https:\/\/wobronietradycjiiwiary.com\/23-go-czerwca-zywot-swietej-maryanny-egniskiej-dziewicy-2-2-2-2-2\/"},"author":{"name":"Traditio et Fides","@id":"https:\/\/wobronietradycjiiwiary.com\/pl\/#\/schema\/person\/2d6180ce6abcb681fef0daab7816e8f3"},"headline":"23-go Czerwca. \u017bywot \u015bwi\u0119tej Maryanny Egniskiej, Dziewicy.","datePublished":"2026-06-23T06:15:10+00:00","dateModified":"2026-06-23T10:59:36+00:00","mainEntityOfPage":{"@id":"https:\/\/wobronietradycjiiwiary.com\/23-go-czerwca-zywot-swietej-maryanny-egniskiej-dziewicy-2-2-2-2-2\/"},"wordCount":2226,"commentCount":0,"publisher":{"@id":"https:\/\/wobronietradycjiiwiary.com\/pl\/#organization"},"image":{"@id":"https:\/\/wobronietradycjiiwiary.com\/23-go-czerwca-zywot-swietej-maryanny-egniskiej-dziewicy-2-2-2-2-2\/#primaryimage"},"thumbnailUrl":"https:\/\/wobronietradycjiiwiary.com\/wp-content\/uploads\/2021\/06\/Jungfrauen.jpg","articleSection":["06. \u015awi\u0119ta w czerwcu","Duchowo\u015b\u0107","Liturgia i liturgika"],"inLanguage":"pl-PL","potentialAction":[{"@type":"CommentAction","name":"Comment","target":["https:\/\/wobronietradycjiiwiary.com\/23-go-czerwca-zywot-swietej-maryanny-egniskiej-dziewicy-2-2-2-2-2\/#respond"]}]},{"@type":"WebPage","@id":"https:\/\/wobronietradycjiiwiary.com\/23-go-czerwca-zywot-swietej-maryanny-egniskiej-dziewicy-2-2-2-2-2\/","url":"https:\/\/wobronietradycjiiwiary.com\/23-go-czerwca-zywot-swietej-maryanny-egniskiej-dziewicy-2-2-2-2-2\/","name":"23-go Czerwca. \u017bywot \u015bwi\u0119tej Maryanny Egniskiej, Dziewicy. - Tradycja i Wiara","isPartOf":{"@id":"https:\/\/wobronietradycjiiwiary.com\/pl\/#website"},"primaryImageOfPage":{"@id":"https:\/\/wobronietradycjiiwiary.com\/23-go-czerwca-zywot-swietej-maryanny-egniskiej-dziewicy-2-2-2-2-2\/#primaryimage"},"image":{"@id":"https:\/\/wobronietradycjiiwiary.com\/23-go-czerwca-zywot-swietej-maryanny-egniskiej-dziewicy-2-2-2-2-2\/#primaryimage"},"thumbnailUrl":"https:\/\/wobronietradycjiiwiary.com\/wp-content\/uploads\/2021\/06\/Jungfrauen.jpg","datePublished":"2026-06-23T06:15:10+00:00","dateModified":"2026-06-23T10:59:36+00:00","breadcrumb":{"@id":"https:\/\/wobronietradycjiiwiary.com\/23-go-czerwca-zywot-swietej-maryanny-egniskiej-dziewicy-2-2-2-2-2\/#breadcrumb"},"inLanguage":"pl-PL","potentialAction":[{"@type":"ReadAction","target":["https:\/\/wobronietradycjiiwiary.com\/23-go-czerwca-zywot-swietej-maryanny-egniskiej-dziewicy-2-2-2-2-2\/"]}]},{"@type":"ImageObject","inLanguage":"pl-PL","@id":"https:\/\/wobronietradycjiiwiary.com\/23-go-czerwca-zywot-swietej-maryanny-egniskiej-dziewicy-2-2-2-2-2\/#primaryimage","url":"https:\/\/wobronietradycjiiwiary.com\/wp-content\/uploads\/2021\/06\/Jungfrauen.jpg","contentUrl":"https:\/\/wobronietradycjiiwiary.com\/wp-content\/uploads\/2021\/06\/Jungfrauen.jpg","width":1200,"height":758},{"@type":"BreadcrumbList","@id":"https:\/\/wobronietradycjiiwiary.com\/23-go-czerwca-zywot-swietej-maryanny-egniskiej-dziewicy-2-2-2-2-2\/#breadcrumb","itemListElement":[{"@type":"ListItem","position":1,"name":"Strona g\u0142\u00f3wna","item":"https:\/\/wobronietradycjiiwiary.com\/"},{"@type":"ListItem","position":2,"name":"23-go Czerwca. \u017bywot \u015bwi\u0119tej Maryanny Egniskiej, Dziewicy."}]},{"@type":"WebSite","@id":"https:\/\/wobronietradycjiiwiary.com\/pl\/#website","url":"https:\/\/wobronietradycjiiwiary.com\/pl\/","name":"Tradycja i Wiara","description":"Portal dla katolik\u00f3w.","publisher":{"@id":"https:\/\/wobronietradycjiiwiary.com\/pl\/#organization"},"potentialAction":[{"@type":"SearchAction","target":{"@type":"EntryPoint","urlTemplate":"https:\/\/wobronietradycjiiwiary.com\/pl\/?s={search_term_string}"},"query-input":{"@type":"PropertyValueSpecification","valueRequired":true,"valueName":"search_term_string"}}],"inLanguage":"pl-PL"},{"@type":"Organization","@id":"https:\/\/wobronietradycjiiwiary.com\/pl\/#organization","name":"Tradycja i Wiara","url":"https:\/\/wobronietradycjiiwiary.com\/pl\/","logo":{"@type":"ImageObject","inLanguage":"pl-PL","@id":"https:\/\/wobronietradycjiiwiary.com\/pl\/#\/schema\/logo\/image\/","url":"https:\/\/i0.wp.com\/wobronietradycjiiwiary.com\/wp-content\/uploads\/2015\/10\/cropped-st-peters-dome-vatican.jpg?fit=940%2C198&ssl=1","contentUrl":"https:\/\/i0.wp.com\/wobronietradycjiiwiary.com\/wp-content\/uploads\/2015\/10\/cropped-st-peters-dome-vatican.jpg?fit=940%2C198&ssl=1","width":940,"height":198,"caption":"Tradycja i Wiara"},"image":{"@id":"https:\/\/wobronietradycjiiwiary.com\/pl\/#\/schema\/logo\/image\/"},"sameAs":["https:\/\/www.facebook.com\/Tradycja-i-Wiara-108813920592249"]},{"@type":"Person","@id":"https:\/\/wobronietradycjiiwiary.com\/pl\/#\/schema\/person\/2d6180ce6abcb681fef0daab7816e8f3","name":"Traditio et Fides","sameAs":["https:\/\/traditionundglauben.com"],"url":"https:\/\/wobronietradycjiiwiary.com\/pl\/author\/wobronietradycjiiwiary\/"}]}},"jetpack_publicize_connections":[],"jetpack_sharing_enabled":true,"jetpack_likes_enabled":true,"jetpack_shortlink":"https:\/\/wp.me\/pc04Sd-Hfn","jetpack-related-posts":[{"id":93197,"url":"https:\/\/wobronietradycjiiwiary.com\/pl\/23-go-czerwca-zywot-swietej-maryanny-egniskiej-dziewicy-2-2\/","url_meta":{"origin":166245,"position":0},"title":"23-go Czerwca. \u017bywot \u015bwi\u0119tej Maryanny Egniskiej, Dziewicy.","author":"Traditio et Fides","date":"23 czerwca 2023","format":false,"excerpt":"\u015aw. Marianna \"Na podst\u0119pach szata\u0144skich sama si\u0119 zna\u0142a i innych z nich wyswobadza\u0142a.\" A jak? Nie tylko rad\u0119, ale najwidoczniej mia\u0142a w\u0142adz\u0119 nad demonami bez zezwolenia biskupa na pi\u015bmie. Demony dr\u0119czy\u0142 j\u0105 tak d\u0142ugo, \u017ce z czasem zyska\u0142a nad nimi w\u0142adz\u0119 i przewag\u0119. Pan B\u00f3g jest sprawiedliwy i nic nie\u2026","rel":"","context":"W \u201e06. \u015awi\u0119ta w czerwcu&quot;","block_context":{"text":"06. \u015awi\u0119ta w czerwcu","link":"https:\/\/wobronietradycjiiwiary.com\/pl\/category\/duchowosc\/liturgia-i-liturgika\/rozwazania\/rok-liturgiczny\/swieta-w-czerwcu\/"},"img":{"alt_text":"","src":"https:\/\/i0.wp.com\/wobronietradycjiiwiary.com\/wp-content\/uploads\/2021\/06\/Jungfrauen.jpg?resize=350%2C200&ssl=1","width":350,"height":200,"srcset":"https:\/\/i0.wp.com\/wobronietradycjiiwiary.com\/wp-content\/uploads\/2021\/06\/Jungfrauen.jpg?resize=350%2C200&ssl=1 1x, https:\/\/i0.wp.com\/wobronietradycjiiwiary.com\/wp-content\/uploads\/2021\/06\/Jungfrauen.jpg?resize=525%2C300&ssl=1 1.5x, https:\/\/i0.wp.com\/wobronietradycjiiwiary.com\/wp-content\/uploads\/2021\/06\/Jungfrauen.jpg?resize=700%2C400&ssl=1 2x, https:\/\/i0.wp.com\/wobronietradycjiiwiary.com\/wp-content\/uploads\/2021\/06\/Jungfrauen.jpg?resize=1050%2C600&ssl=1 3x"},"classes":[]},{"id":49592,"url":"https:\/\/wobronietradycjiiwiary.com\/pl\/23-go-czerwca-zywot-swietej-maryanny-egniskiej-dziewicy\/","url_meta":{"origin":166245,"position":1},"title":"23-go Czerwca. \u017bywot \u015bwi\u0119tej Maryanny Egniskiej, Dziewicy.","author":"Traditio et Fides","date":"23 czerwca 2021","format":false,"excerpt":"\u015aw. Marianna \"Na podst\u0119pach szata\u0144skich sama si\u0119 zna\u0142a i innych z nich wyswobadza\u0142a.\" A jak? Nie tylko rad\u0119, ale najwidoczniej mia\u0142a w\u0142adz\u0119 nad demonami bez zezwolenia biskupa na pi\u015bmie. Demony dr\u0119czy\u0142 j\u0105 tak d\u0142ugo, \u017ce z czasem zyska\u0142a nad nimi w\u0142adz\u0119 i przewag\u0119. Pan B\u00f3g jest sprawiedliwy i nic nie\u2026","rel":"","context":"W \u201e06. \u015awi\u0119ta w czerwcu&quot;","block_context":{"text":"06. \u015awi\u0119ta w czerwcu","link":"https:\/\/wobronietradycjiiwiary.com\/pl\/category\/duchowosc\/liturgia-i-liturgika\/rozwazania\/rok-liturgiczny\/swieta-w-czerwcu\/"},"img":{"alt_text":"","src":"https:\/\/i0.wp.com\/wobronietradycjiiwiary.com\/wp-content\/uploads\/2021\/06\/Jungfrauen.jpg?resize=350%2C200&ssl=1","width":350,"height":200,"srcset":"https:\/\/i0.wp.com\/wobronietradycjiiwiary.com\/wp-content\/uploads\/2021\/06\/Jungfrauen.jpg?resize=350%2C200&ssl=1 1x, https:\/\/i0.wp.com\/wobronietradycjiiwiary.com\/wp-content\/uploads\/2021\/06\/Jungfrauen.jpg?resize=525%2C300&ssl=1 1.5x, https:\/\/i0.wp.com\/wobronietradycjiiwiary.com\/wp-content\/uploads\/2021\/06\/Jungfrauen.jpg?resize=700%2C400&ssl=1 2x, https:\/\/i0.wp.com\/wobronietradycjiiwiary.com\/wp-content\/uploads\/2021\/06\/Jungfrauen.jpg?resize=1050%2C600&ssl=1 3x"},"classes":[]},{"id":71156,"url":"https:\/\/wobronietradycjiiwiary.com\/pl\/23-go-czerwca-zywot-swietej-maryanny-egniskiej-dziewicy-2\/","url_meta":{"origin":166245,"position":2},"title":"23-go Czerwca. \u017bywot \u015bwi\u0119tej Maryanny Egniskiej, Dziewicy.","author":"Traditio et Fides","date":"23 czerwca 2022","format":false,"excerpt":"\u015aw. Marianna \"Na podst\u0119pach szata\u0144skich sama si\u0119 zna\u0142a i innych z nich wyswobadza\u0142a.\" A jak? Nie tylko rad\u0119, ale najwidoczniej mia\u0142a w\u0142adz\u0119 nad demonami bez zezwolenia biskupa na pi\u015bmie. Demony dr\u0119czy\u0142 j\u0105 tak d\u0142ugo, \u017ce z czasem zyska\u0142a nad nimi w\u0142adz\u0119 i przewag\u0119. Pan B\u00f3g jest sprawiedliwy i nic nie\u2026","rel":"","context":"W \u201e06. \u015awi\u0119ta w czerwcu&quot;","block_context":{"text":"06. \u015awi\u0119ta w czerwcu","link":"https:\/\/wobronietradycjiiwiary.com\/pl\/category\/duchowosc\/liturgia-i-liturgika\/rozwazania\/rok-liturgiczny\/swieta-w-czerwcu\/"},"img":{"alt_text":"","src":"https:\/\/i0.wp.com\/wobronietradycjiiwiary.com\/wp-content\/uploads\/2021\/06\/Jungfrauen.jpg?resize=350%2C200&ssl=1","width":350,"height":200,"srcset":"https:\/\/i0.wp.com\/wobronietradycjiiwiary.com\/wp-content\/uploads\/2021\/06\/Jungfrauen.jpg?resize=350%2C200&ssl=1 1x, https:\/\/i0.wp.com\/wobronietradycjiiwiary.com\/wp-content\/uploads\/2021\/06\/Jungfrauen.jpg?resize=525%2C300&ssl=1 1.5x, https:\/\/i0.wp.com\/wobronietradycjiiwiary.com\/wp-content\/uploads\/2021\/06\/Jungfrauen.jpg?resize=700%2C400&ssl=1 2x, https:\/\/i0.wp.com\/wobronietradycjiiwiary.com\/wp-content\/uploads\/2021\/06\/Jungfrauen.jpg?resize=1050%2C600&ssl=1 3x"},"classes":[]},{"id":52120,"url":"https:\/\/wobronietradycjiiwiary.com\/pl\/4-go-grudnia-zywot-swietej-barbary-panny-i-meczenniczki-3\/","url_meta":{"origin":166245,"position":3},"title":"4-go Grudnia. \u017bywot \u015bwi\u0119tej Barbary, Panny i M\u0119czenniczki.","author":"Traditio et Fides","date":"4 grudnia 2021","format":false,"excerpt":"Ojciec \u015bw. Barbary by\u0142 ci\u0119\u017ckim psychopat\u0105 i \"diabolicznym narcyzem\", ale w\u0142a\u015bnie dzi\u0119ki niemu nawr\u00f3ci\u0142a si\u0119 i zdoby\u0142a palm\u0119 m\u0119cze\u0144stwa. Ju\u017c Pan B\u00f3g wie, co komu s\u0142u\u017cy.","rel":"","context":"W \u201e12. \u015awi\u0119ta w grudniu&quot;","block_context":{"text":"12. \u015awi\u0119ta w grudniu","link":"https:\/\/wobronietradycjiiwiary.com\/pl\/category\/duchowosc\/liturgia-i-liturgika\/rozwazania\/rok-liturgiczny\/swieta-w-grudniu\/"},"img":{"alt_text":"","src":"https:\/\/i0.wp.com\/wobronietradycjiiwiary.com\/wp-content\/uploads\/2020\/12\/Barbara.jpg?resize=350%2C200&ssl=1","width":350,"height":200},"classes":[]},{"id":39996,"url":"https:\/\/wobronietradycjiiwiary.com\/pl\/4-go-grudnia-zywot-swietej-barbary-panny-i-meczenniczki\/","url_meta":{"origin":166245,"position":4},"title":"4-go Grudnia. \u017bywot \u015bwi\u0119tej Barbary, Panny i M\u0119czenniczki.","author":"Traditio et Fides","date":"4 grudnia 2020","format":false,"excerpt":"Ojciec \u015bw. Barbary by\u0142 ci\u0119\u017ckim psychopat\u0105 i \"diabolicznym narcyzem\", ale w\u0142a\u015bnie dzi\u0119ki niemu nawr\u00f3ci\u0142a si\u0119 i zdoby\u0142a palm\u0119 m\u0119cze\u0144stwa. Ju\u017c Pan B\u00f3g wie, co komu s\u0142u\u017cy.","rel":"","context":"W \u201e12. \u015awi\u0119ta w grudniu&quot;","block_context":{"text":"12. \u015awi\u0119ta w grudniu","link":"https:\/\/wobronietradycjiiwiary.com\/pl\/category\/duchowosc\/liturgia-i-liturgika\/rozwazania\/rok-liturgiczny\/swieta-w-grudniu\/"},"img":{"alt_text":"","src":"https:\/\/i0.wp.com\/wobronietradycjiiwiary.com\/wp-content\/uploads\/2020\/12\/Barbara.jpg?resize=350%2C200&ssl=1","width":350,"height":200},"classes":[]},{"id":40004,"url":"https:\/\/wobronietradycjiiwiary.com\/pl\/4-go-grudnia-zywot-swietej-barbary-panny-i-meczenniczki-2\/","url_meta":{"origin":166245,"position":5},"title":"4-go Grudnia. \u017bywot \u015bwi\u0119tej Barbary, Panny i M\u0119czenniczki.","author":"Traditio et Fides","date":"4 grudnia 2022","format":false,"excerpt":"Ojciec \u015bw. Barbary by\u0142 ci\u0119\u017ckim psychopat\u0105 i \"diabolicznym narcyzem\", ale w\u0142a\u015bnie dzi\u0119ki niemu nawr\u00f3ci\u0142a si\u0119 i zdoby\u0142a palm\u0119 m\u0119cze\u0144stwa. Ju\u017c Pan B\u00f3g wie, co komu s\u0142u\u017cy.","rel":"","context":"W \u201e12. \u015awi\u0119ta w grudniu&quot;","block_context":{"text":"12. \u015awi\u0119ta w grudniu","link":"https:\/\/wobronietradycjiiwiary.com\/pl\/category\/duchowosc\/liturgia-i-liturgika\/rozwazania\/rok-liturgiczny\/swieta-w-grudniu\/"},"img":{"alt_text":"","src":"https:\/\/i0.wp.com\/wobronietradycjiiwiary.com\/wp-content\/uploads\/2020\/12\/Barbara.jpg?resize=350%2C200&ssl=1","width":350,"height":200},"classes":[]}],"amp_enabled":true,"jetpack_featured_media_url":"https:\/\/wobronietradycjiiwiary.com\/wp-content\/uploads\/2021\/06\/Jungfrauen.jpg","_links":{"self":[{"href":"https:\/\/wobronietradycjiiwiary.com\/pl\/wp-json\/wp\/v2\/posts\/166245","targetHints":{"allow":["GET"]}}],"collection":[{"href":"https:\/\/wobronietradycjiiwiary.com\/pl\/wp-json\/wp\/v2\/posts"}],"about":[{"href":"https:\/\/wobronietradycjiiwiary.com\/pl\/wp-json\/wp\/v2\/types\/post"}],"author":[{"embeddable":true,"href":"https:\/\/wobronietradycjiiwiary.com\/pl\/wp-json\/wp\/v2\/users\/60508433"}],"replies":[{"embeddable":true,"href":"https:\/\/wobronietradycjiiwiary.com\/pl\/wp-json\/wp\/v2\/comments?post=166245"}],"version-history":[{"count":3,"href":"https:\/\/wobronietradycjiiwiary.com\/pl\/wp-json\/wp\/v2\/posts\/166245\/revisions"}],"predecessor-version":[{"id":167159,"href":"https:\/\/wobronietradycjiiwiary.com\/pl\/wp-json\/wp\/v2\/posts\/166245\/revisions\/167159"}],"wp:featuredmedia":[{"embeddable":true,"href":"https:\/\/wobronietradycjiiwiary.com\/pl\/wp-json\/wp\/v2\/media\/49598"}],"wp:attachment":[{"href":"https:\/\/wobronietradycjiiwiary.com\/pl\/wp-json\/wp\/v2\/media?parent=166245"}],"wp:term":[{"taxonomy":"category","embeddable":true,"href":"https:\/\/wobronietradycjiiwiary.com\/pl\/wp-json\/wp\/v2\/categories?post=166245"},{"taxonomy":"post_tag","embeddable":true,"href":"https:\/\/wobronietradycjiiwiary.com\/pl\/wp-json\/wp\/v2\/tags?post=166245"}],"curies":[{"name":"wp","href":"https:\/\/api.w.org\/{rel}","templated":true}]}}