{"id":166244,"date":"2026-06-23T19:00:02","date_gmt":"2026-06-23T17:00:02","guid":{"rendered":"https:\/\/wobronietradycjiiwiary.com\/?p=166244"},"modified":"2026-06-02T12:52:24","modified_gmt":"2026-06-02T10:52:24","slug":"proprium-missae-in-nativitate-sancti-joannis-baptistae-narodzenie-swietego-jana-chrzciciela-4-2-2-2-2","status":"publish","type":"post","link":"https:\/\/wobronietradycjiiwiary.com\/pl\/proprium-missae-in-nativitate-sancti-joannis-baptistae-narodzenie-swietego-jana-chrzciciela-4-2-2-2-2\/","title":{"rendered":"Proprium missae &#8211; In Nativitate Sancti Joannis Baptistae &#8211; Narodzenie \u015awi\u0119tego Jana Chrzciciela"},"content":{"rendered":"<div id=\"bsf_rt_marker\"><\/div><p><span class=\"embed-youtube\" style=\"text-align:center; display: block;\"><iframe class=\"youtube-player\" width=\"580\" height=\"327\" src=\"https:\/\/www.youtube.com\/embed\/V8KTAzTZLYg?version=3&#038;rel=1&#038;showsearch=0&#038;showinfo=1&#038;iv_load_policy=1&#038;fs=1&#038;hl=pl-PL&#038;autohide=2&#038;wmode=transparent\" allowfullscreen=\"true\" style=\"border:0;\" sandbox=\"allow-scripts allow-same-origin allow-popups allow-presentation allow-popups-to-escape-sandbox\"><\/iframe><\/span><\/p>\n<table>\n<tbody>\n<tr>\n<td colspan=\"2\" width=\"614\"><strong><em>INTROITUS<\/em><\/strong><\/td>\n<\/tr>\n<tr>\n<td width=\"307\"><em>Isa 49:1; 49:2<\/em><br \/>\n<strong><em>D<\/em><\/strong>e ventre matris me\u00e6 voc\u00e1vit me D\u00f3minus in n\u00f3mine meo: et p\u00f3suit os meum ut gl\u00e1dium ac\u00fatum: sub tegum\u00e9nto manus su\u00e6 prot\u00e9xit me, et p\u00f3suit me quasi sag\u00edttam el\u00e9ctam.<br \/>\n<em>Ps 91:2<\/em><br \/>\nBonum est confit\u00e9ri D\u00f3mino: et ps\u00e1llere n\u00f3mini tuo, Alt\u00edssime.<br \/>\n<em>V.<\/em> Gl\u00f3ria Patri, et F\u00edlio, et Spir\u00edtui Sancto.<br \/>\n<em>R.<\/em> Sicut erat in princ\u00edpio, et nunc, et semper, et in saecula saecul\u00f3rum. Amen<em>Isa 49:1; 49:2<\/em><br \/>\n<strong><em>D<\/em><\/strong>e ventre matris me\u00e6 voc\u00e1vit me D\u00f3minus in n\u00f3mine meo: et p\u00f3suit os meum ut gl\u00e1dium ac\u00fatum: sub tegum\u00e9nto manus su\u00e6 prot\u00e9xit me, et p\u00f3suit me quasi sag\u00edttam el\u00e9ctam.<\/td>\n<td width=\"307\"><em>Iz 49:1; 49:2<\/em><br \/>\n<strong><em>J<\/em><\/strong>u\u017c w \u0142onie matki mojej nazwa\u0142 mnie Pan imieniem moim: w\u0142o\u017cy\u0142 w me usta s\u0142owa jak ostry miecz: opiek\u0105 swojej r\u0119ki mnie otoczy\u0142 i uczyni\u0142 ze mnie jakoby strza\u0142\u0119 wyborn\u0105.<br \/>\n<em>Ps 91:2<\/em><br \/>\nDobrze jest wys\u0142awia\u0107 Pana i \u015bpiewa\u0107 imieniu Twemu, o Najwy\u017cszy.<br \/>\n<em>V.<\/em> Chwa\u0142a Ojcu, i Synowi i Duchowi \u015awi\u0119temu.<br \/>\n<em>R.<\/em> Jak by\u0142a na pocz\u0105tku, teraz i zawsze i na wieki wiek\u00f3w. Amen.<em>Iz 49:1; 49:2<\/em><br \/>\n<strong><em>J<\/em><\/strong>u\u017c w \u0142onie matki mojej nazwa\u0142 mnie Pan imieniem moim: w\u0142o\u017cy\u0142 w me usta s\u0142owa jak ostry miecz: opiek\u0105 swojej r\u0119ki mnie otoczy\u0142 i uczyni\u0142 ze mnie jakoby strza\u0142\u0119 wyborn\u0105.<\/td>\n<\/tr>\n<\/tbody>\n<\/table>\n<p><span class=\"embed-youtube\" style=\"text-align:center; display: block;\"><iframe class=\"youtube-player\" width=\"580\" height=\"327\" src=\"https:\/\/www.youtube.com\/embed\/nuSg_7Yf884?version=3&#038;rel=1&#038;showsearch=0&#038;showinfo=1&#038;iv_load_policy=1&#038;fs=1&#038;hl=pl-PL&#038;autohide=2&#038;wmode=transparent\" allowfullscreen=\"true\" style=\"border:0;\" sandbox=\"allow-scripts allow-same-origin allow-popups allow-presentation allow-popups-to-escape-sandbox\"><\/iframe><\/span><\/p>\n<table>\n<tbody>\n<tr>\n<td colspan=\"2\" width=\"614\"><strong><em>GRADUALE<\/em><\/strong><\/td>\n<\/tr>\n<tr>\n<td width=\"307\"><em>Ier 1:5; 1:9<\/em><br \/>\nPriusquam te form\u00e1rem in \u00fatero, novi te: et \u00e1ntequam ex\u00edres de ventre, santific\u00e1vi te.<br \/>\n<em>V.<\/em> Misit D\u00f3minus manum suam, et t\u00e9tigit os meum, et dixit mihi.<\/td>\n<td width=\"307\"><em>Jer 1:5; 1:9<\/em><br \/>\n<em>V.<\/em> Zanim ci\u0119 ukszta\u0142towa\u0142em w \u017cywocie zna\u0142em ciebie, jeszcze nie wyszed\u0142e\u015b z \u017cywota, ju\u017c ci\u0119 o\u015bwieci\u0142em. Wyci\u0105gn\u0105\u0142 Pan r\u0119k\u0119 swoj\u0105, dotkn\u0105\u0142 ust moich i rzek\u0142 mi.<\/td>\n<\/tr>\n<\/tbody>\n<\/table>\n<p><span class=\"embed-youtube\" style=\"text-align:center; display: block;\"><iframe class=\"youtube-player\" width=\"580\" height=\"327\" src=\"https:\/\/www.youtube.com\/embed\/8xdJ6pFjZ4Q?version=3&#038;rel=1&#038;showsearch=0&#038;showinfo=1&#038;iv_load_policy=1&#038;fs=1&#038;hl=pl-PL&#038;autohide=2&#038;wmode=transparent\" allowfullscreen=\"true\" style=\"border:0;\" sandbox=\"allow-scripts allow-same-origin allow-popups allow-presentation allow-popups-to-escape-sandbox\"><\/iframe><\/span><\/p>\n<table>\n<tbody>\n<tr>\n<td colspan=\"2\" width=\"614\"><strong><em>ALLELUIA<\/em><\/strong><\/td>\n<\/tr>\n<tr>\n<td width=\"307\"><em>Luc 1:76<\/em><br \/>\nAllel\u00faia, allel\u00faia<br \/>\nTu, puer, Proph\u00e9ta Alt\u00edssimi voc\u00e1beris: pr\u00e6\u00edbis ante D\u00f3minum par\u00e1re vias eius. Allel\u00faia.<\/td>\n<td width=\"307\"><em>\u0141k 1:76<\/em><br \/>\nAlleluja, alleluja.<br \/>\nTy, dzieci\u0105tko nazwane b\u0119dziesz prorokiem Najwy\u017cszego, bo p\u00f3jdziesz przed obliczem Pana, by przygotowa\u0107 drogi Jego. Alleluja.<\/td>\n<\/tr>\n<\/tbody>\n<\/table>\n<p><span class=\"embed-youtube\" style=\"text-align:center; display: block;\"><iframe class=\"youtube-player\" width=\"580\" height=\"327\" src=\"https:\/\/www.youtube.com\/embed\/i-fBwh-8tHk?version=3&#038;rel=1&#038;showsearch=0&#038;showinfo=1&#038;iv_load_policy=1&#038;fs=1&#038;hl=pl-PL&#038;autohide=2&#038;wmode=transparent\" allowfullscreen=\"true\" style=\"border:0;\" sandbox=\"allow-scripts allow-same-origin allow-popups allow-presentation allow-popups-to-escape-sandbox\"><\/iframe><\/span><\/p>\n<table>\n<tbody>\n<tr>\n<td colspan=\"2\" width=\"614\"><strong><em>OFFERTORIUM<\/em><\/strong><\/td>\n<\/tr>\n<tr>\n<td width=\"307\"><em>Ps 91:13<\/em><br \/>\nIustus ut palma flor\u00e9bit: sicut cedrus, qu\u00e6 in L\u00edbano est, multiplic\u00e1bitur.<\/td>\n<td width=\"307\"><em>Ps 91:13<\/em><br \/>\nSprawiedliwy zakwitnie jak palma, rozro\u015bnie si\u0119 jak cedr na Libanie. Alleluja.<\/td>\n<\/tr>\n<\/tbody>\n<\/table>\n<p><span class=\"embed-youtube\" style=\"text-align:center; display: block;\"><iframe class=\"youtube-player\" width=\"580\" height=\"327\" src=\"https:\/\/www.youtube.com\/embed\/CN0EaT-TL28?version=3&#038;rel=1&#038;showsearch=0&#038;showinfo=1&#038;iv_load_policy=1&#038;fs=1&#038;hl=pl-PL&#038;autohide=2&#038;wmode=transparent\" allowfullscreen=\"true\" style=\"border:0;\" sandbox=\"allow-scripts allow-same-origin allow-popups allow-presentation allow-popups-to-escape-sandbox\"><\/iframe><\/span><\/p>\n<table>\n<tbody>\n<tr>\n<td colspan=\"2\" width=\"614\"><strong><em>COMMUNIO<\/em><\/strong><\/td>\n<\/tr>\n<tr>\n<td width=\"307\"><em>Luc 1:76<\/em><br \/>\nTu, puer, Propheta Alt\u00edssimi vocaberis: pr\u00e6\u00edbis enim ante f\u00e1ciem D\u00f3mini par\u00e1re vias eius.<\/td>\n<td width=\"307\"><em>\u0141k 1:76<\/em><br \/>\nTy, dzieci\u0105tko nazwane b\u0119dziesz prorokiem Najwy\u017cszego, bo p\u00f3jdziesz przed obliczem Pana, by przygotowa\u0107 drogi Jego.<\/td>\n<\/tr>\n<\/tbody>\n<\/table>\n","protected":false},"excerpt":{"rendered":"<p>INTROITUS Isa 49:1; 49:2 De ventre matris me\u00e6 voc\u00e1vit me D\u00f3minus in n\u00f3mine meo: et p\u00f3suit os meum ut gl\u00e1dium ac\u00fatum: sub tegum\u00e9nto manus su\u00e6 prot\u00e9xit me, et p\u00f3suit me quasi sag\u00edttam el\u00e9ctam. Ps 91:2 Bonum est confit\u00e9ri D\u00f3mino: et ps\u00e1llere n\u00f3mini tuo, Alt\u00edssime. V. Gl\u00f3ria Patri, et F\u00edlio, et Spir\u00edtui Sancto. R. Sicut erat [&hellip;]<\/p>\n","protected":false},"author":60508433,"featured_media":93245,"comment_status":"open","ping_status":"open","sticky":false,"template":"","format":"standard","meta":{"_bbp_topic_count":0,"_bbp_reply_count":0,"_bbp_total_topic_count":0,"_bbp_total_reply_count":0,"_bbp_voice_count":0,"_bbp_anonymous_reply_count":0,"_bbp_topic_count_hidden":0,"_bbp_reply_count_hidden":0,"_bbp_forum_subforum_count":0,"_editorskit_title_hidden":false,"_editorskit_reading_time":0,"_editorskit_is_block_options_detached":false,"_editorskit_block_options_position":"{}","_coblocks_attr":"","_coblocks_dimensions":"","_coblocks_responsive_height":"","_coblocks_accordion_ie_support":"","_exactmetrics_skip_tracking":false,"_jetpack_newsletter_access":"","_jetpack_dont_email_post_to_subs":false,"_jetpack_newsletter_tier_id":0,"_jetpack_memberships_contains_paywalled_content":false,"_wpcom_ai_launchpad_first_post":false,"_jetpack_feature_clip_id":0,"_jetpack_memberships_contains_paid_content":false,"footnotes":"","jetpack_publicize_message":"{title}\n\n{excerpt}\n\n{url}","jetpack_publicize_feature_enabled":true,"jetpack_social_post_already_shared":true,"jetpack_social_options":{"image_generator_settings":{"template":"highway","default_image_id":0,"font":"","enabled":false},"version":2},"_wpas_customize_per_network":false,"jetpack_post_was_ever_published":false},"categories":[610131821,610131184,336375535,5647912,20472889],"tags":[],"class_list":["post-166244","post","type-post","status-publish","format-standard","has-post-thumbnail","hentry","category-swieta-w-czerwcu","category-duchowosc","category-liturgia-i-liturgika","category-msza-trydencka","category-proprium"],"yoast_head":"<!-- This site is optimized with the Yoast SEO plugin v28.4 - https:\/\/yoast.com\/product\/yoast-seo-wordpress\/ -->\n<title>Proprium missae - In Nativitate Sancti Joannis Baptistae - Narodzenie \u015awi\u0119tego Jana Chrzciciela - Tradycja i Wiara<\/title>\n<meta name=\"robots\" content=\"index, follow, max-snippet:-1, max-image-preview:large, max-video-preview:-1\" \/>\n<link rel=\"canonical\" href=\"https:\/\/wobronietradycjiiwiary.com\/pl\/proprium-missae-in-nativitate-sancti-joannis-baptistae-narodzenie-swietego-jana-chrzciciela-4-2-2-2-2\/\" \/>\n<meta property=\"og:locale\" content=\"pl_PL\" \/>\n<meta property=\"og:type\" content=\"article\" \/>\n<meta property=\"og:title\" content=\"Proprium missae - In Nativitate Sancti Joannis Baptistae - Narodzenie \u015awi\u0119tego Jana Chrzciciela - Tradycja i Wiara\" \/>\n<meta property=\"og:description\" content=\"INTROITUS Isa 49:1; 49:2 De ventre matris me\u00e6 voc\u00e1vit me D\u00f3minus in n\u00f3mine meo: et p\u00f3suit os meum ut gl\u00e1dium ac\u00fatum: sub tegum\u00e9nto manus su\u00e6 prot\u00e9xit me, et p\u00f3suit me quasi sag\u00edttam el\u00e9ctam. Ps 91:2 Bonum est confit\u00e9ri D\u00f3mino: et ps\u00e1llere n\u00f3mini tuo, Alt\u00edssime. V. Gl\u00f3ria Patri, et F\u00edlio, et Spir\u00edtui Sancto. R. Sicut erat [&hellip;]\" \/>\n<meta property=\"og:url\" content=\"https:\/\/wobronietradycjiiwiary.com\/pl\/proprium-missae-in-nativitate-sancti-joannis-baptistae-narodzenie-swietego-jana-chrzciciela-4-2-2-2-2\/\" \/>\n<meta property=\"og:site_name\" content=\"Tradycja i Wiara\" \/>\n<meta property=\"article:publisher\" content=\"https:\/\/www.facebook.com\/Tradycja-i-Wiara-108813920592249\" \/>\n<meta property=\"article:published_time\" content=\"2026-06-23T17:00:02+00:00\" \/>\n<meta property=\"og:image\" content=\"https:\/\/wobronietradycjiiwiary.com\/wp-content\/uploads\/2023\/06\/Johannes-1.jpg\" \/>\n\t<meta property=\"og:image:width\" content=\"1260\" \/>\n\t<meta property=\"og:image:height\" content=\"1920\" \/>\n\t<meta property=\"og:image:type\" content=\"image\/jpeg\" \/>\n<meta name=\"author\" content=\"Traditio et Fides\" \/>\n<meta name=\"twitter:card\" content=\"summary_large_image\" \/>\n<meta name=\"twitter:label1\" content=\"Napisane przez\" \/>\n\t<meta name=\"twitter:data1\" content=\"Traditio et Fides\" \/>\n\t<meta name=\"twitter:label2\" content=\"Szacowany czas czytania\" \/>\n\t<meta name=\"twitter:data2\" content=\"2 minuty\" \/>\n<script type=\"application\/ld+json\" class=\"yoast-schema-graph\">{\"@context\":\"https:\\\/\\\/schema.org\",\"@graph\":[{\"@type\":\"Article\",\"@id\":\"https:\\\/\\\/wobronietradycjiiwiary.com\\\/proprium-missae-in-nativitate-sancti-joannis-baptistae-narodzenie-swietego-jana-chrzciciela-4-2-2-2-2\\\/#article\",\"isPartOf\":{\"@id\":\"https:\\\/\\\/wobronietradycjiiwiary.com\\\/proprium-missae-in-nativitate-sancti-joannis-baptistae-narodzenie-swietego-jana-chrzciciela-4-2-2-2-2\\\/\"},\"author\":{\"name\":\"Traditio et Fides\",\"@id\":\"https:\\\/\\\/wobronietradycjiiwiary.com\\\/pl\\\/#\\\/schema\\\/person\\\/2d6180ce6abcb681fef0daab7816e8f3\"},\"headline\":\"Proprium missae &#8211; In Nativitate Sancti Joannis Baptistae &#8211; Narodzenie \u015awi\u0119tego Jana Chrzciciela\",\"datePublished\":\"2026-06-23T17:00:02+00:00\",\"mainEntityOfPage\":{\"@id\":\"https:\\\/\\\/wobronietradycjiiwiary.com\\\/proprium-missae-in-nativitate-sancti-joannis-baptistae-narodzenie-swietego-jana-chrzciciela-4-2-2-2-2\\\/\"},\"wordCount\":492,\"commentCount\":0,\"publisher\":{\"@id\":\"https:\\\/\\\/wobronietradycjiiwiary.com\\\/pl\\\/#organization\"},\"image\":{\"@id\":\"https:\\\/\\\/wobronietradycjiiwiary.com\\\/proprium-missae-in-nativitate-sancti-joannis-baptistae-narodzenie-swietego-jana-chrzciciela-4-2-2-2-2\\\/#primaryimage\"},\"thumbnailUrl\":\"https:\\\/\\\/wobronietradycjiiwiary.com\\\/wp-content\\\/uploads\\\/2023\\\/06\\\/Johannes-1.jpg\",\"articleSection\":[\"06. \u015awi\u0119ta w czerwcu\",\"Duchowo\u015b\u0107\",\"Liturgia i liturgika\",\"Msza Trydencka\",\"Proprium\"],\"inLanguage\":\"pl-PL\",\"potentialAction\":[{\"@type\":\"CommentAction\",\"name\":\"Comment\",\"target\":[\"https:\\\/\\\/wobronietradycjiiwiary.com\\\/proprium-missae-in-nativitate-sancti-joannis-baptistae-narodzenie-swietego-jana-chrzciciela-4-2-2-2-2\\\/#respond\"]}]},{\"@type\":\"WebPage\",\"@id\":\"https:\\\/\\\/wobronietradycjiiwiary.com\\\/proprium-missae-in-nativitate-sancti-joannis-baptistae-narodzenie-swietego-jana-chrzciciela-4-2-2-2-2\\\/\",\"url\":\"https:\\\/\\\/wobronietradycjiiwiary.com\\\/proprium-missae-in-nativitate-sancti-joannis-baptistae-narodzenie-swietego-jana-chrzciciela-4-2-2-2-2\\\/\",\"name\":\"Proprium missae - In Nativitate Sancti Joannis Baptistae - Narodzenie \u015awi\u0119tego Jana Chrzciciela - Tradycja i Wiara\",\"isPartOf\":{\"@id\":\"https:\\\/\\\/wobronietradycjiiwiary.com\\\/pl\\\/#website\"},\"primaryImageOfPage\":{\"@id\":\"https:\\\/\\\/wobronietradycjiiwiary.com\\\/proprium-missae-in-nativitate-sancti-joannis-baptistae-narodzenie-swietego-jana-chrzciciela-4-2-2-2-2\\\/#primaryimage\"},\"image\":{\"@id\":\"https:\\\/\\\/wobronietradycjiiwiary.com\\\/proprium-missae-in-nativitate-sancti-joannis-baptistae-narodzenie-swietego-jana-chrzciciela-4-2-2-2-2\\\/#primaryimage\"},\"thumbnailUrl\":\"https:\\\/\\\/wobronietradycjiiwiary.com\\\/wp-content\\\/uploads\\\/2023\\\/06\\\/Johannes-1.jpg\",\"datePublished\":\"2026-06-23T17:00:02+00:00\",\"breadcrumb\":{\"@id\":\"https:\\\/\\\/wobronietradycjiiwiary.com\\\/proprium-missae-in-nativitate-sancti-joannis-baptistae-narodzenie-swietego-jana-chrzciciela-4-2-2-2-2\\\/#breadcrumb\"},\"inLanguage\":\"pl-PL\",\"potentialAction\":[{\"@type\":\"ReadAction\",\"target\":[\"https:\\\/\\\/wobronietradycjiiwiary.com\\\/proprium-missae-in-nativitate-sancti-joannis-baptistae-narodzenie-swietego-jana-chrzciciela-4-2-2-2-2\\\/\"]}]},{\"@type\":\"ImageObject\",\"inLanguage\":\"pl-PL\",\"@id\":\"https:\\\/\\\/wobronietradycjiiwiary.com\\\/proprium-missae-in-nativitate-sancti-joannis-baptistae-narodzenie-swietego-jana-chrzciciela-4-2-2-2-2\\\/#primaryimage\",\"url\":\"https:\\\/\\\/wobronietradycjiiwiary.com\\\/wp-content\\\/uploads\\\/2023\\\/06\\\/Johannes-1.jpg\",\"contentUrl\":\"https:\\\/\\\/wobronietradycjiiwiary.com\\\/wp-content\\\/uploads\\\/2023\\\/06\\\/Johannes-1.jpg\",\"width\":1260,\"height\":1920},{\"@type\":\"BreadcrumbList\",\"@id\":\"https:\\\/\\\/wobronietradycjiiwiary.com\\\/proprium-missae-in-nativitate-sancti-joannis-baptistae-narodzenie-swietego-jana-chrzciciela-4-2-2-2-2\\\/#breadcrumb\",\"itemListElement\":[{\"@type\":\"ListItem\",\"position\":1,\"name\":\"Strona g\u0142\u00f3wna\",\"item\":\"https:\\\/\\\/wobronietradycjiiwiary.com\\\/\"},{\"@type\":\"ListItem\",\"position\":2,\"name\":\"Proprium missae &#8211; In Nativitate Sancti Joannis Baptistae &#8211; Narodzenie \u015awi\u0119tego Jana Chrzciciela\"}]},{\"@type\":\"WebSite\",\"@id\":\"https:\\\/\\\/wobronietradycjiiwiary.com\\\/pl\\\/#website\",\"url\":\"https:\\\/\\\/wobronietradycjiiwiary.com\\\/pl\\\/\",\"name\":\"Tradycja i Wiara\",\"description\":\"Portal dla katolik\u00f3w.\",\"publisher\":{\"@id\":\"https:\\\/\\\/wobronietradycjiiwiary.com\\\/pl\\\/#organization\"},\"potentialAction\":[{\"@type\":\"SearchAction\",\"target\":{\"@type\":\"EntryPoint\",\"urlTemplate\":\"https:\\\/\\\/wobronietradycjiiwiary.com\\\/pl\\\/?s={search_term_string}\"},\"query-input\":{\"@type\":\"PropertyValueSpecification\",\"valueRequired\":true,\"valueName\":\"search_term_string\"}}],\"inLanguage\":\"pl-PL\"},{\"@type\":\"Organization\",\"@id\":\"https:\\\/\\\/wobronietradycjiiwiary.com\\\/pl\\\/#organization\",\"name\":\"Tradycja i Wiara\",\"url\":\"https:\\\/\\\/wobronietradycjiiwiary.com\\\/pl\\\/\",\"logo\":{\"@type\":\"ImageObject\",\"inLanguage\":\"pl-PL\",\"@id\":\"https:\\\/\\\/wobronietradycjiiwiary.com\\\/pl\\\/#\\\/schema\\\/logo\\\/image\\\/\",\"url\":\"https:\\\/\\\/i0.wp.com\\\/wobronietradycjiiwiary.com\\\/wp-content\\\/uploads\\\/2015\\\/10\\\/cropped-st-peters-dome-vatican.jpg?fit=940%2C198&ssl=1\",\"contentUrl\":\"https:\\\/\\\/i0.wp.com\\\/wobronietradycjiiwiary.com\\\/wp-content\\\/uploads\\\/2015\\\/10\\\/cropped-st-peters-dome-vatican.jpg?fit=940%2C198&ssl=1\",\"width\":940,\"height\":198,\"caption\":\"Tradycja i Wiara\"},\"image\":{\"@id\":\"https:\\\/\\\/wobronietradycjiiwiary.com\\\/pl\\\/#\\\/schema\\\/logo\\\/image\\\/\"},\"sameAs\":[\"https:\\\/\\\/www.facebook.com\\\/Tradycja-i-Wiara-108813920592249\"]},{\"@type\":\"Person\",\"@id\":\"https:\\\/\\\/wobronietradycjiiwiary.com\\\/pl\\\/#\\\/schema\\\/person\\\/2d6180ce6abcb681fef0daab7816e8f3\",\"name\":\"Traditio et Fides\",\"sameAs\":[\"https:\\\/\\\/traditionundglauben.com\"],\"url\":\"https:\\\/\\\/wobronietradycjiiwiary.com\\\/pl\\\/author\\\/wobronietradycjiiwiary\\\/\"}]}<\/script>\n<!-- \/ Yoast SEO plugin. -->","yoast_head_json":{"title":"Proprium missae - In Nativitate Sancti Joannis Baptistae - Narodzenie \u015awi\u0119tego Jana Chrzciciela - Tradycja i Wiara","robots":{"index":"index","follow":"follow","max-snippet":"max-snippet:-1","max-image-preview":"max-image-preview:large","max-video-preview":"max-video-preview:-1"},"canonical":"https:\/\/wobronietradycjiiwiary.com\/pl\/proprium-missae-in-nativitate-sancti-joannis-baptistae-narodzenie-swietego-jana-chrzciciela-4-2-2-2-2\/","og_locale":"pl_PL","og_type":"article","og_title":"Proprium missae - In Nativitate Sancti Joannis Baptistae - Narodzenie \u015awi\u0119tego Jana Chrzciciela - Tradycja i Wiara","og_description":"INTROITUS Isa 49:1; 49:2 De ventre matris me\u00e6 voc\u00e1vit me D\u00f3minus in n\u00f3mine meo: et p\u00f3suit os meum ut gl\u00e1dium ac\u00fatum: sub tegum\u00e9nto manus su\u00e6 prot\u00e9xit me, et p\u00f3suit me quasi sag\u00edttam el\u00e9ctam. Ps 91:2 Bonum est confit\u00e9ri D\u00f3mino: et ps\u00e1llere n\u00f3mini tuo, Alt\u00edssime. V. Gl\u00f3ria Patri, et F\u00edlio, et Spir\u00edtui Sancto. R. Sicut erat [&hellip;]","og_url":"https:\/\/wobronietradycjiiwiary.com\/pl\/proprium-missae-in-nativitate-sancti-joannis-baptistae-narodzenie-swietego-jana-chrzciciela-4-2-2-2-2\/","og_site_name":"Tradycja i Wiara","article_publisher":"https:\/\/www.facebook.com\/Tradycja-i-Wiara-108813920592249","article_published_time":"2026-06-23T17:00:02+00:00","og_image":[{"width":1260,"height":1920,"url":"https:\/\/wobronietradycjiiwiary.com\/wp-content\/uploads\/2023\/06\/Johannes-1.jpg","type":"image\/jpeg"}],"author":"Traditio et Fides","twitter_card":"summary_large_image","twitter_misc":{"Napisane przez":"Traditio et Fides","Szacowany czas czytania":"2 minuty"},"schema":{"@context":"https:\/\/schema.org","@graph":[{"@type":"Article","@id":"https:\/\/wobronietradycjiiwiary.com\/proprium-missae-in-nativitate-sancti-joannis-baptistae-narodzenie-swietego-jana-chrzciciela-4-2-2-2-2\/#article","isPartOf":{"@id":"https:\/\/wobronietradycjiiwiary.com\/proprium-missae-in-nativitate-sancti-joannis-baptistae-narodzenie-swietego-jana-chrzciciela-4-2-2-2-2\/"},"author":{"name":"Traditio et Fides","@id":"https:\/\/wobronietradycjiiwiary.com\/pl\/#\/schema\/person\/2d6180ce6abcb681fef0daab7816e8f3"},"headline":"Proprium missae &#8211; In Nativitate Sancti Joannis Baptistae &#8211; Narodzenie \u015awi\u0119tego Jana Chrzciciela","datePublished":"2026-06-23T17:00:02+00:00","mainEntityOfPage":{"@id":"https:\/\/wobronietradycjiiwiary.com\/proprium-missae-in-nativitate-sancti-joannis-baptistae-narodzenie-swietego-jana-chrzciciela-4-2-2-2-2\/"},"wordCount":492,"commentCount":0,"publisher":{"@id":"https:\/\/wobronietradycjiiwiary.com\/pl\/#organization"},"image":{"@id":"https:\/\/wobronietradycjiiwiary.com\/proprium-missae-in-nativitate-sancti-joannis-baptistae-narodzenie-swietego-jana-chrzciciela-4-2-2-2-2\/#primaryimage"},"thumbnailUrl":"https:\/\/wobronietradycjiiwiary.com\/wp-content\/uploads\/2023\/06\/Johannes-1.jpg","articleSection":["06. \u015awi\u0119ta w czerwcu","Duchowo\u015b\u0107","Liturgia i liturgika","Msza Trydencka","Proprium"],"inLanguage":"pl-PL","potentialAction":[{"@type":"CommentAction","name":"Comment","target":["https:\/\/wobronietradycjiiwiary.com\/proprium-missae-in-nativitate-sancti-joannis-baptistae-narodzenie-swietego-jana-chrzciciela-4-2-2-2-2\/#respond"]}]},{"@type":"WebPage","@id":"https:\/\/wobronietradycjiiwiary.com\/proprium-missae-in-nativitate-sancti-joannis-baptistae-narodzenie-swietego-jana-chrzciciela-4-2-2-2-2\/","url":"https:\/\/wobronietradycjiiwiary.com\/proprium-missae-in-nativitate-sancti-joannis-baptistae-narodzenie-swietego-jana-chrzciciela-4-2-2-2-2\/","name":"Proprium missae - In Nativitate Sancti Joannis Baptistae - Narodzenie \u015awi\u0119tego Jana Chrzciciela - Tradycja i Wiara","isPartOf":{"@id":"https:\/\/wobronietradycjiiwiary.com\/pl\/#website"},"primaryImageOfPage":{"@id":"https:\/\/wobronietradycjiiwiary.com\/proprium-missae-in-nativitate-sancti-joannis-baptistae-narodzenie-swietego-jana-chrzciciela-4-2-2-2-2\/#primaryimage"},"image":{"@id":"https:\/\/wobronietradycjiiwiary.com\/proprium-missae-in-nativitate-sancti-joannis-baptistae-narodzenie-swietego-jana-chrzciciela-4-2-2-2-2\/#primaryimage"},"thumbnailUrl":"https:\/\/wobronietradycjiiwiary.com\/wp-content\/uploads\/2023\/06\/Johannes-1.jpg","datePublished":"2026-06-23T17:00:02+00:00","breadcrumb":{"@id":"https:\/\/wobronietradycjiiwiary.com\/proprium-missae-in-nativitate-sancti-joannis-baptistae-narodzenie-swietego-jana-chrzciciela-4-2-2-2-2\/#breadcrumb"},"inLanguage":"pl-PL","potentialAction":[{"@type":"ReadAction","target":["https:\/\/wobronietradycjiiwiary.com\/proprium-missae-in-nativitate-sancti-joannis-baptistae-narodzenie-swietego-jana-chrzciciela-4-2-2-2-2\/"]}]},{"@type":"ImageObject","inLanguage":"pl-PL","@id":"https:\/\/wobronietradycjiiwiary.com\/proprium-missae-in-nativitate-sancti-joannis-baptistae-narodzenie-swietego-jana-chrzciciela-4-2-2-2-2\/#primaryimage","url":"https:\/\/wobronietradycjiiwiary.com\/wp-content\/uploads\/2023\/06\/Johannes-1.jpg","contentUrl":"https:\/\/wobronietradycjiiwiary.com\/wp-content\/uploads\/2023\/06\/Johannes-1.jpg","width":1260,"height":1920},{"@type":"BreadcrumbList","@id":"https:\/\/wobronietradycjiiwiary.com\/proprium-missae-in-nativitate-sancti-joannis-baptistae-narodzenie-swietego-jana-chrzciciela-4-2-2-2-2\/#breadcrumb","itemListElement":[{"@type":"ListItem","position":1,"name":"Strona g\u0142\u00f3wna","item":"https:\/\/wobronietradycjiiwiary.com\/"},{"@type":"ListItem","position":2,"name":"Proprium missae &#8211; In Nativitate Sancti Joannis Baptistae &#8211; Narodzenie \u015awi\u0119tego Jana Chrzciciela"}]},{"@type":"WebSite","@id":"https:\/\/wobronietradycjiiwiary.com\/pl\/#website","url":"https:\/\/wobronietradycjiiwiary.com\/pl\/","name":"Tradycja i Wiara","description":"Portal dla katolik\u00f3w.","publisher":{"@id":"https:\/\/wobronietradycjiiwiary.com\/pl\/#organization"},"potentialAction":[{"@type":"SearchAction","target":{"@type":"EntryPoint","urlTemplate":"https:\/\/wobronietradycjiiwiary.com\/pl\/?s={search_term_string}"},"query-input":{"@type":"PropertyValueSpecification","valueRequired":true,"valueName":"search_term_string"}}],"inLanguage":"pl-PL"},{"@type":"Organization","@id":"https:\/\/wobronietradycjiiwiary.com\/pl\/#organization","name":"Tradycja i Wiara","url":"https:\/\/wobronietradycjiiwiary.com\/pl\/","logo":{"@type":"ImageObject","inLanguage":"pl-PL","@id":"https:\/\/wobronietradycjiiwiary.com\/pl\/#\/schema\/logo\/image\/","url":"https:\/\/i0.wp.com\/wobronietradycjiiwiary.com\/wp-content\/uploads\/2015\/10\/cropped-st-peters-dome-vatican.jpg?fit=940%2C198&ssl=1","contentUrl":"https:\/\/i0.wp.com\/wobronietradycjiiwiary.com\/wp-content\/uploads\/2015\/10\/cropped-st-peters-dome-vatican.jpg?fit=940%2C198&ssl=1","width":940,"height":198,"caption":"Tradycja i Wiara"},"image":{"@id":"https:\/\/wobronietradycjiiwiary.com\/pl\/#\/schema\/logo\/image\/"},"sameAs":["https:\/\/www.facebook.com\/Tradycja-i-Wiara-108813920592249"]},{"@type":"Person","@id":"https:\/\/wobronietradycjiiwiary.com\/pl\/#\/schema\/person\/2d6180ce6abcb681fef0daab7816e8f3","name":"Traditio et Fides","sameAs":["https:\/\/traditionundglauben.com"],"url":"https:\/\/wobronietradycjiiwiary.com\/pl\/author\/wobronietradycjiiwiary\/"}]}},"jetpack_publicize_connections":[],"jetpack_sharing_enabled":true,"jetpack_likes_enabled":true,"jetpack_shortlink":"https:\/\/wp.me\/pc04Sd-Hfm","jetpack-related-posts":[{"id":15107,"url":"https:\/\/wobronietradycjiiwiary.com\/pl\/proprium-missae-in-nativitate-sancti-joannis-baptistae-narodzenie-swietego-jana-chrzciciela\/","url_meta":{"origin":166244,"position":0},"title":"Proprium missae &#8211; In Nativitate Sancti Joannis Baptistae &#8211; Narodzenie \u015awi\u0119tego Jana Chrzciciela","author":"mariuszjerzy","date":"24 czerwca 2018","format":false,"excerpt":"https:\/\/www.youtube.com\/watch?v=V8KTAzTZLYg INTROITUS Isa 49:1; 49:2 De ventre matris me\u00e6 voc\u00e1vit me D\u00f3minus in n\u00f3mine meo: et p\u00f3suit os meum ut gl\u00e1dium ac\u00fatum: sub tegum\u00e9nto manus su\u00e6 prot\u00e9xit me, et p\u00f3suit me quasi sag\u00edttam el\u00e9ctam. Ps 91:2 Bonum est confit\u00e9ri D\u00f3mino: et ps\u00e1llere n\u00f3mini tuo, Alt\u00edssime. V. Gl\u00f3ria Patri, et F\u00edlio,\u2026","rel":"","context":"W \u201eMsza Trydencka&quot;","block_context":{"text":"Msza Trydencka","link":"https:\/\/wobronietradycjiiwiary.com\/pl\/category\/duchowosc\/liturgia-i-liturgika\/msza-trydencka\/"},"img":{"alt_text":"","src":"https:\/\/i0.wp.com\/img.youtube.com\/vi\/V8KTAzTZLYg\/0.jpg?resize=350%2C200","width":350,"height":200},"classes":[]},{"id":36002,"url":"https:\/\/wobronietradycjiiwiary.com\/pl\/proprium-missae-in-nativitate-sancti-joannis-baptistae-narodzenie-swietego-jana-chrzciciela-4\/","url_meta":{"origin":166244,"position":1},"title":"Proprium missae &#8211; In Nativitate Sancti Joannis Baptistae &#8211; Narodzenie \u015awi\u0119tego Jana Chrzciciela","author":"Traditio et Fides","date":"23 czerwca 2022","format":false,"excerpt":"https:\/\/www.youtube.com\/watch?v=V8KTAzTZLYg INTROITUS Isa 49:1; 49:2 De ventre matris me\u00e6 voc\u00e1vit me D\u00f3minus in n\u00f3mine meo: et p\u00f3suit os meum ut gl\u00e1dium ac\u00fatum: sub tegum\u00e9nto manus su\u00e6 prot\u00e9xit me, et p\u00f3suit me quasi sag\u00edttam el\u00e9ctam. Ps 91:2 Bonum est confit\u00e9ri D\u00f3mino: et ps\u00e1llere n\u00f3mini tuo, Alt\u00edssime. V. Gl\u00f3ria Patri, et F\u00edlio,\u2026","rel":"","context":"W \u201e06. \u015awi\u0119ta w czerwcu&quot;","block_context":{"text":"06. \u015awi\u0119ta w czerwcu","link":"https:\/\/wobronietradycjiiwiary.com\/pl\/category\/duchowosc\/liturgia-i-liturgika\/rozwazania\/rok-liturgiczny\/swieta-w-czerwcu\/"},"img":{"alt_text":"","src":"https:\/\/i0.wp.com\/img.youtube.com\/vi\/V8KTAzTZLYg\/0.jpg?resize=350%2C200","width":350,"height":200},"classes":[]},{"id":20055,"url":"https:\/\/wobronietradycjiiwiary.com\/pl\/proprium-missae-in-nativitate-sancti-joannis-baptistae-narodzenie-swietego-jana-chrzciciela-2\/","url_meta":{"origin":166244,"position":2},"title":"Proprium missae &#8211; In Nativitate Sancti Joannis Baptistae &#8211; Narodzenie \u015awi\u0119tego Jana Chrzciciela","author":"Traditio et Fides","date":"23 czerwca 2019","format":false,"excerpt":"https:\/\/www.youtube.com\/watch?v=V8KTAzTZLYg INTROITUS Isa 49:1; 49:2 De ventre matris me\u00e6 voc\u00e1vit me D\u00f3minus in n\u00f3mine meo: et p\u00f3suit os meum ut gl\u00e1dium ac\u00fatum: sub tegum\u00e9nto manus su\u00e6 prot\u00e9xit me, et p\u00f3suit me quasi sag\u00edttam el\u00e9ctam. Ps 91:2 Bonum est confit\u00e9ri D\u00f3mino: et ps\u00e1llere n\u00f3mini tuo, Alt\u00edssime. V. Gl\u00f3ria Patri, et F\u00edlio,\u2026","rel":"","context":"W \u201eMsza Trydencka&quot;","block_context":{"text":"Msza Trydencka","link":"https:\/\/wobronietradycjiiwiary.com\/pl\/category\/duchowosc\/liturgia-i-liturgika\/msza-trydencka\/"},"img":{"alt_text":"","src":"https:\/\/i0.wp.com\/img.youtube.com\/vi\/V8KTAzTZLYg\/0.jpg?resize=350%2C200","width":350,"height":200},"classes":[]},{"id":17900,"url":"https:\/\/wobronietradycjiiwiary.com\/pl\/proprium-missae-in-nativitate-sancti-joannis-baptistae-narodzenie-swietego-jana-chrzciciela-3\/","url_meta":{"origin":166244,"position":3},"title":"Proprium missae &#8211; In Nativitate Sancti Joannis Baptistae &#8211; Narodzenie \u015awi\u0119tego Jana Chrzciciela","author":"mariuszjerzy","date":"24 czerwca 2018","format":false,"excerpt":"https:\/\/www.youtube.com\/watch?v=V8KTAzTZLYg INTROITUS Isa 49:1; 49:2 De ventre matris me\u00e6 voc\u00e1vit me D\u00f3minus in n\u00f3mine meo: et p\u00f3suit os meum ut gl\u00e1dium ac\u00fatum: sub tegum\u00e9nto manus su\u00e6 prot\u00e9xit me, et p\u00f3suit me quasi sag\u00edttam el\u00e9ctam. Ps 91:2 Bonum est confit\u00e9ri D\u00f3mino: et ps\u00e1llere n\u00f3mini tuo, Alt\u00edssime. V. Gl\u00f3ria Patri, et F\u00edlio,\u2026","rel":"","context":"W \u201eMsza Trydencka&quot;","block_context":{"text":"Msza Trydencka","link":"https:\/\/wobronietradycjiiwiary.com\/pl\/category\/duchowosc\/liturgia-i-liturgika\/msza-trydencka\/"},"img":{"alt_text":"","src":"https:\/\/i0.wp.com\/img.youtube.com\/vi\/V8KTAzTZLYg\/0.jpg?resize=350%2C200","width":350,"height":200},"classes":[]},{"id":93196,"url":"https:\/\/wobronietradycjiiwiary.com\/pl\/proprium-missae-in-nativitate-sancti-joannis-baptistae-narodzenie-swietego-jana-chrzciciela-4-2\/","url_meta":{"origin":166244,"position":4},"title":"Proprium missae &#8211; In Nativitate Sancti Joannis Baptistae &#8211; Narodzenie \u015awi\u0119tego Jana Chrzciciela","author":"Traditio et Fides","date":"23 czerwca 2023","format":false,"excerpt":"https:\/\/www.youtube.com\/watch?v=V8KTAzTZLYg INTROITUS Isa 49:1; 49:2 De ventre matris me\u00e6 voc\u00e1vit me D\u00f3minus in n\u00f3mine meo: et p\u00f3suit os meum ut gl\u00e1dium ac\u00fatum: sub tegum\u00e9nto manus su\u00e6 prot\u00e9xit me, et p\u00f3suit me quasi sag\u00edttam el\u00e9ctam. Ps 91:2 Bonum est confit\u00e9ri D\u00f3mino: et ps\u00e1llere n\u00f3mini tuo, Alt\u00edssime. V. Gl\u00f3ria Patri, et F\u00edlio,\u2026","rel":"","context":"W \u201e06. \u015awi\u0119ta w czerwcu&quot;","block_context":{"text":"06. \u015awi\u0119ta w czerwcu","link":"https:\/\/wobronietradycjiiwiary.com\/pl\/category\/duchowosc\/liturgia-i-liturgika\/rozwazania\/rok-liturgiczny\/swieta-w-czerwcu\/"},"img":{"alt_text":"","src":"https:\/\/i0.wp.com\/wobronietradycjiiwiary.com\/wp-content\/uploads\/2023\/06\/Johannes-1.jpg?resize=350%2C200&ssl=1","width":350,"height":200,"srcset":"https:\/\/i0.wp.com\/wobronietradycjiiwiary.com\/wp-content\/uploads\/2023\/06\/Johannes-1.jpg?resize=350%2C200&ssl=1 1x, https:\/\/i0.wp.com\/wobronietradycjiiwiary.com\/wp-content\/uploads\/2023\/06\/Johannes-1.jpg?resize=525%2C300&ssl=1 1.5x, https:\/\/i0.wp.com\/wobronietradycjiiwiary.com\/wp-content\/uploads\/2023\/06\/Johannes-1.jpg?resize=700%2C400&ssl=1 2x, https:\/\/i0.wp.com\/wobronietradycjiiwiary.com\/wp-content\/uploads\/2023\/06\/Johannes-1.jpg?resize=1050%2C600&ssl=1 3x"},"classes":[]},{"id":143942,"url":"https:\/\/wobronietradycjiiwiary.com\/pl\/proprium-missae-in-nativitate-sancti-joannis-baptistae-narodzenie-swietego-jana-chrzciciela-4-2-2-2\/","url_meta":{"origin":166244,"position":5},"title":"Proprium missae &#8211; In Nativitate Sancti Joannis Baptistae &#8211; Narodzenie \u015awi\u0119tego Jana Chrzciciela","author":"Traditio et Fides","date":"23 czerwca 2025","format":false,"excerpt":"https:\/\/www.youtube.com\/watch?v=V8KTAzTZLYg INTROITUS Isa 49:1; 49:2 De ventre matris me\u00e6 voc\u00e1vit me D\u00f3minus in n\u00f3mine meo: et p\u00f3suit os meum ut gl\u00e1dium ac\u00fatum: sub tegum\u00e9nto manus su\u00e6 prot\u00e9xit me, et p\u00f3suit me quasi sag\u00edttam el\u00e9ctam. Ps 91:2 Bonum est confit\u00e9ri D\u00f3mino: et ps\u00e1llere n\u00f3mini tuo, Alt\u00edssime. V. Gl\u00f3ria Patri, et F\u00edlio,\u2026","rel":"","context":"W \u201e06. \u015awi\u0119ta w czerwcu&quot;","block_context":{"text":"06. \u015awi\u0119ta w czerwcu","link":"https:\/\/wobronietradycjiiwiary.com\/pl\/category\/duchowosc\/liturgia-i-liturgika\/rozwazania\/rok-liturgiczny\/swieta-w-czerwcu\/"},"img":{"alt_text":"","src":"https:\/\/i0.wp.com\/wobronietradycjiiwiary.com\/wp-content\/uploads\/2023\/06\/Johannes-1.jpg?resize=350%2C200&ssl=1","width":350,"height":200,"srcset":"https:\/\/i0.wp.com\/wobronietradycjiiwiary.com\/wp-content\/uploads\/2023\/06\/Johannes-1.jpg?resize=350%2C200&ssl=1 1x, https:\/\/i0.wp.com\/wobronietradycjiiwiary.com\/wp-content\/uploads\/2023\/06\/Johannes-1.jpg?resize=525%2C300&ssl=1 1.5x, https:\/\/i0.wp.com\/wobronietradycjiiwiary.com\/wp-content\/uploads\/2023\/06\/Johannes-1.jpg?resize=700%2C400&ssl=1 2x, https:\/\/i0.wp.com\/wobronietradycjiiwiary.com\/wp-content\/uploads\/2023\/06\/Johannes-1.jpg?resize=1050%2C600&ssl=1 3x"},"classes":[]}],"amp_enabled":true,"jetpack_featured_media_url":"https:\/\/wobronietradycjiiwiary.com\/wp-content\/uploads\/2023\/06\/Johannes-1.jpg","_links":{"self":[{"href":"https:\/\/wobronietradycjiiwiary.com\/pl\/wp-json\/wp\/v2\/posts\/166244","targetHints":{"allow":["GET"]}}],"collection":[{"href":"https:\/\/wobronietradycjiiwiary.com\/pl\/wp-json\/wp\/v2\/posts"}],"about":[{"href":"https:\/\/wobronietradycjiiwiary.com\/pl\/wp-json\/wp\/v2\/types\/post"}],"author":[{"embeddable":true,"href":"https:\/\/wobronietradycjiiwiary.com\/pl\/wp-json\/wp\/v2\/users\/60508433"}],"replies":[{"embeddable":true,"href":"https:\/\/wobronietradycjiiwiary.com\/pl\/wp-json\/wp\/v2\/comments?post=166244"}],"version-history":[{"count":1,"href":"https:\/\/wobronietradycjiiwiary.com\/pl\/wp-json\/wp\/v2\/posts\/166244\/revisions"}],"predecessor-version":[{"id":166280,"href":"https:\/\/wobronietradycjiiwiary.com\/pl\/wp-json\/wp\/v2\/posts\/166244\/revisions\/166280"}],"wp:featuredmedia":[{"embeddable":true,"href":"https:\/\/wobronietradycjiiwiary.com\/pl\/wp-json\/wp\/v2\/media\/93245"}],"wp:attachment":[{"href":"https:\/\/wobronietradycjiiwiary.com\/pl\/wp-json\/wp\/v2\/media?parent=166244"}],"wp:term":[{"taxonomy":"category","embeddable":true,"href":"https:\/\/wobronietradycjiiwiary.com\/pl\/wp-json\/wp\/v2\/categories?post=166244"},{"taxonomy":"post_tag","embeddable":true,"href":"https:\/\/wobronietradycjiiwiary.com\/pl\/wp-json\/wp\/v2\/tags?post=166244"}],"curies":[{"name":"wp","href":"https:\/\/api.w.org\/{rel}","templated":true}]}}