{"id":165970,"date":"2026-05-18T08:15:07","date_gmt":"2026-05-18T06:15:07","guid":{"rendered":"https:\/\/wobronietradycjiiwiary.com\/?p=165970"},"modified":"2026-05-26T09:19:36","modified_gmt":"2026-05-26T07:19:36","slug":"18-go-maja-zywot-swietego-feliksa-z-kantalicio-2-2-2-2-3","status":"publish","type":"post","link":"https:\/\/wobronietradycjiiwiary.com\/pl\/18-go-maja-zywot-swietego-feliksa-z-kantalicio-2-2-2-2-3\/","title":{"rendered":"18-go Maja. \u017bywot \u015bwi\u0119tego Feliksa z Kantalicio."},"content":{"rendered":"<div id=\"bsf_rt_marker\"><\/div>\n<p class=\"has-text-align-center wp-block-paragraph\"><em>(\u017by\u0142 oko\u0142o roku Pa\u0144skiego 1580).<\/em><\/p>\n\n\n\n<figure class=\"wp-block-image\"><a href=\"https:\/\/pl.wikisource.org\/wiki\/Plik:%C5%BBywoty_%C5%9Bw._Pa%C5%84skich_na_wszystkie_dnie_roku-Inicja%C5%82-%C5%9A.png\"><img decoding=\"async\" src=\"https:\/\/upload.wikimedia.org\/wikipedia\/commons\/thumb\/2\/2f\/%C5%BBywoty_%C5%9Bw._Pa%C5%84skich_na_wszystkie_dnie_roku-Inicja%C5%82-%C5%9A.png\/58px-%C5%BBywoty_%C5%9Bw._Pa%C5%84skich_na_wszystkie_dnie_roku-Inicja%C5%82-%C5%9A.png\" alt=\"\u015a\"\/><\/a><\/figure>\n\n\n\n<p class=\"has-text-align-justify wp-block-paragraph\">\u015awi\u0119ty Franciszek Kantalicio, tak nazwany od miejsca urodzenia, po\u0142o\u017conego w pa\u0144stwie ko\u015bcielnem we W\u0142oszech, przyszed\u0142 na \u015bwiat roku Pa\u0144skiego 1515.<\/p>\n\n\n\n<p class=\"has-text-align-justify wp-block-paragraph\">Ub\u00f3stwo rodzic\u00f3w jego zniewoli\u0142o go do pasania byd\u0142a, a p\u00f3\u017aniej do p\u00f3j\u015bcia w s\u0142u\u017cb\u0119 za parobka. Nigdy nie zazna\u0142 co to szko\u0142a, ale za to Pan B\u00f3g sam by\u0142 mu Nauczycielem, udzieliwszy mu wielkiej gorliwo\u015bci do modlitwy. Z pocz\u0105tku modli\u0142 si\u0119 tak, jak go rodzice nauczyli, a wi\u0119c \u201eOjcze nasz\u201c, Zdrowa\u015b Maryo\u201c i \u201eWierz\u0119 w Boga Ojca\u201c, odmawiaj\u0105c one modlitwy przed rozpocz\u0119ciem&nbsp;ka\u017cdej roboty i po jej uko\u0144czeniu, w dzie\u0144 i w nocy. P\u00f3\u017aniej Duch \u015bwi\u0119ty uczy\u0142 go modlitwy innej, budz\u0105c w nim ch\u0119\u0107 do poznawania Boga coraz lepiej, do coraz wi\u0119kszej czci i uwielbienia Stw\u00f3rcy, okazuj\u0105cego si\u0119 w ca\u0142ej okaza\u0142o\u015bci w tem, co On stworzy\u0142. Podziwia\u0142 wi\u0119c ca\u0142\u0105 przyrod\u0119, pi\u0119kno\u015b\u0107 kwiat\u00f3w, r\u00f3\u017cnorodno\u015b\u0107 owoc\u00f3w, zr\u0119czno\u015b\u0107 pszcz\u00f3\u0142, pilno\u015b\u0107 mr\u00f3wek, \u017cwawo\u015b\u0107 ptak\u00f3w, instynkt zwierz\u0105t, ich wdzi\u0119czno\u015b\u0107 i nieraz z\u0142o\u015b\u0107 itd. Wszystko to by\u0142o dla\u0144 ksi\u0119g\u0105 otwart\u0105, w kt\u00f3rej codziennie poznawa\u0142 wszelkie przymioty i doskona\u0142o\u015bci Stw\u00f3rcy samego.<br><\/p>\n\n\n\n<p class=\"has-text-align-justify wp-block-paragraph\">Najwi\u0119cej zag\u0142\u0119bia\u0142 si\u0119 w \u017cyciu i cierpieniach Jezusa, o kt\u00f3rych s\u0142ysza\u0142 na kazaniach w ko\u015bciele, a o czem mia\u0142 wyobra\u017cenie z obraz\u00f3w po ko\u015bcio\u0142ach umieszczonych. Takie bezustanne obcowanie z Bogiem uczyni\u0142o go \u0142agodnym, cierpliwym, us\u0142u\u017cnym i pokornym. Nie by\u0142 on zdolnym pogniewa\u0107 si\u0119 na kogokolwiek, a kto go \u015bwi\u0119toszkiem nazywa\u0142, temu on odpowiada\u0142: \u201eNiechaj B\u00f3g mi\u0142osierny zrobi ciebie \u015awi\u0119tym.\u201c<\/p>\n\n\n\n<p class=\"has-text-align-justify wp-block-paragraph\">\u2009W Niedziel\u0119 i \u015bwi\u0119ta prosi\u0142 zwykle kt\u00f3rego z towarzyszy domowych, aby mu co\u015b przeczyta\u0142 z ksi\u0105\u017cki nabo\u017cnej i z \u017bywot\u00f3w \u015bwi\u0119tych; w taki spos\u00f3b dowiedzia\u0142 si\u0119 o \u017cyciu dawnych pustelnik\u00f3w, jak pracowali i jak si\u0119 modlili, jak si\u0119 \u017cywili tylko chlebem i zio\u0142ami i jak zawsze byli skorymi do modlitwy. Takie przyk\u0142ady poci\u0105ga\u0142y jego umys\u0142 do na\u015bladowania tych m\u0119\u017c\u00f3w \u015bwi\u0119tobliwych. Ju\u017c nawet postanowi\u0142 urz\u0105dzi\u0107 sobie w g\u0142\u0119bi lasu samotne schronienie, kiedy mu powiedziano: id\u017a raczej do Kapucyn\u00f3w do Citta-Dukalla, tam u nich znajdziesz, czego szukasz, tj. ub\u00f3stwo i osamotnienie. Tego g\u0142osu us\u0142ucha\u0142, opu\u015bci\u0142 s\u0142u\u017cb\u0119, zas\u0142ugi rozdzieli\u0142 pomi\u0119dzy ubogich i uda\u0142 si\u0119 do klasztoru Kapucyn\u00f3w, aby tam poprosi\u0107 o przyj\u0119cie do grona zakonnik\u00f3w. Aby go wystawi\u0107 na pr\u00f3b\u0119, przyj\u0105\u0142 go gwardyan bardzo ozi\u0119ble i surowo, zniech\u0119ca\u0142 go w rozmowie do \u017cycia zakonnego, przedstawiaj\u0105c mu wszelkie ci\u0119\u017cary i niedogodno\u015bci; m\u00f3wi\u0142 o umartwieniach cia\u0142a, jakim taki zakonnik podda\u0107 si\u0119 jest zniewolonym, przedstawia\u0142 mu, jakby si\u0119 strasznie omyli\u0142, gdyby s\u0105dzi\u0142, \u017ce w klasztorze chleb b\u0119dzie bez troski spo\u017cywa\u0142 i \u017cycie wi\u00f3d\u0142 wygodne i bezczynne \u2014 wko\u0144cu wskaza\u0142 mu na krzy\u017c Chrystusa i zapyta\u0142: czy masz odwag\u0119 i\u015b\u0107 w \u015blad za ukrzy\u017cowanym Zbawicielem? Feliks ukl\u0105k\u0142 i rzek\u0142 ze \u0142zami w oczach: B\u00f3g jest mi \u015bwiadkiem, \u017ce nic innego nie po\u017c\u0105dam, jak tylko wie\u015b\u0107 \u017cycie pe\u0142ne umartwie\u0144.<\/p>\n\n\n\n<p class=\"has-text-align-justify wp-block-paragraph\">\u2009Gwardyan da\u0142 mu wi\u0119c sukni\u0119 zakonn\u0105, a Feliks \u015bwi\u0119cie dotrzyma\u0142 przyrzeczenia.<\/p>\n\n\n\n<p class=\"has-text-align-justify wp-block-paragraph\">Chocia\u017c ju\u017c mia\u0142 lat trzydzie\u015bci, by\u0142 mimo to podobnym do najpos\u0142uszniejszego dziecka, wszystkich rozkaz\u00f3w s\u0142ucha\u0142 jak najuwa\u017cniej, a wype\u0142nia\u0142 je jak naj\u015bci\u015blej z wszelk\u0105 pokor\u0105, jak najdoskonalszy pustelnik. Przeor rozkaza\u0142 mu chodzi\u0107 i zbiera\u0107 ja\u0142mu\u017cn\u0119 dla klasztoru \u015bw. Bonawentury, a Feliks przykry ten i trudny obowi\u0105zek z najwi\u0119ksz\u0105 gorliwo\u015bci\u0105 pe\u0142ni\u0142 lat czterdzie\u015bci. W lichej odzie\u017cy, boso, z workiem na plecach, r\u00f3\u017ca\u0144cem w r\u0119ku, maj\u0105c oczy spuszczone, przebiega\u0142 ulice Rzymu, prosz\u0105c bogatych i ubogich o ja\u0142mu\u017cn\u0119.&nbsp;Nieraz za pokorn\u0105 pro\u015bb\u0119 doznawa\u0142 wzgardy i blu\u017anierstwa, a za wszystko sk\u0142ada\u0142 dzi\u0119ki.<\/p>\n\n\n\n<p class=\"has-text-align-justify wp-block-paragraph\">Poznawszy Przeor jego cnoty, pozwoli\u0142 jemu samemu rozdziela\u0107 cz\u0119\u015b\u0107 ja\u0142mu\u017cny pomi\u0119dzy ubogich i chorych; z tego najwi\u0119cej Feliks si\u0119 radowa\u0142 i wolnego czasu u\u017cywa\u0142 na wyszukiwanie najnieszcz\u0119\u015bliwszych po szpitalach Rzymu. Obok pomocy pieni\u0119\u017cnej udziela\u0142 tak\u017ce rad zbawiennych i przygotowywa\u0142 umieraj\u0105cych na \u015bmier\u0107, do czego mia\u0142 dar szczeg\u00f3lniejszy. Dziwnie zr\u0119cznie umia\u0142 wyszukiwa\u0107 wstydliwych, a prawdziwych ubogich i ku tym zwraca\u0142 uwag\u0119 bogatych, a bywa\u0142 zawsze sam najdoskonalszym po\u015brednikiem.<\/p>\n\n\n\n<p class=\"has-text-align-justify wp-block-paragraph\">Pewnego razu spostrzeg\u0142 kilku m\u0142odzie\u0144c\u00f3w wst\u0119puj\u0105cych do domu niemoralnego, przybli\u017cy\u0142 si\u0119 wi\u0119c do nich i na ulicy pad\u0142szy na kolana, wzni\u00f3s\u0142 r\u0119ce do g\u00f3ry i zawo\u0142a\u0142: Bracia, miejcie lito\u015b\u0107 nad duszami waszemi nie\u015bmiertelnemi i nie wchod\u017acie do tego domu. \u2014 M\u0142odzie\u0144cy go us\u0142uchali.<\/p>\n\n\n\n<p class=\"has-text-align-justify wp-block-paragraph\">Pewna znakomita pani, kt\u00f3r\u0105 prosi\u0142 o ja\u0142mu\u017cn\u0119, wszcz\u0119\u0142a z nim rozmow\u0119 o rzeczach duchowych. \u017be by\u0142a jednak bardzo niestosownie ubran\u0105, przeto odno\u015bnie do jego przekonania o skromno\u015bci kobiecej, Feliks s\u0142ucha\u0142 jej ze spuszczonemi oczyma i s\u0142owa nie rzek\u0142. Kiedy go zapyta\u0142a o pow\u00f3d milczenia, odezwa\u0142 si\u0119 do niej z \u017calem: \u201eSiostro, nie b\u0119d\u0119 przed tob\u0105 ukrywa\u0142 bole\u015bci, jaka mnie przejmuje na widok ubioru twojego; ubierasz si\u0119 tak, jak ci nie przystoi i w ten spos\u00f3b szkodzisz w\u0142asnej dobrej s\u0142awie. Czemu\u017c si\u0119 ubierasz tak nieskromnie? Chcesz si\u0119 przypodoba\u0107 &#8211; ale tym sposobem gorszysz niedoros\u0142ych, dra\u017cnisz innych do nami\u0119tno\u015bci, a oburzasz na siebie ludzi moralnych. Jak\u0105 kar\u0119 naznaczy\u0142 Jezus Chrystus na takich gorszycieli, wypowiada Marek \u015bwi\u0119ty w rozdziale 9, wierszu 41: \u201eKtobykolwiek zgorszy\u0142 jednego z tych maluczkich,&nbsp;lepiejby mu,&nbsp;i\u017cby by\u0142 uwi\u0105zany m\u0142y\u0144ski kamie\u0144 oko\u0142o szyi jego i by\u0142 wrzucony w morze.\u201c Od tego czasu pani ta ubiera\u0142a si\u0119 bardzo skromnie.<\/p>\n\n\n\n<p class=\"has-text-align-justify wp-block-paragraph\">Innym razem prosi\u0142 o ja\u0142mu\u017cn\u0119 s\u0119dziego, kt\u00f3remu jeden z pods\u0105dnych przywi\u00f3z\u0142 ciel\u0119, aby tym sposobem uzyska\u0107 wyrok \u0142agodny. Feliks odezwa\u0142 si\u0119 do owego s\u0119dziego: \u201eCzy nie s\u0142yszysz panie, jak to zwierz\u0119 wo\u0142a o \u0142agodny wyrok, ale wspomnij na to, \u017ce to samo ciel\u0119 w dniu ostatecznym \u017c\u0105da\u0107 b\u0119dzie tak\u017ce i twego pot\u0119pienia.\u201c S\u0119dzia ciel\u0119 to zaraz odes\u0142a\u0142.<\/p>\n\n\n\n<p class=\"has-text-align-justify wp-block-paragraph\">Samemu Bogu tylko wiadomo, ile ten \u015bwi\u0119ty \u017bebrak dobrego zdzia\u0142a\u0142 w Rzymie. Gdy wieczorem, maj\u0105c worek zape\u0142niony na plecach, wraca\u0142 do klasztoru, nie spocz\u0105\u0142 tam nigdy zupe\u0142nie, lecz zaraz udawa\u0142 si\u0119 do ko\u015bcio\u0142a na modlitw\u0119, na kt\u00f3rej nieraz po\u0142ow\u0119 nocy przep\u0119dza\u0142. Cz\u0119sto tak wielk\u0105 gorza\u0142 mi\u0142o\u015bci\u0105, \u017ce prosi\u0142 Matki Boskiej, aby mu chocia\u017c na chwilk\u0119 Dzieci\u0105tko Jezus da\u0142a do piastowania. Matka Boska podawa\u0142a mu Dzieci\u0105tko, a on okrywa\u0142 je poca\u0142unkami i potem zn\u00f3w je oddawa\u0142.<\/p>\n\n\n\n<p class=\"has-text-align-justify wp-block-paragraph\">W natchnieniu utworzy\u0142 kilka pie\u015bni nabo\u017cnych, pe\u0142nych serdecznego uczucia; ilekro\u0107 sam je \u015bpiewa\u0142, by\u0142 nieprzytomnym na wszelkie objawy \u015bwiata w zupe\u0142nym zachwycie.<\/p>\n\n\n\n<p class=\"has-text-align-justify wp-block-paragraph\">Kiedy go pytano o nauki, odpowiada\u0142 z u\u015bmiechem: \u201eZnam tylko sze\u015b\u0107 liter, pi\u0119\u0107 czerwonych i jedn\u0119 bia\u0142\u0105 czyli pi\u0119\u0107 ran Jezusa Chrystusa i bia\u0142\u0105 bez zmazy czysto\u015b\u0107 dziewicz\u0105 Matki Boskiej.\u201c Kiedy doszed\u0142 do wieku s\u0119dziwej staro\u015bci, a jeszcze ci\u0105gle ugina\u0142 si\u0119 pod ci\u0119\u017carem zebranej ja\u0142mu\u017cny, zapyta\u0142 go jeden z Kardyna\u0142\u00f3w, czemu nie prosi Przeora, oby mu pozwoli\u0142 odpocz\u0105\u0107. Feliks odpowiedzia\u0142: \u201e\u017bo\u0142nierz powinien umiera\u0107 z mieczem w r\u0119ku, a osie\u0142 ko\u0144czy\u0107 \u017cycie pod ci\u0119\u017carem \u0142adunku. Niech B\u00f3g broni, abym mia\u0142 cia\u0142u memu pozwoli\u0107 na odpoczynek, ono i tak tylko jest do cierpienia i do pracy stworzone.\u201c<\/p>\n\n\n\n<p class=\"has-text-align-justify wp-block-paragraph\">Za wzorem \u015bwi\u0119tego Franciszka nazywa\u0142 cia\u0142o swe \u201ebraciszkiem os\u0142em\u201c i tak si\u0119 te\u017c z tem cia\u0142em w\u0142asnem obchodzi\u0142, daj\u0105c mu tylko chleba i wody, i pozwalaj\u0105c odpoczywa\u0107 na go\u0142ych deskach; ja\u0142mu\u017cn\u0119 zbiera\u0142 codziennie boso i to nawet w s\u0142ot\u0119 i zimno.<\/p>\n\n\n\n<p class=\"has-text-align-justify wp-block-paragraph\">W ko\u0144cu \u017cycia zes\u0142a\u0142 B\u00f3g na niego jeszcze dolegliwe cierpienia, kt\u00f3re znosi\u0142 z wielka sta\u0142o\u015bci\u0105. Na zapytanie lekarza, czemu nie prosi Boga o ulg\u0119 w cierpieniach, tak\u0105 da\u0142 pi\u0119kn\u0105 odpowied\u017a: \u201eCzy\u017c mam potrzeb\u0119 m\u00f3wi\u0107 Jezusowi, co dla mnie jest dobrem? Chocia\u017cbym i wiedzia\u0142, \u017ce mnie B\u00f3g&nbsp;na pro\u015bby me uzdrowi, tobym i tak o to nie prosi\u0142. Cierpienia s\u0105 \u0142askami Boskiemi, pysznemi r\u00f3\u017cami; czy chcecie, abym niemi gardzi\u0142 i pozbawia\u0142 si\u0119 tego zaszczytu i tej rozkoszy, i\u017c cierpi\u0119 za Jezusa Chrystusa? Cia\u0142o moje wola\u0142oby wprawdzie nie cierpie\u0107, ale cia\u0142u ja nie ulegam, i ono winno czyni\u0107 tak, jak B\u00f3g chce.\u201c<\/p>\n\n\n\n<p class=\"has-text-align-justify wp-block-paragraph\">W dniu \u015bmierci, o kt\u00f3rym naprz\u00f3d wiedzia\u0142, objawi\u0142a mu si\u0119 Matka Boska, otoczona ch\u00f3rem Anio\u0142\u00f3w; wzni\u00f3s\u0142 ku Niej r\u0119ce z nies\u0142ychanym zachwytem i zawo\u0142a\u0142: \u201eO, o, o!\u201c Niebia\u0144ska jasno\u015b\u0107 za\u015bwieci\u0142a na obliczu jego, a usta szepta\u0142y s\u0142owa gor\u0105cej mi\u0142o\u015bci ku Bogu. Braciom klasztornym, kt\u00f3rzy go pytali, coby w g\u00f3rze tak pi\u0119knego widzia\u0142, dok\u0105d mia\u0142 wzrok wzniesiony, odpowiedzia\u0142: \u201eWidz\u0119 to, czego wy widzie\u0107 teraz nie mo\u017cecie.\u201c Umar\u0142, raczej zasn\u0105\u0142 \u0142agodnie dnia 18 maja 1587 roku. Wiele cud\u00f3w, jakie przy grobie jego zasz\u0142y, da\u0142y dow\u00f3d jego \u015bwi\u0119tobliwo\u015bci i Papie\u017c Klemens XI og\u0142osi\u0142 go \u015awi\u0119tym roku 1712.<\/p>\n\n\n\n<h2 class=\"wp-block-heading\"><strong>Nauka moralna.<\/strong><\/h2>\n\n\n\n<p class=\"has-text-align-justify wp-block-paragraph\">\u2009Przyk\u0142ad \u015bwi\u0119tego Feliksa, kt\u00f3ry mia\u0142 tak wielki dar pojmowania wszelkich objaw\u00f3w wznios\u0142ych, daje nam dow\u00f3d, \u017ce nie zawsze i koniecznie nale\u017cy by\u0107 wysoko wykszta\u0142conym, aby mie\u0107 poj\u0119cie o wy\u017cszych rzeczach. Ka\u017cdy cz\u0142owiek ma zdolno\u015bci do tego, \u017ce Boga mo\u017ce pozna\u0107 i kocha\u0107.<\/p>\n\n\n\n<p class=\"has-text-align-justify wp-block-paragraph\"><br>\u2009Kt\u00f3\u017c mo\u017ce o sobie powiedzie\u0107, \u017ce niezdolnym jest do my\u015blenia. Przecie\u017c rozmy\u015bla\u0107 umiesz o sprawach w\u0142asnych, \u015bwiatowych, o interesach, w jaki spos\u00f3b najlepiej je urz\u0105dzi\u0107, i bardzo cz\u0119sto niejeden zatapia si\u0119 w my\u015blach grzesznych, a nie ma mie\u0107 zdolno\u015bci do rozmy\u015blania o Bogu, o cnocie, o \u015bmierci, o Niebie, piekle i grzechach w\u0142asnych?<\/p>\n\n\n\n<p class=\"has-text-align-justify wp-block-paragraph\"><br>\u2009Nie \u0142ud\u017a zatem siebie samego, m\u00f3wi\u0105c: nie mam zdolno\u015bci do rozmy\u015blania; jest to w\u0142asna twoja niech\u0119\u0107, lenistwo i zmys\u0142owo\u015b\u0107, kt\u00f3re ci zastanawia\u0107 si\u0119 i rozmy\u015bla\u0107 nad zbawieniem nie pozwalaj\u0105.<\/p>\n\n\n\n<h2 class=\"wp-block-heading\"><strong>Modlitwa.<\/strong><\/h2>\n\n\n\n<blockquote class=\"wp-block-quote is-layout-flow wp-block-quote-is-layout-flow\"><p>\u2009Bo\u017ce, kt\u00f3ry\u015b \u015bw Feliksa, wyznawc\u0119 Twojego, prostot\u0105 Ewangeliczn\u0105 i niewinno\u015bci\u0105 \u017cycia w Ko\u015bciele Twoim u\u015bwietni\u0107 raczy\u0142, spraw, aby\u015bmy przyk\u0142adami jego nauczeni, a po\u015brednictwem wsparci, do Jezusa Chrystusa, kt\u00f3rego on sam na ziemi na rekach piastowa\u0142, szcz\u0119\u015bliwie si\u0119 dostali. Przez Pana naszego, Jezusa Chrystusa Amen.<\/p><\/blockquote>\n\n\n\n<figure class=\"wp-block-table\"><table><tbody><tr><td>\u2217&nbsp;&nbsp;&nbsp;&nbsp;&nbsp;&nbsp;&nbsp;&nbsp;&nbsp;&nbsp;&nbsp;&nbsp;&nbsp;&nbsp;&nbsp;&nbsp;&nbsp;&nbsp;&nbsp;&nbsp;\u2217<br>\u2217<\/td><\/tr><\/tbody><\/table><\/figure>\n\n\n\n<p class=\"wp-block-paragraph\">\u2009<em>Opr\u00f3cz tego obchodzi Ko\u015bci\u00f3\u0142 \u015bwi\u0119ty pami\u0105tk\u0119 nast\u0119puj\u0105cych \u015awi\u0119tych Pa\u0144skich, zamieszczonych w rzymskiem martyrologium:<\/em><\/p>\n\n\n\n<p class=\"has-text-align-justify wp-block-paragraph\">\u2009Dnia 18-go maja w Camerino m\u0119cze\u0144stwo \u015bw.&nbsp;Wenancyusza, kt\u00f3ry jako 15-letni m\u0142odzieniec przez \u015bci\u0119cie zako\u0144czy\u0142 sw\u00f3j chwalebny \u017cywot razem z&nbsp;10 towarzyszami&nbsp;pod Decyuszem i prefektem Antyochem. \u2014 W Egipcie \u015bmier\u0107 m\u0119cze\u0144ska \u015bw.&nbsp;Dyoskora, Lektora, przeciw kt\u00f3remu s\u0119dzia u\u017cy\u0142 r\u00f3\u017cnych sposob\u00f3w m\u0119czarni, kazawszy mu paznokcie wywierci\u0107 i boki pochodniami poparzy\u0107; przytem jednak\u017ce oprawcy przez blask \u015bwiat\u0142a niebieskiego tak si\u0119 przel\u0119kli, \u017ce bez zmys\u0142\u00f3w upadli na ziemi\u0119. Wko\u0144cu przeci\u0105gni\u0119ty jeszcze na rozpalonych p\u0142ytach \u017celaznych, zako\u0144czy\u0142 swe \u015bwi\u0119te \u017cycie. \u2014 W Spoleto uroczysto\u015b\u0107 \u015bw.&nbsp;Feliksa, Biskupa, kt\u00f3ry pod Maksymianem zdoby\u0142 sobie palm\u0119 m\u0119cze\u0144stwa. \u2014 W Egipcie pami\u0105tka \u015bw.&nbsp;Potamiona, Biskupa, kt\u00f3ry ju\u017c pod Maksymianem Galeryuszem z\u0142o\u017cy\u0142 \u015bwiadectwo za sw\u0105 wiar\u0119, lecz dopiero za czas\u00f3w Konstancyusza arya\u0144skiego prefekta Filagriusza zdoby\u0142 sobie koron\u0119 zwyci\u0119stwa. \u2014 W Ankyra w Galacyi uroczysto\u015b\u0107 \u015bw.&nbsp;Teodotusa, M\u0119czennika, jego ciotki \u015bw.&nbsp;Tekuzy i \u015bw. Dziewic&nbsp;Aleksandry,&nbsp;Klaudyi,&nbsp;Fainy,&nbsp;Eufrazyi,&nbsp;Matrony i Julitty; ostatnie chcia\u0142 prefekt miejski da\u0107 znies\u0142awi\u0107, ale Boska pomoc ochroni\u0142a je od tego. Poczem s\u0119dzia kaza\u0142 je z kamieniami u szyi powrzuca\u0107 do poblizkiego stawu. Kiedy potem Teodotus relikwie ich pozbiera\u0142 i ze czci\u0105 pochowa\u0142, zosta\u0142 i on pochwycony na rozkaz prefekta, najprz\u00f3d biczowany a potem \u015bci\u0119ty. \u2014 W Upsali w Szwecyi uroczysto\u015b\u0107 \u015bw.&nbsp;Eryka, Kr\u00f3la i M\u0119czennika. \u2014 W Rzymie uroczysto\u015b\u0107 pami\u0105tkowa \u015bw.&nbsp;Feliksa, Wyznawcy z zakonu Kapucyn\u00f3w, kt\u00f3rego zdobi\u0142a prawdziwie ewangeliczna prostota serca i mi\u0142o\u015b\u0107. Papie\u017c Klemens XI zapisa\u0142 go do liczby \u015awi\u0119tych.<\/p>\n","protected":false},"excerpt":{"rendered":"<p>Chocia\u017c o \u015bw. Feliksie z Kantalicjo (Cantalice) w naszym czasach nie s\u0142ysza\u0142 prawie nikt, to by\u0142 on tak popularny, \u017ce namalowa\u0142 go sam Rubens. Swoj\u0105 &#8220;karier\u0119&#8221; duchow\u0105 zaczyna\u0142, jak wielu \u015bwi\u0119tych od wypasu byd\u0142a. Praca uchodzi za upokarzaj\u0105c\u0105, ale w sumie dlaczego? Pisz\u0105cy te s\u0142owa jeszcze tego nie pr\u00f3bowa\u0142, ale ch\u0119tnie spr\u00f3buje. Wyliczmy jej zalety:<br \/>\n1. Na \u0142onie natury w\u015br\u00f3d zwierz\u0105t.<br \/>\n2. Nadmiar s\u0142o\u0144ca i witaminy D<br \/>\n3. Brak z\u0142ego towarzystwa lub towarzystwa w og\u00f3le<br \/>\n4. Mo\u017cna rozmy\u015bla\u0107 medytowa\u0107 si\u0119 i modli\u0107 si\u0119, bo poza sprowadzeniem w wprowadzeniem byd\u0142a na pastwisko ma si\u0119 &#8220;wolne&#8221;.<br \/>\n5. Cz\u0119\u015b\u0107 aktywn\u0105 przejmuje pies.<br \/>\n6. Wiele si\u0119 od \u017cycia nie oczekuje, bo si\u0119 ma\u0142o co zna.<br \/>\n7. \u017badne &#8220;ci\u0119\u017cary i niedogodno\u015bci \u017cycia zakonnego&#8221; nie s\u0105 straszne.<\/p>\n<p>Jednak\u017ce \u015bw. Feliks wst\u0105pienia do klasztoru jako awansu spo\u0142ecznego nie traktowa\u0142 i cierpia\u0142 chocia\u017c nie musia\u0142. Do\u015bwiadczy\u0142 tzw. &#8220;drogocennej \u015bmierci&#8221;, to jest z objawieniem Matki Boskiej i anio\u0142\u00f3w.<\/p>\n","protected":false},"author":60508433,"featured_media":47261,"comment_status":"open","ping_status":"open","sticky":false,"template":"","format":"standard","meta":{"_bbp_topic_count":0,"_bbp_reply_count":0,"_bbp_total_topic_count":0,"_bbp_total_reply_count":0,"_bbp_voice_count":0,"_bbp_anonymous_reply_count":0,"_bbp_topic_count_hidden":0,"_bbp_reply_count_hidden":0,"_bbp_forum_subforum_count":0,"_editorskit_title_hidden":false,"_editorskit_reading_time":0,"_editorskit_is_block_options_detached":false,"_editorskit_block_options_position":"{}","_coblocks_attr":"","_coblocks_dimensions":"","_coblocks_responsive_height":"","_coblocks_accordion_ie_support":"","_exactmetrics_skip_tracking":false,"_jetpack_newsletter_access":"","_jetpack_dont_email_post_to_subs":false,"_jetpack_newsletter_tier_id":0,"_jetpack_memberships_contains_paywalled_content":false,"_wpcom_ai_launchpad_first_post":false,"_jetpack_feature_clip_id":0,"_jetpack_memberships_contains_paid_content":false,"footnotes":"","jetpack_publicize_message":"{title}\n\n{excerpt}\n\n{url}","jetpack_publicize_feature_enabled":true,"jetpack_social_post_already_shared":false,"jetpack_social_options":{"image_generator_settings":{"template":"highway","default_image_id":0,"font":"","enabled":false},"version":2},"_wpas_customize_per_network":false,"jetpack_post_was_ever_published":false},"categories":[610131820,610131184,336375535,610134932,610131155,610132042],"tags":[610133352],"class_list":["post-165970","post","type-post","status-publish","format-standard","has-post-thumbnail","hentry","category-swieta-w-maju","category-duchowosc","category-liturgia-i-liturgika","category-mescy-swieci","category-rozwazania","category-zywoty-swietych","tag-mescy-swieci"],"yoast_head":"<!-- This site is optimized with the Yoast SEO plugin v28.3 - https:\/\/yoast.com\/product\/yoast-seo-wordpress\/ -->\n<title>18-go Maja. \u017bywot \u015bwi\u0119tego Feliksa z Kantalicio. - Tradycja i Wiara<\/title>\n<meta name=\"robots\" content=\"index, follow, max-snippet:-1, max-image-preview:large, max-video-preview:-1\" \/>\n<link rel=\"canonical\" href=\"https:\/\/wobronietradycjiiwiary.com\/pl\/18-go-maja-zywot-swietego-feliksa-z-kantalicio-2-2-2-2-3\/\" \/>\n<meta property=\"og:locale\" content=\"pl_PL\" \/>\n<meta property=\"og:type\" content=\"article\" \/>\n<meta property=\"og:title\" content=\"18-go Maja. \u017bywot \u015bwi\u0119tego Feliksa z Kantalicio. - Tradycja i Wiara\" \/>\n<meta property=\"og:description\" content=\"Chocia\u017c o \u015bw. Feliksie z Kantalicjo (Cantalice) w naszym czasach nie s\u0142ysza\u0142 prawie nikt, to by\u0142 on tak popularny, \u017ce namalowa\u0142 go sam Rubens. Swoj\u0105 &quot;karier\u0119&quot; duchow\u0105 zaczyna\u0142, jak wielu \u015bwi\u0119tych od wypasu byd\u0142a. Praca uchodzi za upokarzaj\u0105c\u0105, ale w sumie dlaczego? Pisz\u0105cy te s\u0142owa jeszcze tego nie pr\u00f3bowa\u0142, ale ch\u0119tnie spr\u00f3buje. Wyliczmy jej zalety: 1. Na \u0142onie natury w\u015br\u00f3d zwierz\u0105t. 2. Nadmiar s\u0142o\u0144ca i witaminy D 3. Brak z\u0142ego towarzystwa lub towarzystwa w og\u00f3le 4. Mo\u017cna rozmy\u015bla\u0107 medytowa\u0107 si\u0119 i modli\u0107 si\u0119, bo poza sprowadzeniem w wprowadzeniem byd\u0142a na pastwisko ma si\u0119 &quot;wolne&quot;. 5. Cz\u0119\u015b\u0107 aktywn\u0105 przejmuje pies. 6. Wiele si\u0119 od \u017cycia nie oczekuje, bo si\u0119 ma\u0142o co zna. 7. \u017badne &quot;ci\u0119\u017cary i niedogodno\u015bci \u017cycia zakonnego&quot; nie s\u0105 straszne. Jednak\u017ce \u015bw. Feliks wst\u0105pienia do klasztoru jako awansu spo\u0142ecznego nie traktowa\u0142 i cierpia\u0142 chocia\u017c nie musia\u0142. Do\u015bwiadczy\u0142 tzw. &quot;drogocennej \u015bmierci&quot;, to jest z objawieniem Matki Boskiej i anio\u0142\u00f3w.\" \/>\n<meta property=\"og:url\" content=\"https:\/\/wobronietradycjiiwiary.com\/pl\/18-go-maja-zywot-swietego-feliksa-z-kantalicio-2-2-2-2-3\/\" \/>\n<meta property=\"og:site_name\" content=\"Tradycja i Wiara\" \/>\n<meta property=\"article:publisher\" content=\"https:\/\/www.facebook.com\/Tradycja-i-Wiara-108813920592249\" \/>\n<meta property=\"article:published_time\" content=\"2026-05-18T06:15:07+00:00\" \/>\n<meta property=\"article:modified_time\" content=\"2026-05-26T07:19:36+00:00\" \/>\n<meta property=\"og:image\" content=\"https:\/\/wobronietradycjiiwiary.com\/wp-content\/uploads\/2021\/05\/Felice_da_Cantalice.jpg\" \/>\n\t<meta property=\"og:image:width\" content=\"479\" \/>\n\t<meta property=\"og:image:height\" content=\"693\" \/>\n\t<meta property=\"og:image:type\" content=\"image\/jpeg\" \/>\n<meta name=\"author\" content=\"Traditio et Fides\" \/>\n<meta name=\"twitter:card\" content=\"summary_large_image\" \/>\n<meta name=\"twitter:label1\" content=\"Napisane przez\" \/>\n\t<meta name=\"twitter:data1\" content=\"Traditio et Fides\" \/>\n\t<meta name=\"twitter:label2\" content=\"Szacowany czas czytania\" \/>\n\t<meta name=\"twitter:data2\" content=\"11 minut\" \/>\n<script type=\"application\/ld+json\" class=\"yoast-schema-graph\">{\"@context\":\"https:\\\/\\\/schema.org\",\"@graph\":[{\"@type\":\"Article\",\"@id\":\"https:\\\/\\\/wobronietradycjiiwiary.com\\\/18-go-maja-zywot-swietego-feliksa-z-kantalicio-2-2-2-2-3\\\/#article\",\"isPartOf\":{\"@id\":\"https:\\\/\\\/wobronietradycjiiwiary.com\\\/18-go-maja-zywot-swietego-feliksa-z-kantalicio-2-2-2-2-3\\\/\"},\"author\":{\"name\":\"Traditio et Fides\",\"@id\":\"https:\\\/\\\/wobronietradycjiiwiary.com\\\/pl\\\/#\\\/schema\\\/person\\\/2d6180ce6abcb681fef0daab7816e8f3\"},\"headline\":\"18-go Maja. \u017bywot \u015bwi\u0119tego Feliksa z Kantalicio.\",\"datePublished\":\"2026-05-18T06:15:07+00:00\",\"dateModified\":\"2026-05-26T07:19:36+00:00\",\"mainEntityOfPage\":{\"@id\":\"https:\\\/\\\/wobronietradycjiiwiary.com\\\/18-go-maja-zywot-swietego-feliksa-z-kantalicio-2-2-2-2-3\\\/\"},\"wordCount\":2134,\"commentCount\":0,\"publisher\":{\"@id\":\"https:\\\/\\\/wobronietradycjiiwiary.com\\\/pl\\\/#organization\"},\"image\":{\"@id\":\"https:\\\/\\\/wobronietradycjiiwiary.com\\\/18-go-maja-zywot-swietego-feliksa-z-kantalicio-2-2-2-2-3\\\/#primaryimage\"},\"thumbnailUrl\":\"https:\\\/\\\/wobronietradycjiiwiary.com\\\/wp-content\\\/uploads\\\/2021\\\/05\\\/Felice_da_Cantalice.jpg\",\"keywords\":[\"m\u0119scy \u015bwi\u0119ci\"],\"articleSection\":[\"05. \u015awi\u0119ta w maju\",\"Duchowo\u015b\u0107\",\"Liturgia i liturgika\",\"M\u0119scy \u015bwi\u0119ci\",\"Rozwa\u017cania liturgiczne\",\"\u017bywoty \u015awi\u0119tych\"],\"inLanguage\":\"pl-PL\",\"potentialAction\":[{\"@type\":\"CommentAction\",\"name\":\"Comment\",\"target\":[\"https:\\\/\\\/wobronietradycjiiwiary.com\\\/18-go-maja-zywot-swietego-feliksa-z-kantalicio-2-2-2-2-3\\\/#respond\"]}]},{\"@type\":\"WebPage\",\"@id\":\"https:\\\/\\\/wobronietradycjiiwiary.com\\\/18-go-maja-zywot-swietego-feliksa-z-kantalicio-2-2-2-2-3\\\/\",\"url\":\"https:\\\/\\\/wobronietradycjiiwiary.com\\\/18-go-maja-zywot-swietego-feliksa-z-kantalicio-2-2-2-2-3\\\/\",\"name\":\"18-go Maja. \u017bywot \u015bwi\u0119tego Feliksa z Kantalicio. - Tradycja i Wiara\",\"isPartOf\":{\"@id\":\"https:\\\/\\\/wobronietradycjiiwiary.com\\\/pl\\\/#website\"},\"primaryImageOfPage\":{\"@id\":\"https:\\\/\\\/wobronietradycjiiwiary.com\\\/18-go-maja-zywot-swietego-feliksa-z-kantalicio-2-2-2-2-3\\\/#primaryimage\"},\"image\":{\"@id\":\"https:\\\/\\\/wobronietradycjiiwiary.com\\\/18-go-maja-zywot-swietego-feliksa-z-kantalicio-2-2-2-2-3\\\/#primaryimage\"},\"thumbnailUrl\":\"https:\\\/\\\/wobronietradycjiiwiary.com\\\/wp-content\\\/uploads\\\/2021\\\/05\\\/Felice_da_Cantalice.jpg\",\"datePublished\":\"2026-05-18T06:15:07+00:00\",\"dateModified\":\"2026-05-26T07:19:36+00:00\",\"breadcrumb\":{\"@id\":\"https:\\\/\\\/wobronietradycjiiwiary.com\\\/18-go-maja-zywot-swietego-feliksa-z-kantalicio-2-2-2-2-3\\\/#breadcrumb\"},\"inLanguage\":\"pl-PL\",\"potentialAction\":[{\"@type\":\"ReadAction\",\"target\":[\"https:\\\/\\\/wobronietradycjiiwiary.com\\\/18-go-maja-zywot-swietego-feliksa-z-kantalicio-2-2-2-2-3\\\/\"]}]},{\"@type\":\"ImageObject\",\"inLanguage\":\"pl-PL\",\"@id\":\"https:\\\/\\\/wobronietradycjiiwiary.com\\\/18-go-maja-zywot-swietego-feliksa-z-kantalicio-2-2-2-2-3\\\/#primaryimage\",\"url\":\"https:\\\/\\\/wobronietradycjiiwiary.com\\\/wp-content\\\/uploads\\\/2021\\\/05\\\/Felice_da_Cantalice.jpg\",\"contentUrl\":\"https:\\\/\\\/wobronietradycjiiwiary.com\\\/wp-content\\\/uploads\\\/2021\\\/05\\\/Felice_da_Cantalice.jpg\",\"width\":479,\"height\":693},{\"@type\":\"BreadcrumbList\",\"@id\":\"https:\\\/\\\/wobronietradycjiiwiary.com\\\/18-go-maja-zywot-swietego-feliksa-z-kantalicio-2-2-2-2-3\\\/#breadcrumb\",\"itemListElement\":[{\"@type\":\"ListItem\",\"position\":1,\"name\":\"Strona g\u0142\u00f3wna\",\"item\":\"https:\\\/\\\/wobronietradycjiiwiary.com\\\/\"},{\"@type\":\"ListItem\",\"position\":2,\"name\":\"18-go Maja. \u017bywot \u015bwi\u0119tego Feliksa z Kantalicio.\"}]},{\"@type\":\"WebSite\",\"@id\":\"https:\\\/\\\/wobronietradycjiiwiary.com\\\/pl\\\/#website\",\"url\":\"https:\\\/\\\/wobronietradycjiiwiary.com\\\/pl\\\/\",\"name\":\"Tradycja i Wiara\",\"description\":\"Portal dla katolik\u00f3w.\",\"publisher\":{\"@id\":\"https:\\\/\\\/wobronietradycjiiwiary.com\\\/pl\\\/#organization\"},\"potentialAction\":[{\"@type\":\"SearchAction\",\"target\":{\"@type\":\"EntryPoint\",\"urlTemplate\":\"https:\\\/\\\/wobronietradycjiiwiary.com\\\/pl\\\/?s={search_term_string}\"},\"query-input\":{\"@type\":\"PropertyValueSpecification\",\"valueRequired\":true,\"valueName\":\"search_term_string\"}}],\"inLanguage\":\"pl-PL\"},{\"@type\":\"Organization\",\"@id\":\"https:\\\/\\\/wobronietradycjiiwiary.com\\\/pl\\\/#organization\",\"name\":\"Tradycja i Wiara\",\"url\":\"https:\\\/\\\/wobronietradycjiiwiary.com\\\/pl\\\/\",\"logo\":{\"@type\":\"ImageObject\",\"inLanguage\":\"pl-PL\",\"@id\":\"https:\\\/\\\/wobronietradycjiiwiary.com\\\/pl\\\/#\\\/schema\\\/logo\\\/image\\\/\",\"url\":\"https:\\\/\\\/i0.wp.com\\\/wobronietradycjiiwiary.com\\\/wp-content\\\/uploads\\\/2015\\\/10\\\/cropped-st-peters-dome-vatican.jpg?fit=940%2C198&ssl=1\",\"contentUrl\":\"https:\\\/\\\/i0.wp.com\\\/wobronietradycjiiwiary.com\\\/wp-content\\\/uploads\\\/2015\\\/10\\\/cropped-st-peters-dome-vatican.jpg?fit=940%2C198&ssl=1\",\"width\":940,\"height\":198,\"caption\":\"Tradycja i Wiara\"},\"image\":{\"@id\":\"https:\\\/\\\/wobronietradycjiiwiary.com\\\/pl\\\/#\\\/schema\\\/logo\\\/image\\\/\"},\"sameAs\":[\"https:\\\/\\\/www.facebook.com\\\/Tradycja-i-Wiara-108813920592249\"]},{\"@type\":\"Person\",\"@id\":\"https:\\\/\\\/wobronietradycjiiwiary.com\\\/pl\\\/#\\\/schema\\\/person\\\/2d6180ce6abcb681fef0daab7816e8f3\",\"name\":\"Traditio et Fides\",\"sameAs\":[\"https:\\\/\\\/traditionundglauben.com\"],\"url\":\"https:\\\/\\\/wobronietradycjiiwiary.com\\\/pl\\\/author\\\/wobronietradycjiiwiary\\\/\"}]}<\/script>\n<!-- \/ Yoast SEO plugin. -->","yoast_head_json":{"title":"18-go Maja. \u017bywot \u015bwi\u0119tego Feliksa z Kantalicio. - Tradycja i Wiara","robots":{"index":"index","follow":"follow","max-snippet":"max-snippet:-1","max-image-preview":"max-image-preview:large","max-video-preview":"max-video-preview:-1"},"canonical":"https:\/\/wobronietradycjiiwiary.com\/pl\/18-go-maja-zywot-swietego-feliksa-z-kantalicio-2-2-2-2-3\/","og_locale":"pl_PL","og_type":"article","og_title":"18-go Maja. \u017bywot \u015bwi\u0119tego Feliksa z Kantalicio. - Tradycja i Wiara","og_description":"Chocia\u017c o \u015bw. Feliksie z Kantalicjo (Cantalice) w naszym czasach nie s\u0142ysza\u0142 prawie nikt, to by\u0142 on tak popularny, \u017ce namalowa\u0142 go sam Rubens. Swoj\u0105 \"karier\u0119\" duchow\u0105 zaczyna\u0142, jak wielu \u015bwi\u0119tych od wypasu byd\u0142a. Praca uchodzi za upokarzaj\u0105c\u0105, ale w sumie dlaczego? Pisz\u0105cy te s\u0142owa jeszcze tego nie pr\u00f3bowa\u0142, ale ch\u0119tnie spr\u00f3buje. Wyliczmy jej zalety: 1. Na \u0142onie natury w\u015br\u00f3d zwierz\u0105t. 2. Nadmiar s\u0142o\u0144ca i witaminy D 3. Brak z\u0142ego towarzystwa lub towarzystwa w og\u00f3le 4. Mo\u017cna rozmy\u015bla\u0107 medytowa\u0107 si\u0119 i modli\u0107 si\u0119, bo poza sprowadzeniem w wprowadzeniem byd\u0142a na pastwisko ma si\u0119 \"wolne\". 5. Cz\u0119\u015b\u0107 aktywn\u0105 przejmuje pies. 6. Wiele si\u0119 od \u017cycia nie oczekuje, bo si\u0119 ma\u0142o co zna. 7. \u017badne \"ci\u0119\u017cary i niedogodno\u015bci \u017cycia zakonnego\" nie s\u0105 straszne. Jednak\u017ce \u015bw. Feliks wst\u0105pienia do klasztoru jako awansu spo\u0142ecznego nie traktowa\u0142 i cierpia\u0142 chocia\u017c nie musia\u0142. Do\u015bwiadczy\u0142 tzw. \"drogocennej \u015bmierci\", to jest z objawieniem Matki Boskiej i anio\u0142\u00f3w.","og_url":"https:\/\/wobronietradycjiiwiary.com\/pl\/18-go-maja-zywot-swietego-feliksa-z-kantalicio-2-2-2-2-3\/","og_site_name":"Tradycja i Wiara","article_publisher":"https:\/\/www.facebook.com\/Tradycja-i-Wiara-108813920592249","article_published_time":"2026-05-18T06:15:07+00:00","article_modified_time":"2026-05-26T07:19:36+00:00","og_image":[{"width":479,"height":693,"url":"https:\/\/wobronietradycjiiwiary.com\/wp-content\/uploads\/2021\/05\/Felice_da_Cantalice.jpg","type":"image\/jpeg"}],"author":"Traditio et Fides","twitter_card":"summary_large_image","twitter_misc":{"Napisane przez":"Traditio et Fides","Szacowany czas czytania":"11 minut"},"schema":{"@context":"https:\/\/schema.org","@graph":[{"@type":"Article","@id":"https:\/\/wobronietradycjiiwiary.com\/18-go-maja-zywot-swietego-feliksa-z-kantalicio-2-2-2-2-3\/#article","isPartOf":{"@id":"https:\/\/wobronietradycjiiwiary.com\/18-go-maja-zywot-swietego-feliksa-z-kantalicio-2-2-2-2-3\/"},"author":{"name":"Traditio et Fides","@id":"https:\/\/wobronietradycjiiwiary.com\/pl\/#\/schema\/person\/2d6180ce6abcb681fef0daab7816e8f3"},"headline":"18-go Maja. \u017bywot \u015bwi\u0119tego Feliksa z Kantalicio.","datePublished":"2026-05-18T06:15:07+00:00","dateModified":"2026-05-26T07:19:36+00:00","mainEntityOfPage":{"@id":"https:\/\/wobronietradycjiiwiary.com\/18-go-maja-zywot-swietego-feliksa-z-kantalicio-2-2-2-2-3\/"},"wordCount":2134,"commentCount":0,"publisher":{"@id":"https:\/\/wobronietradycjiiwiary.com\/pl\/#organization"},"image":{"@id":"https:\/\/wobronietradycjiiwiary.com\/18-go-maja-zywot-swietego-feliksa-z-kantalicio-2-2-2-2-3\/#primaryimage"},"thumbnailUrl":"https:\/\/wobronietradycjiiwiary.com\/wp-content\/uploads\/2021\/05\/Felice_da_Cantalice.jpg","keywords":["m\u0119scy \u015bwi\u0119ci"],"articleSection":["05. \u015awi\u0119ta w maju","Duchowo\u015b\u0107","Liturgia i liturgika","M\u0119scy \u015bwi\u0119ci","Rozwa\u017cania liturgiczne","\u017bywoty \u015awi\u0119tych"],"inLanguage":"pl-PL","potentialAction":[{"@type":"CommentAction","name":"Comment","target":["https:\/\/wobronietradycjiiwiary.com\/18-go-maja-zywot-swietego-feliksa-z-kantalicio-2-2-2-2-3\/#respond"]}]},{"@type":"WebPage","@id":"https:\/\/wobronietradycjiiwiary.com\/18-go-maja-zywot-swietego-feliksa-z-kantalicio-2-2-2-2-3\/","url":"https:\/\/wobronietradycjiiwiary.com\/18-go-maja-zywot-swietego-feliksa-z-kantalicio-2-2-2-2-3\/","name":"18-go Maja. \u017bywot \u015bwi\u0119tego Feliksa z Kantalicio. - Tradycja i Wiara","isPartOf":{"@id":"https:\/\/wobronietradycjiiwiary.com\/pl\/#website"},"primaryImageOfPage":{"@id":"https:\/\/wobronietradycjiiwiary.com\/18-go-maja-zywot-swietego-feliksa-z-kantalicio-2-2-2-2-3\/#primaryimage"},"image":{"@id":"https:\/\/wobronietradycjiiwiary.com\/18-go-maja-zywot-swietego-feliksa-z-kantalicio-2-2-2-2-3\/#primaryimage"},"thumbnailUrl":"https:\/\/wobronietradycjiiwiary.com\/wp-content\/uploads\/2021\/05\/Felice_da_Cantalice.jpg","datePublished":"2026-05-18T06:15:07+00:00","dateModified":"2026-05-26T07:19:36+00:00","breadcrumb":{"@id":"https:\/\/wobronietradycjiiwiary.com\/18-go-maja-zywot-swietego-feliksa-z-kantalicio-2-2-2-2-3\/#breadcrumb"},"inLanguage":"pl-PL","potentialAction":[{"@type":"ReadAction","target":["https:\/\/wobronietradycjiiwiary.com\/18-go-maja-zywot-swietego-feliksa-z-kantalicio-2-2-2-2-3\/"]}]},{"@type":"ImageObject","inLanguage":"pl-PL","@id":"https:\/\/wobronietradycjiiwiary.com\/18-go-maja-zywot-swietego-feliksa-z-kantalicio-2-2-2-2-3\/#primaryimage","url":"https:\/\/wobronietradycjiiwiary.com\/wp-content\/uploads\/2021\/05\/Felice_da_Cantalice.jpg","contentUrl":"https:\/\/wobronietradycjiiwiary.com\/wp-content\/uploads\/2021\/05\/Felice_da_Cantalice.jpg","width":479,"height":693},{"@type":"BreadcrumbList","@id":"https:\/\/wobronietradycjiiwiary.com\/18-go-maja-zywot-swietego-feliksa-z-kantalicio-2-2-2-2-3\/#breadcrumb","itemListElement":[{"@type":"ListItem","position":1,"name":"Strona g\u0142\u00f3wna","item":"https:\/\/wobronietradycjiiwiary.com\/"},{"@type":"ListItem","position":2,"name":"18-go Maja. \u017bywot \u015bwi\u0119tego Feliksa z Kantalicio."}]},{"@type":"WebSite","@id":"https:\/\/wobronietradycjiiwiary.com\/pl\/#website","url":"https:\/\/wobronietradycjiiwiary.com\/pl\/","name":"Tradycja i Wiara","description":"Portal dla katolik\u00f3w.","publisher":{"@id":"https:\/\/wobronietradycjiiwiary.com\/pl\/#organization"},"potentialAction":[{"@type":"SearchAction","target":{"@type":"EntryPoint","urlTemplate":"https:\/\/wobronietradycjiiwiary.com\/pl\/?s={search_term_string}"},"query-input":{"@type":"PropertyValueSpecification","valueRequired":true,"valueName":"search_term_string"}}],"inLanguage":"pl-PL"},{"@type":"Organization","@id":"https:\/\/wobronietradycjiiwiary.com\/pl\/#organization","name":"Tradycja i Wiara","url":"https:\/\/wobronietradycjiiwiary.com\/pl\/","logo":{"@type":"ImageObject","inLanguage":"pl-PL","@id":"https:\/\/wobronietradycjiiwiary.com\/pl\/#\/schema\/logo\/image\/","url":"https:\/\/i0.wp.com\/wobronietradycjiiwiary.com\/wp-content\/uploads\/2015\/10\/cropped-st-peters-dome-vatican.jpg?fit=940%2C198&ssl=1","contentUrl":"https:\/\/i0.wp.com\/wobronietradycjiiwiary.com\/wp-content\/uploads\/2015\/10\/cropped-st-peters-dome-vatican.jpg?fit=940%2C198&ssl=1","width":940,"height":198,"caption":"Tradycja i Wiara"},"image":{"@id":"https:\/\/wobronietradycjiiwiary.com\/pl\/#\/schema\/logo\/image\/"},"sameAs":["https:\/\/www.facebook.com\/Tradycja-i-Wiara-108813920592249"]},{"@type":"Person","@id":"https:\/\/wobronietradycjiiwiary.com\/pl\/#\/schema\/person\/2d6180ce6abcb681fef0daab7816e8f3","name":"Traditio et Fides","sameAs":["https:\/\/traditionundglauben.com"],"url":"https:\/\/wobronietradycjiiwiary.com\/pl\/author\/wobronietradycjiiwiary\/"}]}},"jetpack_publicize_connections":[],"jetpack_sharing_enabled":true,"jetpack_likes_enabled":true,"jetpack_shortlink":"https:\/\/wp.me\/pc04Sd-HaW","jetpack-related-posts":[{"id":116547,"url":"https:\/\/wobronietradycjiiwiary.com\/pl\/18-go-maja-zywot-swietego-feliksa-z-kantalicio-2-2-2\/","url_meta":{"origin":165970,"position":0},"title":"18-go Maja. \u017bywot \u015bwi\u0119tego Feliksa z Kantalicio.","author":"Traditio et Fides","date":"18 maja 2024","format":false,"excerpt":"Chocia\u017c o \u015bw. Feliksie z Kantalicjo (Cantalice) w naszym czasach nie s\u0142ysza\u0142 prawie nikt, to by\u0142 on tak popularny, \u017ce namalowa\u0142 go sam Rubens. Swoj\u0105 \"karier\u0119\" duchow\u0105 zaczyna\u0142, jak wielu \u015bwi\u0119tych od wypasu byd\u0142a. Praca uchodzi za upokarzaj\u0105c\u0105, ale w sumie dlaczego? Pisz\u0105cy te s\u0142owa jeszcze tego nie pr\u00f3bowa\u0142, ale\u2026","rel":"","context":"W \u201e05. \u015awi\u0119ta w maju&quot;","block_context":{"text":"05. \u015awi\u0119ta w maju","link":"https:\/\/wobronietradycjiiwiary.com\/pl\/category\/duchowosc\/liturgia-i-liturgika\/rozwazania\/rok-liturgiczny\/swieta-w-maju\/"},"img":{"alt_text":"","src":"https:\/\/i0.wp.com\/wobronietradycjiiwiary.com\/wp-content\/uploads\/2021\/05\/Felice_da_Cantalice.jpg?resize=350%2C200&ssl=1","width":350,"height":200},"classes":[]},{"id":140897,"url":"https:\/\/wobronietradycjiiwiary.com\/pl\/18-go-maja-zywot-swietego-feliksa-z-kantalicio-2-2-2-2\/","url_meta":{"origin":165970,"position":1},"title":"18-go Maja. \u017bywot \u015bwi\u0119tego Feliksa z Kantalicio.","author":"Traditio et Fides","date":"18 maja 2025","format":false,"excerpt":"Chocia\u017c o \u015bw. Feliksie z Kantalicjo (Cantalice) w naszym czasach nie s\u0142ysza\u0142 prawie nikt, to by\u0142 on tak popularny, \u017ce namalowa\u0142 go sam Rubens. Swoj\u0105 \"karier\u0119\" duchow\u0105 zaczyna\u0142, jak wielu \u015bwi\u0119tych od wypasu byd\u0142a. Praca uchodzi za upokarzaj\u0105c\u0105, ale w sumie dlaczego? Pisz\u0105cy te s\u0142owa jeszcze tego nie pr\u00f3bowa\u0142, ale\u2026","rel":"","context":"W \u201e05. \u015awi\u0119ta w maju&quot;","block_context":{"text":"05. \u015awi\u0119ta w maju","link":"https:\/\/wobronietradycjiiwiary.com\/pl\/category\/duchowosc\/liturgia-i-liturgika\/rozwazania\/rok-liturgiczny\/swieta-w-maju\/"},"img":{"alt_text":"","src":"https:\/\/i0.wp.com\/wobronietradycjiiwiary.com\/wp-content\/uploads\/2021\/05\/Felice_da_Cantalice.jpg?resize=350%2C200&ssl=1","width":350,"height":200},"classes":[]},{"id":165972,"url":"https:\/\/wobronietradycjiiwiary.com\/pl\/18-go-maja-zywot-swietego-feliksa-z-kantalicio-2-2-2-2-2\/","url_meta":{"origin":165970,"position":2},"title":"18-go Maja. \u017bywot \u015bwi\u0119tego Feliksa z Kantalicio.","author":"Traditio et Fides","date":"18 maja 2026","format":false,"excerpt":"Chocia\u017c o \u015bw. Feliksie z Kantalicjo (Cantalice) w naszym czasach nie s\u0142ysza\u0142 prawie nikt, to by\u0142 on tak popularny, \u017ce namalowa\u0142 go sam Rubens. Swoj\u0105 \"karier\u0119\" duchow\u0105 zaczyna\u0142, jak wielu \u015bwi\u0119tych od wypasu byd\u0142a. Praca uchodzi za upokarzaj\u0105c\u0105, ale w sumie dlaczego? Pisz\u0105cy te s\u0142owa jeszcze tego nie pr\u00f3bowa\u0142, ale\u2026","rel":"","context":"W \u201e05. \u015awi\u0119ta w maju&quot;","block_context":{"text":"05. \u015awi\u0119ta w maju","link":"https:\/\/wobronietradycjiiwiary.com\/pl\/category\/duchowosc\/liturgia-i-liturgika\/rozwazania\/rok-liturgiczny\/swieta-w-maju\/"},"img":{"alt_text":"","src":"https:\/\/i0.wp.com\/wobronietradycjiiwiary.com\/wp-content\/uploads\/2021\/05\/Felice_da_Cantalice.jpg?resize=350%2C200&ssl=1","width":350,"height":200},"classes":[]},{"id":155612,"url":"https:\/\/wobronietradycjiiwiary.com\/pl\/8-go-listopada-zywot-swietych-pieciu-braci-polakow-meczennikow-2-2-2-2\/","url_meta":{"origin":165970,"position":3},"title":"8-go Listopada. \u017bywot \u015bwi\u0119tych Pi\u0119ciu Braci Polak\u00f3w, M\u0119czennik\u00f3w.","author":"Traditio et Fides","date":"8 listopada 2025","format":false,"excerpt":"Gdyby kr\u00f3l tak hojnej ja\u0142mu\u017cny nie zostawi\u0142, m\u0119czennicy by nie zgin\u0119li. Tak to bywa, czasami ub\u00f3stwo jest bardzo pragmatycznym wyborem.","rel":"","context":"W \u201e11. \u015awi\u0119ta w listopadzie&quot;","block_context":{"text":"11. \u015awi\u0119ta w listopadzie","link":"https:\/\/wobronietradycjiiwiary.com\/pl\/category\/duchowosc\/liturgia-i-liturgika\/rozwazania\/rok-liturgiczny\/swieta-w-listopadzie\/"},"img":{"alt_text":"","src":"https:\/\/i0.wp.com\/wobronietradycjiiwiary.com\/wp-content\/uploads\/2020\/11\/Bracia-Polscy.jpg?resize=350%2C200&ssl=1","width":350,"height":200,"srcset":"https:\/\/i0.wp.com\/wobronietradycjiiwiary.com\/wp-content\/uploads\/2020\/11\/Bracia-Polscy.jpg?resize=350%2C200&ssl=1 1x, https:\/\/i0.wp.com\/wobronietradycjiiwiary.com\/wp-content\/uploads\/2020\/11\/Bracia-Polscy.jpg?resize=525%2C300&ssl=1 1.5x"},"classes":[]},{"id":127363,"url":"https:\/\/wobronietradycjiiwiary.com\/pl\/14-go-stycznia-zywot-sw-hilarego-biskupa-i-nauczyciela-kosciola-2-2\/","url_meta":{"origin":165970,"position":4},"title":"14-go Stycznia. \u017bywot \u015bw. Hilarego, Biskupa i Nauczyciela Ko\u015bcio\u0142a.","author":"Traditio et Fides","date":"14 stycznia 2025","format":false,"excerpt":"\u015aw. Hilary z Poitiers jest jednym z pierwszych Ojc\u00f3w Ko\u015bcio\u0142a Zachodu i nauczycielem \u015bw. Marcina z Tours. \u017bycie sp\u0119dzi\u0142 na walce z arianizmem, a swoje najlepsze dzie\u0142a dogmatyczne napisa\u0142 na wygnaniu.","rel":"","context":"W \u201e01. \u015awi\u0119ta w styczniu&quot;","block_context":{"text":"01. \u015awi\u0119ta w styczniu","link":"https:\/\/wobronietradycjiiwiary.com\/pl\/category\/duchowosc\/liturgia-i-liturgika\/rozwazania\/rok-liturgiczny\/swieta-w-styczniu\/"},"img":{"alt_text":"","src":"https:\/\/i0.wp.com\/wobronietradycjiiwiary.com\/wp-content\/uploads\/2021\/01\/Hilaryofpoitiers.jpg?resize=350%2C200&ssl=1","width":350,"height":200},"classes":[]},{"id":158349,"url":"https:\/\/wobronietradycjiiwiary.com\/pl\/14-go-stycznia-zywot-sw-hilarego-biskupa-i-nauczyciela-kosciola-2-2-2\/","url_meta":{"origin":165970,"position":5},"title":"14-go Stycznia. \u017bywot \u015bw. Hilarego, Biskupa i Nauczyciela Ko\u015bcio\u0142a.","author":"Traditio et Fides","date":"14 stycznia 2026","format":false,"excerpt":"\u015aw. Hilary z Poitiers jest jednym z pierwszych Ojc\u00f3w Ko\u015bcio\u0142a Zachodu i nauczycielem \u015bw. Marcina z Tours. \u017bycie sp\u0119dzi\u0142 na walce z arianizmem, a swoje najlepsze dzie\u0142a dogmatyczne napisa\u0142 na wygnaniu.","rel":"","context":"W \u201e01. \u015awi\u0119ta w styczniu&quot;","block_context":{"text":"01. \u015awi\u0119ta w styczniu","link":"https:\/\/wobronietradycjiiwiary.com\/pl\/category\/duchowosc\/liturgia-i-liturgika\/rozwazania\/rok-liturgiczny\/swieta-w-styczniu\/"},"img":{"alt_text":"","src":"https:\/\/i0.wp.com\/wobronietradycjiiwiary.com\/wp-content\/uploads\/2021\/01\/Hilaryofpoitiers.jpg?resize=350%2C200&ssl=1","width":350,"height":200},"classes":[]}],"amp_enabled":true,"jetpack_featured_media_url":"https:\/\/wobronietradycjiiwiary.com\/wp-content\/uploads\/2021\/05\/Felice_da_Cantalice.jpg","_links":{"self":[{"href":"https:\/\/wobronietradycjiiwiary.com\/pl\/wp-json\/wp\/v2\/posts\/165970","targetHints":{"allow":["GET"]}}],"collection":[{"href":"https:\/\/wobronietradycjiiwiary.com\/pl\/wp-json\/wp\/v2\/posts"}],"about":[{"href":"https:\/\/wobronietradycjiiwiary.com\/pl\/wp-json\/wp\/v2\/types\/post"}],"author":[{"embeddable":true,"href":"https:\/\/wobronietradycjiiwiary.com\/pl\/wp-json\/wp\/v2\/users\/60508433"}],"replies":[{"embeddable":true,"href":"https:\/\/wobronietradycjiiwiary.com\/pl\/wp-json\/wp\/v2\/comments?post=165970"}],"version-history":[{"count":1,"href":"https:\/\/wobronietradycjiiwiary.com\/pl\/wp-json\/wp\/v2\/posts\/165970\/revisions"}],"predecessor-version":[{"id":165981,"href":"https:\/\/wobronietradycjiiwiary.com\/pl\/wp-json\/wp\/v2\/posts\/165970\/revisions\/165981"}],"wp:featuredmedia":[{"embeddable":true,"href":"https:\/\/wobronietradycjiiwiary.com\/pl\/wp-json\/wp\/v2\/media\/47261"}],"wp:attachment":[{"href":"https:\/\/wobronietradycjiiwiary.com\/pl\/wp-json\/wp\/v2\/media?parent=165970"}],"wp:term":[{"taxonomy":"category","embeddable":true,"href":"https:\/\/wobronietradycjiiwiary.com\/pl\/wp-json\/wp\/v2\/categories?post=165970"},{"taxonomy":"post_tag","embeddable":true,"href":"https:\/\/wobronietradycjiiwiary.com\/pl\/wp-json\/wp\/v2\/tags?post=165970"}],"curies":[{"name":"wp","href":"https:\/\/api.w.org\/{rel}","templated":true}]}}