{"id":165822,"date":"2026-05-23T08:10:00","date_gmt":"2026-05-23T06:10:00","guid":{"rendered":"https:\/\/wobronietradycjiiwiary.com\/?p=165822"},"modified":"2026-05-23T17:25:04","modified_gmt":"2026-05-23T15:25:04","slug":"o-jean-pierre-herman-piecdziesiatnica-przycieta-czy-przywrocona","status":"publish","type":"post","link":"https:\/\/wobronietradycjiiwiary.com\/pl\/o-jean-pierre-herman-piecdziesiatnica-przycieta-czy-przywrocona\/","title":{"rendered":"o. Jean-Pierre Herman, Pi\u0119\u0107dziesi\u0105tnica przyci\u0119ta czy przywr\u00f3cona"},"content":{"rendered":"<div id=\"bsf_rt_marker\"><\/div>\n<p class=\"wp-block-paragraph\"><\/p>\n\n\n\n<h3 class=\"wp-block-heading\">Zniesienie staro\u017cytnej czuwania chrzcielnego w Pi\u0119\u0107dziesi\u0105tnic\u0119<\/h3>\n\n\n\n<p class=\"has-text-align-justify wp-block-paragraph\">Niniejszy artyku\u0142 zosta\u0142 pierwotnie opublikowany w&nbsp;<a href=\"https:\/\/schola-sainte-cecile.com\/tag\/vigile-de-la-pentecote\/\">Schola Sainte Cecile<\/a>, a jego t\u0142umaczenie opublikowano tutaj oraz w&nbsp;<em>New Liturgical Movement&nbsp;<\/em>&nbsp;za uprzejm\u0105 zgod\u0105 autora.<\/p>\n\n\n\n<p class=\"has-text-align-justify wp-block-paragraph\">Msza\u0142 Paw\u0142a VI, og\u0142oszony 3&nbsp;kwietnia&nbsp;1969 r., skutecznie wyeliminowa\u0142 stary zwyczaj przydzielania wigilii i oktaw wi\u0119kszym \u015bwi\u0119tom.<\/p>\n\n\n\n<p class=\"has-text-align-justify wp-block-paragraph\">Nast\u0119pnie oktawy odprawia si\u0119 tylko w okresie Wielkanocy i Bo\u017cego Narodzenia. Je\u015bli chodzi o wigili\u0119, pozostaje po niej jedynie \u201emsza wigilijna wieczorna\u201d w niekt\u00f3re \u015bwi\u0119ta, kt\u00f3ra zazwyczaj pozostaje niezauwa\u017cona. Co wi\u0119cej, charakter tego nabo\u017ce\u0144stwa jest inny. Sta\u0142o si\u0119 ono antycypacj\u0105 \u015bwi\u0119ta, a nie dniem postu i przygotowania do niego.<\/p>\n\n\n\n<p class=\"has-text-align-justify wp-block-paragraph\">Msza \u015bwi\u0119ta w Wigili\u0119 Zes\u0142ania Ducha \u015awi\u0119tego jest wyj\u0105tkowym przypadkiem. Do wyboru s\u0105 cztery teksty pierwszego czytania, wszystkie ze Starego Testamentu, w kt\u00f3rych zapowiadany jest dar Ducha \u015awi\u0119tego. To jednak wszystko, co pozosta\u0142o z bogatej, staro\u017cytnej liturgii Wigilii Zes\u0142ania Ducha \u015awi\u0119tego.<\/p>\n\n\n\n<p class=\"has-text-align-justify wp-block-paragraph\">Redukcja ta zosta\u0142a przeprowadzona w dw\u00f3ch etapach. Wigilia znikn\u0119\u0142a najpierw podczas reform z lat 50., a nast\u0119pnie oktawa zosta\u0142a zniesiona wraz z promulgacj\u0105 nowego msza\u0142u.<\/p>\n\n\n\n<h4 class=\"wp-block-heading\"><strong>Chrzcielny charakter staro\u017cytnej wigilii Pi\u0119\u0107dziesi\u0105tnicy<\/strong><\/h4>\n\n\n\n<p class=\"has-text-align-justify wp-block-paragraph\">Na konferencji po\u015bwi\u0119conej \u201eprzywr\u00f3conej\u201d liturgii Wielkiego Tygodnia z 1955 r. przez Piusa XII,&nbsp;ks. pra\u0142at L\u00e9on Gromier o\u015bwiadcza:<\/p>\n\n\n\n<blockquote class=\"wp-block-quote has-normal-font-size is-layout-flow wp-block-quote-is-layout-flow\">\n<p class=\"has-text-align-justify wp-block-paragraph\">Wigilia Zes\u0142ania Ducha \u015awi\u0119tego nie zawiera ju\u017c \u017cadnych odniesie\u0144 do chrztu. Sta\u0142a si\u0119 dniem jak ka\u017cdy inny i sprawia, \u017ce \u200b\u200bmsza\u0142 k\u0142amie w kanonie. Ta wigilia by\u0142a irytuj\u0105cym s\u0105siadem, straszliwym rywalem! Przyszli uczeni b\u0119d\u0105 prawdopodobnie bardziej surowi w swoich os\u0105dach ni\u017c dzisiejsi duszpasterze.<\/p>\n<\/blockquote>\n\n\n\n<p class=\"has-text-align-justify wp-block-paragraph\">Obrz\u0119d, o kt\u00f3rym mowa, by\u0142 pod wieloma wzgl\u0119dami swego rodzaju powt\u00f3rzeniem wigilii chrzcielnej Wielkanocy, praktykowanej przez chrze\u015bcijan od najdawniejszych czas\u00f3w w wigili\u0119 Pi\u0119\u0107dziesi\u0105tnicy.<\/p>\n\n\n\n<p class=\"has-text-align-justify wp-block-paragraph\">Pierwsi chrze\u015bcijanie celebrowali ca\u0142o\u015b\u0107 Tajemnicy Paschalnej \u2013 \u015bmier\u0107, zmartwychwstanie i dar Ducha \u015awi\u0119tego \u2013 podczas jednej wielkiej nocy wielkanocnej. Jednak wkr\u00f3tce nauczanie Ko\u015bcio\u0142a skupi\u0142o uwag\u0119 na r\u00f3\u017cnych aspektach tej tajemnicy i roz\u0142o\u017cy\u0142o celebracje liturgiczne zgodnie z chronologi\u0105 Ewangelii.<\/p>\n\n\n\n<p class=\"has-text-align-justify wp-block-paragraph\">Co wi\u0119cej, jak wiemy, sakramenty wtajemniczenia chrze\u015bcija\u0144skiego \u2013 chrzest, bierzmowanie i Eucharystia \u2013 by\u0142y dawniej udzielane kandydatom podczas tej samej celebracji, co jest praktyk\u0105 zachowan\u0105 w Ko\u015bcio\u0142ach wschodnich. Kardyna\u0142 Schuster zwraca uwag\u0119 na \u015bcis\u0142y zwi\u0105zek mi\u0119dzy chrztem a bierzmowaniem oraz ich odmienny charakter:<\/p>\n\n\n\n<p class=\"has-text-align-justify wp-block-paragraph\">Chocia\u017c sakrament chrztu r\u00f3\u017cni si\u0119 ca\u0142kowicie od sakramentu bierzmowania, to jednak ten ostatni przyj\u0105\u0142 nazw\u0119 Confirmatio (<em>potwierdzenie)<\/em>&nbsp;ze wzgl\u0119du na fakt, \u017ce zst\u0105pienie Ducha \u015awi\u0119tego w dusz\u0119 neofity dope\u0142nia dzie\u0142a jego nadprzyrodzonego odrodzenia. <\/p>\n\n\n\n<p class=\"has-text-align-justify wp-block-paragraph\">Poprzez sw\u00f3j sakramentalny charakter nadaje mu on doskonalsze podobie\u0144stwo do Jezusa Chrystusa, odciskaj\u0105c na jego duszy ostateczne przypiecz\u0119towanie, czyli potwierdzenie jego zjednoczenia z Boskim Odkupicielem.<\/p>\n\n\n\n<p class=\"has-text-align-justify wp-block-paragraph\">S\u0142owo&nbsp;<em>\u201eConfirmatio\u201d<\/em>&nbsp;by\u0142o u\u017cywane w Hiszpanii r\u00f3wnie\u017c do okre\u015blenia wezwania Ducha \u015awi\u0119tego podczas Mszy \u015awi\u0119tej,&nbsp;<em>Confirmatio Sacramenti<\/em>. St\u0105d istniej\u0105ca analogia mi\u0119dzy epiklez\u0105 \u2013 cz\u0119\u015bci\u0105 Mszy \u015awi\u0119tej, kt\u00f3ra prosi Parakleta o pe\u0142ni\u0119 Jego dar\u00f3w dla tych, kt\u00f3rzy maj\u0105 przyj\u0105\u0107 Komuni\u0119 \u015awi\u0119t\u0105 \u2013 a sakramentem bierzmowania, kt\u00f3rego w dawnych czasach udzielano bezpo\u015brednio po chrzcie, bardzo wyra\u017anie ukazuje g\u0142\u0119bokie znaczenie teologiczne ukryte w s\u0142owie \u201e<em>Confirmatio\u201d<\/em>&nbsp;w odniesieniu do tego sakramentu.<\/p>\n\n\n\n<p class=\"has-text-align-justify wp-block-paragraph\">Ju\u017c u Tertuliana mamy dowody na to, \u017ce chrzty celebrowano nie tylko podczas Wielkiej Wigilii Paschalnej, ale tak\u017ce podczas Wigilii Zes\u0142ania Ducha \u015awi\u0119tego:<\/p>\n\n\n\n<blockquote class=\"wp-block-quote has-normal-font-size is-layout-flow wp-block-quote-is-layout-flow\">\n<p class=\"has-text-align-justify wp-block-paragraph\">Innym uroczystym dniem Chrztu jest Pi\u0119\u0107dziesi\u0105tnica, kiedy mija wystarczaj\u0105co du\u017co czasu, aby przygotowa\u0107 i pouczy\u0107 tych, kt\u00f3rzy maj\u0105 zosta\u0107 ochrzczeni.<\/p>\n<\/blockquote>\n\n\n\n<p class=\"has-text-align-justify wp-block-paragraph\">Wyb\u00f3r ten nie jest przypadkowy, gdy\u017c podczas chrztu biskup k\u0142adzie praw\u0105 r\u0119k\u0119 na g\u0142owie neofity, \u201eprzywo\u0142uj\u0105c Ducha \u015awi\u0119tego przez b\u0142ogos\u0142awie\u0144stwo\u201d.<\/p>\n\n\n\n<p class=\"has-text-align-justify wp-block-paragraph\">Posiadamy r\u00f3wnie\u017c list papie\u017ca Syrycjusza (384\u2013399)&nbsp;do biskupa Tarragony Himeriusa, kt\u00f3ry potwierdza t\u0119 praktyk\u0119. Ponadto, w li\u015bcie do biskup\u00f3w Sycylii, papie\u017c \u015bw. Leon Wielki (440\u2013461) wzywa ich do na\u015bladowania \u015bw. Piotra, kt\u00f3ry ochrzci\u0142 trzy tysi\u0105ce os\u00f3b w dniu pierwszej Pi\u0119\u0107dziesi\u0105tnicy.<\/p>\n\n\n\n<p class=\"has-text-align-justify wp-block-paragraph\">Ksi\u0119gi liturgiczne z p\u00f3\u017aniejszego okresu daj\u0105 podstaw\u0119 do celebracji tego samego typu, co Wigilia Paschalna, kt\u00f3r\u0105 mo\u017cna znale\u017a\u0107 we wszystkich msza\u0142ach poprzedzaj\u0105cych reform\u0119 trydenck\u0105, a tak\u017ce w mszale \u015bw. Piusa V a\u017c do reformy z lat 50. XX wieku.<\/p>\n\n\n\n<p class=\"wp-block-paragraph\">Opis tej praktyki pozostawimy Dom Gu\u00e9rangerowi:<\/p>\n\n\n\n<blockquote class=\"wp-block-quote is-layout-flow wp-block-quote-is-layout-flow\">\n<p class=\"has-text-align-justify wp-block-paragraph\">Dawniej Wigili\u0119 t\u0119 obchodzono podobnie jak Wigili\u0119 Wielkanocn\u0105. Wierni wieczorem udawali si\u0119 do ko\u015bcio\u0142a, aby asystowa\u0107 przy uroczystym udzielaniu Chrztu. W nocy udzielano Sakramentu Odrodzenia tym katechumenom, kt\u00f3rym choroba lub nieobecno\u015b\u0107 w domu uniemo\u017cliwi\u0142y przyj\u0119cie go w noc wielkanocn\u0105. <\/p>\n\n\n\n<p class=\"has-text-align-justify wp-block-paragraph\">R\u00f3wnie\u017c ci, kt\u00f3rych w\u00f3wczas uznano za niedostatecznie do\u015bwiadczonych lub pouczonych, a kt\u00f3rzy w tym czasie spe\u0142nili warunki wymagane przez Ko\u015bci\u00f3\u0142, stali si\u0119 cz\u0119\u015bci\u0105 grupy aspirant\u00f3w do nowego narodzenia w \u015bwi\u0119tym \u017ar\u00f3dle. <\/p>\n\n\n\n<p class=\"has-text-align-justify wp-block-paragraph\">Zamiast dwunastu proroctw, kt\u00f3re odczytywano w noc wielkanocn\u0105, gdy kap\u0142ani odprawiali nad katechumenami obrz\u0119dy przygotowawcze do Chrztu, odczytywano teraz tylko sze\u015b\u0107; przynajmniej taki by\u0142 zwyczaj i mog\u0142oby to prowadzi\u0107 do przypuszczenia, \u017ce liczba ochrzczonych w Pi\u0119\u0107dziesi\u0105tnic\u0119 by\u0142a mniejsza ni\u017c w Wielkanoc.<\/p>\n<\/blockquote>\n\n\n\n<p class=\"has-text-align-justify wp-block-paragraph\">W t\u0119 noc \u0142aski ponownie wyniesiono pascha\u0142, aby okazywa\u0107 nowo ochrzczonym szacunek i mi\u0142o\u015b\u0107 do Syna Bo\u017cego, kt\u00f3ry sta\u0142 si\u0119 Cz\u0142owiekiem, aby by\u0107 \u015bwiat\u0142o\u015bci\u0105 \u015bwiata. Obrz\u0119dy opisane i wyja\u015bnione ju\u017c na Wielk\u0105 Sobot\u0119 zosta\u0142y powt\u00f3rzone w tym dniu, a Ofiara Mszy \u015awi\u0119tej, w kt\u00f3rej asystowali neofici, rozpocz\u0119\u0142a si\u0119 przed \u015bwitem.<\/p>\n\n\n\n<p class=\"has-text-align-justify wp-block-paragraph\">Jak podaje Schuster, w staro\u017cytno\u015bci Wigili\u0119 Zes\u0142ania Ducha \u015awi\u0119tego, podobnie jak Wigili\u0119 Wielkanocn\u0105, celebrowano na Lateranie w nocy z soboty na niedziel\u0119. W XII wieku przeniesiono j\u0105 na popo\u0142udnie. Pod koniec dnia papie\u017c udawa\u0142 si\u0119 do Bazyliki \u015bw. Piotra, aby odprawi\u0107 nieszpory i uroczyste jutrznie.<\/p>\n\n\n\n<p class=\"has-text-align-justify wp-block-paragraph\">Wraz z zacz\u0119ciem celebrowania chrztu w inne dni i upowszechnieniem si\u0119 praktyki chrztu niemowl\u0105t&nbsp;<em>quam primum,<\/em>&nbsp;ceremonie te przesta\u0142y by\u0107 odprawiane wy\u0142\u0105cznie w Wigili\u0119 Zes\u0142ania Ducha \u015awi\u0119tego. <\/p>\n\n\n\n<p class=\"has-text-align-justify wp-block-paragraph\">Sprowadzi\u0142o to ten dzie\u0144 do poziomu przygotowania do \u015bwi\u0119ta, jak ka\u017cde inne czuwanie, ale pozosta\u0142 on celebracj\u0105 o wyra\u017anie chrzcielnym charakterze.<\/p>\n\n\n\n<p class=\"wp-block-paragraph\">Pius Parsch wprowadza to w nast\u0119puj\u0105cy spos\u00f3b:<\/p>\n\n\n\n<blockquote class=\"wp-block-quote has-normal-font-size is-layout-flow wp-block-quote-is-layout-flow\">\n<p class=\"has-text-align-justify wp-block-paragraph\">\u201eDzisiaj przypada uroczysta wigilia, a zatem dzie\u0144 pe\u0142nej pokuty z postem i wstrzemi\u0119\u017aliwo\u015bci\u0105 (w niekt\u00f3rych diecezjach jednak obowi\u0105zek ten nie obowi\u0105zuje ju\u017c pod gro\u017ab\u0105 grzechu, a jedynie jest zalecany). <\/p>\n\n\n\n<p class=\"has-text-align-justify wp-block-paragraph\">Wigilia jest zawsze dniem przygotowania. Dom duszy musi by\u0107 oczyszczony i przygotowany na wielk\u0105 uczt\u0119. Chrze\u015bcijanin, kt\u00f3ry pod\u0105\u017ca za Ko\u015bcio\u0142em w tych dniach, powinien skupi\u0107 si\u0119 na dw\u00f3ch my\u015blach: 1) wspomnieniu swojego chrztu; b) przygotowaniu do Pi\u0119\u0107dziesi\u0105tnicy\u201d.<\/p>\n<\/blockquote>\n\n\n\n<h4 class=\"wp-block-heading\"><strong>Czas i struktura czuwania<\/strong><\/h4>\n\n\n\n<p class=\"has-text-align-justify wp-block-paragraph\">Po Nonie proroctwa czytane s\u0105 bez tytu\u0142u, przy zgaszonych \u015bwiecach, jak w Wielk\u0105 Sobot\u0119.<\/p>\n\n\n\n<p class=\"has-text-align-justify wp-block-paragraph\">Jest to rubryka znajduj\u0105ca si\u0119 w Mszale przed Wigili\u0105 Zes\u0142ania Ducha \u015awi\u0119tego. Odprawia si\u0119 j\u0105 o tej samej godzinie co Wigili\u0119 Paschaln\u0105. Kiedy\u015b obchodzono j\u0105 w nocy z soboty na niedziel\u0119, ostatecznie ustalono, \u017ce b\u0119dzie ona odprawiana po Nonie, co potwierdzaj\u0105 rubryki ksi\u0105g liturgicznych Trydenckich. <\/p>\n\n\n\n<p class=\"has-text-align-justify wp-block-paragraph\">Pod koniec \u015bredniowiecza powszechnie przewidywano j\u0105 na sobotni poranek, przed po\u0142udniem, na wz\u00f3r Wigilii Paschalnej, kt\u00f3r\u0105 ksi\u0119gi Trydenckie nakazuj\u0105 odprawia\u0107 przed&nbsp;<em>prandium<\/em>.<\/p>\n\n\n\n<p class=\"has-text-align-justify wp-block-paragraph\">Jego struktura jest por\u00f3wnywalna z t\u0105 z Wielkiej Soboty, z wyj\u0105tkiem po\u015bwi\u0119cenia ognia i pascha\u0142u. Pius Parsch opisuje go jako&nbsp;<em>skr\u00f3con\u0105 wersj\u0119 Oficjum Wielkiej Soboty<\/em>. Rozpoczyna si\u0119 od odczytania proroctw, po trzech z nich nast\u0119puje trakt, a po ka\u017cdym modlitwa odmawiana przez celebransa.<\/p>\n\n\n\n<p class=\"has-text-align-justify wp-block-paragraph\">Nast\u0119pnie odbywa si\u0119 procesja do baptysterium, gdzie odbywa si\u0119 po\u015bwi\u0119cenie wody, kt\u00f3remu towarzyszy \u015bpiew traktu z\u0142o\u017conego z werset\u00f3w z Psalmu 41 (<em>Sicut cervus ad fontes aquarum<\/em>). <\/p>\n\n\n\n<p class=\"has-text-align-justify wp-block-paragraph\">Po modlitwie celebrans odmawia modlitw\u0119 po\u015bwi\u0119cenia wody, tak jak w Wigili\u0119 Paschaln\u0105. Procesja powraca do o\u0142tarza, \u015bpiewaj\u0105c Litani\u0119 do Wszystkich \u015awi\u0119tych, a celebransi udaj\u0105 si\u0119 do zakrystii, aby na\u0142o\u017cy\u0107 szaty liturgiczne do Mszy \u015awi\u0119tej.<\/p>\n\n\n\n<p class=\"has-text-align-justify wp-block-paragraph\">Kolorem u\u017cywanym podczas czuwania jest fiolet. Rubryki okre\u015blaj\u0105, \u017ce kap\u0142an nosi kap\u0119 podczas procesji do chrzcielnicy. Diakon i subdiakon nosz\u0105 \u201e<a href=\"http:\/\/www.newliturgicalmovement.org\/2018\/03\/the-history-of-folded-chasuble-by-henri.html#.WvgR5dOFN-U\">sk\u0142adane ornaty<\/a>\u201d. Msza \u015bwi\u0119ta odprawiana jest w kolorze czerwonym, kolorze Pi\u0119\u0107dziesi\u0105tnicy.<\/p>\n\n\n\n<p class=\"has-text-align-justify wp-block-paragraph\">Po zako\u0144czeniu litanii zapala si\u0119 \u015bwiece, duchowni udaj\u0105 si\u0119 do o\u0142tarza, a ch\u00f3r, \u015bpiewaj\u0105c Kyrie, odmawia modlitwy u st\u00f3p o\u0142tarza. Nast\u0119pnie kap\u0142an dokonuje okadzenia i intonuje Gloria, podczas kt\u00f3rego dzwoni\u0105 dzwony.<\/p>\n\n\n\n<h4 class=\"wp-block-heading\"><strong>Proroctwa<\/strong><\/h4>\n\n\n\n<p class=\"has-text-align-justify wp-block-paragraph\">Czytania na Pi\u0119\u0107dziesi\u0105tnic\u0119 pochodz\u0105 z czyta\u0144 na Wielkanoc, ale w innej kolejno\u015bci.<\/p>\n\n\n\n<figure class=\"wp-block-table\"><table class=\"has-fixed-layout\"><tbody><tr><td class=\"has-text-align-left\" data-align=\"left\"><strong>Czytanie<\/strong><\/td><td class=\"has-text-align-left\" data-align=\"left\"><strong>Zielone \u015awi\u0105tki<\/strong><\/td><td class=\"has-text-align-left\" data-align=\"left\"><strong>Wielkanoc<\/strong><\/td><\/tr><tr><td class=\"has-text-align-left\" data-align=\"left\">1<\/td><td class=\"has-text-align-left\" data-align=\"left\">Rdz 22 Ofiara Abrahama<\/td><td class=\"has-text-align-left\" data-align=\"left\">3<\/td><\/tr><tr><td class=\"has-text-align-left\" data-align=\"left\">2<\/td><td class=\"has-text-align-left\" data-align=\"left\">Przyk\u0142ady 14 i 15 Przej\u015bcie przez Morze Czerwone<\/td><td class=\"has-text-align-left\" data-align=\"left\">4<\/td><\/tr><tr><td class=\"has-text-align-left\" data-align=\"left\">3<\/td><td class=\"has-text-align-left\" data-align=\"left\">Pwt 31 Testament Moj\u017ceszowy, Poszanowanie Prawa<\/td><td class=\"has-text-align-left\" data-align=\"left\">11<\/td><\/tr><tr><td class=\"has-text-align-left\" data-align=\"left\">4<\/td><td class=\"has-text-align-left\" data-align=\"left\">Iz. 4 Wyzwolenie Jerozolimy<\/td><td class=\"has-text-align-left\" data-align=\"left\">8<\/td><\/tr><tr><td class=\"has-text-align-left\" data-align=\"left\">5<\/td><td class=\"has-text-align-left\" data-align=\"left\">Bar. 3 Powr\u00f3t do Ziemi Obiecanej<\/td><td class=\"has-text-align-left\" data-align=\"left\">6<\/td><\/tr><tr><td class=\"has-text-align-left\" data-align=\"left\">6<\/td><td class=\"has-text-align-left\" data-align=\"left\">Ez. 37 Suche ko\u015bci<\/td><td class=\"has-text-align-left\" data-align=\"left\">7<\/td><\/tr><\/tbody><\/table><\/figure>\n\n\n\n<p class=\"has-text-align-justify wp-block-paragraph\">Po drugim, trzecim i czwartym proroctwie nast\u0119puj\u0105 Traktaty \u2013 te same trzy Traktaty, kt\u00f3re \u015bpiewano w Wigili\u0119 Paschaln\u0105.<\/p>\n\n\n\n<p class=\"has-text-align-justify wp-block-paragraph\">Modlitwy nast\u0119puj\u0105ce po czytaniach s\u0105 jednak inne. Pochodz\u0105 z Sakramentarza Gregoria\u0144skiego.<\/p>\n\n\n\n<p class=\"has-text-align-justify wp-block-paragraph\">Wszystkie one, ka\u017cdy na sw\u00f3j spos\u00f3b, koncentruj\u0105 si\u0119 na ci\u0105g\u0142o\u015bci mi\u0119dzy dwoma Testamentami i na przej\u015bciu Izraela Starego Testamentu, wyzwolonego z niewoli egipskiej, do nowego Izraela ochrzczonych, wyzwolonego z niewoli grzechu. Przytaczamy tu tylko te, kt\u00f3re nast\u0119puj\u0105 po drugim i czwartym czytaniu, kt\u00f3re s\u0105 godne uwagi:<\/p>\n\n\n\n<blockquote class=\"wp-block-quote has-normal-font-size is-layout-flow wp-block-quote-is-layout-flow\">\n<p class=\"has-text-align-justify wp-block-paragraph\">\u201eO Bo\u017ce, kt\u00f3ry w \u015bwietle Nowego Testamentu obja\u015bni\u0142e\u015b cuda dokonane w pierwszych wiekach \u015bwiata, tak \u017ce Morze Czerwone by\u0142o symbolem \u015bwi\u0119tego \u017ar\u00f3d\u0142a, a wyzwolenie ludu z niewoli egipskiej symbolizowa\u0142o sakramenty chrze\u015bcija\u0144skie: spraw, aby wszystkie narody, kt\u00f3re dzi\u0119ki zas\u0142ugom wiary uzyska\u0142y prawo pierwor\u00f3dztwa Izraela, narodzi\u0142y si\u0119 na nowo dzi\u0119ki uczestnictwu Twojego Ducha. Przez tego samego Pana\u2026 w jedno\u015bci z tym samym Duchem \u015awi\u0119tym\u201d.<\/p>\n<\/blockquote>\n\n\n\n<p class=\"wp-block-paragraph\">I<\/p>\n\n\n\n<blockquote class=\"wp-block-quote has-normal-font-size is-layout-flow wp-block-quote-is-layout-flow\">\n<p class=\"has-text-align-justify wp-block-paragraph\">\u201eO wszechmog\u0105cy i wieczny Bo\u017ce, kt\u00f3ry przez swego jedynego Syna okaza\u0142e\u015b si\u0119 gospodarzem swego Ko\u015bcio\u0142a, mi\u0142osiernie piel\u0119gnuj\u0105c ka\u017cd\u0105 latoro\u015bl, kt\u00f3ra wydaje owoc w tym samym Chrystusie, kt\u00f3ry jest prawdziwym krzewem winnym, aby owocowa\u0142a jeszcze obficiej; niech ciernie grzechu nie przemog\u0105 Twoich wiernych, kt\u00f3rych przeszczepi\u0142e\u015b jak winnic\u0119 z Egiptu przy chrzcie, lecz ochro\u0144 ich Duchem \u015awi\u0119tym, aby ubogacili si\u0119 w wieczne owoce. Przez tego samego Pana\u2026 w jedno\u015bci z tym samym Duchem \u015awi\u0119tym\u201d.<\/p>\n<\/blockquote>\n\n\n\n<p class=\"has-text-align-justify wp-block-paragraph\">Procesja do chrzcielnicy i po\u015bwi\u0119cenie wody, nast\u0119puj\u0105ce po modlitwie sz\u00f3stego proroctwa, wykorzystuj\u0105 wszystkie teksty Wigilii Paschalnej, z wyj\u0105tkiem kolekty poprzedzaj\u0105cej po\u015bwi\u0119cenie wody, kt\u00f3ra m\u00f3wi o \u015bwi\u0119cie:<\/p>\n\n\n\n<blockquote class=\"wp-block-quote is-layout-flow wp-block-quote-is-layout-flow\">\n<p class=\"has-text-align-justify wp-block-paragraph\">\u201eSpraw, prosimy Ci\u0119, wszechmog\u0105cy Bo\u017ce, aby\u015bmy, wspominaj\u0105c dar Ducha \u015awi\u0119tego, rozpaleni niebia\u0144skimi pragnieniami, pragn\u0119li \u017ar\u00f3d\u0142a \u017cycia. Przez naszego Pana\u2026 w jedno\u015bci z tym samym Duchem \u015awi\u0119tym\u201d.<\/p>\n<\/blockquote>\n\n\n\n<p class=\"has-text-align-justify wp-block-paragraph\">W tekstach tych wyra\u017anie ukazane s\u0105 \u015bcis\u0142e powi\u0105zania mi\u0119dzy chrztem, darem Ducha \u015awi\u0119tego i \u017cyciem chrze\u015bcija\u0144skim.<\/p>\n\n\n\n<h4 class=\"wp-block-heading\"><strong>Msza<\/strong><\/h4>\n\n\n\n<p class=\"has-text-align-justify wp-block-paragraph\">Jak ju\u017c widzieli\u015bmy, Msza \u015awi\u0119ta jest bezpo\u015brednim nast\u0119pstwem Litanii. Podobnie jak w okresie Wielkanocy, nie ma introitu. Dopiero p\u00f3\u017aniej, gdy upowszechni\u0142 si\u0119 zwyczaj mszy prywatnych, dodano introit: \u201e<em>Cum sanctificatus<\/em>\u201d, zaczerpni\u0119ty ze \u015brody IV tygodnia Wielkiego Postu.<\/p>\n\n\n\n<p class=\"has-text-align-justify wp-block-paragraph\">Msza ta stanowi kulminacj\u0119 Wigilii, a jej kolekta wyra\u017ca raz jeszcze, w bardzo zwi\u0119z\u0142ej formie, zwi\u0105zek mi\u0119dzy Chrztem a darem Ducha \u015awi\u0119tego:<\/p>\n\n\n\n<blockquote class=\"wp-block-quote has-normal-font-size is-layout-flow wp-block-quote-is-layout-flow\">\n<p class=\"has-text-align-justify wp-block-paragraph\">\u201eSpraw, prosimy Ci\u0119, wszechmog\u0105cy Bo\u017ce, aby blask Twojej chwa\u0142y zaja\u015bnia\u0142 nad nami, a \u015bwiat\u0142o Twojej \u015bwiat\u0142o\u015bci, poprzez o\u015bwiecenie Ducha \u015awi\u0119tego, umocni\u0142o serca tych, kt\u00f3rzy zostali odrodzeni Twoj\u0105 \u0142ask\u0105\u2026 w jedno\u015bci tego samego Ducha \u015awi\u0119tego\u201d.<\/p>\n<\/blockquote>\n\n\n\n<p class=\"has-text-align-justify wp-block-paragraph\">Ten zwi\u0105zek jest ponownie podkre\u015blony w Li\u015bcie zaczerpni\u0119tym z Dziej\u00f3w Apostolskich.&nbsp;Tematem jest spotkanie Paw\u0142a z uczniami Jana Chrzciciela, kt\u00f3rzy \u201enawet nie s\u0142yszeli, \u017ce istnieje Duch \u015awi\u0119ty\u201d, po czym Pawe\u0142 chrzci ich \u201e&nbsp;<em>w imi\u0119 Jezusa Chrystusa<\/em>&nbsp;\u201d.<\/p>\n\n\n\n<p class=\"has-text-align-justify wp-block-paragraph\">Pozosta\u0142a cz\u0119\u015b\u0107 Mszy \u015awi\u0119tej po\u015bwi\u0119cona jest w ca\u0142o\u015bci Pi\u0119\u0107dziesi\u0105tnicy, \u0142\u0105cznie z Ewangeli\u0105,&nbsp;w kt\u00f3rej Jezus obiecuje, \u017ce nigdy nie pozostawi swoich uczni\u00f3w sierotami, lecz b\u0119dzie modli\u0142 si\u0119 do Ojca, aby zes\u0142a\u0142 im Pocieszyciela.<\/p>\n\n\n\n<p class=\"has-text-align-justify wp-block-paragraph\">Zar\u00f3wno Tajemnica, jak i Postkomunia zawieraj\u0105 pro\u015bb\u0119 do Boga o oczyszczenie serc wiernych, aby przygotowa\u0107 ich na wylanie Ducha \u015awi\u0119tego.<\/p>\n\n\n\n<p class=\"has-text-align-justify wp-block-paragraph\">Kanon sk\u0142ada si\u0119 z dw\u00f3ch cz\u0119\u015bci w\u0142a\u015bciwych. W&nbsp;<em>Communicantes<\/em>&nbsp;wspomina si\u0119 o \u015bwi\u0119cie tego dnia:<\/p>\n\n\n\n<blockquote class=\"wp-block-quote has-normal-font-size is-layout-flow wp-block-quote-is-layout-flow\">\n<p class=\"has-text-align-justify wp-block-paragraph\">\u201eKomunikuj\u0105c si\u0119 i przestrzegaj\u0105c naj\u015bwi\u0119tszego dnia Pi\u0119\u0107dziesi\u0105tnicy, w kt\u00f3rym Duch \u015awi\u0119ty ukaza\u0142 si\u0119 Aposto\u0142om w niezliczonych j\u0119zykach; a tak\u017ce czcz\u0105c pami\u0119\u0107, najpierw chwalebnej Maryi, zawsze Dziewicy, Matki naszego Boga i Pana Jezusa Chrystusa\u2026\u201d<\/p>\n<\/blockquote>\n\n\n\n<p class=\"has-text-align-justify wp-block-paragraph\">Podczas gdy&nbsp;<em>Hanc igitur<\/em>, podobnie jak w Wielkanoc, wstawia si\u0119 za ochrzczonymi tej nocy:<\/p>\n\n\n\n<blockquote class=\"wp-block-quote has-normal-font-size is-layout-flow wp-block-quote-is-layout-flow\">\n<p class=\"has-text-align-justify wp-block-paragraph\">\u201ePrzeto prosimy Ci\u0119, Panie, aby\u015b by\u0142 przeb\u0142agany i przyj\u0105\u0142 t\u0119 ofiar\u0119 naszej s\u0142u\u017cby, jak r\u00f3wnie\u017c ca\u0142ej Twojej rodziny; kt\u00f3r\u0105 sk\u0142adamy Tobie tak\u017ce za tych, kt\u00f3rych raczy\u0142e\u015b odrodzi\u0107 z wody i Ducha \u015awi\u0119tego, udzielaj\u0105c im odpuszczenia wszystkich grzech\u00f3w; rozporz\u0105d\u017a naszymi dniami\u2026\u201d<\/p>\n<\/blockquote>\n\n\n\n<h2 class=\"wp-block-heading\"><strong>Reforma z 1955 roku<\/strong><\/h2>\n\n\n\n<p class=\"has-text-align-justify wp-block-paragraph\">W msza\u0142ach po 1955 roku Wigilia Zes\u0142ania Ducha \u015awi\u0119tego zosta\u0142a zredukowana do samej Mszy \u015awi\u0119tej, w formie, kt\u00f3r\u0105 w\u0142a\u015bnie opisali\u015bmy, \u0142\u0105cznie z introitem&nbsp;<em>Cum sanctificatus<\/em>. <\/p>\n\n\n\n<p class=\"has-text-align-justify wp-block-paragraph\">Proroctwa, procesja i po\u015bwi\u0119cenie wody zosta\u0142y po prostu zniesione. Chrzcielny charakter Wigilii zosta\u0142 zatarty, a liturgia skupia si\u0119 wy\u0142\u0105cznie na zes\u0142aniu Ducha \u015awi\u0119tego.<\/p>\n\n\n\n<p class=\"has-text-align-justify wp-block-paragraph\">List, kt\u00f3ry wyra\u017ca zwi\u0105zek mi\u0119dzy dwoma sakramentami, zosta\u0142 zachowany. Zastanawiaj\u0105ce jest, dlaczego zachowano w\u0142a\u015bciwe&nbsp;<em>Hanc igitur<\/em>, kt\u00f3re wstawia si\u0119 za ochrzczonymi tu\u017c przed Msz\u0105 \u015awi\u0119t\u0105, mimo \u017ce rytua\u0142 chrztu, do kt\u00f3rego si\u0119 odwo\u0142uje, zosta\u0142 zatarty. Podobnie jak w okresie Wielkanocy, w\u0142a\u015bciwe&nbsp;<em>Hanc igitur<\/em>&nbsp;odmawia si\u0119 w Mszy Wigilii, Mszy Dnia oraz mszach w ci\u0105gu ca\u0142ej oktawy.<\/p>\n\n\n\n<p class=\"has-text-align-justify wp-block-paragraph\">Ten&nbsp;<em>Hanc igitur<\/em>&nbsp;sta\u0142 si\u0119 ju\u017c w czasach reformy jedynie symboliczny, poniewa\u017c w rzeczywisto\u015bci chrzt\u00f3w praktycznie nigdy nie udzielano podczas celebracji. Niemniej jednak nawi\u0105zywa\u0142 on do ceremonii odprawianych w baptysterium przed w\u0142a\u015bciw\u0105 msz\u0105, podkre\u015blaj\u0105c w ten spos\u00f3b chrzcielny charakter ca\u0142ej Wigilii. <\/p>\n\n\n\n<p class=\"has-text-align-justify wp-block-paragraph\">Decyzja o zachowaniu modlitwy w tym miejscu po usuni\u0119ciu ceremonii poprzedzaj\u0105cych msz\u0119 czyni j\u0105 o wiele bardziej bezsensownym reliktem.<\/p>\n\n\n\n<h4 class=\"wp-block-heading\"><strong>Msza\u0142 z 1969 roku<\/strong><\/h4>\n\n\n\n<p class=\"has-text-align-justify wp-block-paragraph\">Msza\u0142 z 1969 roku zawiera, jak ju\u017c wspomnieli\u015bmy wy\u017cej, \u201eMsz\u0119 Wigilii wieczornej\u201d. Jest to msza poprzedzaj\u0105ca Zes\u0142anie Ducha \u015awi\u0119tego, kt\u00f3ra \u2013 pomijaj\u0105c modlitw\u0119 zachowan\u0105 tu i \u00f3wdzie \u2013 znacznie r\u00f3\u017cni si\u0119 od staro\u017cytnej Wigilii.<\/p>\n\n\n\n<p class=\"has-text-align-justify wp-block-paragraph\">Antyfona otwieraj\u0105ca nie jest ju\u017c staro\u017cytnym introitem&nbsp;<em>Cum sanctificatus<\/em>, lecz cytatem z Rz 5,5: \u201eMi\u0142o\u015b\u0107 Bo\u017ca rozlana jest w sercach naszych przez Ducha \u015awi\u0119tego, kt\u00f3ry w nas mieszka. Alleluja\u201d, zaczerpni\u0119tym z odrzuconej Mszy \u015awi\u0119tej z soboty w Zes\u0142anie Ducha \u015awi\u0119tego.<\/p>\n\n\n\n<p class=\"has-text-align-justify wp-block-paragraph\">Aspekt chrztu nie jest ju\u017c wyra\u017anie wspominany, a nacisk po\u0142o\u017cony jest na przyj\u015bcie Ducha \u015awi\u0119tego i zako\u0144czenie Okresu Paschalnego.<\/p>\n\n\n\n<p class=\"has-text-align-justify wp-block-paragraph\">Zachowano star\u0105 kolekt\u0119, ale tylko jako alternatyw\u0119; przed ni\u0105 umieszczono inn\u0105 modlitw\u0119, kt\u00f3r\u0105 mo\u017cna znale\u017a\u0107 w kilku staro\u017cytnych sakramentarzach i u\u017cywano tak\u017ce w obrz\u0105dku ambrozja\u0144skim:<\/p>\n\n\n\n<blockquote class=\"wp-block-quote is-layout-flow wp-block-quote-is-layout-flow\">\n<p class=\"has-text-align-justify wp-block-paragraph\">\u201eWszechmog\u0105cy, wieczny Bo\u017ce, kt\u00f3ry chcia\u0142e\u015b, aby tajemnica paschalna by\u0142a znakiem w ci\u0105gu pi\u0119\u0107dziesi\u0119ciu dni; spraw, aby spo\u015br\u00f3d rozproszonych narod\u00f3w, dzi\u0119ki niebia\u0144skiej \u0142asce, pomieszanie j\u0119zyk\u00f3w zebra\u0142o si\u0119 w jedno wielkie wyznanie Twojego imienia. Przez naszego Pana\u201d.<\/p>\n<\/blockquote>\n\n\n\n<p class=\"has-text-align-justify wp-block-paragraph\">Aluzja odnosi si\u0119 do wie\u017cy Babel, podzia\u0142u j\u0119zyk\u00f3w i fragmentu Dziej\u00f3w Apostolskich czytanego nast\u0119pnego dnia, gdzie ka\u017cdy rozumie kazanie aposto\u0142\u00f3w g\u0142oszone w jego w\u0142asnym j\u0119zyku.<\/p>\n\n\n\n<p class=\"has-text-align-justify wp-block-paragraph\">Cech\u0105 szczeg\u00f3ln\u0105 tej mszy, wyr\u00f3\u017cniaj\u0105c\u0105 j\u0105 spo\u015br\u00f3d innych msza\u0142\u00f3w, jest mo\u017cliwo\u015b\u0107 wyboru czterech tekst\u00f3w pierwszego czytania. S\u0105 to:<\/p>\n\n\n\n<p class=\"wp-block-paragraph\">\u2014&nbsp;<strong>Ksi\u0119ga Rodzaju 11:1-9&nbsp;<\/strong>: Wie\u017ca Babel<\/p>\n\n\n\n<p class=\"wp-block-paragraph\">\u2014&nbsp;<strong>Wyj\u015bcia 19:3-20&nbsp;<\/strong>: B\u00f3g objawia si\u0119 w ogniu po\u015br\u00f3d swego ludu<\/p>\n\n\n\n<p class=\"wp-block-paragraph\">\u2014&nbsp;<strong>Ezechiel 37:1-14&nbsp;<\/strong>: Suche ko\u015bci<\/p>\n\n\n\n<p class=\"wp-block-paragraph\">\u2014 Ksi\u0119ga&nbsp;<strong>Joela 3:1-5&nbsp;<\/strong>: Duch zamieszka we wszystkich ludziach<\/p>\n\n\n\n<p class=\"has-text-align-justify wp-block-paragraph\">Proroctwo Ezechiela tradycyjnie czytano podczas wigilii Paschy i Pi\u0119\u0107dziesi\u0105tnicy: pozosta\u0142e wyg\u0142aszano ex novo.<\/p>\n\n\n\n<p class=\"wp-block-paragraph\">Reszta Liturgii S\u0142owa jest sta\u0142a:<\/p>\n\n\n\n<p class=\"wp-block-paragraph\">\u2013Psalm 103:1: Panie, ze\u015blij swego Ducha, aby odnowi\u0142 oblicze ziemi.<\/p>\n\n\n\n<p class=\"wp-block-paragraph\">\u2013 Rzymian 8:22-27: Duch przychodzi nam z pomoc\u0105 w naszej s\u0142abo\u015bci.<\/p>\n\n\n\n<p class=\"wp-block-paragraph\"><em>Communicantes<\/em> Modlitwy Eucharystycznej&nbsp;<em>to<\/em>&nbsp;modlitwa zawarta w staro\u017cytnym mszale:<\/p>\n\n\n\n<blockquote class=\"wp-block-quote has-normal-font-size is-layout-flow wp-block-quote-is-layout-flow\">\n<p class=\"has-text-align-justify wp-block-paragraph\">\u201eKomunikuj\u0105c si\u0119 i przestrzegaj\u0105c naj\u015bwi\u0119tszego dnia Pi\u0119\u0107dziesi\u0105tnicy, podczas kt\u00f3rego Duch \u015awi\u0119ty ukaza\u0142 si\u0119 Aposto\u0142om w niezliczonych j\u0119zykach\u201d<\/p>\n<\/blockquote>\n\n\n\n<p class=\"has-text-align-justify wp-block-paragraph\">Oczywi\u015bcie w&nbsp;<em>Hanc igitur<\/em>&nbsp;ani w jej odpowiedniku w nowych modlitwach eucharystycznych nie ma \u017cadnej wzmianki o ochrzczonych.<\/p>\n\n\n\n<p class=\"wp-block-paragraph\">Modlitwa nad darami i postkomunia zawieraj\u0105 liczne odniesienia do Ducha \u015awi\u0119tego:<\/p>\n\n\n\n<blockquote class=\"wp-block-quote has-normal-font-size is-layout-flow wp-block-quote-is-layout-flow\">\n<p class=\"has-text-align-justify wp-block-paragraph\">\u201eWylej na te dary b\u0142ogos\u0142awie\u0144stwo Twojego Ducha, prosimy Ci\u0119, Panie, aby przez nie Tw\u00f3j Ko\u015bci\u00f3\u0142 nape\u0142ni\u0142 si\u0119 tak\u0105 mi\u0142o\u015bci\u0105, aby prawda Twojej zbawczej tajemnicy ja\u015bnia\u0142a dla ca\u0142ego \u015bwiata. Przez Chrystusa, Pana naszego\u201d.<\/p>\n<\/blockquote>\n\n\n\n<p class=\"wp-block-paragraph\">I<\/p>\n\n\n\n<blockquote class=\"wp-block-quote has-normal-font-size is-layout-flow wp-block-quote-is-layout-flow\">\n<p class=\"has-text-align-justify wp-block-paragraph\">\u201eNiech te dary, kt\u00f3re spo\u017cyli\u015bmy, przynios\u0105 nam po\u017cytek, Panie, aby\u015bmy zawsze p\u0142on\u0119li tym samym Duchem, kt\u00f3rego cudownie wyla\u0142e\u015b na swoich Aposto\u0142\u00f3w. Przez Chrystusa, Pana naszego\u201d.<\/p>\n<\/blockquote>\n\n\n\n<p class=\"wp-block-paragraph\">Antyfona na Komuni\u0119 pochodzi z Ewangelii:<\/p>\n\n\n\n<blockquote class=\"wp-block-quote has-normal-font-size is-layout-flow wp-block-quote-is-layout-flow\">\n<p class=\"has-text-align-justify wp-block-paragraph\">\u201eW ostatnim dniu \u015bwi\u0119ta Jezus stan\u0105\u0142 i zawo\u0142a\u0142: Je\u015bli kto\u015b jest spragniony, niech przyjdzie do Mnie i pije, alleluja\u201d.<\/p>\n<\/blockquote>\n\n\n\n<p class=\"has-text-align-justify wp-block-paragraph\">Mo\u017cna si\u0119 zastanawia\u0107, dlaczego nie zachowano nast\u0119puj\u0105cego zwrotu \u2013 \u201ea to powiedzia\u0142 o Duchu, kt\u00f3rego mieli otrzyma\u0107 ci, kt\u00f3rzy w Niego uwierzyli\u201d \u2013.<\/p>\n\n\n\n<h4 class=\"wp-block-heading\"><strong>Ci\u0105g\u0142o\u015b\u0107 czy zerwanie?<\/strong><\/h4>\n\n\n\n<blockquote class=\"wp-block-quote has-normal-font-size is-layout-flow wp-block-quote-is-layout-flow\">\n<p class=\"has-text-align-justify wp-block-paragraph\">\u201eTa odnowa jasno pokaza\u0142a r\u00f3wnie\u017c, \u017ce formu\u0142y Msza\u0142u Rzymskiego wymagaj\u0105 rewizji i wzbogacenia. Pocz\u0105tkiem tej odnowy by\u0142o dzie\u0142o Naszego Poprzednika, tego\u017c Piusa XII, w przywr\u00f3ceniu Wigilii Paschalnej i obrz\u0119d\u00f3w Wielkiego Tygodnia, co stanowi\u0142o pierwszy etap dostosowania Msza\u0142u Rzymskiego do wsp\u00f3\u0142czesnej mentalno\u015bci\u201d. <\/p>\n<\/blockquote>\n\n\n\n<p class=\"has-text-align-justify wp-block-paragraph\">Tak brzmia\u0142y s\u0142owa Paw\u0142a VI w Konstytucji Apostolskiej&nbsp;<em>Missale Romanum<\/em>.<\/p>\n\n\n\n<p class=\"has-text-align-justify wp-block-paragraph\">Wracamy do odwiecznego pytania: czy zmiany wprowadzone od lat 50. XX wieku, w trakcie reformy liturgicznej, pozostaj\u0105 w logicznej i historycznej ci\u0105g\u0142o\u015bci ze staro\u017cytnym rytem frankijsko-rzymskim, czy te\u017c stanowi\u0105 zerwanie?<\/p>\n\n\n\n<p class=\"has-text-align-justify wp-block-paragraph\">W tym przypadku Wigilii Zes\u0142ania Ducha \u015awi\u0119tego, niepami\u0119tna praktyka zosta\u0142a po prostu zniesiona. Jak s\u0142usznie zauwa\u017cy\u0142 pra\u0142at Gromier, to zniesienie zatar\u0142o chrzcielny charakter tego dnia, a zatem ca\u0142y nacisk k\u0142adzie si\u0119 teraz na przyj\u015bcie Ducha \u015awi\u0119tego. <\/p>\n\n\n\n<p class=\"has-text-align-justify wp-block-paragraph\">Celem cz\u0142onk\u00f3w Komisji by\u0142o wyra\u017ane skupienie si\u0119 wy\u0142\u0105cznie na chrzcie w Wielkanoc, a nast\u0119pnie na bierzmowaniu w Pi\u0119\u0107dziesi\u0105tnic\u0119, ze wzgl\u0119du na zst\u0105pienie Ducha \u015awi\u0119tego.<\/p>\n\n\n\n<p class=\"has-text-align-justify wp-block-paragraph\">Niemniej jednak, przynajmniej Msza pozosta\u0142a, bez powa\u017cnych zmian, a nawet zawiera elementy nawi\u0105zuj\u0105ce do Wigilii. Najmniej, co mo\u017cna powiedzie\u0107, to \u017ce jest do\u015b\u0107 niesp\u00f3jna. \u201eRestauracja\u201d z lat 50. XX wieku niczego nie przywr\u00f3ci\u0142a. <\/p>\n\n\n\n<p class=\"has-text-align-justify wp-block-paragraph\">Z powodu niejasnych kryteri\u00f3w dzia\u0142ania, r\u0105ba\u0142a niczym siekiery i nie zada\u0142a sobie trudu, by nada\u0107 swojemu dzie\u0142u ostateczny szlif. Nie trzeba by\u0107 nadzwyczaj przenikliwym, by zauwa\u017cy\u0107, \u017ce reforma ta zosta\u0142a przeprowadzona w po\u015bpiechu, a jej liczne niesp\u00f3jno\u015bci s\u0105 oczywiste.<\/p>\n\n\n\n<p class=\"has-text-align-justify wp-block-paragraph\">Je\u015bli chodzi o formularz z 1969 roku, pomijaj\u0105c dwa wspomniane wy\u017cej retencje, mamy do czynienia z nowym tworem. <\/p>\n\n\n\n<p class=\"has-text-align-justify wp-block-paragraph\">Obecnie wi\u0119kszo\u015b\u0107 diecezji organizuje \u201ewigili\u0119 Zes\u0142ania Ducha \u015awi\u0119tego\u201d, czasami z msz\u0105 wigilijn\u0105, cz\u0119sto z sakramentem bierzmowania, ale w takich przypadkach nale\u017cy uwzgl\u0119dni\u0107 znaczn\u0105 dawk\u0119 \u201ekreatywno\u015bci\u201d i \u201ekreatywno\u015bci\u201d ze wzgl\u0119du na brak wystarczaj\u0105cych wytycznych w mszale.<\/p>\n\n\n\n<p class=\"has-text-align-justify wp-block-paragraph\">Daleko&nbsp;nam do \u201eorganicznego rozwoju\u201d, tak drogiego Domowi Alcuinowi Reidowi, nale\u017cy raz jeszcze zwr\u00f3ci\u0107 uwag\u0119 na brak logiki i ci\u0105g\u0142o\u015bci w pracach komisji. W tym przypadku by\u0142o to w du\u017cej mierze dzie\u0142o t\u0142umienia, kt\u00f3re pozostawi\u0142o pustk\u0119 i szerokie pole do improwizacji. <\/p>\n\n\n\n<p class=\"has-text-align-justify wp-block-paragraph\">Co wi\u0119cej, by\u0107 mo\u017ce bardziej ni\u017c w jakikolwiek inny dzie\u0144 roku liturgicznego, r\u00f3\u017cnorodno\u015b\u0107 obecnej praktyki dotycz\u0105cej wigilii Pi\u0119\u0107dziesi\u0105tnicy przywodzi na my\u015bl jedno z czyta\u0144 fakultatywnych tego dnia: o wie\u017cy Babel.<\/p>\n\n\n\n<p class=\"wp-block-paragraph\"><strong>Bibliografia<\/strong><\/p>\n\n\n\n<ul class=\"wp-block-list\">\n<li>SCHUSTER, I.,&nbsp;<em>Sakramentarz (Liber Sacramentorum): Notatki historyczne i liturgiczne do Msza\u0142u Rzymskiego.<\/em>&nbsp;T\u0142um. Arthur Levelis-Marke. Tom II. Londyn, 1924.<\/li>\n\n\n\n<li>GUERANGER P.,&nbsp;<em>Rok liturgiczny<\/em>&nbsp;. T\u0142um. Laurence Shepherd. Tom IX. Londyn, 1910.<\/li>\n\n\n\n<li>PARSCH, P., Rok \u0142aski w Ko\u015bciele, Liturgical Press, Collegeville, 1953.<\/li>\n\n\n\n<li>REID A., Organiczny rozw\u00f3j liturgii, St Michael&#8217;s Abbey Press, Farnborough, 2004.<\/li>\n<\/ul>\n\n\n\n<div class=\"wp-block-kadence-infobox kt-info-box74405_787106-ce\"><a class=\"kt-blocks-info-box-link-wrap info-box-link kt-blocks-info-box-media-align-top kt-info-halign-center\" target=\"_blank\" rel=\"noopener noreferrer\" href=\"https:\/\/wobronietradycjiiwiary.com\/pl\/subskrypcje-2\/\"><div class=\"kt-blocks-info-box-media-container\"><div class=\"kt-blocks-info-box-media kt-info-media-animate-none\"><div class=\"kadence-info-box-image-inner-intrisic-container\"><div class=\"kadence-info-box-image-intrisic kt-info-animate-none\"><div class=\"kadence-info-box-image-inner-intrisic\"><img decoding=\"async\" data-attachment-id=\"99768\" data-permalink=\"https:\/\/wobronietradycjiiwiary.com\/pl\/cropped-cropped-st-peters-dome-vatican-1-jpg\/\" data-orig-file=\"https:\/\/wobronietradycjiiwiary.com\/wp-content\/uploads\/2015\/10\/cropped-cropped-st-peters-dome-vatican-1.jpg\" data-orig-size=\"512,512\" data-comments-opened=\"1\" data-image-meta=\"{&quot;aperture&quot;:&quot;0&quot;,&quot;credit&quot;:&quot;&quot;,&quot;camera&quot;:&quot;&quot;,&quot;caption&quot;:&quot;&quot;,&quot;created_timestamp&quot;:&quot;0&quot;,&quot;copyright&quot;:&quot;&quot;,&quot;focal_length&quot;:&quot;0&quot;,&quot;iso&quot;:&quot;0&quot;,&quot;shutter_speed&quot;:&quot;0&quot;,&quot;title&quot;:&quot;&quot;,&quot;orientation&quot;:&quot;0&quot;}\" data-image-title=\"cropped-cropped-st-peters-dome-vatican-1.jpg\" data-image-description=\"&lt;p&gt;https:\/\/wobronietradycjiiwiary.com\/wp-content\/uploads\/2015\/10\/cropped-cropped-st-peters-dome-vatican-1.jpg&lt;\/p&gt;\n\" data-image-caption=\"\" data-large-file=\"https:\/\/wobronietradycjiiwiary.com\/wp-content\/uploads\/2015\/10\/cropped-cropped-st-peters-dome-vatican-1.jpg\" src=\"https:\/\/wobronietradycjiiwiary.com\/wp-content\/uploads\/2015\/10\/cropped-cropped-st-peters-dome-vatican-1-150x150.jpg\" alt=\"\" width=\"150\" height=\"150\" class=\"kt-info-box-image wp-image-99768\" srcset=\"https:\/\/wobronietradycjiiwiary.com\/wp-content\/uploads\/2015\/10\/cropped-cropped-st-peters-dome-vatican-1-150x150.jpg 150w, https:\/\/wobronietradycjiiwiary.com\/wp-content\/uploads\/2015\/10\/cropped-cropped-st-peters-dome-vatican-1-300x300.jpg 300w, https:\/\/wobronietradycjiiwiary.com\/wp-content\/uploads\/2015\/10\/cropped-cropped-st-peters-dome-vatican-1-12x12.jpg 12w, https:\/\/wobronietradycjiiwiary.com\/wp-content\/uploads\/2015\/10\/cropped-cropped-st-peters-dome-vatican-1-400x400.jpg?crop=1 400w, https:\/\/wobronietradycjiiwiary.com\/wp-content\/uploads\/2015\/10\/cropped-cropped-st-peters-dome-vatican-1-200x200.jpg?crop=1 200w, https:\/\/wobronietradycjiiwiary.com\/wp-content\/uploads\/2015\/10\/cropped-cropped-st-peters-dome-vatican-1-100x100.jpg?crop=1 100w, https:\/\/wobronietradycjiiwiary.com\/wp-content\/uploads\/2015\/10\/cropped-cropped-st-peters-dome-vatican-1-270x270.jpg 270w, https:\/\/wobronietradycjiiwiary.com\/wp-content\/uploads\/2015\/10\/cropped-cropped-st-peters-dome-vatican-1-192x192.jpg 192w, https:\/\/wobronietradycjiiwiary.com\/wp-content\/uploads\/2015\/10\/cropped-cropped-st-peters-dome-vatican-1-180x180.jpg 180w, https:\/\/wobronietradycjiiwiary.com\/wp-content\/uploads\/2015\/10\/cropped-cropped-st-peters-dome-vatican-1-32x32.jpg 32w, https:\/\/wobronietradycjiiwiary.com\/wp-content\/uploads\/2015\/10\/cropped-cropped-st-peters-dome-vatican-1.jpg 512w\" sizes=\"(max-width: 150px) 100vw, 150px\" \/><\/div><\/div><\/div><\/div><\/div><div class=\"kt-infobox-textcontent\"><h2 class=\"kt-blocks-info-box-title\">Chcesz czyta\u0107 wszystko?<\/h2><p class=\"kt-blocks-info-box-text\"><strong>Wykup abonament.<\/strong><\/p><\/div><\/a><\/div>\n\n\n\n<div class=\"wp-block-cover aligncenter\" style=\"min-height:361px;aspect-ratio:unset;\"><img fetchpriority=\"high\" decoding=\"async\" width=\"524\" height=\"539\" data-attachment-id=\"115630\" data-permalink=\"https:\/\/wobronietradycjiiwiary.com\/pl\/church-militant-o-naduzyciach-seksualnych-w-bractwie-sw-piusa-x-nowy-cykl\/ec48bf44892c29b895741920e0bdef09-2\/\" data-orig-file=\"https:\/\/wobronietradycjiiwiary.com\/wp-content\/uploads\/2024\/04\/ec48bf44892c29b895741920e0bdef09.jpg\" data-orig-size=\"524,539\" data-comments-opened=\"1\" data-image-meta=\"{&quot;aperture&quot;:&quot;0&quot;,&quot;credit&quot;:&quot;&quot;,&quot;camera&quot;:&quot;&quot;,&quot;caption&quot;:&quot;&quot;,&quot;created_timestamp&quot;:&quot;0&quot;,&quot;copyright&quot;:&quot;&quot;,&quot;focal_length&quot;:&quot;0&quot;,&quot;iso&quot;:&quot;0&quot;,&quot;shutter_speed&quot;:&quot;0&quot;,&quot;title&quot;:&quot;&quot;,&quot;orientation&quot;:&quot;0&quot;}\" data-image-title=\"ec48bf44892c29b895741920e0bdef09\" data-image-description=\"\" data-image-caption=\"\" data-large-file=\"https:\/\/wobronietradycjiiwiary.com\/wp-content\/uploads\/2024\/04\/ec48bf44892c29b895741920e0bdef09.jpg\" class=\"wp-block-cover__image-background wp-image-115630\" alt=\"\" src=\"https:\/\/wobronietradycjiiwiary.com\/wp-content\/uploads\/2024\/04\/ec48bf44892c29b895741920e0bdef09.jpg\" style=\"object-position:57% 0%\" data-object-fit=\"cover\" data-object-position=\"57% 0%\" srcset=\"https:\/\/wobronietradycjiiwiary.com\/wp-content\/uploads\/2024\/04\/ec48bf44892c29b895741920e0bdef09.jpg 524w, https:\/\/wobronietradycjiiwiary.com\/wp-content\/uploads\/2024\/04\/ec48bf44892c29b895741920e0bdef09-450x463.jpg 450w, https:\/\/wobronietradycjiiwiary.com\/wp-content\/uploads\/2024\/04\/ec48bf44892c29b895741920e0bdef09-292x300.jpg 292w, https:\/\/wobronietradycjiiwiary.com\/wp-content\/uploads\/2024\/04\/ec48bf44892c29b895741920e0bdef09-146x150.jpg 146w, https:\/\/wobronietradycjiiwiary.com\/wp-content\/uploads\/2024\/04\/ec48bf44892c29b895741920e0bdef09-12x12.jpg 12w, https:\/\/wobronietradycjiiwiary.com\/wp-content\/uploads\/2024\/04\/ec48bf44892c29b895741920e0bdef09-58x60.jpg 58w, https:\/\/wobronietradycjiiwiary.com\/wp-content\/uploads\/2024\/04\/ec48bf44892c29b895741920e0bdef09-87x90.jpg 87w\" sizes=\"(max-width: 524px) 100vw, 524px\" \/><span aria-hidden=\"true\" class=\"wp-block-cover__background has-background-dim\"><\/span><div class=\"wp-block-cover__inner-container is-layout-flow wp-block-cover-is-layout-flow\">\n<p class=\"has-text-align-center has-large-font-size wp-block-paragraph\"><mark style=\"background-color:rgba(0, 0, 0, 0)\" class=\"has-inline-color has-luminous-vivid-amber-color\"><strong>Spodoba\u0142o si\u0119? Wspieraj nas!<\/strong><\/mark><\/p>\n\n\n\n<p class=\"has-text-align-center wp-block-paragraph\"><strong>Kart\u0105, paypalem lub bezpo\u015brednim przelewem<\/strong>.<\/p>\n\n\n\n<p class=\"has-text-align-center wp-block-paragraph\" style=\"font-size:39px\"><a aria-label=\" (opens in a new tab)\" class=\"ek-link\" href=\"https:\/\/donate.stripe.com\/6oE7uNfHU4nXe2I7su\" target=\"_blank\" rel=\"noreferrer noopener\"><mark style=\"background-color:rgba(0, 0, 0, 0)\" class=\"has-inline-color has-white-color\"><strong>Datki<\/strong> <\/mark><\/a><\/p>\n<\/div><\/div>\n","protected":false},"excerpt":{"rendered":"<p>Kolejny artyku\u0142 o zniesieniu Wigilii Pi\u0119\u0107dziesi\u0105tnicy.<\/p>\n","protected":false},"author":60508433,"featured_media":165824,"comment_status":"open","ping_status":"open","sticky":false,"template":"","format":"standard","meta":{"_bbp_topic_count":0,"_bbp_reply_count":0,"_bbp_total_topic_count":0,"_bbp_total_reply_count":0,"_bbp_voice_count":0,"_bbp_anonymous_reply_count":0,"_bbp_topic_count_hidden":0,"_bbp_reply_count_hidden":0,"_bbp_forum_subforum_count":0,"_editorskit_title_hidden":false,"_editorskit_reading_time":0,"_editorskit_is_block_options_detached":false,"_editorskit_block_options_position":"{}","_coblocks_attr":"","_coblocks_dimensions":"","_coblocks_responsive_height":"","_coblocks_accordion_ie_support":"","_exactmetrics_skip_tracking":false,"_jetpack_newsletter_access":"","_jetpack_dont_email_post_to_subs":false,"_jetpack_newsletter_tier_id":0,"_jetpack_memberships_contains_paywalled_content":false,"_wpcom_ai_launchpad_first_post":false,"_jetpack_feature_clip_id":0,"_jetpack_memberships_contains_paid_content":false,"footnotes":"","jetpack_publicize_message":"o. Jean-Pierre Herman, Pi\u0119\u0107dziesi\u0105tnica przyci\u0119ta czy przywr\u00f3cona","jetpack_publicize_feature_enabled":true,"jetpack_social_post_already_shared":true,"jetpack_social_options":{"image_generator_settings":{"template":"highway","default_image_id":0,"font":"","enabled":false},"version":2},"_wpas_customize_per_network":false,"jetpack_post_was_ever_published":false},"categories":[610131184,336375535,610131268,610131155,610136199],"tags":[200063,610132343,610136198],"class_list":["post-165822","post","type-post","status-publish","format-standard","has-post-thumbnail","hentry","category-duchowosc","category-liturgia-i-liturgika","category-rok-liturgiczny","category-rozwazania","category-wigilia-piecdziesiatnicy","tag-liturgia","tag-reforma-liturgiczna","tag-wigilia-piecdziesiatnicy"],"yoast_head":"<!-- This site is optimized with the Yoast SEO plugin v28.3 - https:\/\/yoast.com\/product\/yoast-seo-wordpress\/ -->\n<title>o. Jean-Pierre Herman, Pi\u0119\u0107dziesi\u0105tnica przyci\u0119ta czy przywr\u00f3cona - Tradycja i Wiara<\/title>\n<meta name=\"robots\" content=\"index, follow, max-snippet:-1, max-image-preview:large, max-video-preview:-1\" \/>\n<link rel=\"canonical\" href=\"https:\/\/wobronietradycjiiwiary.com\/pl\/o-jean-pierre-herman-piecdziesiatnica-przycieta-czy-przywrocona\/\" \/>\n<meta property=\"og:locale\" content=\"pl_PL\" \/>\n<meta property=\"og:type\" content=\"article\" \/>\n<meta property=\"og:title\" content=\"o. Jean-Pierre Herman, Pi\u0119\u0107dziesi\u0105tnica przyci\u0119ta czy przywr\u00f3cona - Tradycja i Wiara\" \/>\n<meta property=\"og:description\" content=\"Kolejny artyku\u0142 o zniesieniu Wigilii Pi\u0119\u0107dziesi\u0105tnicy.\" \/>\n<meta property=\"og:url\" content=\"https:\/\/wobronietradycjiiwiary.com\/pl\/o-jean-pierre-herman-piecdziesiatnica-przycieta-czy-przywrocona\/\" \/>\n<meta property=\"og:site_name\" content=\"Tradycja i Wiara\" \/>\n<meta property=\"article:publisher\" content=\"https:\/\/www.facebook.com\/Tradycja-i-Wiara-108813920592249\" \/>\n<meta property=\"article:published_time\" content=\"2026-05-23T06:10:00+00:00\" \/>\n<meta property=\"article:modified_time\" content=\"2026-05-23T15:25:04+00:00\" \/>\n<meta property=\"og:image\" content=\"https:\/\/wobronietradycjiiwiary.com\/wp-content\/uploads\/2026\/05\/Pfingsten-Mainzer_Evangeliar-Aufmacher-1013x584-1.jpg\" \/>\n\t<meta property=\"og:image:width\" content=\"1013\" \/>\n\t<meta property=\"og:image:height\" content=\"584\" \/>\n\t<meta property=\"og:image:type\" content=\"image\/jpeg\" \/>\n<meta name=\"author\" content=\"Traditio et Fides\" \/>\n<meta name=\"twitter:card\" content=\"summary_large_image\" \/>\n<meta name=\"twitter:label1\" content=\"Napisane przez\" \/>\n\t<meta name=\"twitter:data1\" content=\"Traditio et Fides\" \/>\n\t<meta name=\"twitter:label2\" content=\"Szacowany czas czytania\" \/>\n\t<meta name=\"twitter:data2\" content=\"14 minut\" \/>\n<script type=\"application\/ld+json\" class=\"yoast-schema-graph\">{\"@context\":\"https:\\\/\\\/schema.org\",\"@graph\":[{\"@type\":\"Article\",\"@id\":\"https:\\\/\\\/wobronietradycjiiwiary.com\\\/pl\\\/o-jean-pierre-herman-piecdziesiatnica-przycieta-czy-przywrocona\\\/#article\",\"isPartOf\":{\"@id\":\"https:\\\/\\\/wobronietradycjiiwiary.com\\\/pl\\\/o-jean-pierre-herman-piecdziesiatnica-przycieta-czy-przywrocona\\\/\"},\"author\":{\"name\":\"Traditio et Fides\",\"@id\":\"https:\\\/\\\/wobronietradycjiiwiary.com\\\/pl\\\/#\\\/schema\\\/person\\\/2d6180ce6abcb681fef0daab7816e8f3\"},\"headline\":\"o. Jean-Pierre Herman, Pi\u0119\u0107dziesi\u0105tnica przyci\u0119ta czy przywr\u00f3cona\",\"datePublished\":\"2026-05-23T06:10:00+00:00\",\"dateModified\":\"2026-05-23T15:25:04+00:00\",\"mainEntityOfPage\":{\"@id\":\"https:\\\/\\\/wobronietradycjiiwiary.com\\\/pl\\\/o-jean-pierre-herman-piecdziesiatnica-przycieta-czy-przywrocona\\\/\"},\"wordCount\":3517,\"commentCount\":0,\"publisher\":{\"@id\":\"https:\\\/\\\/wobronietradycjiiwiary.com\\\/pl\\\/#organization\"},\"image\":{\"@id\":\"https:\\\/\\\/wobronietradycjiiwiary.com\\\/pl\\\/o-jean-pierre-herman-piecdziesiatnica-przycieta-czy-przywrocona\\\/#primaryimage\"},\"thumbnailUrl\":\"https:\\\/\\\/wobronietradycjiiwiary.com\\\/wp-content\\\/uploads\\\/2026\\\/05\\\/Pfingsten-Mainzer_Evangeliar-Aufmacher-1013x584-1.jpg\",\"keywords\":[\"Liturgia\",\"reforma liturgiczna\",\"Wigilia Pi\u0119\u0107dziesi\u0105tnicy\"],\"articleSection\":[\"Duchowo\u015b\u0107\",\"Liturgia i liturgika\",\"Rok liturgiczny\",\"Rozwa\u017cania liturgiczne\",\"Wigilia Pi\u0119\u0107dziesi\u0105tnicy\"],\"inLanguage\":\"pl-PL\",\"potentialAction\":[{\"@type\":\"CommentAction\",\"name\":\"Comment\",\"target\":[\"https:\\\/\\\/wobronietradycjiiwiary.com\\\/pl\\\/o-jean-pierre-herman-piecdziesiatnica-przycieta-czy-przywrocona\\\/#respond\"]}]},{\"@type\":\"WebPage\",\"@id\":\"https:\\\/\\\/wobronietradycjiiwiary.com\\\/pl\\\/o-jean-pierre-herman-piecdziesiatnica-przycieta-czy-przywrocona\\\/\",\"url\":\"https:\\\/\\\/wobronietradycjiiwiary.com\\\/pl\\\/o-jean-pierre-herman-piecdziesiatnica-przycieta-czy-przywrocona\\\/\",\"name\":\"o. Jean-Pierre Herman, Pi\u0119\u0107dziesi\u0105tnica przyci\u0119ta czy przywr\u00f3cona - Tradycja i Wiara\",\"isPartOf\":{\"@id\":\"https:\\\/\\\/wobronietradycjiiwiary.com\\\/pl\\\/#website\"},\"primaryImageOfPage\":{\"@id\":\"https:\\\/\\\/wobronietradycjiiwiary.com\\\/pl\\\/o-jean-pierre-herman-piecdziesiatnica-przycieta-czy-przywrocona\\\/#primaryimage\"},\"image\":{\"@id\":\"https:\\\/\\\/wobronietradycjiiwiary.com\\\/pl\\\/o-jean-pierre-herman-piecdziesiatnica-przycieta-czy-przywrocona\\\/#primaryimage\"},\"thumbnailUrl\":\"https:\\\/\\\/wobronietradycjiiwiary.com\\\/wp-content\\\/uploads\\\/2026\\\/05\\\/Pfingsten-Mainzer_Evangeliar-Aufmacher-1013x584-1.jpg\",\"datePublished\":\"2026-05-23T06:10:00+00:00\",\"dateModified\":\"2026-05-23T15:25:04+00:00\",\"breadcrumb\":{\"@id\":\"https:\\\/\\\/wobronietradycjiiwiary.com\\\/pl\\\/o-jean-pierre-herman-piecdziesiatnica-przycieta-czy-przywrocona\\\/#breadcrumb\"},\"inLanguage\":\"pl-PL\",\"potentialAction\":[{\"@type\":\"ReadAction\",\"target\":[\"https:\\\/\\\/wobronietradycjiiwiary.com\\\/pl\\\/o-jean-pierre-herman-piecdziesiatnica-przycieta-czy-przywrocona\\\/\"]}]},{\"@type\":\"ImageObject\",\"inLanguage\":\"pl-PL\",\"@id\":\"https:\\\/\\\/wobronietradycjiiwiary.com\\\/pl\\\/o-jean-pierre-herman-piecdziesiatnica-przycieta-czy-przywrocona\\\/#primaryimage\",\"url\":\"https:\\\/\\\/wobronietradycjiiwiary.com\\\/wp-content\\\/uploads\\\/2026\\\/05\\\/Pfingsten-Mainzer_Evangeliar-Aufmacher-1013x584-1.jpg\",\"contentUrl\":\"https:\\\/\\\/wobronietradycjiiwiary.com\\\/wp-content\\\/uploads\\\/2026\\\/05\\\/Pfingsten-Mainzer_Evangeliar-Aufmacher-1013x584-1.jpg\",\"width\":1013,\"height\":584},{\"@type\":\"BreadcrumbList\",\"@id\":\"https:\\\/\\\/wobronietradycjiiwiary.com\\\/pl\\\/o-jean-pierre-herman-piecdziesiatnica-przycieta-czy-przywrocona\\\/#breadcrumb\",\"itemListElement\":[{\"@type\":\"ListItem\",\"position\":1,\"name\":\"Strona g\u0142\u00f3wna\",\"item\":\"https:\\\/\\\/wobronietradycjiiwiary.com\\\/\"},{\"@type\":\"ListItem\",\"position\":2,\"name\":\"o. Jean-Pierre Herman, Pi\u0119\u0107dziesi\u0105tnica przyci\u0119ta czy przywr\u00f3cona\"}]},{\"@type\":\"WebSite\",\"@id\":\"https:\\\/\\\/wobronietradycjiiwiary.com\\\/pl\\\/#website\",\"url\":\"https:\\\/\\\/wobronietradycjiiwiary.com\\\/pl\\\/\",\"name\":\"Tradycja i Wiara\",\"description\":\"Portal dla katolik\u00f3w.\",\"publisher\":{\"@id\":\"https:\\\/\\\/wobronietradycjiiwiary.com\\\/pl\\\/#organization\"},\"potentialAction\":[{\"@type\":\"SearchAction\",\"target\":{\"@type\":\"EntryPoint\",\"urlTemplate\":\"https:\\\/\\\/wobronietradycjiiwiary.com\\\/pl\\\/?s={search_term_string}\"},\"query-input\":{\"@type\":\"PropertyValueSpecification\",\"valueRequired\":true,\"valueName\":\"search_term_string\"}}],\"inLanguage\":\"pl-PL\"},{\"@type\":\"Organization\",\"@id\":\"https:\\\/\\\/wobronietradycjiiwiary.com\\\/pl\\\/#organization\",\"name\":\"Tradycja i Wiara\",\"url\":\"https:\\\/\\\/wobronietradycjiiwiary.com\\\/pl\\\/\",\"logo\":{\"@type\":\"ImageObject\",\"inLanguage\":\"pl-PL\",\"@id\":\"https:\\\/\\\/wobronietradycjiiwiary.com\\\/pl\\\/#\\\/schema\\\/logo\\\/image\\\/\",\"url\":\"https:\\\/\\\/i0.wp.com\\\/wobronietradycjiiwiary.com\\\/wp-content\\\/uploads\\\/2015\\\/10\\\/cropped-st-peters-dome-vatican.jpg?fit=940%2C198&ssl=1\",\"contentUrl\":\"https:\\\/\\\/i0.wp.com\\\/wobronietradycjiiwiary.com\\\/wp-content\\\/uploads\\\/2015\\\/10\\\/cropped-st-peters-dome-vatican.jpg?fit=940%2C198&ssl=1\",\"width\":940,\"height\":198,\"caption\":\"Tradycja i Wiara\"},\"image\":{\"@id\":\"https:\\\/\\\/wobronietradycjiiwiary.com\\\/pl\\\/#\\\/schema\\\/logo\\\/image\\\/\"},\"sameAs\":[\"https:\\\/\\\/www.facebook.com\\\/Tradycja-i-Wiara-108813920592249\"]},{\"@type\":\"Person\",\"@id\":\"https:\\\/\\\/wobronietradycjiiwiary.com\\\/pl\\\/#\\\/schema\\\/person\\\/2d6180ce6abcb681fef0daab7816e8f3\",\"name\":\"Traditio et Fides\",\"sameAs\":[\"https:\\\/\\\/traditionundglauben.com\"],\"url\":\"https:\\\/\\\/wobronietradycjiiwiary.com\\\/pl\\\/author\\\/wobronietradycjiiwiary\\\/\"}]}<\/script>\n<!-- \/ Yoast SEO plugin. -->","yoast_head_json":{"title":"o. Jean-Pierre Herman, Pi\u0119\u0107dziesi\u0105tnica przyci\u0119ta czy przywr\u00f3cona - Tradycja i Wiara","robots":{"index":"index","follow":"follow","max-snippet":"max-snippet:-1","max-image-preview":"max-image-preview:large","max-video-preview":"max-video-preview:-1"},"canonical":"https:\/\/wobronietradycjiiwiary.com\/pl\/o-jean-pierre-herman-piecdziesiatnica-przycieta-czy-przywrocona\/","og_locale":"pl_PL","og_type":"article","og_title":"o. Jean-Pierre Herman, Pi\u0119\u0107dziesi\u0105tnica przyci\u0119ta czy przywr\u00f3cona - Tradycja i Wiara","og_description":"Kolejny artyku\u0142 o zniesieniu Wigilii Pi\u0119\u0107dziesi\u0105tnicy.","og_url":"https:\/\/wobronietradycjiiwiary.com\/pl\/o-jean-pierre-herman-piecdziesiatnica-przycieta-czy-przywrocona\/","og_site_name":"Tradycja i Wiara","article_publisher":"https:\/\/www.facebook.com\/Tradycja-i-Wiara-108813920592249","article_published_time":"2026-05-23T06:10:00+00:00","article_modified_time":"2026-05-23T15:25:04+00:00","og_image":[{"width":1013,"height":584,"url":"https:\/\/wobronietradycjiiwiary.com\/wp-content\/uploads\/2026\/05\/Pfingsten-Mainzer_Evangeliar-Aufmacher-1013x584-1.jpg","type":"image\/jpeg"}],"author":"Traditio et Fides","twitter_card":"summary_large_image","twitter_misc":{"Napisane przez":"Traditio et Fides","Szacowany czas czytania":"14 minut"},"schema":{"@context":"https:\/\/schema.org","@graph":[{"@type":"Article","@id":"https:\/\/wobronietradycjiiwiary.com\/pl\/o-jean-pierre-herman-piecdziesiatnica-przycieta-czy-przywrocona\/#article","isPartOf":{"@id":"https:\/\/wobronietradycjiiwiary.com\/pl\/o-jean-pierre-herman-piecdziesiatnica-przycieta-czy-przywrocona\/"},"author":{"name":"Traditio et Fides","@id":"https:\/\/wobronietradycjiiwiary.com\/pl\/#\/schema\/person\/2d6180ce6abcb681fef0daab7816e8f3"},"headline":"o. Jean-Pierre Herman, Pi\u0119\u0107dziesi\u0105tnica przyci\u0119ta czy przywr\u00f3cona","datePublished":"2026-05-23T06:10:00+00:00","dateModified":"2026-05-23T15:25:04+00:00","mainEntityOfPage":{"@id":"https:\/\/wobronietradycjiiwiary.com\/pl\/o-jean-pierre-herman-piecdziesiatnica-przycieta-czy-przywrocona\/"},"wordCount":3517,"commentCount":0,"publisher":{"@id":"https:\/\/wobronietradycjiiwiary.com\/pl\/#organization"},"image":{"@id":"https:\/\/wobronietradycjiiwiary.com\/pl\/o-jean-pierre-herman-piecdziesiatnica-przycieta-czy-przywrocona\/#primaryimage"},"thumbnailUrl":"https:\/\/wobronietradycjiiwiary.com\/wp-content\/uploads\/2026\/05\/Pfingsten-Mainzer_Evangeliar-Aufmacher-1013x584-1.jpg","keywords":["Liturgia","reforma liturgiczna","Wigilia Pi\u0119\u0107dziesi\u0105tnicy"],"articleSection":["Duchowo\u015b\u0107","Liturgia i liturgika","Rok liturgiczny","Rozwa\u017cania liturgiczne","Wigilia Pi\u0119\u0107dziesi\u0105tnicy"],"inLanguage":"pl-PL","potentialAction":[{"@type":"CommentAction","name":"Comment","target":["https:\/\/wobronietradycjiiwiary.com\/pl\/o-jean-pierre-herman-piecdziesiatnica-przycieta-czy-przywrocona\/#respond"]}]},{"@type":"WebPage","@id":"https:\/\/wobronietradycjiiwiary.com\/pl\/o-jean-pierre-herman-piecdziesiatnica-przycieta-czy-przywrocona\/","url":"https:\/\/wobronietradycjiiwiary.com\/pl\/o-jean-pierre-herman-piecdziesiatnica-przycieta-czy-przywrocona\/","name":"o. Jean-Pierre Herman, Pi\u0119\u0107dziesi\u0105tnica przyci\u0119ta czy przywr\u00f3cona - Tradycja i Wiara","isPartOf":{"@id":"https:\/\/wobronietradycjiiwiary.com\/pl\/#website"},"primaryImageOfPage":{"@id":"https:\/\/wobronietradycjiiwiary.com\/pl\/o-jean-pierre-herman-piecdziesiatnica-przycieta-czy-przywrocona\/#primaryimage"},"image":{"@id":"https:\/\/wobronietradycjiiwiary.com\/pl\/o-jean-pierre-herman-piecdziesiatnica-przycieta-czy-przywrocona\/#primaryimage"},"thumbnailUrl":"https:\/\/wobronietradycjiiwiary.com\/wp-content\/uploads\/2026\/05\/Pfingsten-Mainzer_Evangeliar-Aufmacher-1013x584-1.jpg","datePublished":"2026-05-23T06:10:00+00:00","dateModified":"2026-05-23T15:25:04+00:00","breadcrumb":{"@id":"https:\/\/wobronietradycjiiwiary.com\/pl\/o-jean-pierre-herman-piecdziesiatnica-przycieta-czy-przywrocona\/#breadcrumb"},"inLanguage":"pl-PL","potentialAction":[{"@type":"ReadAction","target":["https:\/\/wobronietradycjiiwiary.com\/pl\/o-jean-pierre-herman-piecdziesiatnica-przycieta-czy-przywrocona\/"]}]},{"@type":"ImageObject","inLanguage":"pl-PL","@id":"https:\/\/wobronietradycjiiwiary.com\/pl\/o-jean-pierre-herman-piecdziesiatnica-przycieta-czy-przywrocona\/#primaryimage","url":"https:\/\/wobronietradycjiiwiary.com\/wp-content\/uploads\/2026\/05\/Pfingsten-Mainzer_Evangeliar-Aufmacher-1013x584-1.jpg","contentUrl":"https:\/\/wobronietradycjiiwiary.com\/wp-content\/uploads\/2026\/05\/Pfingsten-Mainzer_Evangeliar-Aufmacher-1013x584-1.jpg","width":1013,"height":584},{"@type":"BreadcrumbList","@id":"https:\/\/wobronietradycjiiwiary.com\/pl\/o-jean-pierre-herman-piecdziesiatnica-przycieta-czy-przywrocona\/#breadcrumb","itemListElement":[{"@type":"ListItem","position":1,"name":"Strona g\u0142\u00f3wna","item":"https:\/\/wobronietradycjiiwiary.com\/"},{"@type":"ListItem","position":2,"name":"o. Jean-Pierre Herman, Pi\u0119\u0107dziesi\u0105tnica przyci\u0119ta czy przywr\u00f3cona"}]},{"@type":"WebSite","@id":"https:\/\/wobronietradycjiiwiary.com\/pl\/#website","url":"https:\/\/wobronietradycjiiwiary.com\/pl\/","name":"Tradycja i Wiara","description":"Portal dla katolik\u00f3w.","publisher":{"@id":"https:\/\/wobronietradycjiiwiary.com\/pl\/#organization"},"potentialAction":[{"@type":"SearchAction","target":{"@type":"EntryPoint","urlTemplate":"https:\/\/wobronietradycjiiwiary.com\/pl\/?s={search_term_string}"},"query-input":{"@type":"PropertyValueSpecification","valueRequired":true,"valueName":"search_term_string"}}],"inLanguage":"pl-PL"},{"@type":"Organization","@id":"https:\/\/wobronietradycjiiwiary.com\/pl\/#organization","name":"Tradycja i Wiara","url":"https:\/\/wobronietradycjiiwiary.com\/pl\/","logo":{"@type":"ImageObject","inLanguage":"pl-PL","@id":"https:\/\/wobronietradycjiiwiary.com\/pl\/#\/schema\/logo\/image\/","url":"https:\/\/i0.wp.com\/wobronietradycjiiwiary.com\/wp-content\/uploads\/2015\/10\/cropped-st-peters-dome-vatican.jpg?fit=940%2C198&ssl=1","contentUrl":"https:\/\/i0.wp.com\/wobronietradycjiiwiary.com\/wp-content\/uploads\/2015\/10\/cropped-st-peters-dome-vatican.jpg?fit=940%2C198&ssl=1","width":940,"height":198,"caption":"Tradycja i Wiara"},"image":{"@id":"https:\/\/wobronietradycjiiwiary.com\/pl\/#\/schema\/logo\/image\/"},"sameAs":["https:\/\/www.facebook.com\/Tradycja-i-Wiara-108813920592249"]},{"@type":"Person","@id":"https:\/\/wobronietradycjiiwiary.com\/pl\/#\/schema\/person\/2d6180ce6abcb681fef0daab7816e8f3","name":"Traditio et Fides","sameAs":["https:\/\/traditionundglauben.com"],"url":"https:\/\/wobronietradycjiiwiary.com\/pl\/author\/wobronietradycjiiwiary\/"}]}},"jetpack_publicize_connections":[],"jetpack_sharing_enabled":true,"jetpack_likes_enabled":true,"jetpack_shortlink":"https:\/\/wp.me\/pc04Sd-H8y","jetpack-related-posts":[{"id":165796,"url":"https:\/\/wobronietradycjiiwiary.com\/pl\/peter-kwasniewski-wigilia-piecdziesiatnicy-sprzed-1955-r-2-z-3\/","url_meta":{"origin":165822,"position":0},"title":"Peter Kwasniewski, Wigilia Pi\u0119\u0107dziesi\u0105tnicy sprzed 1955 r. (2 z 3)","author":"Traditio et Fides","date":"21 maja 2026","format":false,"excerpt":"Prezentacja liturgii Wigilii Pi\u0119\u0107dziesi\u0105tnicy sprzed 1955 pi\u00f3ra Petera Kwasniewskiego.","rel":"","context":"W \u201eWigilia Pi\u0119\u0107dziesi\u0105tnicy&quot;","block_context":{"text":"Wigilia Pi\u0119\u0107dziesi\u0105tnicy","link":"https:\/\/wobronietradycjiiwiary.com\/pl\/category\/duchowosc\/liturgia-i-liturgika\/rozwazania\/rok-liturgiczny\/wigilia-piecdziesiatnicy\/"},"img":{"alt_text":"","src":"https:\/\/i0.wp.com\/wobronietradycjiiwiary.com\/wp-content\/uploads\/2026\/05\/pfingsten.webp?resize=350%2C200&ssl=1","width":350,"height":200},"classes":[]},{"id":165802,"url":"https:\/\/wobronietradycjiiwiary.com\/pl\/peter-kwasniewski-wigilia-piecdziesiatnicy-sprzed-1955-r-3-z-3\/","url_meta":{"origin":165822,"position":1},"title":"Peter Kwasniewski, Wigilia Pi\u0119\u0107dziesi\u0105tnicy sprzed 1955 r. (3 z 3).","author":"Traditio et Fides","date":"22 maja 2026","format":false,"excerpt":"Prezentacja liturgii Wigilii Pi\u0119\u0107dziesi\u0105tnicy sprzed 1955 pi\u00f3ra Petera Kwasniewskiego.","rel":"","context":"W \u201eDuchowo\u015b\u0107&quot;","block_context":{"text":"Duchowo\u015b\u0107","link":"https:\/\/wobronietradycjiiwiary.com\/pl\/category\/duchowosc\/"},"img":{"alt_text":"","src":"https:\/\/i0.wp.com\/wobronietradycjiiwiary.com\/wp-content\/uploads\/2026\/05\/pfingsten.webp?resize=350%2C200&ssl=1","width":350,"height":200},"classes":[]},{"id":165784,"url":"https:\/\/wobronietradycjiiwiary.com\/pl\/peter-kwasniewski-wigilia-piecdziesiatnicy-sprzed-1955-r-1\/","url_meta":{"origin":165822,"position":2},"title":"Peter Kwasniewski, Wigilia Pi\u0119\u0107dziesi\u0105tnicy sprzed 1955 r. (1 z 3)","author":"Traditio et Fides","date":"20 maja 2026","format":false,"excerpt":"Prezentacja liturgii Wigilii Pi\u0119\u0107dziesi\u0105tnicy sprzed 1955 pi\u00f3ra Petera Kwasniewskiego.","rel":"","context":"W \u201e05. \u015awi\u0119ta w maju&quot;","block_context":{"text":"05. \u015awi\u0119ta w maju","link":"https:\/\/wobronietradycjiiwiary.com\/pl\/category\/duchowosc\/liturgia-i-liturgika\/rozwazania\/rok-liturgiczny\/swieta-w-maju\/"},"img":{"alt_text":"","src":"https:\/\/i0.wp.com\/wobronietradycjiiwiary.com\/wp-content\/uploads\/2026\/05\/pfingsten.webp?resize=350%2C200&ssl=1","width":350,"height":200},"classes":[]},{"id":165850,"url":"https:\/\/wobronietradycjiiwiary.com\/pl\/carol-byrne-msza-dialogowana-71-1-z-110-miazdzace-zwyciestwo-progresywistow-2\/","url_meta":{"origin":165822,"position":3},"title":"Carol Byrne, &#8220;Msza dialogowana&#8221;. (71 z 110). Mia\u017cd\u017c\u0105ce zwyci\u0119stwo progresywist\u00f3w","author":"Traditio et Fides","date":"22 maja 2026","format":false,"excerpt":"O dogmatycznym i liturgicznym znaczeniu Wigilii Zes\u0142ania Ducha \u015awi\u0119tego.","rel":"","context":"W \u201e3) Pius XII - ku zag\u0142adzie&quot;","block_context":{"text":"3) Pius XII - ku zag\u0142adzie","link":"https:\/\/wobronietradycjiiwiary.com\/pl\/category\/doktryna\/teologia-liturgii\/byrne-doktryna\/byrne\/pius-xii-ku-zagladzie\/"},"img":{"alt_text":"","src":"https:\/\/i0.wp.com\/wobronietradycjiiwiary.com\/wp-content\/uploads\/2019\/10\/carreno-de-miranda.jpg?resize=350%2C200&ssl=1","width":350,"height":200,"srcset":"https:\/\/i0.wp.com\/wobronietradycjiiwiary.com\/wp-content\/uploads\/2019\/10\/carreno-de-miranda.jpg?resize=350%2C200&ssl=1 1x, https:\/\/i0.wp.com\/wobronietradycjiiwiary.com\/wp-content\/uploads\/2019\/10\/carreno-de-miranda.jpg?resize=525%2C300&ssl=1 1.5x, https:\/\/i0.wp.com\/wobronietradycjiiwiary.com\/wp-content\/uploads\/2019\/10\/carreno-de-miranda.jpg?resize=700%2C400&ssl=1 2x"},"classes":[]},{"id":165852,"url":"https:\/\/wobronietradycjiiwiary.com\/pl\/o-redukcji-redukcji-lub-czemu-sluza-wigilie-2\/","url_meta":{"origin":165822,"position":4},"title":"O redukcji redukcji lub czemu s\u0142u\u017c\u0105 wigilie","author":"Traditio et Fides","date":"22 maja 2026","format":false,"excerpt":"O redukcji ilo\u015bci wigilii do zera i wymiarze duchowym tego przedsi\u0119wzi\u0119cia.","rel":"","context":"W \u201eAd 3) 9. Wigilia Zes\u0142ania Ducha \u015awi\u0119tego&quot;","block_context":{"text":"Ad 3) 9. Wigilia Zes\u0142ania Ducha \u015awi\u0119tego","link":"https:\/\/wobronietradycjiiwiary.com\/pl\/category\/doktryna\/teologia-liturgii\/byrne-doktryna\/byrne\/komentarze-do-byrne\/ad-3-pius-xii-ku-zagladzie-komentarze-do-byrne\/ad-3-9-wigilia-zeslania-ducha-swietego-ad-3-pius-xii-ku-zagladzie-komentarze-do-byrne\/"},"img":{"alt_text":"","src":"https:\/\/i0.wp.com\/wobronietradycjiiwiary.com\/wp-content\/uploads\/2023\/06\/christmas-prayers-henry-bacon-.jpg?resize=350%2C200&ssl=1","width":350,"height":200,"srcset":"https:\/\/i0.wp.com\/wobronietradycjiiwiary.com\/wp-content\/uploads\/2023\/06\/christmas-prayers-henry-bacon-.jpg?resize=350%2C200&ssl=1 1x, https:\/\/i0.wp.com\/wobronietradycjiiwiary.com\/wp-content\/uploads\/2023\/06\/christmas-prayers-henry-bacon-.jpg?resize=525%2C300&ssl=1 1.5x"},"classes":[]},{"id":165844,"url":"https:\/\/wobronietradycjiiwiary.com\/pl\/carol-byrne-msza-dialogowana-70-z-110\/","url_meta":{"origin":165822,"position":5},"title":"Carol Byrne, &#8220;Msza dialogowana&#8221;. (70 z 110). Wigilia Zes\u0142ania Ducha \u015awi\u0119tego zniesiona w reformie z 1956 r","author":"Traditio et Fides","date":"20 maja 2026","format":false,"excerpt":"O Wigilii Zes\u0142ania Ducha \u015awi\u0119tego i jej teologiczno-liturgicznym znaczeniu.","rel":"","context":"W \u201e3) Pius XII - ku zag\u0142adzie&quot;","block_context":{"text":"3) Pius XII - ku zag\u0142adzie","link":"https:\/\/wobronietradycjiiwiary.com\/pl\/category\/doktryna\/teologia-liturgii\/byrne-doktryna\/byrne\/pius-xii-ku-zagladzie\/"},"img":{"alt_text":"","src":"https:\/\/i0.wp.com\/wobronietradycjiiwiary.com\/wp-content\/uploads\/2019\/10\/carreno-de-miranda.jpg?resize=350%2C200&ssl=1","width":350,"height":200,"srcset":"https:\/\/i0.wp.com\/wobronietradycjiiwiary.com\/wp-content\/uploads\/2019\/10\/carreno-de-miranda.jpg?resize=350%2C200&ssl=1 1x, https:\/\/i0.wp.com\/wobronietradycjiiwiary.com\/wp-content\/uploads\/2019\/10\/carreno-de-miranda.jpg?resize=525%2C300&ssl=1 1.5x, https:\/\/i0.wp.com\/wobronietradycjiiwiary.com\/wp-content\/uploads\/2019\/10\/carreno-de-miranda.jpg?resize=700%2C400&ssl=1 2x"},"classes":[]}],"amp_enabled":true,"jetpack_featured_media_url":"https:\/\/wobronietradycjiiwiary.com\/wp-content\/uploads\/2026\/05\/Pfingsten-Mainzer_Evangeliar-Aufmacher-1013x584-1.jpg","_links":{"self":[{"href":"https:\/\/wobronietradycjiiwiary.com\/pl\/wp-json\/wp\/v2\/posts\/165822","targetHints":{"allow":["GET"]}}],"collection":[{"href":"https:\/\/wobronietradycjiiwiary.com\/pl\/wp-json\/wp\/v2\/posts"}],"about":[{"href":"https:\/\/wobronietradycjiiwiary.com\/pl\/wp-json\/wp\/v2\/types\/post"}],"author":[{"embeddable":true,"href":"https:\/\/wobronietradycjiiwiary.com\/pl\/wp-json\/wp\/v2\/users\/60508433"}],"replies":[{"embeddable":true,"href":"https:\/\/wobronietradycjiiwiary.com\/pl\/wp-json\/wp\/v2\/comments?post=165822"}],"version-history":[{"count":22,"href":"https:\/\/wobronietradycjiiwiary.com\/pl\/wp-json\/wp\/v2\/posts\/165822\/revisions"}],"predecessor-version":[{"id":165906,"href":"https:\/\/wobronietradycjiiwiary.com\/pl\/wp-json\/wp\/v2\/posts\/165822\/revisions\/165906"}],"wp:featuredmedia":[{"embeddable":true,"href":"https:\/\/wobronietradycjiiwiary.com\/pl\/wp-json\/wp\/v2\/media\/165824"}],"wp:attachment":[{"href":"https:\/\/wobronietradycjiiwiary.com\/pl\/wp-json\/wp\/v2\/media?parent=165822"}],"wp:term":[{"taxonomy":"category","embeddable":true,"href":"https:\/\/wobronietradycjiiwiary.com\/pl\/wp-json\/wp\/v2\/categories?post=165822"},{"taxonomy":"post_tag","embeddable":true,"href":"https:\/\/wobronietradycjiiwiary.com\/pl\/wp-json\/wp\/v2\/tags?post=165822"}],"curies":[{"name":"wp","href":"https:\/\/api.w.org\/{rel}","templated":true}]}}