{"id":165395,"date":"2026-05-13T16:14:13","date_gmt":"2026-05-13T14:14:13","guid":{"rendered":"https:\/\/wobronietradycjiiwiary.com\/?p=165395"},"modified":"2026-05-26T12:30:12","modified_gmt":"2026-05-26T10:30:12","slug":"biskup-schneider-raport-watykanu-z-synodu-na-temat-homoseksualizmu-przypomina-weza-w-ogrodzie","status":"publish","type":"post","link":"https:\/\/wobronietradycjiiwiary.com\/pl\/biskup-schneider-raport-watykanu-z-synodu-na-temat-homoseksualizmu-przypomina-weza-w-ogrodzie\/","title":{"rendered":"Biskup Schneider: Raport Watykanu z Synodu na temat homoseksualizmu przypomina \u201ew\u0119\u017ca w ogrodzie\u201d."},"content":{"rendered":"<div id=\"bsf_rt_marker\"><\/div>\n<p class=\"has-text-align-justify has-text-color has-link-color wp-elements-1 wp-block-paragraph\" style=\"color:#c21fc2;line-height:1.3\">Niniejszym publikujemy ostatni wywiad biskupa Schneidera, kt\u00f3ry zawiera sporo s\u0142usznych spostrze\u017ce\u0144. Biskup nie stawia jednak kropki nad i. Nie m\u00f3wi bowiem, \u017ce katolicki papie\u017c by takich pogl\u0105d\u00f3w nie popiera\u0142, wi\u0119c papie\u017cem nie jest, skoro jest heretykiem.<\/p>\n\n\n\n<p class=\"has-text-align-justify has-text-color has-link-color wp-elements-2 wp-block-paragraph\" style=\"color:#c21fc2;line-height:1.3\">Niestety Bractwo \u015bw. Piusa X nie jest \u017cadnym r\u00f3wnoleg\u0142ym partnerem Watykanu i ma niestety samo mn\u00f3stwo k\u0142opot\u00f3w z <a href=\"https:\/\/wobronietradycjiiwiary.com\/pl\/category\/polemika\/kosciol-posoborowy\/tradycjonalizm\/fsspx\/przestepstwa-seksualne\/\" target=\"_blank\" rel=\"noreferrer noopener\">homoseksualnymi <\/a>pracownikami i ksi\u0119\u017cmi, o czym ju\u017c informowali\u015bmy. Zatem ostoj\u0105 czystych i wybranych niestety nie jest.<\/p>\n\n\n\n<p class=\"has-text-align-justify has-text-color has-link-color wp-elements-3 wp-block-paragraph\" style=\"color:#c21fc2;line-height:1.3\">Do argument\u00f3w biskupa odniesiemy si\u0119 w innym miejscu, ale jego retoryka jak zdarta p\u0142yta powtarza:<\/p>\n\n\n\n<blockquote class=\"wp-block-quote has-normal-font-size is-layout-flow wp-block-quote-is-layout-flow\">\n<p class=\"wp-block-paragraph\"><mark style=\"background-color:rgba(0, 0, 0, 0);color:#c21fc2\" class=\"has-inline-color\">Car dobry &#8211; bojarzy \u017ali!<\/mark><\/p>\n<\/blockquote>\n\n\n\n<p class=\"has-text-align-justify has-text-color has-link-color wp-elements-4 wp-block-paragraph\" style=\"color:#c21fc2;line-height:1.3\">S\u0142yszeli\u015bmy t\u0119 argumentacj\u0119 przez ca\u0142y pontyfikat JPII, ale teraz to ju\u017c nikogo nie przekonuje. Niby papie\u017c by\u0142 najpierw za ma\u0142o rozeznany w kurii, potem zaj\u0119ty czym\u015b innym, a pod koniec za chory. Prevost jeszcze za stary i za chory nie jest. <\/p>\n\n\n\n<p class=\"has-text-align-justify has-text-color has-link-color wp-elements-5 wp-block-paragraph\" style=\"color:#c21fc2;line-height:1.3\">Gra co tydzie\u0144 w tenisa w towarzystwie swojego sekretarza, kt\u00f3rego pozna\u0142 jako <a href=\"https:\/\/wobronietradycjiiwiary.com\/pl\/strasznie-miec-racje-mial-wtedy-17-lat\/\" target=\"_blank\" rel=\"noreferrer noopener\">siedemnastolatka <\/a>(je\u015bli to prawda), wi\u0119c skojarzenia nasuwaj\u0105 si\u0119 same. <\/p>\n\n\n\n<p class=\"has-text-align-justify has-text-color has-link-color wp-elements-6 wp-block-paragraph\" style=\"color:#c21fc2;line-height:1.3\">Homoseksualizmu wewn\u0119trzno &#8211; i zewn\u0119trznoko\u015bcielnego nie pot\u0119pia, bo nie chce. Taka prawda. Ani \u017cadnym Ojcem \u015awi\u0119tym nie jest.<\/p>\n\n\n\n<p class=\"wp-block-paragraph\"><a href=\"https:\/\/dianemontagna.substack.com\/p\/bishop-schneider-vaticans-synod-report\" target=\"_blank\" rel=\"noreferrer noopener\">\u0179r\u00f3d\u0142o<\/a><\/p>\n\n\n\n<p class=\"has-text-align-justify wp-block-paragraph\">Ko\u0144cowy raport Grupy Studyjnej nr 9 przedstawia \u201eegzegez\u0119 w\u0105tpliwo\u015bci\u201d w odniesieniu do objawienia Bo\u017cego i otwiera drzwi do \u201eca\u0142kowitego relatywizmu moralnego\u201d.<\/p>\n\n\n\n<p class=\"has-text-align-justify wp-block-paragraph\">RZYM, 12 MAJA 2026&nbsp;<strong>\u2014&nbsp;<\/strong>Biskup Athanasius Schneider ostro skrytykowa\u0142 nowy raport Watykanu na temat \u201enowych zagadnie\u0144 doktrynalnych, duszpasterskich i etycznych\u201d, stwierdzaj\u0105c, \u017ce jego podej\u015bcie do homoseksualizmu promuje \u201eegzegez\u0119 w\u0105tpliwo\u015bci\u201d w odniesieniu do objawienia Bo\u017cego, co przypomina w\u0119\u017ca z Ogrodu Eden i otwiera drzwi do \u201eca\u0142kowitego relatywizmu moralnego\u201d.<\/p>\n\n\n\n<p class=\"has-text-align-justify wp-block-paragraph\">30-stronicowy raport ko\u0144cowy,&nbsp;<a href=\"https:\/\/dianemontagna.substack.com\/p\/has-the-vaticans-synod-office-become\">opublikowany&nbsp;<\/a>5 maja przez Sekretariat Generalny Synodu Stolicy Apostolskiej, zosta\u0142 przygotowany przez Grup\u0119 Studyjn\u0105 nr 9, jedn\u0105 z&nbsp;<a href=\"https:\/\/www.vaticannews.va\/en\/pope\/news\/2024-02\/pope-francis-synod-synodality-study-groups-chirograph.html\">dziesi\u0119ciu grup studyjnych&nbsp;<\/a><a href=\"https:\/\/www.vatican.va\/content\/francesco\/en\/letters\/2024\/documents\/20240216-chirografo-collaborazione.html\">powo\u0142anych&nbsp;<\/a>przez papie\u017ca Franciszka w lutym 2024 r. w celu zbadania kwestii, kt\u00f3re pojawi\u0142y si\u0119 podczas pierwszej sesji Synodu na temat synodalno\u015bci w pa\u017adzierniku 2023 r.<\/p>\n\n\n\n<p class=\"has-text-align-justify wp-block-paragraph\">W sk\u0142ad siedmioosobowej grupy badawczej\u00a0<a href=\"https:\/\/www.synod.va\/content\/dam\/synod\/assembly2024\/infographics\/il\/ELENCO_10_GRUPPI.pdf\">weszli\u00a0<\/a><a href=\"https:\/\/collegeofcardinalsreport.com\/cardinals\/cardinal-carlos-gustavo-castillo-mattasoglio\/\">kardyna\u0142 Carlos Castillo Mattasoglio<\/a>, arcybiskup Limy w Peru; arcybiskup Filippo Iannone, prefekt Dykasterii Biskup\u00f3w; oraz w\u0142oski teolog moralny,\u00a0<a href=\"https:\/\/x.com\/dianemontagna\/status\/1810653870239957095\">ojciec Maurizio Chiodi<\/a>, profesor Papieskiego Instytutu Teologicznego im. Jana Paw\u0142a II ds. Nauk o Ma\u0142\u017ce\u0144stwie i Rodzinie, kt\u00f3ry\u00a0<a href=\"https:\/\/www.lifesitenews.com\/news\/pro-contraception-priest-invited-to-teach-at-new-john-paul-ii-institute\/\">otwarcie argumentowa\u0142<\/a>, \u017ce akty seksualne w zwi\u0105zku homoseksualnym\u00a0<a href=\"https:\/\/x.com\/dianemontagna\/status\/1810653870239957095\">mog\u0105 by\u0107 dobre\u00a0<\/a>w pewnych okoliczno\u015bciach. Uwa\u017ca si\u0119, \u017ce ojciec Chiodi by\u0142 g\u0142\u00f3wnym autorem tej pracy.<a href=\"https:\/\/collegeofcardinalsreport.com\/cardinals\/cardinal-carlos-gustavo-castillo-mattasoglio\/\"><\/a><a href=\"https:\/\/x.com\/dianemontagna\/status\/1810653870239957095\"><\/a><a href=\"https:\/\/www.lifesitenews.com\/news\/pro-contraception-priest-invited-to-teach-at-new-john-paul-ii-institute\/\"><\/a><a href=\"https:\/\/x.com\/dianemontagna\/status\/1810653870239957095\"><\/a><\/p>\n\n\n\n<p class=\"has-text-align-justify wp-block-paragraph\">Raport szybko spotka\u0142 si\u0119 z krytyk\u0105 komentator\u00f3w katolickich, ale od razu zosta\u0142 pochwalony jako \u201eznacz\u0105cy krok naprz\u00f3d\u201d przez zwolennik\u00f3w ruchu \u201eLGBTQ+\u201d, takich jak ojciec James Martin SJ.<\/p>\n\n\n\n<p class=\"has-text-align-justify wp-block-paragraph\">Kontrowersje nasili\u0142y si\u0119, gdy\u00a0<a href=\"https:\/\/dianemontagna.substack.com\/p\/has-the-vaticans-synod-office-become\">wysz\u0142o na jaw<\/a>, \u017ce autorem jednego z dw\u00f3ch \u015bwiadectw zawartych w raporcie by\u0142 m\u0119\u017cczyzna, kt\u00f3rego zdj\u0119cie z 2023 r. na pierwszej stronie\u00a0<em>New York Timesa\u00a0<\/em>zawiera\u0142o b\u0142ogos\u0142awie\u0144stwo udzielone przez tego samego ksi\u0119dza jezuit\u0119 jego partnerowi tej samej p\u0142ci, zaledwie dzie\u0144 po publikacji\u00a0<em>Fiducia Supplicans<\/em>.<\/p>\n\n\n\n<p class=\"has-text-align-justify wp-block-paragraph\">W tym wywiadzie biskup Schneider omawia to, co uwa\u017ca za nie\u015bwi\u0119ty sojusz mi\u0119dzy Sekretariatem Synodu a zwolennikami ideologii \u201eantychrze\u015bcija\u0144skiej\u201d, w jakim stopniu ko\u0144cowy raport Grupy Studyjnej nr 9 stanowi \u201eczerwon\u0105 lini\u0119\u201d i jak jego publikacja mo\u017ce wp\u0142yn\u0105\u0107 na i tak ju\u017c napi\u0119te relacje mi\u0119dzy Watykanem a tradycjonalistycznym Bractwem Kap\u0142a\u0144skim \u015awi\u0119tego Piusa X.<\/p>\n\n\n\n<p class=\"has-text-align-justify wp-block-paragraph\">Biskup pomocniczy Astany przyzna\u0142, \u017ce raport nie ma formalnego autorytetu nauczycielskiego, jednak twierdzi, \u017ce jego publikacja przez Watykan niesie ze sob\u0105 powa\u017cne konsekwencje, poniewa\u017c nieuchronnie b\u0119dzie przedstawiany i interpretowany w mediach \u015bwiatowych jako sygna\u0142 zmiany w nauczaniu Ko\u015bcio\u0142a katolickiego.<\/p>\n\n\n\n<p class=\"has-text-align-justify wp-block-paragraph\">Zwraca si\u0119 tak\u017ce bezpo\u015brednio do papie\u017ca Leona XIV z pro\u015bb\u0105 o ochron\u0119 Ko\u015bcio\u0142a i dusz przed tym, co nazywa \u201ebezczeln\u0105 doktryn\u0105 gnostyck\u0105\u201d i ostrzega, \u017ce \u200b\u200bje\u015bli Ojciec \u015awi\u0119ty \u2014 wraz z kardyna\u0142ami, biskupami i ksi\u0119\u017cmi \u2014 si\u0119 nie \u201eobudzi\u201d, przysz\u0142e pokolenia mog\u0105 pewnego dnia spojrze\u0107 wstecz i powiedzie\u0107 o tej epoce: \u201eCa\u0142y \u015bwiat westchn\u0105\u0142 i zdziwi\u0142 si\u0119, jak to mo\u017cliwe, \u017ce zni\u00f3s\u0142 Sz\u00f3ste Przykazanie\u201d.<\/p>\n\n\n\n<p class=\"wp-block-paragraph\">Oto m\u00f3j wywiad z biskupem Athanasiusem Schneiderem.<\/p>\n\n\n\n<p class=\"has-text-align-justify wp-block-paragraph\"><strong>Diane Montagna (DM): Wasza Ekscelencjo, jaka by\u0142a Wasza pierwsza reakcja na ko\u0144cowy raport Grupy Studyjnej nr 9 i na ujawnienie, \u017ce jedno z dw\u00f3ch zawartych w nim \u015bwiadectw zosta\u0142o napisane przez m\u0119\u017cczyzn\u0119 opisanego w \u201e<\/strong><em><strong>New York Timesie\u201d,<\/strong><\/em><strong>\u00a0kt\u00f3ry otrzyma\u0142 b\u0142ogos\u0142awie\u0144stwo partnera tej samej p\u0142ci od o. Jamesa Martina SJ, dzie\u0144 po wydaniu\u00a0<\/strong><em><strong>\u201eFiducia Supplicans\u201d<\/strong><\/em><strong>\u00a0?<\/strong><\/p>\n\n\n\n<p class=\"has-text-align-justify wp-block-paragraph\"><strong>+Athanasius Schneider (+AS):&nbsp;<\/strong>Wydaj\u0105c Raport Ko\u0144cowy Grupy Studyjnej nr 9, Sekretariat Synodu Biskup\u00f3w zni\u017cy\u0142 si\u0119 do promowania propagandy globalnej ideologii seksualnej, kt\u00f3ra jest agresywnie forsowana w polityce i mediach na ca\u0142ym \u015bwiecie. Ks. James Martin jest jedynie duchownym poplecznikiem tej antychrze\u015bcija\u0144skiej i blu\u017anierczej ideologii. Zwolennicy tej ideologii zabiegaj\u0105 o moraln\u0105 i doktrynaln\u0105 akceptacj\u0119 Ko\u015bcio\u0142a dla homoseksualnych akt\u00f3w i styl\u00f3w \u017cycia \u2013 to znaczy zachowa\u0144 sprzecznych ze stworzeniem Bo\u017cym i porz\u0105dkiem naturalnym. Sekretariat Synodu \u2013 organ Stolicy Apostolskiej \u2013 wsp\u00f3\u0142pracuje w ten spos\u00f3b ze swoimi lobbystami w prawdziwym buncie przeciwko dzie\u0142u stworzenia Bo\u017cego, przeciwko pi\u0119knemu i m\u0105dremu porz\u0105dkowi dw\u00f3ch p\u0142ci, m\u0119\u017cczyzny i kobiety.<\/p>\n\n\n\n<p class=\"has-text-align-justify wp-block-paragraph\"><strong>(DM): Raport ko\u0144cowy ma wyra\u017anie na celu normalizacj\u0119 homoseksualizmu w \u017cyciu Ko\u015bcio\u0142a. Proces ten zosta\u0142 zapocz\u0105tkowany w 2014 roku\u00a0<a href=\"https:\/\/press.vatican.va\/content\/salastampa\/it\/bollettino\/pubblico\/2014\/10\/13\/0751\/03037.html\">raportem okresowym\u00a0<\/a>z pierwszego Synodu o Rodzinie papie\u017ca Franciszka, w kt\u00f3rym\u00a0<a href=\"https:\/\/www.ewtnnews.com\/vatican\/synod-interim-report-the-church-must-renew-commitment-to-family\">stwierdzono<\/a>, \u017ce \u201ehomoseksuali\u015bci maj\u0105 dary i cechy, kt\u00f3re mog\u0105 wnie\u015b\u0107 do wsp\u00f3lnoty chrze\u015bcija\u0144skiej\u201d. Tekst ten zosta\u0142 powszechnie odrzucony przez Ojc\u00f3w Synodu, ale wysi\u0142ki by\u0142y kontynuowane.<sup>[1]\u00a0<\/sup>Co, Ksi\u0119dza Biskupa zdaniem, raport ko\u0144cowy ujawnia na temat \u201eprocesu synodalnego\u201d zainicjowanego za czas\u00f3w zmar\u0142ego papie\u017ca?<\/strong><\/p>\n\n\n\n<p class=\"has-text-align-justify wp-block-paragraph\"><strong>(+AS):&nbsp;<\/strong>Raport ko\u0144cowy&nbsp;ujawnia, \u017ce \u200b\u200blegitymizacja homoseksualizmu (tj. homoseksualnych akt\u00f3w, styl\u00f3w \u017cycia i zwi\u0105zk\u00f3w homoseksualnych) by\u0142a ju\u017c przedmiotem obrad duchowie\u0144stwa podczas pierwszego Synodu o Rodzinie papie\u017ca Franciszka. Aspekt ten osi\u0105gn\u0105\u0142 punkt kulminacyjny wraz z promulgacj\u0105&nbsp;<em>Fiducia Supplicans&nbsp;<\/em>przez Dykasteri\u0119 Nauki Wiary, pod przewodnictwem jej obecnego prefekta.<strong><\/strong><em><\/em><\/p>\n\n\n\n<p class=\"has-text-align-justify wp-block-paragraph\"><em>Fiducia Supplicans&nbsp;<\/em>to kpina ze zdrowego rozs\u0105dku. M\u00f3wi o mo\u017cliwo\u015bci b\u0142ogos\u0142awienia par homoseksualnych, nie oficjalnie i liturgicznie, lecz spontanicznie. Zgodnie z dokumentem, przedmiotem b\u0142ogos\u0142awie\u0144stwa jest para homoseksualna, a nie ich zwi\u0105zek. Ale bycie \u201epar\u0105\u201d wynika w\u0142a\u015bnie z samego zwi\u0105zku.&nbsp;<em>Fiducia Supplicans&nbsp;<\/em>traktuje w ten spos\u00f3b ca\u0142y \u015bwiat jak g\u0142upc\u00f3w.<\/p>\n\n\n\n<p class=\"has-text-align-justify wp-block-paragraph\">Raport ko\u0144cowy Grupy Studyjnej nr 9 idzie jeszcze dalej, proponuj\u0105c mo\u017cliwe doktrynalne uzasadnienie akt\u00f3w homoseksualnych i zwi\u0105zk\u00f3w homoerotycznych. Czyni to po\u015brednio kwestionuj\u0105c trwa\u0142\u0105 wa\u017cno\u015b\u0107 \u015bwiadectwa Objawienia Bo\u017cego dotycz\u0105cego homoseksualizmu w Pi\u015bmie \u015awi\u0119tym, wysuwaj\u0105c swoist\u0105 \u201eegzegez\u0119 w\u0105tpliwo\u015bci\u201d dotycz\u0105c\u0105 odno\u015bnych fragment\u00f3w biblijnych. Raport stwierdza bowiem, \u017ce: \u201eNale\u017cy wyj\u015b\u0107 poza zwyk\u0142e powt\u00f3rzenie ich obecnej prezentacji i uwzgl\u0119dni\u0107 wnioski p\u0142yn\u0105ce z r\u00f3\u017cnorodnych interpretacji egzegetycznych\u201d (2.4). Taka egzegeza skutecznie uzurpuje sobie miejsce Boga i ro\u015bci sobie prawo do g\u0142oszenia dobra i z\u0142a. W\u0142a\u015bnie to uczyni\u0142 w\u0105\u017c w Ogrodzie Eden.<\/p>\n\n\n\n<p class=\"has-text-align-justify wp-block-paragraph\"><strong>(DM): Oba zeznania przedstawione w raporcie zosta\u0142y napisane przez otwarcie homoseksualnych m\u0119\u017cczyzn \u017cyj\u0105cych w \u201ema\u0142\u017ce\u0144stwach os\u00f3b tej samej p\u0142ci\u201d, kt\u00f3rzy nie podzielaj\u0105 nauczania Ko\u015bcio\u0142a dotycz\u0105cego ma\u0142\u017ce\u0144stwa i seksualno\u015bci. Nie by\u0142o jednak \u017cadnego zeznania od osoby z poci\u0105giem do os\u00f3b tej samej p\u0142ci, kt\u00f3ra d\u0105\u017cy do \u017cycia zgodnie z wiar\u0105 katolick\u0105, anga\u017cuje si\u0119 w apostolat \u201eOdwaga\u201d itd. Co to m\u00f3wi o \u201eekspertach\u201d wchodz\u0105cych w sk\u0142ad Grupy Studyjnej nr 9?<\/strong><\/p>\n\n\n\n<p class=\"has-text-align-justify wp-block-paragraph\"><strong>(+AS):\u00a0<\/strong>Ten fakt m\u00f3wi sam za siebie. Dowodzi on wyra\u017anie, \u017ce organ Stolicy Apostolskiej \u2013 Sekretariat Synodu Biskup\u00f3w \u2013 opowiada si\u0119 po stronie ideologicznej, neognostyckiej grupy w Ko\u015bciele, mniejszo\u015bci, kt\u00f3ra wyra\u017anie sprzeciwia si\u0119 sta\u0142emu nauczaniu Ko\u015bcio\u0142a i sensus\u00a0<em>fidelium<\/em>. Jest oczywiste, \u017ce celem jest zainicjowanie procesu reinterpretacji i ostatecznego uniewa\u017cnienia Bo\u017cego objawienia \u2013 a konkretnie wa\u017cno\u015bci Sz\u00f3stego Przykazania.<\/p>\n\n\n\n<p class=\"has-text-align-justify wp-block-paragraph\"><strong>(DM): Autorzy podkre\u015blaj\u0105, \u017ce ich raport nie ma na celu sprawowania w\u0142adzy, lecz jest jedynie owocem pracy, o kt\u00f3r\u0105 zwr\u00f3cono si\u0119 do Grupy Studyjnej w trakcie procesu synodalnego, maj\u0105cej na celu wspieranie rozeznania w ko\u015bcio\u0142ach lokalnych. Niekt\u00f3rzy mog\u0105 argumentowa\u0107, \u017ce to w\u0142a\u015bnie ta taktyka, za pomoc\u0105 kt\u00f3rej zwolennicy tych idei chc\u0105 podtrzyma\u0107 rewolucj\u0119, podczas gdy inni mog\u0105 uwa\u017ca\u0107, \u017ce jest to podstawa do zignorowania raportu. Jakie jest Ksi\u0119dza Biskupa stanowisko?<\/strong><\/p>\n\n\n\n<p class=\"has-text-align-justify wp-block-paragraph\"><strong>(+AS):&nbsp;<\/strong>Cho\u0107 formalnie jest to jedynie dokument grupy studyjnej i nie posiada autorytetu nauczycielskiego, zosta\u0142 on jednak opublikowany przez Watykan za po\u015brednictwem organu Stolicy Apostolskiej. W rezultacie taki dokument przekazuje ca\u0142emu \u015bwiatu i wi\u0119kszo\u015bci katolik\u00f3w \u2013 kt\u00f3rzy nie znaj\u0105 teologicznego rozr\u00f3\u017cnienia dotycz\u0105cego wagi autorytetu nadanego dokumentom ko\u015bcielnym \u2013 \u017ce Ko\u015bci\u00f3\u0142 katolicki, a nawet Watykan, otwiera si\u0119 obecnie na mo\u017cliwo\u015b\u0107 legitymizacji i normalizacji homoseksualnych akt\u00f3w i styl\u00f3w \u017cycia. Jest to wyra\u017ana taktyka maj\u0105ca na celu stopniowe przyzwyczajanie wiernych do traktowania homoseksualnych akt\u00f3w jako normalnych, a przynajmniej do tolerowania ich w indywidualnych przypadkach, g\u0142\u00f3wnie poprzez sofistyczny argument, \u017ce para homoseksualna mo\u017ce posiada\u0107 inne dobre cechy moralne lub intelektualne. W ten spos\u00f3b otwieraj\u0105 si\u0119 drzwi do ca\u0142kowitego relatywizmu moralnego.<\/p>\n\n\n\n<p class=\"has-text-align-justify wp-block-paragraph\"><strong>(DM): Czy ten raport ko\u0144cowy przekracza \u201eczerwon\u0105 lini\u0119\u201d? A bior\u0105c pod uwag\u0119, \u017ce Sekretariat Synodu upubliczni\u0142 ju\u017c raport, jakie dzia\u0142ania powinien Ksi\u0119dza Biskupa zdaniem podj\u0105\u0107 papie\u017c Leon XIV?<\/strong><\/p>\n\n\n\n<p class=\"has-text-align-justify wp-block-paragraph\"><strong>(+AS):&nbsp;<\/strong>Ten raport ko\u0144cowy jednoznacznie przekroczy\u0142 granic\u0119 mi\u0119dzy ortodoksj\u0105 a herezj\u0105. Raport pos\u0142uguje si\u0119 zwodniczym okre\u015bleniem \u201ezmiana paradygmatu\u201d, aby podwa\u017cy\u0107, pust\u0105 retoryk\u0105, Objawienie Bo\u017ce o binarnej naturze p\u0142ci i Jego wyra\u017anym zakazie wszelkich akt\u00f3w seksualnych poza wa\u017cnym ma\u0142\u017ce\u0144stwem mi\u0119dzy m\u0119\u017cczyzn\u0105 a kobiet\u0105. Pierwszym obowi\u0105zkiem papie\u017ca Leona XIV jest ochrona Ko\u015bcio\u0142a i dusz wiernych przed t\u0105 bezczeln\u0105 doktryn\u0105 gnostyck\u0105, kt\u00f3ra usi\u0142uje usprawiedliwi\u0107 nierz\u0105d i wypaczone grzechy. G\u0142os Chrystusa, kt\u00f3ry zgani\u0142 Ko\u015bci\u00f3\u0142 w Pergamonie za tolerowanie seksualnej herezji nikolait\u00f3w (por. Ap 2,14-15) i oskar\u017cy\u0142 Ko\u015bci\u00f3\u0142 w Tiatyrze o pozwolenie Jezabel \u2013 kt\u00f3ra \u201enazywa\u0142a siebie prorokini\u0105\u201d \u2013 na szerzenie niemoralno\u015bci seksualnej w Ko\u015bciele (Ap 2,20-21), jest r\u00f3wnie\u017c skierowany do papie\u017ca Leona XIV dzisiaj.<\/p>\n\n\n\n<p class=\"has-text-align-justify wp-block-paragraph\"><strong>(DM): Piszemy o tych kwestiach od lat \u2013 pocz\u0105wszy od Synodu ds. Rodziny, nast\u0119pnie Synodu ds. M\u0142odzie\u017cy, a teraz trwaj\u0105cego Synodu ds. Synodalno\u015bci. Jednak tak cz\u0119sto \u2013 by\u0107 mo\u017ce pomijaj\u0105c reakcj\u0119 po aferze&nbsp;<\/strong><em><strong>Fiducia Supplicans<\/strong><\/em><strong>&nbsp;\u2013 i z nielicznymi wyj\u0105tkami, kardyna\u0142owie i biskupi zdaj\u0105 si\u0119 wybiera\u0107 milczenie i bezczynno\u015b\u0107. Czy fakt, \u017ce doszli\u015bmy do tego punktu, jest r\u00f3wnie\u017c wynikiem niepowodzenia hierarchii w przeciwstawieniu si\u0119 rewolucji, kt\u00f3ra nasili\u0142a si\u0119 za poprzedniego pontyfikatu? I jak, Waszym zdaniem, kardyna\u0142owie mog\u0105 teraz najskuteczniej s\u0142u\u017cy\u0107 Ojcu \u015awi\u0119temu w tym wzgl\u0119dzie?<\/strong><\/p>\n\n\n\n<p class=\"has-text-align-justify wp-block-paragraph\"><strong>(+AS):&nbsp;<\/strong>Istotn\u0105 misj\u0105 \u015bwi\u0119tego urz\u0119du kardyna\u0142a i biskupa jest pos\u0142usze\u0144stwo uroczystemu nakazowi Chrystusa, kt\u00f3ry w Aposto\u0142ach nakaza\u0142 im naucza\u0107 wszystkiego, czego sam naucza\u0142. A Jezus Chrystus, B\u00f3g wcielony, sama Prawda, ostro pot\u0119pi\u0142 wszelkie formy wypaczania przykaza\u0144 Bo\u017cych, a tak\u017ce wszelkie kompromisy z grzechem. Z oburzaj\u0105c\u0105 zuchwa\u0142o\u015bci\u0105 raport ko\u0144cowy zast\u0119puje przykazania Bo\u017ce \u2013 w tym przypadku Bo\u017ce przykazanie zakazuj\u0105ce akt\u00f3w seksualnych poza ma\u0142\u017ce\u0144stwem \u2013 ludzkimi tradycjami, kt\u00f3re de facto otwieraj\u0105 drzwi do akceptacji akt\u00f3w i styl\u00f3w \u017cycia homoseksualnego.<\/p>\n\n\n\n<p class=\"has-text-align-justify wp-block-paragraph\">Herezja homoseksualna coraz bardziej zara\u017ca Cia\u0142o Ko\u015bcio\u0142a i je\u015bli Papie\u017c, a wraz z nim kardyna\u0142owie i biskupi, nie obudz\u0105 si\u0119 i nie b\u0119d\u0105, jako odpowiedzialni lekarze i pasterze duchowi, jasno i odwa\u017cnie ostrzega\u0107 i chroni\u0107 ludzi przed tak\u0105 duchow\u0105 zaraz\u0105, to b\u0119d\u0105 winni swoj\u0105 bezczynno\u015bci\u0105 i milczeniem. Jest ca\u0142kiem mo\u017cliwe, \u017ce przysz\u0142e pokolenia, patrz\u0105c wstecz na nasz\u0105 epok\u0119, b\u0119d\u0105 odnosi\u0107 do niej s\u0142owa z czas\u00f3w herezji aria\u0144skiej: \u201eCa\u0142y \u015bwiat westchn\u0105\u0142 i zdziwi\u0142 si\u0119, jak m\u00f3g\u0142 znie\u015b\u0107 Sz\u00f3ste Przykazanie Bo\u017ce\u201d.<\/p>\n\n\n\n<p class=\"has-text-align-justify wp-block-paragraph\"><strong>(DM): Jak Ksi\u0105dz Biskup zauwa\u017cy\u0142 powy\u017cej, raport proponuje \u201ezmian\u0119 paradygmatu\u201d w podej\u015bciu Ko\u015bcio\u0142a do najtrudniejszych kwestii doktrynalnych, duszpasterskich i moralnych, opisuj\u0105c t\u0119 \u200b\u200bzmian\u0119 jako cz\u0119\u015b\u0107 \u201eprocesu zapocz\u0105tkowanego przez Sob\u00f3r Watyka\u0144ski II, kt\u00f3ry kwestionuje modele dominuj\u0105ce w \u017cyciu ko\u015bcielnym w ci\u0105gu ostatnich stuleci\u201d. Cz\u0119sto s\u0142yszymy, \u017ce duchowni i wierni przywi\u0105zani do tradycyjnej mszy \u0142aci\u0144skiej musz\u0105 \u201ezaakceptowa\u0107 Sob\u00f3r Watyka\u0144ski II\u201d. Ale jak mo\u017cna si\u0119 tego spodziewa\u0107, skoro eksperci watyka\u0144scy m\u00f3wi\u0105 nam, \u017ce w\u0142a\u015bnie do tego to prowadzi?<\/strong><\/p>\n\n\n\n<p class=\"has-text-align-justify wp-block-paragraph\"><strong>(+AS):&nbsp;<\/strong>Ko\u0144cowy raport, napisany w typowo sofistycznym i gnostycznym stylu, przedstawia niezmienne, \u015bwi\u0119te i najm\u0105drzejsze prawdy Objawienia Bo\u017cego jako zwyk\u0142e \u201emodele teoretyczne\u201d (por. 2.3). W tym raporcie jasne, nieomylne, dwutysi\u0119czne nauczanie Ko\u015bcio\u0142a na temat ustanowionego przez Boga i chcianego przez Boga porz\u0105dku ludzkiej seksualno\u015bci zostaje tym samym zdegradowane do ograniczonego czasowo \u201emodelu\u201d. Pozbawia to r\u00f3wnie\u017c ca\u0142ego naturalnego prawa moralnego, kt\u00f3re B\u00f3g wypisa\u0142 w ludzkim sercu, a tak\u017ce Jego prawd objawionych w Pi\u015bmie \u015awi\u0119tym i \u015awi\u0119tej Tradycji, ich wi\u0105\u017c\u0105cej mocy.<\/p>\n\n\n\n<p class=\"has-text-align-justify wp-block-paragraph\">Autorami raportu ko\u0144cowego s\u0105 ci, kt\u00f3rzy, jak m\u00f3wi aposto\u0142 Juda, nadu\u017cywaj\u0105 \u0142aski Bo\u017cej, daj\u0105c przyzwolenie na rozpust\u0119 (por. Jd 4). S\u0105 oni \u201e\u017ar\u00f3d\u0142ami bez wody i mg\u0142ami p\u0119dzonymi przez burz\u0119\u201d, o kt\u00f3rych m\u00f3wi \u015bw. Piotr, kt\u00f3rzy \u201eg\u0142o\u015bno si\u0119 przechwalaj\u0105 g\u0142upot\u0105\u201d i \u201erozwi\u0105z\u0142ymi nami\u0119tno\u015bciami cielesnymi zwodz\u0105 tych, kt\u00f3rzy ledwo uciekli od tych, co \u017cyj\u0105 w b\u0142\u0119dzie. Obiecuj\u0105 im wolno\u015b\u0107, a sami s\u0105 niewolnikami zepsucia\u201d (2 P 2, 17-19). Je\u015bli Stolica Apostolska nie pot\u0119pi jednoznacznie tego raportu ko\u0144cowego nr 9, wszyscy pozostali autentycznie katoliccy duchowni i wierz\u0105cy strac\u0105 zaufanie do tych, kt\u00f3rzy piastuj\u0105 stanowiska w Watykanie.<\/p>\n\n\n\n<p class=\"has-text-align-justify wp-block-paragraph\"><strong>(DM): Bractwo Kap\u0142a\u0144skie \u015awi\u0119tego Piusa X (FSSPX) og\u0142osi\u0142o, \u017ce planuje konsekracj\u0119 nowych biskup\u00f3w 1 lipca. Jak mo\u017cna mie\u0107 nadziej\u0119 na pojednanie i jedno\u015b\u0107, je\u015bli tego rodzaju ataki na wiar\u0119 katolick\u0105 \u2013 pochodz\u0105ce z oficjalnych struktur watyka\u0144skich \u2013 b\u0119d\u0105 trwa\u0107?<\/strong><\/p>\n\n\n\n<p class=\"has-text-align-justify wp-block-paragraph\"><strong>(+AS):\u00a0<\/strong>Skandaliczna i, prawd\u0119 m\u00f3wi\u0105c, blu\u017aniercza tre\u015b\u0107 Raportu Ko\u0144cowego nr 9, dotycz\u0105cego seksualno\u015bci i niezmiennie wa\u017cnej tre\u015bci Objawienia Bo\u017cego w Pi\u015bmie \u015awi\u0119tym i Tradycji, stanowi kolejny dow\u00f3d \u2013 po\u015br\u00f3d wielu innych alarmuj\u0105cych dokument\u00f3w i akt\u00f3w pochodz\u0105cych ze Stolicy Apostolskiej lub przez ni\u0105 tolerowanych \u2013 \u017ce obecn\u0105 sytuacj\u0119 Ko\u015bcio\u0142a mo\u017cna okre\u015bli\u0107 jedynie jako prawdziwy stan wyj\u0105tkowy, co s\u0142usznie stwierdza Bractwo Kap\u0142a\u0144skie Piusa X (FSSPX). Trzeba by\u0107 \u015blepym, \u017ceby tego nie dostrzega\u0107. Ka\u017cdy w Ko\u015bciele, kto nadal zaprzecza prawdziwemu stanowi wyj\u0105tkowemu, jest albo duchowo za\u015blepiony, albo uwa\u017ca nagiego cesarza za przyzwoicie ubranego (jak w ba\u015bni Andersena \u201eNowe szaty cesarza\u201d), albo zachowuje si\u0119 jak s\u0142u\u017c\u0105cy, kt\u00f3ry wykrzykn\u0105\u0142 w obliczu p\u0142on\u0105cego zamku: \u201eWszystko idzie bardzo dobrze, Madame la Marquise!\u201d (Wszystko jest dobrze, Madame la Marquise!).<\/p>\n\n\n\n<p class=\"has-text-align-justify wp-block-paragraph\"><strong>(DM): Bractwo Kap\u0142a\u0144skie \u015awi\u0119tego Piusa X, biskupi niemieccy, synod o synodalno\u015bci\u2026 Papie\u017c Leon XIV ma mn\u00f3stwo bardzo powa\u017cnych spraw do om\u00f3wienia w nadchodz\u0105cych miesi\u0105cach i roku. Co powiedzia\u0142by mu Pan, rozpoczynaj\u0105c drugi rok pontyfikatu?<\/strong><\/p>\n\n\n\n<p class=\"has-text-align-justify wp-block-paragraph\"><strong>(+AS):&nbsp;<\/strong>Jako jego brat w biskupstwie, nie mog\u0142em zaoferowa\u0107 mu lepszych i bardziej trafnych s\u0142\u00f3w ni\u017c te, kt\u00f3re nasz Pan wypowiedzia\u0142 do Piotra, pierwszego papie\u017ca: \u201eUmacniajcie w wierze waszych braci!\u201d (\u0141k 22, 32). Co konkretnie oznacza \u201eumacnia\u0107 w wierze\u201d? Oczywi\u015bcie oznacza to rozja\u015bnienie zam\u0119tu wiary, rozja\u015bnienie niejednoznaczno\u015bci wiary i rozja\u015bnienie jej wywrotu. Papie\u017c powinien zda\u0107 sobie spraw\u0119, \u017ce Ko\u015bci\u00f3\u0142, podobnie jak w II wieku, za czas\u00f3w \u015bw. Ireneusza, jest ska\u017cony gnostycyzmem, kt\u00f3ry niczym lis chytrze neguje wa\u017cno\u015b\u0107 i konkretno\u015b\u0107 Objawienia i Przykaza\u0144 Bo\u017cych. Dlatego \u015bw. Ireneusz skierowa\u0142 nast\u0119puj\u0105ce ostrze\u017cenie do papie\u017cy, biskup\u00f3w i wiernych swoich czas\u00f3w \u2013 fragment godny zacytowania w ca\u0142o\u015bci:<\/p>\n\n\n\n<blockquote class=\"wp-block-quote is-layout-flow wp-block-quote-is-layout-flow\">\n<p class=\"has-text-align-justify wp-block-paragraph\"><em>\u201eTaki jest zatem ich system, kt\u00f3rego ani prorocy nie g\u0142osili, ani Pan nie naucza\u0142, ani aposto\u0142owie nie g\u0142osili, lecz o kt\u00f3rym che\u0142pi\u0105 si\u0119, \u017ce ponad wszystkimi innymi posiadaj\u0105 doskona\u0142\u0105 wiedz\u0119. Swoje pogl\u0105dy czerpi\u0105 z innych \u017ar\u00f3de\u0142 ni\u017c Pismo \u015awi\u0119te; i, by u\u017cy\u0107 popularnego przys\u0142owia, staraj\u0105 si\u0119 tka\u0107 liny z piasku, jednocze\u015bnie staraj\u0105c si\u0119 z pozorem prawdopodobie\u0144stwa dostosowa\u0107 do swoich w\u0142asnych osobliwych twierdze\u0144 przypowie\u015bci Pana, wypowiedzi prorok\u00f3w i s\u0142owa aposto\u0142\u00f3w, aby ich schemat nie wydawa\u0142 si\u0119 zupe\u0142nie bezpodstawny. <\/em><\/p>\n\n\n\n<p class=\"has-text-align-justify wp-block-paragraph\"><em>Czyni\u0105c tak jednak, lekcewa\u017c\u0105 porz\u0105dek i powi\u0105zanie Pisma \u015awi\u0119tego, a o ile w nich tkwi\u0105, rozcz\u0142onkowuj\u0105 i niszcz\u0105 prawd\u0119. Przenosz\u0105c fragmenty, przerabiaj\u0105c je na nowo i tworz\u0105c jedno z drugiego, udaje im si\u0119 zwie\u015b\u0107 wielu swoj\u0105 niegodziw\u0105 sztuk\u0105 dostosowywania wyroczni Pana do swoich pogl\u0105d\u00f3w. <\/em><\/p>\n\n\n\n<p class=\"has-text-align-justify wp-block-paragraph\"><em>Ich spos\u00f3b dzia\u0142ania jest taki, jakby pi\u0119kny wizerunek kr\u00f3la zosta\u0142 wykonany przez jakiego\u015b utalentowanego artyst\u0119 z drogocennych\u2026 klejnoty, powinien nast\u0119pnie roz\u0142o\u017cy\u0107 to podobie\u0144stwo cz\u0142owieka na kawa\u0142ki, przestawi\u0107 klejnoty i tak je dopasowa\u0107, aby nada\u0107 im kszta\u0142t psa lub lisa, a nawet to, ale s\u0142abo wykonane; i powinien nast\u0119pnie utrzymywa\u0107 i o\u015bwiadcza\u0107, \u017ce to by\u0142 pi\u0119kny wizerunek kr\u00f3la, kt\u00f3ry stworzy\u0142 zdolny artysta, wskazuj\u0105c na klejnoty, kt\u00f3re zosta\u0142y wspaniale dopasowane przez pierwszego artyst\u0119, aby utworzy\u0107 wizerunek kr\u00f3la, ale zosta\u0142y ze z\u0142ym skutkiem przeniesione przez tego ostatniego na kszta\u0142t psa i w ten spos\u00f3b eksponuj\u0105c klejnoty, powinien oszuka\u0107 ignorant\u00f3w, kt\u00f3rzy nie mieli poj\u0119cia, jak wygl\u0105da forma kr\u00f3la i przekona\u0107 ich, \u017ce to n\u0119dzne podobie\u0144stwo lisa by\u0142o w rzeczywisto\u015bci pi\u0119knym wizerunkiem kr\u00f3la. W podobny spos\u00f3b te osoby sklejaj\u0105 bajki starych bab, a nast\u0119pnie staraj\u0105 si\u0119, gwa\u0142townie odci\u0105gaj\u0105c od ich w\u0142a\u015bciwego po\u0142\u0105czenia, s\u0142owa, wyra\u017cenia i przypowie\u015bci, kiedykolwiek je znajduj\u0105, dostosowa\u0107 wyrocznie Boga do ich bezpodstawnych fikcji\u201d\u00a0<\/em>(<em>Adversus haereses\u00a0<\/em>, Ja,8.1)<\/p>\n<\/blockquote>\n\n\n\n<p class=\"wp-block-paragraph\"><strong>(DM): Wasza Ekscelencjo, czy chcia\u0142by\u015b co\u015b doda\u0107?<\/strong><\/p>\n\n\n\n<p class=\"has-text-align-justify wp-block-paragraph\"><strong>(+AS):&nbsp;<\/strong>W tych s\u0142owach pragn\u0119 odda\u0107 g\u0142os niezliczonym, prostym, pobo\u017cnym katolikom, kt\u00f3rych spotykam wielokrotnie w r\u00f3\u017cnych krajach, kt\u00f3rzy kochaj\u0105 Papie\u017ca mi\u0142o\u015bci\u0105 prawdziwie nadprzyrodzon\u0105, a jednocze\u015bnie g\u0142\u0119boko cierpi\u0105 z powodu braku jednoznacznego potwierdzenia prawd boskich p\u0142yn\u0105cych z Rzymu, po\u015br\u00f3d bezkarnego szerzenia herezji i blu\u017anierstw w \u017cyciu Ko\u015bcio\u0142a przez duchownych \u2013 nawet biskup\u00f3w i kardyna\u0142\u00f3w \u2013 kt\u00f3rzy s\u0105 wilkami przebranymi za pasterzy. Pragn\u0119 bratersko prosi\u0107:<\/p>\n\n\n\n<p class=\"has-text-align-justify wp-block-paragraph\">Ojcze \u015awi\u0119ty, wys\u0142uchaj g\u0142osu tak wielu pobo\u017cnych katolik\u00f3w, prostych ksi\u0119\u017cy i \u200b\u200bzakonnik\u00f3w, dzieci i m\u0142odzie\u017cy, kt\u00f3rzy zostali zepchni\u0119ci na margines \u017cycia ko\u015bcielnego przez struktury synodalne, a nawet traktowani z pogard\u0105, tylko dlatego, \u017ce pozostali przywi\u0105zani do wiary i formy liturgii przekazanej przez ich przodk\u00f3w; do wiary i liturgii cenionej przez \u015bwi\u0119tych; do wiary i liturgii przyj\u0119tej i ofiarowanej przez zdecydowan\u0105 wi\u0119kszo\u015b\u0107 papie\u017cy.<\/p>\n\n\n\n<p class=\"has-text-align-justify wp-block-paragraph\">Ojcze \u015awi\u0119ty, nie stawaj przede wszystkim po stronie ko\u015bcielnych biurokrat\u00f3w i aparatczyk\u00f3w, kt\u00f3rzy s\u0105 wspierani przez mo\u017cnych tego \u015bwiata, ale s\u0142uchaj i sta\u0144 po stronie ma\u0142ych w Ko\u015bciele: tradycyjnych wiernych i duchowie\u0144stwa, kt\u00f3rzy mocno trzymaj\u0105 si\u0119 wiary raz na zawsze przekazanej \u015bwi\u0119tym (Jud 3).<\/p>\n\n\n\n<p class=\"has-text-align-justify wp-block-paragraph\">Ojcze \u015awi\u0119ty, b\u0105d\u017a dla naszych czas\u00f3w kolejnym \u015bwi\u0119tym Leonem: z\u0142\u00f3\u017c krystalicznie czyste wyznanie wiary, aby umocni\u0107 ca\u0142y Ko\u015bci\u00f3\u0142 i rozwia\u0107 zgubne w\u0105tpliwo\u015bci i truj\u0105ce niejasno\u015bci, tak jak uczyni\u0142 to Tw\u00f3j poprzednik i imiennik. Wtedy wierni naszych czas\u00f3w, tak jak w czasach Leona Wielkiego, b\u0119d\u0105 mogli powiedzie\u0107: \u201eUstami papie\u017ca Leona XIV przem\u00f3wi\u0142 Piotr!\u201d.<\/p>\n\n\n\n<hr class=\"wp-block-separator has-alpha-channel-opacity\"\/>\n\n\n\n<p class=\"has-text-align-justify has-small-font-size wp-block-paragraph\"><sup>[1]&nbsp;<\/sup><strong>Przyjmowanie os\u00f3b homoseksualnych, 50.&nbsp;<\/strong>Osoby homoseksualne maj\u0105 dary i zalety, kt\u00f3re mog\u0105 zaoferowa\u0107 wsp\u00f3lnocie chrze\u015bcija\u0144skiej: czy potrafimy przyj\u0105\u0107 te osoby, zapewniaj\u0105c im bratersk\u0105 przestrze\u0144 w naszych wsp\u00f3lnotach? Cz\u0119sto pragn\u0105 one znale\u017a\u0107 Ko\u015bci\u00f3\u0142, kt\u00f3ry b\u0119dzie dla nich go\u015bcinnym domem. Czy nasze wsp\u00f3lnoty potrafi\u0105 by\u0107 takie, akceptuj\u0105c i doceniaj\u0105c ich orientacj\u0119 seksualn\u0105, nie rezygnuj\u0105c z katolickiej doktryny o rodzinie i ma\u0142\u017ce\u0144stwie?<\/p>\n\n\n\n<div class=\"wp-block-kadence-infobox kt-info-box74405_787106-ce\"><a class=\"kt-blocks-info-box-link-wrap info-box-link kt-blocks-info-box-media-align-top kt-info-halign-center\" target=\"_blank\" rel=\"noopener noreferrer\" href=\"https:\/\/wobronietradycjiiwiary.com\/pl\/subskrypcje-2\/\"><div class=\"kt-blocks-info-box-media-container\"><div class=\"kt-blocks-info-box-media kt-info-media-animate-none\"><div class=\"kadence-info-box-image-inner-intrisic-container\"><div class=\"kadence-info-box-image-intrisic kt-info-animate-none\"><div class=\"kadence-info-box-image-inner-intrisic\"><img decoding=\"async\" data-attachment-id=\"99768\" data-permalink=\"https:\/\/wobronietradycjiiwiary.com\/pl\/cropped-cropped-st-peters-dome-vatican-1-jpg\/\" data-orig-file=\"https:\/\/wobronietradycjiiwiary.com\/wp-content\/uploads\/2015\/10\/cropped-cropped-st-peters-dome-vatican-1.jpg\" data-orig-size=\"512,512\" data-comments-opened=\"1\" data-image-meta=\"{&quot;aperture&quot;:&quot;0&quot;,&quot;credit&quot;:&quot;&quot;,&quot;camera&quot;:&quot;&quot;,&quot;caption&quot;:&quot;&quot;,&quot;created_timestamp&quot;:&quot;0&quot;,&quot;copyright&quot;:&quot;&quot;,&quot;focal_length&quot;:&quot;0&quot;,&quot;iso&quot;:&quot;0&quot;,&quot;shutter_speed&quot;:&quot;0&quot;,&quot;title&quot;:&quot;&quot;,&quot;orientation&quot;:&quot;0&quot;}\" data-image-title=\"cropped-cropped-st-peters-dome-vatican-1.jpg\" data-image-description=\"&lt;p&gt;https:\/\/wobronietradycjiiwiary.com\/wp-content\/uploads\/2015\/10\/cropped-cropped-st-peters-dome-vatican-1.jpg&lt;\/p&gt;\n\" data-image-caption=\"\" data-large-file=\"https:\/\/wobronietradycjiiwiary.com\/wp-content\/uploads\/2015\/10\/cropped-cropped-st-peters-dome-vatican-1.jpg\" src=\"https:\/\/wobronietradycjiiwiary.com\/wp-content\/uploads\/2015\/10\/cropped-cropped-st-peters-dome-vatican-1-150x150.jpg\" alt=\"\" width=\"150\" height=\"150\" class=\"kt-info-box-image wp-image-99768\" srcset=\"https:\/\/wobronietradycjiiwiary.com\/wp-content\/uploads\/2015\/10\/cropped-cropped-st-peters-dome-vatican-1-150x150.jpg 150w, https:\/\/wobronietradycjiiwiary.com\/wp-content\/uploads\/2015\/10\/cropped-cropped-st-peters-dome-vatican-1-300x300.jpg 300w, https:\/\/wobronietradycjiiwiary.com\/wp-content\/uploads\/2015\/10\/cropped-cropped-st-peters-dome-vatican-1-12x12.jpg 12w, https:\/\/wobronietradycjiiwiary.com\/wp-content\/uploads\/2015\/10\/cropped-cropped-st-peters-dome-vatican-1-400x400.jpg?crop=1 400w, https:\/\/wobronietradycjiiwiary.com\/wp-content\/uploads\/2015\/10\/cropped-cropped-st-peters-dome-vatican-1-200x200.jpg?crop=1 200w, https:\/\/wobronietradycjiiwiary.com\/wp-content\/uploads\/2015\/10\/cropped-cropped-st-peters-dome-vatican-1-100x100.jpg?crop=1 100w, https:\/\/wobronietradycjiiwiary.com\/wp-content\/uploads\/2015\/10\/cropped-cropped-st-peters-dome-vatican-1-270x270.jpg 270w, https:\/\/wobronietradycjiiwiary.com\/wp-content\/uploads\/2015\/10\/cropped-cropped-st-peters-dome-vatican-1-192x192.jpg 192w, https:\/\/wobronietradycjiiwiary.com\/wp-content\/uploads\/2015\/10\/cropped-cropped-st-peters-dome-vatican-1-180x180.jpg 180w, https:\/\/wobronietradycjiiwiary.com\/wp-content\/uploads\/2015\/10\/cropped-cropped-st-peters-dome-vatican-1-32x32.jpg 32w, https:\/\/wobronietradycjiiwiary.com\/wp-content\/uploads\/2015\/10\/cropped-cropped-st-peters-dome-vatican-1.jpg 512w\" sizes=\"(max-width: 150px) 100vw, 150px\" \/><\/div><\/div><\/div><\/div><\/div><div class=\"kt-infobox-textcontent\"><h2 class=\"kt-blocks-info-box-title\">Chcesz czyta\u0107 wszystko?<\/h2><p class=\"kt-blocks-info-box-text\"><strong>Wykup abonament.<\/strong><\/p><\/div><\/a><\/div>\n\n\n\n<div class=\"wp-block-cover aligncenter\" style=\"min-height:361px;aspect-ratio:unset;\"><img fetchpriority=\"high\" decoding=\"async\" width=\"524\" height=\"539\" data-attachment-id=\"115630\" data-permalink=\"https:\/\/wobronietradycjiiwiary.com\/pl\/church-militant-o-naduzyciach-seksualnych-w-bractwie-sw-piusa-x-nowy-cykl\/ec48bf44892c29b895741920e0bdef09-2\/\" data-orig-file=\"https:\/\/wobronietradycjiiwiary.com\/wp-content\/uploads\/2024\/04\/ec48bf44892c29b895741920e0bdef09.jpg\" data-orig-size=\"524,539\" data-comments-opened=\"1\" data-image-meta=\"{&quot;aperture&quot;:&quot;0&quot;,&quot;credit&quot;:&quot;&quot;,&quot;camera&quot;:&quot;&quot;,&quot;caption&quot;:&quot;&quot;,&quot;created_timestamp&quot;:&quot;0&quot;,&quot;copyright&quot;:&quot;&quot;,&quot;focal_length&quot;:&quot;0&quot;,&quot;iso&quot;:&quot;0&quot;,&quot;shutter_speed&quot;:&quot;0&quot;,&quot;title&quot;:&quot;&quot;,&quot;orientation&quot;:&quot;0&quot;}\" data-image-title=\"ec48bf44892c29b895741920e0bdef09\" data-image-description=\"\" data-image-caption=\"\" data-large-file=\"https:\/\/wobronietradycjiiwiary.com\/wp-content\/uploads\/2024\/04\/ec48bf44892c29b895741920e0bdef09.jpg\" class=\"wp-block-cover__image-background wp-image-115630\" alt=\"\" src=\"https:\/\/wobronietradycjiiwiary.com\/wp-content\/uploads\/2024\/04\/ec48bf44892c29b895741920e0bdef09.jpg\" style=\"object-position:57% 0%\" data-object-fit=\"cover\" data-object-position=\"57% 0%\" srcset=\"https:\/\/wobronietradycjiiwiary.com\/wp-content\/uploads\/2024\/04\/ec48bf44892c29b895741920e0bdef09.jpg 524w, https:\/\/wobronietradycjiiwiary.com\/wp-content\/uploads\/2024\/04\/ec48bf44892c29b895741920e0bdef09-450x463.jpg 450w, https:\/\/wobronietradycjiiwiary.com\/wp-content\/uploads\/2024\/04\/ec48bf44892c29b895741920e0bdef09-292x300.jpg 292w, https:\/\/wobronietradycjiiwiary.com\/wp-content\/uploads\/2024\/04\/ec48bf44892c29b895741920e0bdef09-146x150.jpg 146w, https:\/\/wobronietradycjiiwiary.com\/wp-content\/uploads\/2024\/04\/ec48bf44892c29b895741920e0bdef09-12x12.jpg 12w, https:\/\/wobronietradycjiiwiary.com\/wp-content\/uploads\/2024\/04\/ec48bf44892c29b895741920e0bdef09-58x60.jpg 58w, https:\/\/wobronietradycjiiwiary.com\/wp-content\/uploads\/2024\/04\/ec48bf44892c29b895741920e0bdef09-87x90.jpg 87w\" sizes=\"(max-width: 524px) 100vw, 524px\" \/><span aria-hidden=\"true\" class=\"wp-block-cover__background has-background-dim\"><\/span><div class=\"wp-block-cover__inner-container is-layout-flow wp-block-cover-is-layout-flow\">\n<p class=\"has-text-align-center has-large-font-size wp-block-paragraph\"><mark style=\"background-color:rgba(0, 0, 0, 0)\" class=\"has-inline-color has-luminous-vivid-amber-color\"><strong>Spodoba\u0142o si\u0119? Wspieraj nas!<\/strong><\/mark><\/p>\n\n\n\n<p class=\"has-text-align-center wp-block-paragraph\"><strong>Kart\u0105, paypalem lub bezpo\u015brednim przelewem<\/strong>.<\/p>\n\n\n\n<p class=\"has-text-align-center wp-block-paragraph\" style=\"font-size:39px\"><a aria-label=\" (opens in a new tab)\" class=\"ek-link\" href=\"https:\/\/donate.stripe.com\/6oE7uNfHU4nXe2I7su\" target=\"_blank\" rel=\"noreferrer noopener\"><mark style=\"background-color:rgba(0, 0, 0, 0)\" class=\"has-inline-color has-white-color\"><strong>Datki<\/strong> <\/mark><\/a><\/p>\n<\/div><\/div>\n","protected":false},"excerpt":{"rendered":"<p>Wywiad biskupa Schneidera i Diana Montagna na temat synodu i homoseksualizmu.<\/p>\n","protected":false},"author":60508433,"featured_media":165398,"comment_status":"open","ping_status":"open","sticky":false,"template":"","format":"standard","meta":{"_coblocks_attr":"","_coblocks_dimensions":"","_coblocks_responsive_height":"","_coblocks_accordion_ie_support":"","_exactmetrics_skip_tracking":false,"_jetpack_newsletter_access":"","_jetpack_dont_email_post_to_subs":false,"_jetpack_newsletter_tier_id":0,"_jetpack_memberships_contains_paywalled_content":false,"_wpcom_ai_launchpad_first_post":false,"_jetpack_feature_clip_id":0,"_jetpack_memberships_contains_paid_content":false,"footnotes":"","jetpack_publicize_message":"{title}\n\n{excerpt}\n\n{url}","jetpack_publicize_feature_enabled":true,"jetpack_social_post_already_shared":true,"jetpack_social_options":{"image_generator_settings":{"template":"highway","default_image_id":0,"font":"","enabled":false},"version":2},"_wpas_customize_per_network":false,"jetpack_post_was_ever_published":false},"categories":[610131186,610131624],"tags":[610130740,610134524,610135507],"class_list":["post-165395","post","type-post","status-publish","format-standard","has-post-thumbnail","hentry","category-polemika","category-polemika-z-biskupem-schneiderem","tag-biskup-schneider","tag-fiducia-supplicans","tag-leon-xiv"],"yoast_head":"<!-- This site is optimized with the Yoast SEO plugin v28.3 - https:\/\/yoast.com\/product\/yoast-seo-wordpress\/ -->\n<title>Biskup Schneider: Raport Watykanu z Synodu na temat homoseksualizmu przypomina \u201ew\u0119\u017ca w ogrodzie\u201d. - Tradycja i Wiara<\/title>\n<meta name=\"robots\" content=\"index, follow, max-snippet:-1, max-image-preview:large, max-video-preview:-1\" \/>\n<link rel=\"canonical\" href=\"https:\/\/wobronietradycjiiwiary.com\/pl\/biskup-schneider-raport-watykanu-z-synodu-na-temat-homoseksualizmu-przypomina-weza-w-ogrodzie\/\" \/>\n<meta property=\"og:locale\" content=\"pl_PL\" \/>\n<meta property=\"og:type\" content=\"article\" \/>\n<meta property=\"og:title\" content=\"Biskup Schneider: Raport Watykanu z Synodu na temat homoseksualizmu przypomina \u201ew\u0119\u017ca w ogrodzie\u201d. - Tradycja i Wiara\" \/>\n<meta property=\"og:description\" content=\"Wywiad biskupa Schneidera i Diana Montagna na temat synodu i homoseksualizmu.\" \/>\n<meta property=\"og:url\" content=\"https:\/\/wobronietradycjiiwiary.com\/pl\/biskup-schneider-raport-watykanu-z-synodu-na-temat-homoseksualizmu-przypomina-weza-w-ogrodzie\/\" \/>\n<meta property=\"og:site_name\" content=\"Tradycja i Wiara\" \/>\n<meta property=\"article:publisher\" content=\"https:\/\/www.facebook.com\/Tradycja-i-Wiara-108813920592249\" \/>\n<meta property=\"article:published_time\" content=\"2026-05-13T14:14:13+00:00\" \/>\n<meta property=\"article:modified_time\" content=\"2026-05-26T10:30:12+00:00\" \/>\n<meta property=\"og:image\" content=\"https:\/\/wobronietradycjiiwiary.com\/wp-content\/uploads\/2026\/05\/Dem22.jpg\" \/>\n\t<meta property=\"og:image:width\" content=\"736\" \/>\n\t<meta property=\"og:image:height\" content=\"649\" \/>\n\t<meta property=\"og:image:type\" content=\"image\/jpeg\" \/>\n<meta name=\"author\" content=\"Traditio et Fides\" \/>\n<meta name=\"twitter:card\" content=\"summary_large_image\" \/>\n<meta name=\"twitter:label1\" content=\"Napisane przez\" \/>\n\t<meta name=\"twitter:data1\" content=\"Traditio et Fides\" \/>\n\t<meta name=\"twitter:label2\" content=\"Szacowany czas czytania\" \/>\n\t<meta name=\"twitter:data2\" content=\"16 minut\" \/>\n<script type=\"application\/ld+json\" class=\"yoast-schema-graph\">{\"@context\":\"https:\\\/\\\/schema.org\",\"@graph\":[{\"@type\":\"Article\",\"@id\":\"https:\\\/\\\/wobronietradycjiiwiary.com\\\/biskup-schneider-raport-watykanu-z-synodu-na-temat-homoseksualizmu-przypomina-weza-w-ogrodzie\\\/#article\",\"isPartOf\":{\"@id\":\"https:\\\/\\\/wobronietradycjiiwiary.com\\\/biskup-schneider-raport-watykanu-z-synodu-na-temat-homoseksualizmu-przypomina-weza-w-ogrodzie\\\/\"},\"author\":{\"name\":\"Traditio et Fides\",\"@id\":\"https:\\\/\\\/wobronietradycjiiwiary.com\\\/pl\\\/#\\\/schema\\\/person\\\/2d6180ce6abcb681fef0daab7816e8f3\"},\"headline\":\"Biskup Schneider: Raport Watykanu z Synodu na temat homoseksualizmu przypomina \u201ew\u0119\u017ca w ogrodzie\u201d.\",\"datePublished\":\"2026-05-13T14:14:13+00:00\",\"dateModified\":\"2026-05-26T10:30:12+00:00\",\"mainEntityOfPage\":{\"@id\":\"https:\\\/\\\/wobronietradycjiiwiary.com\\\/biskup-schneider-raport-watykanu-z-synodu-na-temat-homoseksualizmu-przypomina-weza-w-ogrodzie\\\/\"},\"wordCount\":3502,\"commentCount\":0,\"publisher\":{\"@id\":\"https:\\\/\\\/wobronietradycjiiwiary.com\\\/pl\\\/#organization\"},\"image\":{\"@id\":\"https:\\\/\\\/wobronietradycjiiwiary.com\\\/biskup-schneider-raport-watykanu-z-synodu-na-temat-homoseksualizmu-przypomina-weza-w-ogrodzie\\\/#primaryimage\"},\"thumbnailUrl\":\"https:\\\/\\\/wobronietradycjiiwiary.com\\\/wp-content\\\/uploads\\\/2026\\\/05\\\/Dem22.jpg\",\"keywords\":[\"Biskup Schneider\",\"Fiducia supplicans\",\"Leon XIV\"],\"articleSection\":[\"Polemika\",\"Polemika z biskupem Schneiderem\"],\"inLanguage\":\"pl-PL\",\"potentialAction\":[{\"@type\":\"CommentAction\",\"name\":\"Comment\",\"target\":[\"https:\\\/\\\/wobronietradycjiiwiary.com\\\/biskup-schneider-raport-watykanu-z-synodu-na-temat-homoseksualizmu-przypomina-weza-w-ogrodzie\\\/#respond\"]}]},{\"@type\":\"WebPage\",\"@id\":\"https:\\\/\\\/wobronietradycjiiwiary.com\\\/biskup-schneider-raport-watykanu-z-synodu-na-temat-homoseksualizmu-przypomina-weza-w-ogrodzie\\\/\",\"url\":\"https:\\\/\\\/wobronietradycjiiwiary.com\\\/biskup-schneider-raport-watykanu-z-synodu-na-temat-homoseksualizmu-przypomina-weza-w-ogrodzie\\\/\",\"name\":\"Biskup Schneider: Raport Watykanu z Synodu na temat homoseksualizmu przypomina \u201ew\u0119\u017ca w ogrodzie\u201d. - Tradycja i Wiara\",\"isPartOf\":{\"@id\":\"https:\\\/\\\/wobronietradycjiiwiary.com\\\/pl\\\/#website\"},\"primaryImageOfPage\":{\"@id\":\"https:\\\/\\\/wobronietradycjiiwiary.com\\\/biskup-schneider-raport-watykanu-z-synodu-na-temat-homoseksualizmu-przypomina-weza-w-ogrodzie\\\/#primaryimage\"},\"image\":{\"@id\":\"https:\\\/\\\/wobronietradycjiiwiary.com\\\/biskup-schneider-raport-watykanu-z-synodu-na-temat-homoseksualizmu-przypomina-weza-w-ogrodzie\\\/#primaryimage\"},\"thumbnailUrl\":\"https:\\\/\\\/wobronietradycjiiwiary.com\\\/wp-content\\\/uploads\\\/2026\\\/05\\\/Dem22.jpg\",\"datePublished\":\"2026-05-13T14:14:13+00:00\",\"dateModified\":\"2026-05-26T10:30:12+00:00\",\"breadcrumb\":{\"@id\":\"https:\\\/\\\/wobronietradycjiiwiary.com\\\/biskup-schneider-raport-watykanu-z-synodu-na-temat-homoseksualizmu-przypomina-weza-w-ogrodzie\\\/#breadcrumb\"},\"inLanguage\":\"pl-PL\",\"potentialAction\":[{\"@type\":\"ReadAction\",\"target\":[\"https:\\\/\\\/wobronietradycjiiwiary.com\\\/biskup-schneider-raport-watykanu-z-synodu-na-temat-homoseksualizmu-przypomina-weza-w-ogrodzie\\\/\"]}]},{\"@type\":\"ImageObject\",\"inLanguage\":\"pl-PL\",\"@id\":\"https:\\\/\\\/wobronietradycjiiwiary.com\\\/biskup-schneider-raport-watykanu-z-synodu-na-temat-homoseksualizmu-przypomina-weza-w-ogrodzie\\\/#primaryimage\",\"url\":\"https:\\\/\\\/wobronietradycjiiwiary.com\\\/wp-content\\\/uploads\\\/2026\\\/05\\\/Dem22.jpg\",\"contentUrl\":\"https:\\\/\\\/wobronietradycjiiwiary.com\\\/wp-content\\\/uploads\\\/2026\\\/05\\\/Dem22.jpg\",\"width\":736,\"height\":649},{\"@type\":\"BreadcrumbList\",\"@id\":\"https:\\\/\\\/wobronietradycjiiwiary.com\\\/biskup-schneider-raport-watykanu-z-synodu-na-temat-homoseksualizmu-przypomina-weza-w-ogrodzie\\\/#breadcrumb\",\"itemListElement\":[{\"@type\":\"ListItem\",\"position\":1,\"name\":\"Strona g\u0142\u00f3wna\",\"item\":\"https:\\\/\\\/wobronietradycjiiwiary.com\\\/\"},{\"@type\":\"ListItem\",\"position\":2,\"name\":\"Biskup Schneider: Raport Watykanu z Synodu na temat homoseksualizmu przypomina \u201ew\u0119\u017ca w ogrodzie\u201d.\"}]},{\"@type\":\"WebSite\",\"@id\":\"https:\\\/\\\/wobronietradycjiiwiary.com\\\/pl\\\/#website\",\"url\":\"https:\\\/\\\/wobronietradycjiiwiary.com\\\/pl\\\/\",\"name\":\"Tradycja i Wiara\",\"description\":\"Portal dla katolik\u00f3w.\",\"publisher\":{\"@id\":\"https:\\\/\\\/wobronietradycjiiwiary.com\\\/pl\\\/#organization\"},\"potentialAction\":[{\"@type\":\"SearchAction\",\"target\":{\"@type\":\"EntryPoint\",\"urlTemplate\":\"https:\\\/\\\/wobronietradycjiiwiary.com\\\/pl\\\/?s={search_term_string}\"},\"query-input\":{\"@type\":\"PropertyValueSpecification\",\"valueRequired\":true,\"valueName\":\"search_term_string\"}}],\"inLanguage\":\"pl-PL\"},{\"@type\":\"Organization\",\"@id\":\"https:\\\/\\\/wobronietradycjiiwiary.com\\\/pl\\\/#organization\",\"name\":\"Tradycja i Wiara\",\"url\":\"https:\\\/\\\/wobronietradycjiiwiary.com\\\/pl\\\/\",\"logo\":{\"@type\":\"ImageObject\",\"inLanguage\":\"pl-PL\",\"@id\":\"https:\\\/\\\/wobronietradycjiiwiary.com\\\/pl\\\/#\\\/schema\\\/logo\\\/image\\\/\",\"url\":\"https:\\\/\\\/i0.wp.com\\\/wobronietradycjiiwiary.com\\\/wp-content\\\/uploads\\\/2015\\\/10\\\/cropped-st-peters-dome-vatican.jpg?fit=940%2C198&ssl=1\",\"contentUrl\":\"https:\\\/\\\/i0.wp.com\\\/wobronietradycjiiwiary.com\\\/wp-content\\\/uploads\\\/2015\\\/10\\\/cropped-st-peters-dome-vatican.jpg?fit=940%2C198&ssl=1\",\"width\":940,\"height\":198,\"caption\":\"Tradycja i Wiara\"},\"image\":{\"@id\":\"https:\\\/\\\/wobronietradycjiiwiary.com\\\/pl\\\/#\\\/schema\\\/logo\\\/image\\\/\"},\"sameAs\":[\"https:\\\/\\\/www.facebook.com\\\/Tradycja-i-Wiara-108813920592249\"]},{\"@type\":\"Person\",\"@id\":\"https:\\\/\\\/wobronietradycjiiwiary.com\\\/pl\\\/#\\\/schema\\\/person\\\/2d6180ce6abcb681fef0daab7816e8f3\",\"name\":\"Traditio et Fides\",\"sameAs\":[\"https:\\\/\\\/traditionundglauben.com\"],\"url\":\"https:\\\/\\\/wobronietradycjiiwiary.com\\\/pl\\\/author\\\/wobronietradycjiiwiary\\\/\"}]}<\/script>\n<!-- \/ Yoast SEO plugin. -->","yoast_head_json":{"title":"Biskup Schneider: Raport Watykanu z Synodu na temat homoseksualizmu przypomina \u201ew\u0119\u017ca w ogrodzie\u201d. - Tradycja i Wiara","robots":{"index":"index","follow":"follow","max-snippet":"max-snippet:-1","max-image-preview":"max-image-preview:large","max-video-preview":"max-video-preview:-1"},"canonical":"https:\/\/wobronietradycjiiwiary.com\/pl\/biskup-schneider-raport-watykanu-z-synodu-na-temat-homoseksualizmu-przypomina-weza-w-ogrodzie\/","og_locale":"pl_PL","og_type":"article","og_title":"Biskup Schneider: Raport Watykanu z Synodu na temat homoseksualizmu przypomina \u201ew\u0119\u017ca w ogrodzie\u201d. - Tradycja i Wiara","og_description":"Wywiad biskupa Schneidera i Diana Montagna na temat synodu i homoseksualizmu.","og_url":"https:\/\/wobronietradycjiiwiary.com\/pl\/biskup-schneider-raport-watykanu-z-synodu-na-temat-homoseksualizmu-przypomina-weza-w-ogrodzie\/","og_site_name":"Tradycja i Wiara","article_publisher":"https:\/\/www.facebook.com\/Tradycja-i-Wiara-108813920592249","article_published_time":"2026-05-13T14:14:13+00:00","article_modified_time":"2026-05-26T10:30:12+00:00","og_image":[{"width":736,"height":649,"url":"https:\/\/wobronietradycjiiwiary.com\/wp-content\/uploads\/2026\/05\/Dem22.jpg","type":"image\/jpeg"}],"author":"Traditio et Fides","twitter_card":"summary_large_image","twitter_misc":{"Napisane przez":"Traditio et Fides","Szacowany czas czytania":"16 minut"},"schema":{"@context":"https:\/\/schema.org","@graph":[{"@type":"Article","@id":"https:\/\/wobronietradycjiiwiary.com\/biskup-schneider-raport-watykanu-z-synodu-na-temat-homoseksualizmu-przypomina-weza-w-ogrodzie\/#article","isPartOf":{"@id":"https:\/\/wobronietradycjiiwiary.com\/biskup-schneider-raport-watykanu-z-synodu-na-temat-homoseksualizmu-przypomina-weza-w-ogrodzie\/"},"author":{"name":"Traditio et Fides","@id":"https:\/\/wobronietradycjiiwiary.com\/pl\/#\/schema\/person\/2d6180ce6abcb681fef0daab7816e8f3"},"headline":"Biskup Schneider: Raport Watykanu z Synodu na temat homoseksualizmu przypomina \u201ew\u0119\u017ca w ogrodzie\u201d.","datePublished":"2026-05-13T14:14:13+00:00","dateModified":"2026-05-26T10:30:12+00:00","mainEntityOfPage":{"@id":"https:\/\/wobronietradycjiiwiary.com\/biskup-schneider-raport-watykanu-z-synodu-na-temat-homoseksualizmu-przypomina-weza-w-ogrodzie\/"},"wordCount":3502,"commentCount":0,"publisher":{"@id":"https:\/\/wobronietradycjiiwiary.com\/pl\/#organization"},"image":{"@id":"https:\/\/wobronietradycjiiwiary.com\/biskup-schneider-raport-watykanu-z-synodu-na-temat-homoseksualizmu-przypomina-weza-w-ogrodzie\/#primaryimage"},"thumbnailUrl":"https:\/\/wobronietradycjiiwiary.com\/wp-content\/uploads\/2026\/05\/Dem22.jpg","keywords":["Biskup Schneider","Fiducia supplicans","Leon XIV"],"articleSection":["Polemika","Polemika z biskupem Schneiderem"],"inLanguage":"pl-PL","potentialAction":[{"@type":"CommentAction","name":"Comment","target":["https:\/\/wobronietradycjiiwiary.com\/biskup-schneider-raport-watykanu-z-synodu-na-temat-homoseksualizmu-przypomina-weza-w-ogrodzie\/#respond"]}]},{"@type":"WebPage","@id":"https:\/\/wobronietradycjiiwiary.com\/biskup-schneider-raport-watykanu-z-synodu-na-temat-homoseksualizmu-przypomina-weza-w-ogrodzie\/","url":"https:\/\/wobronietradycjiiwiary.com\/biskup-schneider-raport-watykanu-z-synodu-na-temat-homoseksualizmu-przypomina-weza-w-ogrodzie\/","name":"Biskup Schneider: Raport Watykanu z Synodu na temat homoseksualizmu przypomina \u201ew\u0119\u017ca w ogrodzie\u201d. - Tradycja i Wiara","isPartOf":{"@id":"https:\/\/wobronietradycjiiwiary.com\/pl\/#website"},"primaryImageOfPage":{"@id":"https:\/\/wobronietradycjiiwiary.com\/biskup-schneider-raport-watykanu-z-synodu-na-temat-homoseksualizmu-przypomina-weza-w-ogrodzie\/#primaryimage"},"image":{"@id":"https:\/\/wobronietradycjiiwiary.com\/biskup-schneider-raport-watykanu-z-synodu-na-temat-homoseksualizmu-przypomina-weza-w-ogrodzie\/#primaryimage"},"thumbnailUrl":"https:\/\/wobronietradycjiiwiary.com\/wp-content\/uploads\/2026\/05\/Dem22.jpg","datePublished":"2026-05-13T14:14:13+00:00","dateModified":"2026-05-26T10:30:12+00:00","breadcrumb":{"@id":"https:\/\/wobronietradycjiiwiary.com\/biskup-schneider-raport-watykanu-z-synodu-na-temat-homoseksualizmu-przypomina-weza-w-ogrodzie\/#breadcrumb"},"inLanguage":"pl-PL","potentialAction":[{"@type":"ReadAction","target":["https:\/\/wobronietradycjiiwiary.com\/biskup-schneider-raport-watykanu-z-synodu-na-temat-homoseksualizmu-przypomina-weza-w-ogrodzie\/"]}]},{"@type":"ImageObject","inLanguage":"pl-PL","@id":"https:\/\/wobronietradycjiiwiary.com\/biskup-schneider-raport-watykanu-z-synodu-na-temat-homoseksualizmu-przypomina-weza-w-ogrodzie\/#primaryimage","url":"https:\/\/wobronietradycjiiwiary.com\/wp-content\/uploads\/2026\/05\/Dem22.jpg","contentUrl":"https:\/\/wobronietradycjiiwiary.com\/wp-content\/uploads\/2026\/05\/Dem22.jpg","width":736,"height":649},{"@type":"BreadcrumbList","@id":"https:\/\/wobronietradycjiiwiary.com\/biskup-schneider-raport-watykanu-z-synodu-na-temat-homoseksualizmu-przypomina-weza-w-ogrodzie\/#breadcrumb","itemListElement":[{"@type":"ListItem","position":1,"name":"Strona g\u0142\u00f3wna","item":"https:\/\/wobronietradycjiiwiary.com\/"},{"@type":"ListItem","position":2,"name":"Biskup Schneider: Raport Watykanu z Synodu na temat homoseksualizmu przypomina \u201ew\u0119\u017ca w ogrodzie\u201d."}]},{"@type":"WebSite","@id":"https:\/\/wobronietradycjiiwiary.com\/pl\/#website","url":"https:\/\/wobronietradycjiiwiary.com\/pl\/","name":"Tradycja i Wiara","description":"Portal dla katolik\u00f3w.","publisher":{"@id":"https:\/\/wobronietradycjiiwiary.com\/pl\/#organization"},"potentialAction":[{"@type":"SearchAction","target":{"@type":"EntryPoint","urlTemplate":"https:\/\/wobronietradycjiiwiary.com\/pl\/?s={search_term_string}"},"query-input":{"@type":"PropertyValueSpecification","valueRequired":true,"valueName":"search_term_string"}}],"inLanguage":"pl-PL"},{"@type":"Organization","@id":"https:\/\/wobronietradycjiiwiary.com\/pl\/#organization","name":"Tradycja i Wiara","url":"https:\/\/wobronietradycjiiwiary.com\/pl\/","logo":{"@type":"ImageObject","inLanguage":"pl-PL","@id":"https:\/\/wobronietradycjiiwiary.com\/pl\/#\/schema\/logo\/image\/","url":"https:\/\/i0.wp.com\/wobronietradycjiiwiary.com\/wp-content\/uploads\/2015\/10\/cropped-st-peters-dome-vatican.jpg?fit=940%2C198&ssl=1","contentUrl":"https:\/\/i0.wp.com\/wobronietradycjiiwiary.com\/wp-content\/uploads\/2015\/10\/cropped-st-peters-dome-vatican.jpg?fit=940%2C198&ssl=1","width":940,"height":198,"caption":"Tradycja i Wiara"},"image":{"@id":"https:\/\/wobronietradycjiiwiary.com\/pl\/#\/schema\/logo\/image\/"},"sameAs":["https:\/\/www.facebook.com\/Tradycja-i-Wiara-108813920592249"]},{"@type":"Person","@id":"https:\/\/wobronietradycjiiwiary.com\/pl\/#\/schema\/person\/2d6180ce6abcb681fef0daab7816e8f3","name":"Traditio et Fides","sameAs":["https:\/\/traditionundglauben.com"],"url":"https:\/\/wobronietradycjiiwiary.com\/pl\/author\/wobronietradycjiiwiary\/"}]}},"jetpack_publicize_connections":[],"jetpack_sharing_enabled":true,"jetpack_likes_enabled":true,"jetpack_shortlink":"https:\/\/wp.me\/pc04Sd-H1F","jetpack-related-posts":[{"id":26992,"url":"https:\/\/wobronietradycjiiwiary.com\/pl\/papiez-heretyk-automatycznie-traci-urzad-lub-bledy-biskupa-schneidera-1-z-4\/","url_meta":{"origin":165395,"position":0},"title":"Papie\u017c heretyk automatycznie traci urz\u0105d lub b\u0142\u0119dy biskupa Schneidera (1 z 2)","author":"Traditio et Fides","date":"10 marca 2020","format":false,"excerpt":"Opublikowany dnia 28. lutego 2020 tekst biskupa Schneidera pt. W kwestii prawdziwego papie\u017ca w \u015bwietle opinii o automatycznej utracie urz\u0119du papieskiego z powodu herezji oraz domys\u0142\u00f3w odno\u015bnie do ust\u0105pienia Benedykta XVI stanowi zlepek p\u00f3\u0142prawd, b\u0142\u0119d\u00f3w i poszlak i s\u0142u\u017cy utrzymaniu status quo bezczynno\u015bci w Ko\u015bciele. Biskup pomocniczy Astany twierdzi, i\u017c:\u2026","rel":"","context":"W \u201eHaereticus papa&quot;","block_context":{"text":"Haereticus papa","link":"https:\/\/wobronietradycjiiwiary.com\/pl\/category\/doktryna\/teologia-dogmatyczna\/papiestwo\/haereticus-papa\/"},"img":{"alt_text":"","src":"https:\/\/i0.wp.com\/wobronietradycjiiwiary.com\/wp-content\/uploads\/2020\/03\/1Medieval_Monster__3274903k.jpg?resize=350%2C200&ssl=1","width":350,"height":200,"srcset":"https:\/\/i0.wp.com\/wobronietradycjiiwiary.com\/wp-content\/uploads\/2020\/03\/1Medieval_Monster__3274903k.jpg?resize=350%2C200&ssl=1 1x, https:\/\/i0.wp.com\/wobronietradycjiiwiary.com\/wp-content\/uploads\/2020\/03\/1Medieval_Monster__3274903k.jpg?resize=525%2C300&ssl=1 1.5x, https:\/\/i0.wp.com\/wobronietradycjiiwiary.com\/wp-content\/uploads\/2020\/03\/1Medieval_Monster__3274903k.jpg?resize=700%2C400&ssl=1 2x"},"classes":[]},{"id":50190,"url":"https:\/\/wobronietradycjiiwiary.com\/pl\/kolejka-strachow-lub-decyzje-watykanu\/","url_meta":{"origin":165395,"position":1},"title":"&#8222;Kolejka strach\u00f3w&#8221; lub decyzje Watykanu w kwestii nadu\u017cy\u0107 seksualnych duchownych","author":"Traditio et Fides","date":"8 lipca 2021","format":false,"excerpt":"Ustawodawstwo Stolicy Apostolskiej sprawia\u0142o, \u017ce ka\u017cdy biskup \u0142ama\u0142 w kwestii zg\u0142aszania przest\u0119pstw seksualnych albo prawo ko\u015bcielne albo cywilne.","rel":"","context":"W \u201eUj\u0119cie prawnokanoniczne&quot;","block_context":{"text":"Uj\u0119cie prawnokanoniczne","link":"https:\/\/wobronietradycjiiwiary.com\/pl\/category\/polemika\/kosciol-posoborowy\/naduzycia-seksualne-w-kosciele\/pedofilia-w-kosciele\/ujecie-prawnokanoniczne\/"},"img":{"alt_text":"","src":"https:\/\/i0.wp.com\/wobronietradycjiiwiary.com\/wp-content\/uploads\/2021\/07\/6cbccc7c308c35e50a25c3ed0553f791.jpg?resize=350%2C200&ssl=1","width":350,"height":200,"srcset":"https:\/\/i0.wp.com\/wobronietradycjiiwiary.com\/wp-content\/uploads\/2021\/07\/6cbccc7c308c35e50a25c3ed0553f791.jpg?resize=350%2C200&ssl=1 1x, https:\/\/i0.wp.com\/wobronietradycjiiwiary.com\/wp-content\/uploads\/2021\/07\/6cbccc7c308c35e50a25c3ed0553f791.jpg?resize=525%2C300&ssl=1 1.5x, https:\/\/i0.wp.com\/wobronietradycjiiwiary.com\/wp-content\/uploads\/2021\/07\/6cbccc7c308c35e50a25c3ed0553f791.jpg?resize=700%2C400&ssl=1 2x, https:\/\/i0.wp.com\/wobronietradycjiiwiary.com\/wp-content\/uploads\/2021\/07\/6cbccc7c308c35e50a25c3ed0553f791.jpg?resize=1050%2C600&ssl=1 3x, https:\/\/i0.wp.com\/wobronietradycjiiwiary.com\/wp-content\/uploads\/2021\/07\/6cbccc7c308c35e50a25c3ed0553f791.jpg?resize=1400%2C800&ssl=1 4x"},"classes":[]},{"id":27007,"url":"https:\/\/wobronietradycjiiwiary.com\/pl\/papiez-heretyk-automatycznie-traci-urzad-lub-bledy-biskupa-schneidera-i-zniesienie-z-urzedu-koncyliaryzm-2\/","url_meta":{"origin":165395,"position":2},"title":"Papie\u017c heretyk automatycznie traci urz\u0105d lub b\u0142\u0119dy biskupa Schneidera. I. Zniesienie z urz\u0119du. Koncyliaryzm (2 z 2)","author":"Traditio et Fides","date":"17 marca 2020","format":false,"excerpt":"B\u0142\u0105d nr. 2: \u201eHerezja koncyliaryzmu\u201d Biskup Schneider pisze: \u201e[\u2026] \u015bredniowieczni i p\u00f3\u017aniejsi teologowie hipotetycznie zak\u0142adali mo\u017cliwo\u015b\u0107 istnienia papie\u017ca-heretyka. Ewentualne pot\u0119pienie papie\u017ca przez tak zwany niedoskona\u0142y sob\u00f3r biskup\u00f3w w zwi\u0105zku z popadni\u0119ciem przez niego w herezj\u0119 jest jedn\u0105 z postaci z\u0142agodzonego koncyliaryzmu. Heretycka teza koncyliaryzmu g\u0142osi, \u017ce sob\u00f3r jest nadrz\u0119dny wobec\u2026","rel":"","context":"W \u201eHaereticus papa&quot;","block_context":{"text":"Haereticus papa","link":"https:\/\/wobronietradycjiiwiary.com\/pl\/category\/doktryna\/teologia-dogmatyczna\/papiestwo\/haereticus-papa\/"},"img":{"alt_text":"","src":"https:\/\/i0.wp.com\/wobronietradycjiiwiary.com\/wp-content\/uploads\/2020\/03\/1Medieval_Monster__3274903k.jpg?resize=350%2C200&ssl=1","width":350,"height":200,"srcset":"https:\/\/i0.wp.com\/wobronietradycjiiwiary.com\/wp-content\/uploads\/2020\/03\/1Medieval_Monster__3274903k.jpg?resize=350%2C200&ssl=1 1x, https:\/\/i0.wp.com\/wobronietradycjiiwiary.com\/wp-content\/uploads\/2020\/03\/1Medieval_Monster__3274903k.jpg?resize=525%2C300&ssl=1 1.5x, https:\/\/i0.wp.com\/wobronietradycjiiwiary.com\/wp-content\/uploads\/2020\/03\/1Medieval_Monster__3274903k.jpg?resize=700%2C400&ssl=1 2x"},"classes":[]},{"id":19880,"url":"https:\/\/wobronietradycjiiwiary.com\/pl\/usprawiedliwienie-wlasnego-tchorzostwa-lub-biskup-schneider-nie-ma-racji-4-2-z-4\/","url_meta":{"origin":165395,"position":3},"title":"Usprawiedliwienie w\u0142asnego tch\u00f3rzostwa lub biskup Schneider nie ma racji (8 z 8) Kto uratowa\u0142 Ko\u015bci\u00f3\u0142?","author":"Traditio et Fides","date":"4 kwietnia 2019","format":false,"excerpt":"Czy\u017cby to babcie w chustkach Ko\u015bci\u00f3\u0142 od Arian uratowa\u0142y? Biskup Schneider pisze: Ko\u015bci\u00f3\u0142 jest prawdziwie jednym organicznym cia\u0142em i gdy dojdzie do os\u0142abienia lub brak\u00f3w w g\u0142owie cia\u0142a (papie\u017c), reszta cia\u0142a (wierni) lub wyr\u00f3\u017cniaj\u0105ce si\u0119 cz\u0119\u015bci cia\u0142a (biskupi) uzupe\u0142niaj\u0105 tymczasowe b\u0142\u0119dy papieskie. Jeden z najs\u0142ynniejszych i najtragiczniejszych przyk\u0142ad\u00f3w mia\u0142 miejsce\u2026","rel":"","context":"W \u201e4. Franciszek&quot;","block_context":{"text":"4. Franciszek","link":"https:\/\/wobronietradycjiiwiary.com\/pl\/category\/polemika\/kosciol-posoborowy\/papieze\/papiez-franciszek\/"},"img":{"alt_text":"","src":"https:\/\/i0.wp.com\/wobronietradycjiiwiary.com\/wp-content\/uploads\/2019\/10\/5.zoroastre-bl-_yates_thompson_28_f._51_0.jpg?resize=350%2C200&ssl=1","width":350,"height":200,"srcset":"https:\/\/i0.wp.com\/wobronietradycjiiwiary.com\/wp-content\/uploads\/2019\/10\/5.zoroastre-bl-_yates_thompson_28_f._51_0.jpg?resize=350%2C200&ssl=1 1x, https:\/\/i0.wp.com\/wobronietradycjiiwiary.com\/wp-content\/uploads\/2019\/10\/5.zoroastre-bl-_yates_thompson_28_f._51_0.jpg?resize=525%2C300&ssl=1 1.5x, https:\/\/i0.wp.com\/wobronietradycjiiwiary.com\/wp-content\/uploads\/2019\/10\/5.zoroastre-bl-_yates_thompson_28_f._51_0.jpg?resize=700%2C400&ssl=1 2x, https:\/\/i0.wp.com\/wobronietradycjiiwiary.com\/wp-content\/uploads\/2019\/10\/5.zoroastre-bl-_yates_thompson_28_f._51_0.jpg?resize=1050%2C600&ssl=1 3x"},"classes":[]},{"id":32357,"url":"https:\/\/wobronietradycjiiwiary.com\/pl\/list-arcybiskupa-vigano-lub-sobor-wszystkiemu-winny-2-z-5\/","url_meta":{"origin":165395,"position":4},"title":"List arcybiskupa Vigano lub Sob\u00f3r wszystkiemu winny (2 z 6)","author":"Traditio et Fides","date":"30 czerwca 2020","format":false,"excerpt":"Abp. Vigano s\u0142usznie zwraca uwag\u0119 na r\u00f3wni\u0119 pochy\u0142\u0105 argumentu biskupa Schneidera. Je\u015bli bowiem p\u00f3\u017aniejszym Sob\u00f3r zawsze mo\u017ce zaktualizowa\u0107 twierdzenia Soboru poprzedniego, to z trwa\u0142o\u015bci nauki Ko\u015bcio\u0142a nie pozostanie nic przed czym przestrzega\u0142a ju\u017c encyklika Pascendi. To, \u017ce \"doktryny s\u0105 dzi\u015b trudne do zaakceptowania\", jak to ujmuje biskup Schneider, nie znaczy\u2026","rel":"","context":"W \u201eAbp. Vigano&quot;","block_context":{"text":"Abp. Vigano","link":"https:\/\/wobronietradycjiiwiary.com\/pl\/category\/polemika\/autorzy-polemiczni\/abp-vigano\/"},"img":{"alt_text":"","src":"https:\/\/i0.wp.com\/wobronietradycjiiwiary.com\/wp-content\/uploads\/2020\/06\/Saint_Januarius.jpg?resize=350%2C200&ssl=1","width":350,"height":200,"srcset":"https:\/\/i0.wp.com\/wobronietradycjiiwiary.com\/wp-content\/uploads\/2020\/06\/Saint_Januarius.jpg?resize=350%2C200&ssl=1 1x, https:\/\/i0.wp.com\/wobronietradycjiiwiary.com\/wp-content\/uploads\/2020\/06\/Saint_Januarius.jpg?resize=525%2C300&ssl=1 1.5x, https:\/\/i0.wp.com\/wobronietradycjiiwiary.com\/wp-content\/uploads\/2020\/06\/Saint_Januarius.jpg?resize=700%2C400&ssl=1 2x"},"classes":[]},{"id":50567,"url":"https:\/\/wobronietradycjiiwiary.com\/pl\/triumf-niepokalanego-serca-lub-kwietyzm-nasz-powszedni\/","url_meta":{"origin":165395,"position":5},"title":"\u201eTriumf Niepokalanego Serca\u201d lub kwietyzm nasz powszedni","author":"Traditio et Fides","date":"16 lipca 2021","format":false,"excerpt":"O tym, dlaczego wsp\u00f3\u0142czesna pobo\u017cno\u015b\u0107 jest kwietystyczna, co nie jest niczym dobrym.","rel":"","context":"W \u201eApokaliptyka&quot;","block_context":{"text":"Apokaliptyka","link":"https:\/\/wobronietradycjiiwiary.com\/pl\/category\/polemika\/apokaliptyka-2\/"},"img":{"alt_text":"","src":"https:\/\/i0.wp.com\/wobronietradycjiiwiary.com\/wp-content\/uploads\/2021\/07\/El_Greco_001-2-scaled.jpg?resize=350%2C200&ssl=1","width":350,"height":200,"srcset":"https:\/\/i0.wp.com\/wobronietradycjiiwiary.com\/wp-content\/uploads\/2021\/07\/El_Greco_001-2-scaled.jpg?resize=350%2C200&ssl=1 1x, https:\/\/i0.wp.com\/wobronietradycjiiwiary.com\/wp-content\/uploads\/2021\/07\/El_Greco_001-2-scaled.jpg?resize=525%2C300&ssl=1 1.5x, https:\/\/i0.wp.com\/wobronietradycjiiwiary.com\/wp-content\/uploads\/2021\/07\/El_Greco_001-2-scaled.jpg?resize=700%2C400&ssl=1 2x, https:\/\/i0.wp.com\/wobronietradycjiiwiary.com\/wp-content\/uploads\/2021\/07\/El_Greco_001-2-scaled.jpg?resize=1050%2C600&ssl=1 3x, https:\/\/i0.wp.com\/wobronietradycjiiwiary.com\/wp-content\/uploads\/2021\/07\/El_Greco_001-2-scaled.jpg?resize=1400%2C800&ssl=1 4x"},"classes":[]}],"jetpack_featured_media_url":"https:\/\/wobronietradycjiiwiary.com\/wp-content\/uploads\/2026\/05\/Dem22.jpg","_links":{"self":[{"href":"https:\/\/wobronietradycjiiwiary.com\/pl\/wp-json\/wp\/v2\/posts\/165395","targetHints":{"allow":["GET"]}}],"collection":[{"href":"https:\/\/wobronietradycjiiwiary.com\/pl\/wp-json\/wp\/v2\/posts"}],"about":[{"href":"https:\/\/wobronietradycjiiwiary.com\/pl\/wp-json\/wp\/v2\/types\/post"}],"author":[{"embeddable":true,"href":"https:\/\/wobronietradycjiiwiary.com\/pl\/wp-json\/wp\/v2\/users\/60508433"}],"replies":[{"embeddable":true,"href":"https:\/\/wobronietradycjiiwiary.com\/pl\/wp-json\/wp\/v2\/comments?post=165395"}],"version-history":[{"count":25,"href":"https:\/\/wobronietradycjiiwiary.com\/pl\/wp-json\/wp\/v2\/posts\/165395\/revisions"}],"predecessor-version":[{"id":165423,"href":"https:\/\/wobronietradycjiiwiary.com\/pl\/wp-json\/wp\/v2\/posts\/165395\/revisions\/165423"}],"wp:featuredmedia":[{"embeddable":true,"href":"https:\/\/wobronietradycjiiwiary.com\/pl\/wp-json\/wp\/v2\/media\/165398"}],"wp:attachment":[{"href":"https:\/\/wobronietradycjiiwiary.com\/pl\/wp-json\/wp\/v2\/media?parent=165395"}],"wp:term":[{"taxonomy":"category","embeddable":true,"href":"https:\/\/wobronietradycjiiwiary.com\/pl\/wp-json\/wp\/v2\/categories?post=165395"},{"taxonomy":"post_tag","embeddable":true,"href":"https:\/\/wobronietradycjiiwiary.com\/pl\/wp-json\/wp\/v2\/tags?post=165395"}],"curies":[{"name":"wp","href":"https:\/\/api.w.org\/{rel}","templated":true}]}}