{"id":16481,"date":"2017-12-02T20:26:38","date_gmt":"2017-12-02T19:26:38","guid":{"rendered":"https:\/\/wobronietradycjiiwiaryblog.wordpress.com\/?p=16481"},"modified":"2025-02-07T15:40:08","modified_gmt":"2025-02-07T14:40:08","slug":"i-znowu-poblogoslawione","status":"publish","type":"post","link":"https:\/\/wobronietradycjiiwiary.com\/pl\/i-znowu-poblogoslawione\/","title":{"rendered":"I znowu pob\u0142ogos\u0142awione"},"content":{"rendered":"<div id=\"bsf_rt_marker\"><\/div><p>Chocia\u017c wydarzenie to jest by\u0107 mo\u017ce zbyt ma\u0142o wa\u017ckie na nowy wpis, to pisz\u0105cy te s\u0142owa chcia\u0142by podzieli\u0107 si\u0119 swoj\u0105&hellip;<\/p>\n<div style=\"text-align: center\">\n<p>&nbsp;<\/p>\n<\/div>\n<h2 style=\"border: 5px solid #0000A0;padding: 1em;text-align: center\"><span style=\"color: #000000\">Pe\u0142en dost\u0119p dla <span style=\"color: #00ccff\"><a style=\"color: #00ccff\" href=\"https:\/\/wobronietradycjiiwiary.com\/subskrypcje-2\/\" target=\"_blank\" rel=\"noopener\">subskrybent\u00f3w<\/a><\/span>.<\/span><br \/>\n<span style=\"color: #3366ff\"><a style=\"color: #3366ff\" href=\"https:\/\/wobronietradycjiiwiary.com\/account\/login\/\" target=\"_blank\" rel=\"noopener\"><span style=\"color: #00ccff\">Zaloguj<\/span><\/a> <\/span>si\u0119 lub przejd\u017a do <a href=\"https:\/\/wobronietradycjiiwiary.com\/register\/\"><span style=\"color: #3366ff\">Rejestracji<\/span><\/a>.<\/h2>\n<div>\n<p style=\"text-align: center\"><a href=\"https:\/\/wobronietradycjiiwiary.com\/pl\/subskrypcje-2\/cennik\/\" target=\"_blank\" rel=\"noopener\"><span style=\"color: #000080;font-size: 24pt\"><strong>Nowe ni\u017csze ceny<\/strong><\/span><\/a><\/p>\n<p style=\"text-align: center\"><strong><span style=\"font-size: 18pt;color: #000080\">P\u0142atno\u015b\u0107 kart\u0105<\/span><\/strong><\/p>\n<\/div>\n<h3 style=\"text-align: center\"><a href=\"https:\/\/wobronietradycjiiwiary.com\/pl\/subskrypcje-2\/automatyczne\/indywidualne\/\" target=\"_blank\" rel=\"noopener\"><img fetchpriority=\"high\" decoding=\"async\" class=\"alignnone size-medium wp-image-80433\" src=\"https:\/\/wobronietradycjiiwiary.com\/wp-content\/uploads\/2022\/11\/Unbenannt-1-Online-1-300x202.jpg\" alt=\"\" width=\"300\" height=\"202\" srcset=\"https:\/\/wobronietradycjiiwiary.com\/wp-content\/uploads\/2022\/11\/Unbenannt-1-Online-1-300x202.jpg 300w, https:\/\/wobronietradycjiiwiary.com\/wp-content\/uploads\/2022\/11\/Unbenannt-1-Online-1-150x101.jpg 150w, https:\/\/wobronietradycjiiwiary.com\/wp-content\/uploads\/2022\/11\/Unbenannt-1-Online-1-18x12.jpg 18w, https:\/\/wobronietradycjiiwiary.com\/wp-content\/uploads\/2022\/11\/Unbenannt-1-Online-1.jpg 446w\" sizes=\"(max-width: 300px) 100vw, 300px\" \/><\/a><\/h3>\n<p style=\"text-align: center\"><strong><span style=\"font-size: 18pt;color: #000080\">P\u0142atno\u015b\u0107 przelewem<\/span><\/strong><\/p>\n<p><a href=\"https:\/\/wobronietradycjiiwiary.com\/pl\/subskrypcje-2\/automatyczne\/indywidualne\/\" target=\"_blank\" rel=\"noopener\"><img decoding=\"async\" class=\"size-medium wp-image-80434 aligncenter\" src=\"https:\/\/wobronietradycjiiwiary.com\/wp-content\/uploads\/2022\/11\/Unbenannt-1-Przelewem-300x137.jpg\" alt=\"\" width=\"300\" height=\"137\" srcset=\"https:\/\/wobronietradycjiiwiary.com\/wp-content\/uploads\/2022\/11\/Unbenannt-1-Przelewem-300x137.jpg 300w, https:\/\/wobronietradycjiiwiary.com\/wp-content\/uploads\/2022\/11\/Unbenannt-1-Przelewem-450x206.jpg 450w, https:\/\/wobronietradycjiiwiary.com\/wp-content\/uploads\/2022\/11\/Unbenannt-1-Przelewem-600x274.jpg 600w, https:\/\/wobronietradycjiiwiary.com\/wp-content\/uploads\/2022\/11\/Unbenannt-1-Przelewem-150x69.jpg 150w, https:\/\/wobronietradycjiiwiary.com\/wp-content\/uploads\/2022\/11\/Unbenannt-1-Przelewem-18x8.jpg 18w, https:\/\/wobronietradycjiiwiary.com\/wp-content\/uploads\/2022\/11\/Unbenannt-1-Przelewem.jpg 676w\" sizes=\"(max-width: 300px) 100vw, 300px\" \/><\/a><\/p>\n<p style=\"text-align: center\"><strong><span style=\"font-size: 18pt;color: #000080\">P\u0142atno\u015b\u0107 kart\u0105 do 6 os\u00f3b<\/span><\/strong><\/p>\n<p><a href=\"https:\/\/wobronietradycjiiwiary.com\/pl\/rodzinne\/\" target=\"_blank\" rel=\"noopener\"><img decoding=\"async\" class=\"size-medium wp-image-80435 aligncenter\" src=\"https:\/\/wobronietradycjiiwiary.com\/wp-content\/uploads\/2022\/11\/Unbenannt-1-Rodzinna-300x208.jpg\" alt=\"\" width=\"300\" height=\"208\" srcset=\"https:\/\/wobronietradycjiiwiary.com\/wp-content\/uploads\/2022\/11\/Unbenannt-1-Rodzinna-300x208.jpg 300w, https:\/\/wobronietradycjiiwiary.com\/wp-content\/uploads\/2022\/11\/Unbenannt-1-Rodzinna-150x104.jpg 150w, https:\/\/wobronietradycjiiwiary.com\/wp-content\/uploads\/2022\/11\/Unbenannt-1-Rodzinna-18x12.jpg 18w, https:\/\/wobronietradycjiiwiary.com\/wp-content\/uploads\/2022\/11\/Unbenannt-1-Rodzinna.jpg 448w\" sizes=\"(max-width: 300px) 100vw, 300px\" \/><\/a><\/p>\n<h3 style=\"text-align: center\"><\/h3>\n<h1 style=\"text-align: center\"><\/h1>\n","protected":false},"excerpt":{"rendered":"<p>Chocia\u017c wydarzenie to jest by\u0107 mo\u017ce zbyt ma\u0142o wa\u017ckie na nowy wpis, to pisz\u0105cy te s\u0142owa chcia\u0142by podzieli\u0107 si\u0119 swoj\u0105&hellip; &nbsp; Pe\u0142en dost\u0119p dla subskrybent\u00f3w. Zaloguj si\u0119 lub przejd\u017a do Rejestracji. Nowe ni\u017csze ceny P\u0142atno\u015b\u0107 kart\u0105 P\u0142atno\u015b\u0107 przelewem P\u0142atno\u015b\u0107 kart\u0105 do 6 os\u00f3b<\/p>\n","protected":false},"author":60508433,"featured_media":16482,"comment_status":"open","ping_status":"closed","sticky":false,"template":"","format":"standard","meta":{"_bbp_topic_count":0,"_bbp_reply_count":0,"_bbp_total_topic_count":0,"_bbp_total_reply_count":0,"_bbp_voice_count":0,"_bbp_anonymous_reply_count":0,"_bbp_topic_count_hidden":0,"_bbp_reply_count_hidden":0,"_bbp_forum_subforum_count":0,"_editorskit_title_hidden":false,"_editorskit_reading_time":0,"_editorskit_is_block_options_detached":false,"_editorskit_block_options_position":"{}","_coblocks_attr":"","_coblocks_dimensions":"","_coblocks_responsive_height":"","_coblocks_accordion_ie_support":"","_exactmetrics_skip_tracking":false,"_jetpack_newsletter_access":"","_jetpack_dont_email_post_to_subs":false,"_jetpack_newsletter_tier_id":0,"_jetpack_memberships_contains_paywalled_content":false,"_wpcom_ai_launchpad_first_post":false,"_jetpack_feature_clip_id":0,"_jetpack_memberships_contains_paid_content":false,"footnotes":"","jetpack_publicize_message":"{title}\n\n{excerpt}\n\n{url}","jetpack_publicize_feature_enabled":true,"jetpack_social_post_already_shared":true,"jetpack_social_options":{"image_generator_settings":{"template":"highway","default_image_id":0,"font":"","enabled":false},"version":2},"_wpas_customize_per_network":false,"jetpack_post_was_ever_published":false},"categories":[610132066,3764412],"tags":[610130663,590761130,7210821,610132562,610132133,12994032,610132183,610130939],"class_list":["post-16481","post","type-post","status-publish","format-standard","has-post-thumbnail","hentry","category-blogoslawienie-i-swiecenie","category-sakramentalia","tag-auxilium-christianorum","tag-blogoslawienstwo-swiec","tag-poboznosc","tag-premium","tag-restricted","tag-rituale-romanum","tag-sw-tomasz-apostol","tag-zycie-modlitewne"],"yoast_head":"<!-- This site is optimized with the Yoast SEO plugin v28.4 - https:\/\/yoast.com\/product\/yoast-seo-wordpress\/ -->\n<title>I znowu pob\u0142ogos\u0142awione - Tradycja i Wiara<\/title>\n<meta name=\"robots\" content=\"index, follow, max-snippet:-1, max-image-preview:large, max-video-preview:-1\" \/>\n<link rel=\"canonical\" href=\"https:\/\/wobronietradycjiiwiary.com\/pl\/i-znowu-poblogoslawione\/\" \/>\n<meta property=\"og:locale\" content=\"pl_PL\" \/>\n<meta property=\"og:type\" content=\"article\" \/>\n<meta property=\"og:title\" content=\"I znowu pob\u0142ogos\u0142awione - Tradycja i Wiara\" \/>\n<meta property=\"og:description\" content=\"Chocia\u017c wydarzenie to jest by\u0107 mo\u017ce zbyt ma\u0142o wa\u017ckie na nowy wpis, to pisz\u0105cy te s\u0142owa chcia\u0142by podzieli\u0107 si\u0119 swoj\u0105&hellip; &nbsp; Pe\u0142en dost\u0119p dla subskrybent\u00f3w. Zaloguj si\u0119 lub przejd\u017a do Rejestracji. Nowe ni\u017csze ceny P\u0142atno\u015b\u0107 kart\u0105 P\u0142atno\u015b\u0107 przelewem P\u0142atno\u015b\u0107 kart\u0105 do 6 os\u00f3b\" \/>\n<meta property=\"og:url\" content=\"https:\/\/wobronietradycjiiwiary.com\/pl\/i-znowu-poblogoslawione\/\" \/>\n<meta property=\"og:site_name\" content=\"Tradycja i Wiara\" \/>\n<meta property=\"article:publisher\" content=\"https:\/\/www.facebook.com\/Tradycja-i-Wiara-108813920592249\" \/>\n<meta property=\"article:published_time\" content=\"2017-12-02T19:26:38+00:00\" \/>\n<meta property=\"article:modified_time\" content=\"2025-02-07T14:40:08+00:00\" \/>\n<meta property=\"og:image\" content=\"https:\/\/wobronietradycjiiwiary.com\/wp-content\/uploads\/2017\/12\/isaak_zegent_jakob_rijksmuseum_sk-a-110-scaled.jpg\" \/>\n\t<meta property=\"og:image:width\" content=\"1920\" \/>\n\t<meta property=\"og:image:height\" content=\"1584\" \/>\n\t<meta property=\"og:image:type\" content=\"image\/jpeg\" \/>\n<meta name=\"author\" content=\"Traditio et Fides\" \/>\n<meta name=\"twitter:card\" content=\"summary_large_image\" \/>\n<meta name=\"twitter:label1\" content=\"Napisane przez\" \/>\n\t<meta name=\"twitter:data1\" content=\"Traditio et Fides\" \/>\n\t<meta name=\"twitter:label2\" content=\"Szacowany czas czytania\" \/>\n\t<meta name=\"twitter:data2\" content=\"3 minuty\" \/>\n<script type=\"application\/ld+json\" class=\"yoast-schema-graph\">{\"@context\":\"https:\\\/\\\/schema.org\",\"@graph\":[{\"@type\":\"Article\",\"@id\":\"https:\\\/\\\/wobronietradycjiiwiary.com\\\/i-znowu-poblogoslawione\\\/#article\",\"isPartOf\":{\"@id\":\"https:\\\/\\\/wobronietradycjiiwiary.com\\\/i-znowu-poblogoslawione\\\/\"},\"author\":{\"name\":\"Traditio et Fides\",\"@id\":\"https:\\\/\\\/wobronietradycjiiwiary.com\\\/pl\\\/#\\\/schema\\\/person\\\/2d6180ce6abcb681fef0daab7816e8f3\"},\"headline\":\"I znowu pob\u0142ogos\u0142awione\",\"datePublished\":\"2017-12-02T19:26:38+00:00\",\"dateModified\":\"2025-02-07T14:40:08+00:00\",\"mainEntityOfPage\":{\"@id\":\"https:\\\/\\\/wobronietradycjiiwiary.com\\\/i-znowu-poblogoslawione\\\/\"},\"wordCount\":649,\"commentCount\":0,\"publisher\":{\"@id\":\"https:\\\/\\\/wobronietradycjiiwiary.com\\\/pl\\\/#organization\"},\"image\":{\"@id\":\"https:\\\/\\\/wobronietradycjiiwiary.com\\\/i-znowu-poblogoslawione\\\/#primaryimage\"},\"thumbnailUrl\":\"https:\\\/\\\/wobronietradycjiiwiary.com\\\/wp-content\\\/uploads\\\/2017\\\/12\\\/isaak_zegent_jakob_rijksmuseum_sk-a-110-scaled.jpg\",\"keywords\":[\"Auxilium christianorum\",\"b\u0142ogos\u0142awie\u0144stwo \u015bwiec\",\"Pobo\u017cno\u015b\u0107\",\"Premium\",\"Restricted\",\"Rituale romanum\",\"\u015bw. Tomasz Aposto\u0142\",\"\u017cycie modlitewne\"],\"articleSection\":[\"B\u0142ogos\u0142awienie i \u015bwi\u0119cenie\",\"Sakramentalia\"],\"inLanguage\":\"pl-PL\",\"potentialAction\":[{\"@type\":\"CommentAction\",\"name\":\"Comment\",\"target\":[\"https:\\\/\\\/wobronietradycjiiwiary.com\\\/i-znowu-poblogoslawione\\\/#respond\"]}]},{\"@type\":\"WebPage\",\"@id\":\"https:\\\/\\\/wobronietradycjiiwiary.com\\\/i-znowu-poblogoslawione\\\/\",\"url\":\"https:\\\/\\\/wobronietradycjiiwiary.com\\\/i-znowu-poblogoslawione\\\/\",\"name\":\"I znowu pob\u0142ogos\u0142awione - Tradycja i Wiara\",\"isPartOf\":{\"@id\":\"https:\\\/\\\/wobronietradycjiiwiary.com\\\/pl\\\/#website\"},\"primaryImageOfPage\":{\"@id\":\"https:\\\/\\\/wobronietradycjiiwiary.com\\\/i-znowu-poblogoslawione\\\/#primaryimage\"},\"image\":{\"@id\":\"https:\\\/\\\/wobronietradycjiiwiary.com\\\/i-znowu-poblogoslawione\\\/#primaryimage\"},\"thumbnailUrl\":\"https:\\\/\\\/wobronietradycjiiwiary.com\\\/wp-content\\\/uploads\\\/2017\\\/12\\\/isaak_zegent_jakob_rijksmuseum_sk-a-110-scaled.jpg\",\"datePublished\":\"2017-12-02T19:26:38+00:00\",\"dateModified\":\"2025-02-07T14:40:08+00:00\",\"breadcrumb\":{\"@id\":\"https:\\\/\\\/wobronietradycjiiwiary.com\\\/i-znowu-poblogoslawione\\\/#breadcrumb\"},\"inLanguage\":\"pl-PL\",\"potentialAction\":[{\"@type\":\"ReadAction\",\"target\":[\"https:\\\/\\\/wobronietradycjiiwiary.com\\\/i-znowu-poblogoslawione\\\/\"]}]},{\"@type\":\"ImageObject\",\"inLanguage\":\"pl-PL\",\"@id\":\"https:\\\/\\\/wobronietradycjiiwiary.com\\\/i-znowu-poblogoslawione\\\/#primaryimage\",\"url\":\"https:\\\/\\\/wobronietradycjiiwiary.com\\\/wp-content\\\/uploads\\\/2017\\\/12\\\/isaak_zegent_jakob_rijksmuseum_sk-a-110-scaled.jpg\",\"contentUrl\":\"https:\\\/\\\/wobronietradycjiiwiary.com\\\/wp-content\\\/uploads\\\/2017\\\/12\\\/isaak_zegent_jakob_rijksmuseum_sk-a-110-scaled.jpg\",\"width\":1920,\"height\":1584},{\"@type\":\"BreadcrumbList\",\"@id\":\"https:\\\/\\\/wobronietradycjiiwiary.com\\\/i-znowu-poblogoslawione\\\/#breadcrumb\",\"itemListElement\":[{\"@type\":\"ListItem\",\"position\":1,\"name\":\"Strona g\u0142\u00f3wna\",\"item\":\"https:\\\/\\\/wobronietradycjiiwiary.com\\\/\"},{\"@type\":\"ListItem\",\"position\":2,\"name\":\"I znowu pob\u0142ogos\u0142awione\"}]},{\"@type\":\"WebSite\",\"@id\":\"https:\\\/\\\/wobronietradycjiiwiary.com\\\/pl\\\/#website\",\"url\":\"https:\\\/\\\/wobronietradycjiiwiary.com\\\/pl\\\/\",\"name\":\"Tradycja i Wiara\",\"description\":\"Portal dla katolik\u00f3w.\",\"publisher\":{\"@id\":\"https:\\\/\\\/wobronietradycjiiwiary.com\\\/pl\\\/#organization\"},\"potentialAction\":[{\"@type\":\"SearchAction\",\"target\":{\"@type\":\"EntryPoint\",\"urlTemplate\":\"https:\\\/\\\/wobronietradycjiiwiary.com\\\/pl\\\/?s={search_term_string}\"},\"query-input\":{\"@type\":\"PropertyValueSpecification\",\"valueRequired\":true,\"valueName\":\"search_term_string\"}}],\"inLanguage\":\"pl-PL\"},{\"@type\":\"Organization\",\"@id\":\"https:\\\/\\\/wobronietradycjiiwiary.com\\\/pl\\\/#organization\",\"name\":\"Tradycja i Wiara\",\"url\":\"https:\\\/\\\/wobronietradycjiiwiary.com\\\/pl\\\/\",\"logo\":{\"@type\":\"ImageObject\",\"inLanguage\":\"pl-PL\",\"@id\":\"https:\\\/\\\/wobronietradycjiiwiary.com\\\/pl\\\/#\\\/schema\\\/logo\\\/image\\\/\",\"url\":\"https:\\\/\\\/i0.wp.com\\\/wobronietradycjiiwiary.com\\\/wp-content\\\/uploads\\\/2015\\\/10\\\/cropped-st-peters-dome-vatican.jpg?fit=940%2C198&ssl=1\",\"contentUrl\":\"https:\\\/\\\/i0.wp.com\\\/wobronietradycjiiwiary.com\\\/wp-content\\\/uploads\\\/2015\\\/10\\\/cropped-st-peters-dome-vatican.jpg?fit=940%2C198&ssl=1\",\"width\":940,\"height\":198,\"caption\":\"Tradycja i Wiara\"},\"image\":{\"@id\":\"https:\\\/\\\/wobronietradycjiiwiary.com\\\/pl\\\/#\\\/schema\\\/logo\\\/image\\\/\"},\"sameAs\":[\"https:\\\/\\\/www.facebook.com\\\/Tradycja-i-Wiara-108813920592249\"]},{\"@type\":\"Person\",\"@id\":\"https:\\\/\\\/wobronietradycjiiwiary.com\\\/pl\\\/#\\\/schema\\\/person\\\/2d6180ce6abcb681fef0daab7816e8f3\",\"name\":\"Traditio et Fides\",\"sameAs\":[\"https:\\\/\\\/traditionundglauben.com\"],\"url\":\"https:\\\/\\\/wobronietradycjiiwiary.com\\\/pl\\\/author\\\/wobronietradycjiiwiary\\\/\"}]}<\/script>\n<!-- \/ Yoast SEO plugin. -->","yoast_head_json":{"title":"I znowu pob\u0142ogos\u0142awione - Tradycja i Wiara","robots":{"index":"index","follow":"follow","max-snippet":"max-snippet:-1","max-image-preview":"max-image-preview:large","max-video-preview":"max-video-preview:-1"},"canonical":"https:\/\/wobronietradycjiiwiary.com\/pl\/i-znowu-poblogoslawione\/","og_locale":"pl_PL","og_type":"article","og_title":"I znowu pob\u0142ogos\u0142awione - Tradycja i Wiara","og_description":"Chocia\u017c wydarzenie to jest by\u0107 mo\u017ce zbyt ma\u0142o wa\u017ckie na nowy wpis, to pisz\u0105cy te s\u0142owa chcia\u0142by podzieli\u0107 si\u0119 swoj\u0105&hellip; &nbsp; Pe\u0142en dost\u0119p dla subskrybent\u00f3w. Zaloguj si\u0119 lub przejd\u017a do Rejestracji. Nowe ni\u017csze ceny P\u0142atno\u015b\u0107 kart\u0105 P\u0142atno\u015b\u0107 przelewem P\u0142atno\u015b\u0107 kart\u0105 do 6 os\u00f3b","og_url":"https:\/\/wobronietradycjiiwiary.com\/pl\/i-znowu-poblogoslawione\/","og_site_name":"Tradycja i Wiara","article_publisher":"https:\/\/www.facebook.com\/Tradycja-i-Wiara-108813920592249","article_published_time":"2017-12-02T19:26:38+00:00","article_modified_time":"2025-02-07T14:40:08+00:00","og_image":[{"width":1920,"height":1584,"url":"https:\/\/wobronietradycjiiwiary.com\/wp-content\/uploads\/2017\/12\/isaak_zegent_jakob_rijksmuseum_sk-a-110-scaled.jpg","type":"image\/jpeg"}],"author":"Traditio et Fides","twitter_card":"summary_large_image","twitter_misc":{"Napisane przez":"Traditio et Fides","Szacowany czas czytania":"3 minuty"},"schema":{"@context":"https:\/\/schema.org","@graph":[{"@type":"Article","@id":"https:\/\/wobronietradycjiiwiary.com\/i-znowu-poblogoslawione\/#article","isPartOf":{"@id":"https:\/\/wobronietradycjiiwiary.com\/i-znowu-poblogoslawione\/"},"author":{"name":"Traditio et Fides","@id":"https:\/\/wobronietradycjiiwiary.com\/pl\/#\/schema\/person\/2d6180ce6abcb681fef0daab7816e8f3"},"headline":"I znowu pob\u0142ogos\u0142awione","datePublished":"2017-12-02T19:26:38+00:00","dateModified":"2025-02-07T14:40:08+00:00","mainEntityOfPage":{"@id":"https:\/\/wobronietradycjiiwiary.com\/i-znowu-poblogoslawione\/"},"wordCount":649,"commentCount":0,"publisher":{"@id":"https:\/\/wobronietradycjiiwiary.com\/pl\/#organization"},"image":{"@id":"https:\/\/wobronietradycjiiwiary.com\/i-znowu-poblogoslawione\/#primaryimage"},"thumbnailUrl":"https:\/\/wobronietradycjiiwiary.com\/wp-content\/uploads\/2017\/12\/isaak_zegent_jakob_rijksmuseum_sk-a-110-scaled.jpg","keywords":["Auxilium christianorum","b\u0142ogos\u0142awie\u0144stwo \u015bwiec","Pobo\u017cno\u015b\u0107","Premium","Restricted","Rituale romanum","\u015bw. Tomasz Aposto\u0142","\u017cycie modlitewne"],"articleSection":["B\u0142ogos\u0142awienie i \u015bwi\u0119cenie","Sakramentalia"],"inLanguage":"pl-PL","potentialAction":[{"@type":"CommentAction","name":"Comment","target":["https:\/\/wobronietradycjiiwiary.com\/i-znowu-poblogoslawione\/#respond"]}]},{"@type":"WebPage","@id":"https:\/\/wobronietradycjiiwiary.com\/i-znowu-poblogoslawione\/","url":"https:\/\/wobronietradycjiiwiary.com\/i-znowu-poblogoslawione\/","name":"I znowu pob\u0142ogos\u0142awione - Tradycja i Wiara","isPartOf":{"@id":"https:\/\/wobronietradycjiiwiary.com\/pl\/#website"},"primaryImageOfPage":{"@id":"https:\/\/wobronietradycjiiwiary.com\/i-znowu-poblogoslawione\/#primaryimage"},"image":{"@id":"https:\/\/wobronietradycjiiwiary.com\/i-znowu-poblogoslawione\/#primaryimage"},"thumbnailUrl":"https:\/\/wobronietradycjiiwiary.com\/wp-content\/uploads\/2017\/12\/isaak_zegent_jakob_rijksmuseum_sk-a-110-scaled.jpg","datePublished":"2017-12-02T19:26:38+00:00","dateModified":"2025-02-07T14:40:08+00:00","breadcrumb":{"@id":"https:\/\/wobronietradycjiiwiary.com\/i-znowu-poblogoslawione\/#breadcrumb"},"inLanguage":"pl-PL","potentialAction":[{"@type":"ReadAction","target":["https:\/\/wobronietradycjiiwiary.com\/i-znowu-poblogoslawione\/"]}]},{"@type":"ImageObject","inLanguage":"pl-PL","@id":"https:\/\/wobronietradycjiiwiary.com\/i-znowu-poblogoslawione\/#primaryimage","url":"https:\/\/wobronietradycjiiwiary.com\/wp-content\/uploads\/2017\/12\/isaak_zegent_jakob_rijksmuseum_sk-a-110-scaled.jpg","contentUrl":"https:\/\/wobronietradycjiiwiary.com\/wp-content\/uploads\/2017\/12\/isaak_zegent_jakob_rijksmuseum_sk-a-110-scaled.jpg","width":1920,"height":1584},{"@type":"BreadcrumbList","@id":"https:\/\/wobronietradycjiiwiary.com\/i-znowu-poblogoslawione\/#breadcrumb","itemListElement":[{"@type":"ListItem","position":1,"name":"Strona g\u0142\u00f3wna","item":"https:\/\/wobronietradycjiiwiary.com\/"},{"@type":"ListItem","position":2,"name":"I znowu pob\u0142ogos\u0142awione"}]},{"@type":"WebSite","@id":"https:\/\/wobronietradycjiiwiary.com\/pl\/#website","url":"https:\/\/wobronietradycjiiwiary.com\/pl\/","name":"Tradycja i Wiara","description":"Portal dla katolik\u00f3w.","publisher":{"@id":"https:\/\/wobronietradycjiiwiary.com\/pl\/#organization"},"potentialAction":[{"@type":"SearchAction","target":{"@type":"EntryPoint","urlTemplate":"https:\/\/wobronietradycjiiwiary.com\/pl\/?s={search_term_string}"},"query-input":{"@type":"PropertyValueSpecification","valueRequired":true,"valueName":"search_term_string"}}],"inLanguage":"pl-PL"},{"@type":"Organization","@id":"https:\/\/wobronietradycjiiwiary.com\/pl\/#organization","name":"Tradycja i Wiara","url":"https:\/\/wobronietradycjiiwiary.com\/pl\/","logo":{"@type":"ImageObject","inLanguage":"pl-PL","@id":"https:\/\/wobronietradycjiiwiary.com\/pl\/#\/schema\/logo\/image\/","url":"https:\/\/i0.wp.com\/wobronietradycjiiwiary.com\/wp-content\/uploads\/2015\/10\/cropped-st-peters-dome-vatican.jpg?fit=940%2C198&ssl=1","contentUrl":"https:\/\/i0.wp.com\/wobronietradycjiiwiary.com\/wp-content\/uploads\/2015\/10\/cropped-st-peters-dome-vatican.jpg?fit=940%2C198&ssl=1","width":940,"height":198,"caption":"Tradycja i Wiara"},"image":{"@id":"https:\/\/wobronietradycjiiwiary.com\/pl\/#\/schema\/logo\/image\/"},"sameAs":["https:\/\/www.facebook.com\/Tradycja-i-Wiara-108813920592249"]},{"@type":"Person","@id":"https:\/\/wobronietradycjiiwiary.com\/pl\/#\/schema\/person\/2d6180ce6abcb681fef0daab7816e8f3","name":"Traditio et Fides","sameAs":["https:\/\/traditionundglauben.com"],"url":"https:\/\/wobronietradycjiiwiary.com\/pl\/author\/wobronietradycjiiwiary\/"}]}},"jetpack_publicize_connections":[],"jetpack_sharing_enabled":true,"jetpack_likes_enabled":true,"jetpack_shortlink":"https:\/\/wp.me\/pc04Sd-4hP","jetpack-related-posts":[{"id":15897,"url":"https:\/\/wobronietradycjiiwiary.com\/pl\/moj-kacik-auxilium-christianorum-viridis-swiecenie-swiec\/","url_meta":{"origin":16481,"position":0},"title":"M\u00f3j k\u0105cik Auxilium christianorum: Viridis &#8211; \u015bwi\u0119cenie \u015bwiec","author":"Traditio et Fides","date":"31 pa\u017adziernika 2017","format":false,"excerpt":"Niniejszym publikujemy kolejne \u015bwiadectwo Viridis\u00a0tym razem\u00a0dotycz\u0105ce po\u015bwi\u0119cenia \u015bwiec po \u0142acinie.\u00a0 Czego boi si\u0119 tradycyjny katolik? Ksi\u0119dza, ale nie tego, \u017ce ksi\u0105dz na niego za jego grzeszno\u015b\u0107 nakrzyczy lub rozgrzeszenia nie da, ale tego, \u017ce ksi\u0105dz nie zechce swoich obowi\u0105zk\u00f3w kap\u0142a\u0144skich spe\u0142ni\u0107 i zgani za zbyt wielk\u0105 pobo\u017cno\u015b\u0107 i \"przesad\u0119\". Rozwi\u0105zaniem\u2026","rel":"","context":"W \u201eAuxilium christianorum&quot;","block_context":{"text":"Auxilium christianorum","link":"https:\/\/wobronietradycjiiwiary.com\/pl\/category\/duchowosc\/walka-duchowa\/auxilium-christianorum\/"},"img":{"alt_text":"","src":"https:\/\/wobronietradycjiiwiaryblog.files.wordpress.com\/2017\/10\/auxilium-benozzo-gozzoli-madonna-and-child.jpg?w=350&h=200&crop=1","width":350,"height":200,"srcset":"https:\/\/wobronietradycjiiwiaryblog.files.wordpress.com\/2017\/10\/auxilium-benozzo-gozzoli-madonna-and-child.jpg?w=350&h=200&crop=1 1x, https:\/\/wobronietradycjiiwiaryblog.files.wordpress.com\/2017\/10\/auxilium-benozzo-gozzoli-madonna-and-child.jpg?w=525&h=300&crop=1 1.5x, https:\/\/wobronietradycjiiwiaryblog.files.wordpress.com\/2017\/10\/auxilium-benozzo-gozzoli-madonna-and-child.jpg?w=700&h=400&crop=1 2x"},"classes":[]},{"id":22121,"url":"https:\/\/wobronietradycjiiwiary.com\/pl\/auxilium-christianorum-nabytki-i-wydatki\/","url_meta":{"origin":16481,"position":1},"title":"Auxilium christianorum &#8211; nabytki, wydatki i t\u0142umaczenia.","author":"Traditio et Fides","date":"22 wrze\u015bnia 2017","format":false,"excerpt":"Liturgia sk\u0142ada si\u0119 ze szczeg\u00f3\u0142\u00f3w, \u017cycie sk\u0142ada si\u0119 ze szczeg\u00f3\u0142\u00f3w i \u017cycie duchowe tak\u017ce sk\u0142ada si\u0119 ze szczeg\u00f3\u0142\u00f3w. I dlatego wszystkim, kt\u00f3rzy pragn\u0105 modli\u0107 si\u0119 w stowarzyszeniu Auxilium christianorum\u00a0polecamy dok\u0142adnie trzyma\u0107 si\u0119 \"przepis\u00f3w\". \u00a0I tak w polskim t\u0142umaczeniu punktu 9 Wymaga\u0144 \u00a0czytamy: W miar\u0119 finansowych mo\u017cliwo\u015bci, ka\u017cdy cz\u0142onek Auxilium\u00a0Christianorum powinien\u2026","rel":"","context":"W \u201eB\u0142ogos\u0142awie\u0144stwa z Rituale romanum&quot;","block_context":{"text":"B\u0142ogos\u0142awie\u0144stwa z Rituale romanum","link":"https:\/\/wobronietradycjiiwiary.com\/pl\/category\/duchowosc\/modlitwy\/blogoslawienstwa-z-rituale-romanum\/"},"img":{"alt_text":"Madonna_Ausiliatrice_A","src":"https:\/\/wobronietradycjiiwiaryblog.files.wordpress.com\/2017\/09\/madonna_ausiliatrice_a.jpg?w=350&h=200&crop=1","width":350,"height":200},"classes":[]},{"id":14972,"url":"https:\/\/wobronietradycjiiwiary.com\/pl\/auxilium-christianorum-nabytki-wydatki-i-tlumaczenia-2\/","url_meta":{"origin":16481,"position":2},"title":"Auxilium christianorum &#8211; nabytki, wydatki i t\u0142umaczenia.","author":"Traditio et Fides","date":"9 stycznia 2018","format":false,"excerpt":"Liturgia sk\u0142ada si\u0119 ze szczeg\u00f3\u0142\u00f3w, \u017cycie sk\u0142ada si\u0119 ze szczeg\u00f3\u0142\u00f3w i \u017cycie duchowe tak\u017ce sk\u0142ada si\u0119 ze szczeg\u00f3\u0142\u00f3w. I dlatego wszystkim, kt\u00f3rzy pragn\u0105 modli\u0107 si\u0119 w stowarzyszeniu Auxilium christianorum\u00a0polecamy dok\u0142adnie trzyma\u0107 si\u0119 \"przepis\u00f3w\". \u00a0I tak w polskim t\u0142umaczeniu punktu 9 Wymaga\u0144 \u00a0czytamy: W miar\u0119 finansowych mo\u017cliwo\u015bci, ka\u017cdy cz\u0142onek Auxilium\u00a0Christianorum powinien\u2026","rel":"","context":"W \u201eAuxilium christianorum&quot;","block_context":{"text":"Auxilium christianorum","link":"https:\/\/wobronietradycjiiwiary.com\/pl\/category\/duchowosc\/walka-duchowa\/auxilium-christianorum\/"},"img":{"alt_text":"Madonna_Ausiliatrice_A","src":"https:\/\/wobronietradycjiiwiaryblog.files.wordpress.com\/2017\/09\/madonna_ausiliatrice_a.jpg?w=350&h=200&crop=1","width":350,"height":200},"classes":[]},{"id":14830,"url":"https:\/\/wobronietradycjiiwiary.com\/pl\/auxilium-christianorum-nabytki-wydatki-i-tlumaczenia\/","url_meta":{"origin":16481,"position":3},"title":"Auxilium christianorum &#8211; nabytki, wydatki i t\u0142umaczenia.","author":"Traditio et Fides","date":"26 pa\u017adziernika 2017","format":false,"excerpt":"Liturgia sk\u0142ada si\u0119 ze szczeg\u00f3\u0142\u00f3w, \u017cycie sk\u0142ada si\u0119 ze szczeg\u00f3\u0142\u00f3w i \u017cycie duchowe tak\u017ce sk\u0142ada si\u0119 ze szczeg\u00f3\u0142\u00f3w. I dlatego wszystkim, kt\u00f3rzy pragn\u0105 modli\u0107 si\u0119 w stowarzyszeniu Auxilium christianorum\u00a0polecamy dok\u0142adnie trzyma\u0107 si\u0119 \"przepis\u00f3w\". \u00a0I tak w polskim t\u0142umaczeniu punktu 9 Wymaga\u0144 \u00a0czytamy: W miar\u0119 finansowych mo\u017cliwo\u015bci, ka\u017cdy cz\u0142onek Auxilium\u00a0Christianorum powinien\u2026","rel":"","context":"W \u201eAuxilium christianorum&quot;","block_context":{"text":"Auxilium christianorum","link":"https:\/\/wobronietradycjiiwiary.com\/pl\/category\/duchowosc\/walka-duchowa\/auxilium-christianorum\/"},"img":{"alt_text":"Madonna_Ausiliatrice_A","src":"https:\/\/wobronietradycjiiwiaryblog.files.wordpress.com\/2017\/09\/madonna_ausiliatrice_a.jpg?w=350&h=200&crop=1","width":350,"height":200},"classes":[]},{"id":16242,"url":"https:\/\/wobronietradycjiiwiary.com\/pl\/o-swieceniu-dewocjonaliow-i-opatrznosci-bozej\/","url_meta":{"origin":16481,"position":4},"title":"O \u015bwi\u0119ceniu dewocjonali\u00f3w i Opatrzno\u015bci Bo\u017cej\u00a0","author":"Traditio et Fides","date":"18 listopada 2017","format":false,"excerpt":"Konieczno\u015b\u0107 miejsc i przedmiot\u00f3w po\u015bwi\u0119conych W dniu tworzenia tego\u017c wpisu, to jest 18. Listopada 2017, Ko\u015bci\u00f3\u0142 obchodzi \u015bwi\u0119to Po\u015bwi\u0119cenia Bazyliki \u015bw. Piotra i Paw\u0142a. Czytaj\u0105c teksty Brewiarza Trydenckiego, kt\u00f3rego spore cz\u0119\u015bci ju\u017c na polski przet\u0142umaczone zosta\u0142y, stwierdzi\u0107 mo\u017cna, \u017ce ka\u017cda \u015bwi\u0105tynia jest miejscem obecno\u015bci Boga, miejscem \u015bwi\u0119tym, bo do Boga\u2026","rel":"","context":"W \u201eSakramentalia&quot;","block_context":{"text":"Sakramentalia","link":"https:\/\/wobronietradycjiiwiary.com\/pl\/category\/doktryna\/teologia-dogmatyczna\/sakramentalia\/"},"img":{"alt_text":"","src":"https:\/\/i0.wp.com\/wobronietradycjiiwiary.com\/wp-content\/uploads\/2017\/11\/dismas-451px-bockstorfer_altar_mitte-e1637330288575.jpg?resize=350%2C200&ssl=1","width":350,"height":200},"classes":[]},{"id":22122,"url":"https:\/\/wobronietradycjiiwiary.com\/pl\/poswiecone-bez-bolu-lub-o-wymogach-auxilium-christianorum-ciag-dalszy\/","url_meta":{"origin":16481,"position":5},"title":"Po\u015bwi\u0119cone bez b\u00f3lu lub o wymogach Auxilium christianorum ci\u0105g dalszy","author":"Traditio et Fides","date":"24 wrze\u015bnia 2017","format":false,"excerpt":"Ko\u0144cz\u0105c mini-cykl dotycz\u0105cy praktycznych przygotowa\u0144 do przynale\u017cno\u015bci w stowarzyszeniu Auxilium christianorum przedstawiamy powy\u017cej kolejn\u0105 podobizn\u0105 Naj\u015bwi\u0119tszej Maryi Panny nosz\u0105c\u0105 ten tytu\u0142 oraz informujemy rado\u015bnie, \u017ce uda\u0142o po\u015bwi\u0119ci\u0107 si\u0119: \u015awieczki Figurk\u0119 NMP Figurk\u0119 \u015bw. Micha\u0142a Archanio\u0142a Po \u0142acinie Wed\u0142ug modlitw z Rituale romanum Z w\u0142asnego Rituale redakcji Za darmo (tak!) Tak,\u2026","rel":"","context":"W \u201eDemonologia&quot;","block_context":{"text":"Demonologia","link":"https:\/\/wobronietradycjiiwiary.com\/pl\/category\/doktryna\/teologia-dogmatyczna\/demonologia-teologia\/"},"img":{"alt_text":"","src":"https:\/\/i0.wp.com\/wobronietradycjiiwiary.com\/wp-content\/uploads\/2019\/10\/auxilium-christianorum-2.jpg?resize=350%2C200&ssl=1","width":350,"height":200},"classes":[]}],"amp_enabled":true,"jetpack_featured_media_url":"https:\/\/wobronietradycjiiwiary.com\/wp-content\/uploads\/2017\/12\/isaak_zegent_jakob_rijksmuseum_sk-a-110-scaled.jpg","_links":{"self":[{"href":"https:\/\/wobronietradycjiiwiary.com\/pl\/wp-json\/wp\/v2\/posts\/16481","targetHints":{"allow":["GET"]}}],"collection":[{"href":"https:\/\/wobronietradycjiiwiary.com\/pl\/wp-json\/wp\/v2\/posts"}],"about":[{"href":"https:\/\/wobronietradycjiiwiary.com\/pl\/wp-json\/wp\/v2\/types\/post"}],"author":[{"embeddable":true,"href":"https:\/\/wobronietradycjiiwiary.com\/pl\/wp-json\/wp\/v2\/users\/60508433"}],"replies":[{"embeddable":true,"href":"https:\/\/wobronietradycjiiwiary.com\/pl\/wp-json\/wp\/v2\/comments?post=16481"}],"version-history":[{"count":3,"href":"https:\/\/wobronietradycjiiwiary.com\/pl\/wp-json\/wp\/v2\/posts\/16481\/revisions"}],"predecessor-version":[{"id":57322,"href":"https:\/\/wobronietradycjiiwiary.com\/pl\/wp-json\/wp\/v2\/posts\/16481\/revisions\/57322"}],"wp:featuredmedia":[{"embeddable":true,"href":"https:\/\/wobronietradycjiiwiary.com\/pl\/wp-json\/wp\/v2\/media\/16482"}],"wp:attachment":[{"href":"https:\/\/wobronietradycjiiwiary.com\/pl\/wp-json\/wp\/v2\/media?parent=16481"}],"wp:term":[{"taxonomy":"category","embeddable":true,"href":"https:\/\/wobronietradycjiiwiary.com\/pl\/wp-json\/wp\/v2\/categories?post=16481"},{"taxonomy":"post_tag","embeddable":true,"href":"https:\/\/wobronietradycjiiwiary.com\/pl\/wp-json\/wp\/v2\/tags?post=16481"}],"curies":[{"name":"wp","href":"https:\/\/api.w.org\/{rel}","templated":true}]}}