{"id":164563,"date":"2026-05-01T08:00:00","date_gmt":"2026-05-01T06:00:00","guid":{"rendered":"https:\/\/wobronietradycjiiwiary.com\/?p=164563"},"modified":"2026-04-26T19:02:55","modified_gmt":"2026-04-26T17:02:55","slug":"tomasz-z-akwinu-suppl-q-96-2-z-13-aureole-2-czy-aureola-rozni-sie-od-owocu","status":"publish","type":"post","link":"https:\/\/wobronietradycjiiwiary.com\/pl\/tomasz-z-akwinu-suppl-q-96-2-z-13-aureole-2-czy-aureola-rozni-sie-od-owocu\/","title":{"rendered":"Tomasz z Akwinu, Suppl. Q. 96. (2 z 13). Aureole. (2) Czy aureola r\u00f3\u017cni si\u0119 od owocu?"},"content":{"rendered":"<div id=\"bsf_rt_marker\"><\/div><p>Artyku\u0142 2 CZY AUREOLA R\u00d3\u017bNI SI\u0118 OD OWOCU? Zdaje si\u0119, \u017ce aureola nie r\u00f3\u017cni si\u0119 od owocu[1], bo: 1. Za&hellip;<\/p>\n<div style=\"text-align: center\">\n<p>&nbsp;<\/p>\n<\/div>\n<h2 style=\"border: 5px solid #0000A0;padding: 1em;text-align: center\"><span style=\"color: #000000\">Pe\u0142en dost\u0119p dla <span style=\"color: #00ccff\"><a style=\"color: #00ccff\" href=\"https:\/\/wobronietradycjiiwiary.com\/subskrypcje-2\/\" target=\"_blank\" rel=\"noopener\">subskrybent\u00f3w<\/a><\/span>.<\/span><br \/>\n<span style=\"color: #3366ff\"><a style=\"color: #3366ff\" href=\"https:\/\/wobronietradycjiiwiary.com\/account\/login\/\" target=\"_blank\" rel=\"noopener\"><span style=\"color: #00ccff\">Zaloguj<\/span><\/a> <\/span>si\u0119 lub przejd\u017a do <a href=\"https:\/\/wobronietradycjiiwiary.com\/register\/\"><span style=\"color: #3366ff\">Rejestracji<\/span><\/a>.<\/h2>\n<div>\n<p style=\"text-align: center\"><a href=\"https:\/\/wobronietradycjiiwiary.com\/pl\/subskrypcje-2\/cennik\/\" target=\"_blank\" rel=\"noopener\"><span style=\"color: #000080;font-size: 24pt\"><strong>Nowe ni\u017csze ceny<\/strong><\/span><\/a><\/p>\n<p style=\"text-align: center\"><strong><span style=\"font-size: 18pt;color: #000080\">P\u0142atno\u015b\u0107 kart\u0105<\/span><\/strong><\/p>\n<\/div>\n<h3 style=\"text-align: center\"><a href=\"https:\/\/wobronietradycjiiwiary.com\/pl\/subskrypcje-2\/automatyczne\/indywidualne\/\" target=\"_blank\" rel=\"noopener\"><img fetchpriority=\"high\" decoding=\"async\" class=\"alignnone size-medium wp-image-80433\" src=\"https:\/\/wobronietradycjiiwiary.com\/wp-content\/uploads\/2022\/11\/Unbenannt-1-Online-1-300x202.jpg\" alt=\"\" width=\"300\" height=\"202\" srcset=\"https:\/\/wobronietradycjiiwiary.com\/wp-content\/uploads\/2022\/11\/Unbenannt-1-Online-1-300x202.jpg 300w, https:\/\/wobronietradycjiiwiary.com\/wp-content\/uploads\/2022\/11\/Unbenannt-1-Online-1-150x101.jpg 150w, https:\/\/wobronietradycjiiwiary.com\/wp-content\/uploads\/2022\/11\/Unbenannt-1-Online-1-18x12.jpg 18w, https:\/\/wobronietradycjiiwiary.com\/wp-content\/uploads\/2022\/11\/Unbenannt-1-Online-1.jpg 446w\" sizes=\"(max-width: 300px) 100vw, 300px\" \/><\/a><\/h3>\n<p style=\"text-align: center\"><strong><span style=\"font-size: 18pt;color: #000080\">P\u0142atno\u015b\u0107 przelewem<\/span><\/strong><\/p>\n<p><a href=\"https:\/\/wobronietradycjiiwiary.com\/pl\/subskrypcje-2\/automatyczne\/indywidualne\/\" target=\"_blank\" rel=\"noopener\"><img decoding=\"async\" class=\"size-medium wp-image-80434 aligncenter\" src=\"https:\/\/wobronietradycjiiwiary.com\/wp-content\/uploads\/2022\/11\/Unbenannt-1-Przelewem-300x137.jpg\" alt=\"\" width=\"300\" height=\"137\" srcset=\"https:\/\/wobronietradycjiiwiary.com\/wp-content\/uploads\/2022\/11\/Unbenannt-1-Przelewem-300x137.jpg 300w, https:\/\/wobronietradycjiiwiary.com\/wp-content\/uploads\/2022\/11\/Unbenannt-1-Przelewem-450x206.jpg 450w, https:\/\/wobronietradycjiiwiary.com\/wp-content\/uploads\/2022\/11\/Unbenannt-1-Przelewem-600x274.jpg 600w, https:\/\/wobronietradycjiiwiary.com\/wp-content\/uploads\/2022\/11\/Unbenannt-1-Przelewem-150x69.jpg 150w, https:\/\/wobronietradycjiiwiary.com\/wp-content\/uploads\/2022\/11\/Unbenannt-1-Przelewem-18x8.jpg 18w, https:\/\/wobronietradycjiiwiary.com\/wp-content\/uploads\/2022\/11\/Unbenannt-1-Przelewem.jpg 676w\" sizes=\"(max-width: 300px) 100vw, 300px\" \/><\/a><\/p>\n<p style=\"text-align: center\"><strong><span style=\"font-size: 18pt;color: #000080\">P\u0142atno\u015b\u0107 kart\u0105 do 6 os\u00f3b<\/span><\/strong><\/p>\n<p><a href=\"https:\/\/wobronietradycjiiwiary.com\/pl\/rodzinne\/\" target=\"_blank\" rel=\"noopener\"><img decoding=\"async\" class=\"size-medium wp-image-80435 aligncenter\" src=\"https:\/\/wobronietradycjiiwiary.com\/wp-content\/uploads\/2022\/11\/Unbenannt-1-Rodzinna-300x208.jpg\" alt=\"\" width=\"300\" height=\"208\" srcset=\"https:\/\/wobronietradycjiiwiary.com\/wp-content\/uploads\/2022\/11\/Unbenannt-1-Rodzinna-300x208.jpg 300w, https:\/\/wobronietradycjiiwiary.com\/wp-content\/uploads\/2022\/11\/Unbenannt-1-Rodzinna-150x104.jpg 150w, https:\/\/wobronietradycjiiwiary.com\/wp-content\/uploads\/2022\/11\/Unbenannt-1-Rodzinna-18x12.jpg 18w, https:\/\/wobronietradycjiiwiary.com\/wp-content\/uploads\/2022\/11\/Unbenannt-1-Rodzinna.jpg 448w\" sizes=\"(max-width: 300px) 100vw, 300px\" \/><\/a><\/p>\n<h3 style=\"text-align: center\"><\/h3>\n<h1 style=\"text-align: center\"><\/h1>\n","protected":false},"excerpt":{"rendered":"<p>O tym, czy aureola r\u00f3\u017cni si\u0119 od owocu?<\/p>\n","protected":false},"author":60508433,"featured_media":149235,"comment_status":"open","ping_status":"open","sticky":false,"template":"","format":"standard","meta":{"_bbp_topic_count":0,"_bbp_reply_count":0,"_bbp_total_topic_count":0,"_bbp_total_reply_count":0,"_bbp_voice_count":0,"_bbp_anonymous_reply_count":0,"_bbp_topic_count_hidden":0,"_bbp_reply_count_hidden":0,"_bbp_forum_subforum_count":0,"_editorskit_title_hidden":false,"_editorskit_reading_time":0,"_editorskit_is_block_options_detached":false,"_editorskit_block_options_position":"{}","_coblocks_attr":"","_coblocks_dimensions":"","_coblocks_responsive_height":"","_coblocks_accordion_ie_support":"","_exactmetrics_skip_tracking":false,"_jetpack_newsletter_access":"","_jetpack_dont_email_post_to_subs":false,"_jetpack_newsletter_tier_id":0,"_jetpack_memberships_contains_paywalled_content":false,"_wpcom_ai_launchpad_first_post":false,"_jetpack_feature_clip_id":0,"_jetpack_memberships_contains_paid_content":false,"footnotes":"","jetpack_publicize_message":"{title}\n\n{excerpt}\n\n{url}","jetpack_publicize_feature_enabled":true,"jetpack_social_post_already_shared":true,"jetpack_social_options":{"image_generator_settings":{"template":"highway","default_image_id":0,"font":"","enabled":false},"version":2},"_wpas_customize_per_network":false,"jetpack_post_was_ever_published":false},"categories":[610131185,610133850,402578791,610135349,610136156],"tags":[610136152,5106565,577915,610132133],"class_list":["post-164563","post","type-post","status-publish","format-standard","has-post-thumbnail","hentry","category-doktryna","category-niebo","category-rzeczy-ostateczne-eschatologia","category-teologia-dogmatyczna","category-sw-tomasz-aureole","tag-aureole","tag-eschatologia","tag-niebo","tag-restricted"],"yoast_head":"<!-- This site is optimized with the Yoast SEO plugin v28.3 - https:\/\/yoast.com\/product\/yoast-seo-wordpress\/ -->\n<title>Tomasz z Akwinu, Suppl. Q. 96. (2 z 13). Aureole. (2) Czy aureola r\u00f3\u017cni si\u0119 od owocu? - Tradycja i Wiara<\/title>\n<meta name=\"robots\" content=\"index, follow, max-snippet:-1, max-image-preview:large, max-video-preview:-1\" \/>\n<link rel=\"canonical\" href=\"https:\/\/wobronietradycjiiwiary.com\/pl\/tomasz-z-akwinu-suppl-q-96-2-z-13-aureole-2-czy-aureola-rozni-sie-od-owocu\/\" \/>\n<meta property=\"og:locale\" content=\"pl_PL\" \/>\n<meta property=\"og:type\" content=\"article\" \/>\n<meta property=\"og:title\" content=\"Tomasz z Akwinu, Suppl. Q. 96. (2 z 13). Aureole. (2) Czy aureola r\u00f3\u017cni si\u0119 od owocu? - Tradycja i Wiara\" \/>\n<meta property=\"og:description\" content=\"O tym, czy aureola r\u00f3\u017cni si\u0119 od owocu?\" \/>\n<meta property=\"og:url\" content=\"https:\/\/wobronietradycjiiwiary.com\/pl\/tomasz-z-akwinu-suppl-q-96-2-z-13-aureole-2-czy-aureola-rozni-sie-od-owocu\/\" \/>\n<meta property=\"og:site_name\" content=\"Tradycja i Wiara\" \/>\n<meta property=\"article:publisher\" content=\"https:\/\/www.facebook.com\/Tradycja-i-Wiara-108813920592249\" \/>\n<meta property=\"article:published_time\" content=\"2026-05-01T06:00:00+00:00\" \/>\n<meta property=\"og:image\" content=\"https:\/\/wobronietradycjiiwiary.com\/wp-content\/uploads\/2025\/07\/wiki_Giotto___Scrovegni____38____Ascension_jpg-wiki_Giotto___Scrovegni____38____Ascension.jpg\" \/>\n\t<meta property=\"og:image:width\" content=\"347\" \/>\n\t<meta property=\"og:image:height\" content=\"329\" \/>\n\t<meta property=\"og:image:type\" content=\"image\/jpeg\" \/>\n<meta name=\"author\" content=\"Traditio et Fides\" \/>\n<meta name=\"twitter:card\" content=\"summary_large_image\" \/>\n<meta name=\"twitter:label1\" content=\"Napisane przez\" \/>\n\t<meta name=\"twitter:data1\" content=\"Traditio et Fides\" \/>\n\t<meta name=\"twitter:label2\" content=\"Szacowany czas czytania\" \/>\n\t<meta name=\"twitter:data2\" content=\"8 minut\" \/>\n<script type=\"application\/ld+json\" class=\"yoast-schema-graph\">{\"@context\":\"https:\\\/\\\/schema.org\",\"@graph\":[{\"@type\":\"Article\",\"@id\":\"https:\\\/\\\/wobronietradycjiiwiary.com\\\/tomasz-z-akwinu-suppl-q-96-2-z-13-aureole-2-czy-aureola-rozni-sie-od-owocu\\\/#article\",\"isPartOf\":{\"@id\":\"https:\\\/\\\/wobronietradycjiiwiary.com\\\/tomasz-z-akwinu-suppl-q-96-2-z-13-aureole-2-czy-aureola-rozni-sie-od-owocu\\\/\"},\"author\":{\"name\":\"Traditio et Fides\",\"@id\":\"https:\\\/\\\/wobronietradycjiiwiary.com\\\/pl\\\/#\\\/schema\\\/person\\\/2d6180ce6abcb681fef0daab7816e8f3\"},\"headline\":\"Tomasz z Akwinu, Suppl. Q. 96. (2 z 13). Aureole. (2) Czy aureola r\u00f3\u017cni si\u0119 od owocu?\",\"datePublished\":\"2026-05-01T06:00:00+00:00\",\"mainEntityOfPage\":{\"@id\":\"https:\\\/\\\/wobronietradycjiiwiary.com\\\/tomasz-z-akwinu-suppl-q-96-2-z-13-aureole-2-czy-aureola-rozni-sie-od-owocu\\\/\"},\"wordCount\":1313,\"commentCount\":0,\"publisher\":{\"@id\":\"https:\\\/\\\/wobronietradycjiiwiary.com\\\/pl\\\/#organization\"},\"image\":{\"@id\":\"https:\\\/\\\/wobronietradycjiiwiary.com\\\/tomasz-z-akwinu-suppl-q-96-2-z-13-aureole-2-czy-aureola-rozni-sie-od-owocu\\\/#primaryimage\"},\"thumbnailUrl\":\"https:\\\/\\\/wobronietradycjiiwiary.com\\\/wp-content\\\/uploads\\\/2025\\\/07\\\/wiki_Giotto___Scrovegni____38____Ascension_jpg-wiki_Giotto___Scrovegni____38____Ascension.jpg\",\"keywords\":[\"aureole\",\"Eschatologia\",\"niebo\",\"Restricted\"],\"articleSection\":[\"Doktryna\",\"Niebo\",\"Rzeczy ostateczne\",\"Teologia dogmatyczna\",\"\u015aw. Tomasz - Aureole\"],\"inLanguage\":\"pl-PL\",\"potentialAction\":[{\"@type\":\"CommentAction\",\"name\":\"Comment\",\"target\":[\"https:\\\/\\\/wobronietradycjiiwiary.com\\\/tomasz-z-akwinu-suppl-q-96-2-z-13-aureole-2-czy-aureola-rozni-sie-od-owocu\\\/#respond\"]}]},{\"@type\":\"WebPage\",\"@id\":\"https:\\\/\\\/wobronietradycjiiwiary.com\\\/tomasz-z-akwinu-suppl-q-96-2-z-13-aureole-2-czy-aureola-rozni-sie-od-owocu\\\/\",\"url\":\"https:\\\/\\\/wobronietradycjiiwiary.com\\\/tomasz-z-akwinu-suppl-q-96-2-z-13-aureole-2-czy-aureola-rozni-sie-od-owocu\\\/\",\"name\":\"Tomasz z Akwinu, Suppl. Q. 96. (2 z 13). Aureole. (2) Czy aureola r\u00f3\u017cni si\u0119 od owocu? - Tradycja i Wiara\",\"isPartOf\":{\"@id\":\"https:\\\/\\\/wobronietradycjiiwiary.com\\\/pl\\\/#website\"},\"primaryImageOfPage\":{\"@id\":\"https:\\\/\\\/wobronietradycjiiwiary.com\\\/tomasz-z-akwinu-suppl-q-96-2-z-13-aureole-2-czy-aureola-rozni-sie-od-owocu\\\/#primaryimage\"},\"image\":{\"@id\":\"https:\\\/\\\/wobronietradycjiiwiary.com\\\/tomasz-z-akwinu-suppl-q-96-2-z-13-aureole-2-czy-aureola-rozni-sie-od-owocu\\\/#primaryimage\"},\"thumbnailUrl\":\"https:\\\/\\\/wobronietradycjiiwiary.com\\\/wp-content\\\/uploads\\\/2025\\\/07\\\/wiki_Giotto___Scrovegni____38____Ascension_jpg-wiki_Giotto___Scrovegni____38____Ascension.jpg\",\"datePublished\":\"2026-05-01T06:00:00+00:00\",\"breadcrumb\":{\"@id\":\"https:\\\/\\\/wobronietradycjiiwiary.com\\\/tomasz-z-akwinu-suppl-q-96-2-z-13-aureole-2-czy-aureola-rozni-sie-od-owocu\\\/#breadcrumb\"},\"inLanguage\":\"pl-PL\",\"potentialAction\":[{\"@type\":\"ReadAction\",\"target\":[\"https:\\\/\\\/wobronietradycjiiwiary.com\\\/tomasz-z-akwinu-suppl-q-96-2-z-13-aureole-2-czy-aureola-rozni-sie-od-owocu\\\/\"]}]},{\"@type\":\"ImageObject\",\"inLanguage\":\"pl-PL\",\"@id\":\"https:\\\/\\\/wobronietradycjiiwiary.com\\\/tomasz-z-akwinu-suppl-q-96-2-z-13-aureole-2-czy-aureola-rozni-sie-od-owocu\\\/#primaryimage\",\"url\":\"https:\\\/\\\/wobronietradycjiiwiary.com\\\/wp-content\\\/uploads\\\/2025\\\/07\\\/wiki_Giotto___Scrovegni____38____Ascension_jpg-wiki_Giotto___Scrovegni____38____Ascension.jpg\",\"contentUrl\":\"https:\\\/\\\/wobronietradycjiiwiary.com\\\/wp-content\\\/uploads\\\/2025\\\/07\\\/wiki_Giotto___Scrovegni____38____Ascension_jpg-wiki_Giotto___Scrovegni____38____Ascension.jpg\",\"width\":347,\"height\":329},{\"@type\":\"BreadcrumbList\",\"@id\":\"https:\\\/\\\/wobronietradycjiiwiary.com\\\/tomasz-z-akwinu-suppl-q-96-2-z-13-aureole-2-czy-aureola-rozni-sie-od-owocu\\\/#breadcrumb\",\"itemListElement\":[{\"@type\":\"ListItem\",\"position\":1,\"name\":\"Strona g\u0142\u00f3wna\",\"item\":\"https:\\\/\\\/wobronietradycjiiwiary.com\\\/\"},{\"@type\":\"ListItem\",\"position\":2,\"name\":\"Tomasz z Akwinu, Suppl. Q. 96. (2 z 13). Aureole. (2) Czy aureola r\u00f3\u017cni si\u0119 od owocu?\"}]},{\"@type\":\"WebSite\",\"@id\":\"https:\\\/\\\/wobronietradycjiiwiary.com\\\/pl\\\/#website\",\"url\":\"https:\\\/\\\/wobronietradycjiiwiary.com\\\/pl\\\/\",\"name\":\"Tradycja i Wiara\",\"description\":\"Portal dla katolik\u00f3w.\",\"publisher\":{\"@id\":\"https:\\\/\\\/wobronietradycjiiwiary.com\\\/pl\\\/#organization\"},\"potentialAction\":[{\"@type\":\"SearchAction\",\"target\":{\"@type\":\"EntryPoint\",\"urlTemplate\":\"https:\\\/\\\/wobronietradycjiiwiary.com\\\/pl\\\/?s={search_term_string}\"},\"query-input\":{\"@type\":\"PropertyValueSpecification\",\"valueRequired\":true,\"valueName\":\"search_term_string\"}}],\"inLanguage\":\"pl-PL\"},{\"@type\":\"Organization\",\"@id\":\"https:\\\/\\\/wobronietradycjiiwiary.com\\\/pl\\\/#organization\",\"name\":\"Tradycja i Wiara\",\"url\":\"https:\\\/\\\/wobronietradycjiiwiary.com\\\/pl\\\/\",\"logo\":{\"@type\":\"ImageObject\",\"inLanguage\":\"pl-PL\",\"@id\":\"https:\\\/\\\/wobronietradycjiiwiary.com\\\/pl\\\/#\\\/schema\\\/logo\\\/image\\\/\",\"url\":\"https:\\\/\\\/i0.wp.com\\\/wobronietradycjiiwiary.com\\\/wp-content\\\/uploads\\\/2015\\\/10\\\/cropped-st-peters-dome-vatican.jpg?fit=940%2C198&ssl=1\",\"contentUrl\":\"https:\\\/\\\/i0.wp.com\\\/wobronietradycjiiwiary.com\\\/wp-content\\\/uploads\\\/2015\\\/10\\\/cropped-st-peters-dome-vatican.jpg?fit=940%2C198&ssl=1\",\"width\":940,\"height\":198,\"caption\":\"Tradycja i Wiara\"},\"image\":{\"@id\":\"https:\\\/\\\/wobronietradycjiiwiary.com\\\/pl\\\/#\\\/schema\\\/logo\\\/image\\\/\"},\"sameAs\":[\"https:\\\/\\\/www.facebook.com\\\/Tradycja-i-Wiara-108813920592249\"]},{\"@type\":\"Person\",\"@id\":\"https:\\\/\\\/wobronietradycjiiwiary.com\\\/pl\\\/#\\\/schema\\\/person\\\/2d6180ce6abcb681fef0daab7816e8f3\",\"name\":\"Traditio et Fides\",\"sameAs\":[\"https:\\\/\\\/traditionundglauben.com\"],\"url\":\"https:\\\/\\\/wobronietradycjiiwiary.com\\\/pl\\\/author\\\/wobronietradycjiiwiary\\\/\"}]}<\/script>\n<!-- \/ Yoast SEO plugin. -->","yoast_head_json":{"title":"Tomasz z Akwinu, Suppl. Q. 96. (2 z 13). Aureole. (2) Czy aureola r\u00f3\u017cni si\u0119 od owocu? - Tradycja i Wiara","robots":{"index":"index","follow":"follow","max-snippet":"max-snippet:-1","max-image-preview":"max-image-preview:large","max-video-preview":"max-video-preview:-1"},"canonical":"https:\/\/wobronietradycjiiwiary.com\/pl\/tomasz-z-akwinu-suppl-q-96-2-z-13-aureole-2-czy-aureola-rozni-sie-od-owocu\/","og_locale":"pl_PL","og_type":"article","og_title":"Tomasz z Akwinu, Suppl. Q. 96. (2 z 13). Aureole. (2) Czy aureola r\u00f3\u017cni si\u0119 od owocu? - Tradycja i Wiara","og_description":"O tym, czy aureola r\u00f3\u017cni si\u0119 od owocu?","og_url":"https:\/\/wobronietradycjiiwiary.com\/pl\/tomasz-z-akwinu-suppl-q-96-2-z-13-aureole-2-czy-aureola-rozni-sie-od-owocu\/","og_site_name":"Tradycja i Wiara","article_publisher":"https:\/\/www.facebook.com\/Tradycja-i-Wiara-108813920592249","article_published_time":"2026-05-01T06:00:00+00:00","og_image":[{"width":347,"height":329,"url":"https:\/\/wobronietradycjiiwiary.com\/wp-content\/uploads\/2025\/07\/wiki_Giotto___Scrovegni____38____Ascension_jpg-wiki_Giotto___Scrovegni____38____Ascension.jpg","type":"image\/jpeg"}],"author":"Traditio et Fides","twitter_card":"summary_large_image","twitter_misc":{"Napisane przez":"Traditio et Fides","Szacowany czas czytania":"8 minut"},"schema":{"@context":"https:\/\/schema.org","@graph":[{"@type":"Article","@id":"https:\/\/wobronietradycjiiwiary.com\/tomasz-z-akwinu-suppl-q-96-2-z-13-aureole-2-czy-aureola-rozni-sie-od-owocu\/#article","isPartOf":{"@id":"https:\/\/wobronietradycjiiwiary.com\/tomasz-z-akwinu-suppl-q-96-2-z-13-aureole-2-czy-aureola-rozni-sie-od-owocu\/"},"author":{"name":"Traditio et Fides","@id":"https:\/\/wobronietradycjiiwiary.com\/pl\/#\/schema\/person\/2d6180ce6abcb681fef0daab7816e8f3"},"headline":"Tomasz z Akwinu, Suppl. Q. 96. (2 z 13). Aureole. (2) Czy aureola r\u00f3\u017cni si\u0119 od owocu?","datePublished":"2026-05-01T06:00:00+00:00","mainEntityOfPage":{"@id":"https:\/\/wobronietradycjiiwiary.com\/tomasz-z-akwinu-suppl-q-96-2-z-13-aureole-2-czy-aureola-rozni-sie-od-owocu\/"},"wordCount":1313,"commentCount":0,"publisher":{"@id":"https:\/\/wobronietradycjiiwiary.com\/pl\/#organization"},"image":{"@id":"https:\/\/wobronietradycjiiwiary.com\/tomasz-z-akwinu-suppl-q-96-2-z-13-aureole-2-czy-aureola-rozni-sie-od-owocu\/#primaryimage"},"thumbnailUrl":"https:\/\/wobronietradycjiiwiary.com\/wp-content\/uploads\/2025\/07\/wiki_Giotto___Scrovegni____38____Ascension_jpg-wiki_Giotto___Scrovegni____38____Ascension.jpg","keywords":["aureole","Eschatologia","niebo","Restricted"],"articleSection":["Doktryna","Niebo","Rzeczy ostateczne","Teologia dogmatyczna","\u015aw. Tomasz - Aureole"],"inLanguage":"pl-PL","potentialAction":[{"@type":"CommentAction","name":"Comment","target":["https:\/\/wobronietradycjiiwiary.com\/tomasz-z-akwinu-suppl-q-96-2-z-13-aureole-2-czy-aureola-rozni-sie-od-owocu\/#respond"]}]},{"@type":"WebPage","@id":"https:\/\/wobronietradycjiiwiary.com\/tomasz-z-akwinu-suppl-q-96-2-z-13-aureole-2-czy-aureola-rozni-sie-od-owocu\/","url":"https:\/\/wobronietradycjiiwiary.com\/tomasz-z-akwinu-suppl-q-96-2-z-13-aureole-2-czy-aureola-rozni-sie-od-owocu\/","name":"Tomasz z Akwinu, Suppl. Q. 96. (2 z 13). Aureole. (2) Czy aureola r\u00f3\u017cni si\u0119 od owocu? - Tradycja i Wiara","isPartOf":{"@id":"https:\/\/wobronietradycjiiwiary.com\/pl\/#website"},"primaryImageOfPage":{"@id":"https:\/\/wobronietradycjiiwiary.com\/tomasz-z-akwinu-suppl-q-96-2-z-13-aureole-2-czy-aureola-rozni-sie-od-owocu\/#primaryimage"},"image":{"@id":"https:\/\/wobronietradycjiiwiary.com\/tomasz-z-akwinu-suppl-q-96-2-z-13-aureole-2-czy-aureola-rozni-sie-od-owocu\/#primaryimage"},"thumbnailUrl":"https:\/\/wobronietradycjiiwiary.com\/wp-content\/uploads\/2025\/07\/wiki_Giotto___Scrovegni____38____Ascension_jpg-wiki_Giotto___Scrovegni____38____Ascension.jpg","datePublished":"2026-05-01T06:00:00+00:00","breadcrumb":{"@id":"https:\/\/wobronietradycjiiwiary.com\/tomasz-z-akwinu-suppl-q-96-2-z-13-aureole-2-czy-aureola-rozni-sie-od-owocu\/#breadcrumb"},"inLanguage":"pl-PL","potentialAction":[{"@type":"ReadAction","target":["https:\/\/wobronietradycjiiwiary.com\/tomasz-z-akwinu-suppl-q-96-2-z-13-aureole-2-czy-aureola-rozni-sie-od-owocu\/"]}]},{"@type":"ImageObject","inLanguage":"pl-PL","@id":"https:\/\/wobronietradycjiiwiary.com\/tomasz-z-akwinu-suppl-q-96-2-z-13-aureole-2-czy-aureola-rozni-sie-od-owocu\/#primaryimage","url":"https:\/\/wobronietradycjiiwiary.com\/wp-content\/uploads\/2025\/07\/wiki_Giotto___Scrovegni____38____Ascension_jpg-wiki_Giotto___Scrovegni____38____Ascension.jpg","contentUrl":"https:\/\/wobronietradycjiiwiary.com\/wp-content\/uploads\/2025\/07\/wiki_Giotto___Scrovegni____38____Ascension_jpg-wiki_Giotto___Scrovegni____38____Ascension.jpg","width":347,"height":329},{"@type":"BreadcrumbList","@id":"https:\/\/wobronietradycjiiwiary.com\/tomasz-z-akwinu-suppl-q-96-2-z-13-aureole-2-czy-aureola-rozni-sie-od-owocu\/#breadcrumb","itemListElement":[{"@type":"ListItem","position":1,"name":"Strona g\u0142\u00f3wna","item":"https:\/\/wobronietradycjiiwiary.com\/"},{"@type":"ListItem","position":2,"name":"Tomasz z Akwinu, Suppl. Q. 96. (2 z 13). Aureole. (2) Czy aureola r\u00f3\u017cni si\u0119 od owocu?"}]},{"@type":"WebSite","@id":"https:\/\/wobronietradycjiiwiary.com\/pl\/#website","url":"https:\/\/wobronietradycjiiwiary.com\/pl\/","name":"Tradycja i Wiara","description":"Portal dla katolik\u00f3w.","publisher":{"@id":"https:\/\/wobronietradycjiiwiary.com\/pl\/#organization"},"potentialAction":[{"@type":"SearchAction","target":{"@type":"EntryPoint","urlTemplate":"https:\/\/wobronietradycjiiwiary.com\/pl\/?s={search_term_string}"},"query-input":{"@type":"PropertyValueSpecification","valueRequired":true,"valueName":"search_term_string"}}],"inLanguage":"pl-PL"},{"@type":"Organization","@id":"https:\/\/wobronietradycjiiwiary.com\/pl\/#organization","name":"Tradycja i Wiara","url":"https:\/\/wobronietradycjiiwiary.com\/pl\/","logo":{"@type":"ImageObject","inLanguage":"pl-PL","@id":"https:\/\/wobronietradycjiiwiary.com\/pl\/#\/schema\/logo\/image\/","url":"https:\/\/i0.wp.com\/wobronietradycjiiwiary.com\/wp-content\/uploads\/2015\/10\/cropped-st-peters-dome-vatican.jpg?fit=940%2C198&ssl=1","contentUrl":"https:\/\/i0.wp.com\/wobronietradycjiiwiary.com\/wp-content\/uploads\/2015\/10\/cropped-st-peters-dome-vatican.jpg?fit=940%2C198&ssl=1","width":940,"height":198,"caption":"Tradycja i Wiara"},"image":{"@id":"https:\/\/wobronietradycjiiwiary.com\/pl\/#\/schema\/logo\/image\/"},"sameAs":["https:\/\/www.facebook.com\/Tradycja-i-Wiara-108813920592249"]},{"@type":"Person","@id":"https:\/\/wobronietradycjiiwiary.com\/pl\/#\/schema\/person\/2d6180ce6abcb681fef0daab7816e8f3","name":"Traditio et Fides","sameAs":["https:\/\/traditionundglauben.com"],"url":"https:\/\/wobronietradycjiiwiary.com\/pl\/author\/wobronietradycjiiwiary\/"}]}},"jetpack_publicize_connections":[],"jetpack_sharing_enabled":true,"jetpack_likes_enabled":true,"jetpack_shortlink":"https:\/\/wp.me\/pc04Sd-GOf","jetpack-related-posts":[{"id":164523,"url":"https:\/\/wobronietradycjiiwiary.com\/pl\/tomasz-z-akwinu-suppl-q-96-1-z-13-aureole-1-czy-aureola-rozni-sie-od-nagrody\/","url_meta":{"origin":164563,"position":0},"title":"Tomasz z Akwinu, Suppl. Q. 96. (1 z 13). Aureole. (1) Czy aureola r\u00f3\u017cni si\u0119 od nagrody?","author":"Traditio et Fides","date":"24 kwietnia 2026","format":false,"excerpt":"O tym, czym s\u0105 aureole.","rel":"","context":"W \u201eDoktryna&quot;","block_context":{"text":"Doktryna","link":"https:\/\/wobronietradycjiiwiary.com\/pl\/category\/doktryna\/"},"img":{"alt_text":"","src":"https:\/\/i0.wp.com\/wobronietradycjiiwiary.com\/wp-content\/uploads\/2025\/07\/wiki_Giotto___Scrovegni____38____Ascension_jpg-wiki_Giotto___Scrovegni____38____Ascension.jpg?resize=350%2C200&ssl=1","width":350,"height":200},"classes":[]},{"id":168178,"url":"https:\/\/wobronietradycjiiwiary.com\/pl\/tomasz-z-akwinu-suppl-q-96-8-z-13-aureole-czy-chrystusowi-nalezy-sie-aureola\/","url_meta":{"origin":164563,"position":1},"title":"Tomasz z Akwinu, Suppl. Q. 96. (8 z 13). Aureole. (8) Czy Chrystusowi nale\u017cy si\u0119 aureola?","author":"Traditio et Fides","date":"10 lipca 2026","format":false,"excerpt":"O tym, \u017ce Chrystusowi aureola nie przys\u0142uguje.","rel":"","context":"W \u201eDoktryna&quot;","block_context":{"text":"Doktryna","link":"https:\/\/wobronietradycjiiwiary.com\/pl\/category\/doktryna\/"},"img":{"alt_text":"","src":"https:\/\/i0.wp.com\/wobronietradycjiiwiary.com\/wp-content\/uploads\/2025\/07\/wiki_Giotto___Scrovegni____38____Ascension_jpg-wiki_Giotto___Scrovegni____38____Ascension.jpg?resize=350%2C200&ssl=1","width":350,"height":200},"classes":[]},{"id":169573,"url":"https:\/\/wobronietradycjiiwiary.com\/pl\/tomasz-z-akwinu-suppl-q-96-11-z-13-aureole-10-czy-istnieja-tylko-trzy-aureole\/","url_meta":{"origin":164563,"position":2},"title":"Tomasz z Akwinu, Suppl. Q. 96. (11 z 13). Aureole. (10). Czy istniej\u0105 tylko trzy aureole?","author":"Traditio et Fides","date":"31 lipca 2026","format":false,"excerpt":"O tym, dlaczego aureole s\u0105 jedynie trzy.","rel":"","context":"W \u201eDoktryna&quot;","block_context":{"text":"Doktryna","link":"https:\/\/wobronietradycjiiwiary.com\/pl\/category\/doktryna\/"},"img":{"alt_text":"","src":"https:\/\/i0.wp.com\/wobronietradycjiiwiary.com\/wp-content\/uploads\/2025\/07\/wiki_Giotto___Scrovegni____38____Ascension_jpg-wiki_Giotto___Scrovegni____38____Ascension-1.jpg?resize=350%2C200&ssl=1","width":350,"height":200},"classes":[]},{"id":169794,"url":"https:\/\/wobronietradycjiiwiary.com\/pl\/tomasz-z-akwinu-suppl-q-96-11-z-13-aureole-11-czy-istnieja-trzy-aureole\/","url_meta":{"origin":164563,"position":3},"title":"Tomasz z Akwinu, Suppl. Q. 96. (11 z 13). Aureole. (11). Czy istniej\u0105 trzy aureole?","author":"Traditio et Fides","date":"21 sierpnia 2026","format":false,"excerpt":"O tym, \u017ce aureole s\u0105 faktycznie jedynie trzy.","rel":"","context":"W \u201eDoktryna&quot;","block_context":{"text":"Doktryna","link":"https:\/\/wobronietradycjiiwiary.com\/pl\/category\/doktryna\/"},"img":{"alt_text":"","src":"https:\/\/i0.wp.com\/wobronietradycjiiwiary.com\/wp-content\/uploads\/2025\/07\/wiki_Giotto___Scrovegni____38____Ascension_jpg-wiki_Giotto___Scrovegni____38____Ascension.jpg?resize=350%2C200&ssl=1","width":350,"height":200},"classes":[]},{"id":168786,"url":"https:\/\/wobronietradycjiiwiary.com\/pl\/tomasz-z-akwinu-suppl-q-96-9-z-13-aureole-9-czy-aniolom-nalezy-sie-aureola\/","url_meta":{"origin":164563,"position":4},"title":"Tomasz z Akwinu, Suppl. Q. 96. (9 z 13). Aureole. (9) Czy anio\u0142om nale\u017cy si\u0119 aureola?","author":"Traditio et Fides","date":"17 lipca 2026","format":false,"excerpt":"O tym, dlaczego anio\u0142om si\u0119 aureola nie nale\u017cy.","rel":"","context":"W \u201eDoktryna&quot;","block_context":{"text":"Doktryna","link":"https:\/\/wobronietradycjiiwiary.com\/pl\/category\/doktryna\/"},"img":{"alt_text":"","src":"https:\/\/i0.wp.com\/wobronietradycjiiwiary.com\/wp-content\/uploads\/2025\/07\/wiki_Giotto___Scrovegni____38____Ascension_jpg-wiki_Giotto___Scrovegni____38____Ascension.jpg?resize=350%2C200&ssl=1","width":350,"height":200},"classes":[]},{"id":169241,"url":"https:\/\/wobronietradycjiiwiary.com\/pl\/tomasz-z-akwinu-suppl-q-96-10-z-13-aureole-10-czy-cialu-nalezy-sie-aureola\/","url_meta":{"origin":164563,"position":5},"title":"Tomasz z Akwinu, Suppl. Q. 96. (10 z 13). Aureole. (10). Czy cia\u0142u nale\u017cy si\u0119 aureola?","author":"Traditio et Fides","date":"24 lipca 2026","format":false,"excerpt":"O tym, dlaczego cia\u0142u si\u0119 aureola nie nale\u017cy.","rel":"","context":"W \u201eBez kategorii&quot;","block_context":{"text":"Bez kategorii","link":"https:\/\/wobronietradycjiiwiary.com\/pl\/category\/bez-kategorii\/"},"img":{"alt_text":"","src":"https:\/\/i0.wp.com\/wobronietradycjiiwiary.com\/wp-content\/uploads\/2025\/07\/wiki_Giotto___Scrovegni____38____Ascension_jpg-wiki_Giotto___Scrovegni____38____Ascension.jpg?resize=350%2C200&ssl=1","width":350,"height":200},"classes":[]}],"amp_enabled":true,"jetpack_featured_media_url":"https:\/\/wobronietradycjiiwiary.com\/wp-content\/uploads\/2025\/07\/wiki_Giotto___Scrovegni____38____Ascension_jpg-wiki_Giotto___Scrovegni____38____Ascension.jpg","_links":{"self":[{"href":"https:\/\/wobronietradycjiiwiary.com\/pl\/wp-json\/wp\/v2\/posts\/164563","targetHints":{"allow":["GET"]}}],"collection":[{"href":"https:\/\/wobronietradycjiiwiary.com\/pl\/wp-json\/wp\/v2\/posts"}],"about":[{"href":"https:\/\/wobronietradycjiiwiary.com\/pl\/wp-json\/wp\/v2\/types\/post"}],"author":[{"embeddable":true,"href":"https:\/\/wobronietradycjiiwiary.com\/pl\/wp-json\/wp\/v2\/users\/60508433"}],"replies":[{"embeddable":true,"href":"https:\/\/wobronietradycjiiwiary.com\/pl\/wp-json\/wp\/v2\/comments?post=164563"}],"version-history":[{"count":2,"href":"https:\/\/wobronietradycjiiwiary.com\/pl\/wp-json\/wp\/v2\/posts\/164563\/revisions"}],"predecessor-version":[{"id":164565,"href":"https:\/\/wobronietradycjiiwiary.com\/pl\/wp-json\/wp\/v2\/posts\/164563\/revisions\/164565"}],"wp:featuredmedia":[{"embeddable":true,"href":"https:\/\/wobronietradycjiiwiary.com\/pl\/wp-json\/wp\/v2\/media\/149235"}],"wp:attachment":[{"href":"https:\/\/wobronietradycjiiwiary.com\/pl\/wp-json\/wp\/v2\/media?parent=164563"}],"wp:term":[{"taxonomy":"category","embeddable":true,"href":"https:\/\/wobronietradycjiiwiary.com\/pl\/wp-json\/wp\/v2\/categories?post=164563"},{"taxonomy":"post_tag","embeddable":true,"href":"https:\/\/wobronietradycjiiwiary.com\/pl\/wp-json\/wp\/v2\/tags?post=164563"}],"curies":[{"name":"wp","href":"https:\/\/api.w.org\/{rel}","templated":true}]}}