{"id":162047,"date":"2026-03-21T08:15:03","date_gmt":"2026-03-21T07:15:03","guid":{"rendered":"https:\/\/wobronietradycjiiwiary.com\/?p=162047"},"modified":"2026-03-09T13:04:03","modified_gmt":"2026-03-09T12:04:03","slug":"21-go-marca-zywot-sw-benedykta-zalozyciela-zakonu-na-zachodzie-2-2-2-2-2","status":"publish","type":"post","link":"https:\/\/wobronietradycjiiwiary.com\/pl\/21-go-marca-zywot-sw-benedykta-zalozyciela-zakonu-na-zachodzie-2-2-2-2-2\/","title":{"rendered":"21-go Marca. \u017bywot \u015bw. Benedykta, Za\u0142o\u017cyciela Zakonu na Zachodzie."},"content":{"rendered":"<div id=\"bsf_rt_marker\"><\/div>\n<p class=\"has-text-align-center wp-block-paragraph\"><em>(\u017by\u0142 oko\u0142o roku Pa\u0144skiego 540).<\/em><\/p>\n\n\n\n<figure class=\"wp-block-image\"><a href=\"https:\/\/pl.wikisource.org\/wiki\/Plik:%C5%BBywoty_%C5%9Bw._Pa%C5%84skich_na_wszystkie_dnie_roku-Inicja%C5%82-U.png\"><img decoding=\"async\" src=\"https:\/\/upload.wikimedia.org\/wikipedia\/commons\/thumb\/5\/5b\/%C5%BBywoty_%C5%9Bw._Pa%C5%84skich_na_wszystkie_dnie_roku-Inicja%C5%82-U.png\/57px-%C5%BBywoty_%C5%9Bw._Pa%C5%84skich_na_wszystkie_dnie_roku-Inicja%C5%82-U.png\" alt=\"U\"\/><\/a><\/figure>\n\n\n\n<p class=\"has-text-align-justify wp-block-paragraph\">Urodzi\u0142 si\u0119 \u015bwi\u0119ty Benedykt, Za\u0142o\u017cyciel wielkiego i s\u0142awnego Zakonu, od niego Zakonem Benedyktyn\u00f3w nazwanego, w ksi\u0119stwie Spoleta\u0144skiem we W\u0142oszech, w Nursii, zamku dziedzicznym jego zamo\u017cnej i znakomitej rodziny, oko\u0142o roku Pa\u0144skiego 480. Ojciec jego imieniem Eutropiusz, pochodzi\u0142 ze staro\u017cytnego rodu patrycyusz\u00f3w rzymskich Anicyusz\u00f3w, a matka Abundancya, by\u0142a udzieln\u0105 hrabin\u0105 na Nursii. Pocz\u0105tkowe nauki pobiera\u0142 w domu rodzicielskim, poczem oddany zosta\u0142 na wy\u017csze szko\u0142y do Rzymu. Ale rozpusta, jaka w\u00f3wczas w Rzymie panowa\u0142a, tak go przerazi\u0142a, \u017ce opu\u015bci\u0142 miasto, aby si\u0119 schroni\u0107 w niedost\u0119pne miejsce i prowadzi\u0107 \u017cycie pustelnicze, chocia\u017c wtenczas liczy\u0142 dopiero lat szesna\u015bcie. <\/p>\n\n\n\n<p class=\"has-text-align-justify wp-block-paragraph\">Zatrzymany przez znajomych w miasteczku Elfrydzie, zamieszka\u0142 u dawnej swej mamki. Sta\u0142o si\u0119, \u017ce przez ni\u0105 po\u017cyczone naczynie si\u0119 st\u0142uk\u0142o, wskutek czego mamka \u017ca\u0142o\u015bnie p\u0142aka\u0142a. U\u017cali\u0142 si\u0119 jej Benedykt, pocz\u0105\u0142 si\u0119 modli\u0107, i oto naczynie cudownie si\u0119 spoi\u0142o. Cud ten wnet si\u0119 rozni\u00f3s\u0142, ale Benedykt, stroni\u0105c od s\u0142awy ludzkiej, potajemnie uciek\u0142 i uda\u0142 si\u0119 w puste, g\u00f3rzyste miejsce, zwane Sabiako. Tam wyszuka\u0142 niedost\u0119pn\u0105 prawie jaskini\u0119 i w niej zamieszka\u0142. W drodze spotkawszy pustelnika \u015bwi\u0119tego Romana, z zamiaru swego si\u0119 zwierzy\u0142. Roman da\u0142 mu odzie\u017c pustelnicz\u0105 i potem przychodzi\u0142 o pewnym czasie, przynosz\u0105c \u017cywno\u015b\u0107. Poniewa\u017c Roman na ska\u0142\u0119 t\u0119 wedrze\u0107 si\u0119 nie zdo\u0142a\u0142, przeto pod ska\u0142\u0105 dawa\u0142 znak dzwonkiem, a Benedykt spuszcza\u0142 powr\u00f3z, kt\u00f3rym sobie \u017cywno\u015b\u0107 do g\u00f3ry wci\u0105ga\u0142.<\/p>\n\n\n\n<p class=\"has-text-align-justify wp-block-paragraph\"><br>\u2009Tak min\u0119\u0142y trzy lata, po kt\u00f3rych Pan B\u00f3g chcia\u0142 go ludziom da\u0107 pozna\u0107, gdy\u017c dot\u0105d pr\u00f3cz Romana, nikt o nim nie wiedzia\u0142. Sta\u0142o si\u0119 to za\u015b w nast\u0119puj\u0105cy spos\u00f3b: Pewien kap\u0142an nagotowa\u0142 sobie w sam dzie\u0144 Wielkanocny dobrych potraw. Zanim si\u0119 zabra\u0142 do ich spo\u017cywania, rzek\u0142 mu B\u00f3g w widzeniu: \u201eTy sobie rozkoszne potrawy gotujesz, a s\u0142uga Bo\u017cy znajduj\u0105cy si\u0119 w tem a tem miejscu umiera z g\u0142odu.\u201c Wzi\u0105wszy kap\u0142an potrawy, uda\u0142 si\u0119 natychmiast na wskazane miejsce, i po d\u0142ugiem szukaniu odnalaz\u0142 wreszcie Benedykta. Pozdrowiwszy si\u0119 wzajemnie, odprawili najprz\u00f3d modlitwy, a potem rzek\u0142 kap\u0142an: \u201eWsta\u0144, bracie, i jedz, bo dzi\u015b jest Wielkanoc i nie godzi si\u0119 po\u015bci\u0107.\u201c Benedykt nie wiedzia\u0142, \u017ce to Wielkanocne \u015bwi\u0119to, wi\u0119c wzdryga\u0142 si\u0119 przyj\u0105\u0107 tak smakowite potrawy, i jad\u0142 dopiero, kiedy mu kap\u0142an swe widzenie opowiedzia\u0142.<\/p>\n\n\n\n<p class=\"has-text-align-justify wp-block-paragraph\"><br>\u2009W tym samym te\u017c czasie odkryli go pasterze. Z pocz\u0105tku s\u0105dzili, \u017ce to jaki dziki zwierz, ale przypatrzywszy si\u0119 z blizka, poznali, \u017ce to m\u0105\u017c Bo\u017cy i odt\u0105d chodzili do niego po b\u0142ogos\u0142awie\u0144stwo i na nauk\u0119, a wzamian dostarczali mu \u017cywno\u015bci. Wkr\u00f3tce wielu m\u0119\u017c\u00f3w porzucaj\u0105c \u015bwiat, gromadzi\u0142o si\u0119 wko\u0142o niego, aby z jego ust s\u0142ucha\u0107 S\u0142owa Bo\u017cego i \u017cycie jego na\u015bladowa\u0107.<\/p>\n\n\n\n<p class=\"has-text-align-justify wp-block-paragraph\"><br>\u2009Niedaleko od pustelni Benedykta znajdowa\u0142 si\u0119 klasztor, kt\u00f3rego prze\u0142o\u017cony umar\u0142, poczem zakonnicy Benedykta obrali sobie za prze\u0142o\u017conego. Wzbrania\u0142 si\u0119 wprawdzie \u015awi\u0119ty przyj\u0105\u0107 ten urz\u0105d, lecz wko\u0144cu po d\u0142ugiem naleganiu obj\u0105\u0142 jednak kierownictwo klasztorne. Nie trwa\u0142o wszak\u017ce d\u0142ugo, a zakonnicy wyboru swego \u017ca\u0142owa\u0107 pocz\u0119li, gdy\u017c Benedykt z ca\u0142\u0105 surowo\u015bci\u0105 przestrzega\u0142 regu\u0142y zakonnej i dobrych obyczaj\u00f3w, czego oni nie byli zwyczajni; umy\u015blili go przeto zgubi\u0107 i postawili przed nim podczas obiadu szklank\u0119 wina zaprawionego trucizn\u0105. Skoro tylko Benedykt wino owe prze\u017cegna\u0142, szklanka p\u0119k\u0142a; domy\u015bli\u0142 si\u0119 \u015awi\u0119ty, co zasz\u0142o, zwo\u0142awszy wi\u0119c wszystkich zakonnik\u00f3w, tak si\u0119 odezwa\u0142: \u201eBracia mili, co\u015bcie chcieli uczyni\u0107! Wszak\u017ce wam m\u00f3wi\u0142em, \u017ce moje obyczaje z waszemi si\u0119 nie zgodz\u0105;&nbsp;szukajcie sobie przeto innego prze\u0142o\u017conego, gdy\u017c mnie mie\u0107 nie mo\u017cecie. Niechaj was B\u00f3g ma w Swojej opiece.\u201c Opu\u015bciwszy nast\u0119pnie klasztor, uda\u0142 si\u0119 na pierwotne swe miejsce i znowu wi\u00f3d\u0142 surowe \u017cycie pustelnicze.<br><\/p>\n\n\n\n<p class=\"has-text-align-justify wp-block-paragraph\">\u2009S\u0142awa jego \u015bwi\u0119to\u015bci tak by\u0142a wielk\u0105, \u017ce zewsz\u0105d gromadzili si\u0119 ko\u0142o niego m\u0119\u017cowie r\u00f3\u017cnych stan\u00f3w, a liczba ich mno\u017cy\u0142a si\u0119 z dnia na dzie\u0144, tak, \u017ce musia\u0142 zbudowa\u0107 dwana\u015bcie klasztor\u00f3w, a ka\u017cdy dwunastu bra\u0107mi obsadzi\u0142. Zacni Rzymianie dawali mu nawet syn\u00f3w na wychowanie, a mi\u0119dzy innymi Ewicyusz swego Maura, a Tertuliusz znowu Placyda. Maur b\u0119d\u0105c starszym, by\u0142 jego pomocnikiem, m\u0142odziutki jeszcze Placyd zosta\u0142 nim p\u00f3\u017aniej.<\/p>\n\n\n\n<p class=\"has-text-align-justify wp-block-paragraph\"><br>\u2009W jednym z jego klasztor\u00f3w znajdowa\u0142 si\u0119 brat bardzo ozi\u0119b\u0142y na modlitw\u0119, przeto cz\u0119sto wychodzi\u0142 z ko\u015bcio\u0142a. Benedykt zwr\u00f3ciwszy na to uwag\u0119, zobaczy\u0142, \u017ce owego zakonnika czart ci\u0105gnie za sukni\u0119 z ko\u015bcio\u0142a w postaci ma\u0142ego, czarnego ch\u0142opca. Zawo\u0142awszy przeto Maura i Pompejana, Opata, zapyta\u0142, czy tego ch\u0142opca widz\u0105. Kiedy odpowiedzieli, \u017ce nie, nakaza\u0142 im si\u0119 modli\u0107, aby i oni go ujrzeli, jako nazajutrz Maur w rzeczywisto\u015bci go spostrzeg\u0142. Widz\u0105c nast\u0119pnie Benedykt stoj\u0105cego zakonnika, obi\u0142 go r\u00f3zgami, a czart natychmiast ust\u0105pi\u0142, jakby sam by\u0142 r\u00f3zgami zesieczon. \u2014 Klasztor jeden, zbudowany na skale, nie mia\u0142 wody i trzeba po ni\u0105 by\u0142o schodzi\u0107 dosy\u0107 daleko w dolin\u0119. Na modlitw\u0119 jednak \u015bwi\u0119tego Benedykta wytrys\u0142o ze ska\u0142y czyste \u017ar\u00f3d\u0142o, i odt\u0105d klasztor by\u0142 w wod\u0119 zaopatrzony. \u2014 Zakonnikowi jednemu spad\u0142a raz motyka z trzonka i wpad\u0142a do g\u0142\u0119bokiej wody. Benedykt \u015bw. pomodliwszy si\u0119, zanurzy\u0142 trzonek w wodzie i motyk\u0119 wyci\u0105gn\u0105\u0142.<\/p>\n\n\n\n<p class=\"has-text-align-justify wp-block-paragraph\"><br>\u2009Innym razem pobieg\u0142 maluczki Placyd z dzbanem po wod\u0119 i wpad\u0142 w rzek\u0119. Bystry pr\u0105d uni\u00f3s\u0142 go ju\u017c daleko, kiedy Benedykt poczuwszy to w duchu, pos\u0142a\u0142 mu Maura na ratunek. Maur odebrawszy b\u0142ogos\u0142awie\u0144stwo, po\u015bpieszy\u0142 z pomoc\u0105 i biegn\u0105c po powierzchni wody jak po ziemi, uchwyci\u0142 Placyda i wyci\u0105gn\u0105\u0142 go na brzeg, poczem obejrzawszy si\u0119, zobaczy\u0142 ze zdumieniem, \u017ce bieg\u0142 po wodzie. Cud ten przypisa\u0142 \u015awi\u0119ty pos\u0142usze\u0144stwu Maura, lecz ten wiedzia\u0142 dobrze, \u017ce sprawi\u0142a to modlitwa \u015awi\u0119tego, co tak\u017ce i Placyd potwierdzi\u0142, dowodz\u0105c, i\u017c w chwili niebezpiecze\u0144stwa p\u0142aszcz \u015bw. Benedykta mia\u0142 na g\u0142owie.<\/p>\n\n\n\n<p class=\"has-text-align-justify wp-block-paragraph\"><br>\u2009\u017bycie klasztorne pocz\u0119\u0142o si\u0119 wspaniale rozwija\u0107, i z owoc\u00f3w pracy \u015bwi\u0119tego Benedykta cieszy\u0142o si\u0119 Niebo, a ludno\u015b\u0107 okoliczna liczne odnosi\u0142a korzy\u015bci. Ale i piek\u0142o nie spoczywa\u0142o, lecz na wszystkie sposoby stara\u0142o si\u0119 zniszczy\u0107 ca\u0142e urz\u0105dzenie. Mieszkaj\u0105cy bowiem w pobli\u017cu niegodziwy kap\u0142an, imieniem Florencyusz, d\u0105\u017cy\u0142 przedewszystkiem do tego, aby \u015bw. Benedykta znies\u0142awi\u0107, a gdy to nie pomog\u0142o, da\u0142 mu zatrutego chleba. \u015awi\u0119ty poznawszy zdrad\u0119, kaza\u0142 chleb ten wynie\u015b\u0107 krukowi na bezludne miejsce, a Florencyusz widz\u0105c, \u017ce na taki spos\u00f3b nic nie doka\u017ce, uczyni\u0142 zamach na niewinno\u015b\u0107 zakonnik\u00f3w. Benedykt chc\u0105c si\u0119 usun\u0105\u0107 od prze\u015bladowcy, odszed\u0142 z tego miejsca z kilku uczniami i osiad\u0142 na Monte-Cassino. By\u0142a tam stara \u015bwi\u0105tynia poga\u0144ska Apollina, kt\u00f3r\u0105 przebudowa\u0142 na ko\u015bci\u00f3\u0142 i zbudowa\u0142 klasztor, b\u0119d\u0105cy p\u00f3\u017aniej najs\u0142ynniejszym na ca\u0142ej kuli ziemskiej. Tu oko\u0142o&nbsp;roku 530 napisa\u0142 sw\u0105 podziwienia godn\u0105, wiekopomn\u0105 regu\u0142\u0119, kt\u00f3rej on sam by\u0142 \u017cywym obrazem.<\/p>\n\n\n\n<p class=\"has-text-align-justify wp-block-paragraph\"><br>\u2009Opr\u00f3cz mocy czynienia cud\u00f3w, mia\u0142 jeszcze ducha proroczego. Braciom oznajmia\u0142 sprawy, kt\u00f3re si\u0119 daleko dzia\u0142y, przepowiada\u0142 przysz\u0142o\u015b\u0107 i zna\u0142 nawet my\u015bli ludzkie. S\u0142ysz\u0105c o tem Totyla, kr\u00f3l Got\u00f3w, postanowi\u0142 wystawi\u0107 go na pr\u00f3b\u0119. Przybywszy do Cassino, kaza\u0142 Benedyktowi oznajmi\u0107 swe nawiedzenie, lecz sam nie poszed\u0142, ale przebrawszy jednego z dworzan w swe szaty, pos\u0142a\u0142 go do \u015awi\u0119tego. \u015awi\u0119ty jednak ju\u017c z daleka zawo\u0142a\u0142: \u201eSynu, zrzu\u0107 te szaty, bo to nie twoje!\u201c Przel\u0119kniony \u00f3w dworzanin pad\u0142 na kolana, a wr\u00f3ciwszy nast\u0119pnie, opowiedzia\u0142 kr\u00f3lowi, co zasz\u0142o. Zdumiony kr\u00f3l sam si\u0119 wtenczas uda\u0142 do Benedykta, pad\u0142 przed nim na twarz i pr\u0119dzej nie powsta\u0142, a\u017c go Benedykt podni\u00f3s\u0142. \u015awi\u0119ty powiedzia\u0142 mu tedy, \u017ce Rzym zdob\u0119dzie, przejdzie morze, a dziewi\u0119\u0107 lat kr\u00f3luj\u0105c, dziesi\u0105tego umrze. Przepowiednia si\u0119 spe\u0142ni\u0142a, gdy\u017c Totyla zaj\u0105wszy Rzym, uda\u0142 si\u0119 na Sycyli\u0119, a dziesi\u0105tego roku straci\u0142 wraz z kr\u00f3lestwem i \u017cycie.<\/p>\n\n\n\n<p class=\"has-text-align-justify wp-block-paragraph\"><br>\u2009Pewnego razu ucze\u0144 jego, Teoprobus, s\u0142ysza\u0142 go w celi rzewnie p\u0142acz\u0105cego. Wszed\u0142szy, zapyta\u0142, czemu tak narzeka. Benedykt odpowiedzia\u0142, \u017ce ten klasztor poganie zburz\u0105, lecz nikt z zakonnik\u00f3w \u017cycia nie straci. Kiedy p\u00f3\u017aniej Longobardowie klasztor napadli, sta\u0142o si\u0119 wed\u0142ug przepowiedni Benedykta.<\/p>\n\n\n\n<p class=\"has-text-align-justify wp-block-paragraph\"><br>\u2009Zacny pewien chrze\u015bcijanin prosi\u0142 \u015awi\u0119tego, aby mu wolno by\u0142o w\u0142asny klasztor za\u0142o\u017cy\u0107 przy mie\u015bcie Tartanosie. Benedykt pos\u0142a\u0142 tam starszego z kilku zakonnikami, m\u00f3wi\u0105c do nich: \u201eNie budujcie, a\u017c tam sam przyjd\u0119 i miejsce wam wska\u017c\u0119.\u201c Zarazem oznaczy\u0142 dzie\u0144 swego przybycia. Gdy \u00f3w dzie\u0144 nadszed\u0142, ukaza\u0142 si\u0119 Benedykt starszemu i drugiemu jeszcze zakonnikowi we \u015bnie, wskazuj\u0105c miejsce, gdzie ma by\u0107 klasztor budowany, gdzie ma stan\u0105\u0107 ko\u015bci\u00f3\u0142, i wog\u00f3le poda\u0142 im ca\u0142y plan. Nazajutrz opowiedzieli sobie obaj swe sny, ale nie wierz\u0105c im, czekali na Benedykta; nie mog\u0105c go si\u0119 jednak doczeka\u0107, wko\u0144cu wr\u00f3cili. Lecz Benedykt im powiedzia\u0142: \u201eJa tam by\u0142em, kiedy\u015bcie mnie przez sen widzieli; wracajcie i budujcie tak, jakom wam powiedzia\u0142.\u201c<\/p>\n\n\n\n<p class=\"has-text-align-justify wp-block-paragraph\"><br>\u2009Innego razu przyni\u00f3s\u0142 pewien ojciec do klasztoru swojego umar\u0142ego syna, prosz\u0105c \u015bwi\u0119tego Benedykta, aby go wskrzesi\u0142. \u201eNie jest to moje dzie\u0142o, ale Apostolskie\u201c, odpowiedzia\u0142 Benedykt. Lecz on ojciec bardzo p\u0142aka\u0107 pocz\u0105\u0142, m\u00f3wi\u0105c: \u201eNie wyjd\u0119 tu st\u0105d pr\u0119dzej, p\u00f3ki mi tego nie uczynisz.\u201c Lituj\u0105c si\u0119 Benedykt nad nieszcz\u0119\u015bliwym ojcem, zwo\u0142a\u0142 Braci na modlitw\u0119 i rzek\u0142: \u201ePanie m\u00f3j, nie patrz na grzechy moje, ale na wiar\u0119 tego cz\u0142owieka, kt\u00f3ry o wskrzeszenie cia\u0142a syna swego prosi!\u201c I dotkn\u0105\u0142 si\u0119 cia\u0142a dziecka, kt\u00f3re natychmiast o\u017cy\u0142o.<\/p>\n\n\n\n<p class=\"has-text-align-justify wp-block-paragraph\"><br>\u2009Na pocz\u0105tku 543 roku przepowiedzia\u0142 Braciom blizki koniec swego \u017cywota. Przed \u015bmierci\u0105 spotka\u0142 si\u0119 jeszcze ze sw\u0105 siostr\u0105, \u015bwi\u0119t\u0105 Scholastyk\u0105, kt\u00f3ra cudownym sposobem sprowadziwszy burz\u0119, brata u siebie przez noc zatrzyma\u0142a, poczem wr\u00f3ci\u0142 do swego klasztoru. Scholastyka \u015bwi\u0119ta umar\u0142a w trzy dni p\u00f3\u017aniej, a \u015bw. Benedykt w czterdzie\u015bci. Gwa\u0142towna febra by\u0142a ostatni\u0105 jego chorob\u0105. Sz\u00f3stego dnia choroby kaza\u0142 si\u0119 zaprowadzi\u0107 do ko\u015bcio\u0142a, gdzie w przygotowanym od dawna dla niego grobie spoczywa\u0142y zw\u0142oki \u015bwi\u0119tej Scholastyki, a kazawszy go otworzy\u0107, stan\u0105\u0142 nad nim, przyj\u0105\u0142 Komuni\u0119 \u015bwi\u0119t\u0105 i podtrzymywany przez Braci, umar\u0142 w tej postawie dnia 21 marca roku Pa\u0144skiego 543.<\/p>\n\n\n\n<p class=\"has-text-align-justify wp-block-paragraph\"><br>\u2009Tego\u017c samego dnia dwaj daleko od siebie znajduj\u0105cy si\u0119 zakonnicy mieli r\u00f3wne widzenie. Ujrzeli oni bowiem niezliczon\u0105 liczb\u0119 \u015bwiate\u0142 niebieskich, tworz\u0105cych niejako drog\u0119 wychodz\u0105c\u0105 z Cassino i ku wschodowi si\u0119gaj\u0105c\u0105 a\u017c do Nieba, s\u0142ysz\u0105c zarazem g\u0142os: \u201eTa\u0107 jest droga, kt\u00f3r\u0105 Bogu mi\u0142y Benedykt wst\u0105pi\u0142 do Nieba.\u201c<\/p>\n\n\n\n<p class=\"has-text-align-justify wp-block-paragraph\"><br>\u2009\u015awi\u0119ty Benedykt po\u0142o\u017cy\u0142 wielkie zas\u0142ugi oko\u0142o Ko\u015bcio\u0142a \u015bw. Z jego zakonu wysz\u0142o 24 Papie\u017cy, 200 Kardyna\u0142\u00f3w, 1600 Arcybiskup\u00f3w, 400 Biskup\u00f3w i 1500 przez Ko\u015bci\u00f3\u0142 uznanych \u015awi\u0119tych Pa\u0144skich.<\/p>\n\n\n\n<h2 class=\"wp-block-heading\"><br><strong>Nauka moralna.<\/strong><\/h2>\n\n\n\n<p class=\"has-text-align-justify wp-block-paragraph\">\u2009Naucz si\u0119, chrze\u015bcijaninie, ca\u0142emi si\u0142ami zwalcza\u0107 pokusy. Uskar\u017casz si\u0119 bowiem, \u017ce czujesz si\u0119 s\u0142abym wobec sk\u0142onno\u015bci do z\u0142ego, \u017ce nieporz\u0105dne my\u015bli i po\u017c\u0105dliwo\u015bci ci\u0119 napadaj\u0105, i \u017ce nami\u0119tno\u015bci twe s\u0105 prawie niepodobne do pokonania. Ale\u017c czy\u017c sumiennie&nbsp;mo\u017cesz powiedzie\u0107, \u017ce\u015b ca\u0142ej si\u0142y i woli twojej do\u0142o\u017cy\u0142 i wszelkich \u015brodk\u00f3w u\u017cy\u0142, aby nad pokusami odnie\u015b\u0107 zwyci\u0119stwo? Je\u017celi starannie nie unikasz sposobno\u015bci, je\u017celi jej mo\u017ce nawet szukasz, je\u017celi zmys\u0142\u00f3w twoich nie hamujesz, a zaniedbujesz modlitwy, je\u017celi nie przyst\u0119pujesz do Sakrament\u00f3w \u015bwi\u0119tych i cia\u0142a twego nie umartwiasz, natenczas nie uskar\u017caj si\u0119 na sw\u0105 s\u0142abo\u015b\u0107 w pokusach i na sw\u00f3j cz\u0119sty upadek. B\u0105d\u017a przekonanym, \u017ce wed\u0142ug s\u0142\u00f3w Aposto\u0142a, B\u00f3g nigdy nikogo nad jego si\u0142y nie do\u015bwiadcza, a je\u015bli na wz\u00f3r \u015awi\u0119tych b\u0119dziesz toczy\u0142 walk\u0119 przeciw pokusom, zostaniesz zawsze zwyci\u0119zc\u0105. \u201cKto si\u0119 Boga boi, temu si\u0119 nic z\u0142ego nie stanie, ale B\u00f3g go strze\u017ce w pokusie.\u201c (Ekkl. 33, 1).<\/p>\n\n\n\n<h3 class=\"wp-block-heading\"><br><strong>Modlitwa.<\/strong><\/h3>\n\n\n\n<blockquote class=\"wp-block-quote is-layout-flow wp-block-quote-is-layout-flow\">\n<p class=\"wp-block-paragraph\">\u2009Bo\u017ce, kt\u00f3ry\u015b \u015bwi\u0119tego Benedykta do tak wysokiego stopnia \u015bwi\u0119to\u015bci i zas\u0142ug wynie\u015b\u0107 raczy\u0142, daj nam tak\u017ce si\u0142\u0119, aby\u015bmy podobnie jak on, z\u0142emu zawsze si\u0119 oprze\u0107, i w mi\u0142o\u015bci do Jezusa \u017cy\u0107 i umiera\u0107 mogli. Przez Pana naszego Jezusa Chrystusa. Amen.<\/p>\n<\/blockquote>\n\n\n\n<figure class=\"wp-block-table\"><table><tbody><tr><td>\u2217&nbsp;&nbsp;&nbsp;&nbsp;&nbsp;&nbsp;&nbsp;&nbsp;&nbsp;&nbsp;&nbsp;&nbsp;&nbsp;&nbsp;&nbsp;&nbsp;&nbsp;&nbsp;&nbsp;&nbsp;\u2217<br>\u2217<\/td><\/tr><\/tbody><\/table><\/figure>\n\n\n\n<p class=\"wp-block-paragraph\"><em>Opr\u00f3cz tego obchodzi Ko\u015bci\u00f3\u0142 \u015bwi\u0119ty pami\u0105tk\u0119 nast\u0119puj\u0105cych \u015awi\u0119tych Pa\u0144skich, zamieszczonych w rzymskiem martyrologium:<\/em><\/p>\n\n\n\n<p class=\"has-text-align-justify wp-block-paragraph\">\u2009<strong>Dnia 21-go marca<\/strong>&nbsp;na Monte-Cassino uroczysto\u015b\u0107 \u015bw.&nbsp;Benedykta, Opata, kt\u00f3ry klasztorne \u017cycie cnotliwe, zanikaj\u0105ce pod\u00f3wczas w krajach po\u0142udniowych, na nowo wskrzesi\u0142 i rozszerzy\u0142; jego \u017cycie, bogate w cnoty i cuda, opisa\u0142 \u015bw. Grzegorz, Papie\u017c. \u2014 W Aleksandryi pami\u0105tka \u015bw.&nbsp;M\u0119czennik\u00f3w, kt\u00f3rzy za panowania cesarza Konstancyusza i starosty Philagriusza zostali w swych ko\u015bcio\u0142ach przez aryan i pogan napadni\u0119ci i wymordowani. \u2014 Tego\u017c dnia \u015bw.&nbsp;Filemona i Domina, M\u0119czennik\u00f3w. \u2014 W Katanii \u015bw.&nbsp;Birrilla, Biskupa, kt\u00f3ry wy\u015bwi\u0119cony przez samego \u015bwi\u0119tego Piotra, Aposto\u0142a, nawr\u00f3ci\u0142 wielk\u0105 liczb\u0119 pogan do wiary chrze\u015bcija\u0144skiej, a b\u0119d\u0105c ju\u017c podesz\u0142ym w latach, spokojnie zasn\u0105\u0142 w Panu. \u2014 W Aleksandryi \u015bw.&nbsp;Serapiona, Pustelnika i Biskupa z Tmuis, kt\u00f3ry przez rozszala\u0142ych aryan wys\u0142any na wygnanie, zas\u0142yn\u0105\u0142 cnotami wysokiemi i do lepszego przeszed\u0142 \u017cywota. \u2014 W okolicy Lyonu \u015bw.&nbsp;Lupicyna, Opata, kt\u00f3rego \u017cycie odznaczone cnotami i cudami.<\/p>\n","protected":false},"excerpt":{"rendered":"<p>Benedykt z Nursji zapocz\u0105tkowa\u0142 chrze\u015bcija\u0144sk\u0105 Europ\u0119, Benedykt XVI -Ratzinger j\u0105 swoj\u0105 pozorn\u0105 abdykacj\u0105 zako\u0144czy\u0142. <\/p>\n","protected":false},"author":60508433,"featured_media":43787,"comment_status":"open","ping_status":"open","sticky":false,"template":"","format":"standard","meta":{"_bbp_topic_count":0,"_bbp_reply_count":0,"_bbp_total_topic_count":0,"_bbp_total_reply_count":0,"_bbp_voice_count":0,"_bbp_anonymous_reply_count":0,"_bbp_topic_count_hidden":0,"_bbp_reply_count_hidden":0,"_bbp_forum_subforum_count":0,"_editorskit_title_hidden":false,"_editorskit_reading_time":0,"_editorskit_is_block_options_detached":false,"_editorskit_block_options_position":"{}","_coblocks_attr":"","_coblocks_dimensions":"","_coblocks_responsive_height":"","_coblocks_accordion_ie_support":"","_exactmetrics_skip_tracking":false,"_jetpack_newsletter_access":"","_jetpack_dont_email_post_to_subs":false,"_jetpack_newsletter_tier_id":0,"_jetpack_memberships_contains_paywalled_content":false,"_wpcom_ai_launchpad_first_post":false,"_jetpack_feature_clip_id":0,"_jetpack_memberships_contains_paid_content":false,"footnotes":"","jetpack_publicize_message":"{title}\n\n{excerpt}\n\n{url}","jetpack_publicize_feature_enabled":true,"jetpack_social_post_already_shared":true,"jetpack_social_options":{"image_generator_settings":{"template":"highway","default_image_id":0,"font":"","enabled":false},"version":2},"_wpas_customize_per_network":false,"jetpack_post_was_ever_published":false},"categories":[610131818,610131184,336375535,610134932,610131155,610132042],"tags":[610133352],"class_list":["post-162047","post","type-post","status-publish","format-standard","has-post-thumbnail","hentry","category-swieta-w-marcu","category-duchowosc","category-liturgia-i-liturgika","category-mescy-swieci","category-rozwazania","category-zywoty-swietych","tag-mescy-swieci"],"yoast_head":"<!-- This site is optimized with the Yoast SEO plugin v28.3 - https:\/\/yoast.com\/product\/yoast-seo-wordpress\/ -->\n<title>21-go Marca. \u017bywot \u015bw. Benedykta, Za\u0142o\u017cyciela Zakonu na Zachodzie. - Tradycja i Wiara<\/title>\n<meta name=\"robots\" content=\"index, follow, max-snippet:-1, max-image-preview:large, max-video-preview:-1\" \/>\n<link rel=\"canonical\" href=\"https:\/\/wobronietradycjiiwiary.com\/pl\/21-go-marca-zywot-sw-benedykta-zalozyciela-zakonu-na-zachodzie-2-2-2-2-2\/\" \/>\n<meta property=\"og:locale\" content=\"pl_PL\" \/>\n<meta property=\"og:type\" content=\"article\" \/>\n<meta property=\"og:title\" content=\"21-go Marca. \u017bywot \u015bw. Benedykta, Za\u0142o\u017cyciela Zakonu na Zachodzie. - Tradycja i Wiara\" \/>\n<meta property=\"og:description\" content=\"Benedykt z Nursji zapocz\u0105tkowa\u0142 chrze\u015bcija\u0144sk\u0105 Europ\u0119, Benedykt XVI -Ratzinger j\u0105 swoj\u0105 pozorn\u0105 abdykacj\u0105 zako\u0144czy\u0142.\" \/>\n<meta property=\"og:url\" content=\"https:\/\/wobronietradycjiiwiary.com\/pl\/21-go-marca-zywot-sw-benedykta-zalozyciela-zakonu-na-zachodzie-2-2-2-2-2\/\" \/>\n<meta property=\"og:site_name\" content=\"Tradycja i Wiara\" \/>\n<meta property=\"article:publisher\" content=\"https:\/\/www.facebook.com\/Tradycja-i-Wiara-108813920592249\" \/>\n<meta property=\"article:published_time\" content=\"2026-03-21T07:15:03+00:00\" \/>\n<meta property=\"og:image\" content=\"https:\/\/wobronietradycjiiwiary.com\/wp-content\/uploads\/2021\/03\/Benedict-MeisterDrucke-41973.jpg\" \/>\n\t<meta property=\"og:image:width\" content=\"534\" \/>\n\t<meta property=\"og:image:height\" content=\"700\" \/>\n\t<meta property=\"og:image:type\" content=\"image\/jpeg\" \/>\n<meta name=\"author\" content=\"Traditio et Fides\" \/>\n<meta name=\"twitter:card\" content=\"summary_large_image\" \/>\n<meta name=\"twitter:label1\" content=\"Napisane przez\" \/>\n\t<meta name=\"twitter:data1\" content=\"Traditio et Fides\" \/>\n\t<meta name=\"twitter:label2\" content=\"Szacowany czas czytania\" \/>\n\t<meta name=\"twitter:data2\" content=\"12 minut\" \/>\n<script type=\"application\/ld+json\" class=\"yoast-schema-graph\">{\"@context\":\"https:\\\/\\\/schema.org\",\"@graph\":[{\"@type\":\"Article\",\"@id\":\"https:\\\/\\\/wobronietradycjiiwiary.com\\\/21-go-marca-zywot-sw-benedykta-zalozyciela-zakonu-na-zachodzie-2-2-2-2-2\\\/#article\",\"isPartOf\":{\"@id\":\"https:\\\/\\\/wobronietradycjiiwiary.com\\\/21-go-marca-zywot-sw-benedykta-zalozyciela-zakonu-na-zachodzie-2-2-2-2-2\\\/\"},\"author\":{\"name\":\"Traditio et Fides\",\"@id\":\"https:\\\/\\\/wobronietradycjiiwiary.com\\\/pl\\\/#\\\/schema\\\/person\\\/2d6180ce6abcb681fef0daab7816e8f3\"},\"headline\":\"21-go Marca. \u017bywot \u015bw. Benedykta, Za\u0142o\u017cyciela Zakonu na Zachodzie.\",\"datePublished\":\"2026-03-21T07:15:03+00:00\",\"mainEntityOfPage\":{\"@id\":\"https:\\\/\\\/wobronietradycjiiwiary.com\\\/21-go-marca-zywot-sw-benedykta-zalozyciela-zakonu-na-zachodzie-2-2-2-2-2\\\/\"},\"wordCount\":2354,\"commentCount\":0,\"publisher\":{\"@id\":\"https:\\\/\\\/wobronietradycjiiwiary.com\\\/pl\\\/#organization\"},\"image\":{\"@id\":\"https:\\\/\\\/wobronietradycjiiwiary.com\\\/21-go-marca-zywot-sw-benedykta-zalozyciela-zakonu-na-zachodzie-2-2-2-2-2\\\/#primaryimage\"},\"thumbnailUrl\":\"https:\\\/\\\/wobronietradycjiiwiary.com\\\/wp-content\\\/uploads\\\/2021\\\/03\\\/Benedict-MeisterDrucke-41973.jpg\",\"keywords\":[\"m\u0119scy \u015bwi\u0119ci\"],\"articleSection\":[\"03. \u015awi\u0119ta w marcu\",\"Duchowo\u015b\u0107\",\"Liturgia i liturgika\",\"M\u0119scy \u015bwi\u0119ci\",\"Rozwa\u017cania liturgiczne\",\"\u017bywoty \u015awi\u0119tych\"],\"inLanguage\":\"pl-PL\",\"potentialAction\":[{\"@type\":\"CommentAction\",\"name\":\"Comment\",\"target\":[\"https:\\\/\\\/wobronietradycjiiwiary.com\\\/21-go-marca-zywot-sw-benedykta-zalozyciela-zakonu-na-zachodzie-2-2-2-2-2\\\/#respond\"]}]},{\"@type\":\"WebPage\",\"@id\":\"https:\\\/\\\/wobronietradycjiiwiary.com\\\/21-go-marca-zywot-sw-benedykta-zalozyciela-zakonu-na-zachodzie-2-2-2-2-2\\\/\",\"url\":\"https:\\\/\\\/wobronietradycjiiwiary.com\\\/21-go-marca-zywot-sw-benedykta-zalozyciela-zakonu-na-zachodzie-2-2-2-2-2\\\/\",\"name\":\"21-go Marca. \u017bywot \u015bw. Benedykta, Za\u0142o\u017cyciela Zakonu na Zachodzie. - Tradycja i Wiara\",\"isPartOf\":{\"@id\":\"https:\\\/\\\/wobronietradycjiiwiary.com\\\/pl\\\/#website\"},\"primaryImageOfPage\":{\"@id\":\"https:\\\/\\\/wobronietradycjiiwiary.com\\\/21-go-marca-zywot-sw-benedykta-zalozyciela-zakonu-na-zachodzie-2-2-2-2-2\\\/#primaryimage\"},\"image\":{\"@id\":\"https:\\\/\\\/wobronietradycjiiwiary.com\\\/21-go-marca-zywot-sw-benedykta-zalozyciela-zakonu-na-zachodzie-2-2-2-2-2\\\/#primaryimage\"},\"thumbnailUrl\":\"https:\\\/\\\/wobronietradycjiiwiary.com\\\/wp-content\\\/uploads\\\/2021\\\/03\\\/Benedict-MeisterDrucke-41973.jpg\",\"datePublished\":\"2026-03-21T07:15:03+00:00\",\"breadcrumb\":{\"@id\":\"https:\\\/\\\/wobronietradycjiiwiary.com\\\/21-go-marca-zywot-sw-benedykta-zalozyciela-zakonu-na-zachodzie-2-2-2-2-2\\\/#breadcrumb\"},\"inLanguage\":\"pl-PL\",\"potentialAction\":[{\"@type\":\"ReadAction\",\"target\":[\"https:\\\/\\\/wobronietradycjiiwiary.com\\\/21-go-marca-zywot-sw-benedykta-zalozyciela-zakonu-na-zachodzie-2-2-2-2-2\\\/\"]}]},{\"@type\":\"ImageObject\",\"inLanguage\":\"pl-PL\",\"@id\":\"https:\\\/\\\/wobronietradycjiiwiary.com\\\/21-go-marca-zywot-sw-benedykta-zalozyciela-zakonu-na-zachodzie-2-2-2-2-2\\\/#primaryimage\",\"url\":\"https:\\\/\\\/wobronietradycjiiwiary.com\\\/wp-content\\\/uploads\\\/2021\\\/03\\\/Benedict-MeisterDrucke-41973.jpg\",\"contentUrl\":\"https:\\\/\\\/wobronietradycjiiwiary.com\\\/wp-content\\\/uploads\\\/2021\\\/03\\\/Benedict-MeisterDrucke-41973.jpg\",\"width\":534,\"height\":700},{\"@type\":\"BreadcrumbList\",\"@id\":\"https:\\\/\\\/wobronietradycjiiwiary.com\\\/21-go-marca-zywot-sw-benedykta-zalozyciela-zakonu-na-zachodzie-2-2-2-2-2\\\/#breadcrumb\",\"itemListElement\":[{\"@type\":\"ListItem\",\"position\":1,\"name\":\"Strona g\u0142\u00f3wna\",\"item\":\"https:\\\/\\\/wobronietradycjiiwiary.com\\\/\"},{\"@type\":\"ListItem\",\"position\":2,\"name\":\"21-go Marca. \u017bywot \u015bw. Benedykta, Za\u0142o\u017cyciela Zakonu na Zachodzie.\"}]},{\"@type\":\"WebSite\",\"@id\":\"https:\\\/\\\/wobronietradycjiiwiary.com\\\/pl\\\/#website\",\"url\":\"https:\\\/\\\/wobronietradycjiiwiary.com\\\/pl\\\/\",\"name\":\"Tradycja i Wiara\",\"description\":\"Portal dla katolik\u00f3w.\",\"publisher\":{\"@id\":\"https:\\\/\\\/wobronietradycjiiwiary.com\\\/pl\\\/#organization\"},\"potentialAction\":[{\"@type\":\"SearchAction\",\"target\":{\"@type\":\"EntryPoint\",\"urlTemplate\":\"https:\\\/\\\/wobronietradycjiiwiary.com\\\/pl\\\/?s={search_term_string}\"},\"query-input\":{\"@type\":\"PropertyValueSpecification\",\"valueRequired\":true,\"valueName\":\"search_term_string\"}}],\"inLanguage\":\"pl-PL\"},{\"@type\":\"Organization\",\"@id\":\"https:\\\/\\\/wobronietradycjiiwiary.com\\\/pl\\\/#organization\",\"name\":\"Tradycja i Wiara\",\"url\":\"https:\\\/\\\/wobronietradycjiiwiary.com\\\/pl\\\/\",\"logo\":{\"@type\":\"ImageObject\",\"inLanguage\":\"pl-PL\",\"@id\":\"https:\\\/\\\/wobronietradycjiiwiary.com\\\/pl\\\/#\\\/schema\\\/logo\\\/image\\\/\",\"url\":\"https:\\\/\\\/i0.wp.com\\\/wobronietradycjiiwiary.com\\\/wp-content\\\/uploads\\\/2015\\\/10\\\/cropped-st-peters-dome-vatican.jpg?fit=940%2C198&ssl=1\",\"contentUrl\":\"https:\\\/\\\/i0.wp.com\\\/wobronietradycjiiwiary.com\\\/wp-content\\\/uploads\\\/2015\\\/10\\\/cropped-st-peters-dome-vatican.jpg?fit=940%2C198&ssl=1\",\"width\":940,\"height\":198,\"caption\":\"Tradycja i Wiara\"},\"image\":{\"@id\":\"https:\\\/\\\/wobronietradycjiiwiary.com\\\/pl\\\/#\\\/schema\\\/logo\\\/image\\\/\"},\"sameAs\":[\"https:\\\/\\\/www.facebook.com\\\/Tradycja-i-Wiara-108813920592249\"]},{\"@type\":\"Person\",\"@id\":\"https:\\\/\\\/wobronietradycjiiwiary.com\\\/pl\\\/#\\\/schema\\\/person\\\/2d6180ce6abcb681fef0daab7816e8f3\",\"name\":\"Traditio et Fides\",\"sameAs\":[\"https:\\\/\\\/traditionundglauben.com\"],\"url\":\"https:\\\/\\\/wobronietradycjiiwiary.com\\\/pl\\\/author\\\/wobronietradycjiiwiary\\\/\"}]}<\/script>\n<!-- \/ Yoast SEO plugin. -->","yoast_head_json":{"title":"21-go Marca. \u017bywot \u015bw. Benedykta, Za\u0142o\u017cyciela Zakonu na Zachodzie. - Tradycja i Wiara","robots":{"index":"index","follow":"follow","max-snippet":"max-snippet:-1","max-image-preview":"max-image-preview:large","max-video-preview":"max-video-preview:-1"},"canonical":"https:\/\/wobronietradycjiiwiary.com\/pl\/21-go-marca-zywot-sw-benedykta-zalozyciela-zakonu-na-zachodzie-2-2-2-2-2\/","og_locale":"pl_PL","og_type":"article","og_title":"21-go Marca. \u017bywot \u015bw. Benedykta, Za\u0142o\u017cyciela Zakonu na Zachodzie. - Tradycja i Wiara","og_description":"Benedykt z Nursji zapocz\u0105tkowa\u0142 chrze\u015bcija\u0144sk\u0105 Europ\u0119, Benedykt XVI -Ratzinger j\u0105 swoj\u0105 pozorn\u0105 abdykacj\u0105 zako\u0144czy\u0142.","og_url":"https:\/\/wobronietradycjiiwiary.com\/pl\/21-go-marca-zywot-sw-benedykta-zalozyciela-zakonu-na-zachodzie-2-2-2-2-2\/","og_site_name":"Tradycja i Wiara","article_publisher":"https:\/\/www.facebook.com\/Tradycja-i-Wiara-108813920592249","article_published_time":"2026-03-21T07:15:03+00:00","og_image":[{"width":534,"height":700,"url":"https:\/\/wobronietradycjiiwiary.com\/wp-content\/uploads\/2021\/03\/Benedict-MeisterDrucke-41973.jpg","type":"image\/jpeg"}],"author":"Traditio et Fides","twitter_card":"summary_large_image","twitter_misc":{"Napisane przez":"Traditio et Fides","Szacowany czas czytania":"12 minut"},"schema":{"@context":"https:\/\/schema.org","@graph":[{"@type":"Article","@id":"https:\/\/wobronietradycjiiwiary.com\/21-go-marca-zywot-sw-benedykta-zalozyciela-zakonu-na-zachodzie-2-2-2-2-2\/#article","isPartOf":{"@id":"https:\/\/wobronietradycjiiwiary.com\/21-go-marca-zywot-sw-benedykta-zalozyciela-zakonu-na-zachodzie-2-2-2-2-2\/"},"author":{"name":"Traditio et Fides","@id":"https:\/\/wobronietradycjiiwiary.com\/pl\/#\/schema\/person\/2d6180ce6abcb681fef0daab7816e8f3"},"headline":"21-go Marca. \u017bywot \u015bw. Benedykta, Za\u0142o\u017cyciela Zakonu na Zachodzie.","datePublished":"2026-03-21T07:15:03+00:00","mainEntityOfPage":{"@id":"https:\/\/wobronietradycjiiwiary.com\/21-go-marca-zywot-sw-benedykta-zalozyciela-zakonu-na-zachodzie-2-2-2-2-2\/"},"wordCount":2354,"commentCount":0,"publisher":{"@id":"https:\/\/wobronietradycjiiwiary.com\/pl\/#organization"},"image":{"@id":"https:\/\/wobronietradycjiiwiary.com\/21-go-marca-zywot-sw-benedykta-zalozyciela-zakonu-na-zachodzie-2-2-2-2-2\/#primaryimage"},"thumbnailUrl":"https:\/\/wobronietradycjiiwiary.com\/wp-content\/uploads\/2021\/03\/Benedict-MeisterDrucke-41973.jpg","keywords":["m\u0119scy \u015bwi\u0119ci"],"articleSection":["03. \u015awi\u0119ta w marcu","Duchowo\u015b\u0107","Liturgia i liturgika","M\u0119scy \u015bwi\u0119ci","Rozwa\u017cania liturgiczne","\u017bywoty \u015awi\u0119tych"],"inLanguage":"pl-PL","potentialAction":[{"@type":"CommentAction","name":"Comment","target":["https:\/\/wobronietradycjiiwiary.com\/21-go-marca-zywot-sw-benedykta-zalozyciela-zakonu-na-zachodzie-2-2-2-2-2\/#respond"]}]},{"@type":"WebPage","@id":"https:\/\/wobronietradycjiiwiary.com\/21-go-marca-zywot-sw-benedykta-zalozyciela-zakonu-na-zachodzie-2-2-2-2-2\/","url":"https:\/\/wobronietradycjiiwiary.com\/21-go-marca-zywot-sw-benedykta-zalozyciela-zakonu-na-zachodzie-2-2-2-2-2\/","name":"21-go Marca. \u017bywot \u015bw. Benedykta, Za\u0142o\u017cyciela Zakonu na Zachodzie. - Tradycja i Wiara","isPartOf":{"@id":"https:\/\/wobronietradycjiiwiary.com\/pl\/#website"},"primaryImageOfPage":{"@id":"https:\/\/wobronietradycjiiwiary.com\/21-go-marca-zywot-sw-benedykta-zalozyciela-zakonu-na-zachodzie-2-2-2-2-2\/#primaryimage"},"image":{"@id":"https:\/\/wobronietradycjiiwiary.com\/21-go-marca-zywot-sw-benedykta-zalozyciela-zakonu-na-zachodzie-2-2-2-2-2\/#primaryimage"},"thumbnailUrl":"https:\/\/wobronietradycjiiwiary.com\/wp-content\/uploads\/2021\/03\/Benedict-MeisterDrucke-41973.jpg","datePublished":"2026-03-21T07:15:03+00:00","breadcrumb":{"@id":"https:\/\/wobronietradycjiiwiary.com\/21-go-marca-zywot-sw-benedykta-zalozyciela-zakonu-na-zachodzie-2-2-2-2-2\/#breadcrumb"},"inLanguage":"pl-PL","potentialAction":[{"@type":"ReadAction","target":["https:\/\/wobronietradycjiiwiary.com\/21-go-marca-zywot-sw-benedykta-zalozyciela-zakonu-na-zachodzie-2-2-2-2-2\/"]}]},{"@type":"ImageObject","inLanguage":"pl-PL","@id":"https:\/\/wobronietradycjiiwiary.com\/21-go-marca-zywot-sw-benedykta-zalozyciela-zakonu-na-zachodzie-2-2-2-2-2\/#primaryimage","url":"https:\/\/wobronietradycjiiwiary.com\/wp-content\/uploads\/2021\/03\/Benedict-MeisterDrucke-41973.jpg","contentUrl":"https:\/\/wobronietradycjiiwiary.com\/wp-content\/uploads\/2021\/03\/Benedict-MeisterDrucke-41973.jpg","width":534,"height":700},{"@type":"BreadcrumbList","@id":"https:\/\/wobronietradycjiiwiary.com\/21-go-marca-zywot-sw-benedykta-zalozyciela-zakonu-na-zachodzie-2-2-2-2-2\/#breadcrumb","itemListElement":[{"@type":"ListItem","position":1,"name":"Strona g\u0142\u00f3wna","item":"https:\/\/wobronietradycjiiwiary.com\/"},{"@type":"ListItem","position":2,"name":"21-go Marca. \u017bywot \u015bw. Benedykta, Za\u0142o\u017cyciela Zakonu na Zachodzie."}]},{"@type":"WebSite","@id":"https:\/\/wobronietradycjiiwiary.com\/pl\/#website","url":"https:\/\/wobronietradycjiiwiary.com\/pl\/","name":"Tradycja i Wiara","description":"Portal dla katolik\u00f3w.","publisher":{"@id":"https:\/\/wobronietradycjiiwiary.com\/pl\/#organization"},"potentialAction":[{"@type":"SearchAction","target":{"@type":"EntryPoint","urlTemplate":"https:\/\/wobronietradycjiiwiary.com\/pl\/?s={search_term_string}"},"query-input":{"@type":"PropertyValueSpecification","valueRequired":true,"valueName":"search_term_string"}}],"inLanguage":"pl-PL"},{"@type":"Organization","@id":"https:\/\/wobronietradycjiiwiary.com\/pl\/#organization","name":"Tradycja i Wiara","url":"https:\/\/wobronietradycjiiwiary.com\/pl\/","logo":{"@type":"ImageObject","inLanguage":"pl-PL","@id":"https:\/\/wobronietradycjiiwiary.com\/pl\/#\/schema\/logo\/image\/","url":"https:\/\/i0.wp.com\/wobronietradycjiiwiary.com\/wp-content\/uploads\/2015\/10\/cropped-st-peters-dome-vatican.jpg?fit=940%2C198&ssl=1","contentUrl":"https:\/\/i0.wp.com\/wobronietradycjiiwiary.com\/wp-content\/uploads\/2015\/10\/cropped-st-peters-dome-vatican.jpg?fit=940%2C198&ssl=1","width":940,"height":198,"caption":"Tradycja i Wiara"},"image":{"@id":"https:\/\/wobronietradycjiiwiary.com\/pl\/#\/schema\/logo\/image\/"},"sameAs":["https:\/\/www.facebook.com\/Tradycja-i-Wiara-108813920592249"]},{"@type":"Person","@id":"https:\/\/wobronietradycjiiwiary.com\/pl\/#\/schema\/person\/2d6180ce6abcb681fef0daab7816e8f3","name":"Traditio et Fides","sameAs":["https:\/\/traditionundglauben.com"],"url":"https:\/\/wobronietradycjiiwiary.com\/pl\/author\/wobronietradycjiiwiary\/"}]}},"jetpack_publicize_connections":[],"jetpack_sharing_enabled":true,"jetpack_likes_enabled":true,"jetpack_shortlink":"https:\/\/wp.me\/pc04Sd-G9F","jetpack-related-posts":[{"id":44613,"url":"https:\/\/wobronietradycjiiwiary.com\/pl\/21-go-marca-zywot-sw-benedykta-zalozyciela-zakonu-na-zachodzie-2\/","url_meta":{"origin":162047,"position":0},"title":"21-go Marca. \u017bywot \u015bw. Benedykta, Za\u0142o\u017cyciela Zakonu na Zachodzie.","author":"Traditio et Fides","date":"21 marca 2022","format":false,"excerpt":"Rzec by mo\u017cna, \u017ce jeden Benedykt , ten z Nursji, zapocz\u0105tkowa\u0142 chrze\u015bcija\u0144sk\u0105 Europ\u0119, a drugi Benedykt, ten Ratzinger, j\u0105 swoj\u0105 pozorn\u0105 abdykacj\u0105 zako\u0144czy\u0142. A c\u00f3\u017c ten pierwszy temu winien?","rel":"","context":"W \u201e03. \u015awi\u0119ta w marcu&quot;","block_context":{"text":"03. \u015awi\u0119ta w marcu","link":"https:\/\/wobronietradycjiiwiary.com\/pl\/category\/duchowosc\/liturgia-i-liturgika\/rozwazania\/rok-liturgiczny\/swieta-w-marcu\/"},"img":{"alt_text":"","src":"https:\/\/i0.wp.com\/wobronietradycjiiwiary.com\/wp-content\/uploads\/2021\/03\/Benedict-MeisterDrucke-41973.jpg?resize=350%2C200&ssl=1","width":350,"height":200,"srcset":"https:\/\/i0.wp.com\/wobronietradycjiiwiary.com\/wp-content\/uploads\/2021\/03\/Benedict-MeisterDrucke-41973.jpg?resize=350%2C200&ssl=1 1x, https:\/\/i0.wp.com\/wobronietradycjiiwiary.com\/wp-content\/uploads\/2021\/03\/Benedict-MeisterDrucke-41973.jpg?resize=525%2C300&ssl=1 1.5x"},"classes":[]},{"id":43782,"url":"https:\/\/wobronietradycjiiwiary.com\/pl\/21-go-marca-zywot-sw-benedykta-zalozyciela-zakonu-na-zachodzie\/","url_meta":{"origin":162047,"position":1},"title":"21-go Marca. \u017bywot \u015bw. Benedykta, Za\u0142o\u017cyciela Zakonu na Zachodzie.","author":"Traditio et Fides","date":"21 marca 2021","format":false,"excerpt":"Rzec by mo\u017cna, \u017ce jeden Benedykt , ten z Nursji, zapocz\u0105tkowa\u0142 chrze\u015bcija\u0144sk\u0105 Europ\u0119, a drugi Benedykt, ten Ratzinger, j\u0105 swoj\u0105 pozorn\u0105 abdykacj\u0105 zako\u0144czy\u0142. A c\u00f3\u017c ten pierwszy temu winien?","rel":"","context":"W \u201e03. \u015awi\u0119ta w marcu&quot;","block_context":{"text":"03. \u015awi\u0119ta w marcu","link":"https:\/\/wobronietradycjiiwiary.com\/pl\/category\/duchowosc\/liturgia-i-liturgika\/rozwazania\/rok-liturgiczny\/swieta-w-marcu\/"},"img":{"alt_text":"","src":"https:\/\/i0.wp.com\/wobronietradycjiiwiary.com\/wp-content\/uploads\/2021\/03\/Benedict-MeisterDrucke-41973.jpg?resize=350%2C200&ssl=1","width":350,"height":200,"srcset":"https:\/\/i0.wp.com\/wobronietradycjiiwiary.com\/wp-content\/uploads\/2021\/03\/Benedict-MeisterDrucke-41973.jpg?resize=350%2C200&ssl=1 1x, https:\/\/i0.wp.com\/wobronietradycjiiwiary.com\/wp-content\/uploads\/2021\/03\/Benedict-MeisterDrucke-41973.jpg?resize=525%2C300&ssl=1 1.5x"},"classes":[]},{"id":86346,"url":"https:\/\/wobronietradycjiiwiary.com\/pl\/21-go-marca-zywot-sw-benedykta-zalozyciela-zakonu-na-zachodzie-2-2\/","url_meta":{"origin":162047,"position":2},"title":"21-go Marca. \u017bywot \u015bw. Benedykta, Za\u0142o\u017cyciela Zakonu na Zachodzie.","author":"Traditio et Fides","date":"21 marca 2023","format":false,"excerpt":"Rzec by mo\u017cna, \u017ce jeden Benedykt , ten z Nursji, zapocz\u0105tkowa\u0142 chrze\u015bcija\u0144sk\u0105 Europ\u0119, a drugi Benedykt, ten Ratzinger, j\u0105 swoj\u0105 pozorn\u0105 abdykacj\u0105 zako\u0144czy\u0142. A c\u00f3\u017c ten pierwszy temu winien?","rel":"","context":"W \u201e03. \u015awi\u0119ta w marcu&quot;","block_context":{"text":"03. \u015awi\u0119ta w marcu","link":"https:\/\/wobronietradycjiiwiary.com\/pl\/category\/duchowosc\/liturgia-i-liturgika\/rozwazania\/rok-liturgiczny\/swieta-w-marcu\/"},"img":{"alt_text":"","src":"https:\/\/i0.wp.com\/wobronietradycjiiwiary.com\/wp-content\/uploads\/2021\/03\/Benedict-MeisterDrucke-41973.jpg?resize=350%2C200&ssl=1","width":350,"height":200,"srcset":"https:\/\/i0.wp.com\/wobronietradycjiiwiary.com\/wp-content\/uploads\/2021\/03\/Benedict-MeisterDrucke-41973.jpg?resize=350%2C200&ssl=1 1x, https:\/\/i0.wp.com\/wobronietradycjiiwiary.com\/wp-content\/uploads\/2021\/03\/Benedict-MeisterDrucke-41973.jpg?resize=525%2C300&ssl=1 1.5x"},"classes":[]},{"id":133401,"url":"https:\/\/wobronietradycjiiwiary.com\/pl\/21-go-marca-zywot-sw-benedykta-zalozyciela-zakonu-na-zachodzie-2-2-2-2\/","url_meta":{"origin":162047,"position":3},"title":"21-go Marca. \u017bywot \u015bw. Benedykta, Za\u0142o\u017cyciela Zakonu na Zachodzie.","author":"Traditio et Fides","date":"21 marca 2025","format":false,"excerpt":"Benedykt z Nursji zapocz\u0105tkowa\u0142 chrze\u015bcija\u0144sk\u0105 Europ\u0119, Benedykt XVI -Ratzinger j\u0105 swoj\u0105 pozorn\u0105 abdykacj\u0105 zako\u0144czy\u0142.","rel":"","context":"W \u201e03. \u015awi\u0119ta w marcu&quot;","block_context":{"text":"03. \u015awi\u0119ta w marcu","link":"https:\/\/wobronietradycjiiwiary.com\/pl\/category\/duchowosc\/liturgia-i-liturgika\/rozwazania\/rok-liturgiczny\/swieta-w-marcu\/"},"img":{"alt_text":"","src":"https:\/\/i0.wp.com\/wobronietradycjiiwiary.com\/wp-content\/uploads\/2021\/03\/Benedict-MeisterDrucke-41973.jpg?resize=350%2C200&ssl=1","width":350,"height":200,"srcset":"https:\/\/i0.wp.com\/wobronietradycjiiwiary.com\/wp-content\/uploads\/2021\/03\/Benedict-MeisterDrucke-41973.jpg?resize=350%2C200&ssl=1 1x, https:\/\/i0.wp.com\/wobronietradycjiiwiary.com\/wp-content\/uploads\/2021\/03\/Benedict-MeisterDrucke-41973.jpg?resize=525%2C300&ssl=1 1.5x"},"classes":[]},{"id":113348,"url":"https:\/\/wobronietradycjiiwiary.com\/pl\/21-go-marca-zywot-sw-benedykta-zalozyciela-zakonu-na-zachodzie-2-2-2\/","url_meta":{"origin":162047,"position":4},"title":"21-go Marca. \u017bywot \u015bw. Benedykta, Za\u0142o\u017cyciela Zakonu na Zachodzie.","author":"Traditio et Fides","date":"21 marca 2024","format":false,"excerpt":"Rzec by mo\u017cna, \u017ce jeden Benedykt , ten z Nursji, zapocz\u0105tkowa\u0142 chrze\u015bcija\u0144sk\u0105 Europ\u0119, a drugi Benedykt, ten Ratzinger, j\u0105 swoj\u0105 pozorn\u0105 abdykacj\u0105 zako\u0144czy\u0142. A c\u00f3\u017c ten pierwszy temu winien?","rel":"","context":"W \u201e03. \u015awi\u0119ta w marcu&quot;","block_context":{"text":"03. \u015awi\u0119ta w marcu","link":"https:\/\/wobronietradycjiiwiary.com\/pl\/category\/duchowosc\/liturgia-i-liturgika\/rozwazania\/rok-liturgiczny\/swieta-w-marcu\/"},"img":{"alt_text":"","src":"https:\/\/i0.wp.com\/wobronietradycjiiwiary.com\/wp-content\/uploads\/2021\/03\/Benedict-MeisterDrucke-41973.jpg?resize=350%2C200&ssl=1","width":350,"height":200,"srcset":"https:\/\/i0.wp.com\/wobronietradycjiiwiary.com\/wp-content\/uploads\/2021\/03\/Benedict-MeisterDrucke-41973.jpg?resize=350%2C200&ssl=1 1x, https:\/\/i0.wp.com\/wobronietradycjiiwiary.com\/wp-content\/uploads\/2021\/03\/Benedict-MeisterDrucke-41973.jpg?resize=525%2C300&ssl=1 1.5x"},"classes":[]},{"id":147270,"url":"https:\/\/wobronietradycjiiwiary.com\/pl\/11-go-lipca-zywot-sw-piotra-fouriera-zalozyciela-zakonu-3-3\/","url_meta":{"origin":162047,"position":5},"title":"11-go Lipca. \u017bywot \u015bw. Piotra Fourier\u2019a, Za\u0142o\u017cyciela Zakonu.","author":"Traditio et Fides","date":"11 lipca 2025","format":false,"excerpt":"\u015aw. Piotr Fourier chodzi\u0142 po grzesznik\u00f3w do karczmy lub nachodzi\u0142 ich w domu, by si\u0119 nawr\u00f3cili. Niejeden pomy\u015bla\u0142: \"P\u00f3jd\u0119 do ko\u015bcio\u0142a, bo przyjdzie po mnie\".","rel":"","context":"W \u201e07. \u015awi\u0119ta w lipcu&quot;","block_context":{"text":"07. \u015awi\u0119ta w lipcu","link":"https:\/\/wobronietradycjiiwiary.com\/pl\/category\/duchowosc\/liturgia-i-liturgika\/rozwazania\/rok-liturgiczny\/swieta-w-lipcu\/"},"img":{"alt_text":"","src":"https:\/\/i0.wp.com\/wobronietradycjiiwiary.com\/wp-content\/uploads\/2021\/07\/Peter-Fourier-e1626111189678.jpg?resize=350%2C200&ssl=1","width":350,"height":200},"classes":[]}],"amp_enabled":true,"jetpack_featured_media_url":"https:\/\/wobronietradycjiiwiary.com\/wp-content\/uploads\/2021\/03\/Benedict-MeisterDrucke-41973.jpg","_links":{"self":[{"href":"https:\/\/wobronietradycjiiwiary.com\/pl\/wp-json\/wp\/v2\/posts\/162047","targetHints":{"allow":["GET"]}}],"collection":[{"href":"https:\/\/wobronietradycjiiwiary.com\/pl\/wp-json\/wp\/v2\/posts"}],"about":[{"href":"https:\/\/wobronietradycjiiwiary.com\/pl\/wp-json\/wp\/v2\/types\/post"}],"author":[{"embeddable":true,"href":"https:\/\/wobronietradycjiiwiary.com\/pl\/wp-json\/wp\/v2\/users\/60508433"}],"replies":[{"embeddable":true,"href":"https:\/\/wobronietradycjiiwiary.com\/pl\/wp-json\/wp\/v2\/comments?post=162047"}],"version-history":[{"count":1,"href":"https:\/\/wobronietradycjiiwiary.com\/pl\/wp-json\/wp\/v2\/posts\/162047\/revisions"}],"predecessor-version":[{"id":162089,"href":"https:\/\/wobronietradycjiiwiary.com\/pl\/wp-json\/wp\/v2\/posts\/162047\/revisions\/162089"}],"wp:featuredmedia":[{"embeddable":true,"href":"https:\/\/wobronietradycjiiwiary.com\/pl\/wp-json\/wp\/v2\/media\/43787"}],"wp:attachment":[{"href":"https:\/\/wobronietradycjiiwiary.com\/pl\/wp-json\/wp\/v2\/media?parent=162047"}],"wp:term":[{"taxonomy":"category","embeddable":true,"href":"https:\/\/wobronietradycjiiwiary.com\/pl\/wp-json\/wp\/v2\/categories?post=162047"},{"taxonomy":"post_tag","embeddable":true,"href":"https:\/\/wobronietradycjiiwiary.com\/pl\/wp-json\/wp\/v2\/tags?post=162047"}],"curies":[{"name":"wp","href":"https:\/\/api.w.org\/{rel}","templated":true}]}}