{"id":161337,"date":"2026-02-25T08:10:56","date_gmt":"2026-02-25T07:10:56","guid":{"rendered":"https:\/\/wobronietradycjiiwiary.com\/?p=161337"},"modified":"2026-02-23T10:03:09","modified_gmt":"2026-02-23T09:03:09","slug":"czytania-postne-brewiarza-trydenckiego-czwartek-po-pierwszej-niedzieli-wielkiego-postu-quadragesima-i-swieto-katedry-swietego-piotra-w-antiochii-2","status":"publish","type":"post","link":"https:\/\/wobronietradycjiiwiary.com\/pl\/czytania-postne-brewiarza-trydenckiego-czwartek-po-pierwszej-niedzieli-wielkiego-postu-quadragesima-i-swieto-katedry-swietego-piotra-w-antiochii-2\/","title":{"rendered":"Czytania Brewiarza Trydenckiego. 25-go lutego. \u015awi\u0119to Katedry \u015awi\u0119tego Piotra w Antiochii"},"content":{"rendered":"<div id=\"bsf_rt_marker\"><\/div>\t\t<div data-elementor-type=\"wp-post\" data-elementor-id=\"161337\" class=\"elementor elementor-161337\" data-elementor-post-type=\"post\">\n\t\t\t\t<div class=\"elementor-element elementor-element-fcfbcc7 e-flex e-con-boxed e-con e-parent\" data-id=\"fcfbcc7\" data-element_type=\"container\" data-e-type=\"container\">\n\t\t\t\t\t<div class=\"e-con-inner\">\n\t\t\t\t<div class=\"elementor-element elementor-element-ef22eee elementor-widget elementor-widget-text-editor\" data-id=\"ef22eee\" data-element_type=\"widget\" data-e-type=\"widget\" data-widget_type=\"text-editor.default\">\n\t\t\t\t<div class=\"elementor-widget-container\">\n\t\t\t\t\t\t\t\t\t<p><span style=\"font-size: 22px\"><span style=\"color: red\"><em>\u2123<\/em><i>.<\/i><\/span>\u00a0Pob\u0142ogos\u0142aw, ojcze.<\/span><br \/><span style=\"font-size: 22px\"><span style=\"color: red\"><em>B\u0142ogos\u0142awie\u0144stwo<\/em><i>.\u00a0<\/i><\/span>B\u0142ogos\u0142awie\u0144stwem nieustannym niech nas b\u0142ogos\u0142awi Ojciec przedwieczny. Amen.<\/span><\/p><p><span style=\"font-size: 22px\"><em><span style=\"color: red\"><b>Lekcja 1<\/b><\/span><\/em><\/span><br \/><span style=\"font-size: 22px\">Pocz\u0105tek Pierwszego Listu \u015bw. Piotra Aposto\u0142a<\/span><br \/><span style=\"font-size: 22px\"><em><span style=\"color: red\">1P 1:1-5<\/span><\/em><\/span><\/p><blockquote><p><span style=\"font-size: 22px\"><span style=\"color: red\">1<\/span>\u00a0Piotr, Apost\u00f3\u0142 Jezusa Chrystusa, wybranym przychodniom rozproszenia Pontu, Galacyi, Kappadocyi, Azyi i Bithynii,<\/span><br \/><span style=\"font-size: 22px\"><span style=\"color: red\">2<\/span>\u00a0Wedle przejrzenia Boga Ojca, ku po\u015bwi\u0119ceniu Ducha, ku pos\u0142usze\u0144stwu i pokropieniu krwie Jezusa Chrystusa. \u0141aska wam i pok\u00f3j niech si\u0119 rozmno\u017cy.<\/span><br \/><span style=\"font-size: 22px\"><span style=\"color: red\">3<\/span>\u00a0B\u0142ogos\u0142awiony B\u00f3g i Ojciec Pana naszego Jezusa Chrystusa, kt\u00f3ry wedle wielkiego mi\u0142osierdzia swego odrodzi\u0142 nas ku nadziei \u017cyw\u00e9j przez zmartwychwstanie Jezusa Chrystusa,<\/span><br \/><span style=\"font-size: 22px\"><span style=\"color: red\">4<\/span>\u00a0Ku dziedzictwu nieskazitelnemu i niepokalanemu i niezwi\u0119d\u0142emu, na niebiesiech dla was zachowanemu,<\/span><br \/><span style=\"font-size: 22px\"><span style=\"color: red\">5<\/span>\u00a0Kt\u00f3rzy moc\u0105 Bo\u017c\u0105 strze\u017ceni jeste\u015bcie przez wiar\u0119 ku zbawieniu zgotowanemu, aby si\u0119 okaza\u0142o czasu ostatecznego.<\/span><\/p><\/blockquote><p><span style=\"font-size: 22px\"><span style=\"color: red\"><em>\u2123<\/em><i>.<\/i><\/span>\u00a0Ty za\u015b, Panie, zmi\u0142uj si\u0119 nad nami.<\/span><br \/><span style=\"font-size: 22px\"><span style=\"color: red\"><em>\u211f<\/em><i>.<\/i><\/span>\u00a0Bogu niech b\u0119d\u0105 dzi\u0119ki.<\/span><\/p><p><span style=\"font-size: 22px\"><span style=\"color: red\"><em>\u211f<\/em><i>.<\/i><\/span>\u00a0Szymonie Pietrze, pierwej ni\u017cem ci\u0119 wezwa\u0142 z \u0142odzi, znam ci\u0119, i nad ludem moim uczyni\u0142em ci\u0119 ksi\u0105\u017c\u0119ciem:<\/span><br \/><span style=\"font-size: 22px\">* I klucze kr\u00f3lestwa niebieskiego odda\u0142em tobie.<\/span><br \/><span style=\"font-size: 22px\"><span style=\"color: red\"><em>\u2123<\/em><i>.<\/i><\/span>\u00a0Cokolwiek zwi\u0105\u017cesz na ziemi, b\u0119dzie zwi\u0105zane i w niebiesiech, a cokolwiek rozwi\u0105\u017cesz na ziemi b\u0119dzie rozwi\u0105zane i w niebiesiech.<\/span><br \/><span style=\"font-size: 22px\"><span style=\"color: red\"><em>\u211f<\/em><i>.<\/i><\/span>\u00a0I klucze kr\u00f3lestwa niebieskiego odda\u0142em tobie.<\/span><\/p><p><span style=\"font-size: 22px\"><span style=\"color: red\"><em>\u2123<\/em><i>.<\/i><\/span>\u00a0Pob\u0142ogos\u0142aw, ojcze.<\/span><br \/><span style=\"font-size: 22px\"><span style=\"color: red\"><em>B\u0142ogos\u0142awie\u0144stwo<\/em><i>.\u00a0<\/i><\/span>Jednorodzony Syn Bo\u017cy niech raczy nas b\u0142ogos\u0142awi\u0107 i wspiera\u0107. Amen.<\/span><\/p><p><span style=\"font-size: 22px\"><em><span style=\"color: red\"><b>Lekcja 2<\/b><\/span><\/em><\/span><br \/><span style=\"font-size: 22px\"><span style=\"color: red\"><i>1P 1:6-9<\/i><\/span>\u00a0<\/span><\/p><blockquote><p><span style=\"font-size: 22px\"><span style=\"color: red\">6 <\/span>W czem radowa\u0107 si\u0119 b\u0119dziecie troch\u0119 teraz, je\u017ali potrzeba zasmuci\u0107 si\u0119 w rozmaitych pokusach,<\/span><br \/><span style=\"font-size: 22px\"><span style=\"color: red\">7<\/span>\u00a0Aby do\u015bwiadczenie wiary wasz\u00e9j, daleko kosztowniejsze nad z\u0142oto, (kt\u00f3rego przez ogie\u0144 pr\u00f3buj\u0105), by\u0142o nalezione ku chwale i czci i s\u0142awie, w objawienie Jezusa Chrystusa:<\/span><br \/><span style=\"font-size: 22px\"><span style=\"color: red\">8<\/span>\u00a0Kt\u00f3rego nie widziawszy, mi\u0142ujecie, w kt\u00f3rego t\u00e9\u017c teraz nie widz\u0105c go wierzycie, a wierz\u0105c radowa\u0107 si\u0119 b\u0119dziecie weselem niewymownem i chwalebnem,<\/span><br \/><span style=\"font-size: 22px\"><span style=\"color: red\">9<\/span>\u00a0Odnosz\u0105c koniec wiary wasz\u00e9j, zbawienie dusz.<\/span><\/p><\/blockquote><p><span style=\"font-size: 22px\"><span style=\"color: red\"><em>\u2123<\/em><i>.<\/i><\/span>\u00a0Ty za\u015b, Panie, zmi\u0142uj si\u0119 nad nami.<\/span><br \/><span style=\"font-size: 22px\"><span style=\"color: red\"><em>\u211f<\/em><i>.<\/i><\/span>\u00a0Bogu niech b\u0119d\u0105 dzi\u0119ki.<\/span><\/p><p><span style=\"font-size: 22px\"><span style=\"color: red\"><em>\u211f<\/em><i>.<\/i><\/span>\u00a0Je\u015bli, mi\u0142ujesz mi\u0119, Szymonie Piotrze, pa\u015b baranki moje. Panie, Ty wiesz, \u017ce ci\u0119 mi\u0142uj\u0119.<\/span><br \/><span style=\"font-size: 22px\">* A dusz\u0119 moj\u0119 k\u0142ad\u0119 za ciebie.<\/span><br \/><span style=\"font-size: 22px\"><span style=\"color: red\"><em>\u2123<\/em><i>.<\/i><\/span>\u00a0Cho\u0107by by mi z tob\u0105 przysz\u0142o umrze\u0107, nie zaprz\u0119 si\u0119 ciebie.<\/span><br \/><span style=\"font-size: 22px\"><span style=\"color: red\"><em>\u211f<\/em><i>.<\/i><\/span>\u00a0A dusz\u0119 moj\u0119 k\u0142ad\u0119 za ciebie.<\/span><\/p><p><span style=\"font-size: 22px\"><span style=\"color: red\"><em>\u2123<\/em><i>.<\/i><\/span>\u00a0Pob\u0142ogos\u0142aw, ojcze.<\/span><br \/><span style=\"font-size: 22px\"><span style=\"color: red\"><em>B\u0142ogos\u0142awie\u0144stwo<\/em><i>.\u00a0<\/i><\/span>\u0141aska Ducha \u015awi\u0119tego niech o\u015bwieca zmys\u0142y i serca nasze. Amen.<\/span><\/p><p><span style=\"font-size: 22px\"><em><span style=\"color: red\"><b>Lekcja 3<\/b><\/span><\/em><\/span><br \/><span style=\"color: red;font-size: 22px\"><i>1P 1:10-12<\/i><\/span><\/p><blockquote><p><span style=\"font-size: 22px\"><span style=\"color: red\">10<\/span>\u00a0O kt\u00f3rem zbawieniu wywiadowali si\u0119 i badali prorocy, kt\u00f3rzy o przysz\u0142\u00e9j na was \u0142asce prorokowali:<\/span><br \/><span style=\"font-size: 22px\"><span style=\"color: red\">11<\/span>\u00a0Badaj\u0105c si\u0119, na kt\u00f3ry albo na jaki czas okazowa\u0142 w nich Duch Chrystus\u00f3w, opowiadaj\u0105c pierw\u00e9j o utrapieniach tych, kt\u00f3re s\u0105 w Chrystusie, i o chwa\u0142ach za nimi id\u0105cych:<\/span><br \/><span style=\"font-size: 22px\"><span style=\"color: red\">12<\/span>\u00a0Kt\u00f3rym objawiono jest, i\u017c nie samym sobie, ale wam tem us\u0142ugowali, co si\u0119 teraz wam opowiada przez te, kt\u00f3rzy wam Ewangeli\u0105 przepowiadali, przez Ducha \u015awi\u0119tego z nieba pos\u0142anego, na kt\u00f3rego pragn\u0105 patrzy\u0107 Anio\u0142owie.<\/span><\/p><\/blockquote><p><span style=\"font-size: 22px\"><span style=\"color: red\"><em>\u2123<\/em><i>.<\/i><\/span>\u00a0Ty za\u015b, Panie, zmi\u0142uj si\u0119 nad nami.<\/span><br \/><span style=\"font-size: 22px\"><span style=\"color: red\"><em>\u211f<\/em><i>.<\/i><\/span>\u00a0Bogu niech b\u0119d\u0105 dzi\u0119ki.<\/span><\/p><p><span style=\"font-size: 22px\"><span style=\"color: red\"><em>\u211f<\/em><i>.<\/i><\/span>\u00a0Ty jest opoka, a na t\u00e9j opoce zbuduj\u0119 ko\u015bci\u00f3\u0142 m\u00f3j, a bramy piekielne nie zwyci\u0119\u017c\u0105 go<\/span><br \/><span style=\"font-size: 22px\">* I tobie dam klucze kr\u00f3lestwa niebieskiego.<\/span><br \/><span style=\"font-size: 22px\"><span style=\"color: red\"><em>\u2123<\/em><i>.<\/i><\/span>\u00a0Cokolwiek zwi\u0105\u017cesz na ziemi, b\u0119dzie zwi\u0105zane i w niebiesiech, a cokolwiek rozwi\u0105\u017cesz na ziemi b\u0119dzie rozwi\u0105zane i w niebiesiech.<\/span><br \/><span style=\"font-size: 22px\"><span style=\"color: red\"><em>\u211f<\/em><i>.<\/i><\/span>\u00a0I tobie dam klucze kr\u00f3lestwa niebieskiego.<\/span><br \/><span style=\"font-size: 22px\"><span style=\"color: red\"><em>\u2123<\/em><i>.<\/i><\/span>\u00a0Chwa\u0142a Ojcu i Synowi, * i Duchowi \u015awi\u0119temu.<\/span><br \/><span style=\"font-size: 22px\"><span style=\"color: red\"><em>\u211f<\/em><i>.<\/i><\/span>\u00a0I tobie dam klucze kr\u00f3lestwa niebieskiego.<\/span><\/p><p><span style=\"font-size: 22px\"><span style=\"color: red\"><em>\u2123<\/em><i>.<\/i><\/span>\u00a0Pob\u0142ogos\u0142aw, ojcze.<\/span><br \/><span style=\"font-size: 22px\"><span style=\"color: red\"><em>B\u0142ogos\u0142awie\u0144stwo<\/em><i>.\u00a0<\/i><\/span>B\u00f3g Ojciec wszechmog\u0105cy niech b\u0119dzie nam przychylny i \u0142askawy. Amen.<\/span><\/p><p><span style=\"font-size: 22px\"><em><span style=\"color: red\"><b>Lekcja 4<\/b><\/span><\/em><\/span><br \/><span style=\"color: red;font-size: 22px\"><span style=\"color: #000000\">Z Kazania \u015bw. Augustyna, biskupa Hippony.<\/span><br \/><\/span><span style=\"font-size: 22px\"><span style=\"color: red\"><em>16-te o \u015awi\u0119tych<br \/><\/em><\/span><\/span><span style=\"font-size: 22px\"><span style=\"color: red\"><span style=\"color: #000000\"><strong><span style=\"color: #ff0000\"><em>U<\/em><\/span><\/strong>roczysto\u015b\u0107 dzisiejsza otrzyma\u0142a od naszych przodk\u00f3w nazw\u0119 Katedry \u015bw. Piotra w Antiochii, poniewa\u017c istnieje tradycja, \u017ce w\u0142a\u015bnie tego dnia Piotr, pierwszy z Aposto\u0142\u00f3w, zosta\u0142 intronizowany na biskupim tronie. S\u0142usznie wi\u0119c Ko\u015bcio\u0142y obchodz\u0105 pierwszy dzie\u0144 tej Katedry, do kt\u00f3rej prawo Aposto\u0142 otrzyma\u0142 na zbawienie Ko\u015bcio\u0142\u00f3w od samego Pana Ko\u015bcio\u0142\u00f3w, ze s\u0142owami: Ty jeste\u015b Piotr, i na tej skale zbuduj\u0119 M\u00f3j Ko\u015bci\u00f3\u0142.<\/span><br \/><em>\u2123<\/em><i>.<\/i><\/span>\u00a0Ty za\u015b, Panie, zmi\u0142uj si\u0119 nad nami.<\/span><br \/><span style=\"font-size: 22px\"><span style=\"color: red\"><em>\u211f<\/em><i>.<\/i><\/span>\u00a0Bogu niech b\u0119d\u0105 dzi\u0119ki.<\/span><\/p><p><span style=\"font-size: 22px\"><span style=\"color: red\"><em>\u211f<\/em><i>.<\/i><\/span>\u00a0Ty\u015b jest pasterzem owiec, Ksi\u0105\u017c\u0119ciem Aposto\u0142\u00f3w, tobie B\u00f3g przekaza\u0142 wszystkie kr\u00f3lestwa \u015bwiata.<\/span><br \/><span style=\"font-size: 22px\">* I dlatego tobie powierzone s\u0105 klucze Kr\u00f3lestwa Niebieskiego.<\/span><br \/><span style=\"font-size: 22px\"><span style=\"color: red\"><em>\u2123<\/em><i>.<\/i><\/span>\u00a0Cokolwiek zwi\u0105\u017cesz na ziemi, b\u0119dzie zwi\u0105zane i w niebiesiech, a cokolwiek rozwi\u0105\u017cesz na ziemi b\u0119dzie rozwi\u0105zane i w niebiesiech.<\/span><br \/><span style=\"font-size: 22px\"><span style=\"color: red\"><em>\u211f<\/em><i>.<\/i><\/span>\u00a0I dlatego tobie powierzone s\u0105 klucze Kr\u00f3lestwa Niebieskiego.<\/span><\/p><p><span style=\"font-size: 22px\"><span style=\"color: red\"><em>\u2123<\/em><i>.<\/i><\/span>\u00a0Pob\u0142ogos\u0142aw, ojcze.<\/span><br \/><span style=\"font-size: 22px\"><span style=\"color: red\"><em>B\u0142ogos\u0142awie\u0144stwo<\/em><i>.\u00a0<\/i><\/span>Niech Chrystus obdarzy nas rado\u015bci\u0105 \u017cycia wiecznego. Amen.<\/span><\/p><p><span style=\"font-size: 22px\"><em><span style=\"color: red\"><b>Lekcja 5<\/b><\/span><\/em><\/span><br \/><span style=\"font-size: 22px\"><span style=\"color: red\"><span style=\"color: #000000\"><span style=\"color: #ff0000\"><em><strong>T<\/strong><\/em><\/span>o Pan sam nazwa\u0142 Piotra fundamentem Ko\u015bcio\u0142a, dlatego s\u0142usznie jest, \u017ce Ko\u015bci\u00f3\u0142 czci ten fundament, na kt\u00f3rym wznosi si\u0119 jego pot\u0119\u017cna struktura. S\u0142usznie jest napisane w Psalmie, kt\u00f3ry w\u0142a\u015bnie us\u0142yszeli\u015bmy: Niech go wywy\u017csz\u0105 w zgromadzeniu ludu i chwal\u0105 go w zgromadzeniu starszych. B\u0142ogos\u0142awiony niech b\u0119dzie B\u00f3g, kt\u00f3ry nakaza\u0142, aby b\u0142ogos\u0142awiony Aposto\u0142 Piotr by\u0142 wywy\u017cszony w zgromadzeniu! Godny czci przez Ko\u015bci\u00f3\u0142 jest ten fundament, z kt\u00f3rego wznosz\u0105 si\u0119 jej pi\u0119kne wie\u017ce, wskazuj\u0105ce na niebo!<\/span><br \/><em>\u2123<\/em><i>.<\/i><\/span>\u00a0Ty za\u015b, Panie, zmi\u0142uj si\u0119 nad nami.<\/span><br \/><span style=\"font-size: 22px\"><span style=\"color: red\"><em>\u211f<\/em><i>.<\/i><\/span>\u00a0Bogu niech b\u0119d\u0105 dzi\u0119ki.<\/span><\/p><p><span style=\"font-size: 22px\"><span style=\"color: red\"><em>\u211f<\/em><i>.<\/i><\/span>\u00a0Jam prosi\u0142 za tob\u0105, Pietrze, aby nie usta\u0142a wiara twoja:<\/span><br \/><span style=\"font-size: 22px\">* A ty niekiedy nawr\u00f3ciwszy si\u0119, potwierdzaj braci\u0105 twoj\u0119.<\/span><br \/><span style=\"font-size: 22px\"><span style=\"color: red\"><em>\u2123<\/em><i>.<\/i><\/span>\u00a0Cia\u0142o i krew nie objawi\u0142a tobie, ale Ojciec m\u00f3j, kt\u00f3ry jest w niebiesiech.<\/span><br \/><span style=\"font-size: 22px\"><span style=\"color: red\"><em>\u211f<\/em><i>.<\/i><\/span>\u00a0A ty niekiedy nawr\u00f3ciwszy si\u0119, potwierdzaj braci\u0105 twoj\u0119.<\/span><\/p><p><span style=\"font-size: 22px\"><span style=\"color: red\"><em>\u2123<\/em><i>.<\/i><\/span>\u00a0Pob\u0142ogos\u0142aw, ojcze.<\/span><br \/><span style=\"font-size: 22px\"><span style=\"color: red\"><em>B\u0142ogos\u0142awie\u0144stwo<\/em><i>.\u00a0<\/i><\/span>Niech B\u00f3g wznieci w sercach naszych ogie\u0144 swojej mi\u0142o\u015bci. Amen.<\/span><\/p><p><span style=\"font-size: 22px\"><em><span style=\"color: red\"><b>Lekcja 6<\/b><\/span><\/em><\/span><br \/><span style=\"font-size: 22px;color: #000000\"><span style=\"color: #ff0000\"><strong><em>W<\/em><\/strong><\/span> ho\u0142dzie, kt\u00f3ry dzi\u015b oddaje si\u0119 inauguracji pierwszego tronu biskupiego, oddaje si\u0119 ho\u0142d urz\u0119dowi wszystkich biskup\u00f3w. Ko\u015bcio\u0142y \u015bwiadcz\u0105 sobie nawzajem, \u017ce im wi\u0119ksza godno\u015b\u0107 Ko\u015bcio\u0142a, tym wi\u0119kszy szacunek nale\u017cy si\u0119 jej kap\u0142anom. Gdy wyznaj\u0119, jak s\u0142usznie pobo\u017cny zwyczaj wywy\u017cszy\u0142 to \u015awi\u0119to w ocenie wszystkich Ko\u015bcio\u0142\u00f3w, tym bardziej dziwi\u0119 si\u0119 wzrostowi tej szkodliwej b\u0142\u0119dnej nauki, kt\u00f3ra w dzisiejszych czasach sprawia, \u017ce niekt\u00f3rzy niewierz\u0105cy k\u0142ad\u0105 jedzenie i wino na grobach zmar\u0142ych, jakby dusze, ju\u017c wolne od cia\u0142a, mia\u0142y jeszcze jak\u0105kolwiek potrzeb\u0119 cielesnego po\u017cywienia.<\/span><\/p><p><span style=\"font-size: 22px\"><span style=\"color: red\"><em>\u2123<\/em><i>.<\/i><\/span>\u00a0Ty za\u015b, Panie, zmi\u0142uj si\u0119 nad nami.<\/span><br \/><span style=\"font-size: 22px\"><span style=\"color: red\"><em>\u211f<\/em><i>.<\/i><\/span>\u00a0Bogu niech b\u0119d\u0105 dzi\u0119ki.<\/span><\/p><p><span style=\"font-size: 22px\"><span style=\"color: red\"><em>\u211f<\/em><i>.<\/i><\/span>\u00a0Piotrze, czy mi\u0142ujesz mi\u0119? Ty wiesz, Panie, \u017ce ci\u0119 mi\u0142uj\u0119.<\/span><br \/><span style=\"font-size: 22px\">* Pa\u015b baranki moje.<\/span><br \/><span style=\"font-size: 22px\"><span style=\"color: red\"><em>\u2123<\/em><i>.<\/i><\/span>\u00a0Symonie Jan\u00f3w, czy mi\u0142ujesz mi\u0119 wi\u0119cej ni\u017ali ci? Ty wiesz, Panie, \u017ce ci\u0119 mi\u0142uj\u0119.<\/span><br \/><span style=\"font-size: 22px\"><span style=\"color: red\"><em>\u211f<\/em><i>.<\/i><\/span>\u00a0Pa\u015b baranki moje.<\/span><br \/><span style=\"font-size: 22px\"><span style=\"color: red\"><em>\u2123<\/em><i>.<\/i><\/span>\u00a0Chwa\u0142a Ojcu i Synowi, * i Duchowi \u015awi\u0119temu.<\/span><br \/><span style=\"font-size: 22px\"><span style=\"color: red\"><em>\u211f<\/em><i>.<\/i><\/span>\u00a0Pa\u015b baranki moje.<\/span><\/p><p><span style=\"font-size: 22px\"><span style=\"color: red\"><em>\u2123<\/em><i>.<\/i><\/span>\u00a0Pob\u0142ogos\u0142aw, ojcze.<\/span><br \/><span style=\"font-size: 22px\"><span style=\"color: red\"><em>B\u0142ogos\u0142awie\u0144stwo<\/em><i>.\u00a0<\/i><\/span>Czytanie Ewangelii niech b\u0119dzie nam zbawieniem i obron\u0105. Amen.<\/span><\/p><p><span style=\"font-size: 22px\"><em><span style=\"color: red\"><b>Lekcja 7<\/b><\/span><\/em><\/span><br \/><span style=\"font-size: 22px\">Czytanie Ewangelii \u015bwi\u0119tej wed\u0142ug \u015bw. Mateusza<\/span><br \/><span style=\"font-size: 22px\"><em><span style=\"color: red\">Mt 16:13-19<\/span><\/em><\/span><\/p><blockquote><p><span style=\"font-size: 22px\"><span style=\"color: red\"><b><em>O<\/em><\/b><\/span>nego czasu: Przyszed\u0142 Jezus w okolice Cezarei Filipowej i pyta\u0142 uczni\u00f3w swoich, m\u00f3wi\u0105c: \u00abZa kogo maj\u0105 ludzie Syna Cz\u0142owieczego?\u00bb A oni powiedzieli: \u00abJedni za Jana Chrzciciela, drudzy za Eliasza, a inni za Jeremiasza albo jednego z prorok\u00f3w\u00bb.<\/span><br \/><span style=\"font-size: 22px\">Rzek\u0142 im Jezus: \u00abA wy za kogo mi\u0119 macie?\u00bb Odpowiadaj\u0105c Szymon Piotr rzek\u0142: \u00abTy\u015b jest Chrystus, Syn Boga \u017cywego\u00bb. A odpowiadaj\u0105c Jezus rzek\u0142 mu: \u00abB\u0142ogos\u0142awiony\u015b, Szymonie Bar Jona, bo cia\u0142o i krew nie objawi\u0142y tobie, jeno Ojciec m\u00f3j, kt\u00f3ry jest w niebiesiech. A ja ci powiadam, \u017ce ty jeste\u015b Opok\u0105, a na tej Opoce zbuduje Ko\u015bci\u00f3\u0142 m\u00f3j i bramy piekielne nie zwyci\u0119\u017ca go. I tobie dam klucze Kr\u00f3lestwa Niebieskiego: a cokolwiek zwi\u0105\u017cesz na ziemi, b\u0119dzie zwi\u0105zane i w niebiesiech; a cokolwiek rozwi\u0105\u017cesz na ziemi, b\u0119dzie rozwi\u0105zane i w niebiesiech\u00bb.<\/span><\/p><\/blockquote><p><span style=\"font-size: 22px\">Homilia \u015bwi\u0119tego Leona, Papie\u017ca<\/span><br \/><span style=\"font-size: 22px\"><em><span style=\"color: red\">Kazanie 3. na rocznic\u0119 swego wyboru, w 1. po\u0142owie<\/span><\/em><\/span><br \/><span style=\"font-size: 22px\"><span style=\"color: red\"><b><em>W<\/em><\/b><\/span>szystkich Aposto\u0142\u00f3w zapytuje Pan, co o Nim ludzie s\u0105dz\u0105. Dop\u00f3ki powtarzaj\u0105 oni chwiejne przekonania ludzkiego umys\u0142u, jednakow\u0105 wszyscy daj\u0105 odpowied\u017a. Gdy jednak pad\u0142o pytanie, za kogo uczniowie Go uwa\u017caj\u0105, pierwszy wyznaje Pana \u00f3w, co pierwsz\u0105 piastuje godno\u015b\u0107 w gronie Aposto\u0142\u00f3w. Mianowicie tak\u0105 daje odpowied\u017a: Ty\u015b jest Chrystus, Syn Boga \u017cywego. Na to znowu odpowiada Jezus: B\u0142ogos\u0142awiony\u015b, Szymonie Bar Jona, bo cia\u0142o i krew nie objawi\u0142y tobie, jeno Ojciec m\u00f3j, kt\u00f3ry jest w niebiesiech. Znaczenie tej odpowiedzi takie jest: Dlatego b\u0142ogos\u0142awiony jeste\u015b, \u017ce Ojciec m\u00f3j ciebie o\u015bwieci\u0142; \u017ce nie da\u0142e\u015b si\u0119 zwie\u015b\u0107 ziemskim mniemaniom, bo \u015bwiat\u0142o niebieskie by\u0142o ci natchnieniem; \u017ce nie cia\u0142o i krew, jeno objawi\u0142 Mnie tobie Ten, kt\u00f3rego jestem Synem Jednorodzonym.<\/span><br \/><span style=\"font-size: 22px\"><span style=\"color: red\"><em>\u2123<\/em><i>.<\/i><\/span>\u00a0Ty za\u015b, Panie, zmi\u0142uj si\u0119 nad nami.<\/span><br \/><span style=\"font-size: 22px\"><span style=\"color: red\"><em>\u211f<\/em><i>.<\/i><\/span>\u00a0Bogu niech b\u0119d\u0105 dzi\u0119ki.<\/span><\/p><p><span style=\"font-size: 22px\"><span style=\"color: red\"><em>\u211f<\/em><i>.<\/i><\/span>\u00a0Rzek\u0142 Jezus uczniom swoim: Za kogo maj\u0105 ludzie Syna Cz\u0142owieczego? Odpowiadaj\u0105c, Piotr rzek\u0142: Ty\u015b jest Chrystus, Syn Boga \u017cywego.<\/span><br \/><span style=\"font-size: 22px\">* A Ja ci powiadam, \u017ce ty jeste\u015b Opok\u0105, a na tej Opoce zbuduj\u0119 Ko\u015bci\u00f3\u0142 m\u00f3j.<\/span><br \/><span style=\"font-size: 22px\"><span style=\"color: red\"><em>\u2123<\/em><i>.<\/i><\/span>\u00a0B\u0142ogos\u0142awiony\u015b, Szymonie Bar Jona, bo cia\u0142o i krew nie objawi\u0142y tobie, jeno Ojciec m\u00f3j, kt\u00f3ry jest w niebiesiech.<\/span><br \/><span style=\"font-size: 22px\"><span style=\"color: red\"><em>\u211f<\/em><i>.<\/i><\/span>\u00a0A Ja ci powiadam, \u017ce ty jeste\u015b Opok\u0105, a na tej Opoce zbuduj\u0119 Ko\u015bci\u00f3\u0142 m\u00f3j.<\/span><\/p><p><span style=\"font-size: 22px\"><span style=\"color: red\"><em>\u2123<\/em><i>.<\/i><\/span>\u00a0Pob\u0142ogos\u0142aw, ojcze.<\/span><br \/><span style=\"font-size: 22px\"><span style=\"color: red\"><em>B\u0142ogos\u0142awie\u0144stwo<\/em><i>.\u00a0<\/i><\/span>Ten, kt\u00f3rego \u015bwi\u0119to obchodzimy, niech wstawia si\u0119 za nami u Pana. Amen.<\/span><\/p><p><span style=\"font-size: 22px\"><em><span style=\"color: red\"><b>Lekcja 8<\/b><\/span><\/em><\/span><br \/><span style=\"font-size: 22px\"><span style=\"color: red\"><b><em>A<\/em><\/b><\/span>\u00a0Ja tobie powiadam \u2013 m\u00f3wi dalej \u2013 co si\u0119 wyk\u0142ada: Jak m\u00f3j Ojciec objawi\u0142 ci moje B\u00f3stwo, tak i Ja daj\u0119 ci pozna\u0107 twoje wyniesienie: \u017be ty jeste\u015b Opok\u0105, to znaczy Jam ci wprawdzie sam jest Opok\u0105 niewzruszon\u0105, Jam kamieniem w\u0119gielnym, kt\u00f3ry dwoje czyni jednym, Jam fundamentem poza kt\u00f3rym nikt nie mo\u017ce za\u0142o\u017cy\u0107 innego, ale tak\u017ce i ty jeste\u015b Opok\u0105, poniewa\u017c moj\u0105 moc\u0105 jeste\u015b ugruntowany, aby to, co przys\u0142uguje mojej w\u0142adzy, sta\u0142o si\u0119 r\u00f3wnie\u017c twoim udzia\u0142em. A na tej Opoce zbuduj\u0119 Ko\u015bci\u00f3\u0142 m\u00f3j i bramy piekielne nie zwyci\u0119\u017c\u0105 go. Na tym umocnieniu \u2013 powiada \u2013 wieczn\u0105 zbuduj\u0119 \u015bwi\u0105tyni\u0119, na pot\u0119dze tej wiary wzniesie si\u0119 niebosi\u0119\u017cny gmach mego Ko\u015bcio\u0142a.<\/span><br \/><span style=\"font-size: 22px\"><span style=\"color: red\"><em>\u2123<\/em><i>.<\/i><\/span>\u00a0Ty za\u015b, Panie, zmi\u0142uj si\u0119 nad nami.<\/span><br \/><span style=\"font-size: 22px\"><span style=\"color: red\"><em>\u211f<\/em><i>.<\/i><\/span>\u00a0Bogu niech b\u0119d\u0105 dzi\u0119ki.<\/span><\/p><p><span style=\"font-size: 22px\"><span style=\"color: red\"><em>\u211f<\/em><i>.<\/i><\/span>\u00a0Pan wybra\u0142 ci\u0119 na kap\u0142ana, aby\u015b Mu sk\u0142ada\u0142<\/span><br \/><span style=\"font-size: 22px\">* Ofiar\u0119 chwa\u0142y.<\/span><br \/><span style=\"font-size: 22px\"><span style=\"color: red\"><em>\u2123<\/em><i>.<\/i><\/span>\u00a0Sk\u0142adaj Bogu ofiar\u0119 pochwaln\u0105, spe\u0142nij swoje \u015bluby wobec Najwy\u017cszego.<\/span><br \/><span style=\"font-size: 22px\"><span style=\"color: red\"><em>\u211f<\/em><i>.<\/i><\/span>\u00a0Ofiar\u0119 chwa\u0142y.<\/span><br \/><span style=\"font-size: 22px\"><span style=\"color: red\"><em>\u2123<\/em><i>.<\/i><\/span>\u00a0Chwa\u0142a Ojcu i Synowi, * i Duchowi \u015awi\u0119temu.<\/span><br \/><span style=\"font-size: 22px\"><span style=\"color: red\"><em>\u211f<\/em><i>.<\/i><\/span>\u00a0Ofiar\u0119 chwa\u0142y.<\/span><\/p><p><span style=\"font-size: 22px\"><span style=\"color: red\"><em>\u2123<\/em><i>.<\/i><\/span>\u00a0Pob\u0142ogos\u0142aw, ojcze.<\/span><br \/><span style=\"font-size: 22px\"><span style=\"color: red\"><em>B\u0142ogos\u0142awie\u0144stwo<\/em><i>.\u00a0<\/i><\/span>Niech s\u0142owa Ewangelii zg\u0142adz\u0105 nasze grzechy. Amen.<\/span><\/p><p><span style=\"font-size: 22px\"><em><span style=\"color: red\"><b>Lekcja 9<\/b><\/span><\/em><\/span><br \/><span style=\"font-size: 22px\"><em><span style=\"color: red\">Komemoracja ferii<\/span><\/em><\/span><br \/><span style=\"font-size: 22px\">Czytanie Ewangelii \u015bwi\u0119tej wed\u0142ug Mateusza<\/span><br \/><span style=\"font-size: 22px\"><em><span style=\"color: red\">Mt 15:21-28<\/span><\/em><\/span><\/p><blockquote><p><span style=\"font-size: 22px\"><strong><em><span style=\"color: #ff0000\">O<\/span><\/em><\/strong>nego czasu: Wyszed\u0142szy stamt\u0105d Jezus uda\u0142 si\u0119 w okolice Tyru i Sydonu. I oto niewiasta chananejska wysz\u0142a z owych stron, i zawo\u0142a\u0142a m\u00f3wi\u0105c do Niego: \u00abZmi\u0142uj si\u0119 nade mn\u0105, Panie, Synu Dawidowy: c\u00f3rka moja ci\u0119\u017cko przez szatana jest dr\u0119czona\u00bb. A On nie odpowiedzia\u0142 jej ani s\u0142owa. Tedy przyst\u0105pili uczniowie Jego i prosili Go, m\u00f3wi\u0105c: \u00abOdpraw j\u0105, bo wo\u0142a za nami\u00bb. On za\u015b odpowiadaj\u0105c rzek\u0142: \u00abNie jestem pos\u0142any jeno do owiec, kt\u00f3re zgin\u0119\u0142y z domu izraelskiego\u00bb. A ona przysz\u0142a i z\u0142o\u017cy\u0142a Mu pok\u0142on m\u00f3wi\u0105c: \u00abPanie, wspom\u00f3\u017c mi\u0119\u00bb. Kt\u00f3ry odpowiadaj\u0105c rzek\u0142: \u00abNiedobrze jest bra\u0107 chleb synowski, a rzuca\u0107 psom\u00bb. Ona za\u015b odpowiedzia\u0142a: \u00abTak jest, Panie, ale przecie\u017c i szczeni\u0119ta jedz\u0105 z odrobin, kt\u00f3re spadaj\u0105 ze sto\u0142u pan\u00f3w ich\u00bb. Wtedy odpowiadaj\u0105c Jezus rzek\u0142 do niej: \u00abO, niewiasto! Wielka jest wiara twoja: niechaj ci si\u0119 stanie, jako chcesz\u00bb. I uzdrowiona by\u0142a c\u00f3rka jej onej godziny.<\/span><\/p><\/blockquote><p><span style=\"font-size: 22px\">Homilia \u015bwi\u0119tego Hieronima, Kap\u0142ana<\/span><br \/><span style=\"font-size: 22px\"><em><span style=\"color: red\">Ksi\u0119ga 2 Komentarza, do rozdz. 15. Ewangelii wg \u015bw. Mateusza<\/span><\/em><\/span><br \/><span style=\"font-size: 22px\"><span style=\"color: red\"><b><em>P<\/em><\/b><\/span>an zostawi\u0142 oszczerczych uczonych w Pi\u015bmie i faryzeuszy i przeszed\u0142 w okolice Tyru i Sydonu, aby zatroszczy\u0107 si\u0119 o ich mieszka\u0144c\u00f3w. Niewiasta za\u015b chananejska wychodzi ze swych dawnych granic, aby przez krzyk uzyska\u0107 zdrowie dla swej c\u00f3rki. Zauwa\u017c, \u017ce c\u00f3rka kananejska zostaje uzdrowiona na miejscu pi\u0119tnastym. Zmi\u0142uj si\u0119 nade mn\u0105, Panie, Synu Dawidowy. St\u0105d potrafi wzywa\u0107 Go jako Syna Dawida, \u017ce wysz\u0142a ju\u017c ze swego kraju i zmieniaj\u0105c miejsce i wiar\u0119, pozostawi\u0142a za sob\u0105 b\u0142\u0105d Tyryjczyk\u00f3w i Sydo\u0144czyk\u00f3w.<\/span><\/p><p><span style=\"font-size: 22px\"><span style=\"color: red\"><em>\u2123<\/em><i>.<\/i><\/span>\u00a0Ty za\u015b, Panie, zmi\u0142uj si\u0119 nad nami.<\/span><br \/><span style=\"font-size: 22px\"><span style=\"color: red\"><em>\u211f<\/em><i>.<\/i><\/span>\u00a0Bogu niech b\u0119d\u0105 dzi\u0119ki.<\/span><\/p><p><span style=\"font-size: 22px\"><em><span style=\"color: red\"><b>Modlitwy<\/b><\/span>\u00a0<\/em>{z Sanktora\u0142u}<\/span><br \/><span style=\"font-size: 22px\"><span style=\"color: red\"><em>\u2123<\/em><i>.<\/i><\/span>\u00a0Panie, wys\u0142uchaj modlitwy mojej.<\/span><br \/><span style=\"font-size: 22px\"><span style=\"color: red\"><em>\u211f<\/em><i>.<\/i><\/span>\u00a0A wo\u0142anie moje niech do Ciebie przyjdzie.<\/span><br \/><span style=\"font-size: 22px\"><span style=\"color: red\"><b><em>M<\/em><\/b><\/span>\u00f3dlmy si\u0119.<\/span><br \/><span style=\"font-size: 22px\"><span style=\"color: red\"><b><em>B<\/em><\/b><\/span>o\u017ce, kt\u00f3ry \u015bw. Piotrowi, Aposto\u0142owi swemu, powierzy\u0142e\u015b klucze Kr\u00f3lestwa niebieskiego i udzieli\u0142e\u015b mu najwy\u017cszej w\u0142adzy wi\u0105zania i rozwi\u0105zywania, spraw, aby\u015bmy wstawiennictwem jego od grzech\u00f3w naszych uwolnieni zostali.<\/span><br \/><span style=\"font-size: 22px\"><span style=\"color: red\"><b><em>K<\/em><\/b><\/span>t\u00f3ry \u017cyjesz i kr\u00f3lujesz z Bogiem Ojcem w jedno\u015bci Ducha \u015awi\u0119tego B\u00f3g przez wszystkie wieki wiek\u00f3w.<\/span><br \/><span style=\"font-size: 22px\"><span style=\"color: red\"><em>\u211f<\/em><i>.<\/i><\/span>\u00a0Amen.<\/span><\/p>\t\t\t\t\t\t\t\t<\/div>\n\t\t\t\t<\/div>\n\t\t\t\t\t<\/div>\n\t\t\t\t<\/div>\n\t\t\t\t<\/div>\n\t\t","protected":false},"excerpt":{"rendered":"<p>Czytania Brewiarza Trydenckiego na \u015awi\u0119to Katedry \u015awi\u0119tego Piotra w Antiochii.<\/p>\n","protected":false},"author":119394846,"featured_media":62967,"comment_status":"open","ping_status":"open","sticky":false,"template":"","format":"standard","meta":{"_bbp_topic_count":0,"_bbp_reply_count":0,"_bbp_total_topic_count":0,"_bbp_total_reply_count":0,"_bbp_voice_count":0,"_bbp_anonymous_reply_count":0,"_bbp_topic_count_hidden":0,"_bbp_reply_count_hidden":0,"_bbp_forum_subforum_count":0,"_editorskit_title_hidden":false,"_editorskit_reading_time":0,"_editorskit_is_block_options_detached":false,"_editorskit_block_options_position":"{}","_coblocks_attr":"","_coblocks_dimensions":"","_coblocks_responsive_height":"","_coblocks_accordion_ie_support":"","_exactmetrics_skip_tracking":false,"_jetpack_newsletter_access":"","_jetpack_dont_email_post_to_subs":false,"_jetpack_newsletter_tier_id":0,"_jetpack_memberships_contains_paywalled_content":false,"_wpcom_ai_launchpad_first_post":false,"_jetpack_feature_clip_id":0,"_jetpack_memberships_contains_paid_content":false,"footnotes":"","jetpack_publicize_message":"{title}\n\n{excerpt}\n\n{url}","jetpack_publicize_feature_enabled":true,"jetpack_social_post_already_shared":true,"jetpack_social_options":{"image_generator_settings":{"template":"highway","default_image_id":0,"font":"","enabled":false},"version":2},"_wpas_customize_per_network":false,"jetpack_post_was_ever_published":false},"categories":[610131184,336375535],"tags":[],"class_list":["post-161337","post","type-post","status-publish","format-standard","has-post-thumbnail","hentry","category-duchowosc","category-liturgia-i-liturgika"],"yoast_head":"<!-- This site is optimized with the Yoast SEO plugin v28.4 - https:\/\/yoast.com\/product\/yoast-seo-wordpress\/ -->\n<title>Czytania Brewiarza Trydenckiego. 25-go lutego. \u015awi\u0119to Katedry \u015awi\u0119tego Piotra w Antiochii - Tradycja i Wiara<\/title>\n<meta name=\"robots\" content=\"index, follow, max-snippet:-1, max-image-preview:large, max-video-preview:-1\" \/>\n<link rel=\"canonical\" href=\"https:\/\/wobronietradycjiiwiary.com\/pl\/czytania-postne-brewiarza-trydenckiego-czwartek-po-pierwszej-niedzieli-wielkiego-postu-quadragesima-i-swieto-katedry-swietego-piotra-w-antiochii-2\/\" \/>\n<meta property=\"og:locale\" content=\"pl_PL\" \/>\n<meta property=\"og:type\" content=\"article\" \/>\n<meta property=\"og:title\" content=\"Czytania Brewiarza Trydenckiego. 25-go lutego. \u015awi\u0119to Katedry \u015awi\u0119tego Piotra w Antiochii - Tradycja i Wiara\" \/>\n<meta property=\"og:description\" content=\"Czytania Brewiarza Trydenckiego na \u015awi\u0119to Katedry \u015awi\u0119tego Piotra w Antiochii.\" \/>\n<meta property=\"og:url\" content=\"https:\/\/wobronietradycjiiwiary.com\/pl\/czytania-postne-brewiarza-trydenckiego-czwartek-po-pierwszej-niedzieli-wielkiego-postu-quadragesima-i-swieto-katedry-swietego-piotra-w-antiochii-2\/\" \/>\n<meta property=\"og:site_name\" content=\"Tradycja i Wiara\" \/>\n<meta property=\"article:publisher\" content=\"https:\/\/www.facebook.com\/Tradycja-i-Wiara-108813920592249\" \/>\n<meta property=\"article:published_time\" content=\"2026-02-25T07:10:56+00:00\" \/>\n<meta property=\"og:image\" content=\"https:\/\/wobronietradycjiiwiary.com\/wp-content\/uploads\/2022\/03\/MOnks-praying.jpg\" \/>\n\t<meta property=\"og:image:width\" content=\"598\" \/>\n\t<meta property=\"og:image:height\" content=\"427\" \/>\n\t<meta property=\"og:image:type\" content=\"image\/jpeg\" \/>\n<meta name=\"author\" content=\"Prospector Veritatis\" \/>\n<meta name=\"twitter:card\" content=\"summary_large_image\" \/>\n<meta name=\"twitter:label1\" content=\"Napisane przez\" \/>\n\t<meta name=\"twitter:data1\" content=\"Prospector Veritatis\" \/>\n\t<meta name=\"twitter:label2\" content=\"Szacowany czas czytania\" \/>\n\t<meta name=\"twitter:data2\" content=\"14 minut\" \/>\n<script type=\"application\/ld+json\" class=\"yoast-schema-graph\">{\"@context\":\"https:\\\/\\\/schema.org\",\"@graph\":[{\"@type\":\"Article\",\"@id\":\"https:\\\/\\\/wobronietradycjiiwiary.com\\\/czytania-postne-brewiarza-trydenckiego-czwartek-po-pierwszej-niedzieli-wielkiego-postu-quadragesima-i-swieto-katedry-swietego-piotra-w-antiochii-2\\\/#article\",\"isPartOf\":{\"@id\":\"https:\\\/\\\/wobronietradycjiiwiary.com\\\/czytania-postne-brewiarza-trydenckiego-czwartek-po-pierwszej-niedzieli-wielkiego-postu-quadragesima-i-swieto-katedry-swietego-piotra-w-antiochii-2\\\/\"},\"author\":{\"name\":\"Prospector Veritatis\",\"@id\":\"https:\\\/\\\/wobronietradycjiiwiary.com\\\/pl\\\/#\\\/schema\\\/person\\\/f63e6405621f929c17a9c191b8d16b9d\"},\"headline\":\"Czytania Brewiarza Trydenckiego. 25-go lutego. \u015awi\u0119to Katedry \u015awi\u0119tego Piotra w Antiochii\",\"datePublished\":\"2026-02-25T07:10:56+00:00\",\"mainEntityOfPage\":{\"@id\":\"https:\\\/\\\/wobronietradycjiiwiary.com\\\/czytania-postne-brewiarza-trydenckiego-czwartek-po-pierwszej-niedzieli-wielkiego-postu-quadragesima-i-swieto-katedry-swietego-piotra-w-antiochii-2\\\/\"},\"wordCount\":2759,\"commentCount\":0,\"publisher\":{\"@id\":\"https:\\\/\\\/wobronietradycjiiwiary.com\\\/pl\\\/#organization\"},\"image\":{\"@id\":\"https:\\\/\\\/wobronietradycjiiwiary.com\\\/czytania-postne-brewiarza-trydenckiego-czwartek-po-pierwszej-niedzieli-wielkiego-postu-quadragesima-i-swieto-katedry-swietego-piotra-w-antiochii-2\\\/#primaryimage\"},\"thumbnailUrl\":\"https:\\\/\\\/wobronietradycjiiwiary.com\\\/wp-content\\\/uploads\\\/2022\\\/03\\\/MOnks-praying.jpg\",\"articleSection\":[\"Duchowo\u015b\u0107\",\"Liturgia i liturgika\"],\"inLanguage\":\"pl-PL\",\"potentialAction\":[{\"@type\":\"CommentAction\",\"name\":\"Comment\",\"target\":[\"https:\\\/\\\/wobronietradycjiiwiary.com\\\/czytania-postne-brewiarza-trydenckiego-czwartek-po-pierwszej-niedzieli-wielkiego-postu-quadragesima-i-swieto-katedry-swietego-piotra-w-antiochii-2\\\/#respond\"]}]},{\"@type\":\"WebPage\",\"@id\":\"https:\\\/\\\/wobronietradycjiiwiary.com\\\/czytania-postne-brewiarza-trydenckiego-czwartek-po-pierwszej-niedzieli-wielkiego-postu-quadragesima-i-swieto-katedry-swietego-piotra-w-antiochii-2\\\/\",\"url\":\"https:\\\/\\\/wobronietradycjiiwiary.com\\\/czytania-postne-brewiarza-trydenckiego-czwartek-po-pierwszej-niedzieli-wielkiego-postu-quadragesima-i-swieto-katedry-swietego-piotra-w-antiochii-2\\\/\",\"name\":\"Czytania Brewiarza Trydenckiego. 25-go lutego. \u015awi\u0119to Katedry \u015awi\u0119tego Piotra w Antiochii - Tradycja i Wiara\",\"isPartOf\":{\"@id\":\"https:\\\/\\\/wobronietradycjiiwiary.com\\\/pl\\\/#website\"},\"primaryImageOfPage\":{\"@id\":\"https:\\\/\\\/wobronietradycjiiwiary.com\\\/czytania-postne-brewiarza-trydenckiego-czwartek-po-pierwszej-niedzieli-wielkiego-postu-quadragesima-i-swieto-katedry-swietego-piotra-w-antiochii-2\\\/#primaryimage\"},\"image\":{\"@id\":\"https:\\\/\\\/wobronietradycjiiwiary.com\\\/czytania-postne-brewiarza-trydenckiego-czwartek-po-pierwszej-niedzieli-wielkiego-postu-quadragesima-i-swieto-katedry-swietego-piotra-w-antiochii-2\\\/#primaryimage\"},\"thumbnailUrl\":\"https:\\\/\\\/wobronietradycjiiwiary.com\\\/wp-content\\\/uploads\\\/2022\\\/03\\\/MOnks-praying.jpg\",\"datePublished\":\"2026-02-25T07:10:56+00:00\",\"breadcrumb\":{\"@id\":\"https:\\\/\\\/wobronietradycjiiwiary.com\\\/czytania-postne-brewiarza-trydenckiego-czwartek-po-pierwszej-niedzieli-wielkiego-postu-quadragesima-i-swieto-katedry-swietego-piotra-w-antiochii-2\\\/#breadcrumb\"},\"inLanguage\":\"pl-PL\",\"potentialAction\":[{\"@type\":\"ReadAction\",\"target\":[\"https:\\\/\\\/wobronietradycjiiwiary.com\\\/czytania-postne-brewiarza-trydenckiego-czwartek-po-pierwszej-niedzieli-wielkiego-postu-quadragesima-i-swieto-katedry-swietego-piotra-w-antiochii-2\\\/\"]}]},{\"@type\":\"ImageObject\",\"inLanguage\":\"pl-PL\",\"@id\":\"https:\\\/\\\/wobronietradycjiiwiary.com\\\/czytania-postne-brewiarza-trydenckiego-czwartek-po-pierwszej-niedzieli-wielkiego-postu-quadragesima-i-swieto-katedry-swietego-piotra-w-antiochii-2\\\/#primaryimage\",\"url\":\"https:\\\/\\\/wobronietradycjiiwiary.com\\\/wp-content\\\/uploads\\\/2022\\\/03\\\/MOnks-praying.jpg\",\"contentUrl\":\"https:\\\/\\\/wobronietradycjiiwiary.com\\\/wp-content\\\/uploads\\\/2022\\\/03\\\/MOnks-praying.jpg\",\"width\":598,\"height\":427},{\"@type\":\"BreadcrumbList\",\"@id\":\"https:\\\/\\\/wobronietradycjiiwiary.com\\\/czytania-postne-brewiarza-trydenckiego-czwartek-po-pierwszej-niedzieli-wielkiego-postu-quadragesima-i-swieto-katedry-swietego-piotra-w-antiochii-2\\\/#breadcrumb\",\"itemListElement\":[{\"@type\":\"ListItem\",\"position\":1,\"name\":\"Strona g\u0142\u00f3wna\",\"item\":\"https:\\\/\\\/wobronietradycjiiwiary.com\\\/\"},{\"@type\":\"ListItem\",\"position\":2,\"name\":\"Czytania Brewiarza Trydenckiego. 25-go lutego. \u015awi\u0119to Katedry \u015awi\u0119tego Piotra w Antiochii\"}]},{\"@type\":\"WebSite\",\"@id\":\"https:\\\/\\\/wobronietradycjiiwiary.com\\\/pl\\\/#website\",\"url\":\"https:\\\/\\\/wobronietradycjiiwiary.com\\\/pl\\\/\",\"name\":\"Tradycja i Wiara\",\"description\":\"Portal dla katolik\u00f3w.\",\"publisher\":{\"@id\":\"https:\\\/\\\/wobronietradycjiiwiary.com\\\/pl\\\/#organization\"},\"potentialAction\":[{\"@type\":\"SearchAction\",\"target\":{\"@type\":\"EntryPoint\",\"urlTemplate\":\"https:\\\/\\\/wobronietradycjiiwiary.com\\\/pl\\\/?s={search_term_string}\"},\"query-input\":{\"@type\":\"PropertyValueSpecification\",\"valueRequired\":true,\"valueName\":\"search_term_string\"}}],\"inLanguage\":\"pl-PL\"},{\"@type\":\"Organization\",\"@id\":\"https:\\\/\\\/wobronietradycjiiwiary.com\\\/pl\\\/#organization\",\"name\":\"Tradycja i Wiara\",\"url\":\"https:\\\/\\\/wobronietradycjiiwiary.com\\\/pl\\\/\",\"logo\":{\"@type\":\"ImageObject\",\"inLanguage\":\"pl-PL\",\"@id\":\"https:\\\/\\\/wobronietradycjiiwiary.com\\\/pl\\\/#\\\/schema\\\/logo\\\/image\\\/\",\"url\":\"https:\\\/\\\/i0.wp.com\\\/wobronietradycjiiwiary.com\\\/wp-content\\\/uploads\\\/2015\\\/10\\\/cropped-st-peters-dome-vatican.jpg?fit=940%2C198&ssl=1\",\"contentUrl\":\"https:\\\/\\\/i0.wp.com\\\/wobronietradycjiiwiary.com\\\/wp-content\\\/uploads\\\/2015\\\/10\\\/cropped-st-peters-dome-vatican.jpg?fit=940%2C198&ssl=1\",\"width\":940,\"height\":198,\"caption\":\"Tradycja i Wiara\"},\"image\":{\"@id\":\"https:\\\/\\\/wobronietradycjiiwiary.com\\\/pl\\\/#\\\/schema\\\/logo\\\/image\\\/\"},\"sameAs\":[\"https:\\\/\\\/www.facebook.com\\\/Tradycja-i-Wiara-108813920592249\"]},{\"@type\":\"Person\",\"@id\":\"https:\\\/\\\/wobronietradycjiiwiary.com\\\/pl\\\/#\\\/schema\\\/person\\\/f63e6405621f929c17a9c191b8d16b9d\",\"name\":\"Prospector Veritatis\",\"url\":\"https:\\\/\\\/wobronietradycjiiwiary.com\\\/pl\\\/author\\\/prospectorveritatis\\\/\"}]}<\/script>\n<!-- \/ Yoast SEO plugin. -->","yoast_head_json":{"title":"Czytania Brewiarza Trydenckiego. 25-go lutego. \u015awi\u0119to Katedry \u015awi\u0119tego Piotra w Antiochii - Tradycja i Wiara","robots":{"index":"index","follow":"follow","max-snippet":"max-snippet:-1","max-image-preview":"max-image-preview:large","max-video-preview":"max-video-preview:-1"},"canonical":"https:\/\/wobronietradycjiiwiary.com\/pl\/czytania-postne-brewiarza-trydenckiego-czwartek-po-pierwszej-niedzieli-wielkiego-postu-quadragesima-i-swieto-katedry-swietego-piotra-w-antiochii-2\/","og_locale":"pl_PL","og_type":"article","og_title":"Czytania Brewiarza Trydenckiego. 25-go lutego. \u015awi\u0119to Katedry \u015awi\u0119tego Piotra w Antiochii - Tradycja i Wiara","og_description":"Czytania Brewiarza Trydenckiego na \u015awi\u0119to Katedry \u015awi\u0119tego Piotra w Antiochii.","og_url":"https:\/\/wobronietradycjiiwiary.com\/pl\/czytania-postne-brewiarza-trydenckiego-czwartek-po-pierwszej-niedzieli-wielkiego-postu-quadragesima-i-swieto-katedry-swietego-piotra-w-antiochii-2\/","og_site_name":"Tradycja i Wiara","article_publisher":"https:\/\/www.facebook.com\/Tradycja-i-Wiara-108813920592249","article_published_time":"2026-02-25T07:10:56+00:00","og_image":[{"width":598,"height":427,"url":"https:\/\/wobronietradycjiiwiary.com\/wp-content\/uploads\/2022\/03\/MOnks-praying.jpg","type":"image\/jpeg"}],"author":"Prospector Veritatis","twitter_card":"summary_large_image","twitter_misc":{"Napisane przez":"Prospector Veritatis","Szacowany czas czytania":"14 minut"},"schema":{"@context":"https:\/\/schema.org","@graph":[{"@type":"Article","@id":"https:\/\/wobronietradycjiiwiary.com\/czytania-postne-brewiarza-trydenckiego-czwartek-po-pierwszej-niedzieli-wielkiego-postu-quadragesima-i-swieto-katedry-swietego-piotra-w-antiochii-2\/#article","isPartOf":{"@id":"https:\/\/wobronietradycjiiwiary.com\/czytania-postne-brewiarza-trydenckiego-czwartek-po-pierwszej-niedzieli-wielkiego-postu-quadragesima-i-swieto-katedry-swietego-piotra-w-antiochii-2\/"},"author":{"name":"Prospector Veritatis","@id":"https:\/\/wobronietradycjiiwiary.com\/pl\/#\/schema\/person\/f63e6405621f929c17a9c191b8d16b9d"},"headline":"Czytania Brewiarza Trydenckiego. 25-go lutego. \u015awi\u0119to Katedry \u015awi\u0119tego Piotra w Antiochii","datePublished":"2026-02-25T07:10:56+00:00","mainEntityOfPage":{"@id":"https:\/\/wobronietradycjiiwiary.com\/czytania-postne-brewiarza-trydenckiego-czwartek-po-pierwszej-niedzieli-wielkiego-postu-quadragesima-i-swieto-katedry-swietego-piotra-w-antiochii-2\/"},"wordCount":2759,"commentCount":0,"publisher":{"@id":"https:\/\/wobronietradycjiiwiary.com\/pl\/#organization"},"image":{"@id":"https:\/\/wobronietradycjiiwiary.com\/czytania-postne-brewiarza-trydenckiego-czwartek-po-pierwszej-niedzieli-wielkiego-postu-quadragesima-i-swieto-katedry-swietego-piotra-w-antiochii-2\/#primaryimage"},"thumbnailUrl":"https:\/\/wobronietradycjiiwiary.com\/wp-content\/uploads\/2022\/03\/MOnks-praying.jpg","articleSection":["Duchowo\u015b\u0107","Liturgia i liturgika"],"inLanguage":"pl-PL","potentialAction":[{"@type":"CommentAction","name":"Comment","target":["https:\/\/wobronietradycjiiwiary.com\/czytania-postne-brewiarza-trydenckiego-czwartek-po-pierwszej-niedzieli-wielkiego-postu-quadragesima-i-swieto-katedry-swietego-piotra-w-antiochii-2\/#respond"]}]},{"@type":"WebPage","@id":"https:\/\/wobronietradycjiiwiary.com\/czytania-postne-brewiarza-trydenckiego-czwartek-po-pierwszej-niedzieli-wielkiego-postu-quadragesima-i-swieto-katedry-swietego-piotra-w-antiochii-2\/","url":"https:\/\/wobronietradycjiiwiary.com\/czytania-postne-brewiarza-trydenckiego-czwartek-po-pierwszej-niedzieli-wielkiego-postu-quadragesima-i-swieto-katedry-swietego-piotra-w-antiochii-2\/","name":"Czytania Brewiarza Trydenckiego. 25-go lutego. \u015awi\u0119to Katedry \u015awi\u0119tego Piotra w Antiochii - Tradycja i Wiara","isPartOf":{"@id":"https:\/\/wobronietradycjiiwiary.com\/pl\/#website"},"primaryImageOfPage":{"@id":"https:\/\/wobronietradycjiiwiary.com\/czytania-postne-brewiarza-trydenckiego-czwartek-po-pierwszej-niedzieli-wielkiego-postu-quadragesima-i-swieto-katedry-swietego-piotra-w-antiochii-2\/#primaryimage"},"image":{"@id":"https:\/\/wobronietradycjiiwiary.com\/czytania-postne-brewiarza-trydenckiego-czwartek-po-pierwszej-niedzieli-wielkiego-postu-quadragesima-i-swieto-katedry-swietego-piotra-w-antiochii-2\/#primaryimage"},"thumbnailUrl":"https:\/\/wobronietradycjiiwiary.com\/wp-content\/uploads\/2022\/03\/MOnks-praying.jpg","datePublished":"2026-02-25T07:10:56+00:00","breadcrumb":{"@id":"https:\/\/wobronietradycjiiwiary.com\/czytania-postne-brewiarza-trydenckiego-czwartek-po-pierwszej-niedzieli-wielkiego-postu-quadragesima-i-swieto-katedry-swietego-piotra-w-antiochii-2\/#breadcrumb"},"inLanguage":"pl-PL","potentialAction":[{"@type":"ReadAction","target":["https:\/\/wobronietradycjiiwiary.com\/czytania-postne-brewiarza-trydenckiego-czwartek-po-pierwszej-niedzieli-wielkiego-postu-quadragesima-i-swieto-katedry-swietego-piotra-w-antiochii-2\/"]}]},{"@type":"ImageObject","inLanguage":"pl-PL","@id":"https:\/\/wobronietradycjiiwiary.com\/czytania-postne-brewiarza-trydenckiego-czwartek-po-pierwszej-niedzieli-wielkiego-postu-quadragesima-i-swieto-katedry-swietego-piotra-w-antiochii-2\/#primaryimage","url":"https:\/\/wobronietradycjiiwiary.com\/wp-content\/uploads\/2022\/03\/MOnks-praying.jpg","contentUrl":"https:\/\/wobronietradycjiiwiary.com\/wp-content\/uploads\/2022\/03\/MOnks-praying.jpg","width":598,"height":427},{"@type":"BreadcrumbList","@id":"https:\/\/wobronietradycjiiwiary.com\/czytania-postne-brewiarza-trydenckiego-czwartek-po-pierwszej-niedzieli-wielkiego-postu-quadragesima-i-swieto-katedry-swietego-piotra-w-antiochii-2\/#breadcrumb","itemListElement":[{"@type":"ListItem","position":1,"name":"Strona g\u0142\u00f3wna","item":"https:\/\/wobronietradycjiiwiary.com\/"},{"@type":"ListItem","position":2,"name":"Czytania Brewiarza Trydenckiego. 25-go lutego. \u015awi\u0119to Katedry \u015awi\u0119tego Piotra w Antiochii"}]},{"@type":"WebSite","@id":"https:\/\/wobronietradycjiiwiary.com\/pl\/#website","url":"https:\/\/wobronietradycjiiwiary.com\/pl\/","name":"Tradycja i Wiara","description":"Portal dla katolik\u00f3w.","publisher":{"@id":"https:\/\/wobronietradycjiiwiary.com\/pl\/#organization"},"potentialAction":[{"@type":"SearchAction","target":{"@type":"EntryPoint","urlTemplate":"https:\/\/wobronietradycjiiwiary.com\/pl\/?s={search_term_string}"},"query-input":{"@type":"PropertyValueSpecification","valueRequired":true,"valueName":"search_term_string"}}],"inLanguage":"pl-PL"},{"@type":"Organization","@id":"https:\/\/wobronietradycjiiwiary.com\/pl\/#organization","name":"Tradycja i Wiara","url":"https:\/\/wobronietradycjiiwiary.com\/pl\/","logo":{"@type":"ImageObject","inLanguage":"pl-PL","@id":"https:\/\/wobronietradycjiiwiary.com\/pl\/#\/schema\/logo\/image\/","url":"https:\/\/i0.wp.com\/wobronietradycjiiwiary.com\/wp-content\/uploads\/2015\/10\/cropped-st-peters-dome-vatican.jpg?fit=940%2C198&ssl=1","contentUrl":"https:\/\/i0.wp.com\/wobronietradycjiiwiary.com\/wp-content\/uploads\/2015\/10\/cropped-st-peters-dome-vatican.jpg?fit=940%2C198&ssl=1","width":940,"height":198,"caption":"Tradycja i Wiara"},"image":{"@id":"https:\/\/wobronietradycjiiwiary.com\/pl\/#\/schema\/logo\/image\/"},"sameAs":["https:\/\/www.facebook.com\/Tradycja-i-Wiara-108813920592249"]},{"@type":"Person","@id":"https:\/\/wobronietradycjiiwiary.com\/pl\/#\/schema\/person\/f63e6405621f929c17a9c191b8d16b9d","name":"Prospector Veritatis","url":"https:\/\/wobronietradycjiiwiary.com\/pl\/author\/prospectorveritatis\/"}]}},"jetpack_publicize_connections":[],"jetpack_sharing_enabled":true,"jetpack_likes_enabled":true,"jetpack_shortlink":"https:\/\/wp.me\/pc04Sd-FYd","jetpack-related-posts":[{"id":113178,"url":"https:\/\/wobronietradycjiiwiary.com\/pl\/czytania-postne-brewiarza-trydenckiego-czwartek-po-pierwszej-niedzieli-wielkiego-postu-quadragesima-i-swieto-katedry-swietego-piotra-w-antiochii\/","url_meta":{"origin":161337,"position":0},"title":"Czytania Brewiarza Trydenckiego. \u015awi\u0119to Katedry \u015awi\u0119tego Piotra w Antiochii","author":"Prospector Veritatis","date":"22 lutego 2024","format":false,"excerpt":"Czytania Brewiarza Trydenckiego na \u015awi\u0119to Katedry \u015awi\u0119tego Piotra w Antiochii.","rel":"","context":"W \u201eDuchowo\u015b\u0107&quot;","block_context":{"text":"Duchowo\u015b\u0107","link":"https:\/\/wobronietradycjiiwiary.com\/pl\/category\/duchowosc\/"},"img":{"alt_text":"","src":"https:\/\/i0.wp.com\/wobronietradycjiiwiary.com\/wp-content\/uploads\/2022\/03\/MOnks-praying.jpg?resize=350%2C200&ssl=1","width":350,"height":200,"srcset":"https:\/\/i0.wp.com\/wobronietradycjiiwiary.com\/wp-content\/uploads\/2022\/03\/MOnks-praying.jpg?resize=350%2C200&ssl=1 1x, https:\/\/i0.wp.com\/wobronietradycjiiwiary.com\/wp-content\/uploads\/2022\/03\/MOnks-praying.jpg?resize=525%2C300&ssl=1 1.5x"},"classes":[]},{"id":108351,"url":"https:\/\/wobronietradycjiiwiary.com\/pl\/carol-byrne-msza-dialogowana-83-2-z-129-w-jaki-sposob-mszal-z-1962-r-pozyskal-swoja-reforme-kalendarza\/","url_meta":{"origin":161337,"position":1},"title":"Carol Byrne, &#8220;Msza dialogowana&#8221;. (83.2 z 129). W jaki spos\u00f3b Msza\u0142 z 1962 r. pozyska\u0142 swoj\u0105 reform\u0119 kalendarza","author":"Traditio et Fides","date":"5 grudnia 2023","format":false,"excerpt":"O znaczeniu zniesienia \u015bwi\u0105t zwi\u0105zanych z prymatem rzymskim.","rel":"","context":"W \u201e2. Stopniowe zmiany liturgii: Kanon, kalendarz, znikaj\u0105ce \u015bwi\u0119ta&quot;","block_context":{"text":"2. Stopniowe zmiany liturgii: Kanon, kalendarz, znikaj\u0105ce \u015bwi\u0119ta","link":"https:\/\/wobronietradycjiiwiary.com\/pl\/category\/doktryna\/teologia-liturgii\/byrne-doktryna\/byrne\/4-jan-xxiii\/2-stopniowe-zmiany-liturgii\/"},"img":{"alt_text":"","src":"https:\/\/i0.wp.com\/wobronietradycjiiwiary.com\/wp-content\/uploads\/2019\/10\/carreno-de-miranda.jpg?resize=350%2C200&ssl=1","width":350,"height":200,"srcset":"https:\/\/i0.wp.com\/wobronietradycjiiwiary.com\/wp-content\/uploads\/2019\/10\/carreno-de-miranda.jpg?resize=350%2C200&ssl=1 1x, https:\/\/i0.wp.com\/wobronietradycjiiwiary.com\/wp-content\/uploads\/2019\/10\/carreno-de-miranda.jpg?resize=525%2C300&ssl=1 1.5x, https:\/\/i0.wp.com\/wobronietradycjiiwiary.com\/wp-content\/uploads\/2019\/10\/carreno-de-miranda.jpg?resize=700%2C400&ssl=1 2x"},"classes":[]},{"id":108691,"url":"https:\/\/wobronietradycjiiwiary.com\/pl\/carol-byrne-msza-dialogowana-83-3-z-129-w-jaki-sposob-mszal-z-1962-r-pozyskal-swoja-reforme-kalendarza\/","url_meta":{"origin":161337,"position":2},"title":"Carol Byrne, &#8220;Msza dialogowana&#8221;. (83.3 z 129). W jaki spos\u00f3b Msza\u0142 z 1962 r. pozyska\u0142 swoj\u0105 reform\u0119 kalendarza","author":"Traditio et Fides","date":"12 grudnia 2023","format":false,"excerpt":"O sukcesywnym zniszeniu papiestwa przez papie\u017cy.","rel":"","context":"W \u201e2. Stopniowe zmiany liturgii: Kanon, kalendarz, znikaj\u0105ce \u015bwi\u0119ta&quot;","block_context":{"text":"2. Stopniowe zmiany liturgii: Kanon, kalendarz, znikaj\u0105ce \u015bwi\u0119ta","link":"https:\/\/wobronietradycjiiwiary.com\/pl\/category\/doktryna\/teologia-liturgii\/byrne-doktryna\/byrne\/4-jan-xxiii\/2-stopniowe-zmiany-liturgii\/"},"img":{"alt_text":"","src":"https:\/\/i0.wp.com\/wobronietradycjiiwiary.com\/wp-content\/uploads\/2019\/10\/carreno-de-miranda.jpg?resize=350%2C200&ssl=1","width":350,"height":200,"srcset":"https:\/\/i0.wp.com\/wobronietradycjiiwiary.com\/wp-content\/uploads\/2019\/10\/carreno-de-miranda.jpg?resize=350%2C200&ssl=1 1x, https:\/\/i0.wp.com\/wobronietradycjiiwiary.com\/wp-content\/uploads\/2019\/10\/carreno-de-miranda.jpg?resize=525%2C300&ssl=1 1.5x, https:\/\/i0.wp.com\/wobronietradycjiiwiary.com\/wp-content\/uploads\/2019\/10\/carreno-de-miranda.jpg?resize=700%2C400&ssl=1 2x"},"classes":[]},{"id":63173,"url":"https:\/\/wobronietradycjiiwiary.com\/pl\/czytania-postne-brewiarza-trydenckiego-11\/","url_meta":{"origin":161337,"position":3},"title":"Czytania postne Brewiarza Trydenckiego. Sobota w pierwszym tygodniu Wlk. Postu &#8211; Dni Suche","author":"Traditio et Fides","date":"12 marca 2022","format":false,"excerpt":"Czytania Brewiarza Trydenckiego na sobot\u0119 pierwszego tygodnia (Dni Suche) Wielkiego Postu.","rel":"","context":"W \u201eDuchowo\u015b\u0107&quot;","block_context":{"text":"Duchowo\u015b\u0107","link":"https:\/\/wobronietradycjiiwiary.com\/pl\/category\/duchowosc\/"},"img":{"alt_text":"","src":"https:\/\/i0.wp.com\/wobronietradycjiiwiary.com\/wp-content\/uploads\/2022\/03\/MOnks-praying.jpg?resize=350%2C200&ssl=1","width":350,"height":200,"srcset":"https:\/\/i0.wp.com\/wobronietradycjiiwiary.com\/wp-content\/uploads\/2022\/03\/MOnks-praying.jpg?resize=350%2C200&ssl=1 1x, https:\/\/i0.wp.com\/wobronietradycjiiwiary.com\/wp-content\/uploads\/2022\/03\/MOnks-praying.jpg?resize=525%2C300&ssl=1 1.5x"},"classes":[]},{"id":110167,"url":"https:\/\/wobronietradycjiiwiary.com\/pl\/zarzucenie-sw-piotra-w-okowach-lub-o-obiektywnym-dzialaniu-liturgii\/","url_meta":{"origin":161337,"position":4},"title":"Likwidacja uroczysto\u015bci \u015bw. Piotra w Okowach lub o obiektywnym dzia\u0142aniu liturgii","author":"Traditio et Fides","date":"2 stycznia 2024","format":false,"excerpt":"Duchowe t\u0142o zniesienia \u015bwi\u0119ta \u015bw. Piotra w Okowach.","rel":"","context":"W \u201eAd 4) 2. Stopniowe zmiany liturgii: Kanon, kalendarz, znikaj\u0105ce \u015bwi\u0119ta&quot;","block_context":{"text":"Ad 4) 2. Stopniowe zmiany liturgii: Kanon, kalendarz, znikaj\u0105ce \u015bwi\u0119ta","link":"https:\/\/wobronietradycjiiwiary.com\/pl\/category\/doktryna\/teologia-liturgii\/byrne-doktryna\/byrne\/komentarze-do-byrne\/ad-4-jan-xxiii\/ad-4-2-stopniowe-zmiany-liturgii\/"},"img":{"alt_text":"","src":"https:\/\/i0.wp.com\/wobronietradycjiiwiary.com\/wp-content\/uploads\/2024\/01\/5b76af308b2a45f830ce91a7.jpg?resize=350%2C200&ssl=1","width":350,"height":200,"srcset":"https:\/\/i0.wp.com\/wobronietradycjiiwiary.com\/wp-content\/uploads\/2024\/01\/5b76af308b2a45f830ce91a7.jpg?resize=350%2C200&ssl=1 1x, https:\/\/i0.wp.com\/wobronietradycjiiwiary.com\/wp-content\/uploads\/2024\/01\/5b76af308b2a45f830ce91a7.jpg?resize=525%2C300&ssl=1 1.5x, https:\/\/i0.wp.com\/wobronietradycjiiwiary.com\/wp-content\/uploads\/2024\/01\/5b76af308b2a45f830ce91a7.jpg?resize=700%2C400&ssl=1 2x, https:\/\/i0.wp.com\/wobronietradycjiiwiary.com\/wp-content\/uploads\/2024\/01\/5b76af308b2a45f830ce91a7.jpg?resize=1050%2C600&ssl=1 3x"},"classes":[]},{"id":128409,"url":"https:\/\/wobronietradycjiiwiary.com\/pl\/kazania-trydenckiego-brewiarza-katedry-sw-piotra-w-rzymie\/","url_meta":{"origin":161337,"position":5},"title":"Kazania Trydenckiego Brewiarza: Katedry \u015bw. Piotra w Rzymie","author":"Traditio et Fides","date":"18 stycznia 2025","format":false,"excerpt":"Czytania i kazania Brewiarza Trydenckiego na \u015bwi\u0119to Katedry \u015bw. Piotra w Rzymie.","rel":"","context":"W \u201eBrewiarz rzymski&quot;","block_context":{"text":"Brewiarz rzymski","link":"https:\/\/wobronietradycjiiwiary.com\/pl\/category\/duchowosc\/liturgia-i-liturgika\/brewiarz-rzymski\/"},"img":{"alt_text":"","src":"https:\/\/i0.wp.com\/wobronietradycjiiwiary.com\/wp-content\/uploads\/2024\/12\/350px-Brevier-Martin-d-Aragon.jpg?resize=350%2C200&ssl=1","width":350,"height":200},"classes":[]}],"amp_enabled":true,"jetpack_featured_media_url":"https:\/\/wobronietradycjiiwiary.com\/wp-content\/uploads\/2022\/03\/MOnks-praying.jpg","_links":{"self":[{"href":"https:\/\/wobronietradycjiiwiary.com\/pl\/wp-json\/wp\/v2\/posts\/161337","targetHints":{"allow":["GET"]}}],"collection":[{"href":"https:\/\/wobronietradycjiiwiary.com\/pl\/wp-json\/wp\/v2\/posts"}],"about":[{"href":"https:\/\/wobronietradycjiiwiary.com\/pl\/wp-json\/wp\/v2\/types\/post"}],"author":[{"embeddable":true,"href":"https:\/\/wobronietradycjiiwiary.com\/pl\/wp-json\/wp\/v2\/users\/119394846"}],"replies":[{"embeddable":true,"href":"https:\/\/wobronietradycjiiwiary.com\/pl\/wp-json\/wp\/v2\/comments?post=161337"}],"version-history":[{"count":1,"href":"https:\/\/wobronietradycjiiwiary.com\/pl\/wp-json\/wp\/v2\/posts\/161337\/revisions"}],"predecessor-version":[{"id":161339,"href":"https:\/\/wobronietradycjiiwiary.com\/pl\/wp-json\/wp\/v2\/posts\/161337\/revisions\/161339"}],"wp:featuredmedia":[{"embeddable":true,"href":"https:\/\/wobronietradycjiiwiary.com\/pl\/wp-json\/wp\/v2\/media\/62967"}],"wp:attachment":[{"href":"https:\/\/wobronietradycjiiwiary.com\/pl\/wp-json\/wp\/v2\/media?parent=161337"}],"wp:term":[{"taxonomy":"category","embeddable":true,"href":"https:\/\/wobronietradycjiiwiary.com\/pl\/wp-json\/wp\/v2\/categories?post=161337"},{"taxonomy":"post_tag","embeddable":true,"href":"https:\/\/wobronietradycjiiwiary.com\/pl\/wp-json\/wp\/v2\/tags?post=161337"}],"curies":[{"name":"wp","href":"https:\/\/api.w.org\/{rel}","templated":true}]}}