{"id":160870,"date":"2026-02-14T15:41:14","date_gmt":"2026-02-14T14:41:14","guid":{"rendered":"https:\/\/wobronietradycjiiwiary.com\/?p=160870"},"modified":"2026-03-07T13:54:33","modified_gmt":"2026-03-07T12:54:33","slug":"sobotni-brewiarz-i-ofiary-z-dzieci","status":"publish","type":"post","link":"https:\/\/wobronietradycjiiwiary.com\/pl\/sobotni-brewiarz-i-ofiary-z-dzieci\/","title":{"rendered":"Sobotni brewiarz i ofiary z dzieci"},"content":{"rendered":"<div id=\"bsf_rt_marker\"><\/div>\n<p class=\"wp-block-paragraph\"><\/p>\n\n\n\n<h3 class=\"wp-block-heading\">Lektura brewiarza<\/h3>\n\n\n\n<p class=\"has-text-align-justify wp-block-paragraph\"><a href=\"https:\/\/www.divinumofficium.com\/cgi-bin\/horas\/officium.pl\" target=\"_blank\" rel=\"noreferrer noopener\">Brewiarz Trydencki<\/a> (odmawiany do 1910 roku) recytowany w soboty zawiera 12, naprawd\u0119 d\u0142ugich psalm\u00f3w. W wersji \u0142aci\u0144skiej jest to 4.463 s\u0142\u00f3w lub 15,5 stron a 1800 znak\u00f3w. <\/p>\n\n\n\n<p class=\"has-text-align-justify wp-block-paragraph\">Natomiast wszystkie sobotnie modlitwy matutin\u00f3w licz\u0105 sobie 5.922 s\u0142\u00f3w wzgl\u0119dnie 20,7 stron przeznaczonych do nocnej lub porannej recytacji.<\/p>\n\n\n\n<p class=\"has-text-align-justify wp-block-paragraph\">Autorowi odm\u00f3wienie wszystkiego zajmuje 50 minut. Niekiedy wszystkiego nie odmawia i pewne psalmy, szczeg\u00f3lnie te ko\u0144cowe opuszcza. <\/p>\n\n\n\n<p class=\"has-text-align-justify wp-block-paragraph\">\u015awietnie rozumie, \u017ce ksi\u0119\u017com si\u0119 tego odmawia\u0107 nie chcia\u0142o i dlatego wprowadzili reformy, kt\u00f3re trwaj\u0105 do dzi\u015b.<\/p>\n\n\n\n<p class=\"has-text-align-justify wp-block-paragraph\">Jednak psalmy z soboty odmawiane s\u0105 jedynie wtedy, gdy w danym dniu nie wypada \u015bwi\u0119to <a href=\"https:\/\/wobronietradycjiiwiary.com\/pl\/film-na-youtube-rok-liturgiczny-lub-ktore-kyriale-spiewamy-i-dlaczego-1-wstep-kyriale-a-proprium\/\" target=\"_blank\" rel=\"noreferrer noopener\"><em>duplex <\/em>lub <em>semi-duplex<\/em><\/a>, wi\u0119c &#8211; pomijaj\u0105c okres Wielkiego Postu &#8211; dosy\u0107 rzadko.<\/p>\n\n\n\n<p class=\"has-text-align-justify wp-block-paragraph\">Lektura brewiarza zmienia nasz \u015bwiatopogl\u0105d, zw\u0142aszcza wtedy, gdy za\u0142o\u017cymy, \u017ce opisywane w Pi\u015bmie \u015awi\u0119tym wydarzenia s\u0105 realne<\/p>\n\n\n\n<h3 class=\"wp-block-heading\">W\u0142a\u015bciwy przek\u0142ad<\/h3>\n\n\n\n<p class=\"has-text-align-justify wp-block-paragraph\">I tak w jedenastym z kolei psalmie 105, czytamy dok\u0142adnie o tym samym, o czym m\u00f3wi\u0105 nam akta Epsteina:<\/p>\n\n\n\n<figure class=\"wp-block-table\"><table class=\"has-fixed-layout\"><tbody><tr><td><strong>Wulgata<\/strong><\/td><td><strong>T\u0142umaczenie polskie Wujka<\/strong><\/td><td><strong>T\u0142umaczenie Biblii Tysi\u0105clecia<\/strong><\/td><\/tr><tr><td><mark style=\"background-color:rgba(0, 0, 0, 0)\" class=\"has-inline-color has-accent-color\">105:35<\/mark><br>\u00a0Et comm\u00edsti sunt inter gentes, et didic\u00e9runt \u00f3pera e\u00f3rum: et servi\u00e9runt sculpt\u00edlibus e\u00f3rum: * et factum est illis in sc\u00e1ndalum.<br><mark style=\"background-color:rgba(0, 0, 0, 0)\" class=\"has-inline-color has-accent-color\">105:37<\/mark><br>\u00a0Et immolav\u00e9runt f\u00edlios suos, * et f\u00edlias suas d\u00e6m\u00f3niis.<br><mark style=\"background-color:rgba(0, 0, 0, 0)\" class=\"has-inline-color has-accent-color\">105:38<\/mark><br>Et effud\u00e9runt s\u00e1nguinem innoc\u00e9ntem: * s\u00e1nguinem fili\u00f3rum su\u00f3rum et fili\u00e1rum su\u00e1rum, quas sacrificav\u00e9runt sculpt\u00edlibus Ch\u00e1naan.<br><mark style=\"background-color:rgba(0, 0, 0, 0)\" class=\"has-inline-color has-accent-color\">105:39<\/mark><br>\u00a0Et inf\u00e9cta est terra in sangu\u00ednibus, et contamin\u00e1ta est in op\u00e9ribus e\u00f3rum: * et fornic\u00e1ti sunt in adinventi\u00f3nibus suis.<br><mark style=\"background-color:rgba(0, 0, 0, 0)\" class=\"has-inline-color has-accent-color\">105:40<\/mark><br>\u00a0Et ir\u00e1tus est fur\u00f3re D\u00f3minus in p\u00f3pulum suum: * et abomin\u00e1tus est heredit\u00e1tem suam.<br><mark style=\"background-color:rgba(0, 0, 0, 0)\" class=\"has-inline-color has-accent-color\">105:41<\/mark><br>Et tr\u00e1didit eos in manus g\u00e9ntium: * et domin\u00e1ti sunt e\u00f3rum qui od\u00e9runt eos.<\/td><td><mark style=\"background-color:rgba(0, 0, 0, 0)\" class=\"has-inline-color has-accent-color\">105:35<\/mark><br>\u00a0I pomieszali si\u0119 z pogany, i nauczyli si\u0119 uczynk\u00f3w ich: i s\u0142u\u017cyli rycinom [pos\u0105gom] ich: * i sta\u0142o si\u0119 im na upad.<br><mark style=\"background-color:rgba(0, 0, 0, 0)\" class=\"has-inline-color has-accent-color\">105:37<\/mark><br>\u00a0<strong>I ofiarowali syny swoje, * i c\u00f3rki swoje czartom [demonom].<\/strong><br><mark style=\"background-color:rgba(0, 0, 0, 0)\" class=\"has-inline-color has-accent-color\">105:38<\/mark><br>\u00a0<strong>I wylewali krew niewinn\u0105: * krew syn\u00f3w swoich, i c\u00f3rek swoich, kt\u00f3re ofiarowali rycinom [pos\u0105gom] Chananejskim.<\/strong><br><mark style=\"background-color:rgba(0, 0, 0, 0)\" class=\"has-inline-color has-accent-color\">105:39<\/mark><br>\u00a0I splugawiona by\u0142a ziemia krwiami, i zeszpecona ich uczynkami: * i <strong>cudzo\u0142o\u017cyli w wynalazkach swoich<\/strong>.<br><mark style=\"background-color:rgba(0, 0, 0, 0)\" class=\"has-inline-color has-accent-color\">105:40<\/mark><br>\u00a0I rozgniewa\u0142 si\u0119 Pan zapalczywo\u015bci\u0105 przeciw ludowi swemu: * i obrzydzi\u0142 sobie dziedzictwo swoje.<br><mark style=\"background-color:rgba(0, 0, 0, 0)\" class=\"has-inline-color has-accent-color\">105:41<\/mark><br>\u00a0I poda\u0142 je w r\u0119ce poganom: * i panowali nad nimi, kt\u00f3rzy je mieli w nienawi\u015bci.<\/td><td><mark style=\"background-color:rgba(0, 0, 0, 0)\" class=\"has-inline-color has-accent-color\">35\u00a0<\/mark>Lecz si\u0119 zmieszali z poganami<br>i nauczyli si\u0119 ich uczynk\u00f3w;<br>36<strong>\u00a0<\/strong>pocz\u0119li czci\u0107 ich ba\u0142wany,<br>kt\u00f3re si\u0119 sta\u0142y dla nich pu\u0142apk\u0105.<br><mark style=\"background-color:rgba(0, 0, 0, 0)\" class=\"has-inline-color has-accent-color\">37<\/mark><strong>\u00a0<\/strong>\u00a0I sk\u0142adali w ofierze swych syn\u00f3w<br>i swoje c\u00f3rki z\u0142ym duchom.<br><mark style=\"background-color:rgba(0, 0, 0, 0)\" class=\"has-inline-color has-accent-color\">38<\/mark><strong>\u00a0<\/strong>I krew niewinn\u0105 przelali:<br>&lt;krew syn\u00f3w swoich i c\u00f3rek,<br>kt\u00f3re z\u0142o\u017cyli w ofierze pos\u0105gom kananejskim>.<br>I ziemia krwi\u0105 si\u0119 skala\u0142a,<br><mark style=\"background-color:rgba(0, 0, 0, 0)\" class=\"has-inline-color has-accent-color\">39<\/mark><strong>\u00a0<\/strong>a oni si\u0119 splamili swoimi czynami<br>i swoimi wyst\u0119pkami dopu\u015bcili si\u0119 wiaro\u0142omstwa.<br><mark style=\"background-color:rgba(0, 0, 0, 0)\" class=\"has-inline-color has-accent-color\">40<\/mark><strong>\u00a0<\/strong>Gniew Pana zap\u0142on\u0105\u0142 przeciw Jego ludowi,<br>tak i\u017c poczu\u0142 wstr\u0119t do swego dziedzictwa.<br><mark style=\"background-color:rgba(0, 0, 0, 0)\" class=\"has-inline-color has-accent-color\">41<\/mark><strong>\u00a0<\/strong>I wyda\u0142 ich w r\u0119ce pogan,<br>a zapanowali nad nimi ich przeciwnicy.<\/td><\/tr><\/tbody><\/table><\/figure>\n\n\n\n<p class=\"has-text-align-justify wp-block-paragraph\">Autora uczono na studiach teologicznych, \u017ce wyra\u017cenia &#8220;cudzo\u0142o\u017cyli&#8221; lub &#8220;wylewali krew niewinn\u0105&#8221; nale\u017cy interpretowa\u0107 alegorycznie, gdy\u017c Biblia m\u00f3wi\u0105c &#8220;cudzo\u0142o\u017cy\u0107&#8221; ma na my\u015bli niewierno\u015b\u0107 Bogu Jahwe.<\/p>\n\n\n\n<p class=\"has-text-align-justify wp-block-paragraph\">Owszem ma i to na my\u015bli, ale ta niewierno\u015b\u0107 przejawia\u0142a si\u0119 i przejawia jako dos\u0142owne uczestnictwo w orgiach poprzez pozama\u0142\u017ce\u0144ski seks, okre\u015blany po \u0142acinie jako <em><a href=\"https:\/\/wobronietradycjiiwiary.com\/pl?s=fornicatio\" target=\"_blank\" rel=\"noreferrer noopener\">fornicatio<\/a><\/em>, w staropolszczy\u017anie &#8220;porubstwo&#8221;.<\/p>\n\n\n\n<p class=\"has-text-align-justify wp-block-paragraph\">Zatem Izraelici przej\u0119li kult pogan, a konkretnie Kananejczyk\u00f3w praktykuj\u0105c:<\/p>\n\n\n\n<ul class=\"wp-block-list\">\n<li>ofiary z w\u0142asnych dzieci,<\/li>\n\n\n\n<li>ofiary z ludzi,<\/li>\n\n\n\n<li>orgie.<\/li>\n<\/ul>\n\n\n\n<p class=\"wp-block-paragraph\">W innym miejscu cytowany uprzednio psalm 105 m\u00f3wi:<\/p>\n\n\n\n<figure class=\"wp-block-table\"><table class=\"has-fixed-layout\"><tbody><tr><td><strong>Wulgata<\/strong><\/td><td><strong>Wujek<\/strong><\/td><td><strong>Autor<\/strong><\/td><\/tr><tr><td><mark style=\"background-color:rgba(0, 0, 0, 0)\" class=\"has-inline-color has-accent-color\">105:28<\/mark><br>\u00a0Et initi\u00e1ti sunt Be\u00e9lphegor: * et comed\u00e9runt sacrif\u00edcia mortu\u00f3rum.<\/td><td><mark style=\"background-color:rgba(0, 0, 0, 0)\" class=\"has-inline-color has-accent-color\">105:28<\/mark><br>\u00a0I po\u015bwi\u0119cili si\u0119 Beel-Phegorowi: * i jedli ofiary umar\u0142ych.<\/td><td><mark style=\"background-color:rgba(0, 0, 0, 0)\" class=\"has-inline-color has-accent-color\">105:28<\/mark><br>I zostali wtajemniczeni w kult Beelphegora: * i jedli ofiary przeznaczone dla\/ z umar\u0142ych.<\/td><\/tr><\/tbody><\/table><\/figure>\n\n\n\n<p class=\"has-text-align-justify wp-block-paragraph\">\u0141aci\u0144skie <em>initiati sunt<\/em> &#8211; to zdecydowanie &#8220;zostali inicjowani&#8221;, zatem poddali si\u0119 komu\u015b, kto podda\u0142 ich inicjacji, a nie zrobili to samowolnie. <\/p>\n\n\n\n<p class=\"has-text-align-justify wp-block-paragraph\">Z kolei \u0142aci\u0144skie <em>sacrificia mortuorum<\/em> zgodnie z gramatyk\u0105  \u0142aci\u0144sk\u0105 (podajemy za Wikarjak, <em>Gramatyka opisowa j\u0119zyka \u0142aci\u0144skiego<\/em>, Warszawa 1997, \u00a7 196-\u00a7 206, 107-109) i zastosowaniem dope\u0142niacza (<em>genetivus<\/em>), t\u0142umaczy\u0107 mo\u017cna jako:<\/p>\n\n\n\n<ol class=\"wp-block-list\">\n<li>&#8220;ofiary umar\u0142ych&#8221; &#8211; <em>genetivus possesoris<\/em> (posiadacza);<\/li>\n\n\n\n<li>&#8220;ofiary dla umar\u0142ych&#8221; &#8211; <em>genetivus obiektivus<\/em> (obiektu).<\/li>\n<\/ol>\n\n\n\n<p class=\"wp-block-paragraph\"><\/p>\n\n\n\n<p class=\"has-text-align-justify wp-block-paragraph\">ad 1.<\/p>\n\n\n\n<p class=\"has-text-align-justify wp-block-paragraph\"><em>Genetivus possesoris<\/em> (dope\u0142niacz posiadacza) podaje czyj\u0105\u015b w\u0142asno\u015b\u0107 (Wikarjak, <em>Gramatyka<\/em>, \u00a7 196, 107). W tym wypadku <em>sacrificia mortuorum<\/em> nale\u017ca\u0142oby t\u0142umaczy\u0107 jako &#8220;ofiary sk\u0142adane przez umar\u0142ych&#8221;. <\/p>\n\n\n\n<p class=\"has-text-align-justify wp-block-paragraph\">To t\u0142umaczenie odpada, skoro martwi umarli \u017cadnych ofiar ju\u017c sk\u0142ada\u0107 nie mog\u0105.<\/p>\n\n\n\n<p class=\"wp-block-paragraph\">ad 2.<\/p>\n\n\n\n<p class=\"has-text-align-justify wp-block-paragraph\"><em>Genetivus obiektivus<\/em> (dope\u0142niacz obiektu) &#8220;oznacza osob\u0119 lub rzecz, do kt\u00f3rej skierowana jest czynno\u015b\u0107; je\u017celi zwrot rozwin\u0105\u0107 w zdanie, osoba ta lub rzecz staje si\u0119 dope\u0142niaczem&#8221; (Wikarjak, <em>Gramatyka<\/em>, \u00a7 199, 108).<\/p>\n\n\n\n<p class=\"has-text-align-justify wp-block-paragraph\">W tym wypadku <em>sacrificia mortuorum<\/em> nale\u017ca\u0142oby odda\u0107 za pomoc\u0105 &#8220;ofiary dla umar\u0142ych&#8221;, &#8220;ofiary przeznaczone dla umar\u0142ych&#8221;. <\/p>\n\n\n\n<p class=\"has-text-align-justify wp-block-paragraph\">Chodzi wi\u0119c o ofiary zwi\u0105zane z kultem zmar\u0142ych, zakazanym przez Prawo (Pwt 18, 10-12; Oz 9,4; Jer 16, 6-7). Ten przek\u0142ad jest najbardziej prawdopodobny.<\/p>\n\n\n\n<p class=\"wp-block-paragraph\"><\/p>\n\n\n\n<p class=\"has-text-align-justify wp-block-paragraph\">Co prawda psalm tego nie m\u00f3wi, ale opr\u00f3cz <em>sacrificia mortuorum<\/em> istnia\u0142y tak\u0119 <em>sacrificia ex mortuis<\/em> &#8220;ofiary z umar\u0142ych&#8221; &#8211; to jest kanibalizm zw\u0142ok. <\/p>\n\n\n\n<h3 class=\"wp-block-heading\">Czy to mo\u017cliwe?<\/h3>\n\n\n\n<p class=\"has-text-align-justify wp-block-paragraph\">Tego rodzaju praktyki wyst\u0119powa\u0142y w niekt\u00f3rych kultach, wspominaj\u0105 o nich tak\u017ce maile Epsteina (&#8220;beef jerky&#8221; &#8211; &#8220;suszona wo\u0142owina&#8221;). <\/p>\n\n\n\n<figure class=\"wp-block-embed is-type-video is-provider-youtube wp-block-embed-youtube wp-embed-aspect-16-9 wp-has-aspect-ratio\"><div class=\"wp-block-embed__wrapper\">\n<span class=\"embed-youtube\" style=\"text-align:center; display: block;\"><iframe class=\"youtube-player\" width=\"580\" height=\"327\" src=\"https:\/\/www.youtube.com\/embed\/Q81FdVYyb4c?version=3&#038;rel=1&#038;showsearch=0&#038;showinfo=1&#038;iv_load_policy=1&#038;fs=1&#038;hl=pl-PL&#038;autohide=2&#038;wmode=transparent\" allowfullscreen=\"true\" style=\"border:0;\" sandbox=\"allow-scripts allow-same-origin allow-popups allow-presentation allow-popups-to-escape-sandbox\"><\/iframe><\/span>\n<\/div><\/figure>\n\n\n\n<p class=\"wp-block-paragraph\"><\/p>\n\n\n\n<p class=\"has-text-align-justify wp-block-paragraph\">Ta pani &#8211; Kim Iversen &#8211; podobnie jak inni youtuberzy, stwierdza, \u017ce jej m\u00f3zg broni si\u0119 przed uznaniem, \u017ce Epstein i sp\u00f3\u0142ka praktykowali kanibalizm. <\/p>\n\n\n\n<p class=\"has-text-align-justify wp-block-paragraph\">Z drugiej strony przyznaje, \u017ce inaczej tych maili interpretowa\u0107 si\u0119 nie da, bo po co mrozi\u0107 suszon\u0105 wo\u0142owin\u0119, pojmowan\u0105 dos\u0142ownie? <\/p>\n\n\n\n<p class=\"has-text-align-justify wp-block-paragraph\">Co te\u017c mo\u017ce znaczy\u0107 zdanie &#8220;przeprowadzi\u0142em suszon\u0105 wo\u0142owin\u0119 przez ulic\u0119&#8221;? &#8220;Suszona wo\u0142owina&#8221; jest ewidentnie kodem, ale czego?<\/p>\n\n\n\n<p class=\"has-text-align-justify wp-block-paragraph\">M\u00f3zg autora broni\u0142 si\u0119 przed przyznaniem, \u017ce satanizm i jego praktyki s\u0105 realne dok\u0142adnie w 2010 roku. Podobnie jak  Kim Iversen zadawa\u0142 sobie pytanie:<\/p>\n\n\n\n<blockquote class=\"wp-block-quote is-layout-flow wp-block-quote-is-layout-flow\">\n<p class=\"has-text-align-justify wp-block-paragraph\">Czy chc\u0119 poszerzy\u0107 moje poj\u0119cie rzeczywisto\u015bci do tego stopnia, \u017ce te sprawy s\u0105 mo\u017cliwe?<\/p>\n<\/blockquote>\n\n\n\n<p class=\"has-text-align-justify wp-block-paragraph\">Wtedy w\u0142a\u015bnie u\u015bwiadomi\u0142 sobie, \u017ce wiara jest faktycznie kwesti\u0105 woli. Cz\u0142owiek albo chce albo nie chce uwierzy\u0107, chocia\u017c dowody s\u0105 jednoznaczne i przekonuj\u0105ce.<\/p>\n\n\n\n<h3 class=\"wp-block-heading\">Mity greckie jak najbardziej realne<\/h3>\n\n\n\n<p class=\"has-text-align-justify wp-block-paragraph\">Studiuj\u0105c teologi\u0119 dowiedzia\u0142 si\u0119, \u017ce kulty poga\u0144skie by\u0142y &#8220;plugawe&#8221;. Nast\u0119pnie badaj\u0105c mity i misteria greckie wg\u0142\u0119bi\u0142 si\u0119 w to, na czym ta &#8220;plugawo\u015b\u0107&#8221; rzeczywi\u015bcie polega\u0142a. Mi\u0119dzy innymi na kanibalizmie i uprzednim morderstwie.<\/p>\n\n\n\n<p class=\"has-text-align-justify wp-block-paragraph\">Mityczny <a href=\"https:\/\/pl.wikipedia.org\/wiki\/Menady\" target=\"_blank\" rel=\"noreferrer noopener\">Orfeusz <\/a>zosta\u0142 rozszarpany i zjedzony przez rozw\u015bcieczone bachantki. St\u0105d przypuszczano, \u017ce w misteriach Dionizosa, pomijaj\u0105c wyst\u0119puj\u0105ce w nich pija\u0144stwo i orgie, dochodzi\u0142o tak\u017ce do kanibalizmu.<\/p>\n\n\n\n<p class=\"has-text-align-justify wp-block-paragraph\">Zainteresowania mitami i misteriami grecko-rzymskimi rozkwit\u0142o w Europie w XIX wieku, jak pok\u0142osie Rewolucji Francuskiej i zainteresowaniem Rzymem w cesarstwie Napoleona. <\/p>\n\n\n\n<p class=\"has-text-align-justify wp-block-paragraph\">Francuska republika odrzucaj\u0105c chrze\u015bcija\u0144stwo postara\u0142a powr\u00f3ci\u0107 do dawnych, dobrych poga\u0144skich czas\u00f3w.<\/p>\n\n\n\n<p class=\"has-text-align-justify wp-block-paragraph\">Autor literatur\u0119 misteryjn\u0105 i jej zwi\u0105zek z sakramentami Ko\u015bcio\u0142a dosy\u0107 intensywnie bada\u0142. Ale nigdzie nie napotka\u0142 w nich pogl\u0105du &#8211; i to w ca\u0142kowitej sprzeczno\u015bci do staro\u017cytnych \u017ar\u00f3de\u0142 i do \u015bwiadectw Ojc\u00f3w Ko\u015bcio\u0142a &#8211; \u017ce pewne rzeczy dzia\u0142y si\u0119 w nich naprawd\u0119.<\/p>\n\n\n\n<p class=\"has-text-align-justify wp-block-paragraph\">Takie jak paranormalne fenomeny, kultyczne orgie i mordy. W kulturoznawstwie panuje do dzi\u015b przekonanie, \u017ce misteria polega\u0142y na niewinnej teatralizacji i symbolice.<\/p>\n\n\n\n<h3 class=\"wp-block-heading\">Prawo rzymskie i &#8220;afera trucicielska&#8221;<\/h3>\n\n\n\n<p class=\"has-text-align-justify wp-block-paragraph\">Niestety historia prawa rzymskiego opowiada inn\u0105 histori\u0119. \u015awiadczy o tym cho\u0107by dosy\u0107 zakaz Bacchanali\u00f3w (186 p.Chr.) zabronionych ustaw\u0105 <em>Senatus consultum de Bacchanalibus<\/em>, jak i p\u00f3\u017aniejsze zakazy r\u00f3\u017cnych misteri\u00f3w od czas\u00f3w Tyberiusza (42-37) pocz\u0105wszy, a na Teodozjuszu Wielkim (347-395) sko\u0144czywszy.<\/p>\n\n\n\n<p class=\"has-text-align-justify wp-block-paragraph\">Kulty te zakazywano nie tylko z powodu preferowania w\u0142asnej tradycji religijnej, jakby\u015bmy wyrazili to dzisiaj, w czasach politycznej poprawno\u015bci, ale dlatego, \u017ce podczas wspomnianych kult\u00f3w mordowano i gwa\u0142cono ludzi. I to nie tylko niewolnik\u00f3w, ale i rzymskich obywateli.<\/p>\n\n\n\n<p class=\"has-text-align-justify wp-block-paragraph\">Autor zatem pojawienie si\u0119 <a href=\"https:\/\/www.youtube.com\/results?search_query=beef+jerky+Epstein\" target=\"_blank\" rel=\"noreferrer noopener\"> &#8220;beef jerky&#8221;<\/a> w rytua\u0142ach Epsteina nie dziwi, bo takie rzeczy mia\u0142y ju\u017c w historii miejsce. Mog\u0142y zatem moc\u0105 jakiej\u015b podziemnej tradycji przetrwa\u0107 i by\u0107 praktykowane dalej. <\/p>\n\n\n<div class=\"wp-block-image\">\n<figure class=\"aligncenter size-full\"><img fetchpriority=\"high\" decoding=\"async\" width=\"500\" height=\"700\" data-attachment-id=\"160986\" data-permalink=\"https:\/\/wobronietradycjiiwiary.com\/pl\/sobotni-brewiarz-i-ofiary-z-dzieci\/laffaire_des_poisons_drame_historique_de_victorien_sardou\/\" data-orig-file=\"https:\/\/wobronietradycjiiwiary.com\/wp-content\/uploads\/2026\/02\/Laffaire_des_poisons_drame_historique_de_Victorien_Sardou.jpg\" data-orig-size=\"500,700\" data-comments-opened=\"1\" data-image-meta=\"{&quot;aperture&quot;:&quot;0&quot;,&quot;credit&quot;:&quot;&quot;,&quot;camera&quot;:&quot;&quot;,&quot;caption&quot;:&quot;&quot;,&quot;created_timestamp&quot;:&quot;0&quot;,&quot;copyright&quot;:&quot;&quot;,&quot;focal_length&quot;:&quot;0&quot;,&quot;iso&quot;:&quot;0&quot;,&quot;shutter_speed&quot;:&quot;0&quot;,&quot;title&quot;:&quot;&quot;,&quot;orientation&quot;:&quot;0&quot;}\" data-image-title=\"L&amp;#8217;affaire_des_poisons,_drame_historique_de_Victorien_Sardou\" data-image-description=\"\" data-image-caption=\"\" data-large-file=\"https:\/\/wobronietradycjiiwiary.com\/wp-content\/uploads\/2026\/02\/Laffaire_des_poisons_drame_historique_de_Victorien_Sardou.jpg\" src=\"https:\/\/wobronietradycjiiwiary.com\/wp-content\/uploads\/2026\/02\/Laffaire_des_poisons_drame_historique_de_Victorien_Sardou.jpg\" alt=\"\" class=\"wp-image-160986\" srcset=\"https:\/\/wobronietradycjiiwiary.com\/wp-content\/uploads\/2026\/02\/Laffaire_des_poisons_drame_historique_de_Victorien_Sardou.jpg 500w, https:\/\/wobronietradycjiiwiary.com\/wp-content\/uploads\/2026\/02\/Laffaire_des_poisons_drame_historique_de_Victorien_Sardou-214x300.jpg 214w, https:\/\/wobronietradycjiiwiary.com\/wp-content\/uploads\/2026\/02\/Laffaire_des_poisons_drame_historique_de_Victorien_Sardou-107x150.jpg 107w, https:\/\/wobronietradycjiiwiary.com\/wp-content\/uploads\/2026\/02\/Laffaire_des_poisons_drame_historique_de_Victorien_Sardou-9x12.jpg 9w, https:\/\/wobronietradycjiiwiary.com\/wp-content\/uploads\/2026\/02\/Laffaire_des_poisons_drame_historique_de_Victorien_Sardou-450x630.jpg 450w, https:\/\/wobronietradycjiiwiary.com\/wp-content\/uploads\/2026\/02\/Laffaire_des_poisons_drame_historique_de_Victorien_Sardou-43x60.jpg 43w, https:\/\/wobronietradycjiiwiary.com\/wp-content\/uploads\/2026\/02\/Laffaire_des_poisons_drame_historique_de_Victorien_Sardou-64x90.jpg 64w\" sizes=\"(max-width: 500px) 100vw, 500px\" \/><figcaption class=\"wp-element-caption\">&#8220;Afera trucicielska&#8221; jak sztuka teatralna.<\/figcaption><\/figure>\n<\/div>\n\n\n<p class=\"has-text-align-justify wp-block-paragraph\">Ostatnia afera <a href=\"https:\/\/pl.wikipedia.org\/wiki\/Afera_trucicielska\" target=\"_blank\" rel=\"noreferrer noopener\">okultystyczno-trucicielska<\/a> z udzia\u0142em elit mia\u0142a miejsce w czasach Ludwika XIV i dotyczy\u0142a jego metresy markizy de Montespan (Fran\u00e7oise-Ath\u00e9na\u00efs de Rochechouart de Mortemart), kt\u00f3rej <a href=\"https:\/\/fr.wikipedia.org\/wiki\/Affaire_des_poisons\" target=\"_blank\" rel=\"noreferrer noopener\">zarzucono <\/a>udzia\u0142 w czarnych mszach oraz korzystanie z us\u0142ug trucicielki La Voisin. <\/p>\n\n\n\n<p class=\"has-text-align-justify wp-block-paragraph\">Afera ta jest dosy\u0107 dobrze udokumentowana i kto chce, mo\u017ce si\u0119 z jej aktami zapozna\u0107. Paralele z aktami Epsteina nasun\u0105 si\u0119 same. Faktycznie &#8220;nic nowego pod s\u0142o\u0144cem&#8221;.<\/p>\n\n\n\n<h3 class=\"wp-block-heading has-text-align-justify\">Korekta historii i tego, co rzeczywiste?<\/h3>\n\n\n\n<p class=\"has-text-align-justify wp-block-paragraph\">Autora dziwi troch\u0119 fakt, \u017ce uczestnicy misteri\u00f3w Epsteina brali sobie &#8220;beef jerky&#8221;\/ludzkie mi\u0119so do domu i trzymali w lod\u00f3wce. <\/p>\n\n\n\n<p class=\"has-text-align-justify wp-block-paragraph\">Albo w nim zasmakowali, co te\u017c si\u0119 w historii ludzko\u015bci Autora dziwi troch\u0119 fakt, \u017ce uczestnicy misteri\u00f3w Epsteina brali sobie &#8220;beef jerky&#8221;\/ludzkie mi\u0119so do domu i trzymali w lod\u00f3wce.<\/p>\n\n\n\n<p class=\"has-text-align-justify wp-block-paragraph\">Albo w nim zasmakowali, co te\u017c si\u0119 w historii ludzko\u015bci zdarza\u0142o albo te\u017c mi\u0119so to, pochodz\u0105ce z konkretnych rytua\u0142\u00f3w, mia\u0142o w sobie jak\u0105\u015b &#8220;moc&#8221;, co wydaje si\u0119 prawdopodobniejszym wyja\u015bnieniem.<\/p>\n\n\n\n<p class=\"has-text-align-justify wp-block-paragraph\">Akta Epsteina ucz\u0105 nas, \u017ce trzeba skorygowa\u0107 histori\u0119. Okazuje si\u0119, \u017ce te wszystkie mity, legendy, bajki o czarownicach zjadaj\u0105cych g\u0142\u00f3wnie ma\u0142e dzieci s\u0105 po prostu <a href=\"https:\/\/wobronietradycjiiwiary.com\/pl\/a-jesli-to-realne-o-zjawach-dziwach-mitach-i-legendach\/\" target=\"_blank\" rel=\"noreferrer noopener\">prawd\u0105<\/a>. <\/p>\n\n\n\n<p class=\"has-text-align-justify wp-block-paragraph\">Kto\u015b to robi\u0142, robi i dzisiaj i dlatego opowiadania te powsta\u0142y. Kanibalizm jest r\u00f3wnie realny jak sabaty czarownic, maj\u0105ce najwidoczniej pierwotnie miejsce w \u017cydowski szabat, co t\u0142umaczy ich nazw\u0119. Uff.<\/p>\n\n\n\n<p class=\"has-text-align-justify wp-block-paragraph\">O\u015bwiecenie i &#8220;epoka rozumu&#8221; mia\u0142y nas z tego wszystkiego wyzwoli\u0107, a spowodowa\u0142y znaczne pogorszenie sytuacji. Je\u015bli nikt w czary i kanibalizm nie wierzy, to nie b\u0119dzie tego ani szuka\u0107 ani kara\u0107.<\/p>\n\n\n\n<p class=\"has-text-align-justify wp-block-paragraph\">Zauwa\u017cmy, \u017ce nie jest wa\u017cne, co si\u0119 sta\u0142o, tylko to, czy policjant, prokurator, s\u0119dzia w to uwierzy.<\/p>\n\n\n\n<p class=\"has-text-align-justify wp-block-paragraph\">By\u0107 mo\u017ce akta Epsteina zmieni\u0105 kodeks karny i ponownie wprowadz\u0105 kary za czary lub uczestnictwo w rytua\u0142ach. <\/p>\n\n\n\n<p class=\"has-text-align-justify wp-block-paragraph\">Jak pami\u0119tamy z lektury <em>M\u0142ota na czarownice <\/em>lub <em>Daemonolatreaie libri tres  <\/em>s\u0119dziego <a type=\"link\" id=\"https:\/\/pl.wikipedia.org\/wiki\/Nicholas_R%C3%A9my\" href=\"https:\/\/pl.wikipedia.org\/wiki\/Nicholas_R%C3%A9my\" target=\"_blank\" rel=\"noreferrer noopener\">Remy<\/a> czary karane by\u0142y przez w\u0142adz\u0119 \u015bwieck\u0105, nie przez Ko\u015bci\u00f3\u0142.<\/p>\n\n\n\n<p class=\"has-text-align-justify wp-block-paragraph\">By\u0142o tak dlatego, poniewa\u017c prawie zawsze zwi\u0105zane by\u0142y z morderstwem, gwa\u0142tem, uprowadzeniem, trucicielstwem etc. Czary wyrz\u0105dza\u0142y wymierne szkody ludziom i zwierz\u0119tom. <\/p>\n\n\n\n<p class=\"has-text-align-justify wp-block-paragraph\">Zatem te wszystkie kuchnie czarownic zawieraj\u0105ce sad\u0142o z ludzi by\u0142y i s\u0105 prawdziwe.<\/p>\n\n\n\n<p class=\"has-text-align-justify wp-block-paragraph\">Obecnie ludzie \u0142api\u0105 si\u0119 za g\u0142owy, a ich umys\u0142y broni\u0105 si\u0119 przed przyj\u0119ciem tej prawdy. <\/p>\n\n\n\n<h3 class=\"wp-block-heading has-text-align-justify\">Zmiana liturgii i zmiana postrzegania rzeczywisto\u015bci<\/h3>\n\n\n\n<p class=\"has-text-align-justify wp-block-paragraph\">A tymczasem Ko\u015bci\u00f3\u0142 do roku 1910 co sobot\u0119 przypomina\u0142 o tej rzeczywisto\u015bci w brewiarzowych psalmach swoim kap\u0142anom. <\/p>\n\n\n\n<p class=\"has-text-align-justify wp-block-paragraph\">Je\u015bli si\u0119 o <em>sacrificia mortuorum<\/em> &#8211; &#8220;ofiarach dla\/ze zmar\u0142ych&#8221; regularnie czyta, to jednak cz\u0142owiek zastanawia si\u0119 nad tym, co one te\u017c znacz\u0105.<\/p>\n\n\n\n<p class=\"has-text-align-justify wp-block-paragraph\">Niestety grup\u0105 zawodow\u0105, kt\u00f3ra si\u0119 obecnie najbardziej przeciwko uznaniu:<\/p>\n\n\n\n<ul class=\"wp-block-list\">\n<li>czar\u00f3w, <\/li>\n\n\n\n<li>kanibalizmu,<\/li>\n\n\n\n<li>mord\u00f3w rytualnych <\/li>\n<\/ul>\n\n\n\n<p class=\"wp-block-paragraph\"><\/p>\n\n\n\n<p class=\"has-text-align-justify wp-block-paragraph\">broni s\u0105 w\u0142a\u015bnie ksi\u0119\u017ca. To oni, pod wp\u0142ywem Vat. II, wmawiali nam, \u017ce te wszystkie biblijne historie, zw\u0142aszcza w odniesieniu do Starego Testamentu, to &#8220;bajki&#8221;, kt\u00f3rych za powa\u017cnie traktowa\u0107 nie mo\u017cna. <\/p>\n\n\n\n<p class=\"has-text-align-justify wp-block-paragraph\">Niestety, im kto\u015b bardziej wykszta\u0142cony tym bardziej w t\u0119 o\u015bwieceniow\u0105 narracj\u0119 wierzy\u0142.<\/p>\n\n\n\n<p class=\"has-text-align-justify wp-block-paragraph\">M\u00f3wili, \u017ce te wszystkie oskar\u017cenia \u017byd\u00f3w o mordy rytualne to antysemicka bzdura. Nie ma czar\u00f3w, okultyzmu ani niczego nadprzyrodzonego. <\/p>\n\n\n\n<p class=\"has-text-align-justify wp-block-paragraph\">A religia najwyra\u017aniej polega na b\u0142ogos\u0142awieniu sodomit\u00f3w z Pachamam\u0105 w tle.<\/p>\n\n\n\n<p class=\"has-text-align-justify wp-block-paragraph\">Autor czeka na pierwsze wyst\u0105pienia biskup\u00f3w w obronie Epsteina i jego kr\u0119gu. Zastanawia si\u0119 te\u017c, jak wyja\u015bni\u0105 fakt, \u017ce wi\u0119kszo\u015b\u0107 korespondent\u00f3w Epsteina to w\u0142a\u015bnie \u017bydzi (w tym jeden by\u0142y premier Izraela) i to naprawd\u0119 bardzo wp\u0142ywowi i ustosunkowani. <\/p>\n\n\n\n<p class=\"has-text-align-justify wp-block-paragraph\">Nikt w to nie wierzy\u0142, a\u017c zobaczy\u0142 czarno na bia\u0142ym. Jak autor. Wi\u0119cej wniosk\u00f3w przyniesie usuni\u0119cie cenzury oraz opublikowanie kolejnych 3 milion\u00f3w akt.<\/p>\n\n\n\n<h3 class=\"wp-block-heading\">Matrix i niepewna przysz\u0142o\u015b\u0107<\/h3>\n\n\n\n<p class=\"has-text-align-justify wp-block-paragraph\">Wszyscy musimy przyzna\u0107, \u017ce nie mamy poj\u0119cia o tym, jak \u015bwiat dzia\u0142a i wygl\u0105da, bo uwierzyli\u015bmy wszechobecnej propagandzie, a ludzie twierdz\u0105cych co innego, uznali\u015bmy za wariat\u00f3w. <\/p>\n\n\n\n<p class=\"has-text-align-justify wp-block-paragraph\">Kiedy\u015b Ko\u015bci\u00f3\u0142 formowa\u0142 nasze poj\u0119cie o rzeczywisto\u015bci, ale zrezygnowa\u0142 z tego po 1962 roku. Nowe t\u0142umaczenie Biblii, patrz wy\u017cej podane t\u0142umaczenie Biblii Tysi\u0105clecia, mocno sprawy odrealni\u0142o. <\/p>\n\n\n\n<p class=\"has-text-align-justify wp-block-paragraph\">Obecne czytania brewiarzowe oparte na nowym t\u0142umaczeniu Pisma zosta\u0142y ocenzurowane i pozbawione np. tzw. &#8220;psalm\u00f3w z\u0142orzecz\u0105cych&#8221;. <\/p>\n\n\n\n<p class=\"has-text-align-justify wp-block-paragraph\">Przypuszczalnie \u017caden ksi\u0105dz czy zakonnik powy\u017cszych fragment\u00f3w (Ps 105, 35-41) nie przeczyta, wi\u0119c nie b\u0119dzie te\u017c tych tre\u015bci rozwa\u017ca\u0142.<\/p>\n\n\n\n<p class=\"has-text-align-justify wp-block-paragraph\">Autora zastanawia fakt, \u017ce Epstein w og\u00f3le zosta\u0142 po raz drugi aresztowany, a jego pliki, przynajmniej cz\u0119\u015bciowo, opublikowane. Nie ma tutaj wi\u0119kszego znaczenia, czy nadal \u017cyje czy umar\u0142, bo obecnie wszyscy mamy dost\u0119p do akt.  <\/p>\n\n\n\n<p class=\"has-text-align-justify wp-block-paragraph\">Skoro, jak przyjmujemy,  jedynie ma\u0142a grupa ludzi rz\u0105dzi \u015bwiatem, to kto\u015b musia\u0142 wyda\u0107 na odtajnienie akt Epsteina zgod\u0119. Z pewno\u015bci\u0105 nie by\u0142 to Trump, gdy\u017c jego post\u0119powanie by\u0142o wi\u0119cej ni\u017c m\u0119tne.<\/p>\n\n\n\n<p class=\"has-text-align-justify wp-block-paragraph\">Nagle mainstreamowe media maj\u0105 zielone \u015bwiat\u0142o na m\u00f3wienie o tym, a na youtubie pojawi\u0142o si\u0119 mn\u00f3stwo niegdy\u015b ocenzurowanych, tre\u015bci. <\/p>\n\n\n\n<p class=\"has-text-align-justify wp-block-paragraph\">Tak\u017ce tych, kt\u00f3re jeszcze niedawno uchodzi\u0142y za &#8220;antysemityzm&#8221; i &#8220;mow\u0119 nienawi\u015bci&#8221;. Najwyra\u017aniej tak\u017ce na youtube kto\u015b przekr\u0119ci\u0142 wajch\u0119.<\/p>\n\n\n\n<blockquote class=\"wp-block-quote has-normal-font-size is-layout-flow wp-block-quote-is-layout-flow\">\n<p class=\"wp-block-paragraph\">Dlaczego?<\/p>\n<\/blockquote>\n\n\n\n<p class=\"has-text-align-justify wp-block-paragraph\">Tego autor nie wie, ale najwyra\u017aniej chodzi wymian\u0119 elit, ukazuj\u0105c kompromitacj\u0119 tych ostatnich. <\/p>\n\n\n\n<p class=\"has-text-align-justify wp-block-paragraph\">Mo\u017ce chodzi o to, by ludzie domagali si\u0119 zniesienia demokracji i wprowadzenia jednoosobowych rz\u0105d\u00f3w Antychrysta? Wszystko mo\u017cliwe.<\/p>\n\n\n\n<p class=\"has-text-align-justify wp-block-paragraph\">Skoro &#8220;nie ma honoru w\u015br\u00f3d z\u0142odziei&#8221;, to osoby figuruj\u0105ce na li\u015bcie Epsteina mog\u0105 poczu\u0107 si\u0119 zawiedzione, \u017ce wystawili ich ci, kt\u00f3rym zaufali i po\u015bwi\u0119cali si\u0119 w rytua\u0142ach. Mo\u017ce stali si\u0119 zbyt chciwi i nale\u017ca\u0142o ich wymieni\u0107 na ubo\u017cszych i pokorniejszych?<\/p>\n\n\n\n<p class=\"has-text-align-justify wp-block-paragraph\">Trump, jego \u017cona i ludzie z jego otoczenia s\u0105 w aktach Epsteina. Mimo to akta zosta\u0142y ujawnione, bo kto\u015b Trumpa do tego zmusi\u0142. Z pewno\u015bci\u0105 teraz wybor\u00f3w midterm nie wygra. Wi\u0119c po co?<\/p>\n\n\n\n<p class=\"has-text-align-justify wp-block-paragraph\">Tego autor nie wie, ale wie, \u017ce Opatrzno\u015b\u0107 dzia\u0142a przez wszystko i my kiedy\u015b si\u0119 o wszystkim dowiemy. Amen.<\/p>\n\n\n\n<div class=\"wp-block-kadence-infobox kt-info-box74405_787106-ce\"><a class=\"kt-blocks-info-box-link-wrap info-box-link kt-blocks-info-box-media-align-top kt-info-halign-center\" target=\"_blank\" rel=\"noopener noreferrer\" href=\"https:\/\/wobronietradycjiiwiary.com\/pl\/subskrypcje-2\/\"><div class=\"kt-blocks-info-box-media-container\"><div class=\"kt-blocks-info-box-media kt-info-media-animate-none\"><div class=\"kadence-info-box-image-inner-intrisic-container\"><div class=\"kadence-info-box-image-intrisic kt-info-animate-none\"><div class=\"kadence-info-box-image-inner-intrisic\"><img decoding=\"async\" data-attachment-id=\"99768\" data-permalink=\"https:\/\/wobronietradycjiiwiary.com\/pl\/cropped-cropped-st-peters-dome-vatican-1-jpg\/\" data-orig-file=\"https:\/\/wobronietradycjiiwiary.com\/wp-content\/uploads\/2015\/10\/cropped-cropped-st-peters-dome-vatican-1.jpg\" data-orig-size=\"512,512\" data-comments-opened=\"1\" data-image-meta=\"{&quot;aperture&quot;:&quot;0&quot;,&quot;credit&quot;:&quot;&quot;,&quot;camera&quot;:&quot;&quot;,&quot;caption&quot;:&quot;&quot;,&quot;created_timestamp&quot;:&quot;0&quot;,&quot;copyright&quot;:&quot;&quot;,&quot;focal_length&quot;:&quot;0&quot;,&quot;iso&quot;:&quot;0&quot;,&quot;shutter_speed&quot;:&quot;0&quot;,&quot;title&quot;:&quot;&quot;,&quot;orientation&quot;:&quot;0&quot;}\" data-image-title=\"cropped-cropped-st-peters-dome-vatican-1.jpg\" data-image-description=\"&lt;p&gt;https:\/\/wobronietradycjiiwiary.com\/wp-content\/uploads\/2015\/10\/cropped-cropped-st-peters-dome-vatican-1.jpg&lt;\/p&gt;\n\" data-image-caption=\"\" data-large-file=\"https:\/\/wobronietradycjiiwiary.com\/wp-content\/uploads\/2015\/10\/cropped-cropped-st-peters-dome-vatican-1.jpg\" src=\"https:\/\/wobronietradycjiiwiary.com\/wp-content\/uploads\/2015\/10\/cropped-cropped-st-peters-dome-vatican-1-150x150.jpg\" alt=\"\" width=\"150\" height=\"150\" class=\"kt-info-box-image wp-image-99768\" srcset=\"https:\/\/wobronietradycjiiwiary.com\/wp-content\/uploads\/2015\/10\/cropped-cropped-st-peters-dome-vatican-1-150x150.jpg 150w, https:\/\/wobronietradycjiiwiary.com\/wp-content\/uploads\/2015\/10\/cropped-cropped-st-peters-dome-vatican-1-300x300.jpg 300w, https:\/\/wobronietradycjiiwiary.com\/wp-content\/uploads\/2015\/10\/cropped-cropped-st-peters-dome-vatican-1-12x12.jpg 12w, https:\/\/wobronietradycjiiwiary.com\/wp-content\/uploads\/2015\/10\/cropped-cropped-st-peters-dome-vatican-1-400x400.jpg?crop=1 400w, https:\/\/wobronietradycjiiwiary.com\/wp-content\/uploads\/2015\/10\/cropped-cropped-st-peters-dome-vatican-1-200x200.jpg?crop=1 200w, https:\/\/wobronietradycjiiwiary.com\/wp-content\/uploads\/2015\/10\/cropped-cropped-st-peters-dome-vatican-1-100x100.jpg?crop=1 100w, https:\/\/wobronietradycjiiwiary.com\/wp-content\/uploads\/2015\/10\/cropped-cropped-st-peters-dome-vatican-1-270x270.jpg 270w, https:\/\/wobronietradycjiiwiary.com\/wp-content\/uploads\/2015\/10\/cropped-cropped-st-peters-dome-vatican-1-192x192.jpg 192w, https:\/\/wobronietradycjiiwiary.com\/wp-content\/uploads\/2015\/10\/cropped-cropped-st-peters-dome-vatican-1-180x180.jpg 180w, https:\/\/wobronietradycjiiwiary.com\/wp-content\/uploads\/2015\/10\/cropped-cropped-st-peters-dome-vatican-1-32x32.jpg 32w, https:\/\/wobronietradycjiiwiary.com\/wp-content\/uploads\/2015\/10\/cropped-cropped-st-peters-dome-vatican-1.jpg 512w\" sizes=\"(max-width: 150px) 100vw, 150px\" \/><\/div><\/div><\/div><\/div><\/div><div class=\"kt-infobox-textcontent\"><h2 class=\"kt-blocks-info-box-title\">Chcesz czyta\u0107 wszystko?<\/h2><p class=\"kt-blocks-info-box-text\"><strong>Wykup abonament.<\/strong><\/p><\/div><\/a><\/div>\n\n\n\n<div class=\"wp-block-cover aligncenter\" style=\"min-height:361px;aspect-ratio:unset;\"><img decoding=\"async\" width=\"524\" height=\"539\" data-attachment-id=\"115630\" data-permalink=\"https:\/\/wobronietradycjiiwiary.com\/pl\/church-militant-o-naduzyciach-seksualnych-w-bractwie-sw-piusa-x-nowy-cykl\/ec48bf44892c29b895741920e0bdef09-2\/\" data-orig-file=\"https:\/\/wobronietradycjiiwiary.com\/wp-content\/uploads\/2024\/04\/ec48bf44892c29b895741920e0bdef09.jpg\" data-orig-size=\"524,539\" data-comments-opened=\"1\" data-image-meta=\"{&quot;aperture&quot;:&quot;0&quot;,&quot;credit&quot;:&quot;&quot;,&quot;camera&quot;:&quot;&quot;,&quot;caption&quot;:&quot;&quot;,&quot;created_timestamp&quot;:&quot;0&quot;,&quot;copyright&quot;:&quot;&quot;,&quot;focal_length&quot;:&quot;0&quot;,&quot;iso&quot;:&quot;0&quot;,&quot;shutter_speed&quot;:&quot;0&quot;,&quot;title&quot;:&quot;&quot;,&quot;orientation&quot;:&quot;0&quot;}\" data-image-title=\"ec48bf44892c29b895741920e0bdef09\" data-image-description=\"\" data-image-caption=\"\" data-large-file=\"https:\/\/wobronietradycjiiwiary.com\/wp-content\/uploads\/2024\/04\/ec48bf44892c29b895741920e0bdef09.jpg\" class=\"wp-block-cover__image-background wp-image-115630\" alt=\"\" src=\"https:\/\/wobronietradycjiiwiary.com\/wp-content\/uploads\/2024\/04\/ec48bf44892c29b895741920e0bdef09.jpg\" style=\"object-position:57% 0%\" data-object-fit=\"cover\" data-object-position=\"57% 0%\" srcset=\"https:\/\/wobronietradycjiiwiary.com\/wp-content\/uploads\/2024\/04\/ec48bf44892c29b895741920e0bdef09.jpg 524w, https:\/\/wobronietradycjiiwiary.com\/wp-content\/uploads\/2024\/04\/ec48bf44892c29b895741920e0bdef09-450x463.jpg 450w, https:\/\/wobronietradycjiiwiary.com\/wp-content\/uploads\/2024\/04\/ec48bf44892c29b895741920e0bdef09-292x300.jpg 292w, https:\/\/wobronietradycjiiwiary.com\/wp-content\/uploads\/2024\/04\/ec48bf44892c29b895741920e0bdef09-146x150.jpg 146w, https:\/\/wobronietradycjiiwiary.com\/wp-content\/uploads\/2024\/04\/ec48bf44892c29b895741920e0bdef09-12x12.jpg 12w, https:\/\/wobronietradycjiiwiary.com\/wp-content\/uploads\/2024\/04\/ec48bf44892c29b895741920e0bdef09-58x60.jpg 58w, https:\/\/wobronietradycjiiwiary.com\/wp-content\/uploads\/2024\/04\/ec48bf44892c29b895741920e0bdef09-87x90.jpg 87w\" sizes=\"(max-width: 524px) 100vw, 524px\" \/><span aria-hidden=\"true\" class=\"wp-block-cover__background has-background-dim\"><\/span><div class=\"wp-block-cover__inner-container is-layout-flow wp-block-cover-is-layout-flow\">\n<p class=\"has-text-align-center has-large-font-size wp-block-paragraph\"><mark style=\"background-color:rgba(0, 0, 0, 0)\" class=\"has-inline-color has-luminous-vivid-amber-color\"><strong>Spodoba\u0142o si\u0119? Wspieraj nas!<\/strong><\/mark><\/p>\n\n\n\n<p class=\"has-text-align-center wp-block-paragraph\"><strong>Kart\u0105, paypalem lub bezpo\u015brednim przelewem<\/strong>.<\/p>\n\n\n\n<p class=\"has-text-align-center wp-block-paragraph\" style=\"font-size:39px\"><a aria-label=\" (opens in a new tab)\" class=\"ek-link\" href=\"https:\/\/donate.stripe.com\/6oE7uNfHU4nXe2I7su\" target=\"_blank\" rel=\"noreferrer noopener\"><mark style=\"background-color:rgba(0, 0, 0, 0)\" class=\"has-inline-color has-white-color\"><strong>Datki<\/strong> <\/mark><\/a><\/p>\n<\/div><\/div>\n","protected":false},"excerpt":{"rendered":"<p>O lekturze brewiarza z &#8220;beef jerky&#8221; w tle.<\/p>\n","protected":false},"author":60508433,"featured_media":160895,"comment_status":"open","ping_status":"open","sticky":false,"template":"","format":"standard","meta":{"_bbp_topic_count":0,"_bbp_reply_count":0,"_bbp_total_topic_count":0,"_bbp_total_reply_count":0,"_bbp_voice_count":0,"_bbp_anonymous_reply_count":0,"_bbp_topic_count_hidden":0,"_bbp_reply_count_hidden":0,"_bbp_forum_subforum_count":0,"_editorskit_title_hidden":false,"_editorskit_reading_time":0,"_editorskit_is_block_options_detached":false,"_editorskit_block_options_position":"{}","_coblocks_attr":"","_coblocks_dimensions":"","_coblocks_responsive_height":"","_coblocks_accordion_ie_support":"","_exactmetrics_skip_tracking":false,"_jetpack_newsletter_access":"","_jetpack_dont_email_post_to_subs":false,"_jetpack_newsletter_tier_id":0,"_jetpack_memberships_contains_paywalled_content":false,"_wpcom_ai_launchpad_first_post":false,"_jetpack_feature_clip_id":0,"_jetpack_memberships_contains_paid_content":false,"footnotes":"","jetpack_publicize_message":"{title}\n\n{excerpt}\n\n{url}","jetpack_publicize_feature_enabled":true,"jetpack_social_post_already_shared":true,"jetpack_social_options":{"image_generator_settings":{"template":"highway","default_image_id":0,"font":"","enabled":false},"version":2},"_wpas_customize_per_network":false,"jetpack_post_was_ever_published":false},"categories":[610136056,610136054],"tags":[610136020,610133225,610136026,610136027],"class_list":["post-160870","post","type-post","status-publish","format-standard","has-post-thumbnail","hentry","category-akta-epsteina","category-swiat-i-polityka","tag-epstein","tag-kanibalizm","tag-kulty","tag-sacrificia-mortuorum"],"yoast_head":"<!-- This site is optimized with the Yoast SEO plugin v28.4 - https:\/\/yoast.com\/product\/yoast-seo-wordpress\/ -->\n<title>Sobotni brewiarz i ofiary z dzieci - Tradycja i Wiara<\/title>\n<meta name=\"robots\" content=\"index, follow, max-snippet:-1, max-image-preview:large, max-video-preview:-1\" \/>\n<link rel=\"canonical\" href=\"https:\/\/wobronietradycjiiwiary.com\/pl\/sobotni-brewiarz-i-ofiary-z-dzieci\/\" \/>\n<meta property=\"og:locale\" content=\"pl_PL\" \/>\n<meta property=\"og:type\" content=\"article\" \/>\n<meta property=\"og:title\" content=\"Sobotni brewiarz i ofiary z dzieci - Tradycja i Wiara\" \/>\n<meta property=\"og:description\" content=\"O lekturze brewiarza z &quot;beef jerky&quot; w tle.\" \/>\n<meta property=\"og:url\" content=\"https:\/\/wobronietradycjiiwiary.com\/pl\/sobotni-brewiarz-i-ofiary-z-dzieci\/\" \/>\n<meta property=\"og:site_name\" content=\"Tradycja i Wiara\" \/>\n<meta property=\"article:publisher\" content=\"https:\/\/www.facebook.com\/Tradycja-i-Wiara-108813920592249\" \/>\n<meta property=\"article:published_time\" content=\"2026-02-14T14:41:14+00:00\" \/>\n<meta property=\"article:modified_time\" content=\"2026-03-07T12:54:33+00:00\" \/>\n<meta property=\"og:image\" content=\"https:\/\/wobronietradycjiiwiary.com\/wp-content\/uploads\/2026\/02\/Gregorio_Lazzarini_-_Orpheus_and_the_Bacchantes_-_WGA12527.jpg\" \/>\n\t<meta property=\"og:image:width\" content=\"1030\" \/>\n\t<meta property=\"og:image:height\" content=\"632\" \/>\n\t<meta property=\"og:image:type\" content=\"image\/jpeg\" \/>\n<meta name=\"author\" content=\"Traditio et Fides\" \/>\n<meta name=\"twitter:card\" content=\"summary_large_image\" \/>\n<meta name=\"twitter:label1\" content=\"Napisane przez\" \/>\n\t<meta name=\"twitter:data1\" content=\"Traditio et Fides\" \/>\n\t<meta name=\"twitter:label2\" content=\"Szacowany czas czytania\" \/>\n\t<meta name=\"twitter:data2\" content=\"13 minut\" \/>\n<script type=\"application\/ld+json\" class=\"yoast-schema-graph\">{\"@context\":\"https:\\\/\\\/schema.org\",\"@graph\":[{\"@type\":\"Article\",\"@id\":\"https:\\\/\\\/wobronietradycjiiwiary.com\\\/sobotni-brewiarz-i-ofiary-z-dzieci\\\/#article\",\"isPartOf\":{\"@id\":\"https:\\\/\\\/wobronietradycjiiwiary.com\\\/sobotni-brewiarz-i-ofiary-z-dzieci\\\/\"},\"author\":{\"name\":\"Traditio et Fides\",\"@id\":\"https:\\\/\\\/wobronietradycjiiwiary.com\\\/pl\\\/#\\\/schema\\\/person\\\/2d6180ce6abcb681fef0daab7816e8f3\"},\"headline\":\"Sobotni brewiarz i ofiary z dzieci\",\"datePublished\":\"2026-02-14T14:41:14+00:00\",\"dateModified\":\"2026-03-07T12:54:33+00:00\",\"mainEntityOfPage\":{\"@id\":\"https:\\\/\\\/wobronietradycjiiwiary.com\\\/sobotni-brewiarz-i-ofiary-z-dzieci\\\/\"},\"wordCount\":2412,\"commentCount\":0,\"publisher\":{\"@id\":\"https:\\\/\\\/wobronietradycjiiwiary.com\\\/pl\\\/#organization\"},\"image\":{\"@id\":\"https:\\\/\\\/wobronietradycjiiwiary.com\\\/sobotni-brewiarz-i-ofiary-z-dzieci\\\/#primaryimage\"},\"thumbnailUrl\":\"https:\\\/\\\/wobronietradycjiiwiary.com\\\/wp-content\\\/uploads\\\/2026\\\/02\\\/Gregorio_Lazzarini_-_Orpheus_and_the_Bacchantes_-_WGA12527.jpg\",\"keywords\":[\"Epstein\",\"kanibalizm\",\"kulty\",\"sacrificia mortuorum\"],\"articleSection\":[\"Akta Epsteina\",\"\u015awiat i polityka\"],\"inLanguage\":\"pl-PL\",\"potentialAction\":[{\"@type\":\"CommentAction\",\"name\":\"Comment\",\"target\":[\"https:\\\/\\\/wobronietradycjiiwiary.com\\\/sobotni-brewiarz-i-ofiary-z-dzieci\\\/#respond\"]}]},{\"@type\":\"WebPage\",\"@id\":\"https:\\\/\\\/wobronietradycjiiwiary.com\\\/sobotni-brewiarz-i-ofiary-z-dzieci\\\/\",\"url\":\"https:\\\/\\\/wobronietradycjiiwiary.com\\\/sobotni-brewiarz-i-ofiary-z-dzieci\\\/\",\"name\":\"Sobotni brewiarz i ofiary z dzieci - Tradycja i Wiara\",\"isPartOf\":{\"@id\":\"https:\\\/\\\/wobronietradycjiiwiary.com\\\/pl\\\/#website\"},\"primaryImageOfPage\":{\"@id\":\"https:\\\/\\\/wobronietradycjiiwiary.com\\\/sobotni-brewiarz-i-ofiary-z-dzieci\\\/#primaryimage\"},\"image\":{\"@id\":\"https:\\\/\\\/wobronietradycjiiwiary.com\\\/sobotni-brewiarz-i-ofiary-z-dzieci\\\/#primaryimage\"},\"thumbnailUrl\":\"https:\\\/\\\/wobronietradycjiiwiary.com\\\/wp-content\\\/uploads\\\/2026\\\/02\\\/Gregorio_Lazzarini_-_Orpheus_and_the_Bacchantes_-_WGA12527.jpg\",\"datePublished\":\"2026-02-14T14:41:14+00:00\",\"dateModified\":\"2026-03-07T12:54:33+00:00\",\"breadcrumb\":{\"@id\":\"https:\\\/\\\/wobronietradycjiiwiary.com\\\/sobotni-brewiarz-i-ofiary-z-dzieci\\\/#breadcrumb\"},\"inLanguage\":\"pl-PL\",\"potentialAction\":[{\"@type\":\"ReadAction\",\"target\":[\"https:\\\/\\\/wobronietradycjiiwiary.com\\\/sobotni-brewiarz-i-ofiary-z-dzieci\\\/\"]}]},{\"@type\":\"ImageObject\",\"inLanguage\":\"pl-PL\",\"@id\":\"https:\\\/\\\/wobronietradycjiiwiary.com\\\/sobotni-brewiarz-i-ofiary-z-dzieci\\\/#primaryimage\",\"url\":\"https:\\\/\\\/wobronietradycjiiwiary.com\\\/wp-content\\\/uploads\\\/2026\\\/02\\\/Gregorio_Lazzarini_-_Orpheus_and_the_Bacchantes_-_WGA12527.jpg\",\"contentUrl\":\"https:\\\/\\\/wobronietradycjiiwiary.com\\\/wp-content\\\/uploads\\\/2026\\\/02\\\/Gregorio_Lazzarini_-_Orpheus_and_the_Bacchantes_-_WGA12527.jpg\",\"width\":1030,\"height\":632},{\"@type\":\"BreadcrumbList\",\"@id\":\"https:\\\/\\\/wobronietradycjiiwiary.com\\\/sobotni-brewiarz-i-ofiary-z-dzieci\\\/#breadcrumb\",\"itemListElement\":[{\"@type\":\"ListItem\",\"position\":1,\"name\":\"Strona g\u0142\u00f3wna\",\"item\":\"https:\\\/\\\/wobronietradycjiiwiary.com\\\/\"},{\"@type\":\"ListItem\",\"position\":2,\"name\":\"Sobotni brewiarz i ofiary z dzieci\"}]},{\"@type\":\"WebSite\",\"@id\":\"https:\\\/\\\/wobronietradycjiiwiary.com\\\/pl\\\/#website\",\"url\":\"https:\\\/\\\/wobronietradycjiiwiary.com\\\/pl\\\/\",\"name\":\"Tradycja i Wiara\",\"description\":\"Portal dla katolik\u00f3w.\",\"publisher\":{\"@id\":\"https:\\\/\\\/wobronietradycjiiwiary.com\\\/pl\\\/#organization\"},\"potentialAction\":[{\"@type\":\"SearchAction\",\"target\":{\"@type\":\"EntryPoint\",\"urlTemplate\":\"https:\\\/\\\/wobronietradycjiiwiary.com\\\/pl\\\/?s={search_term_string}\"},\"query-input\":{\"@type\":\"PropertyValueSpecification\",\"valueRequired\":true,\"valueName\":\"search_term_string\"}}],\"inLanguage\":\"pl-PL\"},{\"@type\":\"Organization\",\"@id\":\"https:\\\/\\\/wobronietradycjiiwiary.com\\\/pl\\\/#organization\",\"name\":\"Tradycja i Wiara\",\"url\":\"https:\\\/\\\/wobronietradycjiiwiary.com\\\/pl\\\/\",\"logo\":{\"@type\":\"ImageObject\",\"inLanguage\":\"pl-PL\",\"@id\":\"https:\\\/\\\/wobronietradycjiiwiary.com\\\/pl\\\/#\\\/schema\\\/logo\\\/image\\\/\",\"url\":\"https:\\\/\\\/i0.wp.com\\\/wobronietradycjiiwiary.com\\\/wp-content\\\/uploads\\\/2015\\\/10\\\/cropped-st-peters-dome-vatican.jpg?fit=940%2C198&ssl=1\",\"contentUrl\":\"https:\\\/\\\/i0.wp.com\\\/wobronietradycjiiwiary.com\\\/wp-content\\\/uploads\\\/2015\\\/10\\\/cropped-st-peters-dome-vatican.jpg?fit=940%2C198&ssl=1\",\"width\":940,\"height\":198,\"caption\":\"Tradycja i Wiara\"},\"image\":{\"@id\":\"https:\\\/\\\/wobronietradycjiiwiary.com\\\/pl\\\/#\\\/schema\\\/logo\\\/image\\\/\"},\"sameAs\":[\"https:\\\/\\\/www.facebook.com\\\/Tradycja-i-Wiara-108813920592249\"]},{\"@type\":\"Person\",\"@id\":\"https:\\\/\\\/wobronietradycjiiwiary.com\\\/pl\\\/#\\\/schema\\\/person\\\/2d6180ce6abcb681fef0daab7816e8f3\",\"name\":\"Traditio et Fides\",\"sameAs\":[\"https:\\\/\\\/traditionundglauben.com\"],\"url\":\"https:\\\/\\\/wobronietradycjiiwiary.com\\\/pl\\\/author\\\/wobronietradycjiiwiary\\\/\"}]}<\/script>\n<!-- \/ Yoast SEO plugin. -->","yoast_head_json":{"title":"Sobotni brewiarz i ofiary z dzieci - Tradycja i Wiara","robots":{"index":"index","follow":"follow","max-snippet":"max-snippet:-1","max-image-preview":"max-image-preview:large","max-video-preview":"max-video-preview:-1"},"canonical":"https:\/\/wobronietradycjiiwiary.com\/pl\/sobotni-brewiarz-i-ofiary-z-dzieci\/","og_locale":"pl_PL","og_type":"article","og_title":"Sobotni brewiarz i ofiary z dzieci - Tradycja i Wiara","og_description":"O lekturze brewiarza z \"beef jerky\" w tle.","og_url":"https:\/\/wobronietradycjiiwiary.com\/pl\/sobotni-brewiarz-i-ofiary-z-dzieci\/","og_site_name":"Tradycja i Wiara","article_publisher":"https:\/\/www.facebook.com\/Tradycja-i-Wiara-108813920592249","article_published_time":"2026-02-14T14:41:14+00:00","article_modified_time":"2026-03-07T12:54:33+00:00","og_image":[{"width":1030,"height":632,"url":"https:\/\/wobronietradycjiiwiary.com\/wp-content\/uploads\/2026\/02\/Gregorio_Lazzarini_-_Orpheus_and_the_Bacchantes_-_WGA12527.jpg","type":"image\/jpeg"}],"author":"Traditio et Fides","twitter_card":"summary_large_image","twitter_misc":{"Napisane przez":"Traditio et Fides","Szacowany czas czytania":"13 minut"},"schema":{"@context":"https:\/\/schema.org","@graph":[{"@type":"Article","@id":"https:\/\/wobronietradycjiiwiary.com\/sobotni-brewiarz-i-ofiary-z-dzieci\/#article","isPartOf":{"@id":"https:\/\/wobronietradycjiiwiary.com\/sobotni-brewiarz-i-ofiary-z-dzieci\/"},"author":{"name":"Traditio et Fides","@id":"https:\/\/wobronietradycjiiwiary.com\/pl\/#\/schema\/person\/2d6180ce6abcb681fef0daab7816e8f3"},"headline":"Sobotni brewiarz i ofiary z dzieci","datePublished":"2026-02-14T14:41:14+00:00","dateModified":"2026-03-07T12:54:33+00:00","mainEntityOfPage":{"@id":"https:\/\/wobronietradycjiiwiary.com\/sobotni-brewiarz-i-ofiary-z-dzieci\/"},"wordCount":2412,"commentCount":0,"publisher":{"@id":"https:\/\/wobronietradycjiiwiary.com\/pl\/#organization"},"image":{"@id":"https:\/\/wobronietradycjiiwiary.com\/sobotni-brewiarz-i-ofiary-z-dzieci\/#primaryimage"},"thumbnailUrl":"https:\/\/wobronietradycjiiwiary.com\/wp-content\/uploads\/2026\/02\/Gregorio_Lazzarini_-_Orpheus_and_the_Bacchantes_-_WGA12527.jpg","keywords":["Epstein","kanibalizm","kulty","sacrificia mortuorum"],"articleSection":["Akta Epsteina","\u015awiat i polityka"],"inLanguage":"pl-PL","potentialAction":[{"@type":"CommentAction","name":"Comment","target":["https:\/\/wobronietradycjiiwiary.com\/sobotni-brewiarz-i-ofiary-z-dzieci\/#respond"]}]},{"@type":"WebPage","@id":"https:\/\/wobronietradycjiiwiary.com\/sobotni-brewiarz-i-ofiary-z-dzieci\/","url":"https:\/\/wobronietradycjiiwiary.com\/sobotni-brewiarz-i-ofiary-z-dzieci\/","name":"Sobotni brewiarz i ofiary z dzieci - Tradycja i Wiara","isPartOf":{"@id":"https:\/\/wobronietradycjiiwiary.com\/pl\/#website"},"primaryImageOfPage":{"@id":"https:\/\/wobronietradycjiiwiary.com\/sobotni-brewiarz-i-ofiary-z-dzieci\/#primaryimage"},"image":{"@id":"https:\/\/wobronietradycjiiwiary.com\/sobotni-brewiarz-i-ofiary-z-dzieci\/#primaryimage"},"thumbnailUrl":"https:\/\/wobronietradycjiiwiary.com\/wp-content\/uploads\/2026\/02\/Gregorio_Lazzarini_-_Orpheus_and_the_Bacchantes_-_WGA12527.jpg","datePublished":"2026-02-14T14:41:14+00:00","dateModified":"2026-03-07T12:54:33+00:00","breadcrumb":{"@id":"https:\/\/wobronietradycjiiwiary.com\/sobotni-brewiarz-i-ofiary-z-dzieci\/#breadcrumb"},"inLanguage":"pl-PL","potentialAction":[{"@type":"ReadAction","target":["https:\/\/wobronietradycjiiwiary.com\/sobotni-brewiarz-i-ofiary-z-dzieci\/"]}]},{"@type":"ImageObject","inLanguage":"pl-PL","@id":"https:\/\/wobronietradycjiiwiary.com\/sobotni-brewiarz-i-ofiary-z-dzieci\/#primaryimage","url":"https:\/\/wobronietradycjiiwiary.com\/wp-content\/uploads\/2026\/02\/Gregorio_Lazzarini_-_Orpheus_and_the_Bacchantes_-_WGA12527.jpg","contentUrl":"https:\/\/wobronietradycjiiwiary.com\/wp-content\/uploads\/2026\/02\/Gregorio_Lazzarini_-_Orpheus_and_the_Bacchantes_-_WGA12527.jpg","width":1030,"height":632},{"@type":"BreadcrumbList","@id":"https:\/\/wobronietradycjiiwiary.com\/sobotni-brewiarz-i-ofiary-z-dzieci\/#breadcrumb","itemListElement":[{"@type":"ListItem","position":1,"name":"Strona g\u0142\u00f3wna","item":"https:\/\/wobronietradycjiiwiary.com\/"},{"@type":"ListItem","position":2,"name":"Sobotni brewiarz i ofiary z dzieci"}]},{"@type":"WebSite","@id":"https:\/\/wobronietradycjiiwiary.com\/pl\/#website","url":"https:\/\/wobronietradycjiiwiary.com\/pl\/","name":"Tradycja i Wiara","description":"Portal dla katolik\u00f3w.","publisher":{"@id":"https:\/\/wobronietradycjiiwiary.com\/pl\/#organization"},"potentialAction":[{"@type":"SearchAction","target":{"@type":"EntryPoint","urlTemplate":"https:\/\/wobronietradycjiiwiary.com\/pl\/?s={search_term_string}"},"query-input":{"@type":"PropertyValueSpecification","valueRequired":true,"valueName":"search_term_string"}}],"inLanguage":"pl-PL"},{"@type":"Organization","@id":"https:\/\/wobronietradycjiiwiary.com\/pl\/#organization","name":"Tradycja i Wiara","url":"https:\/\/wobronietradycjiiwiary.com\/pl\/","logo":{"@type":"ImageObject","inLanguage":"pl-PL","@id":"https:\/\/wobronietradycjiiwiary.com\/pl\/#\/schema\/logo\/image\/","url":"https:\/\/i0.wp.com\/wobronietradycjiiwiary.com\/wp-content\/uploads\/2015\/10\/cropped-st-peters-dome-vatican.jpg?fit=940%2C198&ssl=1","contentUrl":"https:\/\/i0.wp.com\/wobronietradycjiiwiary.com\/wp-content\/uploads\/2015\/10\/cropped-st-peters-dome-vatican.jpg?fit=940%2C198&ssl=1","width":940,"height":198,"caption":"Tradycja i Wiara"},"image":{"@id":"https:\/\/wobronietradycjiiwiary.com\/pl\/#\/schema\/logo\/image\/"},"sameAs":["https:\/\/www.facebook.com\/Tradycja-i-Wiara-108813920592249"]},{"@type":"Person","@id":"https:\/\/wobronietradycjiiwiary.com\/pl\/#\/schema\/person\/2d6180ce6abcb681fef0daab7816e8f3","name":"Traditio et Fides","sameAs":["https:\/\/traditionundglauben.com"],"url":"https:\/\/wobronietradycjiiwiary.com\/pl\/author\/wobronietradycjiiwiary\/"}]}},"jetpack_publicize_connections":[],"jetpack_sharing_enabled":true,"jetpack_likes_enabled":true,"jetpack_shortlink":"https:\/\/wp.me\/pc04Sd-FQG","jetpack-related-posts":[{"id":115113,"url":"https:\/\/wobronietradycjiiwiary.com\/pl\/gregory-di-pippo-kompendium-reform-brewiarza-rzymskiego-1568-1961-lub-nowy-cykl-gigant\/","url_meta":{"origin":160870,"position":0},"title":"&#8220;Gregory di Pippo, Kompendium reform Brewiarza Rzymskiego, 1568-1961&#8221; lub nowy cykl gigant","author":"Traditio et Fides","date":"25 marca 2024","format":false,"excerpt":"Wst\u0119p do cyklu o reformach Brewiarza Rzymskiego Gregory di Pippo","rel":"","context":"W \u201eDuchowo\u015b\u0107&quot;","block_context":{"text":"Duchowo\u015b\u0107","link":"https:\/\/wobronietradycjiiwiary.com\/pl\/category\/duchowosc\/"},"img":{"alt_text":"","src":"https:\/\/i0.wp.com\/wobronietradycjiiwiary.com\/wp-content\/uploads\/2024\/03\/Carl_Spitzweg_-_Monch_an_Rose_riechend.jpg?resize=350%2C200&ssl=1","width":350,"height":200,"srcset":"https:\/\/i0.wp.com\/wobronietradycjiiwiary.com\/wp-content\/uploads\/2024\/03\/Carl_Spitzweg_-_Monch_an_Rose_riechend.jpg?resize=350%2C200&ssl=1 1x, https:\/\/i0.wp.com\/wobronietradycjiiwiary.com\/wp-content\/uploads\/2024\/03\/Carl_Spitzweg_-_Monch_an_Rose_riechend.jpg?resize=525%2C300&ssl=1 1.5x, https:\/\/i0.wp.com\/wobronietradycjiiwiary.com\/wp-content\/uploads\/2024\/03\/Carl_Spitzweg_-_Monch_an_Rose_riechend.jpg?resize=700%2C400&ssl=1 2x, https:\/\/i0.wp.com\/wobronietradycjiiwiary.com\/wp-content\/uploads\/2024\/03\/Carl_Spitzweg_-_Monch_an_Rose_riechend.jpg?resize=1050%2C600&ssl=1 3x, https:\/\/i0.wp.com\/wobronietradycjiiwiary.com\/wp-content\/uploads\/2024\/03\/Carl_Spitzweg_-_Monch_an_Rose_riechend.jpg?resize=1400%2C800&ssl=1 4x"},"classes":[]},{"id":115134,"url":"https:\/\/wobronietradycjiiwiary.com\/pl\/shawn-tribe-nowa-seria-nlm-kompendium-reform-brewiarza-rzymskiego-1568-1961\/","url_meta":{"origin":160870,"position":1},"title":"Shawn Tribe, Nowa seria NLM: Kompendium reform Brewiarza Rzymskiego, 1568-1961.","author":"Traditio et Fides","date":"25 marca 2024","format":false,"excerpt":"Wst\u0119p do cyklu Gregory di Pippo autorstwa Shawna Tribe'a.","rel":"","context":"W \u201eDuchowo\u015b\u0107&quot;","block_context":{"text":"Duchowo\u015b\u0107","link":"https:\/\/wobronietradycjiiwiary.com\/pl\/category\/duchowosc\/"},"img":{"alt_text":"","src":"https:\/\/i0.wp.com\/wobronietradycjiiwiary.com\/wp-content\/uploads\/2024\/03\/0000767591_OG.jpg?resize=350%2C200&ssl=1","width":350,"height":200,"srcset":"https:\/\/i0.wp.com\/wobronietradycjiiwiary.com\/wp-content\/uploads\/2024\/03\/0000767591_OG.jpg?resize=350%2C200&ssl=1 1x, https:\/\/i0.wp.com\/wobronietradycjiiwiary.com\/wp-content\/uploads\/2024\/03\/0000767591_OG.jpg?resize=525%2C300&ssl=1 1.5x, https:\/\/i0.wp.com\/wobronietradycjiiwiary.com\/wp-content\/uploads\/2024\/03\/0000767591_OG.jpg?resize=700%2C400&ssl=1 2x"},"classes":[]},{"id":112608,"url":"https:\/\/wobronietradycjiiwiary.com\/pl\/nowy-cykl-czytania-wielkopostne\/","url_meta":{"origin":160870,"position":2},"title":"Nowy cykl: Czytania wielkopostne","author":"Traditio et Fides","date":"14 lutego 2024","format":false,"excerpt":"O nowym cyklu czyta\u0144 wielkopostnych.","rel":"","context":"W \u201eDuchowo\u015b\u0107&quot;","block_context":{"text":"Duchowo\u015b\u0107","link":"https:\/\/wobronietradycjiiwiary.com\/pl\/category\/duchowosc\/"},"img":{"alt_text":"","src":"https:\/\/i0.wp.com\/wobronietradycjiiwiary.com\/wp-content\/uploads\/2024\/02\/web3-monks-eating-st-benedict-pd.jpg?resize=350%2C200&ssl=1","width":350,"height":200,"srcset":"https:\/\/i0.wp.com\/wobronietradycjiiwiary.com\/wp-content\/uploads\/2024\/02\/web3-monks-eating-st-benedict-pd.jpg?resize=350%2C200&ssl=1 1x, https:\/\/i0.wp.com\/wobronietradycjiiwiary.com\/wp-content\/uploads\/2024\/02\/web3-monks-eating-st-benedict-pd.jpg?resize=525%2C300&ssl=1 1.5x"},"classes":[]},{"id":161214,"url":"https:\/\/wobronietradycjiiwiary.com\/pl\/kazania-brewiarza-trydenckiego-czwartek-w-i-tygodniu-wielkiego-postu\/","url_meta":{"origin":160870,"position":3},"title":"Kazania Brewiarza Trydenckiego: Czwartek w I tygodniu Wielkiego Postu","author":"Traditio et Fides","date":"26 lutego 2026","format":false,"excerpt":"Homilia Brewiarza Trydenckiego na czwartek pierwszego tygodnia Wielkiego Postu.","rel":"","context":"W \u201eBrewiarz rzymski&quot;","block_context":{"text":"Brewiarz rzymski","link":"https:\/\/wobronietradycjiiwiary.com\/pl\/category\/duchowosc\/liturgia-i-liturgika\/brewiarz-rzymski\/"},"img":{"alt_text":"","src":"https:\/\/i0.wp.com\/wobronietradycjiiwiary.com\/wp-content\/uploads\/2026\/02\/medieval-feast.jpg?resize=350%2C200&ssl=1","width":350,"height":200,"srcset":"https:\/\/i0.wp.com\/wobronietradycjiiwiary.com\/wp-content\/uploads\/2026\/02\/medieval-feast.jpg?resize=350%2C200&ssl=1 1x, https:\/\/i0.wp.com\/wobronietradycjiiwiary.com\/wp-content\/uploads\/2026\/02\/medieval-feast.jpg?resize=525%2C300&ssl=1 1.5x"},"classes":[]},{"id":166710,"url":"https:\/\/wobronietradycjiiwiary.com\/pl\/i-chodzil-moca-onego-jadla-az-do-gory-bozej\/","url_meta":{"origin":160870,"position":4},"title":"O brewiarzu lub &#8220;I chodzi\u0142 moc\u0105 onego jad\u0142a a\u017c do g\u00f3ry Bo\u017cej&#8221;.","author":"Traditio et Fides","date":"13 czerwca 2026","format":false,"excerpt":"O tym, \u017ce brewiarz trydencki jest duchowym jad\u0142em.","rel":"","context":"W \u201eAktualno\u015bci&quot;","block_context":{"text":"Aktualno\u015bci","link":"https:\/\/wobronietradycjiiwiary.com\/pl\/category\/wiadomosci\/"},"img":{"alt_text":"","src":"https:\/\/i0.wp.com\/wobronietradycjiiwiary.com\/wp-content\/uploads\/2026\/06\/Elias-Peter_Paul_after_Rubens_-_Flemish_tapestry_Series_The_Triumph_of_the_Eucharist_The_prophet_Elias_is_comfor_-_MeisterDrucke-1317357.jpg?resize=350%2C200&ssl=1","width":350,"height":200,"srcset":"https:\/\/i0.wp.com\/wobronietradycjiiwiary.com\/wp-content\/uploads\/2026\/06\/Elias-Peter_Paul_after_Rubens_-_Flemish_tapestry_Series_The_Triumph_of_the_Eucharist_The_prophet_Elias_is_comfor_-_MeisterDrucke-1317357.jpg?resize=350%2C200&ssl=1 1x, https:\/\/i0.wp.com\/wobronietradycjiiwiary.com\/wp-content\/uploads\/2026\/06\/Elias-Peter_Paul_after_Rubens_-_Flemish_tapestry_Series_The_Triumph_of_the_Eucharist_The_prophet_Elias_is_comfor_-_MeisterDrucke-1317357.jpg?resize=525%2C300&ssl=1 1.5x, https:\/\/i0.wp.com\/wobronietradycjiiwiary.com\/wp-content\/uploads\/2026\/06\/Elias-Peter_Paul_after_Rubens_-_Flemish_tapestry_Series_The_Triumph_of_the_Eucharist_The_prophet_Elias_is_comfor_-_MeisterDrucke-1317357.jpg?resize=700%2C400&ssl=1 2x"},"classes":[]},{"id":145419,"url":"https:\/\/wobronietradycjiiwiary.com\/pl\/brewiarz-trydencki-na-oktawe-bozego-ciala-piatek\/","url_meta":{"origin":160870,"position":5},"title":"Brewiarz Trydencki na Oktaw\u0119 Bo\u017cego Cia\u0142a &#8211; Pi\u0105tek","author":"Traditio et Fides","date":"20 czerwca 2025","format":false,"excerpt":"Brewiarz Trydencki na Oktaw\u0119 Bo\u017cego Cia\u0142a - Pi\u0105tek.","rel":"","context":"W \u201eBo\u017ce Cia\u0142o z Oktaw\u0105&quot;","block_context":{"text":"Bo\u017ce Cia\u0142o z Oktaw\u0105","link":"https:\/\/wobronietradycjiiwiary.com\/pl\/category\/duchowosc\/liturgia-i-liturgika\/rozwazania\/rok-liturgiczny\/boze-cialo-z-oktawa\/"},"img":{"alt_text":"","src":"https:\/\/i0.wp.com\/wobronietradycjiiwiary.com\/wp-content\/uploads\/2019\/06\/adolf_friedrich_erdmann_von_menzel_026-scaled.jpg?resize=350%2C200&ssl=1","width":350,"height":200,"srcset":"https:\/\/i0.wp.com\/wobronietradycjiiwiary.com\/wp-content\/uploads\/2019\/06\/adolf_friedrich_erdmann_von_menzel_026-scaled.jpg?resize=350%2C200&ssl=1 1x, https:\/\/i0.wp.com\/wobronietradycjiiwiary.com\/wp-content\/uploads\/2019\/06\/adolf_friedrich_erdmann_von_menzel_026-scaled.jpg?resize=525%2C300&ssl=1 1.5x, https:\/\/i0.wp.com\/wobronietradycjiiwiary.com\/wp-content\/uploads\/2019\/06\/adolf_friedrich_erdmann_von_menzel_026-scaled.jpg?resize=700%2C400&ssl=1 2x, https:\/\/i0.wp.com\/wobronietradycjiiwiary.com\/wp-content\/uploads\/2019\/06\/adolf_friedrich_erdmann_von_menzel_026-scaled.jpg?resize=1050%2C600&ssl=1 3x, https:\/\/i0.wp.com\/wobronietradycjiiwiary.com\/wp-content\/uploads\/2019\/06\/adolf_friedrich_erdmann_von_menzel_026-scaled.jpg?resize=1400%2C800&ssl=1 4x"},"classes":[]}],"amp_enabled":true,"jetpack_featured_media_url":"https:\/\/wobronietradycjiiwiary.com\/wp-content\/uploads\/2026\/02\/Gregorio_Lazzarini_-_Orpheus_and_the_Bacchantes_-_WGA12527.jpg","_links":{"self":[{"href":"https:\/\/wobronietradycjiiwiary.com\/pl\/wp-json\/wp\/v2\/posts\/160870","targetHints":{"allow":["GET"]}}],"collection":[{"href":"https:\/\/wobronietradycjiiwiary.com\/pl\/wp-json\/wp\/v2\/posts"}],"about":[{"href":"https:\/\/wobronietradycjiiwiary.com\/pl\/wp-json\/wp\/v2\/types\/post"}],"author":[{"embeddable":true,"href":"https:\/\/wobronietradycjiiwiary.com\/pl\/wp-json\/wp\/v2\/users\/60508433"}],"replies":[{"embeddable":true,"href":"https:\/\/wobronietradycjiiwiary.com\/pl\/wp-json\/wp\/v2\/comments?post=160870"}],"version-history":[{"count":94,"href":"https:\/\/wobronietradycjiiwiary.com\/pl\/wp-json\/wp\/v2\/posts\/160870\/revisions"}],"predecessor-version":[{"id":161008,"href":"https:\/\/wobronietradycjiiwiary.com\/pl\/wp-json\/wp\/v2\/posts\/160870\/revisions\/161008"}],"wp:featuredmedia":[{"embeddable":true,"href":"https:\/\/wobronietradycjiiwiary.com\/pl\/wp-json\/wp\/v2\/media\/160895"}],"wp:attachment":[{"href":"https:\/\/wobronietradycjiiwiary.com\/pl\/wp-json\/wp\/v2\/media?parent=160870"}],"wp:term":[{"taxonomy":"category","embeddable":true,"href":"https:\/\/wobronietradycjiiwiary.com\/pl\/wp-json\/wp\/v2\/categories?post=160870"},{"taxonomy":"post_tag","embeddable":true,"href":"https:\/\/wobronietradycjiiwiary.com\/pl\/wp-json\/wp\/v2\/tags?post=160870"}],"curies":[{"name":"wp","href":"https:\/\/api.w.org\/{rel}","templated":true}]}}