{"id":160252,"date":"2026-04-01T08:15:35","date_gmt":"2026-04-01T06:15:35","guid":{"rendered":"https:\/\/wobronietradycjiiwiary.com\/?p=160252"},"modified":"2026-02-18T11:20:03","modified_gmt":"2026-02-18T10:20:03","slug":"czytania-postne-brewiarza-trydenckiego-wielka-sroda-quadragesima-2-2","status":"publish","type":"post","link":"https:\/\/wobronietradycjiiwiary.com\/pl\/czytania-postne-brewiarza-trydenckiego-wielka-sroda-quadragesima-2-2\/","title":{"rendered":"Kazania postne Brewiarza Trydenckiego. Wielka \u015aroda &#8211; Quadragesima"},"content":{"rendered":"<div id=\"bsf_rt_marker\"><\/div>\t\t<div data-elementor-type=\"wp-post\" data-elementor-id=\"160252\" class=\"elementor elementor-160252\" data-elementor-post-type=\"post\">\n\t\t\t\t<div class=\"elementor-element elementor-element-1e551424 e-flex e-con-boxed e-con e-parent\" data-id=\"1e551424\" data-element_type=\"container\" data-e-type=\"container\">\n\t\t\t\t\t<div class=\"e-con-inner\">\n\t\t\t\t<div class=\"elementor-element elementor-element-675b513a elementor-widget elementor-widget-text-editor\" data-id=\"675b513a\" data-element_type=\"widget\" data-e-type=\"widget\" data-widget_type=\"text-editor.default\">\n\t\t\t\t<div class=\"elementor-widget-container\">\n\t\t\t\t\t\t\t\t\t\n<p class=\"wp-block-paragraph\"><em><mark style=\"background-color:rgba(0, 0, 0, 0)\" class=\"has-inline-color has-vivid-red-color\">\u2123.<\/mark><\/em>\u00a0Pob\u0142ogos\u0142aw, ojcze.<br><em><mark style=\"background-color:rgba(0, 0, 0, 0)\" class=\"has-inline-color has-vivid-red-color\">B\u0142ogos\u0142awie\u0144stwo.<\/mark>\u00a0<\/em>Czytanie Ewangelii niech b\u0119dzie nam zbawieniem i obron\u0105. Amen.<\/p>\n\n\n\n<p class=\"wp-block-paragraph\"><strong><em><mark style=\"background-color:rgba(0, 0, 0, 0)\" class=\"has-inline-color has-vivid-red-color\">Lekcja 1<\/mark><\/em><\/strong><br>Z Proroka Jeremiasza<br><em><mark style=\"background-color:rgba(0, 0, 0, 0)\" class=\"has-inline-color has-vivid-red-color\">Jr 17:13-18<\/mark><\/em><br>13\u00a0Oczekiwanie Izraela, Panie, wszyscy, kt\u00f3rzy ci\u0119 opuszczaj\u0105, zawstydzeni b\u0119d\u0105: kt\u00f3rzy ci\u0119 odst\u0119puj\u0105, na ziemi napisani b\u0119d\u0105; i\u017c opu\u015bcili \u017cy\u0142\u0119 w\u00f3d \u017cywi\u0105cych, Pana.<br>14\u00a0Zlecz mi\u0119. Panie, a zleczon b\u0119d\u0119, zbaw mi\u0119, a zbawion b\u0119d\u0119; bo\u015b ty jest chwa\u0142a moja.<br>15\u00a0Oto ci m\u00f3wi\u0105 do mnie: Gdzie\u017c jest s\u0142owo Pa\u0144skie? niech przyjdzie.<br>16\u00a0A ja nie strwo\u017cy\u0142em si\u0119 ciebie, pasterza na\u015bladuj\u0105c, i dnia cz\u0142owieczego nie \u017c\u0105da\u0142em: ty wiesz, co wysz\u0142o z ust moich, dobre by\u0142o przed obliczem twojem.<br>17\u00a0Nie b\u0105d\u017a\u017ce mi ty na strach, nadzieja moja ty w dzie\u0144 utrapienia.<br>18\u00a0Niech si\u0119 zawstydz\u0105, kt\u00f3rzy mi\u0119 prze\u015bladuj\u0105, a niech si\u0119 ja nie zawstydz\u0119: niech si\u0119 oni l\u0119kaj\u0105, a ja niech si\u0119 nie l\u0119kam: przywied\u017a na nie dzie\u0144 ucisku, a dwojakiem skruszeniem skrusz je.<br><em><mark style=\"background-color:rgba(0, 0, 0, 0)\" class=\"has-inline-color has-vivid-red-color\"><em>\u2123.<\/em><\/mark><\/em>\u00a0Ty za\u015b, Panie, zmi\u0142uj si\u0119 nad nami.<br><em><em><em><mark style=\"background-color:rgba(0, 0, 0, 0)\" class=\"has-inline-color has-vivid-red-color\">\u211f.<\/mark><\/em><\/em><\/em>\u00a0Bogu niech b\u0119d\u0105 dzi\u0119ki.<\/p>\n\n\n\n<p class=\"wp-block-paragraph\"><em><em><em><mark style=\"background-color:rgba(0, 0, 0, 0)\" class=\"has-inline-color has-vivid-red-color\">\u211f.<\/mark><\/em><\/em><\/em>\u00a0M\u00f3wili przeciwko mnie j\u0119zykiem zdradliwym, i ogarn\u0119li mi\u0119 mowami nienawistnemi: miasto tego, co mi\u0119 mi\u0142owa\u0107 mieli, uw\u0142aczali mi.<br>* A jam si\u0119 modli\u0142, i wys\u0142ucha\u0142 mi\u0119, Pan, B\u00f3g m\u00f3j.<br><em><mark style=\"background-color:rgba(0, 0, 0, 0)\" class=\"has-inline-color has-vivid-red-color\"><em>\u2123.<\/em><\/mark><\/em>\u00a0I oddawali mi z\u0142em za dobre: a nienawi\u015bci\u0105 za mi\u0142o\u015b\u0107 moj\u0119.<br><em><em><em><mark style=\"background-color:rgba(0, 0, 0, 0)\" class=\"has-inline-color has-vivid-red-color\">\u211f.<\/mark><\/em><\/em><\/em>\u00a0A jam si\u0119 modli\u0142, i wys\u0142ucha\u0142 mi\u0119, Pan, B\u00f3g m\u00f3j.<\/p>\n\n\n\n<p class=\"wp-block-paragraph\"><em><mark style=\"background-color:rgba(0, 0, 0, 0)\" class=\"has-inline-color has-vivid-red-color\">\u2123.<\/mark><\/em>\u00a0Pob\u0142ogos\u0142aw, ojcze.<br><em><mark style=\"background-color:rgba(0, 0, 0, 0)\" class=\"has-inline-color has-vivid-red-color\">B\u0142ogos\u0142awie\u0144stwo.<\/mark>\u00a0<\/em>Pomoc Bo\u017ca niech b\u0119dzie z nami zawsze. Amen.<\/p>\n\n\n\n<p class=\"wp-block-paragraph\"><mark style=\"background-color:rgba(0, 0, 0, 0)\" class=\"has-inline-color has-vivid-red-color\"><strong><em>Lekcja 2<\/em><\/strong><br><em>Jr 18:13-18<\/em><\/mark><br>13\u00a0Przet\u00f3\u017c to m\u00f3wi Pan: Pytajcie narod\u00f3w, kto s\u0142ycha\u0142 takie straszne rzeczy, kt\u00f3re czyni\u0142a nazbyt panna Izraelska?<br>14\u00a0Izali ustaje z ska\u0142y poln\u00e9j \u015bnieg Libanu? albo mog\u0105li by\u0107 wytracone wody wynikaj\u0105ce zimne i \u015bciekaj\u0105ce?<br>15\u00a0I\u017c mi\u0119 lud m\u00f3j zapomnia\u0142, pr\u00f3\u017cno ofiaruj\u0105c, i potykaj\u0105c si\u0119 po drogach swych, po \u015bcie\u017ckach wieku, aby chodzili po nich go\u015bci\u0144cem nie utartym:<br>16\u00a0Aby by\u0142a ziemia ich spustoszeniem i \u015bwistaniem wiecznem: ka\u017cdy, kto p\u00f3jdzie przez ni\u0119, zdumieje si\u0119 i b\u0119dzie chwia\u0142 g\u0142ow\u0105 swoj\u0105.<br>17\u00a0Jako wiatr pal\u0105cy rozmiec\u0119 je przed nieprzyjacielem: ty\u0142 a nie twarz uka\u017c\u0119 im w dzie\u0144 ich zatracenia.<br>18\u00a0I rzekli: P\u00f3jd\u017acie, a wymy\u015blmy na Jeremiasza my\u015bli; bo nie zginie zakon od kap\u0142ana, ani rada od m\u0105drego, ani s\u0142owo od proroka: p\u00f3jd\u017acie, a ubijem go j\u0119zykiem, a nie dbajmy na wszystkie mowy jego.<br><em><em><mark style=\"background-color:rgba(0, 0, 0, 0)\" class=\"has-inline-color has-vivid-red-color\"><em>\u2123.<\/em><\/mark><\/em><\/em>\u00a0Ty za\u015b, Panie, zmi\u0142uj si\u0119 nad nami.<br><em><em><em><mark style=\"background-color:rgba(0, 0, 0, 0)\" class=\"has-inline-color has-vivid-red-color\">\u211f.<\/mark><\/em><\/em><\/em>\u00a0Bogu niech b\u0119d\u0105 dzi\u0119ki.<\/p>\n\n\n\n<p class=\"wp-block-paragraph\"><em><em><em><mark style=\"background-color:rgba(0, 0, 0, 0)\" class=\"has-inline-color has-vivid-red-color\">\u211f.<\/mark><\/em><\/em><\/em>\u00a0Bezbo\u017cni m\u00f3wili, rozumuj\u0105c sami ze sob\u0105, lecz nie s\u0142usznie; Czekajmy na sprawiedliwego, bo jest czystym przeciwie\u0144stwem naszych czyn\u00f3w; wyznaje, \u017ce ma wiedz\u0119 o Bogu, nazywa siebie Synem Bo\u017cym i chwali si\u0119, \u017ce ma Boga za Ojca.<br>* Zobaczmy, czy jego s\u0142owa s\u0105 prawdziwe; i je\u015bli jest rzeczywi\u015bcie Synem Bo\u017cym, niech Go wybawi z naszych r\u0105k; skazujmy Go na ha\u0144bi\u0105c\u0105 \u015bmier\u0107.<br><em><mark style=\"background-color:rgba(0, 0, 0, 0)\" class=\"has-inline-color has-vivid-red-color\"><em>\u2123.<\/em><\/mark><\/em>\u00a0Uznali\u015bmy go za fa\u0142szywca, a on unika naszych dr\u00f3g jak nieczysto\u015bci, i chwali koniec sprawiedliwych.<br><em><em><em><mark style=\"background-color:rgba(0, 0, 0, 0)\" class=\"has-inline-color has-vivid-red-color\">\u211f.<\/mark><\/em><\/em><\/em>\u00a0Zobaczmy, czy jego s\u0142owa s\u0105 prawdziwe; i je\u015bli jest rzeczywi\u015bcie Synem Bo\u017cym, niech Go wybawi z naszych r\u0105k; skazujmy Go na ha\u0144bi\u0105c\u0105 \u015bmier\u0107.<\/p>\n\n\n\n<p class=\"wp-block-paragraph\"><em><mark style=\"background-color:rgba(0, 0, 0, 0)\" class=\"has-inline-color has-vivid-red-color\">\u2123.<\/mark><\/em>\u00a0Pob\u0142ogos\u0142aw, ojcze.<br><em><mark style=\"background-color:rgba(0, 0, 0, 0)\" class=\"has-inline-color has-vivid-red-color\">B\u0142ogos\u0142awie\u0144stwo.<\/mark>\u00a0<\/em>Niech Kr\u00f3l Anio\u0142\u00f3w zaprowadzi sw\u00f3j lud do kr\u00f3lestwa na wysoko\u015bci. Amen.<\/p>\n\n\n\n<p class=\"wp-block-paragraph\"><mark style=\"background-color:rgba(0, 0, 0, 0)\" class=\"has-inline-color has-vivid-red-color\"><strong><em>Lekcja 3<\/em><\/strong><br><em>Jr 18:19-23<\/em><\/mark><br>19\u00a0Pilnuj mi\u0119, Panie, a pos\u0142uchaj g\u0142osu przeciwnik\u00f3w moich.<br>20\u00a0Izali oddawaj\u0105 z\u0142e za dobre, \u017ce wykopali d\u00f3\u0142 duszy moj\u00e9j? wspomnij, \u017cem sta\u0142 przed oczyma twemi, \u017cebych m\u00f3wi\u0142 za nimi dobrze, i odwr\u00f3ci\u0142 od nich rozgniewanie twoje.<br>21\u00a0Przet\u00f3\u017c podaj syny ich do g\u0142odu, a wwied\u017a je w r\u0119ce miecza: niech b\u0119d\u0105 \u017cony ich bez dzieci i wdowy, a m\u0119\u017cowie ich niech zabici b\u0119d\u0105 \u015bmierci\u0105, m\u0142odzie\u0144cy ich niech b\u0119d\u0105 przebici mieczem w bitwie.<br>22\u00a0Niech b\u0119dzie s\u0142yszan wrzask z dom\u00f3w ich; przywiedziesz bowiem na nie zb\u00f3jc\u0119 nagle; bo wykopali d\u00f3\u0142, aby mi\u0119 u\u0142owili i sid\u0142a skryli na nogi moje.<br>23\u00a0Ale ty, Panie, wiesz wszelk\u0105 rad\u0119 ich przeciwko mnie na \u015bmier\u0107: nie b\u0105d\u017a mi\u0142o\u015bciw nieprawo\u015bci ich, a grzech ich obliczem twojem niech wymazan nie b\u0119dzie: niech b\u0119d\u0105 upadaj\u0105cy przed oczyma twemi, czasu gniewu twego pastw si\u0119 nad nimi.<br><em><mark style=\"background-color:rgba(0, 0, 0, 0)\" class=\"has-inline-color has-vivid-red-color\"><em>\u2123.<\/em><\/mark><\/em>\u00a0Ty za\u015b, Panie, zmi\u0142uj si\u0119 nad nami.<br><em><em><mark style=\"background-color:rgba(0, 0, 0, 0)\" class=\"has-inline-color has-vivid-red-color\">\u211f.<\/mark><\/em><\/em>\u00a0Bogu niech b\u0119d\u0105 dzi\u0119ki.<\/p>\n\n\n\n<p class=\"wp-block-paragraph\"><em><em><mark style=\"background-color:rgba(0, 0, 0, 0)\" class=\"has-inline-color has-vivid-red-color\">\u211f.<\/mark><\/em><\/em>\u00a0Otoczyli Mnie ludzie k\u0142amliwi i biczowano Mnie bez przyczyny:<br>* Ale Ty, o Panie, m\u00f3j obro\u0144co, Mnie pom\u015bcij.<br><em><mark style=\"background-color:rgba(0, 0, 0, 0)\" class=\"has-inline-color has-vivid-red-color\"><em>\u2123.<\/em><\/mark><\/em>\u00a0Bo utrapienie jest blisko i nie ma nikogo, kto by Mi dopom\u00f3g\u0142.<br><em><em><mark style=\"background-color:rgba(0, 0, 0, 0)\" class=\"has-inline-color has-vivid-red-color\">\u211f.<\/mark><\/em><\/em>\u00a0Ale Ty, o Panie, m\u00f3j obro\u0144co, Mnie pom\u015bcij.<br><em><em><mark style=\"background-color:rgba(0, 0, 0, 0)\" class=\"has-inline-color has-vivid-red-color\">\u211f.<\/mark><\/em><\/em>\u00a0Otoczyli Mnie ludzie k\u0142amliwi i biczowano Mnie bez przyczyny: * Ale Ty, o Panie, m\u00f3j obro\u0144co, Mnie pom\u015bcij.<\/p>\n\n\n\n<p class=\"wp-block-paragraph\"><mark style=\"background-color:rgba(0, 0, 0, 0)\" class=\"has-inline-color has-vivid-red-color\"><strong><em>Modlitwy<\/em><\/strong>\u00a0{z Tempora\u0142u}<br><em>\u2123.<\/em>\u00a0<\/mark>Panie, wys\u0142uchaj modlitwy mojej.<br><em><em><mark style=\"background-color:rgba(0, 0, 0, 0)\" class=\"has-inline-color has-vivid-red-color\">\u211f.<\/mark><\/em><\/em>\u00a0A wo\u0142anie moje niech do Ciebie przyjdzie.<br><strong><em><mark style=\"background-color:rgba(0, 0, 0, 0)\" class=\"has-inline-color has-vivid-red-color\">M<\/mark><\/em><\/strong>\u00f3dlmy si\u0119.<br><strong><em><mark style=\"background-color:rgba(0, 0, 0, 0)\" class=\"has-inline-color has-vivid-red-color\">S<\/mark><\/em><\/strong>praw, prosimy Ci\u0119, wszechmog\u0105cy Bo\u017ce, aby nas, udr\u0119czonych wyst\u0119pkami, wyzwoli\u0142a M\u0119ka Jednorodzonego Syna Twego.<br><strong><em><mark style=\"background-color:rgba(0, 0, 0, 0)\" class=\"has-inline-color has-vivid-red-color\">K<\/mark><\/em><\/strong>t\u00f3ry z Tob\u0105 \u017cyje i kr\u00f3luje w jedno\u015bci Ducha \u015awi\u0119tego B\u00f3g przez wszystkie wieki wiek\u00f3w.<br><em><em><mark style=\"background-color:rgba(0, 0, 0, 0)\" class=\"has-inline-color has-vivid-red-color\">\u211f.<\/mark><\/em><\/em>\u00a0Amen.<\/p>\n\n\n\n<p class=\"wp-block-paragraph\"><\/p>\n\t\t\t\t\t\t\t\t<\/div>\n\t\t\t\t<\/div>\n\t\t\t\t\t<\/div>\n\t\t\t\t<\/div>\n\t\t\t\t<\/div>\n\t\t","protected":false},"excerpt":{"rendered":"<p>Czytania Brewiarza Trydenckiego na Wielk\u0105 \u015arod\u0119.<\/p>\n","protected":false},"author":119394846,"featured_media":62967,"comment_status":"open","ping_status":"open","sticky":false,"template":"","format":"standard","meta":{"_bbp_topic_count":0,"_bbp_reply_count":0,"_bbp_total_topic_count":0,"_bbp_total_reply_count":0,"_bbp_voice_count":0,"_bbp_anonymous_reply_count":0,"_bbp_topic_count_hidden":0,"_bbp_reply_count_hidden":0,"_bbp_forum_subforum_count":0,"_editorskit_title_hidden":false,"_editorskit_reading_time":0,"_editorskit_is_block_options_detached":false,"_editorskit_block_options_position":"{}","_coblocks_attr":"","_coblocks_dimensions":"","_coblocks_responsive_height":"","_coblocks_accordion_ie_support":"","_exactmetrics_skip_tracking":false,"_jetpack_newsletter_access":"","_jetpack_dont_email_post_to_subs":false,"_jetpack_newsletter_tier_id":0,"_jetpack_memberships_contains_paywalled_content":false,"_wpcom_ai_launchpad_first_post":false,"_jetpack_feature_clip_id":0,"_jetpack_memberships_contains_paid_content":false,"footnotes":"","jetpack_publicize_message":"{title}\n\n{excerpt}\n\n{url}","jetpack_publicize_feature_enabled":true,"jetpack_social_post_already_shared":true,"jetpack_social_options":{"image_generator_settings":{"template":"highway","default_image_id":0,"font":"","enabled":false},"version":2},"_wpas_customize_per_network":false,"jetpack_post_was_ever_published":false},"categories":[610131184,610135163,336375535,610131268,610131155],"tags":[610134643,610136003],"class_list":["post-160252","post","type-post","status-publish","format-standard","has-post-thumbnail","hentry","category-duchowosc","category-kazania-na-wielki-post","category-liturgia-i-liturgika","category-rok-liturgiczny","category-rozwazania","tag-czytania-brewiarzowe-na-wielki-post","tag-wielka-sroda-quadragesima"],"yoast_head":"<!-- This site is optimized with the Yoast SEO plugin v28.3 - https:\/\/yoast.com\/product\/yoast-seo-wordpress\/ -->\n<title>Kazania postne Brewiarza Trydenckiego. Wielka \u015aroda - Quadragesima - Tradycja i Wiara<\/title>\n<meta name=\"robots\" content=\"index, follow, max-snippet:-1, max-image-preview:large, max-video-preview:-1\" \/>\n<link rel=\"canonical\" href=\"https:\/\/wobronietradycjiiwiary.com\/pl\/czytania-postne-brewiarza-trydenckiego-wielka-sroda-quadragesima-2-2\/\" \/>\n<meta property=\"og:locale\" content=\"pl_PL\" \/>\n<meta property=\"og:type\" content=\"article\" \/>\n<meta property=\"og:title\" content=\"Kazania postne Brewiarza Trydenckiego. Wielka \u015aroda - Quadragesima - Tradycja i Wiara\" \/>\n<meta property=\"og:description\" content=\"Czytania Brewiarza Trydenckiego na Wielk\u0105 \u015arod\u0119.\" \/>\n<meta property=\"og:url\" content=\"https:\/\/wobronietradycjiiwiary.com\/pl\/czytania-postne-brewiarza-trydenckiego-wielka-sroda-quadragesima-2-2\/\" \/>\n<meta property=\"og:site_name\" content=\"Tradycja i Wiara\" \/>\n<meta property=\"article:publisher\" content=\"https:\/\/www.facebook.com\/Tradycja-i-Wiara-108813920592249\" \/>\n<meta property=\"article:published_time\" content=\"2026-04-01T06:15:35+00:00\" \/>\n<meta property=\"og:image\" content=\"https:\/\/wobronietradycjiiwiary.com\/wp-content\/uploads\/2022\/03\/MOnks-praying.jpg\" \/>\n\t<meta property=\"og:image:width\" content=\"598\" \/>\n\t<meta property=\"og:image:height\" content=\"427\" \/>\n\t<meta property=\"og:image:type\" content=\"image\/jpeg\" \/>\n<meta name=\"author\" content=\"Prospector Veritatis\" \/>\n<meta name=\"twitter:card\" content=\"summary_large_image\" \/>\n<meta name=\"twitter:label1\" content=\"Napisane przez\" \/>\n\t<meta name=\"twitter:data1\" content=\"Prospector Veritatis\" \/>\n\t<meta name=\"twitter:label2\" content=\"Szacowany czas czytania\" \/>\n\t<meta name=\"twitter:data2\" content=\"4 minuty\" \/>\n<script type=\"application\/ld+json\" class=\"yoast-schema-graph\">{\"@context\":\"https:\\\/\\\/schema.org\",\"@graph\":[{\"@type\":\"Article\",\"@id\":\"https:\\\/\\\/wobronietradycjiiwiary.com\\\/czytania-postne-brewiarza-trydenckiego-wielka-sroda-quadragesima-2-2\\\/#article\",\"isPartOf\":{\"@id\":\"https:\\\/\\\/wobronietradycjiiwiary.com\\\/czytania-postne-brewiarza-trydenckiego-wielka-sroda-quadragesima-2-2\\\/\"},\"author\":{\"name\":\"Prospector Veritatis\",\"@id\":\"https:\\\/\\\/wobronietradycjiiwiary.com\\\/pl\\\/#\\\/schema\\\/person\\\/f63e6405621f929c17a9c191b8d16b9d\"},\"headline\":\"Kazania postne Brewiarza Trydenckiego. Wielka \u015aroda &#8211; Quadragesima\",\"datePublished\":\"2026-04-01T06:15:35+00:00\",\"mainEntityOfPage\":{\"@id\":\"https:\\\/\\\/wobronietradycjiiwiary.com\\\/czytania-postne-brewiarza-trydenckiego-wielka-sroda-quadragesima-2-2\\\/\"},\"wordCount\":903,\"commentCount\":0,\"publisher\":{\"@id\":\"https:\\\/\\\/wobronietradycjiiwiary.com\\\/pl\\\/#organization\"},\"image\":{\"@id\":\"https:\\\/\\\/wobronietradycjiiwiary.com\\\/czytania-postne-brewiarza-trydenckiego-wielka-sroda-quadragesima-2-2\\\/#primaryimage\"},\"thumbnailUrl\":\"https:\\\/\\\/wobronietradycjiiwiary.com\\\/wp-content\\\/uploads\\\/2022\\\/03\\\/MOnks-praying.jpg\",\"keywords\":[\"Czytania Brewiarzowe na Wielki Post\",\"Wielka \u015aroda - Quadragesima\"],\"articleSection\":[\"Duchowo\u015b\u0107\",\"Kazania na Wielki Post\",\"Liturgia i liturgika\",\"Rok liturgiczny\",\"Rozwa\u017cania liturgiczne\"],\"inLanguage\":\"pl-PL\",\"potentialAction\":[{\"@type\":\"CommentAction\",\"name\":\"Comment\",\"target\":[\"https:\\\/\\\/wobronietradycjiiwiary.com\\\/czytania-postne-brewiarza-trydenckiego-wielka-sroda-quadragesima-2-2\\\/#respond\"]}]},{\"@type\":\"WebPage\",\"@id\":\"https:\\\/\\\/wobronietradycjiiwiary.com\\\/czytania-postne-brewiarza-trydenckiego-wielka-sroda-quadragesima-2-2\\\/\",\"url\":\"https:\\\/\\\/wobronietradycjiiwiary.com\\\/czytania-postne-brewiarza-trydenckiego-wielka-sroda-quadragesima-2-2\\\/\",\"name\":\"Kazania postne Brewiarza Trydenckiego. Wielka \u015aroda - Quadragesima - Tradycja i Wiara\",\"isPartOf\":{\"@id\":\"https:\\\/\\\/wobronietradycjiiwiary.com\\\/pl\\\/#website\"},\"primaryImageOfPage\":{\"@id\":\"https:\\\/\\\/wobronietradycjiiwiary.com\\\/czytania-postne-brewiarza-trydenckiego-wielka-sroda-quadragesima-2-2\\\/#primaryimage\"},\"image\":{\"@id\":\"https:\\\/\\\/wobronietradycjiiwiary.com\\\/czytania-postne-brewiarza-trydenckiego-wielka-sroda-quadragesima-2-2\\\/#primaryimage\"},\"thumbnailUrl\":\"https:\\\/\\\/wobronietradycjiiwiary.com\\\/wp-content\\\/uploads\\\/2022\\\/03\\\/MOnks-praying.jpg\",\"datePublished\":\"2026-04-01T06:15:35+00:00\",\"breadcrumb\":{\"@id\":\"https:\\\/\\\/wobronietradycjiiwiary.com\\\/czytania-postne-brewiarza-trydenckiego-wielka-sroda-quadragesima-2-2\\\/#breadcrumb\"},\"inLanguage\":\"pl-PL\",\"potentialAction\":[{\"@type\":\"ReadAction\",\"target\":[\"https:\\\/\\\/wobronietradycjiiwiary.com\\\/czytania-postne-brewiarza-trydenckiego-wielka-sroda-quadragesima-2-2\\\/\"]}]},{\"@type\":\"ImageObject\",\"inLanguage\":\"pl-PL\",\"@id\":\"https:\\\/\\\/wobronietradycjiiwiary.com\\\/czytania-postne-brewiarza-trydenckiego-wielka-sroda-quadragesima-2-2\\\/#primaryimage\",\"url\":\"https:\\\/\\\/wobronietradycjiiwiary.com\\\/wp-content\\\/uploads\\\/2022\\\/03\\\/MOnks-praying.jpg\",\"contentUrl\":\"https:\\\/\\\/wobronietradycjiiwiary.com\\\/wp-content\\\/uploads\\\/2022\\\/03\\\/MOnks-praying.jpg\",\"width\":598,\"height\":427},{\"@type\":\"BreadcrumbList\",\"@id\":\"https:\\\/\\\/wobronietradycjiiwiary.com\\\/czytania-postne-brewiarza-trydenckiego-wielka-sroda-quadragesima-2-2\\\/#breadcrumb\",\"itemListElement\":[{\"@type\":\"ListItem\",\"position\":1,\"name\":\"Strona g\u0142\u00f3wna\",\"item\":\"https:\\\/\\\/wobronietradycjiiwiary.com\\\/\"},{\"@type\":\"ListItem\",\"position\":2,\"name\":\"Kazania postne Brewiarza Trydenckiego. Wielka \u015aroda &#8211; Quadragesima\"}]},{\"@type\":\"WebSite\",\"@id\":\"https:\\\/\\\/wobronietradycjiiwiary.com\\\/pl\\\/#website\",\"url\":\"https:\\\/\\\/wobronietradycjiiwiary.com\\\/pl\\\/\",\"name\":\"Tradycja i Wiara\",\"description\":\"Portal dla katolik\u00f3w.\",\"publisher\":{\"@id\":\"https:\\\/\\\/wobronietradycjiiwiary.com\\\/pl\\\/#organization\"},\"potentialAction\":[{\"@type\":\"SearchAction\",\"target\":{\"@type\":\"EntryPoint\",\"urlTemplate\":\"https:\\\/\\\/wobronietradycjiiwiary.com\\\/pl\\\/?s={search_term_string}\"},\"query-input\":{\"@type\":\"PropertyValueSpecification\",\"valueRequired\":true,\"valueName\":\"search_term_string\"}}],\"inLanguage\":\"pl-PL\"},{\"@type\":\"Organization\",\"@id\":\"https:\\\/\\\/wobronietradycjiiwiary.com\\\/pl\\\/#organization\",\"name\":\"Tradycja i Wiara\",\"url\":\"https:\\\/\\\/wobronietradycjiiwiary.com\\\/pl\\\/\",\"logo\":{\"@type\":\"ImageObject\",\"inLanguage\":\"pl-PL\",\"@id\":\"https:\\\/\\\/wobronietradycjiiwiary.com\\\/pl\\\/#\\\/schema\\\/logo\\\/image\\\/\",\"url\":\"https:\\\/\\\/i0.wp.com\\\/wobronietradycjiiwiary.com\\\/wp-content\\\/uploads\\\/2015\\\/10\\\/cropped-st-peters-dome-vatican.jpg?fit=940%2C198&ssl=1\",\"contentUrl\":\"https:\\\/\\\/i0.wp.com\\\/wobronietradycjiiwiary.com\\\/wp-content\\\/uploads\\\/2015\\\/10\\\/cropped-st-peters-dome-vatican.jpg?fit=940%2C198&ssl=1\",\"width\":940,\"height\":198,\"caption\":\"Tradycja i Wiara\"},\"image\":{\"@id\":\"https:\\\/\\\/wobronietradycjiiwiary.com\\\/pl\\\/#\\\/schema\\\/logo\\\/image\\\/\"},\"sameAs\":[\"https:\\\/\\\/www.facebook.com\\\/Tradycja-i-Wiara-108813920592249\"]},{\"@type\":\"Person\",\"@id\":\"https:\\\/\\\/wobronietradycjiiwiary.com\\\/pl\\\/#\\\/schema\\\/person\\\/f63e6405621f929c17a9c191b8d16b9d\",\"name\":\"Prospector Veritatis\",\"url\":\"https:\\\/\\\/wobronietradycjiiwiary.com\\\/pl\\\/author\\\/prospectorveritatis\\\/\"}]}<\/script>\n<!-- \/ Yoast SEO plugin. -->","yoast_head_json":{"title":"Kazania postne Brewiarza Trydenckiego. Wielka \u015aroda - Quadragesima - Tradycja i Wiara","robots":{"index":"index","follow":"follow","max-snippet":"max-snippet:-1","max-image-preview":"max-image-preview:large","max-video-preview":"max-video-preview:-1"},"canonical":"https:\/\/wobronietradycjiiwiary.com\/pl\/czytania-postne-brewiarza-trydenckiego-wielka-sroda-quadragesima-2-2\/","og_locale":"pl_PL","og_type":"article","og_title":"Kazania postne Brewiarza Trydenckiego. Wielka \u015aroda - Quadragesima - Tradycja i Wiara","og_description":"Czytania Brewiarza Trydenckiego na Wielk\u0105 \u015arod\u0119.","og_url":"https:\/\/wobronietradycjiiwiary.com\/pl\/czytania-postne-brewiarza-trydenckiego-wielka-sroda-quadragesima-2-2\/","og_site_name":"Tradycja i Wiara","article_publisher":"https:\/\/www.facebook.com\/Tradycja-i-Wiara-108813920592249","article_published_time":"2026-04-01T06:15:35+00:00","og_image":[{"width":598,"height":427,"url":"https:\/\/wobronietradycjiiwiary.com\/wp-content\/uploads\/2022\/03\/MOnks-praying.jpg","type":"image\/jpeg"}],"author":"Prospector Veritatis","twitter_card":"summary_large_image","twitter_misc":{"Napisane przez":"Prospector Veritatis","Szacowany czas czytania":"4 minuty"},"schema":{"@context":"https:\/\/schema.org","@graph":[{"@type":"Article","@id":"https:\/\/wobronietradycjiiwiary.com\/czytania-postne-brewiarza-trydenckiego-wielka-sroda-quadragesima-2-2\/#article","isPartOf":{"@id":"https:\/\/wobronietradycjiiwiary.com\/czytania-postne-brewiarza-trydenckiego-wielka-sroda-quadragesima-2-2\/"},"author":{"name":"Prospector Veritatis","@id":"https:\/\/wobronietradycjiiwiary.com\/pl\/#\/schema\/person\/f63e6405621f929c17a9c191b8d16b9d"},"headline":"Kazania postne Brewiarza Trydenckiego. Wielka \u015aroda &#8211; Quadragesima","datePublished":"2026-04-01T06:15:35+00:00","mainEntityOfPage":{"@id":"https:\/\/wobronietradycjiiwiary.com\/czytania-postne-brewiarza-trydenckiego-wielka-sroda-quadragesima-2-2\/"},"wordCount":903,"commentCount":0,"publisher":{"@id":"https:\/\/wobronietradycjiiwiary.com\/pl\/#organization"},"image":{"@id":"https:\/\/wobronietradycjiiwiary.com\/czytania-postne-brewiarza-trydenckiego-wielka-sroda-quadragesima-2-2\/#primaryimage"},"thumbnailUrl":"https:\/\/wobronietradycjiiwiary.com\/wp-content\/uploads\/2022\/03\/MOnks-praying.jpg","keywords":["Czytania Brewiarzowe na Wielki Post","Wielka \u015aroda - Quadragesima"],"articleSection":["Duchowo\u015b\u0107","Kazania na Wielki Post","Liturgia i liturgika","Rok liturgiczny","Rozwa\u017cania liturgiczne"],"inLanguage":"pl-PL","potentialAction":[{"@type":"CommentAction","name":"Comment","target":["https:\/\/wobronietradycjiiwiary.com\/czytania-postne-brewiarza-trydenckiego-wielka-sroda-quadragesima-2-2\/#respond"]}]},{"@type":"WebPage","@id":"https:\/\/wobronietradycjiiwiary.com\/czytania-postne-brewiarza-trydenckiego-wielka-sroda-quadragesima-2-2\/","url":"https:\/\/wobronietradycjiiwiary.com\/czytania-postne-brewiarza-trydenckiego-wielka-sroda-quadragesima-2-2\/","name":"Kazania postne Brewiarza Trydenckiego. Wielka \u015aroda - Quadragesima - Tradycja i Wiara","isPartOf":{"@id":"https:\/\/wobronietradycjiiwiary.com\/pl\/#website"},"primaryImageOfPage":{"@id":"https:\/\/wobronietradycjiiwiary.com\/czytania-postne-brewiarza-trydenckiego-wielka-sroda-quadragesima-2-2\/#primaryimage"},"image":{"@id":"https:\/\/wobronietradycjiiwiary.com\/czytania-postne-brewiarza-trydenckiego-wielka-sroda-quadragesima-2-2\/#primaryimage"},"thumbnailUrl":"https:\/\/wobronietradycjiiwiary.com\/wp-content\/uploads\/2022\/03\/MOnks-praying.jpg","datePublished":"2026-04-01T06:15:35+00:00","breadcrumb":{"@id":"https:\/\/wobronietradycjiiwiary.com\/czytania-postne-brewiarza-trydenckiego-wielka-sroda-quadragesima-2-2\/#breadcrumb"},"inLanguage":"pl-PL","potentialAction":[{"@type":"ReadAction","target":["https:\/\/wobronietradycjiiwiary.com\/czytania-postne-brewiarza-trydenckiego-wielka-sroda-quadragesima-2-2\/"]}]},{"@type":"ImageObject","inLanguage":"pl-PL","@id":"https:\/\/wobronietradycjiiwiary.com\/czytania-postne-brewiarza-trydenckiego-wielka-sroda-quadragesima-2-2\/#primaryimage","url":"https:\/\/wobronietradycjiiwiary.com\/wp-content\/uploads\/2022\/03\/MOnks-praying.jpg","contentUrl":"https:\/\/wobronietradycjiiwiary.com\/wp-content\/uploads\/2022\/03\/MOnks-praying.jpg","width":598,"height":427},{"@type":"BreadcrumbList","@id":"https:\/\/wobronietradycjiiwiary.com\/czytania-postne-brewiarza-trydenckiego-wielka-sroda-quadragesima-2-2\/#breadcrumb","itemListElement":[{"@type":"ListItem","position":1,"name":"Strona g\u0142\u00f3wna","item":"https:\/\/wobronietradycjiiwiary.com\/"},{"@type":"ListItem","position":2,"name":"Kazania postne Brewiarza Trydenckiego. Wielka \u015aroda &#8211; Quadragesima"}]},{"@type":"WebSite","@id":"https:\/\/wobronietradycjiiwiary.com\/pl\/#website","url":"https:\/\/wobronietradycjiiwiary.com\/pl\/","name":"Tradycja i Wiara","description":"Portal dla katolik\u00f3w.","publisher":{"@id":"https:\/\/wobronietradycjiiwiary.com\/pl\/#organization"},"potentialAction":[{"@type":"SearchAction","target":{"@type":"EntryPoint","urlTemplate":"https:\/\/wobronietradycjiiwiary.com\/pl\/?s={search_term_string}"},"query-input":{"@type":"PropertyValueSpecification","valueRequired":true,"valueName":"search_term_string"}}],"inLanguage":"pl-PL"},{"@type":"Organization","@id":"https:\/\/wobronietradycjiiwiary.com\/pl\/#organization","name":"Tradycja i Wiara","url":"https:\/\/wobronietradycjiiwiary.com\/pl\/","logo":{"@type":"ImageObject","inLanguage":"pl-PL","@id":"https:\/\/wobronietradycjiiwiary.com\/pl\/#\/schema\/logo\/image\/","url":"https:\/\/i0.wp.com\/wobronietradycjiiwiary.com\/wp-content\/uploads\/2015\/10\/cropped-st-peters-dome-vatican.jpg?fit=940%2C198&ssl=1","contentUrl":"https:\/\/i0.wp.com\/wobronietradycjiiwiary.com\/wp-content\/uploads\/2015\/10\/cropped-st-peters-dome-vatican.jpg?fit=940%2C198&ssl=1","width":940,"height":198,"caption":"Tradycja i Wiara"},"image":{"@id":"https:\/\/wobronietradycjiiwiary.com\/pl\/#\/schema\/logo\/image\/"},"sameAs":["https:\/\/www.facebook.com\/Tradycja-i-Wiara-108813920592249"]},{"@type":"Person","@id":"https:\/\/wobronietradycjiiwiary.com\/pl\/#\/schema\/person\/f63e6405621f929c17a9c191b8d16b9d","name":"Prospector Veritatis","url":"https:\/\/wobronietradycjiiwiary.com\/pl\/author\/prospectorveritatis\/"}]}},"jetpack_publicize_connections":[],"jetpack_sharing_enabled":true,"jetpack_likes_enabled":true,"jetpack_shortlink":"https:\/\/wp.me\/pc04Sd-FGI","jetpack-related-posts":[{"id":129993,"url":"https:\/\/wobronietradycjiiwiary.com\/pl\/czytania-postne-brewiarza-trydenckiego-wielka-sroda-quadragesima-2\/","url_meta":{"origin":160252,"position":0},"title":"Kazania postne Brewiarza Trydenckiego. Wielka \u015aroda &#8211; Quadragesima","author":"Prospector Veritatis","date":"16 kwietnia 2025","format":false,"excerpt":"Czytania Brewiarza Trydenckiego na Wielk\u0105 \u015arod\u0119.","rel":"","context":"W \u201eDuchowo\u015b\u0107&quot;","block_context":{"text":"Duchowo\u015b\u0107","link":"https:\/\/wobronietradycjiiwiary.com\/pl\/category\/duchowosc\/"},"img":{"alt_text":"","src":"https:\/\/i0.wp.com\/wobronietradycjiiwiary.com\/wp-content\/uploads\/2022\/03\/MOnks-praying.jpg?resize=350%2C200&ssl=1","width":350,"height":200,"srcset":"https:\/\/i0.wp.com\/wobronietradycjiiwiary.com\/wp-content\/uploads\/2022\/03\/MOnks-praying.jpg?resize=350%2C200&ssl=1 1x, https:\/\/i0.wp.com\/wobronietradycjiiwiary.com\/wp-content\/uploads\/2022\/03\/MOnks-praying.jpg?resize=525%2C300&ssl=1 1.5x"},"classes":[]},{"id":66414,"url":"https:\/\/wobronietradycjiiwiary.com\/pl\/czytania-postne-brewiarza-trydenckiego-44\/","url_meta":{"origin":160252,"position":1},"title":"Czytania postne Brewiarza Trydenckiego","author":"Traditio et Fides","date":"13 kwietnia 2022","format":false,"excerpt":"Czytania Brewiarza Trydenckiego na \u015arod\u0119 Wielkiego Tygodnia.","rel":"","context":"W \u201eDuchowo\u015b\u0107&quot;","block_context":{"text":"Duchowo\u015b\u0107","link":"https:\/\/wobronietradycjiiwiary.com\/pl\/category\/duchowosc\/"},"img":{"alt_text":"","src":"https:\/\/i0.wp.com\/wobronietradycjiiwiary.com\/wp-content\/uploads\/2022\/03\/MOnks-praying.jpg?resize=350%2C200&ssl=1","width":350,"height":200,"srcset":"https:\/\/i0.wp.com\/wobronietradycjiiwiary.com\/wp-content\/uploads\/2022\/03\/MOnks-praying.jpg?resize=350%2C200&ssl=1 1x, https:\/\/i0.wp.com\/wobronietradycjiiwiary.com\/wp-content\/uploads\/2022\/03\/MOnks-praying.jpg?resize=525%2C300&ssl=1 1.5x"},"classes":[]},{"id":114988,"url":"https:\/\/wobronietradycjiiwiary.com\/pl\/czytania-postne-brewiarza-trydenckiego-wielka-sroda-quadragesima\/","url_meta":{"origin":160252,"position":2},"title":"Czytania postne Brewiarza Trydenckiego. Wielka \u015aroda &#8211; Quadragesima","author":"Prospector Veritatis","date":"27 marca 2024","format":false,"excerpt":"Czytania Brewiarza Trydenckiego na Wielk\u0105 \u015arod\u0119.","rel":"","context":"W \u201eDuchowo\u015b\u0107&quot;","block_context":{"text":"Duchowo\u015b\u0107","link":"https:\/\/wobronietradycjiiwiary.com\/pl\/category\/duchowosc\/"},"img":{"alt_text":"","src":"https:\/\/i0.wp.com\/wobronietradycjiiwiary.com\/wp-content\/uploads\/2022\/03\/MOnks-praying.jpg?resize=350%2C200&ssl=1","width":350,"height":200,"srcset":"https:\/\/i0.wp.com\/wobronietradycjiiwiary.com\/wp-content\/uploads\/2022\/03\/MOnks-praying.jpg?resize=350%2C200&ssl=1 1x, https:\/\/i0.wp.com\/wobronietradycjiiwiary.com\/wp-content\/uploads\/2022\/03\/MOnks-praying.jpg?resize=525%2C300&ssl=1 1.5x"},"classes":[]},{"id":16162,"url":"https:\/\/wobronietradycjiiwiary.com\/pl\/czesci-wielkiego-egzorcyzmu-po-polsku-11-z-12-tekst-5-6-modlitwy-i-psalmy-towarzyszace\/","url_meta":{"origin":160252,"position":3},"title":"Cz\u0119\u015bci Wielkiego Egzorcyzmu po polsku (11 z 12). Tekst (5. &#8211; 6.) Modlitwy i psalmy towarzysz\u0105ce.","author":"Traditio et Fides","date":"30 stycznia 2018","format":false,"excerpt":"Modlitwy towarzysz\u0105ce W cz\u0119\u015bci 5 i 6 Wielkiego Egzorcyzmu nast\u0119puj\u0105 kolejno poni\u017csze uwagi: Cz\u0119\u015bci powy\u017csze od 1. do 4. mog\u0105 by\u0107, wed\u0142ug Rituale, tak cz\u0119sto powtarzane, a\u017c dojdzie do ca\u0142kowitego uwolnienia. W egzorcyzmie pomaga cz\u0119ste odmawianie Ojcze nasz, Zdrowa\u0107 Maryjo i Wierz\u0119 nad op\u0119tanym jak i odmawianie nast\u0119puj\u0105cych modlitw: Magnificat,\u2026","rel":"","context":"W \u201eEgzorcyzm z Rituale romanum&quot;","block_context":{"text":"Egzorcyzm z Rituale romanum","link":"https:\/\/wobronietradycjiiwiary.com\/pl\/category\/duchowosc\/modlitwy\/egzorcyzmy\/egzorcyzm-z-rituale-romanum\/"},"img":{"alt_text":"","src":"https:\/\/i0.wp.com\/wobronietradycjiiwiary.com\/wp-content\/uploads\/2017\/08\/7557357324_2e2103602b_b.jpg?resize=350%2C200&ssl=1","width":350,"height":200,"srcset":"https:\/\/i0.wp.com\/wobronietradycjiiwiary.com\/wp-content\/uploads\/2017\/08\/7557357324_2e2103602b_b.jpg?resize=350%2C200&ssl=1 1x, https:\/\/i0.wp.com\/wobronietradycjiiwiary.com\/wp-content\/uploads\/2017\/08\/7557357324_2e2103602b_b.jpg?resize=525%2C300&ssl=1 1.5x, https:\/\/i0.wp.com\/wobronietradycjiiwiary.com\/wp-content\/uploads\/2017\/08\/7557357324_2e2103602b_b.jpg?resize=700%2C400&ssl=1 2x"},"classes":[]},{"id":64007,"url":"https:\/\/wobronietradycjiiwiary.com\/pl\/czytania-postne-brewiarza-trydenckiego-15\/","url_meta":{"origin":160252,"position":4},"title":"Czytania postne Brewiarza Trydenckiego. \u015aroda w drugim tygodniu Wlk. Postu","author":"Traditio et Fides","date":"16 marca 2022","format":false,"excerpt":"Czytania Brewiarza Trydenckiego na \u015brod\u0119 w drugim tygodniu Wielkiego Postu.","rel":"","context":"W \u201eDuchowo\u015b\u0107&quot;","block_context":{"text":"Duchowo\u015b\u0107","link":"https:\/\/wobronietradycjiiwiary.com\/pl\/category\/duchowosc\/"},"img":{"alt_text":"","src":"https:\/\/i0.wp.com\/wobronietradycjiiwiary.com\/wp-content\/uploads\/2022\/03\/MOnks-praying.jpg?resize=350%2C200&ssl=1","width":350,"height":200,"srcset":"https:\/\/i0.wp.com\/wobronietradycjiiwiary.com\/wp-content\/uploads\/2022\/03\/MOnks-praying.jpg?resize=350%2C200&ssl=1 1x, https:\/\/i0.wp.com\/wobronietradycjiiwiary.com\/wp-content\/uploads\/2022\/03\/MOnks-praying.jpg?resize=525%2C300&ssl=1 1.5x"},"classes":[]},{"id":66049,"url":"https:\/\/wobronietradycjiiwiary.com\/pl\/czytania-postne-brewiarza-trydenckiego-33\/","url_meta":{"origin":160252,"position":5},"title":"Czytania postne Brewiarza Trydenckiego. Niedziela M\u0119ki Pa\u0144skiej.","author":"Traditio et Fides","date":"3 kwietnia 2022","format":false,"excerpt":"Czytania Brewiarza Trydenckiego na Niedziel\u0119 M\u0119ki Pa\u0144skiej.","rel":"","context":"W \u201eDuchowo\u015b\u0107&quot;","block_context":{"text":"Duchowo\u015b\u0107","link":"https:\/\/wobronietradycjiiwiary.com\/pl\/category\/duchowosc\/"},"img":{"alt_text":"","src":"https:\/\/i0.wp.com\/wobronietradycjiiwiary.com\/wp-content\/uploads\/2022\/03\/MOnks-praying.jpg?resize=350%2C200&ssl=1","width":350,"height":200,"srcset":"https:\/\/i0.wp.com\/wobronietradycjiiwiary.com\/wp-content\/uploads\/2022\/03\/MOnks-praying.jpg?resize=350%2C200&ssl=1 1x, https:\/\/i0.wp.com\/wobronietradycjiiwiary.com\/wp-content\/uploads\/2022\/03\/MOnks-praying.jpg?resize=525%2C300&ssl=1 1.5x"},"classes":[]}],"amp_enabled":true,"jetpack_featured_media_url":"https:\/\/wobronietradycjiiwiary.com\/wp-content\/uploads\/2022\/03\/MOnks-praying.jpg","_links":{"self":[{"href":"https:\/\/wobronietradycjiiwiary.com\/pl\/wp-json\/wp\/v2\/posts\/160252","targetHints":{"allow":["GET"]}}],"collection":[{"href":"https:\/\/wobronietradycjiiwiary.com\/pl\/wp-json\/wp\/v2\/posts"}],"about":[{"href":"https:\/\/wobronietradycjiiwiary.com\/pl\/wp-json\/wp\/v2\/types\/post"}],"author":[{"embeddable":true,"href":"https:\/\/wobronietradycjiiwiary.com\/pl\/wp-json\/wp\/v2\/users\/119394846"}],"replies":[{"embeddable":true,"href":"https:\/\/wobronietradycjiiwiary.com\/pl\/wp-json\/wp\/v2\/comments?post=160252"}],"version-history":[{"count":1,"href":"https:\/\/wobronietradycjiiwiary.com\/pl\/wp-json\/wp\/v2\/posts\/160252\/revisions"}],"predecessor-version":[{"id":160261,"href":"https:\/\/wobronietradycjiiwiary.com\/pl\/wp-json\/wp\/v2\/posts\/160252\/revisions\/160261"}],"wp:featuredmedia":[{"embeddable":true,"href":"https:\/\/wobronietradycjiiwiary.com\/pl\/wp-json\/wp\/v2\/media\/62967"}],"wp:attachment":[{"href":"https:\/\/wobronietradycjiiwiary.com\/pl\/wp-json\/wp\/v2\/media?parent=160252"}],"wp:term":[{"taxonomy":"category","embeddable":true,"href":"https:\/\/wobronietradycjiiwiary.com\/pl\/wp-json\/wp\/v2\/categories?post=160252"},{"taxonomy":"post_tag","embeddable":true,"href":"https:\/\/wobronietradycjiiwiary.com\/pl\/wp-json\/wp\/v2\/tags?post=160252"}],"curies":[{"name":"wp","href":"https:\/\/api.w.org\/{rel}","templated":true}]}}