{"id":160250,"date":"2026-04-03T08:15:30","date_gmt":"2026-04-03T06:15:30","guid":{"rendered":"https:\/\/wobronietradycjiiwiary.com\/?p=160250"},"modified":"2026-02-03T13:01:06","modified_gmt":"2026-02-03T12:01:06","slug":"czytania-postne-brewiarza-trydenckiego-wielki-piatek-quadragesima-2-2","status":"publish","type":"post","link":"https:\/\/wobronietradycjiiwiary.com\/pl\/czytania-postne-brewiarza-trydenckiego-wielki-piatek-quadragesima-2-2\/","title":{"rendered":"Kazania postne Brewiarza Trydenckiego. Wielki Pi\u0105tek &#8211; Quadragesima"},"content":{"rendered":"<div id=\"bsf_rt_marker\"><\/div>\t\t<div data-elementor-type=\"wp-post\" data-elementor-id=\"160250\" class=\"elementor elementor-160250\" data-elementor-post-type=\"post\">\n\t\t\t\t<div class=\"elementor-element elementor-element-78bae2a1 e-flex e-con-boxed e-con e-parent\" data-id=\"78bae2a1\" data-element_type=\"container\" data-e-type=\"container\">\n\t\t\t\t\t<div class=\"e-con-inner\">\n\t\t\t\t<div class=\"elementor-element elementor-element-5fafc64f elementor-widget elementor-widget-text-editor\" data-id=\"5fafc64f\" data-element_type=\"widget\" data-e-type=\"widget\" data-widget_type=\"text-editor.default\">\n\t\t\t\t<div class=\"elementor-widget-container\">\n\t\t\t\t\t\t\t\t\t\n<p class=\"wp-block-paragraph\"><strong><em><mark style=\"background-color:rgba(0, 0, 0, 0)\" class=\"has-inline-color has-vivid-red-color\">O<\/mark><\/em><\/strong>jcze nasz, kt\u00f3ry\u015b jest w niebie, \u015bwi\u0119\u0107 si\u0119 imi\u0119 Twoje: przyjd\u017a kr\u00f3lestwo Twoje: b\u0105d\u017a wola Twoja, jako w niebie tak i na ziemi. Chleba naszego powszedniego daj nam dzisiaj: i odpu\u015b\u0107 nam nasze winy, jako i my odpuszczamy naszym winowajcom: i nie w\u00f3d\u017a nas na pokuszenie: ale nas zbaw ode z\u0142ego. Amen.<\/p>\n\n\n\n<p class=\"wp-block-paragraph\"><mark style=\"background-color:rgba(0, 0, 0, 0)\" class=\"has-inline-color has-vivid-red-color\"><strong><em>Lekcja 1<\/em><\/strong><br><\/mark>Z Lamentacji Proroka Jeremiasza<br><em><mark style=\"background-color:rgba(0, 0, 0, 0)\" class=\"has-inline-color has-vivid-red-color\">Lm 2:8-11<\/mark><\/em><br>8\u00a0Cheth. Umy\u015bli\u0142 Pan rozwali\u0107 mur c\u00f3rki Syon, wyci\u0105gn\u0105\u0142 sznur sw\u00f3j, i nie odwr\u00f3ci\u0142 r\u0119ki sw\u00e9j od gubienia: i p\u0142aka\u0142o przedmurze, i mur spo\u0142em rozwalon jest.<br>9\u00a0Teth. Zapad\u0142y w ziemi\u0119 bramy jego, zatraci\u0142 i po\u0142ama\u0142 zawory jego i kr\u00f3la jego i ksi\u0105\u017c\u0119ta jego mi\u0119dzy pogany: niemasz zakonu, a prorocy jego nie nale\u017ali widzenia od Pana.<br>10\u00a0Jod. Siedli na ziemi, umilkli starcy c\u00f3rki Syon, posypali popio\u0142em g\u0142owy swe, przepasali si\u0119 w\u0142osienicami, zwiesi\u0142y do ziemie g\u0142owy swe panny Jeruzalem.<br>11\u00a0Kaph. Usta\u0142y od p\u0142aczu oczy moje, strwo\u017cy\u0142y si\u0119 wn\u0119trza moje, wyla\u0142a si\u0119 na ziemi\u0119 w\u0105troba moja dla starcia c\u00f3rki ludu mego, gdy wstawia\u0142o dzieci\u0119 i ss\u0105cy na ulicach miasta.<br><strong><em><mark style=\"background-color:rgba(0, 0, 0, 0)\" class=\"has-inline-color has-vivid-red-color\">J<\/mark><\/em><\/strong>eruzalem, Jeruzalem, nawr\u00f3\u0107 si\u0119 do Pana Boga Twego.<\/p>\n\n\n\n<p class=\"wp-block-paragraph\"><em><em><mark style=\"background-color:rgba(0, 0, 0, 0)\" class=\"has-inline-color has-vivid-red-color\">\u211f.<\/mark><\/em><\/em>&nbsp;Wszyscy przyjaciele moi opu\u015bcili mi\u0119 i przechwalali si\u0119 czyhaj\u0105cy na mnie. Wyda\u0142 mnie, kt\u00f3rego mi\u0142owa\u0142em:<br>* Zadawszy mi srogie rany, straszliwemi oczy patrzyli na mnie i octem poili mnie<br><em><em><mark style=\"background-color:rgba(0, 0, 0, 0)\" class=\"has-inline-color has-vivid-red-color\">\u2123.<\/mark><\/em><\/em>&nbsp;Porzucili mnie mi\u0119dzy \u0142otrami i nie przepu\u015bcili duszy mojej.<br><em><em><mark style=\"background-color:rgba(0, 0, 0, 0)\" class=\"has-inline-color has-vivid-red-color\">\u211f.<\/mark><\/em><\/em>&nbsp;Zadawszy mi srogie rany, straszliwemi oczy patrzyli na mnie i octem poili mnie<\/p>\n\n\n\n<p class=\"wp-block-paragraph\"><mark style=\"background-color:rgba(0, 0, 0, 0)\" class=\"has-inline-color has-vivid-red-color\"><strong><em>Lekcja 2<\/em><\/strong><br><em>Lm 2:12-15<\/em><\/mark><br>12\u00a0Lamed. Matkom swym m\u00f3wi\u0142y: Gdzie jest pszenica i wino? gdy mdleli jako zranieni na ulicach miejskich, gdy wypuszcza\u0142y dusze swe na \u0142onie matek swych.<br>13\u00a0Mem. Komu ci\u0119 przyr\u00f3wnam? albo komu ci\u0119 przypodobam, c\u00f3rko Jerozolimska? z kim ci\u0119 por\u00f3wnam i pociesz\u0119 ci\u0119, panno, c\u00f3rko Syon? bo wielkie jest jako morze skruszenie twoje, kt\u00f3\u017c ci\u0119 zleczy?<br>14\u00a0Nun. Prorocy twoi widzieli tobie fa\u0142sz i g\u0142upstwo, a nie odkrywali nieprawo\u015bci twoj\u00e9j, aby ci\u0119 do pokuty przywiedli: lecz upatrowali tobie proroctwa fa\u0142szywe i wygnania.<br>15\u00a0Samech. Klaskali nad tob\u0105 r\u0119koma wszyscy mijaj\u0105cy drog\u0105, \u015bwistali i chwiali g\u0142ow\u0105 swoj\u0105 nad c\u00f3rk\u0105 Jerozolimsk\u0105, m\u00f3wi\u0105c: I on\u00f3\u017c to jest miasto doskona\u0142\u00e9j pi\u0119kno\u015bci, wesele wszystki\u00e9j ziemie?<br><strong><em><mark style=\"background-color:rgba(0, 0, 0, 0)\" class=\"has-inline-color has-vivid-red-color\">J<\/mark><\/em><\/strong>eruzalem, Jeruzalem, nawr\u00f3\u0107 si\u0119 do Pana Boga Twego.<\/p>\n\n\n\n<p class=\"wp-block-paragraph\"><em><em><mark style=\"background-color:rgba(0, 0, 0, 0)\" class=\"has-inline-color has-vivid-red-color\">\u211f.<\/mark><\/em><\/em>&nbsp;Zas\u0142ona ko\u015bcielna rozdar\u0142a si\u0119.<br>* I wszystka ziemia zadr\u017ca\u0142a: \u0142otr z krzy\u017ca wo\u0142a\u0142, m\u00f3wi\u0105c: Panie, pomnij na mnie, gdy przyjdziesz do Kr\u00f3lestwa Twego.<br><em><em><mark style=\"background-color:rgba(0, 0, 0, 0)\" class=\"has-inline-color has-vivid-red-color\">\u2123.<\/mark><\/em><\/em>&nbsp;Ska\u0142y si\u0119 popada\u0142y i groby si\u0119 otworzy\u0142y i wiele cia\u0142 \u015bwi\u0119tych, kt\u00f3rzy byli posn\u0119li, powsta\u0142o.<br><em><em><mark style=\"background-color:rgba(0, 0, 0, 0)\" class=\"has-inline-color has-vivid-red-color\">\u211f.<\/mark><\/em><\/em>&nbsp;I wszystka ziemia zadr\u017ca\u0142a: \u0142otr z krzy\u017ca wo\u0142a\u0142, m\u00f3wi\u0105c: Panie, pomnij na mnie, gdy przyjdziesz do Kr\u00f3lestwa Twego.<\/p>\n\n\n\n<p class=\"wp-block-paragraph\"><mark style=\"background-color:rgba(0, 0, 0, 0)\" class=\"has-inline-color has-vivid-red-color\"><strong><em>Lekcja 3<\/em><\/strong><br><em>Lm 3:1-9<\/em><\/mark><br>1\u00a0Aleph. Jam m\u0105\u017c widz\u0105cy ub\u00f3stwo moje w r\u00f3zdze zagniewania jego.<br>2\u00a0Aleph. Zaprowadzi\u0142 mi\u0119 i zawi\u00f3d\u0142 do ciemno\u015bci, a nie do \u015bwiat\u0142o\u015bci.<br>3\u00a0Aleph. Tylko si\u0119 na mi\u0119 obr\u00f3ci\u0142, i obraca r\u0119k\u0119 sw\u0105 przez wszystek dzie\u0144.<br>4\u00a0Beth. Star\u0105 uczyni\u0142 sk\u00f3r\u0119 moj\u0119 i cia\u0142o moje, po\u0142ama\u0142 ko\u015bci moje.<br>5\u00a0Beth. Obudowa\u0142 oko\u0142o mnie, i ogarn\u0105\u0142 mi\u0119 \u017c\u00f3\u0142ci\u0105 i prac\u0105.<br>6\u00a0Beth. W ciemno\u015bciach posadzi\u0142 mi\u0119, jako umar\u0142e wieczne.<br>7\u00a0Gimel. Obudowa\u0142 przeciwko mnie, \u017cebych nie wyszed\u0142, obci\u0105\u017cy\u0142 okowy moje.<br>8\u00a0Gimel. Ale i gdy wo\u0142a\u0107 b\u0119d\u0119 i prosi\u0107, odrzuci modlitw\u0119 moj\u0119.<br>9\u00a0Gimel. Zagrodzi\u0142 drogi moje kamieniem kwadratowym, \u015bcie\u017cki moje wywr\u00f3ci\u0142.<br><strong><em><mark style=\"background-color:rgba(0, 0, 0, 0)\" class=\"has-inline-color has-vivid-red-color\">J<\/mark><\/em><\/strong>eruzalem, Jeruzalem, nawr\u00f3\u0107 si\u0119 do Pana Boga Twego.<\/p>\n\n\n\n<p class=\"wp-block-paragraph\"><em><em><mark style=\"background-color:rgba(0, 0, 0, 0)\" class=\"has-inline-color has-vivid-red-color\">\u211f.<\/mark><\/em><\/em>&nbsp;Winnico moja wybrana, jam Ci\u0119 zasadzi\u0142<br>* Jako\u017c obr\u00f3ci\u0142a\u015b si\u0119 w gorzko\u015b\u0107, aby\u015b mi\u0119 ukrzy\u017cowa\u0142a, a Barabasza wypu\u015bci\u0142a?<br><em><em><mark style=\"background-color:rgba(0, 0, 0, 0)\" class=\"has-inline-color has-vivid-red-color\">\u2123.<\/mark><\/em><\/em>&nbsp;Ogrodzi\u0142em ciebie i wy bra\u0142em z ciebie kamienie i zbudowa\u0142em wie\u017c\u0119.<br><em><em><mark style=\"background-color:rgba(0, 0, 0, 0)\" class=\"has-inline-color has-vivid-red-color\">\u211f.<\/mark><\/em><\/em>&nbsp;Jako\u017c obr\u00f3ci\u0142a\u015b si\u0119 w gorzko\u015b\u0107, aby\u015b mi\u0119 ukrzy\u017cowa\u0142a, a Barabasza wypu\u015bci\u0142a?<br><em><em><mark style=\"background-color:rgba(0, 0, 0, 0)\" class=\"has-inline-color has-vivid-red-color\">\u211f.<\/mark><\/em><\/em>&nbsp;Winnico moja wybrana, jam Ci\u0119 zasadzi\u0142 * Jako\u017c obr\u00f3ci\u0142a\u015b si\u0119 w gorzko\u015b\u0107, aby\u015b mi\u0119 ukrzy\u017cowa\u0142a, a Barabasza wypu\u015bci\u0142a?<\/p>\n\n\n\n<p class=\"wp-block-paragraph\"><strong><em><mark style=\"background-color:rgba(0, 0, 0, 0)\" class=\"has-inline-color has-vivid-red-color\">O<\/mark><\/em><\/strong>jcze nasz, kt\u00f3ry\u015b jest w niebie, \u015bwi\u0119\u0107 si\u0119 imi\u0119 Twoje: przyjd\u017a kr\u00f3lestwo Twoje: b\u0105d\u017a wola Twoja, jako w niebie tak i na ziemi. Chleba naszego powszedniego daj nam dzisiaj: i odpu\u015b\u0107 nam nasze winy, jako i my odpuszczamy naszym winowajcom: i nie w\u00f3d\u017a nas na pokuszenie: ale nas zbaw ode z\u0142ego. Amen.<\/p>\n\n\n\n<p class=\"wp-block-paragraph\"><mark style=\"background-color:rgba(0, 0, 0, 0)\" class=\"has-inline-color has-vivid-red-color\"><strong><em>Lekcja 4<\/em><\/strong><br><\/mark>Z traktatu \u015bw. Augustyna Biskupa o Psalmach<br><mark style=\"background-color:rgba(0, 0, 0, 0)\" class=\"has-inline-color has-vivid-red-color\"><em>Psalm 63 od 2 wiersza<\/em><br><strong><em>O<\/em><\/strong><\/mark>broni\u0142e\u015b mnie, Bo\u017ce, od spisku z\u0142o\u015bliwych, od mn\u00f3stwa czyni\u0105cych nieprawo\u015b\u0107. Tu wejrzyjmy na g\u0142ow\u0119 nasz\u0105 \u2014 Chrystusa. Wielu m\u0119czennik\u00f3w podobnie um\u0119czonymi zosta\u0142o: lecz \u017caden z nich nie zaja\u015bnia\u0142 tak, jak g\u0142owa m\u0119czennik\u00f3w patrz\u0105c na Jego cierpienia lepiej rozumiemy, co oni przenie\u015bli. Chrystus obroniony by\u0142 od mn\u00f3stwa ludzi z\u0142ych; broni\u0142 Go B\u00f3g; broni\u0142 cia\u0142a swego Syn Bo\u017cy, kt\u00f3ry si\u0119 sta\u0142 cz\u0142owiekiem, gdy\u017c jest i Synem cz\u0142owieczym i Synem Bo\u017cym. Synem Bo\u017cym z powodu natury Boskiej; synem cz\u0142owieczym z powodu natury s\u0142ugi, kt\u00f3r\u0105 wzi\u0105\u0142 na siebie, maj\u0105c moc wyda\u0107 \u017cycie swoje lub zachowa\u0107 je. C\u00f3\u017c mogli mu uczyni\u0107 nieprzyjaciele? Zabili cia\u0142o, ale duszy zabi\u0107 nie mogli. Rozwa\u017ccie. Ma\u0142o by\u0142oby Panu zagrzewa\u0107 m\u0119czennik\u00f3w s\u0142owem, nie daj\u0105c im przyk\u0142adu.<\/p>\n\n\n\n<p class=\"wp-block-paragraph\"><em><em><mark style=\"background-color:rgba(0, 0, 0, 0)\" class=\"has-inline-color has-vivid-red-color\">\u211f.<\/mark><\/em><\/em>&nbsp;Jako na zb\u00f3jc\u0119 wyszli\u015bcie z mieczami i kijmi pojma\u0107 mi\u0119:<br>* Na ka\u017cdy dzie\u0144 by\u0142em w ko\u015bciele ucz\u0105c, a nie pojmali\u015bcie mi\u0119: a oto ubiczowawszy mi\u0119, wywiedli\u015bcie na ukrzy\u017cowanie,<br><em><em><mark style=\"background-color:rgba(0, 0, 0, 0)\" class=\"has-inline-color has-vivid-red-color\">\u2123.<\/mark><\/em><\/em>&nbsp;A gdy oni podnie\u015bli r\u0119ce na Jezusa i pojmali go, rzek\u0142 im.<br><em><em><mark style=\"background-color:rgba(0, 0, 0, 0)\" class=\"has-inline-color has-vivid-red-color\">\u211f.<\/mark><\/em><\/em>&nbsp;Na ka\u017cdy dzie\u0144 by\u0142em w ko\u015bciele ucz\u0105c, a nie pojmali\u015bcie mi\u0119: a oto ubiczowawszy mi\u0119, wywiedli\u015bcie na ukrzy\u017cowanie,<\/p>\n\n\n\n<p class=\"wp-block-paragraph\"><mark style=\"background-color:rgba(0, 0, 0, 0)\" class=\"has-inline-color has-vivid-red-color\"><strong><em>Lekcja 5<\/em><\/strong><br><strong><em>W<\/em><\/strong><\/mark>iecie, \u017ce Zgromadzenie uczynili \u017bydowie przewrotni i wiecie jak wielk\u0105 by\u0142a liczba czyni\u0105cych nieprawo\u015b\u0107? T\u0119 i\u017c chcieli zabi\u0107 Pana Jezusa Chrystusa. Tyle dobrych dzie\u0142 uczyni\u0142em dla was rzecze im: dla kt\u00f3rego\u017c to chcecie mnie zabi\u0107? Przyjmowa\u0142 wszystkich u\u0142omnych ich, uzdrawia\u0142 wszystkich chorych, opowiada\u0142 kr\u00f3lestwo niebieskie, ale nie zamilcza\u0142 wyst\u0119pk\u00f3w ich. Nie podoba\u0142o im si\u0119 to lekarstwo, kt\u00f3re im podawa\u0142 i nie chcieli go mie\u0107 za lekarza, kt\u00f3ryby ich uzdrowi\u0142. Nie pami\u0119tni wszystkich dobrodziejstw Jego, podobni do szale\u0144c\u00f3w w gor\u0105czce, kt\u00f3rych dra\u017cni obecno\u015b\u0107 lekarza, przychodz\u0105cego uzdrowi\u0107 ich; uknuli spisek, aby Go zgubi\u0107. Zrobili to, jakby chc\u0105c przekona\u0107 si\u0119, kim On by\u0142 naprawd\u0119: cz\u0142owiekiem podleg\u0142ym \u015bmierci, czy cz\u0142owiekiem wy\u017cszym ponad reszt\u0119 ludzi, nad kt\u00f3rym \u015bmier\u0107 w\u0142adzy nie ma. W ksi\u0119dze M\u0105dro\u015bci czytamy przepowiedni\u0119 s\u0142\u00f3w, kt\u00f3re wtedy wyrzekli: Ska\u017cmy go, aby umar\u0142 \u015bmierci\u0105 najhaniebniejsz\u0105, pytajmy go, aby\u015bmy mogli mie\u0107 wzgl\u0105d na s\u0142owa Jego. Je\u015bli prawdziwie jest Synem Bo\u017cym, B\u00f3g wybawi Go.<\/p>\n\n\n\n<p class=\"wp-block-paragraph\"><em><em><mark style=\"background-color:rgba(0, 0, 0, 0)\" class=\"has-inline-color has-vivid-red-color\">\u211f.<\/mark><\/em><\/em>&nbsp;Gdy \u017bydzi ukrzy\u017cowali Jezusa, sta\u0142y si\u0119 ciemno\u015bci: a oko\u0142o dziewi\u0105tej godziny zawo\u0142a\u0142 Jezus g\u0142osem wielkim: Bo\u017ce m\u00f3j, czemu\u015b mi\u0119 opu\u015bci\u0142?<br>* A sk\u0142oniwszy g\u0142ow\u0119, wypu\u015bci\u0142 ducha.<br><em><em><mark style=\"background-color:rgba(0, 0, 0, 0)\" class=\"has-inline-color has-vivid-red-color\">\u2123.<\/mark><\/em><\/em>&nbsp;A Jezus, zawo\u0142awszy g\u0142osem wielkim rzek\u0142: Ojcze, w r\u0119ce Twe polecam Ducha mego.<br><em><em><mark style=\"background-color:rgba(0, 0, 0, 0)\" class=\"has-inline-color has-vivid-red-color\">\u211f.<\/mark><\/em><\/em>&nbsp;A sk\u0142oniwszy g\u0142ow\u0119, wypu\u015bci\u0142 ducha.<\/p>\n\n\n\n<p class=\"wp-block-paragraph\"><mark style=\"background-color:rgba(0, 0, 0, 0)\" class=\"has-inline-color has-vivid-red-color\"><strong><em>Lekcja 6<\/em><\/strong><br><strong><em>W<\/em><\/strong><\/mark>yostrzyli j\u0119zyki swoje jak miecz. Niech nie m\u00f3wi\u0105 \u017bydzi: Nie my\u015bmy zabili Chrystusa. Gdy\u017c je\u015bli go zaprowadzili przed trybuna\u0142 Pi\u0142ata, to na to, a\u017ceby wyda\u0107 si\u0119 niejako niewinnymi Jego \u015bmierci. I w istocie, gdy Pi\u0142at im powiedzia\u0142: Sami ska\u017ccie go, na \u015bmier\u0107, odpowiedzieli: Niewolno nam nikogo ua \u015bmier\u0107 skazywa\u0107. Chcieli wi\u0119c, by ca\u0142a odpowiedzialno\u015b\u0107 za zbrodni\u0119 spad\u0142a na s\u0119dziego cz\u0142owieka; lecz zali\u017c mogli oszuka\u0107 S\u0119dziego Boga? W tem, co uczyni\u0142 Pi\u0142at, sta\u0142 si\u0119 po cz\u0119\u015bci uczestnikiem zbrodni, lecz w por\u00f3waniu z nimi, nier\u00f3wnie mniej jest winnym: gdy\u017c nalega\u0142 ile tylko m\u00f3g\u0142, aby go z r\u0105k ich wyrwa\u0107: i przeto okrutnie ubiczowanego przed nimi stawi\u0142. Nie z ch\u0119ci prze\u015bladowania ubiczowa\u0142 Pana, lecz zajad\u0142o\u015bci ich chcia\u0142 dogodzi\u0107, aby si\u0119 tem przynajmniej u\u0142agodzili i zaniechali zamiaru zabicia go, gdy tak dalece ubiczowanego ujrz\u0105. Uczyni\u0142 i to. Gdy za\u015b uporczywie trwali w z\u0142o\u015bci, wiecie, i\u017c umy\u0142 r\u0119ce swoje i o\u015bwiadczy\u0142 si\u0119 z tem, \u017ce nie on to pope\u0142ni\u0142; \u017ce nie winien \u015bmierci jego. Jednak\u017ce uczyni\u0142. Je\u017celi wi\u0119c on jest winien, chocia\u017c niech\u0119tnie zda\u0142 go na \u015bmier\u0107, maj\u0105\u017c by\u0107 niewinnymi, kt\u00f3rzy go zmusili, aby to uczyni\u0142? \u017badn\u0105 miar\u0105. Lecz on wyda\u0142 na niego wyrok i rozkaza\u0142, aby go ukrzy\u017cowano, a ju\u017c tem samem jakby go zabi\u0142; z tem wszystkiem wy, o \u017bydzi, zabili\u015bcie. Jakim\u017ce sposobem zabili\u015bcie? Oto mieczem j\u0119zyka, bo zaostrzyli\u015bcie j\u0119zyki wasze. Kiedy\u017c mianowicie zadali\u015bcie cios \u015bmiertelny, je\u015bli nie wtedy, gdy\u015bcie krzyczeli: Ukrzy\u017cuj, ukrzy\u017cuj.<\/p>\n\n\n\n<p class=\"wp-block-paragraph\"><em><em><mark style=\"background-color:rgba(0, 0, 0, 0)\" class=\"has-inline-color has-vivid-red-color\">\u211f.<\/mark><\/em><\/em>&nbsp;Ulubion\u0105 dusz\u0119 moj\u0105 wyda\u0142em w r\u0119ce grzesznik\u00f3w i sta\u0142o mi si\u0119 dziedzictwo moje jako lew na puszczy: pu\u015bci\u0142 przeciwko mnie g\u0142os przeciwnik, m\u00f3wi\u0105c: Przyjd\u017acie, zbierzcie si\u0119 wszyscy, \u015bpieszcie si\u0119 na po\u017carcie. Postawili mi\u0119 samotnego na pustyni i p\u0142aka\u0142a nademn\u0105 wszystka ziemia.<br>* Albowiem nie jest nalezion, kt\u00f3ryby mi\u0119 pozna\u0142 i uczyni\u0142 dobrze.<br><em><em><mark style=\"background-color:rgba(0, 0, 0, 0)\" class=\"has-inline-color has-vivid-red-color\">\u2123.<\/mark><\/em><\/em>&nbsp;Powstali na mnie m\u0119\u017cowie bez mi\u0142osierdzia i nie przepu\u015bcili duszy mojej.<br><em><em><mark style=\"background-color:rgba(0, 0, 0, 0)\" class=\"has-inline-color has-vivid-red-color\">\u211f.<\/mark><\/em><\/em>&nbsp;Albowiem nie jest nalezion, kt\u00f3ryby mi\u0119 pozna\u0142 i uczyni\u0142 dobrze.<br>Chwa\u0142a pomin\u0105\u0107<br><em><em><mark style=\"background-color:rgba(0, 0, 0, 0)\" class=\"has-inline-color has-vivid-red-color\">\u211f.<\/mark><\/em><\/em>&nbsp;Ulubion\u0105 dusz\u0119 moj\u0105 wyda\u0142em w r\u0119ce grzesznik\u00f3w i sta\u0142o mi si\u0119 dziedzictwo moje jako lew na puszczy: pu\u015bci\u0142 przeciwko mnie g\u0142os przeciwnik, m\u00f3wi\u0105c: Przyjd\u017acie, zbierzcie si\u0119 wszyscy, \u015bpieszcie si\u0119 na po\u017carcie. Postawili mi\u0119 samotnego na pustyni i p\u0142aka\u0142a nademn\u0105 wszystka ziemia. * Albowiem nie jest nalezion, kt\u00f3ryby mi\u0119 pozna\u0142 i uczyni\u0142 dobrze.<\/p>\n\n\n\n<p class=\"wp-block-paragraph\"><strong><em><mark style=\"background-color:rgba(0, 0, 0, 0)\" class=\"has-inline-color has-vivid-red-color\">O<\/mark><\/em><\/strong>jcze nasz, kt\u00f3ry\u015b jest w niebie, \u015bwi\u0119\u0107 si\u0119 imi\u0119 Twoje: przyjd\u017a kr\u00f3lestwo Twoje: b\u0105d\u017a wola Twoja, jako w niebie tak i na ziemi. Chleba naszego powszedniego daj nam dzisiaj: i odpu\u015b\u0107 nam nasze winy, jako i my odpuszczamy naszym winowajcom: i nie w\u00f3d\u017a nas na pokuszenie: ale nas zbaw ode z\u0142ego. Amen.<\/p>\n\n\n\n<p class=\"wp-block-paragraph\"><mark style=\"background-color:rgba(0, 0, 0, 0)\" class=\"has-inline-color has-vivid-red-color\"><strong><em>Lekcja 7<\/em><\/strong><br><\/mark>Z listu \u015bw. Paw\u0142a Aposto\u0142a do \u017byd\u00f3w<br><mark style=\"background-color:rgba(0, 0, 0, 0)\" class=\"has-inline-color has-vivid-red-color\"><em>Hbr 4:11-15<\/em><br><\/mark>11\u00a0Spieszmy si\u0119 tedy, aby\u015bmy weszli do onego odpoczynienia, i\u017cby kto w ten\u017ce przyk\u0142ad niedowiarstwa nie wpad\u0142.<br>12\u00a0Bo \u017cywa jest mowa Bo\u017ca i skuteczna, i przera\u017aliwsza ni\u017celi wszelaki miecz po obu stron ostry i przenikaj\u0105ca a\u017c do rozdzielenia dusze i ducha, staw\u00f3w te\u017c i szpik\u00f3w, i rozeznawaj\u0105ca my\u015bli i przedsi\u0119wzi\u0119cia serdeczne.<br>13\u00a0A niemasz \u017cadnego stworzenia niewidzialnego przed obliczno\u015bci\u0105 jego; lecz wszystkie rzeczy obna\u017cone s\u0105 i odkryte oczom jego, do kt\u00f3rego nam mowa.<br>14\u00a0Maj\u0105c tedy Najwy\u017cszego kap\u0142ana wielkiego, kt\u00f3ry przeszed\u0142 niebiosa, Jezusa, Syna Bo\u017cego, trzymajmy si\u0119 wyznania.<br>15\u00a0Albowiem nie mamy Najwy\u017cszego kap\u0142ana, kt\u00f3ryby si\u0119 nie m\u00f3g\u0142 ulitowa\u0107 nad krewko\u015bciami naszemi; lecz kuszonego we wszystkiem na podobie\u0144stwo opr\u00f3cz grzechu.<\/p>\n\n\n\n<p class=\"wp-block-paragraph\"><em><em><mark style=\"background-color:rgba(0, 0, 0, 0)\" class=\"has-inline-color has-vivid-red-color\">\u211f.<\/mark><\/em><\/em>&nbsp;Wydali mi\u0119 w r\u0119ce niezbo\u017cnych i mi\u0119dzy niezbo\u017cnymi porzucili mi\u0119 i nie przepu\u015bcili duszy mojej. Zgromadzili si\u0119 przeciwko mnie m\u0119\u017cni:<br>* Jako olbrzymi stan\u0119li przeciwko mnie.<br><em><em><mark style=\"background-color:rgba(0, 0, 0, 0)\" class=\"has-inline-color has-vivid-red-color\">\u211f.<\/mark><\/em><\/em>&nbsp;Obcy powstali przeciwko mnie i mocni szukali duszy mojej.<br><em><em><mark style=\"background-color:rgba(0, 0, 0, 0)\" class=\"has-inline-color has-vivid-red-color\">\u211f.<\/mark><\/em><\/em>&nbsp;Jako olbrzymi stan\u0119li przeciwko mnie.<\/p>\n\n\n\n<p class=\"wp-block-paragraph\"><mark style=\"background-color:rgba(0, 0, 0, 0)\" class=\"has-inline-color has-vivid-red-color\"><strong><em>Lekcja 8<\/em><\/strong><br><em>Hbr 4:16; 5:1-3<\/em><\/mark><br>16\u00a0Przyst\u0105pmy tedy z ufno\u015bci\u0105 do stolice \u0142aski, aby\u015bmy otrzymali mi\u0142osierdzie, i \u0142ask\u0119 nale\u017ali ku pogodnemu ratunku.<br>1\u00a0Albowiem ka\u017cdy Najwy\u017cszy kap\u0142an z ludzi wzi\u0119ty, dla ludzi bywa postanowion w tem, co do Boga nale\u017cy, aby ofiarowa\u0142 dary i ofiary za grzechy.<br>2\u00a0Kt\u00f3ryby si\u0119 m\u00f3g\u0142 u\u017cali\u0107 tych, co nie umiej\u0105 i b\u0142\u0105dz\u0105, gdy\u017c i on ob\u0142o\u017con jest krewko\u015bci\u0105.<br>3\u00a0A dlatego powinien jest, jako za lud, tak\u017ce i sam za si\u0119 ofiarowa\u0107 za grzechy.<\/p>\n\n\n\n<p class=\"wp-block-paragraph\"><em><em><mark style=\"background-color:rgba(0, 0, 0, 0)\" class=\"has-inline-color has-vivid-red-color\">\u211f.<\/mark><\/em><\/em>&nbsp;Bezbo\u017cnik wyda\u0142 Jezusa ksi\u0105\u017c\u0119ciu kap\u0142an\u00f3w i starszym ludu.<br>* A Piotr szed\u0142 za nim z daleka, aby widzia\u0142 koniec.<br><em><em><mark style=\"background-color:rgba(0, 0, 0, 0)\" class=\"has-inline-color has-vivid-red-color\">\u2123.<\/mark><\/em><\/em>&nbsp;Przywiedli go za\u015b do Kajfasza, najwy\u017cszego kap\u0142ana, gdzie si\u0119 byli zebrali doktorowie i Faryzeuszowie.<br><em><em><mark style=\"background-color:rgba(0, 0, 0, 0)\" class=\"has-inline-color has-vivid-red-color\">\u211f.<\/mark><\/em><\/em>&nbsp;A Piotr szed\u0142 za nim z daleka, aby widzia\u0142 koniec.<\/p>\n\n\n\n<p class=\"wp-block-paragraph\"><mark style=\"background-color:rgba(0, 0, 0, 0)\" class=\"has-inline-color has-vivid-red-color\"><strong><em>Lekcja 9<\/em><\/strong><br><em>Hbr 5:4-10<\/em><\/mark><br>4\u00a0A \u017caden sobie czci nie bierze, jedno kt\u00f3ry bywa wezwan od Boga, jako Aaron.<br>5\u00a0Tak i Chrystus nie sam siebie ws\u0142awi\u0142, \u017ce si\u0119 sta\u0142 Najwy\u017cszym kap\u0142anem; ale kt\u00f3ry do niego m\u00f3wi\u0142: Syn m\u00f3j jeste\u015b ty. Jam ciebie dzi\u015b urodzi\u0142.<br>6\u00a0Jako i na inszem miejscu m\u00f3wi: Ty\u015b jest kap\u0142anem na wieki wedle porz\u0105dku Melchisedechowego.<br>7\u00a0Kt\u00f3ry za dni cia\u0142a swego modlitwy i pokorne pro\u015bby temu, kt\u00f3ry go m\u00f3g\u0142 wybawi\u0107 od \u015bmierci, z wo\u0142aniem pot\u0119\u017cnem i \u0142zami ofiarowawszy, by\u0142 wys\u0142uchan dla swej uczciwo\u015bci.<br>8\u00a0A chocia\u017c by\u0142 Synem Bo\u017cym, nauczy\u0142 si\u0119 z tego, co cierpia\u0142, pos\u0142usze\u0144stwa.<br>9\u00a0A doskona\u0142ym zostawszy, sta\u0142 si\u0119 wszystkim, kt\u00f3rzy mu pos\u0142uszni s\u0105, przyczyn\u0105 zbawienia wiecznego.<br>10\u00a0Nazwany od Boga Najwy\u017cszym kap\u0142anem wedle porz\u0105dku Melchisedecha.<\/p>\n\n\n\n<p class=\"wp-block-paragraph\"><em><em><mark style=\"background-color:rgba(0, 0, 0, 0)\" class=\"has-inline-color has-vivid-red-color\">\u211f.<\/mark><\/em><\/em>&nbsp;Powieki moje za\u0107mi\u0142y si\u0119 od p\u0142aczu mego, albowiem oddali\u0142 si\u0119 odemnie, kt\u00f3ry mi\u0119 pociesza\u0142. Obaczcie wszystkie narody.<br>* Czy jest bole\u015b\u0107 podobna do bole\u015bci mojej.<br><em><em><mark style=\"background-color:rgba(0, 0, 0, 0)\" class=\"has-inline-color has-vivid-red-color\">\u211f.<\/mark><\/em><\/em>&nbsp;O wy wszyscy, kt\u00f3rzy przechodzicie przez drog\u0119, obaczcie, a przypatrzcie si\u0119.<br><em><em><mark style=\"background-color:rgba(0, 0, 0, 0)\" class=\"has-inline-color has-vivid-red-color\">\u211f.<\/mark><\/em><\/em>&nbsp;Czy jest bole\u015b\u0107 podobna do bole\u015bci mojej.<br><em><em><mark style=\"background-color:rgba(0, 0, 0, 0)\" class=\"has-inline-color has-vivid-red-color\">\u211f.<\/mark><\/em><\/em>&nbsp;Powieki moje za\u0107mi\u0142y si\u0119 od p\u0142aczu mego, albowiem oddali\u0142 si\u0119 odemnie, kt\u00f3ry mi\u0119 pociesza\u0142. Obaczcie wszystkie narody * Czy jest bole\u015b\u0107 podobna do bole\u015bci mojej.<\/p>\n\n\n\n<p class=\"wp-block-paragraph\"><mark style=\"background-color:rgba(0, 0, 0, 0)\" class=\"has-inline-color has-vivid-red-color\"><strong><em>Modlitwy<\/em><\/strong>\u00a0{z Tempora\u0142u}<br><strong><em>W<\/em><\/strong><\/mark>ejrzyj, prosimy Ci\u0119, Panie, na t\u0119 czeladk\u0119 Twoj\u0105, za kt\u00f3r\u0105 Pan nasz Jezus Chrystus nie zawaha\u0142 si\u0119 ponie\u015b\u0107 m\u0119ki krzy\u017cowej i odda\u0107 si\u0119 w r\u0119ce grzesznik\u00f3w.<br><mark style=\"background-color:rgba(0, 0, 0, 0)\" class=\"has-inline-color has-vivid-red-color\"><em>doko\u0144czy\u0107 po cichu<\/em><br><\/mark><strong><em><mark style=\"background-color:rgba(0, 0, 0, 0)\" class=\"has-inline-color has-vivid-red-color\">K<\/mark><\/em><\/strong>t\u00f3ry z Tob\u0105 \u017cyje i kr\u00f3luje w jedno\u015bci Ducha \u015awi\u0119tego B\u00f3g przez wszystkie wieki wiek\u00f3w.<br><em><mark style=\"background-color:rgba(0, 0, 0, 0)\" class=\"has-inline-color has-vivid-red-color\">\u211f.<\/mark><\/em>\u00a0Amen.<\/p>\n\t\t\t\t\t\t\t\t<\/div>\n\t\t\t\t<\/div>\n\t\t\t\t\t<\/div>\n\t\t\t\t<\/div>\n\t\t\t\t<\/div>\n\t\t","protected":false},"excerpt":{"rendered":"<p>Czytania Brewiarza Trydenckiego na Wielki Pi\u0105tek.<\/p>\n","protected":false},"author":119394846,"featured_media":62967,"comment_status":"open","ping_status":"open","sticky":false,"template":"","format":"standard","meta":{"_bbp_topic_count":0,"_bbp_reply_count":0,"_bbp_total_topic_count":0,"_bbp_total_reply_count":0,"_bbp_voice_count":0,"_bbp_anonymous_reply_count":0,"_bbp_topic_count_hidden":0,"_bbp_reply_count_hidden":0,"_bbp_forum_subforum_count":0,"_editorskit_title_hidden":false,"_editorskit_reading_time":0,"_editorskit_is_block_options_detached":false,"_editorskit_block_options_position":"{}","_coblocks_attr":"","_coblocks_dimensions":"","_coblocks_responsive_height":"","_coblocks_accordion_ie_support":"","_exactmetrics_skip_tracking":false,"_jetpack_newsletter_access":"","_jetpack_dont_email_post_to_subs":false,"_jetpack_newsletter_tier_id":0,"_jetpack_memberships_contains_paywalled_content":false,"_wpcom_ai_launchpad_first_post":false,"_jetpack_feature_clip_id":0,"_jetpack_memberships_contains_paid_content":false,"footnotes":"","jetpack_publicize_message":"{title}\n\n{excerpt}\n\n{url}","jetpack_publicize_feature_enabled":true,"jetpack_social_post_already_shared":true,"jetpack_social_options":{"image_generator_settings":{"template":"highway","default_image_id":0,"font":"","enabled":false},"version":2},"_wpas_customize_per_network":false,"jetpack_post_was_ever_published":false},"categories":[610131184,610135163,336375535,610131268,610131155],"tags":[610134643],"class_list":["post-160250","post","type-post","status-publish","format-standard","has-post-thumbnail","hentry","category-duchowosc","category-kazania-na-wielki-post","category-liturgia-i-liturgika","category-rok-liturgiczny","category-rozwazania","tag-czytania-brewiarzowe-na-wielki-post"],"yoast_head":"<!-- This site is optimized with the Yoast SEO plugin v28.4 - https:\/\/yoast.com\/product\/yoast-seo-wordpress\/ -->\n<title>Kazania postne Brewiarza Trydenckiego. Wielki Pi\u0105tek - Quadragesima - Tradycja i Wiara<\/title>\n<meta name=\"robots\" content=\"index, follow, max-snippet:-1, max-image-preview:large, max-video-preview:-1\" \/>\n<link rel=\"canonical\" href=\"https:\/\/wobronietradycjiiwiary.com\/pl\/czytania-postne-brewiarza-trydenckiego-wielki-piatek-quadragesima-2-2\/\" \/>\n<meta property=\"og:locale\" content=\"pl_PL\" \/>\n<meta property=\"og:type\" content=\"article\" \/>\n<meta property=\"og:title\" content=\"Kazania postne Brewiarza Trydenckiego. Wielki Pi\u0105tek - Quadragesima - Tradycja i Wiara\" \/>\n<meta property=\"og:description\" content=\"Czytania Brewiarza Trydenckiego na Wielki Pi\u0105tek.\" \/>\n<meta property=\"og:url\" content=\"https:\/\/wobronietradycjiiwiary.com\/pl\/czytania-postne-brewiarza-trydenckiego-wielki-piatek-quadragesima-2-2\/\" \/>\n<meta property=\"og:site_name\" content=\"Tradycja i Wiara\" \/>\n<meta property=\"article:publisher\" content=\"https:\/\/www.facebook.com\/Tradycja-i-Wiara-108813920592249\" \/>\n<meta property=\"article:published_time\" content=\"2026-04-03T06:15:30+00:00\" \/>\n<meta property=\"og:image\" content=\"https:\/\/wobronietradycjiiwiary.com\/wp-content\/uploads\/2022\/03\/MOnks-praying.jpg\" \/>\n\t<meta property=\"og:image:width\" content=\"598\" \/>\n\t<meta property=\"og:image:height\" content=\"427\" \/>\n\t<meta property=\"og:image:type\" content=\"image\/jpeg\" \/>\n<meta name=\"author\" content=\"Prospector Veritatis\" \/>\n<meta name=\"twitter:card\" content=\"summary_large_image\" \/>\n<meta name=\"twitter:label1\" content=\"Napisane przez\" \/>\n\t<meta name=\"twitter:data1\" content=\"Prospector Veritatis\" \/>\n\t<meta name=\"twitter:label2\" content=\"Szacowany czas czytania\" \/>\n\t<meta name=\"twitter:data2\" content=\"12 minut\" \/>\n<script type=\"application\/ld+json\" class=\"yoast-schema-graph\">{\"@context\":\"https:\\\/\\\/schema.org\",\"@graph\":[{\"@type\":\"Article\",\"@id\":\"https:\\\/\\\/wobronietradycjiiwiary.com\\\/czytania-postne-brewiarza-trydenckiego-wielki-piatek-quadragesima-2-2\\\/#article\",\"isPartOf\":{\"@id\":\"https:\\\/\\\/wobronietradycjiiwiary.com\\\/czytania-postne-brewiarza-trydenckiego-wielki-piatek-quadragesima-2-2\\\/\"},\"author\":{\"name\":\"Prospector Veritatis\",\"@id\":\"https:\\\/\\\/wobronietradycjiiwiary.com\\\/pl\\\/#\\\/schema\\\/person\\\/f63e6405621f929c17a9c191b8d16b9d\"},\"headline\":\"Kazania postne Brewiarza Trydenckiego. Wielki Pi\u0105tek &#8211; Quadragesima\",\"datePublished\":\"2026-04-03T06:15:30+00:00\",\"mainEntityOfPage\":{\"@id\":\"https:\\\/\\\/wobronietradycjiiwiary.com\\\/czytania-postne-brewiarza-trydenckiego-wielki-piatek-quadragesima-2-2\\\/\"},\"wordCount\":2426,\"commentCount\":0,\"publisher\":{\"@id\":\"https:\\\/\\\/wobronietradycjiiwiary.com\\\/pl\\\/#organization\"},\"image\":{\"@id\":\"https:\\\/\\\/wobronietradycjiiwiary.com\\\/czytania-postne-brewiarza-trydenckiego-wielki-piatek-quadragesima-2-2\\\/#primaryimage\"},\"thumbnailUrl\":\"https:\\\/\\\/wobronietradycjiiwiary.com\\\/wp-content\\\/uploads\\\/2022\\\/03\\\/MOnks-praying.jpg\",\"keywords\":[\"Czytania Brewiarzowe na Wielki Post\"],\"articleSection\":[\"Duchowo\u015b\u0107\",\"Kazania na Wielki Post\",\"Liturgia i liturgika\",\"Rok liturgiczny\",\"Rozwa\u017cania liturgiczne\"],\"inLanguage\":\"pl-PL\",\"potentialAction\":[{\"@type\":\"CommentAction\",\"name\":\"Comment\",\"target\":[\"https:\\\/\\\/wobronietradycjiiwiary.com\\\/czytania-postne-brewiarza-trydenckiego-wielki-piatek-quadragesima-2-2\\\/#respond\"]}]},{\"@type\":\"WebPage\",\"@id\":\"https:\\\/\\\/wobronietradycjiiwiary.com\\\/czytania-postne-brewiarza-trydenckiego-wielki-piatek-quadragesima-2-2\\\/\",\"url\":\"https:\\\/\\\/wobronietradycjiiwiary.com\\\/czytania-postne-brewiarza-trydenckiego-wielki-piatek-quadragesima-2-2\\\/\",\"name\":\"Kazania postne Brewiarza Trydenckiego. Wielki Pi\u0105tek - Quadragesima - Tradycja i Wiara\",\"isPartOf\":{\"@id\":\"https:\\\/\\\/wobronietradycjiiwiary.com\\\/pl\\\/#website\"},\"primaryImageOfPage\":{\"@id\":\"https:\\\/\\\/wobronietradycjiiwiary.com\\\/czytania-postne-brewiarza-trydenckiego-wielki-piatek-quadragesima-2-2\\\/#primaryimage\"},\"image\":{\"@id\":\"https:\\\/\\\/wobronietradycjiiwiary.com\\\/czytania-postne-brewiarza-trydenckiego-wielki-piatek-quadragesima-2-2\\\/#primaryimage\"},\"thumbnailUrl\":\"https:\\\/\\\/wobronietradycjiiwiary.com\\\/wp-content\\\/uploads\\\/2022\\\/03\\\/MOnks-praying.jpg\",\"datePublished\":\"2026-04-03T06:15:30+00:00\",\"breadcrumb\":{\"@id\":\"https:\\\/\\\/wobronietradycjiiwiary.com\\\/czytania-postne-brewiarza-trydenckiego-wielki-piatek-quadragesima-2-2\\\/#breadcrumb\"},\"inLanguage\":\"pl-PL\",\"potentialAction\":[{\"@type\":\"ReadAction\",\"target\":[\"https:\\\/\\\/wobronietradycjiiwiary.com\\\/czytania-postne-brewiarza-trydenckiego-wielki-piatek-quadragesima-2-2\\\/\"]}]},{\"@type\":\"ImageObject\",\"inLanguage\":\"pl-PL\",\"@id\":\"https:\\\/\\\/wobronietradycjiiwiary.com\\\/czytania-postne-brewiarza-trydenckiego-wielki-piatek-quadragesima-2-2\\\/#primaryimage\",\"url\":\"https:\\\/\\\/wobronietradycjiiwiary.com\\\/wp-content\\\/uploads\\\/2022\\\/03\\\/MOnks-praying.jpg\",\"contentUrl\":\"https:\\\/\\\/wobronietradycjiiwiary.com\\\/wp-content\\\/uploads\\\/2022\\\/03\\\/MOnks-praying.jpg\",\"width\":598,\"height\":427},{\"@type\":\"BreadcrumbList\",\"@id\":\"https:\\\/\\\/wobronietradycjiiwiary.com\\\/czytania-postne-brewiarza-trydenckiego-wielki-piatek-quadragesima-2-2\\\/#breadcrumb\",\"itemListElement\":[{\"@type\":\"ListItem\",\"position\":1,\"name\":\"Strona g\u0142\u00f3wna\",\"item\":\"https:\\\/\\\/wobronietradycjiiwiary.com\\\/\"},{\"@type\":\"ListItem\",\"position\":2,\"name\":\"Kazania postne Brewiarza Trydenckiego. Wielki Pi\u0105tek &#8211; Quadragesima\"}]},{\"@type\":\"WebSite\",\"@id\":\"https:\\\/\\\/wobronietradycjiiwiary.com\\\/pl\\\/#website\",\"url\":\"https:\\\/\\\/wobronietradycjiiwiary.com\\\/pl\\\/\",\"name\":\"Tradycja i Wiara\",\"description\":\"Portal dla katolik\u00f3w.\",\"publisher\":{\"@id\":\"https:\\\/\\\/wobronietradycjiiwiary.com\\\/pl\\\/#organization\"},\"potentialAction\":[{\"@type\":\"SearchAction\",\"target\":{\"@type\":\"EntryPoint\",\"urlTemplate\":\"https:\\\/\\\/wobronietradycjiiwiary.com\\\/pl\\\/?s={search_term_string}\"},\"query-input\":{\"@type\":\"PropertyValueSpecification\",\"valueRequired\":true,\"valueName\":\"search_term_string\"}}],\"inLanguage\":\"pl-PL\"},{\"@type\":\"Organization\",\"@id\":\"https:\\\/\\\/wobronietradycjiiwiary.com\\\/pl\\\/#organization\",\"name\":\"Tradycja i Wiara\",\"url\":\"https:\\\/\\\/wobronietradycjiiwiary.com\\\/pl\\\/\",\"logo\":{\"@type\":\"ImageObject\",\"inLanguage\":\"pl-PL\",\"@id\":\"https:\\\/\\\/wobronietradycjiiwiary.com\\\/pl\\\/#\\\/schema\\\/logo\\\/image\\\/\",\"url\":\"https:\\\/\\\/i0.wp.com\\\/wobronietradycjiiwiary.com\\\/wp-content\\\/uploads\\\/2015\\\/10\\\/cropped-st-peters-dome-vatican.jpg?fit=940%2C198&ssl=1\",\"contentUrl\":\"https:\\\/\\\/i0.wp.com\\\/wobronietradycjiiwiary.com\\\/wp-content\\\/uploads\\\/2015\\\/10\\\/cropped-st-peters-dome-vatican.jpg?fit=940%2C198&ssl=1\",\"width\":940,\"height\":198,\"caption\":\"Tradycja i Wiara\"},\"image\":{\"@id\":\"https:\\\/\\\/wobronietradycjiiwiary.com\\\/pl\\\/#\\\/schema\\\/logo\\\/image\\\/\"},\"sameAs\":[\"https:\\\/\\\/www.facebook.com\\\/Tradycja-i-Wiara-108813920592249\"]},{\"@type\":\"Person\",\"@id\":\"https:\\\/\\\/wobronietradycjiiwiary.com\\\/pl\\\/#\\\/schema\\\/person\\\/f63e6405621f929c17a9c191b8d16b9d\",\"name\":\"Prospector Veritatis\",\"url\":\"https:\\\/\\\/wobronietradycjiiwiary.com\\\/pl\\\/author\\\/prospectorveritatis\\\/\"}]}<\/script>\n<!-- \/ Yoast SEO plugin. -->","yoast_head_json":{"title":"Kazania postne Brewiarza Trydenckiego. Wielki Pi\u0105tek - Quadragesima - Tradycja i Wiara","robots":{"index":"index","follow":"follow","max-snippet":"max-snippet:-1","max-image-preview":"max-image-preview:large","max-video-preview":"max-video-preview:-1"},"canonical":"https:\/\/wobronietradycjiiwiary.com\/pl\/czytania-postne-brewiarza-trydenckiego-wielki-piatek-quadragesima-2-2\/","og_locale":"pl_PL","og_type":"article","og_title":"Kazania postne Brewiarza Trydenckiego. Wielki Pi\u0105tek - Quadragesima - Tradycja i Wiara","og_description":"Czytania Brewiarza Trydenckiego na Wielki Pi\u0105tek.","og_url":"https:\/\/wobronietradycjiiwiary.com\/pl\/czytania-postne-brewiarza-trydenckiego-wielki-piatek-quadragesima-2-2\/","og_site_name":"Tradycja i Wiara","article_publisher":"https:\/\/www.facebook.com\/Tradycja-i-Wiara-108813920592249","article_published_time":"2026-04-03T06:15:30+00:00","og_image":[{"width":598,"height":427,"url":"https:\/\/wobronietradycjiiwiary.com\/wp-content\/uploads\/2022\/03\/MOnks-praying.jpg","type":"image\/jpeg"}],"author":"Prospector Veritatis","twitter_card":"summary_large_image","twitter_misc":{"Napisane przez":"Prospector Veritatis","Szacowany czas czytania":"12 minut"},"schema":{"@context":"https:\/\/schema.org","@graph":[{"@type":"Article","@id":"https:\/\/wobronietradycjiiwiary.com\/czytania-postne-brewiarza-trydenckiego-wielki-piatek-quadragesima-2-2\/#article","isPartOf":{"@id":"https:\/\/wobronietradycjiiwiary.com\/czytania-postne-brewiarza-trydenckiego-wielki-piatek-quadragesima-2-2\/"},"author":{"name":"Prospector Veritatis","@id":"https:\/\/wobronietradycjiiwiary.com\/pl\/#\/schema\/person\/f63e6405621f929c17a9c191b8d16b9d"},"headline":"Kazania postne Brewiarza Trydenckiego. Wielki Pi\u0105tek &#8211; Quadragesima","datePublished":"2026-04-03T06:15:30+00:00","mainEntityOfPage":{"@id":"https:\/\/wobronietradycjiiwiary.com\/czytania-postne-brewiarza-trydenckiego-wielki-piatek-quadragesima-2-2\/"},"wordCount":2426,"commentCount":0,"publisher":{"@id":"https:\/\/wobronietradycjiiwiary.com\/pl\/#organization"},"image":{"@id":"https:\/\/wobronietradycjiiwiary.com\/czytania-postne-brewiarza-trydenckiego-wielki-piatek-quadragesima-2-2\/#primaryimage"},"thumbnailUrl":"https:\/\/wobronietradycjiiwiary.com\/wp-content\/uploads\/2022\/03\/MOnks-praying.jpg","keywords":["Czytania Brewiarzowe na Wielki Post"],"articleSection":["Duchowo\u015b\u0107","Kazania na Wielki Post","Liturgia i liturgika","Rok liturgiczny","Rozwa\u017cania liturgiczne"],"inLanguage":"pl-PL","potentialAction":[{"@type":"CommentAction","name":"Comment","target":["https:\/\/wobronietradycjiiwiary.com\/czytania-postne-brewiarza-trydenckiego-wielki-piatek-quadragesima-2-2\/#respond"]}]},{"@type":"WebPage","@id":"https:\/\/wobronietradycjiiwiary.com\/czytania-postne-brewiarza-trydenckiego-wielki-piatek-quadragesima-2-2\/","url":"https:\/\/wobronietradycjiiwiary.com\/czytania-postne-brewiarza-trydenckiego-wielki-piatek-quadragesima-2-2\/","name":"Kazania postne Brewiarza Trydenckiego. Wielki Pi\u0105tek - Quadragesima - Tradycja i Wiara","isPartOf":{"@id":"https:\/\/wobronietradycjiiwiary.com\/pl\/#website"},"primaryImageOfPage":{"@id":"https:\/\/wobronietradycjiiwiary.com\/czytania-postne-brewiarza-trydenckiego-wielki-piatek-quadragesima-2-2\/#primaryimage"},"image":{"@id":"https:\/\/wobronietradycjiiwiary.com\/czytania-postne-brewiarza-trydenckiego-wielki-piatek-quadragesima-2-2\/#primaryimage"},"thumbnailUrl":"https:\/\/wobronietradycjiiwiary.com\/wp-content\/uploads\/2022\/03\/MOnks-praying.jpg","datePublished":"2026-04-03T06:15:30+00:00","breadcrumb":{"@id":"https:\/\/wobronietradycjiiwiary.com\/czytania-postne-brewiarza-trydenckiego-wielki-piatek-quadragesima-2-2\/#breadcrumb"},"inLanguage":"pl-PL","potentialAction":[{"@type":"ReadAction","target":["https:\/\/wobronietradycjiiwiary.com\/czytania-postne-brewiarza-trydenckiego-wielki-piatek-quadragesima-2-2\/"]}]},{"@type":"ImageObject","inLanguage":"pl-PL","@id":"https:\/\/wobronietradycjiiwiary.com\/czytania-postne-brewiarza-trydenckiego-wielki-piatek-quadragesima-2-2\/#primaryimage","url":"https:\/\/wobronietradycjiiwiary.com\/wp-content\/uploads\/2022\/03\/MOnks-praying.jpg","contentUrl":"https:\/\/wobronietradycjiiwiary.com\/wp-content\/uploads\/2022\/03\/MOnks-praying.jpg","width":598,"height":427},{"@type":"BreadcrumbList","@id":"https:\/\/wobronietradycjiiwiary.com\/czytania-postne-brewiarza-trydenckiego-wielki-piatek-quadragesima-2-2\/#breadcrumb","itemListElement":[{"@type":"ListItem","position":1,"name":"Strona g\u0142\u00f3wna","item":"https:\/\/wobronietradycjiiwiary.com\/"},{"@type":"ListItem","position":2,"name":"Kazania postne Brewiarza Trydenckiego. Wielki Pi\u0105tek &#8211; Quadragesima"}]},{"@type":"WebSite","@id":"https:\/\/wobronietradycjiiwiary.com\/pl\/#website","url":"https:\/\/wobronietradycjiiwiary.com\/pl\/","name":"Tradycja i Wiara","description":"Portal dla katolik\u00f3w.","publisher":{"@id":"https:\/\/wobronietradycjiiwiary.com\/pl\/#organization"},"potentialAction":[{"@type":"SearchAction","target":{"@type":"EntryPoint","urlTemplate":"https:\/\/wobronietradycjiiwiary.com\/pl\/?s={search_term_string}"},"query-input":{"@type":"PropertyValueSpecification","valueRequired":true,"valueName":"search_term_string"}}],"inLanguage":"pl-PL"},{"@type":"Organization","@id":"https:\/\/wobronietradycjiiwiary.com\/pl\/#organization","name":"Tradycja i Wiara","url":"https:\/\/wobronietradycjiiwiary.com\/pl\/","logo":{"@type":"ImageObject","inLanguage":"pl-PL","@id":"https:\/\/wobronietradycjiiwiary.com\/pl\/#\/schema\/logo\/image\/","url":"https:\/\/i0.wp.com\/wobronietradycjiiwiary.com\/wp-content\/uploads\/2015\/10\/cropped-st-peters-dome-vatican.jpg?fit=940%2C198&ssl=1","contentUrl":"https:\/\/i0.wp.com\/wobronietradycjiiwiary.com\/wp-content\/uploads\/2015\/10\/cropped-st-peters-dome-vatican.jpg?fit=940%2C198&ssl=1","width":940,"height":198,"caption":"Tradycja i Wiara"},"image":{"@id":"https:\/\/wobronietradycjiiwiary.com\/pl\/#\/schema\/logo\/image\/"},"sameAs":["https:\/\/www.facebook.com\/Tradycja-i-Wiara-108813920592249"]},{"@type":"Person","@id":"https:\/\/wobronietradycjiiwiary.com\/pl\/#\/schema\/person\/f63e6405621f929c17a9c191b8d16b9d","name":"Prospector Veritatis","url":"https:\/\/wobronietradycjiiwiary.com\/pl\/author\/prospectorveritatis\/"}]}},"jetpack_publicize_connections":[],"jetpack_sharing_enabled":true,"jetpack_likes_enabled":true,"jetpack_shortlink":"https:\/\/wp.me\/pc04Sd-FGG","jetpack-related-posts":[{"id":63046,"url":"https:\/\/wobronietradycjiiwiary.com\/pl\/nowy-cykl-czytania-postne-brewiarza-trydenckiego\/","url_meta":{"origin":160250,"position":0},"title":"Nowy cykl &#8211; czytania postne Brewiarza Trydenckiego","author":"Traditio et Fides","date":"4 marca 2022","format":false,"excerpt":"Wprowadzenie do nowego cyklu - Czytania postne Brewiarza Trydenckiego","rel":"","context":"W \u201eDuchowo\u015b\u0107&quot;","block_context":{"text":"Duchowo\u015b\u0107","link":"https:\/\/wobronietradycjiiwiary.com\/pl\/category\/duchowosc\/"},"img":{"alt_text":"","src":"https:\/\/i0.wp.com\/wobronietradycjiiwiary.com\/wp-content\/uploads\/2022\/03\/2246f5885b41e0ebdfa87b9b84e09727-medieval-books-medieval-life.jpg?resize=350%2C200&ssl=1","width":350,"height":200},"classes":[]},{"id":42439,"url":"https:\/\/wobronietradycjiiwiary.com\/pl\/kazania-do-ewangelii-mszy-trydenckiej-niedziele-2-2-niedziela-wlk-postu-3\/","url_meta":{"origin":160250,"position":1},"title":"Kazania do Ewangelii Mszy Trydenckiej &#8211; Niedziele 2 &#8211; 2. Niedziela Wlk. Postu","author":"Traditio et Fides","date":"28 lutego 2021","format":false,"excerpt":"Ewangelia na 2. Niedziel\u0119 Wielkiego Postu Mt 17, 1-9 Onego czasu: Wzi\u0105\u0142 Jezus Piotra i Jakuba, i Jana brata jego, i zaprowadzi\u0142 ich na g\u00f3r\u0119 wysok\u0105 na uboczu. I przemieni\u0142 si\u0119 przed nimi: i rozja\u015bnia\u0142o oblicze Jego jako s\u0142o\u0144ce, szaty za\u015b Jego sta\u0142y si\u0119 bia\u0142e jako \u015bnieg. I oto ukazali\u2026","rel":"","context":"W \u201eKazania do Ewangelii Mszy Trydenckiej&quot;","block_context":{"text":"Kazania do Ewangelii Mszy Trydenckiej","link":"https:\/\/wobronietradycjiiwiary.com\/pl\/category\/duchowosc\/liturgia-i-liturgika\/msza-trydencka\/kazania-do-ewangelii-mszy-trydenckiej\/"},"img":{"alt_text":"","src":"https:\/\/i0.wp.com\/wobronietradycjiiwiary.com\/wp-content\/uploads\/2019\/10\/annunciation-merode-2017-20181.jpg?resize=350%2C200&ssl=1","width":350,"height":200,"srcset":"https:\/\/i0.wp.com\/wobronietradycjiiwiary.com\/wp-content\/uploads\/2019\/10\/annunciation-merode-2017-20181.jpg?resize=350%2C200&ssl=1 1x, https:\/\/i0.wp.com\/wobronietradycjiiwiary.com\/wp-content\/uploads\/2019\/10\/annunciation-merode-2017-20181.jpg?resize=525%2C300&ssl=1 1.5x, https:\/\/i0.wp.com\/wobronietradycjiiwiary.com\/wp-content\/uploads\/2019\/10\/annunciation-merode-2017-20181.jpg?resize=700%2C400&ssl=1 2x"},"classes":[]},{"id":26453,"url":"https:\/\/wobronietradycjiiwiary.com\/pl\/kazania-do-ewangelii-mszy-trydenckiej-niedziele-2-2-niedziela-wlk-postu-2\/","url_meta":{"origin":160250,"position":2},"title":"Kazania do Ewangelii Mszy Trydenckiej &#8211; Niedziele 2 &#8211; 2. Niedziela Wlk. Postu","author":"Traditio et Fides","date":"8 marca 2020","format":false,"excerpt":"Ewangelia na 2. Niedziel\u0119 Wielkiego Postu Mt 17, 1-9 Onego czasu: Wzi\u0105\u0142 Jezus Piotra i Jakuba, i Jana brata jego, i zaprowadzi\u0142 ich na g\u00f3r\u0119 wysok\u0105 na uboczu. I przemieni\u0142 si\u0119 przed nimi: i rozja\u015bnia\u0142o oblicze Jego jako s\u0142o\u0144ce, szaty za\u015b Jego sta\u0142y si\u0119 bia\u0142e jako \u015bnieg. I oto ukazali\u2026","rel":"","context":"W \u201eKazania do Ewangelii Mszy Trydenckiej&quot;","block_context":{"text":"Kazania do Ewangelii Mszy Trydenckiej","link":"https:\/\/wobronietradycjiiwiary.com\/pl\/category\/duchowosc\/liturgia-i-liturgika\/msza-trydencka\/kazania-do-ewangelii-mszy-trydenckiej\/"},"img":{"alt_text":"","src":"https:\/\/i0.wp.com\/wobronietradycjiiwiary.com\/wp-content\/uploads\/2019\/10\/annunciation-merode-2017-20181.jpg?resize=350%2C200&ssl=1","width":350,"height":200,"srcset":"https:\/\/i0.wp.com\/wobronietradycjiiwiary.com\/wp-content\/uploads\/2019\/10\/annunciation-merode-2017-20181.jpg?resize=350%2C200&ssl=1 1x, https:\/\/i0.wp.com\/wobronietradycjiiwiary.com\/wp-content\/uploads\/2019\/10\/annunciation-merode-2017-20181.jpg?resize=525%2C300&ssl=1 1.5x, https:\/\/i0.wp.com\/wobronietradycjiiwiary.com\/wp-content\/uploads\/2019\/10\/annunciation-merode-2017-20181.jpg?resize=700%2C400&ssl=1 2x"},"classes":[]},{"id":19741,"url":"https:\/\/wobronietradycjiiwiary.com\/pl\/kazania-do-ewangelii-mszy-trydenckiej-niedziele-2-2-niedziela-wlk-postu\/","url_meta":{"origin":160250,"position":3},"title":"Kazania do Ewangelii Mszy Trydenckiej &#8211; Niedziele 2 &#8211; 2. Niedziela Wlk. Postu","author":"Traditio et Fides","date":"16 marca 2019","format":false,"excerpt":"Ewangelia na 2. Niedziel\u0119 Wielkiego Postu Mt 17, 1-9 Onego czasu: Wzi\u0105\u0142 Jezus Piotra i Jakuba, i Jana brata jego, i zaprowadzi\u0142 ich na g\u00f3r\u0119 wysok\u0105 na uboczu. I przemieni\u0142 si\u0119 przed nimi: i rozja\u015bnia\u0142o oblicze Jego jako s\u0142o\u0144ce, szaty za\u015b Jego sta\u0142y si\u0119 bia\u0142e jako \u015bnieg. I oto ukazali\u2026","rel":"","context":"W \u201eKazania do Ewangelii Mszy Trydenckiej&quot;","block_context":{"text":"Kazania do Ewangelii Mszy Trydenckiej","link":"https:\/\/wobronietradycjiiwiary.com\/pl\/category\/duchowosc\/liturgia-i-liturgika\/msza-trydencka\/kazania-do-ewangelii-mszy-trydenckiej\/"},"img":{"alt_text":"","src":"https:\/\/i0.wp.com\/wobronietradycjiiwiary.com\/wp-content\/uploads\/2019\/10\/annunciation-merode-2017-20181.jpg?resize=350%2C200&ssl=1","width":350,"height":200,"srcset":"https:\/\/i0.wp.com\/wobronietradycjiiwiary.com\/wp-content\/uploads\/2019\/10\/annunciation-merode-2017-20181.jpg?resize=350%2C200&ssl=1 1x, https:\/\/i0.wp.com\/wobronietradycjiiwiary.com\/wp-content\/uploads\/2019\/10\/annunciation-merode-2017-20181.jpg?resize=525%2C300&ssl=1 1.5x, https:\/\/i0.wp.com\/wobronietradycjiiwiary.com\/wp-content\/uploads\/2019\/10\/annunciation-merode-2017-20181.jpg?resize=700%2C400&ssl=1 2x"},"classes":[]},{"id":65121,"url":"https:\/\/wobronietradycjiiwiary.com\/pl\/czytania-postne-brewiarza-trydenckiego-25\/","url_meta":{"origin":160250,"position":4},"title":"Czytania postne Brewiarza Trydenckiego. Sobota w trzecim tygodniu Wlk. Postu","author":"Traditio et Fides","date":"26 marca 2022","format":false,"excerpt":"Czytania Brewiarza Trydenckiego na sobot\u0119 w trzecim tygodniu Wielkiego Postu.","rel":"","context":"W \u201eDuchowo\u015b\u0107&quot;","block_context":{"text":"Duchowo\u015b\u0107","link":"https:\/\/wobronietradycjiiwiary.com\/pl\/category\/duchowosc\/"},"img":{"alt_text":"","src":"https:\/\/i0.wp.com\/wobronietradycjiiwiary.com\/wp-content\/uploads\/2022\/03\/MOnks-praying.jpg?resize=350%2C200&ssl=1","width":350,"height":200,"srcset":"https:\/\/i0.wp.com\/wobronietradycjiiwiary.com\/wp-content\/uploads\/2022\/03\/MOnks-praying.jpg?resize=350%2C200&ssl=1 1x, https:\/\/i0.wp.com\/wobronietradycjiiwiary.com\/wp-content\/uploads\/2022\/03\/MOnks-praying.jpg?resize=525%2C300&ssl=1 1.5x"},"classes":[]},{"id":66067,"url":"https:\/\/wobronietradycjiiwiary.com\/pl\/czytania-postne-brewiarza-trydenckiego-34\/","url_meta":{"origin":160250,"position":5},"title":"Czytania postne Brewiarza Trydenckiego. Poniedzia\u0142ek w tygodniu M\u0119ki Pa\u0144skiej.","author":"Traditio et Fides","date":"4 kwietnia 2022","format":false,"excerpt":"Czytania Brewiarza Trydenckiego na poniedzia\u0142ek tygodnia M\u0119ki Pa\u0144skiej.","rel":"","context":"W \u201eDuchowo\u015b\u0107&quot;","block_context":{"text":"Duchowo\u015b\u0107","link":"https:\/\/wobronietradycjiiwiary.com\/pl\/category\/duchowosc\/"},"img":{"alt_text":"","src":"https:\/\/i0.wp.com\/wobronietradycjiiwiary.com\/wp-content\/uploads\/2022\/03\/MOnks-praying.jpg?resize=350%2C200&ssl=1","width":350,"height":200,"srcset":"https:\/\/i0.wp.com\/wobronietradycjiiwiary.com\/wp-content\/uploads\/2022\/03\/MOnks-praying.jpg?resize=350%2C200&ssl=1 1x, https:\/\/i0.wp.com\/wobronietradycjiiwiary.com\/wp-content\/uploads\/2022\/03\/MOnks-praying.jpg?resize=525%2C300&ssl=1 1.5x"},"classes":[]}],"amp_enabled":true,"jetpack_featured_media_url":"https:\/\/wobronietradycjiiwiary.com\/wp-content\/uploads\/2022\/03\/MOnks-praying.jpg","_links":{"self":[{"href":"https:\/\/wobronietradycjiiwiary.com\/pl\/wp-json\/wp\/v2\/posts\/160250","targetHints":{"allow":["GET"]}}],"collection":[{"href":"https:\/\/wobronietradycjiiwiary.com\/pl\/wp-json\/wp\/v2\/posts"}],"about":[{"href":"https:\/\/wobronietradycjiiwiary.com\/pl\/wp-json\/wp\/v2\/types\/post"}],"author":[{"embeddable":true,"href":"https:\/\/wobronietradycjiiwiary.com\/pl\/wp-json\/wp\/v2\/users\/119394846"}],"replies":[{"embeddable":true,"href":"https:\/\/wobronietradycjiiwiary.com\/pl\/wp-json\/wp\/v2\/comments?post=160250"}],"version-history":[{"count":1,"href":"https:\/\/wobronietradycjiiwiary.com\/pl\/wp-json\/wp\/v2\/posts\/160250\/revisions"}],"predecessor-version":[{"id":160263,"href":"https:\/\/wobronietradycjiiwiary.com\/pl\/wp-json\/wp\/v2\/posts\/160250\/revisions\/160263"}],"wp:featuredmedia":[{"embeddable":true,"href":"https:\/\/wobronietradycjiiwiary.com\/pl\/wp-json\/wp\/v2\/media\/62967"}],"wp:attachment":[{"href":"https:\/\/wobronietradycjiiwiary.com\/pl\/wp-json\/wp\/v2\/media?parent=160250"}],"wp:term":[{"taxonomy":"category","embeddable":true,"href":"https:\/\/wobronietradycjiiwiary.com\/pl\/wp-json\/wp\/v2\/categories?post=160250"},{"taxonomy":"post_tag","embeddable":true,"href":"https:\/\/wobronietradycjiiwiary.com\/pl\/wp-json\/wp\/v2\/tags?post=160250"}],"curies":[{"name":"wp","href":"https:\/\/api.w.org\/{rel}","templated":true}]}}