{"id":160230,"date":"2026-03-23T08:10:40","date_gmt":"2026-03-23T07:10:40","guid":{"rendered":"https:\/\/wobronietradycjiiwiary.com\/?p=160230"},"modified":"2026-02-18T11:09:31","modified_gmt":"2026-02-18T10:09:31","slug":"czytania-postne-brewiarza-trydenckiego-poniedzialek-po-pierwszej-niedzieli-meki-panskiej-quadragesima-2-2","status":"publish","type":"post","link":"https:\/\/wobronietradycjiiwiary.com\/pl\/czytania-postne-brewiarza-trydenckiego-poniedzialek-po-pierwszej-niedzieli-meki-panskiej-quadragesima-2-2\/","title":{"rendered":"Czytania postne Brewiarza Trydenckiego. Poniedzia\u0142ek po Pierwszej Niedzieli M\u0119ki Pa\u0144skiej &#8211; Quadragesima"},"content":{"rendered":"<div id=\"bsf_rt_marker\"><\/div>\t\t<div data-elementor-type=\"wp-post\" data-elementor-id=\"160230\" class=\"elementor elementor-160230\" data-elementor-post-type=\"post\">\n\t\t\t\t<div class=\"elementor-element elementor-element-43567538 e-flex e-con-boxed e-con e-parent\" data-id=\"43567538\" data-element_type=\"container\" data-e-type=\"container\">\n\t\t\t\t\t<div class=\"e-con-inner\">\n\t\t\t\t<div class=\"elementor-element elementor-element-20629f61 elementor-widget elementor-widget-text-editor\" data-id=\"20629f61\" data-element_type=\"widget\" data-e-type=\"widget\" data-widget_type=\"text-editor.default\">\n\t\t\t\t<div class=\"elementor-widget-container\">\n\t\t\t\t\t\t\t\t\t\n<p class=\"wp-block-paragraph\"><mark class=\"has-inline-color has-vivid-red-color\" style=\"background-color: rgba(0, 0, 0, 0)\"><em>\u2123.<\/em>\u00a0<\/mark>Pob\u0142ogos\u0142aw, ojcze.<br \/><em><mark class=\"has-inline-color has-vivid-red-color\" style=\"background-color: rgba(0, 0, 0, 0)\">B\u0142ogos\u0142awie\u0144stwo.<\/mark>\u00a0<\/em>Czytanie Ewangelii niech b\u0119dzie nam zbawieniem i obron\u0105. Amen.<\/p>\n\n<p class=\"wp-block-paragraph\"><mark class=\"has-inline-color has-vivid-red-color\" style=\"background-color: rgba(0, 0, 0, 0)\"><strong><em>Lekcja 1<\/em><\/strong><br \/><\/mark>Czytanie Ewangelii \u015bwi\u0119tej wed\u0142ug Jana<br \/><mark class=\"has-inline-color has-vivid-red-color\" style=\"background-color: rgba(0, 0, 0, 0)\"><em>J 7:32-39<\/em><\/mark><\/p>\n<blockquote>\n<p><mark class=\"has-inline-color has-vivid-red-color\" style=\"background-color: rgba(0, 0, 0, 0)\"><strong><em>O<\/em><\/strong><\/mark>nego czasu: pos\u0142ali arcykap\u0142ani i faryzeusze s\u0142ugi, aby pojma\u0107 Jezusa. Rzek\u0142 im tedy Jezus: \u00abKr\u00f3tki tylko czas b\u0119d\u0119 jeszcze z wami i p\u00f3jd\u0119 do Tego, kt\u00f3ry mi\u0119 pos\u0142a\u0142. B\u0119dziecie mnie szuka\u0107, a nie znajdziecie, i gdzie ja b\u0119d\u0119, wy przyj\u015b\u0107 nie mo\u017cecie\u00bb.<br \/>M\u00f3wili tedy \u017cydzi mi\u0119dzy sob\u0105: Dok\u0105d\u017ce on p\u00f3jdzie, \u017ce my go nie znajdziemy? Czy\u017cby mia\u0142 zamiar p\u00f3j\u015b\u0107 do pogan na diaspor\u0119 i pogan naucza\u0107? C\u00f3\u017c to za nauka, kt\u00f3r\u0105 wyg\u0142asza: Szuka\u0107 mnie b\u0119dziecie, a nie znajdziecie, i gdzie ja b\u0119d\u0119, wy przyj\u015b\u0107 nie mo\u017cecie?<br \/>A w ostatnim wielkim dniu \u015bwi\u0119ta stan\u0105\u0142 Jezus i zawo\u0142a\u0142, m\u00f3wi\u0105c: \u00abJe\u015bli kto pragnie, niech do mnie przyjdzie, a pije. Kto wierzy we mnie, jak m\u00f3wi Pismo, rzeki wody \u017cywej pop\u0142yn\u0105 z jego wn\u0119trza\u00bb. A to m\u00f3wi\u0142 o Duchu, kt\u00f3rego otrzyma\u0107 mieli ci, kt\u00f3rzy we\u0144 wierz\u0105.<\/p>\n<\/blockquote>\n\n<p class=\"wp-block-paragraph\">Homilia \u015bwi\u0119tego Augustyna, Biskupa<br \/><mark class=\"has-inline-color has-vivid-red-color\" style=\"background-color: rgba(0, 0, 0, 0)\"><em>Traktat 31. na Ewangeli\u0119 wg \u015bw. Jana, blisko po\u0142owy<\/em><br \/><strong><em>J<\/em><\/strong><\/mark>ak mieli Go pojma\u0107, gdy On jeszcze tego nie chcia\u0142? Poniewa\u017c nie mogli Go pojma\u0107 wbrew Jego woli, pos\u0142ani zostali, aby s\u0142ucha\u0107, jak naucza. A czego naucza\u0142? Rzek\u0142 im tedy Jezus: \u201eKr\u00f3tki tylko czas b\u0119d\u0119 jeszcze z wami\u201d. Co chcecie uczyni\u0107, uczynicie, ale nie teraz, bo teraz nie chc\u0119 tego. Dlaczego jeszcze teraz tego nie chc\u0119? Bo kr\u00f3tki tylko czas b\u0119d\u0119 jeszcze z wami, a p\u00f3\u017aniej p\u00f3jd\u0119 do Tego, kt\u00f3ry Mi\u0119 pos\u0142a\u0142. Musz\u0119 wype\u0142ni\u0107 swoje zadanie i tak doj\u015b\u0107 do mej m\u0119ki.<br \/><em><mark class=\"has-inline-color has-vivid-red-color\" style=\"background-color: rgba(0, 0, 0, 0)\"><em>\u2123.<\/em><\/mark><\/em>\u00a0Ty za\u015b, Panie, zmi\u0142uj si\u0119 nad nami.<br \/><em><mark class=\"has-inline-color has-vivid-red-color\" style=\"background-color: rgba(0, 0, 0, 0)\">\u211f.<\/mark><\/em>\u00a0Bogu niech b\u0119d\u0105 dzi\u0119ki.<\/p>\n\n<p class=\"wp-block-paragraph\"><em><em><mark class=\"has-inline-color has-vivid-red-color\" style=\"background-color: rgba(0, 0, 0, 0)\">\u211f.<\/mark><\/em><\/em>\u00a0Bo\u017ce m\u00f3j, wyrwij mnie z r\u0105k grzesznika, z r\u0105k wyst\u0119puj\u0105cego przeciw prawu i niegodziwego.<br \/>* Albowiem ty jeste\u015b cierpliwo\u015b\u0107 moja, Panie.<br \/><em><mark class=\"has-inline-color has-vivid-red-color\" style=\"background-color: rgba(0, 0, 0, 0)\"><em>\u2123.<\/em><\/mark><\/em>\u00a0Bo\u017ce m\u00f3j, nie st\u00f3j z daleka ode mnie, Bo\u017ce m\u00f3j, wejrzyj ku wspomo\u017ceniu memu.<br \/><em><em><mark class=\"has-inline-color has-vivid-red-color\" style=\"background-color: rgba(0, 0, 0, 0)\">\u211f.<\/mark><\/em><\/em>\u00a0Albowiem ty jeste\u015b cierpliwo\u015b\u0107 moja, Panie.<\/p>\n\n<p class=\"wp-block-paragraph\"><em><mark class=\"has-inline-color has-vivid-red-color\" style=\"background-color: rgba(0, 0, 0, 0)\"><em>\u2123.<\/em><\/mark><\/em>\u00a0Pob\u0142ogos\u0142aw, ojcze.<br \/><em><mark class=\"has-inline-color has-vivid-red-color\" style=\"background-color: rgba(0, 0, 0, 0)\">B\u0142ogos\u0142awie\u0144stwo.<\/mark>\u00a0<\/em>Pomoc Bo\u017ca niech b\u0119dzie z nami zawsze. Amen.<\/p>\n\n<p class=\"wp-block-paragraph\"><mark class=\"has-inline-color has-vivid-red-color\" style=\"background-color: rgba(0, 0, 0, 0)\"><strong><em>Lekcja 2<\/em><\/strong><br \/><strong><em>B<\/em><\/strong><\/mark>\u0119dziecie Mnie szuka\u0107, a nie znajdziecie, i gdzie Ja b\u0119d\u0119, wy przyj\u015b\u0107 nie mo\u017cecie. Tu ju\u017c zapowiedzia\u0142 swe zmartwychwstanie. Nie chcieli Go pozna\u0107, gdy by\u0142 po\u015br\u00f3d nich obecny, ale b\u0119d\u0105 Go szuka\u0107, gdy zobacz\u0105, i\u017c wielu z posp\u00f3lstwa ju\u017c w Niego uwierzy\u0142o. Wielkie bowiem sta\u0142y si\u0119 znaki i wtedy, gdy Pan zmartwychwsta\u0142, i gdy wst\u0105pi\u0142 do nieba. P\u00f3\u017aniej uczniowie wielkie rzeczy czynili, ale dzia\u0142a\u0142 przez nich Ten, kt\u00f3ry sam dokonywa\u0142 cud\u00f3w. On przecie\u017c im powiedzia\u0142: Beze Mnie nic uczyni\u0107 nie mo\u017cecie. Kiedy \u00f3w chromy, siedz\u0105cy przy bramie, na g\u0142os Piotra wsta\u0142 i szed\u0142, pos\u0142uguj\u0105c si\u0119 swymi nogami, tak i\u017c ludzie si\u0119 dziwili, w\u00f3wczas Piotr powiedzia\u0142 im, \u017ce nie sw\u0105 w\u0142adz\u0105 to uczyni\u0142, lecz moc\u0105 Tego, kt\u00f3rego zabili. Wielu skruszonych powiedzia\u0142o: C\u00f3\u017c mamy czyni\u0107?<br \/><em><mark class=\"has-inline-color has-vivid-red-color\" style=\"background-color: rgba(0, 0, 0, 0)\"><em>\u2123.<\/em><\/mark><\/em>\u00a0Ty za\u015b, Panie, zmi\u0142uj si\u0119 nad nami.<br \/><em><em><mark class=\"has-inline-color has-vivid-red-color\" style=\"background-color: rgba(0, 0, 0, 0)\">\u211f.<\/mark><\/em><\/em>\u00a0Bogu niech b\u0119d\u0105 dzi\u0119ki.<\/p>\n\n<p class=\"wp-block-paragraph\"><em><em><mark class=\"has-inline-color has-vivid-red-color\" style=\"background-color: rgba(0, 0, 0, 0)\">\u211f.<\/mark><\/em><\/em>\u00a0Ci, co czyhaj\u0105 na m\u0105 dusz\u0119, odbywaj\u0105 wsp\u00f3lnie narady. M\u00f3wi\u0105: B\u00f3g Go opu\u015bci\u0142,<br \/>* Go\u0144cie Go i chwytajcie, bo nikt Go nie uratuje. Bo\u017ce, nie st\u00f3j z daleka ode mnie, Bo\u017ce m\u00f3j, wejrzyj ku wspomo\u017ceniu memu!<br \/><em><mark class=\"has-inline-color has-vivid-red-color\" style=\"background-color: rgba(0, 0, 0, 0)\"><em>\u2123.<\/em><\/mark><\/em>\u00a0Wszyscy nieprzyjaciele moi przeciwko Mnie z\u0142o zamy\u015blali: s\u0142owo z\u0142o\u015bliwe przeciwko Mnie wymierzyli, m\u00f3wi\u0105c:<br \/><em><em><mark class=\"has-inline-color has-vivid-red-color\" style=\"background-color: rgba(0, 0, 0, 0)\">\u211f.<\/mark><\/em><\/em>\u00a0Go\u0144cie Go i chwytajcie, bo nikt Go nie uratuje. Bo\u017ce, nie st\u00f3j z daleka ode mnie, Bo\u017ce m\u00f3j, wejrzyj ku wspomo\u017ceniu memu!<\/p>\n\n<p class=\"wp-block-paragraph\"><em><mark class=\"has-inline-color has-vivid-red-color\" style=\"background-color: rgba(0, 0, 0, 0)\"><em>\u2123.<\/em><\/mark><\/em>\u00a0Pob\u0142ogos\u0142aw, ojcze.<br \/><em><mark class=\"has-inline-color has-vivid-red-color\" style=\"background-color: rgba(0, 0, 0, 0)\">B\u0142ogos\u0142awie\u0144stwo.<\/mark>\u00a0<\/em>Niech Kr\u00f3l Anio\u0142\u00f3w zaprowadzi sw\u00f3j lud do kr\u00f3lestwa na wysoko\u015bci. Amen.<\/p>\n\n<p class=\"wp-block-paragraph\"><mark class=\"has-inline-color has-vivid-red-color\" style=\"background-color: rgba(0, 0, 0, 0)\"><strong><em>Lekcja 3<\/em><\/strong><br \/><strong><em>W<\/em><\/strong><\/mark>idzieli bowiem, i\u017c dopu\u015bcili si\u0119 strasznego wyst\u0119pku bezbo\u017cno\u015bci, gdy zabili Tego, kt\u00f3rego powinni byli czci\u0107 i wielbi\u0107, i uwa\u017cali to za czyn nie do przebaczenia. Wielka to wprawdzie by\u0142a zbrodnia, a rozwa\u017canie jej doprowadzi\u0142o ich do rozpaczy, lecz nie powinni byli ci rozpacza\u0107, za kt\u00f3rych Pan, wisz\u0105c na krzy\u017cu, raczy\u0142 si\u0119 modli\u0107. Tak powiedzia\u0142: Ojcze, zapomnij im, bo nie wiedz\u0105, co czyni\u0105. Widzia\u0142 niekt\u00f3rych ze swoich w\u015br\u00f3d obcych; dla tych ju\u017c prosi\u0142 o przebaczenie, od kt\u00f3rych jeszcze otrzymywa\u0142 zniewagi. Nie zwa\u017ca\u0142 na to, i\u017c przez nich umiera, lecz i\u017c za nich umiera.<br \/><em><mark class=\"has-inline-color has-vivid-red-color\" style=\"background-color: rgba(0, 0, 0, 0)\"><em>\u2123.<\/em><\/mark><\/em>\u00a0Ty za\u015b, Panie, zmi\u0142uj si\u0119 nad nami.<br \/><em><em><mark class=\"has-inline-color has-vivid-red-color\" style=\"background-color: rgba(0, 0, 0, 0)\">\u211f.<\/mark><\/em><\/em>\u00a0Bogu niech b\u0119d\u0105 dzi\u0119ki.<\/p>\n\n<p class=\"wp-block-paragraph\"><em><em><mark class=\"has-inline-color has-vivid-red-color\" style=\"background-color: rgba(0, 0, 0, 0)\">\u211f.<\/mark><\/em><\/em>\u00a0W spokoju rozmawiali ze Mn\u0105 nieprzyjaciele moi, ale w gniewie Mnie dr\u0119czyli.<br \/>* Widzia\u0142e\u015b, Panie, wi\u0119c nie milcz d\u0142u\u017cej, nie b\u0105d\u017a ode Mnie daleko!<br \/><em><mark class=\"has-inline-color has-vivid-red-color\" style=\"background-color: rgba(0, 0, 0, 0)\"><em>\u2123.<\/em><\/mark><\/em>\u00a0A ja, gdy mnie dr\u0119czyli, wk\u0142ada\u0142em w\u00f3r pokutny i umartwia\u0142em moj\u0105 dusz\u0119 postem.<br \/><em><em><mark class=\"has-inline-color has-vivid-red-color\" style=\"background-color: rgba(0, 0, 0, 0)\">\u211f.<\/mark><\/em><\/em>\u00a0Widzia\u0142e\u015b, Panie, wi\u0119c nie milcz d\u0142u\u017cej, nie b\u0105d\u017a ode Mnie daleko!<br \/><em>Chwa\u0142a pomin\u0105\u0107<br \/><em><mark class=\"has-inline-color has-vivid-red-color\" style=\"background-color: rgba(0, 0, 0, 0)\">\u211f.<\/mark><\/em><\/em>\u00a0W spokoju rozmawiali ze Mn\u0105 nieprzyjaciele moi, ale w gniewie Mnie dr\u0119czyli. * Widzia\u0142e\u015b, Panie, wi\u0119c nie milcz d\u0142u\u017cej, nie b\u0105d\u017a ode Mnie daleko!<\/p>\n\n<p class=\"wp-block-paragraph\"><mark class=\"has-inline-color has-vivid-red-color\" style=\"background-color: rgba(0, 0, 0, 0)\"><strong><em>Modlitwy<\/em><\/strong>\u00a0{z Tempora\u0142u}<br \/><em>\u2123.<\/em><\/mark>\u00a0Panie, wys\u0142uchaj modlitwy mojej.<br \/><em><em><mark class=\"has-inline-color has-vivid-red-color\" style=\"background-color: rgba(0, 0, 0, 0)\">\u211f.<\/mark><\/em><\/em>\u00a0A wo\u0142anie moje niech do Ciebie przyjdzie.<br \/><strong><em><mark class=\"has-inline-color has-vivid-red-color\" style=\"background-color: rgba(0, 0, 0, 0)\">M<\/mark><\/em><\/strong>\u00f3dlmy si\u0119.<br \/><strong><em><mark class=\"has-inline-color has-vivid-red-color\" style=\"background-color: rgba(0, 0, 0, 0)\">U<\/mark><\/em><\/strong>\u015bwi\u0119\u0107, prosimy Ci\u0119, Panie, posty nasze i udziel nam w mi\u0142osierdziu swojem odpuszczenia wszystkich win naszych.<br \/><strong><em><mark class=\"has-inline-color has-vivid-red-color\" style=\"background-color: rgba(0, 0, 0, 0)\">P<\/mark><\/em><\/strong>rzez naszego Pana Jezusa Chrystusa, Twojego Syna: kt\u00f3ry z Tob\u0105 \u017cyje i kr\u00f3luje w jedno\u015bci Ducha \u015awi\u0119tego B\u00f3g, przez wszystkie wieki wiek\u00f3w.<br \/><em><em><mark class=\"has-inline-color has-vivid-red-color\" style=\"background-color: rgba(0, 0, 0, 0)\">\u211f.<\/mark><\/em><\/em>\u00a0Amen.<\/p>\n\t\t\t\t\t\t\t\t<\/div>\n\t\t\t\t<\/div>\n\t\t\t\t\t<\/div>\n\t\t\t\t<\/div>\n\t\t\t\t<\/div>\n\t\t","protected":false},"excerpt":{"rendered":"<p>Czytania Brewiarza Trydenckiego na poniedzia\u0142ek po I Niedzieli M\u0119ki Pa\u0144skiej.<\/p>\n","protected":false},"author":119394846,"featured_media":62967,"comment_status":"open","ping_status":"open","sticky":false,"template":"","format":"standard","meta":{"_bbp_topic_count":0,"_bbp_reply_count":0,"_bbp_total_topic_count":0,"_bbp_total_reply_count":0,"_bbp_voice_count":0,"_bbp_anonymous_reply_count":0,"_bbp_topic_count_hidden":0,"_bbp_reply_count_hidden":0,"_bbp_forum_subforum_count":0,"_editorskit_title_hidden":false,"_editorskit_reading_time":0,"_editorskit_is_block_options_detached":false,"_editorskit_block_options_position":"{}","_coblocks_attr":"","_coblocks_dimensions":"","_coblocks_responsive_height":"","_coblocks_accordion_ie_support":"","_exactmetrics_skip_tracking":false,"_jetpack_newsletter_access":"","_jetpack_dont_email_post_to_subs":false,"_jetpack_newsletter_tier_id":0,"_jetpack_memberships_contains_paywalled_content":false,"_wpcom_ai_launchpad_first_post":false,"_jetpack_feature_clip_id":0,"_jetpack_memberships_contains_paid_content":false,"footnotes":"","jetpack_publicize_message":"{title}\n\n{excerpt}\n\n{url}","jetpack_publicize_feature_enabled":true,"jetpack_social_post_already_shared":true,"jetpack_social_options":{"image_generator_settings":{"template":"highway","default_image_id":0,"font":"","enabled":false},"version":2},"_wpas_customize_per_network":false,"jetpack_post_was_ever_published":false},"categories":[610131184,610135163,336375535,610131268,610131155],"tags":[610134643],"class_list":["post-160230","post","type-post","status-publish","format-standard","has-post-thumbnail","hentry","category-duchowosc","category-kazania-na-wielki-post","category-liturgia-i-liturgika","category-rok-liturgiczny","category-rozwazania","tag-czytania-brewiarzowe-na-wielki-post"],"yoast_head":"<!-- This site is optimized with the Yoast SEO plugin v28.4 - https:\/\/yoast.com\/product\/yoast-seo-wordpress\/ -->\n<title>Czytania postne Brewiarza Trydenckiego. Poniedzia\u0142ek po Pierwszej Niedzieli M\u0119ki Pa\u0144skiej - Quadragesima - Tradycja i Wiara<\/title>\n<meta name=\"robots\" content=\"index, follow, max-snippet:-1, max-image-preview:large, max-video-preview:-1\" \/>\n<link rel=\"canonical\" href=\"https:\/\/wobronietradycjiiwiary.com\/pl\/czytania-postne-brewiarza-trydenckiego-poniedzialek-po-pierwszej-niedzieli-meki-panskiej-quadragesima-2-2\/\" \/>\n<meta property=\"og:locale\" content=\"pl_PL\" \/>\n<meta property=\"og:type\" content=\"article\" \/>\n<meta property=\"og:title\" content=\"Czytania postne Brewiarza Trydenckiego. Poniedzia\u0142ek po Pierwszej Niedzieli M\u0119ki Pa\u0144skiej - Quadragesima - Tradycja i Wiara\" \/>\n<meta property=\"og:description\" content=\"Czytania Brewiarza Trydenckiego na poniedzia\u0142ek po I Niedzieli M\u0119ki Pa\u0144skiej.\" \/>\n<meta property=\"og:url\" content=\"https:\/\/wobronietradycjiiwiary.com\/pl\/czytania-postne-brewiarza-trydenckiego-poniedzialek-po-pierwszej-niedzieli-meki-panskiej-quadragesima-2-2\/\" \/>\n<meta property=\"og:site_name\" content=\"Tradycja i Wiara\" \/>\n<meta property=\"article:publisher\" content=\"https:\/\/www.facebook.com\/Tradycja-i-Wiara-108813920592249\" \/>\n<meta property=\"article:published_time\" content=\"2026-03-23T07:10:40+00:00\" \/>\n<meta property=\"og:image\" content=\"https:\/\/wobronietradycjiiwiary.com\/wp-content\/uploads\/2022\/03\/MOnks-praying.jpg\" \/>\n\t<meta property=\"og:image:width\" content=\"598\" \/>\n\t<meta property=\"og:image:height\" content=\"427\" \/>\n\t<meta property=\"og:image:type\" content=\"image\/jpeg\" \/>\n<meta name=\"author\" content=\"Prospector Veritatis\" \/>\n<meta name=\"twitter:card\" content=\"summary_large_image\" \/>\n<meta name=\"twitter:label1\" content=\"Napisane przez\" \/>\n\t<meta name=\"twitter:data1\" content=\"Prospector Veritatis\" \/>\n\t<meta name=\"twitter:label2\" content=\"Szacowany czas czytania\" \/>\n\t<meta name=\"twitter:data2\" content=\"5 minut\" \/>\n<script type=\"application\/ld+json\" class=\"yoast-schema-graph\">{\"@context\":\"https:\\\/\\\/schema.org\",\"@graph\":[{\"@type\":\"Article\",\"@id\":\"https:\\\/\\\/wobronietradycjiiwiary.com\\\/czytania-postne-brewiarza-trydenckiego-poniedzialek-po-pierwszej-niedzieli-meki-panskiej-quadragesima-2-2\\\/#article\",\"isPartOf\":{\"@id\":\"https:\\\/\\\/wobronietradycjiiwiary.com\\\/czytania-postne-brewiarza-trydenckiego-poniedzialek-po-pierwszej-niedzieli-meki-panskiej-quadragesima-2-2\\\/\"},\"author\":{\"name\":\"Prospector Veritatis\",\"@id\":\"https:\\\/\\\/wobronietradycjiiwiary.com\\\/pl\\\/#\\\/schema\\\/person\\\/f63e6405621f929c17a9c191b8d16b9d\"},\"headline\":\"Czytania postne Brewiarza Trydenckiego. Poniedzia\u0142ek po Pierwszej Niedzieli M\u0119ki Pa\u0144skiej &#8211; Quadragesima\",\"datePublished\":\"2026-03-23T07:10:40+00:00\",\"mainEntityOfPage\":{\"@id\":\"https:\\\/\\\/wobronietradycjiiwiary.com\\\/czytania-postne-brewiarza-trydenckiego-poniedzialek-po-pierwszej-niedzieli-meki-panskiej-quadragesima-2-2\\\/\"},\"wordCount\":969,\"commentCount\":0,\"publisher\":{\"@id\":\"https:\\\/\\\/wobronietradycjiiwiary.com\\\/pl\\\/#organization\"},\"image\":{\"@id\":\"https:\\\/\\\/wobronietradycjiiwiary.com\\\/czytania-postne-brewiarza-trydenckiego-poniedzialek-po-pierwszej-niedzieli-meki-panskiej-quadragesima-2-2\\\/#primaryimage\"},\"thumbnailUrl\":\"https:\\\/\\\/wobronietradycjiiwiary.com\\\/wp-content\\\/uploads\\\/2022\\\/03\\\/MOnks-praying.jpg\",\"keywords\":[\"Czytania Brewiarzowe na Wielki Post\"],\"articleSection\":[\"Duchowo\u015b\u0107\",\"Kazania na Wielki Post\",\"Liturgia i liturgika\",\"Rok liturgiczny\",\"Rozwa\u017cania liturgiczne\"],\"inLanguage\":\"pl-PL\",\"potentialAction\":[{\"@type\":\"CommentAction\",\"name\":\"Comment\",\"target\":[\"https:\\\/\\\/wobronietradycjiiwiary.com\\\/czytania-postne-brewiarza-trydenckiego-poniedzialek-po-pierwszej-niedzieli-meki-panskiej-quadragesima-2-2\\\/#respond\"]}]},{\"@type\":\"WebPage\",\"@id\":\"https:\\\/\\\/wobronietradycjiiwiary.com\\\/czytania-postne-brewiarza-trydenckiego-poniedzialek-po-pierwszej-niedzieli-meki-panskiej-quadragesima-2-2\\\/\",\"url\":\"https:\\\/\\\/wobronietradycjiiwiary.com\\\/czytania-postne-brewiarza-trydenckiego-poniedzialek-po-pierwszej-niedzieli-meki-panskiej-quadragesima-2-2\\\/\",\"name\":\"Czytania postne Brewiarza Trydenckiego. Poniedzia\u0142ek po Pierwszej Niedzieli M\u0119ki Pa\u0144skiej - Quadragesima - Tradycja i Wiara\",\"isPartOf\":{\"@id\":\"https:\\\/\\\/wobronietradycjiiwiary.com\\\/pl\\\/#website\"},\"primaryImageOfPage\":{\"@id\":\"https:\\\/\\\/wobronietradycjiiwiary.com\\\/czytania-postne-brewiarza-trydenckiego-poniedzialek-po-pierwszej-niedzieli-meki-panskiej-quadragesima-2-2\\\/#primaryimage\"},\"image\":{\"@id\":\"https:\\\/\\\/wobronietradycjiiwiary.com\\\/czytania-postne-brewiarza-trydenckiego-poniedzialek-po-pierwszej-niedzieli-meki-panskiej-quadragesima-2-2\\\/#primaryimage\"},\"thumbnailUrl\":\"https:\\\/\\\/wobronietradycjiiwiary.com\\\/wp-content\\\/uploads\\\/2022\\\/03\\\/MOnks-praying.jpg\",\"datePublished\":\"2026-03-23T07:10:40+00:00\",\"breadcrumb\":{\"@id\":\"https:\\\/\\\/wobronietradycjiiwiary.com\\\/czytania-postne-brewiarza-trydenckiego-poniedzialek-po-pierwszej-niedzieli-meki-panskiej-quadragesima-2-2\\\/#breadcrumb\"},\"inLanguage\":\"pl-PL\",\"potentialAction\":[{\"@type\":\"ReadAction\",\"target\":[\"https:\\\/\\\/wobronietradycjiiwiary.com\\\/czytania-postne-brewiarza-trydenckiego-poniedzialek-po-pierwszej-niedzieli-meki-panskiej-quadragesima-2-2\\\/\"]}]},{\"@type\":\"ImageObject\",\"inLanguage\":\"pl-PL\",\"@id\":\"https:\\\/\\\/wobronietradycjiiwiary.com\\\/czytania-postne-brewiarza-trydenckiego-poniedzialek-po-pierwszej-niedzieli-meki-panskiej-quadragesima-2-2\\\/#primaryimage\",\"url\":\"https:\\\/\\\/wobronietradycjiiwiary.com\\\/wp-content\\\/uploads\\\/2022\\\/03\\\/MOnks-praying.jpg\",\"contentUrl\":\"https:\\\/\\\/wobronietradycjiiwiary.com\\\/wp-content\\\/uploads\\\/2022\\\/03\\\/MOnks-praying.jpg\",\"width\":598,\"height\":427},{\"@type\":\"BreadcrumbList\",\"@id\":\"https:\\\/\\\/wobronietradycjiiwiary.com\\\/czytania-postne-brewiarza-trydenckiego-poniedzialek-po-pierwszej-niedzieli-meki-panskiej-quadragesima-2-2\\\/#breadcrumb\",\"itemListElement\":[{\"@type\":\"ListItem\",\"position\":1,\"name\":\"Strona g\u0142\u00f3wna\",\"item\":\"https:\\\/\\\/wobronietradycjiiwiary.com\\\/\"},{\"@type\":\"ListItem\",\"position\":2,\"name\":\"Czytania postne Brewiarza Trydenckiego. Poniedzia\u0142ek po Pierwszej Niedzieli M\u0119ki Pa\u0144skiej &#8211; Quadragesima\"}]},{\"@type\":\"WebSite\",\"@id\":\"https:\\\/\\\/wobronietradycjiiwiary.com\\\/pl\\\/#website\",\"url\":\"https:\\\/\\\/wobronietradycjiiwiary.com\\\/pl\\\/\",\"name\":\"Tradycja i Wiara\",\"description\":\"Portal dla katolik\u00f3w.\",\"publisher\":{\"@id\":\"https:\\\/\\\/wobronietradycjiiwiary.com\\\/pl\\\/#organization\"},\"potentialAction\":[{\"@type\":\"SearchAction\",\"target\":{\"@type\":\"EntryPoint\",\"urlTemplate\":\"https:\\\/\\\/wobronietradycjiiwiary.com\\\/pl\\\/?s={search_term_string}\"},\"query-input\":{\"@type\":\"PropertyValueSpecification\",\"valueRequired\":true,\"valueName\":\"search_term_string\"}}],\"inLanguage\":\"pl-PL\"},{\"@type\":\"Organization\",\"@id\":\"https:\\\/\\\/wobronietradycjiiwiary.com\\\/pl\\\/#organization\",\"name\":\"Tradycja i Wiara\",\"url\":\"https:\\\/\\\/wobronietradycjiiwiary.com\\\/pl\\\/\",\"logo\":{\"@type\":\"ImageObject\",\"inLanguage\":\"pl-PL\",\"@id\":\"https:\\\/\\\/wobronietradycjiiwiary.com\\\/pl\\\/#\\\/schema\\\/logo\\\/image\\\/\",\"url\":\"https:\\\/\\\/i0.wp.com\\\/wobronietradycjiiwiary.com\\\/wp-content\\\/uploads\\\/2015\\\/10\\\/cropped-st-peters-dome-vatican.jpg?fit=940%2C198&ssl=1\",\"contentUrl\":\"https:\\\/\\\/i0.wp.com\\\/wobronietradycjiiwiary.com\\\/wp-content\\\/uploads\\\/2015\\\/10\\\/cropped-st-peters-dome-vatican.jpg?fit=940%2C198&ssl=1\",\"width\":940,\"height\":198,\"caption\":\"Tradycja i Wiara\"},\"image\":{\"@id\":\"https:\\\/\\\/wobronietradycjiiwiary.com\\\/pl\\\/#\\\/schema\\\/logo\\\/image\\\/\"},\"sameAs\":[\"https:\\\/\\\/www.facebook.com\\\/Tradycja-i-Wiara-108813920592249\"]},{\"@type\":\"Person\",\"@id\":\"https:\\\/\\\/wobronietradycjiiwiary.com\\\/pl\\\/#\\\/schema\\\/person\\\/f63e6405621f929c17a9c191b8d16b9d\",\"name\":\"Prospector Veritatis\",\"url\":\"https:\\\/\\\/wobronietradycjiiwiary.com\\\/pl\\\/author\\\/prospectorveritatis\\\/\"}]}<\/script>\n<!-- \/ Yoast SEO plugin. -->","yoast_head_json":{"title":"Czytania postne Brewiarza Trydenckiego. Poniedzia\u0142ek po Pierwszej Niedzieli M\u0119ki Pa\u0144skiej - Quadragesima - Tradycja i Wiara","robots":{"index":"index","follow":"follow","max-snippet":"max-snippet:-1","max-image-preview":"max-image-preview:large","max-video-preview":"max-video-preview:-1"},"canonical":"https:\/\/wobronietradycjiiwiary.com\/pl\/czytania-postne-brewiarza-trydenckiego-poniedzialek-po-pierwszej-niedzieli-meki-panskiej-quadragesima-2-2\/","og_locale":"pl_PL","og_type":"article","og_title":"Czytania postne Brewiarza Trydenckiego. Poniedzia\u0142ek po Pierwszej Niedzieli M\u0119ki Pa\u0144skiej - Quadragesima - Tradycja i Wiara","og_description":"Czytania Brewiarza Trydenckiego na poniedzia\u0142ek po I Niedzieli M\u0119ki Pa\u0144skiej.","og_url":"https:\/\/wobronietradycjiiwiary.com\/pl\/czytania-postne-brewiarza-trydenckiego-poniedzialek-po-pierwszej-niedzieli-meki-panskiej-quadragesima-2-2\/","og_site_name":"Tradycja i Wiara","article_publisher":"https:\/\/www.facebook.com\/Tradycja-i-Wiara-108813920592249","article_published_time":"2026-03-23T07:10:40+00:00","og_image":[{"width":598,"height":427,"url":"https:\/\/wobronietradycjiiwiary.com\/wp-content\/uploads\/2022\/03\/MOnks-praying.jpg","type":"image\/jpeg"}],"author":"Prospector Veritatis","twitter_card":"summary_large_image","twitter_misc":{"Napisane przez":"Prospector Veritatis","Szacowany czas czytania":"5 minut"},"schema":{"@context":"https:\/\/schema.org","@graph":[{"@type":"Article","@id":"https:\/\/wobronietradycjiiwiary.com\/czytania-postne-brewiarza-trydenckiego-poniedzialek-po-pierwszej-niedzieli-meki-panskiej-quadragesima-2-2\/#article","isPartOf":{"@id":"https:\/\/wobronietradycjiiwiary.com\/czytania-postne-brewiarza-trydenckiego-poniedzialek-po-pierwszej-niedzieli-meki-panskiej-quadragesima-2-2\/"},"author":{"name":"Prospector Veritatis","@id":"https:\/\/wobronietradycjiiwiary.com\/pl\/#\/schema\/person\/f63e6405621f929c17a9c191b8d16b9d"},"headline":"Czytania postne Brewiarza Trydenckiego. Poniedzia\u0142ek po Pierwszej Niedzieli M\u0119ki Pa\u0144skiej &#8211; Quadragesima","datePublished":"2026-03-23T07:10:40+00:00","mainEntityOfPage":{"@id":"https:\/\/wobronietradycjiiwiary.com\/czytania-postne-brewiarza-trydenckiego-poniedzialek-po-pierwszej-niedzieli-meki-panskiej-quadragesima-2-2\/"},"wordCount":969,"commentCount":0,"publisher":{"@id":"https:\/\/wobronietradycjiiwiary.com\/pl\/#organization"},"image":{"@id":"https:\/\/wobronietradycjiiwiary.com\/czytania-postne-brewiarza-trydenckiego-poniedzialek-po-pierwszej-niedzieli-meki-panskiej-quadragesima-2-2\/#primaryimage"},"thumbnailUrl":"https:\/\/wobronietradycjiiwiary.com\/wp-content\/uploads\/2022\/03\/MOnks-praying.jpg","keywords":["Czytania Brewiarzowe na Wielki Post"],"articleSection":["Duchowo\u015b\u0107","Kazania na Wielki Post","Liturgia i liturgika","Rok liturgiczny","Rozwa\u017cania liturgiczne"],"inLanguage":"pl-PL","potentialAction":[{"@type":"CommentAction","name":"Comment","target":["https:\/\/wobronietradycjiiwiary.com\/czytania-postne-brewiarza-trydenckiego-poniedzialek-po-pierwszej-niedzieli-meki-panskiej-quadragesima-2-2\/#respond"]}]},{"@type":"WebPage","@id":"https:\/\/wobronietradycjiiwiary.com\/czytania-postne-brewiarza-trydenckiego-poniedzialek-po-pierwszej-niedzieli-meki-panskiej-quadragesima-2-2\/","url":"https:\/\/wobronietradycjiiwiary.com\/czytania-postne-brewiarza-trydenckiego-poniedzialek-po-pierwszej-niedzieli-meki-panskiej-quadragesima-2-2\/","name":"Czytania postne Brewiarza Trydenckiego. Poniedzia\u0142ek po Pierwszej Niedzieli M\u0119ki Pa\u0144skiej - Quadragesima - Tradycja i Wiara","isPartOf":{"@id":"https:\/\/wobronietradycjiiwiary.com\/pl\/#website"},"primaryImageOfPage":{"@id":"https:\/\/wobronietradycjiiwiary.com\/czytania-postne-brewiarza-trydenckiego-poniedzialek-po-pierwszej-niedzieli-meki-panskiej-quadragesima-2-2\/#primaryimage"},"image":{"@id":"https:\/\/wobronietradycjiiwiary.com\/czytania-postne-brewiarza-trydenckiego-poniedzialek-po-pierwszej-niedzieli-meki-panskiej-quadragesima-2-2\/#primaryimage"},"thumbnailUrl":"https:\/\/wobronietradycjiiwiary.com\/wp-content\/uploads\/2022\/03\/MOnks-praying.jpg","datePublished":"2026-03-23T07:10:40+00:00","breadcrumb":{"@id":"https:\/\/wobronietradycjiiwiary.com\/czytania-postne-brewiarza-trydenckiego-poniedzialek-po-pierwszej-niedzieli-meki-panskiej-quadragesima-2-2\/#breadcrumb"},"inLanguage":"pl-PL","potentialAction":[{"@type":"ReadAction","target":["https:\/\/wobronietradycjiiwiary.com\/czytania-postne-brewiarza-trydenckiego-poniedzialek-po-pierwszej-niedzieli-meki-panskiej-quadragesima-2-2\/"]}]},{"@type":"ImageObject","inLanguage":"pl-PL","@id":"https:\/\/wobronietradycjiiwiary.com\/czytania-postne-brewiarza-trydenckiego-poniedzialek-po-pierwszej-niedzieli-meki-panskiej-quadragesima-2-2\/#primaryimage","url":"https:\/\/wobronietradycjiiwiary.com\/wp-content\/uploads\/2022\/03\/MOnks-praying.jpg","contentUrl":"https:\/\/wobronietradycjiiwiary.com\/wp-content\/uploads\/2022\/03\/MOnks-praying.jpg","width":598,"height":427},{"@type":"BreadcrumbList","@id":"https:\/\/wobronietradycjiiwiary.com\/czytania-postne-brewiarza-trydenckiego-poniedzialek-po-pierwszej-niedzieli-meki-panskiej-quadragesima-2-2\/#breadcrumb","itemListElement":[{"@type":"ListItem","position":1,"name":"Strona g\u0142\u00f3wna","item":"https:\/\/wobronietradycjiiwiary.com\/"},{"@type":"ListItem","position":2,"name":"Czytania postne Brewiarza Trydenckiego. Poniedzia\u0142ek po Pierwszej Niedzieli M\u0119ki Pa\u0144skiej &#8211; Quadragesima"}]},{"@type":"WebSite","@id":"https:\/\/wobronietradycjiiwiary.com\/pl\/#website","url":"https:\/\/wobronietradycjiiwiary.com\/pl\/","name":"Tradycja i Wiara","description":"Portal dla katolik\u00f3w.","publisher":{"@id":"https:\/\/wobronietradycjiiwiary.com\/pl\/#organization"},"potentialAction":[{"@type":"SearchAction","target":{"@type":"EntryPoint","urlTemplate":"https:\/\/wobronietradycjiiwiary.com\/pl\/?s={search_term_string}"},"query-input":{"@type":"PropertyValueSpecification","valueRequired":true,"valueName":"search_term_string"}}],"inLanguage":"pl-PL"},{"@type":"Organization","@id":"https:\/\/wobronietradycjiiwiary.com\/pl\/#organization","name":"Tradycja i Wiara","url":"https:\/\/wobronietradycjiiwiary.com\/pl\/","logo":{"@type":"ImageObject","inLanguage":"pl-PL","@id":"https:\/\/wobronietradycjiiwiary.com\/pl\/#\/schema\/logo\/image\/","url":"https:\/\/i0.wp.com\/wobronietradycjiiwiary.com\/wp-content\/uploads\/2015\/10\/cropped-st-peters-dome-vatican.jpg?fit=940%2C198&ssl=1","contentUrl":"https:\/\/i0.wp.com\/wobronietradycjiiwiary.com\/wp-content\/uploads\/2015\/10\/cropped-st-peters-dome-vatican.jpg?fit=940%2C198&ssl=1","width":940,"height":198,"caption":"Tradycja i Wiara"},"image":{"@id":"https:\/\/wobronietradycjiiwiary.com\/pl\/#\/schema\/logo\/image\/"},"sameAs":["https:\/\/www.facebook.com\/Tradycja-i-Wiara-108813920592249"]},{"@type":"Person","@id":"https:\/\/wobronietradycjiiwiary.com\/pl\/#\/schema\/person\/f63e6405621f929c17a9c191b8d16b9d","name":"Prospector Veritatis","url":"https:\/\/wobronietradycjiiwiary.com\/pl\/author\/prospectorveritatis\/"}]}},"jetpack_publicize_connections":[],"jetpack_sharing_enabled":true,"jetpack_likes_enabled":true,"jetpack_shortlink":"https:\/\/wp.me\/pc04Sd-FGm","jetpack-related-posts":[{"id":130003,"url":"https:\/\/wobronietradycjiiwiary.com\/pl\/czytania-postne-brewiarza-trydenckiego-poniedzialek-po-pierwszej-niedzieli-meki-panskiej-quadragesima-2\/","url_meta":{"origin":160230,"position":0},"title":"Czytania postne Brewiarza Trydenckiego. Poniedzia\u0142ek po Pierwszej Niedzieli M\u0119ki Pa\u0144skiej &#8211; Quadragesima","author":"Prospector Veritatis","date":"7 kwietnia 2025","format":false,"excerpt":"Czytania Brewiarza Trydenckiego na poniedzia\u0142ek po I Niedzieli M\u0119ki Pa\u0144skiej.","rel":"","context":"W \u201eDuchowo\u015b\u0107&quot;","block_context":{"text":"Duchowo\u015b\u0107","link":"https:\/\/wobronietradycjiiwiary.com\/pl\/category\/duchowosc\/"},"img":{"alt_text":"","src":"https:\/\/i0.wp.com\/wobronietradycjiiwiary.com\/wp-content\/uploads\/2022\/03\/MOnks-praying.jpg?resize=350%2C200&ssl=1","width":350,"height":200,"srcset":"https:\/\/i0.wp.com\/wobronietradycjiiwiary.com\/wp-content\/uploads\/2022\/03\/MOnks-praying.jpg?resize=350%2C200&ssl=1 1x, https:\/\/i0.wp.com\/wobronietradycjiiwiary.com\/wp-content\/uploads\/2022\/03\/MOnks-praying.jpg?resize=525%2C300&ssl=1 1.5x"},"classes":[]},{"id":114221,"url":"https:\/\/wobronietradycjiiwiary.com\/pl\/czytania-postne-brewiarza-trydenckiego-poniedzialek-po-pierwszej-niedzieli-meki-panskiej-quadragesima\/","url_meta":{"origin":160230,"position":1},"title":"Czytania postne Brewiarza Trydenckiego. Poniedzia\u0142ek po Pierwszej Niedzieli M\u0119ki Pa\u0144skiej &#8211; Quadragesima","author":"Prospector Veritatis","date":"18 marca 2024","format":false,"excerpt":"Czytania Brewiarza Trydenckiego na poniedzia\u0142ek po I Niedzieli M\u0119ki Pa\u0144skiej.","rel":"","context":"W \u201eDuchowo\u015b\u0107&quot;","block_context":{"text":"Duchowo\u015b\u0107","link":"https:\/\/wobronietradycjiiwiary.com\/pl\/category\/duchowosc\/"},"img":{"alt_text":"","src":"https:\/\/i0.wp.com\/wobronietradycjiiwiary.com\/wp-content\/uploads\/2022\/03\/MOnks-praying.jpg?resize=350%2C200&ssl=1","width":350,"height":200,"srcset":"https:\/\/i0.wp.com\/wobronietradycjiiwiary.com\/wp-content\/uploads\/2022\/03\/MOnks-praying.jpg?resize=350%2C200&ssl=1 1x, https:\/\/i0.wp.com\/wobronietradycjiiwiary.com\/wp-content\/uploads\/2022\/03\/MOnks-praying.jpg?resize=525%2C300&ssl=1 1.5x"},"classes":[]},{"id":130023,"url":"https:\/\/wobronietradycjiiwiary.com\/pl\/czytania-postne-brewiarza-trydenckiego-poniedzialek-po-drugiej-niedzieli-wielkiego-postu-quadragesima-2\/","url_meta":{"origin":160230,"position":2},"title":"Czytania postne Brewiarza Trydenckiego. Poniedzia\u0142ek po Drugiej Niedzieli Wielkiego Postu &#8211; Quadragesima","author":"Prospector Veritatis","date":"17 marca 2025","format":false,"excerpt":"Czytania Brewiarza Trydenckiego na poniedzia\u0142ek po II niedzieli Wielkiego Postu.","rel":"","context":"W \u201eDuchowo\u015b\u0107&quot;","block_context":{"text":"Duchowo\u015b\u0107","link":"https:\/\/wobronietradycjiiwiary.com\/pl\/category\/duchowosc\/"},"img":{"alt_text":"","src":"https:\/\/i0.wp.com\/wobronietradycjiiwiary.com\/wp-content\/uploads\/2022\/03\/MOnks-praying.jpg?resize=350%2C200&ssl=1","width":350,"height":200,"srcset":"https:\/\/i0.wp.com\/wobronietradycjiiwiary.com\/wp-content\/uploads\/2022\/03\/MOnks-praying.jpg?resize=350%2C200&ssl=1 1x, https:\/\/i0.wp.com\/wobronietradycjiiwiary.com\/wp-content\/uploads\/2022\/03\/MOnks-praying.jpg?resize=525%2C300&ssl=1 1.5x"},"classes":[]},{"id":113163,"url":"https:\/\/wobronietradycjiiwiary.com\/pl\/czytania-postne-brewiarza-trydenckiego-poniedzialek-po-drugiej-niedzieli-wielkiego-postu-quadragesima\/","url_meta":{"origin":160230,"position":3},"title":"Czytania postne Brewiarza Trydenckiego. Poniedzia\u0142ek po Drugiej Niedzieli Wielkiego Postu &#8211; Quadragesima","author":"Prospector Veritatis","date":"26 lutego 2024","format":false,"excerpt":"Czytania Brewiarza Trydenckiego na poniedzia\u0142ek po II niedzieli Wielkiego Postu.","rel":"","context":"W \u201eDuchowo\u015b\u0107&quot;","block_context":{"text":"Duchowo\u015b\u0107","link":"https:\/\/wobronietradycjiiwiary.com\/pl\/category\/duchowosc\/"},"img":{"alt_text":"","src":"https:\/\/i0.wp.com\/wobronietradycjiiwiary.com\/wp-content\/uploads\/2022\/03\/MOnks-praying.jpg?resize=350%2C200&ssl=1","width":350,"height":200,"srcset":"https:\/\/i0.wp.com\/wobronietradycjiiwiary.com\/wp-content\/uploads\/2022\/03\/MOnks-praying.jpg?resize=350%2C200&ssl=1 1x, https:\/\/i0.wp.com\/wobronietradycjiiwiary.com\/wp-content\/uploads\/2022\/03\/MOnks-praying.jpg?resize=525%2C300&ssl=1 1.5x"},"classes":[]},{"id":130016,"url":"https:\/\/wobronietradycjiiwiary.com\/pl\/czytania-postne-brewiarza-trydenckiego-poniedzialek-po-trzeciej-niedzieli-wielkiego-postu-quadragesima-2\/","url_meta":{"origin":160230,"position":4},"title":"Czytania postne Brewiarza Trydenckiego. Poniedzia\u0142ek po Trzeciej Niedzieli Wielkiego Postu &#8211; Quadragesima","author":"Prospector Veritatis","date":"24 marca 2025","format":false,"excerpt":"Czytania Brewiarza Trydenckiego na poniedzia\u0142ek po III niedzieli Wielkiego Postu.","rel":"","context":"W \u201eDuchowo\u015b\u0107&quot;","block_context":{"text":"Duchowo\u015b\u0107","link":"https:\/\/wobronietradycjiiwiary.com\/pl\/category\/duchowosc\/"},"img":{"alt_text":"","src":"https:\/\/i0.wp.com\/wobronietradycjiiwiary.com\/wp-content\/uploads\/2022\/03\/MOnks-praying.jpg?resize=350%2C200&ssl=1","width":350,"height":200,"srcset":"https:\/\/i0.wp.com\/wobronietradycjiiwiary.com\/wp-content\/uploads\/2022\/03\/MOnks-praying.jpg?resize=350%2C200&ssl=1 1x, https:\/\/i0.wp.com\/wobronietradycjiiwiary.com\/wp-content\/uploads\/2022\/03\/MOnks-praying.jpg?resize=525%2C300&ssl=1 1.5x"},"classes":[]},{"id":66067,"url":"https:\/\/wobronietradycjiiwiary.com\/pl\/czytania-postne-brewiarza-trydenckiego-34\/","url_meta":{"origin":160230,"position":5},"title":"Czytania postne Brewiarza Trydenckiego. Poniedzia\u0142ek w tygodniu M\u0119ki Pa\u0144skiej.","author":"Traditio et Fides","date":"4 kwietnia 2022","format":false,"excerpt":"Czytania Brewiarza Trydenckiego na poniedzia\u0142ek tygodnia M\u0119ki Pa\u0144skiej.","rel":"","context":"W \u201eDuchowo\u015b\u0107&quot;","block_context":{"text":"Duchowo\u015b\u0107","link":"https:\/\/wobronietradycjiiwiary.com\/pl\/category\/duchowosc\/"},"img":{"alt_text":"","src":"https:\/\/i0.wp.com\/wobronietradycjiiwiary.com\/wp-content\/uploads\/2022\/03\/MOnks-praying.jpg?resize=350%2C200&ssl=1","width":350,"height":200,"srcset":"https:\/\/i0.wp.com\/wobronietradycjiiwiary.com\/wp-content\/uploads\/2022\/03\/MOnks-praying.jpg?resize=350%2C200&ssl=1 1x, https:\/\/i0.wp.com\/wobronietradycjiiwiary.com\/wp-content\/uploads\/2022\/03\/MOnks-praying.jpg?resize=525%2C300&ssl=1 1.5x"},"classes":[]}],"amp_enabled":true,"jetpack_featured_media_url":"https:\/\/wobronietradycjiiwiary.com\/wp-content\/uploads\/2022\/03\/MOnks-praying.jpg","_links":{"self":[{"href":"https:\/\/wobronietradycjiiwiary.com\/pl\/wp-json\/wp\/v2\/posts\/160230","targetHints":{"allow":["GET"]}}],"collection":[{"href":"https:\/\/wobronietradycjiiwiary.com\/pl\/wp-json\/wp\/v2\/posts"}],"about":[{"href":"https:\/\/wobronietradycjiiwiary.com\/pl\/wp-json\/wp\/v2\/types\/post"}],"author":[{"embeddable":true,"href":"https:\/\/wobronietradycjiiwiary.com\/pl\/wp-json\/wp\/v2\/users\/119394846"}],"replies":[{"embeddable":true,"href":"https:\/\/wobronietradycjiiwiary.com\/pl\/wp-json\/wp\/v2\/comments?post=160230"}],"version-history":[{"count":1,"href":"https:\/\/wobronietradycjiiwiary.com\/pl\/wp-json\/wp\/v2\/posts\/160230\/revisions"}],"predecessor-version":[{"id":161159,"href":"https:\/\/wobronietradycjiiwiary.com\/pl\/wp-json\/wp\/v2\/posts\/160230\/revisions\/161159"}],"wp:featuredmedia":[{"embeddable":true,"href":"https:\/\/wobronietradycjiiwiary.com\/pl\/wp-json\/wp\/v2\/media\/62967"}],"wp:attachment":[{"href":"https:\/\/wobronietradycjiiwiary.com\/pl\/wp-json\/wp\/v2\/media?parent=160230"}],"wp:term":[{"taxonomy":"category","embeddable":true,"href":"https:\/\/wobronietradycjiiwiary.com\/pl\/wp-json\/wp\/v2\/categories?post=160230"},{"taxonomy":"post_tag","embeddable":true,"href":"https:\/\/wobronietradycjiiwiary.com\/pl\/wp-json\/wp\/v2\/tags?post=160230"}],"curies":[{"name":"wp","href":"https:\/\/api.w.org\/{rel}","templated":true}]}}