{"id":160115,"date":"2026-02-18T08:15:32","date_gmt":"2026-02-18T07:15:32","guid":{"rendered":"https:\/\/wobronietradycjiiwiary.com\/?p=160115"},"modified":"2026-02-03T12:24:08","modified_gmt":"2026-02-03T11:24:08","slug":"18-go-lutego-zywot-swietego-szymona-biskupa-i-meczennika-2-3-3","status":"publish","type":"post","link":"https:\/\/wobronietradycjiiwiary.com\/pl\/18-go-lutego-zywot-swietego-szymona-biskupa-i-meczennika-2-3-3\/","title":{"rendered":"18-go Lutego. \u017bywot \u015bwi\u0119tego Szymona, Biskupa i M\u0119czennika."},"content":{"rendered":"<div id=\"bsf_rt_marker\"><\/div>\n<p class=\"has-text-align-center wp-block-paragraph\">(\u017by\u0142 oko\u0142o roku Pa\u0144skiego 110)<sup><a href=\"https:\/\/pl.wikisource.org\/wiki\/%C5%BBywot_%C5%9Bwi%C4%99tego_Szymona,_Biskupa_i_M%C4%99czennika#cite_note-1\">[1]<\/a><\/sup><\/p>\n\n\n\n<h2 class=\"wp-block-heading has-vivid-purple-color has-text-color\" id=\"czas-lektury-5-minut\"><\/h2>\n\n\n\n<figure class=\"wp-block-image\"><a href=\"https:\/\/pl.wikisource.org\/wiki\/Plik:%C5%BBywoty_%C5%9Bw._Pa%C5%84skich_na_wszystkie_dnie_roku-Inicja%C5%82-M.png\"><img decoding=\"async\" src=\"https:\/\/upload.wikimedia.org\/wikipedia\/commons\/thumb\/1\/18\/%C5%BBywoty_%C5%9Bw._Pa%C5%84skich_na_wszystkie_dnie_roku-Inicja%C5%82-M.png\/75px-%C5%BBywoty_%C5%9Bw._Pa%C5%84skich_na_wszystkie_dnie_roku-Inicja%C5%82-M.png\" alt=\"M\"\/><\/a><\/figure>\n\n\n\n<p class=\"has-text-align-justify wp-block-paragraph\">Mia\u0142 \u015bwi\u0119ty Szymon to wielkie szcz\u0119\u015bcie nale\u017ce\u0107 do rodziny Pana Jezusa. By\u0142 on synem Kleofasa, brata \u015bwi\u0119tego J\u00f3zefa, piastuna Syna Bo\u017cego i z tego powodu poczytywano go za stryjecznego brata Chrystusa Pana, a nawet stosownie do \u00f3wczesnego zwyczaju w\u00f3wczas u \u017cyd\u00f3w nazywano go bratem Zbawiciela. Matka jego mia\u0142a imi\u0119 Marya, i wed\u0142ug wielu pisarzy ko\u015bcielnych, by\u0142a siostr\u0105 Naj\u015bw. Panny. O niej to w\u0142a\u015bnie wspomina Ewangelia \u015bwi\u0119ta, i\u017c towarzysz\u0105c Matce Bo\u017cej na Kalwary\u0119, obecn\u0105 by\u0142a przy ukrzy\u017cowaniu Chrystusa Pana. B\u0119d\u0105c przeto synowcem&nbsp;\u015bwi\u0119tego J\u00f3zefa, z pokolenia Dawida zrodzonego, pochodzi\u0142 Szymon w\u0142a\u015bciwie z kr\u00f3lewskiego rodu. Lecz co dla niego by\u0142o najzaszczytniejszem, nale\u017ca\u0142 do liczby uczni\u00f3w Pana Jezusa, p\u00f3\u017aniej sta\u0142 si\u0119 \u015bwi\u0119tym Biskupem, a wko\u0144cu pozyska\u0142 koron\u0119 m\u0119cze\u0144sk\u0105.<br><\/p>\n\n\n\n<p class=\"has-text-align-justify wp-block-paragraph\">\u2009Zbawiciel powo\u0142a\u0142 go wraz z pierwszymi na ucznia Swojego; pod Boskim wi\u0119c \u0107wiczony Mistrzem, jaki\u017c post\u0119p na drogach zbawienia musia\u0142 uczyni\u0107. By\u0142 on \u015bwiadkiem wi\u0119kszej cz\u0119\u015bci cud\u00f3w, dokonanych przez Syna Bo\u017cego, a tak\u017ce Jego Zmartwychwstania i Wniebowst\u0105pienia, a \u017ce nale\u017ca\u0142 do b\u0142ogos\u0142awionego grona, stanowi\u0105cego pod\u00f3wczas ca\u0142y Ko\u015bci\u00f3\u0142, wi\u0119c przy zst\u0105pieniu Ducha \u015bw. na Aposto\u0142\u00f3w w Wieczerniku i on otrzyma\u0142 Go w wielkiej obfito\u015bci. Mia\u0142 jeszcze i t\u0119 wielk\u0105 pociech\u0119, i\u017c Matk\u0119 Bosk\u0105, jako przeczyst\u0105 ma\u0142\u017conk\u0119 jego stryja rodzonego, m\u00f3g\u0142 nazywa\u0107 sw\u0105 ciotk\u0105.<\/p>\n\n\n\n<p class=\"has-text-align-justify wp-block-paragraph\"><br>\u2009Gdy tak Aposto\u0142owie jak inni uczniowie Pa\u0144scy, rozeszli si\u0119 byli po ca\u0142ym \u015bwiecie, dla og\u0142aszania wiary, \u015bw. Szymon pozosta\u0142 w Jeruzalem, przy \u015bwi\u0119tym Jak\u00f3bie, swoim blizkim krewnym, kt\u00f3ry tego miasta by\u0142 pierwszym Biskupem. W roku sze\u015b\u0107dziesi\u0105tym drugim od narodzenia Pa\u0144skiego, \u017cydzi zamordowali \u015bwi\u0119tego Jak\u00f3ba. W chwili gdy go dom\u0119czali, \u015bwi\u0119ty Szymon by\u0142 temu obecny, a s\u0142ysz\u0105c jak \u015bwi\u0119ty Jak\u00f3b modli\u0142 si\u0119 za swoich kat\u00f3w, g\u0142o\u015bno wo\u0142a\u0142 do nich: \u201eCo robicie! mordujecie cz\u0142owieka Bo\u017cego, kt\u00f3ry si\u0119 modli za was.\u201c By\u0142 jednak u \u017cyd\u00f3w w takiem poszanowaniu, \u017ce pomimo to tym razem nie targn\u0119li si\u0119 na niego.<\/p>\n\n\n\n<p class=\"has-text-align-justify wp-block-paragraph\"><br>\u2009Po kilku miesi\u0105cach, kiedy Aposto\u0142owie, uczniowie Pa\u0144scy i wierni, korzystaj\u0105c z chwili, gdy nieco ucich\u0142o prze\u015bladowanie, zgromadzili si\u0119 w Jeruzalem, jednog\u0142o\u015bnie na nast\u0119pc\u0119 po \u015bwi\u0119tym Jak\u00f3bie na Biskupstwo wybrany zosta\u0142 \u015bw. Szymon. Wielka jego pobo\u017cno\u015b\u0107, i niezmordowana w pracach Apostolskich gorliwo\u015b\u0107, pomna\u017ca\u0142a liczb\u0119 nowych chrze\u015bcijan, a jak w Wierze \u015bwi\u0119tej, tak i w wysokiej \u015bwi\u0119tobliwo\u015bci ich utwierdza\u0142a. Po kilku latach zarz\u0105du t\u0105 dyecezy\u0105 przez niego, Wespazyan i Tytus, cesarze Rzymscy, nadci\u0105gn\u0119li do ziemi \u017cydowskiej dla zdobycia i zniszczenia Jerozolimy. \u015aw. Szymon, stosuj\u0105c si\u0119 do tego, \u017ce Pan Jezus nakaza\u0142 by\u0142 uczniom Swoim, aby uchodzili z tego miasta, gdy je wojska nieprzyjacielskie b\u0119d\u0105 mia\u0142y otacza\u0107, wyszed\u0142 stamt\u0105d z wszystkimi chrze\u015bcijaninami. Uda\u0142 si\u0119 z nimi za rzek\u0119 Jordan, do miasta zwanego Pella. <\/p>\n\n\n\n<p class=\"has-text-align-justify wp-block-paragraph\">W roku Pa\u0144skim siedemdziesi\u0105tym, po zburzeniu przez Rzymian Jerozolimy, wierni przeszli napowr\u00f3t Jordan i przybyli na miejsce dawnej swojej siedziby, gdzie ju\u017c tylko zwaliska \u015bwi\u0119tego grodu zastali. Tam wkr\u00f3tce wznie\u015bli nowe miasto, mniej od dawnego okaza\u0142e co do budynk\u00f3w, lecz bogate w cnoty chrze\u015bcija\u0144skie, kt\u00f3remi wierni tych pierwszych czas\u00f3w w znacznej liczbie tam\u017ce osiad\u0142ych, si\u0119 odznaczali. Owszem, pod piecz\u0105 Szymona, ich \u015bwi\u0119tego Biskupa, kt\u00f3ry wraz z nimi wr\u00f3ci\u0142, nawet przewy\u017cszali pod tym wzgl\u0119dem innych chrze\u015bcijan. Nieustannie bowiem czuwa\u0142 ten gorliwy Pasterz nad ludem swoim, przy\u015bwiecaj\u0105c mu przyk\u0142adem,\u00a0karmi\u0105c mi\u0105\u0107 S\u0142owem Bo\u017cem, i gorliwie powstaj\u0105c przeciwko odszczepie\u0144stwom, kt\u00f3re ju\u017c wtedy piek\u0142o pobudza\u0142o, a z kt\u00f3remi ten \u015bwi\u0119ty Biskup m\u0119\u017cnie walczy\u0142 a\u017c do \u015bmierci. Stawa\u0142 ci\u0105gle w obronie prawd chrze\u015bcija\u0144skich,\u00a0kt\u00f3rych\u00a0wyuczonym by\u0142 z Boskich ust samego Chrystusa Pana.<\/p>\n\n\n\n<p class=\"has-text-align-justify wp-block-paragraph\">\u2009Niezmordowana pasterska gorliwo\u015b\u0107 jego w rozszerzaniu chwa\u0142y Bo\u017cej, praca nieustaj\u0105ca oko\u0142o zbawienia dusz jego pieczy poruczonych, m\u0119stwo z jakiem mimo niebezpiecze\u0144stw, na kt\u00f3re ci\u0105gle by\u0142 wystawiony, stawi\u0142 czo\u0142o wszelkiego rodzaju nieprzyjacio\u0142om wiary objawionej, \u2014 wszystko to wys\u0142u\u017cy\u0142o mu w ko\u0144cu i t\u0119 wielk\u0105 \u0142ask\u0119, i\u017c dost\u0105pi\u0142 korony m\u0119cze\u0144skiej.<\/p>\n\n\n\n<p class=\"has-text-align-justify wp-block-paragraph\">Opatrzno\u015b\u0107 Boska oszcz\u0119dza\u0142a go przez czas d\u0142ugi, w ci\u0105gu kt\u00f3rego zarz\u0105dza\u0142 swojemi owieczkami z najwi\u0119kszym dla ich dusz po\u017cytkiem, i wielk\u0105 liczb\u0119 \u017cyd\u00f3w i pogan nawraca\u0142. Poniewa\u017c za\u015b by\u0142 szczeg\u00f3lnie potrzebny nowo zawi\u0105zuj\u0105cemu si\u0119 Ko\u015bcio\u0142owi, a nara\u017conemu na prze\u015bladowanie ju\u017cto \u017cyd\u00f3w, ju\u017c Rzymian, Pan B\u00f3g tak zrz\u0105dzi\u0142, i\u017c gdy Wespazyan a nast\u0119pnie Domicyan nakazali wy\u015bledzenie wszystkich z pokolenia Dawidowego pochodz\u0105cych, aby ich wyt\u0119pi\u0107, o Szymonie jakby zapomniano. Lecz gdy Trajan te\u017c same poszukiwania z wi\u0119ksz\u0105 jeszcze ponowi\u0142 surowo\u015bci\u0105, \u015bwi\u0119ty Szymon oskar\u017cony zosta\u0142, nie tylko jako potomek Dawida, lecz jako ten, kt\u00f3ry wszystkim chrze\u015bcijanom dodawa\u0142 ducha, sta\u0142 na ich czele jako Biskup, i wielu \u017cyd\u00f3w i Rzymian do Wiary \u015bwi\u0119tej nawr\u00f3ci\u0142. <\/p>\n\n\n\n<p class=\"has-text-align-justify wp-block-paragraph\">Wskutek tego, maj\u0105c ju\u017c lat sto dwadzie\u015bcia, schwytany i przed Wielkorz\u0105dc\u0119 Syryi, nazwiskiem Attyla, a pod\u00f3wczas znajduj\u0105cego si\u0119 w ziemi \u017cydowskiej, jako nale\u017c\u0105cej do jego wielkorz\u0105dztwa, stawionym zosta\u0142. Ten na widok tak powa\u017cnego starca, lito\u015bci\u0105 by\u0142 zdj\u0119ty. Najprz\u00f3d wi\u0119c namawia\u0142 go. aby odst\u0105pi\u0142 Wiary \u015bwi\u0119tej i cze\u015b\u0107 odda\u0142 bo\u017ckom cesarskim. \u015aw. Szymon odpowiedzia\u0142 mu jednak w wyrazach pe\u0142nych namaszczenia Ducha \u015aw., dowodz\u0105c, i\u017c jeden B\u00f3g jest tylko i wi\u0119cej ich by\u0107 nie mo\u017ce, \u017ce Jezus Chrystus by\u0142 tym Bogiem jedynym, a \u017ce ci wszyscy bogowie, kt\u00f3rym Rzymianie cze\u015b\u0107 oddaj\u0105, byli niczem wi\u0119cej jak zbrodniarzami, kt\u00f3rych pami\u0119\u0107 zaka\u0142\u0119 tylko rodowi ludzkiemu przynosi.<\/p>\n\n\n\n<p class=\"has-text-align-justify wp-block-paragraph\">Wielkorz\u0105dca widz\u0105c, i\u017c przemowa \u015bwi\u0119tego starca na zgromadzonych wielkie wra\u017cenie zrobi\u0142a, kaza\u0142 go najprz\u00f3d okrutnie ubiczowa\u0107, a potem przez dni kilka zadawa\u0142 mu najsro\u017csze m\u0119ki. W\u015br\u00f3d takowych, niezachwiana sta\u0142o\u015b\u0107 jego wszystkich dziwi\u0142a: trudno by\u0142o poj\u0105\u0107 jak cia\u0142o jego, nadzwyczaj ju\u017c podesz\u0142ym zw\u0105tlone wiekiem, mog\u0142o przenie\u015b\u0107 tak srogie katusze. Gdy w jednej z nich objawi\u0142 szczeg\u00f3lne m\u0119stwo i swobod\u0119 ducha, pomimo najci\u0119\u017cszych cierpie\u0144, jakie by\u0142 ju\u017c przeni\u00f3s\u0142, sami poganie zacz\u0119li g\u0142o\u015bno wo\u0142a\u0107, i\u017c to by\u0142o cudem Boskim. Wtedy tyran skaza\u0142 go na przybicie do krzy\u017ca. Szymon nie posiada\u0142 si\u0119 ze szcz\u0119\u015bcia, i\u017c mu Pan B\u00f3g nie tylko daje \u0142ask\u0119 umrze\u0107 za wiar\u0119, ale oraz przypuszcza go do uczestnictwa w rodzaju \u015bmierci, jak\u0105 sam Pan Jezus poni\u00f3s\u0142; zdawa\u0142o si\u0119 te\u017c jakby odm\u0142odnia\u0142, i pe\u0142en niebieskiej rado\u015bci, w r\u0119ce kat\u00f3w si\u0119 odda\u0142. Na krzy\u017cu zawieszony, dzi\u0119kuj\u0105c Zbawicielowi, i\u017c mu dozwala tak wiernie Go na\u015bladowa\u0107, w chwili nawet swojej \u015bmierci, odda\u0142 ducha w r\u0119ce Jego. Poni\u00f3s\u0142 \u015bmier\u0107 m\u0119cze\u0144sk\u0105 18 lutego roku Pa\u0144skiego 107, a po czterdziestokilkoletniem piastowaniu Biskupstwa Jerozolimskiego.<\/p>\n\n\n\n<h3 class=\"wp-block-heading\" id=\"nauka-moralna\"><strong>Nauka moralna.<\/strong><\/h3>\n\n\n\n<p class=\"has-text-align-justify wp-block-paragraph\">\u2009Wiadomo nam chrze\u015bcijanom, \u017ce i my winni\u015bmy si\u0119 krzy\u017cowa\u0107, je\u015bli chcemy by\u0107 uczniami Chrystusowymi. Wprawdzie nie potrzebujemy tak si\u0119 da\u0107 ukrzy\u017cowa\u0107, jak Szymon \u015bwi\u0119ty, ale winni\u015bmy si\u0119 podda\u0107 duchownemu krzy\u017cowaniu. To krzy\u017cowanie wed\u0142ug nauki Ojc\u00f3w Ko\u015bcio\u0142a \u015bwi\u0119tego polega na tem, \u017ce wype\u0142niamy uczynki pokutnicze, do czego i post nale\u017cy; \u017ce umartwiamy cia\u0142o i zewn\u0119trzne zmys\u0142y, aby si\u0119 wzmocni\u0107 przeciw grzechowi i pokusie; \u017ce przyt\u0142umiamy z\u0142e nami\u0119tno\u015bci i po\u017c\u0105dliwo\u015bci, i statecznie im si\u0119 opieramy, \u017ce naturaln\u0105 sk\u0142onno\u015b\u0107 nasz\u0105 do z\u0142ego poskramiamy. Je\u017celi tak przez ustawiczne umartwianie i zaprzanie si\u0119 siebie cia\u0142o nasze poddamy w moc ducha, b\u0119dziemy mogli s\u0142usznie powiedzie\u0107 z Aposto\u0142em Paw\u0142em: \u201eZ Chrystusem jestem przybity do krzy\u017ca. A \u017cyj\u0119 ju\u017c nie ja, ale \u017cyje we mnie Chrystus. A co teraz \u017cyj\u0119 w ciele, w wierze \u017cyj\u0119 Syna Bo\u017cego,&nbsp;kt\u00f3ry mi\u0119 umi\u0142owa\u0142, i wyda\u0142 samego Siebie za mnie.\u201c (Galat. 2, 19. 20).<\/p>\n\n\n\n<h3 class=\"wp-block-heading\" id=\"modlitwa\"><strong>Modlitwa.<\/strong><\/h3>\n\n\n\n<p class=\"has-text-align-justify wp-block-paragraph\">\u2009Panie Jezu Chryste, daj nam \u017cy\u0107 umar\u0142ymi dla tego \u015bwiata, aby\u015bmy przez krzy\u017cowanie cia\u0142a naszego z jego z\u0142emi po\u017c\u0105dliwo\u015bciami dope\u0142nili tych warunk\u00f3w, jakie do osi\u0105gnienia wiecznej szcz\u0119\u015bliwo\u015bci przepisa\u0142e\u015b. Przez Pana naszego Jezusa Chrystusa, kt\u00f3ry \u017cyje i kr\u00f3luje w Niebie i na ziemi. Amen.<\/p>\n\n\n\n<figure class=\"wp-block-table\"><table><tbody><tr><td>\u2217&nbsp;&nbsp;&nbsp;&nbsp;&nbsp;&nbsp;&nbsp;&nbsp;&nbsp;&nbsp;&nbsp;&nbsp;&nbsp;&nbsp;&nbsp;&nbsp;&nbsp;&nbsp;&nbsp;&nbsp;\u2217<br>\u2217<\/td><\/tr><\/tbody><\/table><\/figure>\n\n\n\n<p class=\"wp-block-paragraph\"><em>Opr\u00f3cz tego obchodzi Ko\u015bci\u00f3\u0142 \u015bwi\u0119ty pami\u0105tk\u0119 nast\u0119puj\u0105cych \u015awi\u0119tych Pa\u0144skich, zamieszczonych w rzymskiem martyrologium:<\/em><\/p>\n\n\n\n<p class=\"has-text-align-justify wp-block-paragraph\">\u2009<strong>Dnia 18-go lutego<\/strong>&nbsp;w Jerozolimie dzie\u0144 zgonu \u015bw.&nbsp;Szymona, Biskupa, kt\u00f3ry wed\u0142ug podania jest synem Kleofasa, a wi\u0119c blizkim krewnym Zbawiciela. Po \u015bmierci \u015bw. Jak\u00f3ba, brata Pana Jezusa, wy\u015bwi\u0119cony zosta\u0142 na Biskupa i za panowania Trajana po wielokrotnych m\u0119kach na \u015bmier\u0107 prowadzony; tutaj wszyscy obecni a nawet s\u0119dzia nie mogli si\u0119 dosy\u0107 nadziwi\u0107, i\u017c starzec 120 letni z tak\u0105 odwag\u0105 i wytrwa\u0142o\u015bci\u0105 zdo\u0142a\u0142 przenie\u015b\u0107 na sobie \u015bmier\u0107 m\u0119cze\u0144sk\u0105 na krzy\u017cu. \u2014 Przy Ostyi pami\u0105tka \u015bmierci m\u0119cze\u0144skiej \u015bw.&nbsp;Maksymusa i Klaudyusza, jako te\u017c jego ma\u0142\u017conki&nbsp;Praepedigny wraz z synami&nbsp;Aleksandrem i Kutiasem, kt\u00f3rzy nale\u017celi do najzacniejszej szlachty. Na rozkaz Dyoklecyana schwytani zostali nasamprz\u00f3d zes\u0142ani na wygnanie, a wko\u0144cu spaleni na stosie, sami z siebie czyni\u0105c Panu mi\u0142\u0105 ofiar\u0119 paln\u0105. Szcz\u0105tki ich porzucone do Tybru, chrze\u015bcijanie z nurt\u00f3w starannie wy\u0142owili, sk\u0142adaj\u0105c je pod miastem na wieczny spoczynek. W Afryce \u015bmier\u0107 m\u0119cze\u0144ska \u015bw.&nbsp;Lucyusza,&nbsp;Sylwanusa,&nbsp;Rotulusa,&nbsp;Klasykusa,&nbsp;Sekundynusa,&nbsp;Fruktulusa i Maksymusa. \u2014 W Konstantynopolu pami\u0105tka \u015bw.&nbsp;Flawiana, Patryarchy, kt\u00f3ry wskutek obrony Wiary \u015bwi\u0119tej w Efezie od stronnik\u00f3w nikczemnego Dyoskora okaleczony zosta\u0142 pi\u0119\u015b\u0107mi i kopaniem n\u00f3g, a nareszcie zes\u0142any na wygnanie, gdzie po trzech dniach zako\u0144czy\u0142 bolesny sw\u00f3j \u017cywot. \u2014 W Toledo uroczysto\u015b\u0107 \u015bw.&nbsp;Heladyusza, Biskupa i Wyznawcy.<\/p>\n","protected":false},"excerpt":{"rendered":"<p>\u015bw. Szymon Biskup Jerozolimy by\u0142 krewnym Chrystusa oraz \u015bwiadkiem prze\u015bladowa\u0144 chrze\u015bcijan przez \u017byd\u00f3w.<\/p>\n","protected":false},"author":60508433,"featured_media":61456,"comment_status":"open","ping_status":"open","sticky":false,"template":"","format":"standard","meta":{"_bbp_topic_count":0,"_bbp_reply_count":0,"_bbp_total_topic_count":0,"_bbp_total_reply_count":0,"_bbp_voice_count":0,"_bbp_anonymous_reply_count":0,"_bbp_topic_count_hidden":0,"_bbp_reply_count_hidden":0,"_bbp_forum_subforum_count":0,"_editorskit_title_hidden":false,"_editorskit_reading_time":0,"_editorskit_is_block_options_detached":false,"_editorskit_block_options_position":"{}","_coblocks_attr":"","_coblocks_dimensions":"","_coblocks_responsive_height":"","_coblocks_accordion_ie_support":"","_exactmetrics_skip_tracking":false,"_jetpack_newsletter_access":"","_jetpack_dont_email_post_to_subs":false,"_jetpack_newsletter_tier_id":0,"_jetpack_memberships_contains_paywalled_content":false,"_wpcom_ai_launchpad_first_post":false,"_jetpack_feature_clip_id":0,"_jetpack_memberships_contains_paid_content":false,"footnotes":"","jetpack_publicize_message":"{title}\n\n{excerpt}\n\n{url}","jetpack_publicize_feature_enabled":true,"jetpack_social_post_already_shared":true,"jetpack_social_options":{"image_generator_settings":{"template":"highway","default_image_id":0,"font":"","enabled":false},"version":2},"_wpas_customize_per_network":false,"jetpack_post_was_ever_published":false},"categories":[610131817,610131184,336375535],"tags":[610133352],"class_list":["post-160115","post","type-post","status-publish","format-standard","has-post-thumbnail","hentry","category-swieta-w-lutym","category-duchowosc","category-liturgia-i-liturgika","tag-mescy-swieci"],"yoast_head":"<!-- This site is optimized with the Yoast SEO plugin v28.3 - https:\/\/yoast.com\/product\/yoast-seo-wordpress\/ -->\n<title>18-go Lutego. \u017bywot \u015bwi\u0119tego Szymona, Biskupa i M\u0119czennika. - Tradycja i Wiara<\/title>\n<meta name=\"robots\" content=\"index, follow, max-snippet:-1, max-image-preview:large, max-video-preview:-1\" \/>\n<link rel=\"canonical\" href=\"https:\/\/wobronietradycjiiwiary.com\/pl\/18-go-lutego-zywot-swietego-szymona-biskupa-i-meczennika-2-3-3\/\" \/>\n<meta property=\"og:locale\" content=\"pl_PL\" \/>\n<meta property=\"og:type\" content=\"article\" \/>\n<meta property=\"og:title\" content=\"18-go Lutego. \u017bywot \u015bwi\u0119tego Szymona, Biskupa i M\u0119czennika. - Tradycja i Wiara\" \/>\n<meta property=\"og:description\" content=\"\u015bw. Szymon Biskup Jerozolimy by\u0142 krewnym Chrystusa oraz \u015bwiadkiem prze\u015bladowa\u0144 chrze\u015bcijan przez \u017byd\u00f3w.\" \/>\n<meta property=\"og:url\" content=\"https:\/\/wobronietradycjiiwiary.com\/pl\/18-go-lutego-zywot-swietego-szymona-biskupa-i-meczennika-2-3-3\/\" \/>\n<meta property=\"og:site_name\" content=\"Tradycja i Wiara\" \/>\n<meta property=\"article:publisher\" content=\"https:\/\/www.facebook.com\/Tradycja-i-Wiara-108813920592249\" \/>\n<meta property=\"article:published_time\" content=\"2026-02-18T07:15:32+00:00\" \/>\n<meta property=\"og:image\" content=\"https:\/\/wobronietradycjiiwiary.com\/wp-content\/uploads\/2022\/02\/Szymon.jpg\" \/>\n\t<meta property=\"og:image:width\" content=\"250\" \/>\n\t<meta property=\"og:image:height\" content=\"324\" \/>\n\t<meta property=\"og:image:type\" content=\"image\/jpeg\" \/>\n<meta name=\"author\" content=\"Traditio et Fides\" \/>\n<meta name=\"twitter:card\" content=\"summary_large_image\" \/>\n<meta name=\"twitter:label1\" content=\"Napisane przez\" \/>\n\t<meta name=\"twitter:data1\" content=\"Traditio et Fides\" \/>\n\t<meta name=\"twitter:label2\" content=\"Szacowany czas czytania\" \/>\n\t<meta name=\"twitter:data2\" content=\"9 minut\" \/>\n<script type=\"application\/ld+json\" class=\"yoast-schema-graph\">{\"@context\":\"https:\\\/\\\/schema.org\",\"@graph\":[{\"@type\":\"Article\",\"@id\":\"https:\\\/\\\/wobronietradycjiiwiary.com\\\/18-go-lutego-zywot-swietego-szymona-biskupa-i-meczennika-2-3-3\\\/#article\",\"isPartOf\":{\"@id\":\"https:\\\/\\\/wobronietradycjiiwiary.com\\\/18-go-lutego-zywot-swietego-szymona-biskupa-i-meczennika-2-3-3\\\/\"},\"author\":{\"name\":\"Traditio et Fides\",\"@id\":\"https:\\\/\\\/wobronietradycjiiwiary.com\\\/pl\\\/#\\\/schema\\\/person\\\/2d6180ce6abcb681fef0daab7816e8f3\"},\"headline\":\"18-go Lutego. \u017bywot \u015bwi\u0119tego Szymona, Biskupa i M\u0119czennika.\",\"datePublished\":\"2026-02-18T07:15:32+00:00\",\"mainEntityOfPage\":{\"@id\":\"https:\\\/\\\/wobronietradycjiiwiary.com\\\/18-go-lutego-zywot-swietego-szymona-biskupa-i-meczennika-2-3-3\\\/\"},\"wordCount\":1767,\"commentCount\":0,\"publisher\":{\"@id\":\"https:\\\/\\\/wobronietradycjiiwiary.com\\\/pl\\\/#organization\"},\"image\":{\"@id\":\"https:\\\/\\\/wobronietradycjiiwiary.com\\\/18-go-lutego-zywot-swietego-szymona-biskupa-i-meczennika-2-3-3\\\/#primaryimage\"},\"thumbnailUrl\":\"https:\\\/\\\/wobronietradycjiiwiary.com\\\/wp-content\\\/uploads\\\/2022\\\/02\\\/Szymon.jpg\",\"keywords\":[\"m\u0119scy \u015bwi\u0119ci\"],\"articleSection\":[\"02. \u015awi\u0119ta w lutym\",\"Duchowo\u015b\u0107\",\"Liturgia i liturgika\"],\"inLanguage\":\"pl-PL\",\"potentialAction\":[{\"@type\":\"CommentAction\",\"name\":\"Comment\",\"target\":[\"https:\\\/\\\/wobronietradycjiiwiary.com\\\/18-go-lutego-zywot-swietego-szymona-biskupa-i-meczennika-2-3-3\\\/#respond\"]}]},{\"@type\":\"WebPage\",\"@id\":\"https:\\\/\\\/wobronietradycjiiwiary.com\\\/18-go-lutego-zywot-swietego-szymona-biskupa-i-meczennika-2-3-3\\\/\",\"url\":\"https:\\\/\\\/wobronietradycjiiwiary.com\\\/18-go-lutego-zywot-swietego-szymona-biskupa-i-meczennika-2-3-3\\\/\",\"name\":\"18-go Lutego. \u017bywot \u015bwi\u0119tego Szymona, Biskupa i M\u0119czennika. - Tradycja i Wiara\",\"isPartOf\":{\"@id\":\"https:\\\/\\\/wobronietradycjiiwiary.com\\\/pl\\\/#website\"},\"primaryImageOfPage\":{\"@id\":\"https:\\\/\\\/wobronietradycjiiwiary.com\\\/18-go-lutego-zywot-swietego-szymona-biskupa-i-meczennika-2-3-3\\\/#primaryimage\"},\"image\":{\"@id\":\"https:\\\/\\\/wobronietradycjiiwiary.com\\\/18-go-lutego-zywot-swietego-szymona-biskupa-i-meczennika-2-3-3\\\/#primaryimage\"},\"thumbnailUrl\":\"https:\\\/\\\/wobronietradycjiiwiary.com\\\/wp-content\\\/uploads\\\/2022\\\/02\\\/Szymon.jpg\",\"datePublished\":\"2026-02-18T07:15:32+00:00\",\"breadcrumb\":{\"@id\":\"https:\\\/\\\/wobronietradycjiiwiary.com\\\/18-go-lutego-zywot-swietego-szymona-biskupa-i-meczennika-2-3-3\\\/#breadcrumb\"},\"inLanguage\":\"pl-PL\",\"potentialAction\":[{\"@type\":\"ReadAction\",\"target\":[\"https:\\\/\\\/wobronietradycjiiwiary.com\\\/18-go-lutego-zywot-swietego-szymona-biskupa-i-meczennika-2-3-3\\\/\"]}]},{\"@type\":\"ImageObject\",\"inLanguage\":\"pl-PL\",\"@id\":\"https:\\\/\\\/wobronietradycjiiwiary.com\\\/18-go-lutego-zywot-swietego-szymona-biskupa-i-meczennika-2-3-3\\\/#primaryimage\",\"url\":\"https:\\\/\\\/wobronietradycjiiwiary.com\\\/wp-content\\\/uploads\\\/2022\\\/02\\\/Szymon.jpg\",\"contentUrl\":\"https:\\\/\\\/wobronietradycjiiwiary.com\\\/wp-content\\\/uploads\\\/2022\\\/02\\\/Szymon.jpg\",\"width\":250,\"height\":324},{\"@type\":\"BreadcrumbList\",\"@id\":\"https:\\\/\\\/wobronietradycjiiwiary.com\\\/18-go-lutego-zywot-swietego-szymona-biskupa-i-meczennika-2-3-3\\\/#breadcrumb\",\"itemListElement\":[{\"@type\":\"ListItem\",\"position\":1,\"name\":\"Strona g\u0142\u00f3wna\",\"item\":\"https:\\\/\\\/wobronietradycjiiwiary.com\\\/\"},{\"@type\":\"ListItem\",\"position\":2,\"name\":\"18-go Lutego. \u017bywot \u015bwi\u0119tego Szymona, Biskupa i M\u0119czennika.\"}]},{\"@type\":\"WebSite\",\"@id\":\"https:\\\/\\\/wobronietradycjiiwiary.com\\\/pl\\\/#website\",\"url\":\"https:\\\/\\\/wobronietradycjiiwiary.com\\\/pl\\\/\",\"name\":\"Tradycja i Wiara\",\"description\":\"Portal dla katolik\u00f3w.\",\"publisher\":{\"@id\":\"https:\\\/\\\/wobronietradycjiiwiary.com\\\/pl\\\/#organization\"},\"potentialAction\":[{\"@type\":\"SearchAction\",\"target\":{\"@type\":\"EntryPoint\",\"urlTemplate\":\"https:\\\/\\\/wobronietradycjiiwiary.com\\\/pl\\\/?s={search_term_string}\"},\"query-input\":{\"@type\":\"PropertyValueSpecification\",\"valueRequired\":true,\"valueName\":\"search_term_string\"}}],\"inLanguage\":\"pl-PL\"},{\"@type\":\"Organization\",\"@id\":\"https:\\\/\\\/wobronietradycjiiwiary.com\\\/pl\\\/#organization\",\"name\":\"Tradycja i Wiara\",\"url\":\"https:\\\/\\\/wobronietradycjiiwiary.com\\\/pl\\\/\",\"logo\":{\"@type\":\"ImageObject\",\"inLanguage\":\"pl-PL\",\"@id\":\"https:\\\/\\\/wobronietradycjiiwiary.com\\\/pl\\\/#\\\/schema\\\/logo\\\/image\\\/\",\"url\":\"https:\\\/\\\/i0.wp.com\\\/wobronietradycjiiwiary.com\\\/wp-content\\\/uploads\\\/2015\\\/10\\\/cropped-st-peters-dome-vatican.jpg?fit=940%2C198&ssl=1\",\"contentUrl\":\"https:\\\/\\\/i0.wp.com\\\/wobronietradycjiiwiary.com\\\/wp-content\\\/uploads\\\/2015\\\/10\\\/cropped-st-peters-dome-vatican.jpg?fit=940%2C198&ssl=1\",\"width\":940,\"height\":198,\"caption\":\"Tradycja i Wiara\"},\"image\":{\"@id\":\"https:\\\/\\\/wobronietradycjiiwiary.com\\\/pl\\\/#\\\/schema\\\/logo\\\/image\\\/\"},\"sameAs\":[\"https:\\\/\\\/www.facebook.com\\\/Tradycja-i-Wiara-108813920592249\"]},{\"@type\":\"Person\",\"@id\":\"https:\\\/\\\/wobronietradycjiiwiary.com\\\/pl\\\/#\\\/schema\\\/person\\\/2d6180ce6abcb681fef0daab7816e8f3\",\"name\":\"Traditio et Fides\",\"sameAs\":[\"https:\\\/\\\/traditionundglauben.com\"],\"url\":\"https:\\\/\\\/wobronietradycjiiwiary.com\\\/pl\\\/author\\\/wobronietradycjiiwiary\\\/\"}]}<\/script>\n<!-- \/ Yoast SEO plugin. -->","yoast_head_json":{"title":"18-go Lutego. \u017bywot \u015bwi\u0119tego Szymona, Biskupa i M\u0119czennika. - Tradycja i Wiara","robots":{"index":"index","follow":"follow","max-snippet":"max-snippet:-1","max-image-preview":"max-image-preview:large","max-video-preview":"max-video-preview:-1"},"canonical":"https:\/\/wobronietradycjiiwiary.com\/pl\/18-go-lutego-zywot-swietego-szymona-biskupa-i-meczennika-2-3-3\/","og_locale":"pl_PL","og_type":"article","og_title":"18-go Lutego. \u017bywot \u015bwi\u0119tego Szymona, Biskupa i M\u0119czennika. - Tradycja i Wiara","og_description":"\u015bw. Szymon Biskup Jerozolimy by\u0142 krewnym Chrystusa oraz \u015bwiadkiem prze\u015bladowa\u0144 chrze\u015bcijan przez \u017byd\u00f3w.","og_url":"https:\/\/wobronietradycjiiwiary.com\/pl\/18-go-lutego-zywot-swietego-szymona-biskupa-i-meczennika-2-3-3\/","og_site_name":"Tradycja i Wiara","article_publisher":"https:\/\/www.facebook.com\/Tradycja-i-Wiara-108813920592249","article_published_time":"2026-02-18T07:15:32+00:00","og_image":[{"width":250,"height":324,"url":"https:\/\/wobronietradycjiiwiary.com\/wp-content\/uploads\/2022\/02\/Szymon.jpg","type":"image\/jpeg"}],"author":"Traditio et Fides","twitter_card":"summary_large_image","twitter_misc":{"Napisane przez":"Traditio et Fides","Szacowany czas czytania":"9 minut"},"schema":{"@context":"https:\/\/schema.org","@graph":[{"@type":"Article","@id":"https:\/\/wobronietradycjiiwiary.com\/18-go-lutego-zywot-swietego-szymona-biskupa-i-meczennika-2-3-3\/#article","isPartOf":{"@id":"https:\/\/wobronietradycjiiwiary.com\/18-go-lutego-zywot-swietego-szymona-biskupa-i-meczennika-2-3-3\/"},"author":{"name":"Traditio et Fides","@id":"https:\/\/wobronietradycjiiwiary.com\/pl\/#\/schema\/person\/2d6180ce6abcb681fef0daab7816e8f3"},"headline":"18-go Lutego. \u017bywot \u015bwi\u0119tego Szymona, Biskupa i M\u0119czennika.","datePublished":"2026-02-18T07:15:32+00:00","mainEntityOfPage":{"@id":"https:\/\/wobronietradycjiiwiary.com\/18-go-lutego-zywot-swietego-szymona-biskupa-i-meczennika-2-3-3\/"},"wordCount":1767,"commentCount":0,"publisher":{"@id":"https:\/\/wobronietradycjiiwiary.com\/pl\/#organization"},"image":{"@id":"https:\/\/wobronietradycjiiwiary.com\/18-go-lutego-zywot-swietego-szymona-biskupa-i-meczennika-2-3-3\/#primaryimage"},"thumbnailUrl":"https:\/\/wobronietradycjiiwiary.com\/wp-content\/uploads\/2022\/02\/Szymon.jpg","keywords":["m\u0119scy \u015bwi\u0119ci"],"articleSection":["02. \u015awi\u0119ta w lutym","Duchowo\u015b\u0107","Liturgia i liturgika"],"inLanguage":"pl-PL","potentialAction":[{"@type":"CommentAction","name":"Comment","target":["https:\/\/wobronietradycjiiwiary.com\/18-go-lutego-zywot-swietego-szymona-biskupa-i-meczennika-2-3-3\/#respond"]}]},{"@type":"WebPage","@id":"https:\/\/wobronietradycjiiwiary.com\/18-go-lutego-zywot-swietego-szymona-biskupa-i-meczennika-2-3-3\/","url":"https:\/\/wobronietradycjiiwiary.com\/18-go-lutego-zywot-swietego-szymona-biskupa-i-meczennika-2-3-3\/","name":"18-go Lutego. \u017bywot \u015bwi\u0119tego Szymona, Biskupa i M\u0119czennika. - Tradycja i Wiara","isPartOf":{"@id":"https:\/\/wobronietradycjiiwiary.com\/pl\/#website"},"primaryImageOfPage":{"@id":"https:\/\/wobronietradycjiiwiary.com\/18-go-lutego-zywot-swietego-szymona-biskupa-i-meczennika-2-3-3\/#primaryimage"},"image":{"@id":"https:\/\/wobronietradycjiiwiary.com\/18-go-lutego-zywot-swietego-szymona-biskupa-i-meczennika-2-3-3\/#primaryimage"},"thumbnailUrl":"https:\/\/wobronietradycjiiwiary.com\/wp-content\/uploads\/2022\/02\/Szymon.jpg","datePublished":"2026-02-18T07:15:32+00:00","breadcrumb":{"@id":"https:\/\/wobronietradycjiiwiary.com\/18-go-lutego-zywot-swietego-szymona-biskupa-i-meczennika-2-3-3\/#breadcrumb"},"inLanguage":"pl-PL","potentialAction":[{"@type":"ReadAction","target":["https:\/\/wobronietradycjiiwiary.com\/18-go-lutego-zywot-swietego-szymona-biskupa-i-meczennika-2-3-3\/"]}]},{"@type":"ImageObject","inLanguage":"pl-PL","@id":"https:\/\/wobronietradycjiiwiary.com\/18-go-lutego-zywot-swietego-szymona-biskupa-i-meczennika-2-3-3\/#primaryimage","url":"https:\/\/wobronietradycjiiwiary.com\/wp-content\/uploads\/2022\/02\/Szymon.jpg","contentUrl":"https:\/\/wobronietradycjiiwiary.com\/wp-content\/uploads\/2022\/02\/Szymon.jpg","width":250,"height":324},{"@type":"BreadcrumbList","@id":"https:\/\/wobronietradycjiiwiary.com\/18-go-lutego-zywot-swietego-szymona-biskupa-i-meczennika-2-3-3\/#breadcrumb","itemListElement":[{"@type":"ListItem","position":1,"name":"Strona g\u0142\u00f3wna","item":"https:\/\/wobronietradycjiiwiary.com\/"},{"@type":"ListItem","position":2,"name":"18-go Lutego. \u017bywot \u015bwi\u0119tego Szymona, Biskupa i M\u0119czennika."}]},{"@type":"WebSite","@id":"https:\/\/wobronietradycjiiwiary.com\/pl\/#website","url":"https:\/\/wobronietradycjiiwiary.com\/pl\/","name":"Tradycja i Wiara","description":"Portal dla katolik\u00f3w.","publisher":{"@id":"https:\/\/wobronietradycjiiwiary.com\/pl\/#organization"},"potentialAction":[{"@type":"SearchAction","target":{"@type":"EntryPoint","urlTemplate":"https:\/\/wobronietradycjiiwiary.com\/pl\/?s={search_term_string}"},"query-input":{"@type":"PropertyValueSpecification","valueRequired":true,"valueName":"search_term_string"}}],"inLanguage":"pl-PL"},{"@type":"Organization","@id":"https:\/\/wobronietradycjiiwiary.com\/pl\/#organization","name":"Tradycja i Wiara","url":"https:\/\/wobronietradycjiiwiary.com\/pl\/","logo":{"@type":"ImageObject","inLanguage":"pl-PL","@id":"https:\/\/wobronietradycjiiwiary.com\/pl\/#\/schema\/logo\/image\/","url":"https:\/\/i0.wp.com\/wobronietradycjiiwiary.com\/wp-content\/uploads\/2015\/10\/cropped-st-peters-dome-vatican.jpg?fit=940%2C198&ssl=1","contentUrl":"https:\/\/i0.wp.com\/wobronietradycjiiwiary.com\/wp-content\/uploads\/2015\/10\/cropped-st-peters-dome-vatican.jpg?fit=940%2C198&ssl=1","width":940,"height":198,"caption":"Tradycja i Wiara"},"image":{"@id":"https:\/\/wobronietradycjiiwiary.com\/pl\/#\/schema\/logo\/image\/"},"sameAs":["https:\/\/www.facebook.com\/Tradycja-i-Wiara-108813920592249"]},{"@type":"Person","@id":"https:\/\/wobronietradycjiiwiary.com\/pl\/#\/schema\/person\/2d6180ce6abcb681fef0daab7816e8f3","name":"Traditio et Fides","sameAs":["https:\/\/traditionundglauben.com"],"url":"https:\/\/wobronietradycjiiwiary.com\/pl\/author\/wobronietradycjiiwiary\/"}]}},"jetpack_publicize_connections":[],"jetpack_sharing_enabled":true,"jetpack_likes_enabled":true,"jetpack_shortlink":"https:\/\/wp.me\/pc04Sd-FEv","jetpack-related-posts":[{"id":44552,"url":"https:\/\/wobronietradycjiiwiary.com\/pl\/18-go-lutego-zywot-swietego-szymona-biskupa-i-meczennika-2\/","url_meta":{"origin":160115,"position":0},"title":"18-go Lutego. \u017bywot \u015bwi\u0119tego Szymona, Biskupa i M\u0119czennika.","author":"Traditio et Fides","date":"18 lutego 2024","format":false,"excerpt":"\u015bw. Szymon Biskup Jerozolimy by\u0142 krewnym Chrystusa oraz \u015bwiadkiem prze\u015bladowa\u0144 chrze\u015bcijan przez \u017byd\u00f3w.","rel":"","context":"W \u201e02. \u015awi\u0119ta w lutym&quot;","block_context":{"text":"02. \u015awi\u0119ta w lutym","link":"https:\/\/wobronietradycjiiwiary.com\/pl\/category\/duchowosc\/liturgia-i-liturgika\/rozwazania\/rok-liturgiczny\/swieta-w-lutym\/"},"img":{"alt_text":"","src":"https:\/\/i0.wp.com\/wobronietradycjiiwiary.com\/wp-content\/uploads\/2022\/02\/Szymon.jpg?resize=350%2C200&ssl=1","width":350,"height":200},"classes":[]},{"id":42271,"url":"https:\/\/wobronietradycjiiwiary.com\/pl\/18-go-lutego-zywot-swietego-szymona-biskupa-i-meczennika\/","url_meta":{"origin":160115,"position":1},"title":"18-go Lutego. \u017bywot \u015bwi\u0119tego Szymona, Biskupa i M\u0119czennika.","author":"Traditio et Fides","date":"18 lutego 2021","format":false,"excerpt":"\u015bw. Szymon Biskup Jerozolimy by\u0142 krewnym Chrystusa oraz \u015bwiadkiem prze\u015bladowa\u0144 chrze\u015bcijan przez \u017byd\u00f3w.","rel":"","context":"W \u201e02. \u015awi\u0119ta w lutym&quot;","block_context":{"text":"02. \u015awi\u0119ta w lutym","link":"https:\/\/wobronietradycjiiwiary.com\/pl\/category\/duchowosc\/liturgia-i-liturgika\/rozwazania\/rok-liturgiczny\/swieta-w-lutym\/"},"img":{"alt_text":"","src":"https:\/\/i0.wp.com\/wobronietradycjiiwiary.com\/wp-content\/uploads\/2021\/02\/Szymon.jpg?resize=350%2C200&ssl=1","width":350,"height":200},"classes":[]},{"id":137082,"url":"https:\/\/wobronietradycjiiwiary.com\/pl\/brewiarzowe-kazania-ojcow-kosciola-sroda-w-oktawie-wielkanocnej-2-2-2-3\/","url_meta":{"origin":160115,"position":2},"title":"Brewiarzowe Kazania Ojc\u00f3w Ko\u015bcio\u0142a: \u015aroda w Oktawie Wielkanocnej","author":"Traditio et Fides","date":"23 kwietnia 2025","format":false,"excerpt":"Niniejszym przedstawiamy kazania Ojc\u00f3w Ko\u015bcio\u0142a, kt\u00f3re mo\u017cna znale\u017a\u0107 w dawnych brewiarzach.","rel":"","context":"W \u201e04. \u015awi\u0119ta w kwietniu&quot;","block_context":{"text":"04. \u015awi\u0119ta w kwietniu","link":"https:\/\/wobronietradycjiiwiary.com\/pl\/category\/duchowosc\/liturgia-i-liturgika\/rozwazania\/rok-liturgiczny\/swieta-w-kwietniu\/"},"img":{"alt_text":"","src":"https:\/\/i0.wp.com\/wobronietradycjiiwiary.com\/wp-content\/uploads\/2021\/04\/Mantegna_Andrea_-_La_Resurrection_-_1457-1459.jpg?resize=350%2C200&ssl=1","width":350,"height":200,"srcset":"https:\/\/i0.wp.com\/wobronietradycjiiwiary.com\/wp-content\/uploads\/2021\/04\/Mantegna_Andrea_-_La_Resurrection_-_1457-1459.jpg?resize=350%2C200&ssl=1 1x, https:\/\/i0.wp.com\/wobronietradycjiiwiary.com\/wp-content\/uploads\/2021\/04\/Mantegna_Andrea_-_La_Resurrection_-_1457-1459.jpg?resize=525%2C300&ssl=1 1.5x, https:\/\/i0.wp.com\/wobronietradycjiiwiary.com\/wp-content\/uploads\/2021\/04\/Mantegna_Andrea_-_La_Resurrection_-_1457-1459.jpg?resize=700%2C400&ssl=1 2x, https:\/\/i0.wp.com\/wobronietradycjiiwiary.com\/wp-content\/uploads\/2021\/04\/Mantegna_Andrea_-_La_Resurrection_-_1457-1459.jpg?resize=1050%2C600&ssl=1 3x, https:\/\/i0.wp.com\/wobronietradycjiiwiary.com\/wp-content\/uploads\/2021\/04\/Mantegna_Andrea_-_La_Resurrection_-_1457-1459.jpg?resize=1400%2C800&ssl=1 4x"},"classes":[]},{"id":115322,"url":"https:\/\/wobronietradycjiiwiary.com\/pl\/brewiarzowe-kazania-ojcow-kosciola-sroda-w-oktawie-wielkanocnej-2-2-2\/","url_meta":{"origin":160115,"position":3},"title":"Brewiarzowe Kazania Ojc\u00f3w Ko\u015bcio\u0142a: \u015aroda w Oktawie Wielkanocnej","author":"Traditio et Fides","date":"3 kwietnia 2024","format":false,"excerpt":"Niniejszym przedstawiamy kazania Ojc\u00f3w Ko\u015bcio\u0142a, kt\u00f3re mo\u017cna znale\u017a\u0107 w dawnych brewiarzach.","rel":"","context":"W \u201e04. \u015awi\u0119ta w kwietniu&quot;","block_context":{"text":"04. \u015awi\u0119ta w kwietniu","link":"https:\/\/wobronietradycjiiwiary.com\/pl\/category\/duchowosc\/liturgia-i-liturgika\/rozwazania\/rok-liturgiczny\/swieta-w-kwietniu\/"},"img":{"alt_text":"","src":"https:\/\/i0.wp.com\/wobronietradycjiiwiary.com\/wp-content\/uploads\/2021\/04\/Mantegna_Andrea_-_La_Resurrection_-_1457-1459.jpg?resize=350%2C200&ssl=1","width":350,"height":200,"srcset":"https:\/\/i0.wp.com\/wobronietradycjiiwiary.com\/wp-content\/uploads\/2021\/04\/Mantegna_Andrea_-_La_Resurrection_-_1457-1459.jpg?resize=350%2C200&ssl=1 1x, https:\/\/i0.wp.com\/wobronietradycjiiwiary.com\/wp-content\/uploads\/2021\/04\/Mantegna_Andrea_-_La_Resurrection_-_1457-1459.jpg?resize=525%2C300&ssl=1 1.5x, https:\/\/i0.wp.com\/wobronietradycjiiwiary.com\/wp-content\/uploads\/2021\/04\/Mantegna_Andrea_-_La_Resurrection_-_1457-1459.jpg?resize=700%2C400&ssl=1 2x, https:\/\/i0.wp.com\/wobronietradycjiiwiary.com\/wp-content\/uploads\/2021\/04\/Mantegna_Andrea_-_La_Resurrection_-_1457-1459.jpg?resize=1050%2C600&ssl=1 3x, https:\/\/i0.wp.com\/wobronietradycjiiwiary.com\/wp-content\/uploads\/2021\/04\/Mantegna_Andrea_-_La_Resurrection_-_1457-1459.jpg?resize=1400%2C800&ssl=1 4x"},"classes":[]},{"id":137132,"url":"https:\/\/wobronietradycjiiwiary.com\/pl\/brewiarzowe-kazania-ojcow-kosciola-sroda-w-oktawie-wielkanocnej-2-2-2-2\/","url_meta":{"origin":160115,"position":4},"title":"Brewiarzowe Kazania Ojc\u00f3w Ko\u015bcio\u0142a: \u015aroda w Oktawie Wielkanocnej","author":"Traditio et Fides","date":false,"format":false,"excerpt":"Niniejszym przedstawiamy kazania Ojc\u00f3w Ko\u015bcio\u0142a, kt\u00f3re mo\u017cna znale\u017a\u0107 w dawnych brewiarzach.","rel":"","context":"W \u201e04. \u015awi\u0119ta w kwietniu&quot;","block_context":{"text":"04. \u015awi\u0119ta w kwietniu","link":"https:\/\/wobronietradycjiiwiary.com\/pl\/category\/duchowosc\/liturgia-i-liturgika\/rozwazania\/rok-liturgiczny\/swieta-w-kwietniu\/"},"img":{"alt_text":"","src":"https:\/\/i0.wp.com\/wobronietradycjiiwiary.com\/wp-content\/uploads\/2021\/04\/Mantegna_Andrea_-_La_Resurrection_-_1457-1459.jpg?resize=350%2C200&ssl=1","width":350,"height":200,"srcset":"https:\/\/i0.wp.com\/wobronietradycjiiwiary.com\/wp-content\/uploads\/2021\/04\/Mantegna_Andrea_-_La_Resurrection_-_1457-1459.jpg?resize=350%2C200&ssl=1 1x, https:\/\/i0.wp.com\/wobronietradycjiiwiary.com\/wp-content\/uploads\/2021\/04\/Mantegna_Andrea_-_La_Resurrection_-_1457-1459.jpg?resize=525%2C300&ssl=1 1.5x, https:\/\/i0.wp.com\/wobronietradycjiiwiary.com\/wp-content\/uploads\/2021\/04\/Mantegna_Andrea_-_La_Resurrection_-_1457-1459.jpg?resize=700%2C400&ssl=1 2x, https:\/\/i0.wp.com\/wobronietradycjiiwiary.com\/wp-content\/uploads\/2021\/04\/Mantegna_Andrea_-_La_Resurrection_-_1457-1459.jpg?resize=1050%2C600&ssl=1 3x, https:\/\/i0.wp.com\/wobronietradycjiiwiary.com\/wp-content\/uploads\/2021\/04\/Mantegna_Andrea_-_La_Resurrection_-_1457-1459.jpg?resize=1400%2C800&ssl=1 4x"},"classes":[]},{"id":163575,"url":"https:\/\/wobronietradycjiiwiary.com\/pl\/brewiarzowe-kazania-ojcow-kosciola-sroda-w-oktawie-wielkanocnej-2-2-2-3-2\/","url_meta":{"origin":160115,"position":5},"title":"Brewiarzowe Kazania Ojc\u00f3w Ko\u015bcio\u0142a: \u015aroda w Oktawie Wielkanocnej","author":"Traditio et Fides","date":"8 kwietnia 2026","format":false,"excerpt":"Niniejszym przedstawiamy kazania Ojc\u00f3w Ko\u015bcio\u0142a, kt\u00f3re mo\u017cna znale\u017a\u0107 w dawnych brewiarzach.","rel":"","context":"W \u201e04. \u015awi\u0119ta w kwietniu&quot;","block_context":{"text":"04. \u015awi\u0119ta w kwietniu","link":"https:\/\/wobronietradycjiiwiary.com\/pl\/category\/duchowosc\/liturgia-i-liturgika\/rozwazania\/rok-liturgiczny\/swieta-w-kwietniu\/"},"img":{"alt_text":"","src":"https:\/\/i0.wp.com\/wobronietradycjiiwiary.com\/wp-content\/uploads\/2021\/04\/Mantegna_Andrea_-_La_Resurrection_-_1457-1459.jpg?resize=350%2C200&ssl=1","width":350,"height":200,"srcset":"https:\/\/i0.wp.com\/wobronietradycjiiwiary.com\/wp-content\/uploads\/2021\/04\/Mantegna_Andrea_-_La_Resurrection_-_1457-1459.jpg?resize=350%2C200&ssl=1 1x, https:\/\/i0.wp.com\/wobronietradycjiiwiary.com\/wp-content\/uploads\/2021\/04\/Mantegna_Andrea_-_La_Resurrection_-_1457-1459.jpg?resize=525%2C300&ssl=1 1.5x, https:\/\/i0.wp.com\/wobronietradycjiiwiary.com\/wp-content\/uploads\/2021\/04\/Mantegna_Andrea_-_La_Resurrection_-_1457-1459.jpg?resize=700%2C400&ssl=1 2x, https:\/\/i0.wp.com\/wobronietradycjiiwiary.com\/wp-content\/uploads\/2021\/04\/Mantegna_Andrea_-_La_Resurrection_-_1457-1459.jpg?resize=1050%2C600&ssl=1 3x, https:\/\/i0.wp.com\/wobronietradycjiiwiary.com\/wp-content\/uploads\/2021\/04\/Mantegna_Andrea_-_La_Resurrection_-_1457-1459.jpg?resize=1400%2C800&ssl=1 4x"},"classes":[]}],"amp_enabled":true,"jetpack_featured_media_url":"https:\/\/wobronietradycjiiwiary.com\/wp-content\/uploads\/2022\/02\/Szymon.jpg","_links":{"self":[{"href":"https:\/\/wobronietradycjiiwiary.com\/pl\/wp-json\/wp\/v2\/posts\/160115","targetHints":{"allow":["GET"]}}],"collection":[{"href":"https:\/\/wobronietradycjiiwiary.com\/pl\/wp-json\/wp\/v2\/posts"}],"about":[{"href":"https:\/\/wobronietradycjiiwiary.com\/pl\/wp-json\/wp\/v2\/types\/post"}],"author":[{"embeddable":true,"href":"https:\/\/wobronietradycjiiwiary.com\/pl\/wp-json\/wp\/v2\/users\/60508433"}],"replies":[{"embeddable":true,"href":"https:\/\/wobronietradycjiiwiary.com\/pl\/wp-json\/wp\/v2\/comments?post=160115"}],"version-history":[{"count":1,"href":"https:\/\/wobronietradycjiiwiary.com\/pl\/wp-json\/wp\/v2\/posts\/160115\/revisions"}],"predecessor-version":[{"id":160175,"href":"https:\/\/wobronietradycjiiwiary.com\/pl\/wp-json\/wp\/v2\/posts\/160115\/revisions\/160175"}],"wp:featuredmedia":[{"embeddable":true,"href":"https:\/\/wobronietradycjiiwiary.com\/pl\/wp-json\/wp\/v2\/media\/61456"}],"wp:attachment":[{"href":"https:\/\/wobronietradycjiiwiary.com\/pl\/wp-json\/wp\/v2\/media?parent=160115"}],"wp:term":[{"taxonomy":"category","embeddable":true,"href":"https:\/\/wobronietradycjiiwiary.com\/pl\/wp-json\/wp\/v2\/categories?post=160115"},{"taxonomy":"post_tag","embeddable":true,"href":"https:\/\/wobronietradycjiiwiary.com\/pl\/wp-json\/wp\/v2\/tags?post=160115"}],"curies":[{"name":"wp","href":"https:\/\/api.w.org\/{rel}","templated":true}]}}