{"id":158873,"date":"2026-01-19T08:00:00","date_gmt":"2026-01-19T07:00:00","guid":{"rendered":"https:\/\/wobronietradycjiiwiary.com\/?p=158873"},"modified":"2026-01-13T19:22:31","modified_gmt":"2026-01-13T18:22:31","slug":"intencja-podczas-udzielania-sakramentow-2-z-6-rodzaj-i-podzial-intencji","status":"publish","type":"post","link":"https:\/\/wobronietradycjiiwiary.com\/pl\/intencja-podczas-udzielania-sakramentow-2-z-6-rodzaj-i-podzial-intencji\/","title":{"rendered":"Intencja podczas sprawowania sakrament\u00f3w (2 z 6). Rodzaj i podzia\u0142 intencji."},"content":{"rendered":"<div id=\"bsf_rt_marker\"><\/div>\n<p class=\"wp-block-paragraph\"><\/p>\n\n\n\n<h2 class=\"wp-block-heading\">Jakie s\u0105 intencje? Rodzaje i podzia\u0142.<\/h2>\n\n\n\n<p class=\"wp-block-paragraph\">Po og\u00f3lnym om\u00f3wieniu katolickiej doktryny intencji przyjrzyjmy si\u0119 jej nieco dok\u0142adniej. Doktryna w\u0142a\u015bciwej intencji jest dogmatem, kt\u00f3ry brzmi nast\u0119puj\u0105co:<\/p>\n\n\n\n<p class=\"wp-block-paragraph\">Aby sakrament by\u0142 wa\u017cny, sprawuj\u0105cy go musi mie\u0107 intencj\u0119, aby przynajmniej czyni\u0107 to, co czyni Ko\u015bci\u00f3\u0142. (De fide)<a href=\"#_ftn1\" id=\"_ftnref1\">[1]<\/a><\/p>\n\n\n\n<p class=\"wp-block-paragraph\">Czym jednak jest intencja, czyli \u201ezamiar\u201d? Wed\u0142ug Pescha jest to <em>deliberata voluntas conficiendi sacramentum <\/em>\u2013 \u201ezdecydowana wola udzielenia sakramentu\u201d.<a href=\"#_ftn2\" id=\"_ftnref2\">[2]<\/a> Dlatego intencja (intentio) r\u00f3\u017cni si\u0119 od uwagi (<em>attentio<\/em>), poniewa\u017c tylko ta pierwsza jest \u201ecelowym ruchem woli\u201d (Summ. Theol. I<sup>a<\/sup> , 2 q.12 a. 1).<a href=\"#_ftn3\" id=\"_ftnref3\">[3]<\/a><\/p>\n\n\n\n<ol style=\"list-style-type:lower-alpha\" class=\"wp-block-list\">\n<li>Intencja mo\u017ce wyst\u0119powa\u0107 w r\u00f3\u017cnym nasileniu:<\/li>\n\n\n\n<li>wyra\u017ana przed i podczas dzia\u0142ania (<em>intentio actualis<\/em>),<\/li>\n\n\n\n<li>wyra\u017anie tylko przed dzia\u0142aniem, ale w taki spos\u00f3b, \u017ce dzia\u0142anie to odbywa si\u0119 pod wp\u0142ywem woli (<em>intentio virtualis<\/em>),<\/li>\n\n\n\n<li>r\u00f3wnie\u017c wyra\u017anie przed dzia\u0142aniem, ale w taki spos\u00f3b, \u017ce intencja nie ma ju\u017c wp\u0142ywu na czyn, ale nie zosta\u0142a te\u017c formalnie wycofana (<em>intentio habitualis<\/em>),<\/li>\n\n\n\n<li>zak\u0142adana przez innych jako istniej\u0105ca, podczas gdy w rzeczywisto\u015bci nigdy nie istnia\u0142a ani nie zosta\u0142a wycofana (<em>intentio interpretativa<\/em>).<a id=\"_ftnref4\" href=\"#_ftn4\">[4]<\/a><\/li>\n\n\n\n<li><\/li>\n<\/ol>\n\n\n\n<blockquote class=\"wp-block-quote is-layout-flow wp-block-quote-is-layout-flow\">\n<p class=\"wp-block-paragraph\">Co to znaczy?<\/p>\n<\/blockquote>\n\n\n\n<p class=\"wp-block-paragraph\">Ad 1.<\/p>\n\n\n\n<p class=\"has-text-align-justify wp-block-paragraph\"><em>Intentio actualis <\/em>ma miejsce wtedy, gdy kap\u0142an, na przyk\u0142ad wylewaj\u0105c wod\u0119 na g\u0142ow\u0119 dziecka i wypowiadaj\u0105c s\u0142owa \u201echrzcz\u0119 ci\u0119\u201d, my\u015bli dok\u0142adnie o tym, czym jest chrzest, jakie ma skutki, co poprzez chrzest daje dziecku itp. Oznacza to, \u017ce jego uwaga koncentruje si\u0119 na teologicznym znaczeniu chrztu i towarzyszy jego czynno\u015bciom liturgicznym 1:1.<\/p>\n\n\n\n<p class=\"has-text-align-justify wp-block-paragraph\">Poniewa\u017c podczas czynno\u015bci nieustannie ma przed oczami to, co Ko\u015bci\u00f3\u0142 zamierza osi\u0105gn\u0105\u0107 poprzez ten sakrament, ma aktualn\u0105 intencj\u0119 podczas ca\u0142ego sprawowania sakramentu. Ten rodzaj intencji mo\u017cna por\u00f3wna\u0107 do sytuacji, w kt\u00f3rej kto\u015b modli si\u0119 i jednocze\u015bnie ma przed oczami tre\u015bci teologiczne, kt\u00f3re recytuje, poniewa\u017c rozwa\u017ca je podczas modlitwy ( ). Jest to mo\u017cliwe, ale m\u0119cz\u0105ce, a podczas d\u0142ugich modlitw i wielu psalm\u00f3w my\u015bli, pr\u0119dzej czy p\u00f3\u017aniej, odbiegaj\u0105 od modlitwy, tak \u017ce wypowiada si\u0119, tj. robi, jedno, a my\u015bli o czym\u015b innym. Wtedy jednak nie ma ju\u017c aktualnej intencji.<\/p>\n\n\n\n<p class=\"wp-block-paragraph\">Ad 2.<\/p>\n\n\n\n<p class=\"wp-block-paragraph\">Wirtualna intencja (<em>intentio virtualis<\/em>) ma miejsce, gdy na pocz\u0105tku czynno\u015bci, na przyk\u0142ad udzielania sakramentu lub modlitwy, ma si\u0119 \u015bwiadomo\u015b\u0107 tego, co si\u0119 robi i co to oznacza. W ten spos\u00f3b ksi\u0105dz na pocz\u0105tku chrztu u\u015bwiadamia sobie, czym jest chrzest, jakie ma znaczenie teologiczne, co Ko\u015bci\u00f3\u0142 zamierza osi\u0105gn\u0105\u0107 poprzez ten sakrament, podczas gdy podczas samego chrztu koncentruje si\u0119 na kwestiach praktycznych, takich jak spos\u00f3b trzymania dziecka, aby nie wpad\u0142o do chrzcielnicy, spos\u00f3b udzielania b\u0142ogos\u0142awie\u0144stwa, spos\u00f3b instruowania rodzic\u00f3w i rodzic\u00f3w chrzestnych itp. W ten spos\u00f3b ca\u0142a ceremonia chrztu odbywa si\u0119 \u201epod wp\u0142ywem woli\u201d.<\/p>\n\n\n\n<p class=\"wp-block-paragraph\">Ad 3.<\/p>\n\n\n\n<p class=\"has-text-align-justify wp-block-paragraph\">W przypadku intencji zwyczajowej (<em>intentio habitualis<\/em>), na przyk\u0142ad ksi\u0105dz wczesnym rankiem podejmuje intencj\u0119 ochrzczenia dziecka zgodnie z zamierzeniami Ko\u015bcio\u0142a dotycz\u0105cymi chrztu. Nie wycofuje si\u0119 on formalnie z tego zamiaru, my\u015bl\u0105c na przyk\u0142ad: \u201eNie chc\u0119 chrzci\u0107 tego dziecka zgodnie z zasadami katolickimi\u201d, ale poniewa\u017c chrzest odbywa si\u0119 p\u00f3\u017anym popo\u0142udniem, tu\u017c przed wykonaniem czynno\u015bci chrztu, kt\u00f3re wykonuje automatycznie, nie zastanawia si\u0119 nad intencj\u0105, a tym samym nad tym, co Ko\u015bci\u00f3\u0142 zamierza osi\u0105gn\u0105\u0107 poprzez ten akt. W tym przypadku intencja podj\u0119ta rano nie ma ju\u017c wp\u0142ywu na sam akt chrztu.<\/p>\n\n\n\n<p class=\"wp-block-paragraph\">Ad 4.<\/p>\n\n\n\n<p class=\"has-text-align-justify wp-block-paragraph\"><em>Intentio interpretativa <\/em>ma miejsce, gdy wszyscy obecni wok\u00f3\u0142 ksi\u0119dza podczas ceremonii chrztu zak\u0142adaj\u0105, \u017ce ma on zamiar przeprowadzi\u0107 chrzest zgodnie z intencj\u0105 Ko\u015bcio\u0142a. Sam ksi\u0105dz jednak nie ma takiej intencji, poniewa\u017c nie wierzy ju\u017c w nic lub formalnie i \u015bwiadomie wycofa\u0142 si\u0119 z tej intencji, tak \u017ce z\u0142o\u015bliwie nie chce udzieli\u0107 chrztu.<\/p>\n\n\n\n<p class=\"wp-block-paragraph\">Wr\u00f3\u0107my do wyliczenia rodzaj\u00f3w intencji wed\u0142ug Diekamp-J\u00fcssen.<\/p>\n\n\n\n<ul class=\"wp-block-list\">\n<li>\u201eW zale\u017cno\u015bci od przedmiotu intencja nazywana jest <em>intentio externa<\/em>, je\u015bli zamiar dotyczy dok\u0142adnego zewn\u0119trznego wykonania czynno\u015bci lub <em>intentio interna<\/em>, je\u015bli w jaki\u015b spos\u00f3b odnosi si\u0119 do wewn\u0119trznego znaczenia czynno\u015bci\u201d.\u00a0 W naszym przypadku oznacza to, \u017ce <em>intentio externa <\/em>mia\u0142aby miejsce, gdyby ksi\u0105dz mia\u0142 jedynie zamiar prawid\u0142owego wykonania zewn\u0119trznych czynno\u015bci chrztu (polewanie wod\u0105, namaszczenie olejem, zapalenie \u015bwiecy, modlitwy itp.). <em>\u201eIntentio interna <\/em>by\u0142oby po\u0142\u0105czeniem zewn\u0119trznego znaku z jego teologicznym znaczeniem (np. polanie wod\u0105 jako zmycie winy grzechu). Je\u015bli wi\u0119c wewn\u0119trzne znaczenie czynno\u015bci jest szczeg\u00f3\u0142owo rozwa\u017cane i zamierzone, intencj\u0119 t\u0119 nazywa si\u0119 <em>intentio specialis et reflexa<\/em>, w przeciwnym razie jest to <em>intentio generalis et directa<\/em>.<\/li>\n<\/ul>\n\n\n\n<ul class=\"wp-block-list\">\n<li>Intencja jest albo <em>absolutna<\/em>, albo <em>warunkowa<\/em>, w zale\u017cno\u015bci od tego, czy co\u015b zamierza si\u0119 bezwarunkowo, czy pod pewnym warunkiem\u201d. <a id=\"_ftnref5\" href=\"#_ftn5\">[5]<\/a><\/li>\n<\/ul>\n\n\n\n<h3 class=\"wp-block-heading\">Dlaczego intencja jest tak wa\u017cna?<\/h3>\n\n\n\n<p class=\"wp-block-paragraph\">Poniewa\u017c \u0142aska i kap\u0142a\u0144stwo s\u0105 czym\u015b realnym. Poniewa\u017c kap\u0142ani \u015bw. Tomasza z Akwinu s\u0105 por\u00f3wnywani do rur \u0142aski (Summ. Theol. III<sup>a<\/sup> , q. 64 a. 5), jako ludzie maj\u0105 oni mo\u017cliwo\u015b\u0107 w\u0142\u0105czenia lub wy\u0142\u0105czenia intencji lub zamiaru poprzez swoj\u0105 woln\u0105 wol\u0119.<\/p>\n\n\n\n<p class=\"has-text-align-justify wp-block-paragraph\">Pozostaj\u0105c przy przyk\u0142adzie rur, maj\u0105 oni zatem mo\u017cliwo\u015b\u0107 odkr\u0119cenia lub zamkni\u0119cia kranu \u0142aski. Gdyby sakramenty nie by\u0142y rzeczywiste, a jedynie symboliczne, jak uwa\u017caj\u0105 protestanci, nie by\u0142oby potrzeby kap\u0142an\u00f3w ani intencji sprawuj\u0105cego sakrament. Aby naprawd\u0119 doprowadzi\u0107 katolick\u0105 nauk\u0119 o sakramentach do skrajno\u015bci, mo\u017cna zada\u0107 nast\u0119puj\u0105ce pytanie:<\/p>\n\n\n\n<blockquote class=\"wp-block-quote is-layout-flow wp-block-quote-is-layout-flow\">\n<p class=\"wp-block-paragraph\">Czy zatem ksi\u0105dz katolicki jest \u201emagikiem\u201d, kt\u00f3ry mo\u017ce co\u015b sprawi\u0107 lub powstrzyma\u0107, je\u015bli tylko zechce?<\/p>\n<\/blockquote>\n\n\n\n<p class=\"wp-block-paragraph\">Odpowied\u017a brzmi:<\/p>\n\n\n\n<blockquote class=\"wp-block-quote is-layout-flow wp-block-quote-is-layout-flow\">\n<p class=\"has-normal-font-size wp-block-paragraph\">Tak, jest!<\/p>\n<\/blockquote>\n\n\n\n<p class=\"wp-block-paragraph\">To jest prawdziwa moc kap\u0142a\u0144stwa, kt\u00f3r\u0105 Chrystus pozostawi\u0142 aposto\u0142om i ich nast\u0119pcom.<\/p>\n\n\n\n<hr class=\"wp-block-separator has-alpha-channel-opacity\"\/>\n\n\n\n<p class=\"wp-block-paragraph\" style=\"font-size:14px;line-height:1.2\"><a href=\"#_ftnref1\" id=\"_ftn1\">[1]<\/a> Diekamp-J\u00fcssen, <em>Katholische Dogmatik<\/em>, Wil: Alverna-Verlag 2012, 846.<\/p>\n\n\n\n<p class=\"wp-block-paragraph\" style=\"font-size:14px;line-height:1.2\"><a href=\"#_ftnref2\" id=\"_ftn2\">[2]<\/a> Pesch, <em>Compendium Theologiae Dogmaticae<\/em>, tom IV, Der Sacramentis, Fryburg 1936, 41.<\/p>\n\n\n\n<p class=\"wp-block-paragraph\" style=\"font-size:14px;line-height:1.2\"><a href=\"#_ftnref3\" id=\"_ftn3\">[3]<\/a> Diekamp-J\u00fcssen, 846.<\/p>\n\n\n\n<p class=\"wp-block-paragraph\" style=\"font-size:14px;line-height:1.2\"><a href=\"#_ftnref4\" id=\"_ftn4\">[4]<\/a> Tam\u017ce.<\/p>\n\n\n\n<p class=\"wp-block-paragraph\" style=\"font-size:14px;line-height:1.2\"><a href=\"#_ftnref5\" id=\"_ftn5\">[5]<\/a> Tam\u017ce.<\/p>\n\n\n\n<div class=\"wp-block-kadence-infobox kt-info-box74405_787106-ce\"><a class=\"kt-blocks-info-box-link-wrap info-box-link kt-blocks-info-box-media-align-top kt-info-halign-center\" target=\"_blank\" rel=\"noopener noreferrer\" href=\"https:\/\/wobronietradycjiiwiary.com\/pl\/subskrypcje-2\/\"><div class=\"kt-blocks-info-box-media-container\"><div class=\"kt-blocks-info-box-media kt-info-media-animate-none\"><div class=\"kadence-info-box-image-inner-intrisic-container\"><div class=\"kadence-info-box-image-intrisic kt-info-animate-none\"><div class=\"kadence-info-box-image-inner-intrisic\"><img decoding=\"async\" data-attachment-id=\"99768\" data-permalink=\"https:\/\/wobronietradycjiiwiary.com\/pl\/cropped-cropped-st-peters-dome-vatican-1-jpg\/\" data-orig-file=\"https:\/\/wobronietradycjiiwiary.com\/wp-content\/uploads\/2015\/10\/cropped-cropped-st-peters-dome-vatican-1.jpg\" data-orig-size=\"512,512\" data-comments-opened=\"1\" data-image-meta=\"{&quot;aperture&quot;:&quot;0&quot;,&quot;credit&quot;:&quot;&quot;,&quot;camera&quot;:&quot;&quot;,&quot;caption&quot;:&quot;&quot;,&quot;created_timestamp&quot;:&quot;0&quot;,&quot;copyright&quot;:&quot;&quot;,&quot;focal_length&quot;:&quot;0&quot;,&quot;iso&quot;:&quot;0&quot;,&quot;shutter_speed&quot;:&quot;0&quot;,&quot;title&quot;:&quot;&quot;,&quot;orientation&quot;:&quot;0&quot;}\" data-image-title=\"cropped-cropped-st-peters-dome-vatican-1.jpg\" data-image-description=\"&lt;p&gt;https:\/\/wobronietradycjiiwiary.com\/wp-content\/uploads\/2015\/10\/cropped-cropped-st-peters-dome-vatican-1.jpg&lt;\/p&gt;\n\" data-image-caption=\"\" data-large-file=\"https:\/\/wobronietradycjiiwiary.com\/wp-content\/uploads\/2015\/10\/cropped-cropped-st-peters-dome-vatican-1.jpg\" src=\"https:\/\/wobronietradycjiiwiary.com\/wp-content\/uploads\/2015\/10\/cropped-cropped-st-peters-dome-vatican-1-150x150.jpg\" alt=\"\" width=\"150\" height=\"150\" class=\"kt-info-box-image wp-image-99768\" srcset=\"https:\/\/wobronietradycjiiwiary.com\/wp-content\/uploads\/2015\/10\/cropped-cropped-st-peters-dome-vatican-1-150x150.jpg 150w, https:\/\/wobronietradycjiiwiary.com\/wp-content\/uploads\/2015\/10\/cropped-cropped-st-peters-dome-vatican-1-300x300.jpg 300w, https:\/\/wobronietradycjiiwiary.com\/wp-content\/uploads\/2015\/10\/cropped-cropped-st-peters-dome-vatican-1-12x12.jpg 12w, https:\/\/wobronietradycjiiwiary.com\/wp-content\/uploads\/2015\/10\/cropped-cropped-st-peters-dome-vatican-1-400x400.jpg?crop=1 400w, https:\/\/wobronietradycjiiwiary.com\/wp-content\/uploads\/2015\/10\/cropped-cropped-st-peters-dome-vatican-1-200x200.jpg?crop=1 200w, https:\/\/wobronietradycjiiwiary.com\/wp-content\/uploads\/2015\/10\/cropped-cropped-st-peters-dome-vatican-1-100x100.jpg?crop=1 100w, https:\/\/wobronietradycjiiwiary.com\/wp-content\/uploads\/2015\/10\/cropped-cropped-st-peters-dome-vatican-1-270x270.jpg 270w, https:\/\/wobronietradycjiiwiary.com\/wp-content\/uploads\/2015\/10\/cropped-cropped-st-peters-dome-vatican-1-192x192.jpg 192w, https:\/\/wobronietradycjiiwiary.com\/wp-content\/uploads\/2015\/10\/cropped-cropped-st-peters-dome-vatican-1-180x180.jpg 180w, https:\/\/wobronietradycjiiwiary.com\/wp-content\/uploads\/2015\/10\/cropped-cropped-st-peters-dome-vatican-1-32x32.jpg 32w, https:\/\/wobronietradycjiiwiary.com\/wp-content\/uploads\/2015\/10\/cropped-cropped-st-peters-dome-vatican-1.jpg 512w\" sizes=\"(max-width: 150px) 100vw, 150px\" \/><\/div><\/div><\/div><\/div><\/div><div class=\"kt-infobox-textcontent\"><h2 class=\"kt-blocks-info-box-title\">Chcesz czyta\u0107 wszystko?<\/h2><p class=\"kt-blocks-info-box-text\"><strong>Wykup abonament.<\/strong><\/p><\/div><\/a><\/div>\n\n\n\n<div class=\"wp-block-cover aligncenter\" style=\"min-height:361px;aspect-ratio:unset;\"><img fetchpriority=\"high\" decoding=\"async\" width=\"524\" height=\"539\" data-attachment-id=\"115630\" data-permalink=\"https:\/\/wobronietradycjiiwiary.com\/pl\/church-militant-o-naduzyciach-seksualnych-w-bractwie-sw-piusa-x-nowy-cykl\/ec48bf44892c29b895741920e0bdef09-2\/\" data-orig-file=\"https:\/\/wobronietradycjiiwiary.com\/wp-content\/uploads\/2024\/04\/ec48bf44892c29b895741920e0bdef09.jpg\" data-orig-size=\"524,539\" data-comments-opened=\"1\" data-image-meta=\"{&quot;aperture&quot;:&quot;0&quot;,&quot;credit&quot;:&quot;&quot;,&quot;camera&quot;:&quot;&quot;,&quot;caption&quot;:&quot;&quot;,&quot;created_timestamp&quot;:&quot;0&quot;,&quot;copyright&quot;:&quot;&quot;,&quot;focal_length&quot;:&quot;0&quot;,&quot;iso&quot;:&quot;0&quot;,&quot;shutter_speed&quot;:&quot;0&quot;,&quot;title&quot;:&quot;&quot;,&quot;orientation&quot;:&quot;0&quot;}\" data-image-title=\"ec48bf44892c29b895741920e0bdef09\" data-image-description=\"\" data-image-caption=\"\" data-large-file=\"https:\/\/wobronietradycjiiwiary.com\/wp-content\/uploads\/2024\/04\/ec48bf44892c29b895741920e0bdef09.jpg\" class=\"wp-block-cover__image-background wp-image-115630\" alt=\"\" src=\"https:\/\/wobronietradycjiiwiary.com\/wp-content\/uploads\/2024\/04\/ec48bf44892c29b895741920e0bdef09.jpg\" style=\"object-position:57% 0%\" data-object-fit=\"cover\" data-object-position=\"57% 0%\" srcset=\"https:\/\/wobronietradycjiiwiary.com\/wp-content\/uploads\/2024\/04\/ec48bf44892c29b895741920e0bdef09.jpg 524w, https:\/\/wobronietradycjiiwiary.com\/wp-content\/uploads\/2024\/04\/ec48bf44892c29b895741920e0bdef09-450x463.jpg 450w, https:\/\/wobronietradycjiiwiary.com\/wp-content\/uploads\/2024\/04\/ec48bf44892c29b895741920e0bdef09-292x300.jpg 292w, https:\/\/wobronietradycjiiwiary.com\/wp-content\/uploads\/2024\/04\/ec48bf44892c29b895741920e0bdef09-146x150.jpg 146w, https:\/\/wobronietradycjiiwiary.com\/wp-content\/uploads\/2024\/04\/ec48bf44892c29b895741920e0bdef09-12x12.jpg 12w, https:\/\/wobronietradycjiiwiary.com\/wp-content\/uploads\/2024\/04\/ec48bf44892c29b895741920e0bdef09-58x60.jpg 58w, https:\/\/wobronietradycjiiwiary.com\/wp-content\/uploads\/2024\/04\/ec48bf44892c29b895741920e0bdef09-87x90.jpg 87w\" sizes=\"(max-width: 524px) 100vw, 524px\" \/><span aria-hidden=\"true\" class=\"wp-block-cover__background has-background-dim\"><\/span><div class=\"wp-block-cover__inner-container is-layout-flow wp-block-cover-is-layout-flow\">\n<p class=\"has-text-align-center has-large-font-size wp-block-paragraph\"><mark style=\"background-color:rgba(0, 0, 0, 0)\" class=\"has-inline-color has-luminous-vivid-amber-color\"><strong>Spodoba\u0142o si\u0119? Wspieraj nas!<\/strong><\/mark><\/p>\n\n\n\n<p class=\"has-text-align-center wp-block-paragraph\"><strong>Kart\u0105, paypalem lub bezpo\u015brednim przelewem<\/strong>.<\/p>\n\n\n\n<p class=\"has-text-align-center wp-block-paragraph\" style=\"font-size:39px\"><a aria-label=\" (opens in a new tab)\" class=\"ek-link\" href=\"https:\/\/donate.stripe.com\/6oE7uNfHU4nXe2I7su\" target=\"_blank\" rel=\"noreferrer noopener\"><mark style=\"background-color:rgba(0, 0, 0, 0)\" class=\"has-inline-color has-white-color\"><strong>Datki<\/strong> <\/mark><\/a><\/p>\n<\/div><\/div>\n","protected":false},"excerpt":{"rendered":"<p>O tym, jak powinna wygl\u0105da\u0107 intencja kap\u0142ana powoduj\u0105ca &#8211; mi\u0119dzy innymi &#8211; wa\u017cno\u015b\u0107 sakramentu. Rodzaj i podzia\u0142 intencji.<\/p>\n","protected":false},"author":60508433,"featured_media":158875,"comment_status":"open","ping_status":"open","sticky":false,"template":"","format":"standard","meta":{"_coblocks_attr":"","_coblocks_dimensions":"","_coblocks_responsive_height":"","_coblocks_accordion_ie_support":"","_exactmetrics_skip_tracking":false,"_jetpack_newsletter_access":"","_jetpack_dont_email_post_to_subs":false,"_jetpack_newsletter_tier_id":0,"_jetpack_memberships_contains_paywalled_content":false,"_wpcom_ai_launchpad_first_post":false,"_jetpack_feature_clip_id":0,"_jetpack_memberships_contains_paid_content":false,"footnotes":"","jetpack_publicize_message":"{title}\n\n{excerpt}\n\n{url}","jetpack_publicize_feature_enabled":true,"jetpack_social_post_already_shared":true,"jetpack_social_options":{"image_generator_settings":{"template":"highway","default_image_id":0,"font":"","enabled":false},"version":2},"_wpas_customize_per_network":false,"jetpack_post_was_ever_published":false},"categories":[610131185,610135970,378121657,610135349],"tags":[],"class_list":["post-158873","post","type-post","status-publish","format-standard","has-post-thumbnail","hentry","category-doktryna","category-intencja-przy-udzielaniu-sakramentu","category-sakramenty-teologia","category-teologia-dogmatyczna"],"yoast_head":"<!-- This site is optimized with the Yoast SEO plugin v28.3 - https:\/\/yoast.com\/product\/yoast-seo-wordpress\/ -->\n<title>Intencja podczas sprawowania sakrament\u00f3w (2 z 6). Rodzaj i podzia\u0142 intencji. - Tradycja i Wiara<\/title>\n<meta name=\"robots\" content=\"index, follow, max-snippet:-1, max-image-preview:large, max-video-preview:-1\" \/>\n<link rel=\"canonical\" href=\"https:\/\/wobronietradycjiiwiary.com\/pl\/intencja-podczas-udzielania-sakramentow-2-z-6-rodzaj-i-podzial-intencji\/\" \/>\n<meta property=\"og:locale\" content=\"pl_PL\" \/>\n<meta property=\"og:type\" content=\"article\" \/>\n<meta property=\"og:title\" content=\"Intencja podczas sprawowania sakrament\u00f3w (2 z 6). Rodzaj i podzia\u0142 intencji. - Tradycja i Wiara\" \/>\n<meta property=\"og:description\" content=\"O tym, jak powinna wygl\u0105da\u0107 intencja kap\u0142ana powoduj\u0105ca - mi\u0119dzy innymi - wa\u017cno\u015b\u0107 sakramentu. Rodzaj i podzia\u0142 intencji.\" \/>\n<meta property=\"og:url\" content=\"https:\/\/wobronietradycjiiwiary.com\/pl\/intencja-podczas-udzielania-sakramentow-2-z-6-rodzaj-i-podzial-intencji\/\" \/>\n<meta property=\"og:site_name\" content=\"Tradycja i Wiara\" \/>\n<meta property=\"article:publisher\" content=\"https:\/\/www.facebook.com\/Tradycja-i-Wiara-108813920592249\" \/>\n<meta property=\"article:published_time\" content=\"2026-01-19T07:00:00+00:00\" \/>\n<meta property=\"og:image\" content=\"https:\/\/wobronietradycjiiwiary.com\/wp-content\/uploads\/2026\/01\/Pieter_Neeffs_-_A_Church_at_Night_with_a_Priest_celebrating_Mass_in_a_side_Chapel_-_MeisterDrucke-837370-1.jpg\" \/>\n\t<meta property=\"og:image:width\" content=\"1260\" \/>\n\t<meta property=\"og:image:height\" content=\"868\" \/>\n\t<meta property=\"og:image:type\" content=\"image\/jpeg\" \/>\n<meta name=\"author\" content=\"Traditio et Fides\" \/>\n<meta name=\"twitter:card\" content=\"summary_large_image\" \/>\n<meta name=\"twitter:label1\" content=\"Napisane przez\" \/>\n\t<meta name=\"twitter:data1\" content=\"Traditio et Fides\" \/>\n\t<meta name=\"twitter:label2\" content=\"Szacowany czas czytania\" \/>\n\t<meta name=\"twitter:data2\" content=\"6 minut\" \/>\n<script type=\"application\/ld+json\" class=\"yoast-schema-graph\">{\"@context\":\"https:\\\/\\\/schema.org\",\"@graph\":[{\"@type\":\"Article\",\"@id\":\"https:\\\/\\\/wobronietradycjiiwiary.com\\\/intencja-podczas-udzielania-sakramentow-2-z-6-rodzaj-i-podzial-intencji\\\/#article\",\"isPartOf\":{\"@id\":\"https:\\\/\\\/wobronietradycjiiwiary.com\\\/intencja-podczas-udzielania-sakramentow-2-z-6-rodzaj-i-podzial-intencji\\\/\"},\"author\":{\"name\":\"Traditio et Fides\",\"@id\":\"https:\\\/\\\/wobronietradycjiiwiary.com\\\/pl\\\/#\\\/schema\\\/person\\\/2d6180ce6abcb681fef0daab7816e8f3\"},\"headline\":\"Intencja podczas sprawowania sakrament\u00f3w (2 z 6). Rodzaj i podzia\u0142 intencji.\",\"datePublished\":\"2026-01-19T07:00:00+00:00\",\"mainEntityOfPage\":{\"@id\":\"https:\\\/\\\/wobronietradycjiiwiary.com\\\/intencja-podczas-udzielania-sakramentow-2-z-6-rodzaj-i-podzial-intencji\\\/\"},\"wordCount\":975,\"commentCount\":0,\"publisher\":{\"@id\":\"https:\\\/\\\/wobronietradycjiiwiary.com\\\/pl\\\/#organization\"},\"image\":{\"@id\":\"https:\\\/\\\/wobronietradycjiiwiary.com\\\/intencja-podczas-udzielania-sakramentow-2-z-6-rodzaj-i-podzial-intencji\\\/#primaryimage\"},\"thumbnailUrl\":\"https:\\\/\\\/wobronietradycjiiwiary.com\\\/wp-content\\\/uploads\\\/2026\\\/01\\\/Pieter_Neeffs_-_A_Church_at_Night_with_a_Priest_celebrating_Mass_in_a_side_Chapel_-_MeisterDrucke-837370-1.jpg\",\"articleSection\":[\"Doktryna\",\"Intencja przy sprawowaniu sakramentu\",\"Sakramenty\",\"Teologia dogmatyczna\"],\"inLanguage\":\"pl-PL\",\"potentialAction\":[{\"@type\":\"CommentAction\",\"name\":\"Comment\",\"target\":[\"https:\\\/\\\/wobronietradycjiiwiary.com\\\/intencja-podczas-udzielania-sakramentow-2-z-6-rodzaj-i-podzial-intencji\\\/#respond\"]}]},{\"@type\":\"WebPage\",\"@id\":\"https:\\\/\\\/wobronietradycjiiwiary.com\\\/intencja-podczas-udzielania-sakramentow-2-z-6-rodzaj-i-podzial-intencji\\\/\",\"url\":\"https:\\\/\\\/wobronietradycjiiwiary.com\\\/intencja-podczas-udzielania-sakramentow-2-z-6-rodzaj-i-podzial-intencji\\\/\",\"name\":\"Intencja podczas sprawowania sakrament\u00f3w (2 z 6). Rodzaj i podzia\u0142 intencji. - Tradycja i Wiara\",\"isPartOf\":{\"@id\":\"https:\\\/\\\/wobronietradycjiiwiary.com\\\/pl\\\/#website\"},\"primaryImageOfPage\":{\"@id\":\"https:\\\/\\\/wobronietradycjiiwiary.com\\\/intencja-podczas-udzielania-sakramentow-2-z-6-rodzaj-i-podzial-intencji\\\/#primaryimage\"},\"image\":{\"@id\":\"https:\\\/\\\/wobronietradycjiiwiary.com\\\/intencja-podczas-udzielania-sakramentow-2-z-6-rodzaj-i-podzial-intencji\\\/#primaryimage\"},\"thumbnailUrl\":\"https:\\\/\\\/wobronietradycjiiwiary.com\\\/wp-content\\\/uploads\\\/2026\\\/01\\\/Pieter_Neeffs_-_A_Church_at_Night_with_a_Priest_celebrating_Mass_in_a_side_Chapel_-_MeisterDrucke-837370-1.jpg\",\"datePublished\":\"2026-01-19T07:00:00+00:00\",\"breadcrumb\":{\"@id\":\"https:\\\/\\\/wobronietradycjiiwiary.com\\\/intencja-podczas-udzielania-sakramentow-2-z-6-rodzaj-i-podzial-intencji\\\/#breadcrumb\"},\"inLanguage\":\"pl-PL\",\"potentialAction\":[{\"@type\":\"ReadAction\",\"target\":[\"https:\\\/\\\/wobronietradycjiiwiary.com\\\/intencja-podczas-udzielania-sakramentow-2-z-6-rodzaj-i-podzial-intencji\\\/\"]}]},{\"@type\":\"ImageObject\",\"inLanguage\":\"pl-PL\",\"@id\":\"https:\\\/\\\/wobronietradycjiiwiary.com\\\/intencja-podczas-udzielania-sakramentow-2-z-6-rodzaj-i-podzial-intencji\\\/#primaryimage\",\"url\":\"https:\\\/\\\/wobronietradycjiiwiary.com\\\/wp-content\\\/uploads\\\/2026\\\/01\\\/Pieter_Neeffs_-_A_Church_at_Night_with_a_Priest_celebrating_Mass_in_a_side_Chapel_-_MeisterDrucke-837370-1.jpg\",\"contentUrl\":\"https:\\\/\\\/wobronietradycjiiwiary.com\\\/wp-content\\\/uploads\\\/2026\\\/01\\\/Pieter_Neeffs_-_A_Church_at_Night_with_a_Priest_celebrating_Mass_in_a_side_Chapel_-_MeisterDrucke-837370-1.jpg\",\"width\":1260,\"height\":868},{\"@type\":\"BreadcrumbList\",\"@id\":\"https:\\\/\\\/wobronietradycjiiwiary.com\\\/intencja-podczas-udzielania-sakramentow-2-z-6-rodzaj-i-podzial-intencji\\\/#breadcrumb\",\"itemListElement\":[{\"@type\":\"ListItem\",\"position\":1,\"name\":\"Strona g\u0142\u00f3wna\",\"item\":\"https:\\\/\\\/wobronietradycjiiwiary.com\\\/\"},{\"@type\":\"ListItem\",\"position\":2,\"name\":\"Intencja podczas sprawowania sakrament\u00f3w (2 z 6). Rodzaj i podzia\u0142 intencji.\"}]},{\"@type\":\"WebSite\",\"@id\":\"https:\\\/\\\/wobronietradycjiiwiary.com\\\/pl\\\/#website\",\"url\":\"https:\\\/\\\/wobronietradycjiiwiary.com\\\/pl\\\/\",\"name\":\"Tradycja i Wiara\",\"description\":\"Portal dla katolik\u00f3w.\",\"publisher\":{\"@id\":\"https:\\\/\\\/wobronietradycjiiwiary.com\\\/pl\\\/#organization\"},\"potentialAction\":[{\"@type\":\"SearchAction\",\"target\":{\"@type\":\"EntryPoint\",\"urlTemplate\":\"https:\\\/\\\/wobronietradycjiiwiary.com\\\/pl\\\/?s={search_term_string}\"},\"query-input\":{\"@type\":\"PropertyValueSpecification\",\"valueRequired\":true,\"valueName\":\"search_term_string\"}}],\"inLanguage\":\"pl-PL\"},{\"@type\":\"Organization\",\"@id\":\"https:\\\/\\\/wobronietradycjiiwiary.com\\\/pl\\\/#organization\",\"name\":\"Tradycja i Wiara\",\"url\":\"https:\\\/\\\/wobronietradycjiiwiary.com\\\/pl\\\/\",\"logo\":{\"@type\":\"ImageObject\",\"inLanguage\":\"pl-PL\",\"@id\":\"https:\\\/\\\/wobronietradycjiiwiary.com\\\/pl\\\/#\\\/schema\\\/logo\\\/image\\\/\",\"url\":\"https:\\\/\\\/i0.wp.com\\\/wobronietradycjiiwiary.com\\\/wp-content\\\/uploads\\\/2015\\\/10\\\/cropped-st-peters-dome-vatican.jpg?fit=940%2C198&ssl=1\",\"contentUrl\":\"https:\\\/\\\/i0.wp.com\\\/wobronietradycjiiwiary.com\\\/wp-content\\\/uploads\\\/2015\\\/10\\\/cropped-st-peters-dome-vatican.jpg?fit=940%2C198&ssl=1\",\"width\":940,\"height\":198,\"caption\":\"Tradycja i Wiara\"},\"image\":{\"@id\":\"https:\\\/\\\/wobronietradycjiiwiary.com\\\/pl\\\/#\\\/schema\\\/logo\\\/image\\\/\"},\"sameAs\":[\"https:\\\/\\\/www.facebook.com\\\/Tradycja-i-Wiara-108813920592249\"]},{\"@type\":\"Person\",\"@id\":\"https:\\\/\\\/wobronietradycjiiwiary.com\\\/pl\\\/#\\\/schema\\\/person\\\/2d6180ce6abcb681fef0daab7816e8f3\",\"name\":\"Traditio et Fides\",\"sameAs\":[\"https:\\\/\\\/traditionundglauben.com\"],\"url\":\"https:\\\/\\\/wobronietradycjiiwiary.com\\\/pl\\\/author\\\/wobronietradycjiiwiary\\\/\"}]}<\/script>\n<!-- \/ Yoast SEO plugin. -->","yoast_head_json":{"title":"Intencja podczas sprawowania sakrament\u00f3w (2 z 6). Rodzaj i podzia\u0142 intencji. - Tradycja i Wiara","robots":{"index":"index","follow":"follow","max-snippet":"max-snippet:-1","max-image-preview":"max-image-preview:large","max-video-preview":"max-video-preview:-1"},"canonical":"https:\/\/wobronietradycjiiwiary.com\/pl\/intencja-podczas-udzielania-sakramentow-2-z-6-rodzaj-i-podzial-intencji\/","og_locale":"pl_PL","og_type":"article","og_title":"Intencja podczas sprawowania sakrament\u00f3w (2 z 6). Rodzaj i podzia\u0142 intencji. - Tradycja i Wiara","og_description":"O tym, jak powinna wygl\u0105da\u0107 intencja kap\u0142ana powoduj\u0105ca - mi\u0119dzy innymi - wa\u017cno\u015b\u0107 sakramentu. Rodzaj i podzia\u0142 intencji.","og_url":"https:\/\/wobronietradycjiiwiary.com\/pl\/intencja-podczas-udzielania-sakramentow-2-z-6-rodzaj-i-podzial-intencji\/","og_site_name":"Tradycja i Wiara","article_publisher":"https:\/\/www.facebook.com\/Tradycja-i-Wiara-108813920592249","article_published_time":"2026-01-19T07:00:00+00:00","og_image":[{"width":1260,"height":868,"url":"https:\/\/wobronietradycjiiwiary.com\/wp-content\/uploads\/2026\/01\/Pieter_Neeffs_-_A_Church_at_Night_with_a_Priest_celebrating_Mass_in_a_side_Chapel_-_MeisterDrucke-837370-1.jpg","type":"image\/jpeg"}],"author":"Traditio et Fides","twitter_card":"summary_large_image","twitter_misc":{"Napisane przez":"Traditio et Fides","Szacowany czas czytania":"6 minut"},"schema":{"@context":"https:\/\/schema.org","@graph":[{"@type":"Article","@id":"https:\/\/wobronietradycjiiwiary.com\/intencja-podczas-udzielania-sakramentow-2-z-6-rodzaj-i-podzial-intencji\/#article","isPartOf":{"@id":"https:\/\/wobronietradycjiiwiary.com\/intencja-podczas-udzielania-sakramentow-2-z-6-rodzaj-i-podzial-intencji\/"},"author":{"name":"Traditio et Fides","@id":"https:\/\/wobronietradycjiiwiary.com\/pl\/#\/schema\/person\/2d6180ce6abcb681fef0daab7816e8f3"},"headline":"Intencja podczas sprawowania sakrament\u00f3w (2 z 6). Rodzaj i podzia\u0142 intencji.","datePublished":"2026-01-19T07:00:00+00:00","mainEntityOfPage":{"@id":"https:\/\/wobronietradycjiiwiary.com\/intencja-podczas-udzielania-sakramentow-2-z-6-rodzaj-i-podzial-intencji\/"},"wordCount":975,"commentCount":0,"publisher":{"@id":"https:\/\/wobronietradycjiiwiary.com\/pl\/#organization"},"image":{"@id":"https:\/\/wobronietradycjiiwiary.com\/intencja-podczas-udzielania-sakramentow-2-z-6-rodzaj-i-podzial-intencji\/#primaryimage"},"thumbnailUrl":"https:\/\/wobronietradycjiiwiary.com\/wp-content\/uploads\/2026\/01\/Pieter_Neeffs_-_A_Church_at_Night_with_a_Priest_celebrating_Mass_in_a_side_Chapel_-_MeisterDrucke-837370-1.jpg","articleSection":["Doktryna","Intencja przy sprawowaniu sakramentu","Sakramenty","Teologia dogmatyczna"],"inLanguage":"pl-PL","potentialAction":[{"@type":"CommentAction","name":"Comment","target":["https:\/\/wobronietradycjiiwiary.com\/intencja-podczas-udzielania-sakramentow-2-z-6-rodzaj-i-podzial-intencji\/#respond"]}]},{"@type":"WebPage","@id":"https:\/\/wobronietradycjiiwiary.com\/intencja-podczas-udzielania-sakramentow-2-z-6-rodzaj-i-podzial-intencji\/","url":"https:\/\/wobronietradycjiiwiary.com\/intencja-podczas-udzielania-sakramentow-2-z-6-rodzaj-i-podzial-intencji\/","name":"Intencja podczas sprawowania sakrament\u00f3w (2 z 6). Rodzaj i podzia\u0142 intencji. - Tradycja i Wiara","isPartOf":{"@id":"https:\/\/wobronietradycjiiwiary.com\/pl\/#website"},"primaryImageOfPage":{"@id":"https:\/\/wobronietradycjiiwiary.com\/intencja-podczas-udzielania-sakramentow-2-z-6-rodzaj-i-podzial-intencji\/#primaryimage"},"image":{"@id":"https:\/\/wobronietradycjiiwiary.com\/intencja-podczas-udzielania-sakramentow-2-z-6-rodzaj-i-podzial-intencji\/#primaryimage"},"thumbnailUrl":"https:\/\/wobronietradycjiiwiary.com\/wp-content\/uploads\/2026\/01\/Pieter_Neeffs_-_A_Church_at_Night_with_a_Priest_celebrating_Mass_in_a_side_Chapel_-_MeisterDrucke-837370-1.jpg","datePublished":"2026-01-19T07:00:00+00:00","breadcrumb":{"@id":"https:\/\/wobronietradycjiiwiary.com\/intencja-podczas-udzielania-sakramentow-2-z-6-rodzaj-i-podzial-intencji\/#breadcrumb"},"inLanguage":"pl-PL","potentialAction":[{"@type":"ReadAction","target":["https:\/\/wobronietradycjiiwiary.com\/intencja-podczas-udzielania-sakramentow-2-z-6-rodzaj-i-podzial-intencji\/"]}]},{"@type":"ImageObject","inLanguage":"pl-PL","@id":"https:\/\/wobronietradycjiiwiary.com\/intencja-podczas-udzielania-sakramentow-2-z-6-rodzaj-i-podzial-intencji\/#primaryimage","url":"https:\/\/wobronietradycjiiwiary.com\/wp-content\/uploads\/2026\/01\/Pieter_Neeffs_-_A_Church_at_Night_with_a_Priest_celebrating_Mass_in_a_side_Chapel_-_MeisterDrucke-837370-1.jpg","contentUrl":"https:\/\/wobronietradycjiiwiary.com\/wp-content\/uploads\/2026\/01\/Pieter_Neeffs_-_A_Church_at_Night_with_a_Priest_celebrating_Mass_in_a_side_Chapel_-_MeisterDrucke-837370-1.jpg","width":1260,"height":868},{"@type":"BreadcrumbList","@id":"https:\/\/wobronietradycjiiwiary.com\/intencja-podczas-udzielania-sakramentow-2-z-6-rodzaj-i-podzial-intencji\/#breadcrumb","itemListElement":[{"@type":"ListItem","position":1,"name":"Strona g\u0142\u00f3wna","item":"https:\/\/wobronietradycjiiwiary.com\/"},{"@type":"ListItem","position":2,"name":"Intencja podczas sprawowania sakrament\u00f3w (2 z 6). Rodzaj i podzia\u0142 intencji."}]},{"@type":"WebSite","@id":"https:\/\/wobronietradycjiiwiary.com\/pl\/#website","url":"https:\/\/wobronietradycjiiwiary.com\/pl\/","name":"Tradycja i Wiara","description":"Portal dla katolik\u00f3w.","publisher":{"@id":"https:\/\/wobronietradycjiiwiary.com\/pl\/#organization"},"potentialAction":[{"@type":"SearchAction","target":{"@type":"EntryPoint","urlTemplate":"https:\/\/wobronietradycjiiwiary.com\/pl\/?s={search_term_string}"},"query-input":{"@type":"PropertyValueSpecification","valueRequired":true,"valueName":"search_term_string"}}],"inLanguage":"pl-PL"},{"@type":"Organization","@id":"https:\/\/wobronietradycjiiwiary.com\/pl\/#organization","name":"Tradycja i Wiara","url":"https:\/\/wobronietradycjiiwiary.com\/pl\/","logo":{"@type":"ImageObject","inLanguage":"pl-PL","@id":"https:\/\/wobronietradycjiiwiary.com\/pl\/#\/schema\/logo\/image\/","url":"https:\/\/i0.wp.com\/wobronietradycjiiwiary.com\/wp-content\/uploads\/2015\/10\/cropped-st-peters-dome-vatican.jpg?fit=940%2C198&ssl=1","contentUrl":"https:\/\/i0.wp.com\/wobronietradycjiiwiary.com\/wp-content\/uploads\/2015\/10\/cropped-st-peters-dome-vatican.jpg?fit=940%2C198&ssl=1","width":940,"height":198,"caption":"Tradycja i Wiara"},"image":{"@id":"https:\/\/wobronietradycjiiwiary.com\/pl\/#\/schema\/logo\/image\/"},"sameAs":["https:\/\/www.facebook.com\/Tradycja-i-Wiara-108813920592249"]},{"@type":"Person","@id":"https:\/\/wobronietradycjiiwiary.com\/pl\/#\/schema\/person\/2d6180ce6abcb681fef0daab7816e8f3","name":"Traditio et Fides","sameAs":["https:\/\/traditionundglauben.com"],"url":"https:\/\/wobronietradycjiiwiary.com\/pl\/author\/wobronietradycjiiwiary\/"}]}},"jetpack_publicize_connections":[],"jetpack_sharing_enabled":true,"jetpack_likes_enabled":true,"jetpack_shortlink":"https:\/\/wp.me\/pc04Sd-Fkt","jetpack-related-posts":[{"id":158910,"url":"https:\/\/wobronietradycjiiwiary.com\/pl\/intencja-podczas-udzielania-sakramentow-5-z-6-blizsze-okreslenie-intencji-i\/","url_meta":{"origin":158873,"position":0},"title":"Intencja podczas sprawowania sakrament\u00f3w (5 z 6). Bli\u017csze okre\u015blenie intencji (i).","author":"Traditio et Fides","date":"9 lutego 2026","format":false,"excerpt":"Bli\u017csze okre\u015blenie intencji wymaganej przy udzielaniu sakrament\u00f3w.","rel":"","context":"W \u201eDoktryna&quot;","block_context":{"text":"Doktryna","link":"https:\/\/wobronietradycjiiwiary.com\/pl\/category\/doktryna\/"},"img":{"alt_text":"","src":"https:\/\/i0.wp.com\/wobronietradycjiiwiary.com\/wp-content\/uploads\/2026\/01\/Pieter_Neeffs_-_A_Church_at_Night_with_a_Priest_celebrating_Mass_in_a_side_Chapel_-_MeisterDrucke-837370.jpg?resize=350%2C200&ssl=1","width":350,"height":200,"srcset":"https:\/\/i0.wp.com\/wobronietradycjiiwiary.com\/wp-content\/uploads\/2026\/01\/Pieter_Neeffs_-_A_Church_at_Night_with_a_Priest_celebrating_Mass_in_a_side_Chapel_-_MeisterDrucke-837370.jpg?resize=350%2C200&ssl=1 1x, https:\/\/i0.wp.com\/wobronietradycjiiwiary.com\/wp-content\/uploads\/2026\/01\/Pieter_Neeffs_-_A_Church_at_Night_with_a_Priest_celebrating_Mass_in_a_side_Chapel_-_MeisterDrucke-837370.jpg?resize=525%2C300&ssl=1 1.5x, https:\/\/i0.wp.com\/wobronietradycjiiwiary.com\/wp-content\/uploads\/2026\/01\/Pieter_Neeffs_-_A_Church_at_Night_with_a_Priest_celebrating_Mass_in_a_side_Chapel_-_MeisterDrucke-837370.jpg?resize=700%2C400&ssl=1 2x, https:\/\/i0.wp.com\/wobronietradycjiiwiary.com\/wp-content\/uploads\/2026\/01\/Pieter_Neeffs_-_A_Church_at_Night_with_a_Priest_celebrating_Mass_in_a_side_Chapel_-_MeisterDrucke-837370.jpg?resize=1050%2C600&ssl=1 3x"},"classes":[]},{"id":158921,"url":"https:\/\/wobronietradycjiiwiary.com\/pl\/intencja-podczas-udzielania-sakramentow-6-z-6-blizsze-okreslenie-intencji-ii\/","url_meta":{"origin":158873,"position":1},"title":"Intencja podczas sprawowania sakrament\u00f3w (6 z 6). Bli\u017csze okre\u015blenie intencji (ii).","author":"Traditio et Fides","date":"9 marca 2026","format":false,"excerpt":"Intencja nie musi by\u0107 szczeg\u00f3lna i refleksyjna.","rel":"","context":"W \u201eDoktryna&quot;","block_context":{"text":"Doktryna","link":"https:\/\/wobronietradycjiiwiary.com\/pl\/category\/doktryna\/"},"img":{"alt_text":"","src":"https:\/\/i0.wp.com\/wobronietradycjiiwiary.com\/wp-content\/uploads\/2026\/01\/Pieter_Neeffs_-_A_Church_at_Night_with_a_Priest_celebrating_Mass_in_a_side_Chapel_-_MeisterDrucke-837370.jpg?resize=350%2C200&ssl=1","width":350,"height":200,"srcset":"https:\/\/i0.wp.com\/wobronietradycjiiwiary.com\/wp-content\/uploads\/2026\/01\/Pieter_Neeffs_-_A_Church_at_Night_with_a_Priest_celebrating_Mass_in_a_side_Chapel_-_MeisterDrucke-837370.jpg?resize=350%2C200&ssl=1 1x, https:\/\/i0.wp.com\/wobronietradycjiiwiary.com\/wp-content\/uploads\/2026\/01\/Pieter_Neeffs_-_A_Church_at_Night_with_a_Priest_celebrating_Mass_in_a_side_Chapel_-_MeisterDrucke-837370.jpg?resize=525%2C300&ssl=1 1.5x, https:\/\/i0.wp.com\/wobronietradycjiiwiary.com\/wp-content\/uploads\/2026\/01\/Pieter_Neeffs_-_A_Church_at_Night_with_a_Priest_celebrating_Mass_in_a_side_Chapel_-_MeisterDrucke-837370.jpg?resize=700%2C400&ssl=1 2x, https:\/\/i0.wp.com\/wobronietradycjiiwiary.com\/wp-content\/uploads\/2026\/01\/Pieter_Neeffs_-_A_Church_at_Night_with_a_Priest_celebrating_Mass_in_a_side_Chapel_-_MeisterDrucke-837370.jpg?resize=1050%2C600&ssl=1 3x"},"classes":[]},{"id":158896,"url":"https:\/\/wobronietradycjiiwiary.com\/pl\/intencja-podczas-udzielania-sakramentow-4-z-6-objawienie-o-intencji-udzielania-sakramentow\/","url_meta":{"origin":158873,"position":2},"title":"Intencja podczas sprawowania sakrament\u00f3w (4 z 6). Objawienie o intencji udzielania sakrament\u00f3w.","author":"Traditio et Fides","date":"2 lutego 2026","format":false,"excerpt":"Objawienie i racje spekulatywne na temat intencji udzielania sakrament\u00f3w.","rel":"","context":"W \u201eDoktryna&quot;","block_context":{"text":"Doktryna","link":"https:\/\/wobronietradycjiiwiary.com\/pl\/category\/doktryna\/"},"img":{"alt_text":"","src":"https:\/\/i0.wp.com\/wobronietradycjiiwiary.com\/wp-content\/uploads\/2026\/01\/Pieter_Neeffs_-_A_Church_at_Night_with_a_Priest_celebrating_Mass_in_a_side_Chapel_-_MeisterDrucke-837370.jpg?resize=350%2C200&ssl=1","width":350,"height":200,"srcset":"https:\/\/i0.wp.com\/wobronietradycjiiwiary.com\/wp-content\/uploads\/2026\/01\/Pieter_Neeffs_-_A_Church_at_Night_with_a_Priest_celebrating_Mass_in_a_side_Chapel_-_MeisterDrucke-837370.jpg?resize=350%2C200&ssl=1 1x, https:\/\/i0.wp.com\/wobronietradycjiiwiary.com\/wp-content\/uploads\/2026\/01\/Pieter_Neeffs_-_A_Church_at_Night_with_a_Priest_celebrating_Mass_in_a_side_Chapel_-_MeisterDrucke-837370.jpg?resize=525%2C300&ssl=1 1.5x, https:\/\/i0.wp.com\/wobronietradycjiiwiary.com\/wp-content\/uploads\/2026\/01\/Pieter_Neeffs_-_A_Church_at_Night_with_a_Priest_celebrating_Mass_in_a_side_Chapel_-_MeisterDrucke-837370.jpg?resize=700%2C400&ssl=1 2x, https:\/\/i0.wp.com\/wobronietradycjiiwiary.com\/wp-content\/uploads\/2026\/01\/Pieter_Neeffs_-_A_Church_at_Night_with_a_Priest_celebrating_Mass_in_a_side_Chapel_-_MeisterDrucke-837370.jpg?resize=1050%2C600&ssl=1 3x"},"classes":[]},{"id":158845,"url":"https:\/\/wobronietradycjiiwiary.com\/pl\/intencja-podczas-udzielania-sakramentow-1-z-6-kwestia-intencji\/","url_meta":{"origin":158873,"position":3},"title":"Intencja podczas sprawowania sakrament\u00f3w (1 z 6). Kwestia intencji.","author":"Traditio et Fides","date":"12 stycznia 2026","format":false,"excerpt":"O tym, jak powinna wygl\u0105da\u0107 intencja kap\u0142ana powoduj\u0105ca - mi\u0119dzy innymi - wa\u017cno\u015b\u0107 sakramentu. Wprowadzenie.","rel":"","context":"W \u201eDoktryna&quot;","block_context":{"text":"Doktryna","link":"https:\/\/wobronietradycjiiwiary.com\/pl\/category\/doktryna\/"},"img":{"alt_text":"","src":"https:\/\/i0.wp.com\/wobronietradycjiiwiary.com\/wp-content\/uploads\/2026\/01\/Pieter_Neeffs_-_A_Church_at_Night_with_a_Priest_celebrating_Mass_in_a_side_Chapel_-_MeisterDrucke-837370.jpg?resize=350%2C200&ssl=1","width":350,"height":200,"srcset":"https:\/\/i0.wp.com\/wobronietradycjiiwiary.com\/wp-content\/uploads\/2026\/01\/Pieter_Neeffs_-_A_Church_at_Night_with_a_Priest_celebrating_Mass_in_a_side_Chapel_-_MeisterDrucke-837370.jpg?resize=350%2C200&ssl=1 1x, https:\/\/i0.wp.com\/wobronietradycjiiwiary.com\/wp-content\/uploads\/2026\/01\/Pieter_Neeffs_-_A_Church_at_Night_with_a_Priest_celebrating_Mass_in_a_side_Chapel_-_MeisterDrucke-837370.jpg?resize=525%2C300&ssl=1 1.5x, https:\/\/i0.wp.com\/wobronietradycjiiwiary.com\/wp-content\/uploads\/2026\/01\/Pieter_Neeffs_-_A_Church_at_Night_with_a_Priest_celebrating_Mass_in_a_side_Chapel_-_MeisterDrucke-837370.jpg?resize=700%2C400&ssl=1 2x, https:\/\/i0.wp.com\/wobronietradycjiiwiary.com\/wp-content\/uploads\/2026\/01\/Pieter_Neeffs_-_A_Church_at_Night_with_a_Priest_celebrating_Mass_in_a_side_Chapel_-_MeisterDrucke-837370.jpg?resize=1050%2C600&ssl=1 3x"},"classes":[]},{"id":5340,"url":"https:\/\/wobronietradycjiiwiary.com\/pl\/kard-gousset-teologia-moralna-o-zamiarze-czynow-czyli-o-intencji\/","url_meta":{"origin":158873,"position":4},"title":"Kard. Gousset, &#8222;Teologia moralna&#8221;: O zamiarze czyn\u00f3w czyli o intencji","author":"Traditio et Fides","date":"21 kwietnia 2015","format":false,"excerpt":"Poniewa\u017c nie wszystkim jest dane pisanie i czytanie w nie\u015bmiertelnej \u0142acinie, kt\u00f3ra jako j\u0119zyk martwy, w przeciwie\u0144stwie do j\u0119zyk\u00f3w \u017cywych, si\u0119 nie zmienia, dlatego do niniejszych wywod\u00f3w kardyna\u0142a Gousseta nale\u017cy si\u0119 kilka terminologicznych wyja\u015bnie\u0144. Pisz\u0105c o zamiarze kardyna\u0142 ma na my\u015bli intencj\u0119 czynu. Dlatego pierwsze zdanie 42. w uwsp\u00f3\u0142cze\u015bnionej polszczy\u017anie\u2026","rel":"","context":"W \u201eKardyna\u0142 Gousset&quot;","block_context":{"text":"Kardyna\u0142 Gousset","link":"https:\/\/wobronietradycjiiwiary.com\/pl\/category\/doktryna\/teologia-moralna\/kardynal-gousset\/"},"img":{"alt_text":"","src":"https:\/\/i0.wp.com\/wobronietradycjiiwiary.com\/wp-content\/uploads\/2015\/02\/reims.jpg?resize=350%2C200&ssl=1","width":350,"height":200},"classes":[]},{"id":158872,"url":"https:\/\/wobronietradycjiiwiary.com\/pl\/intencja-podczas-udzielania-sakramentow-3-z-6-orzeczenia-kosciola-na-temat-intencji\/","url_meta":{"origin":158873,"position":5},"title":"Intencja podczas sprawowania sakrament\u00f3w (3 z 6). Orzeczenia Ko\u015bcio\u0142a na temat intencji.","author":"Traditio et Fides","date":"26 stycznia 2026","format":false,"excerpt":"Orzeczenia Ko\u015bcio\u0142a na temat intencji przy udzielaniu sakrament\u00f3w.","rel":"","context":"W \u201eDoktryna&quot;","block_context":{"text":"Doktryna","link":"https:\/\/wobronietradycjiiwiary.com\/pl\/category\/doktryna\/"},"img":{"alt_text":"","src":"https:\/\/i0.wp.com\/wobronietradycjiiwiary.com\/wp-content\/uploads\/2026\/01\/Pieter_Neeffs_-_A_Church_at_Night_with_a_Priest_celebrating_Mass_in_a_side_Chapel_-_MeisterDrucke-837370.jpg?resize=350%2C200&ssl=1","width":350,"height":200,"srcset":"https:\/\/i0.wp.com\/wobronietradycjiiwiary.com\/wp-content\/uploads\/2026\/01\/Pieter_Neeffs_-_A_Church_at_Night_with_a_Priest_celebrating_Mass_in_a_side_Chapel_-_MeisterDrucke-837370.jpg?resize=350%2C200&ssl=1 1x, https:\/\/i0.wp.com\/wobronietradycjiiwiary.com\/wp-content\/uploads\/2026\/01\/Pieter_Neeffs_-_A_Church_at_Night_with_a_Priest_celebrating_Mass_in_a_side_Chapel_-_MeisterDrucke-837370.jpg?resize=525%2C300&ssl=1 1.5x, https:\/\/i0.wp.com\/wobronietradycjiiwiary.com\/wp-content\/uploads\/2026\/01\/Pieter_Neeffs_-_A_Church_at_Night_with_a_Priest_celebrating_Mass_in_a_side_Chapel_-_MeisterDrucke-837370.jpg?resize=700%2C400&ssl=1 2x, https:\/\/i0.wp.com\/wobronietradycjiiwiary.com\/wp-content\/uploads\/2026\/01\/Pieter_Neeffs_-_A_Church_at_Night_with_a_Priest_celebrating_Mass_in_a_side_Chapel_-_MeisterDrucke-837370.jpg?resize=1050%2C600&ssl=1 3x"},"classes":[]}],"jetpack_featured_media_url":"https:\/\/wobronietradycjiiwiary.com\/wp-content\/uploads\/2026\/01\/Pieter_Neeffs_-_A_Church_at_Night_with_a_Priest_celebrating_Mass_in_a_side_Chapel_-_MeisterDrucke-837370-1.jpg","_links":{"self":[{"href":"https:\/\/wobronietradycjiiwiary.com\/pl\/wp-json\/wp\/v2\/posts\/158873","targetHints":{"allow":["GET"]}}],"collection":[{"href":"https:\/\/wobronietradycjiiwiary.com\/pl\/wp-json\/wp\/v2\/posts"}],"about":[{"href":"https:\/\/wobronietradycjiiwiary.com\/pl\/wp-json\/wp\/v2\/types\/post"}],"author":[{"embeddable":true,"href":"https:\/\/wobronietradycjiiwiary.com\/pl\/wp-json\/wp\/v2\/users\/60508433"}],"replies":[{"embeddable":true,"href":"https:\/\/wobronietradycjiiwiary.com\/pl\/wp-json\/wp\/v2\/comments?post=158873"}],"version-history":[{"count":7,"href":"https:\/\/wobronietradycjiiwiary.com\/pl\/wp-json\/wp\/v2\/posts\/158873\/revisions"}],"predecessor-version":[{"id":159053,"href":"https:\/\/wobronietradycjiiwiary.com\/pl\/wp-json\/wp\/v2\/posts\/158873\/revisions\/159053"}],"wp:featuredmedia":[{"embeddable":true,"href":"https:\/\/wobronietradycjiiwiary.com\/pl\/wp-json\/wp\/v2\/media\/158875"}],"wp:attachment":[{"href":"https:\/\/wobronietradycjiiwiary.com\/pl\/wp-json\/wp\/v2\/media?parent=158873"}],"wp:term":[{"taxonomy":"category","embeddable":true,"href":"https:\/\/wobronietradycjiiwiary.com\/pl\/wp-json\/wp\/v2\/categories?post=158873"},{"taxonomy":"post_tag","embeddable":true,"href":"https:\/\/wobronietradycjiiwiary.com\/pl\/wp-json\/wp\/v2\/tags?post=158873"}],"curies":[{"name":"wp","href":"https:\/\/api.w.org\/{rel}","templated":true}]}}