{"id":157152,"date":"2025-12-13T08:15:36","date_gmt":"2025-12-13T07:15:36","guid":{"rendered":"https:\/\/wobronietradycjiiwiary.com\/?p=157152"},"modified":"2025-11-29T18:02:25","modified_gmt":"2025-11-29T17:02:25","slug":"boze-co-za-belkot-lub-eschatologia-ratzingera-2","status":"publish","type":"post","link":"https:\/\/wobronietradycjiiwiary.com\/pl\/boze-co-za-belkot-lub-eschatologia-ratzingera-2\/","title":{"rendered":"\u015aw. \u0141ucja, celibat i eschatologia Ratzingera"},"content":{"rendered":"<div id=\"bsf_rt_marker\"><\/div>\n<p class=\"wp-block-paragraph\"><\/p>\n\n\n\n<p class=\"has-text-align-justify wp-block-paragraph\">Wbrew pozorom autor stosuje si\u0119 do w\u0142asnych rad i niekiedy g\u0142\u0119boko prze\u017cywa swoje w\u0142asne <a href=\"https:\/\/wobronietradycjiiwiary.com\/pl\/tomasz-z-akwinu-q-88-1-z-4-sad-powszechny-czas-i-miejsce-1-czy-bedzie-sad-powszechny\/\">wpisy <\/a>i lektury. <\/p>\n\n\n\n<p class=\"has-text-align-justify wp-block-paragraph\">Dzisiaj rano robi\u0105c kaw\u0119 pomy\u015bla\u0142, \u017ce dok\u0142adnie te wszystkie uczynki i niewykluczone, \u017ce tak\u017ce jego my\u015bli wszyscy zobacz\u0105 na S\u0105dzie Powszechnym jakby w live stream&#8217;ie.<\/p>\n\n\n\n<p class=\"has-text-align-justify wp-block-paragraph\">To mocno przera\u017caj\u0105ce, chocia\u017c autor niczego z\u0142ego nie zrobi\u0142, a podczas swoich czynno\u015bci rozmy\u015bla\u0142 o m\u0119cze\u0144stwie \u015bw. \u0141ucji oraz o wadze dziewictwa, skoro liturgia m\u00f3wi nam dzisiaj:<\/p>\n\n\n\n<blockquote class=\"wp-block-quote is-layout-flow wp-block-quote-is-layout-flow\">\n<p class=\"has-medium-font-size wp-block-paragraph\"><em><mark style=\"background-color:rgba(0, 0, 0, 0)\" class=\"has-inline-color has-vivid-red-color\">\u211f.<\/mark><\/em>&nbsp;\u0141ucjo Panno o co mi\u0119 prosisz, co sama zaraz uczyni\u0107 mo\u017cesz Matce twej? Bo i wiara twoja onej dopomog\u0142a i oto zbawiona jest:<br \/><mark style=\"background-color:rgba(0, 0, 0, 0)\" class=\"has-inline-color has-vivid-red-color\">* <\/mark>Bo\u015b mi\u0142y przybytek Bogu w swym panie\u0144stwie [dziewictwie] zgotowa\u0142a.<br \/><em><mark style=\"background-color:rgba(0, 0, 0, 0)\" class=\"has-inline-color has-vivid-red-color\">\u2123.<\/mark><\/em>&nbsp;Jaka przez mi\u0119 miasto Katane\u0144skie Chrystus wywy\u017cszy\u0142, tak przez ci\u0119 Syrakuzkie miasto ozdobione b\u0119dzie.<br \/><em><mark style=\"background-color:rgba(0, 0, 0, 0)\" class=\"has-inline-color has-vivid-red-color\">\u211f<\/mark>.<\/em>&nbsp;Bo\u015b mi\u0142y przybytek Bogu w swym panie\u0144stwie [dziewictwie] zgotowa\u0142a.<\/p>\n<\/blockquote>\n\n\n\n<p class=\"wp-block-paragraph\"><\/p>\n\n\n\n<p class=\"wp-block-paragraph\">Jak <a href=\"https:\/\/wobronietradycjiiwiary.com\/pl\/13-go-grudnia-zywot-swietej-lucyi-panny-i-meczenniczki-3-2-2\/\">pami\u0119tamy <\/a>z m\u0119cze\u0144stwa \u015bw. \u0141ucji, zdaniem jej samej, dziewictwo jest warunkiem zamieszkania Ducha \u015aw.:<\/p>\n\n\n\n<blockquote class=\"wp-block-quote is-layout-flow wp-block-quote-is-layout-flow\">\n<p class=\"has-text-align-justify has-medium-font-size wp-block-paragraph\">Kt\u00f3rej gdy Paschazjusz pyta\u0142: A jest\u017ce w tobie Duch \u015awi\u0119ty? odpowiedzia\u0142a: Czy\u015bcie i pobo\u017cnie \u017cyj\u0105cy, ko\u015bcio\u0142em s\u0105 Ducha \u015awi\u0119tego. <\/p>\n\n\n\n<p class=\"has-text-align-justify has-medium-font-size wp-block-paragraph\">A on: Ka\u017ce ci\u0119 do nierz\u0105dnego domu zaprowadzi\u0107, aby ci\u0119 Duch \u015awi\u0119ty odbie\u017ca\u0142. Kt\u00f3remu panna: Je\u015bli poniewoln\u0105 karzesz zgwa\u0142ci\u0107, czysto\u015b\u0107 dwojako mi si\u0119 nagrodzi wi\u0119cej.<\/p>\n\n\n\n<p class=\"has-text-align-justify has-medium-font-size wp-block-paragraph\">Tedy Paschazjusz gniewem zapalony, \u0141ucj\u0119 kaza\u0142 tam zawlec. gdzieby czysto\u015b\u0107 jej zgwa\u0142cona by\u0142a. Ale za Boskiem zrz\u0105dzeniem tak si\u0119 sta\u0142o \u017ce panna tak mocno sta\u0142a, \u017ce \u017cadn\u0105 moc\u0105 z miejsca onego ruszona by\u0107 nie mog\u0142a. <\/p>\n\n\n\n<p class=\"has-text-align-justify has-medium-font-size wp-block-paragraph\">Dla czego starosta wko\u0142o niej smo\u0142\u0105, \u017cywic\u0105 i wrz\u0105cym olejem namazanej, ogie\u0144 zapali\u0107 kaza\u0142: ale gdy ani p\u0142omie\u0144 jej szkodzi\u0142, wiel\u0105 m\u0105k skatowanej, przebili jej gard\u0142o mieczem.<\/p>\n<\/blockquote>\n\n\n\n<p class=\"has-text-align-justify wp-block-paragraph\">Okazuje si\u0119, \u017ce Paschazjusz, jej oprawca, te\u017c by\u0142 tego zdania, \u017ce najpierw trzeba jej dziewictwo zniszczy\u0107, by zburzy\u0107 \u015bwi\u0105tyni\u0119 Ducha po to, by w przes\u0142uchaniu Duch \u015awi\u0119ty przez ni\u0105 nie przemawia\u0142 i nie &#8220;odszczekiwa\u0142a si\u0119&#8221; s\u0105dowi wprowadzaj\u0105c ten ostatni w zak\u0142opotanie.<\/p>\n\n\n\n<p class=\"has-text-align-justify wp-block-paragraph\">Skoro rzymskie Westalki musia\u0142y by\u0107 dziewicami, Pytia delficka r\u00f3wnie\u017c, to tak\u017ce religie poga\u0144skie zak\u0142ada\u0142y, \u017ce dziewictwo lub wstrzemi\u0119\u017aliwo\u015b\u0107 seksualna s\u0105 warunkiem zamieszkania w kim\u015b si\u0142y wy\u017cszej. Nale\u017ca\u0142oby t\u0119 tez\u0119 jeszcze przebada\u0107, ale a\u017c tak fa\u0142szywa nie jest.<\/p>\n\n\n\n<p class=\"has-text-align-justify wp-block-paragraph\">St\u0105d te\u017c autor zupe\u0142nie nie rozumie ludzi twierdz\u0105cych, \u017ce celibat ksi\u0119\u017cy jest p\u00f3\u017anym, bo \u015bredniowiecznym wymys\u0142em Ko\u015bcio\u0142a, \u017ce to wbrew naturze ludzkiej, \u017ce nigdy nie by\u0142 przestrzegany. <\/p>\n\n\n\n<p class=\"has-text-align-justify wp-block-paragraph\">Zwykle pogl\u0105dy te przedstawiaj\u0105 ksi\u0119\u017ca, kt\u00f3rzy jak Gene Gomulka kap\u0142a\u0144stwo porzucili, by sp\u0142odzi\u0107 dzieci, a kt\u00f3rzy przypuszczalnie celibatu i przedtem nie przestrzegali.<\/p>\n\n\n\n<p class=\"has-text-align-justify wp-block-paragraph\">Skoro kap\u0142an sprowadza Boga na ziemi\u0119, jest przeka\u017anikiem \u0142aski i jakby drug\u0105 Matk\u0105 Bosk\u0105 rodz\u0105c\u0105 przez kap\u0142a\u0144sko-chrystusowe &#8216;ja&#8217; Boga w sobie, to dlaczego on nie ma gotowa\u0107 w swoim ciele przybytku (<em>habitaculum<\/em>) Bogu, jak np. \u015bw. \u0141ucja? <\/p>\n\n\n\n<p class=\"has-text-align-justify wp-block-paragraph\">Przecie\u017c m\u00f3wi\u0105c &#8220;Ja Ci odpuszczam grzechy&#8221;, &#8220;Ja Ciebie chrzcz\u0119&#8221;, &#8220;To jest Cia\u0142o Moje&#8221; m\u00f3wi przez niego Chrystus. Jak wi\u0119c mo\u017cna w akcie seksualnym \u0142\u0105czy\u0107 swoje cz\u0142onki, nale\u017c\u0105ce do Chrystusa z kim\u015b innym? <\/p>\n\n\n\n<p class=\"has-text-align-justify wp-block-paragraph\">St\u0105d te\u017c ka\u017cdy grzech nieczysty kap\u0142ana jest r\u00f3wnocze\u015bnie \u015bwi\u0119tokradztwem, bo on &#8211; kap\u0142an &#8211; jest w\u0142a\u015bnie tym naczyniem Bogu po\u015bwi\u0119conym, kt\u00f3re bezcze\u015bci aktami seksualnymi.<\/p>\n\n\n\n<p class=\"has-text-align-justify wp-block-paragraph\">Przecie\u017c pr\u00f3ba pogodzenia kap\u0142a\u0144stwa z aktywno\u015bci\u0105 seksualn\u0105 zapoznaje ca\u0142kowicie jego duchowy wymiar. Poza tym jest to r\u00f3wnia pochy\u0142a. Za\u0142\u00f3\u017cmy, \u017ce ksi\u0119\u017com zezwoli si\u0119 na jedno ma\u0142\u017ce\u0144stwo. Od razu powstan\u0105 pytania:<\/p>\n\n\n\n<ul class=\"wp-block-list\">\n<li>A co, gdy zostanie wdowcem? Mo\u017ce o\u017ceni\u0107 si\u0119 po raz kolejny, a je\u015bli tak, to ile razy?<\/li>\n\n\n\n<li>Czy mo\u017ce si\u0119 rozwie\u015b\u0107 i o\u017ceni\u0107 powt\u00f3rnie? Je\u015bli tak, to ile razy?<\/li>\n\n\n\n<li>A co b\u0119dzie, jak go \u017cona opu\u015bci? Mo\u017ce wzi\u0105\u0107 sobie konkubin\u0119?<\/li>\n\n\n\n<li>Czy wolno mu mie\u0107 obok \u017cony kochank\u0119?<\/li>\n\n\n\n<li>Ile dzieci mie\u0107 mo\u017ce, a ile musi?<\/li>\n\n\n\n<li>Co b\u0119dzie, gdy do kobiet poci\u0105gu nie ma?<\/li>\n\n\n\n<li>Etc., etc.<\/li>\n<\/ul>\n\n\n\n<p class=\"wp-block-paragraph\"><\/p>\n\n\n\n<p class=\"has-text-align-justify wp-block-paragraph\">Zniesienie celibatu jest r\u00f3wni\u0105 pochy\u0142\u0105, po kt\u00f3rej ksi\u0119\u017ca potocz\u0105 si\u0119 dosy\u0107 szybko. A co z biskupami i ich rodzinami? Co z kardyna\u0142ami? Gorsi? Czy mog\u0105 si\u0119 \u017ceni\u0107 jako biskupi? Z m\u0119\u017cczyzn\u0105 z kobiet\u0105 czy z kimkolwiek b\u0105d\u017a?<\/p>\n\n\n\n<p class=\"wp-block-paragraph\">Ale powr\u00f3\u0107my do \u015bw. \u0141ucji i zadajmy zasadnicze pytanie:<\/p>\n\n\n\n<blockquote class=\"wp-block-quote is-layout-flow wp-block-quote-is-layout-flow\">\n<p class=\"has-text-align-justify has-medium-font-size wp-block-paragraph\">Czy znaczy to, \u017ce ludzie \u017cyj\u0105cy w ma\u0142\u017ce\u0144stwie s\u0105 w mniejszym stopniu \u015bwi\u0105tyniami Ducha \u015awi\u0119tego ni\u017c dziewice lub celibatariusze?<\/p>\n<\/blockquote>\n\n\n\n<p class=\"wp-block-paragraph\">Oczywi\u015bcie, \u017ce tak i Ko\u015bci\u00f3\u0142 zawsze to do Vat. II tak g\u0142osi\u0142.<\/p>\n\n\n\n<p class=\"has-text-align-justify wp-block-paragraph\">Przejd\u017amy jednak do czego\u015b innego. Autor <a href=\"https:\/\/wobronietradycjiiwiary.com\/pl\/tomasz-z-akwinu-q-88-1-z-4-sad-powszechny-czas-i-miejsce-1-czy-bedzie-sad-powszechny\/\">wczoraj <\/a>napisa\u0142, \u017ce Ratzinger z pewno\u015bci\u0105 <em>Sum\u0119 <\/em>\u015bw. Tomasza na temat S\u0105du Ostatecznego czyta\u0142. <\/p>\n\n\n\n<p class=\"has-text-align-justify wp-block-paragraph\">Dzisiaj nie jest tego ju\u017c tak pewny, poniewa\u017c Ratzinger w swojej eschatologii, kt\u00f3r\u0105 autor posiada nigdzie Akwinaty nie cytuje. Wspomniane eschatologia jest podr\u0119cznikiem akademickim, napisanym w roku 1977 i przeznaczonym dla student\u00f3w teologii.<\/p>\n\n\n\n<p class=\"has-text-align-justify wp-block-paragraph\">Zawiera ona przewa\u017cnie literatur\u0119 z lat 1960-tych i 1970-tych, \u017cadnych Ojc\u00f3w Ko\u015bcio\u0142a, \u017cadnych scholastyk\u00f3w i jest literackim be\u0142kotem, przy kt\u00f3rym naprawd\u0119 trudno stwierdzi\u0107, o co autorowi chodzi i co ma na my\u015bli.<\/p>\n\n\n\n<p class=\"has-text-align-justify wp-block-paragraph\">Pisz\u0105cy te s\u0142owa jeszcze jej do ko\u0144ca nie przeczyta\u0142, chocia\u017c ksi\u0105\u017ck\u0119 ma w swoim posiadniu od pocz\u0105tku lat 1990-tych. Oczy mu si\u0119 zamykaj\u0105 z tego braku konkret\u00f3w i nudy. <\/p>\n\n\n\n<p class=\"has-text-align-justify wp-block-paragraph\">Bardzo trudno i\u015b\u0107 jakim\u015b tropem my\u015bli, kt\u00f3rego po prostu nie ma. Sam Ratzinger stwierdzi\u0142, \u017ce jego eschatologia jest jego najbardziej dopracowanym obszarem teologii. O Bo\u017ce &#8230;!<\/p>\n\n\n\n<blockquote class=\"wp-block-quote is-layout-flow wp-block-quote-is-layout-flow\">\n<p class=\"has-text-align-justify has-medium-font-size wp-block-paragraph\">Czy Ratzinger zatem wierzy\u0142, \u017ce zmartwychwstanie dok\u0142adnie w tym samym ciele, kt\u00f3rym si\u0119 porusza i wszyscy ogl\u0105da\u0107 b\u0119d\u0105 wszystkie jego uczynki?<\/p>\n<\/blockquote>\n\n\n\n<p class=\"has-text-align-justify wp-block-paragraph\">Z pewno\u015bci\u0105 nie. <\/p>\n\n\n\n<blockquote class=\"wp-block-quote is-layout-flow wp-block-quote-is-layout-flow\">\n<p class=\"has-text-align-justify has-medium-font-size wp-block-paragraph\">A w co wierzy\u0142? <\/p>\n<\/blockquote>\n\n\n\n<p class=\"has-text-align-justify wp-block-paragraph\">Trudno powiedzie\u0107, przypuszczalnie w jaki\u015b konstrukt, kt\u00f3ry sobie sam utworzy\u0142 i kt\u00f3ry pozwala\u0142 mu prowadzi\u0107 swoje \u017cycie. Ma\u0142o wyzwa\u0144, ma\u0142o l\u0119ku przed \u015bmierci\u0105 i s\u0105dem. <\/p>\n\n\n\n<p class=\"has-text-align-justify wp-block-paragraph\">Oczywi\u015bcie, \u017ce pozosta\u0142ych dziedzinach teologii te\u017c nie by\u0142 ortodoksyjny, co ukrywa\u0142 pod setkami zapisanych pi\u0119knym, pokr\u0119tnym literackim j\u0119zykiem stron. <\/p>\n\n\n\n<p class=\"has-text-align-justify wp-block-paragraph\">Ka\u017cdy znajdzie w nich co\u015b dla siebie pami\u0119taj\u0105c o tym, \u017ce dla przyzwoito\u015bci nale\u017cy s\u0105dzi\u0107 na korzy\u015b\u0107 oskar\u017conego.<\/p>\n\n\n\n<p class=\"has-text-align-justify wp-block-paragraph\">Chyba jedynym dogmatem jego dogmatyki by\u0142o nie traktowa\u0107 niczego literalnie ani powa\u017cnie. Papiestwa oczywi\u015bcie te\u017c nie, gdy\u017c to musi ulec transformacji po to, by sta\u0142o si\u0119 bardziej wsp\u00f3\u0142czesne i ekumeniczne. Wszystko po to, by przypodoba\u0107 si\u0119 \u015bwiatu i heretykom.<\/p>\n\n\n\n<p class=\"has-text-align-justify wp-block-paragraph\">Tymczasem tak samo jak niezmienny jest B\u00f3g, tak samo niezmienne s\u0105 dogmaty wiary. Czy poprzednie pokolenia katolik\u00f3w trz\u0119s\u0142y si\u0119 przy <em>Dies irae <\/em>i na my\u015bl ognia piekielnego, bo by\u0142y za g\u0142upie? Oczywi\u015bcie, \u017ce tak &#8211; odrzekn\u0105 moderni\u015bci. My jeste\u015bmy lepsi, jedynie z tej przyczyny, \u017ce to my.<\/p>\n\n\n\n<p class=\"has-text-align-justify wp-block-paragraph\">Bo\u017ce co za narcyzm i g\u0142upota. Jak wszyscy b\u0119d\u0105 zaskoczeni na s\u0105dzie szczeg\u00f3\u0142owym i ostatecznym. <\/p>\n\n\n\n<p class=\"has-text-align-justify wp-block-paragraph\">Pisz\u0105cy te s\u0142owa zastanawia si\u0119, czy mo\u017ce Pan B\u00f3g b\u0119dzie dla nas \u0142agodniejszy, skoro tre\u015bci wiary zosta\u0142y do tego stopnia zafa\u0142szowane, \u017ce ma\u0142o kto ju\u017c wie, na czym katolicyzm polega. Przecie\u017c trzeba co\u015b zna\u0107, by m\u00f3c to odrzuci\u0107.<\/p>\n\n\n\n<p class=\"has-text-align-justify wp-block-paragraph\">Obawia si\u0119 jednak, \u017ce \u0142agodniejszy nie b\u0119dzie, bo by\u0142by niesprawiedliwy wobec wszystkich, kt\u00f3rych s\u0105dzi\u0142 wedle sta\u0142ych kryteri\u00f3w. <\/p>\n\n\n\n<p class=\"has-text-align-justify wp-block-paragraph\">Obecnie prawie wszyscy potrafi\u0105 czyta\u0107, prawie wszyscy maj\u0105 dost\u0119p do internetu, prawie wszyscy mog\u0105 si\u0119 sami edukowa\u0107 nie czekaj\u0105c na ksi\u0119dza.<\/p>\n\n\n\n<p class=\"has-text-align-justify wp-block-paragraph\">Z pewno\u015bci\u0105 g\u0142\u00f3wnym przekonaniem naszych czas\u00f3w jest to, \u017ce wszystko ma by\u0107 \u0142atwe i wygodne. St\u0105d wybieramy te przekonania w hipermarkecie pogl\u0105d\u00f3w, kt\u00f3re s\u0105 dla nas \u0142atwiejsze. <\/p>\n\n\n\n<p class=\"has-text-align-justify wp-block-paragraph\">Dlatego ludzie, kt\u00f3rzy jeszcze maj\u0105 krzt\u0119 wiary, trzymaj\u0105 si\u0119 Novus Ordo &#8211; zw\u0142aszcza ksi\u0119\u017ca. Gdyby to by\u0142o prawd\u0105, z tym S\u0105dem Ostatecznym, z nauk\u0105 o poznaniu my\u015bli i uczynk\u00f3w wszystkich przez wszystkich, to nale\u017ca\u0142oby zmieni\u0107 swoje \u017cycie, a to jest akurat niewygodne.<\/p>\n\n\n\n<p class=\"has-text-align-justify wp-block-paragraph\">Pisz\u0105cy te s\u0142owa zupe\u0142nie nie rozumie, jak Ratzinger m\u00f3g\u0142 by\u0107 jako profesor taki s\u0142awny i popularny, a ludzie nim zachwyceni. <\/p>\n\n\n\n<p class=\"has-text-align-justify wp-block-paragraph\">On sam widzi dzie\u0142ach przysz\u0142ego papie\u017ca jedynie literacki be\u0142kot stawiaj\u0105cy przed ka\u017cdym zas\u0142on\u0119 dymn\u0105 i zapewniaj\u0105cy go o tym, \u017ce jako\u015b tam b\u0119dzie, nie ma si\u0119 czego obawia\u0107, eschatologia jest tu i teraz, a &#8220;czas jest wa\u017cniejszy ni\u017c przestrze\u0144&#8221; (to tym razem Bergoglio), nie m\u00f3wi\u0105c ju\u017c o tym, \u017ce \u015bwistak zawija w sreberka.<\/p>\n\n\n\n<p class=\"has-text-align-justify wp-block-paragraph\">Oczywi\u015bcie taki Ratzinger przyda\u0142 si\u0119 diab\u0142u, by m\u0105ci\u0107 i porzuci\u0107 papiestwo dla Bergoglio. Takie to smutne, \u017ce nikt tego nie zauwa\u017ca, albo nie chce si\u0119 do tego przyzna\u0107.<\/p>\n\n\n\n<p class=\"has-text-align-justify wp-block-paragraph\">Autor uwa\u017ca, \u017ce katolicyzm ma dopiero wtedy sens, gdy traktuje si\u0119 wszystko dos\u0142ownie: cia\u0142a zmartwychwstanie, \u017cywot wieczny, S\u0105d, niebo, piek\u0142o i zdanie sprawy ze wszystkich uczynk\u00f3w w live streamie na ko\u0144cu czas\u00f3w. R\u00f3wnocze\u015bnie koryguje swoj\u0105 wczorajsz\u0105 wypowied\u017a, bo dzisiaj zak\u0142ada, \u017ce Ratzinger jednak \u015bw. Tomasza nie czyta\u0142.<\/p>\n\n\n\n<p class=\"has-text-align-justify wp-block-paragraph\">Trzeba po prostu porzuci\u0107 o tym, \u017ce religia jest wynikiem czas\u00f3w, stosunk\u00f3w spo\u0142ecznych, kultury lub m\u00f3wi\u0105c wprost jest wytworzona przez cz\u0142owieka. <\/p>\n\n\n\n<p class=\"has-text-align-justify wp-block-paragraph\">Nie jest tak\u0105, je\u015bli B\u00f3g istnieje i da\u0142 swoje Objawienie. Je\u015bli B\u00f3g si\u0119 objawi\u0142, to nie jest mo\u017cliwe, by ka\u017cde pokolenie interpretowa\u0142o je sobie na nowo, opuszczaj\u0105c to, co mu akurat nie odpowiada.<\/p>\n\n\n\n<p class=\"has-text-align-justify wp-block-paragraph\">\u015aredniowiecze na skutek najwi\u0119kszego nasycenia sacrum mia\u0142o najbardziej obiektywny pogl\u0105d na wymagania Boga, st\u0105d te\u017c najbardziej si\u0119 Boga ba\u0142o. <\/p>\n\n\n\n<p class=\"has-text-align-justify wp-block-paragraph\">Przecie\u017c ludzie w dobrze o\u015bwietlonym pomieszczeniu r\u00f3wnie\u017c najlepiej widz\u0105. Ludzie te\u017c grzeszyli, ale jednak du\u017co mniej ni\u017c obecnie \u015bwiadomi tego, \u017ce to jednak grzechy. <\/p>\n\n\n\n<p class=\"has-text-align-justify wp-block-paragraph\">Homoseksualizm &#8211; grzech sodomski &#8211; zwany by\u0142 &#8220;grzechem niemym&#8221;, bo si\u0119 o tym nie rozmawia\u0142o, a mn\u00f3stwo os\u00f3b nie wiedzia\u0142o, \u017ce co\u015b takiego w og\u00f3le istnieje.<\/p>\n\n\n\n<p class=\"wp-block-paragraph\">Wi\u0119c dlaczego B\u00f3g ma by\u0107 bardziej wyrozumia\u0142y dla kogo\u015b, kto umiera w roku 2024 ni\u017c dla tego, kto umar\u0142 w roku 1224? Skoro to ten sam B\u00f3g i te same regu\u0142y, to nie b\u0119dzie. Przecie\u017c cz\u0142owiek z roku 1224 te\u017c by\u0142 cz\u0142owiekiem wsp\u00f3\u0142czesnym, a wszystkiego na swoje kopyto nie przerabia\u0142.<\/p>\n\n\n\n<p class=\"has-text-align-justify wp-block-paragraph\">Nie my\u015blmy, \u017ce wykr\u0119cimy si\u0119 tym, \u017ce mieli\u015bmy tak koszmarnych i gorsz\u0105cych nas ksi\u0119\u017cy, biskup\u00f3w, kardyna\u0142\u00f3w i papie\u017cy z Dziwiszem i Franciszkiem na czele. <\/p>\n\n\n\n<p class=\"has-text-align-justify wp-block-paragraph\">Nie wykr\u0119cimy si\u0119, bo b\u0119dziemy s\u0105dzeni indywidualnie, a S\u0105d Ostateczny to nie szko\u0142a, nie mo\u017cna usprawiedliwi\u0107 si\u0119 zapomnieniem zeszytu. Amen.<\/p>\n\n\n\n<div class=\"wp-block-cover aligncenter\" style=\"min-height:361px;aspect-ratio:unset;\"><img fetchpriority=\"high\" decoding=\"async\" width=\"524\" height=\"539\" data-attachment-id=\"115630\" data-permalink=\"https:\/\/wobronietradycjiiwiary.com\/pl\/church-militant-o-naduzyciach-seksualnych-w-bractwie-sw-piusa-x-nowy-cykl\/ec48bf44892c29b895741920e0bdef09-2\/\" data-orig-file=\"https:\/\/wobronietradycjiiwiary.com\/wp-content\/uploads\/2024\/04\/ec48bf44892c29b895741920e0bdef09.jpg\" data-orig-size=\"524,539\" data-comments-opened=\"1\" data-image-meta=\"{&quot;aperture&quot;:&quot;0&quot;,&quot;credit&quot;:&quot;&quot;,&quot;camera&quot;:&quot;&quot;,&quot;caption&quot;:&quot;&quot;,&quot;created_timestamp&quot;:&quot;0&quot;,&quot;copyright&quot;:&quot;&quot;,&quot;focal_length&quot;:&quot;0&quot;,&quot;iso&quot;:&quot;0&quot;,&quot;shutter_speed&quot;:&quot;0&quot;,&quot;title&quot;:&quot;&quot;,&quot;orientation&quot;:&quot;0&quot;}\" data-image-title=\"ec48bf44892c29b895741920e0bdef09\" data-image-description=\"\" data-image-caption=\"\" data-large-file=\"https:\/\/wobronietradycjiiwiary.com\/wp-content\/uploads\/2024\/04\/ec48bf44892c29b895741920e0bdef09.jpg\" class=\"wp-block-cover__image-background wp-image-115630\" alt=\"\" src=\"https:\/\/wobronietradycjiiwiary.com\/wp-content\/uploads\/2024\/04\/ec48bf44892c29b895741920e0bdef09.jpg\" style=\"object-position:57% 0%\" data-object-fit=\"cover\" data-object-position=\"57% 0%\" srcset=\"https:\/\/wobronietradycjiiwiary.com\/wp-content\/uploads\/2024\/04\/ec48bf44892c29b895741920e0bdef09.jpg 524w, https:\/\/wobronietradycjiiwiary.com\/wp-content\/uploads\/2024\/04\/ec48bf44892c29b895741920e0bdef09-450x463.jpg 450w, https:\/\/wobronietradycjiiwiary.com\/wp-content\/uploads\/2024\/04\/ec48bf44892c29b895741920e0bdef09-292x300.jpg 292w, https:\/\/wobronietradycjiiwiary.com\/wp-content\/uploads\/2024\/04\/ec48bf44892c29b895741920e0bdef09-146x150.jpg 146w, https:\/\/wobronietradycjiiwiary.com\/wp-content\/uploads\/2024\/04\/ec48bf44892c29b895741920e0bdef09-12x12.jpg 12w, https:\/\/wobronietradycjiiwiary.com\/wp-content\/uploads\/2024\/04\/ec48bf44892c29b895741920e0bdef09-58x60.jpg 58w, https:\/\/wobronietradycjiiwiary.com\/wp-content\/uploads\/2024\/04\/ec48bf44892c29b895741920e0bdef09-87x90.jpg 87w\" sizes=\"(max-width: 524px) 100vw, 524px\" \/><span aria-hidden=\"true\" class=\"wp-block-cover__background has-background-dim\"><\/span><div class=\"wp-block-cover__inner-container is-layout-flow wp-block-cover-is-layout-flow\">\n<p class=\"has-text-align-center has-large-font-size wp-block-paragraph\"><mark style=\"background-color:rgba(0, 0, 0, 0)\" class=\"has-inline-color has-luminous-vivid-amber-color\"><strong>Spodoba\u0142o si\u0119? Wspieraj nas!<\/strong><\/mark><\/p>\n\n\n\n<p class=\"has-text-align-center wp-block-paragraph\"><strong>Kart\u0105, paypalem lub bezpo\u015brednim przelewem<\/strong>.<\/p>\n\n\n\n<p class=\"has-text-align-center wp-block-paragraph\" style=\"font-size:39px\"><a aria-label=\" (opens in a new tab)\" class=\"ek-link\" href=\"https:\/\/donate.stripe.com\/6oE7uNfHU4nXe2I7su\" target=\"_blank\" rel=\"noreferrer noopener\"><mark style=\"background-color:rgba(0, 0, 0, 0)\" class=\"has-inline-color has-white-color\"><strong>Datki<\/strong> <\/mark><\/a><\/p>\n<\/div><\/div>\n","protected":false},"excerpt":{"rendered":"<p>O S\u0105dzie Ostatecznym, celibacie, \u015bw. \u0141ucji i eschatologii Ratzingera.<\/p>\n","protected":false},"author":60508433,"featured_media":125528,"comment_status":"open","ping_status":"open","sticky":false,"template":"","format":"standard","meta":{"_bbp_topic_count":0,"_bbp_reply_count":0,"_bbp_total_topic_count":0,"_bbp_total_reply_count":0,"_bbp_voice_count":0,"_bbp_anonymous_reply_count":0,"_bbp_topic_count_hidden":0,"_bbp_reply_count_hidden":0,"_bbp_forum_subforum_count":0,"_editorskit_title_hidden":false,"_editorskit_reading_time":0,"_editorskit_is_block_options_detached":false,"_editorskit_block_options_position":"{}","_coblocks_attr":"","_coblocks_dimensions":"","_coblocks_responsive_height":"","_coblocks_accordion_ie_support":"","_exactmetrics_skip_tracking":false,"_jetpack_newsletter_access":"","_jetpack_dont_email_post_to_subs":false,"_jetpack_newsletter_tier_id":0,"_jetpack_memberships_contains_paywalled_content":false,"_wpcom_ai_launchpad_first_post":false,"_jetpack_feature_clip_id":0,"_jetpack_memberships_contains_paid_content":false,"footnotes":"","jetpack_publicize_message":"{title}\n\n{excerpt}\n\n{url}","jetpack_publicize_feature_enabled":true,"jetpack_social_post_already_shared":true,"jetpack_social_options":{"image_generator_settings":{"template":"highway","default_image_id":0,"font":"","enabled":false},"version":2},"_wpas_customize_per_network":false,"jetpack_post_was_ever_published":false},"categories":[610131827,610131215,610131184,610135401,336375535,610131186,610131268,610131155],"tags":[610134805],"class_list":["post-157152","post","type-post","status-publish","format-standard","has-post-thumbnail","hentry","category-swieta-w-grudniu","category-autorzy-polemiczni","category-duchowosc","category-gene-gomulka","category-liturgia-i-liturgika","category-polemika","category-rok-liturgiczny","category-rozwazania","tag-gene-gomulka"],"yoast_head":"<!-- This site is optimized with the Yoast SEO plugin v28.4 - https:\/\/yoast.com\/product\/yoast-seo-wordpress\/ -->\n<title>\u015aw. \u0141ucja, celibat i eschatologia Ratzingera - Tradycja i Wiara<\/title>\n<meta name=\"robots\" content=\"index, follow, max-snippet:-1, max-image-preview:large, max-video-preview:-1\" \/>\n<link rel=\"canonical\" href=\"https:\/\/wobronietradycjiiwiary.com\/pl\/boze-co-za-belkot-lub-eschatologia-ratzingera-2\/\" \/>\n<meta property=\"og:locale\" content=\"pl_PL\" \/>\n<meta property=\"og:type\" content=\"article\" \/>\n<meta property=\"og:title\" content=\"\u015aw. \u0141ucja, celibat i eschatologia Ratzingera - Tradycja i Wiara\" \/>\n<meta property=\"og:description\" content=\"O S\u0105dzie Ostatecznym, celibacie, \u015bw. \u0141ucji i eschatologii Ratzingera.\" \/>\n<meta property=\"og:url\" content=\"https:\/\/wobronietradycjiiwiary.com\/pl\/boze-co-za-belkot-lub-eschatologia-ratzingera-2\/\" \/>\n<meta property=\"og:site_name\" content=\"Tradycja i Wiara\" \/>\n<meta property=\"article:publisher\" content=\"https:\/\/www.facebook.com\/Tradycja-i-Wiara-108813920592249\" \/>\n<meta property=\"article:published_time\" content=\"2025-12-13T07:15:36+00:00\" \/>\n<meta property=\"og:image\" content=\"https:\/\/wobronietradycjiiwiary.com\/wp-content\/uploads\/2024\/12\/images.jpg\" \/>\n\t<meta property=\"og:image:width\" content=\"260\" \/>\n\t<meta property=\"og:image:height\" content=\"194\" \/>\n\t<meta property=\"og:image:type\" content=\"image\/jpeg\" \/>\n<meta name=\"author\" content=\"Traditio et Fides\" \/>\n<meta name=\"twitter:card\" content=\"summary_large_image\" \/>\n<meta name=\"twitter:label1\" content=\"Napisane przez\" \/>\n\t<meta name=\"twitter:data1\" content=\"Traditio et Fides\" \/>\n\t<meta name=\"twitter:label2\" content=\"Szacowany czas czytania\" \/>\n\t<meta name=\"twitter:data2\" content=\"9 minut\" \/>\n<script type=\"application\/ld+json\" class=\"yoast-schema-graph\">{\"@context\":\"https:\\\/\\\/schema.org\",\"@graph\":[{\"@type\":\"Article\",\"@id\":\"https:\\\/\\\/wobronietradycjiiwiary.com\\\/boze-co-za-belkot-lub-eschatologia-ratzingera-2\\\/#article\",\"isPartOf\":{\"@id\":\"https:\\\/\\\/wobronietradycjiiwiary.com\\\/boze-co-za-belkot-lub-eschatologia-ratzingera-2\\\/\"},\"author\":{\"name\":\"Traditio et Fides\",\"@id\":\"https:\\\/\\\/wobronietradycjiiwiary.com\\\/pl\\\/#\\\/schema\\\/person\\\/2d6180ce6abcb681fef0daab7816e8f3\"},\"headline\":\"\u015aw. \u0141ucja, celibat i eschatologia Ratzingera\",\"datePublished\":\"2025-12-13T07:15:36+00:00\",\"mainEntityOfPage\":{\"@id\":\"https:\\\/\\\/wobronietradycjiiwiary.com\\\/boze-co-za-belkot-lub-eschatologia-ratzingera-2\\\/\"},\"wordCount\":1825,\"commentCount\":0,\"publisher\":{\"@id\":\"https:\\\/\\\/wobronietradycjiiwiary.com\\\/pl\\\/#organization\"},\"image\":{\"@id\":\"https:\\\/\\\/wobronietradycjiiwiary.com\\\/boze-co-za-belkot-lub-eschatologia-ratzingera-2\\\/#primaryimage\"},\"thumbnailUrl\":\"https:\\\/\\\/wobronietradycjiiwiary.com\\\/wp-content\\\/uploads\\\/2024\\\/12\\\/images.jpg\",\"keywords\":[\"Gene Gomulka\"],\"articleSection\":[\"12. \u015awi\u0119ta w grudniu\",\"Autorzy polemiczni\",\"Duchowo\u015b\u0107\",\"Gene Gomulka\",\"Liturgia i liturgika\",\"Polemika\",\"Rok liturgiczny\",\"Rozwa\u017cania liturgiczne\"],\"inLanguage\":\"pl-PL\",\"potentialAction\":[{\"@type\":\"CommentAction\",\"name\":\"Comment\",\"target\":[\"https:\\\/\\\/wobronietradycjiiwiary.com\\\/boze-co-za-belkot-lub-eschatologia-ratzingera-2\\\/#respond\"]}]},{\"@type\":\"WebPage\",\"@id\":\"https:\\\/\\\/wobronietradycjiiwiary.com\\\/boze-co-za-belkot-lub-eschatologia-ratzingera-2\\\/\",\"url\":\"https:\\\/\\\/wobronietradycjiiwiary.com\\\/boze-co-za-belkot-lub-eschatologia-ratzingera-2\\\/\",\"name\":\"\u015aw. \u0141ucja, celibat i eschatologia Ratzingera - Tradycja i Wiara\",\"isPartOf\":{\"@id\":\"https:\\\/\\\/wobronietradycjiiwiary.com\\\/pl\\\/#website\"},\"primaryImageOfPage\":{\"@id\":\"https:\\\/\\\/wobronietradycjiiwiary.com\\\/boze-co-za-belkot-lub-eschatologia-ratzingera-2\\\/#primaryimage\"},\"image\":{\"@id\":\"https:\\\/\\\/wobronietradycjiiwiary.com\\\/boze-co-za-belkot-lub-eschatologia-ratzingera-2\\\/#primaryimage\"},\"thumbnailUrl\":\"https:\\\/\\\/wobronietradycjiiwiary.com\\\/wp-content\\\/uploads\\\/2024\\\/12\\\/images.jpg\",\"datePublished\":\"2025-12-13T07:15:36+00:00\",\"breadcrumb\":{\"@id\":\"https:\\\/\\\/wobronietradycjiiwiary.com\\\/boze-co-za-belkot-lub-eschatologia-ratzingera-2\\\/#breadcrumb\"},\"inLanguage\":\"pl-PL\",\"potentialAction\":[{\"@type\":\"ReadAction\",\"target\":[\"https:\\\/\\\/wobronietradycjiiwiary.com\\\/boze-co-za-belkot-lub-eschatologia-ratzingera-2\\\/\"]}]},{\"@type\":\"ImageObject\",\"inLanguage\":\"pl-PL\",\"@id\":\"https:\\\/\\\/wobronietradycjiiwiary.com\\\/boze-co-za-belkot-lub-eschatologia-ratzingera-2\\\/#primaryimage\",\"url\":\"https:\\\/\\\/wobronietradycjiiwiary.com\\\/wp-content\\\/uploads\\\/2024\\\/12\\\/images.jpg\",\"contentUrl\":\"https:\\\/\\\/wobronietradycjiiwiary.com\\\/wp-content\\\/uploads\\\/2024\\\/12\\\/images.jpg\",\"width\":260,\"height\":194},{\"@type\":\"BreadcrumbList\",\"@id\":\"https:\\\/\\\/wobronietradycjiiwiary.com\\\/boze-co-za-belkot-lub-eschatologia-ratzingera-2\\\/#breadcrumb\",\"itemListElement\":[{\"@type\":\"ListItem\",\"position\":1,\"name\":\"Strona g\u0142\u00f3wna\",\"item\":\"https:\\\/\\\/wobronietradycjiiwiary.com\\\/\"},{\"@type\":\"ListItem\",\"position\":2,\"name\":\"\u015aw. \u0141ucja, celibat i eschatologia Ratzingera\"}]},{\"@type\":\"WebSite\",\"@id\":\"https:\\\/\\\/wobronietradycjiiwiary.com\\\/pl\\\/#website\",\"url\":\"https:\\\/\\\/wobronietradycjiiwiary.com\\\/pl\\\/\",\"name\":\"Tradycja i Wiara\",\"description\":\"Portal dla katolik\u00f3w.\",\"publisher\":{\"@id\":\"https:\\\/\\\/wobronietradycjiiwiary.com\\\/pl\\\/#organization\"},\"potentialAction\":[{\"@type\":\"SearchAction\",\"target\":{\"@type\":\"EntryPoint\",\"urlTemplate\":\"https:\\\/\\\/wobronietradycjiiwiary.com\\\/pl\\\/?s={search_term_string}\"},\"query-input\":{\"@type\":\"PropertyValueSpecification\",\"valueRequired\":true,\"valueName\":\"search_term_string\"}}],\"inLanguage\":\"pl-PL\"},{\"@type\":\"Organization\",\"@id\":\"https:\\\/\\\/wobronietradycjiiwiary.com\\\/pl\\\/#organization\",\"name\":\"Tradycja i Wiara\",\"url\":\"https:\\\/\\\/wobronietradycjiiwiary.com\\\/pl\\\/\",\"logo\":{\"@type\":\"ImageObject\",\"inLanguage\":\"pl-PL\",\"@id\":\"https:\\\/\\\/wobronietradycjiiwiary.com\\\/pl\\\/#\\\/schema\\\/logo\\\/image\\\/\",\"url\":\"https:\\\/\\\/i0.wp.com\\\/wobronietradycjiiwiary.com\\\/wp-content\\\/uploads\\\/2015\\\/10\\\/cropped-st-peters-dome-vatican.jpg?fit=940%2C198&ssl=1\",\"contentUrl\":\"https:\\\/\\\/i0.wp.com\\\/wobronietradycjiiwiary.com\\\/wp-content\\\/uploads\\\/2015\\\/10\\\/cropped-st-peters-dome-vatican.jpg?fit=940%2C198&ssl=1\",\"width\":940,\"height\":198,\"caption\":\"Tradycja i Wiara\"},\"image\":{\"@id\":\"https:\\\/\\\/wobronietradycjiiwiary.com\\\/pl\\\/#\\\/schema\\\/logo\\\/image\\\/\"},\"sameAs\":[\"https:\\\/\\\/www.facebook.com\\\/Tradycja-i-Wiara-108813920592249\"]},{\"@type\":\"Person\",\"@id\":\"https:\\\/\\\/wobronietradycjiiwiary.com\\\/pl\\\/#\\\/schema\\\/person\\\/2d6180ce6abcb681fef0daab7816e8f3\",\"name\":\"Traditio et Fides\",\"sameAs\":[\"https:\\\/\\\/traditionundglauben.com\"],\"url\":\"https:\\\/\\\/wobronietradycjiiwiary.com\\\/pl\\\/author\\\/wobronietradycjiiwiary\\\/\"}]}<\/script>\n<!-- \/ Yoast SEO plugin. -->","yoast_head_json":{"title":"\u015aw. \u0141ucja, celibat i eschatologia Ratzingera - Tradycja i Wiara","robots":{"index":"index","follow":"follow","max-snippet":"max-snippet:-1","max-image-preview":"max-image-preview:large","max-video-preview":"max-video-preview:-1"},"canonical":"https:\/\/wobronietradycjiiwiary.com\/pl\/boze-co-za-belkot-lub-eschatologia-ratzingera-2\/","og_locale":"pl_PL","og_type":"article","og_title":"\u015aw. \u0141ucja, celibat i eschatologia Ratzingera - Tradycja i Wiara","og_description":"O S\u0105dzie Ostatecznym, celibacie, \u015bw. \u0141ucji i eschatologii Ratzingera.","og_url":"https:\/\/wobronietradycjiiwiary.com\/pl\/boze-co-za-belkot-lub-eschatologia-ratzingera-2\/","og_site_name":"Tradycja i Wiara","article_publisher":"https:\/\/www.facebook.com\/Tradycja-i-Wiara-108813920592249","article_published_time":"2025-12-13T07:15:36+00:00","og_image":[{"width":260,"height":194,"url":"https:\/\/wobronietradycjiiwiary.com\/wp-content\/uploads\/2024\/12\/images.jpg","type":"image\/jpeg"}],"author":"Traditio et Fides","twitter_card":"summary_large_image","twitter_misc":{"Napisane przez":"Traditio et Fides","Szacowany czas czytania":"9 minut"},"schema":{"@context":"https:\/\/schema.org","@graph":[{"@type":"Article","@id":"https:\/\/wobronietradycjiiwiary.com\/boze-co-za-belkot-lub-eschatologia-ratzingera-2\/#article","isPartOf":{"@id":"https:\/\/wobronietradycjiiwiary.com\/boze-co-za-belkot-lub-eschatologia-ratzingera-2\/"},"author":{"name":"Traditio et Fides","@id":"https:\/\/wobronietradycjiiwiary.com\/pl\/#\/schema\/person\/2d6180ce6abcb681fef0daab7816e8f3"},"headline":"\u015aw. \u0141ucja, celibat i eschatologia Ratzingera","datePublished":"2025-12-13T07:15:36+00:00","mainEntityOfPage":{"@id":"https:\/\/wobronietradycjiiwiary.com\/boze-co-za-belkot-lub-eschatologia-ratzingera-2\/"},"wordCount":1825,"commentCount":0,"publisher":{"@id":"https:\/\/wobronietradycjiiwiary.com\/pl\/#organization"},"image":{"@id":"https:\/\/wobronietradycjiiwiary.com\/boze-co-za-belkot-lub-eschatologia-ratzingera-2\/#primaryimage"},"thumbnailUrl":"https:\/\/wobronietradycjiiwiary.com\/wp-content\/uploads\/2024\/12\/images.jpg","keywords":["Gene Gomulka"],"articleSection":["12. \u015awi\u0119ta w grudniu","Autorzy polemiczni","Duchowo\u015b\u0107","Gene Gomulka","Liturgia i liturgika","Polemika","Rok liturgiczny","Rozwa\u017cania liturgiczne"],"inLanguage":"pl-PL","potentialAction":[{"@type":"CommentAction","name":"Comment","target":["https:\/\/wobronietradycjiiwiary.com\/boze-co-za-belkot-lub-eschatologia-ratzingera-2\/#respond"]}]},{"@type":"WebPage","@id":"https:\/\/wobronietradycjiiwiary.com\/boze-co-za-belkot-lub-eschatologia-ratzingera-2\/","url":"https:\/\/wobronietradycjiiwiary.com\/boze-co-za-belkot-lub-eschatologia-ratzingera-2\/","name":"\u015aw. \u0141ucja, celibat i eschatologia Ratzingera - Tradycja i Wiara","isPartOf":{"@id":"https:\/\/wobronietradycjiiwiary.com\/pl\/#website"},"primaryImageOfPage":{"@id":"https:\/\/wobronietradycjiiwiary.com\/boze-co-za-belkot-lub-eschatologia-ratzingera-2\/#primaryimage"},"image":{"@id":"https:\/\/wobronietradycjiiwiary.com\/boze-co-za-belkot-lub-eschatologia-ratzingera-2\/#primaryimage"},"thumbnailUrl":"https:\/\/wobronietradycjiiwiary.com\/wp-content\/uploads\/2024\/12\/images.jpg","datePublished":"2025-12-13T07:15:36+00:00","breadcrumb":{"@id":"https:\/\/wobronietradycjiiwiary.com\/boze-co-za-belkot-lub-eschatologia-ratzingera-2\/#breadcrumb"},"inLanguage":"pl-PL","potentialAction":[{"@type":"ReadAction","target":["https:\/\/wobronietradycjiiwiary.com\/boze-co-za-belkot-lub-eschatologia-ratzingera-2\/"]}]},{"@type":"ImageObject","inLanguage":"pl-PL","@id":"https:\/\/wobronietradycjiiwiary.com\/boze-co-za-belkot-lub-eschatologia-ratzingera-2\/#primaryimage","url":"https:\/\/wobronietradycjiiwiary.com\/wp-content\/uploads\/2024\/12\/images.jpg","contentUrl":"https:\/\/wobronietradycjiiwiary.com\/wp-content\/uploads\/2024\/12\/images.jpg","width":260,"height":194},{"@type":"BreadcrumbList","@id":"https:\/\/wobronietradycjiiwiary.com\/boze-co-za-belkot-lub-eschatologia-ratzingera-2\/#breadcrumb","itemListElement":[{"@type":"ListItem","position":1,"name":"Strona g\u0142\u00f3wna","item":"https:\/\/wobronietradycjiiwiary.com\/"},{"@type":"ListItem","position":2,"name":"\u015aw. \u0141ucja, celibat i eschatologia Ratzingera"}]},{"@type":"WebSite","@id":"https:\/\/wobronietradycjiiwiary.com\/pl\/#website","url":"https:\/\/wobronietradycjiiwiary.com\/pl\/","name":"Tradycja i Wiara","description":"Portal dla katolik\u00f3w.","publisher":{"@id":"https:\/\/wobronietradycjiiwiary.com\/pl\/#organization"},"potentialAction":[{"@type":"SearchAction","target":{"@type":"EntryPoint","urlTemplate":"https:\/\/wobronietradycjiiwiary.com\/pl\/?s={search_term_string}"},"query-input":{"@type":"PropertyValueSpecification","valueRequired":true,"valueName":"search_term_string"}}],"inLanguage":"pl-PL"},{"@type":"Organization","@id":"https:\/\/wobronietradycjiiwiary.com\/pl\/#organization","name":"Tradycja i Wiara","url":"https:\/\/wobronietradycjiiwiary.com\/pl\/","logo":{"@type":"ImageObject","inLanguage":"pl-PL","@id":"https:\/\/wobronietradycjiiwiary.com\/pl\/#\/schema\/logo\/image\/","url":"https:\/\/i0.wp.com\/wobronietradycjiiwiary.com\/wp-content\/uploads\/2015\/10\/cropped-st-peters-dome-vatican.jpg?fit=940%2C198&ssl=1","contentUrl":"https:\/\/i0.wp.com\/wobronietradycjiiwiary.com\/wp-content\/uploads\/2015\/10\/cropped-st-peters-dome-vatican.jpg?fit=940%2C198&ssl=1","width":940,"height":198,"caption":"Tradycja i Wiara"},"image":{"@id":"https:\/\/wobronietradycjiiwiary.com\/pl\/#\/schema\/logo\/image\/"},"sameAs":["https:\/\/www.facebook.com\/Tradycja-i-Wiara-108813920592249"]},{"@type":"Person","@id":"https:\/\/wobronietradycjiiwiary.com\/pl\/#\/schema\/person\/2d6180ce6abcb681fef0daab7816e8f3","name":"Traditio et Fides","sameAs":["https:\/\/traditionundglauben.com"],"url":"https:\/\/wobronietradycjiiwiary.com\/pl\/author\/wobronietradycjiiwiary\/"}]}},"jetpack_publicize_connections":[],"jetpack_sharing_enabled":true,"jetpack_likes_enabled":true,"jetpack_shortlink":"https:\/\/wp.me\/pc04Sd-ESI","jetpack-related-posts":[{"id":125504,"url":"https:\/\/wobronietradycjiiwiary.com\/pl\/boze-co-za-belkot-lub-eschatologia-ratzingera\/","url_meta":{"origin":157152,"position":0},"title":"\u015aw. \u0141ucja, celibat i eschatologia Ratzingera","author":"Traditio et Fides","date":"13 grudnia 2024","format":false,"excerpt":"O S\u0105dzie Ostatecznym, celibacie, \u015bw. \u0141ucji i eschatologii Ratzingera.","rel":"","context":"W \u201e12. \u015awi\u0119ta w grudniu&quot;","block_context":{"text":"12. \u015awi\u0119ta w grudniu","link":"https:\/\/wobronietradycjiiwiary.com\/pl\/category\/duchowosc\/liturgia-i-liturgika\/rozwazania\/rok-liturgiczny\/swieta-w-grudniu\/"},"img":{"alt_text":"","src":"","width":0,"height":0},"classes":[]},{"id":117936,"url":"https:\/\/wobronietradycjiiwiary.com\/pl\/vigano-oskarza-bergoglio-o-molestowanie-seminarzystow\/","url_meta":{"origin":157152,"position":1},"title":"Vigano oskar\u017ca Bergoglio o molestowanie seminarzyst\u00f3w","author":"Traditio et Fides","date":"7 czerwca 2024","format":false,"excerpt":"Co s\u0105dzi\u0107 o najnowszych oskar\u017ceniach Vigano. Sporo, niestety.","rel":"","context":"W \u201e4. Franciszek&quot;","block_context":{"text":"4. Franciszek","link":"https:\/\/wobronietradycjiiwiary.com\/pl\/category\/polemika\/kosciol-posoborowy\/papieze\/papiez-franciszek\/"},"img":{"alt_text":"","src":"https:\/\/i0.wp.com\/wobronietradycjiiwiary.com\/wp-content\/uploads\/2024\/06\/A80130-20.jpg?resize=350%2C200&ssl=1","width":350,"height":200,"srcset":"https:\/\/i0.wp.com\/wobronietradycjiiwiary.com\/wp-content\/uploads\/2024\/06\/A80130-20.jpg?resize=350%2C200&ssl=1 1x, https:\/\/i0.wp.com\/wobronietradycjiiwiary.com\/wp-content\/uploads\/2024\/06\/A80130-20.jpg?resize=525%2C300&ssl=1 1.5x, https:\/\/i0.wp.com\/wobronietradycjiiwiary.com\/wp-content\/uploads\/2024\/06\/A80130-20.jpg?resize=700%2C400&ssl=1 2x, https:\/\/i0.wp.com\/wobronietradycjiiwiary.com\/wp-content\/uploads\/2024\/06\/A80130-20.jpg?resize=1050%2C600&ssl=1 3x, https:\/\/i0.wp.com\/wobronietradycjiiwiary.com\/wp-content\/uploads\/2024\/06\/A80130-20.jpg?resize=1400%2C800&ssl=1 4x"},"classes":[]},{"id":95937,"url":"https:\/\/wobronietradycjiiwiary.com\/pl\/tozsamosc-lucji-lub-ciezar-dowodu\/","url_meta":{"origin":157152,"position":2},"title":"To\u017csamo\u015b\u0107 \u0141ucji lub ci\u0119\u017car dowodu","author":"Traditio et Fides","date":"8 lipca 2023","format":false,"excerpt":"Kolejne rozwa\u017cania na temat to\u017csamo\u015bci siostry \u0141ucji z Fatimy.","rel":"","context":"W \u201eApokaliptyka&quot;","block_context":{"text":"Apokaliptyka","link":"https:\/\/wobronietradycjiiwiary.com\/pl\/category\/polemika\/apokaliptyka-2\/"},"img":{"alt_text":"","src":"https:\/\/i0.wp.com\/wobronietradycjiiwiary.com\/wp-content\/uploads\/2023\/07\/apparition-at-fatima-canvas-print-25x20-cm.jpg?resize=350%2C200&ssl=1","width":350,"height":200},"classes":[]},{"id":136112,"url":"https:\/\/wobronietradycjiiwiary.com\/pl\/gene-gomulka-wezwanie-do-skladania-pozwow-przeciwko-watykanowi-i-biskupom-usa\/","url_meta":{"origin":157152,"position":3},"title":"Gene Gomulka, Wezwanie do sk\u0142adania pozw\u00f3w przeciwko Watykanowi i biskupom USA","author":"Traditio et Fides","date":"26 marca 2025","format":false,"excerpt":"O tle \u017c\u0105da\u0144 o rozliczenie biskup\u00f3w w USA.","rel":"","context":"W \u201eAutorzy polemiczni&quot;","block_context":{"text":"Autorzy polemiczni","link":"https:\/\/wobronietradycjiiwiary.com\/pl\/category\/polemika\/autorzy-polemiczni\/"},"img":{"alt_text":"","src":"https:\/\/i0.wp.com\/wobronietradycjiiwiary.com\/wp-content\/uploads\/2025\/03\/089a896035a7114ebcbf2deb4d580c17.jpg?resize=350%2C200&ssl=1","width":350,"height":200},"classes":[]},{"id":95735,"url":"https:\/\/wobronietradycjiiwiary.com\/pl\/a-jesli-to-ta-sama-siostra-lucja\/","url_meta":{"origin":157152,"position":4},"title":"A je\u015bli to ta sama siostra \u0141ucja? O teorii podmiany.","author":"Traditio et Fides","date":"7 lipca 2023","format":false,"excerpt":"O tym, \u017ce \u0141ucja z Fatimy mog\u0142a by\u0107 jedna.","rel":"","context":"W \u201eApokaliptyka&quot;","block_context":{"text":"Apokaliptyka","link":"https:\/\/wobronietradycjiiwiary.com\/pl\/category\/polemika\/apokaliptyka-2\/"},"img":{"alt_text":"","src":"https:\/\/i0.wp.com\/wobronietradycjiiwiary.com\/wp-content\/uploads\/2023\/07\/First-Apparition-Fatima-scan-scaled-e1664481376147.jpg?resize=350%2C200&ssl=1","width":350,"height":200,"srcset":"https:\/\/i0.wp.com\/wobronietradycjiiwiary.com\/wp-content\/uploads\/2023\/07\/First-Apparition-Fatima-scan-scaled-e1664481376147.jpg?resize=350%2C200&ssl=1 1x, https:\/\/i0.wp.com\/wobronietradycjiiwiary.com\/wp-content\/uploads\/2023\/07\/First-Apparition-Fatima-scan-scaled-e1664481376147.jpg?resize=525%2C300&ssl=1 1.5x, https:\/\/i0.wp.com\/wobronietradycjiiwiary.com\/wp-content\/uploads\/2023\/07\/First-Apparition-Fatima-scan-scaled-e1664481376147.jpg?resize=700%2C400&ssl=1 2x, https:\/\/i0.wp.com\/wobronietradycjiiwiary.com\/wp-content\/uploads\/2023\/07\/First-Apparition-Fatima-scan-scaled-e1664481376147.jpg?resize=1050%2C600&ssl=1 3x, https:\/\/i0.wp.com\/wobronietradycjiiwiary.com\/wp-content\/uploads\/2023\/07\/First-Apparition-Fatima-scan-scaled-e1664481376147.jpg?resize=1400%2C800&ssl=1 4x"},"classes":[]},{"id":117982,"url":"https:\/\/wobronietradycjiiwiary.com\/pl\/gene-gomulkavigano-uslyszal-trzymaj-gebe-na-klodkegene-gomulka\/","url_meta":{"origin":157152,"position":5},"title":"Gene Gomulka: Vigan\u00f2 us\u0142ysza\u0142: \u201eTrzymaj g\u0119b\u0119 na k\u0142\u00f3dk\u0119\u201d","author":"Traditio et Fides","date":"10 czerwca 2024","format":false,"excerpt":"Drastyczny opis poczyna\u0144 Bergoglio w Argentynie.","rel":"","context":"W \u201e4. Franciszek&quot;","block_context":{"text":"4. Franciszek","link":"https:\/\/wobronietradycjiiwiary.com\/pl\/category\/polemika\/kosciol-posoborowy\/papieze\/papiez-franciszek\/"},"img":{"alt_text":"","src":"https:\/\/i0.wp.com\/wobronietradycjiiwiary.com\/wp-content\/uploads\/2024\/06\/81cbf086fce27725118a955d5d1bf33b.jpg?resize=350%2C200&ssl=1","width":350,"height":200},"classes":[]}],"amp_enabled":true,"jetpack_featured_media_url":"https:\/\/wobronietradycjiiwiary.com\/wp-content\/uploads\/2024\/12\/images.jpg","_links":{"self":[{"href":"https:\/\/wobronietradycjiiwiary.com\/pl\/wp-json\/wp\/v2\/posts\/157152","targetHints":{"allow":["GET"]}}],"collection":[{"href":"https:\/\/wobronietradycjiiwiary.com\/pl\/wp-json\/wp\/v2\/posts"}],"about":[{"href":"https:\/\/wobronietradycjiiwiary.com\/pl\/wp-json\/wp\/v2\/types\/post"}],"author":[{"embeddable":true,"href":"https:\/\/wobronietradycjiiwiary.com\/pl\/wp-json\/wp\/v2\/users\/60508433"}],"replies":[{"embeddable":true,"href":"https:\/\/wobronietradycjiiwiary.com\/pl\/wp-json\/wp\/v2\/comments?post=157152"}],"version-history":[{"count":1,"href":"https:\/\/wobronietradycjiiwiary.com\/pl\/wp-json\/wp\/v2\/posts\/157152\/revisions"}],"predecessor-version":[{"id":157169,"href":"https:\/\/wobronietradycjiiwiary.com\/pl\/wp-json\/wp\/v2\/posts\/157152\/revisions\/157169"}],"wp:featuredmedia":[{"embeddable":true,"href":"https:\/\/wobronietradycjiiwiary.com\/pl\/wp-json\/wp\/v2\/media\/125528"}],"wp:attachment":[{"href":"https:\/\/wobronietradycjiiwiary.com\/pl\/wp-json\/wp\/v2\/media?parent=157152"}],"wp:term":[{"taxonomy":"category","embeddable":true,"href":"https:\/\/wobronietradycjiiwiary.com\/pl\/wp-json\/wp\/v2\/categories?post=157152"},{"taxonomy":"post_tag","embeddable":true,"href":"https:\/\/wobronietradycjiiwiary.com\/pl\/wp-json\/wp\/v2\/tags?post=157152"}],"curies":[{"name":"wp","href":"https:\/\/api.w.org\/{rel}","templated":true}]}}