{"id":155142,"date":"2025-10-19T15:32:23","date_gmt":"2025-10-19T13:32:23","guid":{"rendered":"https:\/\/wobronietradycjiiwiary.com\/?p=155142"},"modified":"2025-10-20T06:52:40","modified_gmt":"2025-10-20T04:52:40","slug":"czy-kobiety-faktycznie-wszystko-rujnuja-dwuglos-o-feminizacji","status":"publish","type":"post","link":"https:\/\/wobronietradycjiiwiary.com\/pl\/czy-kobiety-faktycznie-wszystko-rujnuja-dwuglos-o-feminizacji\/","title":{"rendered":"Czy kobiety faktycznie wszystko rujnuj\u0105? Dwug\u0142os o feminizacji."},"content":{"rendered":"<div id=\"bsf_rt_marker\"><\/div>\n<p class=\"wp-block-paragraph\"><\/p>\n\n\n\n<p class=\"has-text-color has-link-color wp-elements-1 wp-block-paragraph\" style=\"color:#a92fde\">W wywiadzie z <a href=\"https:\/\/www.youtube.com\/watch?v=EOXMGlTKKjE&amp;t=8s\">Stephenem Kokxem<\/a> Ann Barnhardt postawi\u0142a tez\u0119 (od 12:54), \u017ce <\/p>\n\n\n\n<ol class=\"wp-block-list\">\n<li><mark style=\"background-color:rgba(0, 0, 0, 0);color:#a92fde\" class=\"has-inline-color\">kobiety rujnuj\u0105 wszystko,<\/mark><\/li>\n\n\n\n<li><mark style=\"background-color:rgba(0, 0, 0, 0);color:#a92fde\" class=\"has-inline-color\">i dlatego post\u0119powcy powo\u0142uj\u0105 kobiety na stanowiska w Watykanie<\/mark>,<\/li>\n\n\n\n<li><mark style=\"background-color:rgba(0, 0, 0, 0);color:#a92fde\" class=\"has-inline-color\">by zrujnowa\u0142y Ko\u015bci\u00f3\u0142.<\/mark><\/li>\n<\/ol>\n\n\n\n<p class=\"wp-block-paragraph\"><\/p>\n\n\n\n<p class=\"has-text-align-justify has-text-color has-link-color wp-elements-2 wp-block-paragraph\" style=\"color:#a92fde;line-height:1.3\">Pisz\u0105cy te s\u0142owa nie jest co do pierwszej tezy a\u017c tak aksjomatycznie pewny, chocia\u017c w swoim \u017cyciu empirycznie stwierdzi\u0142, \u017ce niestety tak bywa. <\/p>\n\n\n\n<p class=\"has-text-align-justify has-text-color has-link-color wp-elements-3 wp-block-paragraph\" style=\"color:#a92fde;line-height:1.3\">Jest jednak przekonany o tym, \u017ce wszystko, co si\u0119 w obecnym Watykanie dzieje, Ko\u015bcio\u0142owi szkodzi, wi\u0119c powo\u0142ywanie kobiet na stanowiska w kurii do tego nurtu tak\u017ce si\u0119 zalicza.<\/p>\n\n\n\n<p class=\"has-text-align-justify has-text-color has-link-color wp-elements-4 wp-block-paragraph\" style=\"color:#a92fde;line-height:1.3\">Mo\u017cna by za\u0142o\u017cy\u0107, \u017ce skoro pewnych rzeczy (takich jak matriarchat) nie ma lub si\u0119 jak ten\u017ce matriarchat d\u0142ugo nie osta\u0142y, to dlatego, \u017ce s\u0105 niemo\u017cliwe. <\/p>\n\n\n\n<p class=\"has-text-align-justify has-text-color has-link-color wp-elements-5 wp-block-paragraph\" style=\"color:#a92fde;line-height:1.3\">Najwyra\u017aniej kobiety i grupy kobiet nie posiadaj\u0105 cech koniecznych do sprawnego zarz\u0105dzania r\u00f3\u017cnymi dziedzinami. Przecie\u017c ju\u017c istnienie kobiecych parytet\u00f3w \u015bwiadczy o tym, \u017ce si\u0119 kobiety do niczego nie nadaj\u0105.<\/p>\n\n\n\n<ul class=\"wp-block-list\">\n<li class=\"has-text-color has-link-color wp-elements-6\" style=\"color:#a92fde;line-height:1.3\">Gdyby si\u0119 nadawa\u0142y &#8211; parytety nie by\u0142yby potrzebne.<\/li>\n\n\n\n<li class=\"has-text-color has-link-color wp-elements-7\" style=\"color:#a92fde;line-height:1.3\">Skoro parytety istniej\u0105 &#8211; kobiety si\u0119 do dziedzin obj\u0119tymi parytetami nie daj\u0105.<\/li>\n<\/ul>\n\n\n\n<p class=\"wp-block-paragraph\"><\/p>\n\n\n\n<p class=\"has-text-align-justify has-text-color has-link-color wp-elements-8 wp-block-paragraph\" style=\"color:#a92fde;line-height:1.3\">Z pewno\u015bci\u0105 zawsze istnia\u0142y kobiety o &#8220;\u015bci\u015ble m\u0119skim umy\u015ble&#8221;, kt\u00f3re sobie w m\u0119skim dyscyplinach radzi\u0142y, ale zawsze by\u0142y to wyj\u0105tki. <\/p>\n\n\n\n<p class=\"has-text-align-justify has-text-color has-link-color wp-elements-9 wp-block-paragraph\" style=\"color:#a92fde;line-height:1.3\">Zdaniem autorki (aha!) poni\u017cszego artyku\u0142u wsp\u00f3\u0142czesna, przymusowa feminizacji jest destruktywna i niczemu nie s\u0142u\u017cy. Teolog dopowie, \u017ce faktycznie jest tak, skoro zamys\u0142 Bo\u017cy jest inny. <\/p>\n\n\n\n<p class=\"has-text-align-justify has-text-color has-link-color wp-elements-10 wp-block-paragraph\" style=\"color:#a92fde;line-height:1.3\">Przecie\u017c ka\u017cda &#8220;kariera&#8221; zawodowa kobiety to jedno dziecko mniej w jej latach przed menopauz\u0105. Te dzieci si\u0119 nie poczn\u0105, ani nie narodz\u0105, bo mamusia musia\u0142a stawia\u0107 piece hutnicze, leczy\u0107 pacjent\u00f3w lub przek\u0142ada\u0107 papiery na biurku. Prawie wszystkie te prace mogliby zrobi\u0107 m\u0119\u017cczy\u017anie i to przypuszczalnie lepiej.<\/p>\n\n\n\n<p class=\"has-text-align-justify has-text-color has-link-color wp-elements-11 wp-block-paragraph\" style=\"color:#a92fde;line-height:1.3\">Autor siedzi obecnie w\u015br\u00f3d technik\u00f3w i in\u017cynier\u00f3w przemys\u0142u metalowego, co powoduje tego rodzaju rozmy\u015blania. W o\u015bmioosobowej grupie polskich robotnik\u00f3w jest jedna kobieta, b\u0119d\u0105ca z wykszta\u0142ceniem kosmetyczk\u0105. <\/p>\n\n\n\n<p class=\"has-text-align-justify has-text-color has-link-color wp-elements-12 wp-block-paragraph\" style=\"color:#a92fde;line-height:1.3\">Autor by jej nie zatrudni\u0142, poniewa\u017c jest za niska i za s\u0142aba jak na prace, kt\u00f3re ma wykonywa\u0107. B\u0119dzie si\u0119 od roboty wymigiwa\u0107, a koledzy b\u0119d\u0105 pracowa\u0107 za ni\u0105, poniewa\u017c jest kobiet\u0105. Okaza\u0142o si\u0119, \u017ce by\u0142o jeszcze gorzej. <\/p>\n\n\n\n<p class=\"has-text-align-justify has-text-color has-link-color wp-elements-13 wp-block-paragraph\" style=\"color:#a92fde;line-height:1.3\">Poniewa\u017c ju\u017c drugiego dnia posz\u0142a na chorobowe (przypad\u0142o\u015bci kobiece), kt\u00f3re przed\u0142u\u017cone zosta\u0142o o prawie tydzie\u0144 z przyczyn nieznanych. Telefon z Polski dokona\u0142 cudownego ozdrowienia, ale pani z pewno\u015bci\u0105 b\u0119dzie kombinowa\u0107, skoro mo\u017ce.<\/p>\n\n\n\n<p class=\"has-text-align-justify has-text-color has-link-color wp-elements-14 wp-block-paragraph\" style=\"color:#a92fde;line-height:1.3\">Kobiety trafi\u0142y do fabryk przymusowo podczas Pierwszej Wojny \u015awiatowej, a po roku 1945 z powodu przymusowego socjalizmu. Wmawiano im, \u017ce to post\u0119p, a macierzy\u0144stwo to ucisk, w co wi\u0119kszo\u015b\u0107 uwierzy\u0142a. <\/p>\n\n\n\n<p class=\"has-text-align-justify has-text-color has-link-color wp-elements-15 wp-block-paragraph\" style=\"color:#a92fde;line-height:1.3\">Metal jednak szcz\u0119\u015bcia nie daje, ani praca \u017ce\u0144skiego in\u017cyniera, czego dowodzi ten <a href=\"https:\/\/www.youtube.com\/@theannareich\">youtubowy kana\u0142<\/a>. Kobieta sko\u0144czy\u0142a studia i zosta\u0142a in\u017cynierem budowy maszyn. <\/p>\n\n\n\n<p class=\"has-text-align-justify has-text-color has-link-color wp-elements-16 wp-block-paragraph\" style=\"color:#a92fde;line-height:1.3\">Pracowa\u0142a w tym zawodzie w szwedzkiej fabryce produkcji baterii, potem jak konsultantka w McKinsey, obecnie chce za\u0142o\u017cy\u0107 w\u0142asn\u0105 firm\u0119, ale w sumie nie wie, co w \u017cyciu robi\u0107.<\/p>\n\n\n\n<p class=\"has-text-align-justify has-text-color has-link-color wp-elements-17 wp-block-paragraph\" style=\"color:#a92fde;line-height:1.3\">Praca zawodowa, do kt\u00f3rej ma wysokie kwalifikacje, nie daje jej spe\u0142nienia. Przypuszczalnie dlatego, \u017ce jest kobiet\u0105. Tymi &#8220;\u015brubkami i bateriami&#8221; nale\u017cy naprawd\u0119 \u017cy\u0107 i oddycha\u0107, by zamkn\u0105\u0107 si\u0119 w tym \u015bwiecie na nast\u0119pne 20 lat. <\/p>\n\n\n\n<p class=\"has-text-align-justify has-text-color has-link-color wp-elements-18 wp-block-paragraph\" style=\"color:#a92fde;line-height:1.3\">M\u0119\u017cczy\u017anie tego chc\u0105, to wiedz\u0105 i dlatego in\u017cynierami zostaj\u0105. Mo\u017cna by rzec, \u017ce zabra\u0142a miejsce innym, kt\u00f3rzy radzili by sobie lepiej od niej i byliby szcz\u0119\u015bliwi.<\/p>\n\n\n\n<p class=\"has-text-align-justify has-text-color has-link-color wp-elements-19 wp-block-paragraph\" style=\"color:#a92fde;line-height:1.3\">Skoro studiowa\u0142a w Niemczech (parytet kobiecy) i pracowa\u0142a w Szwecji (parytet kobiecy do kt\u00f3rej\u015b pot\u0119gi), st\u0105d nie wiemy, czy faktycznie si\u0119 na in\u017cyniera nadawa\u0142a, czy zosta\u0142a przepchni\u0119ta przez studia i przyj\u0119ta z powodu kobiecego parytetu. Sama nigdy si\u0119 tego nie dowie, bo \u017cyje w takim a nie innym \u015bwiecie. <\/p>\n\n\n\n<p class=\"has-text-align-justify has-text-color has-link-color wp-elements-20 wp-block-paragraph\" style=\"color:#a92fde;line-height:1.3\">Autorowi jest jej \u017cal, bo marnuje swoje \u017cycie, pomimo inteligencji i samokrytyki. \u017byjemy i dorastamy w \u015bwiecie, w kt\u00f3rym nie m\u00f3wi si\u0119 rzeczy oczywistych. Tych mianowicie, \u017ce kobietom spe\u0142nienie daje m\u0105\u017c i macierzy\u0144stwo, a nie kariera zawodowa. Przynajmniej zdecydowanej wi\u0119kszo\u015bci.<\/p>\n\n\n\n<p class=\"has-text-align-justify has-text-color has-link-color wp-elements-21 wp-block-paragraph\" style=\"color:#a92fde;line-height:1.3\">Autor pozna\u0142 sporo kobiet, kt\u00f3ry pracowa\u0142y na &#8220;odwal si\u0119&#8221;, bo wa\u017cniejsze by\u0142o dziecko, a dzieckiem zajmowa\u0142y si\u0119 &#8220;na odwal si\u0119&#8221;, poniewa\u017c mia\u0142y prac\u0119. Mia\u0142 te\u017c kobiece szefowe, kt\u00f3re nim albo manipulowa\u0142y, albo m\u00f3wi\u0142y w tak zawoalowany spos\u00f3b, \u017ce autor nie rozumia\u0142, czego od niego chc\u0105. <\/p>\n\n\n\n<p class=\"has-text-align-justify has-text-color has-link-color wp-elements-22 wp-block-paragraph\" style=\"color:#a92fde;line-height:1.3\">Trudno by\u0142o te\u017c odr\u00f3\u017cni\u0107 merytoryczn\u0105 krytyk\u0119 od ich w\u0142asnej sympatii lub antypatii. Kobiety s\u0105 faktycznie gorszymi szefami dla m\u0119\u017cczyzn i przypuszczalnie te\u017c dla kobiet.<\/p>\n\n\n\n<p class=\"has-text-align-justify has-text-color has-link-color wp-elements-23 wp-block-paragraph\" style=\"color:#a92fde;line-height:1.3\">Wygl\u0105da na to, \u017ce wszyscy \u017cyjemy wbrew w\u0142asnej naturze i inklinacj\u0105, poniewa\u017c spo\u0142ecze\u0144stwo, nap\u0119dzane fa\u0142szyw\u0105 religi\u0105, tak nas uczy. Trudno wyj\u015b\u0107 poza ten matriks oraz polemizowa\u0107 z wszechobecn\u0105 propagand\u0105. <\/p>\n\n\n\n<p class=\"has-text-align-justify has-text-color has-link-color wp-elements-24 wp-block-paragraph\" style=\"color:#a92fde;line-height:1.3\">Przypuszczalnie \u017cyj\u0105ce feminizmem kobiety, jak i m\u0119\u017cczy\u017ani ten feminizm akceptuj\u0105cy, staj\u0105 si\u0119 z czasem zupe\u0142nie niekompatybilni, by spe\u0142nia\u0107 m\u0119skie i \u017ce\u0144skie zadania w ma\u0142\u017ce\u0144stwie. Te bowiem faktycznie istniej\u0105 i podlegaj\u0105 negocjacji. <\/p>\n\n\n\n<p class=\"has-text-align-justify has-text-color has-link-color wp-elements-25 wp-block-paragraph\" style=\"color:#a92fde;line-height:1.3\">Pomimo pozornej r\u00f3\u017cnicy p\u0142ci zwi\u0105zek ma\u0142\u017ce\u0144ski tworz\u0105 dwie kobiety lub dwaj m\u0119\u017cczy\u017ani z p\u0142ynn\u0105 to\u017csamo\u015bci\u0105 p\u0142ciow\u0105. Dzieci z takich zwi\u0105zk\u00f3w wyros\u0142e s\u0105 koszmarne i pozbawione jakiejkolwiek dyscypliny i orientacji.<\/p>\n\n\n\n<p class=\"has-text-align-justify has-text-color has-link-color wp-elements-26 wp-block-paragraph\" style=\"color:#a92fde;line-height:1.3\">Wydaje si\u0119, \u017ce rozwi\u0105zaniem na wszystko jest wielodzietno\u015b\u0107. Ojciec pracuj\u0105c na kolejny etat i ucz\u0105c si\u0119 kolejnej sprawno\u015bci nie zastanawia si\u0119, na czym to jego m\u0119ska rola polega. Podobnie jak matka, kt\u00f3ra ko\u0144czy karmi\u0107 jedno dziecko, przewija\u0107 drugie i uczy\u0107 trzecie. <\/p>\n\n\n\n<p class=\"has-text-align-justify has-text-color has-link-color wp-elements-27 wp-block-paragraph\" style=\"color:#a92fde;line-height:1.3\">Wszyscy s\u0105 zm\u0119czeni i spe\u0142nieni, jak i pozbawieni wewn\u0119trznych kryzys\u00f3w. B\u0142\u0119dy pope\u0142niane przez rodzic\u00f3w na pierwszych dzieciach mog\u0105 by\u0107 korygowane przy dzieciach nast\u0119pnych. O kwestiach tych jeszcze napiszemy, a poni\u017cej <a href=\"https:\/\/www.compactmag.com\/article\/the-great-feminization\/\" target=\"_blank\" rel=\"noreferrer noopener\">wspomniany artyku\u0142<\/a>:<\/p>\n\n\n\n<h2 class=\"wp-block-heading\">Wielka feminizacja<\/h2>\n\n\n\n<h4 class=\"wp-block-heading\"><a href=\"https:\/\/www.compactmag.com\/contributor\/helen-andrews\/\">Helen Andrews<\/a><\/h4>\n\n\n\n<p class=\"has-text-align-justify wp-block-paragraph\">2019 roku przeczyta\u0142am&nbsp;<a href=\"https:\/\/thoughtsofstone.com\/the-day-the-logic-died\/?ref=compactmag.com\"><u>artyku\u0142<\/u><\/a>&nbsp;o Larrym Summersie i Harvardzie, kt\u00f3ry zmieni\u0142 moje spojrzenie na \u015bwiat. Autor, pisz\u0105cy pod pseudonimem \u201eJ. Stone\u201d, argumentowa\u0142, \u017ce dzie\u0144, w kt\u00f3rym Larry Summers zrezygnowa\u0142 ze stanowiska rektora Uniwersytetu Harvarda, by\u0142 punktem zwrotnym w naszej kulturze. Ca\u0142a era \u201eprzebudzenia\u201d [wokeizmu] mog\u0142a by\u0107 wnioskowana od tego momentu, ze wzgl\u0119du na szczeg\u00f3\u0142y dotycz\u0105ce odwo\u0142ania Summersa, a przede wszystkim na to, kto tego odwo\u0142ania dokona\u0142: kobiety.<\/p>\n\n\n\n<p class=\"has-text-align-justify wp-block-paragraph\">Podstawowe fakty w sprawie Summersa by\u0142y mi znane. 14 stycznia 2005 roku, na konferencji \u201eDywersyfikacja kadry naukowej i in\u017cynierskiej\u201d, Larry Summers wyg\u0142osi\u0142 przem\u00f3wienie, kt\u00f3re mia\u0142o by\u0107 nieoficjalne. Stwierdzi\u0142 w nim, \u017ce niedoreprezentacja kobiet w naukach \u015bcis\u0142ych wynika cz\u0119\u015bciowo z \u201er\u00f3\u017cnej dost\u0119pno\u015bci predyspozycji na wy\u017cszym poziomie\u201d, a tak\u017ce z r\u00f3\u017cnic w gustach mi\u0119dzy m\u0119\u017cczyznami i kobietami, \u201eniezwi\u0105zanych z socjalizacj\u0105\u201d. Niekt\u00f3re obecne na konferencji profesorki poczu\u0142y si\u0119 ura\u017cone i przes\u0142a\u0142y jego uwagi reporterowi, \u0142ami\u0105c zasad\u0119 nieoficjalnego ujawniania informacji. Skandal, kt\u00f3ry si\u0119 z tym wi\u0105za\u0142, doprowadzi\u0142 do wotum nieufno\u015bci ze strony kadry Harvardu i ostatecznie do rezygnacji Summersa.<\/p>\n\n\n\n<p class=\"has-text-align-justify wp-block-paragraph\">W eseju argumentowano, \u017ce nie chodzi tylko o to, \u017ce kobiety zdyskredytowa\u0142y prezydenta Harvardu; chodzi\u0142o o to, \u017ce zdyskredytowa\u0142y go w bardzo kobiecy spos\u00f3b. Odwo\u0142ywa\u0142y si\u0119 do emocji, a nie do logicznych argument\u00f3w. <\/p>\n\n\n\n<blockquote class=\"wp-block-quote has-normal-font-size is-layout-flow wp-block-quote-is-layout-flow\">\n<p class=\"has-text-align-justify wp-block-paragraph\">\u201eKiedy zacz\u0105\u0142 m\u00f3wi\u0107 o wrodzonych r\u00f3\u017cnicach w predyspozycjach mi\u0119dzy m\u0119\u017cczyznami i kobietami, po prostu nie mog\u0142am oddycha\u0107, bo tego rodzaju uprzedzenia przyprawiaj\u0105 mnie o md\u0142o\u015bci\u201d <\/p>\n<\/blockquote>\n\n\n\n<p class=\"has-text-align-justify wp-block-paragraph\">\u2013 powiedzia\u0142a Nancy Hopkins, biolog z MIT. Summers wyda\u0142 publiczne o\u015bwiadczenie, w kt\u00f3rym wyja\u015bni\u0142 swoje uwagi, a potem kolejne, a potem trzecie, za ka\u017cdym razem z coraz wi\u0119ksz\u0105 stanowczo\u015bci\u0105. Eksperci wtr\u0105cili si\u0119, o\u015bwiadczaj\u0105c, \u017ce wszystko, co Summers powiedzia\u0142 o r\u00f3\u017cnicach mi\u0119dzy p\u0142ciami, mie\u015bci\u0142o si\u0119 w g\u0142\u00f3wnym nurcie nauki. Te racjonalne apele nie mia\u0142y wp\u0142ywu na histeri\u0119 t\u0142umu.&nbsp;<\/p>\n\n\n\n<p class=\"has-text-align-justify wp-block-paragraph\">Esej dowodzi\u0142, \u017ce to anulowanie by\u0142o kobiece, poniewa\u017c wszystkie anulowania s\u0105 kobiece. Kultura anulowania to po prostu to, co robi\u0105 kobiety, gdy w danej organizacji lub dziedzinie jest ich wystarczaj\u0105co du\u017co. To jest teza Wielkiej Feminizacji, kt\u00f3r\u0105 ta sama autorka rozwin\u0119\u0142a p\u00f3\u017aniej&nbsp;<a href=\"https:\/\/www.amazon.com\/Great-Feminization-drivers-modern-social-ebook\/dp\/B09Z7MWJ7R\/?ref=compactmag.com\"><u>w obszernej ksi\u0105\u017cce<\/u><\/a>&nbsp;: wszystko, co uwa\u017casz za \u201eprzebudzenie\u201d, jest po prostu epifenomenem demograficznej feminizacji.<\/p>\n\n\n\n<p class=\"has-text-align-justify wp-block-paragraph\">Si\u0142a wyja\u015bniaj\u0105ca tej prostej tezy by\u0142a niesamowita. Naprawd\u0119 ods\u0142oni\u0142a sekrety epoki, w kt\u00f3rej \u017cyjemy. <strong>Przebudzenie [wokeizm]<\/strong> nie jest now\u0105 ideologi\u0105, nast\u0119pstwem marksizmu ani rezultatem rozczarowania po Obamie. <strong>To po prostu kobiece wzorce zachowa\u0144<\/strong> stosowane w instytucjach, w kt\u00f3rych do niedawna kobiet by\u0142o niewiele. Jak mog\u0142em tego wcze\u015bniej nie zauwa\u017cy\u0107?<\/p>\n\n\n\n<p class=\"has-text-align-justify wp-block-paragraph\">By\u0107 mo\u017ce dlatego, \u017ce, jak wi\u0119kszo\u015b\u0107 ludzi, postrzegam feminizacj\u0119 jako co\u015b, co wydarzy\u0142o si\u0119 w przesz\u0142o\u015bci, zanim si\u0119 urodzi\u0142am. Kiedy my\u015blimy na przyk\u0142ad o kobietach w zawodzie prawniczym, przychodzi nam na my\u015bl pierwsza kobieta, kt\u00f3ra uko\u0144czy\u0142a studia prawnicze (1869), pierwsza kobieta, kt\u00f3ra reprezentowa\u0142a S\u0105d Najwy\u017cszy (1880), czy pierwsza kobieta s\u0119dzia S\u0105du Najwy\u017cszego (1981).&nbsp;<\/p>\n\n\n\n<p class=\"has-text-align-justify wp-block-paragraph\">Znacznie wa\u017cniejszym momentem zwrotnym by\u0142 moment, gdy szko\u0142y prawnicze sta\u0142y si\u0119 w wi\u0119kszo\u015bci \u017ce\u0144skie, co nast\u0105pi\u0142o w 2016 roku, lub gdy wi\u0119kszo\u015b\u0107 pracownik\u00f3w kancelarii prawniczych sta\u0142a si\u0119 kobietami, co nast\u0105pi\u0142o w 2023 roku. Kiedy Sandra Day O&#8217;Connor zosta\u0142a mianowana s\u0119dzi\u0105 S\u0105du Najwy\u017cszego, kobiety stanowi\u0142y zaledwie 5 procent s\u0119dzi\u00f3w. Obecnie kobiety stanowi\u0105 33 procent s\u0119dzi\u00f3w w Ameryce i 63 procent s\u0119dzi\u00f3w mianowanych przez prezydenta Joe Bidena.&nbsp;<\/p>\n\n\n\n<p class=\"has-text-align-justify wp-block-paragraph\">T\u0119 sam\u0105 trajektori\u0119 mo\u017cna zaobserwowa\u0107 w wielu zawodach: pionierskie pokolenie kobiet w latach 60. i 70.; rosn\u0105ca reprezentacja kobiet w latach 80. i 90.; wreszcie parytet p\u0142ci, kt\u00f3ry w ko\u0144cu pojawi\u0142 si\u0119, przynajmniej w\u015br\u00f3d m\u0142odszych rocznik\u00f3w, w latach 2010. lub 2020. W 1974 roku kobiety stanowi\u0142y zaledwie 10% reporter\u00f3w&nbsp;<em>\u201eNew York Timesa\u201d<\/em>&nbsp;. W 2018 roku zesp\u00f3\u0142&nbsp;<em>\u201eNew York Timesa\u201d<\/em>&nbsp;sta\u0142 si\u0119 w wi\u0119kszo\u015bci \u017ce\u0144ski, a obecnie odsetek kobiet wynosi 55%.&nbsp;<\/p>\n\n\n\n<p class=\"has-text-align-justify wp-block-paragraph\">W 2019 roku uczelnie medyczne sta\u0142y si\u0119 w wi\u0119kszo\u015bci \u017ce\u0144skie. W 2019 roku kobiety sta\u0142y si\u0119 wi\u0119kszo\u015bci\u0105 kadry z wy\u017cszym wykszta\u0142ceniem w ca\u0142ym kraju. W 2023 roku kobiety sta\u0142y si\u0119 wi\u0119kszo\u015bci\u0105 w\u015br\u00f3d wyk\u0142adowc\u00f3w akademickich. Kobiety nie stanowi\u0105 jeszcze wi\u0119kszo\u015bci w\u015br\u00f3d mened\u017cer\u00f3w w Ameryce, ale mog\u0105 wkr\u00f3tce ni\u0105 by\u0107, poniewa\u017c stanowi\u0105 obecnie 46 procent. Zatem moment jest idealny. Przebudzenie [wokeizm] pojawi\u0142o si\u0119 mniej wi\u0119cej w tym samym czasie, gdy wiele wa\u017cnych instytucji zmieni\u0142o demograficznie swoj\u0105 pozycj\u0119 z m\u0119skiej na \u017ce\u0144sk\u0105.<\/p>\n\n\n\n<p class=\"has-text-align-justify wp-block-paragraph\">Istota te\u017c pasuje. Wszystko, co rozumiesz przez przebudzenie [wokeizm], wi\u0105\u017ce si\u0119 z przedk\u0142adaniem kobieco\u015bci nad m\u0119sko\u015b\u0107: empatii nad racjonalno\u015b\u0107, bezpiecze\u0144stwa nad ryzyko, sp\u00f3jno\u015bci nad rywalizacj\u0119. Inni autorzy, kt\u00f3rzy zaproponowali w\u0142asne wersje tezy o Wielkiej Feminizacji, tacy jak&nbsp;<a href=\"https:\/\/thecritic.co.uk\/did-women-in-academia-cause-wokeness\/?ref=compactmag.com\"><u>Noah Carl<\/u><\/a>&nbsp;czy&nbsp;<a href=\"https:\/\/quillette.com\/2022\/10\/08\/sex-and-the-academy\/?ref=compactmag.com\"><u>Bo Winegard i Cory Clark<\/u><\/a>&nbsp;, kt\u00f3rzy badali wp\u0142yw feminizacji na \u015brodowisko akademickie, przedstawiaj\u0105 dane z ankiet pokazuj\u0105ce r\u00f3\u017cnice p\u0142ciowe w warto\u015bciach politycznych. Na przyk\u0142ad, jedno z bada\u0144 wykaza\u0142o, \u017ce 71% m\u0119\u017cczyzn stwierdzi\u0142o, \u017ce ochrona wolno\u015bci s\u0142owa jest wa\u017cniejsza ni\u017c zachowanie sp\u00f3jno\u015bci spo\u0142ecze\u0144stwa, a 59% kobiet odpowiedzia\u0142o odwrotnie.<\/p>\n\n\n\n<p class=\"has-text-align-justify wp-block-paragraph\">Najwa\u017cniejsze r\u00f3\u017cnice nie dotycz\u0105 jednostek, ale grup. Z mojego do\u015bwiadczenia wynika, \u017ce \u200b\u200bjednostki s\u0105 wyj\u0105tkowe i ka\u017cdego dnia spotyka si\u0119 osoby odstaj\u0105ce od normy, kt\u00f3re prze\u0142amuj\u0105 stereotypy, ale&nbsp;<em>grupy<\/em>&nbsp;m\u0119\u017cczyzn i kobiet wykazuj\u0105 sta\u0142e r\u00f3\u017cnice. To logiczne, je\u015bli spojrze\u0107 na to statystycznie. Przypadkowa kobieta mo\u017ce by\u0107 wy\u017csza od przypadkowego m\u0119\u017cczyzny, ale grupa dziesi\u0119ciu przypadkowych kobiet bardzo rzadko b\u0119dzie mia\u0142a \u015bredni wzrost wy\u017cszy ni\u017c grupa dziesi\u0119ciu m\u0119\u017cczyzn. Im wi\u0119ksza grupa, tym wi\u0119ksze prawdopodobie\u0144stwo, \u017ce b\u0119dzie zgodna ze \u015brednimi statystycznymi.<\/p>\n\n\n\n<p class=\"has-text-align-justify wp-block-paragraph\">Dynamika grupy kobiet sprzyja konsensusowi i wsp\u00f3\u0142pracy. M\u0119\u017cczy\u017ani wydaj\u0105 sobie polecenia, podczas gdy kobiety potrafi\u0105 jedynie sugerowa\u0107 i przekonywa\u0107. Wszelka krytyka lub negatywne opinie, je\u015bli ju\u017c koniecznie musz\u0105 zosta\u0107 wyra\u017cone, musz\u0105 by\u0107 ukryte pod warstwami komplement\u00f3w. Wynik dyskusji jest mniej wa\u017cny ni\u017c fakt, \u017ce dyskusja si\u0119 odby\u0142a i wszyscy w niej uczestniczyli. Najwa\u017cniejsz\u0105 r\u00f3\u017cnic\u0105 p\u0142ci w dynamice grupy jest stosunek do konflikt\u00f3w. Kr\u00f3tko m\u00f3wi\u0105c, m\u0119\u017cczy\u017ani otwarcie prowadz\u0105 konflikty, podczas gdy kobiety potajemnie podwa\u017caj\u0105 lub wykluczaj\u0105 swoich wrog\u00f3w.&nbsp;<\/p>\n\n\n\n<p class=\"has-text-align-justify wp-block-paragraph\">Bari Weiss w li\u015bcie rezygnacyjnym z pracy w&nbsp;<em>\u201eThe&nbsp;<\/em><em>New York Times\u201d<\/em>&nbsp;opisa\u0142a, jak koledzy nazywali j\u0105 w wewn\u0119trznych wiadomo\u015bciach na Slacku rasistk\u0105, nazistk\u0105 i bigotk\u0105, a \u2013 to najbardziej kobieca cz\u0119\u015b\u0107 \u2013 \u201ekole\u017canki, kt\u00f3re uwa\u017cano za przyjazne, by\u0142y n\u0119kane przez wsp\u00f3\u0142pracownik\u00f3w\u201d. Weiss kiedy\u015b poprosi\u0142a kole\u017cank\u0119 z dzia\u0142u opinii w \u201eThe New&nbsp;<em>York Times\u201d<\/em>&nbsp;o spotkanie na kaw\u0119. Ta dziennikarka, kobieta o mieszanym pochodzeniu, kt\u00f3ra cz\u0119sto pisa\u0142a o rasie, odm\u00f3wi\u0142a spotkania. To oczywi\u015bcie nie spe\u0142nia\u0142o podstawowych standard\u00f3w profesjonalizmu. By\u0142o to r\u00f3wnie\u017c bardzo kobiece.&nbsp;<\/p>\n\n\n\n<p class=\"has-text-align-justify wp-block-paragraph\">M\u0119\u017cczy\u017ani zazwyczaj lepiej radz\u0105 sobie z szufladkowaniem ni\u017c kobiety, a przebudzenie spo\u0142eczne [wokeizm] by\u0142o pod wieloma wzgl\u0119dami og\u00f3lnospo\u0142eczn\u0105 pora\u017ck\u0105 w szufladkowaniu. Tradycyjnie, ka\u017cdy lekarz m\u00f3g\u0142 mie\u0107 swoje zdanie na temat bie\u017c\u0105cych kwestii politycznych, ale uwa\u017ca\u0142 za sw\u00f3j zawodowy obowi\u0105zek nieujawnianie go w gabinecie lekarskim. Teraz, gdy medycyna sta\u0142a si\u0119 bardziej sfeminizowana, lekarze nosz\u0105 znaczki i smycze, wyra\u017caj\u0105c swoje pogl\u0105dy na kontrowersyjne tematy, od praw os\u00f3b homoseksualnych po Stref\u0119 Gazy. Wykorzystuj\u0105 nawet wiarygodno\u015b\u0107 swojego zawodu, aby wp\u0142ywa\u0107 na polityczne trendy, jak na przyk\u0142ad wtedy, gdy lekarze stwierdzili, \u017ce protesty Black Lives Matter mog\u0105 by\u0107 kontynuowane z naruszeniem obostrze\u0144 zwi\u0105zanych z pandemi\u0105 COVID-19, poniewa\u017c rasizm stanowi zagro\u017cenie dla zdrowia publicznego.<\/p>\n\n\n\n<p class=\"has-text-align-justify wp-block-paragraph\">Jedn\u0105 z ksi\u0105\u017cek, kt\u00f3ra pomog\u0142a mi posk\u0142ada\u0107 te elementy w ca\u0142o\u015b\u0107, by\u0142a ksi\u0105\u017cka \u201e&nbsp;<em>Wojownicy i zmartwieni: Przetrwanie p\u0142ci\u201d<\/em>&nbsp;autorstwa profesor psychologii Joyce Benenson. Autorka teorii g\u0142osi, \u017ce m\u0119\u017cczy\u017ani wykszta\u0142cili dynamik\u0119 grupow\u0105 zoptymalizowan\u0105 pod k\u0105tem wojny, podczas gdy kobiety rozwin\u0119\u0142y dynamik\u0119 grupow\u0105 zoptymalizowan\u0105 pod k\u0105tem ochrony potomstwa. Te nawyki, ukszta\u0142towane w mrokach prehistorii, wyja\u015bniaj\u0105, dlaczego eksperymentatorzy we wsp\u00f3\u0142czesnym laboratorium psychologicznym, w badaniu cytowanym przez Benenson, zaobserwowali, \u017ce grupa m\u0119\u017cczyzn, kt\u00f3rym powierzono zadanie, \u201ewalczy o czas na rozmow\u0119, g\u0142o\u015bno si\u0119 nie zgadza\u201d, a nast\u0119pnie \u201erado\u015bnie przekazuje rozwi\u0105zanie eksperymentatorowi\u201d. Grupa kobiet, kt\u00f3rym powierzono to samo zadanie, \u201euprzejmie pyta o osobiste pochodzenie i relacje\u2026 przy jednoczesnym utrzymywaniu kontaktu wzrokowego, u\u015bmiechaniu si\u0119 i czekaniu na swoj\u0105 kolej\u201d, i \u201enie zwraca uwagi na zadanie przedstawione przez eksperymentatora\u201d.&nbsp;<\/p>\n\n\n\n<p class=\"has-text-align-justify wp-block-paragraph\">Celem wojny jest rozstrzyganie spor\u00f3w mi\u0119dzy dwoma plemionami, ale dzia\u0142a ona tylko wtedy, gdy pok\u00f3j zostanie przywr\u00f3cony po rozwi\u0105zaniu sporu. M\u0119\u017cczy\u017ani wypracowali zatem metody pojednania z przeciwnikami i ucz\u0105 si\u0119 \u017cy\u0107 w pokoju z lud\u017ami, z kt\u00f3rymi walczyli wczoraj. Samice, nawet u naczelnych, godz\u0105 si\u0119 wolniej ni\u017c samce. Dzieje si\u0119 tak, poniewa\u017c konflikty kobiet tradycyjnie toczy\u0142y si\u0119 w obr\u0119bie plemienia, o ograniczone zasoby, i by\u0142y rozwi\u0105zywane nie poprzez otwarty konflikt, lecz poprzez ukryt\u0105 rywalizacj\u0119 z rywalami, bez wyra\u017anego punktu ko\u0144cowego.&nbsp;&nbsp;&nbsp;<\/p>\n\n\n\n<p class=\"has-text-align-justify wp-block-paragraph\">Wszystkie te obserwacje pokrywa\u0142y si\u0119 z moimi obserwacjami dotycz\u0105cymi przebudzenia [wokeizmu], ale wkr\u00f3tce radosna ekscytacja zwi\u0105zana z odkryciem nowej teorii ust\u0105pi\u0142a miejsca przygn\u0119bieniu. Je\u015bli przebudzenie [wokeizm] rzeczywi\u015bcie jest wynikiem Wielkiej Feminizacji, to wybuch szale\u0144stwa w 2020 roku by\u0142 jedynie przedsmakiem tego, co przyniesie przysz\u0142o\u015b\u0107. Wyobra\u017acie sobie, co si\u0119 stanie, gdy pozostali m\u0119\u017cczy\u017ani odejd\u0105 z tych zawod\u00f3w kszta\u0142tuj\u0105cych spo\u0142ecze\u0144stwo, a m\u0142odsze, bardziej sfeminizowane pokolenia przejm\u0105 pe\u0142n\u0105 kontrol\u0119.&nbsp;<\/p>\n\n\n\n<blockquote class=\"wp-block-quote is-layout-flow wp-block-quote-is-layout-flow\">\n<p class=\"has-normal-font-size wp-block-paragraph\">\u201e W 2018 roku wi\u0119kszo\u015b\u0107 pracownik\u00f3w&nbsp;<\/p>\n\n\n\n<p class=\"wp-block-paragraph\"><em>New York Timesa<\/em>&nbsp;stanowi\u0142y kobiety\u201d.<\/p>\n<\/blockquote>\n\n\n\n<blockquote class=\"wp-block-quote is-layout-flow wp-block-quote-is-layout-flow\">\n<p class=\"has-normal-font-size wp-block-paragraph\">\u201eRz\u0105dy prawa nie przetrwaj\u0105, je\u015bli wi\u0119kszo\u015b\u0107 w zawodzie prawnika stanie si\u0119 kobietami\u201d.<\/p>\n<\/blockquote>\n\n\n\n<p class=\"has-text-align-justify wp-block-paragraph\">Zagro\u017cenie ze strony \u201eprzebudzenia\u201d mo\u017ce by\u0107 du\u017ce lub ma\u0142e, w zale\u017cno\u015bci od bran\u017cy. To smutne, \u017ce wszystkie wydzia\u0142y anglistyki s\u0105 teraz sfeminizowane, ale na codzienne \u017cycie wi\u0119kszo\u015bci ludzi nie ma to wp\u0142ywu. Inne dziedziny s\u0105 wa\u017cniejsze. Mo\u017cesz nie by\u0107 dziennikarzem, ale mieszkasz w kraju, w kt\u00f3rym to, co zostanie napisane w&nbsp;<em>\u201eThe New York Times\u201d,<\/em>&nbsp;decyduje o tym, co jest publicznie akceptowane jako prawda. Je\u015bli \u201eThe&nbsp;<em>New York Times\u201d<\/em>&nbsp;stanie si\u0119 miejscem, w kt\u00f3rym konsensus wewn\u0105trz grupy mo\u017ce t\u0142umi\u0107 niepopularne fakty (w jeszcze wi\u0119kszym stopniu ni\u017c dotychczas), wp\u0142ynie to na ka\u017cdego obywatela.<\/p>\n\n\n\n<p class=\"has-text-align-justify wp-block-paragraph\">Dziedzin\u0105, kt\u00f3ra najbardziej mnie przera\u017ca, jest prawo. Wszyscy jeste\u015bmy zale\u017cni od sprawnie funkcjonuj\u0105cego systemu prawnego i, m\u00f3wi\u0105c wprost, rz\u0105dy prawa nie przetrwaj\u0105, gdy wi\u0119kszo\u015b\u0107 w zawodzie prawniczym stanie si\u0119 kobietami. Rz\u0105dy prawa to nie tylko spisanie zasad. To przestrzeganie ich, nawet je\u015bli przynosz\u0105 skutki, kt\u00f3re poruszaj\u0105 nasze serce lub stoj\u0105 w sprzeczno\u015bci z nasz\u0105 intuicj\u0105 co do tego, kt\u00f3ra strona jest bardziej godna zaufania.&nbsp;<\/p>\n\n\n\n<p class=\"has-text-align-justify wp-block-paragraph\">Sfeminizowany system prawny m\u00f3g\u0142by przypomina\u0107 s\u0105dy dzia\u0142aj\u0105ce na podstawie Rozdzia\u0142u IX w sprawach o napa\u015b\u0107 seksualn\u0105 na kampusach uniwersyteckich, ustanowione w 2011 roku za prezydentury Obamy. Post\u0119powania te by\u0142y regulowane pisemnymi przepisami, wi\u0119c technicznie rzecz bior\u0105c mo\u017cna by powiedzie\u0107, \u017ce dzia\u0142a\u0142y zgodnie z prawem. Brakowa\u0142o im jednak wielu zabezpiecze\u0144, kt\u00f3re nasz system prawny uznaje za \u015bwi\u0119te, takich jak prawo do konfrontacji z oskar\u017cycielem, prawo do wiedzy o przest\u0119pstwie, o kt\u00f3re si\u0119 jest oskar\u017conym, oraz fundamentalnej zasady, \u017ce wina powinna zale\u017ce\u0107 od obiektywnych okoliczno\u015bci znanych obu stronom, a nie od tego, jak jedna ze stron postrzega dany czyn z perspektywy czasu. Te zabezpieczenia zosta\u0142y zniesione, poniewa\u017c osoby, kt\u00f3re je tworzy\u0142y, sympatyzowa\u0142y z oskar\u017cycielkami, kt\u00f3rymi by\u0142y g\u0142\u00f3wnie kobiety, a nie z oskar\u017conymi, kt\u00f3rymi byli g\u0142\u00f3wnie m\u0119\u017cczy\u017ani.<\/p>\n\n\n\n<p class=\"has-text-align-justify wp-block-paragraph\">Te dwa podej\u015bcia do prawa wyra\u017anie si\u0119 zderzy\u0142y podczas przes\u0142ucha\u0144 w sprawie zatwierdzenia nominacji Bretta Kavanaugha. M\u0119skie stanowisko opiera\u0142o si\u0119 na przekonaniu, \u017ce je\u015bli Christine Blasey Ford nie mo\u017ce przedstawi\u0107 \u017cadnych konkretnych dowod\u00f3w na to, \u017ce kiedykolwiek przebywa\u0142a z Kavanaughem w tym samym pomieszczeniu, jej oskar\u017cenia o gwa\u0142t nie mog\u0105 zrujnowa\u0107 mu \u017cycia. Kobiece stanowisko opiera\u0142o si\u0119 na przekonaniu, \u017ce jej oczywista reakcja emocjonalna sama w sobie stanowi rodzaj wiarygodno\u015bci, kt\u00f3r\u0105 komisja senacka musi uszanowa\u0107.<\/p>\n\n\n\n<p class=\"has-text-align-justify wp-block-paragraph\">Je\u015bli zaw\u00f3d prawniczy stanie si\u0119 w wi\u0119kszo\u015bci kobiecy, spodziewam si\u0119, \u017ce etos trybuna\u0142\u00f3w ds. Rozdzia\u0142u IX i przes\u0142ucha\u0144 Kavanaugha rozpowszechni si\u0119. S\u0119dziowie b\u0119d\u0105 nagina\u0107 zasady dla grup uprzywilejowanych i rygorystycznie egzekwowa\u0107 je wobec grup defaworyzowanych, co ju\u017c dzieje si\u0119 w niepokoj\u0105cym stopniu. Ju\u017c w 1970 roku mo\u017cna by\u0142o wierzy\u0107, \u017ce wprowadzenie kobiet do zawodu prawniczego na du\u017c\u0105 skal\u0119 przyniesie jedynie niewielki efekt. To przekonanie jest ju\u017c nie do utrzymania. Zmiany b\u0119d\u0105 ogromne.<\/p>\n\n\n\n<p class=\"has-text-align-justify wp-block-paragraph\">Co ciekawe, obie strony sceny politycznej zgadzaj\u0105 si\u0119 co do tego, na czym te zmiany b\u0119d\u0105 polega\u0107. Jedyna r\u00f3\u017cnica zda\u0144 dotyczy tego, czy b\u0119d\u0105 one dobre, czy z\u0142e. Dahlia Lithwick rozpoczyna swoj\u0105 ksi\u0105\u017ck\u0119 \u201e&nbsp;<em>Lady Justice: Women, the Law, and the Battle to Save America\u201d<\/em>&nbsp;scen\u0105 z rozprawy S\u0105du Najwy\u017cszego z 2016 roku, kt\u00f3ra odby\u0142a si\u0119 podczas debaty nad ustaw\u0105 aborcyjn\u0105 w Teksasie. Trzy s\u0119dziny, Ginsburg, Sotomayor i Kagan, \u201ezignorowa\u0142y formalne terminy, burzliwie przekrzykuj\u0105c swoich koleg\u00f3w\u201d. Lithwick \u015bwi\u0119towa\u0142a to jako \u201eeksplozj\u0119 st\u0142umionej kobiecej si\u0142y w s\u0105downictwie\u201d, kt\u00f3ra \u201eda\u0142a Ameryce przedsmak tego, co prawdziwy parytet p\u0142ci, a mo\u017ce wr\u0119cz jego r\u00f3wno\u015b\u0107, m\u00f3g\u0142by oznacza\u0107 dla przysz\u0142ych kobiet w pot\u0119\u017cnych ameryka\u0144skich instytucjach prawnych\u201d.&nbsp;<\/p>\n\n\n\n<p class=\"has-text-align-justify wp-block-paragraph\">Lithwick chwali kobiety za ich lekcewa\u017c\u0105cy stosunek do formalno\u015bci prawa, kt\u00f3re przecie\u017c wywodz\u0105 si\u0119 z epoki ucisku i bia\u0142ej supremacji. \u201eAmeryka\u0144ski system prawny by\u0142 zasadniczo machin\u0105 stworzon\u0105 po to, by uprzywilejowa\u0107 bia\u0142ych m\u0119\u017cczyzn posiadaj\u0105cych maj\u0105tki\u201d \u2013 pisze Lithwick. \u201eAle to jedyna rzecz, kt\u00f3ra ma racj\u0119 bytu, i trzeba dzia\u0142a\u0107 z tym, co si\u0119 ma\u201d. Mo\u017cna si\u0119 spodziewa\u0107, \u017ce ci, kt\u00f3rzy postrzegaj\u0105 prawo jako patriarchalny relikt, b\u0119d\u0105 traktowa\u0107 je instrumentalnie. Je\u015bli ten etos zapanuje w ca\u0142ym naszym systemie prawnym, jego oprawa b\u0119dzie wygl\u0105da\u0107 tak samo, ale nast\u0105pi rewolucja.<\/p>\n\n\n\n<p class=\"has-text-align-justify wp-block-paragraph\">Wielka Feminizacja jest naprawd\u0119 bezprecedensowa. Inne cywilizacje da\u0142y kobietom prawa wyborcze, prawa w\u0142asno\u015bci lub pozwoli\u0142y im dziedziczy\u0107 trony imperi\u00f3w. \u017badna cywilizacja w historii ludzko\u015bci nie eksperymentowa\u0142a z oddawaniem kobietom kontroli nad tak wieloma kluczowymi instytucjami naszego spo\u0142ecze\u0144stwa, od partii politycznych, przez uniwersytety, po najwi\u0119ksze przedsi\u0119biorstwa. Nawet tam, gdzie kobiety nie zajmuj\u0105 najwy\u017cszych stanowisk, to one nadaj\u0105 ton w tych organizacjach, przez co prezes-m\u0119\u017cczyzna musi dzia\u0142a\u0107 w granicach wyznaczonych przez wiceprezesa ds. zasob\u00f3w ludzkich. Zak\u0142adamy, \u017ce instytucje te b\u0119d\u0105 nadal funkcjonowa\u0107 w tych zupe\u0142nie nowych okoliczno\u015bciach. Ale na jakiej podstawie to zak\u0142adamy?<\/p>\n\n\n\n<p class=\"has-text-align-justify wp-block-paragraph\">Problem nie polega na tym, \u017ce kobiety s\u0105 mniej utalentowane ni\u017c m\u0119\u017cczy\u017ani, ani nawet na tym, \u017ce kobiece sposoby interakcji s\u0105 gorsze pod jakimkolwiek obiektywnym wzgl\u0119dem. Problem polega na tym, \u017ce kobiece sposoby interakcji nie nadaj\u0105 si\u0119 do realizacji cel\u00f3w wielu du\u017cych instytucji. Mo\u017cna mie\u0107 \u015brodowisko akademickie, w kt\u00f3rym wi\u0119kszo\u015b\u0107 stanowi\u0105 kobiety, ale b\u0119dzie ono (jak zreszt\u0105 wydzia\u0142y, w kt\u00f3rych wi\u0119kszo\u015b\u0107 stanowi\u0105 kobiety na dzisiejszych uniwersytetach) zorientowane na inne cele ni\u017c otwarta debata i nieskr\u0119powane d\u0105\u017cenie do prawdy. A je\u015bli wasze \u015brodowisko akademickie nie d\u0105\u017cy do prawdy, jaki z tego po\u017cytek? Je\u015bli wasi dziennikarze nie s\u0105 dra\u017cliwymi indywidualistami, kt\u00f3rym nie przeszkadza zra\u017canie ludzi, jaki z tego po\u017cytek? Je\u015bli firma straci swojego awanturniczego ducha i stanie si\u0119 sfeminizowan\u0105, skupion\u0105 na sobie biurokracj\u0105, czy nie popadnie w stagnacj\u0119?&nbsp;<\/p>\n\n\n\n<p class=\"has-text-align-justify wp-block-paragraph\">Je\u015bli Wielka Feminizacja stanowi zagro\u017cenie dla cywilizacji, pojawia si\u0119 pytanie, czy mo\u017cemy co\u015b z tym zrobi\u0107. Odpowied\u017a zale\u017cy od tego, dlaczego w og\u00f3le do niej dosz\u0142o. Wiele os\u00f3b uwa\u017ca, \u017ce \u200b\u200bWielka Feminizacja jest zjawiskiem naturalnym. Kobiety w ko\u0144cu dosta\u0142y szans\u0119 konkurowania z m\u0119\u017cczyznami i okaza\u0142o si\u0119, \u017ce s\u0105 po prostu lepsze. Dlatego w naszych redakcjach jest tak wiele kobiet, kt\u00f3re kieruj\u0105 partiami politycznymi i korporacjami.<\/p>\n\n\n\n<p class=\"has-text-align-justify wp-block-paragraph\">Ross Douthat opisa\u0142 ten tok my\u015blenia w tegorocznym&nbsp;<a href=\"https:\/\/www.nytimes.com\/2025\/05\/01\/opinion\/right-wing-masculinity-culture.html?ref=compactmag.com\"><u>wywiadzie<\/u><\/a>&nbsp;z Jonathanem Keepermanem, znanym jako \u201eL0m3z\u201d, prawicowym wydawc\u0105, kt\u00f3ry przyczyni\u0142 si\u0119 do&nbsp;<a href=\"https:\/\/firstthings.com\/what-is-the-longhouse\/?ref=compactmag.com\"><u>spopularyzowania<\/u><\/a>&nbsp;terminu \u201ed\u0142ugi dom\u201d jako metafory feminizacji. \u201eM\u0119\u017cczy\u017ani narzekaj\u0105, \u017ce kobiety ich uciskaj\u0105. Czy \u201ed\u0142ugi dom\u201d to nie tylko d\u0142ugie, m\u0119skie narzekanie na brak odpowiedniej konkurencyjno\u015bci?\u201d \u2013 zapyta\u0142 Douthat. \u201eMo\u017ce powinni\u015bcie si\u0119 z tym pogodzi\u0107 i zacz\u0105\u0107 konkurowa\u0107 na gruncie, kt\u00f3ry znamy z Ameryki XXI wieku?\u201d<\/p>\n\n\n\n<p class=\"has-text-align-justify wp-block-paragraph\">Feministki uwa\u017caj\u0105, \u017ce tak si\u0119 sta\u0142o, ale si\u0119 myl\u0105. Feminizacja nie jest naturalnym rezultatem przewagi kobiet nad m\u0119\u017cczyznami. To sztuczny efekt in\u017cynierii spo\u0142ecznej i je\u015bli cofniemy kciuk od wagi, to za\u0142amie si\u0119 w ci\u0105gu pokolenia.<\/p>\n\n\n\n<p class=\"has-text-align-justify wp-block-paragraph\">Najbardziej oczywistym problemem s\u0105 przepisy antydyskryminacyjne. Zatrudnianie zbyt ma\u0142ej liczby kobiet w firmie jest nielegalne. Je\u015bli kobiety s\u0105 niedoreprezentowane, zw\u0142aszcza w kadrze kierowniczej wy\u017cszego szczebla, to sprawa s\u0105dowa czeka na rozstrzygni\u0119cie. W rezultacie pracodawcy daj\u0105 kobietom prac\u0119 i awanse, kt\u00f3rych inaczej by nie otrzyma\u0142y, tylko po to, by utrzyma\u0107 ich liczebno\u015b\u0107.&nbsp;<\/p>\n\n\n\n<p class=\"has-text-align-justify wp-block-paragraph\">To racjonalne, poniewa\u017c konsekwencje zaniechania mog\u0105 by\u0107 tragiczne. Texaco, Goldman Sachs, Novartis i Coca-Cola nale\u017c\u0105 do firm, kt\u00f3re zap\u0142aci\u0142y dziewi\u0119ciocyfrowe odszkodowania w odpowiedzi na pozwy o dyskryminacj\u0119 kobiet w procesie rekrutacji i awans\u00f3w. \u017baden mened\u017cer nie chce by\u0107 osob\u0105, kt\u00f3ra narazi swoj\u0105 firm\u0119 na 200 milion\u00f3w dolar\u00f3w w procesie o dyskryminacj\u0119 ze wzgl\u0119du na p\u0142e\u0107.&nbsp;<\/p>\n\n\n\n<p class=\"has-text-align-justify wp-block-paragraph\">Prawo antydyskryminacyjne wymaga, aby ka\u017cde miejsce pracy by\u0142o sfeminizowane. Prze\u0142omowa sprawa z 1991 roku dowiod\u0142a, \u017ce \u200b\u200bplakaty z pin-upami na \u015bcianach stoczni tworz\u0105 wrogie \u015brodowisko dla kobiet, a zasada ta rozszerzy\u0142a si\u0119 na wiele form m\u0119skiego zachowania. Dziesi\u0105tki firm z Doliny Krzemowej pad\u0142o ofiar\u0105 pozw\u00f3w oskar\u017caj\u0105cych o \u201ekultur\u0119 bractw studenckich\u201d lub \u201etoksyczn\u0105 kultur\u0119 kole\u017ce\u0144sk\u0105\u201d, a kancelaria prawna specjalizuj\u0105ca si\u0119 w tego typu sprawach&nbsp;<a href=\"https:\/\/www.theguardian.com\/money\/2017\/sep\/02\/lawyers-silicon-valley-sexism-worse-google-uber-lawless-sisters?ref=compactmag.com\"><u>chwali si\u0119<\/u><\/a>&nbsp;kwotami ug\u00f3d w wysoko\u015bci od 450 000 do 8 milion\u00f3w dolar\u00f3w.&nbsp;<\/p>\n\n\n\n<p class=\"has-text-align-justify wp-block-paragraph\">Kobiety mog\u0105 pozwa\u0107 swoich szef\u00f3w za prowadzenie miejsca pracy, kt\u00f3re przypomina dom bractwa studenckiego, ale m\u0119\u017cczy\u017ani nie mog\u0105 pozwa\u0107, gdy ich miejsce pracy przypomina przedszkole Montessori. Naturalnie pracodawcy wol\u0105 raczej tworzy\u0107 bardziej mi\u0119kkie biuro. Skoro wi\u0119c kobiety lepiej prosperuj\u0105 we wsp\u00f3\u0142czesnym miejscu pracy, to czy dzieje si\u0119 tak naprawd\u0119 dlatego, \u017ce przewy\u017cszaj\u0105 m\u0119\u017cczyzn w rywalizacji? A mo\u017ce dlatego, \u017ce zasady zosta\u0142y zmienione na ich korzy\u015b\u0107?<\/p>\n\n\n\n<p class=\"has-text-align-justify wp-block-paragraph\">Wiele mo\u017cna wywnioskowa\u0107 ze sposobu, w jaki feminizacja narasta z czasem. Gdy instytucje osi\u0105gaj\u0105 podzia\u0142 50\u201350, zazwyczaj przekraczaj\u0105 one parytet p\u0142ci i staj\u0105 si\u0119 coraz bardziej kobiece. Od 2016 roku liczba kobiet na wydzia\u0142ach prawa z roku na rok ro\u015bnie; w 2024 roku stanowi\u0142y one 56% wszystkich student\u00f3w. Psychologia, niegdy\u015b dziedzina zdominowana przez m\u0119\u017cczyzn, jest obecnie w przewa\u017caj\u0105cej mierze kobieca \u2013 75% doktorat\u00f3w z psychologii otrzymuj\u0105 kobiety. Wydaje si\u0119, \u017ce instytucje osi\u0105gaj\u0105 punkt krytyczny, po kt\u00f3rym staj\u0105 si\u0119 coraz bardziej sfeminizowane.&nbsp;<\/p>\n\n\n\n<p class=\"has-text-align-justify wp-block-paragraph\">To nie wygl\u0105da na to, \u017ceby kobiety przewy\u017csza\u0142y m\u0119\u017cczyzn. Wygl\u0105da na to, \u017ce kobiety odpychaj\u0105 m\u0119\u017cczyzn, narzucaj\u0105c kobiece normy dotychczas m\u0119skim instytucjom. Kt\u00f3ry m\u0119\u017cczyzna chce pracowa\u0107 w dziedzinie, w kt\u00f3rej jego cechy nie s\u0105 mile widziane? Kt\u00f3ry szanuj\u0105cy si\u0119 student studi\u00f3w podyplomowych wybra\u0142by karier\u0119 akademick\u0105, skoro jego koledzy b\u0119d\u0105 go ostracyzmowa\u0107 za zbyt dosadne wyra\u017canie swoich odmiennych pogl\u0105d\u00f3w lub g\u0142oszenie kontrowersyjnych opinii?&nbsp;<\/p>\n\n\n\n<p class=\"has-text-align-justify wp-block-paragraph\">We wrze\u015bniu wyg\u0142osi\u0142am przem\u00f3wienie na konferencji National Conservatism, nawi\u0105zuj\u0105ce do powy\u017cszego eseju. Obawia\u0142am si\u0119 wysuwania tezy o Wielkiej Feminizacji na tak publicznym forum. Twierdzenie, \u017ce w danej dziedzinie jest&nbsp;<em>zbyt wiele<\/em>&nbsp;kobiet lub \u017ce kobiety w du\u017cych ilo\u015bciach mog\u0105 przekszta\u0142ca\u0107 instytucje nie do poznania w spos\u00f3b, kt\u00f3ry sprawia, \u017ce \u200b\u200bprzestaj\u0105 one dobrze funkcjonowa\u0107, nadal budzi kontrowersje, nawet w kr\u0119gach konserwatywnych. Do\u0142o\u017cy\u0142am wszelkich stara\u0144, aby przedstawi\u0107 swoj\u0105 argumentacj\u0119 w mo\u017cliwie najbardziej neutralny spos\u00f3b. Ku mojemu zaskoczeniu, odzew by\u0142 osza\u0142amiaj\u0105cy. W ci\u0105gu kilku tygodni&nbsp;<a href=\"https:\/\/www.youtube.com\/watch?v=EWLbq7PlrIA&amp;ref=compactmag.com\"><u>nagranie z przem\u00f3wienia<\/u><\/a>&nbsp;odnotowa\u0142o ponad 100 000 wy\u015bwietle\u0144 na YouTube i sta\u0142o si\u0119 jednym z najch\u0119tniej ogl\u0105danych wyst\u0105pie\u0144 w historii konferencji National Conservatism.&nbsp;<\/p>\n\n\n\n<p class=\"has-text-align-justify wp-block-paragraph\">Dobrze, \u017ce ludzie s\u0105 otwarci na ten argument, poniewa\u017c zamyka si\u0119 nam okno na podj\u0119cie dzia\u0142a\u0144 w sprawie Wielkiej Feminizacji. Istniej\u0105 wyprzedzaj\u0105ce i op\u00f3\u017anione wska\u017aniki feminizacji, a obecnie znajdujemy si\u0119 w fazie przej\u015bciowej, kiedy wi\u0119kszo\u015b\u0107 na wydzia\u0142ach prawa stanowi\u0105 kobiety, ale wi\u0119kszo\u015b\u0107 s\u0119dzi\u00f3w federalnych nadal stanowi\u0105 m\u0119\u017cczy\u017ani. Za kilka dekad zmiana p\u0142ci osi\u0105gnie sw\u00f3j naturalny fina\u0142. Wiele os\u00f3b uwa\u017ca, \u017ce \u200b\u200bprzebudzenie si\u0119 sko\u0144czy\u0142o, zmia\u017cd\u017cone przez zmian\u0119 nastroj\u00f3w, ale je\u015bli przebudzenie jest wynikiem feminizacji demograficznej, to nigdy si\u0119 nie sko\u0144czy, dop\u00f3ki dane demograficzne pozostan\u0105 niezmienione.<\/p>\n\n\n\n<p class=\"has-text-align-justify wp-block-paragraph\">Jako kobieta, jestem wdzi\u0119czna za mo\u017cliwo\u015bci, jakie mia\u0142am, aby rozwija\u0107 karier\u0119 pisarki i redaktorki. Na szcz\u0119\u015bcie nie s\u0105dz\u0119, aby rozwi\u0105zanie problemu feminizacji wymaga\u0142o od nas zamykania kobietom drzwi przed nosem. Musimy po prostu przywr\u00f3ci\u0107 sprawiedliwe zasady. Obecnie mamy nominalnie merytokratyczny system, w kt\u00f3rym kobiety nie mog\u0105 przegrywa\u0107. Sprawmy, aby zatrudnianie by\u0142o merytokratyczne w istocie, a nie tylko z nazwy, a zobaczymy, jak to si\u0119 potoczy. Sprawmy, aby ponownie legalna by\u0142a m\u0119ska kultura biurowa. Zlikwidujmy prawo weta dla kobiet z HR. My\u015bl\u0119, \u017ce ludzie b\u0119d\u0105 zaskoczeni, odkrywaj\u0105c, jak wiele z naszej obecnej feminizacji wynika ze zmian instytucjonalnych, takich jak&nbsp;<a href=\"https:\/\/thelampmagazine.com\/issues\/issue-21\/against-human-resources?ref=compactmag.com\"><u>pojawienie si\u0119 HR<\/u><\/a>&nbsp;, kt\u00f3re zosta\u0142y spowodowane zmianami prawnymi i kt\u00f3re zmiany prawne mog\u0105 odwr\u00f3ci\u0107.&nbsp;<\/p>\n\n\n\n<p class=\"has-text-align-justify wp-block-paragraph\">Bo przecie\u017c nie jestem tylko kobiet\u0105. Jestem te\u017c osob\u0105 o wielu nieprzyjemnych opiniach, kt\u00f3rej b\u0119dzie trudno si\u0119 rozwija\u0107, je\u015bli spo\u0142ecze\u0144stwo stanie si\u0119 bardziej niech\u0119tne konfliktom i nastawione na konsensus. Jestem matk\u0105 syn\u00f3w, kt\u00f3rzy nigdy nie osi\u0105gn\u0105 pe\u0142ni swojego potencja\u0142u, je\u015bli b\u0119d\u0105 musieli dorasta\u0107 w sfeminizowanym \u015bwiecie. Jestem \u2013 my wszyscy \u2013 zale\u017cna od instytucji takich jak system prawny, badania naukowe i polityka demokratyczna, kt\u00f3re wspieraj\u0105 ameryka\u0144ski styl \u017cycia, i wszyscy b\u0119dziemy cierpie\u0107, je\u015bli przestan\u0105 one wykonywa\u0107 zadania, do kt\u00f3rych zosta\u0142y stworzone.<\/p>\n\n\n\n<p class=\"wp-block-paragraph\">Helen Andrews jest autork\u0105 ksi\u0105\u017cki&nbsp;<em>Boomers: The Men and Women Who Promised Freedom and Delivered Disaster<\/em>&nbsp;.<\/p>\n\n\n\n<p class=\"wp-block-paragraph\">A oto komentarz [przytoczony przez <a href=\"https:\/\/www.barnhardt.biz\/2025\/10\/19\/women-unchecked-and-uncontrolled-ruin-everything-they-take-over-you-must-keep-the-womenfolk-under-control\/\">Ann Barnhardt<\/a>] z&nbsp;<strong><a href=\"https:\/\/voxday.net\/2025\/10\/16\/rediscovering-van-creveld\/\">wpisu VoxDay<\/a><\/strong>&nbsp;:<\/p>\n\n\n\n<p class=\"has-text-align-justify wp-block-paragraph\">Autorka ma ca\u0142kowit\u0105 racj\u0119, martwi\u0105c si\u0119 o konsekwencje dla ka\u017cdej bran\u017cy, w kt\u00f3rej kobiety stan\u0105 si\u0119 wi\u0119kszo\u015bci\u0105, poniewa\u017c wszystkie te <strong>bran\u017ce przestan\u0105 by\u0107 w stanie pe\u0142ni\u0107 swoje podstawowe funkcj<\/strong>e. Widzieli\u015bmy to ju\u017c na przyk\u0142ad w edukacji podstawowej, gdzie nauczycielki pracuj\u0105ce g\u0142\u00f3wnie na zasadach \u017ce\u0144skich i w radach szkolnych, w kt\u00f3rych wi\u0119kszo\u015b\u0107 stanowi\u0105 kobiety, nie mog\u0105 uczy\u0107 uczni\u00f3w czytania, pisania ani arytmetyki.<\/p>\n\n\n\n<p class=\"has-text-align-justify wp-block-paragraph\">Jak obserwujemy na bie\u017c\u0105co, polityka zdominowana przez kobiety nie jest zgodna z cywilizacj\u0105, poniewa\u017c kobiety maj\u0105 inne priorytety i perspektywy ni\u017c te wymagane do jej budowy i utrzymania. Spo\u0142ecze\u0144stwo feministyczne, je\u015bli pozostawi si\u0119 je samemu sobie, b\u0119dzie wygl\u0105da\u0107 bardzo podobnie do przeci\u0119tnego spo\u0142ecze\u0144stwa afryka\u0144skiego sprzed kontaktu z Europejczykami. Odcinek serialu \u201e&nbsp;<em><a href=\"https:\/\/pl.wikipedia.org\/wiki\/Survivor_(reality_show)\" target=\"_blank\" rel=\"noreferrer noopener\">Survivor<\/a>\u201d<\/em>, w kt\u00f3rym dwa plemiona zosta\u0142y podzielone ze wzgl\u0119du na p\u0142e\u0107, jest tego bardzo dobitnym przyk\u0142adem.<\/p>\n\n\n\n<p class=\"has-text-align-justify wp-block-paragraph\">Autor myli jednak objaw z chorob\u0105. Kobiety s\u0105 bardziej podobne do nosiciela choroby ni\u017c do samej choroby, co wida\u0107 po tym, jak m\u0119\u017cczy\u017ani walcz\u0105cy o sprawiedliwo\u015b\u0107 spo\u0142eczn\u0105 s\u0105 r\u00f3wnie niekompetentni, a nawet bardziej szaleni ni\u017c kobiety. Choroba ma ostatecznie charakter duchowy i ostatecznie prowadzi do upadku spo\u0142ecze\u0144stwa, piramid po\u015bwi\u0119conych ofiarom z dzieci, a mo\u017ce do obu tych zjawisk.<\/p>\n\n\n\n<p class=\"has-text-align-justify wp-block-paragraph\">Dobra wiadomo\u015b\u0107 jest taka, \u017ce \u200b\u200ba) spo\u0142ecze\u0144stwa konwergentne nieuchronnie upadn\u0105, b) zaanga\u017cowanie kobiet na rzecz feminizmu i sprawiedliwo\u015bci spo\u0142ecznej zniknie, gdy tylko zabraknie finansowania rz\u0105dowego, c) m\u0119\u017cczy\u017ani przestan\u0105 wspiera\u0107 wp\u0142yw kobiet na nich.<\/p>\n\n\n\n<p class=\"wp-block-paragraph\">To wyj\u0105tkowy moment w historii, kt\u00f3rego koniec jest ju\u017c wyra\u017anie widoczny.<\/p>\n\n\n\n<blockquote class=\"wp-block-quote has-normal-font-size is-layout-flow wp-block-quote-is-layout-flow\">\n<p class=\"has-normal-font-size wp-block-paragraph\"><em>Lekcja, jak zawsze, jest taka: kobiety wszystko rujnuj\u0105.<\/em><br \/>\u2014Bill Simmons<\/p>\n<\/blockquote>\n\n\n\n<div class=\"wp-block-kadence-infobox kt-info-box74405_787106-ce\"><a class=\"kt-blocks-info-box-link-wrap info-box-link kt-blocks-info-box-media-align-top kt-info-halign-center\" target=\"_blank\" rel=\"noopener noreferrer\" href=\"https:\/\/wobronietradycjiiwiary.com\/pl\/subskrypcje-2\/\"><div class=\"kt-blocks-info-box-media-container\"><div class=\"kt-blocks-info-box-media kt-info-media-animate-none\"><div class=\"kadence-info-box-image-inner-intrisic-container\"><div class=\"kadence-info-box-image-intrisic kt-info-animate-none\"><div class=\"kadence-info-box-image-inner-intrisic\"><img decoding=\"async\" data-attachment-id=\"99768\" data-permalink=\"https:\/\/wobronietradycjiiwiary.com\/pl\/cropped-cropped-st-peters-dome-vatican-1-jpg\/\" data-orig-file=\"https:\/\/wobronietradycjiiwiary.com\/wp-content\/uploads\/2015\/10\/cropped-cropped-st-peters-dome-vatican-1.jpg\" data-orig-size=\"512,512\" data-comments-opened=\"1\" data-image-meta=\"{&quot;aperture&quot;:&quot;0&quot;,&quot;credit&quot;:&quot;&quot;,&quot;camera&quot;:&quot;&quot;,&quot;caption&quot;:&quot;&quot;,&quot;created_timestamp&quot;:&quot;0&quot;,&quot;copyright&quot;:&quot;&quot;,&quot;focal_length&quot;:&quot;0&quot;,&quot;iso&quot;:&quot;0&quot;,&quot;shutter_speed&quot;:&quot;0&quot;,&quot;title&quot;:&quot;&quot;,&quot;orientation&quot;:&quot;0&quot;}\" data-image-title=\"cropped-cropped-st-peters-dome-vatican-1.jpg\" data-image-description=\"&lt;p&gt;https:\/\/wobronietradycjiiwiary.com\/wp-content\/uploads\/2015\/10\/cropped-cropped-st-peters-dome-vatican-1.jpg&lt;\/p&gt;\n\" data-image-caption=\"\" data-large-file=\"https:\/\/wobronietradycjiiwiary.com\/wp-content\/uploads\/2015\/10\/cropped-cropped-st-peters-dome-vatican-1.jpg\" src=\"https:\/\/wobronietradycjiiwiary.com\/wp-content\/uploads\/2015\/10\/cropped-cropped-st-peters-dome-vatican-1-150x150.jpg\" alt=\"\" width=\"150\" height=\"150\" class=\"kt-info-box-image wp-image-99768\" srcset=\"https:\/\/wobronietradycjiiwiary.com\/wp-content\/uploads\/2015\/10\/cropped-cropped-st-peters-dome-vatican-1-150x150.jpg 150w, https:\/\/wobronietradycjiiwiary.com\/wp-content\/uploads\/2015\/10\/cropped-cropped-st-peters-dome-vatican-1-300x300.jpg 300w, https:\/\/wobronietradycjiiwiary.com\/wp-content\/uploads\/2015\/10\/cropped-cropped-st-peters-dome-vatican-1-12x12.jpg 12w, https:\/\/wobronietradycjiiwiary.com\/wp-content\/uploads\/2015\/10\/cropped-cropped-st-peters-dome-vatican-1-400x400.jpg?crop=1 400w, https:\/\/wobronietradycjiiwiary.com\/wp-content\/uploads\/2015\/10\/cropped-cropped-st-peters-dome-vatican-1-200x200.jpg?crop=1 200w, https:\/\/wobronietradycjiiwiary.com\/wp-content\/uploads\/2015\/10\/cropped-cropped-st-peters-dome-vatican-1-100x100.jpg?crop=1 100w, https:\/\/wobronietradycjiiwiary.com\/wp-content\/uploads\/2015\/10\/cropped-cropped-st-peters-dome-vatican-1-270x270.jpg 270w, https:\/\/wobronietradycjiiwiary.com\/wp-content\/uploads\/2015\/10\/cropped-cropped-st-peters-dome-vatican-1-192x192.jpg 192w, https:\/\/wobronietradycjiiwiary.com\/wp-content\/uploads\/2015\/10\/cropped-cropped-st-peters-dome-vatican-1-180x180.jpg 180w, https:\/\/wobronietradycjiiwiary.com\/wp-content\/uploads\/2015\/10\/cropped-cropped-st-peters-dome-vatican-1-32x32.jpg 32w, https:\/\/wobronietradycjiiwiary.com\/wp-content\/uploads\/2015\/10\/cropped-cropped-st-peters-dome-vatican-1.jpg 512w\" sizes=\"(max-width: 150px) 100vw, 150px\" \/><\/div><\/div><\/div><\/div><\/div><div class=\"kt-infobox-textcontent\"><h2 class=\"kt-blocks-info-box-title\">Chcesz czyta\u0107 wszystko?<\/h2><p class=\"kt-blocks-info-box-text\"><strong>Wykup abonament.<\/strong><\/p><\/div><\/a><\/div>\n\n\n\n<div class=\"wp-block-cover aligncenter\" style=\"min-height:361px;aspect-ratio:unset;\"><img fetchpriority=\"high\" decoding=\"async\" width=\"524\" height=\"539\" data-attachment-id=\"115630\" data-permalink=\"https:\/\/wobronietradycjiiwiary.com\/pl\/church-militant-o-naduzyciach-seksualnych-w-bractwie-sw-piusa-x-nowy-cykl\/ec48bf44892c29b895741920e0bdef09-2\/\" data-orig-file=\"https:\/\/wobronietradycjiiwiary.com\/wp-content\/uploads\/2024\/04\/ec48bf44892c29b895741920e0bdef09.jpg\" data-orig-size=\"524,539\" data-comments-opened=\"1\" data-image-meta=\"{&quot;aperture&quot;:&quot;0&quot;,&quot;credit&quot;:&quot;&quot;,&quot;camera&quot;:&quot;&quot;,&quot;caption&quot;:&quot;&quot;,&quot;created_timestamp&quot;:&quot;0&quot;,&quot;copyright&quot;:&quot;&quot;,&quot;focal_length&quot;:&quot;0&quot;,&quot;iso&quot;:&quot;0&quot;,&quot;shutter_speed&quot;:&quot;0&quot;,&quot;title&quot;:&quot;&quot;,&quot;orientation&quot;:&quot;0&quot;}\" data-image-title=\"ec48bf44892c29b895741920e0bdef09\" data-image-description=\"\" data-image-caption=\"\" data-large-file=\"https:\/\/wobronietradycjiiwiary.com\/wp-content\/uploads\/2024\/04\/ec48bf44892c29b895741920e0bdef09.jpg\" class=\"wp-block-cover__image-background wp-image-115630\" alt=\"\" src=\"https:\/\/wobronietradycjiiwiary.com\/wp-content\/uploads\/2024\/04\/ec48bf44892c29b895741920e0bdef09.jpg\" style=\"object-position:57% 0%\" data-object-fit=\"cover\" data-object-position=\"57% 0%\" srcset=\"https:\/\/wobronietradycjiiwiary.com\/wp-content\/uploads\/2024\/04\/ec48bf44892c29b895741920e0bdef09.jpg 524w, https:\/\/wobronietradycjiiwiary.com\/wp-content\/uploads\/2024\/04\/ec48bf44892c29b895741920e0bdef09-450x463.jpg 450w, https:\/\/wobronietradycjiiwiary.com\/wp-content\/uploads\/2024\/04\/ec48bf44892c29b895741920e0bdef09-292x300.jpg 292w, https:\/\/wobronietradycjiiwiary.com\/wp-content\/uploads\/2024\/04\/ec48bf44892c29b895741920e0bdef09-146x150.jpg 146w, https:\/\/wobronietradycjiiwiary.com\/wp-content\/uploads\/2024\/04\/ec48bf44892c29b895741920e0bdef09-12x12.jpg 12w, https:\/\/wobronietradycjiiwiary.com\/wp-content\/uploads\/2024\/04\/ec48bf44892c29b895741920e0bdef09-58x60.jpg 58w, https:\/\/wobronietradycjiiwiary.com\/wp-content\/uploads\/2024\/04\/ec48bf44892c29b895741920e0bdef09-87x90.jpg 87w\" sizes=\"(max-width: 524px) 100vw, 524px\" \/><span aria-hidden=\"true\" class=\"wp-block-cover__background has-background-dim\"><\/span><div class=\"wp-block-cover__inner-container is-layout-flow wp-block-cover-is-layout-flow\">\n<p class=\"has-text-align-center has-large-font-size wp-block-paragraph\"><mark style=\"background-color:rgba(0, 0, 0, 0)\" class=\"has-inline-color has-luminous-vivid-amber-color\"><strong>Spodoba\u0142o si\u0119? Wspieraj nas!<\/strong><\/mark><\/p>\n\n\n\n<p class=\"has-text-align-center wp-block-paragraph\"><strong>Kart\u0105, paypalem lub bezpo\u015brednim przelewem<\/strong>.<\/p>\n\n\n\n<p class=\"has-text-align-center wp-block-paragraph\" style=\"font-size:39px\"><a aria-label=\" (opens in a new tab)\" class=\"ek-link\" href=\"https:\/\/donate.stripe.com\/6oE7uNfHU4nXe2I7su\" target=\"_blank\" rel=\"noreferrer noopener\"><mark style=\"background-color:rgba(0, 0, 0, 0)\" class=\"has-inline-color has-white-color\"><strong>Datki<\/strong> <\/mark><\/a><\/p>\n<\/div><\/div>\n\n\n\n<p class=\"wp-block-paragraph\"><\/p>\n","protected":false},"excerpt":{"rendered":"<p>Argumenty za tym, \u017ce kobiety wszystko rujnuj\u0105.<\/p>\n","protected":false},"author":60508433,"featured_media":155143,"comment_status":"open","ping_status":"open","sticky":false,"template":"","format":"standard","meta":{"_bbp_topic_count":0,"_bbp_reply_count":0,"_bbp_total_topic_count":0,"_bbp_total_reply_count":0,"_bbp_voice_count":0,"_bbp_anonymous_reply_count":0,"_bbp_topic_count_hidden":0,"_bbp_reply_count_hidden":0,"_bbp_forum_subforum_count":0,"_editorskit_title_hidden":false,"_editorskit_reading_time":0,"_editorskit_is_block_options_detached":false,"_editorskit_block_options_position":"{}","_coblocks_attr":"","_coblocks_dimensions":"","_coblocks_responsive_height":"","_coblocks_accordion_ie_support":"","_exactmetrics_skip_tracking":false,"_jetpack_newsletter_access":"","_jetpack_dont_email_post_to_subs":false,"_jetpack_newsletter_tier_id":0,"_jetpack_memberships_contains_paywalled_content":false,"_wpcom_ai_launchpad_first_post":false,"_jetpack_feature_clip_id":0,"_jetpack_memberships_contains_paid_content":false,"footnotes":"","jetpack_publicize_message":"{title}\n\n{excerpt}\n\n{url}","jetpack_publicize_feature_enabled":true,"jetpack_social_post_already_shared":true,"jetpack_social_options":{"image_generator_settings":{"template":"highway","default_image_id":0,"font":"","enabled":false},"version":2},"_wpas_customize_per_network":false,"jetpack_post_was_ever_published":false},"categories":[610131185,262744831,40321200],"tags":[610130684,5104250,431125,610135835,610131361],"class_list":["post-155142","post","type-post","status-publish","format-standard","has-post-thumbnail","hentry","category-doktryna","category-powolanie-kobiety","category-teologia-moralna","tag-ann-barnhardt","tag-emancypacja","tag-feminizm","tag-helen-adrews","tag-kobiety"],"yoast_head":"<!-- This site is optimized with the Yoast SEO plugin v28.3 - https:\/\/yoast.com\/product\/yoast-seo-wordpress\/ -->\n<title>Czy kobiety faktycznie wszystko rujnuj\u0105? Dwug\u0142os o feminizacji. - Tradycja i Wiara<\/title>\n<meta name=\"robots\" content=\"index, follow, max-snippet:-1, max-image-preview:large, max-video-preview:-1\" \/>\n<link rel=\"canonical\" href=\"https:\/\/wobronietradycjiiwiary.com\/pl\/czy-kobiety-faktycznie-wszystko-rujnuja-dwuglos-o-feminizacji\/\" \/>\n<meta property=\"og:locale\" content=\"pl_PL\" \/>\n<meta property=\"og:type\" content=\"article\" \/>\n<meta property=\"og:title\" content=\"Czy kobiety faktycznie wszystko rujnuj\u0105? Dwug\u0142os o feminizacji. - Tradycja i Wiara\" \/>\n<meta property=\"og:description\" content=\"Argumenty za tym, \u017ce kobiety wszystko rujnuj\u0105.\" \/>\n<meta property=\"og:url\" content=\"https:\/\/wobronietradycjiiwiary.com\/pl\/czy-kobiety-faktycznie-wszystko-rujnuja-dwuglos-o-feminizacji\/\" \/>\n<meta property=\"og:site_name\" content=\"Tradycja i Wiara\" \/>\n<meta property=\"article:publisher\" content=\"https:\/\/www.facebook.com\/Tradycja-i-Wiara-108813920592249\" \/>\n<meta property=\"article:published_time\" content=\"2025-10-19T13:32:23+00:00\" \/>\n<meta property=\"article:modified_time\" content=\"2025-10-20T04:52:40+00:00\" \/>\n<meta property=\"og:image\" content=\"https:\/\/wobronietradycjiiwiary.com\/wp-content\/uploads\/2025\/10\/1Medieval_Monsters_3274880k.jpg\" \/>\n\t<meta property=\"og:image:width\" content=\"858\" \/>\n\t<meta property=\"og:image:height\" content=\"536\" \/>\n\t<meta property=\"og:image:type\" content=\"image\/jpeg\" \/>\n<meta name=\"author\" content=\"Traditio et Fides\" \/>\n<meta name=\"twitter:card\" content=\"summary_large_image\" \/>\n<meta name=\"twitter:label1\" content=\"Napisane przez\" \/>\n\t<meta name=\"twitter:data1\" content=\"Traditio et Fides\" \/>\n\t<meta name=\"twitter:label2\" content=\"Szacowany czas czytania\" \/>\n\t<meta name=\"twitter:data2\" content=\"26 minut\" \/>\n<script type=\"application\/ld+json\" class=\"yoast-schema-graph\">{\"@context\":\"https:\\\/\\\/schema.org\",\"@graph\":[{\"@type\":\"Article\",\"@id\":\"https:\\\/\\\/wobronietradycjiiwiary.com\\\/czy-kobiety-faktycznie-wszystko-rujnuja-dwuglos-o-feminizacji\\\/#article\",\"isPartOf\":{\"@id\":\"https:\\\/\\\/wobronietradycjiiwiary.com\\\/czy-kobiety-faktycznie-wszystko-rujnuja-dwuglos-o-feminizacji\\\/\"},\"author\":{\"name\":\"Traditio et Fides\",\"@id\":\"https:\\\/\\\/wobronietradycjiiwiary.com\\\/pl\\\/#\\\/schema\\\/person\\\/2d6180ce6abcb681fef0daab7816e8f3\"},\"headline\":\"Czy kobiety faktycznie wszystko rujnuj\u0105? Dwug\u0142os o feminizacji.\",\"datePublished\":\"2025-10-19T13:32:23+00:00\",\"dateModified\":\"2025-10-20T04:52:40+00:00\",\"mainEntityOfPage\":{\"@id\":\"https:\\\/\\\/wobronietradycjiiwiary.com\\\/czy-kobiety-faktycznie-wszystko-rujnuja-dwuglos-o-feminizacji\\\/\"},\"wordCount\":5244,\"commentCount\":0,\"publisher\":{\"@id\":\"https:\\\/\\\/wobronietradycjiiwiary.com\\\/pl\\\/#organization\"},\"image\":{\"@id\":\"https:\\\/\\\/wobronietradycjiiwiary.com\\\/czy-kobiety-faktycznie-wszystko-rujnuja-dwuglos-o-feminizacji\\\/#primaryimage\"},\"thumbnailUrl\":\"https:\\\/\\\/wobronietradycjiiwiary.com\\\/wp-content\\\/uploads\\\/2025\\\/10\\\/1Medieval_Monsters_3274880k.jpg\",\"keywords\":[\"Ann Barnhardt\",\"Emancypacja\",\"feminizm\",\"Helen Adrews\",\"Kobiety\"],\"articleSection\":[\"Doktryna\",\"Powo\u0142anie kobiety\",\"Teologia moralna\"],\"inLanguage\":\"pl-PL\",\"potentialAction\":[{\"@type\":\"CommentAction\",\"name\":\"Comment\",\"target\":[\"https:\\\/\\\/wobronietradycjiiwiary.com\\\/czy-kobiety-faktycznie-wszystko-rujnuja-dwuglos-o-feminizacji\\\/#respond\"]}]},{\"@type\":\"WebPage\",\"@id\":\"https:\\\/\\\/wobronietradycjiiwiary.com\\\/czy-kobiety-faktycznie-wszystko-rujnuja-dwuglos-o-feminizacji\\\/\",\"url\":\"https:\\\/\\\/wobronietradycjiiwiary.com\\\/czy-kobiety-faktycznie-wszystko-rujnuja-dwuglos-o-feminizacji\\\/\",\"name\":\"Czy kobiety faktycznie wszystko rujnuj\u0105? Dwug\u0142os o feminizacji. - Tradycja i Wiara\",\"isPartOf\":{\"@id\":\"https:\\\/\\\/wobronietradycjiiwiary.com\\\/pl\\\/#website\"},\"primaryImageOfPage\":{\"@id\":\"https:\\\/\\\/wobronietradycjiiwiary.com\\\/czy-kobiety-faktycznie-wszystko-rujnuja-dwuglos-o-feminizacji\\\/#primaryimage\"},\"image\":{\"@id\":\"https:\\\/\\\/wobronietradycjiiwiary.com\\\/czy-kobiety-faktycznie-wszystko-rujnuja-dwuglos-o-feminizacji\\\/#primaryimage\"},\"thumbnailUrl\":\"https:\\\/\\\/wobronietradycjiiwiary.com\\\/wp-content\\\/uploads\\\/2025\\\/10\\\/1Medieval_Monsters_3274880k.jpg\",\"datePublished\":\"2025-10-19T13:32:23+00:00\",\"dateModified\":\"2025-10-20T04:52:40+00:00\",\"breadcrumb\":{\"@id\":\"https:\\\/\\\/wobronietradycjiiwiary.com\\\/czy-kobiety-faktycznie-wszystko-rujnuja-dwuglos-o-feminizacji\\\/#breadcrumb\"},\"inLanguage\":\"pl-PL\",\"potentialAction\":[{\"@type\":\"ReadAction\",\"target\":[\"https:\\\/\\\/wobronietradycjiiwiary.com\\\/czy-kobiety-faktycznie-wszystko-rujnuja-dwuglos-o-feminizacji\\\/\"]}]},{\"@type\":\"ImageObject\",\"inLanguage\":\"pl-PL\",\"@id\":\"https:\\\/\\\/wobronietradycjiiwiary.com\\\/czy-kobiety-faktycznie-wszystko-rujnuja-dwuglos-o-feminizacji\\\/#primaryimage\",\"url\":\"https:\\\/\\\/wobronietradycjiiwiary.com\\\/wp-content\\\/uploads\\\/2025\\\/10\\\/1Medieval_Monsters_3274880k.jpg\",\"contentUrl\":\"https:\\\/\\\/wobronietradycjiiwiary.com\\\/wp-content\\\/uploads\\\/2025\\\/10\\\/1Medieval_Monsters_3274880k.jpg\",\"width\":858,\"height\":536},{\"@type\":\"BreadcrumbList\",\"@id\":\"https:\\\/\\\/wobronietradycjiiwiary.com\\\/czy-kobiety-faktycznie-wszystko-rujnuja-dwuglos-o-feminizacji\\\/#breadcrumb\",\"itemListElement\":[{\"@type\":\"ListItem\",\"position\":1,\"name\":\"Strona g\u0142\u00f3wna\",\"item\":\"https:\\\/\\\/wobronietradycjiiwiary.com\\\/\"},{\"@type\":\"ListItem\",\"position\":2,\"name\":\"Czy kobiety faktycznie wszystko rujnuj\u0105? Dwug\u0142os o feminizacji.\"}]},{\"@type\":\"WebSite\",\"@id\":\"https:\\\/\\\/wobronietradycjiiwiary.com\\\/pl\\\/#website\",\"url\":\"https:\\\/\\\/wobronietradycjiiwiary.com\\\/pl\\\/\",\"name\":\"Tradycja i Wiara\",\"description\":\"Portal dla katolik\u00f3w.\",\"publisher\":{\"@id\":\"https:\\\/\\\/wobronietradycjiiwiary.com\\\/pl\\\/#organization\"},\"potentialAction\":[{\"@type\":\"SearchAction\",\"target\":{\"@type\":\"EntryPoint\",\"urlTemplate\":\"https:\\\/\\\/wobronietradycjiiwiary.com\\\/pl\\\/?s={search_term_string}\"},\"query-input\":{\"@type\":\"PropertyValueSpecification\",\"valueRequired\":true,\"valueName\":\"search_term_string\"}}],\"inLanguage\":\"pl-PL\"},{\"@type\":\"Organization\",\"@id\":\"https:\\\/\\\/wobronietradycjiiwiary.com\\\/pl\\\/#organization\",\"name\":\"Tradycja i Wiara\",\"url\":\"https:\\\/\\\/wobronietradycjiiwiary.com\\\/pl\\\/\",\"logo\":{\"@type\":\"ImageObject\",\"inLanguage\":\"pl-PL\",\"@id\":\"https:\\\/\\\/wobronietradycjiiwiary.com\\\/pl\\\/#\\\/schema\\\/logo\\\/image\\\/\",\"url\":\"https:\\\/\\\/i0.wp.com\\\/wobronietradycjiiwiary.com\\\/wp-content\\\/uploads\\\/2015\\\/10\\\/cropped-st-peters-dome-vatican.jpg?fit=940%2C198&ssl=1\",\"contentUrl\":\"https:\\\/\\\/i0.wp.com\\\/wobronietradycjiiwiary.com\\\/wp-content\\\/uploads\\\/2015\\\/10\\\/cropped-st-peters-dome-vatican.jpg?fit=940%2C198&ssl=1\",\"width\":940,\"height\":198,\"caption\":\"Tradycja i Wiara\"},\"image\":{\"@id\":\"https:\\\/\\\/wobronietradycjiiwiary.com\\\/pl\\\/#\\\/schema\\\/logo\\\/image\\\/\"},\"sameAs\":[\"https:\\\/\\\/www.facebook.com\\\/Tradycja-i-Wiara-108813920592249\"]},{\"@type\":\"Person\",\"@id\":\"https:\\\/\\\/wobronietradycjiiwiary.com\\\/pl\\\/#\\\/schema\\\/person\\\/2d6180ce6abcb681fef0daab7816e8f3\",\"name\":\"Traditio et Fides\",\"sameAs\":[\"https:\\\/\\\/traditionundglauben.com\"],\"url\":\"https:\\\/\\\/wobronietradycjiiwiary.com\\\/pl\\\/author\\\/wobronietradycjiiwiary\\\/\"}]}<\/script>\n<!-- \/ Yoast SEO plugin. -->","yoast_head_json":{"title":"Czy kobiety faktycznie wszystko rujnuj\u0105? Dwug\u0142os o feminizacji. - Tradycja i Wiara","robots":{"index":"index","follow":"follow","max-snippet":"max-snippet:-1","max-image-preview":"max-image-preview:large","max-video-preview":"max-video-preview:-1"},"canonical":"https:\/\/wobronietradycjiiwiary.com\/pl\/czy-kobiety-faktycznie-wszystko-rujnuja-dwuglos-o-feminizacji\/","og_locale":"pl_PL","og_type":"article","og_title":"Czy kobiety faktycznie wszystko rujnuj\u0105? Dwug\u0142os o feminizacji. - Tradycja i Wiara","og_description":"Argumenty za tym, \u017ce kobiety wszystko rujnuj\u0105.","og_url":"https:\/\/wobronietradycjiiwiary.com\/pl\/czy-kobiety-faktycznie-wszystko-rujnuja-dwuglos-o-feminizacji\/","og_site_name":"Tradycja i Wiara","article_publisher":"https:\/\/www.facebook.com\/Tradycja-i-Wiara-108813920592249","article_published_time":"2025-10-19T13:32:23+00:00","article_modified_time":"2025-10-20T04:52:40+00:00","og_image":[{"width":858,"height":536,"url":"https:\/\/wobronietradycjiiwiary.com\/wp-content\/uploads\/2025\/10\/1Medieval_Monsters_3274880k.jpg","type":"image\/jpeg"}],"author":"Traditio et Fides","twitter_card":"summary_large_image","twitter_misc":{"Napisane przez":"Traditio et Fides","Szacowany czas czytania":"26 minut"},"schema":{"@context":"https:\/\/schema.org","@graph":[{"@type":"Article","@id":"https:\/\/wobronietradycjiiwiary.com\/czy-kobiety-faktycznie-wszystko-rujnuja-dwuglos-o-feminizacji\/#article","isPartOf":{"@id":"https:\/\/wobronietradycjiiwiary.com\/czy-kobiety-faktycznie-wszystko-rujnuja-dwuglos-o-feminizacji\/"},"author":{"name":"Traditio et Fides","@id":"https:\/\/wobronietradycjiiwiary.com\/pl\/#\/schema\/person\/2d6180ce6abcb681fef0daab7816e8f3"},"headline":"Czy kobiety faktycznie wszystko rujnuj\u0105? Dwug\u0142os o feminizacji.","datePublished":"2025-10-19T13:32:23+00:00","dateModified":"2025-10-20T04:52:40+00:00","mainEntityOfPage":{"@id":"https:\/\/wobronietradycjiiwiary.com\/czy-kobiety-faktycznie-wszystko-rujnuja-dwuglos-o-feminizacji\/"},"wordCount":5244,"commentCount":0,"publisher":{"@id":"https:\/\/wobronietradycjiiwiary.com\/pl\/#organization"},"image":{"@id":"https:\/\/wobronietradycjiiwiary.com\/czy-kobiety-faktycznie-wszystko-rujnuja-dwuglos-o-feminizacji\/#primaryimage"},"thumbnailUrl":"https:\/\/wobronietradycjiiwiary.com\/wp-content\/uploads\/2025\/10\/1Medieval_Monsters_3274880k.jpg","keywords":["Ann Barnhardt","Emancypacja","feminizm","Helen Adrews","Kobiety"],"articleSection":["Doktryna","Powo\u0142anie kobiety","Teologia moralna"],"inLanguage":"pl-PL","potentialAction":[{"@type":"CommentAction","name":"Comment","target":["https:\/\/wobronietradycjiiwiary.com\/czy-kobiety-faktycznie-wszystko-rujnuja-dwuglos-o-feminizacji\/#respond"]}]},{"@type":"WebPage","@id":"https:\/\/wobronietradycjiiwiary.com\/czy-kobiety-faktycznie-wszystko-rujnuja-dwuglos-o-feminizacji\/","url":"https:\/\/wobronietradycjiiwiary.com\/czy-kobiety-faktycznie-wszystko-rujnuja-dwuglos-o-feminizacji\/","name":"Czy kobiety faktycznie wszystko rujnuj\u0105? Dwug\u0142os o feminizacji. - Tradycja i Wiara","isPartOf":{"@id":"https:\/\/wobronietradycjiiwiary.com\/pl\/#website"},"primaryImageOfPage":{"@id":"https:\/\/wobronietradycjiiwiary.com\/czy-kobiety-faktycznie-wszystko-rujnuja-dwuglos-o-feminizacji\/#primaryimage"},"image":{"@id":"https:\/\/wobronietradycjiiwiary.com\/czy-kobiety-faktycznie-wszystko-rujnuja-dwuglos-o-feminizacji\/#primaryimage"},"thumbnailUrl":"https:\/\/wobronietradycjiiwiary.com\/wp-content\/uploads\/2025\/10\/1Medieval_Monsters_3274880k.jpg","datePublished":"2025-10-19T13:32:23+00:00","dateModified":"2025-10-20T04:52:40+00:00","breadcrumb":{"@id":"https:\/\/wobronietradycjiiwiary.com\/czy-kobiety-faktycznie-wszystko-rujnuja-dwuglos-o-feminizacji\/#breadcrumb"},"inLanguage":"pl-PL","potentialAction":[{"@type":"ReadAction","target":["https:\/\/wobronietradycjiiwiary.com\/czy-kobiety-faktycznie-wszystko-rujnuja-dwuglos-o-feminizacji\/"]}]},{"@type":"ImageObject","inLanguage":"pl-PL","@id":"https:\/\/wobronietradycjiiwiary.com\/czy-kobiety-faktycznie-wszystko-rujnuja-dwuglos-o-feminizacji\/#primaryimage","url":"https:\/\/wobronietradycjiiwiary.com\/wp-content\/uploads\/2025\/10\/1Medieval_Monsters_3274880k.jpg","contentUrl":"https:\/\/wobronietradycjiiwiary.com\/wp-content\/uploads\/2025\/10\/1Medieval_Monsters_3274880k.jpg","width":858,"height":536},{"@type":"BreadcrumbList","@id":"https:\/\/wobronietradycjiiwiary.com\/czy-kobiety-faktycznie-wszystko-rujnuja-dwuglos-o-feminizacji\/#breadcrumb","itemListElement":[{"@type":"ListItem","position":1,"name":"Strona g\u0142\u00f3wna","item":"https:\/\/wobronietradycjiiwiary.com\/"},{"@type":"ListItem","position":2,"name":"Czy kobiety faktycznie wszystko rujnuj\u0105? Dwug\u0142os o feminizacji."}]},{"@type":"WebSite","@id":"https:\/\/wobronietradycjiiwiary.com\/pl\/#website","url":"https:\/\/wobronietradycjiiwiary.com\/pl\/","name":"Tradycja i Wiara","description":"Portal dla katolik\u00f3w.","publisher":{"@id":"https:\/\/wobronietradycjiiwiary.com\/pl\/#organization"},"potentialAction":[{"@type":"SearchAction","target":{"@type":"EntryPoint","urlTemplate":"https:\/\/wobronietradycjiiwiary.com\/pl\/?s={search_term_string}"},"query-input":{"@type":"PropertyValueSpecification","valueRequired":true,"valueName":"search_term_string"}}],"inLanguage":"pl-PL"},{"@type":"Organization","@id":"https:\/\/wobronietradycjiiwiary.com\/pl\/#organization","name":"Tradycja i Wiara","url":"https:\/\/wobronietradycjiiwiary.com\/pl\/","logo":{"@type":"ImageObject","inLanguage":"pl-PL","@id":"https:\/\/wobronietradycjiiwiary.com\/pl\/#\/schema\/logo\/image\/","url":"https:\/\/i0.wp.com\/wobronietradycjiiwiary.com\/wp-content\/uploads\/2015\/10\/cropped-st-peters-dome-vatican.jpg?fit=940%2C198&ssl=1","contentUrl":"https:\/\/i0.wp.com\/wobronietradycjiiwiary.com\/wp-content\/uploads\/2015\/10\/cropped-st-peters-dome-vatican.jpg?fit=940%2C198&ssl=1","width":940,"height":198,"caption":"Tradycja i Wiara"},"image":{"@id":"https:\/\/wobronietradycjiiwiary.com\/pl\/#\/schema\/logo\/image\/"},"sameAs":["https:\/\/www.facebook.com\/Tradycja-i-Wiara-108813920592249"]},{"@type":"Person","@id":"https:\/\/wobronietradycjiiwiary.com\/pl\/#\/schema\/person\/2d6180ce6abcb681fef0daab7816e8f3","name":"Traditio et Fides","sameAs":["https:\/\/traditionundglauben.com"],"url":"https:\/\/wobronietradycjiiwiary.com\/pl\/author\/wobronietradycjiiwiary\/"}]}},"jetpack_publicize_connections":[],"jetpack_sharing_enabled":true,"jetpack_likes_enabled":true,"jetpack_shortlink":"https:\/\/wp.me\/pc04Sd-Emi","jetpack-related-posts":[{"id":19583,"url":"https:\/\/wobronietradycjiiwiary.com\/pl\/ks-ripperger-walka-duchowa-i-malzenstwo-ii-4-z-9\/","url_meta":{"origin":155142,"position":0},"title":"Ks. Ripperger &#8211; Walka Duchowa i Ma\u0142\u017ce\u0144stwo II (4 z 9)","author":"mariuszjerzy","date":"3 kwietnia 2019","format":false,"excerpt":"W czwartym wpisie z dziewi\u0119ciu kontynuujemy t\u0142umaczenie drugiej konferencji Ksi\u0119dza Ripperger'a dotycz\u0105cej walki duchowej w ma\u0142\u017ce\u0144stwie. Je\u017celi kto\u015b chcia\u0142by pos\u0142ucha\u0107 sobie drugiej konferencji w oryginale to za\u0142\u0105czam link poni\u017cej: https:\/\/www.youtube.com\/watch?v=nATw_nHKdio KONFERENCJA II Drugim celem ma\u0142\u017ce\u0144stwa jest wzajemna pomoc i moralne regulowanie zaspokojenia seksualnego zgodnie z tym co m\u00f3wi\u0105 morali\u015bci. Wzajemna\u2026","rel":"","context":"W \u201eMa\u0142\u017ce\u0144stwo i rodzina&quot;","block_context":{"text":"Ma\u0142\u017ce\u0144stwo i rodzina","link":"https:\/\/wobronietradycjiiwiary.com\/pl\/category\/doktryna\/teologia-moralna\/malzenstwo\/"},"img":{"alt_text":"","src":"https:\/\/i0.wp.com\/wobronietradycjiiwiary.com\/wp-content\/uploads\/2020\/04\/Temptation-of-Adam-and-Eve-MeisterDrucke-543082.jpg?resize=350%2C200&ssl=1","width":350,"height":200,"srcset":"https:\/\/i0.wp.com\/wobronietradycjiiwiary.com\/wp-content\/uploads\/2020\/04\/Temptation-of-Adam-and-Eve-MeisterDrucke-543082.jpg?resize=350%2C200&ssl=1 1x, https:\/\/i0.wp.com\/wobronietradycjiiwiary.com\/wp-content\/uploads\/2020\/04\/Temptation-of-Adam-and-Eve-MeisterDrucke-543082.jpg?resize=525%2C300&ssl=1 1.5x, https:\/\/i0.wp.com\/wobronietradycjiiwiary.com\/wp-content\/uploads\/2020\/04\/Temptation-of-Adam-and-Eve-MeisterDrucke-543082.jpg?resize=700%2C400&ssl=1 2x"},"classes":[]},{"id":6134,"url":"https:\/\/wobronietradycjiiwiary.com\/pl\/jozef-kardynal-siri-notyfikacja-dotyczaca-noszenia-meskiego-ubioru-przez-kobiety-1-z-2\/","url_meta":{"origin":155142,"position":1},"title":"J\u00f3zef Kardyna\u0142 Siri, Notyfikacja dotycz\u0105ca noszenia m\u0119skiego ubioru przez kobiety (1 z 2)","author":"Traditio et Fides","date":"30 maja 2015","format":false,"excerpt":"Genua, 12 czerwca 1960 roku Do Wielebnych Ksi\u0119\u017cy, Do wszystkich Si\u00f3str nauczaj\u0105cych, Do umi\u0142owanych syn\u00f3w z Akcji Katolickiej Do nauczycieli, kt\u00f3rzy prawdziwie pragn\u0105 trwa\u0107 przy katolickiej doktrynie. I Pierwsze oznaki wiosny, kt\u00f3ra przysz\u0142a do nas z op\u00f3\u017anieniem, wskazuj\u0105, \u017ce w tym roku nast\u0105pi\u0142 pewien wzrost si\u0119gania po m\u0119ski ubi\u00f3r przez\u2026","rel":"","context":"W \u201eModa&quot;","block_context":{"text":"Moda","link":"https:\/\/wobronietradycjiiwiary.com\/pl\/category\/doktryna\/teologia-moralna\/moda\/"},"img":{"alt_text":"","src":"https:\/\/i0.wp.com\/wobronietradycjiiwiary.com\/wp-content\/uploads\/2015\/05\/ingres_coronation_charles_vii1.jpg?resize=350%2C200&ssl=1","width":350,"height":200,"srcset":"https:\/\/i0.wp.com\/wobronietradycjiiwiary.com\/wp-content\/uploads\/2015\/05\/ingres_coronation_charles_vii1.jpg?resize=350%2C200&ssl=1 1x, https:\/\/i0.wp.com\/wobronietradycjiiwiary.com\/wp-content\/uploads\/2015\/05\/ingres_coronation_charles_vii1.jpg?resize=525%2C300&ssl=1 1.5x"},"classes":[]},{"id":19529,"url":"https:\/\/wobronietradycjiiwiary.com\/pl\/ks-ripperger-walka-duchowa-i-malzenstwo-6-z-7\/","url_meta":{"origin":155142,"position":2},"title":"Ks. Ripperger &#8211; Walka Duchowa i Ma\u0142\u017ce\u0144stwo (6 z 7)","author":"mariuszjerzy","date":"27 lutego 2019","format":false,"excerpt":"W sz\u00f3stym wpisie z siedmiu kontynuujemy t\u0142umaczenie pierwszej konferencji Ksi\u0119dza Ripperger'a dotycz\u0105cej walki duchowej w ma\u0142\u017ce\u0144stwie. Je\u017celi kto\u015b chcia\u0142by pos\u0142ucha\u0107 sobie pierwszej konferencji Ksi\u0119dza Ripperger'a w oryginale to za\u0142\u0105czam link poni\u017cej: https:\/\/www.youtube.com\/watch?v=NXRatp5aYpQ KONFERENCJA Kolejn\u0105 rzecz\u0105 do jakiej demony kusz\u0105 ludzi to chciwo\u015b\u0107 i \u015bwiatowo\u015b\u0107 i ch\u0119\u0107 posiadania rzeczy materialnych. Demony\u2026","rel":"","context":"W \u201eMa\u0142\u017ce\u0144stwo i rodzina&quot;","block_context":{"text":"Ma\u0142\u017ce\u0144stwo i rodzina","link":"https:\/\/wobronietradycjiiwiary.com\/pl\/category\/doktryna\/teologia-moralna\/malzenstwo\/"},"img":{"alt_text":"","src":"https:\/\/i0.wp.com\/wobronietradycjiiwiary.com\/wp-content\/uploads\/2020\/04\/Temptation-of-Adam-and-Eve-MeisterDrucke-543082.jpg?resize=350%2C200&ssl=1","width":350,"height":200,"srcset":"https:\/\/i0.wp.com\/wobronietradycjiiwiary.com\/wp-content\/uploads\/2020\/04\/Temptation-of-Adam-and-Eve-MeisterDrucke-543082.jpg?resize=350%2C200&ssl=1 1x, https:\/\/i0.wp.com\/wobronietradycjiiwiary.com\/wp-content\/uploads\/2020\/04\/Temptation-of-Adam-and-Eve-MeisterDrucke-543082.jpg?resize=525%2C300&ssl=1 1.5x, https:\/\/i0.wp.com\/wobronietradycjiiwiary.com\/wp-content\/uploads\/2020\/04\/Temptation-of-Adam-and-Eve-MeisterDrucke-543082.jpg?resize=700%2C400&ssl=1 2x"},"classes":[]},{"id":6319,"url":"https:\/\/wobronietradycjiiwiary.com\/pl\/o-karol-antoniewicz-si-o-powolaniu-kobiety\/","url_meta":{"origin":155142,"position":3},"title":"O. Karol Antoniewicz SI, O Powo\u0142aniu kobiety (1)","author":"Traditio et Fides","date":"14 czerwca 2015","format":false,"excerpt":"Kobiety lubi\u0105, gdy si\u0119 nimi zachwyca. Im bardziej, tym lepiej. A kt\u00f3\u017c potrafi to lepiej, ani\u017celi zakonnik i celibatariusz, kt\u00f3ry w\u0142asnej \u017cony nie ma i by\u0107 mo\u017ce co nieco idealizuje? Co ciekawe wydaje si\u0119, \u017ce wszelka krytyka m\u0119\u017cczyzny jako takiego odbierana jest przez kobiety i m\u0119\u017cczyzn jako przejaw obiektywnej rozumno\u015bci,\u2026","rel":"","context":"W \u201ePowo\u0142anie kobiety&quot;","block_context":{"text":"Powo\u0142anie kobiety","link":"https:\/\/wobronietradycjiiwiary.com\/pl\/category\/doktryna\/teologia-moralna\/malzenstwo\/powolanie-kobiety\/"},"img":{"alt_text":"","src":"https:\/\/i0.wp.com\/wobronietradycjiiwiary.com\/wp-content\/uploads\/2015\/06\/4835b9b06d.jpg?resize=350%2C200&ssl=1","width":350,"height":200,"srcset":"https:\/\/i0.wp.com\/wobronietradycjiiwiary.com\/wp-content\/uploads\/2015\/06\/4835b9b06d.jpg?resize=350%2C200&ssl=1 1x, https:\/\/i0.wp.com\/wobronietradycjiiwiary.com\/wp-content\/uploads\/2015\/06\/4835b9b06d.jpg?resize=525%2C300&ssl=1 1.5x, https:\/\/i0.wp.com\/wobronietradycjiiwiary.com\/wp-content\/uploads\/2015\/06\/4835b9b06d.jpg?resize=700%2C400&ssl=1 2x"},"classes":[]},{"id":21838,"url":"https:\/\/wobronietradycjiiwiary.com\/pl\/sw-jan-chryzostom-jakie-kobiety-nalezy-brac-za-zony-4-z-9\/","url_meta":{"origin":155142,"position":4},"title":"\u015aw. Jan Chryzostom &#8211; Jakie kobiety nale\u017cy bra\u0107 za \u017cony (4 z 9)","author":"Traditio et Fides","date":"15 pa\u017adziernika 2019","format":false,"excerpt":"\u00a0 4. S\u0142ysza\u0142em, jak wielu m\u00f3wi, \u017ce jaki\u015b cz\u0142owiek b\u0119d\u0105c wcze\u015bniej biednym, sta\u0142 si\u0119 bogatszy po zawarciu ma\u0142\u017ce\u0144stwa \u2013 poj\u0105\u0142 bogat\u0105 \u017con\u0119, teraz za\u015b \u017cyje w bogactwie i rozkoszach. C\u00f3\u017c m\u00f3wisz, cz\u0142owieku? Chcesz czerpa\u0107 zyski z \u017cony, i ani si\u0119 nie wstydzisz, ani si\u0119 nie czerwienisz? Nie chcesz ze wstydu\u2026","rel":"","context":"W \u201eWyb\u00f3r \u017cony&quot;","block_context":{"text":"Wyb\u00f3r \u017cony","link":"https:\/\/wobronietradycjiiwiary.com\/pl\/category\/doktryna\/teologia-moralna\/malzenstwo\/wybor-zony\/"},"img":{"alt_text":"","src":"https:\/\/i0.wp.com\/wobronietradycjiiwiary.com\/wp-content\/uploads\/2019\/10\/wotiw-chryzostom.jpg?resize=350%2C200&ssl=1","width":350,"height":200,"srcset":"https:\/\/i0.wp.com\/wobronietradycjiiwiary.com\/wp-content\/uploads\/2019\/10\/wotiw-chryzostom.jpg?resize=350%2C200&ssl=1 1x, https:\/\/i0.wp.com\/wobronietradycjiiwiary.com\/wp-content\/uploads\/2019\/10\/wotiw-chryzostom.jpg?resize=525%2C300&ssl=1 1.5x, https:\/\/i0.wp.com\/wobronietradycjiiwiary.com\/wp-content\/uploads\/2019\/10\/wotiw-chryzostom.jpg?resize=700%2C400&ssl=1 2x"},"classes":[]},{"id":6146,"url":"https:\/\/wobronietradycjiiwiary.com\/pl\/kardynal-siri-teologia-moralna-estetyka-a-noszenie-spodni-przez-kobiety-uwag-kilka\/","url_meta":{"origin":155142,"position":5},"title":"Kardyna\u0142 Siri, teologia moralna, estetyka a noszenie spodni przez kobiety \u2013 uwag kilka","author":"Traditio et Fides","date":"26 maja 2015","format":false,"excerpt":"Czas lektury: 5 minut W ramach praktycznych wskaz\u00f3wek dotycz\u0105cych przenoszenia og\u00f3lnych zasad na jednostkowe \u017cycie moralne przedstawimy tekst kardyna\u0142a Siri na pt. Notyfikacja dotycz\u0105ca noszenia m\u0119skiego ubioru przez kobiety. Tekst pochodzi z 1960 roku, a omawianym m\u0119skim strojem s\u0105 spodnie. Mo\u017cna zapyta\u0107, czy nie szkoda kardyna\u0142a Siri do omawiania takich\u2026","rel":"","context":"W \u201eModa&quot;","block_context":{"text":"Moda","link":"https:\/\/wobronietradycjiiwiary.com\/pl\/category\/doktryna\/teologia-moralna\/moda\/"},"img":{"alt_text":"","src":"https:\/\/i0.wp.com\/wobronietradycjiiwiary.com\/wp-content\/uploads\/2015\/05\/a_young_beauty_wearing_a_red_veil-large.jpg?resize=350%2C200&ssl=1","width":350,"height":200,"srcset":"https:\/\/i0.wp.com\/wobronietradycjiiwiary.com\/wp-content\/uploads\/2015\/05\/a_young_beauty_wearing_a_red_veil-large.jpg?resize=350%2C200&ssl=1 1x, https:\/\/i0.wp.com\/wobronietradycjiiwiary.com\/wp-content\/uploads\/2015\/05\/a_young_beauty_wearing_a_red_veil-large.jpg?resize=525%2C300&ssl=1 1.5x, https:\/\/i0.wp.com\/wobronietradycjiiwiary.com\/wp-content\/uploads\/2015\/05\/a_young_beauty_wearing_a_red_veil-large.jpg?resize=700%2C400&ssl=1 2x"},"classes":[]}],"amp_enabled":true,"jetpack_featured_media_url":"https:\/\/wobronietradycjiiwiary.com\/wp-content\/uploads\/2025\/10\/1Medieval_Monsters_3274880k.jpg","_links":{"self":[{"href":"https:\/\/wobronietradycjiiwiary.com\/pl\/wp-json\/wp\/v2\/posts\/155142","targetHints":{"allow":["GET"]}}],"collection":[{"href":"https:\/\/wobronietradycjiiwiary.com\/pl\/wp-json\/wp\/v2\/posts"}],"about":[{"href":"https:\/\/wobronietradycjiiwiary.com\/pl\/wp-json\/wp\/v2\/types\/post"}],"author":[{"embeddable":true,"href":"https:\/\/wobronietradycjiiwiary.com\/pl\/wp-json\/wp\/v2\/users\/60508433"}],"replies":[{"embeddable":true,"href":"https:\/\/wobronietradycjiiwiary.com\/pl\/wp-json\/wp\/v2\/comments?post=155142"}],"version-history":[{"count":26,"href":"https:\/\/wobronietradycjiiwiary.com\/pl\/wp-json\/wp\/v2\/posts\/155142\/revisions"}],"predecessor-version":[{"id":155183,"href":"https:\/\/wobronietradycjiiwiary.com\/pl\/wp-json\/wp\/v2\/posts\/155142\/revisions\/155183"}],"wp:featuredmedia":[{"embeddable":true,"href":"https:\/\/wobronietradycjiiwiary.com\/pl\/wp-json\/wp\/v2\/media\/155143"}],"wp:attachment":[{"href":"https:\/\/wobronietradycjiiwiary.com\/pl\/wp-json\/wp\/v2\/media?parent=155142"}],"wp:term":[{"taxonomy":"category","embeddable":true,"href":"https:\/\/wobronietradycjiiwiary.com\/pl\/wp-json\/wp\/v2\/categories?post=155142"},{"taxonomy":"post_tag","embeddable":true,"href":"https:\/\/wobronietradycjiiwiary.com\/pl\/wp-json\/wp\/v2\/tags?post=155142"}],"curies":[{"name":"wp","href":"https:\/\/api.w.org\/{rel}","templated":true}]}}