{"id":152241,"date":"2025-09-05T08:15:00","date_gmt":"2025-09-05T06:15:00","guid":{"rendered":"https:\/\/wobronietradycjiiwiary.com\/?p=152241"},"modified":"2025-11-12T14:28:51","modified_gmt":"2025-11-12T13:28:51","slug":"tomasz-z-akwinu-q-92-1-z-3-szczescie-zbawionych-1-czy-mysl-ludzka-moze-widziec-istote-boga-vi","status":"publish","type":"post","link":"https:\/\/wobronietradycjiiwiary.com\/pl\/tomasz-z-akwinu-q-92-1-z-3-szczescie-zbawionych-1-czy-mysl-ludzka-moze-widziec-istote-boga-vi\/","title":{"rendered":"Tomasz z Akwinu, Q. 92. (1 z 3). Szcz\u0119\u015bcie zbawionych. (1) Czy my\u015bl ludzka mo\u017ce widzie\u0107 istot\u0119 Boga? (vi)"},"content":{"rendered":"<div id=\"bsf_rt_marker\"><\/div><p>Odpowied\u017a: Wiara uczy nas, \u017ce ostatecznym celem ludzkiego \u017cycia jest widzenie Boga. Tak\u017ce i filozofowie g\u0142osz\u0105, \u017ce ostateczn\u0105 szcz\u0119\u015bliwo\u015bci\u0105 cz\u0142owieka&hellip;<\/p>\n<div style=\"text-align: center\">\n<p>&nbsp;<\/p>\n<\/div>\n<h2 style=\"border: 5px solid #0000A0;padding: 1em;text-align: center\"><span style=\"color: #000000\">Pe\u0142en dost\u0119p dla <span style=\"color: #00ccff\"><a style=\"color: #00ccff\" href=\"https:\/\/wobronietradycjiiwiary.com\/subskrypcje-2\/\" target=\"_blank\" rel=\"noopener\">subskrybent\u00f3w<\/a><\/span>.<\/span><br \/>\n<span style=\"color: #3366ff\"><a style=\"color: #3366ff\" href=\"https:\/\/wobronietradycjiiwiary.com\/account\/login\/\" target=\"_blank\" rel=\"noopener\"><span style=\"color: #00ccff\">Zaloguj<\/span><\/a> <\/span>si\u0119 lub przejd\u017a do <a href=\"https:\/\/wobronietradycjiiwiary.com\/register\/\"><span style=\"color: #3366ff\">Rejestracji<\/span><\/a>.<\/h2>\n<div>\n<p style=\"text-align: center\"><a href=\"https:\/\/wobronietradycjiiwiary.com\/pl\/subskrypcje-2\/cennik\/\" target=\"_blank\" rel=\"noopener\"><span style=\"color: #000080;font-size: 24pt\"><strong>Nowe ni\u017csze ceny<\/strong><\/span><\/a><\/p>\n<p style=\"text-align: center\"><strong><span style=\"font-size: 18pt;color: #000080\">P\u0142atno\u015b\u0107 kart\u0105<\/span><\/strong><\/p>\n<\/div>\n<h3 style=\"text-align: center\"><a href=\"https:\/\/wobronietradycjiiwiary.com\/pl\/subskrypcje-2\/automatyczne\/indywidualne\/\" target=\"_blank\" rel=\"noopener\"><img fetchpriority=\"high\" decoding=\"async\" class=\"alignnone size-medium wp-image-80433\" src=\"https:\/\/wobronietradycjiiwiary.com\/wp-content\/uploads\/2022\/11\/Unbenannt-1-Online-1-300x202.jpg\" alt=\"\" width=\"300\" height=\"202\" srcset=\"https:\/\/wobronietradycjiiwiary.com\/wp-content\/uploads\/2022\/11\/Unbenannt-1-Online-1-300x202.jpg 300w, https:\/\/wobronietradycjiiwiary.com\/wp-content\/uploads\/2022\/11\/Unbenannt-1-Online-1-150x101.jpg 150w, https:\/\/wobronietradycjiiwiary.com\/wp-content\/uploads\/2022\/11\/Unbenannt-1-Online-1-18x12.jpg 18w, https:\/\/wobronietradycjiiwiary.com\/wp-content\/uploads\/2022\/11\/Unbenannt-1-Online-1.jpg 446w\" sizes=\"(max-width: 300px) 100vw, 300px\" \/><\/a><\/h3>\n<p style=\"text-align: center\"><strong><span style=\"font-size: 18pt;color: #000080\">P\u0142atno\u015b\u0107 przelewem<\/span><\/strong><\/p>\n<p><a href=\"https:\/\/wobronietradycjiiwiary.com\/pl\/subskrypcje-2\/automatyczne\/indywidualne\/\" target=\"_blank\" rel=\"noopener\"><img decoding=\"async\" class=\"size-medium wp-image-80434 aligncenter\" src=\"https:\/\/wobronietradycjiiwiary.com\/wp-content\/uploads\/2022\/11\/Unbenannt-1-Przelewem-300x137.jpg\" alt=\"\" width=\"300\" height=\"137\" srcset=\"https:\/\/wobronietradycjiiwiary.com\/wp-content\/uploads\/2022\/11\/Unbenannt-1-Przelewem-300x137.jpg 300w, https:\/\/wobronietradycjiiwiary.com\/wp-content\/uploads\/2022\/11\/Unbenannt-1-Przelewem-450x206.jpg 450w, https:\/\/wobronietradycjiiwiary.com\/wp-content\/uploads\/2022\/11\/Unbenannt-1-Przelewem-600x274.jpg 600w, https:\/\/wobronietradycjiiwiary.com\/wp-content\/uploads\/2022\/11\/Unbenannt-1-Przelewem-150x69.jpg 150w, https:\/\/wobronietradycjiiwiary.com\/wp-content\/uploads\/2022\/11\/Unbenannt-1-Przelewem-18x8.jpg 18w, https:\/\/wobronietradycjiiwiary.com\/wp-content\/uploads\/2022\/11\/Unbenannt-1-Przelewem.jpg 676w\" sizes=\"(max-width: 300px) 100vw, 300px\" \/><\/a><\/p>\n<p style=\"text-align: center\"><strong><span style=\"font-size: 18pt;color: #000080\">P\u0142atno\u015b\u0107 kart\u0105 do 6 os\u00f3b<\/span><\/strong><\/p>\n<p><a href=\"https:\/\/wobronietradycjiiwiary.com\/pl\/rodzinne\/\" target=\"_blank\" rel=\"noopener\"><img decoding=\"async\" class=\"size-medium wp-image-80435 aligncenter\" src=\"https:\/\/wobronietradycjiiwiary.com\/wp-content\/uploads\/2022\/11\/Unbenannt-1-Rodzinna-300x208.jpg\" alt=\"\" width=\"300\" height=\"208\" srcset=\"https:\/\/wobronietradycjiiwiary.com\/wp-content\/uploads\/2022\/11\/Unbenannt-1-Rodzinna-300x208.jpg 300w, https:\/\/wobronietradycjiiwiary.com\/wp-content\/uploads\/2022\/11\/Unbenannt-1-Rodzinna-150x104.jpg 150w, https:\/\/wobronietradycjiiwiary.com\/wp-content\/uploads\/2022\/11\/Unbenannt-1-Rodzinna-18x12.jpg 18w, https:\/\/wobronietradycjiiwiary.com\/wp-content\/uploads\/2022\/11\/Unbenannt-1-Rodzinna.jpg 448w\" sizes=\"(max-width: 300px) 100vw, 300px\" \/><\/a><\/p>\n<h3 style=\"text-align: center\"><\/h3>\n<h1 style=\"text-align: center\"><\/h1>\n","protected":false},"excerpt":{"rendered":"<p>O tym, \u017ce my\u015bl staje si\u0119 jednym z przedmiotem my\u015bli.<\/p>\n","protected":false},"author":60508433,"featured_media":149235,"comment_status":"open","ping_status":"open","sticky":false,"template":"","format":"standard","meta":{"_coblocks_attr":"","_coblocks_dimensions":"","_coblocks_responsive_height":"","_coblocks_accordion_ie_support":"","_exactmetrics_skip_tracking":false,"_jetpack_newsletter_access":"","_jetpack_dont_email_post_to_subs":false,"_jetpack_newsletter_tier_id":0,"_jetpack_memberships_contains_paywalled_content":false,"_wpcom_ai_launchpad_first_post":false,"_jetpack_feature_clip_id":0,"_jetpack_memberships_contains_paid_content":false,"footnotes":"","jetpack_publicize_message":"{title}\n\n{excerpt}\n\n{url}","jetpack_publicize_feature_enabled":true,"jetpack_social_post_already_shared":true,"jetpack_social_options":{"image_generator_settings":{"template":"highway","default_image_id":0,"font":"","enabled":false},"version":2},"_wpas_customize_per_network":false,"jetpack_post_was_ever_published":false},"categories":[610131185,610133850,402578791,610135349,610135627],"tags":[577915,610135714,610132133],"class_list":["post-152241","post","type-post","status-publish","format-standard","has-post-thumbnail","hentry","category-doktryna","category-niebo","category-rzeczy-ostateczne-eschatologia","category-teologia-dogmatyczna","category-sw-tomasz-szczescie-zbawionych","tag-niebo","tag-oglad-boga","tag-restricted"],"yoast_head":"<!-- This site is optimized with the Yoast SEO plugin v28.3 - https:\/\/yoast.com\/product\/yoast-seo-wordpress\/ -->\n<title>Tomasz z Akwinu, Q. 92. (1 z 3). Szcz\u0119\u015bcie zbawionych. (1) Czy my\u015bl ludzka mo\u017ce widzie\u0107 istot\u0119 Boga? (vi) - Tradycja i Wiara<\/title>\n<meta name=\"robots\" content=\"index, follow, max-snippet:-1, max-image-preview:large, max-video-preview:-1\" \/>\n<link rel=\"canonical\" href=\"https:\/\/wobronietradycjiiwiary.com\/pl\/tomasz-z-akwinu-q-92-1-z-3-szczescie-zbawionych-1-czy-mysl-ludzka-moze-widziec-istote-boga-vi\/\" \/>\n<meta property=\"og:locale\" content=\"pl_PL\" \/>\n<meta property=\"og:type\" content=\"article\" \/>\n<meta property=\"og:title\" content=\"Tomasz z Akwinu, Q. 92. (1 z 3). Szcz\u0119\u015bcie zbawionych. (1) Czy my\u015bl ludzka mo\u017ce widzie\u0107 istot\u0119 Boga? (vi) - Tradycja i Wiara\" \/>\n<meta property=\"og:description\" content=\"O tym, \u017ce my\u015bl staje si\u0119 jednym z przedmiotem my\u015bli.\" \/>\n<meta property=\"og:url\" content=\"https:\/\/wobronietradycjiiwiary.com\/pl\/tomasz-z-akwinu-q-92-1-z-3-szczescie-zbawionych-1-czy-mysl-ludzka-moze-widziec-istote-boga-vi\/\" \/>\n<meta property=\"og:site_name\" content=\"Tradycja i Wiara\" \/>\n<meta property=\"article:publisher\" content=\"https:\/\/www.facebook.com\/Tradycja-i-Wiara-108813920592249\" \/>\n<meta property=\"article:published_time\" content=\"2025-09-05T06:15:00+00:00\" \/>\n<meta property=\"article:modified_time\" content=\"2025-11-12T13:28:51+00:00\" \/>\n<meta property=\"og:image\" content=\"https:\/\/wobronietradycjiiwiary.com\/wp-content\/uploads\/2025\/07\/wiki_Giotto___Scrovegni____38____Ascension_jpg-wiki_Giotto___Scrovegni____38____Ascension.jpg\" \/>\n\t<meta property=\"og:image:width\" content=\"347\" \/>\n\t<meta property=\"og:image:height\" content=\"329\" \/>\n\t<meta property=\"og:image:type\" content=\"image\/jpeg\" \/>\n<meta name=\"author\" content=\"Traditio et Fides\" \/>\n<meta name=\"twitter:card\" content=\"summary_large_image\" \/>\n<meta name=\"twitter:label1\" content=\"Napisane przez\" \/>\n\t<meta name=\"twitter:data1\" content=\"Traditio et Fides\" \/>\n\t<meta name=\"twitter:label2\" content=\"Szacowany czas czytania\" \/>\n\t<meta name=\"twitter:data2\" content=\"4 minuty\" \/>\n<script type=\"application\/ld+json\" class=\"yoast-schema-graph\">{\"@context\":\"https:\\\/\\\/schema.org\",\"@graph\":[{\"@type\":\"Article\",\"@id\":\"https:\\\/\\\/wobronietradycjiiwiary.com\\\/tomasz-z-akwinu-q-92-1-z-3-szczescie-zbawionych-1-czy-mysl-ludzka-moze-widziec-istote-boga-vi\\\/#article\",\"isPartOf\":{\"@id\":\"https:\\\/\\\/wobronietradycjiiwiary.com\\\/tomasz-z-akwinu-q-92-1-z-3-szczescie-zbawionych-1-czy-mysl-ludzka-moze-widziec-istote-boga-vi\\\/\"},\"author\":{\"name\":\"Traditio et Fides\",\"@id\":\"https:\\\/\\\/wobronietradycjiiwiary.com\\\/pl\\\/#\\\/schema\\\/person\\\/2d6180ce6abcb681fef0daab7816e8f3\"},\"headline\":\"Tomasz z Akwinu, Q. 92. (1 z 3). Szcz\u0119\u015bcie zbawionych. (1) Czy my\u015bl ludzka mo\u017ce widzie\u0107 istot\u0119 Boga? (vi)\",\"datePublished\":\"2025-09-05T06:15:00+00:00\",\"dateModified\":\"2025-11-12T13:28:51+00:00\",\"mainEntityOfPage\":{\"@id\":\"https:\\\/\\\/wobronietradycjiiwiary.com\\\/tomasz-z-akwinu-q-92-1-z-3-szczescie-zbawionych-1-czy-mysl-ludzka-moze-widziec-istote-boga-vi\\\/\"},\"wordCount\":589,\"commentCount\":0,\"publisher\":{\"@id\":\"https:\\\/\\\/wobronietradycjiiwiary.com\\\/pl\\\/#organization\"},\"image\":{\"@id\":\"https:\\\/\\\/wobronietradycjiiwiary.com\\\/tomasz-z-akwinu-q-92-1-z-3-szczescie-zbawionych-1-czy-mysl-ludzka-moze-widziec-istote-boga-vi\\\/#primaryimage\"},\"thumbnailUrl\":\"https:\\\/\\\/wobronietradycjiiwiary.com\\\/wp-content\\\/uploads\\\/2025\\\/07\\\/wiki_Giotto___Scrovegni____38____Ascension_jpg-wiki_Giotto___Scrovegni____38____Ascension.jpg\",\"keywords\":[\"niebo\",\"ogl\u0105d Boga\",\"Restricted\"],\"articleSection\":[\"Doktryna\",\"Niebo\",\"Rzeczy ostateczne\",\"Teologia dogmatyczna\",\"\u015aw. Tomasz, Szcz\u0119\u015bcie zbawionych\"],\"inLanguage\":\"pl-PL\",\"potentialAction\":[{\"@type\":\"CommentAction\",\"name\":\"Comment\",\"target\":[\"https:\\\/\\\/wobronietradycjiiwiary.com\\\/tomasz-z-akwinu-q-92-1-z-3-szczescie-zbawionych-1-czy-mysl-ludzka-moze-widziec-istote-boga-vi\\\/#respond\"]}]},{\"@type\":\"WebPage\",\"@id\":\"https:\\\/\\\/wobronietradycjiiwiary.com\\\/tomasz-z-akwinu-q-92-1-z-3-szczescie-zbawionych-1-czy-mysl-ludzka-moze-widziec-istote-boga-vi\\\/\",\"url\":\"https:\\\/\\\/wobronietradycjiiwiary.com\\\/tomasz-z-akwinu-q-92-1-z-3-szczescie-zbawionych-1-czy-mysl-ludzka-moze-widziec-istote-boga-vi\\\/\",\"name\":\"Tomasz z Akwinu, Q. 92. (1 z 3). Szcz\u0119\u015bcie zbawionych. (1) Czy my\u015bl ludzka mo\u017ce widzie\u0107 istot\u0119 Boga? (vi) - Tradycja i Wiara\",\"isPartOf\":{\"@id\":\"https:\\\/\\\/wobronietradycjiiwiary.com\\\/pl\\\/#website\"},\"primaryImageOfPage\":{\"@id\":\"https:\\\/\\\/wobronietradycjiiwiary.com\\\/tomasz-z-akwinu-q-92-1-z-3-szczescie-zbawionych-1-czy-mysl-ludzka-moze-widziec-istote-boga-vi\\\/#primaryimage\"},\"image\":{\"@id\":\"https:\\\/\\\/wobronietradycjiiwiary.com\\\/tomasz-z-akwinu-q-92-1-z-3-szczescie-zbawionych-1-czy-mysl-ludzka-moze-widziec-istote-boga-vi\\\/#primaryimage\"},\"thumbnailUrl\":\"https:\\\/\\\/wobronietradycjiiwiary.com\\\/wp-content\\\/uploads\\\/2025\\\/07\\\/wiki_Giotto___Scrovegni____38____Ascension_jpg-wiki_Giotto___Scrovegni____38____Ascension.jpg\",\"datePublished\":\"2025-09-05T06:15:00+00:00\",\"dateModified\":\"2025-11-12T13:28:51+00:00\",\"breadcrumb\":{\"@id\":\"https:\\\/\\\/wobronietradycjiiwiary.com\\\/tomasz-z-akwinu-q-92-1-z-3-szczescie-zbawionych-1-czy-mysl-ludzka-moze-widziec-istote-boga-vi\\\/#breadcrumb\"},\"inLanguage\":\"pl-PL\",\"potentialAction\":[{\"@type\":\"ReadAction\",\"target\":[\"https:\\\/\\\/wobronietradycjiiwiary.com\\\/tomasz-z-akwinu-q-92-1-z-3-szczescie-zbawionych-1-czy-mysl-ludzka-moze-widziec-istote-boga-vi\\\/\"]}]},{\"@type\":\"ImageObject\",\"inLanguage\":\"pl-PL\",\"@id\":\"https:\\\/\\\/wobronietradycjiiwiary.com\\\/tomasz-z-akwinu-q-92-1-z-3-szczescie-zbawionych-1-czy-mysl-ludzka-moze-widziec-istote-boga-vi\\\/#primaryimage\",\"url\":\"https:\\\/\\\/wobronietradycjiiwiary.com\\\/wp-content\\\/uploads\\\/2025\\\/07\\\/wiki_Giotto___Scrovegni____38____Ascension_jpg-wiki_Giotto___Scrovegni____38____Ascension.jpg\",\"contentUrl\":\"https:\\\/\\\/wobronietradycjiiwiary.com\\\/wp-content\\\/uploads\\\/2025\\\/07\\\/wiki_Giotto___Scrovegni____38____Ascension_jpg-wiki_Giotto___Scrovegni____38____Ascension.jpg\",\"width\":347,\"height\":329},{\"@type\":\"BreadcrumbList\",\"@id\":\"https:\\\/\\\/wobronietradycjiiwiary.com\\\/tomasz-z-akwinu-q-92-1-z-3-szczescie-zbawionych-1-czy-mysl-ludzka-moze-widziec-istote-boga-vi\\\/#breadcrumb\",\"itemListElement\":[{\"@type\":\"ListItem\",\"position\":1,\"name\":\"Strona g\u0142\u00f3wna\",\"item\":\"https:\\\/\\\/wobronietradycjiiwiary.com\\\/\"},{\"@type\":\"ListItem\",\"position\":2,\"name\":\"Tomasz z Akwinu, Q. 92. (1 z 3). Szcz\u0119\u015bcie zbawionych. (1) Czy my\u015bl ludzka mo\u017ce widzie\u0107 istot\u0119 Boga? (vi)\"}]},{\"@type\":\"WebSite\",\"@id\":\"https:\\\/\\\/wobronietradycjiiwiary.com\\\/pl\\\/#website\",\"url\":\"https:\\\/\\\/wobronietradycjiiwiary.com\\\/pl\\\/\",\"name\":\"Tradycja i Wiara\",\"description\":\"Portal dla katolik\u00f3w.\",\"publisher\":{\"@id\":\"https:\\\/\\\/wobronietradycjiiwiary.com\\\/pl\\\/#organization\"},\"potentialAction\":[{\"@type\":\"SearchAction\",\"target\":{\"@type\":\"EntryPoint\",\"urlTemplate\":\"https:\\\/\\\/wobronietradycjiiwiary.com\\\/pl\\\/?s={search_term_string}\"},\"query-input\":{\"@type\":\"PropertyValueSpecification\",\"valueRequired\":true,\"valueName\":\"search_term_string\"}}],\"inLanguage\":\"pl-PL\"},{\"@type\":\"Organization\",\"@id\":\"https:\\\/\\\/wobronietradycjiiwiary.com\\\/pl\\\/#organization\",\"name\":\"Tradycja i Wiara\",\"url\":\"https:\\\/\\\/wobronietradycjiiwiary.com\\\/pl\\\/\",\"logo\":{\"@type\":\"ImageObject\",\"inLanguage\":\"pl-PL\",\"@id\":\"https:\\\/\\\/wobronietradycjiiwiary.com\\\/pl\\\/#\\\/schema\\\/logo\\\/image\\\/\",\"url\":\"https:\\\/\\\/i0.wp.com\\\/wobronietradycjiiwiary.com\\\/wp-content\\\/uploads\\\/2015\\\/10\\\/cropped-st-peters-dome-vatican.jpg?fit=940%2C198&ssl=1\",\"contentUrl\":\"https:\\\/\\\/i0.wp.com\\\/wobronietradycjiiwiary.com\\\/wp-content\\\/uploads\\\/2015\\\/10\\\/cropped-st-peters-dome-vatican.jpg?fit=940%2C198&ssl=1\",\"width\":940,\"height\":198,\"caption\":\"Tradycja i Wiara\"},\"image\":{\"@id\":\"https:\\\/\\\/wobronietradycjiiwiary.com\\\/pl\\\/#\\\/schema\\\/logo\\\/image\\\/\"},\"sameAs\":[\"https:\\\/\\\/www.facebook.com\\\/Tradycja-i-Wiara-108813920592249\"]},{\"@type\":\"Person\",\"@id\":\"https:\\\/\\\/wobronietradycjiiwiary.com\\\/pl\\\/#\\\/schema\\\/person\\\/2d6180ce6abcb681fef0daab7816e8f3\",\"name\":\"Traditio et Fides\",\"sameAs\":[\"https:\\\/\\\/traditionundglauben.com\"],\"url\":\"https:\\\/\\\/wobronietradycjiiwiary.com\\\/pl\\\/author\\\/wobronietradycjiiwiary\\\/\"}]}<\/script>\n<!-- \/ Yoast SEO plugin. -->","yoast_head_json":{"title":"Tomasz z Akwinu, Q. 92. (1 z 3). Szcz\u0119\u015bcie zbawionych. (1) Czy my\u015bl ludzka mo\u017ce widzie\u0107 istot\u0119 Boga? (vi) - Tradycja i Wiara","robots":{"index":"index","follow":"follow","max-snippet":"max-snippet:-1","max-image-preview":"max-image-preview:large","max-video-preview":"max-video-preview:-1"},"canonical":"https:\/\/wobronietradycjiiwiary.com\/pl\/tomasz-z-akwinu-q-92-1-z-3-szczescie-zbawionych-1-czy-mysl-ludzka-moze-widziec-istote-boga-vi\/","og_locale":"pl_PL","og_type":"article","og_title":"Tomasz z Akwinu, Q. 92. (1 z 3). Szcz\u0119\u015bcie zbawionych. (1) Czy my\u015bl ludzka mo\u017ce widzie\u0107 istot\u0119 Boga? (vi) - Tradycja i Wiara","og_description":"O tym, \u017ce my\u015bl staje si\u0119 jednym z przedmiotem my\u015bli.","og_url":"https:\/\/wobronietradycjiiwiary.com\/pl\/tomasz-z-akwinu-q-92-1-z-3-szczescie-zbawionych-1-czy-mysl-ludzka-moze-widziec-istote-boga-vi\/","og_site_name":"Tradycja i Wiara","article_publisher":"https:\/\/www.facebook.com\/Tradycja-i-Wiara-108813920592249","article_published_time":"2025-09-05T06:15:00+00:00","article_modified_time":"2025-11-12T13:28:51+00:00","og_image":[{"width":347,"height":329,"url":"https:\/\/wobronietradycjiiwiary.com\/wp-content\/uploads\/2025\/07\/wiki_Giotto___Scrovegni____38____Ascension_jpg-wiki_Giotto___Scrovegni____38____Ascension.jpg","type":"image\/jpeg"}],"author":"Traditio et Fides","twitter_card":"summary_large_image","twitter_misc":{"Napisane przez":"Traditio et Fides","Szacowany czas czytania":"4 minuty"},"schema":{"@context":"https:\/\/schema.org","@graph":[{"@type":"Article","@id":"https:\/\/wobronietradycjiiwiary.com\/tomasz-z-akwinu-q-92-1-z-3-szczescie-zbawionych-1-czy-mysl-ludzka-moze-widziec-istote-boga-vi\/#article","isPartOf":{"@id":"https:\/\/wobronietradycjiiwiary.com\/tomasz-z-akwinu-q-92-1-z-3-szczescie-zbawionych-1-czy-mysl-ludzka-moze-widziec-istote-boga-vi\/"},"author":{"name":"Traditio et Fides","@id":"https:\/\/wobronietradycjiiwiary.com\/pl\/#\/schema\/person\/2d6180ce6abcb681fef0daab7816e8f3"},"headline":"Tomasz z Akwinu, Q. 92. (1 z 3). Szcz\u0119\u015bcie zbawionych. (1) Czy my\u015bl ludzka mo\u017ce widzie\u0107 istot\u0119 Boga? (vi)","datePublished":"2025-09-05T06:15:00+00:00","dateModified":"2025-11-12T13:28:51+00:00","mainEntityOfPage":{"@id":"https:\/\/wobronietradycjiiwiary.com\/tomasz-z-akwinu-q-92-1-z-3-szczescie-zbawionych-1-czy-mysl-ludzka-moze-widziec-istote-boga-vi\/"},"wordCount":589,"commentCount":0,"publisher":{"@id":"https:\/\/wobronietradycjiiwiary.com\/pl\/#organization"},"image":{"@id":"https:\/\/wobronietradycjiiwiary.com\/tomasz-z-akwinu-q-92-1-z-3-szczescie-zbawionych-1-czy-mysl-ludzka-moze-widziec-istote-boga-vi\/#primaryimage"},"thumbnailUrl":"https:\/\/wobronietradycjiiwiary.com\/wp-content\/uploads\/2025\/07\/wiki_Giotto___Scrovegni____38____Ascension_jpg-wiki_Giotto___Scrovegni____38____Ascension.jpg","keywords":["niebo","ogl\u0105d Boga","Restricted"],"articleSection":["Doktryna","Niebo","Rzeczy ostateczne","Teologia dogmatyczna","\u015aw. Tomasz, Szcz\u0119\u015bcie zbawionych"],"inLanguage":"pl-PL","potentialAction":[{"@type":"CommentAction","name":"Comment","target":["https:\/\/wobronietradycjiiwiary.com\/tomasz-z-akwinu-q-92-1-z-3-szczescie-zbawionych-1-czy-mysl-ludzka-moze-widziec-istote-boga-vi\/#respond"]}]},{"@type":"WebPage","@id":"https:\/\/wobronietradycjiiwiary.com\/tomasz-z-akwinu-q-92-1-z-3-szczescie-zbawionych-1-czy-mysl-ludzka-moze-widziec-istote-boga-vi\/","url":"https:\/\/wobronietradycjiiwiary.com\/tomasz-z-akwinu-q-92-1-z-3-szczescie-zbawionych-1-czy-mysl-ludzka-moze-widziec-istote-boga-vi\/","name":"Tomasz z Akwinu, Q. 92. (1 z 3). Szcz\u0119\u015bcie zbawionych. (1) Czy my\u015bl ludzka mo\u017ce widzie\u0107 istot\u0119 Boga? (vi) - Tradycja i Wiara","isPartOf":{"@id":"https:\/\/wobronietradycjiiwiary.com\/pl\/#website"},"primaryImageOfPage":{"@id":"https:\/\/wobronietradycjiiwiary.com\/tomasz-z-akwinu-q-92-1-z-3-szczescie-zbawionych-1-czy-mysl-ludzka-moze-widziec-istote-boga-vi\/#primaryimage"},"image":{"@id":"https:\/\/wobronietradycjiiwiary.com\/tomasz-z-akwinu-q-92-1-z-3-szczescie-zbawionych-1-czy-mysl-ludzka-moze-widziec-istote-boga-vi\/#primaryimage"},"thumbnailUrl":"https:\/\/wobronietradycjiiwiary.com\/wp-content\/uploads\/2025\/07\/wiki_Giotto___Scrovegni____38____Ascension_jpg-wiki_Giotto___Scrovegni____38____Ascension.jpg","datePublished":"2025-09-05T06:15:00+00:00","dateModified":"2025-11-12T13:28:51+00:00","breadcrumb":{"@id":"https:\/\/wobronietradycjiiwiary.com\/tomasz-z-akwinu-q-92-1-z-3-szczescie-zbawionych-1-czy-mysl-ludzka-moze-widziec-istote-boga-vi\/#breadcrumb"},"inLanguage":"pl-PL","potentialAction":[{"@type":"ReadAction","target":["https:\/\/wobronietradycjiiwiary.com\/tomasz-z-akwinu-q-92-1-z-3-szczescie-zbawionych-1-czy-mysl-ludzka-moze-widziec-istote-boga-vi\/"]}]},{"@type":"ImageObject","inLanguage":"pl-PL","@id":"https:\/\/wobronietradycjiiwiary.com\/tomasz-z-akwinu-q-92-1-z-3-szczescie-zbawionych-1-czy-mysl-ludzka-moze-widziec-istote-boga-vi\/#primaryimage","url":"https:\/\/wobronietradycjiiwiary.com\/wp-content\/uploads\/2025\/07\/wiki_Giotto___Scrovegni____38____Ascension_jpg-wiki_Giotto___Scrovegni____38____Ascension.jpg","contentUrl":"https:\/\/wobronietradycjiiwiary.com\/wp-content\/uploads\/2025\/07\/wiki_Giotto___Scrovegni____38____Ascension_jpg-wiki_Giotto___Scrovegni____38____Ascension.jpg","width":347,"height":329},{"@type":"BreadcrumbList","@id":"https:\/\/wobronietradycjiiwiary.com\/tomasz-z-akwinu-q-92-1-z-3-szczescie-zbawionych-1-czy-mysl-ludzka-moze-widziec-istote-boga-vi\/#breadcrumb","itemListElement":[{"@type":"ListItem","position":1,"name":"Strona g\u0142\u00f3wna","item":"https:\/\/wobronietradycjiiwiary.com\/"},{"@type":"ListItem","position":2,"name":"Tomasz z Akwinu, Q. 92. (1 z 3). Szcz\u0119\u015bcie zbawionych. (1) Czy my\u015bl ludzka mo\u017ce widzie\u0107 istot\u0119 Boga? (vi)"}]},{"@type":"WebSite","@id":"https:\/\/wobronietradycjiiwiary.com\/pl\/#website","url":"https:\/\/wobronietradycjiiwiary.com\/pl\/","name":"Tradycja i Wiara","description":"Portal dla katolik\u00f3w.","publisher":{"@id":"https:\/\/wobronietradycjiiwiary.com\/pl\/#organization"},"potentialAction":[{"@type":"SearchAction","target":{"@type":"EntryPoint","urlTemplate":"https:\/\/wobronietradycjiiwiary.com\/pl\/?s={search_term_string}"},"query-input":{"@type":"PropertyValueSpecification","valueRequired":true,"valueName":"search_term_string"}}],"inLanguage":"pl-PL"},{"@type":"Organization","@id":"https:\/\/wobronietradycjiiwiary.com\/pl\/#organization","name":"Tradycja i Wiara","url":"https:\/\/wobronietradycjiiwiary.com\/pl\/","logo":{"@type":"ImageObject","inLanguage":"pl-PL","@id":"https:\/\/wobronietradycjiiwiary.com\/pl\/#\/schema\/logo\/image\/","url":"https:\/\/i0.wp.com\/wobronietradycjiiwiary.com\/wp-content\/uploads\/2015\/10\/cropped-st-peters-dome-vatican.jpg?fit=940%2C198&ssl=1","contentUrl":"https:\/\/i0.wp.com\/wobronietradycjiiwiary.com\/wp-content\/uploads\/2015\/10\/cropped-st-peters-dome-vatican.jpg?fit=940%2C198&ssl=1","width":940,"height":198,"caption":"Tradycja i Wiara"},"image":{"@id":"https:\/\/wobronietradycjiiwiary.com\/pl\/#\/schema\/logo\/image\/"},"sameAs":["https:\/\/www.facebook.com\/Tradycja-i-Wiara-108813920592249"]},{"@type":"Person","@id":"https:\/\/wobronietradycjiiwiary.com\/pl\/#\/schema\/person\/2d6180ce6abcb681fef0daab7816e8f3","name":"Traditio et Fides","sameAs":["https:\/\/traditionundglauben.com"],"url":"https:\/\/wobronietradycjiiwiary.com\/pl\/author\/wobronietradycjiiwiary\/"}]}},"jetpack_publicize_connections":[],"jetpack_sharing_enabled":true,"jetpack_likes_enabled":true,"jetpack_shortlink":"https:\/\/wp.me\/pc04Sd-DBv","jetpack-related-posts":[{"id":156573,"url":"https:\/\/wobronietradycjiiwiary.com\/pl\/tomasz-z-akwinu-suppl-q-92-1-z-3-szczescie-zbawionych-1-czy-mysl-ludzka-moze-widziec-istote-boga-viii\/","url_meta":{"origin":152241,"position":0},"title":"Tomasz z Akwinu, Suppl. Q. 92. (1 z 3). Szcz\u0119\u015bcie zbawionych. (1) Czy my\u015bl ludzka mo\u017ce widzie\u0107 istot\u0119 Boga? (viii)","author":"Traditio et Fides","date":"14 listopada 2025","format":false,"excerpt":"W niebie istota Boga jest jedyn\u0105 rzeczywisto\u015bci\u0105.","rel":"","context":"W \u201eDoktryna&quot;","block_context":{"text":"Doktryna","link":"https:\/\/wobronietradycjiiwiary.com\/pl\/category\/doktryna\/"},"img":{"alt_text":"","src":"https:\/\/i0.wp.com\/wobronietradycjiiwiary.com\/wp-content\/uploads\/2025\/07\/wiki_Giotto___Scrovegni____38____Ascension_jpg-wiki_Giotto___Scrovegni____38____Ascension-1.jpg?resize=350%2C200&ssl=1","width":350,"height":200},"classes":[]},{"id":153670,"url":"https:\/\/wobronietradycjiiwiary.com\/pl\/tomasz-z-akwinu-q-92-1-z-3-szczescie-zbawionych-1-czy-mysl-ludzka-moze-widziec-istote-boga-vii\/","url_meta":{"origin":152241,"position":1},"title":"Tomasz z Akwinu, Suppl. Q. 92. (1 z 3). Szcz\u0119\u015bcie zbawionych. (1) Czy my\u015bl ludzka mo\u017ce widzie\u0107 istot\u0119 Boga? (vii)","author":"Traditio et Fides","date":"19 wrze\u015bnia 2025","format":false,"excerpt":"Pozostaje tylko zbada\u0107, w jaki spos\u00f3b mo\u017ce si\u0119 to [poznawania Boga my\u015bl\u0105] dzia\u0107. Ot\u00f3\u017c niekt\u00f3rzy, a chodzi o Alfarabiego i Avempace, tak rzecz uzasadniali: ju\u017c przez to samo, \u017ce nasza my\u015bl poznaje wszelkie \u00a0dostosowane do jej poziomu przedmioty, wznosi si\u0119 do widzenia istoty substancji oddzielonej. Staraj\u0105 si\u0119 wykaza\u0107 to dwoma\u2026","rel":"","context":"W \u201eDoktryna&quot;","block_context":{"text":"Doktryna","link":"https:\/\/wobronietradycjiiwiary.com\/pl\/category\/doktryna\/"},"img":{"alt_text":"","src":"https:\/\/i0.wp.com\/wobronietradycjiiwiary.com\/wp-content\/uploads\/2025\/07\/wiki_Giotto___Scrovegni____38____Ascension_jpg-wiki_Giotto___Scrovegni____38____Ascension-1.jpg?resize=350%2C200&ssl=1","width":350,"height":200},"classes":[]},{"id":149231,"url":"https:\/\/wobronietradycjiiwiary.com\/pl\/tomasz-z-akwinu-q-92-1-z-3-szczescie-zbawionych-1-czy-mysl-ludzka-moze-widziec-istote-boga-ii\/","url_meta":{"origin":152241,"position":2},"title":"Tomasz z Akwinu, Q. 92. (1 z 3). Szcz\u0119\u015bcie zbawionych. (1) Czy my\u015bl ludzka mo\u017ce widzie\u0107 istot\u0119 Boga? (ii)","author":"Traditio et Fides","date":"1 sierpnia 2025","format":false,"excerpt":"Przy przedstawianych poni\u017cej argumentach nale\u017cy pami\u0119ta\u0107 o tym, \u017ce \u015bw. Tomasz pisze o ogl\u0105dzie istoty Boga, nie o rozumowym poznaniu istnienia Boga z rzeczy stworzonych, do kt\u00f3rego ka\u017cdy jest zdolny i tutaj na ziemi i nawet bez udzia\u0142u \u0142aski. M\u00f3wi o tym Sob\u00f3r Watyka\u0144ski I w Konstytucji Dogmatycznej Dei Filius\u2026","rel":"","context":"W \u201eDoktryna&quot;","block_context":{"text":"Doktryna","link":"https:\/\/wobronietradycjiiwiary.com\/pl\/category\/doktryna\/"},"img":{"alt_text":"","src":"https:\/\/i0.wp.com\/wobronietradycjiiwiary.com\/wp-content\/uploads\/2025\/07\/wiki_Giotto___Scrovegni____38____Ascension_jpg-wiki_Giotto___Scrovegni____38____Ascension.jpg?resize=350%2C200&ssl=1","width":350,"height":200},"classes":[]},{"id":156595,"url":"https:\/\/wobronietradycjiiwiary.com\/pl\/tomasz-z-akwinu-suppl-q-92-1-z-3-szczescie-zbawionych-1-czy-mysl-ludzka-moze-widziec-istote-boga-xi\/","url_meta":{"origin":152241,"position":3},"title":"Tomasz z Akwinu, Suppl. Q. 92. (1 z 3). Szcz\u0119\u015bcie zbawionych. (1) Czy my\u015bl ludzka mo\u017ce widzie\u0107 istot\u0119 Boga? (xi)","author":"Traditio et Fides","date":"5 grudnia 2025","format":false,"excerpt":"Na 9. Co do tego nie zgadzamy si\u0119 z pogl\u0105dem Awicenny, bo r\u00f3wnie\u017c i inni filozofowie wyra\u017caj\u0105 sprzeciw co do jego zdania. Chyba \u017ceby\u015bmy chcieli powiedzie\u0107, \u017ce Awicenna ma na my\u015bli spos\u00f3b naszego poznawania substancji oddzielonych, mianowicie, \u017ce my poznajemy je poprzez wyrobion\u0105 w nas sprawno\u015b\u0107 wiedzy spekulatywnej i za\u2026","rel":"","context":"W \u201eDoktryna&quot;","block_context":{"text":"Doktryna","link":"https:\/\/wobronietradycjiiwiary.com\/pl\/category\/doktryna\/"},"img":{"alt_text":"","src":"https:\/\/i0.wp.com\/wobronietradycjiiwiary.com\/wp-content\/uploads\/2025\/07\/wiki_Giotto___Scrovegni____38____Ascension_jpg-wiki_Giotto___Scrovegni____38____Ascension-1.jpg?resize=350%2C200&ssl=1","width":350,"height":200},"classes":[]},{"id":156590,"url":"https:\/\/wobronietradycjiiwiary.com\/pl\/tomasz-z-akwinu-suppl-q-92-1-z-3-szczescie-zbawionych-1-czy-mysl-ludzka-moze-widziec-istote-boga-x\/","url_meta":{"origin":152241,"position":4},"title":"Tomasz z Akwinu, Suppl. Q. 92. (1 z 3). Szcz\u0119\u015bcie zbawionych. (1) Czy my\u015bl ludzka mo\u017ce widzie\u0107 istot\u0119 Boga? (x)","author":"Traditio et Fides","date":"28 listopada 2025","format":false,"excerpt":"Na 4. Wed\u0142ug Jana[1]: \u201eB\u00f3g jest \u015bwiat\u0142em\". Ot\u00f3\u017c \u015bwiat\u0142o\u015b\u0107 (lumen) jest to wra\u017cenie si\u0119 \u015bwiat\u0142a (lux) w jak\u0105\u015b rzecz o\u015bwietlan\u0105. A poniewa\u017c istota Bo\u017ca jest innego sposobu ni\u017c wszelka jej podobizna wra\u017cona w my\u015bl, dlatego Dionizy wyrazi\u0142 si\u0119: \u201eCiemno\u015bci otaczaj\u0105ce Boga spowijaj\u0105 wszelk\u0105 \u015bwiat\u0142o\u015b\u0107\": poniewa\u017c istota Bo\u017ca, kt\u00f3r\u0105 ze wzgl\u0119du\u2026","rel":"","context":"W \u201eDoktryna&quot;","block_context":{"text":"Doktryna","link":"https:\/\/wobronietradycjiiwiary.com\/pl\/category\/doktryna\/"},"img":{"alt_text":"","src":"https:\/\/i0.wp.com\/wobronietradycjiiwiary.com\/wp-content\/uploads\/2025\/07\/wiki_Giotto___Scrovegni____38____Ascension_jpg-wiki_Giotto___Scrovegni____38____Ascension-1.jpg?resize=350%2C200&ssl=1","width":350,"height":200},"classes":[]},{"id":156585,"url":"https:\/\/wobronietradycjiiwiary.com\/pl\/tomasz-z-akwinu-suppl-q-92-1-z-3-szczescie-zbawionych-1-czy-mysl-ludzka-moze-widziec-istote-boga-ix\/","url_meta":{"origin":152241,"position":5},"title":"Tomasz z Akwinu, Suppl. Q. 92. (1 z 3). Szcz\u0119\u015bcie zbawionych. (1) Czy my\u015bl ludzka mo\u017ce widzie\u0107 istot\u0119 Boga? (ix)","author":"Traditio et Fides","date":"21 listopada 2025","format":false,"excerpt":"Na 1. Jak to wida\u0107 z nauki Augustyna[1], \u00f3w tekst Jana mo\u017cna wyja\u015bni\u0107 w trojaki spos\u00f3b: pierwszy, \u017ce si\u0119 wyklucza widzenie cielesne; takim bowiem widzeniem ani nikt nie widzia\u0142, ani nie b\u0119dzie widzia\u0142 Boga w Jego istocie. Drugi, \u017ce si\u0119 wyklucza widzenie umys\u0142owe Boga w Jego istocie przez tych, kt\u00f3rzy\u2026","rel":"","context":"W \u201eDoktryna&quot;","block_context":{"text":"Doktryna","link":"https:\/\/wobronietradycjiiwiary.com\/pl\/category\/doktryna\/"},"img":{"alt_text":"","src":"https:\/\/i0.wp.com\/wobronietradycjiiwiary.com\/wp-content\/uploads\/2025\/07\/wiki_Giotto___Scrovegni____38____Ascension_jpg-wiki_Giotto___Scrovegni____38____Ascension-1.jpg?resize=350%2C200&ssl=1","width":350,"height":200},"classes":[]}],"jetpack_featured_media_url":"https:\/\/wobronietradycjiiwiary.com\/wp-content\/uploads\/2025\/07\/wiki_Giotto___Scrovegni____38____Ascension_jpg-wiki_Giotto___Scrovegni____38____Ascension.jpg","_links":{"self":[{"href":"https:\/\/wobronietradycjiiwiary.com\/pl\/wp-json\/wp\/v2\/posts\/152241","targetHints":{"allow":["GET"]}}],"collection":[{"href":"https:\/\/wobronietradycjiiwiary.com\/pl\/wp-json\/wp\/v2\/posts"}],"about":[{"href":"https:\/\/wobronietradycjiiwiary.com\/pl\/wp-json\/wp\/v2\/types\/post"}],"author":[{"embeddable":true,"href":"https:\/\/wobronietradycjiiwiary.com\/pl\/wp-json\/wp\/v2\/users\/60508433"}],"replies":[{"embeddable":true,"href":"https:\/\/wobronietradycjiiwiary.com\/pl\/wp-json\/wp\/v2\/comments?post=152241"}],"version-history":[{"count":5,"href":"https:\/\/wobronietradycjiiwiary.com\/pl\/wp-json\/wp\/v2\/posts\/152241\/revisions"}],"predecessor-version":[{"id":153676,"href":"https:\/\/wobronietradycjiiwiary.com\/pl\/wp-json\/wp\/v2\/posts\/152241\/revisions\/153676"}],"wp:featuredmedia":[{"embeddable":true,"href":"https:\/\/wobronietradycjiiwiary.com\/pl\/wp-json\/wp\/v2\/media\/149235"}],"wp:attachment":[{"href":"https:\/\/wobronietradycjiiwiary.com\/pl\/wp-json\/wp\/v2\/media?parent=152241"}],"wp:term":[{"taxonomy":"category","embeddable":true,"href":"https:\/\/wobronietradycjiiwiary.com\/pl\/wp-json\/wp\/v2\/categories?post=152241"},{"taxonomy":"post_tag","embeddable":true,"href":"https:\/\/wobronietradycjiiwiary.com\/pl\/wp-json\/wp\/v2\/tags?post=152241"}],"curies":[{"name":"wp","href":"https:\/\/api.w.org\/{rel}","templated":true}]}}